{"id":6296,"date":"2023-03-08T09:47:36","date_gmt":"2023-03-08T09:47:36","guid":{"rendered":"https:\/\/allasorias.hu\/hirek\/?p=6296"},"modified":"2023-03-08T09:47:36","modified_gmt":"2023-03-08T09:47:36","slug":"nehezebb-a-noknek-a-munkaeropiacon","status":"publish","type":"post","link":"https:\/\/allasorias.hu\/hirek\/nehezebb-a-noknek-a-munkaeropiacon\/","title":{"rendered":"Nehezebb a n\u0151knek a munkaer\u0151piacon"},"content":{"rendered":"<p><strong>Nem sokat v\u00e1ltozott az elm\u00falt t\u00edz \u00e9v alatt a n\u0151k helyzete a munkaer\u0151piacon. Elhelyezked\u00e9s\u00fck m\u00e9g mindig nehezebb, mint a f\u00e9rfiak\u00e9. Nehezebb a karrier\u00e9p\u00edt\u00e9s\u00fck, valamint a sz\u00fcl\u00e9s ut\u00e1ni munk\u00e1ba \u00e1ll\u00e1suk is.<\/strong><\/p>\n<p>A magyarok t\u00f6bbs\u00e9ge egyet\u00e9rt azzal, hogy t\u00e1mogatni kell az \u00e9desany\u00e1kat a munkaer\u0151piacon \u00e9s seg\u00edteni kell sz\u00fcl\u00e9s ut\u00e1n a munk\u00e1ba visszat\u00e9r\u0151 n\u0151ket \u2013 der\u00fcl ki a Kopp M\u00e1ria Int\u00e9zet a N\u00e9pesed\u00e9s\u00e9rt \u00e9s a Csal\u00e1dok\u00e9rt (KINCS) nemzetk\u00f6zi n\u0151nap alkalm\u00e1b\u00f3l publik\u00e1lt kutat\u00e1s\u00e1b\u00f3l. A KINCS 2022-ben v\u00e9gzett felm\u00e9r\u00e9se alapj\u00e1n t\u00edzb\u0151l hatan, 61 sz\u00e1zal\u00e9knyian v\u00e9lekednek \u00fagy, hogy a n\u0151knek nehezebb sikeres karriert \u00e9p\u00edteni\u00fck, mint a f\u00e9rfiaknak, ami \u00f6sszef\u00fcgg azzal, hogy a <a href=\"https:\/\/allasorias.hu\/hirek\/kevesbe-elterjedt-a-reszmunkaidos-foglalkoztatas-a-kisgyermekes-anyaknal\/\">gyermekv\u00e1llal\u00e1s<\/a> befoly\u00e1solja az \u00fajb\u00f3li munk\u00e1ba \u00e1ll\u00e1st. Ez\u00e9rt is tartja fontosnak a t\u00f6bbs\u00e9g, 87 sz\u00e1zal\u00e9k, hogy kapjanak seg\u00edts\u00e9get a n\u0151k, k\u00fcl\u00f6n\u00f6sen az \u00e9desany\u00e1k a munkaer\u0151piacon.<\/p>\n<h2>64% szerint a n\u0151knek nehezebb<\/h2>\n<p>Az emberek 64 sz\u00e1zal\u00e9ka, azaz k\u00e9tharmada szerint a n\u0151knek nehezebb \u00f6sszeegyeztetni a munk\u00e1t \u00e9s a mag\u00e1n\u00e9letet, mint a f\u00e9rfiaknak. H\u00e1romb\u00f3l k\u00e9t v\u00e1laszad\u00f3, 64 sz\u00e1zal\u00e9k nyilatkozta azt, hogy sz\u00edvesebben dolgozik olyan f\u0151n\u00f6kkel, akinek van gyermeke, legyen ak\u00e1r f\u00e9rfi vagy n\u0151. T\u00edzb\u0151l h\u00e1rom ember, 29 sz\u00e1zal\u00e9k pedig azt mondta, hogy sz\u00edvesebben dolgozik ink\u00e1bb csak n\u0151i vezet\u0151vel, mint f\u00e9rfival. Minden m\u00e1sodik megk\u00e9rdezett, vagyis 52 sz\u00e1zal\u00e9k szerint t\u00f6bb n\u0151i vezet\u0151re lenne sz\u00fcks\u00e9g Magyarorsz\u00e1gon.<\/p>\n<h2>Kinevez\u00e9skor a teljes\u00edtm\u00e9ny sz\u00e1m\u00edtson, ne a nem<\/h2>\n<p>A gyermekesek nagyobb m\u00e9rt\u00e9kben \u00e9rtettek ezzel egyet (56 sz\u00e1zal\u00e9k), mint a gyermektelenek (44 sz\u00e1zal\u00e9k). Kisebbs\u00e9gben vannak azok, akik szerint negat\u00edvan \u00edt\u00e9lik meg a sikeres karriert befut\u00f3 n\u0151ket, az \u0151 ar\u00e1nyuk 43 sz\u00e1zal\u00e9k. T\u00edzb\u0151l kilencen \u2013 91 sz\u00e1zal\u00e9k \u2013 egyet\u00e9rtenek azzal, hogy egy vezet\u0151 kinevez\u00e9sekor a teljes\u00edtm\u00e9ny sz\u00e1m\u00edtson \u00e9s ne az, hogy valaki n\u0151 vagy f\u00e9rfi. A magyaroknak csak a negyede, 24 sz\u00e1zal\u00e9ka gondolja \u00fagy, hogy a n\u0151i kv\u00f3ta j\u00f3 megold\u00e1s lehet a n\u0151k vezet\u0151i szerepv\u00e1llal\u00e1s\u00e1nak er\u0151s\u00edt\u00e9s\u00e9hez.<\/p>\n<p>Forr\u00e1s: <a href=\"https:\/\/magyarnemzet.hu\/belfold\/2023\/03\/a-magyarok-tobbsege-egyetert-az-edesanyak-tamogatasaval?utm_source=hirstart%3F&amp;utm_medium=referral&amp;utm_campaign=hiraggregator\" target=\"_blank\" rel=\"nofollow noopener noferrer\">magyarnemzet.hu<\/a><\/p>\n","protected":false},"excerpt":{"rendered":"<p>Nem sokat v\u00e1ltozott az elm\u00falt t\u00edz \u00e9v alatt a n\u0151k helyzete a munkaer\u0151piacon. Elhelyezked\u00e9s\u00fck m\u00e9g mindig nehezebb, mint a f\u00e9rfiak\u00e9. Nehezebb a karrier\u00e9p\u00edt\u00e9s\u00fck, valamint a sz\u00fcl\u00e9s ut\u00e1ni munk\u00e1ba \u00e1ll\u00e1suk is. A magyarok t\u00f6bbs\u00e9ge egyet\u00e9rt azzal, hogy t\u00e1mogatni kell az \u00e9desany\u00e1kat a munkaer\u0151piacon \u00e9s seg\u00edteni kell sz\u00fcl\u00e9s ut\u00e1n a munk\u00e1ba visszat\u00e9r\u0151 n\u0151ket \u2013 der\u00fcl ki a [&hellip;]<\/p>\n","protected":false},"author":1,"featured_media":6297,"comment_status":"open","ping_status":"open","sticky":false,"template":"","format":"standard","meta":{"_monsterinsights_skip_tracking":false,"_monsterinsights_sitenote_active":false,"_monsterinsights_sitenote_note":"","_monsterinsights_sitenote_category":0,"footnotes":""},"categories":[200],"tags":[424,423,422],"class_list":["post-6296","post","type-post","status-publish","format-standard","has-post-thumbnail","hentry","category-munkaeropiac","tag-noi-munkavallalok","tag-noi-vezeto","tag-nok"],"aioseo_notices":[],"_links":{"self":[{"href":"https:\/\/allasorias.hu\/hirek\/wp-json\/wp\/v2\/posts\/6296","targetHints":{"allow":["GET"]}}],"collection":[{"href":"https:\/\/allasorias.hu\/hirek\/wp-json\/wp\/v2\/posts"}],"about":[{"href":"https:\/\/allasorias.hu\/hirek\/wp-json\/wp\/v2\/types\/post"}],"author":[{"embeddable":true,"href":"https:\/\/allasorias.hu\/hirek\/wp-json\/wp\/v2\/users\/1"}],"replies":[{"embeddable":true,"href":"https:\/\/allasorias.hu\/hirek\/wp-json\/wp\/v2\/comments?post=6296"}],"version-history":[{"count":1,"href":"https:\/\/allasorias.hu\/hirek\/wp-json\/wp\/v2\/posts\/6296\/revisions"}],"predecessor-version":[{"id":6298,"href":"https:\/\/allasorias.hu\/hirek\/wp-json\/wp\/v2\/posts\/6296\/revisions\/6298"}],"wp:featuredmedia":[{"embeddable":true,"href":"https:\/\/allasorias.hu\/hirek\/wp-json\/wp\/v2\/media\/6297"}],"wp:attachment":[{"href":"https:\/\/allasorias.hu\/hirek\/wp-json\/wp\/v2\/media?parent=6296"}],"wp:term":[{"taxonomy":"category","embeddable":true,"href":"https:\/\/allasorias.hu\/hirek\/wp-json\/wp\/v2\/categories?post=6296"},{"taxonomy":"post_tag","embeddable":true,"href":"https:\/\/allasorias.hu\/hirek\/wp-json\/wp\/v2\/tags?post=6296"}],"curies":[{"name":"wp","href":"https:\/\/api.w.org\/{rel}","templated":true}]}}