{"id":6289,"date":"2023-03-06T10:59:15","date_gmt":"2023-03-06T10:59:15","guid":{"rendered":"https:\/\/allasorias.hu\/hirek\/?p=6289"},"modified":"2025-05-09T09:47:54","modified_gmt":"2025-05-09T07:47:54","slug":"a-kormany-tiz-intezkedese-a-munkahelyek-vedelmeben","status":"publish","type":"post","link":"https:\/\/allasorias.hu\/hirek\/a-kormany-tiz-intezkedese-a-munkahelyek-vedelmeben\/","title":{"rendered":"A korm\u00e1ny t\u00edz int\u00e9zked\u00e9se a munkahelyek v\u00e9delm\u00e9ben"},"content":{"rendered":"<p><strong>A magyar korm\u00e1ny t\u00edz int\u00e9zked\u00e9st dolgozott ki a munkahelyek v\u00e9delm\u00e9ben. \u00dajraiparos\u00edt\u00e1si hitelprogram \u00e9s \u00fagynevezett t\u0151keprogram seg\u00edti ezt a folyamatot \u00e9s a v\u00e1llalkoz\u00e1sok t\u00e1mogat\u00e1sa is kiemelt c\u00e9l.<\/strong><\/p>\n<h2>Rekordalacsony a regisztr\u00e1lt \u00e1ll\u00e1skeres\u0151k sz\u00e1ma<\/h2>\n<p>Soha ilyen alacsony nem volt m\u00e9g a <a href=\"https:\/\/allasorias.hu\/hirek\/csokkent-a-regisztralt-allaskeresok-szama-2023-januarjaban\/\">regisztr\u00e1lt \u00e1ll\u00e1skeres\u0151k<\/a> sz\u00e1ma az \u00e9v els\u0151 k\u00e9t h\u00f3napj\u00e1ban \u2013 k\u00f6z\u00f6lte a Gazdas\u00e1gfejleszt\u00e9si Miniszt\u00e9rium (GFM) az MTI-vel. A Nemzeti Foglalkoztat\u00e1si Szolg\u00e1lat adatai szerint 2023 febru\u00e1rj\u00e1ban 245 121 regisztr\u00e1lt \u00e1ll\u00e1skeres\u0151 volt. Ez a valaha volt legkedvez\u0151bb febru\u00e1ri adat, az egy \u00e9vvel kor\u00e1bbi szinthez k\u00e9pest is tov\u00e1bbi 7 ezerrel cs\u00f6kkent az \u00e1ll\u00e1skeres\u0151k sz\u00e1ma. A nyilv\u00e1ntart\u00e1s m\u0171k\u00f6d\u00e9se \u00f3ta a regisztr\u00e1lt \u00e1ll\u00e1skeres\u0151k l\u00e9tsz\u00e1ma m\u00e9g soha nem volt ilyen alacsony az \u00e9v els\u0151 k\u00e9t h\u00f3napj\u00e1ban, mik\u00f6zben nyolcadik h\u00f3napja van 4,7 milli\u00f3s, azaz rekordszinten a foglalkoztatotts\u00e1g \u2013 ismertette k\u00f6zlem\u00e9ny\u00e9ben a miniszt\u00e9rium.<\/p>\n<h2>Baross G\u00e1bor \u00dajraiparos\u00edt\u00e1si Hitelprogram \u00e9s T\u0151keprogram<\/h2>\n<p>Kiemelt\u00e9k: a korm\u00e1ny a h\u00e1bor\u00fa \u00e9s szankci\u00f3k s\u00fajtotta gazdas\u00e1gi helyzetben is mindent megtesz az\u00e9rt, hogy megv\u00e9dje a csal\u00e1dokat, a nyugd\u00edjasokat \u00e9s a teljes foglalkoztatotts\u00e1got. Ennek \u00e9rdek\u00e9ben ki kell v\u00e9deni a recesszi\u00f3t \u00e9s meg kell \u0151rizni, s\u0151t n\u00f6velni kell a v\u00e1llalkoz\u00e1sok teljes\u00edtm\u00e9ny\u00e9t, versenyk\u00e9pess\u00e9g\u00e9t. A korm\u00e1ny 10 int\u00e9zked\u00e9st hozott a munkahelyek v\u00e9delm\u00e9re, t\u00f6bbek k\u00f6zt 700 milli\u00e1rd forintos kerettel elind\u00edtotta a <a href=\"https:\/\/kormany.hu\/hirek\/elindult-a-baross-gabor-ujraiparositasi-hitelprogram\">Baross G\u00e1bor \u00dajraiparos\u00edt\u00e1si Hitelprogramot<\/a>, valamint 600 milli\u00e1rd forintos kerettel a Baross G\u00e1bor T\u0151keprogramot \u2013 ismertett\u00e9k.<\/p>\n<h2>Tov\u00e1bbi t\u00e1mogat\u00e1si programok<\/h2>\n<p>A kedvez\u0151 eredm\u00e9nyhez a c\u00e9lzott korm\u00e1nyzati int\u00e9zked\u00e9seken t\u00fal hozz\u00e1j\u00e1rultak a megind\u00edtott V\u00e1llalkoz\u00e1sok Munkaer\u0151 T\u00e1mogat\u00e1sa \u00e9s a Munkatapasztalat szerz\u00e9st el\u0151seg\u00edt\u0151 <a href=\"https:\/\/allasorias.hu\/hirek\/nott-a-foglalkoztatottak-szama-segito-programok-a-munkaeropiacon\/\">t\u00e1mogat\u00e1s programok<\/a>, amelyekn\u00e9l m\u00e1r mintegy 7 ezer \u00e1ll\u00e1skeres\u0151 foglalkoztat\u00e1s\u00e1ra \u00e9rkezett be k\u00e9relem, t\u00f6bb mint 7 milli\u00e1rd forint \u00e9rt\u00e9kben. A korm\u00e1nyzati programnak k\u00f6sz\u00f6nhet\u0151en pedig m\u00e1r k\u00f6zel 5 ezren sikeresen el is helyezkedtek \u2013 olvashat\u00f3 a Gazdas\u00e1gfejleszt\u00e9si Miniszt\u00e9rium k\u00f6zlem\u00e9ny\u00e9ben.<\/p>\n<p>Forr\u00e1s: <a href=\"https:\/\/liner.hu\/rosszul-kalkulal-aki-olcsobb-ujepitesu-ingatlanokra-var\/\" target=\"_blank\" rel=\"nofollow noopener noreferrer\">liner.hu<\/a><\/p>\n","protected":false},"excerpt":{"rendered":"<p>A magyar korm\u00e1ny t\u00edz int\u00e9zked\u00e9st dolgozott ki a munkahelyek v\u00e9delm\u00e9ben. \u00dajraiparos\u00edt\u00e1si hitelprogram \u00e9s \u00fagynevezett t\u0151keprogram seg\u00edti ezt a folyamatot \u00e9s a v\u00e1llalkoz\u00e1sok t\u00e1mogat\u00e1sa is kiemelt c\u00e9l. Rekordalacsony a regisztr\u00e1lt \u00e1ll\u00e1skeres\u0151k sz\u00e1ma Soha ilyen alacsony nem volt m\u00e9g a regisztr\u00e1lt \u00e1ll\u00e1skeres\u0151k sz\u00e1ma az \u00e9v els\u0151 k\u00e9t h\u00f3napj\u00e1ban \u2013 k\u00f6z\u00f6lte a Gazdas\u00e1gfejleszt\u00e9si Miniszt\u00e9rium (GFM) az MTI-vel. A [&hellip;]<\/p>\n","protected":false},"author":1,"featured_media":6290,"comment_status":"closed","ping_status":"closed","sticky":false,"template":"","format":"standard","meta":{"_monsterinsights_skip_tracking":false,"footnotes":""},"categories":[200],"tags":[223,418,368,417],"class_list":["post-6289","post","type-post","status-publish","format-standard","has-post-thumbnail","hentry","category-munkaeropiac","tag-foglalkoztatas","tag-munkahelyvedelem","tag-regisztralt-allaskeresok","tag-tamogatasi-programok"],"aioseo_notices":[],"aioseo_head":"\n\t\t<!-- All in One SEO 5.0.0.1 - aioseo.com -->\n\t<meta name=\"description\" content=\"A magyar korm\u00e1ny t\u00edz int\u00e9zked\u00e9st dolgozott ki a munkahelyek v\u00e9delm\u00e9ben. \u00dajraiparos\u00edt\u00e1si hitelprogram \u00e9s \u00fagynevezett t\u0151keprogram seg\u00edti ezt a folyamatot.\" \/>\n\t<meta name=\"robots\" content=\"max-image-preview:large\" \/>\n\t<meta name=\"author\" content=\"Juh\u00e1sz P\u00e9ter\"\/>\n\t<meta name=\"keywords\" content=\"foglalkoztat\u00e1s,munkahelyv\u00e9delem,regisztr\u00e1lt \u00e1ll\u00e1skeres\u0151k,t\u00e1mogat\u00e1si programok\" \/>\n\t<link rel=\"canonical\" href=\"https:\/\/allasorias.hu\/hirek\/a-kormany-tiz-intezkedese-a-munkahelyek-vedelmeben\/\" \/>\n\t<meta name=\"generator\" content=\"All in One SEO (AIOSEO) 5.0.0.1\" \/>\n\t\t<meta property=\"og:locale\" content=\"hu_HU\" \/>\n\t\t<meta property=\"og:site_name\" content=\"AllasOrias.hu | H\u00edrek-lapszemle | \u00dczleti h\u00edrek az \u00e1ll\u00e1s \u00e9s a munka vil\u00e1g\u00e1b\u00f3l\" \/>\n\t\t<meta property=\"og:type\" content=\"article\" \/>\n\t\t<meta property=\"og:title\" content=\"Korm\u00e1ny l\u00e9p\u00e9sei a munkahelyek meg\u0151rz\u00e9s\u00e9\u00e9rt\" \/>\n\t\t<meta property=\"og:description\" content=\"A magyar korm\u00e1ny t\u00edz int\u00e9zked\u00e9st dolgozott ki a munkahelyek v\u00e9delm\u00e9ben. \u00dajraiparos\u00edt\u00e1si hitelprogram \u00e9s \u00fagynevezett t\u0151keprogram seg\u00edti ezt a folyamatot.\" \/>\n\t\t<meta property=\"og:url\" content=\"https:\/\/allasorias.hu\/hirek\/a-kormany-tiz-intezkedese-a-munkahelyek-vedelmeben\/\" \/>\n\t\t<meta property=\"og:image\" content=\"https:\/\/allasorias.hu\/hirek\/wp-content\/uploads\/2023\/03\/munkahelyvedelem.jpg\" \/>\n\t\t<meta property=\"og:image:secure_url\" content=\"https:\/\/allasorias.hu\/hirek\/wp-content\/uploads\/2023\/03\/munkahelyvedelem.jpg\" \/>\n\t\t<meta property=\"og:image:width\" content=\"1280\" \/>\n\t\t<meta property=\"og:image:height\" content=\"853\" \/>\n\t\t<meta property=\"article:published_time\" content=\"2023-03-06T10:59:15+00:00\" \/>\n\t\t<meta property=\"article:modified_time\" content=\"2025-05-09T07:47:54+00:00\" \/>\n\t\t<meta property=\"article:publisher\" content=\"https:\/\/www.facebook.com\/allasorias\" \/>\n\t\t<meta name=\"twitter:card\" content=\"summary_large_image\" \/>\n\t\t<meta name=\"twitter:title\" content=\"Korm\u00e1ny l\u00e9p\u00e9sei a munkahelyek meg\u0151rz\u00e9s\u00e9\u00e9rt\" \/>\n\t\t<meta name=\"twitter:description\" content=\"A magyar korm\u00e1ny t\u00edz int\u00e9zked\u00e9st dolgozott ki a munkahelyek v\u00e9delm\u00e9ben. \u00dajraiparos\u00edt\u00e1si hitelprogram \u00e9s \u00fagynevezett t\u0151keprogram seg\u00edti ezt a folyamatot.\" \/>\n\t\t<meta name=\"twitter:image\" content=\"https:\/\/allasorias.hu\/hirek\/wp-content\/uploads\/2023\/03\/munkahelyvedelem.jpg\" \/>\n\t\t<meta name=\"twitter:label1\" content=\"Written by\" \/>\n\t\t<meta name=\"twitter:data1\" content=\"Juh\u00e1sz P\u00e9ter\" \/>\n\t\t<meta name=\"twitter:label2\" content=\"Est. reading time\" \/>\n\t\t<meta name=\"twitter:data2\" content=\"2 minutes\" \/>\n\t\t<script type=\"application\/ld+json\" class=\"aioseo-schema\">\n\t\t\t{\"@context\":\"https:\\\/\\\/schema.org\",\"@graph\":[{\"@type\":\"Article\",\"@id\":\"https:\\\/\\\/allasorias.hu\\\/hirek\\\/a-kormany-tiz-intezkedese-a-munkahelyek-vedelmeben\\\/#article\",\"name\":\"Korm\\u00e1ny l\\u00e9p\\u00e9sei a munkahelyek meg\\u0151rz\\u00e9s\\u00e9\\u00e9rt\",\"headline\":\"A korm\\u00e1ny t\\u00edz int\\u00e9zked\\u00e9se a munkahelyek v\\u00e9delm\\u00e9ben\",\"author\":{\"@id\":\"https:\\\/\\\/allasorias.hu\\\/hirek\\\/author\\\/admin-allasorias\\\/#author\"},\"publisher\":{\"@id\":\"https:\\\/\\\/allasorias.hu\\\/hirek\\\/#organization\"},\"image\":{\"@type\":\"ImageObject\",\"url\":\"https:\\\/\\\/allasorias.hu\\\/hirek\\\/wp-content\\\/uploads\\\/2023\\\/03\\\/munkahelyvedelem.jpg\",\"width\":1280,\"height\":853,\"caption\":\"A korm\\u00e1ny t\\u00edz int\\u00e9zked\\u00e9se a munkahelyek v\\u00e9delm\\u00e9ben - Allasorias.hu\\\/Hirek\"},\"datePublished\":\"2023-03-06T10:59:15+02:00\",\"dateModified\":\"2025-05-09T09:47:54+02:00\",\"inLanguage\":\"hu-HU\",\"mainEntityOfPage\":{\"@id\":\"https:\\\/\\\/allasorias.hu\\\/hirek\\\/a-kormany-tiz-intezkedese-a-munkahelyek-vedelmeben\\\/#webpage\"},\"isPartOf\":{\"@id\":\"https:\\\/\\\/allasorias.hu\\\/hirek\\\/a-kormany-tiz-intezkedese-a-munkahelyek-vedelmeben\\\/#webpage\"},\"articleSection\":\"Munkaer\\u0151piac, foglalkoztat\\u00e1s, munkahelyv\\u00e9delem, regisztr\\u00e1lt \\u00e1ll\\u00e1skeres\\u0151k, t\\u00e1mogat\\u00e1si programok\"},{\"@type\":\"BreadcrumbList\",\"@id\":\"https:\\\/\\\/allasorias.hu\\\/hirek\\\/a-kormany-tiz-intezkedese-a-munkahelyek-vedelmeben\\\/#breadcrumblist\",\"itemListElement\":[{\"@type\":\"ListItem\",\"@id\":\"https:\\\/\\\/allasorias.hu\\\/hirek#listItem\",\"position\":1,\"name\":\"Home\",\"item\":\"https:\\\/\\\/allasorias.hu\\\/hirek\",\"nextItem\":{\"@type\":\"ListItem\",\"@id\":\"https:\\\/\\\/allasorias.hu\\\/hirek\\\/temak\\\/munkaeropiac\\\/#listItem\",\"name\":\"Munkaer\\u0151piac\"}},{\"@type\":\"ListItem\",\"@id\":\"https:\\\/\\\/allasorias.hu\\\/hirek\\\/temak\\\/munkaeropiac\\\/#listItem\",\"position\":2,\"name\":\"Munkaer\\u0151piac\",\"item\":\"https:\\\/\\\/allasorias.hu\\\/hirek\\\/temak\\\/munkaeropiac\\\/\",\"nextItem\":{\"@type\":\"ListItem\",\"@id\":\"https:\\\/\\\/allasorias.hu\\\/hirek\\\/a-kormany-tiz-intezkedese-a-munkahelyek-vedelmeben\\\/#listItem\",\"name\":\"A korm\\u00e1ny t\\u00edz int\\u00e9zked\\u00e9se a munkahelyek v\\u00e9delm\\u00e9ben\"},\"previousItem\":{\"@type\":\"ListItem\",\"@id\":\"https:\\\/\\\/allasorias.hu\\\/hirek#listItem\",\"name\":\"Home\"}},{\"@type\":\"ListItem\",\"@id\":\"https:\\\/\\\/allasorias.hu\\\/hirek\\\/a-kormany-tiz-intezkedese-a-munkahelyek-vedelmeben\\\/#listItem\",\"position\":3,\"name\":\"A korm\\u00e1ny t\\u00edz int\\u00e9zked\\u00e9se a munkahelyek v\\u00e9delm\\u00e9ben\",\"previousItem\":{\"@type\":\"ListItem\",\"@id\":\"https:\\\/\\\/allasorias.hu\\\/hirek\\\/temak\\\/munkaeropiac\\\/#listItem\",\"name\":\"Munkaer\\u0151piac\"}}]},{\"@type\":\"Organization\",\"@id\":\"https:\\\/\\\/allasorias.hu\\\/hirek\\\/#organization\",\"name\":\"AllasOrias.hu | H\\u00edrek-lapszemle\",\"description\":\"\\u00dczleti h\\u00edrek az \\u00e1ll\\u00e1s \\u00e9s a munka vil\\u00e1g\\u00e1b\\u00f3l\",\"url\":\"https:\\\/\\\/allasorias.hu\\\/hirek\\\/\",\"logo\":{\"@type\":\"ImageObject\",\"url\":\"https:\\\/\\\/allasorias.hu\\\/hirek\\\/wp-content\\\/uploads\\\/2022\\\/10\\\/allasorias_site_facebok_logo.png\",\"@id\":\"https:\\\/\\\/allasorias.hu\\\/hirek\\\/a-kormany-tiz-intezkedese-a-munkahelyek-vedelmeben\\\/#organizationLogo\"},\"image\":{\"@id\":\"https:\\\/\\\/allasorias.hu\\\/hirek\\\/a-kormany-tiz-intezkedese-a-munkahelyek-vedelmeben\\\/#organizationLogo\"},\"sameAs\":[\"https:\\\/\\\/www.facebook.com\\\/allasorias\",\"https:\\\/\\\/www.linkedin.com\\\/company\\\/allasorias\"]},{\"@type\":\"Person\",\"@id\":\"https:\\\/\\\/allasorias.hu\\\/hirek\\\/author\\\/admin-allasorias\\\/#author\",\"url\":\"https:\\\/\\\/allasorias.hu\\\/hirek\\\/author\\\/admin-allasorias\\\/\",\"name\":\"Juh\\u00e1sz P\\u00e9ter\",\"image\":{\"@type\":\"ImageObject\",\"@id\":\"https:\\\/\\\/allasorias.hu\\\/hirek\\\/a-kormany-tiz-intezkedese-a-munkahelyek-vedelmeben\\\/#authorImage\",\"url\":\"https:\\\/\\\/secure.gravatar.com\\\/avatar\\\/36e6bcb83148978b992977cb0f54d22feb0cce8a0a849a9410532bb2623ba4c6?s=96&d=mm&r=g\",\"width\":96,\"height\":96,\"caption\":\"Juh\\u00e1sz P\\u00e9ter\"}},{\"@type\":\"WebPage\",\"@id\":\"https:\\\/\\\/allasorias.hu\\\/hirek\\\/a-kormany-tiz-intezkedese-a-munkahelyek-vedelmeben\\\/#webpage\",\"url\":\"https:\\\/\\\/allasorias.hu\\\/hirek\\\/a-kormany-tiz-intezkedese-a-munkahelyek-vedelmeben\\\/\",\"name\":\"Korm\\u00e1ny l\\u00e9p\\u00e9sei a munkahelyek meg\\u0151rz\\u00e9s\\u00e9\\u00e9rt\",\"description\":\"A magyar korm\\u00e1ny t\\u00edz int\\u00e9zked\\u00e9st dolgozott ki a munkahelyek v\\u00e9delm\\u00e9ben. \\u00dajraiparos\\u00edt\\u00e1si hitelprogram \\u00e9s \\u00fagynevezett t\\u0151keprogram seg\\u00edti ezt a folyamatot.\",\"inLanguage\":\"hu-HU\",\"isPartOf\":{\"@id\":\"https:\\\/\\\/allasorias.hu\\\/hirek\\\/#website\"},\"breadcrumb\":{\"@id\":\"https:\\\/\\\/allasorias.hu\\\/hirek\\\/a-kormany-tiz-intezkedese-a-munkahelyek-vedelmeben\\\/#breadcrumblist\"},\"author\":{\"@id\":\"https:\\\/\\\/allasorias.hu\\\/hirek\\\/author\\\/admin-allasorias\\\/#author\"},\"creator\":{\"@id\":\"https:\\\/\\\/allasorias.hu\\\/hirek\\\/author\\\/admin-allasorias\\\/#author\"},\"image\":{\"@type\":\"ImageObject\",\"url\":\"https:\\\/\\\/allasorias.hu\\\/hirek\\\/wp-content\\\/uploads\\\/2023\\\/03\\\/munkahelyvedelem.jpg\",\"@id\":\"https:\\\/\\\/allasorias.hu\\\/hirek\\\/a-kormany-tiz-intezkedese-a-munkahelyek-vedelmeben\\\/#mainImage\",\"width\":1280,\"height\":853,\"caption\":\"A korm\\u00e1ny t\\u00edz int\\u00e9zked\\u00e9se a munkahelyek v\\u00e9delm\\u00e9ben - Allasorias.hu\\\/Hirek\"},\"primaryImageOfPage\":{\"@id\":\"https:\\\/\\\/allasorias.hu\\\/hirek\\\/a-kormany-tiz-intezkedese-a-munkahelyek-vedelmeben\\\/#mainImage\"},\"datePublished\":\"2023-03-06T10:59:15+02:00\",\"dateModified\":\"2025-05-09T09:47:54+02:00\"},{\"@type\":\"WebSite\",\"@id\":\"https:\\\/\\\/allasorias.hu\\\/hirek\\\/#website\",\"url\":\"https:\\\/\\\/allasorias.hu\\\/hirek\\\/\",\"name\":\"AllasOrias.hu | H\\u00edrek-lapszemle\",\"description\":\"\\u00dczleti h\\u00edrek az \\u00e1ll\\u00e1s \\u00e9s a munka vil\\u00e1g\\u00e1b\\u00f3l\",\"inLanguage\":\"hu-HU\",\"publisher\":{\"@id\":\"https:\\\/\\\/allasorias.hu\\\/hirek\\\/#organization\"}}]}\n\t\t<\/script>\n\t\t<!-- All in One SEO -->\n\n","aioseo_head_json":{"title":"Korm\u00e1ny l\u00e9p\u00e9sei a munkahelyek meg\u0151rz\u00e9s\u00e9\u00e9rt","description":"A magyar korm\u00e1ny t\u00edz int\u00e9zked\u00e9st dolgozott ki a munkahelyek v\u00e9delm\u00e9ben. \u00dajraiparos\u00edt\u00e1si hitelprogram \u00e9s \u00fagynevezett t\u0151keprogram seg\u00edti ezt a folyamatot.","canonical_url":"https:\/\/allasorias.hu\/hirek\/a-kormany-tiz-intezkedese-a-munkahelyek-vedelmeben\/","robots":"max-image-preview:large","keywords":"foglalkoztat\u00e1s,munkahelyv\u00e9delem,regisztr\u00e1lt \u00e1ll\u00e1skeres\u0151k,t\u00e1mogat\u00e1si programok","webmasterTools":{"miscellaneous":""},"schema":{"@context":"https:\/\/schema.org","@graph":[{"@type":"Article","@id":"https:\/\/allasorias.hu\/hirek\/a-kormany-tiz-intezkedese-a-munkahelyek-vedelmeben\/#article","name":"Korm\u00e1ny l\u00e9p\u00e9sei a munkahelyek meg\u0151rz\u00e9s\u00e9\u00e9rt","headline":"A korm\u00e1ny t\u00edz int\u00e9zked\u00e9se a munkahelyek v\u00e9delm\u00e9ben","author":{"@id":"https:\/\/allasorias.hu\/hirek\/author\/admin-allasorias\/#author"},"publisher":{"@id":"https:\/\/allasorias.hu\/hirek\/#organization"},"image":{"@type":"ImageObject","url":"https:\/\/allasorias.hu\/hirek\/wp-content\/uploads\/2023\/03\/munkahelyvedelem.jpg","width":1280,"height":853,"caption":"A korm\u00e1ny t\u00edz int\u00e9zked\u00e9se a munkahelyek v\u00e9delm\u00e9ben - Allasorias.hu\/Hirek"},"datePublished":"2023-03-06T10:59:15+02:00","dateModified":"2025-05-09T09:47:54+02:00","inLanguage":"hu-HU","mainEntityOfPage":{"@id":"https:\/\/allasorias.hu\/hirek\/a-kormany-tiz-intezkedese-a-munkahelyek-vedelmeben\/#webpage"},"isPartOf":{"@id":"https:\/\/allasorias.hu\/hirek\/a-kormany-tiz-intezkedese-a-munkahelyek-vedelmeben\/#webpage"},"articleSection":"Munkaer\u0151piac, foglalkoztat\u00e1s, munkahelyv\u00e9delem, regisztr\u00e1lt \u00e1ll\u00e1skeres\u0151k, t\u00e1mogat\u00e1si programok"},{"@type":"BreadcrumbList","@id":"https:\/\/allasorias.hu\/hirek\/a-kormany-tiz-intezkedese-a-munkahelyek-vedelmeben\/#breadcrumblist","itemListElement":[{"@type":"ListItem","@id":"https:\/\/allasorias.hu\/hirek#listItem","position":1,"name":"Home","item":"https:\/\/allasorias.hu\/hirek","nextItem":{"@type":"ListItem","@id":"https:\/\/allasorias.hu\/hirek\/temak\/munkaeropiac\/#listItem","name":"Munkaer\u0151piac"}},{"@type":"ListItem","@id":"https:\/\/allasorias.hu\/hirek\/temak\/munkaeropiac\/#listItem","position":2,"name":"Munkaer\u0151piac","item":"https:\/\/allasorias.hu\/hirek\/temak\/munkaeropiac\/","nextItem":{"@type":"ListItem","@id":"https:\/\/allasorias.hu\/hirek\/a-kormany-tiz-intezkedese-a-munkahelyek-vedelmeben\/#listItem","name":"A korm\u00e1ny t\u00edz int\u00e9zked\u00e9se a munkahelyek v\u00e9delm\u00e9ben"},"previousItem":{"@type":"ListItem","@id":"https:\/\/allasorias.hu\/hirek#listItem","name":"Home"}},{"@type":"ListItem","@id":"https:\/\/allasorias.hu\/hirek\/a-kormany-tiz-intezkedese-a-munkahelyek-vedelmeben\/#listItem","position":3,"name":"A korm\u00e1ny t\u00edz int\u00e9zked\u00e9se a munkahelyek v\u00e9delm\u00e9ben","previousItem":{"@type":"ListItem","@id":"https:\/\/allasorias.hu\/hirek\/temak\/munkaeropiac\/#listItem","name":"Munkaer\u0151piac"}}]},{"@type":"Organization","@id":"https:\/\/allasorias.hu\/hirek\/#organization","name":"AllasOrias.hu | H\u00edrek-lapszemle","description":"\u00dczleti h\u00edrek az \u00e1ll\u00e1s \u00e9s a munka vil\u00e1g\u00e1b\u00f3l","url":"https:\/\/allasorias.hu\/hirek\/","logo":{"@type":"ImageObject","url":"https:\/\/allasorias.hu\/hirek\/wp-content\/uploads\/2022\/10\/allasorias_site_facebok_logo.png","@id":"https:\/\/allasorias.hu\/hirek\/a-kormany-tiz-intezkedese-a-munkahelyek-vedelmeben\/#organizationLogo"},"image":{"@id":"https:\/\/allasorias.hu\/hirek\/a-kormany-tiz-intezkedese-a-munkahelyek-vedelmeben\/#organizationLogo"},"sameAs":["https:\/\/www.facebook.com\/allasorias","https:\/\/www.linkedin.com\/company\/allasorias"]},{"@type":"Person","@id":"https:\/\/allasorias.hu\/hirek\/author\/admin-allasorias\/#author","url":"https:\/\/allasorias.hu\/hirek\/author\/admin-allasorias\/","name":"Juh\u00e1sz P\u00e9ter","image":{"@type":"ImageObject","@id":"https:\/\/allasorias.hu\/hirek\/a-kormany-tiz-intezkedese-a-munkahelyek-vedelmeben\/#authorImage","url":"https:\/\/secure.gravatar.com\/avatar\/36e6bcb83148978b992977cb0f54d22feb0cce8a0a849a9410532bb2623ba4c6?s=96&d=mm&r=g","width":96,"height":96,"caption":"Juh\u00e1sz P\u00e9ter"}},{"@type":"WebPage","@id":"https:\/\/allasorias.hu\/hirek\/a-kormany-tiz-intezkedese-a-munkahelyek-vedelmeben\/#webpage","url":"https:\/\/allasorias.hu\/hirek\/a-kormany-tiz-intezkedese-a-munkahelyek-vedelmeben\/","name":"Korm\u00e1ny l\u00e9p\u00e9sei a munkahelyek meg\u0151rz\u00e9s\u00e9\u00e9rt","description":"A magyar korm\u00e1ny t\u00edz int\u00e9zked\u00e9st dolgozott ki a munkahelyek v\u00e9delm\u00e9ben. \u00dajraiparos\u00edt\u00e1si hitelprogram \u00e9s \u00fagynevezett t\u0151keprogram seg\u00edti ezt a folyamatot.","inLanguage":"hu-HU","isPartOf":{"@id":"https:\/\/allasorias.hu\/hirek\/#website"},"breadcrumb":{"@id":"https:\/\/allasorias.hu\/hirek\/a-kormany-tiz-intezkedese-a-munkahelyek-vedelmeben\/#breadcrumblist"},"author":{"@id":"https:\/\/allasorias.hu\/hirek\/author\/admin-allasorias\/#author"},"creator":{"@id":"https:\/\/allasorias.hu\/hirek\/author\/admin-allasorias\/#author"},"image":{"@type":"ImageObject","url":"https:\/\/allasorias.hu\/hirek\/wp-content\/uploads\/2023\/03\/munkahelyvedelem.jpg","@id":"https:\/\/allasorias.hu\/hirek\/a-kormany-tiz-intezkedese-a-munkahelyek-vedelmeben\/#mainImage","width":1280,"height":853,"caption":"A korm\u00e1ny t\u00edz int\u00e9zked\u00e9se a munkahelyek v\u00e9delm\u00e9ben - Allasorias.hu\/Hirek"},"primaryImageOfPage":{"@id":"https:\/\/allasorias.hu\/hirek\/a-kormany-tiz-intezkedese-a-munkahelyek-vedelmeben\/#mainImage"},"datePublished":"2023-03-06T10:59:15+02:00","dateModified":"2025-05-09T09:47:54+02:00"},{"@type":"WebSite","@id":"https:\/\/allasorias.hu\/hirek\/#website","url":"https:\/\/allasorias.hu\/hirek\/","name":"AllasOrias.hu | H\u00edrek-lapszemle","description":"\u00dczleti h\u00edrek az \u00e1ll\u00e1s \u00e9s a munka vil\u00e1g\u00e1b\u00f3l","inLanguage":"hu-HU","publisher":{"@id":"https:\/\/allasorias.hu\/hirek\/#organization"}}]},"og:locale":"hu_HU","og:site_name":"AllasOrias.hu | H\u00edrek-lapszemle | \u00dczleti h\u00edrek az \u00e1ll\u00e1s \u00e9s a munka vil\u00e1g\u00e1b\u00f3l","og:type":"article","og:title":"Korm\u00e1ny l\u00e9p\u00e9sei a munkahelyek meg\u0151rz\u00e9s\u00e9\u00e9rt","og:description":"A magyar korm\u00e1ny t\u00edz int\u00e9zked\u00e9st dolgozott ki a munkahelyek v\u00e9delm\u00e9ben. \u00dajraiparos\u00edt\u00e1si hitelprogram \u00e9s \u00fagynevezett t\u0151keprogram seg\u00edti ezt a folyamatot.","og:url":"https:\/\/allasorias.hu\/hirek\/a-kormany-tiz-intezkedese-a-munkahelyek-vedelmeben\/","og:image":"https:\/\/allasorias.hu\/hirek\/wp-content\/uploads\/2023\/03\/munkahelyvedelem.jpg","og:image:secure_url":"https:\/\/allasorias.hu\/hirek\/wp-content\/uploads\/2023\/03\/munkahelyvedelem.jpg","og:image:width":1280,"og:image:height":853,"article:published_time":"2023-03-06T10:59:15+00:00","article:modified_time":"2025-05-09T07:47:54+00:00","article:publisher":"https:\/\/www.facebook.com\/allasorias","twitter:card":"summary_large_image","twitter:title":"Korm\u00e1ny l\u00e9p\u00e9sei a munkahelyek meg\u0151rz\u00e9s\u00e9\u00e9rt","twitter:description":"A magyar korm\u00e1ny t\u00edz int\u00e9zked\u00e9st dolgozott ki a munkahelyek v\u00e9delm\u00e9ben. \u00dajraiparos\u00edt\u00e1si hitelprogram \u00e9s \u00fagynevezett t\u0151keprogram seg\u00edti ezt a folyamatot.","twitter:image":"https:\/\/allasorias.hu\/hirek\/wp-content\/uploads\/2023\/03\/munkahelyvedelem.jpg","twitter:label1":"Written by","twitter:data1":"Juh\u00e1sz P\u00e9ter","twitter:label2":"Est. reading time","twitter:data2":"2 minutes"},"aioseo_meta_data":{"post_id":"6289","title":"Korm\u00e1ny l\u00e9p\u00e9sei a munkahelyek meg\u0151rz\u00e9s\u00e9\u00e9rt","description":"A magyar korm\u00e1ny t\u00edz int\u00e9zked\u00e9st dolgozott ki a munkahelyek v\u00e9delm\u00e9ben. \u00dajraiparos\u00edt\u00e1si hitelprogram \u00e9s \u00fagynevezett t\u0151keprogram seg\u00edti ezt a folyamatot.","keywords":null,"keyphrases":{"focus":{"keyphrase":"","score":0,"analysis":{"keyphraseInTitle":{"score":0,"maxScore":9,"error":1}}},"additional":[]},"primary_term":null,"canonical_url":null,"og_title":null,"og_description":null,"og_object_type":"default","og_image_type":"default","og_image_url":null,"og_image_width":null,"og_image_height":null,"og_image_custom_url":null,"og_image_custom_fields":null,"og_video":"","og_custom_url":null,"og_article_section":null,"og_article_tags":null,"twitter_use_og":true,"twitter_card":"default","twitter_image_type":"default","twitter_image_url":null,"twitter_image_custom_url":null,"twitter_image_custom_fields":null,"twitter_title":null,"twitter_description":null,"schema":{"blockGraphs":[],"customGraphs":[],"default":{"data":{"Article":[],"Course":[],"Dataset":[],"FAQPage":[],"Movie":[],"Person":[],"Product":[],"ProductReview":[],"Car":[],"Recipe":[],"Service":[],"SoftwareApplication":[],"WebPage":[]},"graphName":"Article","isEnabled":true},"graphs":[]},"schema_type":"default","schema_type_options":null,"pillar_content":false,"robots_default":true,"robots_noindex":false,"robots_noarchive":false,"robots_nosnippet":false,"robots_nofollow":false,"robots_noimageindex":false,"robots_noodp":false,"robots_notranslate":false,"robots_max_snippet":"-1","robots_max_videopreview":"-1","robots_max_imagepreview":"large","priority":null,"frequency":"default","location":null,"local_seo":null,"breadcrumb_settings":null,"limit_modified_date":false,"ai":null,"created":"2023-03-06 10:41:02","updated":"2025-10-02 18:10:41","seo_analyzer_scan_date":null,"focus_keyword":null,"additional_keywords":null,"truseo_locale":null},"aioseo_breadcrumb":"<div class=\"aioseo-breadcrumbs\"><span class=\"aioseo-breadcrumb\">\n\t\t\t<a href=\"https:\/\/allasorias.hu\/hirek\" title=\"Home\">Home<\/a>\n\t\t<\/span><span class=\"aioseo-breadcrumb-separator\">&raquo;<\/span><span class=\"aioseo-breadcrumb\">\n\t\t\t<a href=\"https:\/\/allasorias.hu\/hirek\/temak\/munkaeropiac\/\" title=\"Munkaer\u0151piac\">Munkaer\u0151piac<\/a>\n\t\t<\/span><span class=\"aioseo-breadcrumb-separator\">&raquo;<\/span><span class=\"aioseo-breadcrumb\">\n\t\t\tA korm\u00e1ny t\u00edz int\u00e9zked\u00e9se a munkahelyek v\u00e9delm\u00e9ben\n\t\t<\/span><\/div>","aioseo_breadcrumb_json":[{"label":"Home","link":"https:\/\/allasorias.hu\/hirek"},{"label":"Munkaer\u0151piac","link":"https:\/\/allasorias.hu\/hirek\/temak\/munkaeropiac\/"},{"label":"A korm\u00e1ny t\u00edz int\u00e9zked\u00e9se a munkahelyek v\u00e9delm\u00e9ben","link":"https:\/\/allasorias.hu\/hirek\/a-kormany-tiz-intezkedese-a-munkahelyek-vedelmeben\/"}],"_links":{"self":[{"href":"https:\/\/allasorias.hu\/hirek\/wp-json\/wp\/v2\/posts\/6289","targetHints":{"allow":["GET"]}}],"collection":[{"href":"https:\/\/allasorias.hu\/hirek\/wp-json\/wp\/v2\/posts"}],"about":[{"href":"https:\/\/allasorias.hu\/hirek\/wp-json\/wp\/v2\/types\/post"}],"author":[{"embeddable":true,"href":"https:\/\/allasorias.hu\/hirek\/wp-json\/wp\/v2\/users\/1"}],"replies":[{"embeddable":true,"href":"https:\/\/allasorias.hu\/hirek\/wp-json\/wp\/v2\/comments?post=6289"}],"version-history":[{"count":2,"href":"https:\/\/allasorias.hu\/hirek\/wp-json\/wp\/v2\/posts\/6289\/revisions"}],"predecessor-version":[{"id":8401,"href":"https:\/\/allasorias.hu\/hirek\/wp-json\/wp\/v2\/posts\/6289\/revisions\/8401"}],"wp:featuredmedia":[{"embeddable":true,"href":"https:\/\/allasorias.hu\/hirek\/wp-json\/wp\/v2\/media\/6290"}],"wp:attachment":[{"href":"https:\/\/allasorias.hu\/hirek\/wp-json\/wp\/v2\/media?parent=6289"}],"wp:term":[{"taxonomy":"category","embeddable":true,"href":"https:\/\/allasorias.hu\/hirek\/wp-json\/wp\/v2\/categories?post=6289"},{"taxonomy":"post_tag","embeddable":true,"href":"https:\/\/allasorias.hu\/hirek\/wp-json\/wp\/v2\/tags?post=6289"}],"curies":[{"name":"wp","href":"https:\/\/api.w.org\/{rel}","templated":true}]}}