{"id":6284,"date":"2023-03-03T09:46:36","date_gmt":"2023-03-03T09:46:36","guid":{"rendered":"https:\/\/allasorias.hu\/hirek\/?p=6284"},"modified":"2023-03-03T09:46:36","modified_gmt":"2023-03-03T09:46:36","slug":"a-fizetes-es-a-jol-szervezett-munka-motival","status":"publish","type":"post","link":"https:\/\/allasorias.hu\/hirek\/a-fizetes-es-a-jol-szervezett-munka-motival\/","title":{"rendered":"A fizet\u00e9s \u00e9s a j\u00f3l szervezett munka motiv\u00e1l"},"content":{"rendered":"<p><strong>Nemcsak a magasabb b\u00e9r, de a j\u00f3l szervezett munka is motiv\u00e1lja haz\u00e1nkban a dolgoz\u00f3kat abban, hogy munkahelyet v\u00e1ltsanak. A c\u00e9gek nagyobb r\u00e9sze tervezi a b\u00e9remel\u00e9st, b\u00e1r az egyes felm\u00e9r\u00e9sek elt\u00e9r\u0151 sz\u00e1nd\u00e9kokr\u00f3l sz\u00e1molnak be.<\/strong><\/p>\n<p>A munkav\u00e1llal\u00f3k \u00e9s a munkaad\u00f3k elv\u00e1r\u00e1sai a magas infl\u00e1ci\u00f3 \u00e9s a bizonytalan gazdas\u00e1gi kil\u00e1t\u00e1sok miatt t\u00e1volabb ker\u00fcltek egym\u00e1st\u00f3l t\u00f6bb frissen k\u00f6z\u00f6lt munkaer\u0151piaci felm\u00e9r\u00e9s alapj\u00e1n. A magyar munkav\u00e1llal\u00f3k t\u00f6bb, mint fele gondolkodik a munkahelyv\u00e1lt\u00e1son a Deloitte friss felm\u00e9r\u00e9se szerint. A f\u0151 probl\u00e9ma az elv\u00e1rtn\u00e1l alacsonyabb fizet\u00e9s, de motiv\u00e1lja a v\u00e1lt\u00e1st a rosszul szervezett munka, a fejl\u0151d\u00e9si lehet\u0151s\u00e9gek, \u00e9s a rugalmas munkav\u00e9gz\u00e9s hi\u00e1nya is.<\/p>\n<h2>Irre\u00e1lis fizet\u00e9si elv\u00e1r\u00e1sok, tapasztalat \u00e9s nyelvtud\u00e1s n\u00e9lk\u00fcl<\/h2>\n<p>Viszont csak a c\u00e9gek nagyj\u00e1b\u00f3l harmada (34 sz\u00e1zal\u00e9k) tervez b\u0151v\u00edteni az id\u00e9n a Randstad friss felm\u00e9r\u00e9se szerint, mik\u00f6zben tavaly ugyanez az ar\u00e1ny m\u00e9g 89 sz\u00e1zal\u00e9k volt. A c\u00e9gek 8 sz\u00e1zal\u00e9ka elbocs\u00e1t\u00e1sban is gondolkodik. A k\u00f6zel 250, d\u00f6nt\u0151en k\u00f6z\u00e9p- \u00e9s nagyv\u00e1llalat megk\u00e9rdezett vezet\u0151je az infl\u00e1ci\u00f3 miatt megugr\u00f3 b\u00e9r- \u00e9s m\u0171k\u00f6d\u00e9si k\u00f6lts\u00e9geket (71 \u00e9s 61 sz\u00e1zal\u00e9k) l\u00e1tja az idei legnagyobb kih\u00edv\u00e1snak, de t\u00falnyom\u00f3 t\u00f6bbs\u00e9g\u00fck tervez b\u00e9reket emelni. A munkav\u00e1llal\u00f3k irre\u00e1lis fizet\u00e9si elv\u00e1r\u00e1sai mellett a megfelel\u0151 ipar\u00e1gi tapasztalat \u00e9s a <a href=\"https:\/\/allasorias.hu\/hirek\/fontos-a-kommunikacio-es-az-angol-nyelvtudas\/\">nyelvtud\u00e1s<\/a> hi\u00e1ny\u00e1t jel\u00f6lt\u00e9k meg a legt\u00f6bben a probl\u00e9m\u00e1k k\u00f6z\u00f6tt.<\/p>\n<h2>A munkav\u00e1llal\u00f3k nem gondolj\u00e1k m\u00e9lt\u00e1nyosnak a tervezett <a href=\"https:\/\/allasorias.hu\/hirek\/nottek-a-berek-magyarorszagon\/\">b\u00e9remel\u00e9seket<\/a><\/h2>\n<p>Elt\u00e9r\u0151 elk\u00e9pzel\u00e9sekr\u0151l sz\u00e1mol be a Randstad is: a munkaad\u00f3k 6-15 sz\u00e1zal\u00e9kos emel\u00e9st terveznek, a munkav\u00e1llal\u00f3k 16-20-at gondoln\u00e1nak m\u00e9lt\u00e1nyosnak. T\u00e1gabb kontextus: A K\u00f6zponti Statisztikai Hivatal adatai szerint tavaly a <a href=\"https:\/\/www.ksh.hu\/stadat_files\/mun\/hu\/mun0070.html\" target=\"_blank\" rel=\"nofollow noopener noreferrer\">re\u00e1lkeresetek<\/a> 2,6 sz\u00e1zal\u00e9kkal n\u0151ttek, de a decemberre 24,5 sz\u00e1zal\u00e9kosra ugr\u00f3 dr\u00e1gul\u00e1ssal m\u00e1r nem tudta tartani a l\u00e9p\u00e9st a b\u00e9rek n\u00f6veked\u00e9se \u00e9v\/\u00e9v alapon. Mi k\u00f6vetkezik? A felm\u00e9r\u00e9sek alapj\u00e1n a Magyar Nemzeti Bank el\u0151rejelz\u00e9se j\u00f6het be, ami 2023-ra 0,6-1,6 sz\u00e1zal\u00e9kos re\u00e1lb\u00e9rcs\u00f6kken\u00e9st prognosztiz\u00e1lt.<\/p>\n<p>Forr\u00e1s: <a href=\"https:\/\/g7.hu\/vallalat\/20230302\/tavolodnak-a-munkaeropiacon-a-dolgozok-es-a-cegek-elvarasai-az-inflacio-miatt\/\" target=\"_blank\" rel=\"nofollow noopener noreferrer\">g7.hu<\/a><\/p>\n","protected":false},"excerpt":{"rendered":"<p>Nemcsak a magasabb b\u00e9r, de a j\u00f3l szervezett munka is motiv\u00e1lja haz\u00e1nkban a dolgoz\u00f3kat abban, hogy munkahelyet v\u00e1ltsanak. A c\u00e9gek nagyobb r\u00e9sze tervezi a b\u00e9remel\u00e9st, b\u00e1r az egyes felm\u00e9r\u00e9sek elt\u00e9r\u0151 sz\u00e1nd\u00e9kokr\u00f3l sz\u00e1molnak be. A munkav\u00e1llal\u00f3k \u00e9s a munkaad\u00f3k elv\u00e1r\u00e1sai a magas infl\u00e1ci\u00f3 \u00e9s a bizonytalan gazdas\u00e1gi kil\u00e1t\u00e1sok miatt t\u00e1volabb ker\u00fcltek egym\u00e1st\u00f3l t\u00f6bb frissen k\u00f6z\u00f6lt munkaer\u0151piaci [&hellip;]<\/p>\n","protected":false},"author":1,"featured_media":6287,"comment_status":"open","ping_status":"open","sticky":false,"template":"","format":"standard","meta":{"_monsterinsights_skip_tracking":false,"footnotes":""},"categories":[200],"tags":[256,393],"class_list":["post-6284","post","type-post","status-publish","format-standard","has-post-thumbnail","hentry","category-munkaeropiac","tag-beremeles","tag-munkahelyvaltas"],"aioseo_notices":[],"aioseo_head":"\n\t\t<!-- All in One SEO 5.0.0.1 - aioseo.com -->\n\t<meta name=\"description\" content=\"Nemcsak a magasabb b\u00e9r, de a j\u00f3l szervezett munka is motiv\u00e1lja haz\u00e1nkban a dolgoz\u00f3kat abban, hogy munkahelyet v\u00e1ltsanak. Nem m\u00e9lt\u00e1nyosnak a b\u00e9remel\u00e9sek.\" \/>\n\t<meta name=\"robots\" content=\"max-image-preview:large\" \/>\n\t<meta name=\"author\" content=\"Juh\u00e1sz P\u00e9ter\"\/>\n\t<meta name=\"keywords\" content=\"b\u00e9remel\u00e9s,munkahelyv\u00e1lt\u00e1s\" \/>\n\t<link rel=\"canonical\" href=\"https:\/\/allasorias.hu\/hirek\/a-fizetes-es-a-jol-szervezett-munka-motival\/\" \/>\n\t<meta name=\"generator\" content=\"All in One SEO (AIOSEO) 5.0.0.1\" \/>\n\t\t<meta property=\"og:locale\" content=\"hu_HU\" \/>\n\t\t<meta property=\"og:site_name\" content=\"AllasOrias.hu | H\u00edrek-lapszemle | \u00dczleti h\u00edrek az \u00e1ll\u00e1s \u00e9s a munka vil\u00e1g\u00e1b\u00f3l\" \/>\n\t\t<meta property=\"og:type\" content=\"article\" \/>\n\t\t<meta property=\"og:title\" content=\"A fizet\u00e9s \u00e9s a j\u00f3l szervezett munka motiv\u00e1l | Allasorias.hu\" \/>\n\t\t<meta property=\"og:description\" content=\"Nemcsak a magasabb b\u00e9r, de a j\u00f3l szervezett munka is motiv\u00e1lja haz\u00e1nkban a dolgoz\u00f3kat abban, hogy munkahelyet v\u00e1ltsanak. Nem m\u00e9lt\u00e1nyosnak a b\u00e9remel\u00e9sek.\" \/>\n\t\t<meta property=\"og:url\" content=\"https:\/\/allasorias.hu\/hirek\/a-fizetes-es-a-jol-szervezett-munka-motival\/\" \/>\n\t\t<meta property=\"og:image\" content=\"https:\/\/allasorias.hu\/hirek\/wp-content\/uploads\/2023\/03\/beremeles-motivacio.jpg\" \/>\n\t\t<meta property=\"og:image:secure_url\" content=\"https:\/\/allasorias.hu\/hirek\/wp-content\/uploads\/2023\/03\/beremeles-motivacio.jpg\" \/>\n\t\t<meta property=\"og:image:width\" content=\"1280\" \/>\n\t\t<meta property=\"og:image:height\" content=\"720\" \/>\n\t\t<meta property=\"article:published_time\" content=\"2023-03-03T09:46:36+00:00\" \/>\n\t\t<meta property=\"article:modified_time\" content=\"2023-03-03T09:46:36+00:00\" \/>\n\t\t<meta property=\"article:publisher\" content=\"https:\/\/www.facebook.com\/allasorias\" \/>\n\t\t<meta name=\"twitter:card\" content=\"summary_large_image\" \/>\n\t\t<meta name=\"twitter:title\" content=\"A fizet\u00e9s \u00e9s a j\u00f3l szervezett munka motiv\u00e1l | Allasorias.hu\" \/>\n\t\t<meta name=\"twitter:description\" content=\"Nemcsak a magasabb b\u00e9r, de a j\u00f3l szervezett munka is motiv\u00e1lja haz\u00e1nkban a dolgoz\u00f3kat abban, hogy munkahelyet v\u00e1ltsanak. Nem m\u00e9lt\u00e1nyosnak a b\u00e9remel\u00e9sek.\" \/>\n\t\t<meta name=\"twitter:image\" content=\"https:\/\/allasorias.hu\/hirek\/wp-content\/uploads\/2023\/03\/beremeles-motivacio.jpg\" \/>\n\t\t<meta name=\"twitter:label1\" content=\"Written by\" \/>\n\t\t<meta name=\"twitter:data1\" content=\"Juh\u00e1sz P\u00e9ter\" \/>\n\t\t<meta name=\"twitter:label2\" content=\"Est. reading time\" \/>\n\t\t<meta name=\"twitter:data2\" content=\"2 minutes\" \/>\n\t\t<script type=\"application\/ld+json\" class=\"aioseo-schema\">\n\t\t\t{\"@context\":\"https:\\\/\\\/schema.org\",\"@graph\":[{\"@type\":\"Article\",\"@id\":\"https:\\\/\\\/allasorias.hu\\\/hirek\\\/a-fizetes-es-a-jol-szervezett-munka-motival\\\/#article\",\"name\":\"A fizet\\u00e9s \\u00e9s a j\\u00f3l szervezett munka motiv\\u00e1l | Allasorias.hu\",\"headline\":\"A fizet\\u00e9s \\u00e9s a j\\u00f3l szervezett munka motiv\\u00e1l\",\"author\":{\"@id\":\"https:\\\/\\\/allasorias.hu\\\/hirek\\\/author\\\/admin-allasorias\\\/#author\"},\"publisher\":{\"@id\":\"https:\\\/\\\/allasorias.hu\\\/hirek\\\/#organization\"},\"image\":{\"@type\":\"ImageObject\",\"url\":\"https:\\\/\\\/allasorias.hu\\\/hirek\\\/wp-content\\\/uploads\\\/2023\\\/03\\\/beremeles-motivacio.jpg\",\"width\":1280,\"height\":720,\"caption\":\"A fizet\\u00e9s \\u00e9s a j\\u00f3l szervezett munka motiv\\u00e1l - Allasorias.hu\\\/Hirek\"},\"datePublished\":\"2023-03-03T09:46:36+02:00\",\"dateModified\":\"2023-03-03T09:46:36+02:00\",\"inLanguage\":\"hu-HU\",\"mainEntityOfPage\":{\"@id\":\"https:\\\/\\\/allasorias.hu\\\/hirek\\\/a-fizetes-es-a-jol-szervezett-munka-motival\\\/#webpage\"},\"isPartOf\":{\"@id\":\"https:\\\/\\\/allasorias.hu\\\/hirek\\\/a-fizetes-es-a-jol-szervezett-munka-motival\\\/#webpage\"},\"articleSection\":\"Munkaer\\u0151piac, b\\u00e9remel\\u00e9s, munkahelyv\\u00e1lt\\u00e1s\"},{\"@type\":\"BreadcrumbList\",\"@id\":\"https:\\\/\\\/allasorias.hu\\\/hirek\\\/a-fizetes-es-a-jol-szervezett-munka-motival\\\/#breadcrumblist\",\"itemListElement\":[{\"@type\":\"ListItem\",\"@id\":\"https:\\\/\\\/allasorias.hu\\\/hirek#listItem\",\"position\":1,\"name\":\"Home\",\"item\":\"https:\\\/\\\/allasorias.hu\\\/hirek\",\"nextItem\":{\"@type\":\"ListItem\",\"@id\":\"https:\\\/\\\/allasorias.hu\\\/hirek\\\/temak\\\/munkaeropiac\\\/#listItem\",\"name\":\"Munkaer\\u0151piac\"}},{\"@type\":\"ListItem\",\"@id\":\"https:\\\/\\\/allasorias.hu\\\/hirek\\\/temak\\\/munkaeropiac\\\/#listItem\",\"position\":2,\"name\":\"Munkaer\\u0151piac\",\"item\":\"https:\\\/\\\/allasorias.hu\\\/hirek\\\/temak\\\/munkaeropiac\\\/\",\"nextItem\":{\"@type\":\"ListItem\",\"@id\":\"https:\\\/\\\/allasorias.hu\\\/hirek\\\/a-fizetes-es-a-jol-szervezett-munka-motival\\\/#listItem\",\"name\":\"A fizet\\u00e9s \\u00e9s a j\\u00f3l szervezett munka motiv\\u00e1l\"},\"previousItem\":{\"@type\":\"ListItem\",\"@id\":\"https:\\\/\\\/allasorias.hu\\\/hirek#listItem\",\"name\":\"Home\"}},{\"@type\":\"ListItem\",\"@id\":\"https:\\\/\\\/allasorias.hu\\\/hirek\\\/a-fizetes-es-a-jol-szervezett-munka-motival\\\/#listItem\",\"position\":3,\"name\":\"A fizet\\u00e9s \\u00e9s a j\\u00f3l szervezett munka motiv\\u00e1l\",\"previousItem\":{\"@type\":\"ListItem\",\"@id\":\"https:\\\/\\\/allasorias.hu\\\/hirek\\\/temak\\\/munkaeropiac\\\/#listItem\",\"name\":\"Munkaer\\u0151piac\"}}]},{\"@type\":\"Organization\",\"@id\":\"https:\\\/\\\/allasorias.hu\\\/hirek\\\/#organization\",\"name\":\"AllasOrias.hu | H\\u00edrek-lapszemle\",\"description\":\"\\u00dczleti h\\u00edrek az \\u00e1ll\\u00e1s \\u00e9s a munka vil\\u00e1g\\u00e1b\\u00f3l\",\"url\":\"https:\\\/\\\/allasorias.hu\\\/hirek\\\/\",\"logo\":{\"@type\":\"ImageObject\",\"url\":\"https:\\\/\\\/allasorias.hu\\\/hirek\\\/wp-content\\\/uploads\\\/2022\\\/10\\\/allasorias_site_facebok_logo.png\",\"@id\":\"https:\\\/\\\/allasorias.hu\\\/hirek\\\/a-fizetes-es-a-jol-szervezett-munka-motival\\\/#organizationLogo\"},\"image\":{\"@id\":\"https:\\\/\\\/allasorias.hu\\\/hirek\\\/a-fizetes-es-a-jol-szervezett-munka-motival\\\/#organizationLogo\"},\"sameAs\":[\"https:\\\/\\\/www.facebook.com\\\/allasorias\",\"https:\\\/\\\/www.linkedin.com\\\/company\\\/allasorias\"]},{\"@type\":\"Person\",\"@id\":\"https:\\\/\\\/allasorias.hu\\\/hirek\\\/author\\\/admin-allasorias\\\/#author\",\"url\":\"https:\\\/\\\/allasorias.hu\\\/hirek\\\/author\\\/admin-allasorias\\\/\",\"name\":\"Juh\\u00e1sz P\\u00e9ter\",\"image\":{\"@type\":\"ImageObject\",\"@id\":\"https:\\\/\\\/allasorias.hu\\\/hirek\\\/a-fizetes-es-a-jol-szervezett-munka-motival\\\/#authorImage\",\"url\":\"https:\\\/\\\/secure.gravatar.com\\\/avatar\\\/36e6bcb83148978b992977cb0f54d22feb0cce8a0a849a9410532bb2623ba4c6?s=96&d=mm&r=g\",\"width\":96,\"height\":96,\"caption\":\"Juh\\u00e1sz P\\u00e9ter\"}},{\"@type\":\"WebPage\",\"@id\":\"https:\\\/\\\/allasorias.hu\\\/hirek\\\/a-fizetes-es-a-jol-szervezett-munka-motival\\\/#webpage\",\"url\":\"https:\\\/\\\/allasorias.hu\\\/hirek\\\/a-fizetes-es-a-jol-szervezett-munka-motival\\\/\",\"name\":\"A fizet\\u00e9s \\u00e9s a j\\u00f3l szervezett munka motiv\\u00e1l | Allasorias.hu\",\"description\":\"Nemcsak a magasabb b\\u00e9r, de a j\\u00f3l szervezett munka is motiv\\u00e1lja haz\\u00e1nkban a dolgoz\\u00f3kat abban, hogy munkahelyet v\\u00e1ltsanak. Nem m\\u00e9lt\\u00e1nyosnak a b\\u00e9remel\\u00e9sek.\",\"inLanguage\":\"hu-HU\",\"isPartOf\":{\"@id\":\"https:\\\/\\\/allasorias.hu\\\/hirek\\\/#website\"},\"breadcrumb\":{\"@id\":\"https:\\\/\\\/allasorias.hu\\\/hirek\\\/a-fizetes-es-a-jol-szervezett-munka-motival\\\/#breadcrumblist\"},\"author\":{\"@id\":\"https:\\\/\\\/allasorias.hu\\\/hirek\\\/author\\\/admin-allasorias\\\/#author\"},\"creator\":{\"@id\":\"https:\\\/\\\/allasorias.hu\\\/hirek\\\/author\\\/admin-allasorias\\\/#author\"},\"image\":{\"@type\":\"ImageObject\",\"url\":\"https:\\\/\\\/allasorias.hu\\\/hirek\\\/wp-content\\\/uploads\\\/2023\\\/03\\\/beremeles-motivacio.jpg\",\"@id\":\"https:\\\/\\\/allasorias.hu\\\/hirek\\\/a-fizetes-es-a-jol-szervezett-munka-motival\\\/#mainImage\",\"width\":1280,\"height\":720,\"caption\":\"A fizet\\u00e9s \\u00e9s a j\\u00f3l szervezett munka motiv\\u00e1l - Allasorias.hu\\\/Hirek\"},\"primaryImageOfPage\":{\"@id\":\"https:\\\/\\\/allasorias.hu\\\/hirek\\\/a-fizetes-es-a-jol-szervezett-munka-motival\\\/#mainImage\"},\"datePublished\":\"2023-03-03T09:46:36+02:00\",\"dateModified\":\"2023-03-03T09:46:36+02:00\"},{\"@type\":\"WebSite\",\"@id\":\"https:\\\/\\\/allasorias.hu\\\/hirek\\\/#website\",\"url\":\"https:\\\/\\\/allasorias.hu\\\/hirek\\\/\",\"name\":\"AllasOrias.hu | H\\u00edrek-lapszemle\",\"description\":\"\\u00dczleti h\\u00edrek az \\u00e1ll\\u00e1s \\u00e9s a munka vil\\u00e1g\\u00e1b\\u00f3l\",\"inLanguage\":\"hu-HU\",\"publisher\":{\"@id\":\"https:\\\/\\\/allasorias.hu\\\/hirek\\\/#organization\"}}]}\n\t\t<\/script>\n\t\t<!-- All in One SEO -->\n\n","aioseo_head_json":{"title":"A fizet\u00e9s \u00e9s a j\u00f3l szervezett munka motiv\u00e1l | Allasorias.hu","description":"Nemcsak a magasabb b\u00e9r, de a j\u00f3l szervezett munka is motiv\u00e1lja haz\u00e1nkban a dolgoz\u00f3kat abban, hogy munkahelyet v\u00e1ltsanak. Nem m\u00e9lt\u00e1nyosnak a b\u00e9remel\u00e9sek.","canonical_url":"https:\/\/allasorias.hu\/hirek\/a-fizetes-es-a-jol-szervezett-munka-motival\/","robots":"max-image-preview:large","keywords":"b\u00e9remel\u00e9s,munkahelyv\u00e1lt\u00e1s","webmasterTools":{"miscellaneous":""},"schema":{"@context":"https:\/\/schema.org","@graph":[{"@type":"Article","@id":"https:\/\/allasorias.hu\/hirek\/a-fizetes-es-a-jol-szervezett-munka-motival\/#article","name":"A fizet\u00e9s \u00e9s a j\u00f3l szervezett munka motiv\u00e1l | Allasorias.hu","headline":"A fizet\u00e9s \u00e9s a j\u00f3l szervezett munka motiv\u00e1l","author":{"@id":"https:\/\/allasorias.hu\/hirek\/author\/admin-allasorias\/#author"},"publisher":{"@id":"https:\/\/allasorias.hu\/hirek\/#organization"},"image":{"@type":"ImageObject","url":"https:\/\/allasorias.hu\/hirek\/wp-content\/uploads\/2023\/03\/beremeles-motivacio.jpg","width":1280,"height":720,"caption":"A fizet\u00e9s \u00e9s a j\u00f3l szervezett munka motiv\u00e1l - Allasorias.hu\/Hirek"},"datePublished":"2023-03-03T09:46:36+02:00","dateModified":"2023-03-03T09:46:36+02:00","inLanguage":"hu-HU","mainEntityOfPage":{"@id":"https:\/\/allasorias.hu\/hirek\/a-fizetes-es-a-jol-szervezett-munka-motival\/#webpage"},"isPartOf":{"@id":"https:\/\/allasorias.hu\/hirek\/a-fizetes-es-a-jol-szervezett-munka-motival\/#webpage"},"articleSection":"Munkaer\u0151piac, b\u00e9remel\u00e9s, munkahelyv\u00e1lt\u00e1s"},{"@type":"BreadcrumbList","@id":"https:\/\/allasorias.hu\/hirek\/a-fizetes-es-a-jol-szervezett-munka-motival\/#breadcrumblist","itemListElement":[{"@type":"ListItem","@id":"https:\/\/allasorias.hu\/hirek#listItem","position":1,"name":"Home","item":"https:\/\/allasorias.hu\/hirek","nextItem":{"@type":"ListItem","@id":"https:\/\/allasorias.hu\/hirek\/temak\/munkaeropiac\/#listItem","name":"Munkaer\u0151piac"}},{"@type":"ListItem","@id":"https:\/\/allasorias.hu\/hirek\/temak\/munkaeropiac\/#listItem","position":2,"name":"Munkaer\u0151piac","item":"https:\/\/allasorias.hu\/hirek\/temak\/munkaeropiac\/","nextItem":{"@type":"ListItem","@id":"https:\/\/allasorias.hu\/hirek\/a-fizetes-es-a-jol-szervezett-munka-motival\/#listItem","name":"A fizet\u00e9s \u00e9s a j\u00f3l szervezett munka motiv\u00e1l"},"previousItem":{"@type":"ListItem","@id":"https:\/\/allasorias.hu\/hirek#listItem","name":"Home"}},{"@type":"ListItem","@id":"https:\/\/allasorias.hu\/hirek\/a-fizetes-es-a-jol-szervezett-munka-motival\/#listItem","position":3,"name":"A fizet\u00e9s \u00e9s a j\u00f3l szervezett munka motiv\u00e1l","previousItem":{"@type":"ListItem","@id":"https:\/\/allasorias.hu\/hirek\/temak\/munkaeropiac\/#listItem","name":"Munkaer\u0151piac"}}]},{"@type":"Organization","@id":"https:\/\/allasorias.hu\/hirek\/#organization","name":"AllasOrias.hu | H\u00edrek-lapszemle","description":"\u00dczleti h\u00edrek az \u00e1ll\u00e1s \u00e9s a munka vil\u00e1g\u00e1b\u00f3l","url":"https:\/\/allasorias.hu\/hirek\/","logo":{"@type":"ImageObject","url":"https:\/\/allasorias.hu\/hirek\/wp-content\/uploads\/2022\/10\/allasorias_site_facebok_logo.png","@id":"https:\/\/allasorias.hu\/hirek\/a-fizetes-es-a-jol-szervezett-munka-motival\/#organizationLogo"},"image":{"@id":"https:\/\/allasorias.hu\/hirek\/a-fizetes-es-a-jol-szervezett-munka-motival\/#organizationLogo"},"sameAs":["https:\/\/www.facebook.com\/allasorias","https:\/\/www.linkedin.com\/company\/allasorias"]},{"@type":"Person","@id":"https:\/\/allasorias.hu\/hirek\/author\/admin-allasorias\/#author","url":"https:\/\/allasorias.hu\/hirek\/author\/admin-allasorias\/","name":"Juh\u00e1sz P\u00e9ter","image":{"@type":"ImageObject","@id":"https:\/\/allasorias.hu\/hirek\/a-fizetes-es-a-jol-szervezett-munka-motival\/#authorImage","url":"https:\/\/secure.gravatar.com\/avatar\/36e6bcb83148978b992977cb0f54d22feb0cce8a0a849a9410532bb2623ba4c6?s=96&d=mm&r=g","width":96,"height":96,"caption":"Juh\u00e1sz P\u00e9ter"}},{"@type":"WebPage","@id":"https:\/\/allasorias.hu\/hirek\/a-fizetes-es-a-jol-szervezett-munka-motival\/#webpage","url":"https:\/\/allasorias.hu\/hirek\/a-fizetes-es-a-jol-szervezett-munka-motival\/","name":"A fizet\u00e9s \u00e9s a j\u00f3l szervezett munka motiv\u00e1l | Allasorias.hu","description":"Nemcsak a magasabb b\u00e9r, de a j\u00f3l szervezett munka is motiv\u00e1lja haz\u00e1nkban a dolgoz\u00f3kat abban, hogy munkahelyet v\u00e1ltsanak. Nem m\u00e9lt\u00e1nyosnak a b\u00e9remel\u00e9sek.","inLanguage":"hu-HU","isPartOf":{"@id":"https:\/\/allasorias.hu\/hirek\/#website"},"breadcrumb":{"@id":"https:\/\/allasorias.hu\/hirek\/a-fizetes-es-a-jol-szervezett-munka-motival\/#breadcrumblist"},"author":{"@id":"https:\/\/allasorias.hu\/hirek\/author\/admin-allasorias\/#author"},"creator":{"@id":"https:\/\/allasorias.hu\/hirek\/author\/admin-allasorias\/#author"},"image":{"@type":"ImageObject","url":"https:\/\/allasorias.hu\/hirek\/wp-content\/uploads\/2023\/03\/beremeles-motivacio.jpg","@id":"https:\/\/allasorias.hu\/hirek\/a-fizetes-es-a-jol-szervezett-munka-motival\/#mainImage","width":1280,"height":720,"caption":"A fizet\u00e9s \u00e9s a j\u00f3l szervezett munka motiv\u00e1l - Allasorias.hu\/Hirek"},"primaryImageOfPage":{"@id":"https:\/\/allasorias.hu\/hirek\/a-fizetes-es-a-jol-szervezett-munka-motival\/#mainImage"},"datePublished":"2023-03-03T09:46:36+02:00","dateModified":"2023-03-03T09:46:36+02:00"},{"@type":"WebSite","@id":"https:\/\/allasorias.hu\/hirek\/#website","url":"https:\/\/allasorias.hu\/hirek\/","name":"AllasOrias.hu | H\u00edrek-lapszemle","description":"\u00dczleti h\u00edrek az \u00e1ll\u00e1s \u00e9s a munka vil\u00e1g\u00e1b\u00f3l","inLanguage":"hu-HU","publisher":{"@id":"https:\/\/allasorias.hu\/hirek\/#organization"}}]},"og:locale":"hu_HU","og:site_name":"AllasOrias.hu | H\u00edrek-lapszemle | \u00dczleti h\u00edrek az \u00e1ll\u00e1s \u00e9s a munka vil\u00e1g\u00e1b\u00f3l","og:type":"article","og:title":"A fizet\u00e9s \u00e9s a j\u00f3l szervezett munka motiv\u00e1l | Allasorias.hu","og:description":"Nemcsak a magasabb b\u00e9r, de a j\u00f3l szervezett munka is motiv\u00e1lja haz\u00e1nkban a dolgoz\u00f3kat abban, hogy munkahelyet v\u00e1ltsanak. Nem m\u00e9lt\u00e1nyosnak a b\u00e9remel\u00e9sek.","og:url":"https:\/\/allasorias.hu\/hirek\/a-fizetes-es-a-jol-szervezett-munka-motival\/","og:image":"https:\/\/allasorias.hu\/hirek\/wp-content\/uploads\/2023\/03\/beremeles-motivacio.jpg","og:image:secure_url":"https:\/\/allasorias.hu\/hirek\/wp-content\/uploads\/2023\/03\/beremeles-motivacio.jpg","og:image:width":1280,"og:image:height":720,"article:published_time":"2023-03-03T09:46:36+00:00","article:modified_time":"2023-03-03T09:46:36+00:00","article:publisher":"https:\/\/www.facebook.com\/allasorias","twitter:card":"summary_large_image","twitter:title":"A fizet\u00e9s \u00e9s a j\u00f3l szervezett munka motiv\u00e1l | Allasorias.hu","twitter:description":"Nemcsak a magasabb b\u00e9r, de a j\u00f3l szervezett munka is motiv\u00e1lja haz\u00e1nkban a dolgoz\u00f3kat abban, hogy munkahelyet v\u00e1ltsanak. Nem m\u00e9lt\u00e1nyosnak a b\u00e9remel\u00e9sek.","twitter:image":"https:\/\/allasorias.hu\/hirek\/wp-content\/uploads\/2023\/03\/beremeles-motivacio.jpg","twitter:label1":"Written by","twitter:data1":"Juh\u00e1sz P\u00e9ter","twitter:label2":"Est. reading time","twitter:data2":"2 minutes"},"aioseo_meta_data":{"post_id":"6284","title":"#post_title | Allasorias.hu","description":"Nemcsak a magasabb b\u00e9r, de a j\u00f3l szervezett munka is motiv\u00e1lja haz\u00e1nkban a dolgoz\u00f3kat abban, hogy munkahelyet v\u00e1ltsanak. Nem m\u00e9lt\u00e1nyosnak a b\u00e9remel\u00e9sek.","keywords":[],"keyphrases":{"focus":{"keyphrase":"","score":0,"analysis":{"keyphraseInTitle":{"score":0,"maxScore":9,"error":1}}},"additional":[]},"primary_term":null,"canonical_url":null,"og_title":null,"og_description":null,"og_object_type":"default","og_image_type":"default","og_image_url":null,"og_image_width":null,"og_image_height":null,"og_image_custom_url":null,"og_image_custom_fields":null,"og_video":"","og_custom_url":null,"og_article_section":null,"og_article_tags":[],"twitter_use_og":true,"twitter_card":"default","twitter_image_type":"default","twitter_image_url":null,"twitter_image_custom_url":null,"twitter_image_custom_fields":null,"twitter_title":null,"twitter_description":null,"schema":{"blockGraphs":[],"customGraphs":[],"default":{"data":{"Article":[],"Course":[],"Dataset":[],"FAQPage":[],"Movie":[],"Person":[],"Product":[],"ProductReview":[],"Car":[],"Recipe":[],"Service":[],"SoftwareApplication":[],"WebPage":[]},"graphName":"Article","isEnabled":true},"graphs":[]},"schema_type":"default","schema_type_options":null,"pillar_content":false,"robots_default":true,"robots_noindex":false,"robots_noarchive":false,"robots_nosnippet":false,"robots_nofollow":false,"robots_noimageindex":false,"robots_noodp":false,"robots_notranslate":false,"robots_max_snippet":"-1","robots_max_videopreview":"-1","robots_max_imagepreview":"large","priority":null,"frequency":"default","location":null,"local_seo":null,"breadcrumb_settings":null,"limit_modified_date":false,"ai":null,"created":"2023-03-03 09:25:13","updated":"2025-10-02 18:10:41","seo_analyzer_scan_date":null,"focus_keyword":null,"additional_keywords":null,"truseo_locale":null},"aioseo_breadcrumb":"<div class=\"aioseo-breadcrumbs\"><span class=\"aioseo-breadcrumb\">\n\t\t\t<a href=\"https:\/\/allasorias.hu\/hirek\" title=\"Home\">Home<\/a>\n\t\t<\/span><span class=\"aioseo-breadcrumb-separator\">&raquo;<\/span><span class=\"aioseo-breadcrumb\">\n\t\t\t<a href=\"https:\/\/allasorias.hu\/hirek\/temak\/munkaeropiac\/\" title=\"Munkaer\u0151piac\">Munkaer\u0151piac<\/a>\n\t\t<\/span><span class=\"aioseo-breadcrumb-separator\">&raquo;<\/span><span class=\"aioseo-breadcrumb\">\n\t\t\tA fizet\u00e9s \u00e9s a j\u00f3l szervezett munka motiv\u00e1l\n\t\t<\/span><\/div>","aioseo_breadcrumb_json":[{"label":"Home","link":"https:\/\/allasorias.hu\/hirek"},{"label":"Munkaer\u0151piac","link":"https:\/\/allasorias.hu\/hirek\/temak\/munkaeropiac\/"},{"label":"A fizet\u00e9s \u00e9s a j\u00f3l szervezett munka motiv\u00e1l","link":"https:\/\/allasorias.hu\/hirek\/a-fizetes-es-a-jol-szervezett-munka-motival\/"}],"_links":{"self":[{"href":"https:\/\/allasorias.hu\/hirek\/wp-json\/wp\/v2\/posts\/6284","targetHints":{"allow":["GET"]}}],"collection":[{"href":"https:\/\/allasorias.hu\/hirek\/wp-json\/wp\/v2\/posts"}],"about":[{"href":"https:\/\/allasorias.hu\/hirek\/wp-json\/wp\/v2\/types\/post"}],"author":[{"embeddable":true,"href":"https:\/\/allasorias.hu\/hirek\/wp-json\/wp\/v2\/users\/1"}],"replies":[{"embeddable":true,"href":"https:\/\/allasorias.hu\/hirek\/wp-json\/wp\/v2\/comments?post=6284"}],"version-history":[{"count":2,"href":"https:\/\/allasorias.hu\/hirek\/wp-json\/wp\/v2\/posts\/6284\/revisions"}],"predecessor-version":[{"id":6288,"href":"https:\/\/allasorias.hu\/hirek\/wp-json\/wp\/v2\/posts\/6284\/revisions\/6288"}],"wp:featuredmedia":[{"embeddable":true,"href":"https:\/\/allasorias.hu\/hirek\/wp-json\/wp\/v2\/media\/6287"}],"wp:attachment":[{"href":"https:\/\/allasorias.hu\/hirek\/wp-json\/wp\/v2\/media?parent=6284"}],"wp:term":[{"taxonomy":"category","embeddable":true,"href":"https:\/\/allasorias.hu\/hirek\/wp-json\/wp\/v2\/categories?post=6284"},{"taxonomy":"post_tag","embeddable":true,"href":"https:\/\/allasorias.hu\/hirek\/wp-json\/wp\/v2\/tags?post=6284"}],"curies":[{"name":"wp","href":"https:\/\/api.w.org\/{rel}","templated":true}]}}