{"id":6278,"date":"2023-03-02T08:12:30","date_gmt":"2023-03-02T08:12:30","guid":{"rendered":"https:\/\/allasorias.hu\/hirek\/?p=6278"},"modified":"2023-09-14T08:23:17","modified_gmt":"2023-09-14T06:23:17","slug":"tobb-ezer-diak-a-kadetrendszerben-katonak-a-munkaeropiacon","status":"publish","type":"post","link":"https:\/\/allasorias.hu\/hirek\/tobb-ezer-diak-a-kadetrendszerben-katonak-a-munkaeropiacon\/","title":{"rendered":"T\u00f6bb ezer di\u00e1k a kad\u00e9trendszerben \u2013 katon\u00e1k a munkaer\u0151piacon"},"content":{"rendered":"<p><strong>M\u00e1r t\u00f6bb ezer k\u00f6z\u00e9piskol\u00e1s di\u00e1k van benne a kad\u00e9trendszerben, a katona p\u00e1lya hat\u00e1ssal lehet a magyar munkaer\u0151piacra. Az \u00f6nk\u00e9ntes katonai szolg\u00e1latra m\u00e1rcius k\u00f6zep\u00e9n indul a kik\u00e9pz\u00e9s. <\/strong><\/p>\n<p>Egyed\u00fcl\u00e1ll\u00f3 lehet\u0151s\u00e9get k\u00edn\u00e1lunk a munkaer\u0151piacon, az \u00f6nk\u00e9ntes szolg\u00e1latban ki lehet pr\u00f3b\u00e1lni a katona\u00e9letet &#8211; fogalmazott Durg\u00f3 Tam\u00e1s alezredes, a Magyar Honv\u00e9ds\u00e9g Katonai Igazgat\u00e1si \u00e9s K\u00f6zponti Nyilv\u00e1ntart\u00f3 Parancsnoks\u00e1g parancsnoka az M1 aktu\u00e1lis csatorna m\u0171sor\u00e1ban. Az alezredes elmondta, minden v\u00e1rmegy\u00e9ben van toborz\u00f3iroda, \u00e9s \u00e9vente t\u00f6bb sz\u00e1z rendezv\u00e9nyen jelenik meg a Magyar Honv\u00e9ds\u00e9g. B\u00e1r 18-t\u00f3l 65 \u00e9ves korig lehet jelentkezni, most a c\u00e9lcsoport a fiatals\u00e1g, hiszen &#8222;a magyar honv\u00e9ds\u00e9g m\u00e1r egy high-tech honv\u00e9ds\u00e9g, 21. sz\u00e1zadi haditechnikai eszk\u00f6z\u00f6kkel, \u00e9s az online vil\u00e1gban nevelkedett fiatalok k\u00f6nnyebben megtal\u00e1lj\u00e1k az \u00f6sszhangot egy t\u00f6bb t\u00edz tonn\u00e1s mozg\u00f3 sz\u00e1m\u00edt\u00f3g\u00e9ppel, ami egy Leopard harckocsi&#8221; &#8211; magyar\u00e1zta Durg\u00f3 Tam\u00e1s. Hozz\u00e1tette, b\u00e1rmilyen iskolai v\u00e9gzetts\u00e9ggel, b\u00e1rmilyen szakm\u00e1b\u00f3l \u00e9rkez\u0151nek tud feladatot, szolg\u00e1lati lehet\u0151s\u00e9get adni a honv\u00e9ds\u00e9g, \u00e9s nemcsak a f\u00e9rfiakat v\u00e1rj\u00e1k, hanem &#8222;a kalandv\u00e1gy\u00f3 h\u00f6lgyeket&#8221; is.<\/p>\n<h2>Minden v\u00e1rmegy\u00e9ben indul alapkik\u00e9pz\u00e9s<\/h2>\n<p>Az alapkik\u00e9pz\u00e9s \u00f6t h\u00e9t; a rendszer tavaly szeptembert\u0151l egys\u00e9ges lett, \u00edgy a jel\u00f6ltek sokkal hamarabb ker\u00fclnek be, r\u00e1ad\u00e1sul a lak\u00f3hely\u00fckh\u00f6z a legk\u00f6zelebb &#8211; hangs\u00falyozta a parancsnok. K\u00f6z\u00f6lte: minden v\u00e1rmegy\u00e9ben indul alapkik\u00e9pz\u00e9s, minden h\u00f3napban t\u00f6bb sz\u00e1z bevonul\u00f3 van. &#8222;A tartal\u00e9kos forma sokkal laz\u00e1bb k\u00f6tel\u00e9k, mint a hivat\u00e1sos szolg\u00e1lat, ezt munka vagy tanulm\u00e1nyok mellett is lehet folytatni, s\u0151t, ha valaki hallgat\u00f3i jogviszonnyal rendelkezik, akkor a honv\u00e9ds\u00e9g igyekszik a kik\u00e9pz\u00e9st \u00e9s a szolg\u00e1latot az iskolai elfoglalts\u00e1gaihoz igaz\u00edtani&#8221; &#8211; fejtette ki Durg\u00f3 Tam\u00e1s. Hozz\u00e1tette, aki megismerkedett a tartal\u00e9kos form\u00e1val, az v\u00e1laszthatja k\u00e9s\u0151bb a szerz\u0151d\u00e9ses hivat\u00e1sos form\u00e1t. Tavaly t\u00f6bb mint n\u00e9gysz\u00e1zan d\u00f6nt\u00f6ttek \u00edgy.<\/p>\n<h2>Sz\u00e1zh\u00fasz k\u00f6z\u00e9piskola, t\u00f6bb mint hatezer di\u00e1kja csatlakozott a kad\u00e9trendszerbe<\/h2>\n<p>Az \u00e9rdekl\u0151d\u0151k az <a href=\"https:\/\/iranyasereg.hu\/\" target=\"_blank\" rel=\"nofollow noopener noreferrer\">iranyasereg.hu<\/a> karrieroldalon teljes k\u00f6r\u0171 t\u00e1j\u00e9koztat\u00e1st kapnak, minden h\u00f3napban van bevonul\u00e1s, b\u00e1rmikor fel lehet keresni a toborz\u00f3irod\u00e1kat &#8211; h\u00edvta fel a figyelmet. Az alezredes k\u00e9rd\u00e9sre kit\u00e9rt arra, hogy a Honv\u00e9d Kad\u00e9t Programhoz m\u00e1r t\u00f6bb mint sz\u00e1zh\u00fasz k\u00f6z\u00e9piskola csatlakozott, \u00e9s t\u00f6bb mint hatezer di\u00e1k van a kad\u00e9trendszerben. \u0150k \u00f6szt\u00f6nd\u00edjat kapnak, valamint katonai alapismeretekkel b\u0151v\u00fcl a tud\u00e1suk. K\u00f6z\u00fcl\u00fck azt\u00e1n sokan jelentkeznek a katonai tanint\u00e9zm\u00e9nyekbe &#8211; tette hozz\u00e1.<\/p>\n<h2>11 500 f\u0151 felett a tartal\u00e9kos \u00e1llom\u00e1ny l\u00e9tsz\u00e1ma<\/h2>\n<p>A Kossuth r\u00e1di\u00f3 J\u00f3 reggelt, Magyarorsz\u00e1g! c\u00edm\u0171 m\u0171sor\u00e1ban Durg\u00f3 Tam\u00e1s arr\u00f3l is besz\u00e9lt, hogy m\u00e1r 11 500 feletti a tartal\u00e9kos \u00e1llom\u00e1ny l\u00e9tsz\u00e1ma, 2030-ra a c\u00e9l 20 000 f\u0151. Az \u00f6nk\u00e9ntes katonai szolg\u00e1latra folyamatosan h\u00edvj\u00e1k be a tartal\u00e9kosokat, mindig konkr\u00e9t feladatra, ez lehet p\u00e9ld\u00e1ul hat\u00e1rv\u00e9delem vagy mint a j\u00e1rv\u00e1ny idej\u00e9n, k\u00f3rh\u00e1zszolg\u00e1lat &#8211; r\u00e9szletezte a parancsnok. Megjegyezte, mindig megk\u00e9rdezik az \u00f6nk\u00e9ntest, tudja-e v\u00e1llalni a feladatot, hiszen ez rugalmas szolg\u00e1lat. M\u00e1rcius 13-\u00e1n indul a legk\u00f6zelebbi kik\u00e9pz\u00e9s, erre m\u00e1rcius 3-ig lehet jelentkezni, de a toborz\u00e1s folyamatos &#8211; mondta Durg\u00f3 Tam\u00e1s.<\/p>\n<p>Forr\u00e1s: <a href=\"https:\/\/profitline.hu\/toborzoparancsnok-az-onkentes-katonai-szolgalat-egyedulallo-lehetoseg-a-munkaeropiacon-446104\" target=\"_blank\" rel=\"nofollow noopener noreferrer\">profitline.hu<\/a><\/p>\n","protected":false},"excerpt":{"rendered":"<p>M\u00e1r t\u00f6bb ezer k\u00f6z\u00e9piskol\u00e1s di\u00e1k van benne a kad\u00e9trendszerben, a katona p\u00e1lya hat\u00e1ssal lehet a magyar munkaer\u0151piacra. Az \u00f6nk\u00e9ntes katonai szolg\u00e1latra m\u00e1rcius k\u00f6zep\u00e9n indul a kik\u00e9pz\u00e9s. Egyed\u00fcl\u00e1ll\u00f3 lehet\u0151s\u00e9get k\u00edn\u00e1lunk a munkaer\u0151piacon, az \u00f6nk\u00e9ntes szolg\u00e1latban ki lehet pr\u00f3b\u00e1lni a katona\u00e9letet &#8211; fogalmazott Durg\u00f3 Tam\u00e1s alezredes, a Magyar Honv\u00e9ds\u00e9g Katonai Igazgat\u00e1si \u00e9s K\u00f6zponti Nyilv\u00e1ntart\u00f3 Parancsnoks\u00e1g parancsnoka az [&hellip;]<\/p>\n","protected":false},"author":1,"featured_media":6279,"comment_status":"open","ping_status":"open","sticky":false,"template":"","format":"standard","meta":{"_monsterinsights_skip_tracking":false,"footnotes":""},"categories":[200],"tags":[415,414,413,348],"class_list":["post-6278","post","type-post","status-publish","format-standard","has-post-thumbnail","hentry","category-munkaeropiac","tag-diak","tag-honvedseg","tag-kadetrendszer","tag-katonasag"],"aioseo_notices":[],"aioseo_head":"\n\t\t<!-- All in One SEO 5.0.0.1 - aioseo.com -->\n\t<meta name=\"description\" content=\"M\u00e1r t\u00f6bb ezer k\u00f6z\u00e9piskol\u00e1s di\u00e1k van benne a kad\u00e9trendszerben, a katona p\u00e1lya hat\u00e1ssal lehet a magyar munkaer\u0151piacra. Minden v\u00e1rmegy\u00e9ben indul alapkik\u00e9pz\u00e9s.\" \/>\n\t<meta name=\"robots\" content=\"max-image-preview:large\" \/>\n\t<meta name=\"author\" content=\"Juh\u00e1sz P\u00e9ter\"\/>\n\t<meta name=\"keywords\" content=\"di\u00e1k,honv\u00e9ds\u00e9g,kad\u00e9trendszer,katonas\u00e1g\" \/>\n\t<link rel=\"canonical\" href=\"https:\/\/allasorias.hu\/hirek\/tobb-ezer-diak-a-kadetrendszerben-katonak-a-munkaeropiacon\/\" \/>\n\t<meta name=\"generator\" content=\"All in One SEO (AIOSEO) 5.0.0.1\" \/>\n\t\t<meta property=\"og:locale\" content=\"hu_HU\" \/>\n\t\t<meta property=\"og:site_name\" content=\"AllasOrias.hu | H\u00edrek-lapszemle | \u00dczleti h\u00edrek az \u00e1ll\u00e1s \u00e9s a munka vil\u00e1g\u00e1b\u00f3l\" \/>\n\t\t<meta property=\"og:type\" content=\"article\" \/>\n\t\t<meta property=\"og:title\" content=\"T\u00f6bb ezer di\u00e1k a kad\u00e9trendszerben | Allasorias.hu\/Hirek\" \/>\n\t\t<meta property=\"og:description\" content=\"M\u00e1r t\u00f6bb ezer k\u00f6z\u00e9piskol\u00e1s di\u00e1k van benne a kad\u00e9trendszerben, a katona p\u00e1lya hat\u00e1ssal lehet a magyar munkaer\u0151piacra. Minden v\u00e1rmegy\u00e9ben indul alapkik\u00e9pz\u00e9s.\" \/>\n\t\t<meta property=\"og:url\" content=\"https:\/\/allasorias.hu\/hirek\/tobb-ezer-diak-a-kadetrendszerben-katonak-a-munkaeropiacon\/\" \/>\n\t\t<meta property=\"og:image\" content=\"https:\/\/allasorias.hu\/hirek\/wp-content\/uploads\/2023\/03\/diakok-a-kadetrendszerben.jpg\" \/>\n\t\t<meta property=\"og:image:secure_url\" content=\"https:\/\/allasorias.hu\/hirek\/wp-content\/uploads\/2023\/03\/diakok-a-kadetrendszerben.jpg\" \/>\n\t\t<meta property=\"og:image:width\" content=\"1280\" \/>\n\t\t<meta property=\"og:image:height\" content=\"857\" \/>\n\t\t<meta property=\"article:published_time\" content=\"2023-03-02T08:12:30+00:00\" \/>\n\t\t<meta property=\"article:modified_time\" content=\"2023-09-14T06:23:17+00:00\" \/>\n\t\t<meta property=\"article:publisher\" content=\"https:\/\/www.facebook.com\/allasorias\" \/>\n\t\t<meta name=\"twitter:card\" content=\"summary_large_image\" \/>\n\t\t<meta name=\"twitter:title\" content=\"T\u00f6bb ezer di\u00e1k a kad\u00e9trendszerben | Allasorias.hu\/Hirek\" \/>\n\t\t<meta name=\"twitter:description\" content=\"M\u00e1r t\u00f6bb ezer k\u00f6z\u00e9piskol\u00e1s di\u00e1k van benne a kad\u00e9trendszerben, a katona p\u00e1lya hat\u00e1ssal lehet a magyar munkaer\u0151piacra. Minden v\u00e1rmegy\u00e9ben indul alapkik\u00e9pz\u00e9s.\" \/>\n\t\t<meta name=\"twitter:image\" content=\"https:\/\/allasorias.hu\/hirek\/wp-content\/uploads\/2023\/03\/diakok-a-kadetrendszerben.jpg\" \/>\n\t\t<meta name=\"twitter:label1\" content=\"Written by\" \/>\n\t\t<meta name=\"twitter:data1\" content=\"Juh\u00e1sz P\u00e9ter\" \/>\n\t\t<meta name=\"twitter:label2\" content=\"Est. reading time\" \/>\n\t\t<meta name=\"twitter:data2\" content=\"3 minutes\" \/>\n\t\t<script type=\"application\/ld+json\" class=\"aioseo-schema\">\n\t\t\t{\"@context\":\"https:\\\/\\\/schema.org\",\"@graph\":[{\"@type\":\"Article\",\"@id\":\"https:\\\/\\\/allasorias.hu\\\/hirek\\\/tobb-ezer-diak-a-kadetrendszerben-katonak-a-munkaeropiacon\\\/#article\",\"name\":\"T\\u00f6bb ezer di\\u00e1k a kad\\u00e9trendszerben | Allasorias.hu\\\/Hirek\",\"headline\":\"T\\u00f6bb ezer di\\u00e1k a kad\\u00e9trendszerben \\u2013 katon\\u00e1k a munkaer\\u0151piacon\",\"author\":{\"@id\":\"https:\\\/\\\/allasorias.hu\\\/hirek\\\/author\\\/admin-allasorias\\\/#author\"},\"publisher\":{\"@id\":\"https:\\\/\\\/allasorias.hu\\\/hirek\\\/#organization\"},\"image\":{\"@type\":\"ImageObject\",\"url\":\"https:\\\/\\\/allasorias.hu\\\/hirek\\\/wp-content\\\/uploads\\\/2023\\\/03\\\/diakok-a-kadetrendszerben.jpg\",\"width\":1280,\"height\":857,\"caption\":\"T\\u00f6bb ezer di\\u00e1k a kad\\u00e9trendszerben \\u2013 katon\\u00e1k a munkaer\\u0151piacon - Allasorias.hu\\\/Hirek\"},\"datePublished\":\"2023-03-02T08:12:30+02:00\",\"dateModified\":\"2023-09-14T08:23:17+02:00\",\"inLanguage\":\"hu-HU\",\"mainEntityOfPage\":{\"@id\":\"https:\\\/\\\/allasorias.hu\\\/hirek\\\/tobb-ezer-diak-a-kadetrendszerben-katonak-a-munkaeropiacon\\\/#webpage\"},\"isPartOf\":{\"@id\":\"https:\\\/\\\/allasorias.hu\\\/hirek\\\/tobb-ezer-diak-a-kadetrendszerben-katonak-a-munkaeropiacon\\\/#webpage\"},\"articleSection\":\"Munkaer\\u0151piac, di\\u00e1k, honv\\u00e9ds\\u00e9g, kad\\u00e9trendszer, katonas\\u00e1g\"},{\"@type\":\"BreadcrumbList\",\"@id\":\"https:\\\/\\\/allasorias.hu\\\/hirek\\\/tobb-ezer-diak-a-kadetrendszerben-katonak-a-munkaeropiacon\\\/#breadcrumblist\",\"itemListElement\":[{\"@type\":\"ListItem\",\"@id\":\"https:\\\/\\\/allasorias.hu\\\/hirek#listItem\",\"position\":1,\"name\":\"Home\",\"item\":\"https:\\\/\\\/allasorias.hu\\\/hirek\",\"nextItem\":{\"@type\":\"ListItem\",\"@id\":\"https:\\\/\\\/allasorias.hu\\\/hirek\\\/temak\\\/munkaeropiac\\\/#listItem\",\"name\":\"Munkaer\\u0151piac\"}},{\"@type\":\"ListItem\",\"@id\":\"https:\\\/\\\/allasorias.hu\\\/hirek\\\/temak\\\/munkaeropiac\\\/#listItem\",\"position\":2,\"name\":\"Munkaer\\u0151piac\",\"item\":\"https:\\\/\\\/allasorias.hu\\\/hirek\\\/temak\\\/munkaeropiac\\\/\",\"nextItem\":{\"@type\":\"ListItem\",\"@id\":\"https:\\\/\\\/allasorias.hu\\\/hirek\\\/tobb-ezer-diak-a-kadetrendszerben-katonak-a-munkaeropiacon\\\/#listItem\",\"name\":\"T\\u00f6bb ezer di\\u00e1k a kad\\u00e9trendszerben \\u2013 katon\\u00e1k a munkaer\\u0151piacon\"},\"previousItem\":{\"@type\":\"ListItem\",\"@id\":\"https:\\\/\\\/allasorias.hu\\\/hirek#listItem\",\"name\":\"Home\"}},{\"@type\":\"ListItem\",\"@id\":\"https:\\\/\\\/allasorias.hu\\\/hirek\\\/tobb-ezer-diak-a-kadetrendszerben-katonak-a-munkaeropiacon\\\/#listItem\",\"position\":3,\"name\":\"T\\u00f6bb ezer di\\u00e1k a kad\\u00e9trendszerben \\u2013 katon\\u00e1k a munkaer\\u0151piacon\",\"previousItem\":{\"@type\":\"ListItem\",\"@id\":\"https:\\\/\\\/allasorias.hu\\\/hirek\\\/temak\\\/munkaeropiac\\\/#listItem\",\"name\":\"Munkaer\\u0151piac\"}}]},{\"@type\":\"Organization\",\"@id\":\"https:\\\/\\\/allasorias.hu\\\/hirek\\\/#organization\",\"name\":\"AllasOrias.hu | H\\u00edrek-lapszemle\",\"description\":\"\\u00dczleti h\\u00edrek az \\u00e1ll\\u00e1s \\u00e9s a munka vil\\u00e1g\\u00e1b\\u00f3l\",\"url\":\"https:\\\/\\\/allasorias.hu\\\/hirek\\\/\",\"logo\":{\"@type\":\"ImageObject\",\"url\":\"https:\\\/\\\/allasorias.hu\\\/hirek\\\/wp-content\\\/uploads\\\/2022\\\/10\\\/allasorias_site_facebok_logo.png\",\"@id\":\"https:\\\/\\\/allasorias.hu\\\/hirek\\\/tobb-ezer-diak-a-kadetrendszerben-katonak-a-munkaeropiacon\\\/#organizationLogo\"},\"image\":{\"@id\":\"https:\\\/\\\/allasorias.hu\\\/hirek\\\/tobb-ezer-diak-a-kadetrendszerben-katonak-a-munkaeropiacon\\\/#organizationLogo\"},\"sameAs\":[\"https:\\\/\\\/www.facebook.com\\\/allasorias\",\"https:\\\/\\\/www.linkedin.com\\\/company\\\/allasorias\"]},{\"@type\":\"Person\",\"@id\":\"https:\\\/\\\/allasorias.hu\\\/hirek\\\/author\\\/admin-allasorias\\\/#author\",\"url\":\"https:\\\/\\\/allasorias.hu\\\/hirek\\\/author\\\/admin-allasorias\\\/\",\"name\":\"Juh\\u00e1sz P\\u00e9ter\",\"image\":{\"@type\":\"ImageObject\",\"@id\":\"https:\\\/\\\/allasorias.hu\\\/hirek\\\/tobb-ezer-diak-a-kadetrendszerben-katonak-a-munkaeropiacon\\\/#authorImage\",\"url\":\"https:\\\/\\\/secure.gravatar.com\\\/avatar\\\/36e6bcb83148978b992977cb0f54d22feb0cce8a0a849a9410532bb2623ba4c6?s=96&d=mm&r=g\",\"width\":96,\"height\":96,\"caption\":\"Juh\\u00e1sz P\\u00e9ter\"}},{\"@type\":\"WebPage\",\"@id\":\"https:\\\/\\\/allasorias.hu\\\/hirek\\\/tobb-ezer-diak-a-kadetrendszerben-katonak-a-munkaeropiacon\\\/#webpage\",\"url\":\"https:\\\/\\\/allasorias.hu\\\/hirek\\\/tobb-ezer-diak-a-kadetrendszerben-katonak-a-munkaeropiacon\\\/\",\"name\":\"T\\u00f6bb ezer di\\u00e1k a kad\\u00e9trendszerben | Allasorias.hu\\\/Hirek\",\"description\":\"M\\u00e1r t\\u00f6bb ezer k\\u00f6z\\u00e9piskol\\u00e1s di\\u00e1k van benne a kad\\u00e9trendszerben, a katona p\\u00e1lya hat\\u00e1ssal lehet a magyar munkaer\\u0151piacra. Minden v\\u00e1rmegy\\u00e9ben indul alapkik\\u00e9pz\\u00e9s.\",\"inLanguage\":\"hu-HU\",\"isPartOf\":{\"@id\":\"https:\\\/\\\/allasorias.hu\\\/hirek\\\/#website\"},\"breadcrumb\":{\"@id\":\"https:\\\/\\\/allasorias.hu\\\/hirek\\\/tobb-ezer-diak-a-kadetrendszerben-katonak-a-munkaeropiacon\\\/#breadcrumblist\"},\"author\":{\"@id\":\"https:\\\/\\\/allasorias.hu\\\/hirek\\\/author\\\/admin-allasorias\\\/#author\"},\"creator\":{\"@id\":\"https:\\\/\\\/allasorias.hu\\\/hirek\\\/author\\\/admin-allasorias\\\/#author\"},\"image\":{\"@type\":\"ImageObject\",\"url\":\"https:\\\/\\\/allasorias.hu\\\/hirek\\\/wp-content\\\/uploads\\\/2023\\\/03\\\/diakok-a-kadetrendszerben.jpg\",\"@id\":\"https:\\\/\\\/allasorias.hu\\\/hirek\\\/tobb-ezer-diak-a-kadetrendszerben-katonak-a-munkaeropiacon\\\/#mainImage\",\"width\":1280,\"height\":857,\"caption\":\"T\\u00f6bb ezer di\\u00e1k a kad\\u00e9trendszerben \\u2013 katon\\u00e1k a munkaer\\u0151piacon - Allasorias.hu\\\/Hirek\"},\"primaryImageOfPage\":{\"@id\":\"https:\\\/\\\/allasorias.hu\\\/hirek\\\/tobb-ezer-diak-a-kadetrendszerben-katonak-a-munkaeropiacon\\\/#mainImage\"},\"datePublished\":\"2023-03-02T08:12:30+02:00\",\"dateModified\":\"2023-09-14T08:23:17+02:00\"},{\"@type\":\"WebSite\",\"@id\":\"https:\\\/\\\/allasorias.hu\\\/hirek\\\/#website\",\"url\":\"https:\\\/\\\/allasorias.hu\\\/hirek\\\/\",\"name\":\"AllasOrias.hu | H\\u00edrek-lapszemle\",\"description\":\"\\u00dczleti h\\u00edrek az \\u00e1ll\\u00e1s \\u00e9s a munka vil\\u00e1g\\u00e1b\\u00f3l\",\"inLanguage\":\"hu-HU\",\"publisher\":{\"@id\":\"https:\\\/\\\/allasorias.hu\\\/hirek\\\/#organization\"}}]}\n\t\t<\/script>\n\t\t<!-- All in One SEO -->\n\n","aioseo_head_json":{"title":"T\u00f6bb ezer di\u00e1k a kad\u00e9trendszerben | Allasorias.hu\/Hirek","description":"M\u00e1r t\u00f6bb ezer k\u00f6z\u00e9piskol\u00e1s di\u00e1k van benne a kad\u00e9trendszerben, a katona p\u00e1lya hat\u00e1ssal lehet a magyar munkaer\u0151piacra. Minden v\u00e1rmegy\u00e9ben indul alapkik\u00e9pz\u00e9s.","canonical_url":"https:\/\/allasorias.hu\/hirek\/tobb-ezer-diak-a-kadetrendszerben-katonak-a-munkaeropiacon\/","robots":"max-image-preview:large","keywords":"di\u00e1k,honv\u00e9ds\u00e9g,kad\u00e9trendszer,katonas\u00e1g","webmasterTools":{"miscellaneous":""},"schema":{"@context":"https:\/\/schema.org","@graph":[{"@type":"Article","@id":"https:\/\/allasorias.hu\/hirek\/tobb-ezer-diak-a-kadetrendszerben-katonak-a-munkaeropiacon\/#article","name":"T\u00f6bb ezer di\u00e1k a kad\u00e9trendszerben | Allasorias.hu\/Hirek","headline":"T\u00f6bb ezer di\u00e1k a kad\u00e9trendszerben \u2013 katon\u00e1k a munkaer\u0151piacon","author":{"@id":"https:\/\/allasorias.hu\/hirek\/author\/admin-allasorias\/#author"},"publisher":{"@id":"https:\/\/allasorias.hu\/hirek\/#organization"},"image":{"@type":"ImageObject","url":"https:\/\/allasorias.hu\/hirek\/wp-content\/uploads\/2023\/03\/diakok-a-kadetrendszerben.jpg","width":1280,"height":857,"caption":"T\u00f6bb ezer di\u00e1k a kad\u00e9trendszerben \u2013 katon\u00e1k a munkaer\u0151piacon - Allasorias.hu\/Hirek"},"datePublished":"2023-03-02T08:12:30+02:00","dateModified":"2023-09-14T08:23:17+02:00","inLanguage":"hu-HU","mainEntityOfPage":{"@id":"https:\/\/allasorias.hu\/hirek\/tobb-ezer-diak-a-kadetrendszerben-katonak-a-munkaeropiacon\/#webpage"},"isPartOf":{"@id":"https:\/\/allasorias.hu\/hirek\/tobb-ezer-diak-a-kadetrendszerben-katonak-a-munkaeropiacon\/#webpage"},"articleSection":"Munkaer\u0151piac, di\u00e1k, honv\u00e9ds\u00e9g, kad\u00e9trendszer, katonas\u00e1g"},{"@type":"BreadcrumbList","@id":"https:\/\/allasorias.hu\/hirek\/tobb-ezer-diak-a-kadetrendszerben-katonak-a-munkaeropiacon\/#breadcrumblist","itemListElement":[{"@type":"ListItem","@id":"https:\/\/allasorias.hu\/hirek#listItem","position":1,"name":"Home","item":"https:\/\/allasorias.hu\/hirek","nextItem":{"@type":"ListItem","@id":"https:\/\/allasorias.hu\/hirek\/temak\/munkaeropiac\/#listItem","name":"Munkaer\u0151piac"}},{"@type":"ListItem","@id":"https:\/\/allasorias.hu\/hirek\/temak\/munkaeropiac\/#listItem","position":2,"name":"Munkaer\u0151piac","item":"https:\/\/allasorias.hu\/hirek\/temak\/munkaeropiac\/","nextItem":{"@type":"ListItem","@id":"https:\/\/allasorias.hu\/hirek\/tobb-ezer-diak-a-kadetrendszerben-katonak-a-munkaeropiacon\/#listItem","name":"T\u00f6bb ezer di\u00e1k a kad\u00e9trendszerben \u2013 katon\u00e1k a munkaer\u0151piacon"},"previousItem":{"@type":"ListItem","@id":"https:\/\/allasorias.hu\/hirek#listItem","name":"Home"}},{"@type":"ListItem","@id":"https:\/\/allasorias.hu\/hirek\/tobb-ezer-diak-a-kadetrendszerben-katonak-a-munkaeropiacon\/#listItem","position":3,"name":"T\u00f6bb ezer di\u00e1k a kad\u00e9trendszerben \u2013 katon\u00e1k a munkaer\u0151piacon","previousItem":{"@type":"ListItem","@id":"https:\/\/allasorias.hu\/hirek\/temak\/munkaeropiac\/#listItem","name":"Munkaer\u0151piac"}}]},{"@type":"Organization","@id":"https:\/\/allasorias.hu\/hirek\/#organization","name":"AllasOrias.hu | H\u00edrek-lapszemle","description":"\u00dczleti h\u00edrek az \u00e1ll\u00e1s \u00e9s a munka vil\u00e1g\u00e1b\u00f3l","url":"https:\/\/allasorias.hu\/hirek\/","logo":{"@type":"ImageObject","url":"https:\/\/allasorias.hu\/hirek\/wp-content\/uploads\/2022\/10\/allasorias_site_facebok_logo.png","@id":"https:\/\/allasorias.hu\/hirek\/tobb-ezer-diak-a-kadetrendszerben-katonak-a-munkaeropiacon\/#organizationLogo"},"image":{"@id":"https:\/\/allasorias.hu\/hirek\/tobb-ezer-diak-a-kadetrendszerben-katonak-a-munkaeropiacon\/#organizationLogo"},"sameAs":["https:\/\/www.facebook.com\/allasorias","https:\/\/www.linkedin.com\/company\/allasorias"]},{"@type":"Person","@id":"https:\/\/allasorias.hu\/hirek\/author\/admin-allasorias\/#author","url":"https:\/\/allasorias.hu\/hirek\/author\/admin-allasorias\/","name":"Juh\u00e1sz P\u00e9ter","image":{"@type":"ImageObject","@id":"https:\/\/allasorias.hu\/hirek\/tobb-ezer-diak-a-kadetrendszerben-katonak-a-munkaeropiacon\/#authorImage","url":"https:\/\/secure.gravatar.com\/avatar\/36e6bcb83148978b992977cb0f54d22feb0cce8a0a849a9410532bb2623ba4c6?s=96&d=mm&r=g","width":96,"height":96,"caption":"Juh\u00e1sz P\u00e9ter"}},{"@type":"WebPage","@id":"https:\/\/allasorias.hu\/hirek\/tobb-ezer-diak-a-kadetrendszerben-katonak-a-munkaeropiacon\/#webpage","url":"https:\/\/allasorias.hu\/hirek\/tobb-ezer-diak-a-kadetrendszerben-katonak-a-munkaeropiacon\/","name":"T\u00f6bb ezer di\u00e1k a kad\u00e9trendszerben | Allasorias.hu\/Hirek","description":"M\u00e1r t\u00f6bb ezer k\u00f6z\u00e9piskol\u00e1s di\u00e1k van benne a kad\u00e9trendszerben, a katona p\u00e1lya hat\u00e1ssal lehet a magyar munkaer\u0151piacra. Minden v\u00e1rmegy\u00e9ben indul alapkik\u00e9pz\u00e9s.","inLanguage":"hu-HU","isPartOf":{"@id":"https:\/\/allasorias.hu\/hirek\/#website"},"breadcrumb":{"@id":"https:\/\/allasorias.hu\/hirek\/tobb-ezer-diak-a-kadetrendszerben-katonak-a-munkaeropiacon\/#breadcrumblist"},"author":{"@id":"https:\/\/allasorias.hu\/hirek\/author\/admin-allasorias\/#author"},"creator":{"@id":"https:\/\/allasorias.hu\/hirek\/author\/admin-allasorias\/#author"},"image":{"@type":"ImageObject","url":"https:\/\/allasorias.hu\/hirek\/wp-content\/uploads\/2023\/03\/diakok-a-kadetrendszerben.jpg","@id":"https:\/\/allasorias.hu\/hirek\/tobb-ezer-diak-a-kadetrendszerben-katonak-a-munkaeropiacon\/#mainImage","width":1280,"height":857,"caption":"T\u00f6bb ezer di\u00e1k a kad\u00e9trendszerben \u2013 katon\u00e1k a munkaer\u0151piacon - Allasorias.hu\/Hirek"},"primaryImageOfPage":{"@id":"https:\/\/allasorias.hu\/hirek\/tobb-ezer-diak-a-kadetrendszerben-katonak-a-munkaeropiacon\/#mainImage"},"datePublished":"2023-03-02T08:12:30+02:00","dateModified":"2023-09-14T08:23:17+02:00"},{"@type":"WebSite","@id":"https:\/\/allasorias.hu\/hirek\/#website","url":"https:\/\/allasorias.hu\/hirek\/","name":"AllasOrias.hu | H\u00edrek-lapszemle","description":"\u00dczleti h\u00edrek az \u00e1ll\u00e1s \u00e9s a munka vil\u00e1g\u00e1b\u00f3l","inLanguage":"hu-HU","publisher":{"@id":"https:\/\/allasorias.hu\/hirek\/#organization"}}]},"og:locale":"hu_HU","og:site_name":"AllasOrias.hu | H\u00edrek-lapszemle | \u00dczleti h\u00edrek az \u00e1ll\u00e1s \u00e9s a munka vil\u00e1g\u00e1b\u00f3l","og:type":"article","og:title":"T\u00f6bb ezer di\u00e1k a kad\u00e9trendszerben | Allasorias.hu\/Hirek","og:description":"M\u00e1r t\u00f6bb ezer k\u00f6z\u00e9piskol\u00e1s di\u00e1k van benne a kad\u00e9trendszerben, a katona p\u00e1lya hat\u00e1ssal lehet a magyar munkaer\u0151piacra. Minden v\u00e1rmegy\u00e9ben indul alapkik\u00e9pz\u00e9s.","og:url":"https:\/\/allasorias.hu\/hirek\/tobb-ezer-diak-a-kadetrendszerben-katonak-a-munkaeropiacon\/","og:image":"https:\/\/allasorias.hu\/hirek\/wp-content\/uploads\/2023\/03\/diakok-a-kadetrendszerben.jpg","og:image:secure_url":"https:\/\/allasorias.hu\/hirek\/wp-content\/uploads\/2023\/03\/diakok-a-kadetrendszerben.jpg","og:image:width":1280,"og:image:height":857,"article:published_time":"2023-03-02T08:12:30+00:00","article:modified_time":"2023-09-14T06:23:17+00:00","article:publisher":"https:\/\/www.facebook.com\/allasorias","twitter:card":"summary_large_image","twitter:title":"T\u00f6bb ezer di\u00e1k a kad\u00e9trendszerben | Allasorias.hu\/Hirek","twitter:description":"M\u00e1r t\u00f6bb ezer k\u00f6z\u00e9piskol\u00e1s di\u00e1k van benne a kad\u00e9trendszerben, a katona p\u00e1lya hat\u00e1ssal lehet a magyar munkaer\u0151piacra. Minden v\u00e1rmegy\u00e9ben indul alapkik\u00e9pz\u00e9s.","twitter:image":"https:\/\/allasorias.hu\/hirek\/wp-content\/uploads\/2023\/03\/diakok-a-kadetrendszerben.jpg","twitter:label1":"Written by","twitter:data1":"Juh\u00e1sz P\u00e9ter","twitter:label2":"Est. reading time","twitter:data2":"3 minutes"},"aioseo_meta_data":{"post_id":"6278","title":"T\u00f6bb ezer di\u00e1k a kad\u00e9trendszerben | Allasorias.hu\/Hirek","description":"M\u00e1r t\u00f6bb ezer k\u00f6z\u00e9piskol\u00e1s di\u00e1k van benne a kad\u00e9trendszerben, a katona p\u00e1lya hat\u00e1ssal lehet a magyar munkaer\u0151piacra. Minden v\u00e1rmegy\u00e9ben indul alapkik\u00e9pz\u00e9s.","keywords":[],"keyphrases":{"focus":{"keyphrase":null,"score":80,"analysis":{"keyphraseInTitle":{"score":9,"maxScore":9,"error":0},"keyphraseInDescription":{"score":9,"maxScore":9,"error":0},"keyphraseLength":{"score":9,"maxScore":9,"error":0,"length":1},"keyphraseInURL":{"score":1,"maxScore":5,"error":1},"keyphraseInIntroduction":{"score":9,"maxScore":9,"error":0},"keyphraseInSubHeadings":{"score":3,"maxScore":9,"error":1},"keyphraseInImageAlt":[]}},"additional":[]},"primary_term":null,"canonical_url":null,"og_title":null,"og_description":null,"og_object_type":"default","og_image_type":"default","og_image_url":null,"og_image_width":null,"og_image_height":null,"og_image_custom_url":null,"og_image_custom_fields":null,"og_video":"","og_custom_url":null,"og_article_section":null,"og_article_tags":[],"twitter_use_og":true,"twitter_card":"default","twitter_image_type":"default","twitter_image_url":null,"twitter_image_custom_url":null,"twitter_image_custom_fields":null,"twitter_title":null,"twitter_description":null,"schema":{"blockGraphs":[],"customGraphs":[],"default":{"data":{"Article":[],"Course":[],"Dataset":[],"FAQPage":[],"Movie":[],"Person":[],"Product":[],"ProductReview":[],"Car":[],"Recipe":[],"Service":[],"SoftwareApplication":[],"WebPage":[]},"graphName":"Article","isEnabled":true},"graphs":[]},"schema_type":"default","schema_type_options":null,"pillar_content":false,"robots_default":true,"robots_noindex":false,"robots_noarchive":false,"robots_nosnippet":false,"robots_nofollow":false,"robots_noimageindex":false,"robots_noodp":false,"robots_notranslate":false,"robots_max_snippet":"-1","robots_max_videopreview":"-1","robots_max_imagepreview":"large","priority":null,"frequency":"default","location":null,"local_seo":null,"breadcrumb_settings":null,"limit_modified_date":false,"ai":null,"created":"2023-03-02 07:57:54","updated":"2025-10-02 18:09:41","seo_analyzer_scan_date":null,"focus_keyword":null,"additional_keywords":null,"truseo_locale":null},"aioseo_breadcrumb":"<div class=\"aioseo-breadcrumbs\"><span class=\"aioseo-breadcrumb\">\n\t\t\t<a href=\"https:\/\/allasorias.hu\/hirek\" title=\"Home\">Home<\/a>\n\t\t<\/span><span class=\"aioseo-breadcrumb-separator\">&raquo;<\/span><span class=\"aioseo-breadcrumb\">\n\t\t\t<a href=\"https:\/\/allasorias.hu\/hirek\/temak\/munkaeropiac\/\" title=\"Munkaer\u0151piac\">Munkaer\u0151piac<\/a>\n\t\t<\/span><span class=\"aioseo-breadcrumb-separator\">&raquo;<\/span><span class=\"aioseo-breadcrumb\">\n\t\t\tT\u00f6bb ezer di\u00e1k a kad\u00e9trendszerben \u2013 katon\u00e1k a munkaer\u0151piacon\n\t\t<\/span><\/div>","aioseo_breadcrumb_json":[{"label":"Home","link":"https:\/\/allasorias.hu\/hirek"},{"label":"Munkaer\u0151piac","link":"https:\/\/allasorias.hu\/hirek\/temak\/munkaeropiac\/"},{"label":"T\u00f6bb ezer di\u00e1k a kad\u00e9trendszerben \u2013 katon\u00e1k a munkaer\u0151piacon","link":"https:\/\/allasorias.hu\/hirek\/tobb-ezer-diak-a-kadetrendszerben-katonak-a-munkaeropiacon\/"}],"_links":{"self":[{"href":"https:\/\/allasorias.hu\/hirek\/wp-json\/wp\/v2\/posts\/6278","targetHints":{"allow":["GET"]}}],"collection":[{"href":"https:\/\/allasorias.hu\/hirek\/wp-json\/wp\/v2\/posts"}],"about":[{"href":"https:\/\/allasorias.hu\/hirek\/wp-json\/wp\/v2\/types\/post"}],"author":[{"embeddable":true,"href":"https:\/\/allasorias.hu\/hirek\/wp-json\/wp\/v2\/users\/1"}],"replies":[{"embeddable":true,"href":"https:\/\/allasorias.hu\/hirek\/wp-json\/wp\/v2\/comments?post=6278"}],"version-history":[{"count":2,"href":"https:\/\/allasorias.hu\/hirek\/wp-json\/wp\/v2\/posts\/6278\/revisions"}],"predecessor-version":[{"id":6802,"href":"https:\/\/allasorias.hu\/hirek\/wp-json\/wp\/v2\/posts\/6278\/revisions\/6802"}],"wp:featuredmedia":[{"embeddable":true,"href":"https:\/\/allasorias.hu\/hirek\/wp-json\/wp\/v2\/media\/6279"}],"wp:attachment":[{"href":"https:\/\/allasorias.hu\/hirek\/wp-json\/wp\/v2\/media?parent=6278"}],"wp:term":[{"taxonomy":"category","embeddable":true,"href":"https:\/\/allasorias.hu\/hirek\/wp-json\/wp\/v2\/categories?post=6278"},{"taxonomy":"post_tag","embeddable":true,"href":"https:\/\/allasorias.hu\/hirek\/wp-json\/wp\/v2\/tags?post=6278"}],"curies":[{"name":"wp","href":"https:\/\/api.w.org\/{rel}","templated":true}]}}