{"id":6240,"date":"2023-02-15T09:44:25","date_gmt":"2023-02-15T09:44:25","guid":{"rendered":"https:\/\/allasorias.hu\/hirek\/?p=6240"},"modified":"2023-02-15T09:44:25","modified_gmt":"2023-02-15T09:44:25","slug":"nyugdij-elott-allokat-erint-a-valtozas","status":"publish","type":"post","link":"https:\/\/allasorias.hu\/hirek\/nyugdij-elott-allokat-erint-a-valtozas\/","title":{"rendered":"Nyugd\u00edj el\u0151tt \u00e1ll\u00f3kat \u00e9rint a v\u00e1ltoz\u00e1s"},"content":{"rendered":"<p><strong>Az idei \u00e9vt\u0151l v\u00e1ltoztattak a <a href=\"https:\/\/nfsz.munka.hu\/cikk\/79\/Ki_jogosult_nyugdij_elotti_allaskeresesi_segelyre\" target=\"_blank\" rel=\"nofollow noopener noreferrer\">nyugd\u00edj el\u0151tti \u00e1ll\u00e1skeres\u00e9si seg\u00e9lyen<\/a>. Nyugd\u00edj el\u0151tti \u00e1ll\u00e1skeres\u00e9si seg\u00e9lyt annak a nyugd\u00edjhoz viszonylag k\u00f6zel \u00e1ll\u00f3 \u00e1ll\u00e1skeres\u0151nek \u00e1llap\u00edthattak meg, aki munk\u00e1t akart v\u00e1llalni, de \u00f6n\u00e1ll\u00f3 \u00e1ll\u00e1skeres\u00e9se nem vezetett eredm\u00e9nyre, \u00e9s sz\u00e1m\u00e1ra az \u00e1llami foglalkoztat\u00e1si szerv sem tudott megfelel\u0151 munkahelyet felaj\u00e1nlani.<\/strong><\/p>\n<p>A tavaly december v\u00e9g\u00e9ig \u00e9rv\u00e9nyes szab\u00e1lyok szerint a nyeshez az is kellett, hogy az ig\u00e9nyl\u0151re \u00e9rv\u00e9nyesek legyenek a k\u00f6vetkez\u0151 felt\u00e9telek:<\/p>\n<ul>\n<li>a k\u00e9relem beny\u00fajt\u00e1s\u00e1nak id\u0151pontj\u00e1ban a r\u00e1 ir\u00e1nyad\u00f3 \u00f6regs\u00e9gi nyugd\u00edjkorhat\u00e1r bet\u00f6lt\u00e9s\u00e9hez <strong>legfeljebb \u00f6t \u00e9ve hi\u00e1nyzott<\/strong>,<\/li>\n<li>legal\u00e1bb 45 napon \u00e1t <strong>\u00e1ll\u00e1skeres\u00e9si j\u00e1rad\u00e9kban r\u00e9szes\u00fclt<\/strong>,<\/li>\n<li>az \u00e1ll\u00e1skeres\u00e9si j\u00e1rad\u00e9k foly\u00f3s\u00edt\u00e1si <strong>id\u0151tartam\u00e1t kimer\u00edtette<\/strong>, vagy a foly\u00f3s\u00edt\u00e1si id\u0151tartam kimer\u00edt\u00e9s\u00e9t megel\u0151z\u0151en az \u00e1ll\u00e1skeres\u00e9si j\u00e1rad\u00e9k foly\u00f3s\u00edt\u00e1s\u00e1t az \u00e1llami foglalkoztat\u00e1si szerv \u2013 keres\u0151tev\u00e9kenys\u00e9g miatt \u2013 megsz\u00fcntette, \u00e9s az \u00e1ll\u00e1skeres\u0151 \u00e1ll\u00e1skeres\u00e9si j\u00e1rad\u00e9kra ism\u00e9telten nem szerzett jogosults\u00e1got,<\/li>\n<li>vagy az \u00e1ll\u00e1skeres\u00e9si j\u00e1rad\u00e9k foly\u00f3s\u00edt\u00e1s\u00e1nak kimer\u00edt\u00e9s\u00e9t vagy megsz\u00fcntet\u00e9s\u00e9t k\u00f6vet\u0151en h\u00e1rom \u00e9ven bel\u00fcl bet\u00f6lt\u00f6tte a fent eml\u00edtett \u00e9letkort, \u00e9s rendelkezett az \u00f6regs\u00e9gi <a href=\"https:\/\/allasorias.hu\/hirek\/mi-lesz-a-nyugdijakkal\/\">nyugd\u00edjhoz<\/a> sz\u00fcks\u00e9ges szolg\u00e1lati id\u0151vel (ez minimum <strong>15 \u00e9vet jelent<\/strong>),<\/li>\n<li>tov\u00e1bb\u00e1 korhat\u00e1r el\u0151tti ell\u00e1t\u00e1sban, szolg\u00e1lati j\u00e1rand\u00f3s\u00e1gban, t\u00e1ncm\u0171v\u00e9szeti \u00e9letj\u00e1rad\u00e9kban \u00e9s \u00e1tmeneti b\u00e1ny\u00e1szj\u00e1rad\u00e9kban <strong>nem r\u00e9szes\u00fclt.<\/strong><\/li>\n<\/ul>\n<h2>V\u00e1ltoztak a felt\u00e9telek<\/h2>\n<p>Az \u00faj felt\u00e9telek szerint az \u00e1ll\u00e1skeres\u0151 k\u00e9relm\u00e9re nyugd\u00edj el\u0151tti \u00e1ll\u00e1skeres\u00e9si seg\u00e9lyt kell meg\u00e1llap\u00edtani akkor, ha:<\/p>\n<ul>\n<li>a k\u00e9relem beny\u00fajt\u00e1s\u00e1nak id\u0151pontj\u00e1ban az \u00e1ll\u00e1skeres\u0151re ir\u00e1nyad\u00f3 \u00f6regs\u00e9gi nyugd\u00edjkorhat\u00e1r bet\u00f6lt\u00e9s\u00e9hez legfeljebb \u00f6t \u00e9v hi\u00e1nyzik,<\/li>\n<li>\u00e9s az \u00e1ll\u00e1skeres\u0151 a megel\u0151z\u0151 h\u00e1rom \u00e9ven bel\u00fcl \u00f6sszesen legal\u00e1bb 45 napon \u00e1t \u00e1ll\u00e1skeres\u00e9si j\u00e1rad\u00e9kban r\u00e9szes\u00fclt,<\/li>\n<li>\u00e9s e felt\u00e9teleken t\u00fal a k\u00e9relem beny\u00fajt\u00e1s\u00e1nak id\u0151pontj\u00e1ban \u00e1ll\u00e1skeres\u00e9si j\u00e1rad\u00e9kra ism\u00e9telten nem szerzett jogosults\u00e1got, \u00e9s az \u00e1ll\u00e1skeres\u00e9si j\u00e1rad\u00e9k foly\u00f3s\u00edt\u00e1si id\u0151tartam\u00e1t kimer\u00edtette, vagy a foly\u00f3s\u00edt\u00e1si id\u0151tartam kimer\u00edt\u00e9s\u00e9t megel\u0151z\u0151en az \u00e1ll\u00e1skeres\u00e9si j\u00e1rad\u00e9k foly\u00f3s\u00edt\u00e1s\u00e1t az \u00e1llami foglalkoztat\u00e1si szerv \u2013 keres\u0151tev\u00e9kenys\u00e9g miatt \u2013 megsz\u00fcntette.<\/li>\n<\/ul>\n<h2>A jogosults\u00e1g felt\u00e9teleinek meg\u00e1llap\u00edt\u00e1s\u00e1t akart\u00e1k korrig\u00e1lni<\/h2>\n<p>Farkas Andr\u00e1s nyugd\u00edjszak\u00e9rt\u0151 szerint a v\u00e1ltoztat\u00e1s er\u0151s szigor\u00edt\u00e1st jelent, ami rendk\u00edv\u00fcl h\u00e1tr\u00e1nyos helyzetbe hozza mindazokat, akik a nyes ir\u00e1nti k\u00e9relem beny\u00fajt\u00e1sa el\u0151tti h\u00e1rom \u00e9vet megel\u0151z\u0151en kimer\u00edtett\u00e9k az \u00e1ll\u00e1skeres\u00e9si j\u00e1rad\u00e9kra val\u00f3 jogosults\u00e1gukat, \u00e9s az\u00f3ta sem tudtak olyan keres\u0151tev\u00e9kenys\u00e9get folytatni, amely a megsz\u0171n\u00e9se eset\u00e9n \u00e1ll\u00e1skeres\u00e9si j\u00e1rad\u00e9kra jogos\u00edtan\u00e1 \u0151ket. A szak\u00e9rt\u0151 szerint a szigor\u00edt\u00e1s oka egy\u00e9rtelm\u0171: a jogalkot\u00f3 be akarta z\u00e1rni a nyes n\u00f6vel\u00e9se ir\u00e1nti lehet\u0151s\u00e9g kiskapuj\u00e1t. A rendelet indokl\u00e1s\u00e1ban azt \u00edrt\u00e1k, a kor\u00e1bbi szab\u00e1lyoz\u00e1s alapj\u00e1n a nyugd\u00edj el\u0151tti \u00e1ll\u00e1skeres\u00e9si seg\u00e9ly meg\u00e1llap\u00edt\u00e1sakor a gyakorlatban bizonytalans\u00e1got okozott a jogosults\u00e1g felt\u00e9teleinek meg\u00e1llap\u00edt\u00e1sa, \u00edgy p\u00e9ld\u00e1ul annak \u00e9rtelmez\u00e9se, hogy az \u00e1ll\u00e1skeres\u00e9si j\u00e1rad\u00e9kb\u00f3l milyen id\u0151intervallumban kellett meglennie a 45 napnyi id\u0151nek, \u00e9s ezt akart\u00e1k korrig\u00e1lni. A nyes f\u0151szab\u00e1ly szerint a minim\u00e1lb\u00e9r 40 sz\u00e1zal\u00e9k\u00e1val egyenl\u0151, 2023-ban 92 800 forint.<\/p>\n<p>Forr\u00e1s: <a href=\"https:\/\/infostart.hu\/belfold\/2023\/02\/15\/nyugdijasok-figyelem-bezartak-egy-kiskaput\" target=\"_blank\" rel=\"nofollow noopener noreferrer\">infostart.hu<\/a><\/p>\n","protected":false},"excerpt":{"rendered":"<p>Az idei \u00e9vt\u0151l v\u00e1ltoztattak a nyugd\u00edj el\u0151tti \u00e1ll\u00e1skeres\u00e9si seg\u00e9lyen. Nyugd\u00edj el\u0151tti \u00e1ll\u00e1skeres\u00e9si seg\u00e9lyt annak a nyugd\u00edjhoz viszonylag k\u00f6zel \u00e1ll\u00f3 \u00e1ll\u00e1skeres\u0151nek \u00e1llap\u00edthattak meg, aki munk\u00e1t akart v\u00e1llalni, de \u00f6n\u00e1ll\u00f3 \u00e1ll\u00e1skeres\u00e9se nem vezetett eredm\u00e9nyre, \u00e9s sz\u00e1m\u00e1ra az \u00e1llami foglalkoztat\u00e1si szerv sem tudott megfelel\u0151 munkahelyet felaj\u00e1nlani. A tavaly december v\u00e9g\u00e9ig \u00e9rv\u00e9nyes szab\u00e1lyok szerint a nyeshez az is kellett, [&hellip;]<\/p>\n","protected":false},"author":1,"featured_media":6241,"comment_status":"open","ping_status":"open","sticky":false,"template":"","format":"standard","meta":{"_monsterinsights_skip_tracking":false,"footnotes":""},"categories":[200],"tags":[396,395,397],"class_list":["post-6240","post","type-post","status-publish","format-standard","has-post-thumbnail","hentry","category-munkaeropiac","tag-nyugdij","tag-nyugdij-elotti-allaskeresesi-segely","tag-segely"],"aioseo_notices":[],"aioseo_head":"\n\t\t<!-- All in One SEO 5.0.0.1 - aioseo.com -->\n\t<meta name=\"description\" content=\"Az idei \u00e9vt\u0151l v\u00e1ltoztattak a nyugd\u00edj el\u0151tti \u00e1ll\u00e1skeres\u00e9si seg\u00e9lyen. A jogosults\u00e1g felt\u00e9teleinek meg\u00e1llap\u00edt\u00e1s\u00e1t akart\u00e1k korrig\u00e1lni.\" \/>\n\t<meta name=\"robots\" content=\"max-image-preview:large\" \/>\n\t<meta name=\"author\" content=\"Juh\u00e1sz P\u00e9ter\"\/>\n\t<meta name=\"keywords\" content=\"nyugd\u00edj,nyugd\u00edj el\u0151tti \u00e1ll\u00e1skeres\u00e9si seg\u00e9ly,seg\u00e9ly\" \/>\n\t<link rel=\"canonical\" href=\"https:\/\/allasorias.hu\/hirek\/nyugdij-elott-allokat-erint-a-valtozas\/\" \/>\n\t<meta name=\"generator\" content=\"All in One SEO (AIOSEO) 5.0.0.1\" \/>\n\t\t<meta property=\"og:locale\" content=\"hu_HU\" \/>\n\t\t<meta property=\"og:site_name\" content=\"AllasOrias.hu | H\u00edrek-lapszemle | \u00dczleti h\u00edrek az \u00e1ll\u00e1s \u00e9s a munka vil\u00e1g\u00e1b\u00f3l\" \/>\n\t\t<meta property=\"og:type\" content=\"article\" \/>\n\t\t<meta property=\"og:title\" content=\"Nyugd\u00edj el\u0151tt \u00e1ll\u00f3kat \u00e9rint a v\u00e1ltoz\u00e1s | Allasorias.hu\/Hirek\" \/>\n\t\t<meta property=\"og:description\" content=\"Az idei \u00e9vt\u0151l v\u00e1ltoztattak a nyugd\u00edj el\u0151tti \u00e1ll\u00e1skeres\u00e9si seg\u00e9lyen. A jogosults\u00e1g felt\u00e9teleinek meg\u00e1llap\u00edt\u00e1s\u00e1t akart\u00e1k korrig\u00e1lni.\" \/>\n\t\t<meta property=\"og:url\" content=\"https:\/\/allasorias.hu\/hirek\/nyugdij-elott-allokat-erint-a-valtozas\/\" \/>\n\t\t<meta property=\"og:image\" content=\"https:\/\/allasorias.hu\/hirek\/wp-content\/uploads\/2023\/02\/nyugdij-elotti-allaskeresesi-segely-scaled.jpg\" \/>\n\t\t<meta property=\"og:image:secure_url\" content=\"https:\/\/allasorias.hu\/hirek\/wp-content\/uploads\/2023\/02\/nyugdij-elotti-allaskeresesi-segely-scaled.jpg\" \/>\n\t\t<meta property=\"og:image:width\" content=\"2560\" \/>\n\t\t<meta property=\"og:image:height\" content=\"1440\" \/>\n\t\t<meta property=\"article:published_time\" content=\"2023-02-15T09:44:25+00:00\" \/>\n\t\t<meta property=\"article:modified_time\" content=\"2023-02-15T09:44:25+00:00\" \/>\n\t\t<meta property=\"article:publisher\" content=\"https:\/\/www.facebook.com\/allasorias\" \/>\n\t\t<meta name=\"twitter:card\" content=\"summary_large_image\" \/>\n\t\t<meta name=\"twitter:title\" content=\"Nyugd\u00edj el\u0151tt \u00e1ll\u00f3kat \u00e9rint a v\u00e1ltoz\u00e1s | Allasorias.hu\/Hirek\" \/>\n\t\t<meta name=\"twitter:description\" content=\"Az idei \u00e9vt\u0151l v\u00e1ltoztattak a nyugd\u00edj el\u0151tti \u00e1ll\u00e1skeres\u00e9si seg\u00e9lyen. A jogosults\u00e1g felt\u00e9teleinek meg\u00e1llap\u00edt\u00e1s\u00e1t akart\u00e1k korrig\u00e1lni.\" \/>\n\t\t<meta name=\"twitter:image\" content=\"https:\/\/allasorias.hu\/hirek\/wp-content\/uploads\/2023\/02\/nyugdij-elotti-allaskeresesi-segely-scaled.jpg\" \/>\n\t\t<meta name=\"twitter:label1\" content=\"Written by\" \/>\n\t\t<meta name=\"twitter:data1\" content=\"Juh\u00e1sz P\u00e9ter\" \/>\n\t\t<meta name=\"twitter:label2\" content=\"Est. reading time\" \/>\n\t\t<meta name=\"twitter:data2\" content=\"3 minutes\" \/>\n\t\t<script type=\"application\/ld+json\" class=\"aioseo-schema\">\n\t\t\t{\"@context\":\"https:\\\/\\\/schema.org\",\"@graph\":[{\"@type\":\"Article\",\"@id\":\"https:\\\/\\\/allasorias.hu\\\/hirek\\\/nyugdij-elott-allokat-erint-a-valtozas\\\/#article\",\"name\":\"Nyugd\\u00edj el\\u0151tt \\u00e1ll\\u00f3kat \\u00e9rint a v\\u00e1ltoz\\u00e1s | Allasorias.hu\\\/Hirek\",\"headline\":\"Nyugd\\u00edj el\\u0151tt \\u00e1ll\\u00f3kat \\u00e9rint a v\\u00e1ltoz\\u00e1s\",\"author\":{\"@id\":\"https:\\\/\\\/allasorias.hu\\\/hirek\\\/author\\\/admin-allasorias\\\/#author\"},\"publisher\":{\"@id\":\"https:\\\/\\\/allasorias.hu\\\/hirek\\\/#organization\"},\"image\":{\"@type\":\"ImageObject\",\"url\":\"https:\\\/\\\/allasorias.hu\\\/hirek\\\/wp-content\\\/uploads\\\/2023\\\/02\\\/nyugdij-elotti-allaskeresesi-segely-scaled.jpg\",\"width\":2560,\"height\":1440,\"caption\":\"Nyugd\\u00edj el\\u0151tt \\u00e1ll\\u00f3kat \\u00e9rint a v\\u00e1ltoz\\u00e1s - Allasorias.hu\\\/Hirek\"},\"datePublished\":\"2023-02-15T09:44:25+02:00\",\"dateModified\":\"2023-02-15T09:44:25+02:00\",\"inLanguage\":\"hu-HU\",\"mainEntityOfPage\":{\"@id\":\"https:\\\/\\\/allasorias.hu\\\/hirek\\\/nyugdij-elott-allokat-erint-a-valtozas\\\/#webpage\"},\"isPartOf\":{\"@id\":\"https:\\\/\\\/allasorias.hu\\\/hirek\\\/nyugdij-elott-allokat-erint-a-valtozas\\\/#webpage\"},\"articleSection\":\"Munkaer\\u0151piac, nyugd\\u00edj, nyugd\\u00edj el\\u0151tti \\u00e1ll\\u00e1skeres\\u00e9si seg\\u00e9ly, seg\\u00e9ly\"},{\"@type\":\"BreadcrumbList\",\"@id\":\"https:\\\/\\\/allasorias.hu\\\/hirek\\\/nyugdij-elott-allokat-erint-a-valtozas\\\/#breadcrumblist\",\"itemListElement\":[{\"@type\":\"ListItem\",\"@id\":\"https:\\\/\\\/allasorias.hu\\\/hirek#listItem\",\"position\":1,\"name\":\"Home\",\"item\":\"https:\\\/\\\/allasorias.hu\\\/hirek\",\"nextItem\":{\"@type\":\"ListItem\",\"@id\":\"https:\\\/\\\/allasorias.hu\\\/hirek\\\/temak\\\/munkaeropiac\\\/#listItem\",\"name\":\"Munkaer\\u0151piac\"}},{\"@type\":\"ListItem\",\"@id\":\"https:\\\/\\\/allasorias.hu\\\/hirek\\\/temak\\\/munkaeropiac\\\/#listItem\",\"position\":2,\"name\":\"Munkaer\\u0151piac\",\"item\":\"https:\\\/\\\/allasorias.hu\\\/hirek\\\/temak\\\/munkaeropiac\\\/\",\"nextItem\":{\"@type\":\"ListItem\",\"@id\":\"https:\\\/\\\/allasorias.hu\\\/hirek\\\/nyugdij-elott-allokat-erint-a-valtozas\\\/#listItem\",\"name\":\"Nyugd\\u00edj el\\u0151tt \\u00e1ll\\u00f3kat \\u00e9rint a v\\u00e1ltoz\\u00e1s\"},\"previousItem\":{\"@type\":\"ListItem\",\"@id\":\"https:\\\/\\\/allasorias.hu\\\/hirek#listItem\",\"name\":\"Home\"}},{\"@type\":\"ListItem\",\"@id\":\"https:\\\/\\\/allasorias.hu\\\/hirek\\\/nyugdij-elott-allokat-erint-a-valtozas\\\/#listItem\",\"position\":3,\"name\":\"Nyugd\\u00edj el\\u0151tt \\u00e1ll\\u00f3kat \\u00e9rint a v\\u00e1ltoz\\u00e1s\",\"previousItem\":{\"@type\":\"ListItem\",\"@id\":\"https:\\\/\\\/allasorias.hu\\\/hirek\\\/temak\\\/munkaeropiac\\\/#listItem\",\"name\":\"Munkaer\\u0151piac\"}}]},{\"@type\":\"Organization\",\"@id\":\"https:\\\/\\\/allasorias.hu\\\/hirek\\\/#organization\",\"name\":\"AllasOrias.hu | H\\u00edrek-lapszemle\",\"description\":\"\\u00dczleti h\\u00edrek az \\u00e1ll\\u00e1s \\u00e9s a munka vil\\u00e1g\\u00e1b\\u00f3l\",\"url\":\"https:\\\/\\\/allasorias.hu\\\/hirek\\\/\",\"logo\":{\"@type\":\"ImageObject\",\"url\":\"https:\\\/\\\/allasorias.hu\\\/hirek\\\/wp-content\\\/uploads\\\/2022\\\/10\\\/allasorias_site_facebok_logo.png\",\"@id\":\"https:\\\/\\\/allasorias.hu\\\/hirek\\\/nyugdij-elott-allokat-erint-a-valtozas\\\/#organizationLogo\"},\"image\":{\"@id\":\"https:\\\/\\\/allasorias.hu\\\/hirek\\\/nyugdij-elott-allokat-erint-a-valtozas\\\/#organizationLogo\"},\"sameAs\":[\"https:\\\/\\\/www.facebook.com\\\/allasorias\",\"https:\\\/\\\/www.linkedin.com\\\/company\\\/allasorias\"]},{\"@type\":\"Person\",\"@id\":\"https:\\\/\\\/allasorias.hu\\\/hirek\\\/author\\\/admin-allasorias\\\/#author\",\"url\":\"https:\\\/\\\/allasorias.hu\\\/hirek\\\/author\\\/admin-allasorias\\\/\",\"name\":\"Juh\\u00e1sz P\\u00e9ter\",\"image\":{\"@type\":\"ImageObject\",\"@id\":\"https:\\\/\\\/allasorias.hu\\\/hirek\\\/nyugdij-elott-allokat-erint-a-valtozas\\\/#authorImage\",\"url\":\"https:\\\/\\\/secure.gravatar.com\\\/avatar\\\/36e6bcb83148978b992977cb0f54d22feb0cce8a0a849a9410532bb2623ba4c6?s=96&d=mm&r=g\",\"width\":96,\"height\":96,\"caption\":\"Juh\\u00e1sz P\\u00e9ter\"}},{\"@type\":\"WebPage\",\"@id\":\"https:\\\/\\\/allasorias.hu\\\/hirek\\\/nyugdij-elott-allokat-erint-a-valtozas\\\/#webpage\",\"url\":\"https:\\\/\\\/allasorias.hu\\\/hirek\\\/nyugdij-elott-allokat-erint-a-valtozas\\\/\",\"name\":\"Nyugd\\u00edj el\\u0151tt \\u00e1ll\\u00f3kat \\u00e9rint a v\\u00e1ltoz\\u00e1s | Allasorias.hu\\\/Hirek\",\"description\":\"Az idei \\u00e9vt\\u0151l v\\u00e1ltoztattak a nyugd\\u00edj el\\u0151tti \\u00e1ll\\u00e1skeres\\u00e9si seg\\u00e9lyen. A jogosults\\u00e1g felt\\u00e9teleinek meg\\u00e1llap\\u00edt\\u00e1s\\u00e1t akart\\u00e1k korrig\\u00e1lni.\",\"inLanguage\":\"hu-HU\",\"isPartOf\":{\"@id\":\"https:\\\/\\\/allasorias.hu\\\/hirek\\\/#website\"},\"breadcrumb\":{\"@id\":\"https:\\\/\\\/allasorias.hu\\\/hirek\\\/nyugdij-elott-allokat-erint-a-valtozas\\\/#breadcrumblist\"},\"author\":{\"@id\":\"https:\\\/\\\/allasorias.hu\\\/hirek\\\/author\\\/admin-allasorias\\\/#author\"},\"creator\":{\"@id\":\"https:\\\/\\\/allasorias.hu\\\/hirek\\\/author\\\/admin-allasorias\\\/#author\"},\"image\":{\"@type\":\"ImageObject\",\"url\":\"https:\\\/\\\/allasorias.hu\\\/hirek\\\/wp-content\\\/uploads\\\/2023\\\/02\\\/nyugdij-elotti-allaskeresesi-segely-scaled.jpg\",\"@id\":\"https:\\\/\\\/allasorias.hu\\\/hirek\\\/nyugdij-elott-allokat-erint-a-valtozas\\\/#mainImage\",\"width\":2560,\"height\":1440,\"caption\":\"Nyugd\\u00edj el\\u0151tt \\u00e1ll\\u00f3kat \\u00e9rint a v\\u00e1ltoz\\u00e1s - Allasorias.hu\\\/Hirek\"},\"primaryImageOfPage\":{\"@id\":\"https:\\\/\\\/allasorias.hu\\\/hirek\\\/nyugdij-elott-allokat-erint-a-valtozas\\\/#mainImage\"},\"datePublished\":\"2023-02-15T09:44:25+02:00\",\"dateModified\":\"2023-02-15T09:44:25+02:00\"},{\"@type\":\"WebSite\",\"@id\":\"https:\\\/\\\/allasorias.hu\\\/hirek\\\/#website\",\"url\":\"https:\\\/\\\/allasorias.hu\\\/hirek\\\/\",\"name\":\"AllasOrias.hu | H\\u00edrek-lapszemle\",\"description\":\"\\u00dczleti h\\u00edrek az \\u00e1ll\\u00e1s \\u00e9s a munka vil\\u00e1g\\u00e1b\\u00f3l\",\"inLanguage\":\"hu-HU\",\"publisher\":{\"@id\":\"https:\\\/\\\/allasorias.hu\\\/hirek\\\/#organization\"}}]}\n\t\t<\/script>\n\t\t<!-- All in One SEO -->\n\n","aioseo_head_json":{"title":"Nyugd\u00edj el\u0151tt \u00e1ll\u00f3kat \u00e9rint a v\u00e1ltoz\u00e1s | Allasorias.hu\/Hirek","description":"Az idei \u00e9vt\u0151l v\u00e1ltoztattak a nyugd\u00edj el\u0151tti \u00e1ll\u00e1skeres\u00e9si seg\u00e9lyen. A jogosults\u00e1g felt\u00e9teleinek meg\u00e1llap\u00edt\u00e1s\u00e1t akart\u00e1k korrig\u00e1lni.","canonical_url":"https:\/\/allasorias.hu\/hirek\/nyugdij-elott-allokat-erint-a-valtozas\/","robots":"max-image-preview:large","keywords":"nyugd\u00edj,nyugd\u00edj el\u0151tti \u00e1ll\u00e1skeres\u00e9si seg\u00e9ly,seg\u00e9ly","webmasterTools":{"miscellaneous":""},"schema":{"@context":"https:\/\/schema.org","@graph":[{"@type":"Article","@id":"https:\/\/allasorias.hu\/hirek\/nyugdij-elott-allokat-erint-a-valtozas\/#article","name":"Nyugd\u00edj el\u0151tt \u00e1ll\u00f3kat \u00e9rint a v\u00e1ltoz\u00e1s | Allasorias.hu\/Hirek","headline":"Nyugd\u00edj el\u0151tt \u00e1ll\u00f3kat \u00e9rint a v\u00e1ltoz\u00e1s","author":{"@id":"https:\/\/allasorias.hu\/hirek\/author\/admin-allasorias\/#author"},"publisher":{"@id":"https:\/\/allasorias.hu\/hirek\/#organization"},"image":{"@type":"ImageObject","url":"https:\/\/allasorias.hu\/hirek\/wp-content\/uploads\/2023\/02\/nyugdij-elotti-allaskeresesi-segely-scaled.jpg","width":2560,"height":1440,"caption":"Nyugd\u00edj el\u0151tt \u00e1ll\u00f3kat \u00e9rint a v\u00e1ltoz\u00e1s - Allasorias.hu\/Hirek"},"datePublished":"2023-02-15T09:44:25+02:00","dateModified":"2023-02-15T09:44:25+02:00","inLanguage":"hu-HU","mainEntityOfPage":{"@id":"https:\/\/allasorias.hu\/hirek\/nyugdij-elott-allokat-erint-a-valtozas\/#webpage"},"isPartOf":{"@id":"https:\/\/allasorias.hu\/hirek\/nyugdij-elott-allokat-erint-a-valtozas\/#webpage"},"articleSection":"Munkaer\u0151piac, nyugd\u00edj, nyugd\u00edj el\u0151tti \u00e1ll\u00e1skeres\u00e9si seg\u00e9ly, seg\u00e9ly"},{"@type":"BreadcrumbList","@id":"https:\/\/allasorias.hu\/hirek\/nyugdij-elott-allokat-erint-a-valtozas\/#breadcrumblist","itemListElement":[{"@type":"ListItem","@id":"https:\/\/allasorias.hu\/hirek#listItem","position":1,"name":"Home","item":"https:\/\/allasorias.hu\/hirek","nextItem":{"@type":"ListItem","@id":"https:\/\/allasorias.hu\/hirek\/temak\/munkaeropiac\/#listItem","name":"Munkaer\u0151piac"}},{"@type":"ListItem","@id":"https:\/\/allasorias.hu\/hirek\/temak\/munkaeropiac\/#listItem","position":2,"name":"Munkaer\u0151piac","item":"https:\/\/allasorias.hu\/hirek\/temak\/munkaeropiac\/","nextItem":{"@type":"ListItem","@id":"https:\/\/allasorias.hu\/hirek\/nyugdij-elott-allokat-erint-a-valtozas\/#listItem","name":"Nyugd\u00edj el\u0151tt \u00e1ll\u00f3kat \u00e9rint a v\u00e1ltoz\u00e1s"},"previousItem":{"@type":"ListItem","@id":"https:\/\/allasorias.hu\/hirek#listItem","name":"Home"}},{"@type":"ListItem","@id":"https:\/\/allasorias.hu\/hirek\/nyugdij-elott-allokat-erint-a-valtozas\/#listItem","position":3,"name":"Nyugd\u00edj el\u0151tt \u00e1ll\u00f3kat \u00e9rint a v\u00e1ltoz\u00e1s","previousItem":{"@type":"ListItem","@id":"https:\/\/allasorias.hu\/hirek\/temak\/munkaeropiac\/#listItem","name":"Munkaer\u0151piac"}}]},{"@type":"Organization","@id":"https:\/\/allasorias.hu\/hirek\/#organization","name":"AllasOrias.hu | H\u00edrek-lapszemle","description":"\u00dczleti h\u00edrek az \u00e1ll\u00e1s \u00e9s a munka vil\u00e1g\u00e1b\u00f3l","url":"https:\/\/allasorias.hu\/hirek\/","logo":{"@type":"ImageObject","url":"https:\/\/allasorias.hu\/hirek\/wp-content\/uploads\/2022\/10\/allasorias_site_facebok_logo.png","@id":"https:\/\/allasorias.hu\/hirek\/nyugdij-elott-allokat-erint-a-valtozas\/#organizationLogo"},"image":{"@id":"https:\/\/allasorias.hu\/hirek\/nyugdij-elott-allokat-erint-a-valtozas\/#organizationLogo"},"sameAs":["https:\/\/www.facebook.com\/allasorias","https:\/\/www.linkedin.com\/company\/allasorias"]},{"@type":"Person","@id":"https:\/\/allasorias.hu\/hirek\/author\/admin-allasorias\/#author","url":"https:\/\/allasorias.hu\/hirek\/author\/admin-allasorias\/","name":"Juh\u00e1sz P\u00e9ter","image":{"@type":"ImageObject","@id":"https:\/\/allasorias.hu\/hirek\/nyugdij-elott-allokat-erint-a-valtozas\/#authorImage","url":"https:\/\/secure.gravatar.com\/avatar\/36e6bcb83148978b992977cb0f54d22feb0cce8a0a849a9410532bb2623ba4c6?s=96&d=mm&r=g","width":96,"height":96,"caption":"Juh\u00e1sz P\u00e9ter"}},{"@type":"WebPage","@id":"https:\/\/allasorias.hu\/hirek\/nyugdij-elott-allokat-erint-a-valtozas\/#webpage","url":"https:\/\/allasorias.hu\/hirek\/nyugdij-elott-allokat-erint-a-valtozas\/","name":"Nyugd\u00edj el\u0151tt \u00e1ll\u00f3kat \u00e9rint a v\u00e1ltoz\u00e1s | Allasorias.hu\/Hirek","description":"Az idei \u00e9vt\u0151l v\u00e1ltoztattak a nyugd\u00edj el\u0151tti \u00e1ll\u00e1skeres\u00e9si seg\u00e9lyen. A jogosults\u00e1g felt\u00e9teleinek meg\u00e1llap\u00edt\u00e1s\u00e1t akart\u00e1k korrig\u00e1lni.","inLanguage":"hu-HU","isPartOf":{"@id":"https:\/\/allasorias.hu\/hirek\/#website"},"breadcrumb":{"@id":"https:\/\/allasorias.hu\/hirek\/nyugdij-elott-allokat-erint-a-valtozas\/#breadcrumblist"},"author":{"@id":"https:\/\/allasorias.hu\/hirek\/author\/admin-allasorias\/#author"},"creator":{"@id":"https:\/\/allasorias.hu\/hirek\/author\/admin-allasorias\/#author"},"image":{"@type":"ImageObject","url":"https:\/\/allasorias.hu\/hirek\/wp-content\/uploads\/2023\/02\/nyugdij-elotti-allaskeresesi-segely-scaled.jpg","@id":"https:\/\/allasorias.hu\/hirek\/nyugdij-elott-allokat-erint-a-valtozas\/#mainImage","width":2560,"height":1440,"caption":"Nyugd\u00edj el\u0151tt \u00e1ll\u00f3kat \u00e9rint a v\u00e1ltoz\u00e1s - Allasorias.hu\/Hirek"},"primaryImageOfPage":{"@id":"https:\/\/allasorias.hu\/hirek\/nyugdij-elott-allokat-erint-a-valtozas\/#mainImage"},"datePublished":"2023-02-15T09:44:25+02:00","dateModified":"2023-02-15T09:44:25+02:00"},{"@type":"WebSite","@id":"https:\/\/allasorias.hu\/hirek\/#website","url":"https:\/\/allasorias.hu\/hirek\/","name":"AllasOrias.hu | H\u00edrek-lapszemle","description":"\u00dczleti h\u00edrek az \u00e1ll\u00e1s \u00e9s a munka vil\u00e1g\u00e1b\u00f3l","inLanguage":"hu-HU","publisher":{"@id":"https:\/\/allasorias.hu\/hirek\/#organization"}}]},"og:locale":"hu_HU","og:site_name":"AllasOrias.hu | H\u00edrek-lapszemle | \u00dczleti h\u00edrek az \u00e1ll\u00e1s \u00e9s a munka vil\u00e1g\u00e1b\u00f3l","og:type":"article","og:title":"Nyugd\u00edj el\u0151tt \u00e1ll\u00f3kat \u00e9rint a v\u00e1ltoz\u00e1s | Allasorias.hu\/Hirek","og:description":"Az idei \u00e9vt\u0151l v\u00e1ltoztattak a nyugd\u00edj el\u0151tti \u00e1ll\u00e1skeres\u00e9si seg\u00e9lyen. A jogosults\u00e1g felt\u00e9teleinek meg\u00e1llap\u00edt\u00e1s\u00e1t akart\u00e1k korrig\u00e1lni.","og:url":"https:\/\/allasorias.hu\/hirek\/nyugdij-elott-allokat-erint-a-valtozas\/","og:image":"https:\/\/allasorias.hu\/hirek\/wp-content\/uploads\/2023\/02\/nyugdij-elotti-allaskeresesi-segely-scaled.jpg","og:image:secure_url":"https:\/\/allasorias.hu\/hirek\/wp-content\/uploads\/2023\/02\/nyugdij-elotti-allaskeresesi-segely-scaled.jpg","og:image:width":2560,"og:image:height":1440,"article:published_time":"2023-02-15T09:44:25+00:00","article:modified_time":"2023-02-15T09:44:25+00:00","article:publisher":"https:\/\/www.facebook.com\/allasorias","twitter:card":"summary_large_image","twitter:title":"Nyugd\u00edj el\u0151tt \u00e1ll\u00f3kat \u00e9rint a v\u00e1ltoz\u00e1s | Allasorias.hu\/Hirek","twitter:description":"Az idei \u00e9vt\u0151l v\u00e1ltoztattak a nyugd\u00edj el\u0151tti \u00e1ll\u00e1skeres\u00e9si seg\u00e9lyen. A jogosults\u00e1g felt\u00e9teleinek meg\u00e1llap\u00edt\u00e1s\u00e1t akart\u00e1k korrig\u00e1lni.","twitter:image":"https:\/\/allasorias.hu\/hirek\/wp-content\/uploads\/2023\/02\/nyugdij-elotti-allaskeresesi-segely-scaled.jpg","twitter:label1":"Written by","twitter:data1":"Juh\u00e1sz P\u00e9ter","twitter:label2":"Est. reading time","twitter:data2":"3 minutes"},"aioseo_meta_data":{"post_id":"6240","title":"#post_title | Allasorias.hu\/Hirek","description":"Az idei \u00e9vt\u0151l v\u00e1ltoztattak a nyugd\u00edj el\u0151tti \u00e1ll\u00e1skeres\u00e9si seg\u00e9lyen. A jogosults\u00e1g felt\u00e9teleinek meg\u00e1llap\u00edt\u00e1s\u00e1t akart\u00e1k korrig\u00e1lni.","keywords":[],"keyphrases":{"focus":{"keyphrase":"nyugd\u00edj","score":80,"analysis":{"keyphraseInTitle":{"score":9,"maxScore":9,"error":0},"keyphraseInDescription":{"score":9,"maxScore":9,"error":0},"keyphraseLength":{"score":9,"maxScore":9,"error":0,"length":1},"keyphraseInURL":{"score":1,"maxScore":5,"error":1},"keyphraseInIntroduction":{"score":9,"maxScore":9,"error":0},"keyphraseInSubHeadings":{"score":3,"maxScore":9,"error":1},"keyphraseInImageAlt":[]}},"additional":[]},"primary_term":null,"canonical_url":null,"og_title":null,"og_description":null,"og_object_type":"default","og_image_type":"default","og_image_url":null,"og_image_width":null,"og_image_height":null,"og_image_custom_url":null,"og_image_custom_fields":null,"og_video":"","og_custom_url":null,"og_article_section":null,"og_article_tags":[],"twitter_use_og":true,"twitter_card":"default","twitter_image_type":"default","twitter_image_url":null,"twitter_image_custom_url":null,"twitter_image_custom_fields":null,"twitter_title":null,"twitter_description":null,"schema":{"blockGraphs":[],"customGraphs":[],"default":{"data":{"Article":[],"Course":[],"Dataset":[],"FAQPage":[],"Movie":[],"Person":[],"Product":[],"ProductReview":[],"Car":[],"Recipe":[],"Service":[],"SoftwareApplication":[],"WebPage":[]},"graphName":"Article","isEnabled":true},"graphs":[]},"schema_type":"default","schema_type_options":null,"pillar_content":false,"robots_default":true,"robots_noindex":false,"robots_noarchive":false,"robots_nosnippet":false,"robots_nofollow":false,"robots_noimageindex":false,"robots_noodp":false,"robots_notranslate":false,"robots_max_snippet":"-1","robots_max_videopreview":"-1","robots_max_imagepreview":"large","priority":null,"frequency":"default","location":null,"local_seo":null,"breadcrumb_settings":null,"limit_modified_date":false,"ai":null,"created":"2023-02-15 08:25:11","updated":"2025-10-02 18:07:40","seo_analyzer_scan_date":null,"focus_keyword":"nyugd\u00edj","additional_keywords":null,"truseo_locale":null},"aioseo_breadcrumb":"<div class=\"aioseo-breadcrumbs\"><span class=\"aioseo-breadcrumb\">\n\t\t\t<a href=\"https:\/\/allasorias.hu\/hirek\" title=\"Home\">Home<\/a>\n\t\t<\/span><span class=\"aioseo-breadcrumb-separator\">&raquo;<\/span><span class=\"aioseo-breadcrumb\">\n\t\t\t<a href=\"https:\/\/allasorias.hu\/hirek\/temak\/munkaeropiac\/\" title=\"Munkaer\u0151piac\">Munkaer\u0151piac<\/a>\n\t\t<\/span><span class=\"aioseo-breadcrumb-separator\">&raquo;<\/span><span class=\"aioseo-breadcrumb\">\n\t\t\tNyugd\u00edj el\u0151tt \u00e1ll\u00f3kat \u00e9rint a v\u00e1ltoz\u00e1s\n\t\t<\/span><\/div>","aioseo_breadcrumb_json":[{"label":"Home","link":"https:\/\/allasorias.hu\/hirek"},{"label":"Munkaer\u0151piac","link":"https:\/\/allasorias.hu\/hirek\/temak\/munkaeropiac\/"},{"label":"Nyugd\u00edj el\u0151tt \u00e1ll\u00f3kat \u00e9rint a v\u00e1ltoz\u00e1s","link":"https:\/\/allasorias.hu\/hirek\/nyugdij-elott-allokat-erint-a-valtozas\/"}],"_links":{"self":[{"href":"https:\/\/allasorias.hu\/hirek\/wp-json\/wp\/v2\/posts\/6240","targetHints":{"allow":["GET"]}}],"collection":[{"href":"https:\/\/allasorias.hu\/hirek\/wp-json\/wp\/v2\/posts"}],"about":[{"href":"https:\/\/allasorias.hu\/hirek\/wp-json\/wp\/v2\/types\/post"}],"author":[{"embeddable":true,"href":"https:\/\/allasorias.hu\/hirek\/wp-json\/wp\/v2\/users\/1"}],"replies":[{"embeddable":true,"href":"https:\/\/allasorias.hu\/hirek\/wp-json\/wp\/v2\/comments?post=6240"}],"version-history":[{"count":1,"href":"https:\/\/allasorias.hu\/hirek\/wp-json\/wp\/v2\/posts\/6240\/revisions"}],"predecessor-version":[{"id":6242,"href":"https:\/\/allasorias.hu\/hirek\/wp-json\/wp\/v2\/posts\/6240\/revisions\/6242"}],"wp:featuredmedia":[{"embeddable":true,"href":"https:\/\/allasorias.hu\/hirek\/wp-json\/wp\/v2\/media\/6241"}],"wp:attachment":[{"href":"https:\/\/allasorias.hu\/hirek\/wp-json\/wp\/v2\/media?parent=6240"}],"wp:term":[{"taxonomy":"category","embeddable":true,"href":"https:\/\/allasorias.hu\/hirek\/wp-json\/wp\/v2\/categories?post=6240"},{"taxonomy":"post_tag","embeddable":true,"href":"https:\/\/allasorias.hu\/hirek\/wp-json\/wp\/v2\/tags?post=6240"}],"curies":[{"name":"wp","href":"https:\/\/api.w.org\/{rel}","templated":true}]}}