{"id":6231,"date":"2023-02-13T10:39:42","date_gmt":"2023-02-13T10:39:42","guid":{"rendered":"https:\/\/allasorias.hu\/hirek\/?p=6231"},"modified":"2025-05-09T13:43:30","modified_gmt":"2025-05-09T11:43:30","slug":"itthon-szeretnenek-diplomat-szerezni-a-magyar-fiatalok","status":"publish","type":"post","link":"https:\/\/allasorias.hu\/hirek\/itthon-szeretnenek-diplomat-szerezni-a-magyar-fiatalok\/","title":{"rendered":"Itthon szeretn\u00e9nek diplom\u00e1t szerezni a magyar fiatalok"},"content":{"rendered":"<p><strong>B\u00e1r n\u0151 a k\u00fclf\u00f6ld\u00f6n tanul\u00f3 magyar fiatalok sz\u00e1ma, nagy r\u00e9sz\u00fck\u00a0 itthon szeretne diplom\u00e1hoz jutni. \u00c9rdekess\u00e9g, hogy k\u00fclf\u00f6ldi\u00a0 munk\u00e1t egyre t\u00f6bben terveznek a v\u00e9gzetts\u00e9g\u00fck megszerz\u00e9se ut\u00e1n. Akik itthon szeretn\u00e9nek dolgozni, f\u0151k\u00e9nt Budapesten \u00e9s Pest megy\u00e9ben v\u00e1llaln\u00e1nak munk\u00e1t.<\/strong><\/p>\n<h2>79% Magyarorsz\u00e1gon tervezi a <a href=\"https:\/\/allasorias.hu\/hirek\/keves-a-diplomas-hazankban\/\">diploma<\/a> megszerz\u00e9s\u00e9t<\/h2>\n<p>A magyar k\u00f6z\u00e9piskol\u00e1soknak mind\u00f6ssze 5 sz\u00e1zal\u00e9ka szeretn\u00e9 fels\u0151fok\u00fa tanulm\u00e1nyait mindenk\u00e9ppen k\u00fclf\u00f6ld\u00f6n folytatni, ugyanakkor k\u00fclf\u00f6ldi munkav\u00e1llal\u00e1st m\u00e1r jelenleg is 37 sz\u00e1zal\u00e9kuk tervez a tanulm\u00e1nyaik elv\u00e9gz\u00e9s\u00e9t k\u00f6vet\u0151en \u2013 der\u00fclt ki a Trenkwaldernek a hazai k\u00f6z\u00e9piskol\u00e1sok mobilit\u00e1si terveit vizsg\u00e1l\u00f3 felm\u00e9r\u00e9s\u00e9b\u0151l. A felm\u00e9r\u00e9sb\u0151l \u2013 amelyben t\u00f6bb mint 1100 hazai k\u00f6z\u00e9piskol\u00e1s v\u00e1laszait dolgozta fel a HR-szolg\u00e1ltat\u00f3 c\u00e9g \u2013 az der\u00fclt ki, hogy az \u00e9rintettek 79 sz\u00e1zal\u00e9ka Magyarorsz\u00e1gon tervezi elv\u00e9gezni fels\u0151fok\u00fa tanulm\u00e1nyait, k\u00f6z\u00fcl\u00fck csaknem minden harmadik (30 sz\u00e1zal\u00e9k) di\u00e1k szeretne k\u00f6zben legal\u00e1bb n\u00e9h\u00e1ny h\u00f3napot \u00f6szt\u00f6nd\u00edjjal (p\u00e9ld\u00e1ul <a href=\"https:\/\/erasmus-plus.ec.europa.eu\/hu\" target=\"_blank\" rel=\"nofollow noopener noreferrer\">Erasmus<\/a>) k\u00fclf\u00f6ldi int\u00e9zm\u00e9nyben is elt\u00f6lteni.<\/p>\n<h2>K\u00fclf\u00f6ld\u00f6n 37% v\u00e1llalna munk\u00e1t<\/h2>\n<p>Csup\u00e1n minden huszadik di\u00e1k jelezte azt, hogy eleve k\u00fclf\u00f6ld\u00f6n tanulna tov\u00e1bb, 16 sz\u00e1zal\u00e9k egyel\u0151re nem d\u00f6nt\u00f6tt a k\u00e9rd\u00e9sben. B\u00e1r a k\u00f6z\u00e9piskol\u00e1sok z\u00f6me tov\u00e1bbra is hazai <a href=\"https:\/\/www.felvi.hu\/felveteli\/egyetemek_foiskolak\/!IntezmenyiOldalak\/intezmeny_lista.php?elj=23a\" target=\"_blank\" rel=\"nofollow noopener noreferrer\">fels\u0151oktat\u00e1si int\u00e9zm\u00e9nybe<\/a> igyekszik, \u00e9vr\u0151l \u00e9vre folyamatosan n\u0151 a k\u00fclf\u00f6ld\u00f6n teljes k\u00e9pz\u00e9sben tanul\u00f3 magyar di\u00e1kok sz\u00e1ma. Az el\u0151z\u0151, 2021\/2022-es tan\u00e9vben 16 225 volt ez a l\u00e9tsz\u00e1m, ami 21 sz\u00e1zal\u00e9kkal haladja meg az \u00f6t \u00e9vvel kor\u00e1bbi 13 461-es sz\u00e1mot. Abban a k\u00e9rd\u00e9sben ugyanakkor, hogy a j\u00f6v\u0151ben hol szeretn\u00e9nek majd munk\u00e1t v\u00e1llalni, a k\u00f6z\u00e9piskol\u00e1sok m\u00e1r j\u00f3val nagyobb mobilit\u00e1si hajland\u00f3s\u00e1got mutattak: 37 sz\u00e1zal\u00e9knyian k\u00fclf\u00f6ldi munk\u00e1t terveznek, 35 sz\u00e1zal\u00e9kuk maradna mindenk\u00e9ppen belf\u00f6ld\u00f6n, \u00e9s 28 sz\u00e1zal\u00e9knyian m\u00e9g nem tudj\u00e1k, merre orient\u00e1l\u00f3dn\u00e1nak.<\/p>\n<h2>A jobb meg\u00e9lhet\u00e9s miatt menn\u00e9nek k\u00fclf\u00f6ldre<\/h2>\n<p>A <a href=\"https:\/\/allasorias.hu\/hirek\/egyre-tobben-dolgoznanak-kulfoldon\/\">k\u00fclf\u00f6ldi munkav\u00e1llal\u00e1st<\/a> tervez\u0151k 56 sz\u00e1zal\u00e9kban a jobb meg\u00e9lhet\u00e9st, tov\u00e1bbi 24 sz\u00e1zal\u00e9kban a t\u00f6bb munkalehet\u0151s\u00e9get eml\u00edtett\u00e9k annak f\u0151 el\u0151nyek\u00e9nt. \u201eA k\u00f6z\u00e9piskol\u00e1sok terveit elemezve meg\u00e1llap\u00edthat\u00f3, hogy ennek a koroszt\u00e1lynak a mobilit\u00e1si hajland\u00f3s\u00e1ga j\u00f3val magasabb, mint a feln\u0151tt kor\u00fa munkav\u00e1llal\u00f3k\u00e9. Ut\u00f3bbiak kapcs\u00e1n a Trenkwalder decemberben bemutatott leg\u00fajabb Mobilit\u00e1si \u00e9s El\u00e9gedetts\u00e9gi felm\u00e9r\u00e9se 18 sz\u00e1zal\u00e9kos k\u00fclf\u00f6ldre k\u00f6lt\u00f6z\u00e9si hajland\u00f3s\u00e1got mutatott ki, ami a fele a k\u00f6z\u00e9piskolai di\u00e1kok\u00e9nak\u201d \u2013 emelte ki P\u00e1li N\u00f3ra, a Trenkwalder student services leadere hozz\u00e1t\u00e9ve: \u201emivel a k\u00fclf\u00f6ldi munkav\u00e1llal\u00e1s melletti d\u00f6nt\u00e9s f\u0151 oka a jobb meg\u00e9lhet\u00e9s rem\u00e9nye, a legfiatalabb munkak\u00e9pes koroszt\u00e1ly megtart\u00e1sa ter\u00e9n sok fog m\u00falni azon, hogy a k\u00f6vetkez\u0151 \u00e9vekben siker\u00fcl-e majd k\u00f6zelebb hozni a hazai b\u00e9rsz\u00ednvonalat a nyugat-eur\u00f3pai \u00e1tlaghoz.\u201d<\/p>\n<p>A belf\u00f6ld\u00f6n munk\u00e1t v\u00e1llalni tervez\u0151 di\u00e1kok k\u00f6r\u00e9ben messze Budapest \u00e9s Pest megye a legvonz\u00f3bb c\u00e9lpont, az \u00e9rintett v\u00e1laszad\u00f3k 77 sz\u00e1zal\u00e9ka szeretne ebben a r\u00e9gi\u00f3ban dolgozni. A legvonz\u00f3bb hazai megy\u00e9k k\u00f6z\u00f6tt m\u00e9g Gy\u0151r-Moson-Sopron (4 sz\u00e1zal\u00e9k), Fej\u00e9r (4 sz\u00e1zal\u00e9k) \u00e9s Csongr\u00e1d-Csan\u00e1d (2 sz\u00e1zal\u00e9k) megy\u00e9ket eml\u00edtett\u00e9k a legnagyobb sz\u00e1mban.<\/p>\n<p>Forr\u00e1s: <a href=\"https:\/\/uzletem.hu\/munkaeropiac\/a-magyar-kozepiskolasok-37-szazaleka-szivesen-dolgozna-kulfoldon\" target=\"_blank\" rel=\"nofollow noopener noreferrer\">uzletem.hu<\/a><\/p>\n<p>&nbsp;<\/p>\n","protected":false},"excerpt":{"rendered":"<p>B\u00e1r n\u0151 a k\u00fclf\u00f6ld\u00f6n tanul\u00f3 magyar fiatalok sz\u00e1ma, nagy r\u00e9sz\u00fck\u00a0 itthon szeretne diplom\u00e1hoz jutni. \u00c9rdekess\u00e9g, hogy k\u00fclf\u00f6ldi\u00a0 munk\u00e1t egyre t\u00f6bben terveznek a v\u00e9gzetts\u00e9g\u00fck megszerz\u00e9se ut\u00e1n. Akik itthon szeretn\u00e9nek dolgozni, f\u0151k\u00e9nt Budapesten \u00e9s Pest megy\u00e9ben v\u00e1llaln\u00e1nak munk\u00e1t. 79% Magyarorsz\u00e1gon tervezi a diploma megszerz\u00e9s\u00e9t A magyar k\u00f6z\u00e9piskol\u00e1soknak mind\u00f6ssze 5 sz\u00e1zal\u00e9ka szeretn\u00e9 fels\u0151fok\u00fa tanulm\u00e1nyait mindenk\u00e9ppen k\u00fclf\u00f6ld\u00f6n folytatni, ugyanakkor [&hellip;]<\/p>\n","protected":false},"author":1,"featured_media":6234,"comment_status":"closed","ping_status":"closed","sticky":false,"template":"","format":"standard","meta":{"_monsterinsights_skip_tracking":false,"footnotes":""},"categories":[1],"tags":[391,392,390],"class_list":["post-6231","post","type-post","status-publish","format-standard","has-post-thumbnail","hentry","category-allaskereses","tag-diploma","tag-kulfoldi-munkavegzes","tag-magyar-fiatalok"],"aioseo_notices":[],"aioseo_head":"\n\t\t<!-- All in One SEO 5.0.0.1 - aioseo.com -->\n\t<meta name=\"description\" content=\"B\u00e1r n\u0151 a k\u00fclf\u00f6ld\u00f6n tanul\u00f3 magyar fiatalok sz\u00e1ma, nagy r\u00e9sz\u00fck itthon szeretne diplom\u00e1hoz jutni. \u00c9rdekess\u00e9g, hogy k\u00fclf\u00f6ldi munk\u00e1t egyre t\u00f6bben terveznek.\" \/>\n\t<meta name=\"robots\" content=\"max-image-preview:large\" \/>\n\t<meta name=\"author\" content=\"Juh\u00e1sz P\u00e9ter\"\/>\n\t<meta name=\"keywords\" content=\"diploma,k\u00fclf\u00f6ldi munkav\u00e9gz\u00e9s,magyar fiatalok\" \/>\n\t<link rel=\"canonical\" href=\"https:\/\/allasorias.hu\/hirek\/itthon-szeretnenek-diplomat-szerezni-a-magyar-fiatalok\/\" \/>\n\t<meta name=\"generator\" content=\"All in One SEO (AIOSEO) 5.0.0.1\" \/>\n\t\t<meta property=\"og:locale\" content=\"hu_HU\" \/>\n\t\t<meta property=\"og:site_name\" content=\"AllasOrias.hu | H\u00edrek-lapszemle | \u00dczleti h\u00edrek az \u00e1ll\u00e1s \u00e9s a munka vil\u00e1g\u00e1b\u00f3l\" \/>\n\t\t<meta property=\"og:type\" content=\"article\" \/>\n\t\t<meta property=\"og:title\" content=\"Magyar fiatalok itthon szeretn\u00e9nek diplom\u00e1t\" \/>\n\t\t<meta property=\"og:description\" content=\"B\u00e1r n\u0151 a k\u00fclf\u00f6ld\u00f6n tanul\u00f3 magyar fiatalok sz\u00e1ma, nagy r\u00e9sz\u00fck itthon szeretne diplom\u00e1hoz jutni. \u00c9rdekess\u00e9g, hogy k\u00fclf\u00f6ldi munk\u00e1t egyre t\u00f6bben terveznek.\" \/>\n\t\t<meta property=\"og:url\" content=\"https:\/\/allasorias.hu\/hirek\/itthon-szeretnenek-diplomat-szerezni-a-magyar-fiatalok\/\" \/>\n\t\t<meta property=\"og:image\" content=\"https:\/\/allasorias.hu\/hirek\/wp-content\/uploads\/2023\/02\/diplomas-magyar-fiatalok.jpg\" \/>\n\t\t<meta property=\"og:image:secure_url\" content=\"https:\/\/allasorias.hu\/hirek\/wp-content\/uploads\/2023\/02\/diplomas-magyar-fiatalok.jpg\" \/>\n\t\t<meta property=\"og:image:width\" content=\"1280\" \/>\n\t\t<meta property=\"og:image:height\" content=\"853\" \/>\n\t\t<meta property=\"article:published_time\" content=\"2023-02-13T10:39:42+00:00\" \/>\n\t\t<meta property=\"article:modified_time\" content=\"2025-05-09T11:43:30+00:00\" \/>\n\t\t<meta property=\"article:publisher\" content=\"https:\/\/www.facebook.com\/allasorias\" \/>\n\t\t<meta name=\"twitter:card\" content=\"summary_large_image\" \/>\n\t\t<meta name=\"twitter:title\" content=\"Magyar fiatalok itthon szeretn\u00e9nek diplom\u00e1t\" \/>\n\t\t<meta name=\"twitter:description\" content=\"B\u00e1r n\u0151 a k\u00fclf\u00f6ld\u00f6n tanul\u00f3 magyar fiatalok sz\u00e1ma, nagy r\u00e9sz\u00fck itthon szeretne diplom\u00e1hoz jutni. \u00c9rdekess\u00e9g, hogy k\u00fclf\u00f6ldi munk\u00e1t egyre t\u00f6bben terveznek.\" \/>\n\t\t<meta name=\"twitter:image\" content=\"https:\/\/allasorias.hu\/hirek\/wp-content\/uploads\/2023\/02\/diplomas-magyar-fiatalok.jpg\" \/>\n\t\t<meta name=\"twitter:label1\" content=\"Written by\" \/>\n\t\t<meta name=\"twitter:data1\" content=\"Juh\u00e1sz P\u00e9ter\" \/>\n\t\t<meta name=\"twitter:label2\" content=\"Est. reading time\" \/>\n\t\t<meta name=\"twitter:data2\" content=\"3 minutes\" \/>\n\t\t<script type=\"application\/ld+json\" class=\"aioseo-schema\">\n\t\t\t{\"@context\":\"https:\\\/\\\/schema.org\",\"@graph\":[{\"@type\":\"Article\",\"@id\":\"https:\\\/\\\/allasorias.hu\\\/hirek\\\/itthon-szeretnenek-diplomat-szerezni-a-magyar-fiatalok\\\/#article\",\"name\":\"Magyar fiatalok itthon szeretn\\u00e9nek diplom\\u00e1t\",\"headline\":\"Itthon szeretn\\u00e9nek diplom\\u00e1t szerezni a magyar fiatalok\",\"author\":{\"@id\":\"https:\\\/\\\/allasorias.hu\\\/hirek\\\/author\\\/admin-allasorias\\\/#author\"},\"publisher\":{\"@id\":\"https:\\\/\\\/allasorias.hu\\\/hirek\\\/#organization\"},\"image\":{\"@type\":\"ImageObject\",\"url\":\"https:\\\/\\\/allasorias.hu\\\/hirek\\\/wp-content\\\/uploads\\\/2023\\\/02\\\/diplomas-magyar-fiatalok.jpg\",\"width\":1280,\"height\":853,\"caption\":\"Itthon szeretn\\u00e9nek diplom\\u00e1t szerezni a magyar fiatalok - Allasorias.hu\\\/Hirek\"},\"datePublished\":\"2023-02-13T10:39:42+02:00\",\"dateModified\":\"2025-05-09T13:43:30+02:00\",\"inLanguage\":\"hu-HU\",\"mainEntityOfPage\":{\"@id\":\"https:\\\/\\\/allasorias.hu\\\/hirek\\\/itthon-szeretnenek-diplomat-szerezni-a-magyar-fiatalok\\\/#webpage\"},\"isPartOf\":{\"@id\":\"https:\\\/\\\/allasorias.hu\\\/hirek\\\/itthon-szeretnenek-diplomat-szerezni-a-magyar-fiatalok\\\/#webpage\"},\"articleSection\":\"\\u00c1ll\\u00e1skeres\\u00e9s, diploma, k\\u00fclf\\u00f6ldi munkav\\u00e9gz\\u00e9s, magyar fiatalok\"},{\"@type\":\"BreadcrumbList\",\"@id\":\"https:\\\/\\\/allasorias.hu\\\/hirek\\\/itthon-szeretnenek-diplomat-szerezni-a-magyar-fiatalok\\\/#breadcrumblist\",\"itemListElement\":[{\"@type\":\"ListItem\",\"@id\":\"https:\\\/\\\/allasorias.hu\\\/hirek#listItem\",\"position\":1,\"name\":\"Home\",\"item\":\"https:\\\/\\\/allasorias.hu\\\/hirek\",\"nextItem\":{\"@type\":\"ListItem\",\"@id\":\"https:\\\/\\\/allasorias.hu\\\/hirek\\\/temak\\\/allaskereses\\\/#listItem\",\"name\":\"\\u00c1ll\\u00e1skeres\\u00e9s\"}},{\"@type\":\"ListItem\",\"@id\":\"https:\\\/\\\/allasorias.hu\\\/hirek\\\/temak\\\/allaskereses\\\/#listItem\",\"position\":2,\"name\":\"\\u00c1ll\\u00e1skeres\\u00e9s\",\"item\":\"https:\\\/\\\/allasorias.hu\\\/hirek\\\/temak\\\/allaskereses\\\/\",\"nextItem\":{\"@type\":\"ListItem\",\"@id\":\"https:\\\/\\\/allasorias.hu\\\/hirek\\\/itthon-szeretnenek-diplomat-szerezni-a-magyar-fiatalok\\\/#listItem\",\"name\":\"Itthon szeretn\\u00e9nek diplom\\u00e1t szerezni a magyar fiatalok\"},\"previousItem\":{\"@type\":\"ListItem\",\"@id\":\"https:\\\/\\\/allasorias.hu\\\/hirek#listItem\",\"name\":\"Home\"}},{\"@type\":\"ListItem\",\"@id\":\"https:\\\/\\\/allasorias.hu\\\/hirek\\\/itthon-szeretnenek-diplomat-szerezni-a-magyar-fiatalok\\\/#listItem\",\"position\":3,\"name\":\"Itthon szeretn\\u00e9nek diplom\\u00e1t szerezni a magyar fiatalok\",\"previousItem\":{\"@type\":\"ListItem\",\"@id\":\"https:\\\/\\\/allasorias.hu\\\/hirek\\\/temak\\\/allaskereses\\\/#listItem\",\"name\":\"\\u00c1ll\\u00e1skeres\\u00e9s\"}}]},{\"@type\":\"Organization\",\"@id\":\"https:\\\/\\\/allasorias.hu\\\/hirek\\\/#organization\",\"name\":\"AllasOrias.hu | H\\u00edrek-lapszemle\",\"description\":\"\\u00dczleti h\\u00edrek az \\u00e1ll\\u00e1s \\u00e9s a munka vil\\u00e1g\\u00e1b\\u00f3l\",\"url\":\"https:\\\/\\\/allasorias.hu\\\/hirek\\\/\",\"logo\":{\"@type\":\"ImageObject\",\"url\":\"https:\\\/\\\/allasorias.hu\\\/hirek\\\/wp-content\\\/uploads\\\/2022\\\/10\\\/allasorias_site_facebok_logo.png\",\"@id\":\"https:\\\/\\\/allasorias.hu\\\/hirek\\\/itthon-szeretnenek-diplomat-szerezni-a-magyar-fiatalok\\\/#organizationLogo\"},\"image\":{\"@id\":\"https:\\\/\\\/allasorias.hu\\\/hirek\\\/itthon-szeretnenek-diplomat-szerezni-a-magyar-fiatalok\\\/#organizationLogo\"},\"sameAs\":[\"https:\\\/\\\/www.facebook.com\\\/allasorias\",\"https:\\\/\\\/www.linkedin.com\\\/company\\\/allasorias\"]},{\"@type\":\"Person\",\"@id\":\"https:\\\/\\\/allasorias.hu\\\/hirek\\\/author\\\/admin-allasorias\\\/#author\",\"url\":\"https:\\\/\\\/allasorias.hu\\\/hirek\\\/author\\\/admin-allasorias\\\/\",\"name\":\"Juh\\u00e1sz P\\u00e9ter\",\"image\":{\"@type\":\"ImageObject\",\"@id\":\"https:\\\/\\\/allasorias.hu\\\/hirek\\\/itthon-szeretnenek-diplomat-szerezni-a-magyar-fiatalok\\\/#authorImage\",\"url\":\"https:\\\/\\\/secure.gravatar.com\\\/avatar\\\/36e6bcb83148978b992977cb0f54d22feb0cce8a0a849a9410532bb2623ba4c6?s=96&d=mm&r=g\",\"width\":96,\"height\":96,\"caption\":\"Juh\\u00e1sz P\\u00e9ter\"}},{\"@type\":\"WebPage\",\"@id\":\"https:\\\/\\\/allasorias.hu\\\/hirek\\\/itthon-szeretnenek-diplomat-szerezni-a-magyar-fiatalok\\\/#webpage\",\"url\":\"https:\\\/\\\/allasorias.hu\\\/hirek\\\/itthon-szeretnenek-diplomat-szerezni-a-magyar-fiatalok\\\/\",\"name\":\"Magyar fiatalok itthon szeretn\\u00e9nek diplom\\u00e1t\",\"description\":\"B\\u00e1r n\\u0151 a k\\u00fclf\\u00f6ld\\u00f6n tanul\\u00f3 magyar fiatalok sz\\u00e1ma, nagy r\\u00e9sz\\u00fck itthon szeretne diplom\\u00e1hoz jutni. \\u00c9rdekess\\u00e9g, hogy k\\u00fclf\\u00f6ldi munk\\u00e1t egyre t\\u00f6bben terveznek.\",\"inLanguage\":\"hu-HU\",\"isPartOf\":{\"@id\":\"https:\\\/\\\/allasorias.hu\\\/hirek\\\/#website\"},\"breadcrumb\":{\"@id\":\"https:\\\/\\\/allasorias.hu\\\/hirek\\\/itthon-szeretnenek-diplomat-szerezni-a-magyar-fiatalok\\\/#breadcrumblist\"},\"author\":{\"@id\":\"https:\\\/\\\/allasorias.hu\\\/hirek\\\/author\\\/admin-allasorias\\\/#author\"},\"creator\":{\"@id\":\"https:\\\/\\\/allasorias.hu\\\/hirek\\\/author\\\/admin-allasorias\\\/#author\"},\"image\":{\"@type\":\"ImageObject\",\"url\":\"https:\\\/\\\/allasorias.hu\\\/hirek\\\/wp-content\\\/uploads\\\/2023\\\/02\\\/diplomas-magyar-fiatalok.jpg\",\"@id\":\"https:\\\/\\\/allasorias.hu\\\/hirek\\\/itthon-szeretnenek-diplomat-szerezni-a-magyar-fiatalok\\\/#mainImage\",\"width\":1280,\"height\":853,\"caption\":\"Itthon szeretn\\u00e9nek diplom\\u00e1t szerezni a magyar fiatalok - Allasorias.hu\\\/Hirek\"},\"primaryImageOfPage\":{\"@id\":\"https:\\\/\\\/allasorias.hu\\\/hirek\\\/itthon-szeretnenek-diplomat-szerezni-a-magyar-fiatalok\\\/#mainImage\"},\"datePublished\":\"2023-02-13T10:39:42+02:00\",\"dateModified\":\"2025-05-09T13:43:30+02:00\"},{\"@type\":\"WebSite\",\"@id\":\"https:\\\/\\\/allasorias.hu\\\/hirek\\\/#website\",\"url\":\"https:\\\/\\\/allasorias.hu\\\/hirek\\\/\",\"name\":\"AllasOrias.hu | H\\u00edrek-lapszemle\",\"description\":\"\\u00dczleti h\\u00edrek az \\u00e1ll\\u00e1s \\u00e9s a munka vil\\u00e1g\\u00e1b\\u00f3l\",\"inLanguage\":\"hu-HU\",\"publisher\":{\"@id\":\"https:\\\/\\\/allasorias.hu\\\/hirek\\\/#organization\"}}]}\n\t\t<\/script>\n\t\t<!-- All in One SEO -->\n\n","aioseo_head_json":{"title":"Magyar fiatalok itthon szeretn\u00e9nek diplom\u00e1t","description":"B\u00e1r n\u0151 a k\u00fclf\u00f6ld\u00f6n tanul\u00f3 magyar fiatalok sz\u00e1ma, nagy r\u00e9sz\u00fck itthon szeretne diplom\u00e1hoz jutni. \u00c9rdekess\u00e9g, hogy k\u00fclf\u00f6ldi munk\u00e1t egyre t\u00f6bben terveznek.","canonical_url":"https:\/\/allasorias.hu\/hirek\/itthon-szeretnenek-diplomat-szerezni-a-magyar-fiatalok\/","robots":"max-image-preview:large","keywords":"diploma,k\u00fclf\u00f6ldi munkav\u00e9gz\u00e9s,magyar fiatalok","webmasterTools":{"miscellaneous":""},"schema":{"@context":"https:\/\/schema.org","@graph":[{"@type":"Article","@id":"https:\/\/allasorias.hu\/hirek\/itthon-szeretnenek-diplomat-szerezni-a-magyar-fiatalok\/#article","name":"Magyar fiatalok itthon szeretn\u00e9nek diplom\u00e1t","headline":"Itthon szeretn\u00e9nek diplom\u00e1t szerezni a magyar fiatalok","author":{"@id":"https:\/\/allasorias.hu\/hirek\/author\/admin-allasorias\/#author"},"publisher":{"@id":"https:\/\/allasorias.hu\/hirek\/#organization"},"image":{"@type":"ImageObject","url":"https:\/\/allasorias.hu\/hirek\/wp-content\/uploads\/2023\/02\/diplomas-magyar-fiatalok.jpg","width":1280,"height":853,"caption":"Itthon szeretn\u00e9nek diplom\u00e1t szerezni a magyar fiatalok - Allasorias.hu\/Hirek"},"datePublished":"2023-02-13T10:39:42+02:00","dateModified":"2025-05-09T13:43:30+02:00","inLanguage":"hu-HU","mainEntityOfPage":{"@id":"https:\/\/allasorias.hu\/hirek\/itthon-szeretnenek-diplomat-szerezni-a-magyar-fiatalok\/#webpage"},"isPartOf":{"@id":"https:\/\/allasorias.hu\/hirek\/itthon-szeretnenek-diplomat-szerezni-a-magyar-fiatalok\/#webpage"},"articleSection":"\u00c1ll\u00e1skeres\u00e9s, diploma, k\u00fclf\u00f6ldi munkav\u00e9gz\u00e9s, magyar fiatalok"},{"@type":"BreadcrumbList","@id":"https:\/\/allasorias.hu\/hirek\/itthon-szeretnenek-diplomat-szerezni-a-magyar-fiatalok\/#breadcrumblist","itemListElement":[{"@type":"ListItem","@id":"https:\/\/allasorias.hu\/hirek#listItem","position":1,"name":"Home","item":"https:\/\/allasorias.hu\/hirek","nextItem":{"@type":"ListItem","@id":"https:\/\/allasorias.hu\/hirek\/temak\/allaskereses\/#listItem","name":"\u00c1ll\u00e1skeres\u00e9s"}},{"@type":"ListItem","@id":"https:\/\/allasorias.hu\/hirek\/temak\/allaskereses\/#listItem","position":2,"name":"\u00c1ll\u00e1skeres\u00e9s","item":"https:\/\/allasorias.hu\/hirek\/temak\/allaskereses\/","nextItem":{"@type":"ListItem","@id":"https:\/\/allasorias.hu\/hirek\/itthon-szeretnenek-diplomat-szerezni-a-magyar-fiatalok\/#listItem","name":"Itthon szeretn\u00e9nek diplom\u00e1t szerezni a magyar fiatalok"},"previousItem":{"@type":"ListItem","@id":"https:\/\/allasorias.hu\/hirek#listItem","name":"Home"}},{"@type":"ListItem","@id":"https:\/\/allasorias.hu\/hirek\/itthon-szeretnenek-diplomat-szerezni-a-magyar-fiatalok\/#listItem","position":3,"name":"Itthon szeretn\u00e9nek diplom\u00e1t szerezni a magyar fiatalok","previousItem":{"@type":"ListItem","@id":"https:\/\/allasorias.hu\/hirek\/temak\/allaskereses\/#listItem","name":"\u00c1ll\u00e1skeres\u00e9s"}}]},{"@type":"Organization","@id":"https:\/\/allasorias.hu\/hirek\/#organization","name":"AllasOrias.hu | H\u00edrek-lapszemle","description":"\u00dczleti h\u00edrek az \u00e1ll\u00e1s \u00e9s a munka vil\u00e1g\u00e1b\u00f3l","url":"https:\/\/allasorias.hu\/hirek\/","logo":{"@type":"ImageObject","url":"https:\/\/allasorias.hu\/hirek\/wp-content\/uploads\/2022\/10\/allasorias_site_facebok_logo.png","@id":"https:\/\/allasorias.hu\/hirek\/itthon-szeretnenek-diplomat-szerezni-a-magyar-fiatalok\/#organizationLogo"},"image":{"@id":"https:\/\/allasorias.hu\/hirek\/itthon-szeretnenek-diplomat-szerezni-a-magyar-fiatalok\/#organizationLogo"},"sameAs":["https:\/\/www.facebook.com\/allasorias","https:\/\/www.linkedin.com\/company\/allasorias"]},{"@type":"Person","@id":"https:\/\/allasorias.hu\/hirek\/author\/admin-allasorias\/#author","url":"https:\/\/allasorias.hu\/hirek\/author\/admin-allasorias\/","name":"Juh\u00e1sz P\u00e9ter","image":{"@type":"ImageObject","@id":"https:\/\/allasorias.hu\/hirek\/itthon-szeretnenek-diplomat-szerezni-a-magyar-fiatalok\/#authorImage","url":"https:\/\/secure.gravatar.com\/avatar\/36e6bcb83148978b992977cb0f54d22feb0cce8a0a849a9410532bb2623ba4c6?s=96&d=mm&r=g","width":96,"height":96,"caption":"Juh\u00e1sz P\u00e9ter"}},{"@type":"WebPage","@id":"https:\/\/allasorias.hu\/hirek\/itthon-szeretnenek-diplomat-szerezni-a-magyar-fiatalok\/#webpage","url":"https:\/\/allasorias.hu\/hirek\/itthon-szeretnenek-diplomat-szerezni-a-magyar-fiatalok\/","name":"Magyar fiatalok itthon szeretn\u00e9nek diplom\u00e1t","description":"B\u00e1r n\u0151 a k\u00fclf\u00f6ld\u00f6n tanul\u00f3 magyar fiatalok sz\u00e1ma, nagy r\u00e9sz\u00fck itthon szeretne diplom\u00e1hoz jutni. \u00c9rdekess\u00e9g, hogy k\u00fclf\u00f6ldi munk\u00e1t egyre t\u00f6bben terveznek.","inLanguage":"hu-HU","isPartOf":{"@id":"https:\/\/allasorias.hu\/hirek\/#website"},"breadcrumb":{"@id":"https:\/\/allasorias.hu\/hirek\/itthon-szeretnenek-diplomat-szerezni-a-magyar-fiatalok\/#breadcrumblist"},"author":{"@id":"https:\/\/allasorias.hu\/hirek\/author\/admin-allasorias\/#author"},"creator":{"@id":"https:\/\/allasorias.hu\/hirek\/author\/admin-allasorias\/#author"},"image":{"@type":"ImageObject","url":"https:\/\/allasorias.hu\/hirek\/wp-content\/uploads\/2023\/02\/diplomas-magyar-fiatalok.jpg","@id":"https:\/\/allasorias.hu\/hirek\/itthon-szeretnenek-diplomat-szerezni-a-magyar-fiatalok\/#mainImage","width":1280,"height":853,"caption":"Itthon szeretn\u00e9nek diplom\u00e1t szerezni a magyar fiatalok - Allasorias.hu\/Hirek"},"primaryImageOfPage":{"@id":"https:\/\/allasorias.hu\/hirek\/itthon-szeretnenek-diplomat-szerezni-a-magyar-fiatalok\/#mainImage"},"datePublished":"2023-02-13T10:39:42+02:00","dateModified":"2025-05-09T13:43:30+02:00"},{"@type":"WebSite","@id":"https:\/\/allasorias.hu\/hirek\/#website","url":"https:\/\/allasorias.hu\/hirek\/","name":"AllasOrias.hu | H\u00edrek-lapszemle","description":"\u00dczleti h\u00edrek az \u00e1ll\u00e1s \u00e9s a munka vil\u00e1g\u00e1b\u00f3l","inLanguage":"hu-HU","publisher":{"@id":"https:\/\/allasorias.hu\/hirek\/#organization"}}]},"og:locale":"hu_HU","og:site_name":"AllasOrias.hu | H\u00edrek-lapszemle | \u00dczleti h\u00edrek az \u00e1ll\u00e1s \u00e9s a munka vil\u00e1g\u00e1b\u00f3l","og:type":"article","og:title":"Magyar fiatalok itthon szeretn\u00e9nek diplom\u00e1t","og:description":"B\u00e1r n\u0151 a k\u00fclf\u00f6ld\u00f6n tanul\u00f3 magyar fiatalok sz\u00e1ma, nagy r\u00e9sz\u00fck itthon szeretne diplom\u00e1hoz jutni. \u00c9rdekess\u00e9g, hogy k\u00fclf\u00f6ldi munk\u00e1t egyre t\u00f6bben terveznek.","og:url":"https:\/\/allasorias.hu\/hirek\/itthon-szeretnenek-diplomat-szerezni-a-magyar-fiatalok\/","og:image":"https:\/\/allasorias.hu\/hirek\/wp-content\/uploads\/2023\/02\/diplomas-magyar-fiatalok.jpg","og:image:secure_url":"https:\/\/allasorias.hu\/hirek\/wp-content\/uploads\/2023\/02\/diplomas-magyar-fiatalok.jpg","og:image:width":1280,"og:image:height":853,"article:published_time":"2023-02-13T10:39:42+00:00","article:modified_time":"2025-05-09T11:43:30+00:00","article:publisher":"https:\/\/www.facebook.com\/allasorias","twitter:card":"summary_large_image","twitter:title":"Magyar fiatalok itthon szeretn\u00e9nek diplom\u00e1t","twitter:description":"B\u00e1r n\u0151 a k\u00fclf\u00f6ld\u00f6n tanul\u00f3 magyar fiatalok sz\u00e1ma, nagy r\u00e9sz\u00fck itthon szeretne diplom\u00e1hoz jutni. \u00c9rdekess\u00e9g, hogy k\u00fclf\u00f6ldi munk\u00e1t egyre t\u00f6bben terveznek.","twitter:image":"https:\/\/allasorias.hu\/hirek\/wp-content\/uploads\/2023\/02\/diplomas-magyar-fiatalok.jpg","twitter:label1":"Written by","twitter:data1":"Juh\u00e1sz P\u00e9ter","twitter:label2":"Est. reading time","twitter:data2":"3 minutes"},"aioseo_meta_data":{"post_id":"6231","title":"Magyar fiatalok itthon szeretn\u00e9nek diplom\u00e1t","description":"B\u00e1r n\u0151 a k\u00fclf\u00f6ld\u00f6n tanul\u00f3 magyar fiatalok sz\u00e1ma, nagy r\u00e9sz\u00fck itthon szeretne diplom\u00e1hoz jutni. \u00c9rdekess\u00e9g, hogy k\u00fclf\u00f6ldi munk\u00e1t egyre t\u00f6bben terveznek.","keywords":null,"keyphrases":{"focus":{"keyphrase":"magyar fiatalok","score":75,"analysis":{"keyphraseInTitle":{"score":9,"maxScore":9,"error":0},"keyphraseInDescription":{"score":9,"maxScore":9,"error":0},"keyphraseLength":{"score":9,"maxScore":9,"error":0,"length":2},"keyphraseInURL":{"score":5,"maxScore":5,"error":0},"keyphraseInIntroduction":{"score":9,"maxScore":9,"error":0},"keyphraseInSubHeadings":{"score":3,"maxScore":9,"error":1},"keyphraseInImageAlt":[],"keywordDensity":{"score":0,"type":"low","maxScore":9,"error":1}}},"additional":[]},"primary_term":null,"canonical_url":null,"og_title":null,"og_description":null,"og_object_type":"default","og_image_type":"default","og_image_url":null,"og_image_width":null,"og_image_height":null,"og_image_custom_url":null,"og_image_custom_fields":null,"og_video":"","og_custom_url":null,"og_article_section":null,"og_article_tags":null,"twitter_use_og":true,"twitter_card":"default","twitter_image_type":"default","twitter_image_url":null,"twitter_image_custom_url":null,"twitter_image_custom_fields":null,"twitter_title":null,"twitter_description":null,"schema":{"blockGraphs":[],"customGraphs":[],"default":{"data":{"Article":[],"Course":[],"Dataset":[],"FAQPage":[],"Movie":[],"Person":[],"Product":[],"ProductReview":[],"Car":[],"Recipe":[],"Service":[],"SoftwareApplication":[],"WebPage":[]},"graphName":"Article","isEnabled":true},"graphs":[]},"schema_type":"default","schema_type_options":null,"pillar_content":false,"robots_default":true,"robots_noindex":false,"robots_noarchive":false,"robots_nosnippet":false,"robots_nofollow":false,"robots_noimageindex":false,"robots_noodp":false,"robots_notranslate":false,"robots_max_snippet":"-1","robots_max_videopreview":"-1","robots_max_imagepreview":"large","priority":null,"frequency":"default","location":null,"local_seo":null,"breadcrumb_settings":null,"limit_modified_date":false,"ai":null,"created":"2023-02-13 10:18:09","updated":"2025-10-02 18:07:40","seo_analyzer_scan_date":null,"focus_keyword":"magyar fiatalok","additional_keywords":null,"truseo_locale":null},"aioseo_breadcrumb":"<div class=\"aioseo-breadcrumbs\"><span class=\"aioseo-breadcrumb\">\n\t\t\t<a href=\"https:\/\/allasorias.hu\/hirek\" title=\"Home\">Home<\/a>\n\t\t<\/span><span class=\"aioseo-breadcrumb-separator\">&raquo;<\/span><span class=\"aioseo-breadcrumb\">\n\t\t\t<a href=\"https:\/\/allasorias.hu\/hirek\/temak\/allaskereses\/\" title=\"\u00c1ll\u00e1skeres\u00e9s\">\u00c1ll\u00e1skeres\u00e9s<\/a>\n\t\t<\/span><span class=\"aioseo-breadcrumb-separator\">&raquo;<\/span><span class=\"aioseo-breadcrumb\">\n\t\t\tItthon szeretn\u00e9nek diplom\u00e1t szerezni a magyar fiatalok\n\t\t<\/span><\/div>","aioseo_breadcrumb_json":[{"label":"Home","link":"https:\/\/allasorias.hu\/hirek"},{"label":"\u00c1ll\u00e1skeres\u00e9s","link":"https:\/\/allasorias.hu\/hirek\/temak\/allaskereses\/"},{"label":"Itthon szeretn\u00e9nek diplom\u00e1t szerezni a magyar fiatalok","link":"https:\/\/allasorias.hu\/hirek\/itthon-szeretnenek-diplomat-szerezni-a-magyar-fiatalok\/"}],"_links":{"self":[{"href":"https:\/\/allasorias.hu\/hirek\/wp-json\/wp\/v2\/posts\/6231","targetHints":{"allow":["GET"]}}],"collection":[{"href":"https:\/\/allasorias.hu\/hirek\/wp-json\/wp\/v2\/posts"}],"about":[{"href":"https:\/\/allasorias.hu\/hirek\/wp-json\/wp\/v2\/types\/post"}],"author":[{"embeddable":true,"href":"https:\/\/allasorias.hu\/hirek\/wp-json\/wp\/v2\/users\/1"}],"replies":[{"embeddable":true,"href":"https:\/\/allasorias.hu\/hirek\/wp-json\/wp\/v2\/comments?post=6231"}],"version-history":[{"count":2,"href":"https:\/\/allasorias.hu\/hirek\/wp-json\/wp\/v2\/posts\/6231\/revisions"}],"predecessor-version":[{"id":8430,"href":"https:\/\/allasorias.hu\/hirek\/wp-json\/wp\/v2\/posts\/6231\/revisions\/8430"}],"wp:featuredmedia":[{"embeddable":true,"href":"https:\/\/allasorias.hu\/hirek\/wp-json\/wp\/v2\/media\/6234"}],"wp:attachment":[{"href":"https:\/\/allasorias.hu\/hirek\/wp-json\/wp\/v2\/media?parent=6231"}],"wp:term":[{"taxonomy":"category","embeddable":true,"href":"https:\/\/allasorias.hu\/hirek\/wp-json\/wp\/v2\/categories?post=6231"},{"taxonomy":"post_tag","embeddable":true,"href":"https:\/\/allasorias.hu\/hirek\/wp-json\/wp\/v2\/tags?post=6231"}],"curies":[{"name":"wp","href":"https:\/\/api.w.org\/{rel}","templated":true}]}}