{"id":6224,"date":"2023-02-10T09:56:48","date_gmt":"2023-02-10T09:56:48","guid":{"rendered":"https:\/\/allasorias.hu\/hirek\/?p=6224"},"modified":"2025-05-09T15:56:07","modified_gmt":"2025-05-09T13:56:07","slug":"megtartana-az-epitoipar-a-szakmunkasokat-es-mernokoket","status":"publish","type":"post","link":"https:\/\/allasorias.hu\/hirek\/megtartana-az-epitoipar-a-szakmunkasokat-es-mernokoket\/","title":{"rendered":"Megtartan\u00e1 az \u00e9p\u00edt\u0151ipar a szakmunk\u00e1sokat \u00e9s m\u00e9rn\u00f6k\u00f6ket"},"content":{"rendered":"<p><strong>Az \u00e9p\u00edt\u0151ipar az ut\u00f3bbi id\u0151ben jelent\u0151s v\u00e1ls\u00e1got \u00e9lt meg, s \u00fagy t\u0171nik, a dolgoz\u00f3i l\u00e9tsz\u00e1mot nem tudj\u00e1k megtartani. Romlott az \u00e1gazat j\u00f6vedelmez\u0151s\u00e9ge, cs\u00f6kkent a rendel\u00e9s \u00e1llom\u00e1ny. <\/strong><\/p>\n<p>Visszaes\u0151 rendel\u00e9s\u00e1llom\u00e1ny mellett el\u0151sz\u00f6r a seg\u00e9dmunk\u00e1sokat fogj\u00e1k elbocs\u00e1tani az \u00e9p\u00edt\u0151ipari c\u00e9gek. A <a href=\"https:\/\/allasorias.hu\/allasok\/egyeb-szakmunka\">szakmunk\u00e1sokat<\/a> \u00e9s a m\u00e9rn\u00f6k\u00f6ket mindenk\u00e9pp igyekeznek megtartani. Az \u00e9p\u00edt\u0151ipari \u00e1gazat c\u00e9gei id\u00e9n mintegy 15-16 sz\u00e1zal\u00e9kos b\u00e9rfejleszt\u00e9st terveznek, nagyon nagy sz\u00f3r\u00f3d\u00e1ssal. Az l\u00e1tszik, hogy a szakmunk\u00e1sokat \u00e9s a m\u00e9rn\u00f6k\u00f6ket a c\u00e9gek mindenk\u00e9pp szeretn\u00e9k megtartani, m\u00e9g akkor is, ha az elv\u00e9gzend\u0151 munka mennyis\u00e9ge cs\u00f6kken. Ha azonban az \u00f6sszehasonl\u00edthat\u00f3 volumeneket n\u00e9zz\u00fck, \u00e9s egy c\u00e9g ez \u00e9vi lehet\u0151s\u00e9ge 15 sz\u00e1zal\u00e9kkal, vagy m\u00e9g nagyobb m\u00e9rt\u00e9kben cs\u00f6kken, akkor a v\u00e1llalkoz\u00e1s a l\u00e9tsz\u00e1mot nem biztos, hogy meg tudja tartani.<\/p>\n<h2>A seg\u00e9dmunk\u00e1sok vannak vesz\u00e9lyben<\/h2>\n<p>Ekkor a seg\u00e9dmunk\u00e1sok azok, akik munka n\u00e9lk\u00fcl maradhatnak, mert a szakmunk\u00e1st \u00e9s a m\u00e9rn\u00f6k\u00f6t mindenk\u00e9pp meg kell fizetni, hogy ne menjen el Nyugat-Eur\u00f3p\u00e1ba dolgozni &#8211; mondta Koji L\u00e1szl\u00f3, az \u00c9VOSZ eln\u00f6ke a VG-nek.\u00a0 Az \u00c9VOSZ a mostanihoz k\u00e9pest er\u0151sebb versenyre sz\u00e1m\u00edt, ez a nagymunk\u00e1k ter\u00fclet\u00e9n m\u00e1r most \u00e9rz\u00e9kelhet\u0151. T\u00f6bb aj\u00e1nlatad\u00f3 jelentkezik a munk\u00e1k\u00e9rt. A kisebb, lakoss\u00e1got \u00e9rint\u0151 munk\u00e1kn\u00e1l ez valamikor \u00e1prilis\u2013m\u00e1jus t\u00e1j\u00e9k\u00e1n lesz \u00e9rezhet\u0151, a legk\u00e9s\u0151bb a f\u0151v\u00e1rosban, mert itt van a legt\u00f6bb folyamatban l\u00e9v\u0151 fel\u00faj\u00edt\u00e1s, illetve \u00e9p\u00edtkez\u00e9s. Sikeres volt 2022: az <a href=\"https:\/\/allasorias.hu\/hirek\/az-iden-is-novekszik-az-epitoipar-teljesitmenye\/\">\u00e9p\u00edt\u0151ipar<\/a> tov\u00e1bbra is 375 ezer embert tudott foglalkoztatni, de az \u00e1gazat j\u00f6vedelmez\u0151s\u00e9ge romlott, \u00e9s k\u00f6zben folyamatosan cs\u00f6kkent a rendel\u00e9s\u00e1llom\u00e1ny \u2013 hangs\u00falyozta Koji L\u00e1szl\u00f3.<\/p>\n<p>Forr\u00e1s: <a href=\"https:\/\/www.hrportal.hu\/hr\/epitoipar:-a-segedmunkasok-azok-akik-most-allas-nelkul-maradhatnak-20230209.html\" target=\"_blank\" rel=\"nofollow noopener noreferrer\">hrportal.hu<\/a><\/p>\n","protected":false},"excerpt":{"rendered":"<p>Az \u00e9p\u00edt\u0151ipar az ut\u00f3bbi id\u0151ben jelent\u0151s v\u00e1ls\u00e1got \u00e9lt meg, s \u00fagy t\u0171nik, a dolgoz\u00f3i l\u00e9tsz\u00e1mot nem tudj\u00e1k megtartani. Romlott az \u00e1gazat j\u00f6vedelmez\u0151s\u00e9ge, cs\u00f6kkent a rendel\u00e9s \u00e1llom\u00e1ny. Visszaes\u0151 rendel\u00e9s\u00e1llom\u00e1ny mellett el\u0151sz\u00f6r a seg\u00e9dmunk\u00e1sokat fogj\u00e1k elbocs\u00e1tani az \u00e9p\u00edt\u0151ipari c\u00e9gek. A szakmunk\u00e1sokat \u00e9s a m\u00e9rn\u00f6k\u00f6ket mindenk\u00e9pp igyekeznek megtartani. Az \u00e9p\u00edt\u0151ipari \u00e1gazat c\u00e9gei id\u00e9n mintegy 15-16 sz\u00e1zal\u00e9kos b\u00e9rfejleszt\u00e9st terveznek, [&hellip;]<\/p>\n","protected":false},"author":1,"featured_media":6225,"comment_status":"closed","ping_status":"closed","sticky":false,"template":"","format":"standard","meta":{"_monsterinsights_skip_tracking":false,"footnotes":""},"categories":[200],"tags":[388,389],"class_list":["post-6224","post","type-post","status-publish","format-standard","has-post-thumbnail","hentry","category-munkaeropiac","tag-epitoipar","tag-segedmunkas"],"aioseo_notices":[],"aioseo_head":"\n\t\t<!-- All in One SEO 5.0.0.1 - aioseo.com -->\n\t<meta name=\"description\" content=\"Az \u00e9p\u00edt\u0151ipar az ut\u00f3bbi id\u0151ben jelent\u0151s v\u00e1ls\u00e1got \u00e9lt meg, s \u00fagy t\u0171nik, a dolgoz\u00f3i l\u00e9tsz\u00e1mot nem tudj\u00e1k megtartani. A seg\u00e9dmunk\u00e1sok vannak legink\u00e1bb vesz\u00e9lyben.\" \/>\n\t<meta name=\"robots\" content=\"max-image-preview:large\" \/>\n\t<meta name=\"author\" content=\"Juh\u00e1sz P\u00e9ter\"\/>\n\t<meta name=\"keywords\" content=\"\u00e9p\u00edt\u0151ipar,seg\u00e9dmunk\u00e1s\" \/>\n\t<link rel=\"canonical\" href=\"https:\/\/allasorias.hu\/hirek\/megtartana-az-epitoipar-a-szakmunkasokat-es-mernokoket\/\" \/>\n\t<meta name=\"generator\" content=\"All in One SEO (AIOSEO) 5.0.0.1\" \/>\n\t\t<meta property=\"og:locale\" content=\"hu_HU\" \/>\n\t\t<meta property=\"og:site_name\" content=\"AllasOrias.hu | H\u00edrek-lapszemle | \u00dczleti h\u00edrek az \u00e1ll\u00e1s \u00e9s a munka vil\u00e1g\u00e1b\u00f3l\" \/>\n\t\t<meta property=\"og:type\" content=\"article\" \/>\n\t\t<meta property=\"og:title\" content=\"\u00c9p\u00edt\u0151ipar megtartan\u00e1 a szakmunk\u00e1sokat \u00e9s m\u00e9rn\u00f6k\u00f6ket\" \/>\n\t\t<meta property=\"og:description\" content=\"Az \u00e9p\u00edt\u0151ipar az ut\u00f3bbi id\u0151ben jelent\u0151s v\u00e1ls\u00e1got \u00e9lt meg, s \u00fagy t\u0171nik, a dolgoz\u00f3i l\u00e9tsz\u00e1mot nem tudj\u00e1k megtartani. A seg\u00e9dmunk\u00e1sok vannak legink\u00e1bb vesz\u00e9lyben.\" \/>\n\t\t<meta property=\"og:url\" content=\"https:\/\/allasorias.hu\/hirek\/megtartana-az-epitoipar-a-szakmunkasokat-es-mernokoket\/\" \/>\n\t\t<meta property=\"og:image\" content=\"https:\/\/allasorias.hu\/hirek\/wp-content\/uploads\/2023\/02\/epitoipari-munkasok.jpg\" \/>\n\t\t<meta property=\"og:image:secure_url\" content=\"https:\/\/allasorias.hu\/hirek\/wp-content\/uploads\/2023\/02\/epitoipari-munkasok.jpg\" \/>\n\t\t<meta property=\"og:image:width\" content=\"1280\" \/>\n\t\t<meta property=\"og:image:height\" content=\"853\" \/>\n\t\t<meta property=\"article:published_time\" content=\"2023-02-10T09:56:48+00:00\" \/>\n\t\t<meta property=\"article:modified_time\" content=\"2025-05-09T13:56:07+00:00\" \/>\n\t\t<meta property=\"article:publisher\" content=\"https:\/\/www.facebook.com\/allasorias\" \/>\n\t\t<meta name=\"twitter:card\" content=\"summary_large_image\" \/>\n\t\t<meta name=\"twitter:title\" content=\"\u00c9p\u00edt\u0151ipar megtartan\u00e1 a szakmunk\u00e1sokat \u00e9s m\u00e9rn\u00f6k\u00f6ket\" \/>\n\t\t<meta name=\"twitter:description\" content=\"Az \u00e9p\u00edt\u0151ipar az ut\u00f3bbi id\u0151ben jelent\u0151s v\u00e1ls\u00e1got \u00e9lt meg, s \u00fagy t\u0171nik, a dolgoz\u00f3i l\u00e9tsz\u00e1mot nem tudj\u00e1k megtartani. A seg\u00e9dmunk\u00e1sok vannak legink\u00e1bb vesz\u00e9lyben.\" \/>\n\t\t<meta name=\"twitter:image\" content=\"https:\/\/allasorias.hu\/hirek\/wp-content\/uploads\/2023\/02\/epitoipari-munkasok.jpg\" \/>\n\t\t<meta name=\"twitter:label1\" content=\"Written by\" \/>\n\t\t<meta name=\"twitter:data1\" content=\"Juh\u00e1sz P\u00e9ter\" \/>\n\t\t<meta name=\"twitter:label2\" content=\"Est. reading time\" \/>\n\t\t<meta name=\"twitter:data2\" content=\"2 minutes\" \/>\n\t\t<script type=\"application\/ld+json\" class=\"aioseo-schema\">\n\t\t\t{\"@context\":\"https:\\\/\\\/schema.org\",\"@graph\":[{\"@type\":\"Article\",\"@id\":\"https:\\\/\\\/allasorias.hu\\\/hirek\\\/megtartana-az-epitoipar-a-szakmunkasokat-es-mernokoket\\\/#article\",\"name\":\"\\u00c9p\\u00edt\\u0151ipar megtartan\\u00e1 a szakmunk\\u00e1sokat \\u00e9s m\\u00e9rn\\u00f6k\\u00f6ket\",\"headline\":\"Megtartan\\u00e1 az \\u00e9p\\u00edt\\u0151ipar a szakmunk\\u00e1sokat \\u00e9s m\\u00e9rn\\u00f6k\\u00f6ket\",\"author\":{\"@id\":\"https:\\\/\\\/allasorias.hu\\\/hirek\\\/author\\\/admin-allasorias\\\/#author\"},\"publisher\":{\"@id\":\"https:\\\/\\\/allasorias.hu\\\/hirek\\\/#organization\"},\"image\":{\"@type\":\"ImageObject\",\"url\":\"https:\\\/\\\/allasorias.hu\\\/hirek\\\/wp-content\\\/uploads\\\/2023\\\/02\\\/epitoipari-munkasok.jpg\",\"width\":1280,\"height\":853,\"caption\":\"Megtartan\\u00e1 az \\u00e9p\\u00edt\\u0151ipar a szakmunk\\u00e1sokat \\u00e9s m\\u00e9rn\\u00f6k\\u00f6ket - Allasorias.hu\\\/Hirek\"},\"datePublished\":\"2023-02-10T09:56:48+02:00\",\"dateModified\":\"2025-05-09T15:56:07+02:00\",\"inLanguage\":\"hu-HU\",\"mainEntityOfPage\":{\"@id\":\"https:\\\/\\\/allasorias.hu\\\/hirek\\\/megtartana-az-epitoipar-a-szakmunkasokat-es-mernokoket\\\/#webpage\"},\"isPartOf\":{\"@id\":\"https:\\\/\\\/allasorias.hu\\\/hirek\\\/megtartana-az-epitoipar-a-szakmunkasokat-es-mernokoket\\\/#webpage\"},\"articleSection\":\"Munkaer\\u0151piac, \\u00e9p\\u00edt\\u0151ipar, seg\\u00e9dmunk\\u00e1s\"},{\"@type\":\"BreadcrumbList\",\"@id\":\"https:\\\/\\\/allasorias.hu\\\/hirek\\\/megtartana-az-epitoipar-a-szakmunkasokat-es-mernokoket\\\/#breadcrumblist\",\"itemListElement\":[{\"@type\":\"ListItem\",\"@id\":\"https:\\\/\\\/allasorias.hu\\\/hirek#listItem\",\"position\":1,\"name\":\"Home\",\"item\":\"https:\\\/\\\/allasorias.hu\\\/hirek\",\"nextItem\":{\"@type\":\"ListItem\",\"@id\":\"https:\\\/\\\/allasorias.hu\\\/hirek\\\/temak\\\/munkaeropiac\\\/#listItem\",\"name\":\"Munkaer\\u0151piac\"}},{\"@type\":\"ListItem\",\"@id\":\"https:\\\/\\\/allasorias.hu\\\/hirek\\\/temak\\\/munkaeropiac\\\/#listItem\",\"position\":2,\"name\":\"Munkaer\\u0151piac\",\"item\":\"https:\\\/\\\/allasorias.hu\\\/hirek\\\/temak\\\/munkaeropiac\\\/\",\"nextItem\":{\"@type\":\"ListItem\",\"@id\":\"https:\\\/\\\/allasorias.hu\\\/hirek\\\/megtartana-az-epitoipar-a-szakmunkasokat-es-mernokoket\\\/#listItem\",\"name\":\"Megtartan\\u00e1 az \\u00e9p\\u00edt\\u0151ipar a szakmunk\\u00e1sokat \\u00e9s m\\u00e9rn\\u00f6k\\u00f6ket\"},\"previousItem\":{\"@type\":\"ListItem\",\"@id\":\"https:\\\/\\\/allasorias.hu\\\/hirek#listItem\",\"name\":\"Home\"}},{\"@type\":\"ListItem\",\"@id\":\"https:\\\/\\\/allasorias.hu\\\/hirek\\\/megtartana-az-epitoipar-a-szakmunkasokat-es-mernokoket\\\/#listItem\",\"position\":3,\"name\":\"Megtartan\\u00e1 az \\u00e9p\\u00edt\\u0151ipar a szakmunk\\u00e1sokat \\u00e9s m\\u00e9rn\\u00f6k\\u00f6ket\",\"previousItem\":{\"@type\":\"ListItem\",\"@id\":\"https:\\\/\\\/allasorias.hu\\\/hirek\\\/temak\\\/munkaeropiac\\\/#listItem\",\"name\":\"Munkaer\\u0151piac\"}}]},{\"@type\":\"Organization\",\"@id\":\"https:\\\/\\\/allasorias.hu\\\/hirek\\\/#organization\",\"name\":\"AllasOrias.hu | H\\u00edrek-lapszemle\",\"description\":\"\\u00dczleti h\\u00edrek az \\u00e1ll\\u00e1s \\u00e9s a munka vil\\u00e1g\\u00e1b\\u00f3l\",\"url\":\"https:\\\/\\\/allasorias.hu\\\/hirek\\\/\",\"logo\":{\"@type\":\"ImageObject\",\"url\":\"https:\\\/\\\/allasorias.hu\\\/hirek\\\/wp-content\\\/uploads\\\/2022\\\/10\\\/allasorias_site_facebok_logo.png\",\"@id\":\"https:\\\/\\\/allasorias.hu\\\/hirek\\\/megtartana-az-epitoipar-a-szakmunkasokat-es-mernokoket\\\/#organizationLogo\"},\"image\":{\"@id\":\"https:\\\/\\\/allasorias.hu\\\/hirek\\\/megtartana-az-epitoipar-a-szakmunkasokat-es-mernokoket\\\/#organizationLogo\"},\"sameAs\":[\"https:\\\/\\\/www.facebook.com\\\/allasorias\",\"https:\\\/\\\/www.linkedin.com\\\/company\\\/allasorias\"]},{\"@type\":\"Person\",\"@id\":\"https:\\\/\\\/allasorias.hu\\\/hirek\\\/author\\\/admin-allasorias\\\/#author\",\"url\":\"https:\\\/\\\/allasorias.hu\\\/hirek\\\/author\\\/admin-allasorias\\\/\",\"name\":\"Juh\\u00e1sz P\\u00e9ter\",\"image\":{\"@type\":\"ImageObject\",\"@id\":\"https:\\\/\\\/allasorias.hu\\\/hirek\\\/megtartana-az-epitoipar-a-szakmunkasokat-es-mernokoket\\\/#authorImage\",\"url\":\"https:\\\/\\\/secure.gravatar.com\\\/avatar\\\/36e6bcb83148978b992977cb0f54d22feb0cce8a0a849a9410532bb2623ba4c6?s=96&d=mm&r=g\",\"width\":96,\"height\":96,\"caption\":\"Juh\\u00e1sz P\\u00e9ter\"}},{\"@type\":\"WebPage\",\"@id\":\"https:\\\/\\\/allasorias.hu\\\/hirek\\\/megtartana-az-epitoipar-a-szakmunkasokat-es-mernokoket\\\/#webpage\",\"url\":\"https:\\\/\\\/allasorias.hu\\\/hirek\\\/megtartana-az-epitoipar-a-szakmunkasokat-es-mernokoket\\\/\",\"name\":\"\\u00c9p\\u00edt\\u0151ipar megtartan\\u00e1 a szakmunk\\u00e1sokat \\u00e9s m\\u00e9rn\\u00f6k\\u00f6ket\",\"description\":\"Az \\u00e9p\\u00edt\\u0151ipar az ut\\u00f3bbi id\\u0151ben jelent\\u0151s v\\u00e1ls\\u00e1got \\u00e9lt meg, s \\u00fagy t\\u0171nik, a dolgoz\\u00f3i l\\u00e9tsz\\u00e1mot nem tudj\\u00e1k megtartani. A seg\\u00e9dmunk\\u00e1sok vannak legink\\u00e1bb vesz\\u00e9lyben.\",\"inLanguage\":\"hu-HU\",\"isPartOf\":{\"@id\":\"https:\\\/\\\/allasorias.hu\\\/hirek\\\/#website\"},\"breadcrumb\":{\"@id\":\"https:\\\/\\\/allasorias.hu\\\/hirek\\\/megtartana-az-epitoipar-a-szakmunkasokat-es-mernokoket\\\/#breadcrumblist\"},\"author\":{\"@id\":\"https:\\\/\\\/allasorias.hu\\\/hirek\\\/author\\\/admin-allasorias\\\/#author\"},\"creator\":{\"@id\":\"https:\\\/\\\/allasorias.hu\\\/hirek\\\/author\\\/admin-allasorias\\\/#author\"},\"image\":{\"@type\":\"ImageObject\",\"url\":\"https:\\\/\\\/allasorias.hu\\\/hirek\\\/wp-content\\\/uploads\\\/2023\\\/02\\\/epitoipari-munkasok.jpg\",\"@id\":\"https:\\\/\\\/allasorias.hu\\\/hirek\\\/megtartana-az-epitoipar-a-szakmunkasokat-es-mernokoket\\\/#mainImage\",\"width\":1280,\"height\":853,\"caption\":\"Megtartan\\u00e1 az \\u00e9p\\u00edt\\u0151ipar a szakmunk\\u00e1sokat \\u00e9s m\\u00e9rn\\u00f6k\\u00f6ket - Allasorias.hu\\\/Hirek\"},\"primaryImageOfPage\":{\"@id\":\"https:\\\/\\\/allasorias.hu\\\/hirek\\\/megtartana-az-epitoipar-a-szakmunkasokat-es-mernokoket\\\/#mainImage\"},\"datePublished\":\"2023-02-10T09:56:48+02:00\",\"dateModified\":\"2025-05-09T15:56:07+02:00\"},{\"@type\":\"WebSite\",\"@id\":\"https:\\\/\\\/allasorias.hu\\\/hirek\\\/#website\",\"url\":\"https:\\\/\\\/allasorias.hu\\\/hirek\\\/\",\"name\":\"AllasOrias.hu | H\\u00edrek-lapszemle\",\"description\":\"\\u00dczleti h\\u00edrek az \\u00e1ll\\u00e1s \\u00e9s a munka vil\\u00e1g\\u00e1b\\u00f3l\",\"inLanguage\":\"hu-HU\",\"publisher\":{\"@id\":\"https:\\\/\\\/allasorias.hu\\\/hirek\\\/#organization\"}}]}\n\t\t<\/script>\n\t\t<!-- All in One SEO -->\n\n","aioseo_head_json":{"title":"\u00c9p\u00edt\u0151ipar megtartan\u00e1 a szakmunk\u00e1sokat \u00e9s m\u00e9rn\u00f6k\u00f6ket","description":"Az \u00e9p\u00edt\u0151ipar az ut\u00f3bbi id\u0151ben jelent\u0151s v\u00e1ls\u00e1got \u00e9lt meg, s \u00fagy t\u0171nik, a dolgoz\u00f3i l\u00e9tsz\u00e1mot nem tudj\u00e1k megtartani. A seg\u00e9dmunk\u00e1sok vannak legink\u00e1bb vesz\u00e9lyben.","canonical_url":"https:\/\/allasorias.hu\/hirek\/megtartana-az-epitoipar-a-szakmunkasokat-es-mernokoket\/","robots":"max-image-preview:large","keywords":"\u00e9p\u00edt\u0151ipar,seg\u00e9dmunk\u00e1s","webmasterTools":{"miscellaneous":""},"schema":{"@context":"https:\/\/schema.org","@graph":[{"@type":"Article","@id":"https:\/\/allasorias.hu\/hirek\/megtartana-az-epitoipar-a-szakmunkasokat-es-mernokoket\/#article","name":"\u00c9p\u00edt\u0151ipar megtartan\u00e1 a szakmunk\u00e1sokat \u00e9s m\u00e9rn\u00f6k\u00f6ket","headline":"Megtartan\u00e1 az \u00e9p\u00edt\u0151ipar a szakmunk\u00e1sokat \u00e9s m\u00e9rn\u00f6k\u00f6ket","author":{"@id":"https:\/\/allasorias.hu\/hirek\/author\/admin-allasorias\/#author"},"publisher":{"@id":"https:\/\/allasorias.hu\/hirek\/#organization"},"image":{"@type":"ImageObject","url":"https:\/\/allasorias.hu\/hirek\/wp-content\/uploads\/2023\/02\/epitoipari-munkasok.jpg","width":1280,"height":853,"caption":"Megtartan\u00e1 az \u00e9p\u00edt\u0151ipar a szakmunk\u00e1sokat \u00e9s m\u00e9rn\u00f6k\u00f6ket - Allasorias.hu\/Hirek"},"datePublished":"2023-02-10T09:56:48+02:00","dateModified":"2025-05-09T15:56:07+02:00","inLanguage":"hu-HU","mainEntityOfPage":{"@id":"https:\/\/allasorias.hu\/hirek\/megtartana-az-epitoipar-a-szakmunkasokat-es-mernokoket\/#webpage"},"isPartOf":{"@id":"https:\/\/allasorias.hu\/hirek\/megtartana-az-epitoipar-a-szakmunkasokat-es-mernokoket\/#webpage"},"articleSection":"Munkaer\u0151piac, \u00e9p\u00edt\u0151ipar, seg\u00e9dmunk\u00e1s"},{"@type":"BreadcrumbList","@id":"https:\/\/allasorias.hu\/hirek\/megtartana-az-epitoipar-a-szakmunkasokat-es-mernokoket\/#breadcrumblist","itemListElement":[{"@type":"ListItem","@id":"https:\/\/allasorias.hu\/hirek#listItem","position":1,"name":"Home","item":"https:\/\/allasorias.hu\/hirek","nextItem":{"@type":"ListItem","@id":"https:\/\/allasorias.hu\/hirek\/temak\/munkaeropiac\/#listItem","name":"Munkaer\u0151piac"}},{"@type":"ListItem","@id":"https:\/\/allasorias.hu\/hirek\/temak\/munkaeropiac\/#listItem","position":2,"name":"Munkaer\u0151piac","item":"https:\/\/allasorias.hu\/hirek\/temak\/munkaeropiac\/","nextItem":{"@type":"ListItem","@id":"https:\/\/allasorias.hu\/hirek\/megtartana-az-epitoipar-a-szakmunkasokat-es-mernokoket\/#listItem","name":"Megtartan\u00e1 az \u00e9p\u00edt\u0151ipar a szakmunk\u00e1sokat \u00e9s m\u00e9rn\u00f6k\u00f6ket"},"previousItem":{"@type":"ListItem","@id":"https:\/\/allasorias.hu\/hirek#listItem","name":"Home"}},{"@type":"ListItem","@id":"https:\/\/allasorias.hu\/hirek\/megtartana-az-epitoipar-a-szakmunkasokat-es-mernokoket\/#listItem","position":3,"name":"Megtartan\u00e1 az \u00e9p\u00edt\u0151ipar a szakmunk\u00e1sokat \u00e9s m\u00e9rn\u00f6k\u00f6ket","previousItem":{"@type":"ListItem","@id":"https:\/\/allasorias.hu\/hirek\/temak\/munkaeropiac\/#listItem","name":"Munkaer\u0151piac"}}]},{"@type":"Organization","@id":"https:\/\/allasorias.hu\/hirek\/#organization","name":"AllasOrias.hu | H\u00edrek-lapszemle","description":"\u00dczleti h\u00edrek az \u00e1ll\u00e1s \u00e9s a munka vil\u00e1g\u00e1b\u00f3l","url":"https:\/\/allasorias.hu\/hirek\/","logo":{"@type":"ImageObject","url":"https:\/\/allasorias.hu\/hirek\/wp-content\/uploads\/2022\/10\/allasorias_site_facebok_logo.png","@id":"https:\/\/allasorias.hu\/hirek\/megtartana-az-epitoipar-a-szakmunkasokat-es-mernokoket\/#organizationLogo"},"image":{"@id":"https:\/\/allasorias.hu\/hirek\/megtartana-az-epitoipar-a-szakmunkasokat-es-mernokoket\/#organizationLogo"},"sameAs":["https:\/\/www.facebook.com\/allasorias","https:\/\/www.linkedin.com\/company\/allasorias"]},{"@type":"Person","@id":"https:\/\/allasorias.hu\/hirek\/author\/admin-allasorias\/#author","url":"https:\/\/allasorias.hu\/hirek\/author\/admin-allasorias\/","name":"Juh\u00e1sz P\u00e9ter","image":{"@type":"ImageObject","@id":"https:\/\/allasorias.hu\/hirek\/megtartana-az-epitoipar-a-szakmunkasokat-es-mernokoket\/#authorImage","url":"https:\/\/secure.gravatar.com\/avatar\/36e6bcb83148978b992977cb0f54d22feb0cce8a0a849a9410532bb2623ba4c6?s=96&d=mm&r=g","width":96,"height":96,"caption":"Juh\u00e1sz P\u00e9ter"}},{"@type":"WebPage","@id":"https:\/\/allasorias.hu\/hirek\/megtartana-az-epitoipar-a-szakmunkasokat-es-mernokoket\/#webpage","url":"https:\/\/allasorias.hu\/hirek\/megtartana-az-epitoipar-a-szakmunkasokat-es-mernokoket\/","name":"\u00c9p\u00edt\u0151ipar megtartan\u00e1 a szakmunk\u00e1sokat \u00e9s m\u00e9rn\u00f6k\u00f6ket","description":"Az \u00e9p\u00edt\u0151ipar az ut\u00f3bbi id\u0151ben jelent\u0151s v\u00e1ls\u00e1got \u00e9lt meg, s \u00fagy t\u0171nik, a dolgoz\u00f3i l\u00e9tsz\u00e1mot nem tudj\u00e1k megtartani. A seg\u00e9dmunk\u00e1sok vannak legink\u00e1bb vesz\u00e9lyben.","inLanguage":"hu-HU","isPartOf":{"@id":"https:\/\/allasorias.hu\/hirek\/#website"},"breadcrumb":{"@id":"https:\/\/allasorias.hu\/hirek\/megtartana-az-epitoipar-a-szakmunkasokat-es-mernokoket\/#breadcrumblist"},"author":{"@id":"https:\/\/allasorias.hu\/hirek\/author\/admin-allasorias\/#author"},"creator":{"@id":"https:\/\/allasorias.hu\/hirek\/author\/admin-allasorias\/#author"},"image":{"@type":"ImageObject","url":"https:\/\/allasorias.hu\/hirek\/wp-content\/uploads\/2023\/02\/epitoipari-munkasok.jpg","@id":"https:\/\/allasorias.hu\/hirek\/megtartana-az-epitoipar-a-szakmunkasokat-es-mernokoket\/#mainImage","width":1280,"height":853,"caption":"Megtartan\u00e1 az \u00e9p\u00edt\u0151ipar a szakmunk\u00e1sokat \u00e9s m\u00e9rn\u00f6k\u00f6ket - Allasorias.hu\/Hirek"},"primaryImageOfPage":{"@id":"https:\/\/allasorias.hu\/hirek\/megtartana-az-epitoipar-a-szakmunkasokat-es-mernokoket\/#mainImage"},"datePublished":"2023-02-10T09:56:48+02:00","dateModified":"2025-05-09T15:56:07+02:00"},{"@type":"WebSite","@id":"https:\/\/allasorias.hu\/hirek\/#website","url":"https:\/\/allasorias.hu\/hirek\/","name":"AllasOrias.hu | H\u00edrek-lapszemle","description":"\u00dczleti h\u00edrek az \u00e1ll\u00e1s \u00e9s a munka vil\u00e1g\u00e1b\u00f3l","inLanguage":"hu-HU","publisher":{"@id":"https:\/\/allasorias.hu\/hirek\/#organization"}}]},"og:locale":"hu_HU","og:site_name":"AllasOrias.hu | H\u00edrek-lapszemle | \u00dczleti h\u00edrek az \u00e1ll\u00e1s \u00e9s a munka vil\u00e1g\u00e1b\u00f3l","og:type":"article","og:title":"\u00c9p\u00edt\u0151ipar megtartan\u00e1 a szakmunk\u00e1sokat \u00e9s m\u00e9rn\u00f6k\u00f6ket","og:description":"Az \u00e9p\u00edt\u0151ipar az ut\u00f3bbi id\u0151ben jelent\u0151s v\u00e1ls\u00e1got \u00e9lt meg, s \u00fagy t\u0171nik, a dolgoz\u00f3i l\u00e9tsz\u00e1mot nem tudj\u00e1k megtartani. A seg\u00e9dmunk\u00e1sok vannak legink\u00e1bb vesz\u00e9lyben.","og:url":"https:\/\/allasorias.hu\/hirek\/megtartana-az-epitoipar-a-szakmunkasokat-es-mernokoket\/","og:image":"https:\/\/allasorias.hu\/hirek\/wp-content\/uploads\/2023\/02\/epitoipari-munkasok.jpg","og:image:secure_url":"https:\/\/allasorias.hu\/hirek\/wp-content\/uploads\/2023\/02\/epitoipari-munkasok.jpg","og:image:width":1280,"og:image:height":853,"article:published_time":"2023-02-10T09:56:48+00:00","article:modified_time":"2025-05-09T13:56:07+00:00","article:publisher":"https:\/\/www.facebook.com\/allasorias","twitter:card":"summary_large_image","twitter:title":"\u00c9p\u00edt\u0151ipar megtartan\u00e1 a szakmunk\u00e1sokat \u00e9s m\u00e9rn\u00f6k\u00f6ket","twitter:description":"Az \u00e9p\u00edt\u0151ipar az ut\u00f3bbi id\u0151ben jelent\u0151s v\u00e1ls\u00e1got \u00e9lt meg, s \u00fagy t\u0171nik, a dolgoz\u00f3i l\u00e9tsz\u00e1mot nem tudj\u00e1k megtartani. A seg\u00e9dmunk\u00e1sok vannak legink\u00e1bb vesz\u00e9lyben.","twitter:image":"https:\/\/allasorias.hu\/hirek\/wp-content\/uploads\/2023\/02\/epitoipari-munkasok.jpg","twitter:label1":"Written by","twitter:data1":"Juh\u00e1sz P\u00e9ter","twitter:label2":"Est. reading time","twitter:data2":"2 minutes"},"aioseo_meta_data":{"post_id":"6224","title":"\u00c9p\u00edt\u0151ipar megtartan\u00e1 a szakmunk\u00e1sokat \u00e9s m\u00e9rn\u00f6k\u00f6ket","description":"Az \u00e9p\u00edt\u0151ipar az ut\u00f3bbi id\u0151ben jelent\u0151s v\u00e1ls\u00e1got \u00e9lt meg, s \u00fagy t\u0171nik, a dolgoz\u00f3i l\u00e9tsz\u00e1mot nem tudj\u00e1k megtartani. A seg\u00e9dmunk\u00e1sok vannak legink\u00e1bb vesz\u00e9lyben.","keywords":null,"keyphrases":{"focus":{"keyphrase":"\u00e9p\u00edt\u0151ipar","score":83,"analysis":{"keyphraseInTitle":{"score":9,"maxScore":9,"error":0},"keyphraseInDescription":{"score":9,"maxScore":9,"error":0},"keyphraseLength":{"score":9,"maxScore":9,"error":0,"length":3},"keyphraseInURL":{"score":1,"maxScore":5,"error":1},"keyphraseInIntroduction":{"score":9,"maxScore":9,"error":0},"keyphraseInSubHeadings":{"score":3,"maxScore":9,"error":1},"keyphraseInImageAlt":[],"keywordDensity":{"type":"best","score":9,"maxScore":9,"error":0}}},"additional":[]},"primary_term":null,"canonical_url":null,"og_title":null,"og_description":null,"og_object_type":"default","og_image_type":"default","og_image_url":null,"og_image_width":null,"og_image_height":null,"og_image_custom_url":null,"og_image_custom_fields":null,"og_video":"","og_custom_url":null,"og_article_section":null,"og_article_tags":null,"twitter_use_og":true,"twitter_card":"default","twitter_image_type":"default","twitter_image_url":null,"twitter_image_custom_url":null,"twitter_image_custom_fields":null,"twitter_title":null,"twitter_description":null,"schema":{"blockGraphs":[],"customGraphs":[],"default":{"data":{"Article":[],"Course":[],"Dataset":[],"FAQPage":[],"Movie":[],"Person":[],"Product":[],"ProductReview":[],"Car":[],"Recipe":[],"Service":[],"SoftwareApplication":[],"WebPage":[]},"graphName":"Article","isEnabled":true},"graphs":[]},"schema_type":"default","schema_type_options":null,"pillar_content":false,"robots_default":true,"robots_noindex":false,"robots_noarchive":false,"robots_nosnippet":false,"robots_nofollow":false,"robots_noimageindex":false,"robots_noodp":false,"robots_notranslate":false,"robots_max_snippet":"-1","robots_max_videopreview":"-1","robots_max_imagepreview":"large","priority":null,"frequency":"default","location":null,"local_seo":null,"breadcrumb_settings":null,"limit_modified_date":false,"ai":null,"created":"2023-02-10 09:38:44","updated":"2025-10-02 18:06:48","seo_analyzer_scan_date":null,"focus_keyword":"\u00e9p\u00edt\u0151ipar","additional_keywords":null,"truseo_locale":null},"aioseo_breadcrumb":"<div class=\"aioseo-breadcrumbs\"><span class=\"aioseo-breadcrumb\">\n\t\t\t<a href=\"https:\/\/allasorias.hu\/hirek\" title=\"Home\">Home<\/a>\n\t\t<\/span><span class=\"aioseo-breadcrumb-separator\">&raquo;<\/span><span class=\"aioseo-breadcrumb\">\n\t\t\t<a href=\"https:\/\/allasorias.hu\/hirek\/temak\/munkaeropiac\/\" title=\"Munkaer\u0151piac\">Munkaer\u0151piac<\/a>\n\t\t<\/span><span class=\"aioseo-breadcrumb-separator\">&raquo;<\/span><span class=\"aioseo-breadcrumb\">\n\t\t\tMegtartan\u00e1 az \u00e9p\u00edt\u0151ipar a szakmunk\u00e1sokat \u00e9s m\u00e9rn\u00f6k\u00f6ket\n\t\t<\/span><\/div>","aioseo_breadcrumb_json":[{"label":"Home","link":"https:\/\/allasorias.hu\/hirek"},{"label":"Munkaer\u0151piac","link":"https:\/\/allasorias.hu\/hirek\/temak\/munkaeropiac\/"},{"label":"Megtartan\u00e1 az \u00e9p\u00edt\u0151ipar a szakmunk\u00e1sokat \u00e9s m\u00e9rn\u00f6k\u00f6ket","link":"https:\/\/allasorias.hu\/hirek\/megtartana-az-epitoipar-a-szakmunkasokat-es-mernokoket\/"}],"_links":{"self":[{"href":"https:\/\/allasorias.hu\/hirek\/wp-json\/wp\/v2\/posts\/6224","targetHints":{"allow":["GET"]}}],"collection":[{"href":"https:\/\/allasorias.hu\/hirek\/wp-json\/wp\/v2\/posts"}],"about":[{"href":"https:\/\/allasorias.hu\/hirek\/wp-json\/wp\/v2\/types\/post"}],"author":[{"embeddable":true,"href":"https:\/\/allasorias.hu\/hirek\/wp-json\/wp\/v2\/users\/1"}],"replies":[{"embeddable":true,"href":"https:\/\/allasorias.hu\/hirek\/wp-json\/wp\/v2\/comments?post=6224"}],"version-history":[{"count":1,"href":"https:\/\/allasorias.hu\/hirek\/wp-json\/wp\/v2\/posts\/6224\/revisions"}],"predecessor-version":[{"id":6226,"href":"https:\/\/allasorias.hu\/hirek\/wp-json\/wp\/v2\/posts\/6224\/revisions\/6226"}],"wp:featuredmedia":[{"embeddable":true,"href":"https:\/\/allasorias.hu\/hirek\/wp-json\/wp\/v2\/media\/6225"}],"wp:attachment":[{"href":"https:\/\/allasorias.hu\/hirek\/wp-json\/wp\/v2\/media?parent=6224"}],"wp:term":[{"taxonomy":"category","embeddable":true,"href":"https:\/\/allasorias.hu\/hirek\/wp-json\/wp\/v2\/categories?post=6224"},{"taxonomy":"post_tag","embeddable":true,"href":"https:\/\/allasorias.hu\/hirek\/wp-json\/wp\/v2\/tags?post=6224"}],"curies":[{"name":"wp","href":"https:\/\/api.w.org\/{rel}","templated":true}]}}