{"id":6216,"date":"2023-02-09T10:29:52","date_gmt":"2023-02-09T10:29:52","guid":{"rendered":"https:\/\/allasorias.hu\/hirek\/?p=6216"},"modified":"2023-02-09T10:29:52","modified_gmt":"2023-02-09T10:29:52","slug":"nem-tartanak-a-munkanelkulisegtol-hazankban","status":"publish","type":"post","link":"https:\/\/allasorias.hu\/hirek\/nem-tartanak-a-munkanelkulisegtol-hazankban\/","title":{"rendered":"Nem tartanak a munkan\u00e9lk\u00fclis\u00e9gt\u0151l haz\u00e1nkban"},"content":{"rendered":"<p><strong>Haz\u00e1nkban a lakoss\u00e1g k\u00e9tharmada tudna kire t\u00e1maszkodni, amennyiben elvesz\u00edten\u00e9 \u00e1ll\u00e1s\u00e1t. Egynegyed\u00fcknek van olyan biztos\u00edt\u00e1sa, amely seg\u00edtene ebben a helyzetben. Egy kutat\u00e1sb\u00f3l \u00f6sszess\u00e9g\u00e9ben az is kider\u00fcl, optimist\u00e1k a magyarok az \u00e1ll\u00e1sukat illet\u0151en.<\/strong><\/p>\n<p>A hitelfedezeti biztos\u00edt\u00e1sok ter\u00e9n piacvezet\u0151 BNP Paribas Cardif Biztos\u00edt\u00f3 \u00e9s a Medi\u00e1n legfrissebb k\u00f6z\u00f6s kutat\u00e1s\u00e1b\u00f3l az is kider\u00fcl, hogy a v\u00e1laszad\u00f3k egy\u00f6t\u00f6de val\u00f3sz\u00edn\u0171leg vagy biztosan k\u00f6tne olyan biztos\u00edt\u00e1st, ami a munkahely elveszt\u00e9se eset\u00e9n p\u00e9nz\u00fcgyi seg\u00edts\u00e9get ny\u00fajt. A tavalyi \u00e9v utols\u00f3 negyed\u00e9v\u00e9ben k\u00e9sz\u00fclt felm\u00e9r\u00e9sben a BNP Paribas Cardif Munkaer\u0151piaci Stabilit\u00e1si Indexe 75 pontos \u00e9rt\u00e9ket vett fel, amely a tavalyi \u00e9v hasonl\u00f3 id\u0151szak\u00e1hoz k\u00e9pest 1 pontos es\u00e9st, illetve az el\u0151z\u0151 negyed\u00e9vhez k\u00e9pest 2 pontos emelked\u00e9st mutat. \u201eA roml\u00f3 gazdas\u00e1gi tendenci\u00e1k \u00e9s bor\u00fal\u00e1t\u00f3 el\u0151rejelz\u00e9sek ellen\u00e9re a munkav\u00e1llal\u00f3k hangulata nem romlott tov\u00e1bb \u0151sz \u00f3ta, s\u0151t, enyhe emelked\u00e9s mellett alapvet\u0151en stabiliz\u00e1l\u00f3dott\u201d \u2013 mondta el a BNP Paribas Cardif Biztos\u00edt\u00f3 vez\u00e9rigazgat\u00f3ja.<\/p>\n<h2>Befoly\u00e1solja a munkav\u00e1llal\u00f3i hangulatot az infl\u00e1ci\u00f3<\/h2>\n<p>Kiss M\u00e1rk Istv\u00e1n szerint ugyanakkor a k\u00f6vetkez\u0151 id\u0151szak l\u00e9nyeges k\u00e9rd\u00e9se, hogy a re\u00e1lgazdas\u00e1gba begy\u0171r\u0171z\u0151 energiav\u00e1ls\u00e1g \u00e9s a v\u00e1rhat\u00f3an tart\u00f3san magas infl\u00e1ci\u00f3 milyen hat\u00e1st gyakorol majd a munkaer\u0151piaci folyamatokra \u00e9s ezzel hogyan befoly\u00e1solja a munkav\u00e1llal\u00f3k hangulat\u00e1t. Az eredm\u00e9nyekb\u0151l kider\u00fclt, hogy a v\u00e1laszad\u00f3k 48%-\u00e1nak a h\u00e1ztart\u00e1sa legfeljebb h\u00e1rom h\u00f3napot tudna \u00e1tv\u00e9szelni a f\u0151 keres\u0151 \u00e1ll\u00e1sveszt\u00e9se eset\u00e9n, ami az el\u0151z\u0151 negyed\u00e9vhez k\u00e9pest 5%-pontos es\u00e9st jelent. Ezzel szemben a dolgoz\u00f3k k\u00f6zel egyharmada (32%) \u2013 az el\u0151z\u0151 negyed\u00e9vhez hasonl\u00f3an \u2013 4 h\u00f3nap \u00e9s egy \u00e9v k\u00f6z\u00f6tti id\u0151szakot is kib\u00edrna ilyen k\u00f6r\u00fclm\u00e9nyek k\u00f6z\u00f6tt. Emellett 16%-uk t\u00f6bb, mint egy \u00e9vet is k\u00e9pes lenne \u00e1tv\u00e9szelni, amely viszont 4, illetve 7 sz\u00e1zal\u00e9kpontos visszaes\u00e9st jelent az el\u0151z\u0151 negyed\u00e9vhez, illetve f\u00e9l\u00e9vhez k\u00e9pest.<\/p>\n<h2>Sokan k\u00f6tnek <a href=\"https:\/\/www.netrisk.hu\/munkanelkuliseg-biztositas.html\" target=\"_blank\" rel=\"nofollow noopener noreferrer\">biztos\u00edt\u00e1st<\/a> \u00e1ll\u00e1s elveszt\u00e9se eset\u00e9re<\/h2>\n<p>A k\u00e9rd\u00e9ssorokb\u00f3l az is kider\u00fcl, hogy \u00e1ll\u00e1sveszt\u00e9s eset\u00e9n a v\u00e1laszad\u00f3k t\u00f6bb mint k\u00e9tharmada (67%) szerint lenne valaki a h\u00e1ztart\u00e1sban, akire t\u00e1maszkodhatnak \u00e9s szinte ugyanennyien (66%) tudn\u00e1nak k\u00f6lcs\u00f6nk\u00e9rni csal\u00e1dtagt\u00f3l, vagy rokont\u00f3l is, 48%-uknak pedig valamelyik bar\u00e1t is tudna seg\u00edteni. Az el\u0151z\u0151 negyed\u00e9vhez hasonl\u00f3an a v\u00e1laszad\u00f3k k\u00f6zel negyede (24%) \u00e1ll\u00edtotta azt, hogy abban az esetben, ha elvesz\u00edten\u00e9 az \u00e1ll\u00e1s\u00e1t, rendelkezne olyan biztos\u00edt\u00e1ssal, amelyb\u0151l p\u00e9nzhez jutna. A felm\u00e9r\u00e9s egy\u00e9bk\u00e9nt azt is vizsg\u00e1lta, hogy az interj\u00faalany milyen val\u00f3sz\u00edn\u0171s\u00e9ggel k\u00f6tne meg egy olyan t\u00edpus\u00fa biztos\u00edt\u00e1st, amely <a href=\"https:\/\/allasorias.hu\/hirek\/?s=munkanelkuliseg\">munkan\u00e9lk\u00fclis\u00e9g<\/a> eset\u00e9n anyagilag kiseg\u00edten\u00e9. Az eredm\u00e9nyek alapj\u00e1n \u2013 az \u0151szi adatokhoz hasonl\u00f3an \u2013 minden \u00f6t\u00f6dik megk\u00e9rdezett (20%) val\u00f3sz\u00edn\u0171leg, vagy biztosan hajland\u00f3 lenne ilyen biztos\u00edt\u00e1s megk\u00f6t\u00e9s\u00e9re.<\/p>\n<p>A kutat\u00e1sb\u00f3l tov\u00e1bb\u00e1 kider\u00fcl, hogy az el\u0151z\u0151 \u00e9vi adatokkal \u00f6sszevetve ugyan 2 ponttal esett, az el\u0151z\u0151 negyed\u00e9vhez k\u00e9pest viszont 5 ponttal emelkedett a munkav\u00e1llal\u00f3k jelenlegi munkahely\u00fck fennmarad\u00e1s\u00e1val kapcsolatos optimista percepci\u00f3ja, ami nagyj\u00e1b\u00f3l a COVID-j\u00e1rv\u00e1ny idej\u00e9n m\u00e9rt adatokhoz k\u00f6zel\u00edt. A r\u00e9szeredm\u00e9nyek alapj\u00e1n az interj\u00faalanyok 71%-a v\u00e9lte \u00fagy, hogy a c\u00e9g, ahol dolgozik &#8211; f\u00fcggetlen\u00fcl a saj\u00e1t poz\u00edci\u00f3j\u00e1t\u00f3l &#8211; m\u00e9g t\u00f6bb mint \u00f6t \u00e9vig biztosan megmarad. Az ezzel kapcsolatos percepci\u00f3 3%-ot esett egy \u00e9v alatt, ugyanakkor 4-et emelkedett az el\u0151z\u0151 negyed\u00e9vhez k\u00e9pest.Az interj\u00faalanyok 38%-a azt is elmondta, hogy valamilyen szinten agg\u00f3dik amiatt, hogy egy \u00e9ven bel\u00fcl esetleg elvesz\u00edtheti az \u00e1ll\u00e1s\u00e1t, ami minim\u00e1lis (2 pont) cs\u00f6kken\u00e9st jelent az el\u0151z\u0151 negyed\u00e9vhez k\u00e9pest.<\/p>\n<h2>A v\u00e1laszad\u00f3k t\u00f6bb mint fele optimista a saj\u00e1t poz\u00edci\u00f3ja kapcs\u00e1n<\/h2>\n<p>Azzal kapcsolatban azonban m\u00e1r kev\u00e9sb\u00e9 optimist\u00e1k a v\u00e1laszad\u00f3k, hogy egy esetleges \u00e1ll\u00e1sveszt\u00e9s vagy felmond\u00e1s eset\u00e9n milyen k\u00f6nnyen tal\u00e1ln\u00e1nak a k\u00e9pzetts\u00e9g\u00fcknek megfelel\u0151 \u00faj \u00e1ll\u00e1st. Az el\u0151z\u0151 negyed\u00e9vhez k\u00e9pest itt sz\u00e1mottev\u0151 (5 pontos) es\u00e9st regisztr\u00e1ltak, \u00edgy ez a r\u00e9szmutat\u00f3 61 pontot vett fel. Mindemellett a felm\u00e9r\u00e9s szerint az elm\u00falt negyed\u00e9vhez, valamint a megel\u0151z\u0151 \u00e9v hasonl\u00f3 id\u0151szak\u00e1hoz k\u00e9pest szinte v\u00e1ltozatlan a munkav\u00e1llal\u00f3k azzal kapcsolatos optimizmusa, hogy kifejezetten a jelenlegi poz\u00edci\u00f3jukat mennyire \u00e9rzik biztosnak az adott c\u00e9gen bel\u00fcl (74 pont). Az erre vonatkoz\u00f3 r\u00e9szadatok szerint az el\u0151z\u0151 \u00e9v hasonl\u00f3 id\u0151szak\u00e1hoz k\u00e9pest v\u00e1ltozatlanul a v\u00e1laszad\u00f3k 57%-a annyira optimista a saj\u00e1t poz\u00edci\u00f3jukra kapcs\u00e1n, hogy azt gondolja, hogy az t\u00f6bb mint \u00f6t \u00e9vig biztosan meg fog maradni.<\/p>\n<p><strong>Forr\u00e1s: <a href=\"https:\/\/profitline.hu\/a-valsag-ellenere-csokkenoben-van-a-magyarok-munkanelkulisegtol-valo-felelme-445239\" target=\"_blank\" rel=\"nofollow noopener noreferrer\">profitline.hu<\/a><\/strong><\/p>\n","protected":false},"excerpt":{"rendered":"<p>Haz\u00e1nkban a lakoss\u00e1g k\u00e9tharmada tudna kire t\u00e1maszkodni, amennyiben elvesz\u00edten\u00e9 \u00e1ll\u00e1s\u00e1t. Egynegyed\u00fcknek van olyan biztos\u00edt\u00e1sa, amely seg\u00edtene ebben a helyzetben. Egy kutat\u00e1sb\u00f3l \u00f6sszess\u00e9g\u00e9ben az is kider\u00fcl, optimist\u00e1k a magyarok az \u00e1ll\u00e1sukat illet\u0151en. A hitelfedezeti biztos\u00edt\u00e1sok ter\u00e9n piacvezet\u0151 BNP Paribas Cardif Biztos\u00edt\u00f3 \u00e9s a Medi\u00e1n legfrissebb k\u00f6z\u00f6s kutat\u00e1s\u00e1b\u00f3l az is kider\u00fcl, hogy a v\u00e1laszad\u00f3k egy\u00f6t\u00f6de val\u00f3sz\u00edn\u0171leg vagy [&hellip;]<\/p>\n","protected":false},"author":1,"featured_media":6217,"comment_status":"open","ping_status":"open","sticky":false,"template":"","format":"standard","meta":{"_monsterinsights_skip_tracking":false,"footnotes":""},"categories":[198],"tags":[384,383,81],"class_list":["post-6216","post","type-post","status-publish","format-standard","has-post-thumbnail","hentry","category-gazdasag","tag-biztositas","tag-kutatas","tag-munkanelkuliseg-2"],"aioseo_notices":[],"aioseo_head":"\n\t\t<!-- All in One SEO 5.0.0.1 - aioseo.com -->\n\t<meta name=\"description\" content=\"Haz\u00e1nkban a lakoss\u00e1g k\u00e9tharmada tudna kire t\u00e1maszkodni, amennyiben elvesz\u00edten\u00e9 \u00e1ll\u00e1s\u00e1t. Egynegyed\u00fcknek van olyan biztos\u00edt\u00e1sa, amely seg\u00edtene ebben a helyzetben.\" \/>\n\t<meta name=\"robots\" content=\"max-image-preview:large\" \/>\n\t<meta name=\"author\" content=\"Juh\u00e1sz P\u00e9ter\"\/>\n\t<meta name=\"keywords\" content=\"biztos\u00edt\u00e1s,kutat\u00e1s,munkan\u00e9lk\u00fclis\u00e9g\" \/>\n\t<link rel=\"canonical\" href=\"https:\/\/allasorias.hu\/hirek\/nem-tartanak-a-munkanelkulisegtol-hazankban\/\" \/>\n\t<meta name=\"generator\" content=\"All in One SEO (AIOSEO) 5.0.0.1\" \/>\n\t\t<meta property=\"og:locale\" content=\"hu_HU\" \/>\n\t\t<meta property=\"og:site_name\" content=\"AllasOrias.hu | H\u00edrek-lapszemle | \u00dczleti h\u00edrek az \u00e1ll\u00e1s \u00e9s a munka vil\u00e1g\u00e1b\u00f3l\" \/>\n\t\t<meta property=\"og:type\" content=\"article\" \/>\n\t\t<meta property=\"og:title\" content=\"Nem tartanak a munkan\u00e9lk\u00fclis\u00e9gt\u0151l haz\u00e1nkban | Allasorias.hu\" \/>\n\t\t<meta property=\"og:description\" content=\"Haz\u00e1nkban a lakoss\u00e1g k\u00e9tharmada tudna kire t\u00e1maszkodni, amennyiben elvesz\u00edten\u00e9 \u00e1ll\u00e1s\u00e1t. Egynegyed\u00fcknek van olyan biztos\u00edt\u00e1sa, amely seg\u00edtene ebben a helyzetben.\" \/>\n\t\t<meta property=\"og:url\" content=\"https:\/\/allasorias.hu\/hirek\/nem-tartanak-a-munkanelkulisegtol-hazankban\/\" \/>\n\t\t<meta property=\"og:image\" content=\"https:\/\/allasorias.hu\/hirek\/wp-content\/uploads\/2023\/02\/munkanelkuliseg-kutatas.jpg\" \/>\n\t\t<meta property=\"og:image:secure_url\" content=\"https:\/\/allasorias.hu\/hirek\/wp-content\/uploads\/2023\/02\/munkanelkuliseg-kutatas.jpg\" \/>\n\t\t<meta property=\"og:image:width\" content=\"1280\" \/>\n\t\t<meta property=\"og:image:height\" content=\"853\" \/>\n\t\t<meta property=\"article:published_time\" content=\"2023-02-09T10:29:52+00:00\" \/>\n\t\t<meta property=\"article:modified_time\" content=\"2023-02-09T10:29:52+00:00\" \/>\n\t\t<meta property=\"article:publisher\" content=\"https:\/\/www.facebook.com\/allasorias\" \/>\n\t\t<meta name=\"twitter:card\" content=\"summary_large_image\" \/>\n\t\t<meta name=\"twitter:title\" content=\"Nem tartanak a munkan\u00e9lk\u00fclis\u00e9gt\u0151l haz\u00e1nkban | Allasorias.hu\" \/>\n\t\t<meta name=\"twitter:description\" content=\"Haz\u00e1nkban a lakoss\u00e1g k\u00e9tharmada tudna kire t\u00e1maszkodni, amennyiben elvesz\u00edten\u00e9 \u00e1ll\u00e1s\u00e1t. Egynegyed\u00fcknek van olyan biztos\u00edt\u00e1sa, amely seg\u00edtene ebben a helyzetben.\" \/>\n\t\t<meta name=\"twitter:image\" content=\"https:\/\/allasorias.hu\/hirek\/wp-content\/uploads\/2023\/02\/munkanelkuliseg-kutatas.jpg\" \/>\n\t\t<meta name=\"twitter:label1\" content=\"Written by\" \/>\n\t\t<meta name=\"twitter:data1\" content=\"Juh\u00e1sz P\u00e9ter\" \/>\n\t\t<meta name=\"twitter:label2\" content=\"Est. reading time\" \/>\n\t\t<meta name=\"twitter:data2\" content=\"5 minutes\" \/>\n\t\t<script type=\"application\/ld+json\" class=\"aioseo-schema\">\n\t\t\t{\"@context\":\"https:\\\/\\\/schema.org\",\"@graph\":[{\"@type\":\"Article\",\"@id\":\"https:\\\/\\\/allasorias.hu\\\/hirek\\\/nem-tartanak-a-munkanelkulisegtol-hazankban\\\/#article\",\"name\":\"Nem tartanak a munkan\\u00e9lk\\u00fclis\\u00e9gt\\u0151l haz\\u00e1nkban | Allasorias.hu\",\"headline\":\"Nem tartanak a munkan\\u00e9lk\\u00fclis\\u00e9gt\\u0151l haz\\u00e1nkban\",\"author\":{\"@id\":\"https:\\\/\\\/allasorias.hu\\\/hirek\\\/author\\\/admin-allasorias\\\/#author\"},\"publisher\":{\"@id\":\"https:\\\/\\\/allasorias.hu\\\/hirek\\\/#organization\"},\"image\":{\"@type\":\"ImageObject\",\"url\":\"https:\\\/\\\/allasorias.hu\\\/hirek\\\/wp-content\\\/uploads\\\/2023\\\/02\\\/munkanelkuliseg-kutatas.jpg\",\"width\":1280,\"height\":853,\"caption\":\"Nem tartanak a munkan\\u00e9lk\\u00fclis\\u00e9gt\\u0151l haz\\u00e1nkban - Allasorias.hu\\\/hirek\"},\"datePublished\":\"2023-02-09T10:29:52+02:00\",\"dateModified\":\"2023-02-09T10:29:52+02:00\",\"inLanguage\":\"hu-HU\",\"mainEntityOfPage\":{\"@id\":\"https:\\\/\\\/allasorias.hu\\\/hirek\\\/nem-tartanak-a-munkanelkulisegtol-hazankban\\\/#webpage\"},\"isPartOf\":{\"@id\":\"https:\\\/\\\/allasorias.hu\\\/hirek\\\/nem-tartanak-a-munkanelkulisegtol-hazankban\\\/#webpage\"},\"articleSection\":\"Gazdas\\u00e1g, biztos\\u00edt\\u00e1s, kutat\\u00e1s, munkan\\u00e9lk\\u00fclis\\u00e9g\"},{\"@type\":\"BreadcrumbList\",\"@id\":\"https:\\\/\\\/allasorias.hu\\\/hirek\\\/nem-tartanak-a-munkanelkulisegtol-hazankban\\\/#breadcrumblist\",\"itemListElement\":[{\"@type\":\"ListItem\",\"@id\":\"https:\\\/\\\/allasorias.hu\\\/hirek#listItem\",\"position\":1,\"name\":\"Home\",\"item\":\"https:\\\/\\\/allasorias.hu\\\/hirek\",\"nextItem\":{\"@type\":\"ListItem\",\"@id\":\"https:\\\/\\\/allasorias.hu\\\/hirek\\\/temak\\\/gazdasag\\\/#listItem\",\"name\":\"Gazdas\\u00e1g\"}},{\"@type\":\"ListItem\",\"@id\":\"https:\\\/\\\/allasorias.hu\\\/hirek\\\/temak\\\/gazdasag\\\/#listItem\",\"position\":2,\"name\":\"Gazdas\\u00e1g\",\"item\":\"https:\\\/\\\/allasorias.hu\\\/hirek\\\/temak\\\/gazdasag\\\/\",\"nextItem\":{\"@type\":\"ListItem\",\"@id\":\"https:\\\/\\\/allasorias.hu\\\/hirek\\\/nem-tartanak-a-munkanelkulisegtol-hazankban\\\/#listItem\",\"name\":\"Nem tartanak a munkan\\u00e9lk\\u00fclis\\u00e9gt\\u0151l haz\\u00e1nkban\"},\"previousItem\":{\"@type\":\"ListItem\",\"@id\":\"https:\\\/\\\/allasorias.hu\\\/hirek#listItem\",\"name\":\"Home\"}},{\"@type\":\"ListItem\",\"@id\":\"https:\\\/\\\/allasorias.hu\\\/hirek\\\/nem-tartanak-a-munkanelkulisegtol-hazankban\\\/#listItem\",\"position\":3,\"name\":\"Nem tartanak a munkan\\u00e9lk\\u00fclis\\u00e9gt\\u0151l haz\\u00e1nkban\",\"previousItem\":{\"@type\":\"ListItem\",\"@id\":\"https:\\\/\\\/allasorias.hu\\\/hirek\\\/temak\\\/gazdasag\\\/#listItem\",\"name\":\"Gazdas\\u00e1g\"}}]},{\"@type\":\"Organization\",\"@id\":\"https:\\\/\\\/allasorias.hu\\\/hirek\\\/#organization\",\"name\":\"AllasOrias.hu | H\\u00edrek-lapszemle\",\"description\":\"\\u00dczleti h\\u00edrek az \\u00e1ll\\u00e1s \\u00e9s a munka vil\\u00e1g\\u00e1b\\u00f3l\",\"url\":\"https:\\\/\\\/allasorias.hu\\\/hirek\\\/\",\"logo\":{\"@type\":\"ImageObject\",\"url\":\"https:\\\/\\\/allasorias.hu\\\/hirek\\\/wp-content\\\/uploads\\\/2022\\\/10\\\/allasorias_site_facebok_logo.png\",\"@id\":\"https:\\\/\\\/allasorias.hu\\\/hirek\\\/nem-tartanak-a-munkanelkulisegtol-hazankban\\\/#organizationLogo\"},\"image\":{\"@id\":\"https:\\\/\\\/allasorias.hu\\\/hirek\\\/nem-tartanak-a-munkanelkulisegtol-hazankban\\\/#organizationLogo\"},\"sameAs\":[\"https:\\\/\\\/www.facebook.com\\\/allasorias\",\"https:\\\/\\\/www.linkedin.com\\\/company\\\/allasorias\"]},{\"@type\":\"Person\",\"@id\":\"https:\\\/\\\/allasorias.hu\\\/hirek\\\/author\\\/admin-allasorias\\\/#author\",\"url\":\"https:\\\/\\\/allasorias.hu\\\/hirek\\\/author\\\/admin-allasorias\\\/\",\"name\":\"Juh\\u00e1sz P\\u00e9ter\",\"image\":{\"@type\":\"ImageObject\",\"@id\":\"https:\\\/\\\/allasorias.hu\\\/hirek\\\/nem-tartanak-a-munkanelkulisegtol-hazankban\\\/#authorImage\",\"url\":\"https:\\\/\\\/secure.gravatar.com\\\/avatar\\\/36e6bcb83148978b992977cb0f54d22feb0cce8a0a849a9410532bb2623ba4c6?s=96&d=mm&r=g\",\"width\":96,\"height\":96,\"caption\":\"Juh\\u00e1sz P\\u00e9ter\"}},{\"@type\":\"WebPage\",\"@id\":\"https:\\\/\\\/allasorias.hu\\\/hirek\\\/nem-tartanak-a-munkanelkulisegtol-hazankban\\\/#webpage\",\"url\":\"https:\\\/\\\/allasorias.hu\\\/hirek\\\/nem-tartanak-a-munkanelkulisegtol-hazankban\\\/\",\"name\":\"Nem tartanak a munkan\\u00e9lk\\u00fclis\\u00e9gt\\u0151l haz\\u00e1nkban | Allasorias.hu\",\"description\":\"Haz\\u00e1nkban a lakoss\\u00e1g k\\u00e9tharmada tudna kire t\\u00e1maszkodni, amennyiben elvesz\\u00edten\\u00e9 \\u00e1ll\\u00e1s\\u00e1t. Egynegyed\\u00fcknek van olyan biztos\\u00edt\\u00e1sa, amely seg\\u00edtene ebben a helyzetben.\",\"inLanguage\":\"hu-HU\",\"isPartOf\":{\"@id\":\"https:\\\/\\\/allasorias.hu\\\/hirek\\\/#website\"},\"breadcrumb\":{\"@id\":\"https:\\\/\\\/allasorias.hu\\\/hirek\\\/nem-tartanak-a-munkanelkulisegtol-hazankban\\\/#breadcrumblist\"},\"author\":{\"@id\":\"https:\\\/\\\/allasorias.hu\\\/hirek\\\/author\\\/admin-allasorias\\\/#author\"},\"creator\":{\"@id\":\"https:\\\/\\\/allasorias.hu\\\/hirek\\\/author\\\/admin-allasorias\\\/#author\"},\"image\":{\"@type\":\"ImageObject\",\"url\":\"https:\\\/\\\/allasorias.hu\\\/hirek\\\/wp-content\\\/uploads\\\/2023\\\/02\\\/munkanelkuliseg-kutatas.jpg\",\"@id\":\"https:\\\/\\\/allasorias.hu\\\/hirek\\\/nem-tartanak-a-munkanelkulisegtol-hazankban\\\/#mainImage\",\"width\":1280,\"height\":853,\"caption\":\"Nem tartanak a munkan\\u00e9lk\\u00fclis\\u00e9gt\\u0151l haz\\u00e1nkban - Allasorias.hu\\\/hirek\"},\"primaryImageOfPage\":{\"@id\":\"https:\\\/\\\/allasorias.hu\\\/hirek\\\/nem-tartanak-a-munkanelkulisegtol-hazankban\\\/#mainImage\"},\"datePublished\":\"2023-02-09T10:29:52+02:00\",\"dateModified\":\"2023-02-09T10:29:52+02:00\"},{\"@type\":\"WebSite\",\"@id\":\"https:\\\/\\\/allasorias.hu\\\/hirek\\\/#website\",\"url\":\"https:\\\/\\\/allasorias.hu\\\/hirek\\\/\",\"name\":\"AllasOrias.hu | H\\u00edrek-lapszemle\",\"description\":\"\\u00dczleti h\\u00edrek az \\u00e1ll\\u00e1s \\u00e9s a munka vil\\u00e1g\\u00e1b\\u00f3l\",\"inLanguage\":\"hu-HU\",\"publisher\":{\"@id\":\"https:\\\/\\\/allasorias.hu\\\/hirek\\\/#organization\"}}]}\n\t\t<\/script>\n\t\t<!-- All in One SEO -->\n\n","aioseo_head_json":{"title":"Nem tartanak a munkan\u00e9lk\u00fclis\u00e9gt\u0151l haz\u00e1nkban | Allasorias.hu","description":"Haz\u00e1nkban a lakoss\u00e1g k\u00e9tharmada tudna kire t\u00e1maszkodni, amennyiben elvesz\u00edten\u00e9 \u00e1ll\u00e1s\u00e1t. Egynegyed\u00fcknek van olyan biztos\u00edt\u00e1sa, amely seg\u00edtene ebben a helyzetben.","canonical_url":"https:\/\/allasorias.hu\/hirek\/nem-tartanak-a-munkanelkulisegtol-hazankban\/","robots":"max-image-preview:large","keywords":"biztos\u00edt\u00e1s,kutat\u00e1s,munkan\u00e9lk\u00fclis\u00e9g","webmasterTools":{"miscellaneous":""},"schema":{"@context":"https:\/\/schema.org","@graph":[{"@type":"Article","@id":"https:\/\/allasorias.hu\/hirek\/nem-tartanak-a-munkanelkulisegtol-hazankban\/#article","name":"Nem tartanak a munkan\u00e9lk\u00fclis\u00e9gt\u0151l haz\u00e1nkban | Allasorias.hu","headline":"Nem tartanak a munkan\u00e9lk\u00fclis\u00e9gt\u0151l haz\u00e1nkban","author":{"@id":"https:\/\/allasorias.hu\/hirek\/author\/admin-allasorias\/#author"},"publisher":{"@id":"https:\/\/allasorias.hu\/hirek\/#organization"},"image":{"@type":"ImageObject","url":"https:\/\/allasorias.hu\/hirek\/wp-content\/uploads\/2023\/02\/munkanelkuliseg-kutatas.jpg","width":1280,"height":853,"caption":"Nem tartanak a munkan\u00e9lk\u00fclis\u00e9gt\u0151l haz\u00e1nkban - Allasorias.hu\/hirek"},"datePublished":"2023-02-09T10:29:52+02:00","dateModified":"2023-02-09T10:29:52+02:00","inLanguage":"hu-HU","mainEntityOfPage":{"@id":"https:\/\/allasorias.hu\/hirek\/nem-tartanak-a-munkanelkulisegtol-hazankban\/#webpage"},"isPartOf":{"@id":"https:\/\/allasorias.hu\/hirek\/nem-tartanak-a-munkanelkulisegtol-hazankban\/#webpage"},"articleSection":"Gazdas\u00e1g, biztos\u00edt\u00e1s, kutat\u00e1s, munkan\u00e9lk\u00fclis\u00e9g"},{"@type":"BreadcrumbList","@id":"https:\/\/allasorias.hu\/hirek\/nem-tartanak-a-munkanelkulisegtol-hazankban\/#breadcrumblist","itemListElement":[{"@type":"ListItem","@id":"https:\/\/allasorias.hu\/hirek#listItem","position":1,"name":"Home","item":"https:\/\/allasorias.hu\/hirek","nextItem":{"@type":"ListItem","@id":"https:\/\/allasorias.hu\/hirek\/temak\/gazdasag\/#listItem","name":"Gazdas\u00e1g"}},{"@type":"ListItem","@id":"https:\/\/allasorias.hu\/hirek\/temak\/gazdasag\/#listItem","position":2,"name":"Gazdas\u00e1g","item":"https:\/\/allasorias.hu\/hirek\/temak\/gazdasag\/","nextItem":{"@type":"ListItem","@id":"https:\/\/allasorias.hu\/hirek\/nem-tartanak-a-munkanelkulisegtol-hazankban\/#listItem","name":"Nem tartanak a munkan\u00e9lk\u00fclis\u00e9gt\u0151l haz\u00e1nkban"},"previousItem":{"@type":"ListItem","@id":"https:\/\/allasorias.hu\/hirek#listItem","name":"Home"}},{"@type":"ListItem","@id":"https:\/\/allasorias.hu\/hirek\/nem-tartanak-a-munkanelkulisegtol-hazankban\/#listItem","position":3,"name":"Nem tartanak a munkan\u00e9lk\u00fclis\u00e9gt\u0151l haz\u00e1nkban","previousItem":{"@type":"ListItem","@id":"https:\/\/allasorias.hu\/hirek\/temak\/gazdasag\/#listItem","name":"Gazdas\u00e1g"}}]},{"@type":"Organization","@id":"https:\/\/allasorias.hu\/hirek\/#organization","name":"AllasOrias.hu | H\u00edrek-lapszemle","description":"\u00dczleti h\u00edrek az \u00e1ll\u00e1s \u00e9s a munka vil\u00e1g\u00e1b\u00f3l","url":"https:\/\/allasorias.hu\/hirek\/","logo":{"@type":"ImageObject","url":"https:\/\/allasorias.hu\/hirek\/wp-content\/uploads\/2022\/10\/allasorias_site_facebok_logo.png","@id":"https:\/\/allasorias.hu\/hirek\/nem-tartanak-a-munkanelkulisegtol-hazankban\/#organizationLogo"},"image":{"@id":"https:\/\/allasorias.hu\/hirek\/nem-tartanak-a-munkanelkulisegtol-hazankban\/#organizationLogo"},"sameAs":["https:\/\/www.facebook.com\/allasorias","https:\/\/www.linkedin.com\/company\/allasorias"]},{"@type":"Person","@id":"https:\/\/allasorias.hu\/hirek\/author\/admin-allasorias\/#author","url":"https:\/\/allasorias.hu\/hirek\/author\/admin-allasorias\/","name":"Juh\u00e1sz P\u00e9ter","image":{"@type":"ImageObject","@id":"https:\/\/allasorias.hu\/hirek\/nem-tartanak-a-munkanelkulisegtol-hazankban\/#authorImage","url":"https:\/\/secure.gravatar.com\/avatar\/36e6bcb83148978b992977cb0f54d22feb0cce8a0a849a9410532bb2623ba4c6?s=96&d=mm&r=g","width":96,"height":96,"caption":"Juh\u00e1sz P\u00e9ter"}},{"@type":"WebPage","@id":"https:\/\/allasorias.hu\/hirek\/nem-tartanak-a-munkanelkulisegtol-hazankban\/#webpage","url":"https:\/\/allasorias.hu\/hirek\/nem-tartanak-a-munkanelkulisegtol-hazankban\/","name":"Nem tartanak a munkan\u00e9lk\u00fclis\u00e9gt\u0151l haz\u00e1nkban | Allasorias.hu","description":"Haz\u00e1nkban a lakoss\u00e1g k\u00e9tharmada tudna kire t\u00e1maszkodni, amennyiben elvesz\u00edten\u00e9 \u00e1ll\u00e1s\u00e1t. Egynegyed\u00fcknek van olyan biztos\u00edt\u00e1sa, amely seg\u00edtene ebben a helyzetben.","inLanguage":"hu-HU","isPartOf":{"@id":"https:\/\/allasorias.hu\/hirek\/#website"},"breadcrumb":{"@id":"https:\/\/allasorias.hu\/hirek\/nem-tartanak-a-munkanelkulisegtol-hazankban\/#breadcrumblist"},"author":{"@id":"https:\/\/allasorias.hu\/hirek\/author\/admin-allasorias\/#author"},"creator":{"@id":"https:\/\/allasorias.hu\/hirek\/author\/admin-allasorias\/#author"},"image":{"@type":"ImageObject","url":"https:\/\/allasorias.hu\/hirek\/wp-content\/uploads\/2023\/02\/munkanelkuliseg-kutatas.jpg","@id":"https:\/\/allasorias.hu\/hirek\/nem-tartanak-a-munkanelkulisegtol-hazankban\/#mainImage","width":1280,"height":853,"caption":"Nem tartanak a munkan\u00e9lk\u00fclis\u00e9gt\u0151l haz\u00e1nkban - Allasorias.hu\/hirek"},"primaryImageOfPage":{"@id":"https:\/\/allasorias.hu\/hirek\/nem-tartanak-a-munkanelkulisegtol-hazankban\/#mainImage"},"datePublished":"2023-02-09T10:29:52+02:00","dateModified":"2023-02-09T10:29:52+02:00"},{"@type":"WebSite","@id":"https:\/\/allasorias.hu\/hirek\/#website","url":"https:\/\/allasorias.hu\/hirek\/","name":"AllasOrias.hu | H\u00edrek-lapszemle","description":"\u00dczleti h\u00edrek az \u00e1ll\u00e1s \u00e9s a munka vil\u00e1g\u00e1b\u00f3l","inLanguage":"hu-HU","publisher":{"@id":"https:\/\/allasorias.hu\/hirek\/#organization"}}]},"og:locale":"hu_HU","og:site_name":"AllasOrias.hu | H\u00edrek-lapszemle | \u00dczleti h\u00edrek az \u00e1ll\u00e1s \u00e9s a munka vil\u00e1g\u00e1b\u00f3l","og:type":"article","og:title":"Nem tartanak a munkan\u00e9lk\u00fclis\u00e9gt\u0151l haz\u00e1nkban | Allasorias.hu","og:description":"Haz\u00e1nkban a lakoss\u00e1g k\u00e9tharmada tudna kire t\u00e1maszkodni, amennyiben elvesz\u00edten\u00e9 \u00e1ll\u00e1s\u00e1t. Egynegyed\u00fcknek van olyan biztos\u00edt\u00e1sa, amely seg\u00edtene ebben a helyzetben.","og:url":"https:\/\/allasorias.hu\/hirek\/nem-tartanak-a-munkanelkulisegtol-hazankban\/","og:image":"https:\/\/allasorias.hu\/hirek\/wp-content\/uploads\/2023\/02\/munkanelkuliseg-kutatas.jpg","og:image:secure_url":"https:\/\/allasorias.hu\/hirek\/wp-content\/uploads\/2023\/02\/munkanelkuliseg-kutatas.jpg","og:image:width":1280,"og:image:height":853,"article:published_time":"2023-02-09T10:29:52+00:00","article:modified_time":"2023-02-09T10:29:52+00:00","article:publisher":"https:\/\/www.facebook.com\/allasorias","twitter:card":"summary_large_image","twitter:title":"Nem tartanak a munkan\u00e9lk\u00fclis\u00e9gt\u0151l haz\u00e1nkban | Allasorias.hu","twitter:description":"Haz\u00e1nkban a lakoss\u00e1g k\u00e9tharmada tudna kire t\u00e1maszkodni, amennyiben elvesz\u00edten\u00e9 \u00e1ll\u00e1s\u00e1t. Egynegyed\u00fcknek van olyan biztos\u00edt\u00e1sa, amely seg\u00edtene ebben a helyzetben.","twitter:image":"https:\/\/allasorias.hu\/hirek\/wp-content\/uploads\/2023\/02\/munkanelkuliseg-kutatas.jpg","twitter:label1":"Written by","twitter:data1":"Juh\u00e1sz P\u00e9ter","twitter:label2":"Est. reading time","twitter:data2":"5 minutes"},"aioseo_meta_data":{"post_id":"6216","title":"#post_title | Allasorias.hu","description":"Haz\u00e1nkban a lakoss\u00e1g k\u00e9tharmada tudna kire t\u00e1maszkodni, amennyiben elvesz\u00edten\u00e9 \u00e1ll\u00e1s\u00e1t. Egynegyed\u00fcknek van olyan biztos\u00edt\u00e1sa, amely seg\u00edtene ebben a helyzetben.","keywords":[],"keyphrases":{"focus":{"keyphrase":"","score":0,"analysis":{"keyphraseInTitle":{"score":0,"maxScore":9,"error":1}}},"additional":[]},"primary_term":null,"canonical_url":null,"og_title":null,"og_description":null,"og_object_type":"default","og_image_type":"default","og_image_url":null,"og_image_width":null,"og_image_height":null,"og_image_custom_url":null,"og_image_custom_fields":null,"og_video":"","og_custom_url":null,"og_article_section":null,"og_article_tags":[],"twitter_use_og":true,"twitter_card":"default","twitter_image_type":"default","twitter_image_url":null,"twitter_image_custom_url":null,"twitter_image_custom_fields":null,"twitter_title":null,"twitter_description":null,"schema":{"blockGraphs":[],"customGraphs":[],"default":{"data":{"Article":[],"Course":[],"Dataset":[],"FAQPage":[],"Movie":[],"Person":[],"Product":[],"ProductReview":[],"Car":[],"Recipe":[],"Service":[],"SoftwareApplication":[],"WebPage":[]},"graphName":"Article","isEnabled":true},"graphs":[]},"schema_type":"default","schema_type_options":null,"pillar_content":false,"robots_default":true,"robots_noindex":false,"robots_noarchive":false,"robots_nosnippet":false,"robots_nofollow":false,"robots_noimageindex":false,"robots_noodp":false,"robots_notranslate":false,"robots_max_snippet":"-1","robots_max_videopreview":"-1","robots_max_imagepreview":"large","priority":null,"frequency":"default","location":null,"local_seo":null,"breadcrumb_settings":null,"limit_modified_date":false,"ai":null,"created":"2023-02-09 10:07:37","updated":"2025-10-02 18:06:48","seo_analyzer_scan_date":null,"focus_keyword":null,"additional_keywords":null,"truseo_locale":null},"aioseo_breadcrumb":"<div class=\"aioseo-breadcrumbs\"><span class=\"aioseo-breadcrumb\">\n\t\t\t<a href=\"https:\/\/allasorias.hu\/hirek\" title=\"Home\">Home<\/a>\n\t\t<\/span><span class=\"aioseo-breadcrumb-separator\">&raquo;<\/span><span class=\"aioseo-breadcrumb\">\n\t\t\t<a href=\"https:\/\/allasorias.hu\/hirek\/temak\/gazdasag\/\" title=\"Gazdas\u00e1g\">Gazdas\u00e1g<\/a>\n\t\t<\/span><span class=\"aioseo-breadcrumb-separator\">&raquo;<\/span><span class=\"aioseo-breadcrumb\">\n\t\t\tNem tartanak a munkan\u00e9lk\u00fclis\u00e9gt\u0151l haz\u00e1nkban\n\t\t<\/span><\/div>","aioseo_breadcrumb_json":[{"label":"Home","link":"https:\/\/allasorias.hu\/hirek"},{"label":"Gazdas\u00e1g","link":"https:\/\/allasorias.hu\/hirek\/temak\/gazdasag\/"},{"label":"Nem tartanak a munkan\u00e9lk\u00fclis\u00e9gt\u0151l haz\u00e1nkban","link":"https:\/\/allasorias.hu\/hirek\/nem-tartanak-a-munkanelkulisegtol-hazankban\/"}],"_links":{"self":[{"href":"https:\/\/allasorias.hu\/hirek\/wp-json\/wp\/v2\/posts\/6216","targetHints":{"allow":["GET"]}}],"collection":[{"href":"https:\/\/allasorias.hu\/hirek\/wp-json\/wp\/v2\/posts"}],"about":[{"href":"https:\/\/allasorias.hu\/hirek\/wp-json\/wp\/v2\/types\/post"}],"author":[{"embeddable":true,"href":"https:\/\/allasorias.hu\/hirek\/wp-json\/wp\/v2\/users\/1"}],"replies":[{"embeddable":true,"href":"https:\/\/allasorias.hu\/hirek\/wp-json\/wp\/v2\/comments?post=6216"}],"version-history":[{"count":1,"href":"https:\/\/allasorias.hu\/hirek\/wp-json\/wp\/v2\/posts\/6216\/revisions"}],"predecessor-version":[{"id":6218,"href":"https:\/\/allasorias.hu\/hirek\/wp-json\/wp\/v2\/posts\/6216\/revisions\/6218"}],"wp:featuredmedia":[{"embeddable":true,"href":"https:\/\/allasorias.hu\/hirek\/wp-json\/wp\/v2\/media\/6217"}],"wp:attachment":[{"href":"https:\/\/allasorias.hu\/hirek\/wp-json\/wp\/v2\/media?parent=6216"}],"wp:term":[{"taxonomy":"category","embeddable":true,"href":"https:\/\/allasorias.hu\/hirek\/wp-json\/wp\/v2\/categories?post=6216"},{"taxonomy":"post_tag","embeddable":true,"href":"https:\/\/allasorias.hu\/hirek\/wp-json\/wp\/v2\/tags?post=6216"}],"curies":[{"name":"wp","href":"https:\/\/api.w.org\/{rel}","templated":true}]}}