{"id":6209,"date":"2023-02-07T10:21:11","date_gmt":"2023-02-07T10:21:11","guid":{"rendered":"https:\/\/allasorias.hu\/hirek\/?p=6209"},"modified":"2025-05-09T14:24:51","modified_gmt":"2025-05-09T12:24:51","slug":"kepzes-indul-szellemitulajdon-vedelem-temaban","status":"publish","type":"post","link":"https:\/\/allasorias.hu\/hirek\/kepzes-indul-szellemitulajdon-vedelem-temaban\/","title":{"rendered":"K\u00e9pz\u00e9s indul szellemitulajdon-v\u00e9delem t\u00e9m\u00e1ban"},"content":{"rendered":"<p><strong>Szellemitulajdon-v\u00e9delem t\u00e9m\u00e1ban indul egy k\u00e9pz\u00e9s, amely\u00a0 \u00fajs\u00e1g\u00edr\u00f3knak \u00e9s m\u00e9diaszakos hallgat\u00f3knak sz\u00f3l, s melynek keret\u00e9ben megismerhetik a di\u00e1kok, milyen gazdas\u00e1gi \u00e9s t\u00e1rsadalmi hat\u00e1sai vannak a szerz\u0151i- \u00e9s iparjognak, mik\u00e9nt seg\u00edti a v\u00e1llalkoz\u00e1sokat a kutat\u00e1s-fejleszt\u00e9s min\u0151s\u00edt\u00e9s vagy \u00e9ppen arr\u00f3l, hogy t\u00f6r el\u0151re az IP (Intellectual Property) a nemzetk\u00f6zi c\u00e9gek \u00e9rt\u00e9k\u00e9ben.<\/strong><\/p>\n<p>A Szellemi Tulajdon Nemzeti Hivatal\u00e1nak (SZTNH) c\u00e9lja, hogy a hazai \u00fajs\u00e1g\u00edr\u00f3 t\u00e1rsadalmat \u00e9rz\u00e9keny\u00edtse, eduk\u00e1lja a szellemitulajdon-v\u00e9delmet illet\u0151en. A szellemitulajdon-v\u00e9delem seg\u00edthet felz\u00e1rk\u00f3zni a hazai v\u00e1llalati \u00e9s egyetemi szf\u00e9r\u00e1nak a nemzetk\u00f6zi versenyt\u00e1rsakhoz. Ennek er\u0151s\u00edt\u00e9se a hazai <a href=\"https:\/\/allasorias.hu\/hirek\/temak\/gazdasag\/\">gazdas\u00e1gi szektor<\/a> sz\u00e1m\u00e1ra az eur\u00f3pai \u00e9s a vil\u00e1gpiac tekintet\u00e9ben is l\u00e9tfontoss\u00e1g\u00fa, azonban szeml\u00e9letform\u00e1l\u00e1s \u00e9s eduk\u00e1ci\u00f3 n\u00e9lk\u00fcl nem lehet hat\u00e9kony.<\/p>\n<h2>Sajt\u00f3 k\u00f6zrem\u0171k\u00f6d\u00e9se<\/h2>\n<p>Ehhez elengedhetetlen a sajt\u00f3 k\u00f6zrem\u0171k\u00f6d\u00e9se, megfelel\u0151 t\u00e1j\u00e9koztat\u00e1sa. A szellemitulajdon-v\u00e9delem az elm\u00falt \u00e9vtizedekben nem kapott megfelel\u0151 figyelmet, \u00edgy a sajt\u00f3ban is kevesen foglalkoznak rendszeresen a t\u00e9m\u00e1val. A Szellemi Tulajdon Nemzeti Hivatala (SZTNH) ezen jav\u00edtana egy olyan, \u00fajs\u00e1g\u00edr\u00f3knak \u00e9s m\u00e9diaszakos hallgat\u00f3knak sz\u00f3l\u00f3 k\u00e9pz\u00e9ssel, amelynek keret\u00e9ben megismerhetik, milyen gazdas\u00e1gi \u00e9s t\u00e1rsadalmi hat\u00e1sai vannak a szerz\u0151i- \u00e9s iparjognak, mik\u00e9nt seg\u00edti a v\u00e1llalkoz\u00e1sokat a kutat\u00e1s-fejleszt\u00e9s min\u0151s\u00edt\u00e9s vagy \u00e9ppen arr\u00f3l, hogy t\u00f6r el\u0151re az IP (Intellectual Property) a nemzetk\u00f6zi c\u00e9gek \u00e9rt\u00e9k\u00e9ben.<\/p>\n<p>Az SZTNH \u00faj programj\u00e1nak c\u00e9lja, hogy a hazai \u00fajs\u00e1g\u00edr\u00f3 t\u00e1rsadalmat \u00e9rz\u00e9keny\u00edtse, valamint eduk\u00e1lja a szellemitulajdon-v\u00e9delmet illet\u0151en. Nem titkolt c\u00e9l, hogy az \u00edgy bevont \u00fajs\u00e1g\u00edr\u00f3k otthonosabban mozoghassanak ebben a szerte\u00e1gaz\u00f3 vil\u00e1gban, t\u00f6bbet foglalkozzanak a t\u00e9m\u00e1val, gyakrabban \u00edrjanak az IP gazdas\u00e1gi hat\u00e1sair\u00f3l, a nemzetk\u00f6zi trendekr\u0151l vagy \u00e9ppen csak egy-egy jelent\u0151s tal\u00e1lm\u00e1ny, v\u00e9djegy t\u00f6rt\u00e9net\u00e9r\u0151l.<\/p>\n<h2>Febru\u00e1r 22-\u00e9n indul a k\u00e9pz\u00e9s<\/h2>\n<p>A <a href=\"https:\/\/www.sztnh.gov.hu\/hu\" target=\"_blank\" rel=\"nofollow noopener noreferrer\">Szellemi Tulajdon Nemzeti Hivatala<\/a> a k\u00e9pz\u00e9st a magyar \u00fajs\u00e1g\u00edr\u00f3k \u00e9s a m\u00e9diaszakos egyetemist\u00e1k k\u00f6r\u00e9ben hirdeti meg: \u00edgy nem csak a gyakorl\u00f3 \u00fajs\u00e1g\u00edr\u00f3k juthatnak hasznos tud\u00e1shoz, hanem m\u00e1r azok is, akik k\u00e9s\u0151bb fognak majd elhelyezkedni a szakm\u00e1ban. A febru\u00e1r 22-\u00e9n startol\u00f3 k\u00e9pz\u00e9s k\u00e9t r\u00e9szb\u0151l tev\u0151dik \u00f6ssze: els\u0151 fele online, a m\u00e1sodik pedig jelenl\u00e9ti oktat\u00e1s keret\u00e9ben zajlik. Regisztr\u00e1lni legk\u00e9s\u0151bb 2023. febru\u00e1r 21. 17:00 \u00f3r\u00e1ig. lehet, a regisztr\u00e1l\u00f3k a viszontv\u00e1laszban kapj\u00e1k meg az online k\u00e9pz\u00e9s el\u00e9rhet\u0151s\u00e9g\u00e9t. A jelenl\u00e9ti oktat\u00e1s 2023. m\u00e1rcius 1-j\u00e9n lesz a hivatal szakk\u00f6nyvt\u00e1r\u00e1ban.<\/p>\n<p>Forr\u00e1s: <a href=\"https:\/\/www.hrportal.hu\/hr\/ujsagiro-akademiat-indit-az-sztnh-20230207.html\" target=\"_blank\" rel=\"nofollow noopener noreferrer\">hrportal.hu<\/a><\/p>\n","protected":false},"excerpt":{"rendered":"<p>Szellemitulajdon-v\u00e9delem t\u00e9m\u00e1ban indul egy k\u00e9pz\u00e9s, amely\u00a0 \u00fajs\u00e1g\u00edr\u00f3knak \u00e9s m\u00e9diaszakos hallgat\u00f3knak sz\u00f3l, s melynek keret\u00e9ben megismerhetik a di\u00e1kok, milyen gazdas\u00e1gi \u00e9s t\u00e1rsadalmi hat\u00e1sai vannak a szerz\u0151i- \u00e9s iparjognak, mik\u00e9nt seg\u00edti a v\u00e1llalkoz\u00e1sokat a kutat\u00e1s-fejleszt\u00e9s min\u0151s\u00edt\u00e9s vagy \u00e9ppen arr\u00f3l, hogy t\u00f6r el\u0151re az IP (Intellectual Property) a nemzetk\u00f6zi c\u00e9gek \u00e9rt\u00e9k\u00e9ben. A Szellemi Tulajdon Nemzeti Hivatal\u00e1nak (SZTNH) c\u00e9lja, [&hellip;]<\/p>\n","protected":false},"author":1,"featured_media":6210,"comment_status":"closed","ping_status":"closed","sticky":false,"template":"","format":"standard","meta":{"_monsterinsights_skip_tracking":false,"footnotes":""},"categories":[199],"tags":[380,378,379],"class_list":["post-6209","post","type-post","status-publish","format-standard","has-post-thumbnail","hentry","category-karrier","tag-kepzes","tag-szellemitulajdon-vedelem","tag-ujsagiras"],"aioseo_notices":[],"aioseo_head":"\n\t\t<!-- All in One SEO 5.0.0.1 - aioseo.com -->\n\t<meta name=\"description\" content=\"Szellemitulajdon-v\u00e9delem t\u00e9m\u00e1ban indul egy k\u00e9pz\u00e9s, amely \u00fajs\u00e1g\u00edr\u00f3knak \u00e9s m\u00e9diaszakos hallgat\u00f3knak sz\u00f3l, a szerz\u0151i- \u00e9s iparjog hat\u00e1sair\u00f3l.\" \/>\n\t<meta name=\"robots\" content=\"max-image-preview:large\" \/>\n\t<meta name=\"author\" content=\"Juh\u00e1sz P\u00e9ter\"\/>\n\t<meta name=\"keywords\" content=\"k\u00e9pz\u00e9s,szellemitulajdon-v\u00e9delem,\u00fajs\u00e1g\u00edr\u00e1s\" \/>\n\t<link rel=\"canonical\" href=\"https:\/\/allasorias.hu\/hirek\/kepzes-indul-szellemitulajdon-vedelem-temaban\/\" \/>\n\t<meta name=\"generator\" content=\"All in One SEO (AIOSEO) 5.0.0.1\" \/>\n\t\t<meta property=\"og:locale\" content=\"hu_HU\" \/>\n\t\t<meta property=\"og:site_name\" content=\"AllasOrias.hu | H\u00edrek-lapszemle | \u00dczleti h\u00edrek az \u00e1ll\u00e1s \u00e9s a munka vil\u00e1g\u00e1b\u00f3l\" \/>\n\t\t<meta property=\"og:type\" content=\"article\" \/>\n\t\t<meta property=\"og:title\" content=\"Szellemi tulajdon v\u00e9delmi k\u00e9pz\u00e9s indul\" \/>\n\t\t<meta property=\"og:description\" content=\"Szellemitulajdon-v\u00e9delem t\u00e9m\u00e1ban indul egy k\u00e9pz\u00e9s, amely \u00fajs\u00e1g\u00edr\u00f3knak \u00e9s m\u00e9diaszakos hallgat\u00f3knak sz\u00f3l, a szerz\u0151i- \u00e9s iparjog hat\u00e1sair\u00f3l.\" \/>\n\t\t<meta property=\"og:url\" content=\"https:\/\/allasorias.hu\/hirek\/kepzes-indul-szellemitulajdon-vedelem-temaban\/\" \/>\n\t\t<meta property=\"og:image\" content=\"https:\/\/allasorias.hu\/hirek\/wp-content\/uploads\/2023\/02\/szellemitulajdon-vedelem.jpg\" \/>\n\t\t<meta property=\"og:image:secure_url\" content=\"https:\/\/allasorias.hu\/hirek\/wp-content\/uploads\/2023\/02\/szellemitulajdon-vedelem.jpg\" \/>\n\t\t<meta property=\"og:image:width\" content=\"1280\" \/>\n\t\t<meta property=\"og:image:height\" content=\"734\" \/>\n\t\t<meta property=\"article:published_time\" content=\"2023-02-07T10:21:11+00:00\" \/>\n\t\t<meta property=\"article:modified_time\" content=\"2025-05-09T12:24:51+00:00\" \/>\n\t\t<meta property=\"article:publisher\" content=\"https:\/\/www.facebook.com\/allasorias\" \/>\n\t\t<meta name=\"twitter:card\" content=\"summary_large_image\" \/>\n\t\t<meta name=\"twitter:title\" content=\"Szellemi tulajdon v\u00e9delmi k\u00e9pz\u00e9s indul\" \/>\n\t\t<meta name=\"twitter:description\" content=\"Szellemitulajdon-v\u00e9delem t\u00e9m\u00e1ban indul egy k\u00e9pz\u00e9s, amely \u00fajs\u00e1g\u00edr\u00f3knak \u00e9s m\u00e9diaszakos hallgat\u00f3knak sz\u00f3l, a szerz\u0151i- \u00e9s iparjog hat\u00e1sair\u00f3l.\" \/>\n\t\t<meta name=\"twitter:image\" content=\"https:\/\/allasorias.hu\/hirek\/wp-content\/uploads\/2023\/02\/szellemitulajdon-vedelem.jpg\" \/>\n\t\t<meta name=\"twitter:label1\" content=\"Written by\" \/>\n\t\t<meta name=\"twitter:data1\" content=\"Juh\u00e1sz P\u00e9ter\" \/>\n\t\t<meta name=\"twitter:label2\" content=\"Est. reading time\" \/>\n\t\t<meta name=\"twitter:data2\" content=\"3 minutes\" \/>\n\t\t<script type=\"application\/ld+json\" class=\"aioseo-schema\">\n\t\t\t{\"@context\":\"https:\\\/\\\/schema.org\",\"@graph\":[{\"@type\":\"Article\",\"@id\":\"https:\\\/\\\/allasorias.hu\\\/hirek\\\/kepzes-indul-szellemitulajdon-vedelem-temaban\\\/#article\",\"name\":\"Szellemi tulajdon v\\u00e9delmi k\\u00e9pz\\u00e9s indul\",\"headline\":\"K\\u00e9pz\\u00e9s indul szellemitulajdon-v\\u00e9delem t\\u00e9m\\u00e1ban\",\"author\":{\"@id\":\"https:\\\/\\\/allasorias.hu\\\/hirek\\\/author\\\/admin-allasorias\\\/#author\"},\"publisher\":{\"@id\":\"https:\\\/\\\/allasorias.hu\\\/hirek\\\/#organization\"},\"image\":{\"@type\":\"ImageObject\",\"url\":\"https:\\\/\\\/allasorias.hu\\\/hirek\\\/wp-content\\\/uploads\\\/2023\\\/02\\\/szellemitulajdon-vedelem.jpg\",\"width\":1280,\"height\":734,\"caption\":\"K\\u00e9pz\\u00e9s indul szellemitulajdon-v\\u00e9delem t\\u00e9m\\u00e1ban - Allasorias.hu\\\/Hirek\"},\"datePublished\":\"2023-02-07T10:21:11+02:00\",\"dateModified\":\"2025-05-09T14:24:51+02:00\",\"inLanguage\":\"hu-HU\",\"mainEntityOfPage\":{\"@id\":\"https:\\\/\\\/allasorias.hu\\\/hirek\\\/kepzes-indul-szellemitulajdon-vedelem-temaban\\\/#webpage\"},\"isPartOf\":{\"@id\":\"https:\\\/\\\/allasorias.hu\\\/hirek\\\/kepzes-indul-szellemitulajdon-vedelem-temaban\\\/#webpage\"},\"articleSection\":\"Karrier, k\\u00e9pz\\u00e9s, szellemitulajdon-v\\u00e9delem, \\u00fajs\\u00e1g\\u00edr\\u00e1s\"},{\"@type\":\"BreadcrumbList\",\"@id\":\"https:\\\/\\\/allasorias.hu\\\/hirek\\\/kepzes-indul-szellemitulajdon-vedelem-temaban\\\/#breadcrumblist\",\"itemListElement\":[{\"@type\":\"ListItem\",\"@id\":\"https:\\\/\\\/allasorias.hu\\\/hirek#listItem\",\"position\":1,\"name\":\"Home\",\"item\":\"https:\\\/\\\/allasorias.hu\\\/hirek\",\"nextItem\":{\"@type\":\"ListItem\",\"@id\":\"https:\\\/\\\/allasorias.hu\\\/hirek\\\/temak\\\/karrier\\\/#listItem\",\"name\":\"Karrier\"}},{\"@type\":\"ListItem\",\"@id\":\"https:\\\/\\\/allasorias.hu\\\/hirek\\\/temak\\\/karrier\\\/#listItem\",\"position\":2,\"name\":\"Karrier\",\"item\":\"https:\\\/\\\/allasorias.hu\\\/hirek\\\/temak\\\/karrier\\\/\",\"nextItem\":{\"@type\":\"ListItem\",\"@id\":\"https:\\\/\\\/allasorias.hu\\\/hirek\\\/kepzes-indul-szellemitulajdon-vedelem-temaban\\\/#listItem\",\"name\":\"K\\u00e9pz\\u00e9s indul szellemitulajdon-v\\u00e9delem t\\u00e9m\\u00e1ban\"},\"previousItem\":{\"@type\":\"ListItem\",\"@id\":\"https:\\\/\\\/allasorias.hu\\\/hirek#listItem\",\"name\":\"Home\"}},{\"@type\":\"ListItem\",\"@id\":\"https:\\\/\\\/allasorias.hu\\\/hirek\\\/kepzes-indul-szellemitulajdon-vedelem-temaban\\\/#listItem\",\"position\":3,\"name\":\"K\\u00e9pz\\u00e9s indul szellemitulajdon-v\\u00e9delem t\\u00e9m\\u00e1ban\",\"previousItem\":{\"@type\":\"ListItem\",\"@id\":\"https:\\\/\\\/allasorias.hu\\\/hirek\\\/temak\\\/karrier\\\/#listItem\",\"name\":\"Karrier\"}}]},{\"@type\":\"Organization\",\"@id\":\"https:\\\/\\\/allasorias.hu\\\/hirek\\\/#organization\",\"name\":\"AllasOrias.hu | H\\u00edrek-lapszemle\",\"description\":\"\\u00dczleti h\\u00edrek az \\u00e1ll\\u00e1s \\u00e9s a munka vil\\u00e1g\\u00e1b\\u00f3l\",\"url\":\"https:\\\/\\\/allasorias.hu\\\/hirek\\\/\",\"logo\":{\"@type\":\"ImageObject\",\"url\":\"https:\\\/\\\/allasorias.hu\\\/hirek\\\/wp-content\\\/uploads\\\/2022\\\/10\\\/allasorias_site_facebok_logo.png\",\"@id\":\"https:\\\/\\\/allasorias.hu\\\/hirek\\\/kepzes-indul-szellemitulajdon-vedelem-temaban\\\/#organizationLogo\"},\"image\":{\"@id\":\"https:\\\/\\\/allasorias.hu\\\/hirek\\\/kepzes-indul-szellemitulajdon-vedelem-temaban\\\/#organizationLogo\"},\"sameAs\":[\"https:\\\/\\\/www.facebook.com\\\/allasorias\",\"https:\\\/\\\/www.linkedin.com\\\/company\\\/allasorias\"]},{\"@type\":\"Person\",\"@id\":\"https:\\\/\\\/allasorias.hu\\\/hirek\\\/author\\\/admin-allasorias\\\/#author\",\"url\":\"https:\\\/\\\/allasorias.hu\\\/hirek\\\/author\\\/admin-allasorias\\\/\",\"name\":\"Juh\\u00e1sz P\\u00e9ter\",\"image\":{\"@type\":\"ImageObject\",\"@id\":\"https:\\\/\\\/allasorias.hu\\\/hirek\\\/kepzes-indul-szellemitulajdon-vedelem-temaban\\\/#authorImage\",\"url\":\"https:\\\/\\\/secure.gravatar.com\\\/avatar\\\/36e6bcb83148978b992977cb0f54d22feb0cce8a0a849a9410532bb2623ba4c6?s=96&d=mm&r=g\",\"width\":96,\"height\":96,\"caption\":\"Juh\\u00e1sz P\\u00e9ter\"}},{\"@type\":\"WebPage\",\"@id\":\"https:\\\/\\\/allasorias.hu\\\/hirek\\\/kepzes-indul-szellemitulajdon-vedelem-temaban\\\/#webpage\",\"url\":\"https:\\\/\\\/allasorias.hu\\\/hirek\\\/kepzes-indul-szellemitulajdon-vedelem-temaban\\\/\",\"name\":\"Szellemi tulajdon v\\u00e9delmi k\\u00e9pz\\u00e9s indul\",\"description\":\"Szellemitulajdon-v\\u00e9delem t\\u00e9m\\u00e1ban indul egy k\\u00e9pz\\u00e9s, amely \\u00fajs\\u00e1g\\u00edr\\u00f3knak \\u00e9s m\\u00e9diaszakos hallgat\\u00f3knak sz\\u00f3l, a szerz\\u0151i- \\u00e9s iparjog hat\\u00e1sair\\u00f3l.\",\"inLanguage\":\"hu-HU\",\"isPartOf\":{\"@id\":\"https:\\\/\\\/allasorias.hu\\\/hirek\\\/#website\"},\"breadcrumb\":{\"@id\":\"https:\\\/\\\/allasorias.hu\\\/hirek\\\/kepzes-indul-szellemitulajdon-vedelem-temaban\\\/#breadcrumblist\"},\"author\":{\"@id\":\"https:\\\/\\\/allasorias.hu\\\/hirek\\\/author\\\/admin-allasorias\\\/#author\"},\"creator\":{\"@id\":\"https:\\\/\\\/allasorias.hu\\\/hirek\\\/author\\\/admin-allasorias\\\/#author\"},\"image\":{\"@type\":\"ImageObject\",\"url\":\"https:\\\/\\\/allasorias.hu\\\/hirek\\\/wp-content\\\/uploads\\\/2023\\\/02\\\/szellemitulajdon-vedelem.jpg\",\"@id\":\"https:\\\/\\\/allasorias.hu\\\/hirek\\\/kepzes-indul-szellemitulajdon-vedelem-temaban\\\/#mainImage\",\"width\":1280,\"height\":734,\"caption\":\"K\\u00e9pz\\u00e9s indul szellemitulajdon-v\\u00e9delem t\\u00e9m\\u00e1ban - Allasorias.hu\\\/Hirek\"},\"primaryImageOfPage\":{\"@id\":\"https:\\\/\\\/allasorias.hu\\\/hirek\\\/kepzes-indul-szellemitulajdon-vedelem-temaban\\\/#mainImage\"},\"datePublished\":\"2023-02-07T10:21:11+02:00\",\"dateModified\":\"2025-05-09T14:24:51+02:00\"},{\"@type\":\"WebSite\",\"@id\":\"https:\\\/\\\/allasorias.hu\\\/hirek\\\/#website\",\"url\":\"https:\\\/\\\/allasorias.hu\\\/hirek\\\/\",\"name\":\"AllasOrias.hu | H\\u00edrek-lapszemle\",\"description\":\"\\u00dczleti h\\u00edrek az \\u00e1ll\\u00e1s \\u00e9s a munka vil\\u00e1g\\u00e1b\\u00f3l\",\"inLanguage\":\"hu-HU\",\"publisher\":{\"@id\":\"https:\\\/\\\/allasorias.hu\\\/hirek\\\/#organization\"}}]}\n\t\t<\/script>\n\t\t<!-- All in One SEO -->\n\n","aioseo_head_json":{"title":"Szellemi tulajdon v\u00e9delmi k\u00e9pz\u00e9s indul","description":"Szellemitulajdon-v\u00e9delem t\u00e9m\u00e1ban indul egy k\u00e9pz\u00e9s, amely \u00fajs\u00e1g\u00edr\u00f3knak \u00e9s m\u00e9diaszakos hallgat\u00f3knak sz\u00f3l, a szerz\u0151i- \u00e9s iparjog hat\u00e1sair\u00f3l.","canonical_url":"https:\/\/allasorias.hu\/hirek\/kepzes-indul-szellemitulajdon-vedelem-temaban\/","robots":"max-image-preview:large","keywords":"k\u00e9pz\u00e9s,szellemitulajdon-v\u00e9delem,\u00fajs\u00e1g\u00edr\u00e1s","webmasterTools":{"miscellaneous":""},"schema":{"@context":"https:\/\/schema.org","@graph":[{"@type":"Article","@id":"https:\/\/allasorias.hu\/hirek\/kepzes-indul-szellemitulajdon-vedelem-temaban\/#article","name":"Szellemi tulajdon v\u00e9delmi k\u00e9pz\u00e9s indul","headline":"K\u00e9pz\u00e9s indul szellemitulajdon-v\u00e9delem t\u00e9m\u00e1ban","author":{"@id":"https:\/\/allasorias.hu\/hirek\/author\/admin-allasorias\/#author"},"publisher":{"@id":"https:\/\/allasorias.hu\/hirek\/#organization"},"image":{"@type":"ImageObject","url":"https:\/\/allasorias.hu\/hirek\/wp-content\/uploads\/2023\/02\/szellemitulajdon-vedelem.jpg","width":1280,"height":734,"caption":"K\u00e9pz\u00e9s indul szellemitulajdon-v\u00e9delem t\u00e9m\u00e1ban - Allasorias.hu\/Hirek"},"datePublished":"2023-02-07T10:21:11+02:00","dateModified":"2025-05-09T14:24:51+02:00","inLanguage":"hu-HU","mainEntityOfPage":{"@id":"https:\/\/allasorias.hu\/hirek\/kepzes-indul-szellemitulajdon-vedelem-temaban\/#webpage"},"isPartOf":{"@id":"https:\/\/allasorias.hu\/hirek\/kepzes-indul-szellemitulajdon-vedelem-temaban\/#webpage"},"articleSection":"Karrier, k\u00e9pz\u00e9s, szellemitulajdon-v\u00e9delem, \u00fajs\u00e1g\u00edr\u00e1s"},{"@type":"BreadcrumbList","@id":"https:\/\/allasorias.hu\/hirek\/kepzes-indul-szellemitulajdon-vedelem-temaban\/#breadcrumblist","itemListElement":[{"@type":"ListItem","@id":"https:\/\/allasorias.hu\/hirek#listItem","position":1,"name":"Home","item":"https:\/\/allasorias.hu\/hirek","nextItem":{"@type":"ListItem","@id":"https:\/\/allasorias.hu\/hirek\/temak\/karrier\/#listItem","name":"Karrier"}},{"@type":"ListItem","@id":"https:\/\/allasorias.hu\/hirek\/temak\/karrier\/#listItem","position":2,"name":"Karrier","item":"https:\/\/allasorias.hu\/hirek\/temak\/karrier\/","nextItem":{"@type":"ListItem","@id":"https:\/\/allasorias.hu\/hirek\/kepzes-indul-szellemitulajdon-vedelem-temaban\/#listItem","name":"K\u00e9pz\u00e9s indul szellemitulajdon-v\u00e9delem t\u00e9m\u00e1ban"},"previousItem":{"@type":"ListItem","@id":"https:\/\/allasorias.hu\/hirek#listItem","name":"Home"}},{"@type":"ListItem","@id":"https:\/\/allasorias.hu\/hirek\/kepzes-indul-szellemitulajdon-vedelem-temaban\/#listItem","position":3,"name":"K\u00e9pz\u00e9s indul szellemitulajdon-v\u00e9delem t\u00e9m\u00e1ban","previousItem":{"@type":"ListItem","@id":"https:\/\/allasorias.hu\/hirek\/temak\/karrier\/#listItem","name":"Karrier"}}]},{"@type":"Organization","@id":"https:\/\/allasorias.hu\/hirek\/#organization","name":"AllasOrias.hu | H\u00edrek-lapszemle","description":"\u00dczleti h\u00edrek az \u00e1ll\u00e1s \u00e9s a munka vil\u00e1g\u00e1b\u00f3l","url":"https:\/\/allasorias.hu\/hirek\/","logo":{"@type":"ImageObject","url":"https:\/\/allasorias.hu\/hirek\/wp-content\/uploads\/2022\/10\/allasorias_site_facebok_logo.png","@id":"https:\/\/allasorias.hu\/hirek\/kepzes-indul-szellemitulajdon-vedelem-temaban\/#organizationLogo"},"image":{"@id":"https:\/\/allasorias.hu\/hirek\/kepzes-indul-szellemitulajdon-vedelem-temaban\/#organizationLogo"},"sameAs":["https:\/\/www.facebook.com\/allasorias","https:\/\/www.linkedin.com\/company\/allasorias"]},{"@type":"Person","@id":"https:\/\/allasorias.hu\/hirek\/author\/admin-allasorias\/#author","url":"https:\/\/allasorias.hu\/hirek\/author\/admin-allasorias\/","name":"Juh\u00e1sz P\u00e9ter","image":{"@type":"ImageObject","@id":"https:\/\/allasorias.hu\/hirek\/kepzes-indul-szellemitulajdon-vedelem-temaban\/#authorImage","url":"https:\/\/secure.gravatar.com\/avatar\/36e6bcb83148978b992977cb0f54d22feb0cce8a0a849a9410532bb2623ba4c6?s=96&d=mm&r=g","width":96,"height":96,"caption":"Juh\u00e1sz P\u00e9ter"}},{"@type":"WebPage","@id":"https:\/\/allasorias.hu\/hirek\/kepzes-indul-szellemitulajdon-vedelem-temaban\/#webpage","url":"https:\/\/allasorias.hu\/hirek\/kepzes-indul-szellemitulajdon-vedelem-temaban\/","name":"Szellemi tulajdon v\u00e9delmi k\u00e9pz\u00e9s indul","description":"Szellemitulajdon-v\u00e9delem t\u00e9m\u00e1ban indul egy k\u00e9pz\u00e9s, amely \u00fajs\u00e1g\u00edr\u00f3knak \u00e9s m\u00e9diaszakos hallgat\u00f3knak sz\u00f3l, a szerz\u0151i- \u00e9s iparjog hat\u00e1sair\u00f3l.","inLanguage":"hu-HU","isPartOf":{"@id":"https:\/\/allasorias.hu\/hirek\/#website"},"breadcrumb":{"@id":"https:\/\/allasorias.hu\/hirek\/kepzes-indul-szellemitulajdon-vedelem-temaban\/#breadcrumblist"},"author":{"@id":"https:\/\/allasorias.hu\/hirek\/author\/admin-allasorias\/#author"},"creator":{"@id":"https:\/\/allasorias.hu\/hirek\/author\/admin-allasorias\/#author"},"image":{"@type":"ImageObject","url":"https:\/\/allasorias.hu\/hirek\/wp-content\/uploads\/2023\/02\/szellemitulajdon-vedelem.jpg","@id":"https:\/\/allasorias.hu\/hirek\/kepzes-indul-szellemitulajdon-vedelem-temaban\/#mainImage","width":1280,"height":734,"caption":"K\u00e9pz\u00e9s indul szellemitulajdon-v\u00e9delem t\u00e9m\u00e1ban - Allasorias.hu\/Hirek"},"primaryImageOfPage":{"@id":"https:\/\/allasorias.hu\/hirek\/kepzes-indul-szellemitulajdon-vedelem-temaban\/#mainImage"},"datePublished":"2023-02-07T10:21:11+02:00","dateModified":"2025-05-09T14:24:51+02:00"},{"@type":"WebSite","@id":"https:\/\/allasorias.hu\/hirek\/#website","url":"https:\/\/allasorias.hu\/hirek\/","name":"AllasOrias.hu | H\u00edrek-lapszemle","description":"\u00dczleti h\u00edrek az \u00e1ll\u00e1s \u00e9s a munka vil\u00e1g\u00e1b\u00f3l","inLanguage":"hu-HU","publisher":{"@id":"https:\/\/allasorias.hu\/hirek\/#organization"}}]},"og:locale":"hu_HU","og:site_name":"AllasOrias.hu | H\u00edrek-lapszemle | \u00dczleti h\u00edrek az \u00e1ll\u00e1s \u00e9s a munka vil\u00e1g\u00e1b\u00f3l","og:type":"article","og:title":"Szellemi tulajdon v\u00e9delmi k\u00e9pz\u00e9s indul","og:description":"Szellemitulajdon-v\u00e9delem t\u00e9m\u00e1ban indul egy k\u00e9pz\u00e9s, amely \u00fajs\u00e1g\u00edr\u00f3knak \u00e9s m\u00e9diaszakos hallgat\u00f3knak sz\u00f3l, a szerz\u0151i- \u00e9s iparjog hat\u00e1sair\u00f3l.","og:url":"https:\/\/allasorias.hu\/hirek\/kepzes-indul-szellemitulajdon-vedelem-temaban\/","og:image":"https:\/\/allasorias.hu\/hirek\/wp-content\/uploads\/2023\/02\/szellemitulajdon-vedelem.jpg","og:image:secure_url":"https:\/\/allasorias.hu\/hirek\/wp-content\/uploads\/2023\/02\/szellemitulajdon-vedelem.jpg","og:image:width":1280,"og:image:height":734,"article:published_time":"2023-02-07T10:21:11+00:00","article:modified_time":"2025-05-09T12:24:51+00:00","article:publisher":"https:\/\/www.facebook.com\/allasorias","twitter:card":"summary_large_image","twitter:title":"Szellemi tulajdon v\u00e9delmi k\u00e9pz\u00e9s indul","twitter:description":"Szellemitulajdon-v\u00e9delem t\u00e9m\u00e1ban indul egy k\u00e9pz\u00e9s, amely \u00fajs\u00e1g\u00edr\u00f3knak \u00e9s m\u00e9diaszakos hallgat\u00f3knak sz\u00f3l, a szerz\u0151i- \u00e9s iparjog hat\u00e1sair\u00f3l.","twitter:image":"https:\/\/allasorias.hu\/hirek\/wp-content\/uploads\/2023\/02\/szellemitulajdon-vedelem.jpg","twitter:label1":"Written by","twitter:data1":"Juh\u00e1sz P\u00e9ter","twitter:label2":"Est. reading time","twitter:data2":"3 minutes"},"aioseo_meta_data":{"post_id":"6209","title":"Szellemi tulajdon v\u00e9delmi k\u00e9pz\u00e9s indul","description":"Szellemitulajdon-v\u00e9delem t\u00e9m\u00e1ban indul egy k\u00e9pz\u00e9s, amely \u00fajs\u00e1g\u00edr\u00f3knak \u00e9s m\u00e9diaszakos hallgat\u00f3knak sz\u00f3l, a szerz\u0151i- \u00e9s iparjog hat\u00e1sair\u00f3l.","keywords":null,"keyphrases":{"focus":{"keyphrase":"szellemitulajdon-v\u00e9delem","score":73,"analysis":{"keyphraseInTitle":{"score":3,"maxScore":9,"error":1},"keyphraseInDescription":{"score":9,"maxScore":9,"error":0},"keyphraseLength":{"score":9,"maxScore":9,"error":0,"length":2},"keyphraseInURL":{"score":1,"maxScore":5,"error":1},"keyphraseInIntroduction":{"score":9,"maxScore":9,"error":0},"keyphraseInSubHeadings":{"score":3,"maxScore":9,"error":1},"keyphraseInImageAlt":[],"keywordDensity":{"type":"best","score":9,"maxScore":9,"error":0}}},"additional":[]},"primary_term":null,"canonical_url":null,"og_title":null,"og_description":null,"og_object_type":"default","og_image_type":"default","og_image_url":null,"og_image_width":null,"og_image_height":null,"og_image_custom_url":null,"og_image_custom_fields":null,"og_video":"","og_custom_url":null,"og_article_section":null,"og_article_tags":null,"twitter_use_og":true,"twitter_card":"default","twitter_image_type":"default","twitter_image_url":null,"twitter_image_custom_url":null,"twitter_image_custom_fields":null,"twitter_title":null,"twitter_description":null,"schema":{"blockGraphs":[],"customGraphs":[],"default":{"data":{"Article":[],"Course":[],"Dataset":[],"FAQPage":[],"Movie":[],"Person":[],"Product":[],"ProductReview":[],"Car":[],"Recipe":[],"Service":[],"SoftwareApplication":[],"WebPage":[]},"graphName":"Article","isEnabled":true},"graphs":[]},"schema_type":"default","schema_type_options":null,"pillar_content":false,"robots_default":true,"robots_noindex":false,"robots_noarchive":false,"robots_nosnippet":false,"robots_nofollow":false,"robots_noimageindex":false,"robots_noodp":false,"robots_notranslate":false,"robots_max_snippet":"-1","robots_max_videopreview":"-1","robots_max_imagepreview":"large","priority":null,"frequency":"default","location":null,"local_seo":null,"breadcrumb_settings":null,"limit_modified_date":false,"ai":null,"created":"2023-02-07 10:03:04","updated":"2025-10-02 18:06:48","seo_analyzer_scan_date":null,"focus_keyword":"szellemitulajdon-v\u00e9delem","additional_keywords":null,"truseo_locale":null},"aioseo_breadcrumb":"<div class=\"aioseo-breadcrumbs\"><span class=\"aioseo-breadcrumb\">\n\t\t\t<a href=\"https:\/\/allasorias.hu\/hirek\" title=\"Home\">Home<\/a>\n\t\t<\/span><span class=\"aioseo-breadcrumb-separator\">&raquo;<\/span><span class=\"aioseo-breadcrumb\">\n\t\t\t<a href=\"https:\/\/allasorias.hu\/hirek\/temak\/karrier\/\" title=\"Karrier\">Karrier<\/a>\n\t\t<\/span><span class=\"aioseo-breadcrumb-separator\">&raquo;<\/span><span class=\"aioseo-breadcrumb\">\n\t\t\tK\u00e9pz\u00e9s indul szellemitulajdon-v\u00e9delem t\u00e9m\u00e1ban\n\t\t<\/span><\/div>","aioseo_breadcrumb_json":[{"label":"Home","link":"https:\/\/allasorias.hu\/hirek"},{"label":"Karrier","link":"https:\/\/allasorias.hu\/hirek\/temak\/karrier\/"},{"label":"K\u00e9pz\u00e9s indul szellemitulajdon-v\u00e9delem t\u00e9m\u00e1ban","link":"https:\/\/allasorias.hu\/hirek\/kepzes-indul-szellemitulajdon-vedelem-temaban\/"}],"_links":{"self":[{"href":"https:\/\/allasorias.hu\/hirek\/wp-json\/wp\/v2\/posts\/6209","targetHints":{"allow":["GET"]}}],"collection":[{"href":"https:\/\/allasorias.hu\/hirek\/wp-json\/wp\/v2\/posts"}],"about":[{"href":"https:\/\/allasorias.hu\/hirek\/wp-json\/wp\/v2\/types\/post"}],"author":[{"embeddable":true,"href":"https:\/\/allasorias.hu\/hirek\/wp-json\/wp\/v2\/users\/1"}],"replies":[{"embeddable":true,"href":"https:\/\/allasorias.hu\/hirek\/wp-json\/wp\/v2\/comments?post=6209"}],"version-history":[{"count":1,"href":"https:\/\/allasorias.hu\/hirek\/wp-json\/wp\/v2\/posts\/6209\/revisions"}],"predecessor-version":[{"id":6211,"href":"https:\/\/allasorias.hu\/hirek\/wp-json\/wp\/v2\/posts\/6209\/revisions\/6211"}],"wp:featuredmedia":[{"embeddable":true,"href":"https:\/\/allasorias.hu\/hirek\/wp-json\/wp\/v2\/media\/6210"}],"wp:attachment":[{"href":"https:\/\/allasorias.hu\/hirek\/wp-json\/wp\/v2\/media?parent=6209"}],"wp:term":[{"taxonomy":"category","embeddable":true,"href":"https:\/\/allasorias.hu\/hirek\/wp-json\/wp\/v2\/categories?post=6209"},{"taxonomy":"post_tag","embeddable":true,"href":"https:\/\/allasorias.hu\/hirek\/wp-json\/wp\/v2\/tags?post=6209"}],"curies":[{"name":"wp","href":"https:\/\/api.w.org\/{rel}","templated":true}]}}