{"id":6201,"date":"2023-02-03T09:40:47","date_gmt":"2023-02-03T09:40:47","guid":{"rendered":"https:\/\/allasorias.hu\/hirek\/?p=6201"},"modified":"2023-02-03T09:40:47","modified_gmt":"2023-02-03T09:40:47","slug":"iden-tiz-szazalekkal-emelkedtek-a-pedagogusberek","status":"publish","type":"post","link":"https:\/\/allasorias.hu\/hirek\/iden-tiz-szazalekkal-emelkedtek-a-pedagogusberek\/","title":{"rendered":"Id\u00e9n t\u00edz sz\u00e1zal\u00e9kkal emelkedtek a pedag\u00f3gusb\u00e9rek"},"content":{"rendered":"<p><strong>Az uni\u00f3s p\u00e9nzek be\u00e9rkez\u00e9s\u00e9t\u0151l teszi f\u00fcgg\u0151v\u00e9 a magyar korm\u00e1ny a pedag\u00f3gusok fizet\u00e9s\u00e9nek emel\u00e9s\u00e9t. Az \u00e1llamtitk\u00e1r szerint \u201eAmint meg\u00e9rkeznek a Magyarorsz\u00e1gnak j\u00e1r\u00f3 EU-s forr\u00e1sok, 21 sz\u00e1zal\u00e9kra emelkedhet az idei b\u00e9remel\u00e9s m\u00e9rt\u00e9ke. Ezt a j\u00f6v\u0151 \u00e9vben 10 sz\u00e1zal\u00e9k helyett 25 sz\u00e1zal\u00e9kos, 2025-ben pedig 29 sz\u00e1zal\u00e9kos emel\u00e9s k\u00f6vetheti. Ezzel \u00f6sszess\u00e9g\u00e9ben h\u00e1rom \u00e9v alatt 75 sz\u00e1zal\u00e9kkal n\u0151hetnek a pedag\u00f3gusb\u00e9rek\u201d<\/strong><\/p>\n<p>Vadai \u00c1gnes orsz\u00e1ggy\u0171l\u00e9si k\u00e9pvisel\u0151 m\u00e9g janu\u00e1rban \u00edr\u00e1sban arr\u00f3l k\u00e9rdezte Pint\u00e9r S\u00e1ndor bel\u00fcgyminisztert, mekkora most Magyarorsz\u00e1gon a pedag\u00f3gushi\u00e1ny. A korm\u00e1ny r\u00e9sz\u00e9r\u0151l R\u00e9tv\u00e1ri Bence reag\u00e1lt a beadv\u00e1nyra.\u00a0 \u201eA h\u00e1bor\u00fa \u00e9s a szankci\u00f3k okozta gazdas\u00e1gi neh\u00e9zs\u00e9gek ellen\u00e9re a korm\u00e1ny minden id\u0151k legnagyobb pedag\u00f3gusb\u00e9r-emel\u00e9si folyamat\u00e1t ind\u00edtotta el\u201d \u2013 hangs\u00falyozta R\u00e9tv\u00e1ri Bence.<\/p>\n<h2>H\u00e1rom \u00e9v alatt 75 sz\u00e1zal\u00e9kos b\u00e9remel\u00e9s j\u00f6het<\/h2>\n<p>A Bel\u00fcgyminiszt\u00e9rium parlamenti \u00e1llamtitk\u00e1ra a Magyar Nemzethez eljuttatott v\u00e1lasz\u00e1ban kiemelte, id\u00e9n janu\u00e1rt\u00f3l 10 sz\u00e1zal\u00e9kkal emelkedtek a pedag\u00f3gusb\u00e9rek. \u201eAmint meg\u00e9rkeznek a Magyarorsz\u00e1gnak j\u00e1r\u00f3 EU-s forr\u00e1sok, 21 sz\u00e1zal\u00e9kra emelkedhet az idei b\u00e9remel\u00e9s m\u00e9rt\u00e9ke. Ezt a j\u00f6v\u0151 \u00e9vben 10 sz\u00e1zal\u00e9k helyett 25 sz\u00e1zal\u00e9kos, 2025-ben pedig 29 sz\u00e1zal\u00e9kos emel\u00e9s k\u00f6vetheti. Ezzel \u00f6sszess\u00e9g\u00e9ben h\u00e1rom \u00e9v alatt 75 sz\u00e1zal\u00e9kkal n\u0151hetnek a pedag\u00f3gusb\u00e9rek, \u00e9s egy magyar pedag\u00f3gus \u00e1tlagos fizet\u00e9se 777 ezer forint lehet\u201d \u2013 hangs\u00falyozta R\u00e9tv\u00e1ri Bence.<\/p>\n<h2>Visszamen\u0151legesen is megkapj\u00e1k a b\u00e9remel\u00e9st<\/h2>\n<p>Az \u00e1llamtitk\u00e1r r\u00e1mutatott, hogy a b\u00e9remel\u00e9s sz\u00e1mai 2022. j\u00falius 29. \u00f3ta fixek \u00e9s nyilv\u00e1nosak. \u201eVal\u00f3tlan teh\u00e1t a baloldal \u00e9s a baloldalt visszhangz\u00f3 szakszervezetek azon \u00e1ll\u00edt\u00e1sa, hogy nem kaptak garanci\u00e1t az EU-s forr\u00e1sokb\u00f3l val\u00f3 75 sz\u00e1zal\u00e9kos b\u00e9remel\u00e9sre\u201d \u2013 f\u0171zte hozz\u00e1. \u201eAz \u00e9ves emel\u00e9seket visszamen\u0151legesen az adott \u00e9v janu\u00e1r 1-j\u00e9t\u0151l kell alkalmazni. Mindez azt jelenti, hogy a pedag\u00f3gusok a megemelt b\u00e9r\u00fcket a teljes \u00e9vre visszamen\u0151legesen meg fogj\u00e1k kapni a br\u00fcsszeli utal\u00e1st k\u00f6vet\u0151en. A partners\u00e9gi meg\u00e1llapod\u00e1s decemberi elfogad\u00e1sa m\u00e1r biztoss\u00e1 tette, hogy el\u0151bb-ut\u00f3bb a teljes \u00f6sszegnek meg kell \u00e9rkeznie, teh\u00e1t a pedag\u00f3gusok a teljes b\u00e9remel\u00e9si \u00f6sszeghez hozz\u00e1 fognak jutni\u201d \u2013 sz\u00f6gezte le a politikus. Mint fogalmazott, amikor meg\u00e9rkeznek a Magyarorsz\u00e1gnak j\u00e1r\u00f3 forr\u00e1sok, akkor a pedag\u00f3gusok az idei 10 sz\u00e1zal\u00e9kos \u00e9s 21 sz\u00e1zal\u00e9kos b\u00e9remel\u00e9s k\u00f6z\u00f6tti k\u00fcl\u00f6nb\u00f6zetet ut\u00f3lag 2023. janu\u00e1r 1-j\u00e9ig visszamen\u0151legesen megkapj\u00e1k. Onnant\u00f3l pedig a 21 sz\u00e1zal\u00e9kkal megemelt b\u00e9rt kapj\u00e1k a tan\u00e1rok \u2013 jelezte az \u00e1llamtitk\u00e1r.<\/p>\n<p>Forr\u00e1s: index.hu<\/p>\n<p>&nbsp;<\/p>\n<p>&nbsp;<\/p>\n","protected":false},"excerpt":{"rendered":"<p>Az uni\u00f3s p\u00e9nzek be\u00e9rkez\u00e9s\u00e9t\u0151l teszi f\u00fcgg\u0151v\u00e9 a magyar korm\u00e1ny a pedag\u00f3gusok fizet\u00e9s\u00e9nek emel\u00e9s\u00e9t. Az \u00e1llamtitk\u00e1r szerint \u201eAmint meg\u00e9rkeznek a Magyarorsz\u00e1gnak j\u00e1r\u00f3 EU-s forr\u00e1sok, 21 sz\u00e1zal\u00e9kra emelkedhet az idei b\u00e9remel\u00e9s m\u00e9rt\u00e9ke. Ezt a j\u00f6v\u0151 \u00e9vben 10 sz\u00e1zal\u00e9k helyett 25 sz\u00e1zal\u00e9kos, 2025-ben pedig 29 sz\u00e1zal\u00e9kos emel\u00e9s k\u00f6vetheti. Ezzel \u00f6sszess\u00e9g\u00e9ben h\u00e1rom \u00e9v alatt 75 sz\u00e1zal\u00e9kkal n\u0151hetnek a pedag\u00f3gusb\u00e9rek\u201d [&hellip;]<\/p>\n","protected":false},"author":1,"featured_media":6202,"comment_status":"open","ping_status":"open","sticky":false,"template":"","format":"standard","meta":{"_monsterinsights_skip_tracking":false,"footnotes":""},"categories":[203],"tags":[256,374],"class_list":["post-6201","post","type-post","status-publish","format-standard","has-post-thumbnail","hentry","category-hianyszakmak","tag-beremeles","tag-pedagogusberek"],"aioseo_notices":[],"aioseo_head":"\n\t\t<!-- All in One SEO 5.0.0.1 - aioseo.com -->\n\t<meta name=\"description\" content=\"Az uni\u00f3s p\u00e9nzek be\u00e9rkez\u00e9s\u00e9t\u0151l teszi f\u00fcgg\u0151v\u00e9 a magyar korm\u00e1ny a pedag\u00f3gusok fizet\u00e9s\u00e9nek emel\u00e9s\u00e9t. H\u00e1rom \u00e9v alatt 75 sz\u00e1zal\u00e9kkal n\u0151hetnek a pedag\u00f3gusb\u00e9rek.\" \/>\n\t<meta name=\"robots\" content=\"max-image-preview:large\" \/>\n\t<meta name=\"author\" content=\"Juh\u00e1sz P\u00e9ter\"\/>\n\t<meta name=\"keywords\" content=\"b\u00e9remel\u00e9s,pedag\u00f3gusb\u00e9rek\" \/>\n\t<link rel=\"canonical\" href=\"https:\/\/allasorias.hu\/hirek\/iden-tiz-szazalekkal-emelkedtek-a-pedagogusberek\/\" \/>\n\t<meta name=\"generator\" content=\"All in One SEO (AIOSEO) 5.0.0.1\" \/>\n\t\t<meta property=\"og:locale\" content=\"hu_HU\" \/>\n\t\t<meta property=\"og:site_name\" content=\"AllasOrias.hu | H\u00edrek-lapszemle | \u00dczleti h\u00edrek az \u00e1ll\u00e1s \u00e9s a munka vil\u00e1g\u00e1b\u00f3l\" \/>\n\t\t<meta property=\"og:type\" content=\"article\" \/>\n\t\t<meta property=\"og:title\" content=\"Id\u00e9n t\u00edz sz\u00e1zal\u00e9kkal emelkedtek a pedag\u00f3gusb\u00e9rek |\" \/>\n\t\t<meta property=\"og:description\" content=\"Az uni\u00f3s p\u00e9nzek be\u00e9rkez\u00e9s\u00e9t\u0151l teszi f\u00fcgg\u0151v\u00e9 a magyar korm\u00e1ny a pedag\u00f3gusok fizet\u00e9s\u00e9nek emel\u00e9s\u00e9t. H\u00e1rom \u00e9v alatt 75 sz\u00e1zal\u00e9kkal n\u0151hetnek a pedag\u00f3gusb\u00e9rek.\" \/>\n\t\t<meta property=\"og:url\" content=\"https:\/\/allasorias.hu\/hirek\/iden-tiz-szazalekkal-emelkedtek-a-pedagogusberek\/\" \/>\n\t\t<meta property=\"og:image\" content=\"https:\/\/allasorias.hu\/hirek\/wp-content\/uploads\/2023\/02\/Pedagogusberek.jpg\" \/>\n\t\t<meta property=\"og:image:secure_url\" content=\"https:\/\/allasorias.hu\/hirek\/wp-content\/uploads\/2023\/02\/Pedagogusberek.jpg\" \/>\n\t\t<meta property=\"og:image:width\" content=\"1280\" \/>\n\t\t<meta property=\"og:image:height\" content=\"853\" \/>\n\t\t<meta property=\"article:published_time\" content=\"2023-02-03T09:40:47+00:00\" \/>\n\t\t<meta property=\"article:modified_time\" content=\"2023-02-03T09:40:47+00:00\" \/>\n\t\t<meta property=\"article:publisher\" content=\"https:\/\/www.facebook.com\/allasorias\" \/>\n\t\t<meta name=\"twitter:card\" content=\"summary_large_image\" \/>\n\t\t<meta name=\"twitter:title\" content=\"Id\u00e9n t\u00edz sz\u00e1zal\u00e9kkal emelkedtek a pedag\u00f3gusb\u00e9rek |\" \/>\n\t\t<meta name=\"twitter:description\" content=\"Az uni\u00f3s p\u00e9nzek be\u00e9rkez\u00e9s\u00e9t\u0151l teszi f\u00fcgg\u0151v\u00e9 a magyar korm\u00e1ny a pedag\u00f3gusok fizet\u00e9s\u00e9nek emel\u00e9s\u00e9t. H\u00e1rom \u00e9v alatt 75 sz\u00e1zal\u00e9kkal n\u0151hetnek a pedag\u00f3gusb\u00e9rek.\" \/>\n\t\t<meta name=\"twitter:image\" content=\"https:\/\/allasorias.hu\/hirek\/wp-content\/uploads\/2023\/02\/Pedagogusberek.jpg\" \/>\n\t\t<meta name=\"twitter:label1\" content=\"Written by\" \/>\n\t\t<meta name=\"twitter:data1\" content=\"Juh\u00e1sz P\u00e9ter\" \/>\n\t\t<meta name=\"twitter:label2\" content=\"Est. reading time\" \/>\n\t\t<meta name=\"twitter:data2\" content=\"3 minutes\" \/>\n\t\t<script type=\"application\/ld+json\" class=\"aioseo-schema\">\n\t\t\t{\"@context\":\"https:\\\/\\\/schema.org\",\"@graph\":[{\"@type\":\"Article\",\"@id\":\"https:\\\/\\\/allasorias.hu\\\/hirek\\\/iden-tiz-szazalekkal-emelkedtek-a-pedagogusberek\\\/#article\",\"name\":\"Id\\u00e9n t\\u00edz sz\\u00e1zal\\u00e9kkal emelkedtek a pedag\\u00f3gusb\\u00e9rek |\",\"headline\":\"Id\\u00e9n t\\u00edz sz\\u00e1zal\\u00e9kkal emelkedtek a pedag\\u00f3gusb\\u00e9rek\",\"author\":{\"@id\":\"https:\\\/\\\/allasorias.hu\\\/hirek\\\/author\\\/admin-allasorias\\\/#author\"},\"publisher\":{\"@id\":\"https:\\\/\\\/allasorias.hu\\\/hirek\\\/#organization\"},\"image\":{\"@type\":\"ImageObject\",\"url\":\"https:\\\/\\\/allasorias.hu\\\/hirek\\\/wp-content\\\/uploads\\\/2023\\\/02\\\/Pedagogusberek.jpg\",\"width\":1280,\"height\":853,\"caption\":\"Id\\u00e9n t\\u00edz sz\\u00e1zal\\u00e9kkal emelkedtek a pedag\\u00f3gusb\\u00e9rek - Allasorias.hu\\\/Hirek\"},\"datePublished\":\"2023-02-03T09:40:47+02:00\",\"dateModified\":\"2023-02-03T09:40:47+02:00\",\"inLanguage\":\"hu-HU\",\"mainEntityOfPage\":{\"@id\":\"https:\\\/\\\/allasorias.hu\\\/hirek\\\/iden-tiz-szazalekkal-emelkedtek-a-pedagogusberek\\\/#webpage\"},\"isPartOf\":{\"@id\":\"https:\\\/\\\/allasorias.hu\\\/hirek\\\/iden-tiz-szazalekkal-emelkedtek-a-pedagogusberek\\\/#webpage\"},\"articleSection\":\"Hi\\u00e1nyszakm\\u00e1k, b\\u00e9remel\\u00e9s, pedag\\u00f3gusb\\u00e9rek\"},{\"@type\":\"BreadcrumbList\",\"@id\":\"https:\\\/\\\/allasorias.hu\\\/hirek\\\/iden-tiz-szazalekkal-emelkedtek-a-pedagogusberek\\\/#breadcrumblist\",\"itemListElement\":[{\"@type\":\"ListItem\",\"@id\":\"https:\\\/\\\/allasorias.hu\\\/hirek#listItem\",\"position\":1,\"name\":\"Home\",\"item\":\"https:\\\/\\\/allasorias.hu\\\/hirek\",\"nextItem\":{\"@type\":\"ListItem\",\"@id\":\"https:\\\/\\\/allasorias.hu\\\/hirek\\\/temak\\\/hianyszakmak\\\/#listItem\",\"name\":\"Hi\\u00e1nyszakm\\u00e1k\"}},{\"@type\":\"ListItem\",\"@id\":\"https:\\\/\\\/allasorias.hu\\\/hirek\\\/temak\\\/hianyszakmak\\\/#listItem\",\"position\":2,\"name\":\"Hi\\u00e1nyszakm\\u00e1k\",\"item\":\"https:\\\/\\\/allasorias.hu\\\/hirek\\\/temak\\\/hianyszakmak\\\/\",\"nextItem\":{\"@type\":\"ListItem\",\"@id\":\"https:\\\/\\\/allasorias.hu\\\/hirek\\\/iden-tiz-szazalekkal-emelkedtek-a-pedagogusberek\\\/#listItem\",\"name\":\"Id\\u00e9n t\\u00edz sz\\u00e1zal\\u00e9kkal emelkedtek a pedag\\u00f3gusb\\u00e9rek\"},\"previousItem\":{\"@type\":\"ListItem\",\"@id\":\"https:\\\/\\\/allasorias.hu\\\/hirek#listItem\",\"name\":\"Home\"}},{\"@type\":\"ListItem\",\"@id\":\"https:\\\/\\\/allasorias.hu\\\/hirek\\\/iden-tiz-szazalekkal-emelkedtek-a-pedagogusberek\\\/#listItem\",\"position\":3,\"name\":\"Id\\u00e9n t\\u00edz sz\\u00e1zal\\u00e9kkal emelkedtek a pedag\\u00f3gusb\\u00e9rek\",\"previousItem\":{\"@type\":\"ListItem\",\"@id\":\"https:\\\/\\\/allasorias.hu\\\/hirek\\\/temak\\\/hianyszakmak\\\/#listItem\",\"name\":\"Hi\\u00e1nyszakm\\u00e1k\"}}]},{\"@type\":\"Organization\",\"@id\":\"https:\\\/\\\/allasorias.hu\\\/hirek\\\/#organization\",\"name\":\"AllasOrias.hu | H\\u00edrek-lapszemle\",\"description\":\"\\u00dczleti h\\u00edrek az \\u00e1ll\\u00e1s \\u00e9s a munka vil\\u00e1g\\u00e1b\\u00f3l\",\"url\":\"https:\\\/\\\/allasorias.hu\\\/hirek\\\/\",\"logo\":{\"@type\":\"ImageObject\",\"url\":\"https:\\\/\\\/allasorias.hu\\\/hirek\\\/wp-content\\\/uploads\\\/2022\\\/10\\\/allasorias_site_facebok_logo.png\",\"@id\":\"https:\\\/\\\/allasorias.hu\\\/hirek\\\/iden-tiz-szazalekkal-emelkedtek-a-pedagogusberek\\\/#organizationLogo\"},\"image\":{\"@id\":\"https:\\\/\\\/allasorias.hu\\\/hirek\\\/iden-tiz-szazalekkal-emelkedtek-a-pedagogusberek\\\/#organizationLogo\"},\"sameAs\":[\"https:\\\/\\\/www.facebook.com\\\/allasorias\",\"https:\\\/\\\/www.linkedin.com\\\/company\\\/allasorias\"]},{\"@type\":\"Person\",\"@id\":\"https:\\\/\\\/allasorias.hu\\\/hirek\\\/author\\\/admin-allasorias\\\/#author\",\"url\":\"https:\\\/\\\/allasorias.hu\\\/hirek\\\/author\\\/admin-allasorias\\\/\",\"name\":\"Juh\\u00e1sz P\\u00e9ter\",\"image\":{\"@type\":\"ImageObject\",\"@id\":\"https:\\\/\\\/allasorias.hu\\\/hirek\\\/iden-tiz-szazalekkal-emelkedtek-a-pedagogusberek\\\/#authorImage\",\"url\":\"https:\\\/\\\/secure.gravatar.com\\\/avatar\\\/36e6bcb83148978b992977cb0f54d22feb0cce8a0a849a9410532bb2623ba4c6?s=96&d=mm&r=g\",\"width\":96,\"height\":96,\"caption\":\"Juh\\u00e1sz P\\u00e9ter\"}},{\"@type\":\"WebPage\",\"@id\":\"https:\\\/\\\/allasorias.hu\\\/hirek\\\/iden-tiz-szazalekkal-emelkedtek-a-pedagogusberek\\\/#webpage\",\"url\":\"https:\\\/\\\/allasorias.hu\\\/hirek\\\/iden-tiz-szazalekkal-emelkedtek-a-pedagogusberek\\\/\",\"name\":\"Id\\u00e9n t\\u00edz sz\\u00e1zal\\u00e9kkal emelkedtek a pedag\\u00f3gusb\\u00e9rek |\",\"description\":\"Az uni\\u00f3s p\\u00e9nzek be\\u00e9rkez\\u00e9s\\u00e9t\\u0151l teszi f\\u00fcgg\\u0151v\\u00e9 a magyar korm\\u00e1ny a pedag\\u00f3gusok fizet\\u00e9s\\u00e9nek emel\\u00e9s\\u00e9t. H\\u00e1rom \\u00e9v alatt 75 sz\\u00e1zal\\u00e9kkal n\\u0151hetnek a pedag\\u00f3gusb\\u00e9rek.\",\"inLanguage\":\"hu-HU\",\"isPartOf\":{\"@id\":\"https:\\\/\\\/allasorias.hu\\\/hirek\\\/#website\"},\"breadcrumb\":{\"@id\":\"https:\\\/\\\/allasorias.hu\\\/hirek\\\/iden-tiz-szazalekkal-emelkedtek-a-pedagogusberek\\\/#breadcrumblist\"},\"author\":{\"@id\":\"https:\\\/\\\/allasorias.hu\\\/hirek\\\/author\\\/admin-allasorias\\\/#author\"},\"creator\":{\"@id\":\"https:\\\/\\\/allasorias.hu\\\/hirek\\\/author\\\/admin-allasorias\\\/#author\"},\"image\":{\"@type\":\"ImageObject\",\"url\":\"https:\\\/\\\/allasorias.hu\\\/hirek\\\/wp-content\\\/uploads\\\/2023\\\/02\\\/Pedagogusberek.jpg\",\"@id\":\"https:\\\/\\\/allasorias.hu\\\/hirek\\\/iden-tiz-szazalekkal-emelkedtek-a-pedagogusberek\\\/#mainImage\",\"width\":1280,\"height\":853,\"caption\":\"Id\\u00e9n t\\u00edz sz\\u00e1zal\\u00e9kkal emelkedtek a pedag\\u00f3gusb\\u00e9rek - Allasorias.hu\\\/Hirek\"},\"primaryImageOfPage\":{\"@id\":\"https:\\\/\\\/allasorias.hu\\\/hirek\\\/iden-tiz-szazalekkal-emelkedtek-a-pedagogusberek\\\/#mainImage\"},\"datePublished\":\"2023-02-03T09:40:47+02:00\",\"dateModified\":\"2023-02-03T09:40:47+02:00\"},{\"@type\":\"WebSite\",\"@id\":\"https:\\\/\\\/allasorias.hu\\\/hirek\\\/#website\",\"url\":\"https:\\\/\\\/allasorias.hu\\\/hirek\\\/\",\"name\":\"AllasOrias.hu | H\\u00edrek-lapszemle\",\"description\":\"\\u00dczleti h\\u00edrek az \\u00e1ll\\u00e1s \\u00e9s a munka vil\\u00e1g\\u00e1b\\u00f3l\",\"inLanguage\":\"hu-HU\",\"publisher\":{\"@id\":\"https:\\\/\\\/allasorias.hu\\\/hirek\\\/#organization\"}}]}\n\t\t<\/script>\n\t\t<!-- All in One SEO -->\n\n","aioseo_head_json":{"title":"Id\u00e9n t\u00edz sz\u00e1zal\u00e9kkal emelkedtek a pedag\u00f3gusb\u00e9rek |","description":"Az uni\u00f3s p\u00e9nzek be\u00e9rkez\u00e9s\u00e9t\u0151l teszi f\u00fcgg\u0151v\u00e9 a magyar korm\u00e1ny a pedag\u00f3gusok fizet\u00e9s\u00e9nek emel\u00e9s\u00e9t. H\u00e1rom \u00e9v alatt 75 sz\u00e1zal\u00e9kkal n\u0151hetnek a pedag\u00f3gusb\u00e9rek.","canonical_url":"https:\/\/allasorias.hu\/hirek\/iden-tiz-szazalekkal-emelkedtek-a-pedagogusberek\/","robots":"max-image-preview:large","keywords":"b\u00e9remel\u00e9s,pedag\u00f3gusb\u00e9rek","webmasterTools":{"miscellaneous":""},"schema":{"@context":"https:\/\/schema.org","@graph":[{"@type":"Article","@id":"https:\/\/allasorias.hu\/hirek\/iden-tiz-szazalekkal-emelkedtek-a-pedagogusberek\/#article","name":"Id\u00e9n t\u00edz sz\u00e1zal\u00e9kkal emelkedtek a pedag\u00f3gusb\u00e9rek |","headline":"Id\u00e9n t\u00edz sz\u00e1zal\u00e9kkal emelkedtek a pedag\u00f3gusb\u00e9rek","author":{"@id":"https:\/\/allasorias.hu\/hirek\/author\/admin-allasorias\/#author"},"publisher":{"@id":"https:\/\/allasorias.hu\/hirek\/#organization"},"image":{"@type":"ImageObject","url":"https:\/\/allasorias.hu\/hirek\/wp-content\/uploads\/2023\/02\/Pedagogusberek.jpg","width":1280,"height":853,"caption":"Id\u00e9n t\u00edz sz\u00e1zal\u00e9kkal emelkedtek a pedag\u00f3gusb\u00e9rek - Allasorias.hu\/Hirek"},"datePublished":"2023-02-03T09:40:47+02:00","dateModified":"2023-02-03T09:40:47+02:00","inLanguage":"hu-HU","mainEntityOfPage":{"@id":"https:\/\/allasorias.hu\/hirek\/iden-tiz-szazalekkal-emelkedtek-a-pedagogusberek\/#webpage"},"isPartOf":{"@id":"https:\/\/allasorias.hu\/hirek\/iden-tiz-szazalekkal-emelkedtek-a-pedagogusberek\/#webpage"},"articleSection":"Hi\u00e1nyszakm\u00e1k, b\u00e9remel\u00e9s, pedag\u00f3gusb\u00e9rek"},{"@type":"BreadcrumbList","@id":"https:\/\/allasorias.hu\/hirek\/iden-tiz-szazalekkal-emelkedtek-a-pedagogusberek\/#breadcrumblist","itemListElement":[{"@type":"ListItem","@id":"https:\/\/allasorias.hu\/hirek#listItem","position":1,"name":"Home","item":"https:\/\/allasorias.hu\/hirek","nextItem":{"@type":"ListItem","@id":"https:\/\/allasorias.hu\/hirek\/temak\/hianyszakmak\/#listItem","name":"Hi\u00e1nyszakm\u00e1k"}},{"@type":"ListItem","@id":"https:\/\/allasorias.hu\/hirek\/temak\/hianyszakmak\/#listItem","position":2,"name":"Hi\u00e1nyszakm\u00e1k","item":"https:\/\/allasorias.hu\/hirek\/temak\/hianyszakmak\/","nextItem":{"@type":"ListItem","@id":"https:\/\/allasorias.hu\/hirek\/iden-tiz-szazalekkal-emelkedtek-a-pedagogusberek\/#listItem","name":"Id\u00e9n t\u00edz sz\u00e1zal\u00e9kkal emelkedtek a pedag\u00f3gusb\u00e9rek"},"previousItem":{"@type":"ListItem","@id":"https:\/\/allasorias.hu\/hirek#listItem","name":"Home"}},{"@type":"ListItem","@id":"https:\/\/allasorias.hu\/hirek\/iden-tiz-szazalekkal-emelkedtek-a-pedagogusberek\/#listItem","position":3,"name":"Id\u00e9n t\u00edz sz\u00e1zal\u00e9kkal emelkedtek a pedag\u00f3gusb\u00e9rek","previousItem":{"@type":"ListItem","@id":"https:\/\/allasorias.hu\/hirek\/temak\/hianyszakmak\/#listItem","name":"Hi\u00e1nyszakm\u00e1k"}}]},{"@type":"Organization","@id":"https:\/\/allasorias.hu\/hirek\/#organization","name":"AllasOrias.hu | H\u00edrek-lapszemle","description":"\u00dczleti h\u00edrek az \u00e1ll\u00e1s \u00e9s a munka vil\u00e1g\u00e1b\u00f3l","url":"https:\/\/allasorias.hu\/hirek\/","logo":{"@type":"ImageObject","url":"https:\/\/allasorias.hu\/hirek\/wp-content\/uploads\/2022\/10\/allasorias_site_facebok_logo.png","@id":"https:\/\/allasorias.hu\/hirek\/iden-tiz-szazalekkal-emelkedtek-a-pedagogusberek\/#organizationLogo"},"image":{"@id":"https:\/\/allasorias.hu\/hirek\/iden-tiz-szazalekkal-emelkedtek-a-pedagogusberek\/#organizationLogo"},"sameAs":["https:\/\/www.facebook.com\/allasorias","https:\/\/www.linkedin.com\/company\/allasorias"]},{"@type":"Person","@id":"https:\/\/allasorias.hu\/hirek\/author\/admin-allasorias\/#author","url":"https:\/\/allasorias.hu\/hirek\/author\/admin-allasorias\/","name":"Juh\u00e1sz P\u00e9ter","image":{"@type":"ImageObject","@id":"https:\/\/allasorias.hu\/hirek\/iden-tiz-szazalekkal-emelkedtek-a-pedagogusberek\/#authorImage","url":"https:\/\/secure.gravatar.com\/avatar\/36e6bcb83148978b992977cb0f54d22feb0cce8a0a849a9410532bb2623ba4c6?s=96&d=mm&r=g","width":96,"height":96,"caption":"Juh\u00e1sz P\u00e9ter"}},{"@type":"WebPage","@id":"https:\/\/allasorias.hu\/hirek\/iden-tiz-szazalekkal-emelkedtek-a-pedagogusberek\/#webpage","url":"https:\/\/allasorias.hu\/hirek\/iden-tiz-szazalekkal-emelkedtek-a-pedagogusberek\/","name":"Id\u00e9n t\u00edz sz\u00e1zal\u00e9kkal emelkedtek a pedag\u00f3gusb\u00e9rek |","description":"Az uni\u00f3s p\u00e9nzek be\u00e9rkez\u00e9s\u00e9t\u0151l teszi f\u00fcgg\u0151v\u00e9 a magyar korm\u00e1ny a pedag\u00f3gusok fizet\u00e9s\u00e9nek emel\u00e9s\u00e9t. H\u00e1rom \u00e9v alatt 75 sz\u00e1zal\u00e9kkal n\u0151hetnek a pedag\u00f3gusb\u00e9rek.","inLanguage":"hu-HU","isPartOf":{"@id":"https:\/\/allasorias.hu\/hirek\/#website"},"breadcrumb":{"@id":"https:\/\/allasorias.hu\/hirek\/iden-tiz-szazalekkal-emelkedtek-a-pedagogusberek\/#breadcrumblist"},"author":{"@id":"https:\/\/allasorias.hu\/hirek\/author\/admin-allasorias\/#author"},"creator":{"@id":"https:\/\/allasorias.hu\/hirek\/author\/admin-allasorias\/#author"},"image":{"@type":"ImageObject","url":"https:\/\/allasorias.hu\/hirek\/wp-content\/uploads\/2023\/02\/Pedagogusberek.jpg","@id":"https:\/\/allasorias.hu\/hirek\/iden-tiz-szazalekkal-emelkedtek-a-pedagogusberek\/#mainImage","width":1280,"height":853,"caption":"Id\u00e9n t\u00edz sz\u00e1zal\u00e9kkal emelkedtek a pedag\u00f3gusb\u00e9rek - Allasorias.hu\/Hirek"},"primaryImageOfPage":{"@id":"https:\/\/allasorias.hu\/hirek\/iden-tiz-szazalekkal-emelkedtek-a-pedagogusberek\/#mainImage"},"datePublished":"2023-02-03T09:40:47+02:00","dateModified":"2023-02-03T09:40:47+02:00"},{"@type":"WebSite","@id":"https:\/\/allasorias.hu\/hirek\/#website","url":"https:\/\/allasorias.hu\/hirek\/","name":"AllasOrias.hu | H\u00edrek-lapszemle","description":"\u00dczleti h\u00edrek az \u00e1ll\u00e1s \u00e9s a munka vil\u00e1g\u00e1b\u00f3l","inLanguage":"hu-HU","publisher":{"@id":"https:\/\/allasorias.hu\/hirek\/#organization"}}]},"og:locale":"hu_HU","og:site_name":"AllasOrias.hu | H\u00edrek-lapszemle | \u00dczleti h\u00edrek az \u00e1ll\u00e1s \u00e9s a munka vil\u00e1g\u00e1b\u00f3l","og:type":"article","og:title":"Id\u00e9n t\u00edz sz\u00e1zal\u00e9kkal emelkedtek a pedag\u00f3gusb\u00e9rek |","og:description":"Az uni\u00f3s p\u00e9nzek be\u00e9rkez\u00e9s\u00e9t\u0151l teszi f\u00fcgg\u0151v\u00e9 a magyar korm\u00e1ny a pedag\u00f3gusok fizet\u00e9s\u00e9nek emel\u00e9s\u00e9t. H\u00e1rom \u00e9v alatt 75 sz\u00e1zal\u00e9kkal n\u0151hetnek a pedag\u00f3gusb\u00e9rek.","og:url":"https:\/\/allasorias.hu\/hirek\/iden-tiz-szazalekkal-emelkedtek-a-pedagogusberek\/","og:image":"https:\/\/allasorias.hu\/hirek\/wp-content\/uploads\/2023\/02\/Pedagogusberek.jpg","og:image:secure_url":"https:\/\/allasorias.hu\/hirek\/wp-content\/uploads\/2023\/02\/Pedagogusberek.jpg","og:image:width":1280,"og:image:height":853,"article:published_time":"2023-02-03T09:40:47+00:00","article:modified_time":"2023-02-03T09:40:47+00:00","article:publisher":"https:\/\/www.facebook.com\/allasorias","twitter:card":"summary_large_image","twitter:title":"Id\u00e9n t\u00edz sz\u00e1zal\u00e9kkal emelkedtek a pedag\u00f3gusb\u00e9rek |","twitter:description":"Az uni\u00f3s p\u00e9nzek be\u00e9rkez\u00e9s\u00e9t\u0151l teszi f\u00fcgg\u0151v\u00e9 a magyar korm\u00e1ny a pedag\u00f3gusok fizet\u00e9s\u00e9nek emel\u00e9s\u00e9t. H\u00e1rom \u00e9v alatt 75 sz\u00e1zal\u00e9kkal n\u0151hetnek a pedag\u00f3gusb\u00e9rek.","twitter:image":"https:\/\/allasorias.hu\/hirek\/wp-content\/uploads\/2023\/02\/Pedagogusberek.jpg","twitter:label1":"Written by","twitter:data1":"Juh\u00e1sz P\u00e9ter","twitter:label2":"Est. reading time","twitter:data2":"3 minutes"},"aioseo_meta_data":{"post_id":"6201","title":"#post_title |","description":"Az uni\u00f3s p\u00e9nzek be\u00e9rkez\u00e9s\u00e9t\u0151l teszi f\u00fcgg\u0151v\u00e9 a magyar korm\u00e1ny a pedag\u00f3gusok fizet\u00e9s\u00e9nek emel\u00e9s\u00e9t. H\u00e1rom \u00e9v alatt 75 sz\u00e1zal\u00e9kkal n\u0151hetnek a pedag\u00f3gusb\u00e9rek.","keywords":[],"keyphrases":{"focus":{"keyphrase":"pedag\u00f3gusb\u00e9rek","score":80,"analysis":{"keyphraseInTitle":{"score":9,"maxScore":9,"error":0},"keyphraseInDescription":{"score":9,"maxScore":9,"error":0},"keyphraseLength":{"score":9,"maxScore":9,"error":0,"length":1},"keyphraseInURL":{"score":1,"maxScore":5,"error":1},"keyphraseInIntroduction":{"score":9,"maxScore":9,"error":0},"keyphraseInSubHeadings":{"score":3,"maxScore":9,"error":1},"keyphraseInImageAlt":[]}},"additional":[]},"primary_term":null,"canonical_url":null,"og_title":null,"og_description":null,"og_object_type":"default","og_image_type":"default","og_image_url":null,"og_image_width":null,"og_image_height":null,"og_image_custom_url":null,"og_image_custom_fields":null,"og_video":"","og_custom_url":null,"og_article_section":null,"og_article_tags":[],"twitter_use_og":true,"twitter_card":"default","twitter_image_type":"default","twitter_image_url":null,"twitter_image_custom_url":null,"twitter_image_custom_fields":null,"twitter_title":null,"twitter_description":null,"schema":{"blockGraphs":[],"customGraphs":[],"default":{"data":{"Article":[],"Course":[],"Dataset":[],"FAQPage":[],"Movie":[],"Person":[],"Product":[],"ProductReview":[],"Car":[],"Recipe":[],"Service":[],"SoftwareApplication":[],"WebPage":[]},"graphName":"Article","isEnabled":true},"graphs":[]},"schema_type":"default","schema_type_options":null,"pillar_content":false,"robots_default":true,"robots_noindex":false,"robots_noarchive":false,"robots_nosnippet":false,"robots_nofollow":false,"robots_noimageindex":false,"robots_noodp":false,"robots_notranslate":false,"robots_max_snippet":"-1","robots_max_videopreview":"-1","robots_max_imagepreview":"large","priority":null,"frequency":"default","location":null,"local_seo":null,"breadcrumb_settings":null,"limit_modified_date":false,"ai":null,"created":"2023-02-03 09:30:09","updated":"2025-10-02 18:04:11","seo_analyzer_scan_date":null,"focus_keyword":"pedag\u00f3gusb\u00e9rek","additional_keywords":null,"truseo_locale":null},"aioseo_breadcrumb":"<div class=\"aioseo-breadcrumbs\"><span class=\"aioseo-breadcrumb\">\n\t\t\t<a href=\"https:\/\/allasorias.hu\/hirek\" title=\"Home\">Home<\/a>\n\t\t<\/span><span class=\"aioseo-breadcrumb-separator\">&raquo;<\/span><span class=\"aioseo-breadcrumb\">\n\t\t\t<a href=\"https:\/\/allasorias.hu\/hirek\/temak\/hianyszakmak\/\" title=\"Hi\u00e1nyszakm\u00e1k\">Hi\u00e1nyszakm\u00e1k<\/a>\n\t\t<\/span><span class=\"aioseo-breadcrumb-separator\">&raquo;<\/span><span class=\"aioseo-breadcrumb\">\n\t\t\tId\u00e9n t\u00edz sz\u00e1zal\u00e9kkal emelkedtek a pedag\u00f3gusb\u00e9rek\n\t\t<\/span><\/div>","aioseo_breadcrumb_json":[{"label":"Home","link":"https:\/\/allasorias.hu\/hirek"},{"label":"Hi\u00e1nyszakm\u00e1k","link":"https:\/\/allasorias.hu\/hirek\/temak\/hianyszakmak\/"},{"label":"Id\u00e9n t\u00edz sz\u00e1zal\u00e9kkal emelkedtek a pedag\u00f3gusb\u00e9rek","link":"https:\/\/allasorias.hu\/hirek\/iden-tiz-szazalekkal-emelkedtek-a-pedagogusberek\/"}],"_links":{"self":[{"href":"https:\/\/allasorias.hu\/hirek\/wp-json\/wp\/v2\/posts\/6201","targetHints":{"allow":["GET"]}}],"collection":[{"href":"https:\/\/allasorias.hu\/hirek\/wp-json\/wp\/v2\/posts"}],"about":[{"href":"https:\/\/allasorias.hu\/hirek\/wp-json\/wp\/v2\/types\/post"}],"author":[{"embeddable":true,"href":"https:\/\/allasorias.hu\/hirek\/wp-json\/wp\/v2\/users\/1"}],"replies":[{"embeddable":true,"href":"https:\/\/allasorias.hu\/hirek\/wp-json\/wp\/v2\/comments?post=6201"}],"version-history":[{"count":1,"href":"https:\/\/allasorias.hu\/hirek\/wp-json\/wp\/v2\/posts\/6201\/revisions"}],"predecessor-version":[{"id":6203,"href":"https:\/\/allasorias.hu\/hirek\/wp-json\/wp\/v2\/posts\/6201\/revisions\/6203"}],"wp:featuredmedia":[{"embeddable":true,"href":"https:\/\/allasorias.hu\/hirek\/wp-json\/wp\/v2\/media\/6202"}],"wp:attachment":[{"href":"https:\/\/allasorias.hu\/hirek\/wp-json\/wp\/v2\/media?parent=6201"}],"wp:term":[{"taxonomy":"category","embeddable":true,"href":"https:\/\/allasorias.hu\/hirek\/wp-json\/wp\/v2\/categories?post=6201"},{"taxonomy":"post_tag","embeddable":true,"href":"https:\/\/allasorias.hu\/hirek\/wp-json\/wp\/v2\/tags?post=6201"}],"curies":[{"name":"wp","href":"https:\/\/api.w.org\/{rel}","templated":true}]}}