{"id":6194,"date":"2023-02-02T08:35:19","date_gmt":"2023-02-02T08:35:19","guid":{"rendered":"https:\/\/allasorias.hu\/hirek\/?p=6194"},"modified":"2023-02-02T08:35:19","modified_gmt":"2023-02-02T08:35:19","slug":"messze-vagyunk-a-nyugati-berektol","status":"publish","type":"post","link":"https:\/\/allasorias.hu\/hirek\/messze-vagyunk-a-nyugati-berektol\/","title":{"rendered":"Messze vagyunk a nyugati b\u00e9rekt\u0151l"},"content":{"rendered":"<p><strong>Hi\u00e1ba n\u0151ttek Magyarorsz\u00e1gon a b\u00e9rek az ut\u00f3bbi id\u0151ben, a nyugati b\u00e9rekhez val\u00f3 f\u00f6lz\u00e1rk\u00f3z\u00e1s m\u00e9g messzinek t\u0171nik. K\u00f6zeledt\u00fcnk ugyan valamelyest a fejlett orsz\u00e1gok fizet\u00e9seihez, de \u00edgy is a harmadik legrosszabban keres\u0151k k\u00f6z\u00f6tt vannak a magyar dolgoz\u00f3k.<\/strong><\/p>\n<p>Az eur\u00f3ban m\u00e9rt keresetek tekintet\u00e9ben csup\u00e1n Rom\u00e1nia \u00e9s Bulg\u00e1ria volt m\u00f6g\u00f6tt\u00fcnk a KSH 2021-es statisztik\u00e1i alapj\u00e1n. Harmad\u00e1val n\u0151tt ugyan a magyarorsz\u00e1gi re\u00e1lkereset 2010 \u00e9s 2021 k\u00f6z\u00f6tt, m\u00e9gis csup\u00e1n n\u00e9gy uni\u00f3s orsz\u00e1gban keresnek rosszabbul a munkav\u00e1llal\u00f3k \u2013 \u00edrja a hvg.hu. A K\u00f6zponti Statisztikai Hivatal (KSH) adatai szerint a havi nett\u00f3 (nem teljesk\u00f6r\u0171en sz\u00e1mba vett) <a href=\"https:\/\/allasorias.hu\/hirek\/nott-az-atlagkereset-magyarorszagon-a-ksh-szerint\/\">\u00e1tlagkereset<\/a> a 2010-es 132,6 ezer forintr\u00f3l k\u00f6zel 292 ezer forintra n\u0151tt 2021-re, majd 339,5 ezer forintra 2022-ben. Ez nomin\u00e1lisan 2021-ig 2,2-szeres, 2022-ig pedig 2,6-szeres n\u00f6veked\u00e9s. Ez, a 2021-ig 38,6 sz\u00e1zal\u00e9kkal emelked\u0151 fogyaszt\u00f3i \u00e1rindex (infl\u00e1ci\u00f3) figyelembev\u00e9tel\u00e9vel 33 sz\u00e1zal\u00e9kos (\u00e9vi 2,6 sz\u00e1zal\u00e9kos) re\u00e1lkereset-n\u00f6veked\u00e9st jelent 2021-ig a GKI Gazdas\u00e1gkutat\u00f3 sz\u00e1m\u00edt\u00e1sai szerint.<\/p>\n<p>A rendk\u00edv\u00fcl dinamikus keresetemelked\u00e9s ugyanakkor nem juttatott sz\u00e1mottev\u0151en k\u00f6zelebb az EU fejlettebb tag\u00e1llamainak \u00e1tlagfizet\u00e9seihez. Az Eurostat adatai szerint val\u00f3ban kiss\u00e9 k\u00f6zeledt\u00fcnk a fejlettebb tag\u00e1llamok b\u00e9rszintj\u00e9hez, p\u00e9ld\u00e1ul 2010-ben az osztr\u00e1k keresetek 24,3 sz\u00e1zal\u00e9k\u00e1t, 2021-ban 29,8 sz\u00e1zal\u00e9k\u00e1t \u00e9rt\u00fck el (az egyed\u00fcl\u00e1ll\u00f3, gyermektelen \u00e1tlagos kereset\u0171 munkav\u00e1llal\u00f3t tekintve). A n\u00f6veked\u00e9s ellen\u00e9re azonban az eur\u00f3ban m\u00e9rt keresetek tekintet\u00e9ben a magyar munkav\u00e1llal\u00f3k a 3. legrosszabbul keres\u0151k k\u00f6z\u00f6tt voltak 2021-ben (Rom\u00e1nia \u00e9s Bulg\u00e1ria volt csak m\u00f6g\u00f6tt\u00fcnk). A v\u00e1s\u00e1rl\u00f3er\u0151-parit\u00e1sos adatok szerint 4 uni\u00f3s tag\u00e1llamot el\u0151z\u00fcnk meg, Horv\u00e1torsz\u00e1got, Lettorsz\u00e1got, Bulg\u00e1ri\u00e1t \u00e9s Szlov\u00e1ki\u00e1t. A helyzet 2010 \u00f3ta m\u00e9g romlott is, az uni\u00f3 25 tag\u00e1llama k\u00f6z\u00fcl az eur\u00f3ban m\u00e9rt keresetek eset\u00e9ben a 21. helyr\u0151l a 23. helyre est\u00fcnk vissza.<\/p>\n<p>Forr\u00e1s: <a href=\"https:\/\/www.hazipatika.com\/eletmod\/otthon\/cikkek\/mutatjuk-mennyit-ernek-a-magyar-berek-europaban\" target=\"_blank\" rel=\"nofollow noopener noreferrer\">hazipatika.hu<\/a><\/p>\n","protected":false},"excerpt":{"rendered":"<p>Hi\u00e1ba n\u0151ttek Magyarorsz\u00e1gon a b\u00e9rek az ut\u00f3bbi id\u0151ben, a nyugati b\u00e9rekhez val\u00f3 f\u00f6lz\u00e1rk\u00f3z\u00e1s m\u00e9g messzinek t\u0171nik. K\u00f6zeledt\u00fcnk ugyan valamelyest a fejlett orsz\u00e1gok fizet\u00e9seihez, de \u00edgy is a harmadik legrosszabban keres\u0151k k\u00f6z\u00f6tt vannak a magyar dolgoz\u00f3k. Az eur\u00f3ban m\u00e9rt keresetek tekintet\u00e9ben csup\u00e1n Rom\u00e1nia \u00e9s Bulg\u00e1ria volt m\u00f6g\u00f6tt\u00fcnk a KSH 2021-es statisztik\u00e1i alapj\u00e1n. Harmad\u00e1val n\u0151tt ugyan a [&hellip;]<\/p>\n","protected":false},"author":1,"featured_media":6195,"comment_status":"open","ping_status":"open","sticky":false,"template":"","format":"standard","meta":{"_monsterinsights_skip_tracking":false,"footnotes":""},"categories":[198],"tags":[330,370,371],"class_list":["post-6194","post","type-post","status-publish","format-standard","has-post-thumbnail","hentry","category-gazdasag","tag-atlagkereset","tag-nyugati-berek","tag-realkereset"],"aioseo_notices":[],"aioseo_head":"\n\t\t<!-- All in One SEO 5.0.0.1 - aioseo.com -->\n\t<meta name=\"description\" content=\"Hi\u00e1ba n\u0151ttek Magyarorsz\u00e1gon a b\u00e9rek az ut\u00f3bbi id\u0151ben, a nyugati b\u00e9rekhez val\u00f3 f\u00f6lz\u00e1rk\u00f3z\u00e1s m\u00e9g messzinek t\u0171nik, a harmadik legrosszabban keres\u0151k k\u00f6z\u00f6tt vagyunk.\" \/>\n\t<meta name=\"robots\" content=\"max-image-preview:large\" \/>\n\t<meta name=\"author\" content=\"Juh\u00e1sz P\u00e9ter\"\/>\n\t<meta name=\"keywords\" content=\"\u00e1tlagkereset,nyugati b\u00e9rek,re\u00e1lkereset\" \/>\n\t<link rel=\"canonical\" href=\"https:\/\/allasorias.hu\/hirek\/messze-vagyunk-a-nyugati-berektol\/\" \/>\n\t<meta name=\"generator\" content=\"All in One SEO (AIOSEO) 5.0.0.1\" \/>\n\t\t<meta property=\"og:locale\" content=\"hu_HU\" \/>\n\t\t<meta property=\"og:site_name\" content=\"AllasOrias.hu | H\u00edrek-lapszemle | \u00dczleti h\u00edrek az \u00e1ll\u00e1s \u00e9s a munka vil\u00e1g\u00e1b\u00f3l\" \/>\n\t\t<meta property=\"og:type\" content=\"article\" \/>\n\t\t<meta property=\"og:title\" content=\"Messze vagyunk a nyugati b\u00e9rekt\u0151l | Allasorias.hu\/Hirek\" \/>\n\t\t<meta property=\"og:description\" content=\"Hi\u00e1ba n\u0151ttek Magyarorsz\u00e1gon a b\u00e9rek az ut\u00f3bbi id\u0151ben, a nyugati b\u00e9rekhez val\u00f3 f\u00f6lz\u00e1rk\u00f3z\u00e1s m\u00e9g messzinek t\u0171nik, a harmadik legrosszabban keres\u0151k k\u00f6z\u00f6tt vagyunk.\" \/>\n\t\t<meta property=\"og:url\" content=\"https:\/\/allasorias.hu\/hirek\/messze-vagyunk-a-nyugati-berektol\/\" \/>\n\t\t<meta property=\"og:image\" content=\"https:\/\/allasorias.hu\/hirek\/wp-content\/uploads\/2023\/02\/Magyar-atlagkereset.jpg\" \/>\n\t\t<meta property=\"og:image:secure_url\" content=\"https:\/\/allasorias.hu\/hirek\/wp-content\/uploads\/2023\/02\/Magyar-atlagkereset.jpg\" \/>\n\t\t<meta property=\"og:image:width\" content=\"1280\" \/>\n\t\t<meta property=\"og:image:height\" content=\"853\" \/>\n\t\t<meta property=\"article:published_time\" content=\"2023-02-02T08:35:19+00:00\" \/>\n\t\t<meta property=\"article:modified_time\" content=\"2023-02-02T08:35:19+00:00\" \/>\n\t\t<meta property=\"article:publisher\" content=\"https:\/\/www.facebook.com\/allasorias\" \/>\n\t\t<meta name=\"twitter:card\" content=\"summary_large_image\" \/>\n\t\t<meta name=\"twitter:title\" content=\"Messze vagyunk a nyugati b\u00e9rekt\u0151l | Allasorias.hu\/Hirek\" \/>\n\t\t<meta name=\"twitter:description\" content=\"Hi\u00e1ba n\u0151ttek Magyarorsz\u00e1gon a b\u00e9rek az ut\u00f3bbi id\u0151ben, a nyugati b\u00e9rekhez val\u00f3 f\u00f6lz\u00e1rk\u00f3z\u00e1s m\u00e9g messzinek t\u0171nik, a harmadik legrosszabban keres\u0151k k\u00f6z\u00f6tt vagyunk.\" \/>\n\t\t<meta name=\"twitter:image\" content=\"https:\/\/allasorias.hu\/hirek\/wp-content\/uploads\/2023\/02\/Magyar-atlagkereset.jpg\" \/>\n\t\t<meta name=\"twitter:label1\" content=\"Written by\" \/>\n\t\t<meta name=\"twitter:data1\" content=\"Juh\u00e1sz P\u00e9ter\" \/>\n\t\t<meta name=\"twitter:label2\" content=\"Est. reading time\" \/>\n\t\t<meta name=\"twitter:data2\" content=\"2 minutes\" \/>\n\t\t<script type=\"application\/ld+json\" class=\"aioseo-schema\">\n\t\t\t{\"@context\":\"https:\\\/\\\/schema.org\",\"@graph\":[{\"@type\":\"Article\",\"@id\":\"https:\\\/\\\/allasorias.hu\\\/hirek\\\/messze-vagyunk-a-nyugati-berektol\\\/#article\",\"name\":\"Messze vagyunk a nyugati b\\u00e9rekt\\u0151l | Allasorias.hu\\\/Hirek\",\"headline\":\"Messze vagyunk a nyugati b\\u00e9rekt\\u0151l\",\"author\":{\"@id\":\"https:\\\/\\\/allasorias.hu\\\/hirek\\\/author\\\/admin-allasorias\\\/#author\"},\"publisher\":{\"@id\":\"https:\\\/\\\/allasorias.hu\\\/hirek\\\/#organization\"},\"image\":{\"@type\":\"ImageObject\",\"url\":\"https:\\\/\\\/allasorias.hu\\\/hirek\\\/wp-content\\\/uploads\\\/2023\\\/02\\\/Magyar-atlagkereset.jpg\",\"width\":1280,\"height\":853,\"caption\":\"Messze vagyunk a nyugati b\\u00e9rekt\\u0151l - Allasorias.hu\\\/Hirek\"},\"datePublished\":\"2023-02-02T08:35:19+02:00\",\"dateModified\":\"2023-02-02T08:35:19+02:00\",\"inLanguage\":\"hu-HU\",\"mainEntityOfPage\":{\"@id\":\"https:\\\/\\\/allasorias.hu\\\/hirek\\\/messze-vagyunk-a-nyugati-berektol\\\/#webpage\"},\"isPartOf\":{\"@id\":\"https:\\\/\\\/allasorias.hu\\\/hirek\\\/messze-vagyunk-a-nyugati-berektol\\\/#webpage\"},\"articleSection\":\"Gazdas\\u00e1g, \\u00e1tlagkereset, nyugati b\\u00e9rek, re\\u00e1lkereset\"},{\"@type\":\"BreadcrumbList\",\"@id\":\"https:\\\/\\\/allasorias.hu\\\/hirek\\\/messze-vagyunk-a-nyugati-berektol\\\/#breadcrumblist\",\"itemListElement\":[{\"@type\":\"ListItem\",\"@id\":\"https:\\\/\\\/allasorias.hu\\\/hirek#listItem\",\"position\":1,\"name\":\"Home\",\"item\":\"https:\\\/\\\/allasorias.hu\\\/hirek\",\"nextItem\":{\"@type\":\"ListItem\",\"@id\":\"https:\\\/\\\/allasorias.hu\\\/hirek\\\/temak\\\/gazdasag\\\/#listItem\",\"name\":\"Gazdas\\u00e1g\"}},{\"@type\":\"ListItem\",\"@id\":\"https:\\\/\\\/allasorias.hu\\\/hirek\\\/temak\\\/gazdasag\\\/#listItem\",\"position\":2,\"name\":\"Gazdas\\u00e1g\",\"item\":\"https:\\\/\\\/allasorias.hu\\\/hirek\\\/temak\\\/gazdasag\\\/\",\"nextItem\":{\"@type\":\"ListItem\",\"@id\":\"https:\\\/\\\/allasorias.hu\\\/hirek\\\/messze-vagyunk-a-nyugati-berektol\\\/#listItem\",\"name\":\"Messze vagyunk a nyugati b\\u00e9rekt\\u0151l\"},\"previousItem\":{\"@type\":\"ListItem\",\"@id\":\"https:\\\/\\\/allasorias.hu\\\/hirek#listItem\",\"name\":\"Home\"}},{\"@type\":\"ListItem\",\"@id\":\"https:\\\/\\\/allasorias.hu\\\/hirek\\\/messze-vagyunk-a-nyugati-berektol\\\/#listItem\",\"position\":3,\"name\":\"Messze vagyunk a nyugati b\\u00e9rekt\\u0151l\",\"previousItem\":{\"@type\":\"ListItem\",\"@id\":\"https:\\\/\\\/allasorias.hu\\\/hirek\\\/temak\\\/gazdasag\\\/#listItem\",\"name\":\"Gazdas\\u00e1g\"}}]},{\"@type\":\"Organization\",\"@id\":\"https:\\\/\\\/allasorias.hu\\\/hirek\\\/#organization\",\"name\":\"AllasOrias.hu | H\\u00edrek-lapszemle\",\"description\":\"\\u00dczleti h\\u00edrek az \\u00e1ll\\u00e1s \\u00e9s a munka vil\\u00e1g\\u00e1b\\u00f3l\",\"url\":\"https:\\\/\\\/allasorias.hu\\\/hirek\\\/\",\"logo\":{\"@type\":\"ImageObject\",\"url\":\"https:\\\/\\\/allasorias.hu\\\/hirek\\\/wp-content\\\/uploads\\\/2022\\\/10\\\/allasorias_site_facebok_logo.png\",\"@id\":\"https:\\\/\\\/allasorias.hu\\\/hirek\\\/messze-vagyunk-a-nyugati-berektol\\\/#organizationLogo\"},\"image\":{\"@id\":\"https:\\\/\\\/allasorias.hu\\\/hirek\\\/messze-vagyunk-a-nyugati-berektol\\\/#organizationLogo\"},\"sameAs\":[\"https:\\\/\\\/www.facebook.com\\\/allasorias\",\"https:\\\/\\\/www.linkedin.com\\\/company\\\/allasorias\"]},{\"@type\":\"Person\",\"@id\":\"https:\\\/\\\/allasorias.hu\\\/hirek\\\/author\\\/admin-allasorias\\\/#author\",\"url\":\"https:\\\/\\\/allasorias.hu\\\/hirek\\\/author\\\/admin-allasorias\\\/\",\"name\":\"Juh\\u00e1sz P\\u00e9ter\",\"image\":{\"@type\":\"ImageObject\",\"@id\":\"https:\\\/\\\/allasorias.hu\\\/hirek\\\/messze-vagyunk-a-nyugati-berektol\\\/#authorImage\",\"url\":\"https:\\\/\\\/secure.gravatar.com\\\/avatar\\\/36e6bcb83148978b992977cb0f54d22feb0cce8a0a849a9410532bb2623ba4c6?s=96&d=mm&r=g\",\"width\":96,\"height\":96,\"caption\":\"Juh\\u00e1sz P\\u00e9ter\"}},{\"@type\":\"WebPage\",\"@id\":\"https:\\\/\\\/allasorias.hu\\\/hirek\\\/messze-vagyunk-a-nyugati-berektol\\\/#webpage\",\"url\":\"https:\\\/\\\/allasorias.hu\\\/hirek\\\/messze-vagyunk-a-nyugati-berektol\\\/\",\"name\":\"Messze vagyunk a nyugati b\\u00e9rekt\\u0151l | Allasorias.hu\\\/Hirek\",\"description\":\"Hi\\u00e1ba n\\u0151ttek Magyarorsz\\u00e1gon a b\\u00e9rek az ut\\u00f3bbi id\\u0151ben, a nyugati b\\u00e9rekhez val\\u00f3 f\\u00f6lz\\u00e1rk\\u00f3z\\u00e1s m\\u00e9g messzinek t\\u0171nik, a harmadik legrosszabban keres\\u0151k k\\u00f6z\\u00f6tt vagyunk.\",\"inLanguage\":\"hu-HU\",\"isPartOf\":{\"@id\":\"https:\\\/\\\/allasorias.hu\\\/hirek\\\/#website\"},\"breadcrumb\":{\"@id\":\"https:\\\/\\\/allasorias.hu\\\/hirek\\\/messze-vagyunk-a-nyugati-berektol\\\/#breadcrumblist\"},\"author\":{\"@id\":\"https:\\\/\\\/allasorias.hu\\\/hirek\\\/author\\\/admin-allasorias\\\/#author\"},\"creator\":{\"@id\":\"https:\\\/\\\/allasorias.hu\\\/hirek\\\/author\\\/admin-allasorias\\\/#author\"},\"image\":{\"@type\":\"ImageObject\",\"url\":\"https:\\\/\\\/allasorias.hu\\\/hirek\\\/wp-content\\\/uploads\\\/2023\\\/02\\\/Magyar-atlagkereset.jpg\",\"@id\":\"https:\\\/\\\/allasorias.hu\\\/hirek\\\/messze-vagyunk-a-nyugati-berektol\\\/#mainImage\",\"width\":1280,\"height\":853,\"caption\":\"Messze vagyunk a nyugati b\\u00e9rekt\\u0151l - Allasorias.hu\\\/Hirek\"},\"primaryImageOfPage\":{\"@id\":\"https:\\\/\\\/allasorias.hu\\\/hirek\\\/messze-vagyunk-a-nyugati-berektol\\\/#mainImage\"},\"datePublished\":\"2023-02-02T08:35:19+02:00\",\"dateModified\":\"2023-02-02T08:35:19+02:00\"},{\"@type\":\"WebSite\",\"@id\":\"https:\\\/\\\/allasorias.hu\\\/hirek\\\/#website\",\"url\":\"https:\\\/\\\/allasorias.hu\\\/hirek\\\/\",\"name\":\"AllasOrias.hu | H\\u00edrek-lapszemle\",\"description\":\"\\u00dczleti h\\u00edrek az \\u00e1ll\\u00e1s \\u00e9s a munka vil\\u00e1g\\u00e1b\\u00f3l\",\"inLanguage\":\"hu-HU\",\"publisher\":{\"@id\":\"https:\\\/\\\/allasorias.hu\\\/hirek\\\/#organization\"}}]}\n\t\t<\/script>\n\t\t<!-- All in One SEO -->\n\n","aioseo_head_json":{"title":"Messze vagyunk a nyugati b\u00e9rekt\u0151l | Allasorias.hu\/Hirek","description":"Hi\u00e1ba n\u0151ttek Magyarorsz\u00e1gon a b\u00e9rek az ut\u00f3bbi id\u0151ben, a nyugati b\u00e9rekhez val\u00f3 f\u00f6lz\u00e1rk\u00f3z\u00e1s m\u00e9g messzinek t\u0171nik, a harmadik legrosszabban keres\u0151k k\u00f6z\u00f6tt vagyunk.","canonical_url":"https:\/\/allasorias.hu\/hirek\/messze-vagyunk-a-nyugati-berektol\/","robots":"max-image-preview:large","keywords":"\u00e1tlagkereset,nyugati b\u00e9rek,re\u00e1lkereset","webmasterTools":{"miscellaneous":""},"schema":{"@context":"https:\/\/schema.org","@graph":[{"@type":"Article","@id":"https:\/\/allasorias.hu\/hirek\/messze-vagyunk-a-nyugati-berektol\/#article","name":"Messze vagyunk a nyugati b\u00e9rekt\u0151l | Allasorias.hu\/Hirek","headline":"Messze vagyunk a nyugati b\u00e9rekt\u0151l","author":{"@id":"https:\/\/allasorias.hu\/hirek\/author\/admin-allasorias\/#author"},"publisher":{"@id":"https:\/\/allasorias.hu\/hirek\/#organization"},"image":{"@type":"ImageObject","url":"https:\/\/allasorias.hu\/hirek\/wp-content\/uploads\/2023\/02\/Magyar-atlagkereset.jpg","width":1280,"height":853,"caption":"Messze vagyunk a nyugati b\u00e9rekt\u0151l - Allasorias.hu\/Hirek"},"datePublished":"2023-02-02T08:35:19+02:00","dateModified":"2023-02-02T08:35:19+02:00","inLanguage":"hu-HU","mainEntityOfPage":{"@id":"https:\/\/allasorias.hu\/hirek\/messze-vagyunk-a-nyugati-berektol\/#webpage"},"isPartOf":{"@id":"https:\/\/allasorias.hu\/hirek\/messze-vagyunk-a-nyugati-berektol\/#webpage"},"articleSection":"Gazdas\u00e1g, \u00e1tlagkereset, nyugati b\u00e9rek, re\u00e1lkereset"},{"@type":"BreadcrumbList","@id":"https:\/\/allasorias.hu\/hirek\/messze-vagyunk-a-nyugati-berektol\/#breadcrumblist","itemListElement":[{"@type":"ListItem","@id":"https:\/\/allasorias.hu\/hirek#listItem","position":1,"name":"Home","item":"https:\/\/allasorias.hu\/hirek","nextItem":{"@type":"ListItem","@id":"https:\/\/allasorias.hu\/hirek\/temak\/gazdasag\/#listItem","name":"Gazdas\u00e1g"}},{"@type":"ListItem","@id":"https:\/\/allasorias.hu\/hirek\/temak\/gazdasag\/#listItem","position":2,"name":"Gazdas\u00e1g","item":"https:\/\/allasorias.hu\/hirek\/temak\/gazdasag\/","nextItem":{"@type":"ListItem","@id":"https:\/\/allasorias.hu\/hirek\/messze-vagyunk-a-nyugati-berektol\/#listItem","name":"Messze vagyunk a nyugati b\u00e9rekt\u0151l"},"previousItem":{"@type":"ListItem","@id":"https:\/\/allasorias.hu\/hirek#listItem","name":"Home"}},{"@type":"ListItem","@id":"https:\/\/allasorias.hu\/hirek\/messze-vagyunk-a-nyugati-berektol\/#listItem","position":3,"name":"Messze vagyunk a nyugati b\u00e9rekt\u0151l","previousItem":{"@type":"ListItem","@id":"https:\/\/allasorias.hu\/hirek\/temak\/gazdasag\/#listItem","name":"Gazdas\u00e1g"}}]},{"@type":"Organization","@id":"https:\/\/allasorias.hu\/hirek\/#organization","name":"AllasOrias.hu | H\u00edrek-lapszemle","description":"\u00dczleti h\u00edrek az \u00e1ll\u00e1s \u00e9s a munka vil\u00e1g\u00e1b\u00f3l","url":"https:\/\/allasorias.hu\/hirek\/","logo":{"@type":"ImageObject","url":"https:\/\/allasorias.hu\/hirek\/wp-content\/uploads\/2022\/10\/allasorias_site_facebok_logo.png","@id":"https:\/\/allasorias.hu\/hirek\/messze-vagyunk-a-nyugati-berektol\/#organizationLogo"},"image":{"@id":"https:\/\/allasorias.hu\/hirek\/messze-vagyunk-a-nyugati-berektol\/#organizationLogo"},"sameAs":["https:\/\/www.facebook.com\/allasorias","https:\/\/www.linkedin.com\/company\/allasorias"]},{"@type":"Person","@id":"https:\/\/allasorias.hu\/hirek\/author\/admin-allasorias\/#author","url":"https:\/\/allasorias.hu\/hirek\/author\/admin-allasorias\/","name":"Juh\u00e1sz P\u00e9ter","image":{"@type":"ImageObject","@id":"https:\/\/allasorias.hu\/hirek\/messze-vagyunk-a-nyugati-berektol\/#authorImage","url":"https:\/\/secure.gravatar.com\/avatar\/36e6bcb83148978b992977cb0f54d22feb0cce8a0a849a9410532bb2623ba4c6?s=96&d=mm&r=g","width":96,"height":96,"caption":"Juh\u00e1sz P\u00e9ter"}},{"@type":"WebPage","@id":"https:\/\/allasorias.hu\/hirek\/messze-vagyunk-a-nyugati-berektol\/#webpage","url":"https:\/\/allasorias.hu\/hirek\/messze-vagyunk-a-nyugati-berektol\/","name":"Messze vagyunk a nyugati b\u00e9rekt\u0151l | Allasorias.hu\/Hirek","description":"Hi\u00e1ba n\u0151ttek Magyarorsz\u00e1gon a b\u00e9rek az ut\u00f3bbi id\u0151ben, a nyugati b\u00e9rekhez val\u00f3 f\u00f6lz\u00e1rk\u00f3z\u00e1s m\u00e9g messzinek t\u0171nik, a harmadik legrosszabban keres\u0151k k\u00f6z\u00f6tt vagyunk.","inLanguage":"hu-HU","isPartOf":{"@id":"https:\/\/allasorias.hu\/hirek\/#website"},"breadcrumb":{"@id":"https:\/\/allasorias.hu\/hirek\/messze-vagyunk-a-nyugati-berektol\/#breadcrumblist"},"author":{"@id":"https:\/\/allasorias.hu\/hirek\/author\/admin-allasorias\/#author"},"creator":{"@id":"https:\/\/allasorias.hu\/hirek\/author\/admin-allasorias\/#author"},"image":{"@type":"ImageObject","url":"https:\/\/allasorias.hu\/hirek\/wp-content\/uploads\/2023\/02\/Magyar-atlagkereset.jpg","@id":"https:\/\/allasorias.hu\/hirek\/messze-vagyunk-a-nyugati-berektol\/#mainImage","width":1280,"height":853,"caption":"Messze vagyunk a nyugati b\u00e9rekt\u0151l - Allasorias.hu\/Hirek"},"primaryImageOfPage":{"@id":"https:\/\/allasorias.hu\/hirek\/messze-vagyunk-a-nyugati-berektol\/#mainImage"},"datePublished":"2023-02-02T08:35:19+02:00","dateModified":"2023-02-02T08:35:19+02:00"},{"@type":"WebSite","@id":"https:\/\/allasorias.hu\/hirek\/#website","url":"https:\/\/allasorias.hu\/hirek\/","name":"AllasOrias.hu | H\u00edrek-lapszemle","description":"\u00dczleti h\u00edrek az \u00e1ll\u00e1s \u00e9s a munka vil\u00e1g\u00e1b\u00f3l","inLanguage":"hu-HU","publisher":{"@id":"https:\/\/allasorias.hu\/hirek\/#organization"}}]},"og:locale":"hu_HU","og:site_name":"AllasOrias.hu | H\u00edrek-lapszemle | \u00dczleti h\u00edrek az \u00e1ll\u00e1s \u00e9s a munka vil\u00e1g\u00e1b\u00f3l","og:type":"article","og:title":"Messze vagyunk a nyugati b\u00e9rekt\u0151l | Allasorias.hu\/Hirek","og:description":"Hi\u00e1ba n\u0151ttek Magyarorsz\u00e1gon a b\u00e9rek az ut\u00f3bbi id\u0151ben, a nyugati b\u00e9rekhez val\u00f3 f\u00f6lz\u00e1rk\u00f3z\u00e1s m\u00e9g messzinek t\u0171nik, a harmadik legrosszabban keres\u0151k k\u00f6z\u00f6tt vagyunk.","og:url":"https:\/\/allasorias.hu\/hirek\/messze-vagyunk-a-nyugati-berektol\/","og:image":"https:\/\/allasorias.hu\/hirek\/wp-content\/uploads\/2023\/02\/Magyar-atlagkereset.jpg","og:image:secure_url":"https:\/\/allasorias.hu\/hirek\/wp-content\/uploads\/2023\/02\/Magyar-atlagkereset.jpg","og:image:width":1280,"og:image:height":853,"article:published_time":"2023-02-02T08:35:19+00:00","article:modified_time":"2023-02-02T08:35:19+00:00","article:publisher":"https:\/\/www.facebook.com\/allasorias","twitter:card":"summary_large_image","twitter:title":"Messze vagyunk a nyugati b\u00e9rekt\u0151l | Allasorias.hu\/Hirek","twitter:description":"Hi\u00e1ba n\u0151ttek Magyarorsz\u00e1gon a b\u00e9rek az ut\u00f3bbi id\u0151ben, a nyugati b\u00e9rekhez val\u00f3 f\u00f6lz\u00e1rk\u00f3z\u00e1s m\u00e9g messzinek t\u0171nik, a harmadik legrosszabban keres\u0151k k\u00f6z\u00f6tt vagyunk.","twitter:image":"https:\/\/allasorias.hu\/hirek\/wp-content\/uploads\/2023\/02\/Magyar-atlagkereset.jpg","twitter:label1":"Written by","twitter:data1":"Juh\u00e1sz P\u00e9ter","twitter:label2":"Est. reading time","twitter:data2":"2 minutes"},"aioseo_meta_data":{"post_id":"6194","title":"#post_title | Allasorias.hu\/Hirek","description":"Hi\u00e1ba n\u0151ttek Magyarorsz\u00e1gon a b\u00e9rek az ut\u00f3bbi id\u0151ben, a nyugati b\u00e9rekhez val\u00f3 f\u00f6lz\u00e1rk\u00f3z\u00e1s m\u00e9g messzinek t\u0171nik, a harmadik legrosszabban keres\u0151k k\u00f6z\u00f6tt vagyunk.","keywords":[],"keyphrases":{"focus":{"keyphrase":null,"score":46,"analysis":{"keyphraseInTitle":{"score":3,"maxScore":9,"error":1},"keyphraseInDescription":{"score":3,"maxScore":9,"error":1},"keyphraseLength":{"score":9,"maxScore":9,"error":0,"length":2},"keyphraseInURL":{"score":1,"maxScore":5,"error":1},"keyphraseInIntroduction":{"score":3,"maxScore":9,"error":1},"keyphraseInSubHeadings":[],"keyphraseInImageAlt":[]}},"additional":[]},"primary_term":null,"canonical_url":null,"og_title":null,"og_description":null,"og_object_type":"default","og_image_type":"default","og_image_url":null,"og_image_width":null,"og_image_height":null,"og_image_custom_url":null,"og_image_custom_fields":null,"og_video":"","og_custom_url":null,"og_article_section":null,"og_article_tags":[],"twitter_use_og":true,"twitter_card":"default","twitter_image_type":"default","twitter_image_url":null,"twitter_image_custom_url":null,"twitter_image_custom_fields":null,"twitter_title":null,"twitter_description":null,"schema":{"blockGraphs":[],"customGraphs":[],"default":{"data":{"Article":[],"Course":[],"Dataset":[],"FAQPage":[],"Movie":[],"Person":[],"Product":[],"ProductReview":[],"Car":[],"Recipe":[],"Service":[],"SoftwareApplication":[],"WebPage":[]},"graphName":"Article","isEnabled":true},"graphs":[]},"schema_type":"default","schema_type_options":null,"pillar_content":false,"robots_default":true,"robots_noindex":false,"robots_noarchive":false,"robots_nosnippet":false,"robots_nofollow":false,"robots_noimageindex":false,"robots_noodp":false,"robots_notranslate":false,"robots_max_snippet":"-1","robots_max_videopreview":"-1","robots_max_imagepreview":"large","priority":null,"frequency":"default","location":null,"local_seo":null,"breadcrumb_settings":null,"limit_modified_date":false,"ai":null,"created":"2023-02-02 08:02:23","updated":"2025-10-02 18:04:11","seo_analyzer_scan_date":null,"focus_keyword":null,"additional_keywords":null,"truseo_locale":null},"aioseo_breadcrumb":"<div class=\"aioseo-breadcrumbs\"><span class=\"aioseo-breadcrumb\">\n\t\t\t<a href=\"https:\/\/allasorias.hu\/hirek\" title=\"Home\">Home<\/a>\n\t\t<\/span><span class=\"aioseo-breadcrumb-separator\">&raquo;<\/span><span class=\"aioseo-breadcrumb\">\n\t\t\t<a href=\"https:\/\/allasorias.hu\/hirek\/temak\/gazdasag\/\" title=\"Gazdas\u00e1g\">Gazdas\u00e1g<\/a>\n\t\t<\/span><span class=\"aioseo-breadcrumb-separator\">&raquo;<\/span><span class=\"aioseo-breadcrumb\">\n\t\t\tMessze vagyunk a nyugati b\u00e9rekt\u0151l\n\t\t<\/span><\/div>","aioseo_breadcrumb_json":[{"label":"Home","link":"https:\/\/allasorias.hu\/hirek"},{"label":"Gazdas\u00e1g","link":"https:\/\/allasorias.hu\/hirek\/temak\/gazdasag\/"},{"label":"Messze vagyunk a nyugati b\u00e9rekt\u0151l","link":"https:\/\/allasorias.hu\/hirek\/messze-vagyunk-a-nyugati-berektol\/"}],"_links":{"self":[{"href":"https:\/\/allasorias.hu\/hirek\/wp-json\/wp\/v2\/posts\/6194","targetHints":{"allow":["GET"]}}],"collection":[{"href":"https:\/\/allasorias.hu\/hirek\/wp-json\/wp\/v2\/posts"}],"about":[{"href":"https:\/\/allasorias.hu\/hirek\/wp-json\/wp\/v2\/types\/post"}],"author":[{"embeddable":true,"href":"https:\/\/allasorias.hu\/hirek\/wp-json\/wp\/v2\/users\/1"}],"replies":[{"embeddable":true,"href":"https:\/\/allasorias.hu\/hirek\/wp-json\/wp\/v2\/comments?post=6194"}],"version-history":[{"count":1,"href":"https:\/\/allasorias.hu\/hirek\/wp-json\/wp\/v2\/posts\/6194\/revisions"}],"predecessor-version":[{"id":6196,"href":"https:\/\/allasorias.hu\/hirek\/wp-json\/wp\/v2\/posts\/6194\/revisions\/6196"}],"wp:featuredmedia":[{"embeddable":true,"href":"https:\/\/allasorias.hu\/hirek\/wp-json\/wp\/v2\/media\/6195"}],"wp:attachment":[{"href":"https:\/\/allasorias.hu\/hirek\/wp-json\/wp\/v2\/media?parent=6194"}],"wp:term":[{"taxonomy":"category","embeddable":true,"href":"https:\/\/allasorias.hu\/hirek\/wp-json\/wp\/v2\/categories?post=6194"},{"taxonomy":"post_tag","embeddable":true,"href":"https:\/\/allasorias.hu\/hirek\/wp-json\/wp\/v2\/tags?post=6194"}],"curies":[{"name":"wp","href":"https:\/\/api.w.org\/{rel}","templated":true}]}}