{"id":6179,"date":"2023-01-27T08:10:51","date_gmt":"2023-01-27T08:10:51","guid":{"rendered":"https:\/\/allasorias.hu\/hirek\/?p=6179"},"modified":"2023-01-27T08:14:04","modified_gmt":"2023-01-27T08:14:04","slug":"meg-nem-egyeztek-meg-a-berekrol","status":"publish","type":"post","link":"https:\/\/allasorias.hu\/hirek\/meg-nem-egyeztek-meg-a-berekrol\/","title":{"rendered":"M\u00e9g nem egyeztek meg a b\u00e9rekr\u0151l"},"content":{"rendered":"<p><strong>M\u00e9g nincs egyezs\u00e9g az idei b\u00e9rekr\u0151l a BKV-n\u00e1l. A tervek szerint a kulcspoz\u00edci\u00f3kban dolgoz\u00f3knak kiemelt fizet\u00e9st adn\u00e1nak, de egy\u00e9b p\u00f3tl\u00e9kokat is javasol a v\u00e1llalat vezet\u00e9se. <\/strong><\/p>\n<p>Folytat\u00f3dott a b\u00e9rt\u00e1rgyal\u00e1s a BKV munk\u00e1ltat\u00f3i \u00e9s munkav\u00e1llal\u00f3i oldal k\u00e9pvisel\u0151i r\u00e9szv\u00e9tel\u00e9vel annak \u00e9rdek\u00e9ben, hogy k\u00f6zel\u00edts\u00e9k \u00e1ll\u00e1spontjaikat a 2023-as b\u00e9remel\u00e9ssel kapcsolatban &#8211; k\u00f6z\u00f6lte a BKV Zrt. az MTI-vel a k\u00e9tnapos egyeztet\u00e9st k\u00f6vet\u0151en. A k\u00f6zleked\u00e9si v\u00e1llalat felid\u00e9zte: a menedzsment elk\u00e9sz\u00edtette a meg\u00e1llapod\u00e1s tervezet\u00e9t, amely az alapb\u00e9r fejleszt\u00e9s\u00e9nek m\u00e9rt\u00e9k\u00e9n k\u00edv\u00fcl javaslatokat tartalmazott t\u00f6bbek k\u00f6z\u00f6tt a Budapest p\u00f3tl\u00e9k s\u00e1vos bevezet\u00e9s\u00e9re, a szeniorit\u00e1si p\u00f3tl\u00e9k emel\u00e9s\u00e9re, valamint egy &#8222;kulcsember keret&#8221; biztos\u00edt\u00e1s\u00e1ra, amely a kulcspoz\u00edci\u00f3kban dolgoz\u00f3 munkav\u00e1llal\u00f3k b\u00e9r\u00e9nek kiemel\u00e9s\u00e9re adna lehet\u0151s\u00e9get.<\/p>\n<p>A szakszervezetek k\u00e9pvisel\u0151i megfogalmazt\u00e1k megl\u00e1t\u00e1saikat \u00e9s javaslataikat a tervezettel kapcsolatban, javaslataik azonban &#8222;heterog\u00e9nek \u00e9s nem azonos megold\u00e1s fel\u00e9 ir\u00e1nyultak, ez\u00e9rt a kompromisszum \u00e9rdek\u00e9ben a t\u00e1rgyal\u00e1sokat tov\u00e1bb folytatjuk&#8221; &#8211; \u00edrta a BKV Zrt. &#8222;Tekintettel a janu\u00e1ri b\u00e9rkifizet\u00e9s k\u00f6zelg\u0151 id\u0151pontj\u00e1ra a munk\u00e1ltat\u00f3 gyors megold\u00e1st fog tal\u00e1lni, hogy a munkav\u00e1llal\u00f3k m\u00e1r a janu\u00e1ri b\u00e9rkifizet\u00e9skor emelt \u00f6sszeg\u0171 juttat\u00e1sban r\u00e9szes\u00fclhessenek&#8221; &#8211; olvashat\u00f3 a k\u00f6zlem\u00e9nyben.<\/p>\n<p>Forr\u00e1s. <a href=\"https:\/\/profitline.hu\/folytatodott-a-2023-as-bertargyalas-a-bkv-nal-444801\" target=\"_blank\" rel=\"nofollow noopener noreferrer\">profitline.hu<\/a><\/p>\n","protected":false},"excerpt":{"rendered":"<p>M\u00e9g nincs egyezs\u00e9g az idei b\u00e9rekr\u0151l a BKV-n\u00e1l. A tervek szerint a kulcspoz\u00edci\u00f3kban dolgoz\u00f3knak kiemelt fizet\u00e9st adn\u00e1nak, de egy\u00e9b p\u00f3tl\u00e9kokat is javasol a v\u00e1llalat vezet\u00e9se. Folytat\u00f3dott a b\u00e9rt\u00e1rgyal\u00e1s a BKV munk\u00e1ltat\u00f3i \u00e9s munkav\u00e1llal\u00f3i oldal k\u00e9pvisel\u0151i r\u00e9szv\u00e9tel\u00e9vel annak \u00e9rdek\u00e9ben, hogy k\u00f6zel\u00edts\u00e9k \u00e1ll\u00e1spontjaikat a 2023-as b\u00e9remel\u00e9ssel kapcsolatban &#8211; k\u00f6z\u00f6lte a BKV Zrt. az MTI-vel a k\u00e9tnapos egyeztet\u00e9st [&hellip;]<\/p>\n","protected":false},"author":1,"featured_media":6180,"comment_status":"open","ping_status":"open","sticky":false,"template":"","format":"standard","meta":{"_monsterinsights_skip_tracking":false,"footnotes":""},"categories":[200],"tags":[345,229,364],"class_list":["post-6179","post","type-post","status-publish","format-standard","has-post-thumbnail","hentry","category-munkaeropiac","tag-ber","tag-berek","tag-bkv"],"aioseo_notices":[],"aioseo_head":"\n\t\t<!-- All in One SEO 5.0.0.1 - aioseo.com -->\n\t<meta name=\"description\" content=\"M\u00e9g nincs egyezs\u00e9g az idei b\u00e9rekr\u0151l a BKV-n\u00e1l. A tervek szerint a kulcspoz\u00edci\u00f3kban dolgoz\u00f3knak kiemelt fizet\u00e9st adn\u00e1nak, de egy\u00e9b p\u00f3tl\u00e9kokat is javasolnak.\" \/>\n\t<meta name=\"robots\" content=\"max-image-preview:large\" \/>\n\t<meta name=\"author\" content=\"Juh\u00e1sz P\u00e9ter\"\/>\n\t<meta name=\"keywords\" content=\"b\u00e9r,b\u00e9rek,bkv\" \/>\n\t<link rel=\"canonical\" href=\"https:\/\/allasorias.hu\/hirek\/meg-nem-egyeztek-meg-a-berekrol\/\" \/>\n\t<meta name=\"generator\" content=\"All in One SEO (AIOSEO) 5.0.0.1\" \/>\n\t\t<meta property=\"og:locale\" content=\"hu_HU\" \/>\n\t\t<meta property=\"og:site_name\" content=\"AllasOrias.hu | H\u00edrek-lapszemle | \u00dczleti h\u00edrek az \u00e1ll\u00e1s \u00e9s a munka vil\u00e1g\u00e1b\u00f3l\" \/>\n\t\t<meta property=\"og:type\" content=\"article\" \/>\n\t\t<meta property=\"og:title\" content=\"M\u00e9g nem egyeztek meg a b\u00e9rekr\u0151l | Allasorias.hu\" \/>\n\t\t<meta property=\"og:description\" content=\"M\u00e9g nincs egyezs\u00e9g az idei b\u00e9rekr\u0151l a BKV-n\u00e1l. A tervek szerint a kulcspoz\u00edci\u00f3kban dolgoz\u00f3knak kiemelt fizet\u00e9st adn\u00e1nak, de egy\u00e9b p\u00f3tl\u00e9kokat is javasolnak.\" \/>\n\t\t<meta property=\"og:url\" content=\"https:\/\/allasorias.hu\/hirek\/meg-nem-egyeztek-meg-a-berekrol\/\" \/>\n\t\t<meta property=\"og:image\" content=\"https:\/\/allasorias.hu\/hirek\/wp-content\/uploads\/2023\/01\/BKV-bertargyalas.jpg\" \/>\n\t\t<meta property=\"og:image:secure_url\" content=\"https:\/\/allasorias.hu\/hirek\/wp-content\/uploads\/2023\/01\/BKV-bertargyalas.jpg\" \/>\n\t\t<meta property=\"og:image:width\" content=\"1280\" \/>\n\t\t<meta property=\"og:image:height\" content=\"853\" \/>\n\t\t<meta property=\"article:published_time\" content=\"2023-01-27T08:10:51+00:00\" \/>\n\t\t<meta property=\"article:modified_time\" content=\"2023-01-27T08:14:04+00:00\" \/>\n\t\t<meta property=\"article:publisher\" content=\"https:\/\/www.facebook.com\/allasorias\" \/>\n\t\t<meta name=\"twitter:card\" content=\"summary_large_image\" \/>\n\t\t<meta name=\"twitter:title\" content=\"M\u00e9g nem egyeztek meg a b\u00e9rekr\u0151l | Allasorias.hu\" \/>\n\t\t<meta name=\"twitter:description\" content=\"M\u00e9g nincs egyezs\u00e9g az idei b\u00e9rekr\u0151l a BKV-n\u00e1l. A tervek szerint a kulcspoz\u00edci\u00f3kban dolgoz\u00f3knak kiemelt fizet\u00e9st adn\u00e1nak, de egy\u00e9b p\u00f3tl\u00e9kokat is javasolnak.\" \/>\n\t\t<meta name=\"twitter:image\" content=\"https:\/\/allasorias.hu\/hirek\/wp-content\/uploads\/2023\/01\/BKV-bertargyalas.jpg\" \/>\n\t\t<meta name=\"twitter:label1\" content=\"Written by\" \/>\n\t\t<meta name=\"twitter:data1\" content=\"Juh\u00e1sz P\u00e9ter\" \/>\n\t\t<meta name=\"twitter:label2\" content=\"Est. reading time\" \/>\n\t\t<meta name=\"twitter:data2\" content=\"1 minute\" \/>\n\t\t<script type=\"application\/ld+json\" class=\"aioseo-schema\">\n\t\t\t{\"@context\":\"https:\\\/\\\/schema.org\",\"@graph\":[{\"@type\":\"Article\",\"@id\":\"https:\\\/\\\/allasorias.hu\\\/hirek\\\/meg-nem-egyeztek-meg-a-berekrol\\\/#article\",\"name\":\"M\\u00e9g nem egyeztek meg a b\\u00e9rekr\\u0151l | Allasorias.hu\",\"headline\":\"M\\u00e9g nem egyeztek meg a b\\u00e9rekr\\u0151l\",\"author\":{\"@id\":\"https:\\\/\\\/allasorias.hu\\\/hirek\\\/author\\\/admin-allasorias\\\/#author\"},\"publisher\":{\"@id\":\"https:\\\/\\\/allasorias.hu\\\/hirek\\\/#organization\"},\"image\":{\"@type\":\"ImageObject\",\"url\":\"https:\\\/\\\/allasorias.hu\\\/hirek\\\/wp-content\\\/uploads\\\/2023\\\/01\\\/BKV-bertargyalas.jpg\",\"width\":1280,\"height\":853,\"caption\":\"M\\u00e9g nem egyeztek meg a b\\u00e9rekr\\u0151l - Allasorias.hu\\\/Hirek\"},\"datePublished\":\"2023-01-27T08:10:51+02:00\",\"dateModified\":\"2023-01-27T08:14:04+02:00\",\"inLanguage\":\"hu-HU\",\"mainEntityOfPage\":{\"@id\":\"https:\\\/\\\/allasorias.hu\\\/hirek\\\/meg-nem-egyeztek-meg-a-berekrol\\\/#webpage\"},\"isPartOf\":{\"@id\":\"https:\\\/\\\/allasorias.hu\\\/hirek\\\/meg-nem-egyeztek-meg-a-berekrol\\\/#webpage\"},\"articleSection\":\"Munkaer\\u0151piac, b\\u00e9r, b\\u00e9rek, BKV\"},{\"@type\":\"BreadcrumbList\",\"@id\":\"https:\\\/\\\/allasorias.hu\\\/hirek\\\/meg-nem-egyeztek-meg-a-berekrol\\\/#breadcrumblist\",\"itemListElement\":[{\"@type\":\"ListItem\",\"@id\":\"https:\\\/\\\/allasorias.hu\\\/hirek#listItem\",\"position\":1,\"name\":\"Home\",\"item\":\"https:\\\/\\\/allasorias.hu\\\/hirek\",\"nextItem\":{\"@type\":\"ListItem\",\"@id\":\"https:\\\/\\\/allasorias.hu\\\/hirek\\\/temak\\\/munkaeropiac\\\/#listItem\",\"name\":\"Munkaer\\u0151piac\"}},{\"@type\":\"ListItem\",\"@id\":\"https:\\\/\\\/allasorias.hu\\\/hirek\\\/temak\\\/munkaeropiac\\\/#listItem\",\"position\":2,\"name\":\"Munkaer\\u0151piac\",\"item\":\"https:\\\/\\\/allasorias.hu\\\/hirek\\\/temak\\\/munkaeropiac\\\/\",\"nextItem\":{\"@type\":\"ListItem\",\"@id\":\"https:\\\/\\\/allasorias.hu\\\/hirek\\\/meg-nem-egyeztek-meg-a-berekrol\\\/#listItem\",\"name\":\"M\\u00e9g nem egyeztek meg a b\\u00e9rekr\\u0151l\"},\"previousItem\":{\"@type\":\"ListItem\",\"@id\":\"https:\\\/\\\/allasorias.hu\\\/hirek#listItem\",\"name\":\"Home\"}},{\"@type\":\"ListItem\",\"@id\":\"https:\\\/\\\/allasorias.hu\\\/hirek\\\/meg-nem-egyeztek-meg-a-berekrol\\\/#listItem\",\"position\":3,\"name\":\"M\\u00e9g nem egyeztek meg a b\\u00e9rekr\\u0151l\",\"previousItem\":{\"@type\":\"ListItem\",\"@id\":\"https:\\\/\\\/allasorias.hu\\\/hirek\\\/temak\\\/munkaeropiac\\\/#listItem\",\"name\":\"Munkaer\\u0151piac\"}}]},{\"@type\":\"Organization\",\"@id\":\"https:\\\/\\\/allasorias.hu\\\/hirek\\\/#organization\",\"name\":\"AllasOrias.hu | H\\u00edrek-lapszemle\",\"description\":\"\\u00dczleti h\\u00edrek az \\u00e1ll\\u00e1s \\u00e9s a munka vil\\u00e1g\\u00e1b\\u00f3l\",\"url\":\"https:\\\/\\\/allasorias.hu\\\/hirek\\\/\",\"logo\":{\"@type\":\"ImageObject\",\"url\":\"https:\\\/\\\/allasorias.hu\\\/hirek\\\/wp-content\\\/uploads\\\/2022\\\/10\\\/allasorias_site_facebok_logo.png\",\"@id\":\"https:\\\/\\\/allasorias.hu\\\/hirek\\\/meg-nem-egyeztek-meg-a-berekrol\\\/#organizationLogo\"},\"image\":{\"@id\":\"https:\\\/\\\/allasorias.hu\\\/hirek\\\/meg-nem-egyeztek-meg-a-berekrol\\\/#organizationLogo\"},\"sameAs\":[\"https:\\\/\\\/www.facebook.com\\\/allasorias\",\"https:\\\/\\\/www.linkedin.com\\\/company\\\/allasorias\"]},{\"@type\":\"Person\",\"@id\":\"https:\\\/\\\/allasorias.hu\\\/hirek\\\/author\\\/admin-allasorias\\\/#author\",\"url\":\"https:\\\/\\\/allasorias.hu\\\/hirek\\\/author\\\/admin-allasorias\\\/\",\"name\":\"Juh\\u00e1sz P\\u00e9ter\",\"image\":{\"@type\":\"ImageObject\",\"@id\":\"https:\\\/\\\/allasorias.hu\\\/hirek\\\/meg-nem-egyeztek-meg-a-berekrol\\\/#authorImage\",\"url\":\"https:\\\/\\\/secure.gravatar.com\\\/avatar\\\/36e6bcb83148978b992977cb0f54d22feb0cce8a0a849a9410532bb2623ba4c6?s=96&d=mm&r=g\",\"width\":96,\"height\":96,\"caption\":\"Juh\\u00e1sz P\\u00e9ter\"}},{\"@type\":\"WebPage\",\"@id\":\"https:\\\/\\\/allasorias.hu\\\/hirek\\\/meg-nem-egyeztek-meg-a-berekrol\\\/#webpage\",\"url\":\"https:\\\/\\\/allasorias.hu\\\/hirek\\\/meg-nem-egyeztek-meg-a-berekrol\\\/\",\"name\":\"M\\u00e9g nem egyeztek meg a b\\u00e9rekr\\u0151l | Allasorias.hu\",\"description\":\"M\\u00e9g nincs egyezs\\u00e9g az idei b\\u00e9rekr\\u0151l a BKV-n\\u00e1l. A tervek szerint a kulcspoz\\u00edci\\u00f3kban dolgoz\\u00f3knak kiemelt fizet\\u00e9st adn\\u00e1nak, de egy\\u00e9b p\\u00f3tl\\u00e9kokat is javasolnak.\",\"inLanguage\":\"hu-HU\",\"isPartOf\":{\"@id\":\"https:\\\/\\\/allasorias.hu\\\/hirek\\\/#website\"},\"breadcrumb\":{\"@id\":\"https:\\\/\\\/allasorias.hu\\\/hirek\\\/meg-nem-egyeztek-meg-a-berekrol\\\/#breadcrumblist\"},\"author\":{\"@id\":\"https:\\\/\\\/allasorias.hu\\\/hirek\\\/author\\\/admin-allasorias\\\/#author\"},\"creator\":{\"@id\":\"https:\\\/\\\/allasorias.hu\\\/hirek\\\/author\\\/admin-allasorias\\\/#author\"},\"image\":{\"@type\":\"ImageObject\",\"url\":\"https:\\\/\\\/allasorias.hu\\\/hirek\\\/wp-content\\\/uploads\\\/2023\\\/01\\\/BKV-bertargyalas.jpg\",\"@id\":\"https:\\\/\\\/allasorias.hu\\\/hirek\\\/meg-nem-egyeztek-meg-a-berekrol\\\/#mainImage\",\"width\":1280,\"height\":853,\"caption\":\"M\\u00e9g nem egyeztek meg a b\\u00e9rekr\\u0151l - Allasorias.hu\\\/Hirek\"},\"primaryImageOfPage\":{\"@id\":\"https:\\\/\\\/allasorias.hu\\\/hirek\\\/meg-nem-egyeztek-meg-a-berekrol\\\/#mainImage\"},\"datePublished\":\"2023-01-27T08:10:51+02:00\",\"dateModified\":\"2023-01-27T08:14:04+02:00\"},{\"@type\":\"WebSite\",\"@id\":\"https:\\\/\\\/allasorias.hu\\\/hirek\\\/#website\",\"url\":\"https:\\\/\\\/allasorias.hu\\\/hirek\\\/\",\"name\":\"AllasOrias.hu | H\\u00edrek-lapszemle\",\"description\":\"\\u00dczleti h\\u00edrek az \\u00e1ll\\u00e1s \\u00e9s a munka vil\\u00e1g\\u00e1b\\u00f3l\",\"inLanguage\":\"hu-HU\",\"publisher\":{\"@id\":\"https:\\\/\\\/allasorias.hu\\\/hirek\\\/#organization\"}}]}\n\t\t<\/script>\n\t\t<!-- All in One SEO -->\n\n","aioseo_head_json":{"title":"M\u00e9g nem egyeztek meg a b\u00e9rekr\u0151l | Allasorias.hu","description":"M\u00e9g nincs egyezs\u00e9g az idei b\u00e9rekr\u0151l a BKV-n\u00e1l. A tervek szerint a kulcspoz\u00edci\u00f3kban dolgoz\u00f3knak kiemelt fizet\u00e9st adn\u00e1nak, de egy\u00e9b p\u00f3tl\u00e9kokat is javasolnak.","canonical_url":"https:\/\/allasorias.hu\/hirek\/meg-nem-egyeztek-meg-a-berekrol\/","robots":"max-image-preview:large","keywords":"b\u00e9r,b\u00e9rek,bkv","webmasterTools":{"miscellaneous":""},"schema":{"@context":"https:\/\/schema.org","@graph":[{"@type":"Article","@id":"https:\/\/allasorias.hu\/hirek\/meg-nem-egyeztek-meg-a-berekrol\/#article","name":"M\u00e9g nem egyeztek meg a b\u00e9rekr\u0151l | Allasorias.hu","headline":"M\u00e9g nem egyeztek meg a b\u00e9rekr\u0151l","author":{"@id":"https:\/\/allasorias.hu\/hirek\/author\/admin-allasorias\/#author"},"publisher":{"@id":"https:\/\/allasorias.hu\/hirek\/#organization"},"image":{"@type":"ImageObject","url":"https:\/\/allasorias.hu\/hirek\/wp-content\/uploads\/2023\/01\/BKV-bertargyalas.jpg","width":1280,"height":853,"caption":"M\u00e9g nem egyeztek meg a b\u00e9rekr\u0151l - Allasorias.hu\/Hirek"},"datePublished":"2023-01-27T08:10:51+02:00","dateModified":"2023-01-27T08:14:04+02:00","inLanguage":"hu-HU","mainEntityOfPage":{"@id":"https:\/\/allasorias.hu\/hirek\/meg-nem-egyeztek-meg-a-berekrol\/#webpage"},"isPartOf":{"@id":"https:\/\/allasorias.hu\/hirek\/meg-nem-egyeztek-meg-a-berekrol\/#webpage"},"articleSection":"Munkaer\u0151piac, b\u00e9r, b\u00e9rek, BKV"},{"@type":"BreadcrumbList","@id":"https:\/\/allasorias.hu\/hirek\/meg-nem-egyeztek-meg-a-berekrol\/#breadcrumblist","itemListElement":[{"@type":"ListItem","@id":"https:\/\/allasorias.hu\/hirek#listItem","position":1,"name":"Home","item":"https:\/\/allasorias.hu\/hirek","nextItem":{"@type":"ListItem","@id":"https:\/\/allasorias.hu\/hirek\/temak\/munkaeropiac\/#listItem","name":"Munkaer\u0151piac"}},{"@type":"ListItem","@id":"https:\/\/allasorias.hu\/hirek\/temak\/munkaeropiac\/#listItem","position":2,"name":"Munkaer\u0151piac","item":"https:\/\/allasorias.hu\/hirek\/temak\/munkaeropiac\/","nextItem":{"@type":"ListItem","@id":"https:\/\/allasorias.hu\/hirek\/meg-nem-egyeztek-meg-a-berekrol\/#listItem","name":"M\u00e9g nem egyeztek meg a b\u00e9rekr\u0151l"},"previousItem":{"@type":"ListItem","@id":"https:\/\/allasorias.hu\/hirek#listItem","name":"Home"}},{"@type":"ListItem","@id":"https:\/\/allasorias.hu\/hirek\/meg-nem-egyeztek-meg-a-berekrol\/#listItem","position":3,"name":"M\u00e9g nem egyeztek meg a b\u00e9rekr\u0151l","previousItem":{"@type":"ListItem","@id":"https:\/\/allasorias.hu\/hirek\/temak\/munkaeropiac\/#listItem","name":"Munkaer\u0151piac"}}]},{"@type":"Organization","@id":"https:\/\/allasorias.hu\/hirek\/#organization","name":"AllasOrias.hu | H\u00edrek-lapszemle","description":"\u00dczleti h\u00edrek az \u00e1ll\u00e1s \u00e9s a munka vil\u00e1g\u00e1b\u00f3l","url":"https:\/\/allasorias.hu\/hirek\/","logo":{"@type":"ImageObject","url":"https:\/\/allasorias.hu\/hirek\/wp-content\/uploads\/2022\/10\/allasorias_site_facebok_logo.png","@id":"https:\/\/allasorias.hu\/hirek\/meg-nem-egyeztek-meg-a-berekrol\/#organizationLogo"},"image":{"@id":"https:\/\/allasorias.hu\/hirek\/meg-nem-egyeztek-meg-a-berekrol\/#organizationLogo"},"sameAs":["https:\/\/www.facebook.com\/allasorias","https:\/\/www.linkedin.com\/company\/allasorias"]},{"@type":"Person","@id":"https:\/\/allasorias.hu\/hirek\/author\/admin-allasorias\/#author","url":"https:\/\/allasorias.hu\/hirek\/author\/admin-allasorias\/","name":"Juh\u00e1sz P\u00e9ter","image":{"@type":"ImageObject","@id":"https:\/\/allasorias.hu\/hirek\/meg-nem-egyeztek-meg-a-berekrol\/#authorImage","url":"https:\/\/secure.gravatar.com\/avatar\/36e6bcb83148978b992977cb0f54d22feb0cce8a0a849a9410532bb2623ba4c6?s=96&d=mm&r=g","width":96,"height":96,"caption":"Juh\u00e1sz P\u00e9ter"}},{"@type":"WebPage","@id":"https:\/\/allasorias.hu\/hirek\/meg-nem-egyeztek-meg-a-berekrol\/#webpage","url":"https:\/\/allasorias.hu\/hirek\/meg-nem-egyeztek-meg-a-berekrol\/","name":"M\u00e9g nem egyeztek meg a b\u00e9rekr\u0151l | Allasorias.hu","description":"M\u00e9g nincs egyezs\u00e9g az idei b\u00e9rekr\u0151l a BKV-n\u00e1l. A tervek szerint a kulcspoz\u00edci\u00f3kban dolgoz\u00f3knak kiemelt fizet\u00e9st adn\u00e1nak, de egy\u00e9b p\u00f3tl\u00e9kokat is javasolnak.","inLanguage":"hu-HU","isPartOf":{"@id":"https:\/\/allasorias.hu\/hirek\/#website"},"breadcrumb":{"@id":"https:\/\/allasorias.hu\/hirek\/meg-nem-egyeztek-meg-a-berekrol\/#breadcrumblist"},"author":{"@id":"https:\/\/allasorias.hu\/hirek\/author\/admin-allasorias\/#author"},"creator":{"@id":"https:\/\/allasorias.hu\/hirek\/author\/admin-allasorias\/#author"},"image":{"@type":"ImageObject","url":"https:\/\/allasorias.hu\/hirek\/wp-content\/uploads\/2023\/01\/BKV-bertargyalas.jpg","@id":"https:\/\/allasorias.hu\/hirek\/meg-nem-egyeztek-meg-a-berekrol\/#mainImage","width":1280,"height":853,"caption":"M\u00e9g nem egyeztek meg a b\u00e9rekr\u0151l - Allasorias.hu\/Hirek"},"primaryImageOfPage":{"@id":"https:\/\/allasorias.hu\/hirek\/meg-nem-egyeztek-meg-a-berekrol\/#mainImage"},"datePublished":"2023-01-27T08:10:51+02:00","dateModified":"2023-01-27T08:14:04+02:00"},{"@type":"WebSite","@id":"https:\/\/allasorias.hu\/hirek\/#website","url":"https:\/\/allasorias.hu\/hirek\/","name":"AllasOrias.hu | H\u00edrek-lapszemle","description":"\u00dczleti h\u00edrek az \u00e1ll\u00e1s \u00e9s a munka vil\u00e1g\u00e1b\u00f3l","inLanguage":"hu-HU","publisher":{"@id":"https:\/\/allasorias.hu\/hirek\/#organization"}}]},"og:locale":"hu_HU","og:site_name":"AllasOrias.hu | H\u00edrek-lapszemle | \u00dczleti h\u00edrek az \u00e1ll\u00e1s \u00e9s a munka vil\u00e1g\u00e1b\u00f3l","og:type":"article","og:title":"M\u00e9g nem egyeztek meg a b\u00e9rekr\u0151l | Allasorias.hu","og:description":"M\u00e9g nincs egyezs\u00e9g az idei b\u00e9rekr\u0151l a BKV-n\u00e1l. A tervek szerint a kulcspoz\u00edci\u00f3kban dolgoz\u00f3knak kiemelt fizet\u00e9st adn\u00e1nak, de egy\u00e9b p\u00f3tl\u00e9kokat is javasolnak.","og:url":"https:\/\/allasorias.hu\/hirek\/meg-nem-egyeztek-meg-a-berekrol\/","og:image":"https:\/\/allasorias.hu\/hirek\/wp-content\/uploads\/2023\/01\/BKV-bertargyalas.jpg","og:image:secure_url":"https:\/\/allasorias.hu\/hirek\/wp-content\/uploads\/2023\/01\/BKV-bertargyalas.jpg","og:image:width":1280,"og:image:height":853,"article:published_time":"2023-01-27T08:10:51+00:00","article:modified_time":"2023-01-27T08:14:04+00:00","article:publisher":"https:\/\/www.facebook.com\/allasorias","twitter:card":"summary_large_image","twitter:title":"M\u00e9g nem egyeztek meg a b\u00e9rekr\u0151l | Allasorias.hu","twitter:description":"M\u00e9g nincs egyezs\u00e9g az idei b\u00e9rekr\u0151l a BKV-n\u00e1l. A tervek szerint a kulcspoz\u00edci\u00f3kban dolgoz\u00f3knak kiemelt fizet\u00e9st adn\u00e1nak, de egy\u00e9b p\u00f3tl\u00e9kokat is javasolnak.","twitter:image":"https:\/\/allasorias.hu\/hirek\/wp-content\/uploads\/2023\/01\/BKV-bertargyalas.jpg","twitter:label1":"Written by","twitter:data1":"Juh\u00e1sz P\u00e9ter","twitter:label2":"Est. reading time","twitter:data2":"1 minute"},"aioseo_meta_data":{"post_id":"6179","title":"#post_title | Allasorias.hu","description":"M\u00e9g nincs egyezs\u00e9g az idei b\u00e9rekr\u0151l a BKV-n\u00e1l. A tervek szerint a kulcspoz\u00edci\u00f3kban dolgoz\u00f3knak kiemelt fizet\u00e9st adn\u00e1nak, de egy\u00e9b p\u00f3tl\u00e9kokat is javasolnak.","keywords":[],"keyphrases":{"focus":{"keyphrase":null,"score":46,"analysis":{"keyphraseInTitle":{"title":"Focus keyphrase in SEO title","description":"Focus keyphrase not found in SEO title.","score":3,"maxScore":9,"error":1},"keyphraseInDescription":{"title":"Focus keyphrase in meta description","description":"Focus keyphrase not found in meta description.","score":3,"maxScore":9,"error":1},"keyphraseLength":{"title":"Focus keyphrase length","description":"Good job!","score":9,"maxScore":9,"error":0,"length":2},"keyphraseInURL":{"title":"Focus keyphrase in URL","description":"Focus keyphrase not found in the URL.","score":1,"maxScore":5,"error":1},"keyphraseInIntroduction":{"title":"Focus keyphrase in introduction","description":"Your Focus keyphrase does not appear in the first paragraph. Make sure the topic is clear immediately.","score":3,"maxScore":9,"error":1},"keyphraseInSubHeadings":[],"keyphraseInImageAlt":[]}},"additional":[]},"primary_term":null,"canonical_url":null,"og_title":null,"og_description":null,"og_object_type":"default","og_image_type":"default","og_image_url":null,"og_image_width":null,"og_image_height":null,"og_image_custom_url":null,"og_image_custom_fields":null,"og_video":"","og_custom_url":null,"og_article_section":null,"og_article_tags":[],"twitter_use_og":true,"twitter_card":"default","twitter_image_type":"default","twitter_image_url":null,"twitter_image_custom_url":null,"twitter_image_custom_fields":null,"twitter_title":null,"twitter_description":null,"schema":{"blockGraphs":[],"customGraphs":[],"default":{"data":{"Article":[],"Course":[],"Dataset":[],"FAQPage":[],"Movie":[],"Person":[],"Product":[],"ProductReview":[],"Car":[],"Recipe":[],"Service":[],"SoftwareApplication":[],"WebPage":[]},"graphName":"Article","isEnabled":true},"graphs":[]},"schema_type":"default","schema_type_options":null,"pillar_content":false,"robots_default":true,"robots_noindex":false,"robots_noarchive":false,"robots_nosnippet":false,"robots_nofollow":false,"robots_noimageindex":false,"robots_noodp":false,"robots_notranslate":false,"robots_max_snippet":"-1","robots_max_videopreview":"-1","robots_max_imagepreview":"large","priority":null,"frequency":"default","location":null,"local_seo":null,"breadcrumb_settings":null,"limit_modified_date":false,"ai":null,"created":"2023-01-27 08:02:45","updated":"2025-10-02 18:01:28","seo_analyzer_scan_date":null,"focus_keyword":null,"additional_keywords":null,"truseo_locale":null},"aioseo_breadcrumb":"<div class=\"aioseo-breadcrumbs\"><span class=\"aioseo-breadcrumb\">\n\t\t\t<a href=\"https:\/\/allasorias.hu\/hirek\" title=\"Home\">Home<\/a>\n\t\t<\/span><span class=\"aioseo-breadcrumb-separator\">&raquo;<\/span><span class=\"aioseo-breadcrumb\">\n\t\t\t<a href=\"https:\/\/allasorias.hu\/hirek\/temak\/munkaeropiac\/\" title=\"Munkaer\u0151piac\">Munkaer\u0151piac<\/a>\n\t\t<\/span><span class=\"aioseo-breadcrumb-separator\">&raquo;<\/span><span class=\"aioseo-breadcrumb\">\n\t\t\tM\u00e9g nem egyeztek meg a b\u00e9rekr\u0151l\n\t\t<\/span><\/div>","aioseo_breadcrumb_json":[{"label":"Home","link":"https:\/\/allasorias.hu\/hirek"},{"label":"Munkaer\u0151piac","link":"https:\/\/allasorias.hu\/hirek\/temak\/munkaeropiac\/"},{"label":"M\u00e9g nem egyeztek meg a b\u00e9rekr\u0151l","link":"https:\/\/allasorias.hu\/hirek\/meg-nem-egyeztek-meg-a-berekrol\/"}],"_links":{"self":[{"href":"https:\/\/allasorias.hu\/hirek\/wp-json\/wp\/v2\/posts\/6179","targetHints":{"allow":["GET"]}}],"collection":[{"href":"https:\/\/allasorias.hu\/hirek\/wp-json\/wp\/v2\/posts"}],"about":[{"href":"https:\/\/allasorias.hu\/hirek\/wp-json\/wp\/v2\/types\/post"}],"author":[{"embeddable":true,"href":"https:\/\/allasorias.hu\/hirek\/wp-json\/wp\/v2\/users\/1"}],"replies":[{"embeddable":true,"href":"https:\/\/allasorias.hu\/hirek\/wp-json\/wp\/v2\/comments?post=6179"}],"version-history":[{"count":3,"href":"https:\/\/allasorias.hu\/hirek\/wp-json\/wp\/v2\/posts\/6179\/revisions"}],"predecessor-version":[{"id":6184,"href":"https:\/\/allasorias.hu\/hirek\/wp-json\/wp\/v2\/posts\/6179\/revisions\/6184"}],"wp:featuredmedia":[{"embeddable":true,"href":"https:\/\/allasorias.hu\/hirek\/wp-json\/wp\/v2\/media\/6180"}],"wp:attachment":[{"href":"https:\/\/allasorias.hu\/hirek\/wp-json\/wp\/v2\/media?parent=6179"}],"wp:term":[{"taxonomy":"category","embeddable":true,"href":"https:\/\/allasorias.hu\/hirek\/wp-json\/wp\/v2\/categories?post=6179"},{"taxonomy":"post_tag","embeddable":true,"href":"https:\/\/allasorias.hu\/hirek\/wp-json\/wp\/v2\/tags?post=6179"}],"curies":[{"name":"wp","href":"https:\/\/api.w.org\/{rel}","templated":true}]}}