{"id":6176,"date":"2023-01-26T08:15:21","date_gmt":"2023-01-26T08:15:21","guid":{"rendered":"https:\/\/allasorias.hu\/hirek\/?p=6176"},"modified":"2023-01-26T08:15:21","modified_gmt":"2023-01-26T08:15:21","slug":"kozel-200-ezren-vannak-munka-nelkul","status":"publish","type":"post","link":"https:\/\/allasorias.hu\/hirek\/kozel-200-ezren-vannak-munka-nelkul\/","title":{"rendered":"K\u00f6zel 200 ezren vannak munka n\u00e9lk\u00fcl"},"content":{"rendered":"<p><strong>Cs\u00facsot d\u00f6nt\u00f6tt a munkan\u00e9lk\u00fclis\u00e9g haz\u00e1nkban a Portfolio szerint. A K\u00f6zponti Statisztikai Hivatal szerint enn\u00e9l jobb a helyzet.<\/strong><\/p>\n<p>Nemr\u00e9g m\u00f3dszert v\u00e1ltott a KSH a munkan\u00e9lk\u00fclis\u00e9g becsl\u00e9se kapcs\u00e1n, \u00e9s az\u00f3ta kisebb az ingadoz\u00e1s az adatokban.\u00a0 A Portfolio sz\u00e1m\u00edt\u00e1sai szerint a nyers adatokb\u00f3l m\u00e1r azt lehet kiolvasni, hogy 200 ezer felett van a munkan\u00e9lk\u00fcliek sz\u00e1ma. A KSH ugyanis nem k\u00f6zli ezeket a nyers adatokat, mind\u00f6ssze becsl\u00e9st k\u00f6z\u00f6l, \u00edgy neh\u00e9z pontosan meg\u00e1llap\u00edtani az igazi sz\u00e1mot. A hivatal kiadott adatai szerint novemberben 187 ezer magyar volt munka n\u00e9lk\u00fcl, ami 3,8%-os munkan\u00e9lk\u00fcli r\u00e1t\u00e1t jelent. A Portfolio azonban \u00fagy sz\u00e1mol, hogy a munkan\u00e9lk\u00fclis\u00e9g m\u00e1r meghaladja a 4%-ot a lakoss\u00e1g k\u00f6r\u00e9ben, a KSH adatai tomp\u00edtj\u00e1k az eddigi ingadoz\u00e1st. A lap \u00e1ltal meg\u00e1llap\u00edtott\u00a0 4%-os \u00e9rt\u00e9k azt jelenti, hogy a novemberi munkan\u00e9lk\u00fclis\u00e9g egy\u00e9ves cs\u00facsot d\u00f6nt\u00f6tt meg: 2021 november\u00e9ben k\u00f6r\u00fclbel\u00fcl ugyanennyi magyar lehetett munka n\u00e9lk\u00fcl.<\/p>\n<p>&nbsp;<\/p>\n<p>Forr\u00e1s: <a href=\"https:\/\/www.penzcentrum.hu\/karrier\/20230126\/erik-a-baj-a-magyar-munkaeropiacon-egyre-tobb-embernek-nincs-allasa-1133398\">penzcentrum.hu<\/a><\/p>\n","protected":false},"excerpt":{"rendered":"<p>Cs\u00facsot d\u00f6nt\u00f6tt a munkan\u00e9lk\u00fclis\u00e9g haz\u00e1nkban a Portfolio szerint. A K\u00f6zponti Statisztikai Hivatal szerint enn\u00e9l jobb a helyzet. Nemr\u00e9g m\u00f3dszert v\u00e1ltott a KSH a munkan\u00e9lk\u00fclis\u00e9g becsl\u00e9se kapcs\u00e1n, \u00e9s az\u00f3ta kisebb az ingadoz\u00e1s az adatokban.\u00a0 A Portfolio sz\u00e1m\u00edt\u00e1sai szerint a nyers adatokb\u00f3l m\u00e1r azt lehet kiolvasni, hogy 200 ezer felett van a munkan\u00e9lk\u00fcliek sz\u00e1ma. A KSH ugyanis [&hellip;]<\/p>\n","protected":false},"author":1,"featured_media":6177,"comment_status":"open","ping_status":"open","sticky":false,"template":"","format":"standard","meta":{"_monsterinsights_skip_tracking":false,"footnotes":""},"categories":[200],"tags":[338,81],"class_list":["post-6176","post","type-post","status-publish","format-standard","has-post-thumbnail","hentry","category-munkaeropiac","tag-ksh","tag-munkanelkuliseg-2"],"aioseo_notices":[],"aioseo_head":"\n\t\t<!-- All in One SEO 5.0.0.1 - aioseo.com -->\n\t<meta name=\"description\" content=\"Cs\u00facsot d\u00f6nt\u00f6tt a munkan\u00e9lk\u00fclis\u00e9g haz\u00e1nkban a Portfolio szerint. A K\u00f6zponti Statisztikai Hivatal szerint enn\u00e9l jobb a helyzet.\" \/>\n\t<meta name=\"robots\" content=\"max-image-preview:large\" \/>\n\t<meta name=\"author\" content=\"Juh\u00e1sz P\u00e9ter\"\/>\n\t<meta name=\"keywords\" content=\"ksh,munkan\u00e9lk\u00fclis\u00e9g\" \/>\n\t<link rel=\"canonical\" href=\"https:\/\/allasorias.hu\/hirek\/kozel-200-ezren-vannak-munka-nelkul\/\" \/>\n\t<meta name=\"generator\" content=\"All in One SEO (AIOSEO) 5.0.0.1\" \/>\n\t\t<meta property=\"og:locale\" content=\"hu_HU\" \/>\n\t\t<meta property=\"og:site_name\" content=\"AllasOrias.hu | H\u00edrek-lapszemle | \u00dczleti h\u00edrek az \u00e1ll\u00e1s \u00e9s a munka vil\u00e1g\u00e1b\u00f3l\" \/>\n\t\t<meta property=\"og:type\" content=\"article\" \/>\n\t\t<meta property=\"og:title\" content=\"K\u00f6zel 200 ezren vannak munka n\u00e9lk\u00fcl | Allasorias.hu\/hirek\" \/>\n\t\t<meta property=\"og:description\" content=\"Cs\u00facsot d\u00f6nt\u00f6tt a munkan\u00e9lk\u00fclis\u00e9g haz\u00e1nkban a Portfolio szerint. A K\u00f6zponti Statisztikai Hivatal szerint enn\u00e9l jobb a helyzet.\" \/>\n\t\t<meta property=\"og:url\" content=\"https:\/\/allasorias.hu\/hirek\/kozel-200-ezren-vannak-munka-nelkul\/\" \/>\n\t\t<meta property=\"og:image\" content=\"https:\/\/allasorias.hu\/hirek\/wp-content\/uploads\/2023\/01\/Munkanelkuliseg.jpg\" \/>\n\t\t<meta property=\"og:image:secure_url\" content=\"https:\/\/allasorias.hu\/hirek\/wp-content\/uploads\/2023\/01\/Munkanelkuliseg.jpg\" \/>\n\t\t<meta property=\"og:image:width\" content=\"1280\" \/>\n\t\t<meta property=\"og:image:height\" content=\"668\" \/>\n\t\t<meta property=\"article:published_time\" content=\"2023-01-26T08:15:21+00:00\" \/>\n\t\t<meta property=\"article:modified_time\" content=\"2023-01-26T08:15:21+00:00\" \/>\n\t\t<meta property=\"article:publisher\" content=\"https:\/\/www.facebook.com\/allasorias\" \/>\n\t\t<meta name=\"twitter:card\" content=\"summary_large_image\" \/>\n\t\t<meta name=\"twitter:title\" content=\"K\u00f6zel 200 ezren vannak munka n\u00e9lk\u00fcl | Allasorias.hu\/hirek\" \/>\n\t\t<meta name=\"twitter:description\" content=\"Cs\u00facsot d\u00f6nt\u00f6tt a munkan\u00e9lk\u00fclis\u00e9g haz\u00e1nkban a Portfolio szerint. A K\u00f6zponti Statisztikai Hivatal szerint enn\u00e9l jobb a helyzet.\" \/>\n\t\t<meta name=\"twitter:image\" content=\"https:\/\/allasorias.hu\/hirek\/wp-content\/uploads\/2023\/01\/Munkanelkuliseg.jpg\" \/>\n\t\t<meta name=\"twitter:label1\" content=\"Written by\" \/>\n\t\t<meta name=\"twitter:data1\" content=\"Juh\u00e1sz P\u00e9ter\" \/>\n\t\t<meta name=\"twitter:label2\" content=\"Est. reading time\" \/>\n\t\t<meta name=\"twitter:data2\" content=\"1 minute\" \/>\n\t\t<script type=\"application\/ld+json\" class=\"aioseo-schema\">\n\t\t\t{\"@context\":\"https:\\\/\\\/schema.org\",\"@graph\":[{\"@type\":\"Article\",\"@id\":\"https:\\\/\\\/allasorias.hu\\\/hirek\\\/kozel-200-ezren-vannak-munka-nelkul\\\/#article\",\"name\":\"K\\u00f6zel 200 ezren vannak munka n\\u00e9lk\\u00fcl | Allasorias.hu\\\/hirek\",\"headline\":\"K\\u00f6zel 200 ezren vannak munka n\\u00e9lk\\u00fcl\",\"author\":{\"@id\":\"https:\\\/\\\/allasorias.hu\\\/hirek\\\/author\\\/admin-allasorias\\\/#author\"},\"publisher\":{\"@id\":\"https:\\\/\\\/allasorias.hu\\\/hirek\\\/#organization\"},\"image\":{\"@type\":\"ImageObject\",\"url\":\"https:\\\/\\\/allasorias.hu\\\/hirek\\\/wp-content\\\/uploads\\\/2023\\\/01\\\/Munkanelkuliseg.jpg\",\"width\":1280,\"height\":668,\"caption\":\"K\\u00f6zel 200 ezren vannak munka n\\u00e9lk\\u00fcl - Allasorias.hu\"},\"datePublished\":\"2023-01-26T08:15:21+02:00\",\"dateModified\":\"2023-01-26T08:15:21+02:00\",\"inLanguage\":\"hu-HU\",\"mainEntityOfPage\":{\"@id\":\"https:\\\/\\\/allasorias.hu\\\/hirek\\\/kozel-200-ezren-vannak-munka-nelkul\\\/#webpage\"},\"isPartOf\":{\"@id\":\"https:\\\/\\\/allasorias.hu\\\/hirek\\\/kozel-200-ezren-vannak-munka-nelkul\\\/#webpage\"},\"articleSection\":\"Munkaer\\u0151piac, KSH, munkan\\u00e9lk\\u00fclis\\u00e9g\"},{\"@type\":\"BreadcrumbList\",\"@id\":\"https:\\\/\\\/allasorias.hu\\\/hirek\\\/kozel-200-ezren-vannak-munka-nelkul\\\/#breadcrumblist\",\"itemListElement\":[{\"@type\":\"ListItem\",\"@id\":\"https:\\\/\\\/allasorias.hu\\\/hirek#listItem\",\"position\":1,\"name\":\"Home\",\"item\":\"https:\\\/\\\/allasorias.hu\\\/hirek\",\"nextItem\":{\"@type\":\"ListItem\",\"@id\":\"https:\\\/\\\/allasorias.hu\\\/hirek\\\/temak\\\/munkaeropiac\\\/#listItem\",\"name\":\"Munkaer\\u0151piac\"}},{\"@type\":\"ListItem\",\"@id\":\"https:\\\/\\\/allasorias.hu\\\/hirek\\\/temak\\\/munkaeropiac\\\/#listItem\",\"position\":2,\"name\":\"Munkaer\\u0151piac\",\"item\":\"https:\\\/\\\/allasorias.hu\\\/hirek\\\/temak\\\/munkaeropiac\\\/\",\"nextItem\":{\"@type\":\"ListItem\",\"@id\":\"https:\\\/\\\/allasorias.hu\\\/hirek\\\/kozel-200-ezren-vannak-munka-nelkul\\\/#listItem\",\"name\":\"K\\u00f6zel 200 ezren vannak munka n\\u00e9lk\\u00fcl\"},\"previousItem\":{\"@type\":\"ListItem\",\"@id\":\"https:\\\/\\\/allasorias.hu\\\/hirek#listItem\",\"name\":\"Home\"}},{\"@type\":\"ListItem\",\"@id\":\"https:\\\/\\\/allasorias.hu\\\/hirek\\\/kozel-200-ezren-vannak-munka-nelkul\\\/#listItem\",\"position\":3,\"name\":\"K\\u00f6zel 200 ezren vannak munka n\\u00e9lk\\u00fcl\",\"previousItem\":{\"@type\":\"ListItem\",\"@id\":\"https:\\\/\\\/allasorias.hu\\\/hirek\\\/temak\\\/munkaeropiac\\\/#listItem\",\"name\":\"Munkaer\\u0151piac\"}}]},{\"@type\":\"Organization\",\"@id\":\"https:\\\/\\\/allasorias.hu\\\/hirek\\\/#organization\",\"name\":\"AllasOrias.hu | H\\u00edrek-lapszemle\",\"description\":\"\\u00dczleti h\\u00edrek az \\u00e1ll\\u00e1s \\u00e9s a munka vil\\u00e1g\\u00e1b\\u00f3l\",\"url\":\"https:\\\/\\\/allasorias.hu\\\/hirek\\\/\",\"logo\":{\"@type\":\"ImageObject\",\"url\":\"https:\\\/\\\/allasorias.hu\\\/hirek\\\/wp-content\\\/uploads\\\/2022\\\/10\\\/allasorias_site_facebok_logo.png\",\"@id\":\"https:\\\/\\\/allasorias.hu\\\/hirek\\\/kozel-200-ezren-vannak-munka-nelkul\\\/#organizationLogo\"},\"image\":{\"@id\":\"https:\\\/\\\/allasorias.hu\\\/hirek\\\/kozel-200-ezren-vannak-munka-nelkul\\\/#organizationLogo\"},\"sameAs\":[\"https:\\\/\\\/www.facebook.com\\\/allasorias\",\"https:\\\/\\\/www.linkedin.com\\\/company\\\/allasorias\"]},{\"@type\":\"Person\",\"@id\":\"https:\\\/\\\/allasorias.hu\\\/hirek\\\/author\\\/admin-allasorias\\\/#author\",\"url\":\"https:\\\/\\\/allasorias.hu\\\/hirek\\\/author\\\/admin-allasorias\\\/\",\"name\":\"Juh\\u00e1sz P\\u00e9ter\",\"image\":{\"@type\":\"ImageObject\",\"@id\":\"https:\\\/\\\/allasorias.hu\\\/hirek\\\/kozel-200-ezren-vannak-munka-nelkul\\\/#authorImage\",\"url\":\"https:\\\/\\\/secure.gravatar.com\\\/avatar\\\/36e6bcb83148978b992977cb0f54d22feb0cce8a0a849a9410532bb2623ba4c6?s=96&d=mm&r=g\",\"width\":96,\"height\":96,\"caption\":\"Juh\\u00e1sz P\\u00e9ter\"}},{\"@type\":\"WebPage\",\"@id\":\"https:\\\/\\\/allasorias.hu\\\/hirek\\\/kozel-200-ezren-vannak-munka-nelkul\\\/#webpage\",\"url\":\"https:\\\/\\\/allasorias.hu\\\/hirek\\\/kozel-200-ezren-vannak-munka-nelkul\\\/\",\"name\":\"K\\u00f6zel 200 ezren vannak munka n\\u00e9lk\\u00fcl | Allasorias.hu\\\/hirek\",\"description\":\"Cs\\u00facsot d\\u00f6nt\\u00f6tt a munkan\\u00e9lk\\u00fclis\\u00e9g haz\\u00e1nkban a Portfolio szerint. A K\\u00f6zponti Statisztikai Hivatal szerint enn\\u00e9l jobb a helyzet.\",\"inLanguage\":\"hu-HU\",\"isPartOf\":{\"@id\":\"https:\\\/\\\/allasorias.hu\\\/hirek\\\/#website\"},\"breadcrumb\":{\"@id\":\"https:\\\/\\\/allasorias.hu\\\/hirek\\\/kozel-200-ezren-vannak-munka-nelkul\\\/#breadcrumblist\"},\"author\":{\"@id\":\"https:\\\/\\\/allasorias.hu\\\/hirek\\\/author\\\/admin-allasorias\\\/#author\"},\"creator\":{\"@id\":\"https:\\\/\\\/allasorias.hu\\\/hirek\\\/author\\\/admin-allasorias\\\/#author\"},\"image\":{\"@type\":\"ImageObject\",\"url\":\"https:\\\/\\\/allasorias.hu\\\/hirek\\\/wp-content\\\/uploads\\\/2023\\\/01\\\/Munkanelkuliseg.jpg\",\"@id\":\"https:\\\/\\\/allasorias.hu\\\/hirek\\\/kozel-200-ezren-vannak-munka-nelkul\\\/#mainImage\",\"width\":1280,\"height\":668,\"caption\":\"K\\u00f6zel 200 ezren vannak munka n\\u00e9lk\\u00fcl - Allasorias.hu\"},\"primaryImageOfPage\":{\"@id\":\"https:\\\/\\\/allasorias.hu\\\/hirek\\\/kozel-200-ezren-vannak-munka-nelkul\\\/#mainImage\"},\"datePublished\":\"2023-01-26T08:15:21+02:00\",\"dateModified\":\"2023-01-26T08:15:21+02:00\"},{\"@type\":\"WebSite\",\"@id\":\"https:\\\/\\\/allasorias.hu\\\/hirek\\\/#website\",\"url\":\"https:\\\/\\\/allasorias.hu\\\/hirek\\\/\",\"name\":\"AllasOrias.hu | H\\u00edrek-lapszemle\",\"description\":\"\\u00dczleti h\\u00edrek az \\u00e1ll\\u00e1s \\u00e9s a munka vil\\u00e1g\\u00e1b\\u00f3l\",\"inLanguage\":\"hu-HU\",\"publisher\":{\"@id\":\"https:\\\/\\\/allasorias.hu\\\/hirek\\\/#organization\"}}]}\n\t\t<\/script>\n\t\t<!-- All in One SEO -->\n\n","aioseo_head_json":{"title":"K\u00f6zel 200 ezren vannak munka n\u00e9lk\u00fcl | Allasorias.hu\/hirek","description":"Cs\u00facsot d\u00f6nt\u00f6tt a munkan\u00e9lk\u00fclis\u00e9g haz\u00e1nkban a Portfolio szerint. A K\u00f6zponti Statisztikai Hivatal szerint enn\u00e9l jobb a helyzet.","canonical_url":"https:\/\/allasorias.hu\/hirek\/kozel-200-ezren-vannak-munka-nelkul\/","robots":"max-image-preview:large","keywords":"ksh,munkan\u00e9lk\u00fclis\u00e9g","webmasterTools":{"miscellaneous":""},"schema":{"@context":"https:\/\/schema.org","@graph":[{"@type":"Article","@id":"https:\/\/allasorias.hu\/hirek\/kozel-200-ezren-vannak-munka-nelkul\/#article","name":"K\u00f6zel 200 ezren vannak munka n\u00e9lk\u00fcl | Allasorias.hu\/hirek","headline":"K\u00f6zel 200 ezren vannak munka n\u00e9lk\u00fcl","author":{"@id":"https:\/\/allasorias.hu\/hirek\/author\/admin-allasorias\/#author"},"publisher":{"@id":"https:\/\/allasorias.hu\/hirek\/#organization"},"image":{"@type":"ImageObject","url":"https:\/\/allasorias.hu\/hirek\/wp-content\/uploads\/2023\/01\/Munkanelkuliseg.jpg","width":1280,"height":668,"caption":"K\u00f6zel 200 ezren vannak munka n\u00e9lk\u00fcl - Allasorias.hu"},"datePublished":"2023-01-26T08:15:21+02:00","dateModified":"2023-01-26T08:15:21+02:00","inLanguage":"hu-HU","mainEntityOfPage":{"@id":"https:\/\/allasorias.hu\/hirek\/kozel-200-ezren-vannak-munka-nelkul\/#webpage"},"isPartOf":{"@id":"https:\/\/allasorias.hu\/hirek\/kozel-200-ezren-vannak-munka-nelkul\/#webpage"},"articleSection":"Munkaer\u0151piac, KSH, munkan\u00e9lk\u00fclis\u00e9g"},{"@type":"BreadcrumbList","@id":"https:\/\/allasorias.hu\/hirek\/kozel-200-ezren-vannak-munka-nelkul\/#breadcrumblist","itemListElement":[{"@type":"ListItem","@id":"https:\/\/allasorias.hu\/hirek#listItem","position":1,"name":"Home","item":"https:\/\/allasorias.hu\/hirek","nextItem":{"@type":"ListItem","@id":"https:\/\/allasorias.hu\/hirek\/temak\/munkaeropiac\/#listItem","name":"Munkaer\u0151piac"}},{"@type":"ListItem","@id":"https:\/\/allasorias.hu\/hirek\/temak\/munkaeropiac\/#listItem","position":2,"name":"Munkaer\u0151piac","item":"https:\/\/allasorias.hu\/hirek\/temak\/munkaeropiac\/","nextItem":{"@type":"ListItem","@id":"https:\/\/allasorias.hu\/hirek\/kozel-200-ezren-vannak-munka-nelkul\/#listItem","name":"K\u00f6zel 200 ezren vannak munka n\u00e9lk\u00fcl"},"previousItem":{"@type":"ListItem","@id":"https:\/\/allasorias.hu\/hirek#listItem","name":"Home"}},{"@type":"ListItem","@id":"https:\/\/allasorias.hu\/hirek\/kozel-200-ezren-vannak-munka-nelkul\/#listItem","position":3,"name":"K\u00f6zel 200 ezren vannak munka n\u00e9lk\u00fcl","previousItem":{"@type":"ListItem","@id":"https:\/\/allasorias.hu\/hirek\/temak\/munkaeropiac\/#listItem","name":"Munkaer\u0151piac"}}]},{"@type":"Organization","@id":"https:\/\/allasorias.hu\/hirek\/#organization","name":"AllasOrias.hu | H\u00edrek-lapszemle","description":"\u00dczleti h\u00edrek az \u00e1ll\u00e1s \u00e9s a munka vil\u00e1g\u00e1b\u00f3l","url":"https:\/\/allasorias.hu\/hirek\/","logo":{"@type":"ImageObject","url":"https:\/\/allasorias.hu\/hirek\/wp-content\/uploads\/2022\/10\/allasorias_site_facebok_logo.png","@id":"https:\/\/allasorias.hu\/hirek\/kozel-200-ezren-vannak-munka-nelkul\/#organizationLogo"},"image":{"@id":"https:\/\/allasorias.hu\/hirek\/kozel-200-ezren-vannak-munka-nelkul\/#organizationLogo"},"sameAs":["https:\/\/www.facebook.com\/allasorias","https:\/\/www.linkedin.com\/company\/allasorias"]},{"@type":"Person","@id":"https:\/\/allasorias.hu\/hirek\/author\/admin-allasorias\/#author","url":"https:\/\/allasorias.hu\/hirek\/author\/admin-allasorias\/","name":"Juh\u00e1sz P\u00e9ter","image":{"@type":"ImageObject","@id":"https:\/\/allasorias.hu\/hirek\/kozel-200-ezren-vannak-munka-nelkul\/#authorImage","url":"https:\/\/secure.gravatar.com\/avatar\/36e6bcb83148978b992977cb0f54d22feb0cce8a0a849a9410532bb2623ba4c6?s=96&d=mm&r=g","width":96,"height":96,"caption":"Juh\u00e1sz P\u00e9ter"}},{"@type":"WebPage","@id":"https:\/\/allasorias.hu\/hirek\/kozel-200-ezren-vannak-munka-nelkul\/#webpage","url":"https:\/\/allasorias.hu\/hirek\/kozel-200-ezren-vannak-munka-nelkul\/","name":"K\u00f6zel 200 ezren vannak munka n\u00e9lk\u00fcl | Allasorias.hu\/hirek","description":"Cs\u00facsot d\u00f6nt\u00f6tt a munkan\u00e9lk\u00fclis\u00e9g haz\u00e1nkban a Portfolio szerint. A K\u00f6zponti Statisztikai Hivatal szerint enn\u00e9l jobb a helyzet.","inLanguage":"hu-HU","isPartOf":{"@id":"https:\/\/allasorias.hu\/hirek\/#website"},"breadcrumb":{"@id":"https:\/\/allasorias.hu\/hirek\/kozel-200-ezren-vannak-munka-nelkul\/#breadcrumblist"},"author":{"@id":"https:\/\/allasorias.hu\/hirek\/author\/admin-allasorias\/#author"},"creator":{"@id":"https:\/\/allasorias.hu\/hirek\/author\/admin-allasorias\/#author"},"image":{"@type":"ImageObject","url":"https:\/\/allasorias.hu\/hirek\/wp-content\/uploads\/2023\/01\/Munkanelkuliseg.jpg","@id":"https:\/\/allasorias.hu\/hirek\/kozel-200-ezren-vannak-munka-nelkul\/#mainImage","width":1280,"height":668,"caption":"K\u00f6zel 200 ezren vannak munka n\u00e9lk\u00fcl - Allasorias.hu"},"primaryImageOfPage":{"@id":"https:\/\/allasorias.hu\/hirek\/kozel-200-ezren-vannak-munka-nelkul\/#mainImage"},"datePublished":"2023-01-26T08:15:21+02:00","dateModified":"2023-01-26T08:15:21+02:00"},{"@type":"WebSite","@id":"https:\/\/allasorias.hu\/hirek\/#website","url":"https:\/\/allasorias.hu\/hirek\/","name":"AllasOrias.hu | H\u00edrek-lapszemle","description":"\u00dczleti h\u00edrek az \u00e1ll\u00e1s \u00e9s a munka vil\u00e1g\u00e1b\u00f3l","inLanguage":"hu-HU","publisher":{"@id":"https:\/\/allasorias.hu\/hirek\/#organization"}}]},"og:locale":"hu_HU","og:site_name":"AllasOrias.hu | H\u00edrek-lapszemle | \u00dczleti h\u00edrek az \u00e1ll\u00e1s \u00e9s a munka vil\u00e1g\u00e1b\u00f3l","og:type":"article","og:title":"K\u00f6zel 200 ezren vannak munka n\u00e9lk\u00fcl | Allasorias.hu\/hirek","og:description":"Cs\u00facsot d\u00f6nt\u00f6tt a munkan\u00e9lk\u00fclis\u00e9g haz\u00e1nkban a Portfolio szerint. A K\u00f6zponti Statisztikai Hivatal szerint enn\u00e9l jobb a helyzet.","og:url":"https:\/\/allasorias.hu\/hirek\/kozel-200-ezren-vannak-munka-nelkul\/","og:image":"https:\/\/allasorias.hu\/hirek\/wp-content\/uploads\/2023\/01\/Munkanelkuliseg.jpg","og:image:secure_url":"https:\/\/allasorias.hu\/hirek\/wp-content\/uploads\/2023\/01\/Munkanelkuliseg.jpg","og:image:width":1280,"og:image:height":668,"article:published_time":"2023-01-26T08:15:21+00:00","article:modified_time":"2023-01-26T08:15:21+00:00","article:publisher":"https:\/\/www.facebook.com\/allasorias","twitter:card":"summary_large_image","twitter:title":"K\u00f6zel 200 ezren vannak munka n\u00e9lk\u00fcl | Allasorias.hu\/hirek","twitter:description":"Cs\u00facsot d\u00f6nt\u00f6tt a munkan\u00e9lk\u00fclis\u00e9g haz\u00e1nkban a Portfolio szerint. A K\u00f6zponti Statisztikai Hivatal szerint enn\u00e9l jobb a helyzet.","twitter:image":"https:\/\/allasorias.hu\/hirek\/wp-content\/uploads\/2023\/01\/Munkanelkuliseg.jpg","twitter:label1":"Written by","twitter:data1":"Juh\u00e1sz P\u00e9ter","twitter:label2":"Est. reading time","twitter:data2":"1 minute"},"aioseo_meta_data":{"post_id":"6176","title":"#post_title | Allasorias.hu\/hirek","description":"Cs\u00facsot d\u00f6nt\u00f6tt a munkan\u00e9lk\u00fclis\u00e9g haz\u00e1nkban a Portfolio szerint. A K\u00f6zponti Statisztikai Hivatal szerint enn\u00e9l jobb a helyzet.","keywords":[],"keyphrases":{"focus":{"keyphrase":"munkan\u00e9lk\u00fclis\u00e9g","score":76,"analysis":{"keyphraseInTitle":{"title":"Focus keyphrase in SEO title","description":"Focus keyphrase not found in SEO title.","score":3,"maxScore":9,"error":1},"keyphraseInDescription":{"title":"Focus keyphrase in meta description","description":"Focus keyphrase found in meta description.","score":9,"maxScore":9,"error":0},"keyphraseLength":{"title":"Focus keyphrase length","description":"Good job!","score":9,"maxScore":9,"error":0,"length":1},"keyphraseInURL":{"title":"Focus keyphrase in URL","description":"Focus keyphrase not found in the URL.","score":1,"maxScore":5,"error":1},"keyphraseInIntroduction":{"title":"Focus keyphrase in introduction","description":"Your Focus keyphrase appears in the first paragraph. Well done!","score":9,"maxScore":9,"error":0},"keyphraseInSubHeadings":[],"keyphraseInImageAlt":[]}},"additional":[]},"primary_term":null,"canonical_url":null,"og_title":null,"og_description":null,"og_object_type":"default","og_image_type":"default","og_image_url":null,"og_image_width":null,"og_image_height":null,"og_image_custom_url":null,"og_image_custom_fields":null,"og_video":"","og_custom_url":null,"og_article_section":null,"og_article_tags":[],"twitter_use_og":true,"twitter_card":"default","twitter_image_type":"default","twitter_image_url":null,"twitter_image_custom_url":null,"twitter_image_custom_fields":null,"twitter_title":null,"twitter_description":null,"schema":{"blockGraphs":[],"customGraphs":[],"default":{"data":{"Article":[],"Course":[],"Dataset":[],"FAQPage":[],"Movie":[],"Person":[],"Product":[],"ProductReview":[],"Car":[],"Recipe":[],"Service":[],"SoftwareApplication":[],"WebPage":[]},"graphName":"Article","isEnabled":true},"graphs":[]},"schema_type":"default","schema_type_options":null,"pillar_content":false,"robots_default":true,"robots_noindex":false,"robots_noarchive":false,"robots_nosnippet":false,"robots_nofollow":false,"robots_noimageindex":false,"robots_noodp":false,"robots_notranslate":false,"robots_max_snippet":"-1","robots_max_videopreview":"-1","robots_max_imagepreview":"large","priority":null,"frequency":"default","location":null,"local_seo":null,"breadcrumb_settings":null,"limit_modified_date":false,"ai":null,"created":"2023-01-26 08:10:22","updated":"2025-10-02 18:01:28","seo_analyzer_scan_date":null,"focus_keyword":"munkan\u00e9lk\u00fclis\u00e9g","additional_keywords":null,"truseo_locale":null},"aioseo_breadcrumb":"<div class=\"aioseo-breadcrumbs\"><span class=\"aioseo-breadcrumb\">\n\t\t\t<a href=\"https:\/\/allasorias.hu\/hirek\" title=\"Home\">Home<\/a>\n\t\t<\/span><span class=\"aioseo-breadcrumb-separator\">&raquo;<\/span><span class=\"aioseo-breadcrumb\">\n\t\t\t<a href=\"https:\/\/allasorias.hu\/hirek\/temak\/munkaeropiac\/\" title=\"Munkaer\u0151piac\">Munkaer\u0151piac<\/a>\n\t\t<\/span><span class=\"aioseo-breadcrumb-separator\">&raquo;<\/span><span class=\"aioseo-breadcrumb\">\n\t\t\tK\u00f6zel 200 ezren vannak munka n\u00e9lk\u00fcl\n\t\t<\/span><\/div>","aioseo_breadcrumb_json":[{"label":"Home","link":"https:\/\/allasorias.hu\/hirek"},{"label":"Munkaer\u0151piac","link":"https:\/\/allasorias.hu\/hirek\/temak\/munkaeropiac\/"},{"label":"K\u00f6zel 200 ezren vannak munka n\u00e9lk\u00fcl","link":"https:\/\/allasorias.hu\/hirek\/kozel-200-ezren-vannak-munka-nelkul\/"}],"_links":{"self":[{"href":"https:\/\/allasorias.hu\/hirek\/wp-json\/wp\/v2\/posts\/6176","targetHints":{"allow":["GET"]}}],"collection":[{"href":"https:\/\/allasorias.hu\/hirek\/wp-json\/wp\/v2\/posts"}],"about":[{"href":"https:\/\/allasorias.hu\/hirek\/wp-json\/wp\/v2\/types\/post"}],"author":[{"embeddable":true,"href":"https:\/\/allasorias.hu\/hirek\/wp-json\/wp\/v2\/users\/1"}],"replies":[{"embeddable":true,"href":"https:\/\/allasorias.hu\/hirek\/wp-json\/wp\/v2\/comments?post=6176"}],"version-history":[{"count":1,"href":"https:\/\/allasorias.hu\/hirek\/wp-json\/wp\/v2\/posts\/6176\/revisions"}],"predecessor-version":[{"id":6178,"href":"https:\/\/allasorias.hu\/hirek\/wp-json\/wp\/v2\/posts\/6176\/revisions\/6178"}],"wp:featuredmedia":[{"embeddable":true,"href":"https:\/\/allasorias.hu\/hirek\/wp-json\/wp\/v2\/media\/6177"}],"wp:attachment":[{"href":"https:\/\/allasorias.hu\/hirek\/wp-json\/wp\/v2\/media?parent=6176"}],"wp:term":[{"taxonomy":"category","embeddable":true,"href":"https:\/\/allasorias.hu\/hirek\/wp-json\/wp\/v2\/categories?post=6176"},{"taxonomy":"post_tag","embeddable":true,"href":"https:\/\/allasorias.hu\/hirek\/wp-json\/wp\/v2\/tags?post=6176"}],"curies":[{"name":"wp","href":"https:\/\/api.w.org\/{rel}","templated":true}]}}