{"id":6172,"date":"2023-01-25T11:44:46","date_gmt":"2023-01-25T11:44:46","guid":{"rendered":"https:\/\/allasorias.hu\/hirek\/?p=6172"},"modified":"2023-01-25T11:44:46","modified_gmt":"2023-01-25T11:44:46","slug":"kevesbe-elterjedt-a-reszmunkaidos-foglalkoztatas-a-kisgyermekes-anyaknal","status":"publish","type":"post","link":"https:\/\/allasorias.hu\/hirek\/kevesbe-elterjedt-a-reszmunkaidos-foglalkoztatas-a-kisgyermekes-anyaknal\/","title":{"rendered":"Kev\u00e9sb\u00e9 elterjedt a r\u00e9szmunkaid\u0151s foglalkoztat\u00e1s a kisgyermekes any\u00e1kn\u00e1l"},"content":{"rendered":"<p><strong>A kisgyermekes any\u00e1k nagy r\u00e9sze nem r\u00e9szes\u00edti el\u0151nyben a r\u00e9szmunkaid\u0151s foglalkoztat\u00e1st vagy az otthonr\u00f3l v\u00e9gzett munk\u00e1t \u2013 der\u00fclt ki egy kutat\u00e1sb\u00f3l. A hagyom\u00e1nyos apak\u00e9p, ami azt jelenti, hogy a f\u0151 csal\u00e1dfenntart\u00f3 az apa \u00e9s a feles\u00e9g gyermeket nevel, m\u00e1r elt\u0171n\u0151f\u00e9lben van.<\/strong><\/p>\n<p>A munkaer\u0151piacra visszat\u00e9r\u0151 kisgyermekes any\u00e1k t\u00f6bbs\u00e9ge teljes munkaid\u0151ben dolgozik, a r\u00e9szmunkaid\u0151 \u00e9s az otthonr\u00f3l v\u00e9gezhet\u0151 munka kev\u00e9sb\u00e9 elterjedt a k\u00f6r\u00fckben &#8211; mondta el\u0151ad\u00e1s\u00e1ban Veroszta Zsuzsanna, a KSH N\u00e9pess\u00e9gtudom\u00e1nyi Kutat\u00f3int\u00e9zet\u00e9nek megb\u00edzott igazgat\u00f3ja a Demogr\u00e1fiai helyzet\u00fcnk: v\u00e1rand\u00f3ss\u00e1g, csecsem\u0151kor c\u00edm\u0171 online szakmai rendezv\u00e9nyen. A Magyar K\u00f6zgazdas\u00e1gi T\u00e1rsas\u00e1g Demogr\u00e1fiai Szakoszt\u00e1lya \u00e1ltal szervezett konferenci\u00e1n a N\u00e9pess\u00e9gtudom\u00e1nyi Kutat\u00f3int\u00e9zet \u00e1ltal 2018-ban ind\u00edtott longitudin\u00e1lis kutat\u00e1s legfrissebb eredm\u00e9nyeit mutatt\u00e1k be. Az uni\u00f3s t\u00e1mogat\u00e1ssal megval\u00f3sult Kohorsz&#8217;18 Magyar Sz\u00fclet\u00e9si Kohorszvizsg\u00e1lat a v\u00e1rand\u00f3ss\u00e1g \u00e9s a kora gyermekkor id\u0151szak\u00e1r\u00f3l gy\u0171jt\u00f6tt adatokat, \u00e9s egyebek mellett a gyermekv\u00e1llal\u00e1s k\u00f6r\u00fclm\u00e9nyeit, a p\u00e1rkapcsolat stabilit\u00e1s\u00e1nak jellemz\u0151it, a sz\u00e1rmaz\u00e1si egyenl\u0151tlens\u00e9geket, a gyermekgondoz\u00e1si munkamegoszt\u00e1st, az any\u00e1k munkav\u00e1llal\u00e1s\u00e1t \u00e9s a csal\u00e1dt\u00e1mogat\u00e1sok ig\u00e9nybev\u00e9tel\u00e9t elemezte.<\/p>\n<h2>8300 any\u00e1t k\u00e9rdeztek meg<\/h2>\n<p>A kiindul\u00e1si minta 8300 v\u00e1rand\u00f3s kismama volt, akikkel folyamatosan igyekeztek tartani a kapcsolatot, \u00e9s mintegy 6000 anya m\u00e9g a gyermek h\u00e1rom\u00e9ves kor\u00e1ban is szolg\u00e1ltatott adatokat &#8211; ismertette a kutat\u00e1s h\u00e1tter\u00e9t Veroszta Zsuzsanna. T\u00e1j\u00e9koztat\u00e1sa szerint az der\u00fclt ki, hogy Magyarorsz\u00e1gon az any\u00e1k m\u00e1r elt\u00e1volodtak a tradicion\u00e1lis, &#8222;csak keny\u00e9rkeres\u0151&#8221; apak\u00e9pt\u0151l. Mind\u00f6ssze a megk\u00e9rdezettek mintegy 20 sz\u00e1zal\u00e9ka gondolta \u00fagy, hogy a feles\u00e9g sz\u00e1m\u00e1ra az otthon \u00e9s a gyerekek, a f\u00e9rj sz\u00e1m\u00e1ra pedig a munka a fontosabb feladat, m\u00e9g abban az esetben is, ha mindketten dolgoznak. A tradicion\u00e1lis apak\u00e9p azokban a csal\u00e1dokban jellemz\u0151bb, ahol az anya fiatal, alacsonyabban k\u00e9pzett, t\u00f6bbgyermekes vagy egyed\u00fcl \u00e9l &#8211; magyar\u00e1zta Veroszta Zsuzsanna. Ezzel egy\u00fctt a h\u00e1zimunk\u00e1k z\u00f6m\u00e9t tov\u00e1bbra is any\u00e1k v\u00e9gzik v\u00e1rand\u00f3ss\u00e1g idej\u00e9n, illetve kisgyermek mellett &#8211; mutatott r\u00e1 a kutat\u00e1s, amely szerint a kisgyermekgondoz\u00e1sban az ap\u00e1k legakt\u00edvabban a f\u00fcrdet\u00e9sb\u0151l veszik ki a r\u00e9sz\u00fcket.<\/p>\n<p>A kutat\u00e1s r\u00e1vil\u00e1g\u00edtott arra is, hogy a gyermekek 66,2 sz\u00e1zal\u00e9ka volt tervezett a megk\u00e9rdezett csal\u00e1dokban. Arra a k\u00e9rd\u00e9sre, hogy h\u00e1rom \u00e9ven bel\u00fcl v\u00e1llaln\u00e1nak-e m\u00e1sodik gyermeket, az any\u00e1k 62 sz\u00e1zal\u00e9ka felelt igennel. Kider\u00fclt az is, hogy min\u00e9l magasabb v\u00e9gzetts\u00e9g\u0171, min\u00e9l kvalifik\u00e1ltabb az anya, ann\u00e1l jellemz\u0151bb, hogy tov\u00e1bbi gyermeket is v\u00e1llalna. Az any\u00e1k munk\u00e1ba val\u00f3 visszat\u00e9r\u00e9s\u00e9r\u0151l az der\u00fclt ki, hogy a megk\u00e9rdezettek 4,5 sz\u00e1zal\u00e9ka m\u00e1r a gyermek f\u00e9l\u00e9ves kor\u00e1ban dolgozott, a d\u00f6nt\u0151 t\u00f6bbs\u00e9g viszont csak a gyermek k\u00e9t- \u00e9s h\u00e1rom\u00e9ves kora k\u00f6z\u00f6tt szeretne ism\u00e9t munk\u00e1ba \u00e1llni. F\u0151leg a sokgyermekes, alacsony v\u00e9gzetts\u00e9g\u0171 any\u00e1kra jellemz\u0151, hogy egy\u00e1ltal\u00e1n nem terveznek visszamenni dolgozni.<\/p>\n<h2>63,9 sz\u00e1zal\u00e9k dolgozik teljes munkaid\u0151ben<\/h2>\n<p>&#8222;T\u00f6bbnyire rendszeres, nem otthonr\u00f3l v\u00e9gzett, teljes munkaid\u0151s \u00e1ll\u00e1sba t\u00e9rnek vissza az any\u00e1k, a r\u00e9szmunkaid\u0151 nem gyakori a k\u00f6r\u00fckben&#8221; &#8211; fejtette ki Veroszta Zsuzsanna, hozz\u00e1t\u00e9ve: a dolgoz\u00f3 any\u00e1k 63,9 sz\u00e1zal\u00e9ka van teljes munkaid\u0151ben, m\u00edg r\u00e9szmunkaid\u0151s \u00e1ll\u00e1st csak 36,1 sz\u00e1zal\u00e9kuk v\u00e9gez. Az any\u00e1k 69,1 sz\u00e1zal\u00e9ka nem otthonr\u00f3l dolgozik, mind\u00f6ssze 14,6 sz\u00e1zal\u00e9k tudja otthonr\u00f3l megoldani a munkav\u00e9gz\u00e9st, \u00e9s tov\u00e1bbi 14,6 sz\u00e1zal\u00e9k dolgozik r\u00e9szben otthonr\u00f3l. A kutat\u00e1s szerint a k\u00e9t\u00e9ves kor feletti gyerekek harmada (32,9 sz\u00e1zal\u00e9ka) j\u00e1rt b\u00f6lcs\u0151d\u00e9be. A dolgoz\u00f3 any\u00e1k h\u00e1romnegyede (75,5 sz\u00e1zal\u00e9k), a nem dolgoz\u00f3k 13,1 sz\u00e1zal\u00e9ka veszi ig\u00e9nybe a b\u00f6lcs\u0151dei szolg\u00e1ltat\u00e1st.A f\u00e9l\u00e9ves gyermeket nevel\u0151 vizsg\u00e1lt csal\u00e1dok 15 sz\u00e1zal\u00e9ka r\u00e9szes\u00fclt csal\u00e1di otthonteremt\u00e9si kedvezm\u00e9nyben (csok), tov\u00e1bbi 35 sz\u00e1zal\u00e9k pedig a kutat\u00e1s idej\u00e9n tervezte, hogy ig\u00e9nybe veszi azt.<\/p>\n<p>Forr\u00e1s: <a href=\"https:\/\/profitline.hu\/egy-kutatas-szerint-a-kisgyermekes-anyak-tobbsege-teljes-munkaidoben-dolgozik-444757\" target=\"_blank\" rel=\"nofollow noopener noreferrer\">profitline.hu<\/a><\/p>\n","protected":false},"excerpt":{"rendered":"<p>A kisgyermekes any\u00e1k nagy r\u00e9sze nem r\u00e9szes\u00edti el\u0151nyben a r\u00e9szmunkaid\u0151s foglalkoztat\u00e1st vagy az otthonr\u00f3l v\u00e9gzett munk\u00e1t \u2013 der\u00fclt ki egy kutat\u00e1sb\u00f3l. A hagyom\u00e1nyos apak\u00e9p, ami azt jelenti, hogy a f\u0151 csal\u00e1dfenntart\u00f3 az apa \u00e9s a feles\u00e9g gyermeket nevel, m\u00e1r elt\u0171n\u0151f\u00e9lben van. A munkaer\u0151piacra visszat\u00e9r\u0151 kisgyermekes any\u00e1k t\u00f6bbs\u00e9ge teljes munkaid\u0151ben dolgozik, a r\u00e9szmunkaid\u0151 \u00e9s az otthonr\u00f3l [&hellip;]<\/p>\n","protected":false},"author":1,"featured_media":6173,"comment_status":"open","ping_status":"open","sticky":false,"template":"","format":"standard","meta":{"_monsterinsights_skip_tracking":false,"_monsterinsights_sitenote_active":false,"_monsterinsights_sitenote_note":"","_monsterinsights_sitenote_category":0,"footnotes":""},"categories":[200],"tags":[363,361,362],"class_list":["post-6172","post","type-post","status-publish","format-standard","has-post-thumbnail","hentry","category-munkaeropiac","tag-kisgyermekes-anyak","tag-reszmunkaidos-foglalkoztatas","tag-teljes-munkaido"],"aioseo_notices":[],"_links":{"self":[{"href":"https:\/\/allasorias.hu\/hirek\/wp-json\/wp\/v2\/posts\/6172","targetHints":{"allow":["GET"]}}],"collection":[{"href":"https:\/\/allasorias.hu\/hirek\/wp-json\/wp\/v2\/posts"}],"about":[{"href":"https:\/\/allasorias.hu\/hirek\/wp-json\/wp\/v2\/types\/post"}],"author":[{"embeddable":true,"href":"https:\/\/allasorias.hu\/hirek\/wp-json\/wp\/v2\/users\/1"}],"replies":[{"embeddable":true,"href":"https:\/\/allasorias.hu\/hirek\/wp-json\/wp\/v2\/comments?post=6172"}],"version-history":[{"count":1,"href":"https:\/\/allasorias.hu\/hirek\/wp-json\/wp\/v2\/posts\/6172\/revisions"}],"predecessor-version":[{"id":6174,"href":"https:\/\/allasorias.hu\/hirek\/wp-json\/wp\/v2\/posts\/6172\/revisions\/6174"}],"wp:featuredmedia":[{"embeddable":true,"href":"https:\/\/allasorias.hu\/hirek\/wp-json\/wp\/v2\/media\/6173"}],"wp:attachment":[{"href":"https:\/\/allasorias.hu\/hirek\/wp-json\/wp\/v2\/media?parent=6172"}],"wp:term":[{"taxonomy":"category","embeddable":true,"href":"https:\/\/allasorias.hu\/hirek\/wp-json\/wp\/v2\/categories?post=6172"},{"taxonomy":"post_tag","embeddable":true,"href":"https:\/\/allasorias.hu\/hirek\/wp-json\/wp\/v2\/tags?post=6172"}],"curies":[{"name":"wp","href":"https:\/\/api.w.org\/{rel}","templated":true}]}}