{"id":6167,"date":"2023-01-24T11:13:04","date_gmt":"2023-01-24T11:13:04","guid":{"rendered":"https:\/\/allasorias.hu\/hirek\/?p=6167"},"modified":"2023-01-24T11:13:04","modified_gmt":"2023-01-24T11:13:04","slug":"sikeres-volt-a-valsagkezeles-hazankban","status":"publish","type":"post","link":"https:\/\/allasorias.hu\/hirek\/sikeres-volt-a-valsagkezeles-hazankban\/","title":{"rendered":"Sikeres volt a v\u00e1ls\u00e1gkezel\u00e9s haz\u00e1nkban"},"content":{"rendered":"<p><strong>A munkaer\u0151piaci szak\u00e9rt\u0151 szerint sikeres volt haz\u00e1nkban a v\u00e1ls\u00e1gkezel\u00e9s, haz\u00e1nk el\u00e9rte a teljes foglalkoztatotts\u00e1got. Tapasztalhat\u00f3 az a folyamat is, hogy a k\u00fclf\u00f6ld\u00f6n szerencs\u00e9t pr\u00f3b\u00e1l\u00f3k lassan visszat\u00e9rnek Magyarorsz\u00e1gra.<\/strong><\/p>\n<p>A magyar munkahelyeket a h\u00e1bor\u00fa \u00e9s az uni\u00f3s szankci\u00f3s politika miatt \u00fajabb kr\u00edzis vesz\u00e9lyezteti. \u00c1m Szalai Piroska munkaer\u0151piaci szak\u00e9rt\u0151, a Nemzeti K\u00f6zszolg\u00e1lati Egyetem E\u00f6tv\u00f6s J\u00f3zsef Kutat\u00f3k\u00f6zpont Gazdas\u00e1g \u00e9s Versenyk\u00e9pess\u00e9g Kutat\u00f3int\u00e9zet\u00e9nek munkat\u00e1rsa szerint ez\u00fattal is van r\u00e1 es\u00e9ly, hogy \u00farr\u00e1 legy\u00fcnk a helyzeten a gyors \u00e9s hat\u00e1rozott korm\u00e1nyzati l\u00e9p\u00e9seknek \u00e9s a piaci szerepl\u0151k \u00e1ltal tan\u00fas\u00edtott \u00f6nm\u00e9rs\u00e9kletnek k\u00f6sz\u00f6nhet\u0151en. Ha munka van, minden van \u2013 szokta mondani a minisztereln\u00f6k. \u00c1m e mondat dr\u00e1mais\u00e1g\u00e1nak teljes m\u00e9lys\u00e9g\u00e9t legink\u00e1bb azok \u00e9rzik \u00e1t, akik feln\u0151ttk\u00e9nt \u00e9lt\u00e9k v\u00e9gig a kilencvenes \u00e9vek rendszerv\u00e1ltoztat\u00e1s\u00e1t k\u00eds\u00e9r\u0151 gazdas\u00e1gi \u00f6sszeoml\u00e1st \u00e9s a rabl\u00f3privatiz\u00e1ci\u00f3t, ami egy\u00fctt j\u00e1rt azzal, hogy szinte n\u00e9h\u00e1ny h\u00f3nap alatt v\u00e1lt f\u00fcstt\u00e9 m\u00e1sf\u00e9l milli\u00f3 munkahely.<\/p>\n<p>A rosszul fizet\u0151 \u00e1ll\u00e1sok megszerz\u00e9s\u00e9\u00e9rt, megtart\u00e1s\u00e1\u00e9rt foly\u00f3 k\u00fczdelem vel\u00fcnk maradt t\u00f6bb mint h\u00fasz \u00e9vig. Az embereknek meg kellett tanulniuk a j\u00e9g h\u00e1t\u00e1n is meg\u00e9lni. A regisztr\u00e1lt \u00e1ll\u00e1skeres\u0151k sz\u00e1ma a 2002-ig tart\u00f3 folyamatos n\u00f6veked\u00e9s ut\u00e1n a 2008-as p\u00e9nz\u00fcgyi v\u00e1ls\u00e1g idej\u00e9n \u00e9rte el a cs\u00facspontj\u00e1t, amikor megk\u00f6zel\u00edtette a hatsz\u00e1zezret \u2013 sz\u00f6gezi le Szalai Piroska munkaer\u0151piaci szak\u00e9rt\u0151, a Nemzeti K\u00f6zszolg\u00e1lati Egyetem E\u00f6tv\u00f6s J\u00f3zsef Kutat\u00f3k\u00f6zpont Gazdas\u00e1g \u00e9s Versenyk\u00e9pess\u00e9g Kutat\u00f3int\u00e9zet\u00e9nek munkat\u00e1rsa. Mint mondja, a megrend\u00edt\u0151 nagys\u00e1g\u00fa sz\u00e1mhoz m\u00e9g hozz\u00e1 kell adni azok\u00e9t az inakt\u00edvak\u00e9t is, akik akkorra r\u00e9g kiestek az \u00e1ll\u00e1skeres\u0151k, vagyis a seg\u00e9lyre jogosultak k\u00f6r\u00e9b\u0151l. A foglalkoztat\u00e1si r\u00e1t\u00e1t tekintve pedig Magyarorsz\u00e1g lek\u00fczd\u00f6tte mag\u00e1t az Eur\u00f3pai Uni\u00f3 leggyeng\u00e9bben teljes\u00edt\u0151 \u00e1llam\u00e1v\u00e1. Az emberek rem\u00e9nytelens\u00e9g\u00e9t fokozta, hogy az egekbe sz\u00f6k\u00f6tt az ifj\u00fas\u00e1gi munkan\u00e9lk\u00fclis\u00e9g is: a p\u00e1lyakezd\u0151 fiatalok k\u00f6z\u00fcl legfeljebb minden m\u00e1sodik tal\u00e1lt mag\u00e1nak \u00e1ll\u00e1st. Megkezd\u0151d\u00f6tt a fiatal \u00e9s a j\u00f3l k\u00e9pzett munkav\u00e1llal\u00f3k ki\u00e1raml\u00e1sa az orsz\u00e1gb\u00f3l. Pestisesen sz\u00f3lva, mondja Szalai Piroska, innen volt sz\u00e9p nyerni, de siker\u00fclt.<\/p>\n<h2>10 \u00e9v alatt egymilli\u00f3 \u00faj munkahely<\/h2>\n<p>A 2010-es korm\u00e1nyv\u00e1lt\u00e1s ut\u00e1n kevesen hitt\u00e9k el, hogy a Fidesz\u2013KDNP koal\u00edci\u00f3s kabinet teljes\u00edteni tudja azon \u00edg\u00e9ret\u00e9t, hogy t\u00edz \u00e9v alatt egymilli\u00f3 \u00faj munkahelyet teremt. K\u00fcl\u00f6n\u00f6sen, mert mindenki tudta vagy a b\u0151r\u00e9n \u00e9rezte, hogy a 2010-ben hatalomra ker\u00fclt konzervat\u00edv p\u00e1rtoknak el\u0151sz\u00f6r az uni\u00f3s seg\u00e9dlettel leplezett \u00e1llamcs\u0151ddel kell megk\u00fczdeni\u00fck. A k\u00f6zvetlen v\u00e9szhelyzetben m\u00e1r az is komoly eredm\u00e9nynek sz\u00e1m\u00edtott, hogy nem n\u0151tt jelent\u0151sen a munkan\u00e9lk\u00fclis\u00e9g \u00e9s nem cs\u00f6kkent tov\u00e1bb a foglalkoztat\u00e1si r\u00e1ta. 2010-t\u00f3l kezdve el\u0151sz\u00f6r lassan, majd egyre gyorsabban n\u0151ni kezdett a foglalkoztat\u00e1s \u00e9s cs\u00f6kkenni a munkan\u00e9lk\u00fclis\u00e9g.<\/p>\n<p>A 20\u201364 \u00e9vesek foglalkoztat\u00e1si r\u00e1t\u00e1ja 2019-re megk\u00f6zel\u00edtette a 78 sz\u00e1zal\u00e9kot, a regisztr\u00e1lt \u00e1ll\u00e1skeres\u0151k l\u00e9tsz\u00e1ma pedig 251 ezer alatt maradt a Szalai Piroska \u00e1ltal \u00f6sszegy\u0171jt\u00f6tt adatok szerint. Val\u00f3ban megsz\u00fcletett az egymilli\u00f3 munkahely, Magyarorsz\u00e1g gyakorlatilag el\u00e9rte a teljes foglalkoztatotts\u00e1got, \u00e9s megkezd\u0151d\u00f6tt a kor\u00e1bban k\u00fclf\u00f6ld\u00f6n szerencs\u00e9t pr\u00f3b\u00e1l\u00f3k lass\u00fa vissza\u00e1raml\u00e1sa az orsz\u00e1gba. Mindez \u00fagy, hogy a balliber\u00e1lis k\u00f6zgazd\u00e1k \u00e9s szak\u00e9rt\u0151k minden parlamenti \u00e9s korm\u00e1nyd\u00f6nt\u00e9s ut\u00e1n a v\u00e1llalkoz\u00e1sok \u00e9s az \u00e1llam cs\u0151dj\u00e9t vizion\u00e1lt\u00e1k, a szakszervezetek pedig egekbe sz\u00f6k\u0151 munkan\u00e9lk\u00fclis\u00e9gr\u0151l zengtek pr\u00f3f\u00e9ci\u00e1kat. A 2020-ban kezd\u0151d\u00f6tt Covid-j\u00e1rv\u00e1ny hirtelen megakasztotta az addig folyamatos fejl\u0151d\u00e9st. \u00c1m mint a szak\u00e9rt\u0151 lesz\u00f6gezi, a gyors \u00e9s hat\u00e1rozott korm\u00e1nyzati int\u00e9zked\u00e9seknek \u00e9s a v\u00e1llalkoz\u00e1sok gyors reag\u00e1l\u00e1s\u00e1nak k\u00f6sz\u00f6nhet\u0151en a munkaer\u0151piac gyorsan visszapattant a Covid-v\u00e1ls\u00e1g idej\u00e9n.<\/p>\n<h2>Munkahelyv\u00e9delmi b\u00e9rt\u00e1mogat\u00e1s<\/h2>\n<p>A munkahelyv\u00e9delmi b\u00e9rt\u00e1mogat\u00e1s nagyj\u00e1b\u00f3l 200 ezer embert mentett meg a munkan\u00e9lk\u00fclis\u00e9gt\u0151l. A frissen beind\u00edtott \u00e1t- \u00e9s tov\u00e1bbk\u00e9pz\u00e9si programok pedig a v\u00e1ls\u00e1gt\u00f3l legink\u00e1bb s\u00fajtott \u00e1gazatokban, p\u00e9ld\u00e1ul a turizmus \u00e9s a kult\u00fara ter\u00fclet\u00e9n dolgoz\u00f3knak seg\u00edtettek meg\u00faj\u00edtani \u00e9s kib\u0151v\u00edteni szak\u00e9rtelm\u00fcket, k\u00e9szs\u00e9geiket. Az er\u0151fesz\u00edt\u00e9sek ellen\u00e9re Szalai Piroska szerint n\u00e9h\u00e1ny h\u00f3nap alatt 100 ezer munkahelyet vesz\u00edtett\u00fcnk, a foglalkoztatottak sz\u00e1ma 4,5-r\u0151l 4,4 milli\u00f3ra apadt a kr\u00edzis h\u00f3napjaiban. \u00c1m a magyar gazdas\u00e1g rekordgyorsas\u00e1ggal mag\u00e1ra tal\u00e1lt, \u00e9s megkezd\u0151d\u00f6tt a munkahelyek vissza\u00e9p\u00fcl\u00e9se. J\u00falius v\u00e9g\u00e9n m\u00e1r sz\u00e1zezerrel t\u00f6bben dolgoztak, mint a tavaszi m\u00e9lyponton. A szak\u00e9rt\u0151 \u00fagy l\u00e1tja, j\u00f3 es\u00e9llyel elker\u00fclhetj\u00fck, hogy az embereknek \u00fajra szembe kelljen n\u00e9zni\u00fck a felp\u00f6rg\u0151 munkan\u00e9lk\u00fclis\u00e9ggel, hiszen a korm\u00e1ny ez\u00fattal is gyors \u00e9s hat\u00e1rozott int\u00e9zked\u00e9seket hozott.<\/p>\n<p>A gazdas\u00e1gi v\u00e9dvonal \u00e9rt\u00e9ke meghaladja a 2000 milli\u00e1rd forintot. Elindult a gy\u00e1rment\u0151 program, amelyhez hitel- \u00e9s garancia\u00adprogram t\u00e1rsul. C\u00e9lzott t\u00e1mogat\u00e1sokhoz jutnak az energiaintenz\u00edv kkv-k, amelyeket seg\u00edti a hitelkamatstop is. Szalai Piroska optimizmusa indokoltnak t\u0171nik annak f\u00e9ny\u00e9ben, amit Orb\u00e1n Viktor minisztereln\u00f6k mondott a Kossuth ad\u00f3n sug\u00e1rzott p\u00e9nteki interj\u00faj\u00e1ban. A minisztereln\u00f6k felh\u00edvta r\u00e1 a figyelmet, hogy Magyarorsz\u00e1gnak kor\u00e1bban soha nem l\u00e1tott p\u00e9nz\u00fcgyi tartal\u00e9kokat siker\u00fclt felhalmoznia a v\u00e1ls\u00e1g kezel\u00e9s\u00e9re. Nem kis r\u00e9szben azoknak a c\u00e9geknek a befizet\u00e9sei r\u00e9v\u00e9n, amelyek az energia\u00e1r-emelked\u00e9s \u00e9s az infl\u00e1ci\u00f3 k\u00f6vetkezt\u00e9ben extraprofithoz jutottak. A c\u00e9gek meg\u00e9rtett\u00e9k, hogy a gazdas\u00e1gi v\u00e1ls\u00e1got, a recesszi\u00f3t csak \u00fagy ker\u00fclhetj\u00fck el, ha a mostani v\u00e9szterhes id\u0151kben \u0151k is \u00e1ldozatot hoznak a k\u00f6z\u00f6ss\u00e9g, vagyis a magyar t\u00e1rsadalom \u00e9rdek\u00e9ben.<\/p>\n<p>Forr\u00e1s: <a href=\"https:\/\/demokrata.hu\/gazdasag\/van-mit-megvedenunk-631249\/\" target=\"_blank\" rel=\"nofollow noopener noreferrer\">demokrata.hu<\/a><\/p>\n","protected":false},"excerpt":{"rendered":"<p>A munkaer\u0151piaci szak\u00e9rt\u0151 szerint sikeres volt haz\u00e1nkban a v\u00e1ls\u00e1gkezel\u00e9s, haz\u00e1nk el\u00e9rte a teljes foglalkoztatotts\u00e1got. Tapasztalhat\u00f3 az a folyamat is, hogy a k\u00fclf\u00f6ld\u00f6n szerencs\u00e9t pr\u00f3b\u00e1l\u00f3k lassan visszat\u00e9rnek Magyarorsz\u00e1gra. A magyar munkahelyeket a h\u00e1bor\u00fa \u00e9s az uni\u00f3s szankci\u00f3s politika miatt \u00fajabb kr\u00edzis vesz\u00e9lyezteti. \u00c1m Szalai Piroska munkaer\u0151piaci szak\u00e9rt\u0151, a Nemzeti K\u00f6zszolg\u00e1lati Egyetem E\u00f6tv\u00f6s J\u00f3zsef Kutat\u00f3k\u00f6zpont Gazdas\u00e1g \u00e9s [&hellip;]<\/p>\n","protected":false},"author":1,"featured_media":6169,"comment_status":"open","ping_status":"open","sticky":false,"template":"","format":"standard","meta":{"_monsterinsights_skip_tracking":false,"footnotes":""},"categories":[198],"tags":[337,360],"class_list":["post-6167","post","type-post","status-publish","format-standard","has-post-thumbnail","hentry","category-gazdasag","tag-teljes-foglalkoztatottsag","tag-valsagkezeles"],"aioseo_notices":[],"aioseo_head":"\n\t\t<!-- All in One SEO 5.0.0.1 - aioseo.com -->\n\t<meta name=\"description\" content=\"A munkaer\u0151piaci szak\u00e9rt\u0151 szerint sikeres volt haz\u00e1nkban a v\u00e1ls\u00e1gkezel\u00e9s, haz\u00e1nk el\u00e9rte a teljes foglalkoztatotts\u00e1got.\" \/>\n\t<meta name=\"robots\" content=\"max-image-preview:large\" \/>\n\t<meta name=\"author\" content=\"Juh\u00e1sz P\u00e9ter\"\/>\n\t<meta name=\"keywords\" content=\"teljes foglalkoztatotts\u00e1g,v\u00e1ls\u00e1gkezel\u00e9s\" \/>\n\t<link rel=\"canonical\" href=\"https:\/\/allasorias.hu\/hirek\/sikeres-volt-a-valsagkezeles-hazankban\/\" \/>\n\t<meta name=\"generator\" content=\"All in One SEO (AIOSEO) 5.0.0.1\" \/>\n\t\t<meta property=\"og:locale\" content=\"hu_HU\" \/>\n\t\t<meta property=\"og:site_name\" content=\"AllasOrias.hu | H\u00edrek-lapszemle | \u00dczleti h\u00edrek az \u00e1ll\u00e1s \u00e9s a munka vil\u00e1g\u00e1b\u00f3l\" \/>\n\t\t<meta property=\"og:type\" content=\"article\" \/>\n\t\t<meta property=\"og:title\" content=\"Sikeres volt a v\u00e1ls\u00e1gkezel\u00e9s haz\u00e1nkban | Allasorias.hu\" \/>\n\t\t<meta property=\"og:description\" content=\"A munkaer\u0151piaci szak\u00e9rt\u0151 szerint sikeres volt haz\u00e1nkban a v\u00e1ls\u00e1gkezel\u00e9s, haz\u00e1nk el\u00e9rte a teljes foglalkoztatotts\u00e1got.\" \/>\n\t\t<meta property=\"og:url\" content=\"https:\/\/allasorias.hu\/hirek\/sikeres-volt-a-valsagkezeles-hazankban\/\" \/>\n\t\t<meta property=\"og:image\" content=\"https:\/\/allasorias.hu\/hirek\/wp-content\/uploads\/2023\/01\/Sikeres-valsagkezeles-1.jpg\" \/>\n\t\t<meta property=\"og:image:secure_url\" content=\"https:\/\/allasorias.hu\/hirek\/wp-content\/uploads\/2023\/01\/Sikeres-valsagkezeles-1.jpg\" \/>\n\t\t<meta property=\"og:image:width\" content=\"1280\" \/>\n\t\t<meta property=\"og:image:height\" content=\"720\" \/>\n\t\t<meta property=\"article:published_time\" content=\"2023-01-24T11:13:04+00:00\" \/>\n\t\t<meta property=\"article:modified_time\" content=\"2023-01-24T11:13:04+00:00\" \/>\n\t\t<meta property=\"article:publisher\" content=\"https:\/\/www.facebook.com\/allasorias\" \/>\n\t\t<meta name=\"twitter:card\" content=\"summary_large_image\" \/>\n\t\t<meta name=\"twitter:title\" content=\"Sikeres volt a v\u00e1ls\u00e1gkezel\u00e9s haz\u00e1nkban | Allasorias.hu\" \/>\n\t\t<meta name=\"twitter:description\" content=\"A munkaer\u0151piaci szak\u00e9rt\u0151 szerint sikeres volt haz\u00e1nkban a v\u00e1ls\u00e1gkezel\u00e9s, haz\u00e1nk el\u00e9rte a teljes foglalkoztatotts\u00e1got.\" \/>\n\t\t<meta name=\"twitter:image\" content=\"https:\/\/allasorias.hu\/hirek\/wp-content\/uploads\/2023\/01\/Sikeres-valsagkezeles-1.jpg\" \/>\n\t\t<meta name=\"twitter:label1\" content=\"Written by\" \/>\n\t\t<meta name=\"twitter:data1\" content=\"Juh\u00e1sz P\u00e9ter\" \/>\n\t\t<meta name=\"twitter:label2\" content=\"Est. reading time\" \/>\n\t\t<meta name=\"twitter:data2\" content=\"6 minutes\" \/>\n\t\t<script type=\"application\/ld+json\" class=\"aioseo-schema\">\n\t\t\t{\"@context\":\"https:\\\/\\\/schema.org\",\"@graph\":[{\"@type\":\"Article\",\"@id\":\"https:\\\/\\\/allasorias.hu\\\/hirek\\\/sikeres-volt-a-valsagkezeles-hazankban\\\/#article\",\"name\":\"Sikeres volt a v\\u00e1ls\\u00e1gkezel\\u00e9s haz\\u00e1nkban | Allasorias.hu\",\"headline\":\"Sikeres volt a v\\u00e1ls\\u00e1gkezel\\u00e9s haz\\u00e1nkban\",\"author\":{\"@id\":\"https:\\\/\\\/allasorias.hu\\\/hirek\\\/author\\\/admin-allasorias\\\/#author\"},\"publisher\":{\"@id\":\"https:\\\/\\\/allasorias.hu\\\/hirek\\\/#organization\"},\"image\":{\"@type\":\"ImageObject\",\"url\":\"https:\\\/\\\/allasorias.hu\\\/hirek\\\/wp-content\\\/uploads\\\/2023\\\/01\\\/Sikeres-valsagkezeles-1.jpg\",\"width\":1280,\"height\":720,\"caption\":\"Sikeres volt a v\\u00e1ls\\u00e1gkezel\\u00e9s haz\\u00e1nkban - Allasorias.hu\\\/Hirek\"},\"datePublished\":\"2023-01-24T11:13:04+02:00\",\"dateModified\":\"2023-01-24T11:13:04+02:00\",\"inLanguage\":\"hu-HU\",\"mainEntityOfPage\":{\"@id\":\"https:\\\/\\\/allasorias.hu\\\/hirek\\\/sikeres-volt-a-valsagkezeles-hazankban\\\/#webpage\"},\"isPartOf\":{\"@id\":\"https:\\\/\\\/allasorias.hu\\\/hirek\\\/sikeres-volt-a-valsagkezeles-hazankban\\\/#webpage\"},\"articleSection\":\"Gazdas\\u00e1g, Teljes foglalkoztatotts\\u00e1g, v\\u00e1ls\\u00e1gkezel\\u00e9s\"},{\"@type\":\"BreadcrumbList\",\"@id\":\"https:\\\/\\\/allasorias.hu\\\/hirek\\\/sikeres-volt-a-valsagkezeles-hazankban\\\/#breadcrumblist\",\"itemListElement\":[{\"@type\":\"ListItem\",\"@id\":\"https:\\\/\\\/allasorias.hu\\\/hirek#listItem\",\"position\":1,\"name\":\"Home\",\"item\":\"https:\\\/\\\/allasorias.hu\\\/hirek\",\"nextItem\":{\"@type\":\"ListItem\",\"@id\":\"https:\\\/\\\/allasorias.hu\\\/hirek\\\/temak\\\/gazdasag\\\/#listItem\",\"name\":\"Gazdas\\u00e1g\"}},{\"@type\":\"ListItem\",\"@id\":\"https:\\\/\\\/allasorias.hu\\\/hirek\\\/temak\\\/gazdasag\\\/#listItem\",\"position\":2,\"name\":\"Gazdas\\u00e1g\",\"item\":\"https:\\\/\\\/allasorias.hu\\\/hirek\\\/temak\\\/gazdasag\\\/\",\"nextItem\":{\"@type\":\"ListItem\",\"@id\":\"https:\\\/\\\/allasorias.hu\\\/hirek\\\/sikeres-volt-a-valsagkezeles-hazankban\\\/#listItem\",\"name\":\"Sikeres volt a v\\u00e1ls\\u00e1gkezel\\u00e9s haz\\u00e1nkban\"},\"previousItem\":{\"@type\":\"ListItem\",\"@id\":\"https:\\\/\\\/allasorias.hu\\\/hirek#listItem\",\"name\":\"Home\"}},{\"@type\":\"ListItem\",\"@id\":\"https:\\\/\\\/allasorias.hu\\\/hirek\\\/sikeres-volt-a-valsagkezeles-hazankban\\\/#listItem\",\"position\":3,\"name\":\"Sikeres volt a v\\u00e1ls\\u00e1gkezel\\u00e9s haz\\u00e1nkban\",\"previousItem\":{\"@type\":\"ListItem\",\"@id\":\"https:\\\/\\\/allasorias.hu\\\/hirek\\\/temak\\\/gazdasag\\\/#listItem\",\"name\":\"Gazdas\\u00e1g\"}}]},{\"@type\":\"Organization\",\"@id\":\"https:\\\/\\\/allasorias.hu\\\/hirek\\\/#organization\",\"name\":\"AllasOrias.hu | H\\u00edrek-lapszemle\",\"description\":\"\\u00dczleti h\\u00edrek az \\u00e1ll\\u00e1s \\u00e9s a munka vil\\u00e1g\\u00e1b\\u00f3l\",\"url\":\"https:\\\/\\\/allasorias.hu\\\/hirek\\\/\",\"logo\":{\"@type\":\"ImageObject\",\"url\":\"https:\\\/\\\/allasorias.hu\\\/hirek\\\/wp-content\\\/uploads\\\/2022\\\/10\\\/allasorias_site_facebok_logo.png\",\"@id\":\"https:\\\/\\\/allasorias.hu\\\/hirek\\\/sikeres-volt-a-valsagkezeles-hazankban\\\/#organizationLogo\"},\"image\":{\"@id\":\"https:\\\/\\\/allasorias.hu\\\/hirek\\\/sikeres-volt-a-valsagkezeles-hazankban\\\/#organizationLogo\"},\"sameAs\":[\"https:\\\/\\\/www.facebook.com\\\/allasorias\",\"https:\\\/\\\/www.linkedin.com\\\/company\\\/allasorias\"]},{\"@type\":\"Person\",\"@id\":\"https:\\\/\\\/allasorias.hu\\\/hirek\\\/author\\\/admin-allasorias\\\/#author\",\"url\":\"https:\\\/\\\/allasorias.hu\\\/hirek\\\/author\\\/admin-allasorias\\\/\",\"name\":\"Juh\\u00e1sz P\\u00e9ter\",\"image\":{\"@type\":\"ImageObject\",\"@id\":\"https:\\\/\\\/allasorias.hu\\\/hirek\\\/sikeres-volt-a-valsagkezeles-hazankban\\\/#authorImage\",\"url\":\"https:\\\/\\\/secure.gravatar.com\\\/avatar\\\/36e6bcb83148978b992977cb0f54d22feb0cce8a0a849a9410532bb2623ba4c6?s=96&d=mm&r=g\",\"width\":96,\"height\":96,\"caption\":\"Juh\\u00e1sz P\\u00e9ter\"}},{\"@type\":\"WebPage\",\"@id\":\"https:\\\/\\\/allasorias.hu\\\/hirek\\\/sikeres-volt-a-valsagkezeles-hazankban\\\/#webpage\",\"url\":\"https:\\\/\\\/allasorias.hu\\\/hirek\\\/sikeres-volt-a-valsagkezeles-hazankban\\\/\",\"name\":\"Sikeres volt a v\\u00e1ls\\u00e1gkezel\\u00e9s haz\\u00e1nkban | Allasorias.hu\",\"description\":\"A munkaer\\u0151piaci szak\\u00e9rt\\u0151 szerint sikeres volt haz\\u00e1nkban a v\\u00e1ls\\u00e1gkezel\\u00e9s, haz\\u00e1nk el\\u00e9rte a teljes foglalkoztatotts\\u00e1got.\",\"inLanguage\":\"hu-HU\",\"isPartOf\":{\"@id\":\"https:\\\/\\\/allasorias.hu\\\/hirek\\\/#website\"},\"breadcrumb\":{\"@id\":\"https:\\\/\\\/allasorias.hu\\\/hirek\\\/sikeres-volt-a-valsagkezeles-hazankban\\\/#breadcrumblist\"},\"author\":{\"@id\":\"https:\\\/\\\/allasorias.hu\\\/hirek\\\/author\\\/admin-allasorias\\\/#author\"},\"creator\":{\"@id\":\"https:\\\/\\\/allasorias.hu\\\/hirek\\\/author\\\/admin-allasorias\\\/#author\"},\"image\":{\"@type\":\"ImageObject\",\"url\":\"https:\\\/\\\/allasorias.hu\\\/hirek\\\/wp-content\\\/uploads\\\/2023\\\/01\\\/Sikeres-valsagkezeles-1.jpg\",\"@id\":\"https:\\\/\\\/allasorias.hu\\\/hirek\\\/sikeres-volt-a-valsagkezeles-hazankban\\\/#mainImage\",\"width\":1280,\"height\":720,\"caption\":\"Sikeres volt a v\\u00e1ls\\u00e1gkezel\\u00e9s haz\\u00e1nkban - Allasorias.hu\\\/Hirek\"},\"primaryImageOfPage\":{\"@id\":\"https:\\\/\\\/allasorias.hu\\\/hirek\\\/sikeres-volt-a-valsagkezeles-hazankban\\\/#mainImage\"},\"datePublished\":\"2023-01-24T11:13:04+02:00\",\"dateModified\":\"2023-01-24T11:13:04+02:00\"},{\"@type\":\"WebSite\",\"@id\":\"https:\\\/\\\/allasorias.hu\\\/hirek\\\/#website\",\"url\":\"https:\\\/\\\/allasorias.hu\\\/hirek\\\/\",\"name\":\"AllasOrias.hu | H\\u00edrek-lapszemle\",\"description\":\"\\u00dczleti h\\u00edrek az \\u00e1ll\\u00e1s \\u00e9s a munka vil\\u00e1g\\u00e1b\\u00f3l\",\"inLanguage\":\"hu-HU\",\"publisher\":{\"@id\":\"https:\\\/\\\/allasorias.hu\\\/hirek\\\/#organization\"}}]}\n\t\t<\/script>\n\t\t<!-- All in One SEO -->\n\n","aioseo_head_json":{"title":"Sikeres volt a v\u00e1ls\u00e1gkezel\u00e9s haz\u00e1nkban | Allasorias.hu","description":"A munkaer\u0151piaci szak\u00e9rt\u0151 szerint sikeres volt haz\u00e1nkban a v\u00e1ls\u00e1gkezel\u00e9s, haz\u00e1nk el\u00e9rte a teljes foglalkoztatotts\u00e1got.","canonical_url":"https:\/\/allasorias.hu\/hirek\/sikeres-volt-a-valsagkezeles-hazankban\/","robots":"max-image-preview:large","keywords":"teljes foglalkoztatotts\u00e1g,v\u00e1ls\u00e1gkezel\u00e9s","webmasterTools":{"miscellaneous":""},"schema":{"@context":"https:\/\/schema.org","@graph":[{"@type":"Article","@id":"https:\/\/allasorias.hu\/hirek\/sikeres-volt-a-valsagkezeles-hazankban\/#article","name":"Sikeres volt a v\u00e1ls\u00e1gkezel\u00e9s haz\u00e1nkban | Allasorias.hu","headline":"Sikeres volt a v\u00e1ls\u00e1gkezel\u00e9s haz\u00e1nkban","author":{"@id":"https:\/\/allasorias.hu\/hirek\/author\/admin-allasorias\/#author"},"publisher":{"@id":"https:\/\/allasorias.hu\/hirek\/#organization"},"image":{"@type":"ImageObject","url":"https:\/\/allasorias.hu\/hirek\/wp-content\/uploads\/2023\/01\/Sikeres-valsagkezeles-1.jpg","width":1280,"height":720,"caption":"Sikeres volt a v\u00e1ls\u00e1gkezel\u00e9s haz\u00e1nkban - Allasorias.hu\/Hirek"},"datePublished":"2023-01-24T11:13:04+02:00","dateModified":"2023-01-24T11:13:04+02:00","inLanguage":"hu-HU","mainEntityOfPage":{"@id":"https:\/\/allasorias.hu\/hirek\/sikeres-volt-a-valsagkezeles-hazankban\/#webpage"},"isPartOf":{"@id":"https:\/\/allasorias.hu\/hirek\/sikeres-volt-a-valsagkezeles-hazankban\/#webpage"},"articleSection":"Gazdas\u00e1g, Teljes foglalkoztatotts\u00e1g, v\u00e1ls\u00e1gkezel\u00e9s"},{"@type":"BreadcrumbList","@id":"https:\/\/allasorias.hu\/hirek\/sikeres-volt-a-valsagkezeles-hazankban\/#breadcrumblist","itemListElement":[{"@type":"ListItem","@id":"https:\/\/allasorias.hu\/hirek#listItem","position":1,"name":"Home","item":"https:\/\/allasorias.hu\/hirek","nextItem":{"@type":"ListItem","@id":"https:\/\/allasorias.hu\/hirek\/temak\/gazdasag\/#listItem","name":"Gazdas\u00e1g"}},{"@type":"ListItem","@id":"https:\/\/allasorias.hu\/hirek\/temak\/gazdasag\/#listItem","position":2,"name":"Gazdas\u00e1g","item":"https:\/\/allasorias.hu\/hirek\/temak\/gazdasag\/","nextItem":{"@type":"ListItem","@id":"https:\/\/allasorias.hu\/hirek\/sikeres-volt-a-valsagkezeles-hazankban\/#listItem","name":"Sikeres volt a v\u00e1ls\u00e1gkezel\u00e9s haz\u00e1nkban"},"previousItem":{"@type":"ListItem","@id":"https:\/\/allasorias.hu\/hirek#listItem","name":"Home"}},{"@type":"ListItem","@id":"https:\/\/allasorias.hu\/hirek\/sikeres-volt-a-valsagkezeles-hazankban\/#listItem","position":3,"name":"Sikeres volt a v\u00e1ls\u00e1gkezel\u00e9s haz\u00e1nkban","previousItem":{"@type":"ListItem","@id":"https:\/\/allasorias.hu\/hirek\/temak\/gazdasag\/#listItem","name":"Gazdas\u00e1g"}}]},{"@type":"Organization","@id":"https:\/\/allasorias.hu\/hirek\/#organization","name":"AllasOrias.hu | H\u00edrek-lapszemle","description":"\u00dczleti h\u00edrek az \u00e1ll\u00e1s \u00e9s a munka vil\u00e1g\u00e1b\u00f3l","url":"https:\/\/allasorias.hu\/hirek\/","logo":{"@type":"ImageObject","url":"https:\/\/allasorias.hu\/hirek\/wp-content\/uploads\/2022\/10\/allasorias_site_facebok_logo.png","@id":"https:\/\/allasorias.hu\/hirek\/sikeres-volt-a-valsagkezeles-hazankban\/#organizationLogo"},"image":{"@id":"https:\/\/allasorias.hu\/hirek\/sikeres-volt-a-valsagkezeles-hazankban\/#organizationLogo"},"sameAs":["https:\/\/www.facebook.com\/allasorias","https:\/\/www.linkedin.com\/company\/allasorias"]},{"@type":"Person","@id":"https:\/\/allasorias.hu\/hirek\/author\/admin-allasorias\/#author","url":"https:\/\/allasorias.hu\/hirek\/author\/admin-allasorias\/","name":"Juh\u00e1sz P\u00e9ter","image":{"@type":"ImageObject","@id":"https:\/\/allasorias.hu\/hirek\/sikeres-volt-a-valsagkezeles-hazankban\/#authorImage","url":"https:\/\/secure.gravatar.com\/avatar\/36e6bcb83148978b992977cb0f54d22feb0cce8a0a849a9410532bb2623ba4c6?s=96&d=mm&r=g","width":96,"height":96,"caption":"Juh\u00e1sz P\u00e9ter"}},{"@type":"WebPage","@id":"https:\/\/allasorias.hu\/hirek\/sikeres-volt-a-valsagkezeles-hazankban\/#webpage","url":"https:\/\/allasorias.hu\/hirek\/sikeres-volt-a-valsagkezeles-hazankban\/","name":"Sikeres volt a v\u00e1ls\u00e1gkezel\u00e9s haz\u00e1nkban | Allasorias.hu","description":"A munkaer\u0151piaci szak\u00e9rt\u0151 szerint sikeres volt haz\u00e1nkban a v\u00e1ls\u00e1gkezel\u00e9s, haz\u00e1nk el\u00e9rte a teljes foglalkoztatotts\u00e1got.","inLanguage":"hu-HU","isPartOf":{"@id":"https:\/\/allasorias.hu\/hirek\/#website"},"breadcrumb":{"@id":"https:\/\/allasorias.hu\/hirek\/sikeres-volt-a-valsagkezeles-hazankban\/#breadcrumblist"},"author":{"@id":"https:\/\/allasorias.hu\/hirek\/author\/admin-allasorias\/#author"},"creator":{"@id":"https:\/\/allasorias.hu\/hirek\/author\/admin-allasorias\/#author"},"image":{"@type":"ImageObject","url":"https:\/\/allasorias.hu\/hirek\/wp-content\/uploads\/2023\/01\/Sikeres-valsagkezeles-1.jpg","@id":"https:\/\/allasorias.hu\/hirek\/sikeres-volt-a-valsagkezeles-hazankban\/#mainImage","width":1280,"height":720,"caption":"Sikeres volt a v\u00e1ls\u00e1gkezel\u00e9s haz\u00e1nkban - Allasorias.hu\/Hirek"},"primaryImageOfPage":{"@id":"https:\/\/allasorias.hu\/hirek\/sikeres-volt-a-valsagkezeles-hazankban\/#mainImage"},"datePublished":"2023-01-24T11:13:04+02:00","dateModified":"2023-01-24T11:13:04+02:00"},{"@type":"WebSite","@id":"https:\/\/allasorias.hu\/hirek\/#website","url":"https:\/\/allasorias.hu\/hirek\/","name":"AllasOrias.hu | H\u00edrek-lapszemle","description":"\u00dczleti h\u00edrek az \u00e1ll\u00e1s \u00e9s a munka vil\u00e1g\u00e1b\u00f3l","inLanguage":"hu-HU","publisher":{"@id":"https:\/\/allasorias.hu\/hirek\/#organization"}}]},"og:locale":"hu_HU","og:site_name":"AllasOrias.hu | H\u00edrek-lapszemle | \u00dczleti h\u00edrek az \u00e1ll\u00e1s \u00e9s a munka vil\u00e1g\u00e1b\u00f3l","og:type":"article","og:title":"Sikeres volt a v\u00e1ls\u00e1gkezel\u00e9s haz\u00e1nkban | Allasorias.hu","og:description":"A munkaer\u0151piaci szak\u00e9rt\u0151 szerint sikeres volt haz\u00e1nkban a v\u00e1ls\u00e1gkezel\u00e9s, haz\u00e1nk el\u00e9rte a teljes foglalkoztatotts\u00e1got.","og:url":"https:\/\/allasorias.hu\/hirek\/sikeres-volt-a-valsagkezeles-hazankban\/","og:image":"https:\/\/allasorias.hu\/hirek\/wp-content\/uploads\/2023\/01\/Sikeres-valsagkezeles-1.jpg","og:image:secure_url":"https:\/\/allasorias.hu\/hirek\/wp-content\/uploads\/2023\/01\/Sikeres-valsagkezeles-1.jpg","og:image:width":1280,"og:image:height":720,"article:published_time":"2023-01-24T11:13:04+00:00","article:modified_time":"2023-01-24T11:13:04+00:00","article:publisher":"https:\/\/www.facebook.com\/allasorias","twitter:card":"summary_large_image","twitter:title":"Sikeres volt a v\u00e1ls\u00e1gkezel\u00e9s haz\u00e1nkban | Allasorias.hu","twitter:description":"A munkaer\u0151piaci szak\u00e9rt\u0151 szerint sikeres volt haz\u00e1nkban a v\u00e1ls\u00e1gkezel\u00e9s, haz\u00e1nk el\u00e9rte a teljes foglalkoztatotts\u00e1got.","twitter:image":"https:\/\/allasorias.hu\/hirek\/wp-content\/uploads\/2023\/01\/Sikeres-valsagkezeles-1.jpg","twitter:label1":"Written by","twitter:data1":"Juh\u00e1sz P\u00e9ter","twitter:label2":"Est. reading time","twitter:data2":"6 minutes"},"aioseo_meta_data":{"post_id":"6167","title":"#post_title | Allasorias.hu","description":"A munkaer\u0151piaci szak\u00e9rt\u0151 szerint sikeres volt haz\u00e1nkban a v\u00e1ls\u00e1gkezel\u00e9s, haz\u00e1nk el\u00e9rte a teljes foglalkoztatotts\u00e1got.","keywords":[],"keyphrases":{"focus":{"keyphrase":"v\u00e1ls\u00e1gkezel\u00e9s","score":80,"analysis":{"keyphraseInTitle":{"title":"Focus keyphrase in SEO title","description":"Focus keyphrase found in SEO title.","score":9,"maxScore":9,"error":0},"keyphraseInDescription":{"title":"Focus keyphrase in meta description","description":"Focus keyphrase found in meta description.","score":9,"maxScore":9,"error":0},"keyphraseLength":{"title":"Focus keyphrase length","description":"Good job!","score":9,"maxScore":9,"error":0,"length":1},"keyphraseInURL":{"title":"Focus keyphrase in URL","description":"Focus keyphrase not found in the URL.","score":1,"maxScore":5,"error":1},"keyphraseInIntroduction":{"title":"Focus keyphrase in introduction","description":"Your Focus keyphrase appears in the first paragraph. Well done!","score":9,"maxScore":9,"error":0},"keyphraseInSubHeadings":{"title":"Focus keyphrase in Subheadings","description":"Use your focus keyphrase more in your H2 and H3 subheadings.","score":3,"maxScore":9,"error":1},"keyphraseInImageAlt":[]}},"additional":[]},"primary_term":null,"canonical_url":null,"og_title":null,"og_description":null,"og_object_type":"default","og_image_type":"default","og_image_url":null,"og_image_width":null,"og_image_height":null,"og_image_custom_url":null,"og_image_custom_fields":null,"og_video":"","og_custom_url":null,"og_article_section":null,"og_article_tags":[],"twitter_use_og":true,"twitter_card":"default","twitter_image_type":"default","twitter_image_url":null,"twitter_image_custom_url":null,"twitter_image_custom_fields":null,"twitter_title":null,"twitter_description":null,"schema":{"blockGraphs":[],"customGraphs":[],"default":{"data":{"Article":[],"Course":[],"Dataset":[],"FAQPage":[],"Movie":[],"Person":[],"Product":[],"ProductReview":[],"Car":[],"Recipe":[],"Service":[],"SoftwareApplication":[],"WebPage":[]},"graphName":"Article","isEnabled":true},"graphs":[]},"schema_type":"default","schema_type_options":null,"pillar_content":false,"robots_default":true,"robots_noindex":false,"robots_noarchive":false,"robots_nosnippet":false,"robots_nofollow":false,"robots_noimageindex":false,"robots_noodp":false,"robots_notranslate":false,"robots_max_snippet":"-1","robots_max_videopreview":"-1","robots_max_imagepreview":"large","priority":null,"frequency":"default","location":null,"local_seo":null,"breadcrumb_settings":null,"limit_modified_date":false,"ai":null,"created":"2023-01-24 11:01:57","updated":"2025-10-02 18:00:26","seo_analyzer_scan_date":null,"focus_keyword":"v\u00e1ls\u00e1gkezel\u00e9s","additional_keywords":null,"truseo_locale":null},"aioseo_breadcrumb":"<div class=\"aioseo-breadcrumbs\"><span class=\"aioseo-breadcrumb\">\n\t\t\t<a href=\"https:\/\/allasorias.hu\/hirek\" title=\"Home\">Home<\/a>\n\t\t<\/span><span class=\"aioseo-breadcrumb-separator\">&raquo;<\/span><span class=\"aioseo-breadcrumb\">\n\t\t\t<a href=\"https:\/\/allasorias.hu\/hirek\/temak\/gazdasag\/\" title=\"Gazdas\u00e1g\">Gazdas\u00e1g<\/a>\n\t\t<\/span><span class=\"aioseo-breadcrumb-separator\">&raquo;<\/span><span class=\"aioseo-breadcrumb\">\n\t\t\tSikeres volt a v\u00e1ls\u00e1gkezel\u00e9s haz\u00e1nkban\n\t\t<\/span><\/div>","aioseo_breadcrumb_json":[{"label":"Home","link":"https:\/\/allasorias.hu\/hirek"},{"label":"Gazdas\u00e1g","link":"https:\/\/allasorias.hu\/hirek\/temak\/gazdasag\/"},{"label":"Sikeres volt a v\u00e1ls\u00e1gkezel\u00e9s haz\u00e1nkban","link":"https:\/\/allasorias.hu\/hirek\/sikeres-volt-a-valsagkezeles-hazankban\/"}],"_links":{"self":[{"href":"https:\/\/allasorias.hu\/hirek\/wp-json\/wp\/v2\/posts\/6167","targetHints":{"allow":["GET"]}}],"collection":[{"href":"https:\/\/allasorias.hu\/hirek\/wp-json\/wp\/v2\/posts"}],"about":[{"href":"https:\/\/allasorias.hu\/hirek\/wp-json\/wp\/v2\/types\/post"}],"author":[{"embeddable":true,"href":"https:\/\/allasorias.hu\/hirek\/wp-json\/wp\/v2\/users\/1"}],"replies":[{"embeddable":true,"href":"https:\/\/allasorias.hu\/hirek\/wp-json\/wp\/v2\/comments?post=6167"}],"version-history":[{"count":1,"href":"https:\/\/allasorias.hu\/hirek\/wp-json\/wp\/v2\/posts\/6167\/revisions"}],"predecessor-version":[{"id":6170,"href":"https:\/\/allasorias.hu\/hirek\/wp-json\/wp\/v2\/posts\/6167\/revisions\/6170"}],"wp:featuredmedia":[{"embeddable":true,"href":"https:\/\/allasorias.hu\/hirek\/wp-json\/wp\/v2\/media\/6169"}],"wp:attachment":[{"href":"https:\/\/allasorias.hu\/hirek\/wp-json\/wp\/v2\/media?parent=6167"}],"wp:term":[{"taxonomy":"category","embeddable":true,"href":"https:\/\/allasorias.hu\/hirek\/wp-json\/wp\/v2\/categories?post=6167"},{"taxonomy":"post_tag","embeddable":true,"href":"https:\/\/allasorias.hu\/hirek\/wp-json\/wp\/v2\/tags?post=6167"}],"curies":[{"name":"wp","href":"https:\/\/api.w.org\/{rel}","templated":true}]}}