{"id":6141,"date":"2023-01-13T09:06:22","date_gmt":"2023-01-13T09:06:22","guid":{"rendered":"https:\/\/allasorias.hu\/hirek\/?p=6141"},"modified":"2025-05-13T14:56:14","modified_gmt":"2025-05-13T12:56:14","slug":"sok-ceg-tervez-letszamcsokkentest","status":"publish","type":"post","link":"https:\/\/allasorias.hu\/hirek\/sok-ceg-tervez-letszamcsokkentest\/","title":{"rendered":"Sok c\u00e9g tervez l\u00e9tsz\u00e1mcs\u00f6kkent\u00e9st"},"content":{"rendered":"<p><strong>Az idei \u00e9vben sok c\u00e9g tervez l\u00e9tsz\u00e1mle\u00e9p\u00edt\u00e9st egy felm\u00e9r\u00e9s szerint haz\u00e1nkban \u00e9s az eur\u00f3pai r\u00e9gi\u00f3ban is. A legt\u00f6bben az \u00e9szaki r\u00e9gi\u00f3ban \u00e9s az Alf\u00f6ld\u00f6n. F\u0151k\u00e9nt a kommunik\u00e1ci\u00f3s szolg\u00e1ltat\u00e1sok, illetve az alapanyag- \u00e9s feldolgoz\u00f3ipar ter\u00fclet\u00e9n v\u00e1rhat\u00f3 elbocs\u00e1t\u00e1s.<\/strong><\/p>\n<p>2023 els\u0151 negyed\u00e9v\u00e9ben a hazai munk\u00e1ltat\u00f3k 32 sz\u00e1zal\u00e9ka tervezi cs\u00f6kkenteni munkaer\u0151-\u00e1llom\u00e1ny\u00e1t, mik\u00f6zben csup\u00e1n 22 sz\u00e1zal\u00e9kuk jelez el\u0151re b\u0151v\u00edt\u00e9st \u2013 der\u00fcl ki a ManpowerGroup Munkaer\u0151piaci El\u0151rejelz\u00e9s\u00e9b\u0151l. A legnagyobb ar\u00e1ny\u00fa l\u00e9tsz\u00e1mcs\u00f6kken\u00e9s f\u00f6ldrajzi bont\u00e1sban az \u00c9szak-Alf\u00f6ld\u00f6n \u00e9s \u00c9szak-Magyarorsz\u00e1gon, m\u00edg szektor\u00e1lis bont\u00e1sban a kommunik\u00e1ci\u00f3s szolg\u00e1ltat\u00e1sok, illetve a alapanyag- \u00e9s feldolgoz\u00f3ipar ter\u00fclet\u00e9n v\u00e1rhat\u00f3. A munk\u00e1ltat\u00f3i v\u00e1laszokb\u00f3l sz\u00e1rmaztatott, szezon\u00e1lisan kiigaz\u00edtott Nett\u00f3 Foglalkoztat\u00e1si Mutat\u00f3 (NFM) -8 sz\u00e1zal\u00e9kos \u00e1tlagos \u00e9rt\u00e9ket \u00e9rt el, amire az elm\u00falt egy \u00e9vtizedben nem volt p\u00e9lda, m\u00e9g a koronav\u00edrus-j\u00e1rv\u00e1ny miatti er\u0151teljes gazdas\u00e1gi megtorpan\u00e1s id\u0151szak\u00e1ban sem. A jelenlegi mutat\u00f3sz\u00e1m az el\u0151z\u0151 negyed\u00e9vhez viszony\u00edtva 3, m\u00edg 2022 azonos id\u0151szak\u00e1hoz k\u00e9pest 26 sz\u00e1zal\u00e9kpontos visszaes\u00e9st mutat.<\/p>\n<h2>Munkaer\u0151pia dinamik\u00e1ja lelassul<\/h2>\n<p>\u201eA negat\u00edv munkaer\u0151-felv\u00e9teli trend ellen\u00e9re a piacon nem \u00e9rz\u00e9kelhet\u0151 t\u00f6meges elbocs\u00e1t\u00e1s \u2013 mondta Feh\u00e9r Tam\u00e1s, a ManpowerGroup Magyarorsz\u00e1g \u00fcgyvezet\u0151 igazgat\u00f3ja. \u2013 Ez csup\u00e1n bizonyos ter\u00fcleteken jellemz\u0151, egyes szakm\u00e1kban ugyanakkor tov\u00e1bbra is munkaer\u0151hi\u00e1ny van. Arra sz\u00e1m\u00edtunk, hogy a munkaer\u0151piac dinamik\u00e1ja lelassul: mind a c\u00e9gek, mind a munkav\u00e1llal\u00f3k kiv\u00e1rnak ahelyett, hogy \u00faj lehet\u0151s\u00e9gek ut\u00e1n n\u00e9zn\u00e9nek. A c\u00e9gek oldal\u00e1n tov\u00e1bbra is komoly bizonytalans\u00e1g \u00e9rz\u00e9kelhet\u0151: a recesszi\u00f3 lehet\u0151s\u00e9ge ebben az id\u0151szakban \u00f3vatoss\u00e1gra k\u00e9szteti \u0151ket.\u201d2023 els\u0151 negyed\u00e9v\u00e9ben a hazai munk\u00e1ltat\u00f3k 32 sz\u00e1zal\u00e9ka tervezi cs\u00f6kkenteni munkaer\u0151-\u00e1llom\u00e1ny\u00e1t, mik\u00f6zben csup\u00e1n 22 sz\u00e1zal\u00e9kuk jelez el\u0151re b\u0151v\u00edt\u00e9st. A legnagyobb ar\u00e1ny\u00fa l\u00e9tsz\u00e1mcs\u00f6kken\u00e9s f\u00f6ldrajzi bont\u00e1sban az \u00c9szak-Alf\u00f6ld\u00f6n \u00e9s \u00c9szak-Magyarorsz\u00e1gon, m\u00edg szektor\u00e1lis bont\u00e1sban a kommunik\u00e1ci\u00f3s szolg\u00e1ltat\u00e1sok, illetve a alapanyag- \u00e9s feldolgoz\u00f3ipar ter\u00fclet\u00e9n v\u00e1rhat\u00f3 \u2013 \u00edrja az \u00dczletem.hu.<\/p>\n<p>A kor\u00e1bbi negyed\u00e9vekhez k\u00e9pest is l\u00e9nyegesen n\u0151tt az elt\u00e9r\u00e9s az egyes r\u00e9gi\u00f3kban m\u0171k\u00f6d\u0151 c\u00e9gek v\u00e1rakoz\u00e1si k\u00f6z\u00f6tt. A legpesszimist\u00e1bb v\u00e1rakoz\u00e1sok az \u00c9szak-Alf\u00f6ld\u00f6n mutatkoznak (itt -35 sz\u00e1zal\u00e9k az NFM), de szint\u00e9n j\u00f3val t\u00f6bb elbocs\u00e1t\u00e1sra, mint felv\u00e9telre sz\u00e1m\u00edtanak \u00c9szak-Magyarorsz\u00e1gon (-24 sz\u00e1zal\u00e9k), D\u00e9l-Dun\u00e1nt\u00falon (-16 sz\u00e1zal\u00e9k) \u00e9s Nyugat-Dun\u00e1nt\u00falon (-9 sz\u00e1zal\u00e9k) is. A D\u00e9l-Alf\u00f6ld az egyetlen olyan r\u00e9gi\u00f3, ahol minim\u00e1lisan t\u00f6bben terveznek l\u00e9tsz\u00e1mb\u0151v\u00edt\u00e9st, mint le\u00e9p\u00edt\u00e9st (+3 sz\u00e1zal\u00e9k). Az egyes szektorokat vizsg\u00e1lva csup\u00e1n a p\u00e9nz\u00fcgyi \u00e9s ingatlanszektor (NFM: +10sz\u00e1zal\u00e9k), valamint az IT szektor (+2 sz\u00e1zal\u00e9k) sz\u00e1m\u00edthat nett\u00f3 l\u00e9tsz\u00e1mb\u0151v\u00fcl\u00e9sre. Az eg\u00e9szs\u00e9g\u00fcgy \u00e9s \u00e9lettudom\u00e1nyok, valamint az energia \u00e9s k\u00f6zm\u0171vek szektorban stagn\u00e1l\u00e1s\u00e1ra lehet sz\u00e1m\u00edtani, a t\u00f6bbi szektor mutat\u00f3i viszont visszaes\u00e9st prognosztiz\u00e1lnak.<\/p>\n<h2>Mikrov\u00e1llalkoz\u00e1sok l\u00e9tsz\u00e1mcs\u00f6kkent\u00e9se<\/h2>\n<p>A legnagyobb ar\u00e1ny\u00fa l\u00e9tsz\u00e1mle\u00e9p\u00edt\u00e9sre a kommunik\u00e1ci\u00f3s szolg\u00e1ltat\u00e1sok (-16 sz\u00e1zal\u00e9k), illetve az alapanyag- \u00e9s feldolgoz\u00f3ipar (-12 sz\u00e1zal\u00e9k) ter\u00fclet\u00e9n lehet sz\u00e1m\u00edtani. A jelenlegi helyzetben j\u00f3l l\u00e1that\u00f3an a c\u00e9gm\u00e9rettel egy\u00fctt n\u0151 a v\u00e1ls\u00e1ggal szembeni ellen\u00e1ll\u00f3k\u00e9pess\u00e9g. A t\u00edzn\u00e9l kevesebb f\u0151t foglalkoztat\u00f3 mikrov\u00e1llalkoz\u00e1sok 44 sz\u00e1zal\u00e9ka tervez l\u00e9tsz\u00e1mcs\u00f6kkent\u00e9st v\u00e9grehajtani, ez az ar\u00e1ny a 250 f\u0151n\u00e9l nagyobb l\u00e9tsz\u00e1mmal m\u0171k\u00f6d\u0151 v\u00e1llalatok k\u00f6r\u00e9ben csup\u00e1n 27 sz\u00e1zal\u00e9k. A Nett\u00f3 Foglalkoztat\u00e1si mutat\u00f3 ennek megfelel\u0151en az ut\u00f3bbi k\u00f6rben a legmagasabb (+3 sz\u00e1zal\u00e9k), az 50-249 f\u0151s c\u00e9gekn\u00e9l m\u00e1r enyh\u00e9n negat\u00edv (-5 sz\u00e1zal\u00e9k), ugyanakkor er\u0151teljes a pesszimizmus a 10-49 f\u0151s kis c\u00e9gek (-17 sz\u00e1zal\u00e9k), \u00e9s a 10 f\u0151 alatti mikrov\u00e1llalkoz\u00e1sok (-20 sz\u00e1zal\u00e9k) k\u00f6r\u00e9ben.<\/p>\n<p>Az el\u0151z\u0151 negyed\u00e9vhez k\u00e9pest nemzetk\u00f6zi szinten is romlottak a munkaer\u0151piaci kil\u00e1t\u00e1sok: ManpowerGroup glob\u00e1lis Nett\u00f3 Foglalkoztat\u00e1si Mutat\u00f3ja 6 sz\u00e1zal\u00e9kkal ker\u00fclt lejjebb. Ugyanakkor ez a mutat\u00f3sz\u00e1m tov\u00e1bbra is igen magas, 23 sz\u00e1zal\u00e9kos szinten \u00e1ll. Magyarorsz\u00e1gon k\u00edv\u00fcl egyed\u00fcl Lengyelorsz\u00e1gban (-2 sz\u00e1zal\u00e9k) jeleznek visszaes\u00e9st a foglalkoztat\u00e1sban Az \u00e9len Panama (39 sz\u00e1zal\u00e9k) \u00e9s Costa Rica (35 sz\u00e1zal\u00e9k) \u00e9s Kanada (34 sz\u00e1zal\u00e9k) \u00e1ll. Eur\u00f3p\u00e1ban a legjobb mutat\u00f3val Ausztria \u00e9s T\u00f6r\u00f6korsz\u00e1g (29-29 sz\u00e1zal\u00e9k), illetve Finnorsz\u00e1g \u00e9s Franciaorsz\u00e1gban (27-27 sz\u00e1zal\u00e9k) rendelkezik. A ManpowerGroup a vil\u00e1g 41 orsz\u00e1g\u00e1ban, \u00f6sszesen 39 ezer munk\u00e1ltat\u00f3 k\u00f6r\u00e9ben folytatta le negyed\u00e9ves felm\u00e9r\u00e9s\u00e9t, melynek keret\u00e9ben Magyarorsz\u00e1gon a munk\u00e1ltat\u00f3k 508 f\u0151s reprezentat\u00edv mint\u00e1j\u00e1ban szerepl\u0151ket k\u00e9rdezt\u00e9k meg els\u0151 negyed\u00e9ves munkaer\u0151-felv\u00e9teli sz\u00e1nd\u00e9kaikr\u00f3l.<\/p>\n<p>Forr\u00e1s: <a href=\"https:\/\/www.hrportal.hu\/hr\/minden-harmadik-ceg-leepitene-20230112.html\" target=\"_blank\" rel=\"nofollow noopener noreferrer\">hrportal.hu<\/a><\/p>\n<p>&nbsp;<\/p>\n","protected":false},"excerpt":{"rendered":"<p>Az idei \u00e9vben sok c\u00e9g tervez l\u00e9tsz\u00e1mle\u00e9p\u00edt\u00e9st egy felm\u00e9r\u00e9s szerint haz\u00e1nkban \u00e9s az eur\u00f3pai r\u00e9gi\u00f3ban is. A legt\u00f6bben az \u00e9szaki r\u00e9gi\u00f3ban \u00e9s az Alf\u00f6ld\u00f6n. F\u0151k\u00e9nt a kommunik\u00e1ci\u00f3s szolg\u00e1ltat\u00e1sok, illetve az alapanyag- \u00e9s feldolgoz\u00f3ipar ter\u00fclet\u00e9n v\u00e1rhat\u00f3 elbocs\u00e1t\u00e1s. 2023 els\u0151 negyed\u00e9v\u00e9ben a hazai munk\u00e1ltat\u00f3k 32 sz\u00e1zal\u00e9ka tervezi cs\u00f6kkenteni munkaer\u0151-\u00e1llom\u00e1ny\u00e1t, mik\u00f6zben csup\u00e1n 22 sz\u00e1zal\u00e9kuk jelez el\u0151re b\u0151v\u00edt\u00e9st \u2013 [&hellip;]<\/p>\n","protected":false},"author":1,"featured_media":6142,"comment_status":"closed","ping_status":"closed","sticky":false,"template":"","format":"standard","meta":{"_monsterinsights_skip_tracking":false,"footnotes":""},"categories":[200],"tags":[339,340],"class_list":["post-6141","post","type-post","status-publish","format-standard","has-post-thumbnail","hentry","category-munkaeropiac","tag-letszamcsokkentes","tag-letszamleepites"],"aioseo_notices":[],"aioseo_head":"\n\t\t<!-- All in One SEO 5.0.0.1 - aioseo.com -->\n\t<meta name=\"description\" content=\"Az idei \u00e9vben sok c\u00e9g tervez l\u00e9tsz\u00e1mcs\u00f6kkent\u00e9stegy felm\u00e9r\u00e9s szerint haz\u00e1nkban \u00e9s az eur\u00f3pai r\u00e9gi\u00f3ban is. A legt\u00f6bben az \u00e9szaki r\u00e9gi\u00f3ban \u00e9s az Alf\u00f6ld\u00f6n.\" \/>\n\t<meta name=\"robots\" content=\"max-image-preview:large\" \/>\n\t<meta name=\"author\" content=\"Juh\u00e1sz P\u00e9ter\"\/>\n\t<meta name=\"keywords\" content=\"l\u00e9tsz\u00e1mcs\u00f6kkent\u00e9s,l\u00e9tsz\u00e1mle\u00e9p\u00edt\u00e9s\" \/>\n\t<link rel=\"canonical\" href=\"https:\/\/allasorias.hu\/hirek\/sok-ceg-tervez-letszamcsokkentest\/\" \/>\n\t<meta name=\"generator\" content=\"All in One SEO (AIOSEO) 5.0.0.1\" \/>\n\t\t<meta property=\"og:locale\" content=\"hu_HU\" \/>\n\t\t<meta property=\"og:site_name\" content=\"AllasOrias.hu | H\u00edrek-lapszemle | \u00dczleti h\u00edrek az \u00e1ll\u00e1s \u00e9s a munka vil\u00e1g\u00e1b\u00f3l\" \/>\n\t\t<meta property=\"og:type\" content=\"article\" \/>\n\t\t<meta property=\"og:title\" content=\"C\u00e9gek t\u00f6megei terveznek l\u00e9tsz\u00e1mcs\u00f6kkent\u00e9st\" \/>\n\t\t<meta property=\"og:description\" content=\"Az idei \u00e9vben sok c\u00e9g tervez l\u00e9tsz\u00e1mcs\u00f6kkent\u00e9stegy felm\u00e9r\u00e9s szerint haz\u00e1nkban \u00e9s az eur\u00f3pai r\u00e9gi\u00f3ban is. A legt\u00f6bben az \u00e9szaki r\u00e9gi\u00f3ban \u00e9s az Alf\u00f6ld\u00f6n.\" \/>\n\t\t<meta property=\"og:url\" content=\"https:\/\/allasorias.hu\/hirek\/sok-ceg-tervez-letszamcsokkentest\/\" \/>\n\t\t<meta property=\"og:image\" content=\"https:\/\/allasorias.hu\/hirek\/wp-content\/uploads\/2023\/01\/Letszamcsokkentes.jpg\" \/>\n\t\t<meta property=\"og:image:secure_url\" content=\"https:\/\/allasorias.hu\/hirek\/wp-content\/uploads\/2023\/01\/Letszamcsokkentes.jpg\" \/>\n\t\t<meta property=\"og:image:width\" content=\"448\" \/>\n\t\t<meta property=\"og:image:height\" content=\"299\" \/>\n\t\t<meta property=\"article:published_time\" content=\"2023-01-13T09:06:22+00:00\" \/>\n\t\t<meta property=\"article:modified_time\" content=\"2025-05-13T12:56:14+00:00\" \/>\n\t\t<meta property=\"article:publisher\" content=\"https:\/\/www.facebook.com\/allasorias\" \/>\n\t\t<meta name=\"twitter:card\" content=\"summary_large_image\" \/>\n\t\t<meta name=\"twitter:title\" content=\"C\u00e9gek t\u00f6megei terveznek l\u00e9tsz\u00e1mcs\u00f6kkent\u00e9st\" \/>\n\t\t<meta name=\"twitter:description\" content=\"Az idei \u00e9vben sok c\u00e9g tervez l\u00e9tsz\u00e1mcs\u00f6kkent\u00e9stegy felm\u00e9r\u00e9s szerint haz\u00e1nkban \u00e9s az eur\u00f3pai r\u00e9gi\u00f3ban is. A legt\u00f6bben az \u00e9szaki r\u00e9gi\u00f3ban \u00e9s az Alf\u00f6ld\u00f6n.\" \/>\n\t\t<meta name=\"twitter:image\" content=\"https:\/\/allasorias.hu\/hirek\/wp-content\/uploads\/2023\/01\/Letszamcsokkentes.jpg\" \/>\n\t\t<meta name=\"twitter:label1\" content=\"Written by\" \/>\n\t\t<meta name=\"twitter:data1\" content=\"Juh\u00e1sz P\u00e9ter\" \/>\n\t\t<meta name=\"twitter:label2\" content=\"Est. reading time\" \/>\n\t\t<meta name=\"twitter:data2\" content=\"5 minutes\" \/>\n\t\t<script type=\"application\/ld+json\" class=\"aioseo-schema\">\n\t\t\t{\"@context\":\"https:\\\/\\\/schema.org\",\"@graph\":[{\"@type\":\"Article\",\"@id\":\"https:\\\/\\\/allasorias.hu\\\/hirek\\\/sok-ceg-tervez-letszamcsokkentest\\\/#article\",\"name\":\"C\\u00e9gek t\\u00f6megei terveznek l\\u00e9tsz\\u00e1mcs\\u00f6kkent\\u00e9st\",\"headline\":\"Sok c\\u00e9g tervez l\\u00e9tsz\\u00e1mcs\\u00f6kkent\\u00e9st\",\"author\":{\"@id\":\"https:\\\/\\\/allasorias.hu\\\/hirek\\\/author\\\/admin-allasorias\\\/#author\"},\"publisher\":{\"@id\":\"https:\\\/\\\/allasorias.hu\\\/hirek\\\/#organization\"},\"image\":{\"@type\":\"ImageObject\",\"url\":\"https:\\\/\\\/allasorias.hu\\\/hirek\\\/wp-content\\\/uploads\\\/2023\\\/01\\\/Letszamcsokkentes.jpg\",\"width\":448,\"height\":299,\"caption\":\"Sok c\\u00e9g tervez l\\u00e9tsz\\u00e1mcs\\u00f6kkent\\u00e9st - Allasorias.hu\\\/Hirek\"},\"datePublished\":\"2023-01-13T09:06:22+02:00\",\"dateModified\":\"2025-05-13T14:56:14+02:00\",\"inLanguage\":\"hu-HU\",\"mainEntityOfPage\":{\"@id\":\"https:\\\/\\\/allasorias.hu\\\/hirek\\\/sok-ceg-tervez-letszamcsokkentest\\\/#webpage\"},\"isPartOf\":{\"@id\":\"https:\\\/\\\/allasorias.hu\\\/hirek\\\/sok-ceg-tervez-letszamcsokkentest\\\/#webpage\"},\"articleSection\":\"Munkaer\\u0151piac, l\\u00e9tsz\\u00e1mcs\\u00f6kkent\\u00e9s, l\\u00e9tsz\\u00e1mle\\u00e9p\\u00edt\\u00e9s\"},{\"@type\":\"BreadcrumbList\",\"@id\":\"https:\\\/\\\/allasorias.hu\\\/hirek\\\/sok-ceg-tervez-letszamcsokkentest\\\/#breadcrumblist\",\"itemListElement\":[{\"@type\":\"ListItem\",\"@id\":\"https:\\\/\\\/allasorias.hu\\\/hirek#listItem\",\"position\":1,\"name\":\"Home\",\"item\":\"https:\\\/\\\/allasorias.hu\\\/hirek\",\"nextItem\":{\"@type\":\"ListItem\",\"@id\":\"https:\\\/\\\/allasorias.hu\\\/hirek\\\/temak\\\/munkaeropiac\\\/#listItem\",\"name\":\"Munkaer\\u0151piac\"}},{\"@type\":\"ListItem\",\"@id\":\"https:\\\/\\\/allasorias.hu\\\/hirek\\\/temak\\\/munkaeropiac\\\/#listItem\",\"position\":2,\"name\":\"Munkaer\\u0151piac\",\"item\":\"https:\\\/\\\/allasorias.hu\\\/hirek\\\/temak\\\/munkaeropiac\\\/\",\"nextItem\":{\"@type\":\"ListItem\",\"@id\":\"https:\\\/\\\/allasorias.hu\\\/hirek\\\/sok-ceg-tervez-letszamcsokkentest\\\/#listItem\",\"name\":\"Sok c\\u00e9g tervez l\\u00e9tsz\\u00e1mcs\\u00f6kkent\\u00e9st\"},\"previousItem\":{\"@type\":\"ListItem\",\"@id\":\"https:\\\/\\\/allasorias.hu\\\/hirek#listItem\",\"name\":\"Home\"}},{\"@type\":\"ListItem\",\"@id\":\"https:\\\/\\\/allasorias.hu\\\/hirek\\\/sok-ceg-tervez-letszamcsokkentest\\\/#listItem\",\"position\":3,\"name\":\"Sok c\\u00e9g tervez l\\u00e9tsz\\u00e1mcs\\u00f6kkent\\u00e9st\",\"previousItem\":{\"@type\":\"ListItem\",\"@id\":\"https:\\\/\\\/allasorias.hu\\\/hirek\\\/temak\\\/munkaeropiac\\\/#listItem\",\"name\":\"Munkaer\\u0151piac\"}}]},{\"@type\":\"Organization\",\"@id\":\"https:\\\/\\\/allasorias.hu\\\/hirek\\\/#organization\",\"name\":\"AllasOrias.hu | H\\u00edrek-lapszemle\",\"description\":\"\\u00dczleti h\\u00edrek az \\u00e1ll\\u00e1s \\u00e9s a munka vil\\u00e1g\\u00e1b\\u00f3l\",\"url\":\"https:\\\/\\\/allasorias.hu\\\/hirek\\\/\",\"logo\":{\"@type\":\"ImageObject\",\"url\":\"https:\\\/\\\/allasorias.hu\\\/hirek\\\/wp-content\\\/uploads\\\/2022\\\/10\\\/allasorias_site_facebok_logo.png\",\"@id\":\"https:\\\/\\\/allasorias.hu\\\/hirek\\\/sok-ceg-tervez-letszamcsokkentest\\\/#organizationLogo\"},\"image\":{\"@id\":\"https:\\\/\\\/allasorias.hu\\\/hirek\\\/sok-ceg-tervez-letszamcsokkentest\\\/#organizationLogo\"},\"sameAs\":[\"https:\\\/\\\/www.facebook.com\\\/allasorias\",\"https:\\\/\\\/www.linkedin.com\\\/company\\\/allasorias\"]},{\"@type\":\"Person\",\"@id\":\"https:\\\/\\\/allasorias.hu\\\/hirek\\\/author\\\/admin-allasorias\\\/#author\",\"url\":\"https:\\\/\\\/allasorias.hu\\\/hirek\\\/author\\\/admin-allasorias\\\/\",\"name\":\"Juh\\u00e1sz P\\u00e9ter\",\"image\":{\"@type\":\"ImageObject\",\"@id\":\"https:\\\/\\\/allasorias.hu\\\/hirek\\\/sok-ceg-tervez-letszamcsokkentest\\\/#authorImage\",\"url\":\"https:\\\/\\\/secure.gravatar.com\\\/avatar\\\/36e6bcb83148978b992977cb0f54d22feb0cce8a0a849a9410532bb2623ba4c6?s=96&d=mm&r=g\",\"width\":96,\"height\":96,\"caption\":\"Juh\\u00e1sz P\\u00e9ter\"}},{\"@type\":\"WebPage\",\"@id\":\"https:\\\/\\\/allasorias.hu\\\/hirek\\\/sok-ceg-tervez-letszamcsokkentest\\\/#webpage\",\"url\":\"https:\\\/\\\/allasorias.hu\\\/hirek\\\/sok-ceg-tervez-letszamcsokkentest\\\/\",\"name\":\"C\\u00e9gek t\\u00f6megei terveznek l\\u00e9tsz\\u00e1mcs\\u00f6kkent\\u00e9st\",\"description\":\"Az idei \\u00e9vben sok c\\u00e9g tervez l\\u00e9tsz\\u00e1mcs\\u00f6kkent\\u00e9stegy felm\\u00e9r\\u00e9s szerint haz\\u00e1nkban \\u00e9s az eur\\u00f3pai r\\u00e9gi\\u00f3ban is. A legt\\u00f6bben az \\u00e9szaki r\\u00e9gi\\u00f3ban \\u00e9s az Alf\\u00f6ld\\u00f6n.\",\"inLanguage\":\"hu-HU\",\"isPartOf\":{\"@id\":\"https:\\\/\\\/allasorias.hu\\\/hirek\\\/#website\"},\"breadcrumb\":{\"@id\":\"https:\\\/\\\/allasorias.hu\\\/hirek\\\/sok-ceg-tervez-letszamcsokkentest\\\/#breadcrumblist\"},\"author\":{\"@id\":\"https:\\\/\\\/allasorias.hu\\\/hirek\\\/author\\\/admin-allasorias\\\/#author\"},\"creator\":{\"@id\":\"https:\\\/\\\/allasorias.hu\\\/hirek\\\/author\\\/admin-allasorias\\\/#author\"},\"image\":{\"@type\":\"ImageObject\",\"url\":\"https:\\\/\\\/allasorias.hu\\\/hirek\\\/wp-content\\\/uploads\\\/2023\\\/01\\\/Letszamcsokkentes.jpg\",\"@id\":\"https:\\\/\\\/allasorias.hu\\\/hirek\\\/sok-ceg-tervez-letszamcsokkentest\\\/#mainImage\",\"width\":448,\"height\":299,\"caption\":\"Sok c\\u00e9g tervez l\\u00e9tsz\\u00e1mcs\\u00f6kkent\\u00e9st - Allasorias.hu\\\/Hirek\"},\"primaryImageOfPage\":{\"@id\":\"https:\\\/\\\/allasorias.hu\\\/hirek\\\/sok-ceg-tervez-letszamcsokkentest\\\/#mainImage\"},\"datePublished\":\"2023-01-13T09:06:22+02:00\",\"dateModified\":\"2025-05-13T14:56:14+02:00\"},{\"@type\":\"WebSite\",\"@id\":\"https:\\\/\\\/allasorias.hu\\\/hirek\\\/#website\",\"url\":\"https:\\\/\\\/allasorias.hu\\\/hirek\\\/\",\"name\":\"AllasOrias.hu | H\\u00edrek-lapszemle\",\"description\":\"\\u00dczleti h\\u00edrek az \\u00e1ll\\u00e1s \\u00e9s a munka vil\\u00e1g\\u00e1b\\u00f3l\",\"inLanguage\":\"hu-HU\",\"publisher\":{\"@id\":\"https:\\\/\\\/allasorias.hu\\\/hirek\\\/#organization\"}}]}\n\t\t<\/script>\n\t\t<!-- All in One SEO -->\n\n","aioseo_head_json":{"title":"C\u00e9gek t\u00f6megei terveznek l\u00e9tsz\u00e1mcs\u00f6kkent\u00e9st","description":"Az idei \u00e9vben sok c\u00e9g tervez l\u00e9tsz\u00e1mcs\u00f6kkent\u00e9stegy felm\u00e9r\u00e9s szerint haz\u00e1nkban \u00e9s az eur\u00f3pai r\u00e9gi\u00f3ban is. A legt\u00f6bben az \u00e9szaki r\u00e9gi\u00f3ban \u00e9s az Alf\u00f6ld\u00f6n.","canonical_url":"https:\/\/allasorias.hu\/hirek\/sok-ceg-tervez-letszamcsokkentest\/","robots":"max-image-preview:large","keywords":"l\u00e9tsz\u00e1mcs\u00f6kkent\u00e9s,l\u00e9tsz\u00e1mle\u00e9p\u00edt\u00e9s","webmasterTools":{"miscellaneous":""},"schema":{"@context":"https:\/\/schema.org","@graph":[{"@type":"Article","@id":"https:\/\/allasorias.hu\/hirek\/sok-ceg-tervez-letszamcsokkentest\/#article","name":"C\u00e9gek t\u00f6megei terveznek l\u00e9tsz\u00e1mcs\u00f6kkent\u00e9st","headline":"Sok c\u00e9g tervez l\u00e9tsz\u00e1mcs\u00f6kkent\u00e9st","author":{"@id":"https:\/\/allasorias.hu\/hirek\/author\/admin-allasorias\/#author"},"publisher":{"@id":"https:\/\/allasorias.hu\/hirek\/#organization"},"image":{"@type":"ImageObject","url":"https:\/\/allasorias.hu\/hirek\/wp-content\/uploads\/2023\/01\/Letszamcsokkentes.jpg","width":448,"height":299,"caption":"Sok c\u00e9g tervez l\u00e9tsz\u00e1mcs\u00f6kkent\u00e9st - Allasorias.hu\/Hirek"},"datePublished":"2023-01-13T09:06:22+02:00","dateModified":"2025-05-13T14:56:14+02:00","inLanguage":"hu-HU","mainEntityOfPage":{"@id":"https:\/\/allasorias.hu\/hirek\/sok-ceg-tervez-letszamcsokkentest\/#webpage"},"isPartOf":{"@id":"https:\/\/allasorias.hu\/hirek\/sok-ceg-tervez-letszamcsokkentest\/#webpage"},"articleSection":"Munkaer\u0151piac, l\u00e9tsz\u00e1mcs\u00f6kkent\u00e9s, l\u00e9tsz\u00e1mle\u00e9p\u00edt\u00e9s"},{"@type":"BreadcrumbList","@id":"https:\/\/allasorias.hu\/hirek\/sok-ceg-tervez-letszamcsokkentest\/#breadcrumblist","itemListElement":[{"@type":"ListItem","@id":"https:\/\/allasorias.hu\/hirek#listItem","position":1,"name":"Home","item":"https:\/\/allasorias.hu\/hirek","nextItem":{"@type":"ListItem","@id":"https:\/\/allasorias.hu\/hirek\/temak\/munkaeropiac\/#listItem","name":"Munkaer\u0151piac"}},{"@type":"ListItem","@id":"https:\/\/allasorias.hu\/hirek\/temak\/munkaeropiac\/#listItem","position":2,"name":"Munkaer\u0151piac","item":"https:\/\/allasorias.hu\/hirek\/temak\/munkaeropiac\/","nextItem":{"@type":"ListItem","@id":"https:\/\/allasorias.hu\/hirek\/sok-ceg-tervez-letszamcsokkentest\/#listItem","name":"Sok c\u00e9g tervez l\u00e9tsz\u00e1mcs\u00f6kkent\u00e9st"},"previousItem":{"@type":"ListItem","@id":"https:\/\/allasorias.hu\/hirek#listItem","name":"Home"}},{"@type":"ListItem","@id":"https:\/\/allasorias.hu\/hirek\/sok-ceg-tervez-letszamcsokkentest\/#listItem","position":3,"name":"Sok c\u00e9g tervez l\u00e9tsz\u00e1mcs\u00f6kkent\u00e9st","previousItem":{"@type":"ListItem","@id":"https:\/\/allasorias.hu\/hirek\/temak\/munkaeropiac\/#listItem","name":"Munkaer\u0151piac"}}]},{"@type":"Organization","@id":"https:\/\/allasorias.hu\/hirek\/#organization","name":"AllasOrias.hu | H\u00edrek-lapszemle","description":"\u00dczleti h\u00edrek az \u00e1ll\u00e1s \u00e9s a munka vil\u00e1g\u00e1b\u00f3l","url":"https:\/\/allasorias.hu\/hirek\/","logo":{"@type":"ImageObject","url":"https:\/\/allasorias.hu\/hirek\/wp-content\/uploads\/2022\/10\/allasorias_site_facebok_logo.png","@id":"https:\/\/allasorias.hu\/hirek\/sok-ceg-tervez-letszamcsokkentest\/#organizationLogo"},"image":{"@id":"https:\/\/allasorias.hu\/hirek\/sok-ceg-tervez-letszamcsokkentest\/#organizationLogo"},"sameAs":["https:\/\/www.facebook.com\/allasorias","https:\/\/www.linkedin.com\/company\/allasorias"]},{"@type":"Person","@id":"https:\/\/allasorias.hu\/hirek\/author\/admin-allasorias\/#author","url":"https:\/\/allasorias.hu\/hirek\/author\/admin-allasorias\/","name":"Juh\u00e1sz P\u00e9ter","image":{"@type":"ImageObject","@id":"https:\/\/allasorias.hu\/hirek\/sok-ceg-tervez-letszamcsokkentest\/#authorImage","url":"https:\/\/secure.gravatar.com\/avatar\/36e6bcb83148978b992977cb0f54d22feb0cce8a0a849a9410532bb2623ba4c6?s=96&d=mm&r=g","width":96,"height":96,"caption":"Juh\u00e1sz P\u00e9ter"}},{"@type":"WebPage","@id":"https:\/\/allasorias.hu\/hirek\/sok-ceg-tervez-letszamcsokkentest\/#webpage","url":"https:\/\/allasorias.hu\/hirek\/sok-ceg-tervez-letszamcsokkentest\/","name":"C\u00e9gek t\u00f6megei terveznek l\u00e9tsz\u00e1mcs\u00f6kkent\u00e9st","description":"Az idei \u00e9vben sok c\u00e9g tervez l\u00e9tsz\u00e1mcs\u00f6kkent\u00e9stegy felm\u00e9r\u00e9s szerint haz\u00e1nkban \u00e9s az eur\u00f3pai r\u00e9gi\u00f3ban is. A legt\u00f6bben az \u00e9szaki r\u00e9gi\u00f3ban \u00e9s az Alf\u00f6ld\u00f6n.","inLanguage":"hu-HU","isPartOf":{"@id":"https:\/\/allasorias.hu\/hirek\/#website"},"breadcrumb":{"@id":"https:\/\/allasorias.hu\/hirek\/sok-ceg-tervez-letszamcsokkentest\/#breadcrumblist"},"author":{"@id":"https:\/\/allasorias.hu\/hirek\/author\/admin-allasorias\/#author"},"creator":{"@id":"https:\/\/allasorias.hu\/hirek\/author\/admin-allasorias\/#author"},"image":{"@type":"ImageObject","url":"https:\/\/allasorias.hu\/hirek\/wp-content\/uploads\/2023\/01\/Letszamcsokkentes.jpg","@id":"https:\/\/allasorias.hu\/hirek\/sok-ceg-tervez-letszamcsokkentest\/#mainImage","width":448,"height":299,"caption":"Sok c\u00e9g tervez l\u00e9tsz\u00e1mcs\u00f6kkent\u00e9st - Allasorias.hu\/Hirek"},"primaryImageOfPage":{"@id":"https:\/\/allasorias.hu\/hirek\/sok-ceg-tervez-letszamcsokkentest\/#mainImage"},"datePublished":"2023-01-13T09:06:22+02:00","dateModified":"2025-05-13T14:56:14+02:00"},{"@type":"WebSite","@id":"https:\/\/allasorias.hu\/hirek\/#website","url":"https:\/\/allasorias.hu\/hirek\/","name":"AllasOrias.hu | H\u00edrek-lapszemle","description":"\u00dczleti h\u00edrek az \u00e1ll\u00e1s \u00e9s a munka vil\u00e1g\u00e1b\u00f3l","inLanguage":"hu-HU","publisher":{"@id":"https:\/\/allasorias.hu\/hirek\/#organization"}}]},"og:locale":"hu_HU","og:site_name":"AllasOrias.hu | H\u00edrek-lapszemle | \u00dczleti h\u00edrek az \u00e1ll\u00e1s \u00e9s a munka vil\u00e1g\u00e1b\u00f3l","og:type":"article","og:title":"C\u00e9gek t\u00f6megei terveznek l\u00e9tsz\u00e1mcs\u00f6kkent\u00e9st","og:description":"Az idei \u00e9vben sok c\u00e9g tervez l\u00e9tsz\u00e1mcs\u00f6kkent\u00e9stegy felm\u00e9r\u00e9s szerint haz\u00e1nkban \u00e9s az eur\u00f3pai r\u00e9gi\u00f3ban is. A legt\u00f6bben az \u00e9szaki r\u00e9gi\u00f3ban \u00e9s az Alf\u00f6ld\u00f6n.","og:url":"https:\/\/allasorias.hu\/hirek\/sok-ceg-tervez-letszamcsokkentest\/","og:image":"https:\/\/allasorias.hu\/hirek\/wp-content\/uploads\/2023\/01\/Letszamcsokkentes.jpg","og:image:secure_url":"https:\/\/allasorias.hu\/hirek\/wp-content\/uploads\/2023\/01\/Letszamcsokkentes.jpg","og:image:width":448,"og:image:height":299,"article:published_time":"2023-01-13T09:06:22+00:00","article:modified_time":"2025-05-13T12:56:14+00:00","article:publisher":"https:\/\/www.facebook.com\/allasorias","twitter:card":"summary_large_image","twitter:title":"C\u00e9gek t\u00f6megei terveznek l\u00e9tsz\u00e1mcs\u00f6kkent\u00e9st","twitter:description":"Az idei \u00e9vben sok c\u00e9g tervez l\u00e9tsz\u00e1mcs\u00f6kkent\u00e9stegy felm\u00e9r\u00e9s szerint haz\u00e1nkban \u00e9s az eur\u00f3pai r\u00e9gi\u00f3ban is. A legt\u00f6bben az \u00e9szaki r\u00e9gi\u00f3ban \u00e9s az Alf\u00f6ld\u00f6n.","twitter:image":"https:\/\/allasorias.hu\/hirek\/wp-content\/uploads\/2023\/01\/Letszamcsokkentes.jpg","twitter:label1":"Written by","twitter:data1":"Juh\u00e1sz P\u00e9ter","twitter:label2":"Est. reading time","twitter:data2":"5 minutes"},"aioseo_meta_data":{"post_id":"6141","title":"C\u00e9gek t\u00f6megei terveznek l\u00e9tsz\u00e1mcs\u00f6kkent\u00e9st","description":"Az idei \u00e9vben sok c\u00e9g tervez l\u00e9tsz\u00e1mcs\u00f6kkent\u00e9stegy felm\u00e9r\u00e9s szerint haz\u00e1nkban \u00e9s az eur\u00f3pai r\u00e9gi\u00f3ban is. A legt\u00f6bben az \u00e9szaki r\u00e9gi\u00f3ban \u00e9s az Alf\u00f6ld\u00f6n.","keywords":null,"keyphrases":{"focus":{"keyphrase":"l\u00e9tsz\u00e1mcs\u00f6kkent\u00e9st","score":49,"analysis":{"keyphraseInTitle":{"score":9,"maxScore":9,"error":0},"keyphraseInDescription":{"score":3,"maxScore":9,"error":1},"keyphraseLength":{"score":6,"maxScore":9,"error":1,"length":5},"keyphraseInURL":{"score":5,"maxScore":5,"error":0},"keyphraseInIntroduction":{"score":3,"maxScore":9,"error":1},"keyphraseInSubHeadings":{"score":3,"maxScore":9,"error":1},"keyphraseInImageAlt":[],"keywordDensity":{"score":0,"type":"low","maxScore":9,"error":1}}},"additional":[]},"primary_term":null,"canonical_url":null,"og_title":null,"og_description":null,"og_object_type":"default","og_image_type":"default","og_image_url":null,"og_image_width":null,"og_image_height":null,"og_image_custom_url":null,"og_image_custom_fields":null,"og_video":"","og_custom_url":null,"og_article_section":null,"og_article_tags":null,"twitter_use_og":true,"twitter_card":"default","twitter_image_type":"default","twitter_image_url":null,"twitter_image_custom_url":null,"twitter_image_custom_fields":null,"twitter_title":null,"twitter_description":null,"schema":{"blockGraphs":[],"customGraphs":[],"default":{"data":{"Article":[],"Course":[],"Dataset":[],"FAQPage":[],"Movie":[],"Person":[],"Product":[],"ProductReview":[],"Car":[],"Recipe":[],"Service":[],"SoftwareApplication":[],"WebPage":[]},"graphName":"Article","isEnabled":true},"graphs":[]},"schema_type":"default","schema_type_options":null,"pillar_content":false,"robots_default":true,"robots_noindex":false,"robots_noarchive":false,"robots_nosnippet":false,"robots_nofollow":false,"robots_noimageindex":false,"robots_noodp":false,"robots_notranslate":false,"robots_max_snippet":"-1","robots_max_videopreview":"-1","robots_max_imagepreview":"large","priority":null,"frequency":"default","location":null,"local_seo":null,"breadcrumb_settings":null,"limit_modified_date":false,"ai":null,"created":"2023-01-13 07:58:50","updated":"2025-10-02 17:58:41","seo_analyzer_scan_date":null,"focus_keyword":"l\u00e9tsz\u00e1mcs\u00f6kkent\u00e9st","additional_keywords":null,"truseo_locale":null},"aioseo_breadcrumb":"<div class=\"aioseo-breadcrumbs\"><span class=\"aioseo-breadcrumb\">\n\t\t\t<a href=\"https:\/\/allasorias.hu\/hirek\" title=\"Home\">Home<\/a>\n\t\t<\/span><span class=\"aioseo-breadcrumb-separator\">&raquo;<\/span><span class=\"aioseo-breadcrumb\">\n\t\t\t<a href=\"https:\/\/allasorias.hu\/hirek\/temak\/munkaeropiac\/\" title=\"Munkaer\u0151piac\">Munkaer\u0151piac<\/a>\n\t\t<\/span><span class=\"aioseo-breadcrumb-separator\">&raquo;<\/span><span class=\"aioseo-breadcrumb\">\n\t\t\tSok c\u00e9g tervez l\u00e9tsz\u00e1mcs\u00f6kkent\u00e9st\n\t\t<\/span><\/div>","aioseo_breadcrumb_json":[{"label":"Home","link":"https:\/\/allasorias.hu\/hirek"},{"label":"Munkaer\u0151piac","link":"https:\/\/allasorias.hu\/hirek\/temak\/munkaeropiac\/"},{"label":"Sok c\u00e9g tervez l\u00e9tsz\u00e1mcs\u00f6kkent\u00e9st","link":"https:\/\/allasorias.hu\/hirek\/sok-ceg-tervez-letszamcsokkentest\/"}],"_links":{"self":[{"href":"https:\/\/allasorias.hu\/hirek\/wp-json\/wp\/v2\/posts\/6141","targetHints":{"allow":["GET"]}}],"collection":[{"href":"https:\/\/allasorias.hu\/hirek\/wp-json\/wp\/v2\/posts"}],"about":[{"href":"https:\/\/allasorias.hu\/hirek\/wp-json\/wp\/v2\/types\/post"}],"author":[{"embeddable":true,"href":"https:\/\/allasorias.hu\/hirek\/wp-json\/wp\/v2\/users\/1"}],"replies":[{"embeddable":true,"href":"https:\/\/allasorias.hu\/hirek\/wp-json\/wp\/v2\/comments?post=6141"}],"version-history":[{"count":1,"href":"https:\/\/allasorias.hu\/hirek\/wp-json\/wp\/v2\/posts\/6141\/revisions"}],"predecessor-version":[{"id":6143,"href":"https:\/\/allasorias.hu\/hirek\/wp-json\/wp\/v2\/posts\/6141\/revisions\/6143"}],"wp:featuredmedia":[{"embeddable":true,"href":"https:\/\/allasorias.hu\/hirek\/wp-json\/wp\/v2\/media\/6142"}],"wp:attachment":[{"href":"https:\/\/allasorias.hu\/hirek\/wp-json\/wp\/v2\/media?parent=6141"}],"wp:term":[{"taxonomy":"category","embeddable":true,"href":"https:\/\/allasorias.hu\/hirek\/wp-json\/wp\/v2\/categories?post=6141"},{"taxonomy":"post_tag","embeddable":true,"href":"https:\/\/allasorias.hu\/hirek\/wp-json\/wp\/v2\/tags?post=6141"}],"curies":[{"name":"wp","href":"https:\/\/api.w.org\/{rel}","templated":true}]}}