{"id":6135,"date":"2023-01-11T10:41:01","date_gmt":"2023-01-11T10:41:01","guid":{"rendered":"https:\/\/allasorias.hu\/hirek\/?p=6135"},"modified":"2023-01-11T10:41:01","modified_gmt":"2023-01-11T10:41:01","slug":"gyarat-epit-a-samsung","status":"publish","type":"post","link":"https:\/\/allasorias.hu\/hirek\/gyarat-epit-a-samsung\/","title":{"rendered":"Gy\u00e1rat \u00e9p\u00edt a Samsung"},"content":{"rendered":"<p><strong>M\u00e1r van k\u00e9t akkumul\u00e1tor gy\u00e1ra haz\u00e1nkban a Samsungnak, de most \u00fagy t\u0171nik \u00fajabb gy\u00e1rat szeretne \u00e9p\u00edteni. A c\u00e9g nagyon kev\u00e9s inform\u00e1ci\u00f3t ad ki a beruh\u00e1z\u00e1sr\u00f3l, az uni\u00f3 vizsg\u00e1lja a\u00a0 magyar \u00e1llami t\u00e1mogat\u00e1s jogosults\u00e1g\u00e1t az \u00fcgyben.<\/strong><\/p>\n<p>A Samsung SDI fontolgatja, hogy \u00fajabb akkumul\u00e1torgy\u00e1rat \u00e9p\u00edt Magyarorsz\u00e1gon a megl\u00e9v\u0151 kett\u0151 mell\u00e9, ahol kiz\u00e1r\u00f3lag a BMW sz\u00e1m\u00e1ra \u00e1ll\u00edtana el\u0151 er\u0151forr\u00e1sokat \u2013 \u00edrja meg nem nevezett forr\u00e1sai alapj\u00e1n a d\u00e9l-koreai Csoszun Ilbo. A lap eml\u00e9keztet r\u00e1, hogy az orsz\u00e1gban a v\u00e1llalat m\u00e1r k\u00e9t akkumul\u00e1torgy\u00e1rral rendelkezik, ahonnan t\u00f6bb eur\u00f3pai aut\u00f3gy\u00e1rt\u00f3t szolg\u00e1l ki. B\u00e1r erre nem t\u00e9r ki, de term\u00e9szetesen a g\u00f6di \u00fczemr\u0151l van sz\u00f3, amelyet idehaza egy gy\u00e1rk\u00e9nt szoktunk kezelni, de val\u00f3ban t\u00f6bb \u00fctemben val\u00f3sult meg, \u00edgy egy \u00fajabb r\u00e9sz\u00e9t lehet ak\u00e1r harmadik \u00fczemnek is min\u0151s\u00edteni.<\/p>\n<p>R\u00e1ad\u00e1sul a dolgot bonyol\u00edtja, hogy a beruh\u00e1z\u00e1s m\u00e1sodik szakasza k\u00e9t f\u00e1zisban val\u00f3sul meg, \u00e9s ezt is csak onnan tudjuk, hogy az Eur\u00f3pai Bizotts\u00e1g 2019 \u00f3ta vizsg\u00e1lja a beruh\u00e1z\u00e1s magyar \u00e1llami t\u00e1mogat\u00e1s\u00e1nak indokolts\u00e1g\u00e1t. Ezzel kapcsolatban 2021. j\u00faniusi az utols\u00f3 h\u00edr, miszerint a bizotts\u00e1g kiterjesztette a vizsg\u00e1latot a beny\u00fajtott \u00faj magyar adatok alapj\u00e1n. A Samsung alig kommunik\u00e1l az \u00fczemmel kapcsolatban, mindenesetre felt\u00e9telezhet\u0151, hogy a mostani h\u00edrben szerepl\u0151 harmadik gy\u00e1r \u2013 avagy \u00fczemegys\u00e9g \u2013 nem szerepelt kor\u00e1bban az uni\u00f3s vizsg\u00e1lathoz beny\u00fajtott adatokban.<\/p>\n<p>Forr\u00e1s: <a href=\"https:\/\/g7.hu\/vallalat\/20230111\/ujabb-akkumulatorgyar-epulhet-magyarorszagon\/\" target=\"_blank\" rel=\"nofollow noopener\">g7.hu<\/a><\/p>\n","protected":false},"excerpt":{"rendered":"<p>M\u00e1r van k\u00e9t akkumul\u00e1tor gy\u00e1ra haz\u00e1nkban a Samsungnak, de most \u00fagy t\u0171nik \u00fajabb gy\u00e1rat szeretne \u00e9p\u00edteni. A c\u00e9g nagyon kev\u00e9s inform\u00e1ci\u00f3t ad ki a beruh\u00e1z\u00e1sr\u00f3l, az uni\u00f3 vizsg\u00e1lja a\u00a0 magyar \u00e1llami t\u00e1mogat\u00e1s jogosults\u00e1g\u00e1t az \u00fcgyben. A Samsung SDI fontolgatja, hogy \u00fajabb akkumul\u00e1torgy\u00e1rat \u00e9p\u00edt Magyarorsz\u00e1gon a megl\u00e9v\u0151 kett\u0151 mell\u00e9, ahol kiz\u00e1r\u00f3lag a BMW sz\u00e1m\u00e1ra \u00e1ll\u00edtana el\u0151 [&hellip;]<\/p>\n","protected":false},"author":1,"featured_media":6136,"comment_status":"open","ping_status":"open","sticky":false,"template":"","format":"standard","meta":{"_monsterinsights_skip_tracking":false,"footnotes":""},"categories":[200],"tags":[],"class_list":["post-6135","post","type-post","status-publish","format-standard","has-post-thumbnail","hentry","category-munkaeropiac"],"aioseo_notices":[],"aioseo_head":"\n\t\t<!-- All in One SEO 5.0.0.1 - aioseo.com -->\n\t<meta name=\"description\" content=\"A Samsung SDI fontolgatja, hogy \u00fajabb akkumul\u00e1torgy\u00e1rat \u00e9p\u00edt Magyarorsz\u00e1gon a megl\u00e9v\u0151 kett\u0151 mell\u00e9, ahol kiz\u00e1r\u00f3lag a BMW sz\u00e1m\u00e1ra \u00e1ll\u00edtana el\u0151 er\u0151forr\u00e1sokat.\" \/>\n\t<meta name=\"robots\" content=\"max-image-preview:large\" \/>\n\t<meta name=\"author\" content=\"Juh\u00e1sz P\u00e9ter\"\/>\n\t<link rel=\"canonical\" href=\"https:\/\/allasorias.hu\/hirek\/gyarat-epit-a-samsung\/\" \/>\n\t<meta name=\"generator\" content=\"All in One SEO (AIOSEO) 5.0.0.1\" \/>\n\t\t<meta property=\"og:locale\" content=\"hu_HU\" \/>\n\t\t<meta property=\"og:site_name\" content=\"AllasOrias.hu | H\u00edrek-lapszemle | \u00dczleti h\u00edrek az \u00e1ll\u00e1s \u00e9s a munka vil\u00e1g\u00e1b\u00f3l\" \/>\n\t\t<meta property=\"og:type\" content=\"article\" \/>\n\t\t<meta property=\"og:title\" content=\"Gy\u00e1rat \u00e9p\u00edt a Samsung | AllasOrias.hu | H\u00edrek-lapszemle\" \/>\n\t\t<meta property=\"og:description\" content=\"A Samsung SDI fontolgatja, hogy \u00fajabb akkumul\u00e1torgy\u00e1rat \u00e9p\u00edt Magyarorsz\u00e1gon a megl\u00e9v\u0151 kett\u0151 mell\u00e9, ahol kiz\u00e1r\u00f3lag a BMW sz\u00e1m\u00e1ra \u00e1ll\u00edtana el\u0151 er\u0151forr\u00e1sokat.\" \/>\n\t\t<meta property=\"og:url\" content=\"https:\/\/allasorias.hu\/hirek\/gyarat-epit-a-samsung\/\" \/>\n\t\t<meta property=\"og:image\" content=\"https:\/\/allasorias.hu\/hirek\/wp-content\/uploads\/2023\/01\/samsung-gyar.jpg\" \/>\n\t\t<meta property=\"og:image:secure_url\" content=\"https:\/\/allasorias.hu\/hirek\/wp-content\/uploads\/2023\/01\/samsung-gyar.jpg\" \/>\n\t\t<meta property=\"og:image:width\" content=\"1280\" \/>\n\t\t<meta property=\"og:image:height\" content=\"682\" \/>\n\t\t<meta property=\"article:published_time\" content=\"2023-01-11T10:41:01+00:00\" \/>\n\t\t<meta property=\"article:modified_time\" content=\"2023-01-11T10:41:01+00:00\" \/>\n\t\t<meta property=\"article:publisher\" content=\"https:\/\/www.facebook.com\/allasorias\" \/>\n\t\t<meta name=\"twitter:card\" content=\"summary_large_image\" \/>\n\t\t<meta name=\"twitter:title\" content=\"Gy\u00e1rat \u00e9p\u00edt a Samsung | AllasOrias.hu | H\u00edrek-lapszemle\" \/>\n\t\t<meta name=\"twitter:description\" content=\"A Samsung SDI fontolgatja, hogy \u00fajabb akkumul\u00e1torgy\u00e1rat \u00e9p\u00edt Magyarorsz\u00e1gon a megl\u00e9v\u0151 kett\u0151 mell\u00e9, ahol kiz\u00e1r\u00f3lag a BMW sz\u00e1m\u00e1ra \u00e1ll\u00edtana el\u0151 er\u0151forr\u00e1sokat.\" \/>\n\t\t<meta name=\"twitter:image\" content=\"https:\/\/allasorias.hu\/hirek\/wp-content\/uploads\/2023\/01\/samsung-gyar.jpg\" \/>\n\t\t<meta name=\"twitter:label1\" content=\"Written by\" \/>\n\t\t<meta name=\"twitter:data1\" content=\"Juh\u00e1sz P\u00e9ter\" \/>\n\t\t<meta name=\"twitter:label2\" content=\"Est. reading time\" \/>\n\t\t<meta name=\"twitter:data2\" content=\"1 minute\" \/>\n\t\t<script type=\"application\/ld+json\" class=\"aioseo-schema\">\n\t\t\t{\"@context\":\"https:\\\/\\\/schema.org\",\"@graph\":[{\"@type\":\"Article\",\"@id\":\"https:\\\/\\\/allasorias.hu\\\/hirek\\\/gyarat-epit-a-samsung\\\/#article\",\"name\":\"Gy\\u00e1rat \\u00e9p\\u00edt a Samsung | AllasOrias.hu | H\\u00edrek-lapszemle\",\"headline\":\"Gy\\u00e1rat \\u00e9p\\u00edt a Samsung\",\"author\":{\"@id\":\"https:\\\/\\\/allasorias.hu\\\/hirek\\\/author\\\/admin-allasorias\\\/#author\"},\"publisher\":{\"@id\":\"https:\\\/\\\/allasorias.hu\\\/hirek\\\/#organization\"},\"image\":{\"@type\":\"ImageObject\",\"url\":\"https:\\\/\\\/allasorias.hu\\\/hirek\\\/wp-content\\\/uploads\\\/2023\\\/01\\\/samsung-gyar.jpg\",\"width\":1280,\"height\":682,\"caption\":\"Gy\\u00e1rat \\u00e9p\\u00edt a Samsung - Allasorias.hu\\\/Hirek\"},\"datePublished\":\"2023-01-11T10:41:01+02:00\",\"dateModified\":\"2023-01-11T10:41:01+02:00\",\"inLanguage\":\"hu-HU\",\"mainEntityOfPage\":{\"@id\":\"https:\\\/\\\/allasorias.hu\\\/hirek\\\/gyarat-epit-a-samsung\\\/#webpage\"},\"isPartOf\":{\"@id\":\"https:\\\/\\\/allasorias.hu\\\/hirek\\\/gyarat-epit-a-samsung\\\/#webpage\"},\"articleSection\":\"Munkaer\\u0151piac\"},{\"@type\":\"BreadcrumbList\",\"@id\":\"https:\\\/\\\/allasorias.hu\\\/hirek\\\/gyarat-epit-a-samsung\\\/#breadcrumblist\",\"itemListElement\":[{\"@type\":\"ListItem\",\"@id\":\"https:\\\/\\\/allasorias.hu\\\/hirek#listItem\",\"position\":1,\"name\":\"Home\",\"item\":\"https:\\\/\\\/allasorias.hu\\\/hirek\",\"nextItem\":{\"@type\":\"ListItem\",\"@id\":\"https:\\\/\\\/allasorias.hu\\\/hirek\\\/temak\\\/munkaeropiac\\\/#listItem\",\"name\":\"Munkaer\\u0151piac\"}},{\"@type\":\"ListItem\",\"@id\":\"https:\\\/\\\/allasorias.hu\\\/hirek\\\/temak\\\/munkaeropiac\\\/#listItem\",\"position\":2,\"name\":\"Munkaer\\u0151piac\",\"item\":\"https:\\\/\\\/allasorias.hu\\\/hirek\\\/temak\\\/munkaeropiac\\\/\",\"nextItem\":{\"@type\":\"ListItem\",\"@id\":\"https:\\\/\\\/allasorias.hu\\\/hirek\\\/gyarat-epit-a-samsung\\\/#listItem\",\"name\":\"Gy\\u00e1rat \\u00e9p\\u00edt a Samsung\"},\"previousItem\":{\"@type\":\"ListItem\",\"@id\":\"https:\\\/\\\/allasorias.hu\\\/hirek#listItem\",\"name\":\"Home\"}},{\"@type\":\"ListItem\",\"@id\":\"https:\\\/\\\/allasorias.hu\\\/hirek\\\/gyarat-epit-a-samsung\\\/#listItem\",\"position\":3,\"name\":\"Gy\\u00e1rat \\u00e9p\\u00edt a Samsung\",\"previousItem\":{\"@type\":\"ListItem\",\"@id\":\"https:\\\/\\\/allasorias.hu\\\/hirek\\\/temak\\\/munkaeropiac\\\/#listItem\",\"name\":\"Munkaer\\u0151piac\"}}]},{\"@type\":\"Organization\",\"@id\":\"https:\\\/\\\/allasorias.hu\\\/hirek\\\/#organization\",\"name\":\"AllasOrias.hu | H\\u00edrek-lapszemle\",\"description\":\"\\u00dczleti h\\u00edrek az \\u00e1ll\\u00e1s \\u00e9s a munka vil\\u00e1g\\u00e1b\\u00f3l\",\"url\":\"https:\\\/\\\/allasorias.hu\\\/hirek\\\/\",\"logo\":{\"@type\":\"ImageObject\",\"url\":\"https:\\\/\\\/allasorias.hu\\\/hirek\\\/wp-content\\\/uploads\\\/2022\\\/10\\\/allasorias_site_facebok_logo.png\",\"@id\":\"https:\\\/\\\/allasorias.hu\\\/hirek\\\/gyarat-epit-a-samsung\\\/#organizationLogo\"},\"image\":{\"@id\":\"https:\\\/\\\/allasorias.hu\\\/hirek\\\/gyarat-epit-a-samsung\\\/#organizationLogo\"},\"sameAs\":[\"https:\\\/\\\/www.facebook.com\\\/allasorias\",\"https:\\\/\\\/www.linkedin.com\\\/company\\\/allasorias\"]},{\"@type\":\"Person\",\"@id\":\"https:\\\/\\\/allasorias.hu\\\/hirek\\\/author\\\/admin-allasorias\\\/#author\",\"url\":\"https:\\\/\\\/allasorias.hu\\\/hirek\\\/author\\\/admin-allasorias\\\/\",\"name\":\"Juh\\u00e1sz P\\u00e9ter\",\"image\":{\"@type\":\"ImageObject\",\"@id\":\"https:\\\/\\\/allasorias.hu\\\/hirek\\\/gyarat-epit-a-samsung\\\/#authorImage\",\"url\":\"https:\\\/\\\/secure.gravatar.com\\\/avatar\\\/36e6bcb83148978b992977cb0f54d22feb0cce8a0a849a9410532bb2623ba4c6?s=96&d=mm&r=g\",\"width\":96,\"height\":96,\"caption\":\"Juh\\u00e1sz P\\u00e9ter\"}},{\"@type\":\"WebPage\",\"@id\":\"https:\\\/\\\/allasorias.hu\\\/hirek\\\/gyarat-epit-a-samsung\\\/#webpage\",\"url\":\"https:\\\/\\\/allasorias.hu\\\/hirek\\\/gyarat-epit-a-samsung\\\/\",\"name\":\"Gy\\u00e1rat \\u00e9p\\u00edt a Samsung | AllasOrias.hu | H\\u00edrek-lapszemle\",\"description\":\"A Samsung SDI fontolgatja, hogy \\u00fajabb akkumul\\u00e1torgy\\u00e1rat \\u00e9p\\u00edt Magyarorsz\\u00e1gon a megl\\u00e9v\\u0151 kett\\u0151 mell\\u00e9, ahol kiz\\u00e1r\\u00f3lag a BMW sz\\u00e1m\\u00e1ra \\u00e1ll\\u00edtana el\\u0151 er\\u0151forr\\u00e1sokat.\",\"inLanguage\":\"hu-HU\",\"isPartOf\":{\"@id\":\"https:\\\/\\\/allasorias.hu\\\/hirek\\\/#website\"},\"breadcrumb\":{\"@id\":\"https:\\\/\\\/allasorias.hu\\\/hirek\\\/gyarat-epit-a-samsung\\\/#breadcrumblist\"},\"author\":{\"@id\":\"https:\\\/\\\/allasorias.hu\\\/hirek\\\/author\\\/admin-allasorias\\\/#author\"},\"creator\":{\"@id\":\"https:\\\/\\\/allasorias.hu\\\/hirek\\\/author\\\/admin-allasorias\\\/#author\"},\"image\":{\"@type\":\"ImageObject\",\"url\":\"https:\\\/\\\/allasorias.hu\\\/hirek\\\/wp-content\\\/uploads\\\/2023\\\/01\\\/samsung-gyar.jpg\",\"@id\":\"https:\\\/\\\/allasorias.hu\\\/hirek\\\/gyarat-epit-a-samsung\\\/#mainImage\",\"width\":1280,\"height\":682,\"caption\":\"Gy\\u00e1rat \\u00e9p\\u00edt a Samsung - Allasorias.hu\\\/Hirek\"},\"primaryImageOfPage\":{\"@id\":\"https:\\\/\\\/allasorias.hu\\\/hirek\\\/gyarat-epit-a-samsung\\\/#mainImage\"},\"datePublished\":\"2023-01-11T10:41:01+02:00\",\"dateModified\":\"2023-01-11T10:41:01+02:00\"},{\"@type\":\"WebSite\",\"@id\":\"https:\\\/\\\/allasorias.hu\\\/hirek\\\/#website\",\"url\":\"https:\\\/\\\/allasorias.hu\\\/hirek\\\/\",\"name\":\"AllasOrias.hu | H\\u00edrek-lapszemle\",\"description\":\"\\u00dczleti h\\u00edrek az \\u00e1ll\\u00e1s \\u00e9s a munka vil\\u00e1g\\u00e1b\\u00f3l\",\"inLanguage\":\"hu-HU\",\"publisher\":{\"@id\":\"https:\\\/\\\/allasorias.hu\\\/hirek\\\/#organization\"}}]}\n\t\t<\/script>\n\t\t<!-- All in One SEO -->\n\n","aioseo_head_json":{"title":"Gy\u00e1rat \u00e9p\u00edt a Samsung | AllasOrias.hu | H\u00edrek-lapszemle","description":"A Samsung SDI fontolgatja, hogy \u00fajabb akkumul\u00e1torgy\u00e1rat \u00e9p\u00edt Magyarorsz\u00e1gon a megl\u00e9v\u0151 kett\u0151 mell\u00e9, ahol kiz\u00e1r\u00f3lag a BMW sz\u00e1m\u00e1ra \u00e1ll\u00edtana el\u0151 er\u0151forr\u00e1sokat.","canonical_url":"https:\/\/allasorias.hu\/hirek\/gyarat-epit-a-samsung\/","robots":"max-image-preview:large","keywords":"","webmasterTools":{"miscellaneous":""},"schema":{"@context":"https:\/\/schema.org","@graph":[{"@type":"Article","@id":"https:\/\/allasorias.hu\/hirek\/gyarat-epit-a-samsung\/#article","name":"Gy\u00e1rat \u00e9p\u00edt a Samsung | AllasOrias.hu | H\u00edrek-lapszemle","headline":"Gy\u00e1rat \u00e9p\u00edt a Samsung","author":{"@id":"https:\/\/allasorias.hu\/hirek\/author\/admin-allasorias\/#author"},"publisher":{"@id":"https:\/\/allasorias.hu\/hirek\/#organization"},"image":{"@type":"ImageObject","url":"https:\/\/allasorias.hu\/hirek\/wp-content\/uploads\/2023\/01\/samsung-gyar.jpg","width":1280,"height":682,"caption":"Gy\u00e1rat \u00e9p\u00edt a Samsung - Allasorias.hu\/Hirek"},"datePublished":"2023-01-11T10:41:01+02:00","dateModified":"2023-01-11T10:41:01+02:00","inLanguage":"hu-HU","mainEntityOfPage":{"@id":"https:\/\/allasorias.hu\/hirek\/gyarat-epit-a-samsung\/#webpage"},"isPartOf":{"@id":"https:\/\/allasorias.hu\/hirek\/gyarat-epit-a-samsung\/#webpage"},"articleSection":"Munkaer\u0151piac"},{"@type":"BreadcrumbList","@id":"https:\/\/allasorias.hu\/hirek\/gyarat-epit-a-samsung\/#breadcrumblist","itemListElement":[{"@type":"ListItem","@id":"https:\/\/allasorias.hu\/hirek#listItem","position":1,"name":"Home","item":"https:\/\/allasorias.hu\/hirek","nextItem":{"@type":"ListItem","@id":"https:\/\/allasorias.hu\/hirek\/temak\/munkaeropiac\/#listItem","name":"Munkaer\u0151piac"}},{"@type":"ListItem","@id":"https:\/\/allasorias.hu\/hirek\/temak\/munkaeropiac\/#listItem","position":2,"name":"Munkaer\u0151piac","item":"https:\/\/allasorias.hu\/hirek\/temak\/munkaeropiac\/","nextItem":{"@type":"ListItem","@id":"https:\/\/allasorias.hu\/hirek\/gyarat-epit-a-samsung\/#listItem","name":"Gy\u00e1rat \u00e9p\u00edt a Samsung"},"previousItem":{"@type":"ListItem","@id":"https:\/\/allasorias.hu\/hirek#listItem","name":"Home"}},{"@type":"ListItem","@id":"https:\/\/allasorias.hu\/hirek\/gyarat-epit-a-samsung\/#listItem","position":3,"name":"Gy\u00e1rat \u00e9p\u00edt a Samsung","previousItem":{"@type":"ListItem","@id":"https:\/\/allasorias.hu\/hirek\/temak\/munkaeropiac\/#listItem","name":"Munkaer\u0151piac"}}]},{"@type":"Organization","@id":"https:\/\/allasorias.hu\/hirek\/#organization","name":"AllasOrias.hu | H\u00edrek-lapszemle","description":"\u00dczleti h\u00edrek az \u00e1ll\u00e1s \u00e9s a munka vil\u00e1g\u00e1b\u00f3l","url":"https:\/\/allasorias.hu\/hirek\/","logo":{"@type":"ImageObject","url":"https:\/\/allasorias.hu\/hirek\/wp-content\/uploads\/2022\/10\/allasorias_site_facebok_logo.png","@id":"https:\/\/allasorias.hu\/hirek\/gyarat-epit-a-samsung\/#organizationLogo"},"image":{"@id":"https:\/\/allasorias.hu\/hirek\/gyarat-epit-a-samsung\/#organizationLogo"},"sameAs":["https:\/\/www.facebook.com\/allasorias","https:\/\/www.linkedin.com\/company\/allasorias"]},{"@type":"Person","@id":"https:\/\/allasorias.hu\/hirek\/author\/admin-allasorias\/#author","url":"https:\/\/allasorias.hu\/hirek\/author\/admin-allasorias\/","name":"Juh\u00e1sz P\u00e9ter","image":{"@type":"ImageObject","@id":"https:\/\/allasorias.hu\/hirek\/gyarat-epit-a-samsung\/#authorImage","url":"https:\/\/secure.gravatar.com\/avatar\/36e6bcb83148978b992977cb0f54d22feb0cce8a0a849a9410532bb2623ba4c6?s=96&d=mm&r=g","width":96,"height":96,"caption":"Juh\u00e1sz P\u00e9ter"}},{"@type":"WebPage","@id":"https:\/\/allasorias.hu\/hirek\/gyarat-epit-a-samsung\/#webpage","url":"https:\/\/allasorias.hu\/hirek\/gyarat-epit-a-samsung\/","name":"Gy\u00e1rat \u00e9p\u00edt a Samsung | AllasOrias.hu | H\u00edrek-lapszemle","description":"A Samsung SDI fontolgatja, hogy \u00fajabb akkumul\u00e1torgy\u00e1rat \u00e9p\u00edt Magyarorsz\u00e1gon a megl\u00e9v\u0151 kett\u0151 mell\u00e9, ahol kiz\u00e1r\u00f3lag a BMW sz\u00e1m\u00e1ra \u00e1ll\u00edtana el\u0151 er\u0151forr\u00e1sokat.","inLanguage":"hu-HU","isPartOf":{"@id":"https:\/\/allasorias.hu\/hirek\/#website"},"breadcrumb":{"@id":"https:\/\/allasorias.hu\/hirek\/gyarat-epit-a-samsung\/#breadcrumblist"},"author":{"@id":"https:\/\/allasorias.hu\/hirek\/author\/admin-allasorias\/#author"},"creator":{"@id":"https:\/\/allasorias.hu\/hirek\/author\/admin-allasorias\/#author"},"image":{"@type":"ImageObject","url":"https:\/\/allasorias.hu\/hirek\/wp-content\/uploads\/2023\/01\/samsung-gyar.jpg","@id":"https:\/\/allasorias.hu\/hirek\/gyarat-epit-a-samsung\/#mainImage","width":1280,"height":682,"caption":"Gy\u00e1rat \u00e9p\u00edt a Samsung - Allasorias.hu\/Hirek"},"primaryImageOfPage":{"@id":"https:\/\/allasorias.hu\/hirek\/gyarat-epit-a-samsung\/#mainImage"},"datePublished":"2023-01-11T10:41:01+02:00","dateModified":"2023-01-11T10:41:01+02:00"},{"@type":"WebSite","@id":"https:\/\/allasorias.hu\/hirek\/#website","url":"https:\/\/allasorias.hu\/hirek\/","name":"AllasOrias.hu | H\u00edrek-lapszemle","description":"\u00dczleti h\u00edrek az \u00e1ll\u00e1s \u00e9s a munka vil\u00e1g\u00e1b\u00f3l","inLanguage":"hu-HU","publisher":{"@id":"https:\/\/allasorias.hu\/hirek\/#organization"}}]},"og:locale":"hu_HU","og:site_name":"AllasOrias.hu | H\u00edrek-lapszemle | \u00dczleti h\u00edrek az \u00e1ll\u00e1s \u00e9s a munka vil\u00e1g\u00e1b\u00f3l","og:type":"article","og:title":"Gy\u00e1rat \u00e9p\u00edt a Samsung | AllasOrias.hu | H\u00edrek-lapszemle","og:description":"A Samsung SDI fontolgatja, hogy \u00fajabb akkumul\u00e1torgy\u00e1rat \u00e9p\u00edt Magyarorsz\u00e1gon a megl\u00e9v\u0151 kett\u0151 mell\u00e9, ahol kiz\u00e1r\u00f3lag a BMW sz\u00e1m\u00e1ra \u00e1ll\u00edtana el\u0151 er\u0151forr\u00e1sokat.","og:url":"https:\/\/allasorias.hu\/hirek\/gyarat-epit-a-samsung\/","og:image":"https:\/\/allasorias.hu\/hirek\/wp-content\/uploads\/2023\/01\/samsung-gyar.jpg","og:image:secure_url":"https:\/\/allasorias.hu\/hirek\/wp-content\/uploads\/2023\/01\/samsung-gyar.jpg","og:image:width":1280,"og:image:height":682,"article:published_time":"2023-01-11T10:41:01+00:00","article:modified_time":"2023-01-11T10:41:01+00:00","article:publisher":"https:\/\/www.facebook.com\/allasorias","twitter:card":"summary_large_image","twitter:title":"Gy\u00e1rat \u00e9p\u00edt a Samsung | AllasOrias.hu | H\u00edrek-lapszemle","twitter:description":"A Samsung SDI fontolgatja, hogy \u00fajabb akkumul\u00e1torgy\u00e1rat \u00e9p\u00edt Magyarorsz\u00e1gon a megl\u00e9v\u0151 kett\u0151 mell\u00e9, ahol kiz\u00e1r\u00f3lag a BMW sz\u00e1m\u00e1ra \u00e1ll\u00edtana el\u0151 er\u0151forr\u00e1sokat.","twitter:image":"https:\/\/allasorias.hu\/hirek\/wp-content\/uploads\/2023\/01\/samsung-gyar.jpg","twitter:label1":"Written by","twitter:data1":"Juh\u00e1sz P\u00e9ter","twitter:label2":"Est. reading time","twitter:data2":"1 minute"},"aioseo_meta_data":{"post_id":"6135","title":null,"description":"A Samsung SDI fontolgatja, hogy \u00fajabb akkumul\u00e1torgy\u00e1rat \u00e9p\u00edt Magyarorsz\u00e1gon a megl\u00e9v\u0151 kett\u0151 mell\u00e9, ahol kiz\u00e1r\u00f3lag a BMW sz\u00e1m\u00e1ra \u00e1ll\u00edtana el\u0151 er\u0151forr\u00e1sokat.","keywords":[],"keyphrases":{"focus":{"keyphrase":"samsung","score":76,"analysis":{"keyphraseInTitle":{"title":"Focus keyphrase in SEO title","description":"Focus keyphrase found in SEO title.","score":9,"maxScore":9,"error":0},"keyphraseInDescription":{"title":"Focus keyphrase in meta description","description":"Focus keyphrase found in meta description.","score":9,"maxScore":9,"error":0},"keyphraseLength":{"title":"Focus keyphrase length","description":"Good job!","score":9,"maxScore":9,"error":0,"length":1},"keyphraseInURL":{"title":"Focus keyphrase in URL","description":"Focus keyphrase not found in the URL.","score":1,"maxScore":5,"error":1},"keyphraseInIntroduction":{"title":"Focus keyphrase in introduction","description":"Your Focus keyphrase does not appear in the first paragraph. Make sure the topic is clear immediately.","score":3,"maxScore":9,"error":1},"keyphraseInSubHeadings":[],"keyphraseInImageAlt":[]}},"additional":[]},"primary_term":null,"canonical_url":null,"og_title":null,"og_description":null,"og_object_type":"default","og_image_type":"default","og_image_url":null,"og_image_width":null,"og_image_height":null,"og_image_custom_url":null,"og_image_custom_fields":null,"og_video":"","og_custom_url":null,"og_article_section":null,"og_article_tags":[],"twitter_use_og":true,"twitter_card":"default","twitter_image_type":"default","twitter_image_url":null,"twitter_image_custom_url":null,"twitter_image_custom_fields":null,"twitter_title":null,"twitter_description":null,"schema":{"blockGraphs":[],"customGraphs":[],"default":{"data":{"Article":[],"Course":[],"Dataset":[],"FAQPage":[],"Movie":[],"Person":[],"Product":[],"ProductReview":[],"Car":[],"Recipe":[],"Service":[],"SoftwareApplication":[],"WebPage":[]},"graphName":"Article","isEnabled":true},"graphs":[]},"schema_type":"default","schema_type_options":null,"pillar_content":false,"robots_default":true,"robots_noindex":false,"robots_noarchive":false,"robots_nosnippet":false,"robots_nofollow":false,"robots_noimageindex":false,"robots_noodp":false,"robots_notranslate":false,"robots_max_snippet":"-1","robots_max_videopreview":"-1","robots_max_imagepreview":"large","priority":null,"frequency":"default","location":null,"local_seo":null,"breadcrumb_settings":null,"limit_modified_date":false,"ai":null,"created":"2023-01-11 10:21:10","updated":"2025-10-02 17:56:35","seo_analyzer_scan_date":null,"focus_keyword":"samsung","additional_keywords":null,"truseo_locale":null},"aioseo_breadcrumb":"<div class=\"aioseo-breadcrumbs\"><span class=\"aioseo-breadcrumb\">\n\t\t\t<a href=\"https:\/\/allasorias.hu\/hirek\" title=\"Home\">Home<\/a>\n\t\t<\/span><span class=\"aioseo-breadcrumb-separator\">&raquo;<\/span><span class=\"aioseo-breadcrumb\">\n\t\t\t<a href=\"https:\/\/allasorias.hu\/hirek\/temak\/munkaeropiac\/\" title=\"Munkaer\u0151piac\">Munkaer\u0151piac<\/a>\n\t\t<\/span><span class=\"aioseo-breadcrumb-separator\">&raquo;<\/span><span class=\"aioseo-breadcrumb\">\n\t\t\tGy\u00e1rat \u00e9p\u00edt a Samsung\n\t\t<\/span><\/div>","aioseo_breadcrumb_json":[{"label":"Home","link":"https:\/\/allasorias.hu\/hirek"},{"label":"Munkaer\u0151piac","link":"https:\/\/allasorias.hu\/hirek\/temak\/munkaeropiac\/"},{"label":"Gy\u00e1rat \u00e9p\u00edt a Samsung","link":"https:\/\/allasorias.hu\/hirek\/gyarat-epit-a-samsung\/"}],"_links":{"self":[{"href":"https:\/\/allasorias.hu\/hirek\/wp-json\/wp\/v2\/posts\/6135","targetHints":{"allow":["GET"]}}],"collection":[{"href":"https:\/\/allasorias.hu\/hirek\/wp-json\/wp\/v2\/posts"}],"about":[{"href":"https:\/\/allasorias.hu\/hirek\/wp-json\/wp\/v2\/types\/post"}],"author":[{"embeddable":true,"href":"https:\/\/allasorias.hu\/hirek\/wp-json\/wp\/v2\/users\/1"}],"replies":[{"embeddable":true,"href":"https:\/\/allasorias.hu\/hirek\/wp-json\/wp\/v2\/comments?post=6135"}],"version-history":[{"count":1,"href":"https:\/\/allasorias.hu\/hirek\/wp-json\/wp\/v2\/posts\/6135\/revisions"}],"predecessor-version":[{"id":6137,"href":"https:\/\/allasorias.hu\/hirek\/wp-json\/wp\/v2\/posts\/6135\/revisions\/6137"}],"wp:featuredmedia":[{"embeddable":true,"href":"https:\/\/allasorias.hu\/hirek\/wp-json\/wp\/v2\/media\/6136"}],"wp:attachment":[{"href":"https:\/\/allasorias.hu\/hirek\/wp-json\/wp\/v2\/media?parent=6135"}],"wp:term":[{"taxonomy":"category","embeddable":true,"href":"https:\/\/allasorias.hu\/hirek\/wp-json\/wp\/v2\/categories?post=6135"},{"taxonomy":"post_tag","embeddable":true,"href":"https:\/\/allasorias.hu\/hirek\/wp-json\/wp\/v2\/tags?post=6135"}],"curies":[{"name":"wp","href":"https:\/\/api.w.org\/{rel}","templated":true}]}}