{"id":6132,"date":"2023-01-10T08:55:27","date_gmt":"2023-01-10T08:55:27","guid":{"rendered":"https:\/\/allasorias.hu\/hirek\/?p=6132"},"modified":"2023-01-10T08:55:27","modified_gmt":"2023-01-10T08:55:27","slug":"munkaeropiaci-helyzetkep","status":"publish","type":"post","link":"https:\/\/allasorias.hu\/hirek\/munkaeropiaci-helyzetkep\/","title":{"rendered":"Munkaer\u0151piaci helyzetk\u00e9p"},"content":{"rendered":"<p><strong>A magyar munkaer\u0151piac tov\u00e1bbra is a kor\u00e1bbihoz hasonl\u00f3 stabil sz\u00e1mokat produk\u00e1l, a negat\u00edv bels\u0151 \u00e9s k\u00fcls\u0151 t\u00e9nyez\u0151k egyel\u0151re nem gyakoroltak hat\u00e1st a foglalkoztatotts\u00e1gra \u2013 az aktivit\u00e1s m\u00e9g havi alapon is emelkedett -, a munkaer\u0151piaci feszess\u00e9g tov\u00e1bbra is a cs\u00facs k\u00f6zel\u00e9ben van, a bet\u00f6ltetlen \u00e1ll\u00e1shelyek sz\u00e1ma alapj\u00e1n tov\u00e1bbra is er\u0151s kereslet mutatkozik a munkaer\u0151 ir\u00e1nt. <\/strong><\/p>\n<p>A hazai els\u0151dleges munkaer\u0151piacon 27 ezer \u00faj munkahely j\u00f6tt l\u00e9tre egy \u00e9v alatt, a k\u00f6zfoglalkoztatottak l\u00e9tsz\u00e1ma 17 ezer f\u0151vel cs\u00f6kkent, a k\u00fclf\u00f6ldre ing\u00e1z\u00f3k sz\u00e1ma pedig 16 ezerrel volt t\u00f6bb az el\u0151z\u0151 \u00e9v azonos id\u0151szak\u00e1hoz k\u00e9pest, \u00edgy szeptember-november \u00e1tlag\u00e1ban a teljes foglalkoztatotti l\u00e9tsz\u00e1m 4 713 ezer f\u0151 volt. A legutols\u00f3 h\u00f3napban a 15-74 \u00e9ves n\u00e9pess\u00e9g 66.9 sz\u00e1zal\u00e9ka volt jelen a munkaer\u0151piacon, a szezon\u00e1lisan \u00f6sszevethet\u0151 tavalyi \u00e9v azonos h\u00f3napj\u00e1ban m\u00e9rt 66.1 sz\u00e1zal\u00e9kos aktivit\u00e1si r\u00e1t\u00e1val \u00e9s az el\u0151z\u0151 h\u00f3napban m\u00e9rt 66.7 sz\u00e1zal\u00e9kos szinttel szemben. Ugyanebben a h\u00f3napban a nemzetk\u00f6zi statisztikai m\u00f3dszertan szerinti munkan\u00e9lk\u00fclis\u00e9gi r\u00e1ta 3.8 sz\u00e1zal\u00e9k volt az el\u0151z\u0151 havi 3.6 sz\u00e1zal\u00e9kot k\u00f6vet\u0151en, \u00e9s az el\u0151z\u0151 \u00e9v azonos h\u00f3napj\u00e1ban m\u00e9rt 3.7 sz\u00e1zal\u00e9kos szint ut\u00e1n.<\/p>\n<p>2022 november\u00e9ben a Nemzeti Foglalkoztat\u00e1si Szolg\u00e1lat regiszter\u00e9ben 233,6 ezer \u00e1ll\u00e1skeres\u0151 szerepelt, ami kism\u00e9rt\u00e9k\u0171 emelked\u00e9st jelent a ny\u00e1rhoz k\u00e9pest, de tov\u00e1bbra is igen alacsony. Az el\u0151z\u0151 \u00e9v azonos id\u0151szak\u00e1nak adat\u00e1hoz viszony\u00edtva ez az \u00e9rt\u00e9k 9 ezer f\u0151vel kevesebb. A t\u00e1rgyh\u00f3napban \u00f6sszesen 27,8 ezer \u00e1ll\u00e1skeres\u0151 k\u00e9rte nyilv\u00e1ntart\u00e1sba v\u00e9tel\u00e9t, amelyb\u0151l az els\u0151 alkalommal regisztr\u00e1l\u00f3k ar\u00e1nya 10,5%-ot tett ki. Az \u00faj bel\u00e9p\u0151k sz\u00e1ma az el\u0151z\u0151 \u00e9v azonos id\u0151szak\u00e1hoz k\u00e9pest 1,7%-kal cs\u00f6kkent. 2022 november\u00e9ben a munkaad\u00f3k \u00f6sszesen 15,8 ezer \u00fcres \u00e1ll\u00e1shelyet jelentettek be, \u00edgy \u00f6sszess\u00e9g\u00e9ben a h\u00f3napban 86,9 ezer \u00e1ll\u00e1slehet\u0151s\u00e9g \u00e1llt rendelkez\u00e9sre, amelyb\u0151l a h\u00f3nap v\u00e9g\u00e9re 65,4 ezer maradt bet\u00f6ltetlen, az el\u0151z\u0151 havi 67,1 ezer ut\u00e1n. 2022 III. negyed\u00e9v\u00e9ben tov\u00e1bbra is n\u00f6vekv\u0151 k\u00e9pet mutatott a hazai munkaer\u0151piac szektori\u00e1lis bont\u00e1sban is.<\/p>\n<h2>V\u00e1rhat\u00f3 eur\u00f3pai recesszi\u00f3<\/h2>\n<p>A mez\u0151gazdas\u00e1gban 1 ezerrel, a feldolgoz\u00f3iparban 3 ezer f\u0151vel, a k\u00f6zszolg\u00e1ltat\u00e1sok eset\u00e9ben pedig 2 ezer f\u0151vel cs\u00f6kkent a l\u00e9tsz\u00e1m, m\u00edg az \u00e9p\u00edt\u0151iparban 7 ezer f\u0151vel, a piaci szolg\u00e1ltat\u00e1sok ter\u00fclet\u00e9n pedig 41 ezerrel n\u0151tt a foglalkoztatotti l\u00e9tsz\u00e1m. Az ukrajnai h\u00e1bor\u00fa, az eur\u00f3pai energiav\u00e1ls\u00e1g, a kamatemel\u00e9sek re\u00e1lgazdas\u00e1gi hat\u00e1sai \u00e9s a glob\u00e1lis recesszi\u00f3s el\u0151jelek egyel\u0151re nem jelentkeznek a munkaer\u0151piaci folyamatokban, ami kedvez\u0151 h\u00edr a hazai piac ellen\u00e1ll\u00f3s\u00e1ga szempontj\u00e1b\u00f3l. Azonban a k\u00f6vetkez\u0151 id\u0151szakban egy bek\u00f6vetkez\u0151 eur\u00f3pai recesszi\u00f3 eset\u00e9n cs\u00f6kkenhet a munkaer\u0151piaci feszess\u00e9ge, els\u0151sorban a bet\u00f6ltetlen \u00e1ll\u00e1shelyek visszaes\u00e9s\u00e9n kereszt\u00fcl, amely \u00f3vatoss\u00e1g m\u00e1r most is \u00e9rezhet\u0151 a v\u00e1llalatok r\u00e9sz\u00e9r\u0151l. A jelenlegi legaktu\u00e1lisabb k\u00e9rd\u00e9s, hogy az \u00e1r-b\u00e9r spir\u00e1lt megakad\u00e1lyozni igyekv\u0151 jegybankok kamatemel\u00e9sei l\u00e1that\u00f3an m\u00e9g nem fejtett\u00e9k ki h\u0171t\u0151 hat\u00e1sukat a munkaer\u0151piacokra a fejlett gazdas\u00e1gokban, azonban mindenk\u00e9ppen \u00e9rdemes megjegyezni, hogy a munkaer\u0151piacok reakci\u00f3ideje kifejezetten lass\u00fa, a be\u00e1ll\u00f3 re\u00e1lgazdas\u00e1gi illetve p\u00e9nzpiaci v\u00e1ltoz\u00e1sok 9-12 h\u00f3napos k\u00e9s\u00e9ssel jelenhetnek meg a munkaer\u0151 ir\u00e1nti keresletben.<\/p>\n<h2>Teljes foglalkoztatotts\u00e1g<\/h2>\n<p>A tov\u00e1bbra is l\u00e1tv\u00e1nyos munkaer\u0151kereslet egyben er\u0151s\u00edti az aggodalmakat a tov\u00e1bbra is er\u0151teljes infl\u00e1ci\u00f3 kapcs\u00e1n, mivel a munkaer\u0151piaci feszess\u00e9g jelenlegi szintje illetve az infl\u00e1ci\u00f3t lek\u00f6vetni igyekv\u0151 \u00e9vk\u00f6zi b\u00e9remel\u00e9sek az am\u00fagy is gyors b\u00e9rn\u00f6veked\u00e9s \u00fctem\u00e9t m\u00e9g tov\u00e1bb gyors\u00edtj\u00e1k, pluszban hozz\u00e1ad\u00f3dva az elszabadul\u00f3 energia- \u00e9s alapanyag k\u00f6lts\u00e9gekhez, er\u0151s\u00edtve a v\u00e1llalatok tov\u00e1bbi \u00e1remel\u00e9si sz\u00e1nd\u00e9k\u00e1t. L\u00e1tv\u00e1nyos munkan\u00e9lk\u00fclis\u00e9g n\u00f6veked\u00e9sre azonban nem sz\u00e1m\u00edtunk a jelenlegi folyamatok alapj\u00e1n, \u00edgy a kereslet n\u00e9mi cs\u00f6kken\u00e9se mellett is igaz marad, hogy a foglalkoztathat\u00f3 \u00e1llapotban l\u00e9v\u0151 hazai munkaer\u0151 mennyis\u00e9ge a v\u00e9g\u00e9hez k\u00f6zel\u00edt, vagyis jelenlegi \u00e1llapot\u00e1ban a teljes foglalkoztatotts\u00e1g k\u00f6zel\u00e9ben \u00e1ll a piac.<\/p>\n<p>\u00cdgy a v\u00e1llalatok a hat\u00e9konys\u00e1g, a k\u00e9pz\u00e9s \u00e9s a termel\u00e9kenys\u00e9g n\u00f6vel\u00e9s\u00e9nek ir\u00e1ny\u00e1ban kereshetik a megold\u00e1st, tov\u00e1bb\u00e1 az energia- \u00e9s egy\u00e9b k\u00f6lts\u00e9gek megugr\u00e1sa is a hat\u00e9konys\u00e1g n\u00f6vel\u00e9s\u00e9nek ir\u00e1ny\u00e1ba tereli a v\u00e1llalatokat, ami pozit\u00edv fejlem\u00e9ny a teljes nemzetgazdas\u00e1g glob\u00e1lis felz\u00e1rk\u00f3z\u00e1sa szempontj\u00e1b\u00f3l. V\u00e1rakoz\u00e1sunk szerint 2022-ben 3.7% lehetett az \u00e9ves munkan\u00e9lk\u00fclis\u00e9g, id\u00e9n pedig 3.9% lehet az \u00e1tlagos r\u00e1ta, de a glob\u00e1lis k\u00f6rnyezet hat\u00e1sai miatt az ut\u00f3bbin\u00e1l er\u0151sebb a bizonytalans\u00e1g&#8221; &#8211; mondta el Horv\u00e1th Andr\u00e1s, a Magyar Bankholding vezet\u0151 elemz\u0151je.<\/p>\n<p>Forr\u00e1s: <a href=\"https:\/\/mmonline.hu\/cikk\/tovabbra-is-csucson-a-foglalkoztatottsag\/\" target=\"_blank\" rel=\"nofollow noopener noreferrer\">mmonline.hu<\/a><\/p>\n","protected":false},"excerpt":{"rendered":"<p>A magyar munkaer\u0151piac tov\u00e1bbra is a kor\u00e1bbihoz hasonl\u00f3 stabil sz\u00e1mokat produk\u00e1l, a negat\u00edv bels\u0151 \u00e9s k\u00fcls\u0151 t\u00e9nyez\u0151k egyel\u0151re nem gyakoroltak hat\u00e1st a foglalkoztatotts\u00e1gra \u2013 az aktivit\u00e1s m\u00e9g havi alapon is emelkedett -, a munkaer\u0151piaci feszess\u00e9g tov\u00e1bbra is a cs\u00facs k\u00f6zel\u00e9ben van, a bet\u00f6ltetlen \u00e1ll\u00e1shelyek sz\u00e1ma alapj\u00e1n tov\u00e1bbra is er\u0151s kereslet mutatkozik a munkaer\u0151 ir\u00e1nt. A [&hellip;]<\/p>\n","protected":false},"author":1,"featured_media":6133,"comment_status":"open","ping_status":"open","sticky":false,"template":"","format":"standard","meta":{"_monsterinsights_skip_tracking":false,"footnotes":""},"categories":[200],"tags":[295,337],"class_list":["post-6132","post","type-post","status-publish","format-standard","has-post-thumbnail","hentry","category-munkaeropiac","tag-recesszio","tag-teljes-foglalkoztatottsag"],"aioseo_notices":[],"aioseo_head":"\n\t\t<!-- All in One SEO 5.0.0.1 - aioseo.com -->\n\t<meta name=\"description\" content=\"A magyar munkaer\u0151piac a kor\u00e1bbihoz hasonl\u00f3 stabil sz\u00e1mokat produk\u00e1l, a negat\u00edv bels\u0151 \u00e9s k\u00fcls\u0151 t\u00e9nyez\u0151k egyel\u0151re nem gyakoroltak hat\u00e1st a foglalkoztatotts\u00e1gra.\" \/>\n\t<meta name=\"robots\" content=\"max-image-preview:large\" \/>\n\t<meta name=\"author\" content=\"Juh\u00e1sz P\u00e9ter\"\/>\n\t<meta name=\"keywords\" content=\"recesszi\u00f3,teljes foglalkoztatotts\u00e1g\" \/>\n\t<link rel=\"canonical\" href=\"https:\/\/allasorias.hu\/hirek\/munkaeropiaci-helyzetkep\/\" \/>\n\t<meta name=\"generator\" content=\"All in One SEO (AIOSEO) 5.0.0.1\" \/>\n\t\t<meta property=\"og:locale\" content=\"hu_HU\" \/>\n\t\t<meta property=\"og:site_name\" content=\"AllasOrias.hu | H\u00edrek-lapszemle | \u00dczleti h\u00edrek az \u00e1ll\u00e1s \u00e9s a munka vil\u00e1g\u00e1b\u00f3l\" \/>\n\t\t<meta property=\"og:type\" content=\"article\" \/>\n\t\t<meta property=\"og:title\" content=\"Munkaer\u0151piaci helyzetk\u00e9p | AllasOrias.hu | H\u00edrek-lapszemle\" \/>\n\t\t<meta property=\"og:description\" content=\"A magyar munkaer\u0151piac a kor\u00e1bbihoz hasonl\u00f3 stabil sz\u00e1mokat produk\u00e1l, a negat\u00edv bels\u0151 \u00e9s k\u00fcls\u0151 t\u00e9nyez\u0151k egyel\u0151re nem gyakoroltak hat\u00e1st a foglalkoztatotts\u00e1gra.\" \/>\n\t\t<meta property=\"og:url\" content=\"https:\/\/allasorias.hu\/hirek\/munkaeropiaci-helyzetkep\/\" \/>\n\t\t<meta property=\"og:image\" content=\"https:\/\/allasorias.hu\/hirek\/wp-content\/uploads\/2023\/01\/Munkaeropiaci-helyzetkep.jpg\" \/>\n\t\t<meta property=\"og:image:secure_url\" content=\"https:\/\/allasorias.hu\/hirek\/wp-content\/uploads\/2023\/01\/Munkaeropiaci-helyzetkep.jpg\" \/>\n\t\t<meta property=\"og:image:width\" content=\"1280\" \/>\n\t\t<meta property=\"og:image:height\" content=\"587\" \/>\n\t\t<meta property=\"article:published_time\" content=\"2023-01-10T08:55:27+00:00\" \/>\n\t\t<meta property=\"article:modified_time\" content=\"2023-01-10T08:55:27+00:00\" \/>\n\t\t<meta property=\"article:publisher\" content=\"https:\/\/www.facebook.com\/allasorias\" \/>\n\t\t<meta name=\"twitter:card\" content=\"summary_large_image\" \/>\n\t\t<meta name=\"twitter:title\" content=\"Munkaer\u0151piaci helyzetk\u00e9p | AllasOrias.hu | H\u00edrek-lapszemle\" \/>\n\t\t<meta name=\"twitter:description\" content=\"A magyar munkaer\u0151piac a kor\u00e1bbihoz hasonl\u00f3 stabil sz\u00e1mokat produk\u00e1l, a negat\u00edv bels\u0151 \u00e9s k\u00fcls\u0151 t\u00e9nyez\u0151k egyel\u0151re nem gyakoroltak hat\u00e1st a foglalkoztatotts\u00e1gra.\" \/>\n\t\t<meta name=\"twitter:image\" content=\"https:\/\/allasorias.hu\/hirek\/wp-content\/uploads\/2023\/01\/Munkaeropiaci-helyzetkep.jpg\" \/>\n\t\t<meta name=\"twitter:label1\" content=\"Written by\" \/>\n\t\t<meta name=\"twitter:data1\" content=\"Juh\u00e1sz P\u00e9ter\" \/>\n\t\t<meta name=\"twitter:label2\" content=\"Est. reading time\" \/>\n\t\t<meta name=\"twitter:data2\" content=\"5 minutes\" \/>\n\t\t<script type=\"application\/ld+json\" class=\"aioseo-schema\">\n\t\t\t{\"@context\":\"https:\\\/\\\/schema.org\",\"@graph\":[{\"@type\":\"Article\",\"@id\":\"https:\\\/\\\/allasorias.hu\\\/hirek\\\/munkaeropiaci-helyzetkep\\\/#article\",\"name\":\"Munkaer\\u0151piaci helyzetk\\u00e9p | AllasOrias.hu | H\\u00edrek-lapszemle\",\"headline\":\"Munkaer\\u0151piaci helyzetk\\u00e9p\",\"author\":{\"@id\":\"https:\\\/\\\/allasorias.hu\\\/hirek\\\/author\\\/admin-allasorias\\\/#author\"},\"publisher\":{\"@id\":\"https:\\\/\\\/allasorias.hu\\\/hirek\\\/#organization\"},\"image\":{\"@type\":\"ImageObject\",\"url\":\"https:\\\/\\\/allasorias.hu\\\/hirek\\\/wp-content\\\/uploads\\\/2023\\\/01\\\/Munkaeropiaci-helyzetkep.jpg\",\"width\":1280,\"height\":587,\"caption\":\"Munkaer\\u0151piaci helyzetk\\u00e9p - Allasorias.hu\\\/Hirek\"},\"datePublished\":\"2023-01-10T08:55:27+02:00\",\"dateModified\":\"2023-01-10T08:55:27+02:00\",\"inLanguage\":\"hu-HU\",\"mainEntityOfPage\":{\"@id\":\"https:\\\/\\\/allasorias.hu\\\/hirek\\\/munkaeropiaci-helyzetkep\\\/#webpage\"},\"isPartOf\":{\"@id\":\"https:\\\/\\\/allasorias.hu\\\/hirek\\\/munkaeropiaci-helyzetkep\\\/#webpage\"},\"articleSection\":\"Munkaer\\u0151piac, recesszi\\u00f3, Teljes foglalkoztatotts\\u00e1g\"},{\"@type\":\"BreadcrumbList\",\"@id\":\"https:\\\/\\\/allasorias.hu\\\/hirek\\\/munkaeropiaci-helyzetkep\\\/#breadcrumblist\",\"itemListElement\":[{\"@type\":\"ListItem\",\"@id\":\"https:\\\/\\\/allasorias.hu\\\/hirek#listItem\",\"position\":1,\"name\":\"Home\",\"item\":\"https:\\\/\\\/allasorias.hu\\\/hirek\",\"nextItem\":{\"@type\":\"ListItem\",\"@id\":\"https:\\\/\\\/allasorias.hu\\\/hirek\\\/temak\\\/munkaeropiac\\\/#listItem\",\"name\":\"Munkaer\\u0151piac\"}},{\"@type\":\"ListItem\",\"@id\":\"https:\\\/\\\/allasorias.hu\\\/hirek\\\/temak\\\/munkaeropiac\\\/#listItem\",\"position\":2,\"name\":\"Munkaer\\u0151piac\",\"item\":\"https:\\\/\\\/allasorias.hu\\\/hirek\\\/temak\\\/munkaeropiac\\\/\",\"nextItem\":{\"@type\":\"ListItem\",\"@id\":\"https:\\\/\\\/allasorias.hu\\\/hirek\\\/munkaeropiaci-helyzetkep\\\/#listItem\",\"name\":\"Munkaer\\u0151piaci helyzetk\\u00e9p\"},\"previousItem\":{\"@type\":\"ListItem\",\"@id\":\"https:\\\/\\\/allasorias.hu\\\/hirek#listItem\",\"name\":\"Home\"}},{\"@type\":\"ListItem\",\"@id\":\"https:\\\/\\\/allasorias.hu\\\/hirek\\\/munkaeropiaci-helyzetkep\\\/#listItem\",\"position\":3,\"name\":\"Munkaer\\u0151piaci helyzetk\\u00e9p\",\"previousItem\":{\"@type\":\"ListItem\",\"@id\":\"https:\\\/\\\/allasorias.hu\\\/hirek\\\/temak\\\/munkaeropiac\\\/#listItem\",\"name\":\"Munkaer\\u0151piac\"}}]},{\"@type\":\"Organization\",\"@id\":\"https:\\\/\\\/allasorias.hu\\\/hirek\\\/#organization\",\"name\":\"AllasOrias.hu | H\\u00edrek-lapszemle\",\"description\":\"\\u00dczleti h\\u00edrek az \\u00e1ll\\u00e1s \\u00e9s a munka vil\\u00e1g\\u00e1b\\u00f3l\",\"url\":\"https:\\\/\\\/allasorias.hu\\\/hirek\\\/\",\"logo\":{\"@type\":\"ImageObject\",\"url\":\"https:\\\/\\\/allasorias.hu\\\/hirek\\\/wp-content\\\/uploads\\\/2022\\\/10\\\/allasorias_site_facebok_logo.png\",\"@id\":\"https:\\\/\\\/allasorias.hu\\\/hirek\\\/munkaeropiaci-helyzetkep\\\/#organizationLogo\"},\"image\":{\"@id\":\"https:\\\/\\\/allasorias.hu\\\/hirek\\\/munkaeropiaci-helyzetkep\\\/#organizationLogo\"},\"sameAs\":[\"https:\\\/\\\/www.facebook.com\\\/allasorias\",\"https:\\\/\\\/www.linkedin.com\\\/company\\\/allasorias\"]},{\"@type\":\"Person\",\"@id\":\"https:\\\/\\\/allasorias.hu\\\/hirek\\\/author\\\/admin-allasorias\\\/#author\",\"url\":\"https:\\\/\\\/allasorias.hu\\\/hirek\\\/author\\\/admin-allasorias\\\/\",\"name\":\"Juh\\u00e1sz P\\u00e9ter\",\"image\":{\"@type\":\"ImageObject\",\"@id\":\"https:\\\/\\\/allasorias.hu\\\/hirek\\\/munkaeropiaci-helyzetkep\\\/#authorImage\",\"url\":\"https:\\\/\\\/secure.gravatar.com\\\/avatar\\\/36e6bcb83148978b992977cb0f54d22feb0cce8a0a849a9410532bb2623ba4c6?s=96&d=mm&r=g\",\"width\":96,\"height\":96,\"caption\":\"Juh\\u00e1sz P\\u00e9ter\"}},{\"@type\":\"WebPage\",\"@id\":\"https:\\\/\\\/allasorias.hu\\\/hirek\\\/munkaeropiaci-helyzetkep\\\/#webpage\",\"url\":\"https:\\\/\\\/allasorias.hu\\\/hirek\\\/munkaeropiaci-helyzetkep\\\/\",\"name\":\"Munkaer\\u0151piaci helyzetk\\u00e9p | AllasOrias.hu | H\\u00edrek-lapszemle\",\"description\":\"A magyar munkaer\\u0151piac a kor\\u00e1bbihoz hasonl\\u00f3 stabil sz\\u00e1mokat produk\\u00e1l, a negat\\u00edv bels\\u0151 \\u00e9s k\\u00fcls\\u0151 t\\u00e9nyez\\u0151k egyel\\u0151re nem gyakoroltak hat\\u00e1st a foglalkoztatotts\\u00e1gra.\",\"inLanguage\":\"hu-HU\",\"isPartOf\":{\"@id\":\"https:\\\/\\\/allasorias.hu\\\/hirek\\\/#website\"},\"breadcrumb\":{\"@id\":\"https:\\\/\\\/allasorias.hu\\\/hirek\\\/munkaeropiaci-helyzetkep\\\/#breadcrumblist\"},\"author\":{\"@id\":\"https:\\\/\\\/allasorias.hu\\\/hirek\\\/author\\\/admin-allasorias\\\/#author\"},\"creator\":{\"@id\":\"https:\\\/\\\/allasorias.hu\\\/hirek\\\/author\\\/admin-allasorias\\\/#author\"},\"image\":{\"@type\":\"ImageObject\",\"url\":\"https:\\\/\\\/allasorias.hu\\\/hirek\\\/wp-content\\\/uploads\\\/2023\\\/01\\\/Munkaeropiaci-helyzetkep.jpg\",\"@id\":\"https:\\\/\\\/allasorias.hu\\\/hirek\\\/munkaeropiaci-helyzetkep\\\/#mainImage\",\"width\":1280,\"height\":587,\"caption\":\"Munkaer\\u0151piaci helyzetk\\u00e9p - Allasorias.hu\\\/Hirek\"},\"primaryImageOfPage\":{\"@id\":\"https:\\\/\\\/allasorias.hu\\\/hirek\\\/munkaeropiaci-helyzetkep\\\/#mainImage\"},\"datePublished\":\"2023-01-10T08:55:27+02:00\",\"dateModified\":\"2023-01-10T08:55:27+02:00\"},{\"@type\":\"WebSite\",\"@id\":\"https:\\\/\\\/allasorias.hu\\\/hirek\\\/#website\",\"url\":\"https:\\\/\\\/allasorias.hu\\\/hirek\\\/\",\"name\":\"AllasOrias.hu | H\\u00edrek-lapszemle\",\"description\":\"\\u00dczleti h\\u00edrek az \\u00e1ll\\u00e1s \\u00e9s a munka vil\\u00e1g\\u00e1b\\u00f3l\",\"inLanguage\":\"hu-HU\",\"publisher\":{\"@id\":\"https:\\\/\\\/allasorias.hu\\\/hirek\\\/#organization\"}}]}\n\t\t<\/script>\n\t\t<!-- All in One SEO -->\n\n","aioseo_head_json":{"title":"Munkaer\u0151piaci helyzetk\u00e9p | AllasOrias.hu | H\u00edrek-lapszemle","description":"A magyar munkaer\u0151piac a kor\u00e1bbihoz hasonl\u00f3 stabil sz\u00e1mokat produk\u00e1l, a negat\u00edv bels\u0151 \u00e9s k\u00fcls\u0151 t\u00e9nyez\u0151k egyel\u0151re nem gyakoroltak hat\u00e1st a foglalkoztatotts\u00e1gra.","canonical_url":"https:\/\/allasorias.hu\/hirek\/munkaeropiaci-helyzetkep\/","robots":"max-image-preview:large","keywords":"recesszi\u00f3,teljes foglalkoztatotts\u00e1g","webmasterTools":{"miscellaneous":""},"schema":{"@context":"https:\/\/schema.org","@graph":[{"@type":"Article","@id":"https:\/\/allasorias.hu\/hirek\/munkaeropiaci-helyzetkep\/#article","name":"Munkaer\u0151piaci helyzetk\u00e9p | AllasOrias.hu | H\u00edrek-lapszemle","headline":"Munkaer\u0151piaci helyzetk\u00e9p","author":{"@id":"https:\/\/allasorias.hu\/hirek\/author\/admin-allasorias\/#author"},"publisher":{"@id":"https:\/\/allasorias.hu\/hirek\/#organization"},"image":{"@type":"ImageObject","url":"https:\/\/allasorias.hu\/hirek\/wp-content\/uploads\/2023\/01\/Munkaeropiaci-helyzetkep.jpg","width":1280,"height":587,"caption":"Munkaer\u0151piaci helyzetk\u00e9p - Allasorias.hu\/Hirek"},"datePublished":"2023-01-10T08:55:27+02:00","dateModified":"2023-01-10T08:55:27+02:00","inLanguage":"hu-HU","mainEntityOfPage":{"@id":"https:\/\/allasorias.hu\/hirek\/munkaeropiaci-helyzetkep\/#webpage"},"isPartOf":{"@id":"https:\/\/allasorias.hu\/hirek\/munkaeropiaci-helyzetkep\/#webpage"},"articleSection":"Munkaer\u0151piac, recesszi\u00f3, Teljes foglalkoztatotts\u00e1g"},{"@type":"BreadcrumbList","@id":"https:\/\/allasorias.hu\/hirek\/munkaeropiaci-helyzetkep\/#breadcrumblist","itemListElement":[{"@type":"ListItem","@id":"https:\/\/allasorias.hu\/hirek#listItem","position":1,"name":"Home","item":"https:\/\/allasorias.hu\/hirek","nextItem":{"@type":"ListItem","@id":"https:\/\/allasorias.hu\/hirek\/temak\/munkaeropiac\/#listItem","name":"Munkaer\u0151piac"}},{"@type":"ListItem","@id":"https:\/\/allasorias.hu\/hirek\/temak\/munkaeropiac\/#listItem","position":2,"name":"Munkaer\u0151piac","item":"https:\/\/allasorias.hu\/hirek\/temak\/munkaeropiac\/","nextItem":{"@type":"ListItem","@id":"https:\/\/allasorias.hu\/hirek\/munkaeropiaci-helyzetkep\/#listItem","name":"Munkaer\u0151piaci helyzetk\u00e9p"},"previousItem":{"@type":"ListItem","@id":"https:\/\/allasorias.hu\/hirek#listItem","name":"Home"}},{"@type":"ListItem","@id":"https:\/\/allasorias.hu\/hirek\/munkaeropiaci-helyzetkep\/#listItem","position":3,"name":"Munkaer\u0151piaci helyzetk\u00e9p","previousItem":{"@type":"ListItem","@id":"https:\/\/allasorias.hu\/hirek\/temak\/munkaeropiac\/#listItem","name":"Munkaer\u0151piac"}}]},{"@type":"Organization","@id":"https:\/\/allasorias.hu\/hirek\/#organization","name":"AllasOrias.hu | H\u00edrek-lapszemle","description":"\u00dczleti h\u00edrek az \u00e1ll\u00e1s \u00e9s a munka vil\u00e1g\u00e1b\u00f3l","url":"https:\/\/allasorias.hu\/hirek\/","logo":{"@type":"ImageObject","url":"https:\/\/allasorias.hu\/hirek\/wp-content\/uploads\/2022\/10\/allasorias_site_facebok_logo.png","@id":"https:\/\/allasorias.hu\/hirek\/munkaeropiaci-helyzetkep\/#organizationLogo"},"image":{"@id":"https:\/\/allasorias.hu\/hirek\/munkaeropiaci-helyzetkep\/#organizationLogo"},"sameAs":["https:\/\/www.facebook.com\/allasorias","https:\/\/www.linkedin.com\/company\/allasorias"]},{"@type":"Person","@id":"https:\/\/allasorias.hu\/hirek\/author\/admin-allasorias\/#author","url":"https:\/\/allasorias.hu\/hirek\/author\/admin-allasorias\/","name":"Juh\u00e1sz P\u00e9ter","image":{"@type":"ImageObject","@id":"https:\/\/allasorias.hu\/hirek\/munkaeropiaci-helyzetkep\/#authorImage","url":"https:\/\/secure.gravatar.com\/avatar\/36e6bcb83148978b992977cb0f54d22feb0cce8a0a849a9410532bb2623ba4c6?s=96&d=mm&r=g","width":96,"height":96,"caption":"Juh\u00e1sz P\u00e9ter"}},{"@type":"WebPage","@id":"https:\/\/allasorias.hu\/hirek\/munkaeropiaci-helyzetkep\/#webpage","url":"https:\/\/allasorias.hu\/hirek\/munkaeropiaci-helyzetkep\/","name":"Munkaer\u0151piaci helyzetk\u00e9p | AllasOrias.hu | H\u00edrek-lapszemle","description":"A magyar munkaer\u0151piac a kor\u00e1bbihoz hasonl\u00f3 stabil sz\u00e1mokat produk\u00e1l, a negat\u00edv bels\u0151 \u00e9s k\u00fcls\u0151 t\u00e9nyez\u0151k egyel\u0151re nem gyakoroltak hat\u00e1st a foglalkoztatotts\u00e1gra.","inLanguage":"hu-HU","isPartOf":{"@id":"https:\/\/allasorias.hu\/hirek\/#website"},"breadcrumb":{"@id":"https:\/\/allasorias.hu\/hirek\/munkaeropiaci-helyzetkep\/#breadcrumblist"},"author":{"@id":"https:\/\/allasorias.hu\/hirek\/author\/admin-allasorias\/#author"},"creator":{"@id":"https:\/\/allasorias.hu\/hirek\/author\/admin-allasorias\/#author"},"image":{"@type":"ImageObject","url":"https:\/\/allasorias.hu\/hirek\/wp-content\/uploads\/2023\/01\/Munkaeropiaci-helyzetkep.jpg","@id":"https:\/\/allasorias.hu\/hirek\/munkaeropiaci-helyzetkep\/#mainImage","width":1280,"height":587,"caption":"Munkaer\u0151piaci helyzetk\u00e9p - Allasorias.hu\/Hirek"},"primaryImageOfPage":{"@id":"https:\/\/allasorias.hu\/hirek\/munkaeropiaci-helyzetkep\/#mainImage"},"datePublished":"2023-01-10T08:55:27+02:00","dateModified":"2023-01-10T08:55:27+02:00"},{"@type":"WebSite","@id":"https:\/\/allasorias.hu\/hirek\/#website","url":"https:\/\/allasorias.hu\/hirek\/","name":"AllasOrias.hu | H\u00edrek-lapszemle","description":"\u00dczleti h\u00edrek az \u00e1ll\u00e1s \u00e9s a munka vil\u00e1g\u00e1b\u00f3l","inLanguage":"hu-HU","publisher":{"@id":"https:\/\/allasorias.hu\/hirek\/#organization"}}]},"og:locale":"hu_HU","og:site_name":"AllasOrias.hu | H\u00edrek-lapszemle | \u00dczleti h\u00edrek az \u00e1ll\u00e1s \u00e9s a munka vil\u00e1g\u00e1b\u00f3l","og:type":"article","og:title":"Munkaer\u0151piaci helyzetk\u00e9p | AllasOrias.hu | H\u00edrek-lapszemle","og:description":"A magyar munkaer\u0151piac a kor\u00e1bbihoz hasonl\u00f3 stabil sz\u00e1mokat produk\u00e1l, a negat\u00edv bels\u0151 \u00e9s k\u00fcls\u0151 t\u00e9nyez\u0151k egyel\u0151re nem gyakoroltak hat\u00e1st a foglalkoztatotts\u00e1gra.","og:url":"https:\/\/allasorias.hu\/hirek\/munkaeropiaci-helyzetkep\/","og:image":"https:\/\/allasorias.hu\/hirek\/wp-content\/uploads\/2023\/01\/Munkaeropiaci-helyzetkep.jpg","og:image:secure_url":"https:\/\/allasorias.hu\/hirek\/wp-content\/uploads\/2023\/01\/Munkaeropiaci-helyzetkep.jpg","og:image:width":1280,"og:image:height":587,"article:published_time":"2023-01-10T08:55:27+00:00","article:modified_time":"2023-01-10T08:55:27+00:00","article:publisher":"https:\/\/www.facebook.com\/allasorias","twitter:card":"summary_large_image","twitter:title":"Munkaer\u0151piaci helyzetk\u00e9p | AllasOrias.hu | H\u00edrek-lapszemle","twitter:description":"A magyar munkaer\u0151piac a kor\u00e1bbihoz hasonl\u00f3 stabil sz\u00e1mokat produk\u00e1l, a negat\u00edv bels\u0151 \u00e9s k\u00fcls\u0151 t\u00e9nyez\u0151k egyel\u0151re nem gyakoroltak hat\u00e1st a foglalkoztatotts\u00e1gra.","twitter:image":"https:\/\/allasorias.hu\/hirek\/wp-content\/uploads\/2023\/01\/Munkaeropiaci-helyzetkep.jpg","twitter:label1":"Written by","twitter:data1":"Juh\u00e1sz P\u00e9ter","twitter:label2":"Est. reading time","twitter:data2":"5 minutes"},"aioseo_meta_data":{"post_id":"6132","title":null,"description":"A magyar munkaer\u0151piac a kor\u00e1bbihoz hasonl\u00f3 stabil sz\u00e1mokat produk\u00e1l, a negat\u00edv bels\u0151 \u00e9s k\u00fcls\u0151 t\u00e9nyez\u0151k egyel\u0151re nem gyakoroltak hat\u00e1st a foglalkoztatotts\u00e1gra.","keywords":[],"keyphrases":{"focus":{"keyphrase":"munkaer\u0151piac","score":68,"analysis":{"keyphraseInTitle":{"title":"Focus keyphrase in SEO title","description":"Focus keyphrase not found in SEO title.","score":3,"maxScore":9,"error":1},"keyphraseInDescription":{"title":"Focus keyphrase in meta description","description":"Focus keyphrase found in meta description.","score":9,"maxScore":9,"error":0},"keyphraseLength":{"title":"Focus keyphrase length","description":"Good job!","score":9,"maxScore":9,"error":0,"length":1},"keyphraseInURL":{"title":"Focus keyphrase in URL","description":"Focus keyphrase not found in the URL.","score":1,"maxScore":5,"error":1},"keyphraseInIntroduction":{"title":"Focus keyphrase in introduction","description":"Your Focus keyphrase appears in the first paragraph. Well done!","score":9,"maxScore":9,"error":0},"keyphraseInSubHeadings":{"title":"Focus keyphrase in Subheadings","description":"Use your focus keyphrase more in your H2 and H3 subheadings.","score":3,"maxScore":9,"error":1},"keyphraseInImageAlt":[]}},"additional":[]},"primary_term":null,"canonical_url":null,"og_title":null,"og_description":null,"og_object_type":"default","og_image_type":"default","og_image_url":null,"og_image_width":null,"og_image_height":null,"og_image_custom_url":null,"og_image_custom_fields":null,"og_video":"","og_custom_url":null,"og_article_section":null,"og_article_tags":[],"twitter_use_og":true,"twitter_card":"default","twitter_image_type":"default","twitter_image_url":null,"twitter_image_custom_url":null,"twitter_image_custom_fields":null,"twitter_title":null,"twitter_description":null,"schema":{"blockGraphs":[],"customGraphs":[],"default":{"data":{"Article":[],"Course":[],"Dataset":[],"FAQPage":[],"Movie":[],"Person":[],"Product":[],"ProductReview":[],"Car":[],"Recipe":[],"Service":[],"SoftwareApplication":[],"WebPage":[]},"graphName":"Article","isEnabled":true},"graphs":[]},"schema_type":"default","schema_type_options":null,"pillar_content":false,"robots_default":true,"robots_noindex":false,"robots_noarchive":false,"robots_nosnippet":false,"robots_nofollow":false,"robots_noimageindex":false,"robots_noodp":false,"robots_notranslate":false,"robots_max_snippet":"-1","robots_max_videopreview":"-1","robots_max_imagepreview":"large","priority":null,"frequency":"default","location":null,"local_seo":null,"breadcrumb_settings":null,"limit_modified_date":false,"ai":null,"created":"2023-01-10 08:30:13","updated":"2025-10-02 17:56:35","seo_analyzer_scan_date":null,"focus_keyword":"munkaer\u0151piac","additional_keywords":null,"truseo_locale":null},"aioseo_breadcrumb":"<div class=\"aioseo-breadcrumbs\"><span class=\"aioseo-breadcrumb\">\n\t\t\t<a href=\"https:\/\/allasorias.hu\/hirek\" title=\"Home\">Home<\/a>\n\t\t<\/span><span class=\"aioseo-breadcrumb-separator\">&raquo;<\/span><span class=\"aioseo-breadcrumb\">\n\t\t\t<a href=\"https:\/\/allasorias.hu\/hirek\/temak\/munkaeropiac\/\" title=\"Munkaer\u0151piac\">Munkaer\u0151piac<\/a>\n\t\t<\/span><span class=\"aioseo-breadcrumb-separator\">&raquo;<\/span><span class=\"aioseo-breadcrumb\">\n\t\t\tMunkaer\u0151piaci helyzetk\u00e9p\n\t\t<\/span><\/div>","aioseo_breadcrumb_json":[{"label":"Home","link":"https:\/\/allasorias.hu\/hirek"},{"label":"Munkaer\u0151piac","link":"https:\/\/allasorias.hu\/hirek\/temak\/munkaeropiac\/"},{"label":"Munkaer\u0151piaci helyzetk\u00e9p","link":"https:\/\/allasorias.hu\/hirek\/munkaeropiaci-helyzetkep\/"}],"_links":{"self":[{"href":"https:\/\/allasorias.hu\/hirek\/wp-json\/wp\/v2\/posts\/6132","targetHints":{"allow":["GET"]}}],"collection":[{"href":"https:\/\/allasorias.hu\/hirek\/wp-json\/wp\/v2\/posts"}],"about":[{"href":"https:\/\/allasorias.hu\/hirek\/wp-json\/wp\/v2\/types\/post"}],"author":[{"embeddable":true,"href":"https:\/\/allasorias.hu\/hirek\/wp-json\/wp\/v2\/users\/1"}],"replies":[{"embeddable":true,"href":"https:\/\/allasorias.hu\/hirek\/wp-json\/wp\/v2\/comments?post=6132"}],"version-history":[{"count":1,"href":"https:\/\/allasorias.hu\/hirek\/wp-json\/wp\/v2\/posts\/6132\/revisions"}],"predecessor-version":[{"id":6134,"href":"https:\/\/allasorias.hu\/hirek\/wp-json\/wp\/v2\/posts\/6132\/revisions\/6134"}],"wp:featuredmedia":[{"embeddable":true,"href":"https:\/\/allasorias.hu\/hirek\/wp-json\/wp\/v2\/media\/6133"}],"wp:attachment":[{"href":"https:\/\/allasorias.hu\/hirek\/wp-json\/wp\/v2\/media?parent=6132"}],"wp:term":[{"taxonomy":"category","embeddable":true,"href":"https:\/\/allasorias.hu\/hirek\/wp-json\/wp\/v2\/categories?post=6132"},{"taxonomy":"post_tag","embeddable":true,"href":"https:\/\/allasorias.hu\/hirek\/wp-json\/wp\/v2\/tags?post=6132"}],"curies":[{"name":"wp","href":"https:\/\/api.w.org\/{rel}","templated":true}]}}