{"id":6128,"date":"2023-01-09T10:23:06","date_gmt":"2023-01-09T10:23:06","guid":{"rendered":"https:\/\/allasorias.hu\/hirek\/?p=6128"},"modified":"2023-01-09T10:23:06","modified_gmt":"2023-01-09T10:23:06","slug":"megis-jol-allunk-a-munkaeropiacon","status":"publish","type":"post","link":"https:\/\/allasorias.hu\/hirek\/megis-jol-allunk-a-munkaeropiacon\/","title":{"rendered":"M\u00e9gis j\u00f3l \u00e1llunk a munkaer\u0151piacon?"},"content":{"rendered":"<p><strong>Haz\u00e1nkban az uni\u00f3s \u00e1tlag f\u00f6l\u00f6tti a GDP n\u00f6veked\u00e9s- v\u00e9li egy szak\u00e9rt\u0151. Id\u00e9n is tov\u00e1bbi \u00e1tlagkereset n\u00f6veked\u00e9s v\u00e1rhat\u00f3, a munk\u00e1ltat\u00f3k emelik az egy\u00e9b juttat\u00e1sok \u00f6sszeg\u00e9t is. \u00d6sszess\u00e9g\u00e9ben javult a lakoss\u00e1g anyagi helyzete.<\/strong><\/p>\n<p>Szalai Piroska munkaer\u0151piaci szak\u00e9rt\u0151 szerint Magyarorsz\u00e1g gazdas\u00e1gi teljes\u00edtm\u00e9nye az uni\u00f3s k\u00f6z\u00e9pmez\u0151nyben van. Leg\u00fajabb elemz\u00e9se alapj\u00e1n haz\u00e1nk 2021-ben az uni\u00f3s tag\u00e1llamok k\u00f6z\u00f6tt a 20. helyen \u00e1llt az egy f\u0151re jut\u00f3 GDP ranglist\u00e1j\u00e1n. \u201eM\u00edg 2010-ben az uni\u00f3s \u00e1tlag 66%-\u00e1n \u00e1lltunk, 2020-ban \u00e9s 2021-ben el\u00e9rt\u00fck a 75%-ot\u201d \u2013 \u00edrja a szak\u00e9rt\u0151. Szalai Piroska v\u00e9lem\u00e9nye szerint ez is azt mutatja, hogy Magyarorsz\u00e1gnak az uni\u00f3s \u00e1tlagn\u00e1l gyorsabb a GDP n\u00f6veked\u00e9se \u00e9s 2021-re m\u00e1r Ausztri\u00e1hoz is k\u00f6zelebb ker\u00fclt\u00fcnk 2010-hez k\u00e9pest.<\/p>\n<h2>N\u0151tt a keresetek v\u00e1s\u00e1rl\u00f3\u00e9rt\u00e9ke<\/h2>\n<p>Az elemz\u00e9s hangs\u00falyozza, hogy nem igaz, hogy a magyar \u00e1tlagkeresetek az uni\u00f3ban a legalacsonyabbak, hiszen a tavalyi adatok alapj\u00e1n a magyar brutt\u00f3 \u00e1tlagkereset v\u00e1s\u00e1rl\u00f3\u00e9rt\u00e9ke a 19. legnagyobb az uni\u00f3s orsz\u00e1gok k\u00f6z\u00fcl. \u201eTov\u00e1bb\u00e1 fontos megjegyezni, hogy 2022-ben az OECD 32 tag\u00e1llama \u00e9s az uni\u00f3 27 tag\u00e1llama k\u00f6z\u00fcl v\u00e1rhat\u00f3an egyed\u00fcl n\u00e1lunk n\u0151 a keresetek v\u00e1s\u00e1rl\u00f3\u00e9rt\u00e9ke, minden m\u00e1s orsz\u00e1gban cs\u00f6kkentek a re\u00e1lkeresetek, mert az \u00e9ves \u00e1tlagos infl\u00e1ci\u00f3n\u00e1l csak n\u00e1lunk volt nagyobb az \u00e9ves \u00e1tlagos keresetemelked\u00e9s\u201d \u2013 \u00edrja Szalai Piroska.<\/p>\n<p>A szak\u00e9rt\u0151 szerint id\u00e9n is tov\u00e1bbi \u00e1tlagkereset emelked\u00e9st v\u00e1rhat\u00f3, amelyet egyr\u00e9szt a 16 sz\u00e1zal\u00e9kos minim\u00e1lb\u00e9r emel\u00e9s, m\u00e1sr\u00e9szt a feszes munkaer\u0151piac indokol. Tov\u00e1bb\u00e1 az elemz\u00e9s kit\u00e9r arra is, hogy sz\u00e1mos munk\u00e1ltat\u00f3 az egy\u00e9b rendszeres \u00e9s nem rendszeres kereseti elemekkel (b\u00f3nuszok, p\u00f3tl\u00e9kok, stb.) emelik az \u00e1tlagkeresetet, m\u00edg az \u00e1llam a nett\u00f3 kereset emelked\u00e9s\u00e9hez az ad\u00f3kedvezm\u00e9nyeken kereszt\u00fcl j\u00e1rul hozz\u00e1 (p\u00e9ld\u00e1ul a 25 \u00e9v alattiak kedvezm\u00e9nyhat\u00e1r\u00e1nak n\u00f6vel\u00e9se, vagy a 30 \u00e9v alatti any\u00e1k kedvezm\u00e9ny\u00e9nek bevezet\u00e9se). Szalai Piroska azt is kiemeli, hogy javult haz\u00e1nk \u00e9letsz\u00ednvonala, amelyet a szeg\u00e9nys\u00e9g vagy t\u00e1rsadalmi kirekeszt\u0151d\u00e9s kock\u00e1zat\u00e1val \u00e9l\u0151k ar\u00e1ny\u00e1nak jelent\u0151s cs\u00f6kken\u00e9se igazolja.<\/p>\n<p>Az Eurostat legfrissebb, 2020-as adatai alapj\u00e1n a 13. helyen \u00e1llunk az uni\u00f3s tag\u00e1llamok k\u00f6z\u00f6tt a szeg\u00e9nys\u00e9g vagy t\u00e1rsadalmi kirekeszt\u0151d\u00e9s kock\u00e1zat\u00e1val \u00e9l\u0151k tekintet\u00e9ben \u2013 \u00edrja az elemz\u00e9s. \u00d6sszegz\u00e9sk\u00e9nt a szak\u00e9rt\u0151 elmondja, hogy az elm\u00falt \u00e9vekben folyamatosan javult a lakoss\u00e1g anyagi helyzete \u00e9s a k\u00f6vetkez\u0151 id\u0151szakban sem lesz\u00fcnk a jelent\u0151sen roml\u00f3 orsz\u00e1gok k\u00f6z\u00f6tt, majd hozz\u00e1tette: \u201eerre ink\u00e1bb legy\u00fcnk b\u00fcszk\u00e9k, s ne higgy\u00fcnk mindent el a k\u00e1rog\u00f3knak, akik az eredm\u00e9nyeinket folyton kisebb\u00edteni akarj\u00e1k.\u201d<\/p>\n<p>Forr\u00e1s: <a href=\"https:\/\/mandiner.hu\/cikk\/20230104_szalai_piroska_gazdasag_jolet_szegenyseg_kereset_ber_oecd_europai_unio_magyarorszag\" target=\"_blank\" rel=\"nofollow noopener\">Mandiner.hu<\/a>, <a href=\"https:\/\/vasarnap.hu\/2023\/01\/08\/szalai-piroska-ne-higgyunk-el-mindent-a-karogoknak\/\" target=\"_blank\" rel=\"nofollow noopener\">vasarnap.hu<\/a><\/p>\n<p>&nbsp;<\/p>\n","protected":false},"excerpt":{"rendered":"<p>Haz\u00e1nkban az uni\u00f3s \u00e1tlag f\u00f6l\u00f6tti a GDP n\u00f6veked\u00e9s- v\u00e9li egy szak\u00e9rt\u0151. Id\u00e9n is tov\u00e1bbi \u00e1tlagkereset n\u00f6veked\u00e9s v\u00e1rhat\u00f3, a munk\u00e1ltat\u00f3k emelik az egy\u00e9b juttat\u00e1sok \u00f6sszeg\u00e9t is. \u00d6sszess\u00e9g\u00e9ben javult a lakoss\u00e1g anyagi helyzete. Szalai Piroska munkaer\u0151piaci szak\u00e9rt\u0151 szerint Magyarorsz\u00e1g gazdas\u00e1gi teljes\u00edtm\u00e9nye az uni\u00f3s k\u00f6z\u00e9pmez\u0151nyben van. Leg\u00fajabb elemz\u00e9se alapj\u00e1n haz\u00e1nk 2021-ben az uni\u00f3s tag\u00e1llamok k\u00f6z\u00f6tt a 20. helyen [&hellip;]<\/p>\n","protected":false},"author":1,"featured_media":6129,"comment_status":"open","ping_status":"open","sticky":false,"template":"","format":"standard","meta":{"_monsterinsights_skip_tracking":false,"footnotes":""},"categories":[200],"tags":[335,336],"class_list":["post-6128","post","type-post","status-publish","format-standard","has-post-thumbnail","hentry","category-munkaeropiac","tag-munkaeropiac","tag-vasarloertek"],"aioseo_notices":[],"aioseo_head":"\n\t\t<!-- All in One SEO 5.0.0.1 - aioseo.com -->\n\t<meta name=\"description\" content=\"Haz\u00e1nkban az uni\u00f3s \u00e1tlag f\u00f6l\u00f6tti a GDP n\u00f6veked\u00e9s. Id\u00e9n is tov\u00e1bbi \u00e1tlagkereset n\u00f6veked\u00e9s v\u00e1rhat\u00f3, a munk\u00e1ltat\u00f3k emelik az egy\u00e9b juttat\u00e1sok \u00f6sszeg\u00e9t is.\" \/>\n\t<meta name=\"robots\" content=\"max-image-preview:large\" \/>\n\t<meta name=\"author\" content=\"Juh\u00e1sz P\u00e9ter\"\/>\n\t<meta name=\"keywords\" content=\"munkaer\u0151piac,v\u00e1s\u00e1rl\u00f3\u00e9rt\u00e9k\" \/>\n\t<link rel=\"canonical\" href=\"https:\/\/allasorias.hu\/hirek\/megis-jol-allunk-a-munkaeropiacon\/\" \/>\n\t<meta name=\"generator\" content=\"All in One SEO (AIOSEO) 5.0.0.1\" \/>\n\t\t<meta property=\"og:locale\" content=\"hu_HU\" \/>\n\t\t<meta property=\"og:site_name\" content=\"AllasOrias.hu | H\u00edrek-lapszemle | \u00dczleti h\u00edrek az \u00e1ll\u00e1s \u00e9s a munka vil\u00e1g\u00e1b\u00f3l\" \/>\n\t\t<meta property=\"og:type\" content=\"article\" \/>\n\t\t<meta property=\"og:title\" content=\"M\u00e9gis j\u00f3l \u00e1llunk a munkaer\u0151piacon? | Allasorias.hu\/Hirek\" \/>\n\t\t<meta property=\"og:description\" content=\"Haz\u00e1nkban az uni\u00f3s \u00e1tlag f\u00f6l\u00f6tti a GDP n\u00f6veked\u00e9s. Id\u00e9n is tov\u00e1bbi \u00e1tlagkereset n\u00f6veked\u00e9s v\u00e1rhat\u00f3, a munk\u00e1ltat\u00f3k emelik az egy\u00e9b juttat\u00e1sok \u00f6sszeg\u00e9t is.\" \/>\n\t\t<meta property=\"og:url\" content=\"https:\/\/allasorias.hu\/hirek\/megis-jol-allunk-a-munkaeropiacon\/\" \/>\n\t\t<meta property=\"og:image\" content=\"https:\/\/allasorias.hu\/hirek\/wp-content\/uploads\/2023\/01\/Munkaeropiaci-felmeres.jpg\" \/>\n\t\t<meta property=\"og:image:secure_url\" content=\"https:\/\/allasorias.hu\/hirek\/wp-content\/uploads\/2023\/01\/Munkaeropiaci-felmeres.jpg\" \/>\n\t\t<meta property=\"og:image:width\" content=\"1920\" \/>\n\t\t<meta property=\"og:image:height\" content=\"1280\" \/>\n\t\t<meta property=\"article:published_time\" content=\"2023-01-09T10:23:06+00:00\" \/>\n\t\t<meta property=\"article:modified_time\" content=\"2023-01-09T10:23:06+00:00\" \/>\n\t\t<meta property=\"article:publisher\" content=\"https:\/\/www.facebook.com\/allasorias\" \/>\n\t\t<meta name=\"twitter:card\" content=\"summary_large_image\" \/>\n\t\t<meta name=\"twitter:title\" content=\"M\u00e9gis j\u00f3l \u00e1llunk a munkaer\u0151piacon? | Allasorias.hu\/Hirek\" \/>\n\t\t<meta name=\"twitter:description\" content=\"Haz\u00e1nkban az uni\u00f3s \u00e1tlag f\u00f6l\u00f6tti a GDP n\u00f6veked\u00e9s. Id\u00e9n is tov\u00e1bbi \u00e1tlagkereset n\u00f6veked\u00e9s v\u00e1rhat\u00f3, a munk\u00e1ltat\u00f3k emelik az egy\u00e9b juttat\u00e1sok \u00f6sszeg\u00e9t is.\" \/>\n\t\t<meta name=\"twitter:image\" content=\"https:\/\/allasorias.hu\/hirek\/wp-content\/uploads\/2023\/01\/Munkaeropiaci-felmeres.jpg\" \/>\n\t\t<meta name=\"twitter:label1\" content=\"Written by\" \/>\n\t\t<meta name=\"twitter:data1\" content=\"Juh\u00e1sz P\u00e9ter\" \/>\n\t\t<meta name=\"twitter:label2\" content=\"Est. reading time\" \/>\n\t\t<meta name=\"twitter:data2\" content=\"3 minutes\" \/>\n\t\t<script type=\"application\/ld+json\" class=\"aioseo-schema\">\n\t\t\t{\"@context\":\"https:\\\/\\\/schema.org\",\"@graph\":[{\"@type\":\"Article\",\"@id\":\"https:\\\/\\\/allasorias.hu\\\/hirek\\\/megis-jol-allunk-a-munkaeropiacon\\\/#article\",\"name\":\"M\\u00e9gis j\\u00f3l \\u00e1llunk a munkaer\\u0151piacon? | Allasorias.hu\\\/Hirek\",\"headline\":\"M\\u00e9gis j\\u00f3l \\u00e1llunk a munkaer\\u0151piacon?\",\"author\":{\"@id\":\"https:\\\/\\\/allasorias.hu\\\/hirek\\\/author\\\/admin-allasorias\\\/#author\"},\"publisher\":{\"@id\":\"https:\\\/\\\/allasorias.hu\\\/hirek\\\/#organization\"},\"image\":{\"@type\":\"ImageObject\",\"url\":\"https:\\\/\\\/allasorias.hu\\\/hirek\\\/wp-content\\\/uploads\\\/2023\\\/01\\\/Munkaeropiaci-felmeres.jpg\",\"width\":1920,\"height\":1280,\"caption\":\"M\\u00e9gis j\\u00f3l \\u00e1llunk a munkaer\\u0151piacon? - Allasorias.hu\\\/Hirek\"},\"datePublished\":\"2023-01-09T10:23:06+02:00\",\"dateModified\":\"2023-01-09T10:23:06+02:00\",\"inLanguage\":\"hu-HU\",\"mainEntityOfPage\":{\"@id\":\"https:\\\/\\\/allasorias.hu\\\/hirek\\\/megis-jol-allunk-a-munkaeropiacon\\\/#webpage\"},\"isPartOf\":{\"@id\":\"https:\\\/\\\/allasorias.hu\\\/hirek\\\/megis-jol-allunk-a-munkaeropiacon\\\/#webpage\"},\"articleSection\":\"Munkaer\\u0151piac, munkaer\\u0151piac, v\\u00e1s\\u00e1rl\\u00f3\\u00e9rt\\u00e9k\"},{\"@type\":\"BreadcrumbList\",\"@id\":\"https:\\\/\\\/allasorias.hu\\\/hirek\\\/megis-jol-allunk-a-munkaeropiacon\\\/#breadcrumblist\",\"itemListElement\":[{\"@type\":\"ListItem\",\"@id\":\"https:\\\/\\\/allasorias.hu\\\/hirek#listItem\",\"position\":1,\"name\":\"Home\",\"item\":\"https:\\\/\\\/allasorias.hu\\\/hirek\",\"nextItem\":{\"@type\":\"ListItem\",\"@id\":\"https:\\\/\\\/allasorias.hu\\\/hirek\\\/temak\\\/munkaeropiac\\\/#listItem\",\"name\":\"Munkaer\\u0151piac\"}},{\"@type\":\"ListItem\",\"@id\":\"https:\\\/\\\/allasorias.hu\\\/hirek\\\/temak\\\/munkaeropiac\\\/#listItem\",\"position\":2,\"name\":\"Munkaer\\u0151piac\",\"item\":\"https:\\\/\\\/allasorias.hu\\\/hirek\\\/temak\\\/munkaeropiac\\\/\",\"nextItem\":{\"@type\":\"ListItem\",\"@id\":\"https:\\\/\\\/allasorias.hu\\\/hirek\\\/megis-jol-allunk-a-munkaeropiacon\\\/#listItem\",\"name\":\"M\\u00e9gis j\\u00f3l \\u00e1llunk a munkaer\\u0151piacon?\"},\"previousItem\":{\"@type\":\"ListItem\",\"@id\":\"https:\\\/\\\/allasorias.hu\\\/hirek#listItem\",\"name\":\"Home\"}},{\"@type\":\"ListItem\",\"@id\":\"https:\\\/\\\/allasorias.hu\\\/hirek\\\/megis-jol-allunk-a-munkaeropiacon\\\/#listItem\",\"position\":3,\"name\":\"M\\u00e9gis j\\u00f3l \\u00e1llunk a munkaer\\u0151piacon?\",\"previousItem\":{\"@type\":\"ListItem\",\"@id\":\"https:\\\/\\\/allasorias.hu\\\/hirek\\\/temak\\\/munkaeropiac\\\/#listItem\",\"name\":\"Munkaer\\u0151piac\"}}]},{\"@type\":\"Organization\",\"@id\":\"https:\\\/\\\/allasorias.hu\\\/hirek\\\/#organization\",\"name\":\"AllasOrias.hu | H\\u00edrek-lapszemle\",\"description\":\"\\u00dczleti h\\u00edrek az \\u00e1ll\\u00e1s \\u00e9s a munka vil\\u00e1g\\u00e1b\\u00f3l\",\"url\":\"https:\\\/\\\/allasorias.hu\\\/hirek\\\/\",\"logo\":{\"@type\":\"ImageObject\",\"url\":\"https:\\\/\\\/allasorias.hu\\\/hirek\\\/wp-content\\\/uploads\\\/2022\\\/10\\\/allasorias_site_facebok_logo.png\",\"@id\":\"https:\\\/\\\/allasorias.hu\\\/hirek\\\/megis-jol-allunk-a-munkaeropiacon\\\/#organizationLogo\"},\"image\":{\"@id\":\"https:\\\/\\\/allasorias.hu\\\/hirek\\\/megis-jol-allunk-a-munkaeropiacon\\\/#organizationLogo\"},\"sameAs\":[\"https:\\\/\\\/www.facebook.com\\\/allasorias\",\"https:\\\/\\\/www.linkedin.com\\\/company\\\/allasorias\"]},{\"@type\":\"Person\",\"@id\":\"https:\\\/\\\/allasorias.hu\\\/hirek\\\/author\\\/admin-allasorias\\\/#author\",\"url\":\"https:\\\/\\\/allasorias.hu\\\/hirek\\\/author\\\/admin-allasorias\\\/\",\"name\":\"Juh\\u00e1sz P\\u00e9ter\",\"image\":{\"@type\":\"ImageObject\",\"@id\":\"https:\\\/\\\/allasorias.hu\\\/hirek\\\/megis-jol-allunk-a-munkaeropiacon\\\/#authorImage\",\"url\":\"https:\\\/\\\/secure.gravatar.com\\\/avatar\\\/36e6bcb83148978b992977cb0f54d22feb0cce8a0a849a9410532bb2623ba4c6?s=96&d=mm&r=g\",\"width\":96,\"height\":96,\"caption\":\"Juh\\u00e1sz P\\u00e9ter\"}},{\"@type\":\"WebPage\",\"@id\":\"https:\\\/\\\/allasorias.hu\\\/hirek\\\/megis-jol-allunk-a-munkaeropiacon\\\/#webpage\",\"url\":\"https:\\\/\\\/allasorias.hu\\\/hirek\\\/megis-jol-allunk-a-munkaeropiacon\\\/\",\"name\":\"M\\u00e9gis j\\u00f3l \\u00e1llunk a munkaer\\u0151piacon? | Allasorias.hu\\\/Hirek\",\"description\":\"Haz\\u00e1nkban az uni\\u00f3s \\u00e1tlag f\\u00f6l\\u00f6tti a GDP n\\u00f6veked\\u00e9s. Id\\u00e9n is tov\\u00e1bbi \\u00e1tlagkereset n\\u00f6veked\\u00e9s v\\u00e1rhat\\u00f3, a munk\\u00e1ltat\\u00f3k emelik az egy\\u00e9b juttat\\u00e1sok \\u00f6sszeg\\u00e9t is.\",\"inLanguage\":\"hu-HU\",\"isPartOf\":{\"@id\":\"https:\\\/\\\/allasorias.hu\\\/hirek\\\/#website\"},\"breadcrumb\":{\"@id\":\"https:\\\/\\\/allasorias.hu\\\/hirek\\\/megis-jol-allunk-a-munkaeropiacon\\\/#breadcrumblist\"},\"author\":{\"@id\":\"https:\\\/\\\/allasorias.hu\\\/hirek\\\/author\\\/admin-allasorias\\\/#author\"},\"creator\":{\"@id\":\"https:\\\/\\\/allasorias.hu\\\/hirek\\\/author\\\/admin-allasorias\\\/#author\"},\"image\":{\"@type\":\"ImageObject\",\"url\":\"https:\\\/\\\/allasorias.hu\\\/hirek\\\/wp-content\\\/uploads\\\/2023\\\/01\\\/Munkaeropiaci-felmeres.jpg\",\"@id\":\"https:\\\/\\\/allasorias.hu\\\/hirek\\\/megis-jol-allunk-a-munkaeropiacon\\\/#mainImage\",\"width\":1920,\"height\":1280,\"caption\":\"M\\u00e9gis j\\u00f3l \\u00e1llunk a munkaer\\u0151piacon? - Allasorias.hu\\\/Hirek\"},\"primaryImageOfPage\":{\"@id\":\"https:\\\/\\\/allasorias.hu\\\/hirek\\\/megis-jol-allunk-a-munkaeropiacon\\\/#mainImage\"},\"datePublished\":\"2023-01-09T10:23:06+02:00\",\"dateModified\":\"2023-01-09T10:23:06+02:00\"},{\"@type\":\"WebSite\",\"@id\":\"https:\\\/\\\/allasorias.hu\\\/hirek\\\/#website\",\"url\":\"https:\\\/\\\/allasorias.hu\\\/hirek\\\/\",\"name\":\"AllasOrias.hu | H\\u00edrek-lapszemle\",\"description\":\"\\u00dczleti h\\u00edrek az \\u00e1ll\\u00e1s \\u00e9s a munka vil\\u00e1g\\u00e1b\\u00f3l\",\"inLanguage\":\"hu-HU\",\"publisher\":{\"@id\":\"https:\\\/\\\/allasorias.hu\\\/hirek\\\/#organization\"}}]}\n\t\t<\/script>\n\t\t<!-- All in One SEO -->\n\n","aioseo_head_json":{"title":"M\u00e9gis j\u00f3l \u00e1llunk a munkaer\u0151piacon? | Allasorias.hu\/Hirek","description":"Haz\u00e1nkban az uni\u00f3s \u00e1tlag f\u00f6l\u00f6tti a GDP n\u00f6veked\u00e9s. Id\u00e9n is tov\u00e1bbi \u00e1tlagkereset n\u00f6veked\u00e9s v\u00e1rhat\u00f3, a munk\u00e1ltat\u00f3k emelik az egy\u00e9b juttat\u00e1sok \u00f6sszeg\u00e9t is.","canonical_url":"https:\/\/allasorias.hu\/hirek\/megis-jol-allunk-a-munkaeropiacon\/","robots":"max-image-preview:large","keywords":"munkaer\u0151piac,v\u00e1s\u00e1rl\u00f3\u00e9rt\u00e9k","webmasterTools":{"miscellaneous":""},"schema":{"@context":"https:\/\/schema.org","@graph":[{"@type":"Article","@id":"https:\/\/allasorias.hu\/hirek\/megis-jol-allunk-a-munkaeropiacon\/#article","name":"M\u00e9gis j\u00f3l \u00e1llunk a munkaer\u0151piacon? | Allasorias.hu\/Hirek","headline":"M\u00e9gis j\u00f3l \u00e1llunk a munkaer\u0151piacon?","author":{"@id":"https:\/\/allasorias.hu\/hirek\/author\/admin-allasorias\/#author"},"publisher":{"@id":"https:\/\/allasorias.hu\/hirek\/#organization"},"image":{"@type":"ImageObject","url":"https:\/\/allasorias.hu\/hirek\/wp-content\/uploads\/2023\/01\/Munkaeropiaci-felmeres.jpg","width":1920,"height":1280,"caption":"M\u00e9gis j\u00f3l \u00e1llunk a munkaer\u0151piacon? - Allasorias.hu\/Hirek"},"datePublished":"2023-01-09T10:23:06+02:00","dateModified":"2023-01-09T10:23:06+02:00","inLanguage":"hu-HU","mainEntityOfPage":{"@id":"https:\/\/allasorias.hu\/hirek\/megis-jol-allunk-a-munkaeropiacon\/#webpage"},"isPartOf":{"@id":"https:\/\/allasorias.hu\/hirek\/megis-jol-allunk-a-munkaeropiacon\/#webpage"},"articleSection":"Munkaer\u0151piac, munkaer\u0151piac, v\u00e1s\u00e1rl\u00f3\u00e9rt\u00e9k"},{"@type":"BreadcrumbList","@id":"https:\/\/allasorias.hu\/hirek\/megis-jol-allunk-a-munkaeropiacon\/#breadcrumblist","itemListElement":[{"@type":"ListItem","@id":"https:\/\/allasorias.hu\/hirek#listItem","position":1,"name":"Home","item":"https:\/\/allasorias.hu\/hirek","nextItem":{"@type":"ListItem","@id":"https:\/\/allasorias.hu\/hirek\/temak\/munkaeropiac\/#listItem","name":"Munkaer\u0151piac"}},{"@type":"ListItem","@id":"https:\/\/allasorias.hu\/hirek\/temak\/munkaeropiac\/#listItem","position":2,"name":"Munkaer\u0151piac","item":"https:\/\/allasorias.hu\/hirek\/temak\/munkaeropiac\/","nextItem":{"@type":"ListItem","@id":"https:\/\/allasorias.hu\/hirek\/megis-jol-allunk-a-munkaeropiacon\/#listItem","name":"M\u00e9gis j\u00f3l \u00e1llunk a munkaer\u0151piacon?"},"previousItem":{"@type":"ListItem","@id":"https:\/\/allasorias.hu\/hirek#listItem","name":"Home"}},{"@type":"ListItem","@id":"https:\/\/allasorias.hu\/hirek\/megis-jol-allunk-a-munkaeropiacon\/#listItem","position":3,"name":"M\u00e9gis j\u00f3l \u00e1llunk a munkaer\u0151piacon?","previousItem":{"@type":"ListItem","@id":"https:\/\/allasorias.hu\/hirek\/temak\/munkaeropiac\/#listItem","name":"Munkaer\u0151piac"}}]},{"@type":"Organization","@id":"https:\/\/allasorias.hu\/hirek\/#organization","name":"AllasOrias.hu | H\u00edrek-lapszemle","description":"\u00dczleti h\u00edrek az \u00e1ll\u00e1s \u00e9s a munka vil\u00e1g\u00e1b\u00f3l","url":"https:\/\/allasorias.hu\/hirek\/","logo":{"@type":"ImageObject","url":"https:\/\/allasorias.hu\/hirek\/wp-content\/uploads\/2022\/10\/allasorias_site_facebok_logo.png","@id":"https:\/\/allasorias.hu\/hirek\/megis-jol-allunk-a-munkaeropiacon\/#organizationLogo"},"image":{"@id":"https:\/\/allasorias.hu\/hirek\/megis-jol-allunk-a-munkaeropiacon\/#organizationLogo"},"sameAs":["https:\/\/www.facebook.com\/allasorias","https:\/\/www.linkedin.com\/company\/allasorias"]},{"@type":"Person","@id":"https:\/\/allasorias.hu\/hirek\/author\/admin-allasorias\/#author","url":"https:\/\/allasorias.hu\/hirek\/author\/admin-allasorias\/","name":"Juh\u00e1sz P\u00e9ter","image":{"@type":"ImageObject","@id":"https:\/\/allasorias.hu\/hirek\/megis-jol-allunk-a-munkaeropiacon\/#authorImage","url":"https:\/\/secure.gravatar.com\/avatar\/36e6bcb83148978b992977cb0f54d22feb0cce8a0a849a9410532bb2623ba4c6?s=96&d=mm&r=g","width":96,"height":96,"caption":"Juh\u00e1sz P\u00e9ter"}},{"@type":"WebPage","@id":"https:\/\/allasorias.hu\/hirek\/megis-jol-allunk-a-munkaeropiacon\/#webpage","url":"https:\/\/allasorias.hu\/hirek\/megis-jol-allunk-a-munkaeropiacon\/","name":"M\u00e9gis j\u00f3l \u00e1llunk a munkaer\u0151piacon? | Allasorias.hu\/Hirek","description":"Haz\u00e1nkban az uni\u00f3s \u00e1tlag f\u00f6l\u00f6tti a GDP n\u00f6veked\u00e9s. Id\u00e9n is tov\u00e1bbi \u00e1tlagkereset n\u00f6veked\u00e9s v\u00e1rhat\u00f3, a munk\u00e1ltat\u00f3k emelik az egy\u00e9b juttat\u00e1sok \u00f6sszeg\u00e9t is.","inLanguage":"hu-HU","isPartOf":{"@id":"https:\/\/allasorias.hu\/hirek\/#website"},"breadcrumb":{"@id":"https:\/\/allasorias.hu\/hirek\/megis-jol-allunk-a-munkaeropiacon\/#breadcrumblist"},"author":{"@id":"https:\/\/allasorias.hu\/hirek\/author\/admin-allasorias\/#author"},"creator":{"@id":"https:\/\/allasorias.hu\/hirek\/author\/admin-allasorias\/#author"},"image":{"@type":"ImageObject","url":"https:\/\/allasorias.hu\/hirek\/wp-content\/uploads\/2023\/01\/Munkaeropiaci-felmeres.jpg","@id":"https:\/\/allasorias.hu\/hirek\/megis-jol-allunk-a-munkaeropiacon\/#mainImage","width":1920,"height":1280,"caption":"M\u00e9gis j\u00f3l \u00e1llunk a munkaer\u0151piacon? - Allasorias.hu\/Hirek"},"primaryImageOfPage":{"@id":"https:\/\/allasorias.hu\/hirek\/megis-jol-allunk-a-munkaeropiacon\/#mainImage"},"datePublished":"2023-01-09T10:23:06+02:00","dateModified":"2023-01-09T10:23:06+02:00"},{"@type":"WebSite","@id":"https:\/\/allasorias.hu\/hirek\/#website","url":"https:\/\/allasorias.hu\/hirek\/","name":"AllasOrias.hu | H\u00edrek-lapszemle","description":"\u00dczleti h\u00edrek az \u00e1ll\u00e1s \u00e9s a munka vil\u00e1g\u00e1b\u00f3l","inLanguage":"hu-HU","publisher":{"@id":"https:\/\/allasorias.hu\/hirek\/#organization"}}]},"og:locale":"hu_HU","og:site_name":"AllasOrias.hu | H\u00edrek-lapszemle | \u00dczleti h\u00edrek az \u00e1ll\u00e1s \u00e9s a munka vil\u00e1g\u00e1b\u00f3l","og:type":"article","og:title":"M\u00e9gis j\u00f3l \u00e1llunk a munkaer\u0151piacon? | Allasorias.hu\/Hirek","og:description":"Haz\u00e1nkban az uni\u00f3s \u00e1tlag f\u00f6l\u00f6tti a GDP n\u00f6veked\u00e9s. Id\u00e9n is tov\u00e1bbi \u00e1tlagkereset n\u00f6veked\u00e9s v\u00e1rhat\u00f3, a munk\u00e1ltat\u00f3k emelik az egy\u00e9b juttat\u00e1sok \u00f6sszeg\u00e9t is.","og:url":"https:\/\/allasorias.hu\/hirek\/megis-jol-allunk-a-munkaeropiacon\/","og:image":"https:\/\/allasorias.hu\/hirek\/wp-content\/uploads\/2023\/01\/Munkaeropiaci-felmeres.jpg","og:image:secure_url":"https:\/\/allasorias.hu\/hirek\/wp-content\/uploads\/2023\/01\/Munkaeropiaci-felmeres.jpg","og:image:width":1920,"og:image:height":1280,"article:published_time":"2023-01-09T10:23:06+00:00","article:modified_time":"2023-01-09T10:23:06+00:00","article:publisher":"https:\/\/www.facebook.com\/allasorias","twitter:card":"summary_large_image","twitter:title":"M\u00e9gis j\u00f3l \u00e1llunk a munkaer\u0151piacon? | Allasorias.hu\/Hirek","twitter:description":"Haz\u00e1nkban az uni\u00f3s \u00e1tlag f\u00f6l\u00f6tti a GDP n\u00f6veked\u00e9s. Id\u00e9n is tov\u00e1bbi \u00e1tlagkereset n\u00f6veked\u00e9s v\u00e1rhat\u00f3, a munk\u00e1ltat\u00f3k emelik az egy\u00e9b juttat\u00e1sok \u00f6sszeg\u00e9t is.","twitter:image":"https:\/\/allasorias.hu\/hirek\/wp-content\/uploads\/2023\/01\/Munkaeropiaci-felmeres.jpg","twitter:label1":"Written by","twitter:data1":"Juh\u00e1sz P\u00e9ter","twitter:label2":"Est. reading time","twitter:data2":"3 minutes"},"aioseo_meta_data":{"post_id":"6128","title":"#post_title | Allasorias.hu\/Hirek","description":"Haz\u00e1nkban az uni\u00f3s \u00e1tlag f\u00f6l\u00f6tti a GDP n\u00f6veked\u00e9s. Id\u00e9n is tov\u00e1bbi \u00e1tlagkereset n\u00f6veked\u00e9s v\u00e1rhat\u00f3, a munk\u00e1ltat\u00f3k emelik az egy\u00e9b juttat\u00e1sok \u00f6sszeg\u00e9t is.","keywords":[],"keyphrases":{"focus":{"keyphrase":"munkaer\u0151piac","score":44,"analysis":{"keyphraseInTitle":{"title":"Focus keyphrase in SEO title","description":"Focus keyphrase not found in SEO title.","score":3,"maxScore":9,"error":1},"keyphraseInDescription":{"title":"Focus keyphrase in meta description","description":"Focus keyphrase not found in meta description.","score":3,"maxScore":9,"error":1},"keyphraseLength":{"title":"Focus keyphrase length","description":"Good job!","score":9,"maxScore":9,"error":0,"length":1},"keyphraseInURL":{"title":"Focus keyphrase in URL","description":"Focus keyphrase not found in the URL.","score":1,"maxScore":5,"error":1},"keyphraseInIntroduction":{"title":"Focus keyphrase in introduction","description":"Your Focus keyphrase does not appear in the first paragraph. Make sure the topic is clear immediately.","score":3,"maxScore":9,"error":1},"keyphraseInSubHeadings":{"title":"Focus keyphrase in Subheadings","description":"Use your focus keyphrase more in your H2 and H3 subheadings.","score":3,"maxScore":9,"error":1},"keyphraseInImageAlt":[]}},"additional":[]},"primary_term":null,"canonical_url":null,"og_title":null,"og_description":null,"og_object_type":"default","og_image_type":"default","og_image_url":null,"og_image_width":null,"og_image_height":null,"og_image_custom_url":null,"og_image_custom_fields":null,"og_video":"","og_custom_url":null,"og_article_section":null,"og_article_tags":[],"twitter_use_og":true,"twitter_card":"default","twitter_image_type":"default","twitter_image_url":null,"twitter_image_custom_url":null,"twitter_image_custom_fields":null,"twitter_title":null,"twitter_description":null,"schema":{"blockGraphs":[],"customGraphs":[],"default":{"data":{"Article":[],"Course":[],"Dataset":[],"FAQPage":[],"Movie":[],"Person":[],"Product":[],"ProductReview":[],"Car":[],"Recipe":[],"Service":[],"SoftwareApplication":[],"WebPage":[]},"graphName":"Article","isEnabled":true},"graphs":[]},"schema_type":"default","schema_type_options":null,"pillar_content":false,"robots_default":true,"robots_noindex":false,"robots_noarchive":false,"robots_nosnippet":false,"robots_nofollow":false,"robots_noimageindex":false,"robots_noodp":false,"robots_notranslate":false,"robots_max_snippet":"-1","robots_max_videopreview":"-1","robots_max_imagepreview":"large","priority":null,"frequency":"default","location":null,"local_seo":null,"breadcrumb_settings":null,"limit_modified_date":false,"ai":null,"created":"2023-01-09 10:09:05","updated":"2025-10-02 17:56:34","seo_analyzer_scan_date":null,"focus_keyword":"munkaer\u0151piac","additional_keywords":null,"truseo_locale":null},"aioseo_breadcrumb":"<div class=\"aioseo-breadcrumbs\"><span class=\"aioseo-breadcrumb\">\n\t\t\t<a href=\"https:\/\/allasorias.hu\/hirek\" title=\"Home\">Home<\/a>\n\t\t<\/span><span class=\"aioseo-breadcrumb-separator\">&raquo;<\/span><span class=\"aioseo-breadcrumb\">\n\t\t\t<a href=\"https:\/\/allasorias.hu\/hirek\/temak\/munkaeropiac\/\" title=\"Munkaer\u0151piac\">Munkaer\u0151piac<\/a>\n\t\t<\/span><span class=\"aioseo-breadcrumb-separator\">&raquo;<\/span><span class=\"aioseo-breadcrumb\">\n\t\t\tM\u00e9gis j\u00f3l \u00e1llunk a munkaer\u0151piacon?\n\t\t<\/span><\/div>","aioseo_breadcrumb_json":[{"label":"Home","link":"https:\/\/allasorias.hu\/hirek"},{"label":"Munkaer\u0151piac","link":"https:\/\/allasorias.hu\/hirek\/temak\/munkaeropiac\/"},{"label":"M\u00e9gis j\u00f3l \u00e1llunk a munkaer\u0151piacon?","link":"https:\/\/allasorias.hu\/hirek\/megis-jol-allunk-a-munkaeropiacon\/"}],"_links":{"self":[{"href":"https:\/\/allasorias.hu\/hirek\/wp-json\/wp\/v2\/posts\/6128","targetHints":{"allow":["GET"]}}],"collection":[{"href":"https:\/\/allasorias.hu\/hirek\/wp-json\/wp\/v2\/posts"}],"about":[{"href":"https:\/\/allasorias.hu\/hirek\/wp-json\/wp\/v2\/types\/post"}],"author":[{"embeddable":true,"href":"https:\/\/allasorias.hu\/hirek\/wp-json\/wp\/v2\/users\/1"}],"replies":[{"embeddable":true,"href":"https:\/\/allasorias.hu\/hirek\/wp-json\/wp\/v2\/comments?post=6128"}],"version-history":[{"count":1,"href":"https:\/\/allasorias.hu\/hirek\/wp-json\/wp\/v2\/posts\/6128\/revisions"}],"predecessor-version":[{"id":6130,"href":"https:\/\/allasorias.hu\/hirek\/wp-json\/wp\/v2\/posts\/6128\/revisions\/6130"}],"wp:featuredmedia":[{"embeddable":true,"href":"https:\/\/allasorias.hu\/hirek\/wp-json\/wp\/v2\/media\/6129"}],"wp:attachment":[{"href":"https:\/\/allasorias.hu\/hirek\/wp-json\/wp\/v2\/media?parent=6128"}],"wp:term":[{"taxonomy":"category","embeddable":true,"href":"https:\/\/allasorias.hu\/hirek\/wp-json\/wp\/v2\/categories?post=6128"},{"taxonomy":"post_tag","embeddable":true,"href":"https:\/\/allasorias.hu\/hirek\/wp-json\/wp\/v2\/tags?post=6128"}],"curies":[{"name":"wp","href":"https:\/\/api.w.org\/{rel}","templated":true}]}}