{"id":6125,"date":"2023-01-06T08:38:33","date_gmt":"2023-01-06T08:38:33","guid":{"rendered":"https:\/\/allasorias.hu\/hirek\/?p=6125"},"modified":"2025-05-13T13:39:19","modified_gmt":"2025-05-13T11:39:19","slug":"osztondij-programmal-segitik-a-sportolokat-a-munkaeropiacon","status":"publish","type":"post","link":"https:\/\/allasorias.hu\/hirek\/osztondij-programmal-segitik-a-sportolokat-a-munkaeropiacon\/","title":{"rendered":"\u00d6szt\u00f6nd\u00edj programmal seg\u00edtik a sportol\u00f3kat a munkaer\u0151piacon"},"content":{"rendered":"<p><strong>Egy alap\u00edtv\u00e1ny seg\u00edti a sportol\u00f3kat az \u00f6nk\u00e9pz\u00e9sben \u00e9s a tanul\u00e1sban. C\u00e9ljuk, hogy a sporttehets\u00e9gek sikeresen szerepeljenek a munka vil\u00e1g\u00e1ban. Az \u00f6szt\u00f6nd\u00edj program \u00e9letvezet\u00e9si tan\u00e1csokkal is ell\u00e1tja a fiatalokat.<\/strong><\/p>\n<p>Az \u00f6szt\u00f6nd\u00edj seg\u00edts\u00e9g\u00e9vel a sportol\u00f3k az akt\u00edv versenyz\u0151i \u00e9vek befejezt\u00e9vel sikeresen l\u00e9phetnek ki a civil \u00e9letbe \u00e9s a munkaer\u0151piacra. A BOM Alap\u00edtv\u00e1ny, illetve strat\u00e9giai partnerei, a Magyar Olimpiai Bizotts\u00e1g (MOB) \u00e9s a Magyar Paralimpiai Bizotts\u00e1g sz\u00e1m\u00e1ra fontos, hogy a fiatalok sportkarrierj\u00fck \u00e9p\u00edt\u00e9se mellett kiemelt figyelmet ford\u00edtsanak az \u00f6nk\u00e9pz\u00e9sre \u00e9s a tanul\u00e1sra is. Az \u00f6szt\u00f6nd\u00edj seg\u00edts\u00e9g\u00e9vel a sportol\u00f3k az akt\u00edv versenyz\u0151i \u00e9vek befejezt\u00e9vel sikeresen l\u00e9phetnek ki a civil \u00e9letbe \u00e9s a munkaer\u0151piacra. A Berzeviczy Albert Tanulm\u00e1nyi \u00d6szt\u00f6nd\u00edjprogram komoly anyagi t\u00e1mogat\u00e1st ny\u00fajt a kiemelked\u0151 eredm\u00e9nyekkel rendelkez\u0151 sportol\u00f3k tanulm\u00e1nyainak finansz\u00edroz\u00e1s\u00e1ra. A MOB els\u0151 eln\u00f6k\u00e9r\u0151l elnevezett Berzeviczy Albert \u00f6szt\u00f6nd\u00edjprogram 10 \u00e9vvel ezel\u0151tti indul\u00e1sa \u00f3ta m\u00e1r t\u00f6bb mint 170 sportol\u00f3 tov\u00e1bbtanul\u00e1s\u00e1t finansz\u00edrozta.<\/p>\n<p>Az egyed\u00fcl\u00e1ll\u00f3 \u00f6szt\u00f6nd\u00edj- \u00e9s mentorprogramnak k\u00f6sz\u00f6nhet\u0151en az alap\u00edtv\u00e1ny sz\u00e1mos olyan tehets\u00e9get k\u00eds\u00e9rhetett v\u00e9gig eredm\u00e9nyes olimpikonn\u00e1 vagy paralimpikonn\u00e1 v\u00e1l\u00e1suk \u00fatj\u00e1n, mint Ekler Luca paraatl\u00e9ta, Keszthelyi-Nagy Rita v\u00edzilabd\u00e1z\u00f3, Olasz Anna vagy Rasovszky Krist\u00f3f \u00fasz\u00f3k. A BOM Alap\u00edtv\u00e1ny n\u00e9pszer\u0171 \u00f6szt\u00f6nd\u00edjprogramj\u00e1ra olyan olimpiai vagy paralimpiai kerettagok jelentkez\u00e9s\u00e9t v\u00e1rj\u00e1k, akik \u00f6nk\u00f6lts\u00e9ges k\u00e9pz\u00e9sben vagy \u00e1llami \u00f6szt\u00f6nd\u00edjask\u00e9nt folytatnak fels\u0151fok\u00fa tanulm\u00e1nyokat \u00e9lsportol\u00f3i karrierj\u00fck mellett. A beny\u00fajtott p\u00e1ly\u00e1zatokat az el\u0151z\u0151 \u00e9vek gyakorlat\u00e1hoz hasonl\u00f3an a BOM Alap\u00edtv\u00e1ny kurat\u00f3riumi tagjai b\u00edr\u00e1lj\u00e1k el. A BOM \u00f6szt\u00f6nd\u00edjas fiatalok 2020 \u00f3ta mentorprogramon is r\u00e9szt vehetnek, amely lehet\u0151s\u00e9get biztos\u00edt a sportol\u00f3knak. Mentoraik seg\u00edts\u00e9g\u00e9vel \u2013 sportp\u00e1lyafut\u00e1suk mellett \u2013 betekint\u00e9st nyerhetnek a munkaer\u0151piacra \u00e9s az \u00f6szt\u00f6nd\u00edjprogramon t\u00fal \u00e9letvezet\u00e9si tan\u00e1csokkal \u00e9s tapasztalati tud\u00e1ssal is gyarapodhatnak.<\/p>\n<p>Forr\u00e1s: <a href=\"https:\/\/www.szeretlekmagyarorszag.hu\/sport\/egyedulallo-osztondijprogramot-inditott-a-bom-alapitvany-a-fiatal-sporttehetsegeknek\/\" target=\"_blank\" rel=\"nofollow noopener noreferrer\">szeretlekmagyarorszag.hu<\/a><\/p>\n","protected":false},"excerpt":{"rendered":"<p>Egy alap\u00edtv\u00e1ny seg\u00edti a sportol\u00f3kat az \u00f6nk\u00e9pz\u00e9sben \u00e9s a tanul\u00e1sban. C\u00e9ljuk, hogy a sporttehets\u00e9gek sikeresen szerepeljenek a munka vil\u00e1g\u00e1ban. Az \u00f6szt\u00f6nd\u00edj program \u00e9letvezet\u00e9si tan\u00e1csokkal is ell\u00e1tja a fiatalokat. Az \u00f6szt\u00f6nd\u00edj seg\u00edts\u00e9g\u00e9vel a sportol\u00f3k az akt\u00edv versenyz\u0151i \u00e9vek befejezt\u00e9vel sikeresen l\u00e9phetnek ki a civil \u00e9letbe \u00e9s a munkaer\u0151piacra. A BOM Alap\u00edtv\u00e1ny, illetve strat\u00e9giai partnerei, a Magyar [&hellip;]<\/p>\n","protected":false},"author":1,"featured_media":6126,"comment_status":"closed","ping_status":"closed","sticky":false,"template":"","format":"standard","meta":{"_monsterinsights_skip_tracking":false,"footnotes":""},"categories":[200],"tags":[333,334],"class_list":["post-6125","post","type-post","status-publish","format-standard","has-post-thumbnail","hentry","category-munkaeropiac","tag-osztondij-program","tag-sportolok"],"aioseo_notices":[],"aioseo_head":"\n\t\t<!-- All in One SEO 5.0.0.1 - aioseo.com -->\n\t<meta name=\"description\" content=\"Egy alap\u00edtv\u00e1ny seg\u00edti a sportol\u00f3kat az \u00f6nk\u00e9pz\u00e9sben \u00e9s a tanul\u00e1sban. C\u00e9ljuk, hogy a sporttehets\u00e9gek sikeresen szerepeljenek a munka vil\u00e1g\u00e1ban.\" \/>\n\t<meta name=\"robots\" content=\"max-image-preview:large\" \/>\n\t<meta name=\"author\" content=\"Juh\u00e1sz P\u00e9ter\"\/>\n\t<meta name=\"keywords\" content=\"\u00f6szt\u00f6nd\u00edj program,sportol\u00f3k\" \/>\n\t<link rel=\"canonical\" href=\"https:\/\/allasorias.hu\/hirek\/osztondij-programmal-segitik-a-sportolokat-a-munkaeropiacon\/\" \/>\n\t<meta name=\"generator\" content=\"All in One SEO (AIOSEO) 5.0.0.1\" \/>\n\t\t<meta property=\"og:locale\" content=\"hu_HU\" \/>\n\t\t<meta property=\"og:site_name\" content=\"AllasOrias.hu | H\u00edrek-lapszemle | \u00dczleti h\u00edrek az \u00e1ll\u00e1s \u00e9s a munka vil\u00e1g\u00e1b\u00f3l\" \/>\n\t\t<meta property=\"og:type\" content=\"article\" \/>\n\t\t<meta property=\"og:title\" content=\"Sportol\u00f3knak \u00f6szt\u00f6nd\u00edj seg\u00edti a munkav\u00e1llal\u00e1st\" \/>\n\t\t<meta property=\"og:description\" content=\"Egy alap\u00edtv\u00e1ny seg\u00edti a sportol\u00f3kat az \u00f6nk\u00e9pz\u00e9sben \u00e9s a tanul\u00e1sban. C\u00e9ljuk, hogy a sporttehets\u00e9gek sikeresen szerepeljenek a munka vil\u00e1g\u00e1ban.\" \/>\n\t\t<meta property=\"og:url\" content=\"https:\/\/allasorias.hu\/hirek\/osztondij-programmal-segitik-a-sportolokat-a-munkaeropiacon\/\" \/>\n\t\t<meta property=\"og:image\" content=\"https:\/\/allasorias.hu\/hirek\/wp-content\/uploads\/2023\/01\/Sport-osztondij.jpg\" \/>\n\t\t<meta property=\"og:image:secure_url\" content=\"https:\/\/allasorias.hu\/hirek\/wp-content\/uploads\/2023\/01\/Sport-osztondij.jpg\" \/>\n\t\t<meta property=\"og:image:width\" content=\"1280\" \/>\n\t\t<meta property=\"og:image:height\" content=\"853\" \/>\n\t\t<meta property=\"article:published_time\" content=\"2023-01-06T08:38:33+00:00\" \/>\n\t\t<meta property=\"article:modified_time\" content=\"2025-05-13T11:39:19+00:00\" \/>\n\t\t<meta property=\"article:publisher\" content=\"https:\/\/www.facebook.com\/allasorias\" \/>\n\t\t<meta name=\"twitter:card\" content=\"summary_large_image\" \/>\n\t\t<meta name=\"twitter:title\" content=\"Sportol\u00f3knak \u00f6szt\u00f6nd\u00edj seg\u00edti a munkav\u00e1llal\u00e1st\" \/>\n\t\t<meta name=\"twitter:description\" content=\"Egy alap\u00edtv\u00e1ny seg\u00edti a sportol\u00f3kat az \u00f6nk\u00e9pz\u00e9sben \u00e9s a tanul\u00e1sban. C\u00e9ljuk, hogy a sporttehets\u00e9gek sikeresen szerepeljenek a munka vil\u00e1g\u00e1ban.\" \/>\n\t\t<meta name=\"twitter:image\" content=\"https:\/\/allasorias.hu\/hirek\/wp-content\/uploads\/2023\/01\/Sport-osztondij.jpg\" \/>\n\t\t<meta name=\"twitter:label1\" content=\"Written by\" \/>\n\t\t<meta name=\"twitter:data1\" content=\"Juh\u00e1sz P\u00e9ter\" \/>\n\t\t<meta name=\"twitter:label2\" content=\"Est. reading time\" \/>\n\t\t<meta name=\"twitter:data2\" content=\"2 minutes\" \/>\n\t\t<script type=\"application\/ld+json\" class=\"aioseo-schema\">\n\t\t\t{\"@context\":\"https:\\\/\\\/schema.org\",\"@graph\":[{\"@type\":\"Article\",\"@id\":\"https:\\\/\\\/allasorias.hu\\\/hirek\\\/osztondij-programmal-segitik-a-sportolokat-a-munkaeropiacon\\\/#article\",\"name\":\"Sportol\\u00f3knak \\u00f6szt\\u00f6nd\\u00edj seg\\u00edti a munkav\\u00e1llal\\u00e1st\",\"headline\":\"\\u00d6szt\\u00f6nd\\u00edj programmal seg\\u00edtik a sportol\\u00f3kat a munkaer\\u0151piacon\",\"author\":{\"@id\":\"https:\\\/\\\/allasorias.hu\\\/hirek\\\/author\\\/admin-allasorias\\\/#author\"},\"publisher\":{\"@id\":\"https:\\\/\\\/allasorias.hu\\\/hirek\\\/#organization\"},\"image\":{\"@type\":\"ImageObject\",\"url\":\"https:\\\/\\\/allasorias.hu\\\/hirek\\\/wp-content\\\/uploads\\\/2023\\\/01\\\/Sport-osztondij.jpg\",\"width\":1280,\"height\":853,\"caption\":\"\\u00d6szt\\u00f6nd\\u00edj programmal seg\\u00edtik a sportol\\u00f3kat a munkaer\\u0151piacon - Allasorias.hu\\\/Hirek\"},\"datePublished\":\"2023-01-06T08:38:33+02:00\",\"dateModified\":\"2025-05-13T13:39:19+02:00\",\"inLanguage\":\"hu-HU\",\"mainEntityOfPage\":{\"@id\":\"https:\\\/\\\/allasorias.hu\\\/hirek\\\/osztondij-programmal-segitik-a-sportolokat-a-munkaeropiacon\\\/#webpage\"},\"isPartOf\":{\"@id\":\"https:\\\/\\\/allasorias.hu\\\/hirek\\\/osztondij-programmal-segitik-a-sportolokat-a-munkaeropiacon\\\/#webpage\"},\"articleSection\":\"Munkaer\\u0151piac, \\u00f6szt\\u00f6nd\\u00edj program, sportol\\u00f3k\"},{\"@type\":\"BreadcrumbList\",\"@id\":\"https:\\\/\\\/allasorias.hu\\\/hirek\\\/osztondij-programmal-segitik-a-sportolokat-a-munkaeropiacon\\\/#breadcrumblist\",\"itemListElement\":[{\"@type\":\"ListItem\",\"@id\":\"https:\\\/\\\/allasorias.hu\\\/hirek#listItem\",\"position\":1,\"name\":\"Home\",\"item\":\"https:\\\/\\\/allasorias.hu\\\/hirek\",\"nextItem\":{\"@type\":\"ListItem\",\"@id\":\"https:\\\/\\\/allasorias.hu\\\/hirek\\\/temak\\\/munkaeropiac\\\/#listItem\",\"name\":\"Munkaer\\u0151piac\"}},{\"@type\":\"ListItem\",\"@id\":\"https:\\\/\\\/allasorias.hu\\\/hirek\\\/temak\\\/munkaeropiac\\\/#listItem\",\"position\":2,\"name\":\"Munkaer\\u0151piac\",\"item\":\"https:\\\/\\\/allasorias.hu\\\/hirek\\\/temak\\\/munkaeropiac\\\/\",\"nextItem\":{\"@type\":\"ListItem\",\"@id\":\"https:\\\/\\\/allasorias.hu\\\/hirek\\\/osztondij-programmal-segitik-a-sportolokat-a-munkaeropiacon\\\/#listItem\",\"name\":\"\\u00d6szt\\u00f6nd\\u00edj programmal seg\\u00edtik a sportol\\u00f3kat a munkaer\\u0151piacon\"},\"previousItem\":{\"@type\":\"ListItem\",\"@id\":\"https:\\\/\\\/allasorias.hu\\\/hirek#listItem\",\"name\":\"Home\"}},{\"@type\":\"ListItem\",\"@id\":\"https:\\\/\\\/allasorias.hu\\\/hirek\\\/osztondij-programmal-segitik-a-sportolokat-a-munkaeropiacon\\\/#listItem\",\"position\":3,\"name\":\"\\u00d6szt\\u00f6nd\\u00edj programmal seg\\u00edtik a sportol\\u00f3kat a munkaer\\u0151piacon\",\"previousItem\":{\"@type\":\"ListItem\",\"@id\":\"https:\\\/\\\/allasorias.hu\\\/hirek\\\/temak\\\/munkaeropiac\\\/#listItem\",\"name\":\"Munkaer\\u0151piac\"}}]},{\"@type\":\"Organization\",\"@id\":\"https:\\\/\\\/allasorias.hu\\\/hirek\\\/#organization\",\"name\":\"AllasOrias.hu | H\\u00edrek-lapszemle\",\"description\":\"\\u00dczleti h\\u00edrek az \\u00e1ll\\u00e1s \\u00e9s a munka vil\\u00e1g\\u00e1b\\u00f3l\",\"url\":\"https:\\\/\\\/allasorias.hu\\\/hirek\\\/\",\"logo\":{\"@type\":\"ImageObject\",\"url\":\"https:\\\/\\\/allasorias.hu\\\/hirek\\\/wp-content\\\/uploads\\\/2022\\\/10\\\/allasorias_site_facebok_logo.png\",\"@id\":\"https:\\\/\\\/allasorias.hu\\\/hirek\\\/osztondij-programmal-segitik-a-sportolokat-a-munkaeropiacon\\\/#organizationLogo\"},\"image\":{\"@id\":\"https:\\\/\\\/allasorias.hu\\\/hirek\\\/osztondij-programmal-segitik-a-sportolokat-a-munkaeropiacon\\\/#organizationLogo\"},\"sameAs\":[\"https:\\\/\\\/www.facebook.com\\\/allasorias\",\"https:\\\/\\\/www.linkedin.com\\\/company\\\/allasorias\"]},{\"@type\":\"Person\",\"@id\":\"https:\\\/\\\/allasorias.hu\\\/hirek\\\/author\\\/admin-allasorias\\\/#author\",\"url\":\"https:\\\/\\\/allasorias.hu\\\/hirek\\\/author\\\/admin-allasorias\\\/\",\"name\":\"Juh\\u00e1sz P\\u00e9ter\",\"image\":{\"@type\":\"ImageObject\",\"@id\":\"https:\\\/\\\/allasorias.hu\\\/hirek\\\/osztondij-programmal-segitik-a-sportolokat-a-munkaeropiacon\\\/#authorImage\",\"url\":\"https:\\\/\\\/secure.gravatar.com\\\/avatar\\\/36e6bcb83148978b992977cb0f54d22feb0cce8a0a849a9410532bb2623ba4c6?s=96&d=mm&r=g\",\"width\":96,\"height\":96,\"caption\":\"Juh\\u00e1sz P\\u00e9ter\"}},{\"@type\":\"WebPage\",\"@id\":\"https:\\\/\\\/allasorias.hu\\\/hirek\\\/osztondij-programmal-segitik-a-sportolokat-a-munkaeropiacon\\\/#webpage\",\"url\":\"https:\\\/\\\/allasorias.hu\\\/hirek\\\/osztondij-programmal-segitik-a-sportolokat-a-munkaeropiacon\\\/\",\"name\":\"Sportol\\u00f3knak \\u00f6szt\\u00f6nd\\u00edj seg\\u00edti a munkav\\u00e1llal\\u00e1st\",\"description\":\"Egy alap\\u00edtv\\u00e1ny seg\\u00edti a sportol\\u00f3kat az \\u00f6nk\\u00e9pz\\u00e9sben \\u00e9s a tanul\\u00e1sban. C\\u00e9ljuk, hogy a sporttehets\\u00e9gek sikeresen szerepeljenek a munka vil\\u00e1g\\u00e1ban.\",\"inLanguage\":\"hu-HU\",\"isPartOf\":{\"@id\":\"https:\\\/\\\/allasorias.hu\\\/hirek\\\/#website\"},\"breadcrumb\":{\"@id\":\"https:\\\/\\\/allasorias.hu\\\/hirek\\\/osztondij-programmal-segitik-a-sportolokat-a-munkaeropiacon\\\/#breadcrumblist\"},\"author\":{\"@id\":\"https:\\\/\\\/allasorias.hu\\\/hirek\\\/author\\\/admin-allasorias\\\/#author\"},\"creator\":{\"@id\":\"https:\\\/\\\/allasorias.hu\\\/hirek\\\/author\\\/admin-allasorias\\\/#author\"},\"image\":{\"@type\":\"ImageObject\",\"url\":\"https:\\\/\\\/allasorias.hu\\\/hirek\\\/wp-content\\\/uploads\\\/2023\\\/01\\\/Sport-osztondij.jpg\",\"@id\":\"https:\\\/\\\/allasorias.hu\\\/hirek\\\/osztondij-programmal-segitik-a-sportolokat-a-munkaeropiacon\\\/#mainImage\",\"width\":1280,\"height\":853,\"caption\":\"\\u00d6szt\\u00f6nd\\u00edj programmal seg\\u00edtik a sportol\\u00f3kat a munkaer\\u0151piacon - Allasorias.hu\\\/Hirek\"},\"primaryImageOfPage\":{\"@id\":\"https:\\\/\\\/allasorias.hu\\\/hirek\\\/osztondij-programmal-segitik-a-sportolokat-a-munkaeropiacon\\\/#mainImage\"},\"datePublished\":\"2023-01-06T08:38:33+02:00\",\"dateModified\":\"2025-05-13T13:39:19+02:00\"},{\"@type\":\"WebSite\",\"@id\":\"https:\\\/\\\/allasorias.hu\\\/hirek\\\/#website\",\"url\":\"https:\\\/\\\/allasorias.hu\\\/hirek\\\/\",\"name\":\"AllasOrias.hu | H\\u00edrek-lapszemle\",\"description\":\"\\u00dczleti h\\u00edrek az \\u00e1ll\\u00e1s \\u00e9s a munka vil\\u00e1g\\u00e1b\\u00f3l\",\"inLanguage\":\"hu-HU\",\"publisher\":{\"@id\":\"https:\\\/\\\/allasorias.hu\\\/hirek\\\/#organization\"}}]}\n\t\t<\/script>\n\t\t<!-- All in One SEO -->\n\n","aioseo_head_json":{"title":"Sportol\u00f3knak \u00f6szt\u00f6nd\u00edj seg\u00edti a munkav\u00e1llal\u00e1st","description":"Egy alap\u00edtv\u00e1ny seg\u00edti a sportol\u00f3kat az \u00f6nk\u00e9pz\u00e9sben \u00e9s a tanul\u00e1sban. C\u00e9ljuk, hogy a sporttehets\u00e9gek sikeresen szerepeljenek a munka vil\u00e1g\u00e1ban.","canonical_url":"https:\/\/allasorias.hu\/hirek\/osztondij-programmal-segitik-a-sportolokat-a-munkaeropiacon\/","robots":"max-image-preview:large","keywords":"\u00f6szt\u00f6nd\u00edj program,sportol\u00f3k","webmasterTools":{"miscellaneous":""},"schema":{"@context":"https:\/\/schema.org","@graph":[{"@type":"Article","@id":"https:\/\/allasorias.hu\/hirek\/osztondij-programmal-segitik-a-sportolokat-a-munkaeropiacon\/#article","name":"Sportol\u00f3knak \u00f6szt\u00f6nd\u00edj seg\u00edti a munkav\u00e1llal\u00e1st","headline":"\u00d6szt\u00f6nd\u00edj programmal seg\u00edtik a sportol\u00f3kat a munkaer\u0151piacon","author":{"@id":"https:\/\/allasorias.hu\/hirek\/author\/admin-allasorias\/#author"},"publisher":{"@id":"https:\/\/allasorias.hu\/hirek\/#organization"},"image":{"@type":"ImageObject","url":"https:\/\/allasorias.hu\/hirek\/wp-content\/uploads\/2023\/01\/Sport-osztondij.jpg","width":1280,"height":853,"caption":"\u00d6szt\u00f6nd\u00edj programmal seg\u00edtik a sportol\u00f3kat a munkaer\u0151piacon - Allasorias.hu\/Hirek"},"datePublished":"2023-01-06T08:38:33+02:00","dateModified":"2025-05-13T13:39:19+02:00","inLanguage":"hu-HU","mainEntityOfPage":{"@id":"https:\/\/allasorias.hu\/hirek\/osztondij-programmal-segitik-a-sportolokat-a-munkaeropiacon\/#webpage"},"isPartOf":{"@id":"https:\/\/allasorias.hu\/hirek\/osztondij-programmal-segitik-a-sportolokat-a-munkaeropiacon\/#webpage"},"articleSection":"Munkaer\u0151piac, \u00f6szt\u00f6nd\u00edj program, sportol\u00f3k"},{"@type":"BreadcrumbList","@id":"https:\/\/allasorias.hu\/hirek\/osztondij-programmal-segitik-a-sportolokat-a-munkaeropiacon\/#breadcrumblist","itemListElement":[{"@type":"ListItem","@id":"https:\/\/allasorias.hu\/hirek#listItem","position":1,"name":"Home","item":"https:\/\/allasorias.hu\/hirek","nextItem":{"@type":"ListItem","@id":"https:\/\/allasorias.hu\/hirek\/temak\/munkaeropiac\/#listItem","name":"Munkaer\u0151piac"}},{"@type":"ListItem","@id":"https:\/\/allasorias.hu\/hirek\/temak\/munkaeropiac\/#listItem","position":2,"name":"Munkaer\u0151piac","item":"https:\/\/allasorias.hu\/hirek\/temak\/munkaeropiac\/","nextItem":{"@type":"ListItem","@id":"https:\/\/allasorias.hu\/hirek\/osztondij-programmal-segitik-a-sportolokat-a-munkaeropiacon\/#listItem","name":"\u00d6szt\u00f6nd\u00edj programmal seg\u00edtik a sportol\u00f3kat a munkaer\u0151piacon"},"previousItem":{"@type":"ListItem","@id":"https:\/\/allasorias.hu\/hirek#listItem","name":"Home"}},{"@type":"ListItem","@id":"https:\/\/allasorias.hu\/hirek\/osztondij-programmal-segitik-a-sportolokat-a-munkaeropiacon\/#listItem","position":3,"name":"\u00d6szt\u00f6nd\u00edj programmal seg\u00edtik a sportol\u00f3kat a munkaer\u0151piacon","previousItem":{"@type":"ListItem","@id":"https:\/\/allasorias.hu\/hirek\/temak\/munkaeropiac\/#listItem","name":"Munkaer\u0151piac"}}]},{"@type":"Organization","@id":"https:\/\/allasorias.hu\/hirek\/#organization","name":"AllasOrias.hu | H\u00edrek-lapszemle","description":"\u00dczleti h\u00edrek az \u00e1ll\u00e1s \u00e9s a munka vil\u00e1g\u00e1b\u00f3l","url":"https:\/\/allasorias.hu\/hirek\/","logo":{"@type":"ImageObject","url":"https:\/\/allasorias.hu\/hirek\/wp-content\/uploads\/2022\/10\/allasorias_site_facebok_logo.png","@id":"https:\/\/allasorias.hu\/hirek\/osztondij-programmal-segitik-a-sportolokat-a-munkaeropiacon\/#organizationLogo"},"image":{"@id":"https:\/\/allasorias.hu\/hirek\/osztondij-programmal-segitik-a-sportolokat-a-munkaeropiacon\/#organizationLogo"},"sameAs":["https:\/\/www.facebook.com\/allasorias","https:\/\/www.linkedin.com\/company\/allasorias"]},{"@type":"Person","@id":"https:\/\/allasorias.hu\/hirek\/author\/admin-allasorias\/#author","url":"https:\/\/allasorias.hu\/hirek\/author\/admin-allasorias\/","name":"Juh\u00e1sz P\u00e9ter","image":{"@type":"ImageObject","@id":"https:\/\/allasorias.hu\/hirek\/osztondij-programmal-segitik-a-sportolokat-a-munkaeropiacon\/#authorImage","url":"https:\/\/secure.gravatar.com\/avatar\/36e6bcb83148978b992977cb0f54d22feb0cce8a0a849a9410532bb2623ba4c6?s=96&d=mm&r=g","width":96,"height":96,"caption":"Juh\u00e1sz P\u00e9ter"}},{"@type":"WebPage","@id":"https:\/\/allasorias.hu\/hirek\/osztondij-programmal-segitik-a-sportolokat-a-munkaeropiacon\/#webpage","url":"https:\/\/allasorias.hu\/hirek\/osztondij-programmal-segitik-a-sportolokat-a-munkaeropiacon\/","name":"Sportol\u00f3knak \u00f6szt\u00f6nd\u00edj seg\u00edti a munkav\u00e1llal\u00e1st","description":"Egy alap\u00edtv\u00e1ny seg\u00edti a sportol\u00f3kat az \u00f6nk\u00e9pz\u00e9sben \u00e9s a tanul\u00e1sban. C\u00e9ljuk, hogy a sporttehets\u00e9gek sikeresen szerepeljenek a munka vil\u00e1g\u00e1ban.","inLanguage":"hu-HU","isPartOf":{"@id":"https:\/\/allasorias.hu\/hirek\/#website"},"breadcrumb":{"@id":"https:\/\/allasorias.hu\/hirek\/osztondij-programmal-segitik-a-sportolokat-a-munkaeropiacon\/#breadcrumblist"},"author":{"@id":"https:\/\/allasorias.hu\/hirek\/author\/admin-allasorias\/#author"},"creator":{"@id":"https:\/\/allasorias.hu\/hirek\/author\/admin-allasorias\/#author"},"image":{"@type":"ImageObject","url":"https:\/\/allasorias.hu\/hirek\/wp-content\/uploads\/2023\/01\/Sport-osztondij.jpg","@id":"https:\/\/allasorias.hu\/hirek\/osztondij-programmal-segitik-a-sportolokat-a-munkaeropiacon\/#mainImage","width":1280,"height":853,"caption":"\u00d6szt\u00f6nd\u00edj programmal seg\u00edtik a sportol\u00f3kat a munkaer\u0151piacon - Allasorias.hu\/Hirek"},"primaryImageOfPage":{"@id":"https:\/\/allasorias.hu\/hirek\/osztondij-programmal-segitik-a-sportolokat-a-munkaeropiacon\/#mainImage"},"datePublished":"2023-01-06T08:38:33+02:00","dateModified":"2025-05-13T13:39:19+02:00"},{"@type":"WebSite","@id":"https:\/\/allasorias.hu\/hirek\/#website","url":"https:\/\/allasorias.hu\/hirek\/","name":"AllasOrias.hu | H\u00edrek-lapszemle","description":"\u00dczleti h\u00edrek az \u00e1ll\u00e1s \u00e9s a munka vil\u00e1g\u00e1b\u00f3l","inLanguage":"hu-HU","publisher":{"@id":"https:\/\/allasorias.hu\/hirek\/#organization"}}]},"og:locale":"hu_HU","og:site_name":"AllasOrias.hu | H\u00edrek-lapszemle | \u00dczleti h\u00edrek az \u00e1ll\u00e1s \u00e9s a munka vil\u00e1g\u00e1b\u00f3l","og:type":"article","og:title":"Sportol\u00f3knak \u00f6szt\u00f6nd\u00edj seg\u00edti a munkav\u00e1llal\u00e1st","og:description":"Egy alap\u00edtv\u00e1ny seg\u00edti a sportol\u00f3kat az \u00f6nk\u00e9pz\u00e9sben \u00e9s a tanul\u00e1sban. C\u00e9ljuk, hogy a sporttehets\u00e9gek sikeresen szerepeljenek a munka vil\u00e1g\u00e1ban.","og:url":"https:\/\/allasorias.hu\/hirek\/osztondij-programmal-segitik-a-sportolokat-a-munkaeropiacon\/","og:image":"https:\/\/allasorias.hu\/hirek\/wp-content\/uploads\/2023\/01\/Sport-osztondij.jpg","og:image:secure_url":"https:\/\/allasorias.hu\/hirek\/wp-content\/uploads\/2023\/01\/Sport-osztondij.jpg","og:image:width":1280,"og:image:height":853,"article:published_time":"2023-01-06T08:38:33+00:00","article:modified_time":"2025-05-13T11:39:19+00:00","article:publisher":"https:\/\/www.facebook.com\/allasorias","twitter:card":"summary_large_image","twitter:title":"Sportol\u00f3knak \u00f6szt\u00f6nd\u00edj seg\u00edti a munkav\u00e1llal\u00e1st","twitter:description":"Egy alap\u00edtv\u00e1ny seg\u00edti a sportol\u00f3kat az \u00f6nk\u00e9pz\u00e9sben \u00e9s a tanul\u00e1sban. C\u00e9ljuk, hogy a sporttehets\u00e9gek sikeresen szerepeljenek a munka vil\u00e1g\u00e1ban.","twitter:image":"https:\/\/allasorias.hu\/hirek\/wp-content\/uploads\/2023\/01\/Sport-osztondij.jpg","twitter:label1":"Written by","twitter:data1":"Juh\u00e1sz P\u00e9ter","twitter:label2":"Est. reading time","twitter:data2":"2 minutes"},"aioseo_meta_data":{"post_id":"6125","title":"Sportol\u00f3knak \u00f6szt\u00f6nd\u00edj seg\u00edti a munkav\u00e1llal\u00e1st","description":"Egy alap\u00edtv\u00e1ny seg\u00edti a sportol\u00f3kat az \u00f6nk\u00e9pz\u00e9sben \u00e9s a tanul\u00e1sban. C\u00e9ljuk, hogy a sporttehets\u00e9gek sikeresen szerepeljenek a munka vil\u00e1g\u00e1ban.","keywords":null,"keyphrases":{"focus":{"keyphrase":"\u00f6szt\u00f6nd\u00edj","score":70,"analysis":{"keyphraseInTitle":{"score":9,"maxScore":9,"error":0},"keyphraseInDescription":{"score":3,"maxScore":9,"error":1},"keyphraseLength":{"score":9,"maxScore":9,"error":0,"length":3},"keyphraseInURL":{"score":5,"maxScore":5,"error":0},"keyphraseInIntroduction":{"score":9,"maxScore":9,"error":0},"keyphraseInSubHeadings":[],"keyphraseInImageAlt":[],"keywordDensity":{"type":"high","score":0,"maxScore":9,"error":1}}},"additional":[]},"primary_term":null,"canonical_url":null,"og_title":null,"og_description":null,"og_object_type":"default","og_image_type":"default","og_image_url":null,"og_image_width":null,"og_image_height":null,"og_image_custom_url":null,"og_image_custom_fields":null,"og_video":"","og_custom_url":null,"og_article_section":null,"og_article_tags":null,"twitter_use_og":true,"twitter_card":"default","twitter_image_type":"default","twitter_image_url":null,"twitter_image_custom_url":null,"twitter_image_custom_fields":null,"twitter_title":null,"twitter_description":null,"schema":{"blockGraphs":[],"customGraphs":[],"default":{"data":{"Article":[],"Course":[],"Dataset":[],"FAQPage":[],"Movie":[],"Person":[],"Product":[],"ProductReview":[],"Car":[],"Recipe":[],"Service":[],"SoftwareApplication":[],"WebPage":[]},"graphName":"Article","isEnabled":true},"graphs":[]},"schema_type":"default","schema_type_options":null,"pillar_content":false,"robots_default":true,"robots_noindex":false,"robots_noarchive":false,"robots_nosnippet":false,"robots_nofollow":false,"robots_noimageindex":false,"robots_noodp":false,"robots_notranslate":false,"robots_max_snippet":"-1","robots_max_videopreview":"-1","robots_max_imagepreview":"large","priority":null,"frequency":"default","location":null,"local_seo":null,"breadcrumb_settings":null,"limit_modified_date":false,"ai":null,"created":"2023-01-06 08:16:46","updated":"2025-10-02 17:56:34","seo_analyzer_scan_date":null,"focus_keyword":"\u00f6szt\u00f6nd\u00edj","additional_keywords":null,"truseo_locale":null},"aioseo_breadcrumb":"<div class=\"aioseo-breadcrumbs\"><span class=\"aioseo-breadcrumb\">\n\t\t\t<a href=\"https:\/\/allasorias.hu\/hirek\" title=\"Home\">Home<\/a>\n\t\t<\/span><span class=\"aioseo-breadcrumb-separator\">&raquo;<\/span><span class=\"aioseo-breadcrumb\">\n\t\t\t<a href=\"https:\/\/allasorias.hu\/hirek\/temak\/munkaeropiac\/\" title=\"Munkaer\u0151piac\">Munkaer\u0151piac<\/a>\n\t\t<\/span><span class=\"aioseo-breadcrumb-separator\">&raquo;<\/span><span class=\"aioseo-breadcrumb\">\n\t\t\t\u00d6szt\u00f6nd\u00edj programmal seg\u00edtik a sportol\u00f3kat a munkaer\u0151piacon\n\t\t<\/span><\/div>","aioseo_breadcrumb_json":[{"label":"Home","link":"https:\/\/allasorias.hu\/hirek"},{"label":"Munkaer\u0151piac","link":"https:\/\/allasorias.hu\/hirek\/temak\/munkaeropiac\/"},{"label":"\u00d6szt\u00f6nd\u00edj programmal seg\u00edtik a sportol\u00f3kat a munkaer\u0151piacon","link":"https:\/\/allasorias.hu\/hirek\/osztondij-programmal-segitik-a-sportolokat-a-munkaeropiacon\/"}],"_links":{"self":[{"href":"https:\/\/allasorias.hu\/hirek\/wp-json\/wp\/v2\/posts\/6125","targetHints":{"allow":["GET"]}}],"collection":[{"href":"https:\/\/allasorias.hu\/hirek\/wp-json\/wp\/v2\/posts"}],"about":[{"href":"https:\/\/allasorias.hu\/hirek\/wp-json\/wp\/v2\/types\/post"}],"author":[{"embeddable":true,"href":"https:\/\/allasorias.hu\/hirek\/wp-json\/wp\/v2\/users\/1"}],"replies":[{"embeddable":true,"href":"https:\/\/allasorias.hu\/hirek\/wp-json\/wp\/v2\/comments?post=6125"}],"version-history":[{"count":1,"href":"https:\/\/allasorias.hu\/hirek\/wp-json\/wp\/v2\/posts\/6125\/revisions"}],"predecessor-version":[{"id":6127,"href":"https:\/\/allasorias.hu\/hirek\/wp-json\/wp\/v2\/posts\/6125\/revisions\/6127"}],"wp:featuredmedia":[{"embeddable":true,"href":"https:\/\/allasorias.hu\/hirek\/wp-json\/wp\/v2\/media\/6126"}],"wp:attachment":[{"href":"https:\/\/allasorias.hu\/hirek\/wp-json\/wp\/v2\/media?parent=6125"}],"wp:term":[{"taxonomy":"category","embeddable":true,"href":"https:\/\/allasorias.hu\/hirek\/wp-json\/wp\/v2\/categories?post=6125"},{"taxonomy":"post_tag","embeddable":true,"href":"https:\/\/allasorias.hu\/hirek\/wp-json\/wp\/v2\/tags?post=6125"}],"curies":[{"name":"wp","href":"https:\/\/api.w.org\/{rel}","templated":true}]}}