{"id":6121,"date":"2023-01-05T14:56:44","date_gmt":"2023-01-05T14:56:44","guid":{"rendered":"https:\/\/allasorias.hu\/hirek\/?p=6121"},"modified":"2023-01-05T15:01:00","modified_gmt":"2023-01-05T15:01:00","slug":"jovobeni-tendencia-magyarorszagon","status":"publish","type":"post","link":"https:\/\/allasorias.hu\/hirek\/jovobeni-tendencia-magyarorszagon\/","title":{"rendered":"J\u00f6v\u0151beni tendencia Magyarorsz\u00e1gon"},"content":{"rendered":"<p><strong>Az elk\u00f6vetkez\u0151 huszon\u00f6t-harminc \u00e9vben sz\u00e1mos negat\u00edv tendencia hat a magyar t\u00e1rsadalomra is. A visegr\u00e1di orsz\u00e1gokra ugyanez lesz a jellemz\u0151. Kutat\u00f3k t\u00f6bb tendenci\u00e1t vizsg\u00e1ltak \u00e9s \u00f6sszegezt\u00e9k a tapasztalatokat. <\/strong><\/p>\n<p>A t\u00e1rsadalmi polariz\u00e1ci\u00f3, az energetikai \u00e1tmenet, a t\u00e1v- \u00e9s hibrid munka hozz\u00e1f\u00e9rhet\u0151s\u00e9ge a munkaer\u0151piacon, a mesters\u00e9ges intelligencia az eg\u00e9szs\u00e9g\u00fcgyben, a kibert\u00e1mad\u00e1soknak val\u00f3 kitetts\u00e9g \u00e9s a ment\u00e1lis probl\u00e9m\u00e1k gyakoris\u00e1ga jelent\u0151s hat\u00e1st gyakorolnak a visegr\u00e1di orsz\u00e1gok, azon bel\u00fcl pedig Magyarorsz\u00e1g fejl\u0151d\u00e9s\u00e9re 2030-ig. Tov\u00e1bbi h\u00e1rom t\u00e1rsadalmi folyamat alakul\u00e1sa kritikus lehet a vizsg\u00e1lt id\u0151szakban, ezek pedig a f\u00e9lret\u00e1j\u00e9koztat\u00e1s, az \u00f6sszeesk\u00fcv\u00e9s-elm\u00e9letek terjed\u00e9se, valamint az oktat\u00e1s min\u0151s\u00e9ge \u2013 der\u00fcl ki egy nemzetk\u00f6zi kutat\u00e1sb\u00f3l, amely a visegr\u00e1di orsz\u00e1gok covidj\u00e1rv\u00e1ny ut\u00e1ni helyre\u00e1ll\u00edt\u00e1si lehet\u0151s\u00e9geit vizsg\u00e1lta.<\/p>\n<h2>Visegr\u00e1di orsz\u00e1gok<\/h2>\n<p>A cseh, lengyel \u00e9s szlov\u00e1k t\u00e1rsadalomkutat\u00f3kkal k\u00f6z\u00f6sen v\u00e9gzett kutat\u00e1sban Magyarorsz\u00e1gr\u00f3l a Budapesti Corvinus Egyetem kutat\u00f3i vettek r\u00e9szt. A t\u00e1rsadalomtud\u00f3sok 14 t\u00e1rsadalmi trend hat\u00e1sait vizsg\u00e1lt\u00e1k, ezek k\u00f6z\u00fcl jel\u00f6lt\u00e9k meg azokat, amelyek a t\u00e9rs\u00e9g orsz\u00e1gainak t\u00e1rsadalmi folyamataira jelent\u0151s hat\u00e1st gyakorolnak. A tavaly novemberben z\u00e1rult kutat\u00e1sban 14 kulcsfontoss\u00e1g\u00fa tendenci\u00e1t, valamint az ezek fejl\u0151d\u00e9s\u00e9t befoly\u00e1sol\u00f3 t\u00e9nyez\u0151ket azonos\u00edtott\u00e1k a geopolitika, a gazdas\u00e1g, a technol\u00f3gia, a k\u00f6rnyezet, a t\u00e1rsadalom, az oktat\u00e1s \u00e9s az eg\u00e9szs\u00e9g\u00fcgy ter\u00fclet\u00e9n. Ezut\u00e1n a kutat\u00e1sban r\u00e9sztvev\u0151 n\u00e9gy visegr\u00e1di orsz\u00e1g bels\u0151 \u00e9rintett csoportjai, valamint m\u00e1s eur\u00f3pai orsz\u00e1gok j\u00f6v\u0151kutat\u00f3 szak\u00e9rt\u0151i \u00e9rt\u00e9kelt\u00e9k a felt\u00e1rt tendenci\u00e1k \u00e9s t\u00e9nyez\u0151k hat\u00e1s\u00e1t a V4-es r\u00e9gi\u00f3 fenntarthat\u00f3s\u00e1g\u00e1ra.<\/p>\n<p>A vizsg\u00e1latban, amelynek teljes anyag\u00e1t m\u00e9g nem publik\u00e1lt\u00e1k, de a kutat\u00e1s eredm\u00e9nyeit r\u00f6viden m\u00e1r ismertett\u00e9k, h\u00e1rom olyan forgat\u00f3k\u00f6nyvet vettek alapul, amelyek az Eur\u00f3pai Uni\u00f3 j\u00f6v\u0151j\u00e9t voltak hivatottak modellezni, \u00e9s amelyben az EU strat\u00e9giai c\u00e9ljai k\u00fcl\u00f6nb\u00f6z\u0151 m\u00e9rt\u00e9kben teljes\u00fclnek. A kutat\u00f3k azt akart\u00e1k kider\u00edteni, hogyan tudn\u00e1nak sikeresen alkalmazkodni a v\u00e1ltoz\u00f3 k\u00f6r\u00fclm\u00e9nyekhez a vizsg\u00e1lt orsz\u00e1gok a k\u00fcls\u0151 kih\u00edv\u00e1sokt\u00f3l f\u00fcggetlen\u00fcl. A vizsg\u00e1lat eredm\u00e9nyei alapj\u00e1n megfogalmazott aj\u00e1nl\u00e1sokat mind a magyar korm\u00e1nynak, mind a Magyar Tudom\u00e1nyos Akad\u00e9mia eln\u00f6ks\u00e9g\u00e9nek elk\u00fcldt\u00e9k, \u00edrt\u00e1k a BCE sajt\u00f3k\u00f6zlem\u00e9ny\u00e9ben. A vizsg\u00e1lat szerint a visegr\u00e1di orsz\u00e1gokban tapasztalhat\u00f3 negat\u00edv trendek l\u00e9nyegesen er\u0151sebbek, mint az esetleges pozit\u00edvumok, ez\u00e9rt ezek megf\u00e9kez\u00e9se n\u00e9lk\u00fcl az \u00e9rintett orsz\u00e1gokban nemigen lehet sikeres fenntarthat\u00f3s\u00e1gi ir\u00e1nyelveket \u00e9letbe l\u00e9ptetni.<\/p>\n<h2>Kapcsolat \u00e9s p\u00e1rbesz\u00e9d<\/h2>\n<p>A kutat\u00f3k szerint halad\u00e9ktalanul jav\u00edtani kellene a politikai d\u00f6nt\u00e9shoz\u00f3k \u00e9s a polg\u00e1rok k\u00f6z\u00f6tti kapcsolatot \u00e9s p\u00e1rbesz\u00e9det, biztos\u00edtani kellene a f\u00fcggetlen, hiteles tartalmakat k\u00f6zl\u0151, sz\u00e9les t\u00e1rsadalmi r\u00e9tegeket megsz\u00f3l\u00edt\u00f3 m\u00e9di\u00e1t, a kritikus gondolkod\u00e1s, a t\u00e1rsadalmi tudatoss\u00e1g \u00e9s a j\u00f6v\u0151be mutat\u00f3 tervez\u00e9s fejleszt\u00e9s\u00e9t biztos\u00edt\u00f3 oktat\u00e1si rendszert kellene ki\u00e9p\u00edteni. A kutat\u00f3k hangs\u00falyozt\u00e1k, hogy a szoci\u00e1lis, technol\u00f3giai, gazdas\u00e1gi \u00e9s politikai fejleszt\u00e9seket \u00f6sszehangoltan kell megval\u00f3s\u00edtani, ennek \u00e9rdek\u00e9ben szerint\u00fck p\u00e9ld\u00e1ul a t\u00e1rsadalmi j\u00f3ll\u00e9tet el\u0151mozd\u00edt\u00f3 term\u00e9keket \u00e9s szolg\u00e1ltat\u00e1sokat k\u00edn\u00e1l\u00f3 v\u00e1llalatokat kellene t\u00e1mogatni, vagy halad\u00e9ktalanul szab\u00e1lyozni kellene a t\u00e1vmunka jogi kereteit. A tanulm\u00e1ny szerz\u0151i hasznosnak l\u00e1tn\u00e1k egy t\u00e1rcak\u00f6zi \u00e9s interdiszciplin\u00e1ris, a covidj\u00e1rv\u00e1ny ut\u00e1ni t\u00e1rsadalmi helyre\u00e1ll\u00edt\u00e1ssal foglalkoz\u00f3 munkacsoport l\u00e9trehoz\u00e1s\u00e1t. Azt is javasolj\u00e1k, hogy a visegr\u00e1di orsz\u00e1gok k\u00f6z\u00f6s region\u00e1lis oktat\u00e1spolitik\u00e1val er\u0151s\u00edts\u00e9k a saj\u00e1t oktat\u00e1si rendszereiket. A kutat\u00e1s f\u0151bb eredm\u00e9nyeir\u0151l\u00a0 konferenciael\u0151ad\u00e1sban is besz\u00e1moltak.<\/p>\n<p>Forr\u00e1s: <a href=\"https:\/\/qubit.hu\/2023\/01\/03\/a-negativ-trendek-mindennel-erosebben-befolyasoljak-a-magyar-tarsadalom-jovojet\" target=\"_blank\" rel=\"nofollow noopener\">qubit.hu<\/a><\/p>\n","protected":false},"excerpt":{"rendered":"<p>Az elk\u00f6vetkez\u0151 huszon\u00f6t-harminc \u00e9vben sz\u00e1mos negat\u00edv tendencia hat a magyar t\u00e1rsadalomra is. A visegr\u00e1di orsz\u00e1gokra ugyanez lesz a jellemz\u0151. Kutat\u00f3k t\u00f6bb tendenci\u00e1t vizsg\u00e1ltak \u00e9s \u00f6sszegezt\u00e9k a tapasztalatokat. A t\u00e1rsadalmi polariz\u00e1ci\u00f3, az energetikai \u00e1tmenet, a t\u00e1v- \u00e9s hibrid munka hozz\u00e1f\u00e9rhet\u0151s\u00e9ge a munkaer\u0151piacon, a mesters\u00e9ges intelligencia az eg\u00e9szs\u00e9g\u00fcgyben, a kibert\u00e1mad\u00e1soknak val\u00f3 kitetts\u00e9g \u00e9s a ment\u00e1lis probl\u00e9m\u00e1k gyakoris\u00e1ga [&hellip;]<\/p>\n","protected":false},"author":1,"featured_media":6124,"comment_status":"open","ping_status":"open","sticky":false,"template":"","format":"standard","meta":{"_monsterinsights_skip_tracking":false,"footnotes":""},"categories":[198],"tags":[331,332],"class_list":["post-6121","post","type-post","status-publish","format-standard","has-post-thumbnail","hentry","category-gazdasag","tag-tendencia","tag-visegradi-orszagok"],"aioseo_notices":[],"aioseo_head":"\n\t\t<!-- All in One SEO 5.0.0.1 - aioseo.com -->\n\t<meta name=\"description\" content=\"Az elk\u00f6vetkez\u0151 huszon\u00f6t-harminc \u00e9vben sz\u00e1mos negat\u00edv tendencia hat a magyar t\u00e1rsadalomra is. A visegr\u00e1di orsz\u00e1gokra ugyanez lesz a jellemz\u0151.\" \/>\n\t<meta name=\"robots\" content=\"max-image-preview:large\" \/>\n\t<meta name=\"author\" content=\"Juh\u00e1sz P\u00e9ter\"\/>\n\t<meta name=\"keywords\" content=\"tendencia,visegr\u00e1di orsz\u00e1gok\" \/>\n\t<link rel=\"canonical\" href=\"https:\/\/allasorias.hu\/hirek\/jovobeni-tendencia-magyarorszagon\/\" \/>\n\t<meta name=\"generator\" content=\"All in One SEO (AIOSEO) 5.0.0.1\" \/>\n\t\t<meta property=\"og:locale\" content=\"hu_HU\" \/>\n\t\t<meta property=\"og:site_name\" content=\"AllasOrias.hu | H\u00edrek-lapszemle | \u00dczleti h\u00edrek az \u00e1ll\u00e1s \u00e9s a munka vil\u00e1g\u00e1b\u00f3l\" \/>\n\t\t<meta property=\"og:type\" content=\"article\" \/>\n\t\t<meta property=\"og:title\" content=\"J\u00f6v\u0151beni tendencia Magyarorsz\u00e1gon | Allasorias.hu\/Hirek\" \/>\n\t\t<meta property=\"og:description\" content=\"Az elk\u00f6vetkez\u0151 huszon\u00f6t-harminc \u00e9vben sz\u00e1mos negat\u00edv tendencia hat a magyar t\u00e1rsadalomra is. A visegr\u00e1di orsz\u00e1gokra ugyanez lesz a jellemz\u0151.\" \/>\n\t\t<meta property=\"og:url\" content=\"https:\/\/allasorias.hu\/hirek\/jovobeni-tendencia-magyarorszagon\/\" \/>\n\t\t<meta property=\"og:image\" content=\"https:\/\/allasorias.hu\/hirek\/wp-content\/uploads\/2023\/01\/Tendencia-1.jpg\" \/>\n\t\t<meta property=\"og:image:secure_url\" content=\"https:\/\/allasorias.hu\/hirek\/wp-content\/uploads\/2023\/01\/Tendencia-1.jpg\" \/>\n\t\t<meta property=\"og:image:width\" content=\"1700\" \/>\n\t\t<meta property=\"og:image:height\" content=\"857\" \/>\n\t\t<meta property=\"article:published_time\" content=\"2023-01-05T14:56:44+00:00\" \/>\n\t\t<meta property=\"article:modified_time\" content=\"2023-01-05T15:01:00+00:00\" \/>\n\t\t<meta property=\"article:publisher\" content=\"https:\/\/www.facebook.com\/allasorias\" \/>\n\t\t<meta name=\"twitter:card\" content=\"summary_large_image\" \/>\n\t\t<meta name=\"twitter:title\" content=\"J\u00f6v\u0151beni tendencia Magyarorsz\u00e1gon | Allasorias.hu\/Hirek\" \/>\n\t\t<meta name=\"twitter:description\" content=\"Az elk\u00f6vetkez\u0151 huszon\u00f6t-harminc \u00e9vben sz\u00e1mos negat\u00edv tendencia hat a magyar t\u00e1rsadalomra is. A visegr\u00e1di orsz\u00e1gokra ugyanez lesz a jellemz\u0151.\" \/>\n\t\t<meta name=\"twitter:image\" content=\"https:\/\/allasorias.hu\/hirek\/wp-content\/uploads\/2023\/01\/Tendencia-1.jpg\" \/>\n\t\t<meta name=\"twitter:label1\" content=\"Written by\" \/>\n\t\t<meta name=\"twitter:data1\" content=\"Juh\u00e1sz P\u00e9ter\" \/>\n\t\t<meta name=\"twitter:label2\" content=\"Est. reading time\" \/>\n\t\t<meta name=\"twitter:data2\" content=\"4 minutes\" \/>\n\t\t<script type=\"application\/ld+json\" class=\"aioseo-schema\">\n\t\t\t{\"@context\":\"https:\\\/\\\/schema.org\",\"@graph\":[{\"@type\":\"Article\",\"@id\":\"https:\\\/\\\/allasorias.hu\\\/hirek\\\/jovobeni-tendencia-magyarorszagon\\\/#article\",\"name\":\"J\\u00f6v\\u0151beni tendencia Magyarorsz\\u00e1gon | Allasorias.hu\\\/Hirek\",\"headline\":\"J\\u00f6v\\u0151beni tendencia Magyarorsz\\u00e1gon\",\"author\":{\"@id\":\"https:\\\/\\\/allasorias.hu\\\/hirek\\\/author\\\/admin-allasorias\\\/#author\"},\"publisher\":{\"@id\":\"https:\\\/\\\/allasorias.hu\\\/hirek\\\/#organization\"},\"image\":{\"@type\":\"ImageObject\",\"url\":\"https:\\\/\\\/allasorias.hu\\\/hirek\\\/wp-content\\\/uploads\\\/2023\\\/01\\\/Tendencia-1.jpg\",\"width\":1700,\"height\":857,\"caption\":\"J\\u00f6v\\u0151beni tendencia Magyarorsz\\u00e1gon  - Allasorias.hu\\\/Hirek\"},\"datePublished\":\"2023-01-05T14:56:44+02:00\",\"dateModified\":\"2023-01-05T15:01:00+02:00\",\"inLanguage\":\"hu-HU\",\"mainEntityOfPage\":{\"@id\":\"https:\\\/\\\/allasorias.hu\\\/hirek\\\/jovobeni-tendencia-magyarorszagon\\\/#webpage\"},\"isPartOf\":{\"@id\":\"https:\\\/\\\/allasorias.hu\\\/hirek\\\/jovobeni-tendencia-magyarorszagon\\\/#webpage\"},\"articleSection\":\"Gazdas\\u00e1g, tendencia, Visegr\\u00e1di orsz\\u00e1gok\"},{\"@type\":\"BreadcrumbList\",\"@id\":\"https:\\\/\\\/allasorias.hu\\\/hirek\\\/jovobeni-tendencia-magyarorszagon\\\/#breadcrumblist\",\"itemListElement\":[{\"@type\":\"ListItem\",\"@id\":\"https:\\\/\\\/allasorias.hu\\\/hirek#listItem\",\"position\":1,\"name\":\"Home\",\"item\":\"https:\\\/\\\/allasorias.hu\\\/hirek\",\"nextItem\":{\"@type\":\"ListItem\",\"@id\":\"https:\\\/\\\/allasorias.hu\\\/hirek\\\/temak\\\/gazdasag\\\/#listItem\",\"name\":\"Gazdas\\u00e1g\"}},{\"@type\":\"ListItem\",\"@id\":\"https:\\\/\\\/allasorias.hu\\\/hirek\\\/temak\\\/gazdasag\\\/#listItem\",\"position\":2,\"name\":\"Gazdas\\u00e1g\",\"item\":\"https:\\\/\\\/allasorias.hu\\\/hirek\\\/temak\\\/gazdasag\\\/\",\"nextItem\":{\"@type\":\"ListItem\",\"@id\":\"https:\\\/\\\/allasorias.hu\\\/hirek\\\/jovobeni-tendencia-magyarorszagon\\\/#listItem\",\"name\":\"J\\u00f6v\\u0151beni tendencia Magyarorsz\\u00e1gon\"},\"previousItem\":{\"@type\":\"ListItem\",\"@id\":\"https:\\\/\\\/allasorias.hu\\\/hirek#listItem\",\"name\":\"Home\"}},{\"@type\":\"ListItem\",\"@id\":\"https:\\\/\\\/allasorias.hu\\\/hirek\\\/jovobeni-tendencia-magyarorszagon\\\/#listItem\",\"position\":3,\"name\":\"J\\u00f6v\\u0151beni tendencia Magyarorsz\\u00e1gon\",\"previousItem\":{\"@type\":\"ListItem\",\"@id\":\"https:\\\/\\\/allasorias.hu\\\/hirek\\\/temak\\\/gazdasag\\\/#listItem\",\"name\":\"Gazdas\\u00e1g\"}}]},{\"@type\":\"Organization\",\"@id\":\"https:\\\/\\\/allasorias.hu\\\/hirek\\\/#organization\",\"name\":\"AllasOrias.hu | H\\u00edrek-lapszemle\",\"description\":\"\\u00dczleti h\\u00edrek az \\u00e1ll\\u00e1s \\u00e9s a munka vil\\u00e1g\\u00e1b\\u00f3l\",\"url\":\"https:\\\/\\\/allasorias.hu\\\/hirek\\\/\",\"logo\":{\"@type\":\"ImageObject\",\"url\":\"https:\\\/\\\/allasorias.hu\\\/hirek\\\/wp-content\\\/uploads\\\/2022\\\/10\\\/allasorias_site_facebok_logo.png\",\"@id\":\"https:\\\/\\\/allasorias.hu\\\/hirek\\\/jovobeni-tendencia-magyarorszagon\\\/#organizationLogo\"},\"image\":{\"@id\":\"https:\\\/\\\/allasorias.hu\\\/hirek\\\/jovobeni-tendencia-magyarorszagon\\\/#organizationLogo\"},\"sameAs\":[\"https:\\\/\\\/www.facebook.com\\\/allasorias\",\"https:\\\/\\\/www.linkedin.com\\\/company\\\/allasorias\"]},{\"@type\":\"Person\",\"@id\":\"https:\\\/\\\/allasorias.hu\\\/hirek\\\/author\\\/admin-allasorias\\\/#author\",\"url\":\"https:\\\/\\\/allasorias.hu\\\/hirek\\\/author\\\/admin-allasorias\\\/\",\"name\":\"Juh\\u00e1sz P\\u00e9ter\",\"image\":{\"@type\":\"ImageObject\",\"@id\":\"https:\\\/\\\/allasorias.hu\\\/hirek\\\/jovobeni-tendencia-magyarorszagon\\\/#authorImage\",\"url\":\"https:\\\/\\\/secure.gravatar.com\\\/avatar\\\/36e6bcb83148978b992977cb0f54d22feb0cce8a0a849a9410532bb2623ba4c6?s=96&d=mm&r=g\",\"width\":96,\"height\":96,\"caption\":\"Juh\\u00e1sz P\\u00e9ter\"}},{\"@type\":\"WebPage\",\"@id\":\"https:\\\/\\\/allasorias.hu\\\/hirek\\\/jovobeni-tendencia-magyarorszagon\\\/#webpage\",\"url\":\"https:\\\/\\\/allasorias.hu\\\/hirek\\\/jovobeni-tendencia-magyarorszagon\\\/\",\"name\":\"J\\u00f6v\\u0151beni tendencia Magyarorsz\\u00e1gon | Allasorias.hu\\\/Hirek\",\"description\":\"Az elk\\u00f6vetkez\\u0151 huszon\\u00f6t-harminc \\u00e9vben sz\\u00e1mos negat\\u00edv tendencia hat a magyar t\\u00e1rsadalomra is. A visegr\\u00e1di orsz\\u00e1gokra ugyanez lesz a jellemz\\u0151.\",\"inLanguage\":\"hu-HU\",\"isPartOf\":{\"@id\":\"https:\\\/\\\/allasorias.hu\\\/hirek\\\/#website\"},\"breadcrumb\":{\"@id\":\"https:\\\/\\\/allasorias.hu\\\/hirek\\\/jovobeni-tendencia-magyarorszagon\\\/#breadcrumblist\"},\"author\":{\"@id\":\"https:\\\/\\\/allasorias.hu\\\/hirek\\\/author\\\/admin-allasorias\\\/#author\"},\"creator\":{\"@id\":\"https:\\\/\\\/allasorias.hu\\\/hirek\\\/author\\\/admin-allasorias\\\/#author\"},\"image\":{\"@type\":\"ImageObject\",\"url\":\"https:\\\/\\\/allasorias.hu\\\/hirek\\\/wp-content\\\/uploads\\\/2023\\\/01\\\/Tendencia-1.jpg\",\"@id\":\"https:\\\/\\\/allasorias.hu\\\/hirek\\\/jovobeni-tendencia-magyarorszagon\\\/#mainImage\",\"width\":1700,\"height\":857,\"caption\":\"J\\u00f6v\\u0151beni tendencia Magyarorsz\\u00e1gon  - Allasorias.hu\\\/Hirek\"},\"primaryImageOfPage\":{\"@id\":\"https:\\\/\\\/allasorias.hu\\\/hirek\\\/jovobeni-tendencia-magyarorszagon\\\/#mainImage\"},\"datePublished\":\"2023-01-05T14:56:44+02:00\",\"dateModified\":\"2023-01-05T15:01:00+02:00\"},{\"@type\":\"WebSite\",\"@id\":\"https:\\\/\\\/allasorias.hu\\\/hirek\\\/#website\",\"url\":\"https:\\\/\\\/allasorias.hu\\\/hirek\\\/\",\"name\":\"AllasOrias.hu | H\\u00edrek-lapszemle\",\"description\":\"\\u00dczleti h\\u00edrek az \\u00e1ll\\u00e1s \\u00e9s a munka vil\\u00e1g\\u00e1b\\u00f3l\",\"inLanguage\":\"hu-HU\",\"publisher\":{\"@id\":\"https:\\\/\\\/allasorias.hu\\\/hirek\\\/#organization\"}}]}\n\t\t<\/script>\n\t\t<!-- All in One SEO -->\n\n","aioseo_head_json":{"title":"J\u00f6v\u0151beni tendencia Magyarorsz\u00e1gon | Allasorias.hu\/Hirek","description":"Az elk\u00f6vetkez\u0151 huszon\u00f6t-harminc \u00e9vben sz\u00e1mos negat\u00edv tendencia hat a magyar t\u00e1rsadalomra is. A visegr\u00e1di orsz\u00e1gokra ugyanez lesz a jellemz\u0151.","canonical_url":"https:\/\/allasorias.hu\/hirek\/jovobeni-tendencia-magyarorszagon\/","robots":"max-image-preview:large","keywords":"tendencia,visegr\u00e1di orsz\u00e1gok","webmasterTools":{"miscellaneous":""},"schema":{"@context":"https:\/\/schema.org","@graph":[{"@type":"Article","@id":"https:\/\/allasorias.hu\/hirek\/jovobeni-tendencia-magyarorszagon\/#article","name":"J\u00f6v\u0151beni tendencia Magyarorsz\u00e1gon | Allasorias.hu\/Hirek","headline":"J\u00f6v\u0151beni tendencia Magyarorsz\u00e1gon","author":{"@id":"https:\/\/allasorias.hu\/hirek\/author\/admin-allasorias\/#author"},"publisher":{"@id":"https:\/\/allasorias.hu\/hirek\/#organization"},"image":{"@type":"ImageObject","url":"https:\/\/allasorias.hu\/hirek\/wp-content\/uploads\/2023\/01\/Tendencia-1.jpg","width":1700,"height":857,"caption":"J\u00f6v\u0151beni tendencia Magyarorsz\u00e1gon  - Allasorias.hu\/Hirek"},"datePublished":"2023-01-05T14:56:44+02:00","dateModified":"2023-01-05T15:01:00+02:00","inLanguage":"hu-HU","mainEntityOfPage":{"@id":"https:\/\/allasorias.hu\/hirek\/jovobeni-tendencia-magyarorszagon\/#webpage"},"isPartOf":{"@id":"https:\/\/allasorias.hu\/hirek\/jovobeni-tendencia-magyarorszagon\/#webpage"},"articleSection":"Gazdas\u00e1g, tendencia, Visegr\u00e1di orsz\u00e1gok"},{"@type":"BreadcrumbList","@id":"https:\/\/allasorias.hu\/hirek\/jovobeni-tendencia-magyarorszagon\/#breadcrumblist","itemListElement":[{"@type":"ListItem","@id":"https:\/\/allasorias.hu\/hirek#listItem","position":1,"name":"Home","item":"https:\/\/allasorias.hu\/hirek","nextItem":{"@type":"ListItem","@id":"https:\/\/allasorias.hu\/hirek\/temak\/gazdasag\/#listItem","name":"Gazdas\u00e1g"}},{"@type":"ListItem","@id":"https:\/\/allasorias.hu\/hirek\/temak\/gazdasag\/#listItem","position":2,"name":"Gazdas\u00e1g","item":"https:\/\/allasorias.hu\/hirek\/temak\/gazdasag\/","nextItem":{"@type":"ListItem","@id":"https:\/\/allasorias.hu\/hirek\/jovobeni-tendencia-magyarorszagon\/#listItem","name":"J\u00f6v\u0151beni tendencia Magyarorsz\u00e1gon"},"previousItem":{"@type":"ListItem","@id":"https:\/\/allasorias.hu\/hirek#listItem","name":"Home"}},{"@type":"ListItem","@id":"https:\/\/allasorias.hu\/hirek\/jovobeni-tendencia-magyarorszagon\/#listItem","position":3,"name":"J\u00f6v\u0151beni tendencia Magyarorsz\u00e1gon","previousItem":{"@type":"ListItem","@id":"https:\/\/allasorias.hu\/hirek\/temak\/gazdasag\/#listItem","name":"Gazdas\u00e1g"}}]},{"@type":"Organization","@id":"https:\/\/allasorias.hu\/hirek\/#organization","name":"AllasOrias.hu | H\u00edrek-lapszemle","description":"\u00dczleti h\u00edrek az \u00e1ll\u00e1s \u00e9s a munka vil\u00e1g\u00e1b\u00f3l","url":"https:\/\/allasorias.hu\/hirek\/","logo":{"@type":"ImageObject","url":"https:\/\/allasorias.hu\/hirek\/wp-content\/uploads\/2022\/10\/allasorias_site_facebok_logo.png","@id":"https:\/\/allasorias.hu\/hirek\/jovobeni-tendencia-magyarorszagon\/#organizationLogo"},"image":{"@id":"https:\/\/allasorias.hu\/hirek\/jovobeni-tendencia-magyarorszagon\/#organizationLogo"},"sameAs":["https:\/\/www.facebook.com\/allasorias","https:\/\/www.linkedin.com\/company\/allasorias"]},{"@type":"Person","@id":"https:\/\/allasorias.hu\/hirek\/author\/admin-allasorias\/#author","url":"https:\/\/allasorias.hu\/hirek\/author\/admin-allasorias\/","name":"Juh\u00e1sz P\u00e9ter","image":{"@type":"ImageObject","@id":"https:\/\/allasorias.hu\/hirek\/jovobeni-tendencia-magyarorszagon\/#authorImage","url":"https:\/\/secure.gravatar.com\/avatar\/36e6bcb83148978b992977cb0f54d22feb0cce8a0a849a9410532bb2623ba4c6?s=96&d=mm&r=g","width":96,"height":96,"caption":"Juh\u00e1sz P\u00e9ter"}},{"@type":"WebPage","@id":"https:\/\/allasorias.hu\/hirek\/jovobeni-tendencia-magyarorszagon\/#webpage","url":"https:\/\/allasorias.hu\/hirek\/jovobeni-tendencia-magyarorszagon\/","name":"J\u00f6v\u0151beni tendencia Magyarorsz\u00e1gon | Allasorias.hu\/Hirek","description":"Az elk\u00f6vetkez\u0151 huszon\u00f6t-harminc \u00e9vben sz\u00e1mos negat\u00edv tendencia hat a magyar t\u00e1rsadalomra is. A visegr\u00e1di orsz\u00e1gokra ugyanez lesz a jellemz\u0151.","inLanguage":"hu-HU","isPartOf":{"@id":"https:\/\/allasorias.hu\/hirek\/#website"},"breadcrumb":{"@id":"https:\/\/allasorias.hu\/hirek\/jovobeni-tendencia-magyarorszagon\/#breadcrumblist"},"author":{"@id":"https:\/\/allasorias.hu\/hirek\/author\/admin-allasorias\/#author"},"creator":{"@id":"https:\/\/allasorias.hu\/hirek\/author\/admin-allasorias\/#author"},"image":{"@type":"ImageObject","url":"https:\/\/allasorias.hu\/hirek\/wp-content\/uploads\/2023\/01\/Tendencia-1.jpg","@id":"https:\/\/allasorias.hu\/hirek\/jovobeni-tendencia-magyarorszagon\/#mainImage","width":1700,"height":857,"caption":"J\u00f6v\u0151beni tendencia Magyarorsz\u00e1gon  - Allasorias.hu\/Hirek"},"primaryImageOfPage":{"@id":"https:\/\/allasorias.hu\/hirek\/jovobeni-tendencia-magyarorszagon\/#mainImage"},"datePublished":"2023-01-05T14:56:44+02:00","dateModified":"2023-01-05T15:01:00+02:00"},{"@type":"WebSite","@id":"https:\/\/allasorias.hu\/hirek\/#website","url":"https:\/\/allasorias.hu\/hirek\/","name":"AllasOrias.hu | H\u00edrek-lapszemle","description":"\u00dczleti h\u00edrek az \u00e1ll\u00e1s \u00e9s a munka vil\u00e1g\u00e1b\u00f3l","inLanguage":"hu-HU","publisher":{"@id":"https:\/\/allasorias.hu\/hirek\/#organization"}}]},"og:locale":"hu_HU","og:site_name":"AllasOrias.hu | H\u00edrek-lapszemle | \u00dczleti h\u00edrek az \u00e1ll\u00e1s \u00e9s a munka vil\u00e1g\u00e1b\u00f3l","og:type":"article","og:title":"J\u00f6v\u0151beni tendencia Magyarorsz\u00e1gon | Allasorias.hu\/Hirek","og:description":"Az elk\u00f6vetkez\u0151 huszon\u00f6t-harminc \u00e9vben sz\u00e1mos negat\u00edv tendencia hat a magyar t\u00e1rsadalomra is. A visegr\u00e1di orsz\u00e1gokra ugyanez lesz a jellemz\u0151.","og:url":"https:\/\/allasorias.hu\/hirek\/jovobeni-tendencia-magyarorszagon\/","og:image":"https:\/\/allasorias.hu\/hirek\/wp-content\/uploads\/2023\/01\/Tendencia-1.jpg","og:image:secure_url":"https:\/\/allasorias.hu\/hirek\/wp-content\/uploads\/2023\/01\/Tendencia-1.jpg","og:image:width":1700,"og:image:height":857,"article:published_time":"2023-01-05T14:56:44+00:00","article:modified_time":"2023-01-05T15:01:00+00:00","article:publisher":"https:\/\/www.facebook.com\/allasorias","twitter:card":"summary_large_image","twitter:title":"J\u00f6v\u0151beni tendencia Magyarorsz\u00e1gon | Allasorias.hu\/Hirek","twitter:description":"Az elk\u00f6vetkez\u0151 huszon\u00f6t-harminc \u00e9vben sz\u00e1mos negat\u00edv tendencia hat a magyar t\u00e1rsadalomra is. A visegr\u00e1di orsz\u00e1gokra ugyanez lesz a jellemz\u0151.","twitter:image":"https:\/\/allasorias.hu\/hirek\/wp-content\/uploads\/2023\/01\/Tendencia-1.jpg","twitter:label1":"Written by","twitter:data1":"Juh\u00e1sz P\u00e9ter","twitter:label2":"Est. reading time","twitter:data2":"4 minutes"},"aioseo_meta_data":{"post_id":"6121","title":"#post_title | Allasorias.hu\/Hirek","description":"Az elk\u00f6vetkez\u0151 huszon\u00f6t-harminc \u00e9vben sz\u00e1mos negat\u00edv tendencia hat a magyar t\u00e1rsadalomra is. A visegr\u00e1di orsz\u00e1gokra ugyanez lesz a jellemz\u0151.","keywords":[],"keyphrases":{"focus":{"keyphrase":"tendencia","score":88,"analysis":{"keyphraseInTitle":{"title":"Focus keyphrase in SEO title","description":"Focus keyphrase found in SEO title.","score":9,"maxScore":9,"error":0},"keyphraseInDescription":{"title":"Focus keyphrase in meta description","description":"Focus keyphrase found in meta description.","score":9,"maxScore":9,"error":0},"keyphraseLength":{"title":"Focus keyphrase length","description":"Good job!","score":9,"maxScore":9,"error":0,"length":1},"keyphraseInURL":{"title":"Focus keyphrase in URL","description":"Focus keyphrase used in the URL.","score":5,"maxScore":5,"error":0},"keyphraseInIntroduction":{"title":"Focus keyphrase in introduction","description":"Your Focus keyphrase appears in the first paragraph. Well done!","score":9,"maxScore":9,"error":0},"keyphraseInSubHeadings":{"title":"Focus keyphrase in Subheadings","description":"Use your focus keyphrase more in your H2 and H3 subheadings.","score":3,"maxScore":9,"error":1},"keyphraseInImageAlt":[]}},"additional":[]},"primary_term":null,"canonical_url":null,"og_title":null,"og_description":null,"og_object_type":"default","og_image_type":"default","og_image_url":null,"og_image_width":null,"og_image_height":null,"og_image_custom_url":null,"og_image_custom_fields":null,"og_video":"","og_custom_url":null,"og_article_section":null,"og_article_tags":[],"twitter_use_og":true,"twitter_card":"default","twitter_image_type":"default","twitter_image_url":null,"twitter_image_custom_url":null,"twitter_image_custom_fields":null,"twitter_title":null,"twitter_description":null,"schema":{"blockGraphs":[],"customGraphs":[],"default":{"data":{"Article":[],"Course":[],"Dataset":[],"FAQPage":[],"Movie":[],"Person":[],"Product":[],"ProductReview":[],"Car":[],"Recipe":[],"Service":[],"SoftwareApplication":[],"WebPage":[]},"graphName":"Article","isEnabled":true},"graphs":[]},"schema_type":"default","schema_type_options":null,"pillar_content":false,"robots_default":true,"robots_noindex":false,"robots_noarchive":false,"robots_nosnippet":false,"robots_nofollow":false,"robots_noimageindex":false,"robots_noodp":false,"robots_notranslate":false,"robots_max_snippet":"-1","robots_max_videopreview":"-1","robots_max_imagepreview":"large","priority":null,"frequency":"default","location":null,"local_seo":null,"breadcrumb_settings":null,"limit_modified_date":false,"ai":null,"created":"2023-01-05 14:13:15","updated":"2025-10-02 17:54:38","seo_analyzer_scan_date":null,"focus_keyword":"tendencia","additional_keywords":null,"truseo_locale":null},"aioseo_breadcrumb":"<div class=\"aioseo-breadcrumbs\"><span class=\"aioseo-breadcrumb\">\n\t\t\t<a href=\"https:\/\/allasorias.hu\/hirek\" title=\"Home\">Home<\/a>\n\t\t<\/span><span class=\"aioseo-breadcrumb-separator\">&raquo;<\/span><span class=\"aioseo-breadcrumb\">\n\t\t\t<a href=\"https:\/\/allasorias.hu\/hirek\/temak\/gazdasag\/\" title=\"Gazdas\u00e1g\">Gazdas\u00e1g<\/a>\n\t\t<\/span><span class=\"aioseo-breadcrumb-separator\">&raquo;<\/span><span class=\"aioseo-breadcrumb\">\n\t\t\tJ\u00f6v\u0151beni tendencia Magyarorsz\u00e1gon\n\t\t<\/span><\/div>","aioseo_breadcrumb_json":[{"label":"Home","link":"https:\/\/allasorias.hu\/hirek"},{"label":"Gazdas\u00e1g","link":"https:\/\/allasorias.hu\/hirek\/temak\/gazdasag\/"},{"label":"J\u00f6v\u0151beni tendencia Magyarorsz\u00e1gon","link":"https:\/\/allasorias.hu\/hirek\/jovobeni-tendencia-magyarorszagon\/"}],"_links":{"self":[{"href":"https:\/\/allasorias.hu\/hirek\/wp-json\/wp\/v2\/posts\/6121","targetHints":{"allow":["GET"]}}],"collection":[{"href":"https:\/\/allasorias.hu\/hirek\/wp-json\/wp\/v2\/posts"}],"about":[{"href":"https:\/\/allasorias.hu\/hirek\/wp-json\/wp\/v2\/types\/post"}],"author":[{"embeddable":true,"href":"https:\/\/allasorias.hu\/hirek\/wp-json\/wp\/v2\/users\/1"}],"replies":[{"embeddable":true,"href":"https:\/\/allasorias.hu\/hirek\/wp-json\/wp\/v2\/comments?post=6121"}],"version-history":[{"count":1,"href":"https:\/\/allasorias.hu\/hirek\/wp-json\/wp\/v2\/posts\/6121\/revisions"}],"predecessor-version":[{"id":6123,"href":"https:\/\/allasorias.hu\/hirek\/wp-json\/wp\/v2\/posts\/6121\/revisions\/6123"}],"wp:featuredmedia":[{"embeddable":true,"href":"https:\/\/allasorias.hu\/hirek\/wp-json\/wp\/v2\/media\/6124"}],"wp:attachment":[{"href":"https:\/\/allasorias.hu\/hirek\/wp-json\/wp\/v2\/media?parent=6121"}],"wp:term":[{"taxonomy":"category","embeddable":true,"href":"https:\/\/allasorias.hu\/hirek\/wp-json\/wp\/v2\/categories?post=6121"},{"taxonomy":"post_tag","embeddable":true,"href":"https:\/\/allasorias.hu\/hirek\/wp-json\/wp\/v2\/tags?post=6121"}],"curies":[{"name":"wp","href":"https:\/\/api.w.org\/{rel}","templated":true}]}}