{"id":6117,"date":"2023-01-04T08:40:46","date_gmt":"2023-01-04T08:40:46","guid":{"rendered":"https:\/\/allasorias.hu\/hirek\/?p=6117"},"modified":"2025-05-13T13:16:30","modified_gmt":"2025-05-13T11:16:30","slug":"nott-az-atlagkereset-magyarorszagon-a-ksh-szerint","status":"publish","type":"post","link":"https:\/\/allasorias.hu\/hirek\/nott-az-atlagkereset-magyarorszagon-a-ksh-szerint\/","title":{"rendered":"N\u0151tt az \u00e1tlagkereset Magyarorsz\u00e1gon a KSH szerint"},"content":{"rendered":"<p><strong>A K\u00f6zponti Statisztikai Hivatal legfrissebb adatai szerint haz\u00e1nkban n\u0151tt az \u00e1tlagkereset az el\u0151z\u0151 \u00e9vihez k\u00e9pest.\u00a0 Mindehhez hozz\u00e1j\u00e1rultak t\u00f6bbek k\u00f6z\u00f6tt, hogy emelkedett a minim\u00e1lb\u00e9r \u00e9s az egy\u00e9b p\u00f3tl\u00f3lagos b\u00e9remel\u00e9sek.<\/strong><\/p>\n<p>A teljes munkaid\u0151ben alkalmaz\u00e1sban \u00e1ll\u00f3k brutt\u00f3 \u00e1tlagkeresete 510 500, a kedvezm\u00e9nyek figyelembev\u00e9tel\u00e9vel sz\u00e1molt nett\u00f3 \u00e1tlagkereset 352 000 forint volt okt\u00f3berben; az el\u0151bbi 18,4 sz\u00e1zal\u00e9kkal, ut\u00f3bbi 19,1 sz\u00e1zal\u00e9kkal volt magasabb, mint egy \u00e9vvel kor\u00e1bban, k\u00f6z\u00f6lte a K\u00f6zponti Statisztikai Hivatal (KSH) az MTI h\u00edre szerint. A hivatal k\u00f6zlem\u00e9ny\u00e9ben kiemelte: az \u00e1tlagkereset n\u00f6veked\u00e9s\u00e9hez f\u0151k\u00e9nt a minim\u00e1lb\u00e9r \u00e9s a garant\u00e1lt b\u00e9rminimum tavaly v\u00e9grehajtott emel\u00e9se, valamint a m\u00e1r el\u0151re \u00fctemezett \u00e9s a p\u00f3tl\u00f3lagos b\u00e9remel\u00e9sek j\u00e1rultak hozz\u00e1.<\/p>\n<p>Forr\u00e1s: <a href=\"https:\/\/rtl.hu\/gazdasag\/2023\/01\/04\/ksh-brutto-atlagkereset-oktober\" target=\"_blank\" rel=\"nofollow noopener noreferrer\">rtl.hu<\/a><\/p>\n","protected":false},"excerpt":{"rendered":"<p>A K\u00f6zponti Statisztikai Hivatal legfrissebb adatai szerint haz\u00e1nkban n\u0151tt az \u00e1tlagkereset az el\u0151z\u0151 \u00e9vihez k\u00e9pest.\u00a0 Mindehhez hozz\u00e1j\u00e1rultak t\u00f6bbek k\u00f6z\u00f6tt, hogy emelkedett a minim\u00e1lb\u00e9r \u00e9s az egy\u00e9b p\u00f3tl\u00f3lagos b\u00e9remel\u00e9sek. A teljes munkaid\u0151ben alkalmaz\u00e1sban \u00e1ll\u00f3k brutt\u00f3 \u00e1tlagkeresete 510 500, a kedvezm\u00e9nyek figyelembev\u00e9tel\u00e9vel sz\u00e1molt nett\u00f3 \u00e1tlagkereset 352 000 forint volt okt\u00f3berben; az el\u0151bbi 18,4 sz\u00e1zal\u00e9kkal, ut\u00f3bbi 19,1 sz\u00e1zal\u00e9kkal [&hellip;]<\/p>\n","protected":false},"author":1,"featured_media":6118,"comment_status":"closed","ping_status":"closed","sticky":false,"template":"","format":"standard","meta":{"_monsterinsights_skip_tracking":false,"footnotes":""},"categories":[198],"tags":[330,256],"class_list":["post-6117","post","type-post","status-publish","format-standard","has-post-thumbnail","hentry","category-gazdasag","tag-atlagkereset","tag-beremeles"],"aioseo_notices":[],"aioseo_head":"\n\t\t<!-- All in One SEO 5.0.0.1 - aioseo.com -->\n\t<meta name=\"description\" content=\"A K\u00f6zponti Statisztikai Hivatal legfrissebb adatai szerint haz\u00e1nkban n\u0151tt az \u00e1tlagkereset az el\u0151z\u0151 \u00e9vihez k\u00e9pest a b\u00e9remel\u00e9se miatt.\" \/>\n\t<meta name=\"robots\" content=\"max-image-preview:large\" \/>\n\t<meta name=\"author\" content=\"Juh\u00e1sz P\u00e9ter\"\/>\n\t<meta name=\"keywords\" content=\"\u00e1tlagkereset,b\u00e9remel\u00e9s\" \/>\n\t<link rel=\"canonical\" href=\"https:\/\/allasorias.hu\/hirek\/nott-az-atlagkereset-magyarorszagon-a-ksh-szerint\/\" \/>\n\t<meta name=\"generator\" content=\"All in One SEO (AIOSEO) 5.0.0.1\" \/>\n\t\t<meta property=\"og:locale\" content=\"hu_HU\" \/>\n\t\t<meta property=\"og:site_name\" content=\"AllasOrias.hu | H\u00edrek-lapszemle | \u00dczleti h\u00edrek az \u00e1ll\u00e1s \u00e9s a munka vil\u00e1g\u00e1b\u00f3l\" \/>\n\t\t<meta property=\"og:type\" content=\"article\" \/>\n\t\t<meta property=\"og:title\" content=\"KSH: n\u0151tt az \u00e1tlagkereset Magyarorsz\u00e1gon\" \/>\n\t\t<meta property=\"og:description\" content=\"A K\u00f6zponti Statisztikai Hivatal legfrissebb adatai szerint haz\u00e1nkban n\u0151tt az \u00e1tlagkereset az el\u0151z\u0151 \u00e9vihez k\u00e9pest a b\u00e9remel\u00e9se miatt.\" \/>\n\t\t<meta property=\"og:url\" content=\"https:\/\/allasorias.hu\/hirek\/nott-az-atlagkereset-magyarorszagon-a-ksh-szerint\/\" \/>\n\t\t<meta property=\"og:image\" content=\"https:\/\/allasorias.hu\/hirek\/wp-content\/uploads\/2023\/01\/Nott-az-atlagkereset.jpg\" \/>\n\t\t<meta property=\"og:image:secure_url\" content=\"https:\/\/allasorias.hu\/hirek\/wp-content\/uploads\/2023\/01\/Nott-az-atlagkereset.jpg\" \/>\n\t\t<meta property=\"og:image:width\" content=\"1280\" \/>\n\t\t<meta property=\"og:image:height\" content=\"853\" \/>\n\t\t<meta property=\"article:published_time\" content=\"2023-01-04T08:40:46+00:00\" \/>\n\t\t<meta property=\"article:modified_time\" content=\"2025-05-13T11:16:30+00:00\" \/>\n\t\t<meta property=\"article:publisher\" content=\"https:\/\/www.facebook.com\/allasorias\" \/>\n\t\t<meta name=\"twitter:card\" content=\"summary_large_image\" \/>\n\t\t<meta name=\"twitter:title\" content=\"KSH: n\u0151tt az \u00e1tlagkereset Magyarorsz\u00e1gon\" \/>\n\t\t<meta name=\"twitter:description\" content=\"A K\u00f6zponti Statisztikai Hivatal legfrissebb adatai szerint haz\u00e1nkban n\u0151tt az \u00e1tlagkereset az el\u0151z\u0151 \u00e9vihez k\u00e9pest a b\u00e9remel\u00e9se miatt.\" \/>\n\t\t<meta name=\"twitter:image\" content=\"https:\/\/allasorias.hu\/hirek\/wp-content\/uploads\/2023\/01\/Nott-az-atlagkereset.jpg\" \/>\n\t\t<meta name=\"twitter:label1\" content=\"Written by\" \/>\n\t\t<meta name=\"twitter:data1\" content=\"Juh\u00e1sz P\u00e9ter\" \/>\n\t\t<meta name=\"twitter:label2\" content=\"Est. reading time\" \/>\n\t\t<meta name=\"twitter:data2\" content=\"1 minute\" \/>\n\t\t<script type=\"application\/ld+json\" class=\"aioseo-schema\">\n\t\t\t{\"@context\":\"https:\\\/\\\/schema.org\",\"@graph\":[{\"@type\":\"Article\",\"@id\":\"https:\\\/\\\/allasorias.hu\\\/hirek\\\/nott-az-atlagkereset-magyarorszagon-a-ksh-szerint\\\/#article\",\"name\":\"KSH: n\\u0151tt az \\u00e1tlagkereset Magyarorsz\\u00e1gon\",\"headline\":\"N\\u0151tt az \\u00e1tlagkereset Magyarorsz\\u00e1gon a KSH szerint\",\"author\":{\"@id\":\"https:\\\/\\\/allasorias.hu\\\/hirek\\\/author\\\/admin-allasorias\\\/#author\"},\"publisher\":{\"@id\":\"https:\\\/\\\/allasorias.hu\\\/hirek\\\/#organization\"},\"image\":{\"@type\":\"ImageObject\",\"url\":\"https:\\\/\\\/allasorias.hu\\\/hirek\\\/wp-content\\\/uploads\\\/2023\\\/01\\\/Nott-az-atlagkereset.jpg\",\"width\":1280,\"height\":853,\"caption\":\"N\\u0151tt az \\u00e1tlagkereset Magyarorsz\\u00e1gon a KSH szerint - Allasorias.hu\\\/Hirek\"},\"datePublished\":\"2023-01-04T08:40:46+02:00\",\"dateModified\":\"2025-05-13T13:16:30+02:00\",\"inLanguage\":\"hu-HU\",\"mainEntityOfPage\":{\"@id\":\"https:\\\/\\\/allasorias.hu\\\/hirek\\\/nott-az-atlagkereset-magyarorszagon-a-ksh-szerint\\\/#webpage\"},\"isPartOf\":{\"@id\":\"https:\\\/\\\/allasorias.hu\\\/hirek\\\/nott-az-atlagkereset-magyarorszagon-a-ksh-szerint\\\/#webpage\"},\"articleSection\":\"Gazdas\\u00e1g, \\u00e1tlagkereset, b\\u00e9remel\\u00e9s\"},{\"@type\":\"BreadcrumbList\",\"@id\":\"https:\\\/\\\/allasorias.hu\\\/hirek\\\/nott-az-atlagkereset-magyarorszagon-a-ksh-szerint\\\/#breadcrumblist\",\"itemListElement\":[{\"@type\":\"ListItem\",\"@id\":\"https:\\\/\\\/allasorias.hu\\\/hirek#listItem\",\"position\":1,\"name\":\"Home\",\"item\":\"https:\\\/\\\/allasorias.hu\\\/hirek\",\"nextItem\":{\"@type\":\"ListItem\",\"@id\":\"https:\\\/\\\/allasorias.hu\\\/hirek\\\/temak\\\/gazdasag\\\/#listItem\",\"name\":\"Gazdas\\u00e1g\"}},{\"@type\":\"ListItem\",\"@id\":\"https:\\\/\\\/allasorias.hu\\\/hirek\\\/temak\\\/gazdasag\\\/#listItem\",\"position\":2,\"name\":\"Gazdas\\u00e1g\",\"item\":\"https:\\\/\\\/allasorias.hu\\\/hirek\\\/temak\\\/gazdasag\\\/\",\"nextItem\":{\"@type\":\"ListItem\",\"@id\":\"https:\\\/\\\/allasorias.hu\\\/hirek\\\/nott-az-atlagkereset-magyarorszagon-a-ksh-szerint\\\/#listItem\",\"name\":\"N\\u0151tt az \\u00e1tlagkereset Magyarorsz\\u00e1gon a KSH szerint\"},\"previousItem\":{\"@type\":\"ListItem\",\"@id\":\"https:\\\/\\\/allasorias.hu\\\/hirek#listItem\",\"name\":\"Home\"}},{\"@type\":\"ListItem\",\"@id\":\"https:\\\/\\\/allasorias.hu\\\/hirek\\\/nott-az-atlagkereset-magyarorszagon-a-ksh-szerint\\\/#listItem\",\"position\":3,\"name\":\"N\\u0151tt az \\u00e1tlagkereset Magyarorsz\\u00e1gon a KSH szerint\",\"previousItem\":{\"@type\":\"ListItem\",\"@id\":\"https:\\\/\\\/allasorias.hu\\\/hirek\\\/temak\\\/gazdasag\\\/#listItem\",\"name\":\"Gazdas\\u00e1g\"}}]},{\"@type\":\"Organization\",\"@id\":\"https:\\\/\\\/allasorias.hu\\\/hirek\\\/#organization\",\"name\":\"AllasOrias.hu | H\\u00edrek-lapszemle\",\"description\":\"\\u00dczleti h\\u00edrek az \\u00e1ll\\u00e1s \\u00e9s a munka vil\\u00e1g\\u00e1b\\u00f3l\",\"url\":\"https:\\\/\\\/allasorias.hu\\\/hirek\\\/\",\"logo\":{\"@type\":\"ImageObject\",\"url\":\"https:\\\/\\\/allasorias.hu\\\/hirek\\\/wp-content\\\/uploads\\\/2022\\\/10\\\/allasorias_site_facebok_logo.png\",\"@id\":\"https:\\\/\\\/allasorias.hu\\\/hirek\\\/nott-az-atlagkereset-magyarorszagon-a-ksh-szerint\\\/#organizationLogo\"},\"image\":{\"@id\":\"https:\\\/\\\/allasorias.hu\\\/hirek\\\/nott-az-atlagkereset-magyarorszagon-a-ksh-szerint\\\/#organizationLogo\"},\"sameAs\":[\"https:\\\/\\\/www.facebook.com\\\/allasorias\",\"https:\\\/\\\/www.linkedin.com\\\/company\\\/allasorias\"]},{\"@type\":\"Person\",\"@id\":\"https:\\\/\\\/allasorias.hu\\\/hirek\\\/author\\\/admin-allasorias\\\/#author\",\"url\":\"https:\\\/\\\/allasorias.hu\\\/hirek\\\/author\\\/admin-allasorias\\\/\",\"name\":\"Juh\\u00e1sz P\\u00e9ter\",\"image\":{\"@type\":\"ImageObject\",\"@id\":\"https:\\\/\\\/allasorias.hu\\\/hirek\\\/nott-az-atlagkereset-magyarorszagon-a-ksh-szerint\\\/#authorImage\",\"url\":\"https:\\\/\\\/secure.gravatar.com\\\/avatar\\\/36e6bcb83148978b992977cb0f54d22feb0cce8a0a849a9410532bb2623ba4c6?s=96&d=mm&r=g\",\"width\":96,\"height\":96,\"caption\":\"Juh\\u00e1sz P\\u00e9ter\"}},{\"@type\":\"WebPage\",\"@id\":\"https:\\\/\\\/allasorias.hu\\\/hirek\\\/nott-az-atlagkereset-magyarorszagon-a-ksh-szerint\\\/#webpage\",\"url\":\"https:\\\/\\\/allasorias.hu\\\/hirek\\\/nott-az-atlagkereset-magyarorszagon-a-ksh-szerint\\\/\",\"name\":\"KSH: n\\u0151tt az \\u00e1tlagkereset Magyarorsz\\u00e1gon\",\"description\":\"A K\\u00f6zponti Statisztikai Hivatal legfrissebb adatai szerint haz\\u00e1nkban n\\u0151tt az \\u00e1tlagkereset az el\\u0151z\\u0151 \\u00e9vihez k\\u00e9pest a b\\u00e9remel\\u00e9se miatt.\",\"inLanguage\":\"hu-HU\",\"isPartOf\":{\"@id\":\"https:\\\/\\\/allasorias.hu\\\/hirek\\\/#website\"},\"breadcrumb\":{\"@id\":\"https:\\\/\\\/allasorias.hu\\\/hirek\\\/nott-az-atlagkereset-magyarorszagon-a-ksh-szerint\\\/#breadcrumblist\"},\"author\":{\"@id\":\"https:\\\/\\\/allasorias.hu\\\/hirek\\\/author\\\/admin-allasorias\\\/#author\"},\"creator\":{\"@id\":\"https:\\\/\\\/allasorias.hu\\\/hirek\\\/author\\\/admin-allasorias\\\/#author\"},\"image\":{\"@type\":\"ImageObject\",\"url\":\"https:\\\/\\\/allasorias.hu\\\/hirek\\\/wp-content\\\/uploads\\\/2023\\\/01\\\/Nott-az-atlagkereset.jpg\",\"@id\":\"https:\\\/\\\/allasorias.hu\\\/hirek\\\/nott-az-atlagkereset-magyarorszagon-a-ksh-szerint\\\/#mainImage\",\"width\":1280,\"height\":853,\"caption\":\"N\\u0151tt az \\u00e1tlagkereset Magyarorsz\\u00e1gon a KSH szerint - Allasorias.hu\\\/Hirek\"},\"primaryImageOfPage\":{\"@id\":\"https:\\\/\\\/allasorias.hu\\\/hirek\\\/nott-az-atlagkereset-magyarorszagon-a-ksh-szerint\\\/#mainImage\"},\"datePublished\":\"2023-01-04T08:40:46+02:00\",\"dateModified\":\"2025-05-13T13:16:30+02:00\"},{\"@type\":\"WebSite\",\"@id\":\"https:\\\/\\\/allasorias.hu\\\/hirek\\\/#website\",\"url\":\"https:\\\/\\\/allasorias.hu\\\/hirek\\\/\",\"name\":\"AllasOrias.hu | H\\u00edrek-lapszemle\",\"description\":\"\\u00dczleti h\\u00edrek az \\u00e1ll\\u00e1s \\u00e9s a munka vil\\u00e1g\\u00e1b\\u00f3l\",\"inLanguage\":\"hu-HU\",\"publisher\":{\"@id\":\"https:\\\/\\\/allasorias.hu\\\/hirek\\\/#organization\"}}]}\n\t\t<\/script>\n\t\t<!-- All in One SEO -->\n\n","aioseo_head_json":{"title":"KSH: n\u0151tt az \u00e1tlagkereset Magyarorsz\u00e1gon","description":"A K\u00f6zponti Statisztikai Hivatal legfrissebb adatai szerint haz\u00e1nkban n\u0151tt az \u00e1tlagkereset az el\u0151z\u0151 \u00e9vihez k\u00e9pest a b\u00e9remel\u00e9se miatt.","canonical_url":"https:\/\/allasorias.hu\/hirek\/nott-az-atlagkereset-magyarorszagon-a-ksh-szerint\/","robots":"max-image-preview:large","keywords":"\u00e1tlagkereset,b\u00e9remel\u00e9s","webmasterTools":{"miscellaneous":""},"schema":{"@context":"https:\/\/schema.org","@graph":[{"@type":"Article","@id":"https:\/\/allasorias.hu\/hirek\/nott-az-atlagkereset-magyarorszagon-a-ksh-szerint\/#article","name":"KSH: n\u0151tt az \u00e1tlagkereset Magyarorsz\u00e1gon","headline":"N\u0151tt az \u00e1tlagkereset Magyarorsz\u00e1gon a KSH szerint","author":{"@id":"https:\/\/allasorias.hu\/hirek\/author\/admin-allasorias\/#author"},"publisher":{"@id":"https:\/\/allasorias.hu\/hirek\/#organization"},"image":{"@type":"ImageObject","url":"https:\/\/allasorias.hu\/hirek\/wp-content\/uploads\/2023\/01\/Nott-az-atlagkereset.jpg","width":1280,"height":853,"caption":"N\u0151tt az \u00e1tlagkereset Magyarorsz\u00e1gon a KSH szerint - Allasorias.hu\/Hirek"},"datePublished":"2023-01-04T08:40:46+02:00","dateModified":"2025-05-13T13:16:30+02:00","inLanguage":"hu-HU","mainEntityOfPage":{"@id":"https:\/\/allasorias.hu\/hirek\/nott-az-atlagkereset-magyarorszagon-a-ksh-szerint\/#webpage"},"isPartOf":{"@id":"https:\/\/allasorias.hu\/hirek\/nott-az-atlagkereset-magyarorszagon-a-ksh-szerint\/#webpage"},"articleSection":"Gazdas\u00e1g, \u00e1tlagkereset, b\u00e9remel\u00e9s"},{"@type":"BreadcrumbList","@id":"https:\/\/allasorias.hu\/hirek\/nott-az-atlagkereset-magyarorszagon-a-ksh-szerint\/#breadcrumblist","itemListElement":[{"@type":"ListItem","@id":"https:\/\/allasorias.hu\/hirek#listItem","position":1,"name":"Home","item":"https:\/\/allasorias.hu\/hirek","nextItem":{"@type":"ListItem","@id":"https:\/\/allasorias.hu\/hirek\/temak\/gazdasag\/#listItem","name":"Gazdas\u00e1g"}},{"@type":"ListItem","@id":"https:\/\/allasorias.hu\/hirek\/temak\/gazdasag\/#listItem","position":2,"name":"Gazdas\u00e1g","item":"https:\/\/allasorias.hu\/hirek\/temak\/gazdasag\/","nextItem":{"@type":"ListItem","@id":"https:\/\/allasorias.hu\/hirek\/nott-az-atlagkereset-magyarorszagon-a-ksh-szerint\/#listItem","name":"N\u0151tt az \u00e1tlagkereset Magyarorsz\u00e1gon a KSH szerint"},"previousItem":{"@type":"ListItem","@id":"https:\/\/allasorias.hu\/hirek#listItem","name":"Home"}},{"@type":"ListItem","@id":"https:\/\/allasorias.hu\/hirek\/nott-az-atlagkereset-magyarorszagon-a-ksh-szerint\/#listItem","position":3,"name":"N\u0151tt az \u00e1tlagkereset Magyarorsz\u00e1gon a KSH szerint","previousItem":{"@type":"ListItem","@id":"https:\/\/allasorias.hu\/hirek\/temak\/gazdasag\/#listItem","name":"Gazdas\u00e1g"}}]},{"@type":"Organization","@id":"https:\/\/allasorias.hu\/hirek\/#organization","name":"AllasOrias.hu | H\u00edrek-lapszemle","description":"\u00dczleti h\u00edrek az \u00e1ll\u00e1s \u00e9s a munka vil\u00e1g\u00e1b\u00f3l","url":"https:\/\/allasorias.hu\/hirek\/","logo":{"@type":"ImageObject","url":"https:\/\/allasorias.hu\/hirek\/wp-content\/uploads\/2022\/10\/allasorias_site_facebok_logo.png","@id":"https:\/\/allasorias.hu\/hirek\/nott-az-atlagkereset-magyarorszagon-a-ksh-szerint\/#organizationLogo"},"image":{"@id":"https:\/\/allasorias.hu\/hirek\/nott-az-atlagkereset-magyarorszagon-a-ksh-szerint\/#organizationLogo"},"sameAs":["https:\/\/www.facebook.com\/allasorias","https:\/\/www.linkedin.com\/company\/allasorias"]},{"@type":"Person","@id":"https:\/\/allasorias.hu\/hirek\/author\/admin-allasorias\/#author","url":"https:\/\/allasorias.hu\/hirek\/author\/admin-allasorias\/","name":"Juh\u00e1sz P\u00e9ter","image":{"@type":"ImageObject","@id":"https:\/\/allasorias.hu\/hirek\/nott-az-atlagkereset-magyarorszagon-a-ksh-szerint\/#authorImage","url":"https:\/\/secure.gravatar.com\/avatar\/36e6bcb83148978b992977cb0f54d22feb0cce8a0a849a9410532bb2623ba4c6?s=96&d=mm&r=g","width":96,"height":96,"caption":"Juh\u00e1sz P\u00e9ter"}},{"@type":"WebPage","@id":"https:\/\/allasorias.hu\/hirek\/nott-az-atlagkereset-magyarorszagon-a-ksh-szerint\/#webpage","url":"https:\/\/allasorias.hu\/hirek\/nott-az-atlagkereset-magyarorszagon-a-ksh-szerint\/","name":"KSH: n\u0151tt az \u00e1tlagkereset Magyarorsz\u00e1gon","description":"A K\u00f6zponti Statisztikai Hivatal legfrissebb adatai szerint haz\u00e1nkban n\u0151tt az \u00e1tlagkereset az el\u0151z\u0151 \u00e9vihez k\u00e9pest a b\u00e9remel\u00e9se miatt.","inLanguage":"hu-HU","isPartOf":{"@id":"https:\/\/allasorias.hu\/hirek\/#website"},"breadcrumb":{"@id":"https:\/\/allasorias.hu\/hirek\/nott-az-atlagkereset-magyarorszagon-a-ksh-szerint\/#breadcrumblist"},"author":{"@id":"https:\/\/allasorias.hu\/hirek\/author\/admin-allasorias\/#author"},"creator":{"@id":"https:\/\/allasorias.hu\/hirek\/author\/admin-allasorias\/#author"},"image":{"@type":"ImageObject","url":"https:\/\/allasorias.hu\/hirek\/wp-content\/uploads\/2023\/01\/Nott-az-atlagkereset.jpg","@id":"https:\/\/allasorias.hu\/hirek\/nott-az-atlagkereset-magyarorszagon-a-ksh-szerint\/#mainImage","width":1280,"height":853,"caption":"N\u0151tt az \u00e1tlagkereset Magyarorsz\u00e1gon a KSH szerint - Allasorias.hu\/Hirek"},"primaryImageOfPage":{"@id":"https:\/\/allasorias.hu\/hirek\/nott-az-atlagkereset-magyarorszagon-a-ksh-szerint\/#mainImage"},"datePublished":"2023-01-04T08:40:46+02:00","dateModified":"2025-05-13T13:16:30+02:00"},{"@type":"WebSite","@id":"https:\/\/allasorias.hu\/hirek\/#website","url":"https:\/\/allasorias.hu\/hirek\/","name":"AllasOrias.hu | H\u00edrek-lapszemle","description":"\u00dczleti h\u00edrek az \u00e1ll\u00e1s \u00e9s a munka vil\u00e1g\u00e1b\u00f3l","inLanguage":"hu-HU","publisher":{"@id":"https:\/\/allasorias.hu\/hirek\/#organization"}}]},"og:locale":"hu_HU","og:site_name":"AllasOrias.hu | H\u00edrek-lapszemle | \u00dczleti h\u00edrek az \u00e1ll\u00e1s \u00e9s a munka vil\u00e1g\u00e1b\u00f3l","og:type":"article","og:title":"KSH: n\u0151tt az \u00e1tlagkereset Magyarorsz\u00e1gon","og:description":"A K\u00f6zponti Statisztikai Hivatal legfrissebb adatai szerint haz\u00e1nkban n\u0151tt az \u00e1tlagkereset az el\u0151z\u0151 \u00e9vihez k\u00e9pest a b\u00e9remel\u00e9se miatt.","og:url":"https:\/\/allasorias.hu\/hirek\/nott-az-atlagkereset-magyarorszagon-a-ksh-szerint\/","og:image":"https:\/\/allasorias.hu\/hirek\/wp-content\/uploads\/2023\/01\/Nott-az-atlagkereset.jpg","og:image:secure_url":"https:\/\/allasorias.hu\/hirek\/wp-content\/uploads\/2023\/01\/Nott-az-atlagkereset.jpg","og:image:width":1280,"og:image:height":853,"article:published_time":"2023-01-04T08:40:46+00:00","article:modified_time":"2025-05-13T11:16:30+00:00","article:publisher":"https:\/\/www.facebook.com\/allasorias","twitter:card":"summary_large_image","twitter:title":"KSH: n\u0151tt az \u00e1tlagkereset Magyarorsz\u00e1gon","twitter:description":"A K\u00f6zponti Statisztikai Hivatal legfrissebb adatai szerint haz\u00e1nkban n\u0151tt az \u00e1tlagkereset az el\u0151z\u0151 \u00e9vihez k\u00e9pest a b\u00e9remel\u00e9se miatt.","twitter:image":"https:\/\/allasorias.hu\/hirek\/wp-content\/uploads\/2023\/01\/Nott-az-atlagkereset.jpg","twitter:label1":"Written by","twitter:data1":"Juh\u00e1sz P\u00e9ter","twitter:label2":"Est. reading time","twitter:data2":"1 minute"},"aioseo_meta_data":{"post_id":"6117","title":"KSH: n\u0151tt az \u00e1tlagkereset Magyarorsz\u00e1gon","description":"A K\u00f6zponti Statisztikai Hivatal legfrissebb adatai szerint haz\u00e1nkban n\u0151tt az \u00e1tlagkereset az el\u0151z\u0151 \u00e9vihez k\u00e9pest a b\u00e9remel\u00e9se miatt.","keywords":null,"keyphrases":{"focus":{"keyphrase":"\u00e1tlagkereset","score":74,"analysis":{"keyphraseInTitle":{"score":9,"maxScore":9,"error":0},"keyphraseInDescription":{"score":9,"maxScore":9,"error":0},"keyphraseLength":{"score":9,"maxScore":9,"error":0,"length":1},"keyphraseInURL":{"score":1,"maxScore":5,"error":1},"keyphraseInIntroduction":{"score":9,"maxScore":9,"error":0},"keyphraseInSubHeadings":[],"keyphraseInImageAlt":[],"keywordDensity":{"type":"high","score":0,"maxScore":9,"error":1}}},"additional":[]},"primary_term":null,"canonical_url":null,"og_title":null,"og_description":null,"og_object_type":"default","og_image_type":"default","og_image_url":null,"og_image_width":null,"og_image_height":null,"og_image_custom_url":null,"og_image_custom_fields":null,"og_video":"","og_custom_url":null,"og_article_section":null,"og_article_tags":null,"twitter_use_og":true,"twitter_card":"default","twitter_image_type":"default","twitter_image_url":null,"twitter_image_custom_url":null,"twitter_image_custom_fields":null,"twitter_title":null,"twitter_description":null,"schema":{"blockGraphs":[],"customGraphs":[],"default":{"data":{"Article":[],"Course":[],"Dataset":[],"FAQPage":[],"Movie":[],"Person":[],"Product":[],"ProductReview":[],"Car":[],"Recipe":[],"Service":[],"SoftwareApplication":[],"WebPage":[]},"graphName":"Article","isEnabled":true},"graphs":[]},"schema_type":"default","schema_type_options":null,"pillar_content":false,"robots_default":true,"robots_noindex":false,"robots_noarchive":false,"robots_nosnippet":false,"robots_nofollow":false,"robots_noimageindex":false,"robots_noodp":false,"robots_notranslate":false,"robots_max_snippet":"-1","robots_max_videopreview":"-1","robots_max_imagepreview":"large","priority":null,"frequency":"default","location":null,"local_seo":null,"breadcrumb_settings":null,"limit_modified_date":false,"ai":null,"created":"2023-01-04 08:21:43","updated":"2025-10-02 17:54:38","seo_analyzer_scan_date":null,"focus_keyword":"\u00e1tlagkereset","additional_keywords":null,"truseo_locale":null},"aioseo_breadcrumb":"<div class=\"aioseo-breadcrumbs\"><span class=\"aioseo-breadcrumb\">\n\t\t\t<a href=\"https:\/\/allasorias.hu\/hirek\" title=\"Home\">Home<\/a>\n\t\t<\/span><span class=\"aioseo-breadcrumb-separator\">&raquo;<\/span><span class=\"aioseo-breadcrumb\">\n\t\t\t<a href=\"https:\/\/allasorias.hu\/hirek\/temak\/gazdasag\/\" title=\"Gazdas\u00e1g\">Gazdas\u00e1g<\/a>\n\t\t<\/span><span class=\"aioseo-breadcrumb-separator\">&raquo;<\/span><span class=\"aioseo-breadcrumb\">\n\t\t\tN\u0151tt az \u00e1tlagkereset Magyarorsz\u00e1gon a KSH szerint\n\t\t<\/span><\/div>","aioseo_breadcrumb_json":[{"label":"Home","link":"https:\/\/allasorias.hu\/hirek"},{"label":"Gazdas\u00e1g","link":"https:\/\/allasorias.hu\/hirek\/temak\/gazdasag\/"},{"label":"N\u0151tt az \u00e1tlagkereset Magyarorsz\u00e1gon a KSH szerint","link":"https:\/\/allasorias.hu\/hirek\/nott-az-atlagkereset-magyarorszagon-a-ksh-szerint\/"}],"_links":{"self":[{"href":"https:\/\/allasorias.hu\/hirek\/wp-json\/wp\/v2\/posts\/6117","targetHints":{"allow":["GET"]}}],"collection":[{"href":"https:\/\/allasorias.hu\/hirek\/wp-json\/wp\/v2\/posts"}],"about":[{"href":"https:\/\/allasorias.hu\/hirek\/wp-json\/wp\/v2\/types\/post"}],"author":[{"embeddable":true,"href":"https:\/\/allasorias.hu\/hirek\/wp-json\/wp\/v2\/users\/1"}],"replies":[{"embeddable":true,"href":"https:\/\/allasorias.hu\/hirek\/wp-json\/wp\/v2\/comments?post=6117"}],"version-history":[{"count":2,"href":"https:\/\/allasorias.hu\/hirek\/wp-json\/wp\/v2\/posts\/6117\/revisions"}],"predecessor-version":[{"id":6120,"href":"https:\/\/allasorias.hu\/hirek\/wp-json\/wp\/v2\/posts\/6117\/revisions\/6120"}],"wp:featuredmedia":[{"embeddable":true,"href":"https:\/\/allasorias.hu\/hirek\/wp-json\/wp\/v2\/media\/6118"}],"wp:attachment":[{"href":"https:\/\/allasorias.hu\/hirek\/wp-json\/wp\/v2\/media?parent=6117"}],"wp:term":[{"taxonomy":"category","embeddable":true,"href":"https:\/\/allasorias.hu\/hirek\/wp-json\/wp\/v2\/categories?post=6117"},{"taxonomy":"post_tag","embeddable":true,"href":"https:\/\/allasorias.hu\/hirek\/wp-json\/wp\/v2\/tags?post=6117"}],"curies":[{"name":"wp","href":"https:\/\/api.w.org\/{rel}","templated":true}]}}