{"id":6110,"date":"2023-01-02T08:59:49","date_gmt":"2023-01-02T08:59:49","guid":{"rendered":"https:\/\/allasorias.hu\/hirek\/?p=6110"},"modified":"2023-01-02T09:00:39","modified_gmt":"2023-01-02T09:00:39","slug":"allamtitkari-tajekoztatas-az-adoterhekrol","status":"publish","type":"post","link":"https:\/\/allasorias.hu\/hirek\/allamtitkari-tajekoztatas-az-adoterhekrol\/","title":{"rendered":"\u00c1llamtitk\u00e1ri t\u00e1j\u00e9koztat\u00e1s az ad\u00f3terhekr\u0151l"},"content":{"rendered":"<p><strong>A v\u00e1llalkoz\u00e1sok az elm\u00falt \u00e9vben is sz\u00e1mos v\u00e1ltoz\u00e1st \u00e9ltek meg az ad\u00f3z\u00e1s ter\u00e9n. Az\u00a0 ad\u00f3terhek cs\u00f6kkent\u00e9se mellett rezsit\u00e1mogat\u00e1s, \u00e1llamilag t\u00e1mogatott hitelek, \u00e9s kamatstop is seg\u00edti \u0151ket. Mire sz\u00e1m\u00edthatnak az \u00faj \u00e9vben? <\/strong><\/p>\n<p>A P\u00e9nz\u00fcgyminiszt\u00e9rium ad\u00f3\u00fcgyek\u00e9rt felel\u0151s \u00e1llamtitk\u00e1ra Izer Norbert szerint \u00a0a korm\u00e1ny ebben a vesz\u00e9lyes id\u0151szakban is mindent megtesz annak \u00e9rdek\u00e9ben, hogy a kkv-szektor terheit cs\u00f6kkentse, fenntartsa az alacsony v\u00e1llalkoz\u00e1si ad\u00f3k politik\u00e1j\u00e1t \u00e9s ezzel megv\u00e9dje a munkahelyeket. A v\u00e1llalkoz\u00e1sokat az ad\u00f3terhek cs\u00f6kkent\u00e9se mellett rezsit\u00e1mogat\u00e1s, \u00e1llamilag t\u00e1mogatott hitelek, \u00e9s kamatstop is seg\u00edti &#8211; emelte ki.<\/p>\n<h2>Tehercs\u00f6kkent\u00e9s<\/h2>\n<p>Tizenegyr\u0151l t\u00edz sz\u00e1zal\u00e9kra cs\u00f6kkent &#8211; a kkv-szektor jelent\u0151s r\u00e9sze sz\u00e1m\u00e1ra el\u00e9rhet\u0151, kedvez\u0151 szab\u00e1lyokat, cs\u00f6kkentett adminisztr\u00e1ci\u00f3s terhet k\u00edn\u00e1l\u00f3 &#8211; kisv\u00e1llalati ad\u00f3 (kiva) kulcsa tavaly. Ezzel folytat\u00f3dott a kkv-k \u00e9vek \u00f3ta tart\u00f3 tehercs\u00f6kkent\u00e9se: 2022. okt\u00f3ber\u00e9ig m\u00e1r t\u00f6bb mint 83 ezer v\u00e1llalkoz\u00e1s d\u00f6nt\u00f6tt a kiva mellett &#8211; ismertette, majd hozz\u00e1tette azt is, hogy \u00e9rdemes pr\u00f3basz\u00e1m\u00edt\u00e1st v\u00e9gezni a P\u00e9nz\u00fcgyminiszt\u00e9rium kalkul\u00e1tor\u00e1val, mert az ad\u00f3hivatal k\u00f6zl\u00e9se szerint m\u00e9g legal\u00e1bb tov\u00e1bbi 97 ezer c\u00e9g j\u00f3l j\u00e1rna a kiv\u00e1val. A kedvez\u0151bb ad\u00f3z\u00e1si forma egy\u00fattal seg\u00edti a munkahelyek meg\u0151rz\u00e9s\u00e9t is a szankci\u00f3k okozta gazdas\u00e1gi neh\u00e9zs\u00e9gek k\u00f6zepette &#8211; emelte ki Izer Norbert.<\/p>\n<p>Az \u00e1llamtitk\u00e1r felh\u00edvta a figyelmet arra, hogy tov\u00e1bbra is Magyarorsz\u00e1gon a legalacsonyabb (9 sz\u00e1zal\u00e9k) a t\u00e1rsas\u00e1gi ad\u00f3 az OECD-orsz\u00e1gok k\u00f6z\u00fcl, \u00e9s ezt a korm\u00e1nynak siker\u00fclt megv\u00e9deni a glob\u00e1lis minimumad\u00f3r\u00f3l val\u00f3 vit\u00e1k sor\u00e1n. \u00dajdons\u00e1g, hogy a t\u00e1rsas\u00e1gi ad\u00f3ban a kis- \u00e9s k\u00f6z\u00e9pv\u00e1llalkoz\u00e1sok kedvez\u0151bb felt\u00e9telekkel vehetnek ig\u00e9nybe fejleszt\u00e9si ad\u00f3kedvezm\u00e9nyt. Ugyanis tavaly janu\u00e1r 1-j\u00e9t\u0151l kisv\u00e1llalkoz\u00e1s m\u00e1r \u00f6tven, k\u00f6z\u00e9pv\u00e1llalkoz\u00e1s m\u00e1r sz\u00e1zmilli\u00f3 forint jelen\u00e9rt\u00e9k\u0171 beruh\u00e1z\u00e1sa ut\u00e1n jogosult lehet fejleszt\u00e9si ad\u00f3kedvezm\u00e9nyre, amellyel a fizetend\u0151 ad\u00f3j\u00e1t cs\u00f6kkentheti &#8211; eml\u00e9keztetett.<\/p>\n<p>Tov\u00e1bb\u00e1 a kkv-nak min\u0151s\u00fcl\u0151 v\u00e1llalkoz\u00e1sok eset\u00e9ben a 2021-es, majd a 2022-es ad\u00f3\u00e9vben, a helyi ipar\u0171z\u00e9si ad\u00f3 m\u00e9rt\u00e9ke legfeljebb 1 sz\u00e1zal\u00e9k lehetett a j\u00e1rv\u00e1nyhelyzetre val\u00f3 tekintettel. A kedvezm\u00e9nyes szab\u00e1ly alkalmaz\u00e1s\u00e1nak felt\u00e9tele volt, hogy az \u00e9rintett v\u00e1llalkoz\u00e1sok nett\u00f3 \u00e1rbev\u00e9tel\u00e9nek vagy m\u00e9rlegf\u0151\u00f6sszeg\u00e9nek \u00e9rt\u00e9khat\u00e1ra legfeljebb 4 milli\u00e1rd forint legyen. Az \u00e1llamtitk\u00e1r hangs\u00falyozta, a kkv-szektor terheinek cs\u00f6kkent\u00e9s\u00e9t szolg\u00e1lj\u00e1k az \u0151szi ad\u00f3v\u00e1ltoz\u00e1sok is, amelyek k\u00f6z\u00fcl az \u00e1tal\u00e1nyad\u00f3z\u00f3k szocho- \u00e9s j\u00e1rul\u00e9kfizet\u00e9s\u00e9nek negyed\u00e9ves\u00edt\u00e9s\u00e9t, valamint az egyszer\u0171s\u00edtett helyi ipar\u0171z\u00e9si ad\u00f3fizet\u00e9si k\u00f6telezetts\u00e9get emelte ki Izer Norbert.<\/p>\n<p>Forr\u00e1s: <a href=\"https:\/\/www.atv.hu\/belfold\/20230102\/itt-a-bejelentes-erre-szamithatnak-2023-ban-a-vallalkozasok\" target=\"_blank\" rel=\"nofollow noopener\">atv.hu<\/a><\/p>\n<p>&nbsp;<\/p>\n","protected":false},"excerpt":{"rendered":"<p>A v\u00e1llalkoz\u00e1sok az elm\u00falt \u00e9vben is sz\u00e1mos v\u00e1ltoz\u00e1st \u00e9ltek meg az ad\u00f3z\u00e1s ter\u00e9n. Az\u00a0 ad\u00f3terhek cs\u00f6kkent\u00e9se mellett rezsit\u00e1mogat\u00e1s, \u00e1llamilag t\u00e1mogatott hitelek, \u00e9s kamatstop is seg\u00edti \u0151ket. Mire sz\u00e1m\u00edthatnak az \u00faj \u00e9vben? A P\u00e9nz\u00fcgyminiszt\u00e9rium ad\u00f3\u00fcgyek\u00e9rt felel\u0151s \u00e1llamtitk\u00e1ra Izer Norbert szerint \u00a0a korm\u00e1ny ebben a vesz\u00e9lyes id\u0151szakban is mindent megtesz annak \u00e9rdek\u00e9ben, hogy a kkv-szektor terheit cs\u00f6kkentse, [&hellip;]<\/p>\n","protected":false},"author":1,"featured_media":6111,"comment_status":"open","ping_status":"open","sticky":false,"template":"","format":"standard","meta":{"_monsterinsights_skip_tracking":false,"footnotes":""},"categories":[198],"tags":[326,327],"class_list":["post-6110","post","type-post","status-publish","format-standard","has-post-thumbnail","hentry","category-gazdasag","tag-adoterhek","tag-adozas"],"aioseo_notices":[],"aioseo_head":"\n\t\t<!-- All in One SEO 5.0.0.1 - aioseo.com -->\n\t<meta name=\"description\" content=\"A v\u00e1llalkoz\u00e1sok az elm\u00falt \u00e9vben is sz\u00e1mos v\u00e1ltoz\u00e1st \u00e9ltek meg az ad\u00f3z\u00e1s ter\u00e9n. Az ad\u00f3terhek cs\u00f6kkent\u00e9se mellett rezsit\u00e1mogat\u00e1s, hitelek is seg\u00edti \u0151ket.\" \/>\n\t<meta name=\"robots\" content=\"max-image-preview:large\" \/>\n\t<meta name=\"author\" content=\"Juh\u00e1sz P\u00e9ter\"\/>\n\t<meta name=\"keywords\" content=\"ad\u00f3terhek,ad\u00f3z\u00e1s\" \/>\n\t<link rel=\"canonical\" href=\"https:\/\/allasorias.hu\/hirek\/allamtitkari-tajekoztatas-az-adoterhekrol\/\" \/>\n\t<meta name=\"generator\" content=\"All in One SEO (AIOSEO) 5.0.0.1\" \/>\n\t\t<meta property=\"og:locale\" content=\"hu_HU\" \/>\n\t\t<meta property=\"og:site_name\" content=\"AllasOrias.hu | H\u00edrek-lapszemle | \u00dczleti h\u00edrek az \u00e1ll\u00e1s \u00e9s a munka vil\u00e1g\u00e1b\u00f3l\" \/>\n\t\t<meta property=\"og:type\" content=\"article\" \/>\n\t\t<meta property=\"og:title\" content=\"\u00c1llamtitk\u00e1ri t\u00e1j\u00e9koztat\u00e1s az ad\u00f3terhekr\u0151l | Allasorias.hu\" \/>\n\t\t<meta property=\"og:description\" content=\"A v\u00e1llalkoz\u00e1sok az elm\u00falt \u00e9vben is sz\u00e1mos v\u00e1ltoz\u00e1st \u00e9ltek meg az ad\u00f3z\u00e1s ter\u00e9n. Az ad\u00f3terhek cs\u00f6kkent\u00e9se mellett rezsit\u00e1mogat\u00e1s, hitelek is seg\u00edti \u0151ket.\" \/>\n\t\t<meta property=\"og:url\" content=\"https:\/\/allasorias.hu\/hirek\/allamtitkari-tajekoztatas-az-adoterhekrol\/\" \/>\n\t\t<meta property=\"og:image\" content=\"https:\/\/allasorias.hu\/hirek\/wp-content\/uploads\/2023\/01\/Adoterhek.jpg\" \/>\n\t\t<meta property=\"og:image:secure_url\" content=\"https:\/\/allasorias.hu\/hirek\/wp-content\/uploads\/2023\/01\/Adoterhek.jpg\" \/>\n\t\t<meta property=\"og:image:width\" content=\"1280\" \/>\n\t\t<meta property=\"og:image:height\" content=\"853\" \/>\n\t\t<meta property=\"article:published_time\" content=\"2023-01-02T08:59:49+00:00\" \/>\n\t\t<meta property=\"article:modified_time\" content=\"2023-01-02T09:00:39+00:00\" \/>\n\t\t<meta property=\"article:publisher\" content=\"https:\/\/www.facebook.com\/allasorias\" \/>\n\t\t<meta name=\"twitter:card\" content=\"summary_large_image\" \/>\n\t\t<meta name=\"twitter:title\" content=\"\u00c1llamtitk\u00e1ri t\u00e1j\u00e9koztat\u00e1s az ad\u00f3terhekr\u0151l | Allasorias.hu\" \/>\n\t\t<meta name=\"twitter:description\" content=\"A v\u00e1llalkoz\u00e1sok az elm\u00falt \u00e9vben is sz\u00e1mos v\u00e1ltoz\u00e1st \u00e9ltek meg az ad\u00f3z\u00e1s ter\u00e9n. Az ad\u00f3terhek cs\u00f6kkent\u00e9se mellett rezsit\u00e1mogat\u00e1s, hitelek is seg\u00edti \u0151ket.\" \/>\n\t\t<meta name=\"twitter:image\" content=\"https:\/\/allasorias.hu\/hirek\/wp-content\/uploads\/2023\/01\/Adoterhek.jpg\" \/>\n\t\t<meta name=\"twitter:label1\" content=\"Written by\" \/>\n\t\t<meta name=\"twitter:data1\" content=\"Juh\u00e1sz P\u00e9ter\" \/>\n\t\t<meta name=\"twitter:label2\" content=\"Est. reading time\" \/>\n\t\t<meta name=\"twitter:data2\" content=\"3 minutes\" \/>\n\t\t<script type=\"application\/ld+json\" class=\"aioseo-schema\">\n\t\t\t{\"@context\":\"https:\\\/\\\/schema.org\",\"@graph\":[{\"@type\":\"Article\",\"@id\":\"https:\\\/\\\/allasorias.hu\\\/hirek\\\/allamtitkari-tajekoztatas-az-adoterhekrol\\\/#article\",\"name\":\"\\u00c1llamtitk\\u00e1ri t\\u00e1j\\u00e9koztat\\u00e1s az ad\\u00f3terhekr\\u0151l | Allasorias.hu\",\"headline\":\"\\u00c1llamtitk\\u00e1ri t\\u00e1j\\u00e9koztat\\u00e1s az ad\\u00f3terhekr\\u0151l\",\"author\":{\"@id\":\"https:\\\/\\\/allasorias.hu\\\/hirek\\\/author\\\/admin-allasorias\\\/#author\"},\"publisher\":{\"@id\":\"https:\\\/\\\/allasorias.hu\\\/hirek\\\/#organization\"},\"image\":{\"@type\":\"ImageObject\",\"url\":\"https:\\\/\\\/allasorias.hu\\\/hirek\\\/wp-content\\\/uploads\\\/2023\\\/01\\\/Adoterhek.jpg\",\"width\":1280,\"height\":853,\"caption\":\"\\u00c1llamtitk\\u00e1ri t\\u00e1j\\u00e9koztat\\u00e1s az ad\\u00f3terhekr\\u0151l - Allasorias.hu\\\/Hirek\"},\"datePublished\":\"2023-01-02T08:59:49+02:00\",\"dateModified\":\"2023-01-02T09:00:39+02:00\",\"inLanguage\":\"hu-HU\",\"mainEntityOfPage\":{\"@id\":\"https:\\\/\\\/allasorias.hu\\\/hirek\\\/allamtitkari-tajekoztatas-az-adoterhekrol\\\/#webpage\"},\"isPartOf\":{\"@id\":\"https:\\\/\\\/allasorias.hu\\\/hirek\\\/allamtitkari-tajekoztatas-az-adoterhekrol\\\/#webpage\"},\"articleSection\":\"Gazdas\\u00e1g, ad\\u00f3terhek, ad\\u00f3z\\u00e1s\"},{\"@type\":\"BreadcrumbList\",\"@id\":\"https:\\\/\\\/allasorias.hu\\\/hirek\\\/allamtitkari-tajekoztatas-az-adoterhekrol\\\/#breadcrumblist\",\"itemListElement\":[{\"@type\":\"ListItem\",\"@id\":\"https:\\\/\\\/allasorias.hu\\\/hirek#listItem\",\"position\":1,\"name\":\"Home\",\"item\":\"https:\\\/\\\/allasorias.hu\\\/hirek\",\"nextItem\":{\"@type\":\"ListItem\",\"@id\":\"https:\\\/\\\/allasorias.hu\\\/hirek\\\/temak\\\/gazdasag\\\/#listItem\",\"name\":\"Gazdas\\u00e1g\"}},{\"@type\":\"ListItem\",\"@id\":\"https:\\\/\\\/allasorias.hu\\\/hirek\\\/temak\\\/gazdasag\\\/#listItem\",\"position\":2,\"name\":\"Gazdas\\u00e1g\",\"item\":\"https:\\\/\\\/allasorias.hu\\\/hirek\\\/temak\\\/gazdasag\\\/\",\"nextItem\":{\"@type\":\"ListItem\",\"@id\":\"https:\\\/\\\/allasorias.hu\\\/hirek\\\/allamtitkari-tajekoztatas-az-adoterhekrol\\\/#listItem\",\"name\":\"\\u00c1llamtitk\\u00e1ri t\\u00e1j\\u00e9koztat\\u00e1s az ad\\u00f3terhekr\\u0151l\"},\"previousItem\":{\"@type\":\"ListItem\",\"@id\":\"https:\\\/\\\/allasorias.hu\\\/hirek#listItem\",\"name\":\"Home\"}},{\"@type\":\"ListItem\",\"@id\":\"https:\\\/\\\/allasorias.hu\\\/hirek\\\/allamtitkari-tajekoztatas-az-adoterhekrol\\\/#listItem\",\"position\":3,\"name\":\"\\u00c1llamtitk\\u00e1ri t\\u00e1j\\u00e9koztat\\u00e1s az ad\\u00f3terhekr\\u0151l\",\"previousItem\":{\"@type\":\"ListItem\",\"@id\":\"https:\\\/\\\/allasorias.hu\\\/hirek\\\/temak\\\/gazdasag\\\/#listItem\",\"name\":\"Gazdas\\u00e1g\"}}]},{\"@type\":\"Organization\",\"@id\":\"https:\\\/\\\/allasorias.hu\\\/hirek\\\/#organization\",\"name\":\"AllasOrias.hu | H\\u00edrek-lapszemle\",\"description\":\"\\u00dczleti h\\u00edrek az \\u00e1ll\\u00e1s \\u00e9s a munka vil\\u00e1g\\u00e1b\\u00f3l\",\"url\":\"https:\\\/\\\/allasorias.hu\\\/hirek\\\/\",\"logo\":{\"@type\":\"ImageObject\",\"url\":\"https:\\\/\\\/allasorias.hu\\\/hirek\\\/wp-content\\\/uploads\\\/2022\\\/10\\\/allasorias_site_facebok_logo.png\",\"@id\":\"https:\\\/\\\/allasorias.hu\\\/hirek\\\/allamtitkari-tajekoztatas-az-adoterhekrol\\\/#organizationLogo\"},\"image\":{\"@id\":\"https:\\\/\\\/allasorias.hu\\\/hirek\\\/allamtitkari-tajekoztatas-az-adoterhekrol\\\/#organizationLogo\"},\"sameAs\":[\"https:\\\/\\\/www.facebook.com\\\/allasorias\",\"https:\\\/\\\/www.linkedin.com\\\/company\\\/allasorias\"]},{\"@type\":\"Person\",\"@id\":\"https:\\\/\\\/allasorias.hu\\\/hirek\\\/author\\\/admin-allasorias\\\/#author\",\"url\":\"https:\\\/\\\/allasorias.hu\\\/hirek\\\/author\\\/admin-allasorias\\\/\",\"name\":\"Juh\\u00e1sz P\\u00e9ter\",\"image\":{\"@type\":\"ImageObject\",\"@id\":\"https:\\\/\\\/allasorias.hu\\\/hirek\\\/allamtitkari-tajekoztatas-az-adoterhekrol\\\/#authorImage\",\"url\":\"https:\\\/\\\/secure.gravatar.com\\\/avatar\\\/36e6bcb83148978b992977cb0f54d22feb0cce8a0a849a9410532bb2623ba4c6?s=96&d=mm&r=g\",\"width\":96,\"height\":96,\"caption\":\"Juh\\u00e1sz P\\u00e9ter\"}},{\"@type\":\"WebPage\",\"@id\":\"https:\\\/\\\/allasorias.hu\\\/hirek\\\/allamtitkari-tajekoztatas-az-adoterhekrol\\\/#webpage\",\"url\":\"https:\\\/\\\/allasorias.hu\\\/hirek\\\/allamtitkari-tajekoztatas-az-adoterhekrol\\\/\",\"name\":\"\\u00c1llamtitk\\u00e1ri t\\u00e1j\\u00e9koztat\\u00e1s az ad\\u00f3terhekr\\u0151l | Allasorias.hu\",\"description\":\"A v\\u00e1llalkoz\\u00e1sok az elm\\u00falt \\u00e9vben is sz\\u00e1mos v\\u00e1ltoz\\u00e1st \\u00e9ltek meg az ad\\u00f3z\\u00e1s ter\\u00e9n. Az ad\\u00f3terhek cs\\u00f6kkent\\u00e9se mellett rezsit\\u00e1mogat\\u00e1s, hitelek is seg\\u00edti \\u0151ket.\",\"inLanguage\":\"hu-HU\",\"isPartOf\":{\"@id\":\"https:\\\/\\\/allasorias.hu\\\/hirek\\\/#website\"},\"breadcrumb\":{\"@id\":\"https:\\\/\\\/allasorias.hu\\\/hirek\\\/allamtitkari-tajekoztatas-az-adoterhekrol\\\/#breadcrumblist\"},\"author\":{\"@id\":\"https:\\\/\\\/allasorias.hu\\\/hirek\\\/author\\\/admin-allasorias\\\/#author\"},\"creator\":{\"@id\":\"https:\\\/\\\/allasorias.hu\\\/hirek\\\/author\\\/admin-allasorias\\\/#author\"},\"image\":{\"@type\":\"ImageObject\",\"url\":\"https:\\\/\\\/allasorias.hu\\\/hirek\\\/wp-content\\\/uploads\\\/2023\\\/01\\\/Adoterhek.jpg\",\"@id\":\"https:\\\/\\\/allasorias.hu\\\/hirek\\\/allamtitkari-tajekoztatas-az-adoterhekrol\\\/#mainImage\",\"width\":1280,\"height\":853,\"caption\":\"\\u00c1llamtitk\\u00e1ri t\\u00e1j\\u00e9koztat\\u00e1s az ad\\u00f3terhekr\\u0151l - Allasorias.hu\\\/Hirek\"},\"primaryImageOfPage\":{\"@id\":\"https:\\\/\\\/allasorias.hu\\\/hirek\\\/allamtitkari-tajekoztatas-az-adoterhekrol\\\/#mainImage\"},\"datePublished\":\"2023-01-02T08:59:49+02:00\",\"dateModified\":\"2023-01-02T09:00:39+02:00\"},{\"@type\":\"WebSite\",\"@id\":\"https:\\\/\\\/allasorias.hu\\\/hirek\\\/#website\",\"url\":\"https:\\\/\\\/allasorias.hu\\\/hirek\\\/\",\"name\":\"AllasOrias.hu | H\\u00edrek-lapszemle\",\"description\":\"\\u00dczleti h\\u00edrek az \\u00e1ll\\u00e1s \\u00e9s a munka vil\\u00e1g\\u00e1b\\u00f3l\",\"inLanguage\":\"hu-HU\",\"publisher\":{\"@id\":\"https:\\\/\\\/allasorias.hu\\\/hirek\\\/#organization\"}}]}\n\t\t<\/script>\n\t\t<!-- All in One SEO -->\n\n","aioseo_head_json":{"title":"\u00c1llamtitk\u00e1ri t\u00e1j\u00e9koztat\u00e1s az ad\u00f3terhekr\u0151l | Allasorias.hu","description":"A v\u00e1llalkoz\u00e1sok az elm\u00falt \u00e9vben is sz\u00e1mos v\u00e1ltoz\u00e1st \u00e9ltek meg az ad\u00f3z\u00e1s ter\u00e9n. Az ad\u00f3terhek cs\u00f6kkent\u00e9se mellett rezsit\u00e1mogat\u00e1s, hitelek is seg\u00edti \u0151ket.","canonical_url":"https:\/\/allasorias.hu\/hirek\/allamtitkari-tajekoztatas-az-adoterhekrol\/","robots":"max-image-preview:large","keywords":"ad\u00f3terhek,ad\u00f3z\u00e1s","webmasterTools":{"miscellaneous":""},"schema":{"@context":"https:\/\/schema.org","@graph":[{"@type":"Article","@id":"https:\/\/allasorias.hu\/hirek\/allamtitkari-tajekoztatas-az-adoterhekrol\/#article","name":"\u00c1llamtitk\u00e1ri t\u00e1j\u00e9koztat\u00e1s az ad\u00f3terhekr\u0151l | Allasorias.hu","headline":"\u00c1llamtitk\u00e1ri t\u00e1j\u00e9koztat\u00e1s az ad\u00f3terhekr\u0151l","author":{"@id":"https:\/\/allasorias.hu\/hirek\/author\/admin-allasorias\/#author"},"publisher":{"@id":"https:\/\/allasorias.hu\/hirek\/#organization"},"image":{"@type":"ImageObject","url":"https:\/\/allasorias.hu\/hirek\/wp-content\/uploads\/2023\/01\/Adoterhek.jpg","width":1280,"height":853,"caption":"\u00c1llamtitk\u00e1ri t\u00e1j\u00e9koztat\u00e1s az ad\u00f3terhekr\u0151l - Allasorias.hu\/Hirek"},"datePublished":"2023-01-02T08:59:49+02:00","dateModified":"2023-01-02T09:00:39+02:00","inLanguage":"hu-HU","mainEntityOfPage":{"@id":"https:\/\/allasorias.hu\/hirek\/allamtitkari-tajekoztatas-az-adoterhekrol\/#webpage"},"isPartOf":{"@id":"https:\/\/allasorias.hu\/hirek\/allamtitkari-tajekoztatas-az-adoterhekrol\/#webpage"},"articleSection":"Gazdas\u00e1g, ad\u00f3terhek, ad\u00f3z\u00e1s"},{"@type":"BreadcrumbList","@id":"https:\/\/allasorias.hu\/hirek\/allamtitkari-tajekoztatas-az-adoterhekrol\/#breadcrumblist","itemListElement":[{"@type":"ListItem","@id":"https:\/\/allasorias.hu\/hirek#listItem","position":1,"name":"Home","item":"https:\/\/allasorias.hu\/hirek","nextItem":{"@type":"ListItem","@id":"https:\/\/allasorias.hu\/hirek\/temak\/gazdasag\/#listItem","name":"Gazdas\u00e1g"}},{"@type":"ListItem","@id":"https:\/\/allasorias.hu\/hirek\/temak\/gazdasag\/#listItem","position":2,"name":"Gazdas\u00e1g","item":"https:\/\/allasorias.hu\/hirek\/temak\/gazdasag\/","nextItem":{"@type":"ListItem","@id":"https:\/\/allasorias.hu\/hirek\/allamtitkari-tajekoztatas-az-adoterhekrol\/#listItem","name":"\u00c1llamtitk\u00e1ri t\u00e1j\u00e9koztat\u00e1s az ad\u00f3terhekr\u0151l"},"previousItem":{"@type":"ListItem","@id":"https:\/\/allasorias.hu\/hirek#listItem","name":"Home"}},{"@type":"ListItem","@id":"https:\/\/allasorias.hu\/hirek\/allamtitkari-tajekoztatas-az-adoterhekrol\/#listItem","position":3,"name":"\u00c1llamtitk\u00e1ri t\u00e1j\u00e9koztat\u00e1s az ad\u00f3terhekr\u0151l","previousItem":{"@type":"ListItem","@id":"https:\/\/allasorias.hu\/hirek\/temak\/gazdasag\/#listItem","name":"Gazdas\u00e1g"}}]},{"@type":"Organization","@id":"https:\/\/allasorias.hu\/hirek\/#organization","name":"AllasOrias.hu | H\u00edrek-lapszemle","description":"\u00dczleti h\u00edrek az \u00e1ll\u00e1s \u00e9s a munka vil\u00e1g\u00e1b\u00f3l","url":"https:\/\/allasorias.hu\/hirek\/","logo":{"@type":"ImageObject","url":"https:\/\/allasorias.hu\/hirek\/wp-content\/uploads\/2022\/10\/allasorias_site_facebok_logo.png","@id":"https:\/\/allasorias.hu\/hirek\/allamtitkari-tajekoztatas-az-adoterhekrol\/#organizationLogo"},"image":{"@id":"https:\/\/allasorias.hu\/hirek\/allamtitkari-tajekoztatas-az-adoterhekrol\/#organizationLogo"},"sameAs":["https:\/\/www.facebook.com\/allasorias","https:\/\/www.linkedin.com\/company\/allasorias"]},{"@type":"Person","@id":"https:\/\/allasorias.hu\/hirek\/author\/admin-allasorias\/#author","url":"https:\/\/allasorias.hu\/hirek\/author\/admin-allasorias\/","name":"Juh\u00e1sz P\u00e9ter","image":{"@type":"ImageObject","@id":"https:\/\/allasorias.hu\/hirek\/allamtitkari-tajekoztatas-az-adoterhekrol\/#authorImage","url":"https:\/\/secure.gravatar.com\/avatar\/36e6bcb83148978b992977cb0f54d22feb0cce8a0a849a9410532bb2623ba4c6?s=96&d=mm&r=g","width":96,"height":96,"caption":"Juh\u00e1sz P\u00e9ter"}},{"@type":"WebPage","@id":"https:\/\/allasorias.hu\/hirek\/allamtitkari-tajekoztatas-az-adoterhekrol\/#webpage","url":"https:\/\/allasorias.hu\/hirek\/allamtitkari-tajekoztatas-az-adoterhekrol\/","name":"\u00c1llamtitk\u00e1ri t\u00e1j\u00e9koztat\u00e1s az ad\u00f3terhekr\u0151l | Allasorias.hu","description":"A v\u00e1llalkoz\u00e1sok az elm\u00falt \u00e9vben is sz\u00e1mos v\u00e1ltoz\u00e1st \u00e9ltek meg az ad\u00f3z\u00e1s ter\u00e9n. Az ad\u00f3terhek cs\u00f6kkent\u00e9se mellett rezsit\u00e1mogat\u00e1s, hitelek is seg\u00edti \u0151ket.","inLanguage":"hu-HU","isPartOf":{"@id":"https:\/\/allasorias.hu\/hirek\/#website"},"breadcrumb":{"@id":"https:\/\/allasorias.hu\/hirek\/allamtitkari-tajekoztatas-az-adoterhekrol\/#breadcrumblist"},"author":{"@id":"https:\/\/allasorias.hu\/hirek\/author\/admin-allasorias\/#author"},"creator":{"@id":"https:\/\/allasorias.hu\/hirek\/author\/admin-allasorias\/#author"},"image":{"@type":"ImageObject","url":"https:\/\/allasorias.hu\/hirek\/wp-content\/uploads\/2023\/01\/Adoterhek.jpg","@id":"https:\/\/allasorias.hu\/hirek\/allamtitkari-tajekoztatas-az-adoterhekrol\/#mainImage","width":1280,"height":853,"caption":"\u00c1llamtitk\u00e1ri t\u00e1j\u00e9koztat\u00e1s az ad\u00f3terhekr\u0151l - Allasorias.hu\/Hirek"},"primaryImageOfPage":{"@id":"https:\/\/allasorias.hu\/hirek\/allamtitkari-tajekoztatas-az-adoterhekrol\/#mainImage"},"datePublished":"2023-01-02T08:59:49+02:00","dateModified":"2023-01-02T09:00:39+02:00"},{"@type":"WebSite","@id":"https:\/\/allasorias.hu\/hirek\/#website","url":"https:\/\/allasorias.hu\/hirek\/","name":"AllasOrias.hu | H\u00edrek-lapszemle","description":"\u00dczleti h\u00edrek az \u00e1ll\u00e1s \u00e9s a munka vil\u00e1g\u00e1b\u00f3l","inLanguage":"hu-HU","publisher":{"@id":"https:\/\/allasorias.hu\/hirek\/#organization"}}]},"og:locale":"hu_HU","og:site_name":"AllasOrias.hu | H\u00edrek-lapszemle | \u00dczleti h\u00edrek az \u00e1ll\u00e1s \u00e9s a munka vil\u00e1g\u00e1b\u00f3l","og:type":"article","og:title":"\u00c1llamtitk\u00e1ri t\u00e1j\u00e9koztat\u00e1s az ad\u00f3terhekr\u0151l | Allasorias.hu","og:description":"A v\u00e1llalkoz\u00e1sok az elm\u00falt \u00e9vben is sz\u00e1mos v\u00e1ltoz\u00e1st \u00e9ltek meg az ad\u00f3z\u00e1s ter\u00e9n. Az ad\u00f3terhek cs\u00f6kkent\u00e9se mellett rezsit\u00e1mogat\u00e1s, hitelek is seg\u00edti \u0151ket.","og:url":"https:\/\/allasorias.hu\/hirek\/allamtitkari-tajekoztatas-az-adoterhekrol\/","og:image":"https:\/\/allasorias.hu\/hirek\/wp-content\/uploads\/2023\/01\/Adoterhek.jpg","og:image:secure_url":"https:\/\/allasorias.hu\/hirek\/wp-content\/uploads\/2023\/01\/Adoterhek.jpg","og:image:width":1280,"og:image:height":853,"article:published_time":"2023-01-02T08:59:49+00:00","article:modified_time":"2023-01-02T09:00:39+00:00","article:publisher":"https:\/\/www.facebook.com\/allasorias","twitter:card":"summary_large_image","twitter:title":"\u00c1llamtitk\u00e1ri t\u00e1j\u00e9koztat\u00e1s az ad\u00f3terhekr\u0151l | Allasorias.hu","twitter:description":"A v\u00e1llalkoz\u00e1sok az elm\u00falt \u00e9vben is sz\u00e1mos v\u00e1ltoz\u00e1st \u00e9ltek meg az ad\u00f3z\u00e1s ter\u00e9n. Az ad\u00f3terhek cs\u00f6kkent\u00e9se mellett rezsit\u00e1mogat\u00e1s, hitelek is seg\u00edti \u0151ket.","twitter:image":"https:\/\/allasorias.hu\/hirek\/wp-content\/uploads\/2023\/01\/Adoterhek.jpg","twitter:label1":"Written by","twitter:data1":"Juh\u00e1sz P\u00e9ter","twitter:label2":"Est. reading time","twitter:data2":"3 minutes"},"aioseo_meta_data":{"post_id":"6110","title":"#post_title | Allasorias.hu","description":"A v\u00e1llalkoz\u00e1sok az elm\u00falt \u00e9vben is sz\u00e1mos v\u00e1ltoz\u00e1st \u00e9ltek meg az ad\u00f3z\u00e1s ter\u00e9n. Az ad\u00f3terhek cs\u00f6kkent\u00e9se mellett rezsit\u00e1mogat\u00e1s, hitelek is seg\u00edti \u0151ket.","keywords":[],"keyphrases":{"focus":{"keyphrase":"ad\u00f3terhek","score":76,"analysis":{"keyphraseInTitle":{"title":"Focus keyphrase in SEO title","description":"Focus keyphrase not found in SEO title.","score":3,"maxScore":9,"error":1},"keyphraseInDescription":{"title":"Focus keyphrase in meta description","description":"Focus keyphrase found in meta description.","score":9,"maxScore":9,"error":0},"keyphraseLength":{"title":"Focus keyphrase length","description":"Good job!","score":9,"maxScore":9,"error":0,"length":1},"keyphraseInURL":{"title":"Focus keyphrase in URL","description":"Focus keyphrase used in the URL.","score":5,"maxScore":5,"error":0},"keyphraseInIntroduction":{"title":"Focus keyphrase in introduction","description":"Your Focus keyphrase appears in the first paragraph. Well done!","score":9,"maxScore":9,"error":0},"keyphraseInSubHeadings":{"title":"Focus keyphrase in Subheadings","description":"Use your focus keyphrase more in your H2 and H3 subheadings.","score":3,"maxScore":9,"error":1},"keyphraseInImageAlt":[]}},"additional":[]},"primary_term":null,"canonical_url":null,"og_title":null,"og_description":null,"og_object_type":"default","og_image_type":"default","og_image_url":null,"og_image_width":null,"og_image_height":null,"og_image_custom_url":null,"og_image_custom_fields":null,"og_video":"","og_custom_url":null,"og_article_section":null,"og_article_tags":[],"twitter_use_og":true,"twitter_card":"default","twitter_image_type":"default","twitter_image_url":null,"twitter_image_custom_url":null,"twitter_image_custom_fields":null,"twitter_title":null,"twitter_description":null,"schema":{"blockGraphs":[],"customGraphs":[],"default":{"data":{"Article":[],"Course":[],"Dataset":[],"FAQPage":[],"Movie":[],"Person":[],"Product":[],"ProductReview":[],"Car":[],"Recipe":[],"Service":[],"SoftwareApplication":[],"WebPage":[]},"graphName":"Article","isEnabled":true},"graphs":[]},"schema_type":"default","schema_type_options":null,"pillar_content":false,"robots_default":true,"robots_noindex":false,"robots_noarchive":false,"robots_nosnippet":false,"robots_nofollow":false,"robots_noimageindex":false,"robots_noodp":false,"robots_notranslate":false,"robots_max_snippet":"-1","robots_max_videopreview":"-1","robots_max_imagepreview":"large","priority":null,"frequency":"default","location":null,"local_seo":null,"breadcrumb_settings":null,"limit_modified_date":false,"ai":null,"created":"2023-01-02 08:46:30","updated":"2025-10-02 17:54:38","seo_analyzer_scan_date":null,"focus_keyword":"ad\u00f3terhek","additional_keywords":null,"truseo_locale":null},"aioseo_breadcrumb":"<div class=\"aioseo-breadcrumbs\"><span class=\"aioseo-breadcrumb\">\n\t\t\t<a href=\"https:\/\/allasorias.hu\/hirek\" title=\"Home\">Home<\/a>\n\t\t<\/span><span class=\"aioseo-breadcrumb-separator\">&raquo;<\/span><span class=\"aioseo-breadcrumb\">\n\t\t\t<a href=\"https:\/\/allasorias.hu\/hirek\/temak\/gazdasag\/\" title=\"Gazdas\u00e1g\">Gazdas\u00e1g<\/a>\n\t\t<\/span><span class=\"aioseo-breadcrumb-separator\">&raquo;<\/span><span class=\"aioseo-breadcrumb\">\n\t\t\t\u00c1llamtitk\u00e1ri t\u00e1j\u00e9koztat\u00e1s az ad\u00f3terhekr\u0151l\n\t\t<\/span><\/div>","aioseo_breadcrumb_json":[{"label":"Home","link":"https:\/\/allasorias.hu\/hirek"},{"label":"Gazdas\u00e1g","link":"https:\/\/allasorias.hu\/hirek\/temak\/gazdasag\/"},{"label":"\u00c1llamtitk\u00e1ri t\u00e1j\u00e9koztat\u00e1s az ad\u00f3terhekr\u0151l","link":"https:\/\/allasorias.hu\/hirek\/allamtitkari-tajekoztatas-az-adoterhekrol\/"}],"_links":{"self":[{"href":"https:\/\/allasorias.hu\/hirek\/wp-json\/wp\/v2\/posts\/6110","targetHints":{"allow":["GET"]}}],"collection":[{"href":"https:\/\/allasorias.hu\/hirek\/wp-json\/wp\/v2\/posts"}],"about":[{"href":"https:\/\/allasorias.hu\/hirek\/wp-json\/wp\/v2\/types\/post"}],"author":[{"embeddable":true,"href":"https:\/\/allasorias.hu\/hirek\/wp-json\/wp\/v2\/users\/1"}],"replies":[{"embeddable":true,"href":"https:\/\/allasorias.hu\/hirek\/wp-json\/wp\/v2\/comments?post=6110"}],"version-history":[{"count":2,"href":"https:\/\/allasorias.hu\/hirek\/wp-json\/wp\/v2\/posts\/6110\/revisions"}],"predecessor-version":[{"id":6113,"href":"https:\/\/allasorias.hu\/hirek\/wp-json\/wp\/v2\/posts\/6110\/revisions\/6113"}],"wp:featuredmedia":[{"embeddable":true,"href":"https:\/\/allasorias.hu\/hirek\/wp-json\/wp\/v2\/media\/6111"}],"wp:attachment":[{"href":"https:\/\/allasorias.hu\/hirek\/wp-json\/wp\/v2\/media?parent=6110"}],"wp:term":[{"taxonomy":"category","embeddable":true,"href":"https:\/\/allasorias.hu\/hirek\/wp-json\/wp\/v2\/categories?post=6110"},{"taxonomy":"post_tag","embeddable":true,"href":"https:\/\/allasorias.hu\/hirek\/wp-json\/wp\/v2\/tags?post=6110"}],"curies":[{"name":"wp","href":"https:\/\/api.w.org\/{rel}","templated":true}]}}