{"id":6049,"date":"2022-12-16T13:12:38","date_gmt":"2022-12-16T13:12:38","guid":{"rendered":"https:\/\/allasorias.hu\/hirek\/?p=6049"},"modified":"2025-05-13T15:48:52","modified_gmt":"2025-05-13T13:48:52","slug":"tobb-teruletet-nem-erintett-a-valsag-a-fizetesek-teren","status":"publish","type":"post","link":"https:\/\/allasorias.hu\/hirek\/tobb-teruletet-nem-erintett-a-valsag-a-fizetesek-teren\/","title":{"rendered":"T\u00f6bb ter\u00fcletet nem \u00e9rintett a v\u00e1ls\u00e1g a fizet\u00e9sek ter\u00e9n"},"content":{"rendered":"<p><strong>A v\u00e1ls\u00e1g t\u00f6bb szektort nem \u00e9rintett negat\u00edvan a fizet\u00e9sek ter\u00e9n, ilyen p\u00e9ld\u00e1ul az IT-szektor, a p\u00e9nz\u00fcgyi ter\u00fclet. Egyes informatikusok 1.5-2 milli\u00f3 Ft-ot is keresnek. A magas infl\u00e1ci\u00f3 \u00fajabb jelent\u0151s b\u00e9remel\u00e9seket tesz sz\u00fcks\u00e9gess\u00e9 hamarosan. <\/strong><\/p>\n<p>Azok a c\u00e9gek, amelyek nem tudnak legal\u00e1bb infl\u00e1ci\u00f3k\u00f6vet\u0151 b\u00e9remel\u00e9st adni, a fluktu\u00e1ci\u00f3 n\u00f6veked\u00e9s\u00e9vel n\u00e9zhetnek szembe, ugyanis a meg\u00e9lhet\u00e9si k\u00f6lts\u00e9gek drasztikus emelked\u00e9se miatt sok dolgoz\u00f3 k\u00e9nytelen lesz v\u00e1ltani. Id\u00e9n jelent\u0151s m\u00e9rt\u00e9kben emelkedett sokak keresete a Grafton Salary Guide felm\u00e9r\u00e9sei szerint, \u00e1m a legt\u00f6bben \u00fagy \u00e9rtek el kiemelked\u0151 b\u00e9rn\u00f6veked\u00e9st, hogy munkahelyet v\u00e1ltottak. A legnagyobb b\u00e9remelked\u00e9st ugyanis \u00fagy lehet kiharcolni, ha valaki \u00faj munkahely ut\u00e1n n\u00e9z. A k\u00f6vetkez\u0151 h\u00f3napokban az \u00e9vtizedek \u00f3ta nem l\u00e1tott infl\u00e1ci\u00f3 miatt sz\u00e1mos dolgoz\u00f3 erre k\u00e9nyszer\u00fclhet, ugyanis nem minden c\u00e9g fogja a p\u00e9nzroml\u00e1s m\u00e9rt\u00e9k\u00e9vel emelni a b\u00e9reket. A legkev\u00e9sb\u00e9 az IT-szektorban dolgoz\u00f3kat \u00e9rinti az egyre er\u0151s\u00f6d\u0151 recesszi\u00f3 szele.<\/p>\n<h2>N\u00f6veked\u0151 IT-szektor<\/h2>\n<p>Az IT-szektor n\u00f6veked\u00e9se ugyanis id\u00e9n is kitart, aminek k\u00f6vetkezt\u00e9ben egyre t\u00f6bb k\u00e9pzett dolgoz\u00f3ra van sz\u00fcks\u00e9g, a n\u00f6vekv\u0151 munkaer\u0151hi\u00e1ny miatt pedig folyamatosan emelkednek a b\u00e9rek. A v\u00e1llalatok t\u00f6bbs\u00e9ge az \u00e9v els\u0151 fel\u00e9ben 5 \u00e9s 15 sz\u00e1zal\u00e9k k\u00f6z\u00f6tti b\u00e9remel\u00e9st adott. Ennek k\u00f6sz\u00f6nhet\u0151en m\u00e1r egyes junior poz\u00edci\u00f3kban egy-h\u00e1rom \u00e9v tapasztalat \u2013 is megjelentek a brutt\u00f3 egymilli\u00f3 Ft feletti fizet\u00e9sek. A mediorok szintj\u00e9n nem ritka az 1,5 milli\u00f3s, m\u00edg a legal\u00e1bb hat \u00e9v tapasztalattal rendelkez\u0151kn\u00e9l, vagyis a senior munkav\u00e1llal\u00f3kn\u00e1l a k\u00e9tmilli\u00f3s fizet\u00e9s. \u201eA Covid okozta digitaliz\u00e1ci\u00f3 miatt m\u00e9g ink\u00e1bb megn\u0151tt a kereslet az IT-szakemberekre, ami hat\u00e1ssal volt a b\u00e9r\u00fckre is, kiv\u00e1ltk\u00e9pp igaz ez a Cloud, DevOps, automatiz\u00e1ci\u00f3- \u00e9s tesztel\u00e9ster\u00fcletre\u201d \u2013 mondta Farkas Tam\u00e1s, a Grafton \u00fczlet\u00e1gvezet\u0151je. Ebben a szektorban m\u00e1r a j\u00e1rv\u00e1ny el\u0151tt is jellemz\u0151 volt az otthoni munkav\u00e9gz\u00e9s, az\u00f3ta pedig minden IT-c\u00e9g meghonos\u00edtotta ezt.<\/p>\n<h2>Home office<\/h2>\n<p>A home office az SSC-szektorban is nagy m\u00faltra tekint vissza, a Covid ut\u00e1ni id\u0151szakban pedig tov\u00e1bb er\u0151s\u00f6d\u00f6tt ez a trend. Az elm\u00falt t\u00edz \u00e9vben m\u00e9g nagyobb \u00fctemben \u00e9rkeztek Magyarorsz\u00e1gra a szolg\u00e1ltat\u00f3k\u00f6zpontok, mint azel\u0151tt, egyr\u00e9szt a kifejezetten kedvez\u0151 b\u00e9rszint, m\u00e1sr\u00e9szt a k\u00e9pzett munkaer\u0151 miatt. A nyugat-eur\u00f3pai v\u00e1llalatok egyre t\u00f6bb folyamatot szerveznek ki Kelet-K\u00f6z\u00e9p-Eur\u00f3p\u00e1ba, ahol Magyarorsz\u00e1g poz\u00edci\u00f3ja kedvez\u0151, hiszen a teljes b\u00e9rk\u00f6lts\u00e9g alacsonyabb, mint a versenyt\u00e1rs orsz\u00e1gokban. Az SSC\/BSC-kben menedzseri szinten \u00e9rhet\u0151 el a brutt\u00f3 egymilli\u00f3 forint feletti fizet\u00e9s, a seniorok hat\u2013kilencsz\u00e1zezer forint k\u00f6z\u00f6tt keresnek a munkak\u00f6r komplexit\u00e1s\u00e1t\u00f3l f\u00fcgg\u0151en.<\/p>\n<p>Ugyanakkor az SSC-k kifejezetten sz\u00e9les k\u00f6r\u0171 juttat\u00e1si csomagokat k\u00edn\u00e1lnak, ami vonz\u00f3 a munkav\u00e1llal\u00f3k sz\u00e1m\u00e1ra. Az IT-szektorral \u00e9s az SSC-kkel ellent\u00e9tben a feldolgoz\u00f3iparban van a legkev\u00e9sb\u00e9 lehet\u0151s\u00e9g az otthoni munkav\u00e9gz\u00e9sre. A v\u00e1llalatok ebben a szektorban nemcsak a k\u00e9kgall\u00e9ros dolgoz\u00f3kt\u00f3l, hanem a m\u00e9rn\u00f6k\u00f6kt\u0151l is megk\u00f6vetelik, hogy a munkanapok d\u00f6nt\u0151 t\u00f6bbs\u00e9g\u00e9ben bej\u00e1rjanak. Eljutott a munkaer\u0151piac oda, hogy a k\u00e9kgall\u00e9ros dolgoz\u00f3k egy r\u00e9sz\u00e9nek b\u00e9re m\u00e1r a feh\u00e9rgall\u00e9rosok\u00e9val vetekszik. Egy tapasztalt CNC-oper\u00e1tor ak\u00e1r brutt\u00f3 h\u00e9tsz\u00e1zezer forintot, egy PLC-programoz\u00f3 pedig 950 ezer forintot is megkereshet.<\/p>\n<p>A szerkeszt\u0151s\u00e9g\u00fcnkh\u00f6z eljuttatott kutat\u00e1s szerint ebben a szektorban v\u00e1gynak legink\u00e1bb c\u00e9ges aut\u00f3ra a dolgoz\u00f3k \u2013 a home office hi\u00e1nya miatt \u2013, vagyis az a c\u00e9g, amelyik ezt megadja, komoly piaci el\u0151nyre tehet szert. Az \u00e1ltal\u00e1nos p\u00e9nz\u00fcgyi-sz\u00e1mviteli tud\u00e1ssal, k\u00f6nyvel\u00e9si ismerettel rendelkez\u0151k\u00e9rt minden ipar\u00e1g ki\u00e9lezett harcot v\u00edv. Az SSC-k p\u00e9nz\u00fcgyi \u00e9s k\u00f6nyvel\u00e9si ter\u00fcleten b\u0151v\u00fcln\u00e9nek a k\u00f6vetkez\u0151 id\u0151szakban, ez\u00e9rt m\u00e9g nagyobb lesz a verseny ezek\u00e9rt a szakemberek\u00e9rt. A p\u00e9nz\u00fcgyi ter\u00fcleten dolgoz\u00f3k negyede t\u00edz \u00e9s h\u00fasz sz\u00e1zal\u00e9k k\u00f6z\u00f6tti b\u00e9remel\u00e9st kapott, t\u00edzb\u0151l egy dolgoz\u00f3 pedig h\u00fasz sz\u00e1zal\u00e9k feletti b\u00e9remel\u00e9sben r\u00e9szes\u00fclt. Ennek k\u00f6sz\u00f6nhet\u0151en a kezd\u0151 fizet\u00e9s a k\u00f6nyvel\u0151kn\u00e9l n\u00e9gysz\u00e1zezer forint k\u00f6r\u00fcl mozog, azonban gyorsan \u00e9s jelent\u0151sen n\u0151het a b\u00e9re annak, aki ezen a ter\u00fcleten dolgozik. A seniorok brutt\u00f3 750\u2013900 ezer, a f\u0151k\u00f6nyvel\u0151k pedig 900 ezer \u00e9s 1,3 milli\u00f3 forint k\u00f6z\u00f6tt keresnek. A k\u00f6vetkez\u0151 h\u00f3napok turbulensek lehetnek a munkaer\u0151piacon.<\/p>\n<h2>Flukt\u00e1ci\u00f3 n\u00f6veked\u00e9se<\/h2>\n<p>A rezsisz\u00e1ml\u00e1k n\u00f6veked\u00e9se ugyanis sokkol\u00f3 hat\u00e1ssal lesz a dolgoz\u00f3kra. Ahol j\u00f6v\u0151 janu\u00e1rban nem lesz infl\u00e1ci\u00f3k\u00f6vet\u0151 b\u00e9remel\u00e9s, ott megn\u0151het a fluktu\u00e1ci\u00f3, a dolgoz\u00f3k \u00faj munkahely ut\u00e1n n\u00e9zhetnek. Nem luxusterm\u00e9keket szeretn\u00e9nek venni, hanem az alapvet\u0151 sz\u00fcks\u00e9gletek kiel\u00e9g\u00edt\u00e9s\u00e9r\u0151l van sz\u00f3 \u2013 v\u00e9li Farkas Tam\u00e1s. Szerinte lesznek olyan szektorok, amelyek megs\u00ednylik majd a v\u00e1ls\u00e1got, ilyen lehet a turizmus-vend\u00e9gl\u00e1t\u00e1s \u00e9s az \u00e9p\u00edt\u0151ipar, ami a munkan\u00e9lk\u00fclis\u00e9g kism\u00e9rt\u00e9k\u0171 n\u00f6veked\u00e9s\u00e9hez vezethet..A b\u00e9remel\u00e9sek mellett a c\u00e9geknek nem szabad megfeledkezni\u00fck azokr\u00f3l a tov\u00e1bbi, nem kifejezetten b\u00e9rjelleg\u0171 juttat\u00e1si lehet\u0151s\u00e9gekr\u0151l sem, amelyek a munkav\u00e1llal\u00f3k sz\u00e1m\u00e1ra kiemelt fontoss\u00e1ggal b\u00edrnak. Ilyenek p\u00e9ld\u00e1ul a munk\u00e1ltat\u00f3 \u00e1ltal ny\u00fajtott rugalmass\u00e1g, a munka-mag\u00e1n\u00e9let egyens\u00faly\u00e1nak biztos\u00edt\u00e1sa vagy az extra fizetett szabadnap, ami szinte minden munkav\u00e1llal\u00f3 sz\u00e1m\u00e1ra kiemelt jelent\u0151s\u00e9ggel b\u00edr.<\/p>\n<p>&nbsp;<\/p>\n<p>Forr\u00e1s: <a href=\"https:\/\/index.hu\/gazdasag\/2022\/12\/15\/fizetes-berezes-munka-penz-kereset-inflacio\/\" target=\"_blank\" rel=\"nofollow noopener\">index.hu<\/a><\/p>\n","protected":false},"excerpt":{"rendered":"<p>A v\u00e1ls\u00e1g t\u00f6bb szektort nem \u00e9rintett negat\u00edvan a fizet\u00e9sek ter\u00e9n, ilyen p\u00e9ld\u00e1ul az IT-szektor, a p\u00e9nz\u00fcgyi ter\u00fclet. Egyes informatikusok 1.5-2 milli\u00f3 Ft-ot is keresnek. A magas infl\u00e1ci\u00f3 \u00fajabb jelent\u0151s b\u00e9remel\u00e9seket tesz sz\u00fcks\u00e9gess\u00e9 hamarosan. Azok a c\u00e9gek, amelyek nem tudnak legal\u00e1bb infl\u00e1ci\u00f3k\u00f6vet\u0151 b\u00e9remel\u00e9st adni, a fluktu\u00e1ci\u00f3 n\u00f6veked\u00e9s\u00e9vel n\u00e9zhetnek szembe, ugyanis a meg\u00e9lhet\u00e9si k\u00f6lts\u00e9gek drasztikus emelked\u00e9se miatt [&hellip;]<\/p>\n","protected":false},"author":1,"featured_media":6050,"comment_status":"closed","ping_status":"closed","sticky":false,"template":"","format":"standard","meta":{"_monsterinsights_skip_tracking":false,"footnotes":""},"categories":[198],"tags":[260,311],"class_list":["post-6049","post","type-post","status-publish","format-standard","has-post-thumbnail","hentry","category-gazdasag","tag-it-fizetesek","tag-it-szektor"],"aioseo_notices":[],"aioseo_head":"\n\t\t<!-- All in One SEO 5.0.0.1 - aioseo.com -->\n\t<meta name=\"description\" content=\"A v\u00e1ls\u00e1g t\u00f6bb szektort nem \u00e9rintett negat\u00edvan a fizet\u00e9sek ter\u00e9n, ilyen p\u00e9ld\u00e1ul az IT-szektor, a p\u00e9nz\u00fcgyi ter\u00fclet.\" \/>\n\t<meta name=\"robots\" content=\"max-image-preview:large\" \/>\n\t<meta name=\"author\" content=\"Juh\u00e1sz P\u00e9ter\"\/>\n\t<meta name=\"keywords\" content=\"it fizet\u00e9sek,it-szektor\" \/>\n\t<link rel=\"canonical\" href=\"https:\/\/allasorias.hu\/hirek\/tobb-teruletet-nem-erintett-a-valsag-a-fizetesek-teren\/\" \/>\n\t<meta name=\"generator\" content=\"All in One SEO (AIOSEO) 5.0.0.1\" \/>\n\t\t<meta property=\"og:locale\" content=\"hu_HU\" \/>\n\t\t<meta property=\"og:site_name\" content=\"AllasOrias.hu | H\u00edrek-lapszemle | \u00dczleti h\u00edrek az \u00e1ll\u00e1s \u00e9s a munka vil\u00e1g\u00e1b\u00f3l\" \/>\n\t\t<meta property=\"og:type\" content=\"article\" \/>\n\t\t<meta property=\"og:title\" content=\"A v\u00e1ls\u00e1g egyes szektorokat elker\u00fclt a b\u00e9rekben\" \/>\n\t\t<meta property=\"og:description\" content=\"A v\u00e1ls\u00e1g t\u00f6bb szektort nem \u00e9rintett negat\u00edvan a fizet\u00e9sek ter\u00e9n, ilyen p\u00e9ld\u00e1ul az IT-szektor, a p\u00e9nz\u00fcgyi ter\u00fclet.\" \/>\n\t\t<meta property=\"og:url\" content=\"https:\/\/allasorias.hu\/hirek\/tobb-teruletet-nem-erintett-a-valsag-a-fizetesek-teren\/\" \/>\n\t\t<meta property=\"og:image\" content=\"https:\/\/allasorias.hu\/hirek\/wp-content\/uploads\/2022\/12\/IT-szektor.jpg\" \/>\n\t\t<meta property=\"og:image:secure_url\" content=\"https:\/\/allasorias.hu\/hirek\/wp-content\/uploads\/2022\/12\/IT-szektor.jpg\" \/>\n\t\t<meta property=\"og:image:width\" content=\"1280\" \/>\n\t\t<meta property=\"og:image:height\" content=\"853\" \/>\n\t\t<meta property=\"article:published_time\" content=\"2022-12-16T13:12:38+00:00\" \/>\n\t\t<meta property=\"article:modified_time\" content=\"2025-05-13T13:48:52+00:00\" \/>\n\t\t<meta property=\"article:publisher\" content=\"https:\/\/www.facebook.com\/allasorias\" \/>\n\t\t<meta name=\"twitter:card\" content=\"summary_large_image\" \/>\n\t\t<meta name=\"twitter:title\" content=\"A v\u00e1ls\u00e1g egyes szektorokat elker\u00fclt a b\u00e9rekben\" \/>\n\t\t<meta name=\"twitter:description\" content=\"A v\u00e1ls\u00e1g t\u00f6bb szektort nem \u00e9rintett negat\u00edvan a fizet\u00e9sek ter\u00e9n, ilyen p\u00e9ld\u00e1ul az IT-szektor, a p\u00e9nz\u00fcgyi ter\u00fclet.\" \/>\n\t\t<meta name=\"twitter:image\" content=\"https:\/\/allasorias.hu\/hirek\/wp-content\/uploads\/2022\/12\/IT-szektor.jpg\" \/>\n\t\t<meta name=\"twitter:label1\" content=\"Written by\" \/>\n\t\t<meta name=\"twitter:data1\" content=\"Juh\u00e1sz P\u00e9ter\" \/>\n\t\t<meta name=\"twitter:label2\" content=\"Est. reading time\" \/>\n\t\t<meta name=\"twitter:data2\" content=\"5 minutes\" \/>\n\t\t<script type=\"application\/ld+json\" class=\"aioseo-schema\">\n\t\t\t{\"@context\":\"https:\\\/\\\/schema.org\",\"@graph\":[{\"@type\":\"Article\",\"@id\":\"https:\\\/\\\/allasorias.hu\\\/hirek\\\/tobb-teruletet-nem-erintett-a-valsag-a-fizetesek-teren\\\/#article\",\"name\":\"A v\\u00e1ls\\u00e1g egyes szektorokat elker\\u00fclt a b\\u00e9rekben\",\"headline\":\"T\\u00f6bb ter\\u00fcletet nem \\u00e9rintett a v\\u00e1ls\\u00e1g a fizet\\u00e9sek ter\\u00e9n\",\"author\":{\"@id\":\"https:\\\/\\\/allasorias.hu\\\/hirek\\\/author\\\/admin-allasorias\\\/#author\"},\"publisher\":{\"@id\":\"https:\\\/\\\/allasorias.hu\\\/hirek\\\/#organization\"},\"image\":{\"@type\":\"ImageObject\",\"url\":\"https:\\\/\\\/allasorias.hu\\\/hirek\\\/wp-content\\\/uploads\\\/2022\\\/12\\\/IT-szektor.jpg\",\"width\":1280,\"height\":853,\"caption\":\"T\\u00f6bb ter\\u00fcletet nem \\u00e9rintett a v\\u00e1ls\\u00e1g a fizet\\u00e9sek ter\\u00e9n - Allasorias.hu\\\/Hirek\"},\"datePublished\":\"2022-12-16T13:12:38+02:00\",\"dateModified\":\"2025-05-13T15:48:52+02:00\",\"inLanguage\":\"hu-HU\",\"mainEntityOfPage\":{\"@id\":\"https:\\\/\\\/allasorias.hu\\\/hirek\\\/tobb-teruletet-nem-erintett-a-valsag-a-fizetesek-teren\\\/#webpage\"},\"isPartOf\":{\"@id\":\"https:\\\/\\\/allasorias.hu\\\/hirek\\\/tobb-teruletet-nem-erintett-a-valsag-a-fizetesek-teren\\\/#webpage\"},\"articleSection\":\"Gazdas\\u00e1g, IT fizet\\u00e9sek, IT-szektor\"},{\"@type\":\"BreadcrumbList\",\"@id\":\"https:\\\/\\\/allasorias.hu\\\/hirek\\\/tobb-teruletet-nem-erintett-a-valsag-a-fizetesek-teren\\\/#breadcrumblist\",\"itemListElement\":[{\"@type\":\"ListItem\",\"@id\":\"https:\\\/\\\/allasorias.hu\\\/hirek#listItem\",\"position\":1,\"name\":\"Home\",\"item\":\"https:\\\/\\\/allasorias.hu\\\/hirek\",\"nextItem\":{\"@type\":\"ListItem\",\"@id\":\"https:\\\/\\\/allasorias.hu\\\/hirek\\\/temak\\\/gazdasag\\\/#listItem\",\"name\":\"Gazdas\\u00e1g\"}},{\"@type\":\"ListItem\",\"@id\":\"https:\\\/\\\/allasorias.hu\\\/hirek\\\/temak\\\/gazdasag\\\/#listItem\",\"position\":2,\"name\":\"Gazdas\\u00e1g\",\"item\":\"https:\\\/\\\/allasorias.hu\\\/hirek\\\/temak\\\/gazdasag\\\/\",\"nextItem\":{\"@type\":\"ListItem\",\"@id\":\"https:\\\/\\\/allasorias.hu\\\/hirek\\\/tobb-teruletet-nem-erintett-a-valsag-a-fizetesek-teren\\\/#listItem\",\"name\":\"T\\u00f6bb ter\\u00fcletet nem \\u00e9rintett a v\\u00e1ls\\u00e1g a fizet\\u00e9sek ter\\u00e9n\"},\"previousItem\":{\"@type\":\"ListItem\",\"@id\":\"https:\\\/\\\/allasorias.hu\\\/hirek#listItem\",\"name\":\"Home\"}},{\"@type\":\"ListItem\",\"@id\":\"https:\\\/\\\/allasorias.hu\\\/hirek\\\/tobb-teruletet-nem-erintett-a-valsag-a-fizetesek-teren\\\/#listItem\",\"position\":3,\"name\":\"T\\u00f6bb ter\\u00fcletet nem \\u00e9rintett a v\\u00e1ls\\u00e1g a fizet\\u00e9sek ter\\u00e9n\",\"previousItem\":{\"@type\":\"ListItem\",\"@id\":\"https:\\\/\\\/allasorias.hu\\\/hirek\\\/temak\\\/gazdasag\\\/#listItem\",\"name\":\"Gazdas\\u00e1g\"}}]},{\"@type\":\"Organization\",\"@id\":\"https:\\\/\\\/allasorias.hu\\\/hirek\\\/#organization\",\"name\":\"AllasOrias.hu | H\\u00edrek-lapszemle\",\"description\":\"\\u00dczleti h\\u00edrek az \\u00e1ll\\u00e1s \\u00e9s a munka vil\\u00e1g\\u00e1b\\u00f3l\",\"url\":\"https:\\\/\\\/allasorias.hu\\\/hirek\\\/\",\"logo\":{\"@type\":\"ImageObject\",\"url\":\"https:\\\/\\\/allasorias.hu\\\/hirek\\\/wp-content\\\/uploads\\\/2022\\\/10\\\/allasorias_site_facebok_logo.png\",\"@id\":\"https:\\\/\\\/allasorias.hu\\\/hirek\\\/tobb-teruletet-nem-erintett-a-valsag-a-fizetesek-teren\\\/#organizationLogo\"},\"image\":{\"@id\":\"https:\\\/\\\/allasorias.hu\\\/hirek\\\/tobb-teruletet-nem-erintett-a-valsag-a-fizetesek-teren\\\/#organizationLogo\"},\"sameAs\":[\"https:\\\/\\\/www.facebook.com\\\/allasorias\",\"https:\\\/\\\/www.linkedin.com\\\/company\\\/allasorias\"]},{\"@type\":\"Person\",\"@id\":\"https:\\\/\\\/allasorias.hu\\\/hirek\\\/author\\\/admin-allasorias\\\/#author\",\"url\":\"https:\\\/\\\/allasorias.hu\\\/hirek\\\/author\\\/admin-allasorias\\\/\",\"name\":\"Juh\\u00e1sz P\\u00e9ter\",\"image\":{\"@type\":\"ImageObject\",\"@id\":\"https:\\\/\\\/allasorias.hu\\\/hirek\\\/tobb-teruletet-nem-erintett-a-valsag-a-fizetesek-teren\\\/#authorImage\",\"url\":\"https:\\\/\\\/secure.gravatar.com\\\/avatar\\\/36e6bcb83148978b992977cb0f54d22feb0cce8a0a849a9410532bb2623ba4c6?s=96&d=mm&r=g\",\"width\":96,\"height\":96,\"caption\":\"Juh\\u00e1sz P\\u00e9ter\"}},{\"@type\":\"WebPage\",\"@id\":\"https:\\\/\\\/allasorias.hu\\\/hirek\\\/tobb-teruletet-nem-erintett-a-valsag-a-fizetesek-teren\\\/#webpage\",\"url\":\"https:\\\/\\\/allasorias.hu\\\/hirek\\\/tobb-teruletet-nem-erintett-a-valsag-a-fizetesek-teren\\\/\",\"name\":\"A v\\u00e1ls\\u00e1g egyes szektorokat elker\\u00fclt a b\\u00e9rekben\",\"description\":\"A v\\u00e1ls\\u00e1g t\\u00f6bb szektort nem \\u00e9rintett negat\\u00edvan a fizet\\u00e9sek ter\\u00e9n, ilyen p\\u00e9ld\\u00e1ul az IT-szektor, a p\\u00e9nz\\u00fcgyi ter\\u00fclet.\",\"inLanguage\":\"hu-HU\",\"isPartOf\":{\"@id\":\"https:\\\/\\\/allasorias.hu\\\/hirek\\\/#website\"},\"breadcrumb\":{\"@id\":\"https:\\\/\\\/allasorias.hu\\\/hirek\\\/tobb-teruletet-nem-erintett-a-valsag-a-fizetesek-teren\\\/#breadcrumblist\"},\"author\":{\"@id\":\"https:\\\/\\\/allasorias.hu\\\/hirek\\\/author\\\/admin-allasorias\\\/#author\"},\"creator\":{\"@id\":\"https:\\\/\\\/allasorias.hu\\\/hirek\\\/author\\\/admin-allasorias\\\/#author\"},\"image\":{\"@type\":\"ImageObject\",\"url\":\"https:\\\/\\\/allasorias.hu\\\/hirek\\\/wp-content\\\/uploads\\\/2022\\\/12\\\/IT-szektor.jpg\",\"@id\":\"https:\\\/\\\/allasorias.hu\\\/hirek\\\/tobb-teruletet-nem-erintett-a-valsag-a-fizetesek-teren\\\/#mainImage\",\"width\":1280,\"height\":853,\"caption\":\"T\\u00f6bb ter\\u00fcletet nem \\u00e9rintett a v\\u00e1ls\\u00e1g a fizet\\u00e9sek ter\\u00e9n - Allasorias.hu\\\/Hirek\"},\"primaryImageOfPage\":{\"@id\":\"https:\\\/\\\/allasorias.hu\\\/hirek\\\/tobb-teruletet-nem-erintett-a-valsag-a-fizetesek-teren\\\/#mainImage\"},\"datePublished\":\"2022-12-16T13:12:38+02:00\",\"dateModified\":\"2025-05-13T15:48:52+02:00\"},{\"@type\":\"WebSite\",\"@id\":\"https:\\\/\\\/allasorias.hu\\\/hirek\\\/#website\",\"url\":\"https:\\\/\\\/allasorias.hu\\\/hirek\\\/\",\"name\":\"AllasOrias.hu | H\\u00edrek-lapszemle\",\"description\":\"\\u00dczleti h\\u00edrek az \\u00e1ll\\u00e1s \\u00e9s a munka vil\\u00e1g\\u00e1b\\u00f3l\",\"inLanguage\":\"hu-HU\",\"publisher\":{\"@id\":\"https:\\\/\\\/allasorias.hu\\\/hirek\\\/#organization\"}}]}\n\t\t<\/script>\n\t\t<!-- All in One SEO -->\n\n","aioseo_head_json":{"title":"A v\u00e1ls\u00e1g egyes szektorokat elker\u00fclt a b\u00e9rekben","description":"A v\u00e1ls\u00e1g t\u00f6bb szektort nem \u00e9rintett negat\u00edvan a fizet\u00e9sek ter\u00e9n, ilyen p\u00e9ld\u00e1ul az IT-szektor, a p\u00e9nz\u00fcgyi ter\u00fclet.","canonical_url":"https:\/\/allasorias.hu\/hirek\/tobb-teruletet-nem-erintett-a-valsag-a-fizetesek-teren\/","robots":"max-image-preview:large","keywords":"it fizet\u00e9sek,it-szektor","webmasterTools":{"miscellaneous":""},"schema":{"@context":"https:\/\/schema.org","@graph":[{"@type":"Article","@id":"https:\/\/allasorias.hu\/hirek\/tobb-teruletet-nem-erintett-a-valsag-a-fizetesek-teren\/#article","name":"A v\u00e1ls\u00e1g egyes szektorokat elker\u00fclt a b\u00e9rekben","headline":"T\u00f6bb ter\u00fcletet nem \u00e9rintett a v\u00e1ls\u00e1g a fizet\u00e9sek ter\u00e9n","author":{"@id":"https:\/\/allasorias.hu\/hirek\/author\/admin-allasorias\/#author"},"publisher":{"@id":"https:\/\/allasorias.hu\/hirek\/#organization"},"image":{"@type":"ImageObject","url":"https:\/\/allasorias.hu\/hirek\/wp-content\/uploads\/2022\/12\/IT-szektor.jpg","width":1280,"height":853,"caption":"T\u00f6bb ter\u00fcletet nem \u00e9rintett a v\u00e1ls\u00e1g a fizet\u00e9sek ter\u00e9n - Allasorias.hu\/Hirek"},"datePublished":"2022-12-16T13:12:38+02:00","dateModified":"2025-05-13T15:48:52+02:00","inLanguage":"hu-HU","mainEntityOfPage":{"@id":"https:\/\/allasorias.hu\/hirek\/tobb-teruletet-nem-erintett-a-valsag-a-fizetesek-teren\/#webpage"},"isPartOf":{"@id":"https:\/\/allasorias.hu\/hirek\/tobb-teruletet-nem-erintett-a-valsag-a-fizetesek-teren\/#webpage"},"articleSection":"Gazdas\u00e1g, IT fizet\u00e9sek, IT-szektor"},{"@type":"BreadcrumbList","@id":"https:\/\/allasorias.hu\/hirek\/tobb-teruletet-nem-erintett-a-valsag-a-fizetesek-teren\/#breadcrumblist","itemListElement":[{"@type":"ListItem","@id":"https:\/\/allasorias.hu\/hirek#listItem","position":1,"name":"Home","item":"https:\/\/allasorias.hu\/hirek","nextItem":{"@type":"ListItem","@id":"https:\/\/allasorias.hu\/hirek\/temak\/gazdasag\/#listItem","name":"Gazdas\u00e1g"}},{"@type":"ListItem","@id":"https:\/\/allasorias.hu\/hirek\/temak\/gazdasag\/#listItem","position":2,"name":"Gazdas\u00e1g","item":"https:\/\/allasorias.hu\/hirek\/temak\/gazdasag\/","nextItem":{"@type":"ListItem","@id":"https:\/\/allasorias.hu\/hirek\/tobb-teruletet-nem-erintett-a-valsag-a-fizetesek-teren\/#listItem","name":"T\u00f6bb ter\u00fcletet nem \u00e9rintett a v\u00e1ls\u00e1g a fizet\u00e9sek ter\u00e9n"},"previousItem":{"@type":"ListItem","@id":"https:\/\/allasorias.hu\/hirek#listItem","name":"Home"}},{"@type":"ListItem","@id":"https:\/\/allasorias.hu\/hirek\/tobb-teruletet-nem-erintett-a-valsag-a-fizetesek-teren\/#listItem","position":3,"name":"T\u00f6bb ter\u00fcletet nem \u00e9rintett a v\u00e1ls\u00e1g a fizet\u00e9sek ter\u00e9n","previousItem":{"@type":"ListItem","@id":"https:\/\/allasorias.hu\/hirek\/temak\/gazdasag\/#listItem","name":"Gazdas\u00e1g"}}]},{"@type":"Organization","@id":"https:\/\/allasorias.hu\/hirek\/#organization","name":"AllasOrias.hu | H\u00edrek-lapszemle","description":"\u00dczleti h\u00edrek az \u00e1ll\u00e1s \u00e9s a munka vil\u00e1g\u00e1b\u00f3l","url":"https:\/\/allasorias.hu\/hirek\/","logo":{"@type":"ImageObject","url":"https:\/\/allasorias.hu\/hirek\/wp-content\/uploads\/2022\/10\/allasorias_site_facebok_logo.png","@id":"https:\/\/allasorias.hu\/hirek\/tobb-teruletet-nem-erintett-a-valsag-a-fizetesek-teren\/#organizationLogo"},"image":{"@id":"https:\/\/allasorias.hu\/hirek\/tobb-teruletet-nem-erintett-a-valsag-a-fizetesek-teren\/#organizationLogo"},"sameAs":["https:\/\/www.facebook.com\/allasorias","https:\/\/www.linkedin.com\/company\/allasorias"]},{"@type":"Person","@id":"https:\/\/allasorias.hu\/hirek\/author\/admin-allasorias\/#author","url":"https:\/\/allasorias.hu\/hirek\/author\/admin-allasorias\/","name":"Juh\u00e1sz P\u00e9ter","image":{"@type":"ImageObject","@id":"https:\/\/allasorias.hu\/hirek\/tobb-teruletet-nem-erintett-a-valsag-a-fizetesek-teren\/#authorImage","url":"https:\/\/secure.gravatar.com\/avatar\/36e6bcb83148978b992977cb0f54d22feb0cce8a0a849a9410532bb2623ba4c6?s=96&d=mm&r=g","width":96,"height":96,"caption":"Juh\u00e1sz P\u00e9ter"}},{"@type":"WebPage","@id":"https:\/\/allasorias.hu\/hirek\/tobb-teruletet-nem-erintett-a-valsag-a-fizetesek-teren\/#webpage","url":"https:\/\/allasorias.hu\/hirek\/tobb-teruletet-nem-erintett-a-valsag-a-fizetesek-teren\/","name":"A v\u00e1ls\u00e1g egyes szektorokat elker\u00fclt a b\u00e9rekben","description":"A v\u00e1ls\u00e1g t\u00f6bb szektort nem \u00e9rintett negat\u00edvan a fizet\u00e9sek ter\u00e9n, ilyen p\u00e9ld\u00e1ul az IT-szektor, a p\u00e9nz\u00fcgyi ter\u00fclet.","inLanguage":"hu-HU","isPartOf":{"@id":"https:\/\/allasorias.hu\/hirek\/#website"},"breadcrumb":{"@id":"https:\/\/allasorias.hu\/hirek\/tobb-teruletet-nem-erintett-a-valsag-a-fizetesek-teren\/#breadcrumblist"},"author":{"@id":"https:\/\/allasorias.hu\/hirek\/author\/admin-allasorias\/#author"},"creator":{"@id":"https:\/\/allasorias.hu\/hirek\/author\/admin-allasorias\/#author"},"image":{"@type":"ImageObject","url":"https:\/\/allasorias.hu\/hirek\/wp-content\/uploads\/2022\/12\/IT-szektor.jpg","@id":"https:\/\/allasorias.hu\/hirek\/tobb-teruletet-nem-erintett-a-valsag-a-fizetesek-teren\/#mainImage","width":1280,"height":853,"caption":"T\u00f6bb ter\u00fcletet nem \u00e9rintett a v\u00e1ls\u00e1g a fizet\u00e9sek ter\u00e9n - Allasorias.hu\/Hirek"},"primaryImageOfPage":{"@id":"https:\/\/allasorias.hu\/hirek\/tobb-teruletet-nem-erintett-a-valsag-a-fizetesek-teren\/#mainImage"},"datePublished":"2022-12-16T13:12:38+02:00","dateModified":"2025-05-13T15:48:52+02:00"},{"@type":"WebSite","@id":"https:\/\/allasorias.hu\/hirek\/#website","url":"https:\/\/allasorias.hu\/hirek\/","name":"AllasOrias.hu | H\u00edrek-lapszemle","description":"\u00dczleti h\u00edrek az \u00e1ll\u00e1s \u00e9s a munka vil\u00e1g\u00e1b\u00f3l","inLanguage":"hu-HU","publisher":{"@id":"https:\/\/allasorias.hu\/hirek\/#organization"}}]},"og:locale":"hu_HU","og:site_name":"AllasOrias.hu | H\u00edrek-lapszemle | \u00dczleti h\u00edrek az \u00e1ll\u00e1s \u00e9s a munka vil\u00e1g\u00e1b\u00f3l","og:type":"article","og:title":"A v\u00e1ls\u00e1g egyes szektorokat elker\u00fclt a b\u00e9rekben","og:description":"A v\u00e1ls\u00e1g t\u00f6bb szektort nem \u00e9rintett negat\u00edvan a fizet\u00e9sek ter\u00e9n, ilyen p\u00e9ld\u00e1ul az IT-szektor, a p\u00e9nz\u00fcgyi ter\u00fclet.","og:url":"https:\/\/allasorias.hu\/hirek\/tobb-teruletet-nem-erintett-a-valsag-a-fizetesek-teren\/","og:image":"https:\/\/allasorias.hu\/hirek\/wp-content\/uploads\/2022\/12\/IT-szektor.jpg","og:image:secure_url":"https:\/\/allasorias.hu\/hirek\/wp-content\/uploads\/2022\/12\/IT-szektor.jpg","og:image:width":1280,"og:image:height":853,"article:published_time":"2022-12-16T13:12:38+00:00","article:modified_time":"2025-05-13T13:48:52+00:00","article:publisher":"https:\/\/www.facebook.com\/allasorias","twitter:card":"summary_large_image","twitter:title":"A v\u00e1ls\u00e1g egyes szektorokat elker\u00fclt a b\u00e9rekben","twitter:description":"A v\u00e1ls\u00e1g t\u00f6bb szektort nem \u00e9rintett negat\u00edvan a fizet\u00e9sek ter\u00e9n, ilyen p\u00e9ld\u00e1ul az IT-szektor, a p\u00e9nz\u00fcgyi ter\u00fclet.","twitter:image":"https:\/\/allasorias.hu\/hirek\/wp-content\/uploads\/2022\/12\/IT-szektor.jpg","twitter:label1":"Written by","twitter:data1":"Juh\u00e1sz P\u00e9ter","twitter:label2":"Est. reading time","twitter:data2":"5 minutes"},"aioseo_meta_data":{"post_id":"6049","title":"A v\u00e1ls\u00e1g egyes szektorokat elker\u00fclt a b\u00e9rekben","description":"A v\u00e1ls\u00e1g t\u00f6bb szektort nem \u00e9rintett negat\u00edvan a fizet\u00e9sek ter\u00e9n, ilyen p\u00e9ld\u00e1ul az IT-szektor, a p\u00e9nz\u00fcgyi ter\u00fclet.","keywords":null,"keyphrases":{"focus":{"keyphrase":"IT-szektor","score":68,"analysis":{"keyphraseInTitle":{"score":3,"maxScore":9,"error":1},"keyphraseInDescription":{"score":9,"maxScore":9,"error":0},"keyphraseLength":{"score":9,"maxScore":9,"error":0,"length":1},"keyphraseInURL":{"score":1,"maxScore":5,"error":1},"keyphraseInIntroduction":{"score":9,"maxScore":9,"error":0},"keyphraseInSubHeadings":{"score":9,"maxScore":9,"error":0},"keyphraseInImageAlt":[],"keywordDensity":{"score":0,"type":"low","maxScore":9,"error":1}}},"additional":[]},"primary_term":null,"canonical_url":null,"og_title":null,"og_description":null,"og_object_type":"default","og_image_type":"default","og_image_url":null,"og_image_width":null,"og_image_height":null,"og_image_custom_url":null,"og_image_custom_fields":null,"og_video":"","og_custom_url":null,"og_article_section":null,"og_article_tags":null,"twitter_use_og":true,"twitter_card":"default","twitter_image_type":"default","twitter_image_url":null,"twitter_image_custom_url":null,"twitter_image_custom_fields":null,"twitter_title":null,"twitter_description":null,"schema":{"blockGraphs":[],"customGraphs":[],"default":{"data":{"Article":[],"Course":[],"Dataset":[],"FAQPage":[],"Movie":[],"Person":[],"Product":[],"ProductReview":[],"Car":[],"Recipe":[],"Service":[],"SoftwareApplication":[],"WebPage":[]},"graphName":"Article","isEnabled":true},"graphs":[]},"schema_type":"default","schema_type_options":null,"pillar_content":false,"robots_default":true,"robots_noindex":false,"robots_noarchive":false,"robots_nosnippet":false,"robots_nofollow":false,"robots_noimageindex":false,"robots_noodp":false,"robots_notranslate":false,"robots_max_snippet":"-1","robots_max_videopreview":"-1","robots_max_imagepreview":"large","priority":null,"frequency":"default","location":null,"local_seo":null,"breadcrumb_settings":null,"limit_modified_date":false,"ai":null,"created":"2022-12-16 13:02:01","updated":"2025-10-02 17:47:37","seo_analyzer_scan_date":null,"focus_keyword":"IT-szektor","additional_keywords":null,"truseo_locale":null},"aioseo_breadcrumb":"<div class=\"aioseo-breadcrumbs\"><span class=\"aioseo-breadcrumb\">\n\t\t\t<a href=\"https:\/\/allasorias.hu\/hirek\" title=\"Home\">Home<\/a>\n\t\t<\/span><span class=\"aioseo-breadcrumb-separator\">&raquo;<\/span><span class=\"aioseo-breadcrumb\">\n\t\t\t<a href=\"https:\/\/allasorias.hu\/hirek\/temak\/gazdasag\/\" title=\"Gazdas\u00e1g\">Gazdas\u00e1g<\/a>\n\t\t<\/span><span class=\"aioseo-breadcrumb-separator\">&raquo;<\/span><span class=\"aioseo-breadcrumb\">\n\t\t\tT\u00f6bb ter\u00fcletet nem \u00e9rintett a v\u00e1ls\u00e1g a fizet\u00e9sek ter\u00e9n\n\t\t<\/span><\/div>","aioseo_breadcrumb_json":[{"label":"Home","link":"https:\/\/allasorias.hu\/hirek"},{"label":"Gazdas\u00e1g","link":"https:\/\/allasorias.hu\/hirek\/temak\/gazdasag\/"},{"label":"T\u00f6bb ter\u00fcletet nem \u00e9rintett a v\u00e1ls\u00e1g a fizet\u00e9sek ter\u00e9n","link":"https:\/\/allasorias.hu\/hirek\/tobb-teruletet-nem-erintett-a-valsag-a-fizetesek-teren\/"}],"_links":{"self":[{"href":"https:\/\/allasorias.hu\/hirek\/wp-json\/wp\/v2\/posts\/6049","targetHints":{"allow":["GET"]}}],"collection":[{"href":"https:\/\/allasorias.hu\/hirek\/wp-json\/wp\/v2\/posts"}],"about":[{"href":"https:\/\/allasorias.hu\/hirek\/wp-json\/wp\/v2\/types\/post"}],"author":[{"embeddable":true,"href":"https:\/\/allasorias.hu\/hirek\/wp-json\/wp\/v2\/users\/1"}],"replies":[{"embeddable":true,"href":"https:\/\/allasorias.hu\/hirek\/wp-json\/wp\/v2\/comments?post=6049"}],"version-history":[{"count":2,"href":"https:\/\/allasorias.hu\/hirek\/wp-json\/wp\/v2\/posts\/6049\/revisions"}],"predecessor-version":[{"id":6052,"href":"https:\/\/allasorias.hu\/hirek\/wp-json\/wp\/v2\/posts\/6049\/revisions\/6052"}],"wp:featuredmedia":[{"embeddable":true,"href":"https:\/\/allasorias.hu\/hirek\/wp-json\/wp\/v2\/media\/6050"}],"wp:attachment":[{"href":"https:\/\/allasorias.hu\/hirek\/wp-json\/wp\/v2\/media?parent=6049"}],"wp:term":[{"taxonomy":"category","embeddable":true,"href":"https:\/\/allasorias.hu\/hirek\/wp-json\/wp\/v2\/categories?post=6049"},{"taxonomy":"post_tag","embeddable":true,"href":"https:\/\/allasorias.hu\/hirek\/wp-json\/wp\/v2\/tags?post=6049"}],"curies":[{"name":"wp","href":"https:\/\/api.w.org\/{rel}","templated":true}]}}