{"id":6042,"date":"2022-12-14T13:17:20","date_gmt":"2022-12-14T13:17:20","guid":{"rendered":"https:\/\/allasorias.hu\/hirek\/?p=6042"},"modified":"2025-05-13T15:19:20","modified_gmt":"2025-05-13T13:19:20","slug":"tobb-ezer-munkavallalo-mondhat-fel","status":"publish","type":"post","link":"https:\/\/allasorias.hu\/hirek\/tobb-ezer-munkavallalo-mondhat-fel\/","title":{"rendered":"T\u00f6bb ezer munkav\u00e1llal\u00f3 mondhat fel a Dunai Vasm\u0171n\u00e9l"},"content":{"rendered":"<p><strong>M\u00e9g augusztusban le\u00e1llt Dunai Vasm\u0171 k\u00e9t koh\u00f3ja, a napokban pedig nagyon sokan mondt\u00e1k fel \u00e1ll\u00e1sukat. \u00c1rnyalja k\u00e9pet, hogy a k\u00e9t tulajdonos, az orosz \u00e9s ukr\u00e1n, nem tesznek er\u0151fesz\u00edt\u00e9seket a gy\u00e1r fennmarad\u00e1s\u00e1\u00e9rt.<\/strong><\/p>\n<p>T\u00f6megesen mondtak fel a Dunaferr dolgoz\u00f3i, hogy min\u00e9l hamarabb \u00faj \u00e1ll\u00e1st tal\u00e1lhassanak. Pint\u00e9r Tam\u00e1s, Duna\u00fajv\u00e1ros jobbikos polg\u00e1rmestere arr\u00f3l besz\u00e9lt a N\u00e9pszav\u00e1nak , hogy fokozatosan le\u00e1ll a Dunai Vasm\u0171 kokszol\u00f3ja. A Dunaferr orosz c\u00e9gvezet\u0151je, Jevgenyij Tankilevics k\u00f6z\u00f6lte ezt a polg\u00e1rmesterrel. A 68 \u00e9ves vasm\u0171 k\u00e9t koh\u00f3ja m\u00e1r augusztusban, illetve novemberben le\u00e1llt, a hideg- \u00e9s meleghengerm\u0171 a m\u00falt h\u00e9t \u00f3ta m\u00e1r nem termelt. A kokszol\u00f3 m\u00e9g m\u0171k\u00f6d\u00f6tt eddig, de a gy\u00e1regys\u00e9gnek a le\u00e1ll\u00edt\u00e1si folyamat\u00e1t is elind\u00edtj\u00e1k szerd\u00e1n. Csak \u00fagy nem lehet le\u00e1ll\u00edtani, nagy gondoss\u00e1got ig\u00e9nyel a folyamat, a kokszol\u00f3ban ugyanis \u2013 leh\u0171l\u00e9se k\u00f6zben \u2013 ak\u00e1r s\u00falyos robban\u00e1s is bek\u00f6vetkezhet, ez vesz\u00e9lyes a dolgoz\u00f3kra \u00e9s az \u00e9p\u00fcletekre is.<\/p>\n<p>A kokszol\u00f3 hetek alatt fog kih\u0171lni, \u00e9s ut\u00e1na m\u00e1r nem lehet t\u00f6bb\u00e9 \u00fajraind\u00edtani, k\u00fcl\u00f6nben beomlik a fala. Egy \u00faj kokszol\u00f3 viszont legal\u00e1bb sz\u00e1zmilli\u00e1rdba ker\u00fcl, \u00edgy a Dunai Vasm\u0171nek gyakorlatilag v\u00e9ge. A c\u00e9gegy\u00fcttes m\u00f6g\u00f6tt \u00e1ll\u00f3 r\u00e9szv\u00e9nyt\u00e1rsas\u00e1g ugyan nem k\u00f6zli a m\u00e9rleg\u00e9t \u00e9vek \u00f3ta, de a vasm\u0171 ad\u00f3ss\u00e1ga ak\u00e1r a sz\u00e1zmilli\u00e1rdot is el\u00e9rheti. Az egym\u00e1ssal rossz viszonyban lev\u0151 orosz \u00e9s ukr\u00e1n tulajdonosok \u00fagy l\u00e1tszik, elengedt\u00e9k, hogy tov\u00e1bb m\u0171k\u00f6dj\u00f6n a kor\u00e1bban m\u00e9g 400 milli\u00e1rd forintos \u00e1rbev\u00e9telt el\u00e9r\u0151 c\u00e9g. Vev\u0151t pedig eddig m\u00e9g nem tal\u00e1ltak. A r\u00e9szv\u00e9nyt\u00e1rsas\u00e1got felsz\u00e1molhatj\u00e1k, \u00edgy ak\u00e1r 4-5 ezer embert is elbocs\u00e1thatnak. A h\u00edrek szerint kedden m\u00e1r t\u00f6megesen mondtak fel a Dunaferr dolgoz\u00f3i, hogy min\u00e9l hamarabb \u00faj \u00e1ll\u00e1st tal\u00e1lhassanak.<\/p>\n<p>Forr\u00e1s: <a href=\"https:\/\/www.nyugat.hu\/cikk\/a_dunai_vasmunek_gyakorlatilag_vege\" target=\"_blank\" rel=\"nofollow noopener\">nyugat.hu<\/a><\/p>\n","protected":false},"excerpt":{"rendered":"<p>M\u00e9g augusztusban le\u00e1llt Dunai Vasm\u0171 k\u00e9t koh\u00f3ja, a napokban pedig nagyon sokan mondt\u00e1k fel \u00e1ll\u00e1sukat. \u00c1rnyalja k\u00e9pet, hogy a k\u00e9t tulajdonos, az orosz \u00e9s ukr\u00e1n, nem tesznek er\u0151fesz\u00edt\u00e9seket a gy\u00e1r fennmarad\u00e1s\u00e1\u00e9rt. T\u00f6megesen mondtak fel a Dunaferr dolgoz\u00f3i, hogy min\u00e9l hamarabb \u00faj \u00e1ll\u00e1st tal\u00e1lhassanak. Pint\u00e9r Tam\u00e1s, Duna\u00fajv\u00e1ros jobbikos polg\u00e1rmestere arr\u00f3l besz\u00e9lt a N\u00e9pszav\u00e1nak , hogy fokozatosan [&hellip;]<\/p>\n","protected":false},"author":1,"featured_media":6043,"comment_status":"closed","ping_status":"closed","sticky":false,"template":"","format":"standard","meta":{"_monsterinsights_skip_tracking":false,"footnotes":""},"categories":[200],"tags":[306,305,307],"class_list":["post-6042","post","type-post","status-publish","format-standard","has-post-thumbnail","hentry","category-munkaeropiac","tag-dunaferr","tag-dunai-vasmu","tag-felmondas"],"aioseo_notices":[],"aioseo_head":"\n\t\t<!-- All in One SEO 5.0.0.1 - aioseo.com -->\n\t<meta name=\"description\" content=\"M\u00e9g augusztusban le\u00e1llt Dunai Vasm\u0171 k\u00e9t koh\u00f3ja, a napokban pedig nagyon sokan mondt\u00e1k fel \u00e1ll\u00e1sukat. Nem tesznek er\u0151fesz\u00edt\u00e9seket a gy\u00e1r fennmarad\u00e1s\u00e1\u00e9rt.\" \/>\n\t<meta name=\"robots\" content=\"max-image-preview:large\" \/>\n\t<meta name=\"author\" content=\"Juh\u00e1sz P\u00e9ter\"\/>\n\t<meta name=\"keywords\" content=\"dunaferr,dunai vasm\u0171,felmond\u00e1s\" \/>\n\t<link rel=\"canonical\" href=\"https:\/\/allasorias.hu\/hirek\/tobb-ezer-munkavallalo-mondhat-fel\/\" \/>\n\t<meta name=\"generator\" content=\"All in One SEO (AIOSEO) 5.0.0.1\" \/>\n\t\t<meta property=\"og:locale\" content=\"hu_HU\" \/>\n\t\t<meta property=\"og:site_name\" content=\"AllasOrias.hu | H\u00edrek-lapszemle | \u00dczleti h\u00edrek az \u00e1ll\u00e1s \u00e9s a munka vil\u00e1g\u00e1b\u00f3l\" \/>\n\t\t<meta property=\"og:type\" content=\"article\" \/>\n\t\t<meta property=\"og:title\" content=\"T\u00f6bb ezren mondhatnak fel a Dunai Vasm\u0171n\u00e9l\" \/>\n\t\t<meta property=\"og:description\" content=\"M\u00e9g augusztusban le\u00e1llt Dunai Vasm\u0171 k\u00e9t koh\u00f3ja, a napokban pedig nagyon sokan mondt\u00e1k fel \u00e1ll\u00e1sukat. Nem tesznek er\u0151fesz\u00edt\u00e9seket a gy\u00e1r fennmarad\u00e1s\u00e1\u00e9rt.\" \/>\n\t\t<meta property=\"og:url\" content=\"https:\/\/allasorias.hu\/hirek\/tobb-ezer-munkavallalo-mondhat-fel\/\" \/>\n\t\t<meta property=\"og:image\" content=\"https:\/\/allasorias.hu\/hirek\/wp-content\/uploads\/2022\/12\/tomeges-felmondas.jpg\" \/>\n\t\t<meta property=\"og:image:secure_url\" content=\"https:\/\/allasorias.hu\/hirek\/wp-content\/uploads\/2022\/12\/tomeges-felmondas.jpg\" \/>\n\t\t<meta property=\"og:image:width\" content=\"1280\" \/>\n\t\t<meta property=\"og:image:height\" content=\"854\" \/>\n\t\t<meta property=\"article:published_time\" content=\"2022-12-14T13:17:20+00:00\" \/>\n\t\t<meta property=\"article:modified_time\" content=\"2025-05-13T13:19:20+00:00\" \/>\n\t\t<meta property=\"article:publisher\" content=\"https:\/\/www.facebook.com\/allasorias\" \/>\n\t\t<meta name=\"twitter:card\" content=\"summary_large_image\" \/>\n\t\t<meta name=\"twitter:title\" content=\"T\u00f6bb ezren mondhatnak fel a Dunai Vasm\u0171n\u00e9l\" \/>\n\t\t<meta name=\"twitter:description\" content=\"M\u00e9g augusztusban le\u00e1llt Dunai Vasm\u0171 k\u00e9t koh\u00f3ja, a napokban pedig nagyon sokan mondt\u00e1k fel \u00e1ll\u00e1sukat. Nem tesznek er\u0151fesz\u00edt\u00e9seket a gy\u00e1r fennmarad\u00e1s\u00e1\u00e9rt.\" \/>\n\t\t<meta name=\"twitter:image\" content=\"https:\/\/allasorias.hu\/hirek\/wp-content\/uploads\/2022\/12\/tomeges-felmondas.jpg\" \/>\n\t\t<meta name=\"twitter:label1\" content=\"Written by\" \/>\n\t\t<meta name=\"twitter:data1\" content=\"Juh\u00e1sz P\u00e9ter\" \/>\n\t\t<meta name=\"twitter:label2\" content=\"Est. reading time\" \/>\n\t\t<meta name=\"twitter:data2\" content=\"2 minutes\" \/>\n\t\t<script type=\"application\/ld+json\" class=\"aioseo-schema\">\n\t\t\t{\"@context\":\"https:\\\/\\\/schema.org\",\"@graph\":[{\"@type\":\"Article\",\"@id\":\"https:\\\/\\\/allasorias.hu\\\/hirek\\\/tobb-ezer-munkavallalo-mondhat-fel\\\/#article\",\"name\":\"T\\u00f6bb ezren mondhatnak fel a Dunai Vasm\\u0171n\\u00e9l\",\"headline\":\"T\\u00f6bb ezer munkav\\u00e1llal\\u00f3 mondhat fel a Dunai Vasm\\u0171n\\u00e9l\",\"author\":{\"@id\":\"https:\\\/\\\/allasorias.hu\\\/hirek\\\/author\\\/admin-allasorias\\\/#author\"},\"publisher\":{\"@id\":\"https:\\\/\\\/allasorias.hu\\\/hirek\\\/#organization\"},\"image\":{\"@type\":\"ImageObject\",\"url\":\"https:\\\/\\\/allasorias.hu\\\/hirek\\\/wp-content\\\/uploads\\\/2022\\\/12\\\/tomeges-felmondas.jpg\",\"width\":1280,\"height\":854,\"caption\":\"T\\u00f6bb ezer munkav\\u00e1llal\\u00f3 mondhat fel a Dunai Vasm\\u0171n\\u00e9l - Allasorias.hu\\\/Hirek\"},\"datePublished\":\"2022-12-14T13:17:20+02:00\",\"dateModified\":\"2025-05-13T15:19:20+02:00\",\"inLanguage\":\"hu-HU\",\"mainEntityOfPage\":{\"@id\":\"https:\\\/\\\/allasorias.hu\\\/hirek\\\/tobb-ezer-munkavallalo-mondhat-fel\\\/#webpage\"},\"isPartOf\":{\"@id\":\"https:\\\/\\\/allasorias.hu\\\/hirek\\\/tobb-ezer-munkavallalo-mondhat-fel\\\/#webpage\"},\"articleSection\":\"Munkaer\\u0151piac, Dunaferr, Dunai Vasm\\u0171, felmond\\u00e1s\"},{\"@type\":\"BreadcrumbList\",\"@id\":\"https:\\\/\\\/allasorias.hu\\\/hirek\\\/tobb-ezer-munkavallalo-mondhat-fel\\\/#breadcrumblist\",\"itemListElement\":[{\"@type\":\"ListItem\",\"@id\":\"https:\\\/\\\/allasorias.hu\\\/hirek#listItem\",\"position\":1,\"name\":\"Home\",\"item\":\"https:\\\/\\\/allasorias.hu\\\/hirek\",\"nextItem\":{\"@type\":\"ListItem\",\"@id\":\"https:\\\/\\\/allasorias.hu\\\/hirek\\\/temak\\\/munkaeropiac\\\/#listItem\",\"name\":\"Munkaer\\u0151piac\"}},{\"@type\":\"ListItem\",\"@id\":\"https:\\\/\\\/allasorias.hu\\\/hirek\\\/temak\\\/munkaeropiac\\\/#listItem\",\"position\":2,\"name\":\"Munkaer\\u0151piac\",\"item\":\"https:\\\/\\\/allasorias.hu\\\/hirek\\\/temak\\\/munkaeropiac\\\/\",\"nextItem\":{\"@type\":\"ListItem\",\"@id\":\"https:\\\/\\\/allasorias.hu\\\/hirek\\\/tobb-ezer-munkavallalo-mondhat-fel\\\/#listItem\",\"name\":\"T\\u00f6bb ezer munkav\\u00e1llal\\u00f3 mondhat fel a Dunai Vasm\\u0171n\\u00e9l\"},\"previousItem\":{\"@type\":\"ListItem\",\"@id\":\"https:\\\/\\\/allasorias.hu\\\/hirek#listItem\",\"name\":\"Home\"}},{\"@type\":\"ListItem\",\"@id\":\"https:\\\/\\\/allasorias.hu\\\/hirek\\\/tobb-ezer-munkavallalo-mondhat-fel\\\/#listItem\",\"position\":3,\"name\":\"T\\u00f6bb ezer munkav\\u00e1llal\\u00f3 mondhat fel a Dunai Vasm\\u0171n\\u00e9l\",\"previousItem\":{\"@type\":\"ListItem\",\"@id\":\"https:\\\/\\\/allasorias.hu\\\/hirek\\\/temak\\\/munkaeropiac\\\/#listItem\",\"name\":\"Munkaer\\u0151piac\"}}]},{\"@type\":\"Organization\",\"@id\":\"https:\\\/\\\/allasorias.hu\\\/hirek\\\/#organization\",\"name\":\"AllasOrias.hu | H\\u00edrek-lapszemle\",\"description\":\"\\u00dczleti h\\u00edrek az \\u00e1ll\\u00e1s \\u00e9s a munka vil\\u00e1g\\u00e1b\\u00f3l\",\"url\":\"https:\\\/\\\/allasorias.hu\\\/hirek\\\/\",\"logo\":{\"@type\":\"ImageObject\",\"url\":\"https:\\\/\\\/allasorias.hu\\\/hirek\\\/wp-content\\\/uploads\\\/2022\\\/10\\\/allasorias_site_facebok_logo.png\",\"@id\":\"https:\\\/\\\/allasorias.hu\\\/hirek\\\/tobb-ezer-munkavallalo-mondhat-fel\\\/#organizationLogo\"},\"image\":{\"@id\":\"https:\\\/\\\/allasorias.hu\\\/hirek\\\/tobb-ezer-munkavallalo-mondhat-fel\\\/#organizationLogo\"},\"sameAs\":[\"https:\\\/\\\/www.facebook.com\\\/allasorias\",\"https:\\\/\\\/www.linkedin.com\\\/company\\\/allasorias\"]},{\"@type\":\"Person\",\"@id\":\"https:\\\/\\\/allasorias.hu\\\/hirek\\\/author\\\/admin-allasorias\\\/#author\",\"url\":\"https:\\\/\\\/allasorias.hu\\\/hirek\\\/author\\\/admin-allasorias\\\/\",\"name\":\"Juh\\u00e1sz P\\u00e9ter\",\"image\":{\"@type\":\"ImageObject\",\"@id\":\"https:\\\/\\\/allasorias.hu\\\/hirek\\\/tobb-ezer-munkavallalo-mondhat-fel\\\/#authorImage\",\"url\":\"https:\\\/\\\/secure.gravatar.com\\\/avatar\\\/36e6bcb83148978b992977cb0f54d22feb0cce8a0a849a9410532bb2623ba4c6?s=96&d=mm&r=g\",\"width\":96,\"height\":96,\"caption\":\"Juh\\u00e1sz P\\u00e9ter\"}},{\"@type\":\"WebPage\",\"@id\":\"https:\\\/\\\/allasorias.hu\\\/hirek\\\/tobb-ezer-munkavallalo-mondhat-fel\\\/#webpage\",\"url\":\"https:\\\/\\\/allasorias.hu\\\/hirek\\\/tobb-ezer-munkavallalo-mondhat-fel\\\/\",\"name\":\"T\\u00f6bb ezren mondhatnak fel a Dunai Vasm\\u0171n\\u00e9l\",\"description\":\"M\\u00e9g augusztusban le\\u00e1llt Dunai Vasm\\u0171 k\\u00e9t koh\\u00f3ja, a napokban pedig nagyon sokan mondt\\u00e1k fel \\u00e1ll\\u00e1sukat. Nem tesznek er\\u0151fesz\\u00edt\\u00e9seket a gy\\u00e1r fennmarad\\u00e1s\\u00e1\\u00e9rt.\",\"inLanguage\":\"hu-HU\",\"isPartOf\":{\"@id\":\"https:\\\/\\\/allasorias.hu\\\/hirek\\\/#website\"},\"breadcrumb\":{\"@id\":\"https:\\\/\\\/allasorias.hu\\\/hirek\\\/tobb-ezer-munkavallalo-mondhat-fel\\\/#breadcrumblist\"},\"author\":{\"@id\":\"https:\\\/\\\/allasorias.hu\\\/hirek\\\/author\\\/admin-allasorias\\\/#author\"},\"creator\":{\"@id\":\"https:\\\/\\\/allasorias.hu\\\/hirek\\\/author\\\/admin-allasorias\\\/#author\"},\"image\":{\"@type\":\"ImageObject\",\"url\":\"https:\\\/\\\/allasorias.hu\\\/hirek\\\/wp-content\\\/uploads\\\/2022\\\/12\\\/tomeges-felmondas.jpg\",\"@id\":\"https:\\\/\\\/allasorias.hu\\\/hirek\\\/tobb-ezer-munkavallalo-mondhat-fel\\\/#mainImage\",\"width\":1280,\"height\":854,\"caption\":\"T\\u00f6bb ezer munkav\\u00e1llal\\u00f3 mondhat fel a Dunai Vasm\\u0171n\\u00e9l - Allasorias.hu\\\/Hirek\"},\"primaryImageOfPage\":{\"@id\":\"https:\\\/\\\/allasorias.hu\\\/hirek\\\/tobb-ezer-munkavallalo-mondhat-fel\\\/#mainImage\"},\"datePublished\":\"2022-12-14T13:17:20+02:00\",\"dateModified\":\"2025-05-13T15:19:20+02:00\"},{\"@type\":\"WebSite\",\"@id\":\"https:\\\/\\\/allasorias.hu\\\/hirek\\\/#website\",\"url\":\"https:\\\/\\\/allasorias.hu\\\/hirek\\\/\",\"name\":\"AllasOrias.hu | H\\u00edrek-lapszemle\",\"description\":\"\\u00dczleti h\\u00edrek az \\u00e1ll\\u00e1s \\u00e9s a munka vil\\u00e1g\\u00e1b\\u00f3l\",\"inLanguage\":\"hu-HU\",\"publisher\":{\"@id\":\"https:\\\/\\\/allasorias.hu\\\/hirek\\\/#organization\"}}]}\n\t\t<\/script>\n\t\t<!-- All in One SEO -->\n\n","aioseo_head_json":{"title":"T\u00f6bb ezren mondhatnak fel a Dunai Vasm\u0171n\u00e9l","description":"M\u00e9g augusztusban le\u00e1llt Dunai Vasm\u0171 k\u00e9t koh\u00f3ja, a napokban pedig nagyon sokan mondt\u00e1k fel \u00e1ll\u00e1sukat. Nem tesznek er\u0151fesz\u00edt\u00e9seket a gy\u00e1r fennmarad\u00e1s\u00e1\u00e9rt.","canonical_url":"https:\/\/allasorias.hu\/hirek\/tobb-ezer-munkavallalo-mondhat-fel\/","robots":"max-image-preview:large","keywords":"dunaferr,dunai vasm\u0171,felmond\u00e1s","webmasterTools":{"miscellaneous":""},"schema":{"@context":"https:\/\/schema.org","@graph":[{"@type":"Article","@id":"https:\/\/allasorias.hu\/hirek\/tobb-ezer-munkavallalo-mondhat-fel\/#article","name":"T\u00f6bb ezren mondhatnak fel a Dunai Vasm\u0171n\u00e9l","headline":"T\u00f6bb ezer munkav\u00e1llal\u00f3 mondhat fel a Dunai Vasm\u0171n\u00e9l","author":{"@id":"https:\/\/allasorias.hu\/hirek\/author\/admin-allasorias\/#author"},"publisher":{"@id":"https:\/\/allasorias.hu\/hirek\/#organization"},"image":{"@type":"ImageObject","url":"https:\/\/allasorias.hu\/hirek\/wp-content\/uploads\/2022\/12\/tomeges-felmondas.jpg","width":1280,"height":854,"caption":"T\u00f6bb ezer munkav\u00e1llal\u00f3 mondhat fel a Dunai Vasm\u0171n\u00e9l - Allasorias.hu\/Hirek"},"datePublished":"2022-12-14T13:17:20+02:00","dateModified":"2025-05-13T15:19:20+02:00","inLanguage":"hu-HU","mainEntityOfPage":{"@id":"https:\/\/allasorias.hu\/hirek\/tobb-ezer-munkavallalo-mondhat-fel\/#webpage"},"isPartOf":{"@id":"https:\/\/allasorias.hu\/hirek\/tobb-ezer-munkavallalo-mondhat-fel\/#webpage"},"articleSection":"Munkaer\u0151piac, Dunaferr, Dunai Vasm\u0171, felmond\u00e1s"},{"@type":"BreadcrumbList","@id":"https:\/\/allasorias.hu\/hirek\/tobb-ezer-munkavallalo-mondhat-fel\/#breadcrumblist","itemListElement":[{"@type":"ListItem","@id":"https:\/\/allasorias.hu\/hirek#listItem","position":1,"name":"Home","item":"https:\/\/allasorias.hu\/hirek","nextItem":{"@type":"ListItem","@id":"https:\/\/allasorias.hu\/hirek\/temak\/munkaeropiac\/#listItem","name":"Munkaer\u0151piac"}},{"@type":"ListItem","@id":"https:\/\/allasorias.hu\/hirek\/temak\/munkaeropiac\/#listItem","position":2,"name":"Munkaer\u0151piac","item":"https:\/\/allasorias.hu\/hirek\/temak\/munkaeropiac\/","nextItem":{"@type":"ListItem","@id":"https:\/\/allasorias.hu\/hirek\/tobb-ezer-munkavallalo-mondhat-fel\/#listItem","name":"T\u00f6bb ezer munkav\u00e1llal\u00f3 mondhat fel a Dunai Vasm\u0171n\u00e9l"},"previousItem":{"@type":"ListItem","@id":"https:\/\/allasorias.hu\/hirek#listItem","name":"Home"}},{"@type":"ListItem","@id":"https:\/\/allasorias.hu\/hirek\/tobb-ezer-munkavallalo-mondhat-fel\/#listItem","position":3,"name":"T\u00f6bb ezer munkav\u00e1llal\u00f3 mondhat fel a Dunai Vasm\u0171n\u00e9l","previousItem":{"@type":"ListItem","@id":"https:\/\/allasorias.hu\/hirek\/temak\/munkaeropiac\/#listItem","name":"Munkaer\u0151piac"}}]},{"@type":"Organization","@id":"https:\/\/allasorias.hu\/hirek\/#organization","name":"AllasOrias.hu | H\u00edrek-lapszemle","description":"\u00dczleti h\u00edrek az \u00e1ll\u00e1s \u00e9s a munka vil\u00e1g\u00e1b\u00f3l","url":"https:\/\/allasorias.hu\/hirek\/","logo":{"@type":"ImageObject","url":"https:\/\/allasorias.hu\/hirek\/wp-content\/uploads\/2022\/10\/allasorias_site_facebok_logo.png","@id":"https:\/\/allasorias.hu\/hirek\/tobb-ezer-munkavallalo-mondhat-fel\/#organizationLogo"},"image":{"@id":"https:\/\/allasorias.hu\/hirek\/tobb-ezer-munkavallalo-mondhat-fel\/#organizationLogo"},"sameAs":["https:\/\/www.facebook.com\/allasorias","https:\/\/www.linkedin.com\/company\/allasorias"]},{"@type":"Person","@id":"https:\/\/allasorias.hu\/hirek\/author\/admin-allasorias\/#author","url":"https:\/\/allasorias.hu\/hirek\/author\/admin-allasorias\/","name":"Juh\u00e1sz P\u00e9ter","image":{"@type":"ImageObject","@id":"https:\/\/allasorias.hu\/hirek\/tobb-ezer-munkavallalo-mondhat-fel\/#authorImage","url":"https:\/\/secure.gravatar.com\/avatar\/36e6bcb83148978b992977cb0f54d22feb0cce8a0a849a9410532bb2623ba4c6?s=96&d=mm&r=g","width":96,"height":96,"caption":"Juh\u00e1sz P\u00e9ter"}},{"@type":"WebPage","@id":"https:\/\/allasorias.hu\/hirek\/tobb-ezer-munkavallalo-mondhat-fel\/#webpage","url":"https:\/\/allasorias.hu\/hirek\/tobb-ezer-munkavallalo-mondhat-fel\/","name":"T\u00f6bb ezren mondhatnak fel a Dunai Vasm\u0171n\u00e9l","description":"M\u00e9g augusztusban le\u00e1llt Dunai Vasm\u0171 k\u00e9t koh\u00f3ja, a napokban pedig nagyon sokan mondt\u00e1k fel \u00e1ll\u00e1sukat. Nem tesznek er\u0151fesz\u00edt\u00e9seket a gy\u00e1r fennmarad\u00e1s\u00e1\u00e9rt.","inLanguage":"hu-HU","isPartOf":{"@id":"https:\/\/allasorias.hu\/hirek\/#website"},"breadcrumb":{"@id":"https:\/\/allasorias.hu\/hirek\/tobb-ezer-munkavallalo-mondhat-fel\/#breadcrumblist"},"author":{"@id":"https:\/\/allasorias.hu\/hirek\/author\/admin-allasorias\/#author"},"creator":{"@id":"https:\/\/allasorias.hu\/hirek\/author\/admin-allasorias\/#author"},"image":{"@type":"ImageObject","url":"https:\/\/allasorias.hu\/hirek\/wp-content\/uploads\/2022\/12\/tomeges-felmondas.jpg","@id":"https:\/\/allasorias.hu\/hirek\/tobb-ezer-munkavallalo-mondhat-fel\/#mainImage","width":1280,"height":854,"caption":"T\u00f6bb ezer munkav\u00e1llal\u00f3 mondhat fel a Dunai Vasm\u0171n\u00e9l - Allasorias.hu\/Hirek"},"primaryImageOfPage":{"@id":"https:\/\/allasorias.hu\/hirek\/tobb-ezer-munkavallalo-mondhat-fel\/#mainImage"},"datePublished":"2022-12-14T13:17:20+02:00","dateModified":"2025-05-13T15:19:20+02:00"},{"@type":"WebSite","@id":"https:\/\/allasorias.hu\/hirek\/#website","url":"https:\/\/allasorias.hu\/hirek\/","name":"AllasOrias.hu | H\u00edrek-lapszemle","description":"\u00dczleti h\u00edrek az \u00e1ll\u00e1s \u00e9s a munka vil\u00e1g\u00e1b\u00f3l","inLanguage":"hu-HU","publisher":{"@id":"https:\/\/allasorias.hu\/hirek\/#organization"}}]},"og:locale":"hu_HU","og:site_name":"AllasOrias.hu | H\u00edrek-lapszemle | \u00dczleti h\u00edrek az \u00e1ll\u00e1s \u00e9s a munka vil\u00e1g\u00e1b\u00f3l","og:type":"article","og:title":"T\u00f6bb ezren mondhatnak fel a Dunai Vasm\u0171n\u00e9l","og:description":"M\u00e9g augusztusban le\u00e1llt Dunai Vasm\u0171 k\u00e9t koh\u00f3ja, a napokban pedig nagyon sokan mondt\u00e1k fel \u00e1ll\u00e1sukat. Nem tesznek er\u0151fesz\u00edt\u00e9seket a gy\u00e1r fennmarad\u00e1s\u00e1\u00e9rt.","og:url":"https:\/\/allasorias.hu\/hirek\/tobb-ezer-munkavallalo-mondhat-fel\/","og:image":"https:\/\/allasorias.hu\/hirek\/wp-content\/uploads\/2022\/12\/tomeges-felmondas.jpg","og:image:secure_url":"https:\/\/allasorias.hu\/hirek\/wp-content\/uploads\/2022\/12\/tomeges-felmondas.jpg","og:image:width":1280,"og:image:height":854,"article:published_time":"2022-12-14T13:17:20+00:00","article:modified_time":"2025-05-13T13:19:20+00:00","article:publisher":"https:\/\/www.facebook.com\/allasorias","twitter:card":"summary_large_image","twitter:title":"T\u00f6bb ezren mondhatnak fel a Dunai Vasm\u0171n\u00e9l","twitter:description":"M\u00e9g augusztusban le\u00e1llt Dunai Vasm\u0171 k\u00e9t koh\u00f3ja, a napokban pedig nagyon sokan mondt\u00e1k fel \u00e1ll\u00e1sukat. Nem tesznek er\u0151fesz\u00edt\u00e9seket a gy\u00e1r fennmarad\u00e1s\u00e1\u00e9rt.","twitter:image":"https:\/\/allasorias.hu\/hirek\/wp-content\/uploads\/2022\/12\/tomeges-felmondas.jpg","twitter:label1":"Written by","twitter:data1":"Juh\u00e1sz P\u00e9ter","twitter:label2":"Est. reading time","twitter:data2":"2 minutes"},"aioseo_meta_data":{"post_id":"6042","title":"T\u00f6bb ezren mondhatnak fel a Dunai Vasm\u0171n\u00e9l","description":"M\u00e9g augusztusban le\u00e1llt Dunai Vasm\u0171 k\u00e9t koh\u00f3ja, a napokban pedig nagyon sokan mondt\u00e1k fel \u00e1ll\u00e1sukat. Nem tesznek er\u0151fesz\u00edt\u00e9seket a gy\u00e1r fennmarad\u00e1s\u00e1\u00e9rt.","keywords":null,"keyphrases":{"focus":{"keyphrase":"Dunai vasm\u0171","score":80,"analysis":{"keyphraseInTitle":{"score":3,"maxScore":9,"error":1},"keyphraseInDescription":{"score":9,"maxScore":9,"error":0},"keyphraseLength":{"score":9,"maxScore":9,"error":0,"length":2},"keyphraseInURL":{"score":1,"maxScore":5,"error":1},"keyphraseInIntroduction":{"score":9,"maxScore":9,"error":0},"keyphraseInSubHeadings":[],"keyphraseInImageAlt":[],"keywordDensity":{"type":"best","score":9,"maxScore":9,"error":0}}},"additional":[]},"primary_term":null,"canonical_url":null,"og_title":null,"og_description":null,"og_object_type":"default","og_image_type":"default","og_image_url":null,"og_image_width":null,"og_image_height":null,"og_image_custom_url":null,"og_image_custom_fields":null,"og_video":"","og_custom_url":null,"og_article_section":null,"og_article_tags":null,"twitter_use_og":true,"twitter_card":"default","twitter_image_type":"default","twitter_image_url":null,"twitter_image_custom_url":null,"twitter_image_custom_fields":null,"twitter_title":null,"twitter_description":null,"schema":{"blockGraphs":[],"customGraphs":[],"default":{"data":{"Article":[],"Course":[],"Dataset":[],"FAQPage":[],"Movie":[],"Person":[],"Product":[],"ProductReview":[],"Car":[],"Recipe":[],"Service":[],"SoftwareApplication":[],"WebPage":[]},"graphName":"Article","isEnabled":true},"graphs":[]},"schema_type":"default","schema_type_options":null,"pillar_content":false,"robots_default":true,"robots_noindex":false,"robots_noarchive":false,"robots_nosnippet":false,"robots_nofollow":false,"robots_noimageindex":false,"robots_noodp":false,"robots_notranslate":false,"robots_max_snippet":"-1","robots_max_videopreview":"-1","robots_max_imagepreview":"large","priority":null,"frequency":"default","location":null,"local_seo":null,"breadcrumb_settings":null,"limit_modified_date":false,"ai":null,"created":"2022-12-14 12:30:17","updated":"2025-10-02 17:44:20","seo_analyzer_scan_date":null,"focus_keyword":"Dunai vasm\u0171","additional_keywords":null,"truseo_locale":null},"aioseo_breadcrumb":"<div class=\"aioseo-breadcrumbs\"><span class=\"aioseo-breadcrumb\">\n\t\t\t<a href=\"https:\/\/allasorias.hu\/hirek\" title=\"Home\">Home<\/a>\n\t\t<\/span><span class=\"aioseo-breadcrumb-separator\">&raquo;<\/span><span class=\"aioseo-breadcrumb\">\n\t\t\t<a href=\"https:\/\/allasorias.hu\/hirek\/temak\/munkaeropiac\/\" title=\"Munkaer\u0151piac\">Munkaer\u0151piac<\/a>\n\t\t<\/span><span class=\"aioseo-breadcrumb-separator\">&raquo;<\/span><span class=\"aioseo-breadcrumb\">\n\t\t\tT\u00f6bb ezer munkav\u00e1llal\u00f3 mondhat fel a Dunai Vasm\u0171n\u00e9l\n\t\t<\/span><\/div>","aioseo_breadcrumb_json":[{"label":"Home","link":"https:\/\/allasorias.hu\/hirek"},{"label":"Munkaer\u0151piac","link":"https:\/\/allasorias.hu\/hirek\/temak\/munkaeropiac\/"},{"label":"T\u00f6bb ezer munkav\u00e1llal\u00f3 mondhat fel a Dunai Vasm\u0171n\u00e9l","link":"https:\/\/allasorias.hu\/hirek\/tobb-ezer-munkavallalo-mondhat-fel\/"}],"_links":{"self":[{"href":"https:\/\/allasorias.hu\/hirek\/wp-json\/wp\/v2\/posts\/6042","targetHints":{"allow":["GET"]}}],"collection":[{"href":"https:\/\/allasorias.hu\/hirek\/wp-json\/wp\/v2\/posts"}],"about":[{"href":"https:\/\/allasorias.hu\/hirek\/wp-json\/wp\/v2\/types\/post"}],"author":[{"embeddable":true,"href":"https:\/\/allasorias.hu\/hirek\/wp-json\/wp\/v2\/users\/1"}],"replies":[{"embeddable":true,"href":"https:\/\/allasorias.hu\/hirek\/wp-json\/wp\/v2\/comments?post=6042"}],"version-history":[{"count":1,"href":"https:\/\/allasorias.hu\/hirek\/wp-json\/wp\/v2\/posts\/6042\/revisions"}],"predecessor-version":[{"id":6044,"href":"https:\/\/allasorias.hu\/hirek\/wp-json\/wp\/v2\/posts\/6042\/revisions\/6044"}],"wp:featuredmedia":[{"embeddable":true,"href":"https:\/\/allasorias.hu\/hirek\/wp-json\/wp\/v2\/media\/6043"}],"wp:attachment":[{"href":"https:\/\/allasorias.hu\/hirek\/wp-json\/wp\/v2\/media?parent=6042"}],"wp:term":[{"taxonomy":"category","embeddable":true,"href":"https:\/\/allasorias.hu\/hirek\/wp-json\/wp\/v2\/categories?post=6042"},{"taxonomy":"post_tag","embeddable":true,"href":"https:\/\/allasorias.hu\/hirek\/wp-json\/wp\/v2\/tags?post=6042"}],"curies":[{"name":"wp","href":"https:\/\/api.w.org\/{rel}","templated":true}]}}