{"id":6034,"date":"2022-12-12T11:41:08","date_gmt":"2022-12-12T11:41:08","guid":{"rendered":"https:\/\/allasorias.hu\/hirek\/?p=6034"},"modified":"2025-05-09T15:57:05","modified_gmt":"2025-05-09T13:57:05","slug":"megvaltozott-munkakepessegu-emberek-a-munkaeropiacon","status":"publish","type":"post","link":"https:\/\/allasorias.hu\/hirek\/megvaltozott-munkakepessegu-emberek-a-munkaeropiacon\/","title":{"rendered":"Megv\u00e1ltozott munkak\u00e9pess\u00e9g\u0171 emberek a munkaer\u0151piacon"},"content":{"rendered":"<p><strong>Magyarorsz\u00e1gon m\u00e9g mindig elmarad az uni\u00f3s \u00e1tlagt\u00f3l a fogyat\u00e9kkal \u00e9l\u0151k munk\u00e1ba \u00e1ll\u00edt\u00e1sa. A szakemberek szerint pedig el\u0151nyei vannak a foglalkoztat\u00e1suknak\u00a0 az eg\u00e9sz t\u00e1rsadalom sz\u00e1m\u00e1ra \u00e9s a munkaer\u0151hi\u00e1ny is cs\u00f6kkenthet\u0151 ez\u00e1ltal. <\/strong><\/p>\n<p>A Prohuman az orsz\u00e1g piacvezet\u0151 HR szolg\u00e1ltat\u00f3jak\u00e9nt m\u00e1r \u00e9vek \u00f3ta kiemelt figyelmet ford\u00edt arra, hogy munkalehet\u0151s\u00e9get biztos\u00edtson fogyat\u00e9kkal \u00e9l\u0151 embereknek \u2013 a v\u00e1llalat miskolci szolg\u00e1ltat\u00f3 k\u00f6zpontj\u00e1ban kiz\u00e1r\u00f3lag megv\u00e1ltozott munkak\u00e9pess\u00e9g\u0171 dolgoz\u00f3k v\u00e9gzik a munk\u00e1t. A Prohuman szakemberei szerint az \u00e9get\u0151 munkaer\u0151hi\u00e1ny kapcs\u00e1n is \u00e9rdemes lenne min\u00e9l t\u00f6bb c\u00e9gnek v\u00e9giggondolnia, hogy mik\u00e9nt vonhatna be megv\u00e1ltozott munkak\u00e9pess\u00e9ggel rendelkez\u0151 embereket a foglalkoztat\u00e1sba.<\/p>\n<p>\u201eHa megold\u00e1st nem is, de tartal\u00e9kot m\u00e9g mindenk\u00e9ppen jelenthet a magyar munkaer\u0151piacon a megv\u00e1ltozott munkak\u00e9pess\u00e9g\u0171 emberek bevon\u00e1sa, foglalkoztat\u00e1sa. Tapasztalataink szerint sok esetben puszt\u00e1n az\u00e9rt nem l\u00e9pnek a v\u00e1llalatok ebbe az ir\u00e1nyba, mert att\u00f3l tartanak, hogy olyan k\u00f6vetelm\u00e9nyeknek kellene megfelelni\u00fck, amelyeket nem tudn\u00e1nak teljes\u00edteni. Holott csup\u00e1n egy kis odafigyel\u00e9ssel k\u00f6nnyed\u00e9n megoldhat\u00f3 a legt\u00f6bb esetben, hogy egy fogyat\u00e9koss\u00e1ggal vagy eg\u00e9szs\u00e9gk\u00e1rosod\u00e1ssal \u00e9l\u0151 honfit\u00e1rsunk \u00e9rt\u00e9kes \u00e9s hat\u00e9kony tagja lehessen egy csapatnak, v\u00e1llalatnak\u201d \u2013 mondta el Ign\u00e1cz B\u00e9la, a Prohuman HR szolg\u00e1ltat\u00f3 \u00fcgyvezet\u0151 igazgat\u00f3ja.<\/p>\n<h2>EU-s \u00e1tlag alatt<\/h2>\n<p>Az elm\u00falt nagyj\u00e1b\u00f3l t\u00edz \u00e9vben 18-r\u00f3l 44 sz\u00e1zal\u00e9kra n\u0151tt azon megv\u00e1ltozott munkak\u00e9pess\u00e9g\u0171 emberek ar\u00e1nya, akik dolgoznak. Mindez mutatja, hogy ez a foglakoztat\u00e1si forma kezd Magyarorsz\u00e1gon is egyre elterjedtebb\u00e9 v\u00e1lni, de m\u00e9g mindig elmarad az EU-s \u00e1tlagt\u00f3l, ami 50 sz\u00e1zal\u00e9k. A statisztik\u00e1k szerint haz\u00e1nkban nagyj\u00e1b\u00f3l 150 ezer megv\u00e1ltozott munkak\u00e9pess\u00e9g\u0171 ember dolgozik, azonban a j\u00f3 gyakorlatok tanulm\u00e1nyoz\u00e1s\u00e1val, \u00e1tv\u00e9tel\u00e9vel \u00e9s a t\u00e1mogat\u00f3i k\u00f6rnyezet fejleszt\u00e9s\u00e9vel ez a sz\u00e1m m\u00e9g tov\u00e1bb n\u00f6velhet\u0151. \u201eKoll\u00e9g\u00e1ink els\u0151sorban bej\u00f6v\u0151 h\u00edv\u00e1sok kezel\u00e9s\u00e9vel, munkaer\u0151-toborz\u00e1ssal, adategyeztet\u00e9ssel \u00e9s ehhez kapcsol\u00f3d\u00f3 adminisztr\u00e1ci\u00f3s munk\u00e1val foglalkoznak, \u00e9s nagyban hozz\u00e1j\u00e1rulnak, hogy a r\u00e9gi\u00f3ban zavartalanul tudjuk kiszolg\u00e1lni az \u00fcgyfeleinket. Mindenki sz\u00e1m\u00e1ra rugalmasan biztos\u00edtjuk, hogy lehet\u0151s\u00e9gei szerint 4, 6, 7 vagy 8 \u00f3r\u00e1ban dolgozzon, ak\u00e1r t\u00e1vmunk\u00e1ban is\u201d \u2013 magyar\u00e1zta Lelovics Rita, az Es\u00e9lyteremt\u0151 H\u00edv\u00e1skoordin\u00e1ci\u00f3s K\u00f6zpont rehabilit\u00e1ci\u00f3s mentora.<\/p>\n<p>\u201e\u00c9szak-Magyarorsz\u00e1gon jelent\u0151s hi\u00e1ny mutatkozik irodai, adminisztr\u00e1ci\u00f3s dolgoz\u00f3k ter\u00e9n. Hisz\u00fcnk benne \u00e9s miskolci k\u00f6zpontunk p\u00e9ld\u00e1ja is azt mutatja, hogy a h\u00e1tr\u00e1nyos helyzetb\u0151l indul\u00f3 emberek is k\u00e9pesek \u00e9rt\u00e9kteremt\u0151 munk\u00e1t v\u00e9gezni, bevon\u00e1suk pedig seg\u00edthetne enyh\u00edteni a munkaer\u0151hi\u00e1nyt is. \u00c9ppen ez\u00e9rt r\u00f6vid t\u00e1v\u00fa terveink k\u00f6z\u00f6tt szerepel a l\u00e9tsz\u00e1m emel\u00e9se, ak\u00e1r megdupl\u00e1z\u00e1sa is\u201d \u2013 tette hozz\u00e1. Az autopro.hu is besz\u00e1molt a Trenkwalder Magyarorsz\u00e1g 2022-es Mobilit\u00e1si \u00e9s El\u00e9gedetts\u00e9gi Index\u00e9nek eredm\u00e9nyeir\u0151l. Az ezt bemutat\u00f3 sajt\u00f3t\u00e1j\u00e9koztat\u00f3n elhangzott, hogy m\u00e1r csak nagyon nehezen lehet n\u00f6velni a foglalkoztatottak sz\u00e1m\u00e1t, hi\u00e1ba van 270 ezer munkakeres\u0151 a KSH adatai szerint. Ennek ellen\u00e9re 87 ezer nyitott poz\u00edci\u00f3 tal\u00e1lhat\u00f3 a piacon, \u00e9s a v\u00e1rhat\u00f3 neh\u00e9z id\u0151szak ellen\u00e9re a k\u00f6vetkez\u0151 3-6 h\u00f3napban legfeljebb 50 ezerre cs\u00f6kkenhet a bet\u00f6ltetlen \u00e1ll\u00e1sok sz\u00e1ma a Trenkwalder becsl\u00e9se szerint. A v\u00e1llalatn\u00e1l is \u00fagy l\u00e1tj\u00e1k, hogy az egyik tartal\u00e9k a munkaer\u0151piacon a megv\u00e1ltozott munkak\u00e9pess\u00e9g\u0171 emberek foglalkoztat\u00e1sa lenne, ezzel tov\u00e1bb lehetne cs\u00f6kkenteni a bet\u00f6ltetlen poz\u00edci\u00f3k sz\u00e1m\u00e1t.<\/p>\n<p>Forr\u00e1s: <a href=\"https:\/\/autopro.hu\/hr\/ime-egy-kiaknazatlan-tartalek-a-munkaeropiacon\/819669\" target=\"_blank\" rel=\"nofollow noopener\">autopro.hu<\/a><\/p>\n","protected":false},"excerpt":{"rendered":"<p>Magyarorsz\u00e1gon m\u00e9g mindig elmarad az uni\u00f3s \u00e1tlagt\u00f3l a fogyat\u00e9kkal \u00e9l\u0151k munk\u00e1ba \u00e1ll\u00edt\u00e1sa. A szakemberek szerint pedig el\u0151nyei vannak a foglalkoztat\u00e1suknak\u00a0 az eg\u00e9sz t\u00e1rsadalom sz\u00e1m\u00e1ra \u00e9s a munkaer\u0151hi\u00e1ny is cs\u00f6kkenthet\u0151 ez\u00e1ltal. A Prohuman az orsz\u00e1g piacvezet\u0151 HR szolg\u00e1ltat\u00f3jak\u00e9nt m\u00e1r \u00e9vek \u00f3ta kiemelt figyelmet ford\u00edt arra, hogy munkalehet\u0151s\u00e9get biztos\u00edtson fogyat\u00e9kkal \u00e9l\u0151 embereknek \u2013 a v\u00e1llalat miskolci szolg\u00e1ltat\u00f3 [&hellip;]<\/p>\n","protected":false},"author":1,"featured_media":6035,"comment_status":"closed","ping_status":"closed","sticky":false,"template":"","format":"standard","meta":{"_monsterinsights_skip_tracking":false,"footnotes":""},"categories":[200],"tags":[301,302],"class_list":["post-6034","post","type-post","status-publish","format-standard","has-post-thumbnail","hentry","category-munkaeropiac","tag-fogyatekkal-elo","tag-megvaltozott-munkakepessegu"],"aioseo_notices":[],"aioseo_head":"\n\t\t<!-- All in One SEO 5.0.0.1 - aioseo.com -->\n\t<meta name=\"description\" content=\"Magyarorsz\u00e1gon m\u00e9g mindig elmarad az uni\u00f3s \u00e1tlagt\u00f3l a fogyat\u00e9kkal \u00e9l\u0151k munk\u00e1ba \u00e1ll\u00edt\u00e1sa. EU-s \u00e1tlag alatt a megv\u00e1ltozott munkak\u00e9pess\u00e9g\u0171 emberek foglalkoztat\u00e1sa.\" \/>\n\t<meta name=\"robots\" content=\"max-image-preview:large\" \/>\n\t<meta name=\"author\" content=\"Juh\u00e1sz P\u00e9ter\"\/>\n\t<meta name=\"keywords\" content=\"fogyat\u00e9kkal \u00e9l\u0151,megv\u00e1ltozott munkak\u00e9pess\u00e9g\u0171\" \/>\n\t<link rel=\"canonical\" href=\"https:\/\/allasorias.hu\/hirek\/megvaltozott-munkakepessegu-emberek-a-munkaeropiacon\/\" \/>\n\t<meta name=\"generator\" content=\"All in One SEO (AIOSEO) 5.0.0.1\" \/>\n\t\t<meta property=\"og:locale\" content=\"hu_HU\" \/>\n\t\t<meta property=\"og:site_name\" content=\"AllasOrias.hu | H\u00edrek-lapszemle | \u00dczleti h\u00edrek az \u00e1ll\u00e1s \u00e9s a munka vil\u00e1g\u00e1b\u00f3l\" \/>\n\t\t<meta property=\"og:type\" content=\"article\" \/>\n\t\t<meta property=\"og:title\" content=\"Megv\u00e1ltozott munkak\u00e9pess\u00e9g\u0171ek a munkaer\u0151piacon\" \/>\n\t\t<meta property=\"og:description\" content=\"Magyarorsz\u00e1gon m\u00e9g mindig elmarad az uni\u00f3s \u00e1tlagt\u00f3l a fogyat\u00e9kkal \u00e9l\u0151k munk\u00e1ba \u00e1ll\u00edt\u00e1sa. EU-s \u00e1tlag alatt a megv\u00e1ltozott munkak\u00e9pess\u00e9g\u0171 emberek foglalkoztat\u00e1sa.\" \/>\n\t\t<meta property=\"og:url\" content=\"https:\/\/allasorias.hu\/hirek\/megvaltozott-munkakepessegu-emberek-a-munkaeropiacon\/\" \/>\n\t\t<meta property=\"og:image\" content=\"https:\/\/allasorias.hu\/hirek\/wp-content\/uploads\/2022\/12\/Megvaltozott-munkakepessegu.jpg\" \/>\n\t\t<meta property=\"og:image:secure_url\" content=\"https:\/\/allasorias.hu\/hirek\/wp-content\/uploads\/2022\/12\/Megvaltozott-munkakepessegu.jpg\" \/>\n\t\t<meta property=\"og:image:width\" content=\"1280\" \/>\n\t\t<meta property=\"og:image:height\" content=\"854\" \/>\n\t\t<meta property=\"article:published_time\" content=\"2022-12-12T11:41:08+00:00\" \/>\n\t\t<meta property=\"article:modified_time\" content=\"2025-05-09T13:57:05+00:00\" \/>\n\t\t<meta property=\"article:publisher\" content=\"https:\/\/www.facebook.com\/allasorias\" \/>\n\t\t<meta name=\"twitter:card\" content=\"summary_large_image\" \/>\n\t\t<meta name=\"twitter:title\" content=\"Megv\u00e1ltozott munkak\u00e9pess\u00e9g\u0171ek a munkaer\u0151piacon\" \/>\n\t\t<meta name=\"twitter:description\" content=\"Magyarorsz\u00e1gon m\u00e9g mindig elmarad az uni\u00f3s \u00e1tlagt\u00f3l a fogyat\u00e9kkal \u00e9l\u0151k munk\u00e1ba \u00e1ll\u00edt\u00e1sa. EU-s \u00e1tlag alatt a megv\u00e1ltozott munkak\u00e9pess\u00e9g\u0171 emberek foglalkoztat\u00e1sa.\" \/>\n\t\t<meta name=\"twitter:image\" content=\"https:\/\/allasorias.hu\/hirek\/wp-content\/uploads\/2022\/12\/Megvaltozott-munkakepessegu.jpg\" \/>\n\t\t<meta name=\"twitter:label1\" content=\"Written by\" \/>\n\t\t<meta name=\"twitter:data1\" content=\"Juh\u00e1sz P\u00e9ter\" \/>\n\t\t<meta name=\"twitter:label2\" content=\"Est. reading time\" \/>\n\t\t<meta name=\"twitter:data2\" content=\"3 minutes\" \/>\n\t\t<script type=\"application\/ld+json\" class=\"aioseo-schema\">\n\t\t\t{\"@context\":\"https:\\\/\\\/schema.org\",\"@graph\":[{\"@type\":\"Article\",\"@id\":\"https:\\\/\\\/allasorias.hu\\\/hirek\\\/megvaltozott-munkakepessegu-emberek-a-munkaeropiacon\\\/#article\",\"name\":\"Megv\\u00e1ltozott munkak\\u00e9pess\\u00e9g\\u0171ek a munkaer\\u0151piacon\",\"headline\":\"Megv\\u00e1ltozott munkak\\u00e9pess\\u00e9g\\u0171 emberek a munkaer\\u0151piacon\",\"author\":{\"@id\":\"https:\\\/\\\/allasorias.hu\\\/hirek\\\/author\\\/admin-allasorias\\\/#author\"},\"publisher\":{\"@id\":\"https:\\\/\\\/allasorias.hu\\\/hirek\\\/#organization\"},\"image\":{\"@type\":\"ImageObject\",\"url\":\"https:\\\/\\\/allasorias.hu\\\/hirek\\\/wp-content\\\/uploads\\\/2022\\\/12\\\/Megvaltozott-munkakepessegu.jpg\",\"width\":1280,\"height\":854,\"caption\":\"Megv\\u00e1ltozott munkak\\u00e9pess\\u00e9g\\u0171 emberek a munkaer\\u0151piacon - Allasorias.hu\\\/Hirek\"},\"datePublished\":\"2022-12-12T11:41:08+02:00\",\"dateModified\":\"2025-05-09T15:57:05+02:00\",\"inLanguage\":\"hu-HU\",\"mainEntityOfPage\":{\"@id\":\"https:\\\/\\\/allasorias.hu\\\/hirek\\\/megvaltozott-munkakepessegu-emberek-a-munkaeropiacon\\\/#webpage\"},\"isPartOf\":{\"@id\":\"https:\\\/\\\/allasorias.hu\\\/hirek\\\/megvaltozott-munkakepessegu-emberek-a-munkaeropiacon\\\/#webpage\"},\"articleSection\":\"Munkaer\\u0151piac, fogyat\\u00e9kkal \\u00e9l\\u0151, megv\\u00e1ltozott munkak\\u00e9pess\\u00e9g\\u0171\"},{\"@type\":\"BreadcrumbList\",\"@id\":\"https:\\\/\\\/allasorias.hu\\\/hirek\\\/megvaltozott-munkakepessegu-emberek-a-munkaeropiacon\\\/#breadcrumblist\",\"itemListElement\":[{\"@type\":\"ListItem\",\"@id\":\"https:\\\/\\\/allasorias.hu\\\/hirek#listItem\",\"position\":1,\"name\":\"Home\",\"item\":\"https:\\\/\\\/allasorias.hu\\\/hirek\",\"nextItem\":{\"@type\":\"ListItem\",\"@id\":\"https:\\\/\\\/allasorias.hu\\\/hirek\\\/temak\\\/munkaeropiac\\\/#listItem\",\"name\":\"Munkaer\\u0151piac\"}},{\"@type\":\"ListItem\",\"@id\":\"https:\\\/\\\/allasorias.hu\\\/hirek\\\/temak\\\/munkaeropiac\\\/#listItem\",\"position\":2,\"name\":\"Munkaer\\u0151piac\",\"item\":\"https:\\\/\\\/allasorias.hu\\\/hirek\\\/temak\\\/munkaeropiac\\\/\",\"nextItem\":{\"@type\":\"ListItem\",\"@id\":\"https:\\\/\\\/allasorias.hu\\\/hirek\\\/megvaltozott-munkakepessegu-emberek-a-munkaeropiacon\\\/#listItem\",\"name\":\"Megv\\u00e1ltozott munkak\\u00e9pess\\u00e9g\\u0171 emberek a munkaer\\u0151piacon\"},\"previousItem\":{\"@type\":\"ListItem\",\"@id\":\"https:\\\/\\\/allasorias.hu\\\/hirek#listItem\",\"name\":\"Home\"}},{\"@type\":\"ListItem\",\"@id\":\"https:\\\/\\\/allasorias.hu\\\/hirek\\\/megvaltozott-munkakepessegu-emberek-a-munkaeropiacon\\\/#listItem\",\"position\":3,\"name\":\"Megv\\u00e1ltozott munkak\\u00e9pess\\u00e9g\\u0171 emberek a munkaer\\u0151piacon\",\"previousItem\":{\"@type\":\"ListItem\",\"@id\":\"https:\\\/\\\/allasorias.hu\\\/hirek\\\/temak\\\/munkaeropiac\\\/#listItem\",\"name\":\"Munkaer\\u0151piac\"}}]},{\"@type\":\"Organization\",\"@id\":\"https:\\\/\\\/allasorias.hu\\\/hirek\\\/#organization\",\"name\":\"AllasOrias.hu | H\\u00edrek-lapszemle\",\"description\":\"\\u00dczleti h\\u00edrek az \\u00e1ll\\u00e1s \\u00e9s a munka vil\\u00e1g\\u00e1b\\u00f3l\",\"url\":\"https:\\\/\\\/allasorias.hu\\\/hirek\\\/\",\"logo\":{\"@type\":\"ImageObject\",\"url\":\"https:\\\/\\\/allasorias.hu\\\/hirek\\\/wp-content\\\/uploads\\\/2022\\\/10\\\/allasorias_site_facebok_logo.png\",\"@id\":\"https:\\\/\\\/allasorias.hu\\\/hirek\\\/megvaltozott-munkakepessegu-emberek-a-munkaeropiacon\\\/#organizationLogo\"},\"image\":{\"@id\":\"https:\\\/\\\/allasorias.hu\\\/hirek\\\/megvaltozott-munkakepessegu-emberek-a-munkaeropiacon\\\/#organizationLogo\"},\"sameAs\":[\"https:\\\/\\\/www.facebook.com\\\/allasorias\",\"https:\\\/\\\/www.linkedin.com\\\/company\\\/allasorias\"]},{\"@type\":\"Person\",\"@id\":\"https:\\\/\\\/allasorias.hu\\\/hirek\\\/author\\\/admin-allasorias\\\/#author\",\"url\":\"https:\\\/\\\/allasorias.hu\\\/hirek\\\/author\\\/admin-allasorias\\\/\",\"name\":\"Juh\\u00e1sz P\\u00e9ter\",\"image\":{\"@type\":\"ImageObject\",\"@id\":\"https:\\\/\\\/allasorias.hu\\\/hirek\\\/megvaltozott-munkakepessegu-emberek-a-munkaeropiacon\\\/#authorImage\",\"url\":\"https:\\\/\\\/secure.gravatar.com\\\/avatar\\\/36e6bcb83148978b992977cb0f54d22feb0cce8a0a849a9410532bb2623ba4c6?s=96&d=mm&r=g\",\"width\":96,\"height\":96,\"caption\":\"Juh\\u00e1sz P\\u00e9ter\"}},{\"@type\":\"WebPage\",\"@id\":\"https:\\\/\\\/allasorias.hu\\\/hirek\\\/megvaltozott-munkakepessegu-emberek-a-munkaeropiacon\\\/#webpage\",\"url\":\"https:\\\/\\\/allasorias.hu\\\/hirek\\\/megvaltozott-munkakepessegu-emberek-a-munkaeropiacon\\\/\",\"name\":\"Megv\\u00e1ltozott munkak\\u00e9pess\\u00e9g\\u0171ek a munkaer\\u0151piacon\",\"description\":\"Magyarorsz\\u00e1gon m\\u00e9g mindig elmarad az uni\\u00f3s \\u00e1tlagt\\u00f3l a fogyat\\u00e9kkal \\u00e9l\\u0151k munk\\u00e1ba \\u00e1ll\\u00edt\\u00e1sa. EU-s \\u00e1tlag alatt a megv\\u00e1ltozott munkak\\u00e9pess\\u00e9g\\u0171 emberek foglalkoztat\\u00e1sa.\",\"inLanguage\":\"hu-HU\",\"isPartOf\":{\"@id\":\"https:\\\/\\\/allasorias.hu\\\/hirek\\\/#website\"},\"breadcrumb\":{\"@id\":\"https:\\\/\\\/allasorias.hu\\\/hirek\\\/megvaltozott-munkakepessegu-emberek-a-munkaeropiacon\\\/#breadcrumblist\"},\"author\":{\"@id\":\"https:\\\/\\\/allasorias.hu\\\/hirek\\\/author\\\/admin-allasorias\\\/#author\"},\"creator\":{\"@id\":\"https:\\\/\\\/allasorias.hu\\\/hirek\\\/author\\\/admin-allasorias\\\/#author\"},\"image\":{\"@type\":\"ImageObject\",\"url\":\"https:\\\/\\\/allasorias.hu\\\/hirek\\\/wp-content\\\/uploads\\\/2022\\\/12\\\/Megvaltozott-munkakepessegu.jpg\",\"@id\":\"https:\\\/\\\/allasorias.hu\\\/hirek\\\/megvaltozott-munkakepessegu-emberek-a-munkaeropiacon\\\/#mainImage\",\"width\":1280,\"height\":854,\"caption\":\"Megv\\u00e1ltozott munkak\\u00e9pess\\u00e9g\\u0171 emberek a munkaer\\u0151piacon - Allasorias.hu\\\/Hirek\"},\"primaryImageOfPage\":{\"@id\":\"https:\\\/\\\/allasorias.hu\\\/hirek\\\/megvaltozott-munkakepessegu-emberek-a-munkaeropiacon\\\/#mainImage\"},\"datePublished\":\"2022-12-12T11:41:08+02:00\",\"dateModified\":\"2025-05-09T15:57:05+02:00\"},{\"@type\":\"WebSite\",\"@id\":\"https:\\\/\\\/allasorias.hu\\\/hirek\\\/#website\",\"url\":\"https:\\\/\\\/allasorias.hu\\\/hirek\\\/\",\"name\":\"AllasOrias.hu | H\\u00edrek-lapszemle\",\"description\":\"\\u00dczleti h\\u00edrek az \\u00e1ll\\u00e1s \\u00e9s a munka vil\\u00e1g\\u00e1b\\u00f3l\",\"inLanguage\":\"hu-HU\",\"publisher\":{\"@id\":\"https:\\\/\\\/allasorias.hu\\\/hirek\\\/#organization\"}}]}\n\t\t<\/script>\n\t\t<!-- All in One SEO -->\n\n","aioseo_head_json":{"title":"Megv\u00e1ltozott munkak\u00e9pess\u00e9g\u0171ek a munkaer\u0151piacon","description":"Magyarorsz\u00e1gon m\u00e9g mindig elmarad az uni\u00f3s \u00e1tlagt\u00f3l a fogyat\u00e9kkal \u00e9l\u0151k munk\u00e1ba \u00e1ll\u00edt\u00e1sa. EU-s \u00e1tlag alatt a megv\u00e1ltozott munkak\u00e9pess\u00e9g\u0171 emberek foglalkoztat\u00e1sa.","canonical_url":"https:\/\/allasorias.hu\/hirek\/megvaltozott-munkakepessegu-emberek-a-munkaeropiacon\/","robots":"max-image-preview:large","keywords":"fogyat\u00e9kkal \u00e9l\u0151,megv\u00e1ltozott munkak\u00e9pess\u00e9g\u0171","webmasterTools":{"miscellaneous":""},"schema":{"@context":"https:\/\/schema.org","@graph":[{"@type":"Article","@id":"https:\/\/allasorias.hu\/hirek\/megvaltozott-munkakepessegu-emberek-a-munkaeropiacon\/#article","name":"Megv\u00e1ltozott munkak\u00e9pess\u00e9g\u0171ek a munkaer\u0151piacon","headline":"Megv\u00e1ltozott munkak\u00e9pess\u00e9g\u0171 emberek a munkaer\u0151piacon","author":{"@id":"https:\/\/allasorias.hu\/hirek\/author\/admin-allasorias\/#author"},"publisher":{"@id":"https:\/\/allasorias.hu\/hirek\/#organization"},"image":{"@type":"ImageObject","url":"https:\/\/allasorias.hu\/hirek\/wp-content\/uploads\/2022\/12\/Megvaltozott-munkakepessegu.jpg","width":1280,"height":854,"caption":"Megv\u00e1ltozott munkak\u00e9pess\u00e9g\u0171 emberek a munkaer\u0151piacon - Allasorias.hu\/Hirek"},"datePublished":"2022-12-12T11:41:08+02:00","dateModified":"2025-05-09T15:57:05+02:00","inLanguage":"hu-HU","mainEntityOfPage":{"@id":"https:\/\/allasorias.hu\/hirek\/megvaltozott-munkakepessegu-emberek-a-munkaeropiacon\/#webpage"},"isPartOf":{"@id":"https:\/\/allasorias.hu\/hirek\/megvaltozott-munkakepessegu-emberek-a-munkaeropiacon\/#webpage"},"articleSection":"Munkaer\u0151piac, fogyat\u00e9kkal \u00e9l\u0151, megv\u00e1ltozott munkak\u00e9pess\u00e9g\u0171"},{"@type":"BreadcrumbList","@id":"https:\/\/allasorias.hu\/hirek\/megvaltozott-munkakepessegu-emberek-a-munkaeropiacon\/#breadcrumblist","itemListElement":[{"@type":"ListItem","@id":"https:\/\/allasorias.hu\/hirek#listItem","position":1,"name":"Home","item":"https:\/\/allasorias.hu\/hirek","nextItem":{"@type":"ListItem","@id":"https:\/\/allasorias.hu\/hirek\/temak\/munkaeropiac\/#listItem","name":"Munkaer\u0151piac"}},{"@type":"ListItem","@id":"https:\/\/allasorias.hu\/hirek\/temak\/munkaeropiac\/#listItem","position":2,"name":"Munkaer\u0151piac","item":"https:\/\/allasorias.hu\/hirek\/temak\/munkaeropiac\/","nextItem":{"@type":"ListItem","@id":"https:\/\/allasorias.hu\/hirek\/megvaltozott-munkakepessegu-emberek-a-munkaeropiacon\/#listItem","name":"Megv\u00e1ltozott munkak\u00e9pess\u00e9g\u0171 emberek a munkaer\u0151piacon"},"previousItem":{"@type":"ListItem","@id":"https:\/\/allasorias.hu\/hirek#listItem","name":"Home"}},{"@type":"ListItem","@id":"https:\/\/allasorias.hu\/hirek\/megvaltozott-munkakepessegu-emberek-a-munkaeropiacon\/#listItem","position":3,"name":"Megv\u00e1ltozott munkak\u00e9pess\u00e9g\u0171 emberek a munkaer\u0151piacon","previousItem":{"@type":"ListItem","@id":"https:\/\/allasorias.hu\/hirek\/temak\/munkaeropiac\/#listItem","name":"Munkaer\u0151piac"}}]},{"@type":"Organization","@id":"https:\/\/allasorias.hu\/hirek\/#organization","name":"AllasOrias.hu | H\u00edrek-lapszemle","description":"\u00dczleti h\u00edrek az \u00e1ll\u00e1s \u00e9s a munka vil\u00e1g\u00e1b\u00f3l","url":"https:\/\/allasorias.hu\/hirek\/","logo":{"@type":"ImageObject","url":"https:\/\/allasorias.hu\/hirek\/wp-content\/uploads\/2022\/10\/allasorias_site_facebok_logo.png","@id":"https:\/\/allasorias.hu\/hirek\/megvaltozott-munkakepessegu-emberek-a-munkaeropiacon\/#organizationLogo"},"image":{"@id":"https:\/\/allasorias.hu\/hirek\/megvaltozott-munkakepessegu-emberek-a-munkaeropiacon\/#organizationLogo"},"sameAs":["https:\/\/www.facebook.com\/allasorias","https:\/\/www.linkedin.com\/company\/allasorias"]},{"@type":"Person","@id":"https:\/\/allasorias.hu\/hirek\/author\/admin-allasorias\/#author","url":"https:\/\/allasorias.hu\/hirek\/author\/admin-allasorias\/","name":"Juh\u00e1sz P\u00e9ter","image":{"@type":"ImageObject","@id":"https:\/\/allasorias.hu\/hirek\/megvaltozott-munkakepessegu-emberek-a-munkaeropiacon\/#authorImage","url":"https:\/\/secure.gravatar.com\/avatar\/36e6bcb83148978b992977cb0f54d22feb0cce8a0a849a9410532bb2623ba4c6?s=96&d=mm&r=g","width":96,"height":96,"caption":"Juh\u00e1sz P\u00e9ter"}},{"@type":"WebPage","@id":"https:\/\/allasorias.hu\/hirek\/megvaltozott-munkakepessegu-emberek-a-munkaeropiacon\/#webpage","url":"https:\/\/allasorias.hu\/hirek\/megvaltozott-munkakepessegu-emberek-a-munkaeropiacon\/","name":"Megv\u00e1ltozott munkak\u00e9pess\u00e9g\u0171ek a munkaer\u0151piacon","description":"Magyarorsz\u00e1gon m\u00e9g mindig elmarad az uni\u00f3s \u00e1tlagt\u00f3l a fogyat\u00e9kkal \u00e9l\u0151k munk\u00e1ba \u00e1ll\u00edt\u00e1sa. EU-s \u00e1tlag alatt a megv\u00e1ltozott munkak\u00e9pess\u00e9g\u0171 emberek foglalkoztat\u00e1sa.","inLanguage":"hu-HU","isPartOf":{"@id":"https:\/\/allasorias.hu\/hirek\/#website"},"breadcrumb":{"@id":"https:\/\/allasorias.hu\/hirek\/megvaltozott-munkakepessegu-emberek-a-munkaeropiacon\/#breadcrumblist"},"author":{"@id":"https:\/\/allasorias.hu\/hirek\/author\/admin-allasorias\/#author"},"creator":{"@id":"https:\/\/allasorias.hu\/hirek\/author\/admin-allasorias\/#author"},"image":{"@type":"ImageObject","url":"https:\/\/allasorias.hu\/hirek\/wp-content\/uploads\/2022\/12\/Megvaltozott-munkakepessegu.jpg","@id":"https:\/\/allasorias.hu\/hirek\/megvaltozott-munkakepessegu-emberek-a-munkaeropiacon\/#mainImage","width":1280,"height":854,"caption":"Megv\u00e1ltozott munkak\u00e9pess\u00e9g\u0171 emberek a munkaer\u0151piacon - Allasorias.hu\/Hirek"},"primaryImageOfPage":{"@id":"https:\/\/allasorias.hu\/hirek\/megvaltozott-munkakepessegu-emberek-a-munkaeropiacon\/#mainImage"},"datePublished":"2022-12-12T11:41:08+02:00","dateModified":"2025-05-09T15:57:05+02:00"},{"@type":"WebSite","@id":"https:\/\/allasorias.hu\/hirek\/#website","url":"https:\/\/allasorias.hu\/hirek\/","name":"AllasOrias.hu | H\u00edrek-lapszemle","description":"\u00dczleti h\u00edrek az \u00e1ll\u00e1s \u00e9s a munka vil\u00e1g\u00e1b\u00f3l","inLanguage":"hu-HU","publisher":{"@id":"https:\/\/allasorias.hu\/hirek\/#organization"}}]},"og:locale":"hu_HU","og:site_name":"AllasOrias.hu | H\u00edrek-lapszemle | \u00dczleti h\u00edrek az \u00e1ll\u00e1s \u00e9s a munka vil\u00e1g\u00e1b\u00f3l","og:type":"article","og:title":"Megv\u00e1ltozott munkak\u00e9pess\u00e9g\u0171ek a munkaer\u0151piacon","og:description":"Magyarorsz\u00e1gon m\u00e9g mindig elmarad az uni\u00f3s \u00e1tlagt\u00f3l a fogyat\u00e9kkal \u00e9l\u0151k munk\u00e1ba \u00e1ll\u00edt\u00e1sa. EU-s \u00e1tlag alatt a megv\u00e1ltozott munkak\u00e9pess\u00e9g\u0171 emberek foglalkoztat\u00e1sa.","og:url":"https:\/\/allasorias.hu\/hirek\/megvaltozott-munkakepessegu-emberek-a-munkaeropiacon\/","og:image":"https:\/\/allasorias.hu\/hirek\/wp-content\/uploads\/2022\/12\/Megvaltozott-munkakepessegu.jpg","og:image:secure_url":"https:\/\/allasorias.hu\/hirek\/wp-content\/uploads\/2022\/12\/Megvaltozott-munkakepessegu.jpg","og:image:width":1280,"og:image:height":854,"article:published_time":"2022-12-12T11:41:08+00:00","article:modified_time":"2025-05-09T13:57:05+00:00","article:publisher":"https:\/\/www.facebook.com\/allasorias","twitter:card":"summary_large_image","twitter:title":"Megv\u00e1ltozott munkak\u00e9pess\u00e9g\u0171ek a munkaer\u0151piacon","twitter:description":"Magyarorsz\u00e1gon m\u00e9g mindig elmarad az uni\u00f3s \u00e1tlagt\u00f3l a fogyat\u00e9kkal \u00e9l\u0151k munk\u00e1ba \u00e1ll\u00edt\u00e1sa. EU-s \u00e1tlag alatt a megv\u00e1ltozott munkak\u00e9pess\u00e9g\u0171 emberek foglalkoztat\u00e1sa.","twitter:image":"https:\/\/allasorias.hu\/hirek\/wp-content\/uploads\/2022\/12\/Megvaltozott-munkakepessegu.jpg","twitter:label1":"Written by","twitter:data1":"Juh\u00e1sz P\u00e9ter","twitter:label2":"Est. reading time","twitter:data2":"3 minutes"},"aioseo_meta_data":{"post_id":"6034","title":"Megv\u00e1ltozott munkak\u00e9pess\u00e9g\u0171ek a munkaer\u0151piacon","description":"Magyarorsz\u00e1gon m\u00e9g mindig elmarad az uni\u00f3s \u00e1tlagt\u00f3l a fogyat\u00e9kkal \u00e9l\u0151k munk\u00e1ba \u00e1ll\u00edt\u00e1sa. EU-s \u00e1tlag alatt a megv\u00e1ltozott munkak\u00e9pess\u00e9g\u0171 emberek foglalkoztat\u00e1sa.","keywords":null,"keyphrases":{"focus":{"keyphrase":"megv\u00e1ltozott munkak\u00e9pess\u00e9g\u0171","score":58,"analysis":{"keyphraseInTitle":{"score":3,"maxScore":9,"error":1},"keyphraseInDescription":{"score":9,"maxScore":9,"error":0},"keyphraseLength":{"score":6,"maxScore":9,"error":1,"length":5},"keyphraseInURL":{"score":1,"maxScore":5,"error":1},"keyphraseInIntroduction":{"score":3,"maxScore":9,"error":1},"keyphraseInSubHeadings":{"score":3,"maxScore":9,"error":1},"keyphraseInImageAlt":[],"keywordDensity":{"type":"best","score":9,"maxScore":9,"error":0}}},"additional":[]},"primary_term":null,"canonical_url":null,"og_title":null,"og_description":null,"og_object_type":"default","og_image_type":"default","og_image_url":null,"og_image_width":null,"og_image_height":null,"og_image_custom_url":null,"og_image_custom_fields":null,"og_video":"","og_custom_url":null,"og_article_section":null,"og_article_tags":null,"twitter_use_og":true,"twitter_card":"default","twitter_image_type":"default","twitter_image_url":null,"twitter_image_custom_url":null,"twitter_image_custom_fields":null,"twitter_title":null,"twitter_description":null,"schema":{"blockGraphs":[],"customGraphs":[],"default":{"data":{"Article":[],"Course":[],"Dataset":[],"FAQPage":[],"Movie":[],"Person":[],"Product":[],"ProductReview":[],"Car":[],"Recipe":[],"Service":[],"SoftwareApplication":[],"WebPage":[]},"graphName":"Article","isEnabled":true},"graphs":[]},"schema_type":"default","schema_type_options":null,"pillar_content":false,"robots_default":true,"robots_noindex":false,"robots_noarchive":false,"robots_nosnippet":false,"robots_nofollow":false,"robots_noimageindex":false,"robots_noodp":false,"robots_notranslate":false,"robots_max_snippet":"-1","robots_max_videopreview":"-1","robots_max_imagepreview":"large","priority":null,"frequency":"default","location":null,"local_seo":null,"breadcrumb_settings":null,"limit_modified_date":false,"ai":null,"created":"2022-12-13 11:41:08","updated":"2025-10-02 17:44:20","seo_analyzer_scan_date":null,"focus_keyword":"megv\u00e1ltozott munkak\u00e9pess\u00e9g\u0171","additional_keywords":null,"truseo_locale":null},"aioseo_breadcrumb":"<div class=\"aioseo-breadcrumbs\"><span class=\"aioseo-breadcrumb\">\n\t\t\t<a href=\"https:\/\/allasorias.hu\/hirek\" title=\"Home\">Home<\/a>\n\t\t<\/span><span class=\"aioseo-breadcrumb-separator\">&raquo;<\/span><span class=\"aioseo-breadcrumb\">\n\t\t\t<a href=\"https:\/\/allasorias.hu\/hirek\/temak\/munkaeropiac\/\" title=\"Munkaer\u0151piac\">Munkaer\u0151piac<\/a>\n\t\t<\/span><span class=\"aioseo-breadcrumb-separator\">&raquo;<\/span><span class=\"aioseo-breadcrumb\">\n\t\t\tMegv\u00e1ltozott munkak\u00e9pess\u00e9g\u0171 emberek a munkaer\u0151piacon\n\t\t<\/span><\/div>","aioseo_breadcrumb_json":[{"label":"Home","link":"https:\/\/allasorias.hu\/hirek"},{"label":"Munkaer\u0151piac","link":"https:\/\/allasorias.hu\/hirek\/temak\/munkaeropiac\/"},{"label":"Megv\u00e1ltozott munkak\u00e9pess\u00e9g\u0171 emberek a munkaer\u0151piacon","link":"https:\/\/allasorias.hu\/hirek\/megvaltozott-munkakepessegu-emberek-a-munkaeropiacon\/"}],"_links":{"self":[{"href":"https:\/\/allasorias.hu\/hirek\/wp-json\/wp\/v2\/posts\/6034","targetHints":{"allow":["GET"]}}],"collection":[{"href":"https:\/\/allasorias.hu\/hirek\/wp-json\/wp\/v2\/posts"}],"about":[{"href":"https:\/\/allasorias.hu\/hirek\/wp-json\/wp\/v2\/types\/post"}],"author":[{"embeddable":true,"href":"https:\/\/allasorias.hu\/hirek\/wp-json\/wp\/v2\/users\/1"}],"replies":[{"embeddable":true,"href":"https:\/\/allasorias.hu\/hirek\/wp-json\/wp\/v2\/comments?post=6034"}],"version-history":[{"count":2,"href":"https:\/\/allasorias.hu\/hirek\/wp-json\/wp\/v2\/posts\/6034\/revisions"}],"predecessor-version":[{"id":6040,"href":"https:\/\/allasorias.hu\/hirek\/wp-json\/wp\/v2\/posts\/6034\/revisions\/6040"}],"wp:featuredmedia":[{"embeddable":true,"href":"https:\/\/allasorias.hu\/hirek\/wp-json\/wp\/v2\/media\/6035"}],"wp:attachment":[{"href":"https:\/\/allasorias.hu\/hirek\/wp-json\/wp\/v2\/media?parent=6034"}],"wp:term":[{"taxonomy":"category","embeddable":true,"href":"https:\/\/allasorias.hu\/hirek\/wp-json\/wp\/v2\/categories?post=6034"},{"taxonomy":"post_tag","embeddable":true,"href":"https:\/\/allasorias.hu\/hirek\/wp-json\/wp\/v2\/tags?post=6034"}],"curies":[{"name":"wp","href":"https:\/\/api.w.org\/{rel}","templated":true}]}}