{"id":6031,"date":"2022-12-09T11:37:12","date_gmt":"2022-12-09T11:37:12","guid":{"rendered":"https:\/\/allasorias.hu\/hirek\/?p=6031"},"modified":"2025-05-09T15:53:11","modified_gmt":"2025-05-09T13:53:11","slug":"meg-nincs-megallapodas-a-minimalberrol","status":"publish","type":"post","link":"https:\/\/allasorias.hu\/hirek\/meg-nincs-megallapodas-a-minimalberrol\/","title":{"rendered":"M\u00e9g nincs meg\u00e1llapod\u00e1s a minim\u00e1lb\u00e9rr\u0151l"},"content":{"rendered":"<p><strong>\u00dagy t\u0171nik, hogy k\u00f6zelednek az \u00e1ll\u00e1spontok a minim\u00e1lb\u00e9rr\u0151l foly\u00f3 t\u00e1rgyal\u00e1sokon, de m\u00e9g nincs egyezs\u00e9g. Kardin\u00e1lis k\u00e9rd\u00e9s a j\u00e1rul\u00e9kok cs\u00f6kkent\u00e9se, de kiemelten fontos szempont a teljes foglalkoztatotts\u00e1g v\u00e9delme is.<\/strong><\/p>\n<p>A partners\u00e9g jegy\u00e9ben, konstrukt\u00edvan folytat\u00f3dtak a j\u00f6v\u0151 \u00e9vi minim\u00e1lb\u00e9rr\u0151l sz\u00f3l\u00f3 egyeztet\u00e9sek &#8211; k\u00f6z\u00f6lte Czomba S\u00e1ndor foglalkoztat\u00e1spolitik\u00e1\u00e9rt felel\u0151s \u00e1llamtitk\u00e1r az MTI-vel. Kiemelte: id\u00e9n december 8-\u00e1n a gazdas\u00e1gfejleszt\u00e9si miniszter munkaszervezet\u00e9nek \u00e9p\u00fclet\u00e9ben tartott\u00e1k meg a Versenyszf\u00e9ra \u00e9s a Korm\u00e1ny \u00c1lland\u00f3 Konzult\u00e1ci\u00f3s F\u00f3rum\u00e1nak monitoring bizotts\u00e1gi \u00fcl\u00e9s\u00e9t. Az egyeztet\u00e9s t\u00e9m\u00e1ja a 2023-as minim\u00e1lb\u00e9r \u00e9s garant\u00e1lt b\u00e9rminimum \u00f6sszege volt. Czomba S\u00e1ndor a megbesz\u00e9l\u00e9sen kifejtette, hogy a korm\u00e1ny a j\u00e1rul\u00e9kcs\u00f6kkent\u00e9sek ter\u00e9n m\u00e1r &#8222;elment a falig&#8221;, \u00e9s arra k\u00e9rte a munk\u00e1ltat\u00f3k \u00e9s munkav\u00e1llal\u00f3k k\u00e9pvisel\u0151it, hogy \u0151k is tegyenek meg mindent annak \u00e9rdek\u00e9ben, hogy sikeresen meg tudjanak \u00e1llapodni a 2023-as k\u00f6telez\u0151 legkisebb keresetek m\u00e9rt\u00e9k\u00e9r\u0151l.<\/p>\n<p>&#8222;El kell ker\u00fcln\u00fcnk a recesszi\u00f3t, meg kell v\u00e9den\u00fcnk a teljes foglalkoztatotts\u00e1got \u00e9s a csal\u00e1dokat. Ehhez j\u00f3l teljes\u00edt\u0151 gazdas\u00e1gra van sz\u00fcks\u00e9g. Mindenki abban \u00e9rdekelt, hogy a meg\u00e1llapod\u00e1s megsz\u00fclessen, csak \u00edgy \u0151rizhet\u0151 meg a b\u00e9rbiztons\u00e1g, a munkahelyek \u00e9s v\u00e1llalkoz\u00e1sok stabilit\u00e1sa&#8221; &#8211; \u00edgy fogalmazott. Az \u00e1llamtitk\u00e1r meg\u00e1llap\u00edtotta, hogy k\u00f6zeledtek az \u00e1ll\u00e1spontok, a t\u00e1rgyal\u00e1sok pedig a j\u00f6v\u0151 h\u00e9t folyam\u00e1n folytat\u00f3dnak. Czomba S\u00e1ndor eml\u00e9keztetett, hogy a minim\u00e1lb\u00e9r 2010 \u00f3ta k\u00f6zel h\u00e1romszoros\u00e1ra emelkedett, m\u00e1r magasabb, mint a szocialista korm\u00e1nyok idej\u00e9n az \u00e1tlagb\u00e9r volt.<\/p>\n<p>A korm\u00e1ny a munkav\u00e1llal\u00f3kat sz\u00e9lesk\u00f6r\u0171 int\u00e9zked\u00e9sekkel t\u00e1mogatja: minden magyar csal\u00e1d havonta 181 ezer forintot sp\u00f3rol meg a rezsics\u00f6kkent\u00e9ssel, t\u00e1mogat\u00e1st ny\u00fajt a csal\u00e1di ad\u00f3kedvezm\u00e9ny, kamatstop v\u00e9di a hiteleseket \u00e9s \u00e9lelmiszer\u00e1r-stopot is bevezettek &#8211; mutatott r\u00e1. V\u00e9g\u00fcl az \u00e1llamtitk\u00e1r arra is kit\u00e9rt, hogy a munk\u00e1ltat\u00f3k is \u00e9rdemi seg\u00edts\u00e9gben r\u00e9szes\u00fclnek: a korm\u00e1ny Gy\u00e1rment\u0151 Programot, valamint ehhez kapcsol\u00f3d\u00f3an 100-100 milli\u00e1rdos garancia \u00e9s hitelprogramot ind\u00edtott, kiterjesztette a kkv-kra a kamatstopot, rendk\u00edv\u00fcl kedvez\u0151 hitelt biztos\u00edt a Sz\u00e9chenyi K\u00e1rtya Programon kereszt\u00fcl, valamint elind\u00edtotta az energia-intenz\u00edv kkv-k t\u00e1mogat\u00e1s\u00e1t 220 milli\u00e1rd forintos kerettel.<\/p>\n<p>Forr\u00e1s. <a href=\"http:\/\/www.ma.hu\/uzlet\/383569\/Foglalkoztataspolitikaert_felelos_allamtitkar_folytatodtak_az_egyeztetesek_a_minimalberrol\" target=\"_blank\" rel=\"nofollow noopener\">ma.hu<\/a><\/p>\n<p>&nbsp;<\/p>\n","protected":false},"excerpt":{"rendered":"<p>\u00dagy t\u0171nik, hogy k\u00f6zelednek az \u00e1ll\u00e1spontok a minim\u00e1lb\u00e9rr\u0151l foly\u00f3 t\u00e1rgyal\u00e1sokon, de m\u00e9g nincs egyezs\u00e9g. Kardin\u00e1lis k\u00e9rd\u00e9s a j\u00e1rul\u00e9kok cs\u00f6kkent\u00e9se, de kiemelten fontos szempont a teljes foglalkoztatotts\u00e1g v\u00e9delme is. A partners\u00e9g jegy\u00e9ben, konstrukt\u00edvan folytat\u00f3dtak a j\u00f6v\u0151 \u00e9vi minim\u00e1lb\u00e9rr\u0151l sz\u00f3l\u00f3 egyeztet\u00e9sek &#8211; k\u00f6z\u00f6lte Czomba S\u00e1ndor foglalkoztat\u00e1spolitik\u00e1\u00e9rt felel\u0151s \u00e1llamtitk\u00e1r az MTI-vel. Kiemelte: id\u00e9n december 8-\u00e1n a gazdas\u00e1gfejleszt\u00e9si miniszter [&hellip;]<\/p>\n","protected":false},"author":1,"featured_media":6032,"comment_status":"closed","ping_status":"closed","sticky":false,"template":"","format":"standard","meta":{"_monsterinsights_skip_tracking":false,"footnotes":""},"categories":[198],"tags":[300],"class_list":["post-6031","post","type-post","status-publish","format-standard","has-post-thumbnail","hentry","category-gazdasag","tag-minimalber"],"aioseo_notices":[],"aioseo_head":"\n\t\t<!-- All in One SEO 5.0.0.1 - aioseo.com -->\n\t<meta name=\"description\" content=\"\u00dagy t\u0171nik, hogy k\u00f6zelednek az \u00e1ll\u00e1spontok a minim\u00e1lb\u00e9rr\u0151l foly\u00f3 t\u00e1rgyal\u00e1sokon, de m\u00e9g nincs egyezs\u00e9g.\" \/>\n\t<meta name=\"robots\" content=\"max-image-preview:large\" \/>\n\t<meta name=\"author\" content=\"Juh\u00e1sz P\u00e9ter\"\/>\n\t<meta name=\"keywords\" content=\"minim\u00e1lb\u00e9r\" \/>\n\t<link rel=\"canonical\" href=\"https:\/\/allasorias.hu\/hirek\/meg-nincs-megallapodas-a-minimalberrol\/\" \/>\n\t<meta name=\"generator\" content=\"All in One SEO (AIOSEO) 5.0.0.1\" \/>\n\t\t<meta property=\"og:locale\" content=\"hu_HU\" \/>\n\t\t<meta property=\"og:site_name\" content=\"AllasOrias.hu | H\u00edrek-lapszemle | \u00dczleti h\u00edrek az \u00e1ll\u00e1s \u00e9s a munka vil\u00e1g\u00e1b\u00f3l\" \/>\n\t\t<meta property=\"og:type\" content=\"article\" \/>\n\t\t<meta property=\"og:title\" content=\"Minim\u00e1lb\u00e9rr\u0151l m\u00e9g nincs meg\u00e1llapod\u00e1s\" \/>\n\t\t<meta property=\"og:description\" content=\"\u00dagy t\u0171nik, hogy k\u00f6zelednek az \u00e1ll\u00e1spontok a minim\u00e1lb\u00e9rr\u0151l foly\u00f3 t\u00e1rgyal\u00e1sokon, de m\u00e9g nincs egyezs\u00e9g.\" \/>\n\t\t<meta property=\"og:url\" content=\"https:\/\/allasorias.hu\/hirek\/meg-nincs-megallapodas-a-minimalberrol\/\" \/>\n\t\t<meta property=\"og:image\" content=\"https:\/\/allasorias.hu\/hirek\/wp-content\/uploads\/2022\/12\/minimalber.jpg\" \/>\n\t\t<meta property=\"og:image:secure_url\" content=\"https:\/\/allasorias.hu\/hirek\/wp-content\/uploads\/2022\/12\/minimalber.jpg\" \/>\n\t\t<meta property=\"og:image:width\" content=\"1280\" \/>\n\t\t<meta property=\"og:image:height\" content=\"853\" \/>\n\t\t<meta property=\"article:published_time\" content=\"2022-12-09T11:37:12+00:00\" \/>\n\t\t<meta property=\"article:modified_time\" content=\"2025-05-09T13:53:11+00:00\" \/>\n\t\t<meta property=\"article:publisher\" content=\"https:\/\/www.facebook.com\/allasorias\" \/>\n\t\t<meta name=\"twitter:card\" content=\"summary_large_image\" \/>\n\t\t<meta name=\"twitter:title\" content=\"Minim\u00e1lb\u00e9rr\u0151l m\u00e9g nincs meg\u00e1llapod\u00e1s\" \/>\n\t\t<meta name=\"twitter:description\" content=\"\u00dagy t\u0171nik, hogy k\u00f6zelednek az \u00e1ll\u00e1spontok a minim\u00e1lb\u00e9rr\u0151l foly\u00f3 t\u00e1rgyal\u00e1sokon, de m\u00e9g nincs egyezs\u00e9g.\" \/>\n\t\t<meta name=\"twitter:image\" content=\"https:\/\/allasorias.hu\/hirek\/wp-content\/uploads\/2022\/12\/minimalber.jpg\" \/>\n\t\t<meta name=\"twitter:label1\" content=\"Written by\" \/>\n\t\t<meta name=\"twitter:data1\" content=\"Juh\u00e1sz P\u00e9ter\" \/>\n\t\t<meta name=\"twitter:label2\" content=\"Est. reading time\" \/>\n\t\t<meta name=\"twitter:data2\" content=\"2 minutes\" \/>\n\t\t<script type=\"application\/ld+json\" class=\"aioseo-schema\">\n\t\t\t{\"@context\":\"https:\\\/\\\/schema.org\",\"@graph\":[{\"@type\":\"Article\",\"@id\":\"https:\\\/\\\/allasorias.hu\\\/hirek\\\/meg-nincs-megallapodas-a-minimalberrol\\\/#article\",\"name\":\"Minim\\u00e1lb\\u00e9rr\\u0151l m\\u00e9g nincs meg\\u00e1llapod\\u00e1s\",\"headline\":\"M\\u00e9g nincs meg\\u00e1llapod\\u00e1s a minim\\u00e1lb\\u00e9rr\\u0151l\",\"author\":{\"@id\":\"https:\\\/\\\/allasorias.hu\\\/hirek\\\/author\\\/admin-allasorias\\\/#author\"},\"publisher\":{\"@id\":\"https:\\\/\\\/allasorias.hu\\\/hirek\\\/#organization\"},\"image\":{\"@type\":\"ImageObject\",\"url\":\"https:\\\/\\\/allasorias.hu\\\/hirek\\\/wp-content\\\/uploads\\\/2022\\\/12\\\/minimalber.jpg\",\"width\":1280,\"height\":853,\"caption\":\"M\\u00e9g nincs meg\\u00e1llapod\\u00e1s a minim\\u00e1lb\\u00e9rr\\u0151l - Allasorias.hu\\\/Hirek\"},\"datePublished\":\"2022-12-09T11:37:12+02:00\",\"dateModified\":\"2025-05-09T15:53:11+02:00\",\"inLanguage\":\"hu-HU\",\"mainEntityOfPage\":{\"@id\":\"https:\\\/\\\/allasorias.hu\\\/hirek\\\/meg-nincs-megallapodas-a-minimalberrol\\\/#webpage\"},\"isPartOf\":{\"@id\":\"https:\\\/\\\/allasorias.hu\\\/hirek\\\/meg-nincs-megallapodas-a-minimalberrol\\\/#webpage\"},\"articleSection\":\"Gazdas\\u00e1g, minim\\u00e1lb\\u00e9r\"},{\"@type\":\"BreadcrumbList\",\"@id\":\"https:\\\/\\\/allasorias.hu\\\/hirek\\\/meg-nincs-megallapodas-a-minimalberrol\\\/#breadcrumblist\",\"itemListElement\":[{\"@type\":\"ListItem\",\"@id\":\"https:\\\/\\\/allasorias.hu\\\/hirek#listItem\",\"position\":1,\"name\":\"Home\",\"item\":\"https:\\\/\\\/allasorias.hu\\\/hirek\",\"nextItem\":{\"@type\":\"ListItem\",\"@id\":\"https:\\\/\\\/allasorias.hu\\\/hirek\\\/temak\\\/gazdasag\\\/#listItem\",\"name\":\"Gazdas\\u00e1g\"}},{\"@type\":\"ListItem\",\"@id\":\"https:\\\/\\\/allasorias.hu\\\/hirek\\\/temak\\\/gazdasag\\\/#listItem\",\"position\":2,\"name\":\"Gazdas\\u00e1g\",\"item\":\"https:\\\/\\\/allasorias.hu\\\/hirek\\\/temak\\\/gazdasag\\\/\",\"nextItem\":{\"@type\":\"ListItem\",\"@id\":\"https:\\\/\\\/allasorias.hu\\\/hirek\\\/meg-nincs-megallapodas-a-minimalberrol\\\/#listItem\",\"name\":\"M\\u00e9g nincs meg\\u00e1llapod\\u00e1s a minim\\u00e1lb\\u00e9rr\\u0151l\"},\"previousItem\":{\"@type\":\"ListItem\",\"@id\":\"https:\\\/\\\/allasorias.hu\\\/hirek#listItem\",\"name\":\"Home\"}},{\"@type\":\"ListItem\",\"@id\":\"https:\\\/\\\/allasorias.hu\\\/hirek\\\/meg-nincs-megallapodas-a-minimalberrol\\\/#listItem\",\"position\":3,\"name\":\"M\\u00e9g nincs meg\\u00e1llapod\\u00e1s a minim\\u00e1lb\\u00e9rr\\u0151l\",\"previousItem\":{\"@type\":\"ListItem\",\"@id\":\"https:\\\/\\\/allasorias.hu\\\/hirek\\\/temak\\\/gazdasag\\\/#listItem\",\"name\":\"Gazdas\\u00e1g\"}}]},{\"@type\":\"Organization\",\"@id\":\"https:\\\/\\\/allasorias.hu\\\/hirek\\\/#organization\",\"name\":\"AllasOrias.hu | H\\u00edrek-lapszemle\",\"description\":\"\\u00dczleti h\\u00edrek az \\u00e1ll\\u00e1s \\u00e9s a munka vil\\u00e1g\\u00e1b\\u00f3l\",\"url\":\"https:\\\/\\\/allasorias.hu\\\/hirek\\\/\",\"logo\":{\"@type\":\"ImageObject\",\"url\":\"https:\\\/\\\/allasorias.hu\\\/hirek\\\/wp-content\\\/uploads\\\/2022\\\/10\\\/allasorias_site_facebok_logo.png\",\"@id\":\"https:\\\/\\\/allasorias.hu\\\/hirek\\\/meg-nincs-megallapodas-a-minimalberrol\\\/#organizationLogo\"},\"image\":{\"@id\":\"https:\\\/\\\/allasorias.hu\\\/hirek\\\/meg-nincs-megallapodas-a-minimalberrol\\\/#organizationLogo\"},\"sameAs\":[\"https:\\\/\\\/www.facebook.com\\\/allasorias\",\"https:\\\/\\\/www.linkedin.com\\\/company\\\/allasorias\"]},{\"@type\":\"Person\",\"@id\":\"https:\\\/\\\/allasorias.hu\\\/hirek\\\/author\\\/admin-allasorias\\\/#author\",\"url\":\"https:\\\/\\\/allasorias.hu\\\/hirek\\\/author\\\/admin-allasorias\\\/\",\"name\":\"Juh\\u00e1sz P\\u00e9ter\",\"image\":{\"@type\":\"ImageObject\",\"@id\":\"https:\\\/\\\/allasorias.hu\\\/hirek\\\/meg-nincs-megallapodas-a-minimalberrol\\\/#authorImage\",\"url\":\"https:\\\/\\\/secure.gravatar.com\\\/avatar\\\/36e6bcb83148978b992977cb0f54d22feb0cce8a0a849a9410532bb2623ba4c6?s=96&d=mm&r=g\",\"width\":96,\"height\":96,\"caption\":\"Juh\\u00e1sz P\\u00e9ter\"}},{\"@type\":\"WebPage\",\"@id\":\"https:\\\/\\\/allasorias.hu\\\/hirek\\\/meg-nincs-megallapodas-a-minimalberrol\\\/#webpage\",\"url\":\"https:\\\/\\\/allasorias.hu\\\/hirek\\\/meg-nincs-megallapodas-a-minimalberrol\\\/\",\"name\":\"Minim\\u00e1lb\\u00e9rr\\u0151l m\\u00e9g nincs meg\\u00e1llapod\\u00e1s\",\"description\":\"\\u00dagy t\\u0171nik, hogy k\\u00f6zelednek az \\u00e1ll\\u00e1spontok a minim\\u00e1lb\\u00e9rr\\u0151l foly\\u00f3 t\\u00e1rgyal\\u00e1sokon, de m\\u00e9g nincs egyezs\\u00e9g.\",\"inLanguage\":\"hu-HU\",\"isPartOf\":{\"@id\":\"https:\\\/\\\/allasorias.hu\\\/hirek\\\/#website\"},\"breadcrumb\":{\"@id\":\"https:\\\/\\\/allasorias.hu\\\/hirek\\\/meg-nincs-megallapodas-a-minimalberrol\\\/#breadcrumblist\"},\"author\":{\"@id\":\"https:\\\/\\\/allasorias.hu\\\/hirek\\\/author\\\/admin-allasorias\\\/#author\"},\"creator\":{\"@id\":\"https:\\\/\\\/allasorias.hu\\\/hirek\\\/author\\\/admin-allasorias\\\/#author\"},\"image\":{\"@type\":\"ImageObject\",\"url\":\"https:\\\/\\\/allasorias.hu\\\/hirek\\\/wp-content\\\/uploads\\\/2022\\\/12\\\/minimalber.jpg\",\"@id\":\"https:\\\/\\\/allasorias.hu\\\/hirek\\\/meg-nincs-megallapodas-a-minimalberrol\\\/#mainImage\",\"width\":1280,\"height\":853,\"caption\":\"M\\u00e9g nincs meg\\u00e1llapod\\u00e1s a minim\\u00e1lb\\u00e9rr\\u0151l - Allasorias.hu\\\/Hirek\"},\"primaryImageOfPage\":{\"@id\":\"https:\\\/\\\/allasorias.hu\\\/hirek\\\/meg-nincs-megallapodas-a-minimalberrol\\\/#mainImage\"},\"datePublished\":\"2022-12-09T11:37:12+02:00\",\"dateModified\":\"2025-05-09T15:53:11+02:00\"},{\"@type\":\"WebSite\",\"@id\":\"https:\\\/\\\/allasorias.hu\\\/hirek\\\/#website\",\"url\":\"https:\\\/\\\/allasorias.hu\\\/hirek\\\/\",\"name\":\"AllasOrias.hu | H\\u00edrek-lapszemle\",\"description\":\"\\u00dczleti h\\u00edrek az \\u00e1ll\\u00e1s \\u00e9s a munka vil\\u00e1g\\u00e1b\\u00f3l\",\"inLanguage\":\"hu-HU\",\"publisher\":{\"@id\":\"https:\\\/\\\/allasorias.hu\\\/hirek\\\/#organization\"}}]}\n\t\t<\/script>\n\t\t<!-- All in One SEO -->\n\n","aioseo_head_json":{"title":"Minim\u00e1lb\u00e9rr\u0151l m\u00e9g nincs meg\u00e1llapod\u00e1s","description":"\u00dagy t\u0171nik, hogy k\u00f6zelednek az \u00e1ll\u00e1spontok a minim\u00e1lb\u00e9rr\u0151l foly\u00f3 t\u00e1rgyal\u00e1sokon, de m\u00e9g nincs egyezs\u00e9g.","canonical_url":"https:\/\/allasorias.hu\/hirek\/meg-nincs-megallapodas-a-minimalberrol\/","robots":"max-image-preview:large","keywords":"minim\u00e1lb\u00e9r","webmasterTools":{"miscellaneous":""},"schema":{"@context":"https:\/\/schema.org","@graph":[{"@type":"Article","@id":"https:\/\/allasorias.hu\/hirek\/meg-nincs-megallapodas-a-minimalberrol\/#article","name":"Minim\u00e1lb\u00e9rr\u0151l m\u00e9g nincs meg\u00e1llapod\u00e1s","headline":"M\u00e9g nincs meg\u00e1llapod\u00e1s a minim\u00e1lb\u00e9rr\u0151l","author":{"@id":"https:\/\/allasorias.hu\/hirek\/author\/admin-allasorias\/#author"},"publisher":{"@id":"https:\/\/allasorias.hu\/hirek\/#organization"},"image":{"@type":"ImageObject","url":"https:\/\/allasorias.hu\/hirek\/wp-content\/uploads\/2022\/12\/minimalber.jpg","width":1280,"height":853,"caption":"M\u00e9g nincs meg\u00e1llapod\u00e1s a minim\u00e1lb\u00e9rr\u0151l - Allasorias.hu\/Hirek"},"datePublished":"2022-12-09T11:37:12+02:00","dateModified":"2025-05-09T15:53:11+02:00","inLanguage":"hu-HU","mainEntityOfPage":{"@id":"https:\/\/allasorias.hu\/hirek\/meg-nincs-megallapodas-a-minimalberrol\/#webpage"},"isPartOf":{"@id":"https:\/\/allasorias.hu\/hirek\/meg-nincs-megallapodas-a-minimalberrol\/#webpage"},"articleSection":"Gazdas\u00e1g, minim\u00e1lb\u00e9r"},{"@type":"BreadcrumbList","@id":"https:\/\/allasorias.hu\/hirek\/meg-nincs-megallapodas-a-minimalberrol\/#breadcrumblist","itemListElement":[{"@type":"ListItem","@id":"https:\/\/allasorias.hu\/hirek#listItem","position":1,"name":"Home","item":"https:\/\/allasorias.hu\/hirek","nextItem":{"@type":"ListItem","@id":"https:\/\/allasorias.hu\/hirek\/temak\/gazdasag\/#listItem","name":"Gazdas\u00e1g"}},{"@type":"ListItem","@id":"https:\/\/allasorias.hu\/hirek\/temak\/gazdasag\/#listItem","position":2,"name":"Gazdas\u00e1g","item":"https:\/\/allasorias.hu\/hirek\/temak\/gazdasag\/","nextItem":{"@type":"ListItem","@id":"https:\/\/allasorias.hu\/hirek\/meg-nincs-megallapodas-a-minimalberrol\/#listItem","name":"M\u00e9g nincs meg\u00e1llapod\u00e1s a minim\u00e1lb\u00e9rr\u0151l"},"previousItem":{"@type":"ListItem","@id":"https:\/\/allasorias.hu\/hirek#listItem","name":"Home"}},{"@type":"ListItem","@id":"https:\/\/allasorias.hu\/hirek\/meg-nincs-megallapodas-a-minimalberrol\/#listItem","position":3,"name":"M\u00e9g nincs meg\u00e1llapod\u00e1s a minim\u00e1lb\u00e9rr\u0151l","previousItem":{"@type":"ListItem","@id":"https:\/\/allasorias.hu\/hirek\/temak\/gazdasag\/#listItem","name":"Gazdas\u00e1g"}}]},{"@type":"Organization","@id":"https:\/\/allasorias.hu\/hirek\/#organization","name":"AllasOrias.hu | H\u00edrek-lapszemle","description":"\u00dczleti h\u00edrek az \u00e1ll\u00e1s \u00e9s a munka vil\u00e1g\u00e1b\u00f3l","url":"https:\/\/allasorias.hu\/hirek\/","logo":{"@type":"ImageObject","url":"https:\/\/allasorias.hu\/hirek\/wp-content\/uploads\/2022\/10\/allasorias_site_facebok_logo.png","@id":"https:\/\/allasorias.hu\/hirek\/meg-nincs-megallapodas-a-minimalberrol\/#organizationLogo"},"image":{"@id":"https:\/\/allasorias.hu\/hirek\/meg-nincs-megallapodas-a-minimalberrol\/#organizationLogo"},"sameAs":["https:\/\/www.facebook.com\/allasorias","https:\/\/www.linkedin.com\/company\/allasorias"]},{"@type":"Person","@id":"https:\/\/allasorias.hu\/hirek\/author\/admin-allasorias\/#author","url":"https:\/\/allasorias.hu\/hirek\/author\/admin-allasorias\/","name":"Juh\u00e1sz P\u00e9ter","image":{"@type":"ImageObject","@id":"https:\/\/allasorias.hu\/hirek\/meg-nincs-megallapodas-a-minimalberrol\/#authorImage","url":"https:\/\/secure.gravatar.com\/avatar\/36e6bcb83148978b992977cb0f54d22feb0cce8a0a849a9410532bb2623ba4c6?s=96&d=mm&r=g","width":96,"height":96,"caption":"Juh\u00e1sz P\u00e9ter"}},{"@type":"WebPage","@id":"https:\/\/allasorias.hu\/hirek\/meg-nincs-megallapodas-a-minimalberrol\/#webpage","url":"https:\/\/allasorias.hu\/hirek\/meg-nincs-megallapodas-a-minimalberrol\/","name":"Minim\u00e1lb\u00e9rr\u0151l m\u00e9g nincs meg\u00e1llapod\u00e1s","description":"\u00dagy t\u0171nik, hogy k\u00f6zelednek az \u00e1ll\u00e1spontok a minim\u00e1lb\u00e9rr\u0151l foly\u00f3 t\u00e1rgyal\u00e1sokon, de m\u00e9g nincs egyezs\u00e9g.","inLanguage":"hu-HU","isPartOf":{"@id":"https:\/\/allasorias.hu\/hirek\/#website"},"breadcrumb":{"@id":"https:\/\/allasorias.hu\/hirek\/meg-nincs-megallapodas-a-minimalberrol\/#breadcrumblist"},"author":{"@id":"https:\/\/allasorias.hu\/hirek\/author\/admin-allasorias\/#author"},"creator":{"@id":"https:\/\/allasorias.hu\/hirek\/author\/admin-allasorias\/#author"},"image":{"@type":"ImageObject","url":"https:\/\/allasorias.hu\/hirek\/wp-content\/uploads\/2022\/12\/minimalber.jpg","@id":"https:\/\/allasorias.hu\/hirek\/meg-nincs-megallapodas-a-minimalberrol\/#mainImage","width":1280,"height":853,"caption":"M\u00e9g nincs meg\u00e1llapod\u00e1s a minim\u00e1lb\u00e9rr\u0151l - Allasorias.hu\/Hirek"},"primaryImageOfPage":{"@id":"https:\/\/allasorias.hu\/hirek\/meg-nincs-megallapodas-a-minimalberrol\/#mainImage"},"datePublished":"2022-12-09T11:37:12+02:00","dateModified":"2025-05-09T15:53:11+02:00"},{"@type":"WebSite","@id":"https:\/\/allasorias.hu\/hirek\/#website","url":"https:\/\/allasorias.hu\/hirek\/","name":"AllasOrias.hu | H\u00edrek-lapszemle","description":"\u00dczleti h\u00edrek az \u00e1ll\u00e1s \u00e9s a munka vil\u00e1g\u00e1b\u00f3l","inLanguage":"hu-HU","publisher":{"@id":"https:\/\/allasorias.hu\/hirek\/#organization"}}]},"og:locale":"hu_HU","og:site_name":"AllasOrias.hu | H\u00edrek-lapszemle | \u00dczleti h\u00edrek az \u00e1ll\u00e1s \u00e9s a munka vil\u00e1g\u00e1b\u00f3l","og:type":"article","og:title":"Minim\u00e1lb\u00e9rr\u0151l m\u00e9g nincs meg\u00e1llapod\u00e1s","og:description":"\u00dagy t\u0171nik, hogy k\u00f6zelednek az \u00e1ll\u00e1spontok a minim\u00e1lb\u00e9rr\u0151l foly\u00f3 t\u00e1rgyal\u00e1sokon, de m\u00e9g nincs egyezs\u00e9g.","og:url":"https:\/\/allasorias.hu\/hirek\/meg-nincs-megallapodas-a-minimalberrol\/","og:image":"https:\/\/allasorias.hu\/hirek\/wp-content\/uploads\/2022\/12\/minimalber.jpg","og:image:secure_url":"https:\/\/allasorias.hu\/hirek\/wp-content\/uploads\/2022\/12\/minimalber.jpg","og:image:width":1280,"og:image:height":853,"article:published_time":"2022-12-09T11:37:12+00:00","article:modified_time":"2025-05-09T13:53:11+00:00","article:publisher":"https:\/\/www.facebook.com\/allasorias","twitter:card":"summary_large_image","twitter:title":"Minim\u00e1lb\u00e9rr\u0151l m\u00e9g nincs meg\u00e1llapod\u00e1s","twitter:description":"\u00dagy t\u0171nik, hogy k\u00f6zelednek az \u00e1ll\u00e1spontok a minim\u00e1lb\u00e9rr\u0151l foly\u00f3 t\u00e1rgyal\u00e1sokon, de m\u00e9g nincs egyezs\u00e9g.","twitter:image":"https:\/\/allasorias.hu\/hirek\/wp-content\/uploads\/2022\/12\/minimalber.jpg","twitter:label1":"Written by","twitter:data1":"Juh\u00e1sz P\u00e9ter","twitter:label2":"Est. reading time","twitter:data2":"2 minutes"},"aioseo_meta_data":{"post_id":"6031","title":"Minim\u00e1lb\u00e9rr\u0151l m\u00e9g nincs meg\u00e1llapod\u00e1s","description":"\u00dagy t\u0171nik, hogy k\u00f6zelednek az \u00e1ll\u00e1spontok a minim\u00e1lb\u00e9rr\u0151l foly\u00f3 t\u00e1rgyal\u00e1sokon, de m\u00e9g nincs egyezs\u00e9g.","keywords":null,"keyphrases":{"focus":{"keyphrase":"minim\u00e1lb\u00e9r","score":64,"analysis":{"keyphraseInTitle":{"score":3,"maxScore":9,"error":1},"keyphraseInDescription":{"score":3,"maxScore":9,"error":1},"keyphraseLength":{"score":9,"maxScore":9,"error":0,"length":3},"keyphraseInURL":{"score":5,"maxScore":5,"error":0},"keyphraseInIntroduction":{"score":3,"maxScore":9,"error":1},"keyphraseInSubHeadings":[],"keyphraseInImageAlt":[],"keywordDensity":{"type":"best","score":9,"maxScore":9,"error":0}}},"additional":[]},"primary_term":null,"canonical_url":null,"og_title":null,"og_description":null,"og_object_type":"default","og_image_type":"default","og_image_url":null,"og_image_width":null,"og_image_height":null,"og_image_custom_url":null,"og_image_custom_fields":null,"og_video":"","og_custom_url":null,"og_article_section":null,"og_article_tags":null,"twitter_use_og":true,"twitter_card":"default","twitter_image_type":"default","twitter_image_url":null,"twitter_image_custom_url":null,"twitter_image_custom_fields":null,"twitter_title":null,"twitter_description":null,"schema":{"blockGraphs":[],"customGraphs":[],"default":{"data":{"Article":[],"Course":[],"Dataset":[],"FAQPage":[],"Movie":[],"Person":[],"Product":[],"ProductReview":[],"Car":[],"Recipe":[],"Service":[],"SoftwareApplication":[],"WebPage":[]},"graphName":"Article","isEnabled":true},"graphs":[]},"schema_type":"default","schema_type_options":null,"pillar_content":false,"robots_default":true,"robots_noindex":false,"robots_noarchive":false,"robots_nosnippet":false,"robots_nofollow":false,"robots_noimageindex":false,"robots_noodp":false,"robots_notranslate":false,"robots_max_snippet":"-1","robots_max_videopreview":"-1","robots_max_imagepreview":"large","priority":null,"frequency":"default","location":null,"local_seo":null,"breadcrumb_settings":null,"limit_modified_date":false,"ai":null,"created":"2022-12-13 11:28:23","updated":"2025-10-02 17:44:20","seo_analyzer_scan_date":null,"focus_keyword":"minim\u00e1lb\u00e9r","additional_keywords":null,"truseo_locale":null},"aioseo_breadcrumb":"<div class=\"aioseo-breadcrumbs\"><span class=\"aioseo-breadcrumb\">\n\t\t\t<a href=\"https:\/\/allasorias.hu\/hirek\" title=\"Home\">Home<\/a>\n\t\t<\/span><span class=\"aioseo-breadcrumb-separator\">&raquo;<\/span><span class=\"aioseo-breadcrumb\">\n\t\t\t<a href=\"https:\/\/allasorias.hu\/hirek\/temak\/gazdasag\/\" title=\"Gazdas\u00e1g\">Gazdas\u00e1g<\/a>\n\t\t<\/span><span class=\"aioseo-breadcrumb-separator\">&raquo;<\/span><span class=\"aioseo-breadcrumb\">\n\t\t\tM\u00e9g nincs meg\u00e1llapod\u00e1s a minim\u00e1lb\u00e9rr\u0151l\n\t\t<\/span><\/div>","aioseo_breadcrumb_json":[{"label":"Home","link":"https:\/\/allasorias.hu\/hirek"},{"label":"Gazdas\u00e1g","link":"https:\/\/allasorias.hu\/hirek\/temak\/gazdasag\/"},{"label":"M\u00e9g nincs meg\u00e1llapod\u00e1s a minim\u00e1lb\u00e9rr\u0151l","link":"https:\/\/allasorias.hu\/hirek\/meg-nincs-megallapodas-a-minimalberrol\/"}],"_links":{"self":[{"href":"https:\/\/allasorias.hu\/hirek\/wp-json\/wp\/v2\/posts\/6031","targetHints":{"allow":["GET"]}}],"collection":[{"href":"https:\/\/allasorias.hu\/hirek\/wp-json\/wp\/v2\/posts"}],"about":[{"href":"https:\/\/allasorias.hu\/hirek\/wp-json\/wp\/v2\/types\/post"}],"author":[{"embeddable":true,"href":"https:\/\/allasorias.hu\/hirek\/wp-json\/wp\/v2\/users\/1"}],"replies":[{"embeddable":true,"href":"https:\/\/allasorias.hu\/hirek\/wp-json\/wp\/v2\/comments?post=6031"}],"version-history":[{"count":1,"href":"https:\/\/allasorias.hu\/hirek\/wp-json\/wp\/v2\/posts\/6031\/revisions"}],"predecessor-version":[{"id":6033,"href":"https:\/\/allasorias.hu\/hirek\/wp-json\/wp\/v2\/posts\/6031\/revisions\/6033"}],"wp:featuredmedia":[{"embeddable":true,"href":"https:\/\/allasorias.hu\/hirek\/wp-json\/wp\/v2\/media\/6032"}],"wp:attachment":[{"href":"https:\/\/allasorias.hu\/hirek\/wp-json\/wp\/v2\/media?parent=6031"}],"wp:term":[{"taxonomy":"category","embeddable":true,"href":"https:\/\/allasorias.hu\/hirek\/wp-json\/wp\/v2\/categories?post=6031"},{"taxonomy":"post_tag","embeddable":true,"href":"https:\/\/allasorias.hu\/hirek\/wp-json\/wp\/v2\/tags?post=6031"}],"curies":[{"name":"wp","href":"https:\/\/api.w.org\/{rel}","templated":true}]}}