{"id":6025,"date":"2022-12-07T09:28:53","date_gmt":"2022-12-07T09:28:53","guid":{"rendered":"https:\/\/allasorias.hu\/hirek\/?p=6025"},"modified":"2025-05-09T11:28:18","modified_gmt":"2025-05-09T09:28:18","slug":"fel-tudunk-e-keszulni-az-altalanos-valsagra","status":"publish","type":"post","link":"https:\/\/allasorias.hu\/hirek\/fel-tudunk-e-keszulni-az-altalanos-valsagra\/","title":{"rendered":"Fel tudunk-e k\u00e9sz\u00fclni az \u00e1ltal\u00e1nos v\u00e1ls\u00e1gra?"},"content":{"rendered":"<p><strong>A jelenlegi gazdas\u00e1gi v\u00e1ls\u00e1g m\u00e9g nem teljesen vil\u00e1gjelens\u00e9g, azonban a szakemberek latolgatj\u00e1k, mikor v\u00e1lik azz\u00e1. Vajon f\u00f6l lehet-e k\u00e9sz\u00fclni a recesszi\u00f3ra ? A munk\u00e1ltat\u00f3 j\u00f3, ha el\u0151re gondolkodik.<\/strong><\/p>\n<p>A Deloitte podcast-sorozat\u00e1nak leg\u00fajabb r\u00e9sz\u00e9ben a Deloitte Legal munkajogi csoportj\u00e1nak vezet\u0151 \u00fcgyv\u00e9dje, dr. G\u00e1l Brigitta \u00e9s \u00fcgyv\u00e9djel\u00f6ltje dr. Albert Lili besz\u00e9lt a magyarorsz\u00e1gi foglalkoztat\u00e1si helyzetr\u0151l, munkaer\u0151piaci trendekr\u0151l, az esetleges recesszi\u00f3ra val\u00f3 felk\u00e9sz\u00fcl\u00e9sr\u0151l, illetve arr\u00f3l, hogy milyen munkajogi megold\u00e1sok \u00e1llnak a munk\u00e1ltat\u00f3k rendelkez\u00e9s\u00e9re. A KSH adatai szerint jelenleg szinte teljes foglalkoztatotts\u00e1gr\u00f3l besz\u00e9lhet\u00fcnk Magyarorsz\u00e1gon: a legfrissebb sz\u00e1mok 3,6 sz\u00e1zal\u00e9kos munkan\u00e9lk\u00fclis\u00e9gi r\u00e1t\u00e1t mutatnak. Ha ezt \u00f6sszehasonl\u00edtjuk a kor\u00e1bbi v\u00e1ls\u00e1gid\u0151szakokkal, azt l\u00e1tni, hogy 2008-ban \u00e9s 2009-ben 9,7 sz\u00e1zal\u00e9k volt a munkan\u00e9lk\u00fclis\u00e9g, 2009 \u00e9s 2012 k\u00f6z\u00f6tt pedig ez a sz\u00e1m tov\u00e1bb n\u00f6vekedett 10,7 sz\u00e1zal\u00e9kra.<\/p>\n<h2>Munkaer\u0151hi\u00e1ny, l\u00e9tsz\u00e1mcs\u00f6kkent\u00e9s<\/h2>\n<p>Ehhez k\u00e9pest a hazai munkaer\u0151piacon k\u00e9t p\u00e1rhuzamos trend figyelhet\u0151 meg. Van, ahol a munkaer\u0151hi\u00e1ny domin\u00e1l, jellemz\u0151 ez pl. az IT szektorban vagy a termel\u0151\u00fczemekn\u00e9l. Ugyanakkor vannak olyan v\u00e1llalkoz\u00e1sok is, f\u0151leg a nagy energiaig\u00e9ny\u0171 szektorokban, ahol l\u00e9tsz\u00e1mcs\u00f6kkent\u00e9sre k\u00e9sz\u00fclnek, s\u0151t, val\u00f3sz\u00edn\u0171, hogy bizonyos kis \u00e9s k\u00f6z\u00e9pv\u00e1llalkoz\u00e1soknak a tev\u00e9kenys\u00e9g\u00fcket is fel kell f\u00fcggeszteni\u00fck, ami \u00f3hatatlanul egy\u00fctt j\u00e1r a munkaviszonyok megsz\u00fcntet\u00e9s\u00e9vel.\u201eA jelen gazdas\u00e1gi helyzetben egy munk\u00e1ltat\u00f3 sz\u00e1m\u00e1ra nagyon fontos annak m\u00e9rlegel\u00e9se, hogy egy megl\u00e9v\u0151, j\u00f3l k\u00e9pzett \u00e9s j\u00f3l bev\u00e1lt munkaer\u0151\u00e1llom\u00e1nyt hogyan tud megtartani.<\/p>\n<p>A munk\u00e1ltat\u00f3k nagy r\u00e9sze elkezdte a recesszi\u00f3s forgat\u00f3k\u00f6nyvek kidolgoz\u00e1s\u00e1t, tov\u00e1bb\u00e1 k\u00f6lts\u00e9gcs\u00f6kkent\u0151 int\u00e9zked\u00e9seket tervez bevezetni. Ezeken bel\u00fcl megk\u00fcl\u00f6nb\u00f6ztethet\u00fcnk olyan int\u00e9zked\u00e9seket, amelyeket a munk\u00e1ltat\u00f3 egyoldal\u00faan hat\u00e1rozhat el, \u00e9s vannak olyanok is, ahol sz\u00fcks\u00e9g van a munkav\u00e1llal\u00f3 hozz\u00e1j\u00e1rul\u00e1s\u00e1ra\u201d \u2013 h\u00edvja fel a figyelmet dr. G\u00e1l Brigitta. A k\u00f6lts\u00e9gcs\u00f6kkent\u0151 int\u00e9zked\u00e9sekn\u00e9l \u00e9rdemes \u00e1tgondolnia a munk\u00e1ltat\u00f3nak, hogy milyen egyoldal\u00fa k\u00f6telezetts\u00e9gv\u00e1llal\u00e1sokat tett, \u00e9s hogy ezeket fenn kell-e tartania, vagy van-e jogi lehet\u0151s\u00e9ge arra, hogy egyoldal\u00faan m\u00f3dos\u00edtsa azokat.<\/p>\n<h2>Egyenl\u0151tlen munkaid\u0151beoszt\u00e1s<\/h2>\n<p>\u00c9rdemes megfontolni az egyenl\u0151tlen munkaid\u0151beoszt\u00e1s bevezet\u00e9s\u00e9t, ami munkaid\u0151keret alkalmaz\u00e1s\u00e1val val\u00f3s\u00edthat\u00f3 meg. Ez megold\u00e1s lehet egy olyan helyzetre, amikor egy bizonyos szolg\u00e1ltat\u00e1s vagy term\u00e9k ir\u00e1nt v\u00e1ltozik a kereslet.A munkaid\u0151-beoszt\u00e1son t\u00fal felmer\u00fclhet m\u00e9g a munkaer\u0151felv\u00e9tel \u00e1tmeneti felf\u00fcggeszt\u00e9se, az \u00fagynevezett. hiring freeze is. Ha ezek ellen\u00e9re elker\u00fclhetetlenn\u00e9 v\u00e1lik bizonyos munkaviszonyok megsz\u00fcntet\u00e9se, \u00e9rdemes megn\u00e9zni, hogy vannak-e olyan hat\u00e1rozott idej\u0171 munkaszerz\u0151d\u00e9sek a munk\u00e1ltat\u00f3n\u00e1l, amelyek v\u00e1rhat\u00f3an lej\u00e1rnak a k\u00f6zelj\u00f6v\u0151ben.<\/p>\n<p>\u201eT\u00f6bb olyan k\u00f6lts\u00e9gcs\u00f6kkent\u0151 int\u00e9zked\u00e9s is van, melyeket a munk\u00e1ltat\u00f3k a munkav\u00e1llal\u00f3 beleegyez\u00e9s\u00e9vel, hozz\u00e1j\u00e1rul\u00e1s\u00e1val vezethetnek be. A legk\u00e9zenfekv\u0151bb megold\u00e1s a r\u00e9szmunkaid\u0151s foglalkoztat\u00e1s, ami automatikusan k\u00f6lts\u00e9gcs\u00f6kkent\u0151 hat\u00e1ssal j\u00e1r, \u00e9s elk\u00e9pzelhet\u0151, hogy a munkav\u00e1llal\u00f3k maguk is megfontolj\u00e1k azt a lehet\u0151s\u00e9get, hogy ugyan \u00e1tmenetileg kevesebb alapb\u00e9r\u00e9rt r\u00e9szmunkaid\u0151ben dolgozzanak, ugyanakkor v\u00e9dve marad a munkaviszonyuk \u00e9s hosszabb t\u00e1von v\u00e1rhat\u00f3an \u00fajra teljes munkaid\u0151ben v\u00e9gezhetik munk\u00e1jukat, hiszen ennek eredm\u00e9nyek\u00e9nt a v\u00e1llalat \u00e1tv\u00e9szeli a neh\u00e9z helyzetet\u201d \u2013 magyar\u00e1zza dr. Albert Lili. A HR oszt\u00e1lyoknak sz\u00fcks\u00e9ges figyelemmel lenni\u00fck a jogi megfelel\u0151s\u00e9gen t\u00fal a kulcsmunkav\u00e1llal\u00f3k megtart\u00e1s\u00e1ra, valamint a megfelel\u0151 bels\u0151 \u00e9s k\u00fcls\u0151 kommut\u00e1ci\u00f3 megszervez\u00e9s\u00e9re is.<\/p>\n<p>Forr\u00e1s: <a href=\"https:\/\/uzletem.hu\/munkaeropiac\/milyen-munkajogi-lepesekkel-novelheto-a-versenykepesseg\" target=\"_blank\" rel=\"nofollow noopener\">uzletem.hu<\/a><\/p>\n","protected":false},"excerpt":{"rendered":"<p>A jelenlegi gazdas\u00e1gi v\u00e1ls\u00e1g m\u00e9g nem teljesen vil\u00e1gjelens\u00e9g, azonban a szakemberek latolgatj\u00e1k, mikor v\u00e1lik azz\u00e1. Vajon f\u00f6l lehet-e k\u00e9sz\u00fclni a recesszi\u00f3ra ? A munk\u00e1ltat\u00f3 j\u00f3, ha el\u0151re gondolkodik. A Deloitte podcast-sorozat\u00e1nak leg\u00fajabb r\u00e9sz\u00e9ben a Deloitte Legal munkajogi csoportj\u00e1nak vezet\u0151 \u00fcgyv\u00e9dje, dr. G\u00e1l Brigitta \u00e9s \u00fcgyv\u00e9djel\u00f6ltje dr. Albert Lili besz\u00e9lt a magyarorsz\u00e1gi foglalkoztat\u00e1si helyzetr\u0151l, munkaer\u0151piaci trendekr\u0151l, [&hellip;]<\/p>\n","protected":false},"author":1,"featured_media":6026,"comment_status":"closed","ping_status":"closed","sticky":false,"template":"","format":"standard","meta":{"_monsterinsights_skip_tracking":false,"footnotes":""},"categories":[198],"tags":[244,296,295],"class_list":["post-6025","post","type-post","status-publish","format-standard","has-post-thumbnail","hentry","category-gazdasag","tag-gazdasagi-valsag","tag-munkaerohiany","tag-recesszio"],"aioseo_notices":[],"aioseo_head":"\n\t\t<!-- All in One SEO 5.0.0.1 - aioseo.com -->\n\t<meta name=\"description\" content=\"A jelenlegi gazdas\u00e1gi v\u00e1ls\u00e1g m\u00e9g nem teljesen vil\u00e1gjelens\u00e9g, azonban a szakemberek latolgatj\u00e1k, mikor v\u00e1lik azz\u00e1. Vajon f\u00f6l lehet-e k\u00e9sz\u00fclni a recesszi\u00f3ra ?\" \/>\n\t<meta name=\"robots\" content=\"max-image-preview:large\" \/>\n\t<meta name=\"author\" content=\"Juh\u00e1sz P\u00e9ter\"\/>\n\t<meta name=\"keywords\" content=\"gazdas\u00e1gi v\u00e1ls\u00e1g,munkaer\u0151hi\u00e1ny,recesszi\u00f3\" \/>\n\t<link rel=\"canonical\" href=\"https:\/\/allasorias.hu\/hirek\/fel-tudunk-e-keszulni-az-altalanos-valsagra\/\" \/>\n\t<meta name=\"generator\" content=\"All in One SEO (AIOSEO) 5.0.0.1\" \/>\n\t\t<meta property=\"og:locale\" content=\"hu_HU\" \/>\n\t\t<meta property=\"og:site_name\" content=\"AllasOrias.hu | H\u00edrek-lapszemle | \u00dczleti h\u00edrek az \u00e1ll\u00e1s \u00e9s a munka vil\u00e1g\u00e1b\u00f3l\" \/>\n\t\t<meta property=\"og:type\" content=\"article\" \/>\n\t\t<meta property=\"og:title\" content=\"Felk\u00e9sz\u00fclhet\u00fcnk-e a k\u00f6vetkez\u0151 nagy v\u00e1ls\u00e1gra?\" \/>\n\t\t<meta property=\"og:description\" content=\"A jelenlegi gazdas\u00e1gi v\u00e1ls\u00e1g m\u00e9g nem teljesen vil\u00e1gjelens\u00e9g, azonban a szakemberek latolgatj\u00e1k, mikor v\u00e1lik azz\u00e1. Vajon f\u00f6l lehet-e k\u00e9sz\u00fclni a recesszi\u00f3ra ?\" \/>\n\t\t<meta property=\"og:url\" content=\"https:\/\/allasorias.hu\/hirek\/fel-tudunk-e-keszulni-az-altalanos-valsagra\/\" \/>\n\t\t<meta property=\"og:image\" content=\"https:\/\/allasorias.hu\/hirek\/wp-content\/uploads\/2022\/12\/Gazdasagi-valsag.jpg\" \/>\n\t\t<meta property=\"og:image:secure_url\" content=\"https:\/\/allasorias.hu\/hirek\/wp-content\/uploads\/2022\/12\/Gazdasagi-valsag.jpg\" \/>\n\t\t<meta property=\"og:image:width\" content=\"1280\" \/>\n\t\t<meta property=\"og:image:height\" content=\"720\" \/>\n\t\t<meta property=\"article:published_time\" content=\"2022-12-07T09:28:53+00:00\" \/>\n\t\t<meta property=\"article:modified_time\" content=\"2025-05-09T09:28:18+00:00\" \/>\n\t\t<meta property=\"article:publisher\" content=\"https:\/\/www.facebook.com\/allasorias\" \/>\n\t\t<meta name=\"twitter:card\" content=\"summary_large_image\" \/>\n\t\t<meta name=\"twitter:title\" content=\"Felk\u00e9sz\u00fclhet\u00fcnk-e a k\u00f6vetkez\u0151 nagy v\u00e1ls\u00e1gra?\" \/>\n\t\t<meta name=\"twitter:description\" content=\"A jelenlegi gazdas\u00e1gi v\u00e1ls\u00e1g m\u00e9g nem teljesen vil\u00e1gjelens\u00e9g, azonban a szakemberek latolgatj\u00e1k, mikor v\u00e1lik azz\u00e1. Vajon f\u00f6l lehet-e k\u00e9sz\u00fclni a recesszi\u00f3ra ?\" \/>\n\t\t<meta name=\"twitter:image\" content=\"https:\/\/allasorias.hu\/hirek\/wp-content\/uploads\/2022\/12\/Gazdasagi-valsag.jpg\" \/>\n\t\t<meta name=\"twitter:label1\" content=\"Written by\" \/>\n\t\t<meta name=\"twitter:data1\" content=\"Juh\u00e1sz P\u00e9ter\" \/>\n\t\t<meta name=\"twitter:label2\" content=\"Est. reading time\" \/>\n\t\t<meta name=\"twitter:data2\" content=\"4 minutes\" \/>\n\t\t<script type=\"application\/ld+json\" class=\"aioseo-schema\">\n\t\t\t{\"@context\":\"https:\\\/\\\/schema.org\",\"@graph\":[{\"@type\":\"Article\",\"@id\":\"https:\\\/\\\/allasorias.hu\\\/hirek\\\/fel-tudunk-e-keszulni-az-altalanos-valsagra\\\/#article\",\"name\":\"Felk\\u00e9sz\\u00fclhet\\u00fcnk-e a k\\u00f6vetkez\\u0151 nagy v\\u00e1ls\\u00e1gra?\",\"headline\":\"Fel tudunk-e k\\u00e9sz\\u00fclni az \\u00e1ltal\\u00e1nos v\\u00e1ls\\u00e1gra?\",\"author\":{\"@id\":\"https:\\\/\\\/allasorias.hu\\\/hirek\\\/author\\\/admin-allasorias\\\/#author\"},\"publisher\":{\"@id\":\"https:\\\/\\\/allasorias.hu\\\/hirek\\\/#organization\"},\"image\":{\"@type\":\"ImageObject\",\"url\":\"https:\\\/\\\/allasorias.hu\\\/hirek\\\/wp-content\\\/uploads\\\/2022\\\/12\\\/Gazdasagi-valsag.jpg\",\"width\":1280,\"height\":720,\"caption\":\"Fel tudunk-e k\\u00e9sz\\u00fclni az \\u00e1ltal\\u00e1nos v\\u00e1ls\\u00e1gra? - Allasorias.hu\\\/Hirek\"},\"datePublished\":\"2022-12-07T09:28:53+02:00\",\"dateModified\":\"2025-05-09T11:28:18+02:00\",\"inLanguage\":\"hu-HU\",\"mainEntityOfPage\":{\"@id\":\"https:\\\/\\\/allasorias.hu\\\/hirek\\\/fel-tudunk-e-keszulni-az-altalanos-valsagra\\\/#webpage\"},\"isPartOf\":{\"@id\":\"https:\\\/\\\/allasorias.hu\\\/hirek\\\/fel-tudunk-e-keszulni-az-altalanos-valsagra\\\/#webpage\"},\"articleSection\":\"Gazdas\\u00e1g, gazdas\\u00e1gi v\\u00e1ls\\u00e1g, munkaer\\u0151hi\\u00e1ny, recesszi\\u00f3\"},{\"@type\":\"BreadcrumbList\",\"@id\":\"https:\\\/\\\/allasorias.hu\\\/hirek\\\/fel-tudunk-e-keszulni-az-altalanos-valsagra\\\/#breadcrumblist\",\"itemListElement\":[{\"@type\":\"ListItem\",\"@id\":\"https:\\\/\\\/allasorias.hu\\\/hirek#listItem\",\"position\":1,\"name\":\"Home\",\"item\":\"https:\\\/\\\/allasorias.hu\\\/hirek\",\"nextItem\":{\"@type\":\"ListItem\",\"@id\":\"https:\\\/\\\/allasorias.hu\\\/hirek\\\/temak\\\/gazdasag\\\/#listItem\",\"name\":\"Gazdas\\u00e1g\"}},{\"@type\":\"ListItem\",\"@id\":\"https:\\\/\\\/allasorias.hu\\\/hirek\\\/temak\\\/gazdasag\\\/#listItem\",\"position\":2,\"name\":\"Gazdas\\u00e1g\",\"item\":\"https:\\\/\\\/allasorias.hu\\\/hirek\\\/temak\\\/gazdasag\\\/\",\"nextItem\":{\"@type\":\"ListItem\",\"@id\":\"https:\\\/\\\/allasorias.hu\\\/hirek\\\/fel-tudunk-e-keszulni-az-altalanos-valsagra\\\/#listItem\",\"name\":\"Fel tudunk-e k\\u00e9sz\\u00fclni az \\u00e1ltal\\u00e1nos v\\u00e1ls\\u00e1gra?\"},\"previousItem\":{\"@type\":\"ListItem\",\"@id\":\"https:\\\/\\\/allasorias.hu\\\/hirek#listItem\",\"name\":\"Home\"}},{\"@type\":\"ListItem\",\"@id\":\"https:\\\/\\\/allasorias.hu\\\/hirek\\\/fel-tudunk-e-keszulni-az-altalanos-valsagra\\\/#listItem\",\"position\":3,\"name\":\"Fel tudunk-e k\\u00e9sz\\u00fclni az \\u00e1ltal\\u00e1nos v\\u00e1ls\\u00e1gra?\",\"previousItem\":{\"@type\":\"ListItem\",\"@id\":\"https:\\\/\\\/allasorias.hu\\\/hirek\\\/temak\\\/gazdasag\\\/#listItem\",\"name\":\"Gazdas\\u00e1g\"}}]},{\"@type\":\"Organization\",\"@id\":\"https:\\\/\\\/allasorias.hu\\\/hirek\\\/#organization\",\"name\":\"AllasOrias.hu | H\\u00edrek-lapszemle\",\"description\":\"\\u00dczleti h\\u00edrek az \\u00e1ll\\u00e1s \\u00e9s a munka vil\\u00e1g\\u00e1b\\u00f3l\",\"url\":\"https:\\\/\\\/allasorias.hu\\\/hirek\\\/\",\"logo\":{\"@type\":\"ImageObject\",\"url\":\"https:\\\/\\\/allasorias.hu\\\/hirek\\\/wp-content\\\/uploads\\\/2022\\\/10\\\/allasorias_site_facebok_logo.png\",\"@id\":\"https:\\\/\\\/allasorias.hu\\\/hirek\\\/fel-tudunk-e-keszulni-az-altalanos-valsagra\\\/#organizationLogo\"},\"image\":{\"@id\":\"https:\\\/\\\/allasorias.hu\\\/hirek\\\/fel-tudunk-e-keszulni-az-altalanos-valsagra\\\/#organizationLogo\"},\"sameAs\":[\"https:\\\/\\\/www.facebook.com\\\/allasorias\",\"https:\\\/\\\/www.linkedin.com\\\/company\\\/allasorias\"]},{\"@type\":\"Person\",\"@id\":\"https:\\\/\\\/allasorias.hu\\\/hirek\\\/author\\\/admin-allasorias\\\/#author\",\"url\":\"https:\\\/\\\/allasorias.hu\\\/hirek\\\/author\\\/admin-allasorias\\\/\",\"name\":\"Juh\\u00e1sz P\\u00e9ter\",\"image\":{\"@type\":\"ImageObject\",\"@id\":\"https:\\\/\\\/allasorias.hu\\\/hirek\\\/fel-tudunk-e-keszulni-az-altalanos-valsagra\\\/#authorImage\",\"url\":\"https:\\\/\\\/secure.gravatar.com\\\/avatar\\\/36e6bcb83148978b992977cb0f54d22feb0cce8a0a849a9410532bb2623ba4c6?s=96&d=mm&r=g\",\"width\":96,\"height\":96,\"caption\":\"Juh\\u00e1sz P\\u00e9ter\"}},{\"@type\":\"WebPage\",\"@id\":\"https:\\\/\\\/allasorias.hu\\\/hirek\\\/fel-tudunk-e-keszulni-az-altalanos-valsagra\\\/#webpage\",\"url\":\"https:\\\/\\\/allasorias.hu\\\/hirek\\\/fel-tudunk-e-keszulni-az-altalanos-valsagra\\\/\",\"name\":\"Felk\\u00e9sz\\u00fclhet\\u00fcnk-e a k\\u00f6vetkez\\u0151 nagy v\\u00e1ls\\u00e1gra?\",\"description\":\"A jelenlegi gazdas\\u00e1gi v\\u00e1ls\\u00e1g m\\u00e9g nem teljesen vil\\u00e1gjelens\\u00e9g, azonban a szakemberek latolgatj\\u00e1k, mikor v\\u00e1lik azz\\u00e1. Vajon f\\u00f6l lehet-e k\\u00e9sz\\u00fclni a recesszi\\u00f3ra ?\",\"inLanguage\":\"hu-HU\",\"isPartOf\":{\"@id\":\"https:\\\/\\\/allasorias.hu\\\/hirek\\\/#website\"},\"breadcrumb\":{\"@id\":\"https:\\\/\\\/allasorias.hu\\\/hirek\\\/fel-tudunk-e-keszulni-az-altalanos-valsagra\\\/#breadcrumblist\"},\"author\":{\"@id\":\"https:\\\/\\\/allasorias.hu\\\/hirek\\\/author\\\/admin-allasorias\\\/#author\"},\"creator\":{\"@id\":\"https:\\\/\\\/allasorias.hu\\\/hirek\\\/author\\\/admin-allasorias\\\/#author\"},\"image\":{\"@type\":\"ImageObject\",\"url\":\"https:\\\/\\\/allasorias.hu\\\/hirek\\\/wp-content\\\/uploads\\\/2022\\\/12\\\/Gazdasagi-valsag.jpg\",\"@id\":\"https:\\\/\\\/allasorias.hu\\\/hirek\\\/fel-tudunk-e-keszulni-az-altalanos-valsagra\\\/#mainImage\",\"width\":1280,\"height\":720,\"caption\":\"Fel tudunk-e k\\u00e9sz\\u00fclni az \\u00e1ltal\\u00e1nos v\\u00e1ls\\u00e1gra? - Allasorias.hu\\\/Hirek\"},\"primaryImageOfPage\":{\"@id\":\"https:\\\/\\\/allasorias.hu\\\/hirek\\\/fel-tudunk-e-keszulni-az-altalanos-valsagra\\\/#mainImage\"},\"datePublished\":\"2022-12-07T09:28:53+02:00\",\"dateModified\":\"2025-05-09T11:28:18+02:00\"},{\"@type\":\"WebSite\",\"@id\":\"https:\\\/\\\/allasorias.hu\\\/hirek\\\/#website\",\"url\":\"https:\\\/\\\/allasorias.hu\\\/hirek\\\/\",\"name\":\"AllasOrias.hu | H\\u00edrek-lapszemle\",\"description\":\"\\u00dczleti h\\u00edrek az \\u00e1ll\\u00e1s \\u00e9s a munka vil\\u00e1g\\u00e1b\\u00f3l\",\"inLanguage\":\"hu-HU\",\"publisher\":{\"@id\":\"https:\\\/\\\/allasorias.hu\\\/hirek\\\/#organization\"}}]}\n\t\t<\/script>\n\t\t<!-- All in One SEO -->\n\n","aioseo_head_json":{"title":"Felk\u00e9sz\u00fclhet\u00fcnk-e a k\u00f6vetkez\u0151 nagy v\u00e1ls\u00e1gra?","description":"A jelenlegi gazdas\u00e1gi v\u00e1ls\u00e1g m\u00e9g nem teljesen vil\u00e1gjelens\u00e9g, azonban a szakemberek latolgatj\u00e1k, mikor v\u00e1lik azz\u00e1. Vajon f\u00f6l lehet-e k\u00e9sz\u00fclni a recesszi\u00f3ra ?","canonical_url":"https:\/\/allasorias.hu\/hirek\/fel-tudunk-e-keszulni-az-altalanos-valsagra\/","robots":"max-image-preview:large","keywords":"gazdas\u00e1gi v\u00e1ls\u00e1g,munkaer\u0151hi\u00e1ny,recesszi\u00f3","webmasterTools":{"miscellaneous":""},"schema":{"@context":"https:\/\/schema.org","@graph":[{"@type":"Article","@id":"https:\/\/allasorias.hu\/hirek\/fel-tudunk-e-keszulni-az-altalanos-valsagra\/#article","name":"Felk\u00e9sz\u00fclhet\u00fcnk-e a k\u00f6vetkez\u0151 nagy v\u00e1ls\u00e1gra?","headline":"Fel tudunk-e k\u00e9sz\u00fclni az \u00e1ltal\u00e1nos v\u00e1ls\u00e1gra?","author":{"@id":"https:\/\/allasorias.hu\/hirek\/author\/admin-allasorias\/#author"},"publisher":{"@id":"https:\/\/allasorias.hu\/hirek\/#organization"},"image":{"@type":"ImageObject","url":"https:\/\/allasorias.hu\/hirek\/wp-content\/uploads\/2022\/12\/Gazdasagi-valsag.jpg","width":1280,"height":720,"caption":"Fel tudunk-e k\u00e9sz\u00fclni az \u00e1ltal\u00e1nos v\u00e1ls\u00e1gra? - Allasorias.hu\/Hirek"},"datePublished":"2022-12-07T09:28:53+02:00","dateModified":"2025-05-09T11:28:18+02:00","inLanguage":"hu-HU","mainEntityOfPage":{"@id":"https:\/\/allasorias.hu\/hirek\/fel-tudunk-e-keszulni-az-altalanos-valsagra\/#webpage"},"isPartOf":{"@id":"https:\/\/allasorias.hu\/hirek\/fel-tudunk-e-keszulni-az-altalanos-valsagra\/#webpage"},"articleSection":"Gazdas\u00e1g, gazdas\u00e1gi v\u00e1ls\u00e1g, munkaer\u0151hi\u00e1ny, recesszi\u00f3"},{"@type":"BreadcrumbList","@id":"https:\/\/allasorias.hu\/hirek\/fel-tudunk-e-keszulni-az-altalanos-valsagra\/#breadcrumblist","itemListElement":[{"@type":"ListItem","@id":"https:\/\/allasorias.hu\/hirek#listItem","position":1,"name":"Home","item":"https:\/\/allasorias.hu\/hirek","nextItem":{"@type":"ListItem","@id":"https:\/\/allasorias.hu\/hirek\/temak\/gazdasag\/#listItem","name":"Gazdas\u00e1g"}},{"@type":"ListItem","@id":"https:\/\/allasorias.hu\/hirek\/temak\/gazdasag\/#listItem","position":2,"name":"Gazdas\u00e1g","item":"https:\/\/allasorias.hu\/hirek\/temak\/gazdasag\/","nextItem":{"@type":"ListItem","@id":"https:\/\/allasorias.hu\/hirek\/fel-tudunk-e-keszulni-az-altalanos-valsagra\/#listItem","name":"Fel tudunk-e k\u00e9sz\u00fclni az \u00e1ltal\u00e1nos v\u00e1ls\u00e1gra?"},"previousItem":{"@type":"ListItem","@id":"https:\/\/allasorias.hu\/hirek#listItem","name":"Home"}},{"@type":"ListItem","@id":"https:\/\/allasorias.hu\/hirek\/fel-tudunk-e-keszulni-az-altalanos-valsagra\/#listItem","position":3,"name":"Fel tudunk-e k\u00e9sz\u00fclni az \u00e1ltal\u00e1nos v\u00e1ls\u00e1gra?","previousItem":{"@type":"ListItem","@id":"https:\/\/allasorias.hu\/hirek\/temak\/gazdasag\/#listItem","name":"Gazdas\u00e1g"}}]},{"@type":"Organization","@id":"https:\/\/allasorias.hu\/hirek\/#organization","name":"AllasOrias.hu | H\u00edrek-lapszemle","description":"\u00dczleti h\u00edrek az \u00e1ll\u00e1s \u00e9s a munka vil\u00e1g\u00e1b\u00f3l","url":"https:\/\/allasorias.hu\/hirek\/","logo":{"@type":"ImageObject","url":"https:\/\/allasorias.hu\/hirek\/wp-content\/uploads\/2022\/10\/allasorias_site_facebok_logo.png","@id":"https:\/\/allasorias.hu\/hirek\/fel-tudunk-e-keszulni-az-altalanos-valsagra\/#organizationLogo"},"image":{"@id":"https:\/\/allasorias.hu\/hirek\/fel-tudunk-e-keszulni-az-altalanos-valsagra\/#organizationLogo"},"sameAs":["https:\/\/www.facebook.com\/allasorias","https:\/\/www.linkedin.com\/company\/allasorias"]},{"@type":"Person","@id":"https:\/\/allasorias.hu\/hirek\/author\/admin-allasorias\/#author","url":"https:\/\/allasorias.hu\/hirek\/author\/admin-allasorias\/","name":"Juh\u00e1sz P\u00e9ter","image":{"@type":"ImageObject","@id":"https:\/\/allasorias.hu\/hirek\/fel-tudunk-e-keszulni-az-altalanos-valsagra\/#authorImage","url":"https:\/\/secure.gravatar.com\/avatar\/36e6bcb83148978b992977cb0f54d22feb0cce8a0a849a9410532bb2623ba4c6?s=96&d=mm&r=g","width":96,"height":96,"caption":"Juh\u00e1sz P\u00e9ter"}},{"@type":"WebPage","@id":"https:\/\/allasorias.hu\/hirek\/fel-tudunk-e-keszulni-az-altalanos-valsagra\/#webpage","url":"https:\/\/allasorias.hu\/hirek\/fel-tudunk-e-keszulni-az-altalanos-valsagra\/","name":"Felk\u00e9sz\u00fclhet\u00fcnk-e a k\u00f6vetkez\u0151 nagy v\u00e1ls\u00e1gra?","description":"A jelenlegi gazdas\u00e1gi v\u00e1ls\u00e1g m\u00e9g nem teljesen vil\u00e1gjelens\u00e9g, azonban a szakemberek latolgatj\u00e1k, mikor v\u00e1lik azz\u00e1. Vajon f\u00f6l lehet-e k\u00e9sz\u00fclni a recesszi\u00f3ra ?","inLanguage":"hu-HU","isPartOf":{"@id":"https:\/\/allasorias.hu\/hirek\/#website"},"breadcrumb":{"@id":"https:\/\/allasorias.hu\/hirek\/fel-tudunk-e-keszulni-az-altalanos-valsagra\/#breadcrumblist"},"author":{"@id":"https:\/\/allasorias.hu\/hirek\/author\/admin-allasorias\/#author"},"creator":{"@id":"https:\/\/allasorias.hu\/hirek\/author\/admin-allasorias\/#author"},"image":{"@type":"ImageObject","url":"https:\/\/allasorias.hu\/hirek\/wp-content\/uploads\/2022\/12\/Gazdasagi-valsag.jpg","@id":"https:\/\/allasorias.hu\/hirek\/fel-tudunk-e-keszulni-az-altalanos-valsagra\/#mainImage","width":1280,"height":720,"caption":"Fel tudunk-e k\u00e9sz\u00fclni az \u00e1ltal\u00e1nos v\u00e1ls\u00e1gra? - Allasorias.hu\/Hirek"},"primaryImageOfPage":{"@id":"https:\/\/allasorias.hu\/hirek\/fel-tudunk-e-keszulni-az-altalanos-valsagra\/#mainImage"},"datePublished":"2022-12-07T09:28:53+02:00","dateModified":"2025-05-09T11:28:18+02:00"},{"@type":"WebSite","@id":"https:\/\/allasorias.hu\/hirek\/#website","url":"https:\/\/allasorias.hu\/hirek\/","name":"AllasOrias.hu | H\u00edrek-lapszemle","description":"\u00dczleti h\u00edrek az \u00e1ll\u00e1s \u00e9s a munka vil\u00e1g\u00e1b\u00f3l","inLanguage":"hu-HU","publisher":{"@id":"https:\/\/allasorias.hu\/hirek\/#organization"}}]},"og:locale":"hu_HU","og:site_name":"AllasOrias.hu | H\u00edrek-lapszemle | \u00dczleti h\u00edrek az \u00e1ll\u00e1s \u00e9s a munka vil\u00e1g\u00e1b\u00f3l","og:type":"article","og:title":"Felk\u00e9sz\u00fclhet\u00fcnk-e a k\u00f6vetkez\u0151 nagy v\u00e1ls\u00e1gra?","og:description":"A jelenlegi gazdas\u00e1gi v\u00e1ls\u00e1g m\u00e9g nem teljesen vil\u00e1gjelens\u00e9g, azonban a szakemberek latolgatj\u00e1k, mikor v\u00e1lik azz\u00e1. Vajon f\u00f6l lehet-e k\u00e9sz\u00fclni a recesszi\u00f3ra ?","og:url":"https:\/\/allasorias.hu\/hirek\/fel-tudunk-e-keszulni-az-altalanos-valsagra\/","og:image":"https:\/\/allasorias.hu\/hirek\/wp-content\/uploads\/2022\/12\/Gazdasagi-valsag.jpg","og:image:secure_url":"https:\/\/allasorias.hu\/hirek\/wp-content\/uploads\/2022\/12\/Gazdasagi-valsag.jpg","og:image:width":1280,"og:image:height":720,"article:published_time":"2022-12-07T09:28:53+00:00","article:modified_time":"2025-05-09T09:28:18+00:00","article:publisher":"https:\/\/www.facebook.com\/allasorias","twitter:card":"summary_large_image","twitter:title":"Felk\u00e9sz\u00fclhet\u00fcnk-e a k\u00f6vetkez\u0151 nagy v\u00e1ls\u00e1gra?","twitter:description":"A jelenlegi gazdas\u00e1gi v\u00e1ls\u00e1g m\u00e9g nem teljesen vil\u00e1gjelens\u00e9g, azonban a szakemberek latolgatj\u00e1k, mikor v\u00e1lik azz\u00e1. Vajon f\u00f6l lehet-e k\u00e9sz\u00fclni a recesszi\u00f3ra ?","twitter:image":"https:\/\/allasorias.hu\/hirek\/wp-content\/uploads\/2022\/12\/Gazdasagi-valsag.jpg","twitter:label1":"Written by","twitter:data1":"Juh\u00e1sz P\u00e9ter","twitter:label2":"Est. reading time","twitter:data2":"4 minutes"},"aioseo_meta_data":{"post_id":"6025","title":"Felk\u00e9sz\u00fclhet\u00fcnk-e a k\u00f6vetkez\u0151 nagy v\u00e1ls\u00e1gra?","description":"A jelenlegi gazdas\u00e1gi v\u00e1ls\u00e1g m\u00e9g nem teljesen vil\u00e1gjelens\u00e9g, azonban a szakemberek latolgatj\u00e1k, mikor v\u00e1lik azz\u00e1. Vajon f\u00f6l lehet-e k\u00e9sz\u00fclni a recesszi\u00f3ra ?","keywords":null,"keyphrases":{"focus":{"keyphrase":"v\u00e1ls\u00e1g","score":64,"analysis":{"keyphraseInTitle":{"score":3,"maxScore":9,"error":1},"keyphraseInDescription":{"score":9,"maxScore":9,"error":0},"keyphraseLength":{"score":9,"maxScore":9,"error":0,"length":3},"keyphraseInURL":{"score":5,"maxScore":5,"error":0},"keyphraseInIntroduction":{"score":9,"maxScore":9,"error":0},"keyphraseInSubHeadings":{"score":3,"maxScore":9,"error":1},"keyphraseInImageAlt":[],"keywordDensity":{"score":0,"type":"low","maxScore":9,"error":1}}},"additional":[]},"primary_term":null,"canonical_url":null,"og_title":null,"og_description":null,"og_object_type":"default","og_image_type":"default","og_image_url":null,"og_image_width":null,"og_image_height":null,"og_image_custom_url":null,"og_image_custom_fields":null,"og_video":"","og_custom_url":null,"og_article_section":null,"og_article_tags":null,"twitter_use_og":true,"twitter_card":"default","twitter_image_type":"default","twitter_image_url":null,"twitter_image_custom_url":null,"twitter_image_custom_fields":null,"twitter_title":null,"twitter_description":null,"schema":{"blockGraphs":[],"customGraphs":[],"default":{"data":{"Article":[],"Course":[],"Dataset":[],"FAQPage":[],"Movie":[],"Person":[],"Product":[],"ProductReview":[],"Car":[],"Recipe":[],"Service":[],"SoftwareApplication":[],"WebPage":[]},"graphName":"Article","isEnabled":true},"graphs":[]},"schema_type":"default","schema_type_options":null,"pillar_content":false,"robots_default":true,"robots_noindex":false,"robots_noarchive":false,"robots_nosnippet":false,"robots_nofollow":false,"robots_noimageindex":false,"robots_noodp":false,"robots_notranslate":false,"robots_max_snippet":"-1","robots_max_videopreview":"-1","robots_max_imagepreview":"large","priority":null,"frequency":"default","location":null,"local_seo":null,"breadcrumb_settings":null,"limit_modified_date":false,"ai":null,"created":"2022-12-07 09:06:32","updated":"2025-10-02 17:42:27","seo_analyzer_scan_date":null,"focus_keyword":"v\u00e1ls\u00e1g","additional_keywords":null,"truseo_locale":null},"aioseo_breadcrumb":"<div class=\"aioseo-breadcrumbs\"><span class=\"aioseo-breadcrumb\">\n\t\t\t<a href=\"https:\/\/allasorias.hu\/hirek\" title=\"Home\">Home<\/a>\n\t\t<\/span><span class=\"aioseo-breadcrumb-separator\">&raquo;<\/span><span class=\"aioseo-breadcrumb\">\n\t\t\t<a href=\"https:\/\/allasorias.hu\/hirek\/temak\/gazdasag\/\" title=\"Gazdas\u00e1g\">Gazdas\u00e1g<\/a>\n\t\t<\/span><span class=\"aioseo-breadcrumb-separator\">&raquo;<\/span><span class=\"aioseo-breadcrumb\">\n\t\t\tFel tudunk-e k\u00e9sz\u00fclni az \u00e1ltal\u00e1nos v\u00e1ls\u00e1gra?\n\t\t<\/span><\/div>","aioseo_breadcrumb_json":[{"label":"Home","link":"https:\/\/allasorias.hu\/hirek"},{"label":"Gazdas\u00e1g","link":"https:\/\/allasorias.hu\/hirek\/temak\/gazdasag\/"},{"label":"Fel tudunk-e k\u00e9sz\u00fclni az \u00e1ltal\u00e1nos v\u00e1ls\u00e1gra?","link":"https:\/\/allasorias.hu\/hirek\/fel-tudunk-e-keszulni-az-altalanos-valsagra\/"}],"_links":{"self":[{"href":"https:\/\/allasorias.hu\/hirek\/wp-json\/wp\/v2\/posts\/6025","targetHints":{"allow":["GET"]}}],"collection":[{"href":"https:\/\/allasorias.hu\/hirek\/wp-json\/wp\/v2\/posts"}],"about":[{"href":"https:\/\/allasorias.hu\/hirek\/wp-json\/wp\/v2\/types\/post"}],"author":[{"embeddable":true,"href":"https:\/\/allasorias.hu\/hirek\/wp-json\/wp\/v2\/users\/1"}],"replies":[{"embeddable":true,"href":"https:\/\/allasorias.hu\/hirek\/wp-json\/wp\/v2\/comments?post=6025"}],"version-history":[{"count":1,"href":"https:\/\/allasorias.hu\/hirek\/wp-json\/wp\/v2\/posts\/6025\/revisions"}],"predecessor-version":[{"id":6027,"href":"https:\/\/allasorias.hu\/hirek\/wp-json\/wp\/v2\/posts\/6025\/revisions\/6027"}],"wp:featuredmedia":[{"embeddable":true,"href":"https:\/\/allasorias.hu\/hirek\/wp-json\/wp\/v2\/media\/6026"}],"wp:attachment":[{"href":"https:\/\/allasorias.hu\/hirek\/wp-json\/wp\/v2\/media?parent=6025"}],"wp:term":[{"taxonomy":"category","embeddable":true,"href":"https:\/\/allasorias.hu\/hirek\/wp-json\/wp\/v2\/categories?post=6025"},{"taxonomy":"post_tag","embeddable":true,"href":"https:\/\/allasorias.hu\/hirek\/wp-json\/wp\/v2\/tags?post=6025"}],"curies":[{"name":"wp","href":"https:\/\/api.w.org\/{rel}","templated":true}]}}