{"id":6021,"date":"2022-12-06T10:39:54","date_gmt":"2022-12-06T10:39:54","guid":{"rendered":"https:\/\/allasorias.hu\/hirek\/?p=6021"},"modified":"2022-12-06T10:39:54","modified_gmt":"2022-12-06T10:39:54","slug":"fontos-a-dolgozok-mentalis-egeszsege","status":"publish","type":"post","link":"https:\/\/allasorias.hu\/hirek\/fontos-a-dolgozok-mentalis-egeszsege\/","title":{"rendered":"Fontos a dolgoz\u00f3k ment\u00e1lis eg\u00e9szs\u00e9ge"},"content":{"rendered":"<p><strong>A dolgoz\u00f3k ment\u00e1lis eg\u00e9szs\u00e9ge \u00fagy t\u0171nik nagy m\u00e9rt\u00e9kben kihat a munkav\u00e9gz\u00e9s\u00fck min\u0151s\u00e9g\u00e9re, ez\u00e9rt ezzel a k\u00e9rd\u00e9ssel a munkahelyeknek behat\u00f3bban kellene foglalkozniuk. Az ut\u00f3bbi \u00e9vek t\u00f6rt\u00e9n\u00e9sei, a v\u00e1ls\u00e1g, a j\u00e1rv\u00e1ny, k\u00fcl\u00f6n\u00f6sen f\u00f3kuszba \u00e1ll\u00edtotta ezt a probl\u00e9m\u00e1t.<\/strong><\/p>\n<p>A munk\u00e1ltat\u00f3knak ki kellene nevezni\u00fck egy fels\u0151vezet\u0151t, aki a munkav\u00e1llal\u00f3k eg\u00e9szs\u00e9g\u00e9\u00e9rt \u00e9s a j\u00f3l\u00e9t\u00e9\u00e9rt felel\u0151s &#8211; v\u00e9lekedik a pszichol\u00f3gia professzor. Ian Edwards r\u00e9g\u00f3ta t\u00f6rekszik a Nomur\u00e1n\u00e1l dolgoz\u00f3k j\u00f3l\u00e9t\u00e9nek jav\u00edt\u00e1s\u00e1ra, de az elm\u00falt \u00e9vekben \u00fajfajta nyom\u00e1st figyelt meg rajtuk, amely a fizikai \u00e9s ment\u00e1lis eg\u00e9szs\u00e9g\u00fckre, a termel\u00e9kenys\u00e9g\u00fckre \u00e9s a munkaerej\u00fckre is hat &#8211; sz\u00e1molt be r\u00f3la a Financial Times. Edwards a jap\u00e1n bank nagy-britanniai tev\u00e9kenys\u00e9g\u00e9nek eg\u00e9szs\u00e9g\u00fcgyi \u00e9s biztons\u00e1gi vezet\u0151jek\u00e9nt azt tapasztalta, hogy a Covid-19 berobban\u00e1sa alatt \u00e9s az\u00f3ta is jelent\u0151sen n\u00f6vekedtek a csal\u00e1dtagok \u00e1pol\u00e1s\u00e1val kapcsolatos stressz, a p\u00e9nz\u00fcgyi aggodalmak \u00e9s az \u00e9ghajlatv\u00e1ltoz\u00e1ssal kapcsolatos f\u00e9lelmek.<\/p>\n<h2>Szoci\u00e1lis szorong\u00e1s<\/h2>\n<p>&#8222;A szoci\u00e1lis szorong\u00e1s n\u00f6veked\u00e9s\u00e9t tapasztaltuk. Egy sor p\u00e9nz\u00fcgyi \u00e9s k\u00f6rnyezetv\u00e9delmi aggodalom is \u00e9rinti az alkalmazottainkat. Agg\u00f3dnak amiatt, hogy honnan sz\u00e1rmazik az \u00e9trendj\u00fckbe ker\u00fcl\u0151 hal, \u00e9s hogy el\u00f6nti-e a h\u00e1zukat az \u00e1rv\u00edz&#8221; &#8211; \u00f6sszegzi a tapasztalatait Ian Edwards. A Nagy-Britannia legeg\u00e9szs\u00e9gesebb munkahelye elnevez\u00e9s\u0171 felm\u00e9r\u00e9sben &#8211; amelyet a Vitality eg\u00e9szs\u00e9gbiztos\u00edt\u00f3 v\u00e9gzett partnerekkel, k\u00f6zt\u00fck a londoni gazdas\u00e1gi lappal, \u00e9s amely a Nomur\u00e1t k\u00f6vetkezetesen az egyik legjobban teljes\u00edt\u0151 szervezetnek min\u0151s\u00edtette &#8211; r\u00e9szt vev\u0151 65 szervezet t\u00f6bb mint 8500 alkalmazottj\u00e1nak friss adatai al\u00e1t\u00e1masztj\u00e1k n\u00e9zeteit. A felm\u00e9r\u00e9s a kor\u00e1bbi \u00e9vekhez k\u00e9pest a ment\u00e1lis betegs\u00e9gek \u00e9s a szorong\u00e1s megugr\u00e1s\u00e1t, valamint a betegszabads\u00e1gok \u00e9s a jelenl\u00e9t, vagyis a nem produkt\u00edv munkav\u00e9gz\u00e9s n\u00f6veked\u00e9s\u00e9t mutatja.<\/p>\n<p>A jelent\u00e9s r\u00e1vil\u00e1g\u00edt a k\u00f6zelm\u00faltbeli tendenci\u00e1k hat\u00e1saira is, bele\u00e9rtve a t\u00e1vmunka er\u0151teljes n\u00f6veked\u00e9s\u00e9t, amelyet a Covid-19-re v\u00e1laszul hozott korl\u00e1toz\u00e1sok v\u00e1ltottak ki. Azok a munkav\u00e1llal\u00f3k, akik k\u00e9pesek vegyes munkam\u00f3dszereket alkalmazni &#8211; azaz egyens\u00falyt teremteni az irodai \u00e9s az otthoni munkav\u00e9gz\u00e9s k\u00f6z\u00f6tt -, a legel\u00e9gedettebbek a munk\u00e1jukkal. A legkev\u00e9sb\u00e9 produkt\u00edvak azok voltak, akiknek nem irodai munkahelyen &#8211; p\u00e9ld\u00e1ul gy\u00e1rban vagy kiskereskedelmi \u00fczletben &#8211; kellett t\u00e1vmunk\u00e1t v\u00e9gezni\u00fck. K\u00fcl\u00f6n\u00f6sen a Covid-19 kezdete \u00f3ta a munk\u00e1ltat\u00f3k fokozott \u00e9rdekl\u0151d\u00e9st mutatnak a munkat\u00e1rsak j\u00f3l\u00e9te ir\u00e1nt, mivel igyekeznek t\u00e1mogatni a szervezet\u00fck folyamatos n\u00f6veked\u00e9s\u00e9t. \u00daj megk\u00f6zel\u00edt\u00e9seket \u00e9s eszk\u00f6z\u00f6ket fedeztek fel, a mindfulness-alkalmaz\u00e1sokt\u00f3l kezdve a szerepek \u00e9s felel\u0151ss\u00e9gi k\u00f6r\u00f6k \u00e1tszervez\u00e9s\u00e9ig.<\/p>\n<h2>Munkahelyi wellness program<\/h2>\n<p>Ez egy vir\u00e1gz\u00f3 wellness-ipart ind\u00edtott el, amely az eg\u00e9szs\u00e9g jav\u00edt\u00e1s\u00e1ra ir\u00e1nyul\u00f3 programokat k\u00edn\u00e1l. A t\u00e9m\u00e1t tanulm\u00e1nyoz\u00f3 szak\u00e9rt\u0151k azonban arra figyelmeztetnek, hogy hi\u00e1nyoznak az ok-okozati \u00f6sszef\u00fcgg\u00e9sekre vonatkoz\u00f3 szigor\u00fa kutat\u00e1sok, \u00e9s arra vonatkoz\u00f3an, hogy mely beavatkoz\u00e1sok m\u0171k\u00f6dnek igaz\u00e1n. Jan-Emmanuel De Neve, az oxfordi egyetem Sa\u00efd Business Schoolj\u00e1nak k\u00f6zgazd\u00e1sza szerint kev\u00e9s az &#8222;arany standard&#8221; bizony\u00edt\u00e9k a randomiz\u00e1lt kontrollvizsg\u00e1latokkal kapcsolatban. Rengeteg kisebb k\u00eds\u00e9rleti projekt van, amelyeket gyakran nem \u00e9rt\u00e9kelnek megfelel\u0151en, vagy amelyekr\u0151l nem sz\u00e1molnak be. De Neve szerint a mindfulness ugyan nem rossz dolog, \u00e1m nem foglalkozik a f\u0151 struktur\u00e1lis okokkal. A k\u00f6zgazd\u00e1sz r\u00e1mutatott a 2019-ben megjelent Illinois Workplace Wellness Study c\u00edm\u0171 elemz\u00e9sre, amely az amerikai Urbana-Champaignben k\u00e9t \u00e9ven kereszt\u00fcl vizsg\u00e1lta az iThrive nev\u0171 \u00e1tfog\u00f3 munkahelyi wellness-program hat\u00e1sait. B\u00e1r a programban r\u00e9szt vev\u0151 munkav\u00e1llal\u00f3k j\u00f3 eg\u00e9szs\u00e9gi \u00e1llapotr\u00f3l sz\u00e1moltak be, er\u0151s szelekci\u00f3s torz\u00edt\u00e1s volt tapasztalhat\u00f3: azok, akik r\u00e9szt vettek a felm\u00e9r\u00e9sben, \u00e1ltal\u00e1ban m\u00e1r eleve tehet\u0151sebbek \u00e9s eg\u00e9szs\u00e9gesebbek voltak, m\u00edg azok a munkav\u00e1llal\u00f3k, akik a legt\u00f6bbet nyerhettek volna &#8211; k\u00f6zt\u00fck a doh\u00e1nyosok \u00e9s azok, akiknek m\u00e1r eleve magasabbak voltak az eg\u00e9szs\u00e9g\u00fcgyi k\u00f6lts\u00e9geik &#8211; nem \u00e1lltak k\u00f6t\u00e9lnek.<\/p>\n<p>De Neve saj\u00e1t, a t\u00e1vk\u00f6zl\u00e9si v\u00e1llalatn\u00e1l, a BT-n\u00e9l nemr\u00e9giben v\u00e9gzett kutat\u00e1sai \u00f6sszef\u00fcgg\u00e9st mutattak ki az irod\u00e1kban l\u00e9v\u0151 ablakok &#8211; amelyek r\u00e9v\u00e9n a call centerek munkat\u00e1rsai vizu\u00e1lisan l\u00e1thatj\u00e1k az id\u0151j\u00e1r\u00e1st -, valamint a hangulatuk \u00e9s a termel\u00e9kenys\u00e9gi szintj\u00fck k\u00f6z\u00f6tt, amely emelkedett, ha boldogabbak voltak. Az oxfordi egyetem k\u00f6zgazd\u00e1sza ugyanakkor \u00f3vatos az ilyen eredm\u00e9nyek gyakorlati alkalmazhat\u00f3s\u00e1g\u00e1ra vonatkoz\u00f3 egyszer\u0171 k\u00f6vetkeztet\u00e9sek levon\u00e1s\u00e1val kapcsolatban. Hivatkozik a sz\u00e9lesebb k\u00f6r\u0171 kutat\u00e1sokra, amelyek szerint a j\u00f3l\u00e9t szempontj\u00e1b\u00f3l fontosak az er\u0151s munkahelyi szoci\u00e1lis h\u00e1l\u00f3zatok, a t\u00e1mogat\u00f3 csapatok, a mentor\u00e1l\u00e1s, az egy\u00e9ni auton\u00f3mia, a rugalmass\u00e1g \u00e9s a c\u00e9ltudatoss\u00e1g.<\/p>\n<p>&nbsp;<\/p>\n<p>Forr\u00e1s: <a href=\"https:\/\/www.napi.hu\/nemzetkozi-gazdasag\/nagy-britannia-munkahely-jolet-munkavallalo-elbocsatas-stressz.764261.html\" target=\"_blank\" rel=\"nofollow noopener\">napi.hu<\/a><\/p>\n","protected":false},"excerpt":{"rendered":"<p>A dolgoz\u00f3k ment\u00e1lis eg\u00e9szs\u00e9ge \u00fagy t\u0171nik nagy m\u00e9rt\u00e9kben kihat a munkav\u00e9gz\u00e9s\u00fck min\u0151s\u00e9g\u00e9re, ez\u00e9rt ezzel a k\u00e9rd\u00e9ssel a munkahelyeknek behat\u00f3bban kellene foglalkozniuk. Az ut\u00f3bbi \u00e9vek t\u00f6rt\u00e9n\u00e9sei, a v\u00e1ls\u00e1g, a j\u00e1rv\u00e1ny, k\u00fcl\u00f6n\u00f6sen f\u00f3kuszba \u00e1ll\u00edtotta ezt a probl\u00e9m\u00e1t. A munk\u00e1ltat\u00f3knak ki kellene nevezni\u00fck egy fels\u0151vezet\u0151t, aki a munkav\u00e1llal\u00f3k eg\u00e9szs\u00e9g\u00e9\u00e9rt \u00e9s a j\u00f3l\u00e9t\u00e9\u00e9rt felel\u0151s &#8211; v\u00e9lekedik a pszichol\u00f3gia professzor. [&hellip;]<\/p>\n","protected":false},"author":1,"featured_media":6022,"comment_status":"open","ping_status":"open","sticky":false,"template":"","format":"standard","meta":{"_monsterinsights_skip_tracking":false,"footnotes":""},"categories":[200],"tags":[293,294],"class_list":["post-6021","post","type-post","status-publish","format-standard","has-post-thumbnail","hentry","category-munkaeropiac","tag-mentalis-egeszseg","tag-szocialis-szorongas"],"aioseo_notices":[],"aioseo_head":"\n\t\t<!-- All in One SEO 5.0.0.1 - aioseo.com -->\n\t<meta name=\"description\" content=\"A dolgoz\u00f3k ment\u00e1lis eg\u00e9szs\u00e9ge \u00fagy t\u0171nik nagy m\u00e9rt\u00e9kben kihat a munkav\u00e9gz\u00e9s\u00fck min\u0151s\u00e9g\u00e9re, ez\u00e9rt ezzel a k\u00e9rd\u00e9ssel a munkahelyeknek jobban kellene foglalkozniuk.\" \/>\n\t<meta name=\"robots\" content=\"max-image-preview:large\" \/>\n\t<meta name=\"author\" content=\"Juh\u00e1sz P\u00e9ter\"\/>\n\t<meta name=\"keywords\" content=\"ment\u00e1lis eg\u00e9szs\u00e9g,szoci\u00e1lis szorong\u00e1s\" \/>\n\t<link rel=\"canonical\" href=\"https:\/\/allasorias.hu\/hirek\/fontos-a-dolgozok-mentalis-egeszsege\/\" \/>\n\t<meta name=\"generator\" content=\"All in One SEO (AIOSEO) 5.0.0.1\" \/>\n\t\t<meta property=\"og:locale\" content=\"hu_HU\" \/>\n\t\t<meta property=\"og:site_name\" content=\"AllasOrias.hu | H\u00edrek-lapszemle | \u00dczleti h\u00edrek az \u00e1ll\u00e1s \u00e9s a munka vil\u00e1g\u00e1b\u00f3l\" \/>\n\t\t<meta property=\"og:type\" content=\"article\" \/>\n\t\t<meta property=\"og:title\" content=\"Fontos a dolgoz\u00f3k ment\u00e1lis eg\u00e9szs\u00e9ge | Allasorias.hu\/Hire\" \/>\n\t\t<meta property=\"og:description\" content=\"A dolgoz\u00f3k ment\u00e1lis eg\u00e9szs\u00e9ge \u00fagy t\u0171nik nagy m\u00e9rt\u00e9kben kihat a munkav\u00e9gz\u00e9s\u00fck min\u0151s\u00e9g\u00e9re, ez\u00e9rt ezzel a k\u00e9rd\u00e9ssel a munkahelyeknek jobban kellene foglalkozniuk.\" \/>\n\t\t<meta property=\"og:url\" content=\"https:\/\/allasorias.hu\/hirek\/fontos-a-dolgozok-mentalis-egeszsege\/\" \/>\n\t\t<meta property=\"og:image\" content=\"https:\/\/allasorias.hu\/hirek\/wp-content\/uploads\/2022\/12\/mentalis-egeszseg.jpg\" \/>\n\t\t<meta property=\"og:image:secure_url\" content=\"https:\/\/allasorias.hu\/hirek\/wp-content\/uploads\/2022\/12\/mentalis-egeszseg.jpg\" \/>\n\t\t<meta property=\"og:image:width\" content=\"1280\" \/>\n\t\t<meta property=\"og:image:height\" content=\"783\" \/>\n\t\t<meta property=\"article:published_time\" content=\"2022-12-06T10:39:54+00:00\" \/>\n\t\t<meta property=\"article:modified_time\" content=\"2022-12-06T10:39:54+00:00\" \/>\n\t\t<meta property=\"article:publisher\" content=\"https:\/\/www.facebook.com\/allasorias\" \/>\n\t\t<meta name=\"twitter:card\" content=\"summary_large_image\" \/>\n\t\t<meta name=\"twitter:title\" content=\"Fontos a dolgoz\u00f3k ment\u00e1lis eg\u00e9szs\u00e9ge | Allasorias.hu\/Hire\" \/>\n\t\t<meta name=\"twitter:description\" content=\"A dolgoz\u00f3k ment\u00e1lis eg\u00e9szs\u00e9ge \u00fagy t\u0171nik nagy m\u00e9rt\u00e9kben kihat a munkav\u00e9gz\u00e9s\u00fck min\u0151s\u00e9g\u00e9re, ez\u00e9rt ezzel a k\u00e9rd\u00e9ssel a munkahelyeknek jobban kellene foglalkozniuk.\" \/>\n\t\t<meta name=\"twitter:image\" content=\"https:\/\/allasorias.hu\/hirek\/wp-content\/uploads\/2022\/12\/mentalis-egeszseg.jpg\" \/>\n\t\t<meta name=\"twitter:label1\" content=\"Written by\" \/>\n\t\t<meta name=\"twitter:data1\" content=\"Juh\u00e1sz P\u00e9ter\" \/>\n\t\t<meta name=\"twitter:label2\" content=\"Est. reading time\" \/>\n\t\t<meta name=\"twitter:data2\" content=\"5 minutes\" \/>\n\t\t<script type=\"application\/ld+json\" class=\"aioseo-schema\">\n\t\t\t{\"@context\":\"https:\\\/\\\/schema.org\",\"@graph\":[{\"@type\":\"Article\",\"@id\":\"https:\\\/\\\/allasorias.hu\\\/hirek\\\/fontos-a-dolgozok-mentalis-egeszsege\\\/#article\",\"name\":\"Fontos a dolgoz\\u00f3k ment\\u00e1lis eg\\u00e9szs\\u00e9ge | Allasorias.hu\\\/Hire\",\"headline\":\"Fontos a dolgoz\\u00f3k ment\\u00e1lis eg\\u00e9szs\\u00e9ge\",\"author\":{\"@id\":\"https:\\\/\\\/allasorias.hu\\\/hirek\\\/author\\\/admin-allasorias\\\/#author\"},\"publisher\":{\"@id\":\"https:\\\/\\\/allasorias.hu\\\/hirek\\\/#organization\"},\"image\":{\"@type\":\"ImageObject\",\"url\":\"https:\\\/\\\/allasorias.hu\\\/hirek\\\/wp-content\\\/uploads\\\/2022\\\/12\\\/mentalis-egeszseg.jpg\",\"width\":1280,\"height\":783,\"caption\":\"Fontos a dolgoz\\u00f3k ment\\u00e1lis eg\\u00e9szs\\u00e9ge - Allasorias.hu\\\/Hirek\"},\"datePublished\":\"2022-12-06T10:39:54+02:00\",\"dateModified\":\"2022-12-06T10:39:54+02:00\",\"inLanguage\":\"hu-HU\",\"mainEntityOfPage\":{\"@id\":\"https:\\\/\\\/allasorias.hu\\\/hirek\\\/fontos-a-dolgozok-mentalis-egeszsege\\\/#webpage\"},\"isPartOf\":{\"@id\":\"https:\\\/\\\/allasorias.hu\\\/hirek\\\/fontos-a-dolgozok-mentalis-egeszsege\\\/#webpage\"},\"articleSection\":\"Munkaer\\u0151piac, ment\\u00e1lis eg\\u00e9szs\\u00e9g, szoci\\u00e1lis szorong\\u00e1s\"},{\"@type\":\"BreadcrumbList\",\"@id\":\"https:\\\/\\\/allasorias.hu\\\/hirek\\\/fontos-a-dolgozok-mentalis-egeszsege\\\/#breadcrumblist\",\"itemListElement\":[{\"@type\":\"ListItem\",\"@id\":\"https:\\\/\\\/allasorias.hu\\\/hirek#listItem\",\"position\":1,\"name\":\"Home\",\"item\":\"https:\\\/\\\/allasorias.hu\\\/hirek\",\"nextItem\":{\"@type\":\"ListItem\",\"@id\":\"https:\\\/\\\/allasorias.hu\\\/hirek\\\/temak\\\/munkaeropiac\\\/#listItem\",\"name\":\"Munkaer\\u0151piac\"}},{\"@type\":\"ListItem\",\"@id\":\"https:\\\/\\\/allasorias.hu\\\/hirek\\\/temak\\\/munkaeropiac\\\/#listItem\",\"position\":2,\"name\":\"Munkaer\\u0151piac\",\"item\":\"https:\\\/\\\/allasorias.hu\\\/hirek\\\/temak\\\/munkaeropiac\\\/\",\"nextItem\":{\"@type\":\"ListItem\",\"@id\":\"https:\\\/\\\/allasorias.hu\\\/hirek\\\/fontos-a-dolgozok-mentalis-egeszsege\\\/#listItem\",\"name\":\"Fontos a dolgoz\\u00f3k ment\\u00e1lis eg\\u00e9szs\\u00e9ge\"},\"previousItem\":{\"@type\":\"ListItem\",\"@id\":\"https:\\\/\\\/allasorias.hu\\\/hirek#listItem\",\"name\":\"Home\"}},{\"@type\":\"ListItem\",\"@id\":\"https:\\\/\\\/allasorias.hu\\\/hirek\\\/fontos-a-dolgozok-mentalis-egeszsege\\\/#listItem\",\"position\":3,\"name\":\"Fontos a dolgoz\\u00f3k ment\\u00e1lis eg\\u00e9szs\\u00e9ge\",\"previousItem\":{\"@type\":\"ListItem\",\"@id\":\"https:\\\/\\\/allasorias.hu\\\/hirek\\\/temak\\\/munkaeropiac\\\/#listItem\",\"name\":\"Munkaer\\u0151piac\"}}]},{\"@type\":\"Organization\",\"@id\":\"https:\\\/\\\/allasorias.hu\\\/hirek\\\/#organization\",\"name\":\"AllasOrias.hu | H\\u00edrek-lapszemle\",\"description\":\"\\u00dczleti h\\u00edrek az \\u00e1ll\\u00e1s \\u00e9s a munka vil\\u00e1g\\u00e1b\\u00f3l\",\"url\":\"https:\\\/\\\/allasorias.hu\\\/hirek\\\/\",\"logo\":{\"@type\":\"ImageObject\",\"url\":\"https:\\\/\\\/allasorias.hu\\\/hirek\\\/wp-content\\\/uploads\\\/2022\\\/10\\\/allasorias_site_facebok_logo.png\",\"@id\":\"https:\\\/\\\/allasorias.hu\\\/hirek\\\/fontos-a-dolgozok-mentalis-egeszsege\\\/#organizationLogo\"},\"image\":{\"@id\":\"https:\\\/\\\/allasorias.hu\\\/hirek\\\/fontos-a-dolgozok-mentalis-egeszsege\\\/#organizationLogo\"},\"sameAs\":[\"https:\\\/\\\/www.facebook.com\\\/allasorias\",\"https:\\\/\\\/www.linkedin.com\\\/company\\\/allasorias\"]},{\"@type\":\"Person\",\"@id\":\"https:\\\/\\\/allasorias.hu\\\/hirek\\\/author\\\/admin-allasorias\\\/#author\",\"url\":\"https:\\\/\\\/allasorias.hu\\\/hirek\\\/author\\\/admin-allasorias\\\/\",\"name\":\"Juh\\u00e1sz P\\u00e9ter\",\"image\":{\"@type\":\"ImageObject\",\"@id\":\"https:\\\/\\\/allasorias.hu\\\/hirek\\\/fontos-a-dolgozok-mentalis-egeszsege\\\/#authorImage\",\"url\":\"https:\\\/\\\/secure.gravatar.com\\\/avatar\\\/36e6bcb83148978b992977cb0f54d22feb0cce8a0a849a9410532bb2623ba4c6?s=96&d=mm&r=g\",\"width\":96,\"height\":96,\"caption\":\"Juh\\u00e1sz P\\u00e9ter\"}},{\"@type\":\"WebPage\",\"@id\":\"https:\\\/\\\/allasorias.hu\\\/hirek\\\/fontos-a-dolgozok-mentalis-egeszsege\\\/#webpage\",\"url\":\"https:\\\/\\\/allasorias.hu\\\/hirek\\\/fontos-a-dolgozok-mentalis-egeszsege\\\/\",\"name\":\"Fontos a dolgoz\\u00f3k ment\\u00e1lis eg\\u00e9szs\\u00e9ge | Allasorias.hu\\\/Hire\",\"description\":\"A dolgoz\\u00f3k ment\\u00e1lis eg\\u00e9szs\\u00e9ge \\u00fagy t\\u0171nik nagy m\\u00e9rt\\u00e9kben kihat a munkav\\u00e9gz\\u00e9s\\u00fck min\\u0151s\\u00e9g\\u00e9re, ez\\u00e9rt ezzel a k\\u00e9rd\\u00e9ssel a munkahelyeknek jobban kellene foglalkozniuk.\",\"inLanguage\":\"hu-HU\",\"isPartOf\":{\"@id\":\"https:\\\/\\\/allasorias.hu\\\/hirek\\\/#website\"},\"breadcrumb\":{\"@id\":\"https:\\\/\\\/allasorias.hu\\\/hirek\\\/fontos-a-dolgozok-mentalis-egeszsege\\\/#breadcrumblist\"},\"author\":{\"@id\":\"https:\\\/\\\/allasorias.hu\\\/hirek\\\/author\\\/admin-allasorias\\\/#author\"},\"creator\":{\"@id\":\"https:\\\/\\\/allasorias.hu\\\/hirek\\\/author\\\/admin-allasorias\\\/#author\"},\"image\":{\"@type\":\"ImageObject\",\"url\":\"https:\\\/\\\/allasorias.hu\\\/hirek\\\/wp-content\\\/uploads\\\/2022\\\/12\\\/mentalis-egeszseg.jpg\",\"@id\":\"https:\\\/\\\/allasorias.hu\\\/hirek\\\/fontos-a-dolgozok-mentalis-egeszsege\\\/#mainImage\",\"width\":1280,\"height\":783,\"caption\":\"Fontos a dolgoz\\u00f3k ment\\u00e1lis eg\\u00e9szs\\u00e9ge - Allasorias.hu\\\/Hirek\"},\"primaryImageOfPage\":{\"@id\":\"https:\\\/\\\/allasorias.hu\\\/hirek\\\/fontos-a-dolgozok-mentalis-egeszsege\\\/#mainImage\"},\"datePublished\":\"2022-12-06T10:39:54+02:00\",\"dateModified\":\"2022-12-06T10:39:54+02:00\"},{\"@type\":\"WebSite\",\"@id\":\"https:\\\/\\\/allasorias.hu\\\/hirek\\\/#website\",\"url\":\"https:\\\/\\\/allasorias.hu\\\/hirek\\\/\",\"name\":\"AllasOrias.hu | H\\u00edrek-lapszemle\",\"description\":\"\\u00dczleti h\\u00edrek az \\u00e1ll\\u00e1s \\u00e9s a munka vil\\u00e1g\\u00e1b\\u00f3l\",\"inLanguage\":\"hu-HU\",\"publisher\":{\"@id\":\"https:\\\/\\\/allasorias.hu\\\/hirek\\\/#organization\"}}]}\n\t\t<\/script>\n\t\t<!-- All in One SEO -->\n\n","aioseo_head_json":{"title":"Fontos a dolgoz\u00f3k ment\u00e1lis eg\u00e9szs\u00e9ge | Allasorias.hu\/Hire","description":"A dolgoz\u00f3k ment\u00e1lis eg\u00e9szs\u00e9ge \u00fagy t\u0171nik nagy m\u00e9rt\u00e9kben kihat a munkav\u00e9gz\u00e9s\u00fck min\u0151s\u00e9g\u00e9re, ez\u00e9rt ezzel a k\u00e9rd\u00e9ssel a munkahelyeknek jobban kellene foglalkozniuk.","canonical_url":"https:\/\/allasorias.hu\/hirek\/fontos-a-dolgozok-mentalis-egeszsege\/","robots":"max-image-preview:large","keywords":"ment\u00e1lis eg\u00e9szs\u00e9g,szoci\u00e1lis szorong\u00e1s","webmasterTools":{"miscellaneous":""},"schema":{"@context":"https:\/\/schema.org","@graph":[{"@type":"Article","@id":"https:\/\/allasorias.hu\/hirek\/fontos-a-dolgozok-mentalis-egeszsege\/#article","name":"Fontos a dolgoz\u00f3k ment\u00e1lis eg\u00e9szs\u00e9ge | Allasorias.hu\/Hire","headline":"Fontos a dolgoz\u00f3k ment\u00e1lis eg\u00e9szs\u00e9ge","author":{"@id":"https:\/\/allasorias.hu\/hirek\/author\/admin-allasorias\/#author"},"publisher":{"@id":"https:\/\/allasorias.hu\/hirek\/#organization"},"image":{"@type":"ImageObject","url":"https:\/\/allasorias.hu\/hirek\/wp-content\/uploads\/2022\/12\/mentalis-egeszseg.jpg","width":1280,"height":783,"caption":"Fontos a dolgoz\u00f3k ment\u00e1lis eg\u00e9szs\u00e9ge - Allasorias.hu\/Hirek"},"datePublished":"2022-12-06T10:39:54+02:00","dateModified":"2022-12-06T10:39:54+02:00","inLanguage":"hu-HU","mainEntityOfPage":{"@id":"https:\/\/allasorias.hu\/hirek\/fontos-a-dolgozok-mentalis-egeszsege\/#webpage"},"isPartOf":{"@id":"https:\/\/allasorias.hu\/hirek\/fontos-a-dolgozok-mentalis-egeszsege\/#webpage"},"articleSection":"Munkaer\u0151piac, ment\u00e1lis eg\u00e9szs\u00e9g, szoci\u00e1lis szorong\u00e1s"},{"@type":"BreadcrumbList","@id":"https:\/\/allasorias.hu\/hirek\/fontos-a-dolgozok-mentalis-egeszsege\/#breadcrumblist","itemListElement":[{"@type":"ListItem","@id":"https:\/\/allasorias.hu\/hirek#listItem","position":1,"name":"Home","item":"https:\/\/allasorias.hu\/hirek","nextItem":{"@type":"ListItem","@id":"https:\/\/allasorias.hu\/hirek\/temak\/munkaeropiac\/#listItem","name":"Munkaer\u0151piac"}},{"@type":"ListItem","@id":"https:\/\/allasorias.hu\/hirek\/temak\/munkaeropiac\/#listItem","position":2,"name":"Munkaer\u0151piac","item":"https:\/\/allasorias.hu\/hirek\/temak\/munkaeropiac\/","nextItem":{"@type":"ListItem","@id":"https:\/\/allasorias.hu\/hirek\/fontos-a-dolgozok-mentalis-egeszsege\/#listItem","name":"Fontos a dolgoz\u00f3k ment\u00e1lis eg\u00e9szs\u00e9ge"},"previousItem":{"@type":"ListItem","@id":"https:\/\/allasorias.hu\/hirek#listItem","name":"Home"}},{"@type":"ListItem","@id":"https:\/\/allasorias.hu\/hirek\/fontos-a-dolgozok-mentalis-egeszsege\/#listItem","position":3,"name":"Fontos a dolgoz\u00f3k ment\u00e1lis eg\u00e9szs\u00e9ge","previousItem":{"@type":"ListItem","@id":"https:\/\/allasorias.hu\/hirek\/temak\/munkaeropiac\/#listItem","name":"Munkaer\u0151piac"}}]},{"@type":"Organization","@id":"https:\/\/allasorias.hu\/hirek\/#organization","name":"AllasOrias.hu | H\u00edrek-lapszemle","description":"\u00dczleti h\u00edrek az \u00e1ll\u00e1s \u00e9s a munka vil\u00e1g\u00e1b\u00f3l","url":"https:\/\/allasorias.hu\/hirek\/","logo":{"@type":"ImageObject","url":"https:\/\/allasorias.hu\/hirek\/wp-content\/uploads\/2022\/10\/allasorias_site_facebok_logo.png","@id":"https:\/\/allasorias.hu\/hirek\/fontos-a-dolgozok-mentalis-egeszsege\/#organizationLogo"},"image":{"@id":"https:\/\/allasorias.hu\/hirek\/fontos-a-dolgozok-mentalis-egeszsege\/#organizationLogo"},"sameAs":["https:\/\/www.facebook.com\/allasorias","https:\/\/www.linkedin.com\/company\/allasorias"]},{"@type":"Person","@id":"https:\/\/allasorias.hu\/hirek\/author\/admin-allasorias\/#author","url":"https:\/\/allasorias.hu\/hirek\/author\/admin-allasorias\/","name":"Juh\u00e1sz P\u00e9ter","image":{"@type":"ImageObject","@id":"https:\/\/allasorias.hu\/hirek\/fontos-a-dolgozok-mentalis-egeszsege\/#authorImage","url":"https:\/\/secure.gravatar.com\/avatar\/36e6bcb83148978b992977cb0f54d22feb0cce8a0a849a9410532bb2623ba4c6?s=96&d=mm&r=g","width":96,"height":96,"caption":"Juh\u00e1sz P\u00e9ter"}},{"@type":"WebPage","@id":"https:\/\/allasorias.hu\/hirek\/fontos-a-dolgozok-mentalis-egeszsege\/#webpage","url":"https:\/\/allasorias.hu\/hirek\/fontos-a-dolgozok-mentalis-egeszsege\/","name":"Fontos a dolgoz\u00f3k ment\u00e1lis eg\u00e9szs\u00e9ge | Allasorias.hu\/Hire","description":"A dolgoz\u00f3k ment\u00e1lis eg\u00e9szs\u00e9ge \u00fagy t\u0171nik nagy m\u00e9rt\u00e9kben kihat a munkav\u00e9gz\u00e9s\u00fck min\u0151s\u00e9g\u00e9re, ez\u00e9rt ezzel a k\u00e9rd\u00e9ssel a munkahelyeknek jobban kellene foglalkozniuk.","inLanguage":"hu-HU","isPartOf":{"@id":"https:\/\/allasorias.hu\/hirek\/#website"},"breadcrumb":{"@id":"https:\/\/allasorias.hu\/hirek\/fontos-a-dolgozok-mentalis-egeszsege\/#breadcrumblist"},"author":{"@id":"https:\/\/allasorias.hu\/hirek\/author\/admin-allasorias\/#author"},"creator":{"@id":"https:\/\/allasorias.hu\/hirek\/author\/admin-allasorias\/#author"},"image":{"@type":"ImageObject","url":"https:\/\/allasorias.hu\/hirek\/wp-content\/uploads\/2022\/12\/mentalis-egeszseg.jpg","@id":"https:\/\/allasorias.hu\/hirek\/fontos-a-dolgozok-mentalis-egeszsege\/#mainImage","width":1280,"height":783,"caption":"Fontos a dolgoz\u00f3k ment\u00e1lis eg\u00e9szs\u00e9ge - Allasorias.hu\/Hirek"},"primaryImageOfPage":{"@id":"https:\/\/allasorias.hu\/hirek\/fontos-a-dolgozok-mentalis-egeszsege\/#mainImage"},"datePublished":"2022-12-06T10:39:54+02:00","dateModified":"2022-12-06T10:39:54+02:00"},{"@type":"WebSite","@id":"https:\/\/allasorias.hu\/hirek\/#website","url":"https:\/\/allasorias.hu\/hirek\/","name":"AllasOrias.hu | H\u00edrek-lapszemle","description":"\u00dczleti h\u00edrek az \u00e1ll\u00e1s \u00e9s a munka vil\u00e1g\u00e1b\u00f3l","inLanguage":"hu-HU","publisher":{"@id":"https:\/\/allasorias.hu\/hirek\/#organization"}}]},"og:locale":"hu_HU","og:site_name":"AllasOrias.hu | H\u00edrek-lapszemle | \u00dczleti h\u00edrek az \u00e1ll\u00e1s \u00e9s a munka vil\u00e1g\u00e1b\u00f3l","og:type":"article","og:title":"Fontos a dolgoz\u00f3k ment\u00e1lis eg\u00e9szs\u00e9ge | Allasorias.hu\/Hire","og:description":"A dolgoz\u00f3k ment\u00e1lis eg\u00e9szs\u00e9ge \u00fagy t\u0171nik nagy m\u00e9rt\u00e9kben kihat a munkav\u00e9gz\u00e9s\u00fck min\u0151s\u00e9g\u00e9re, ez\u00e9rt ezzel a k\u00e9rd\u00e9ssel a munkahelyeknek jobban kellene foglalkozniuk.","og:url":"https:\/\/allasorias.hu\/hirek\/fontos-a-dolgozok-mentalis-egeszsege\/","og:image":"https:\/\/allasorias.hu\/hirek\/wp-content\/uploads\/2022\/12\/mentalis-egeszseg.jpg","og:image:secure_url":"https:\/\/allasorias.hu\/hirek\/wp-content\/uploads\/2022\/12\/mentalis-egeszseg.jpg","og:image:width":1280,"og:image:height":783,"article:published_time":"2022-12-06T10:39:54+00:00","article:modified_time":"2022-12-06T10:39:54+00:00","article:publisher":"https:\/\/www.facebook.com\/allasorias","twitter:card":"summary_large_image","twitter:title":"Fontos a dolgoz\u00f3k ment\u00e1lis eg\u00e9szs\u00e9ge | Allasorias.hu\/Hire","twitter:description":"A dolgoz\u00f3k ment\u00e1lis eg\u00e9szs\u00e9ge \u00fagy t\u0171nik nagy m\u00e9rt\u00e9kben kihat a munkav\u00e9gz\u00e9s\u00fck min\u0151s\u00e9g\u00e9re, ez\u00e9rt ezzel a k\u00e9rd\u00e9ssel a munkahelyeknek jobban kellene foglalkozniuk.","twitter:image":"https:\/\/allasorias.hu\/hirek\/wp-content\/uploads\/2022\/12\/mentalis-egeszseg.jpg","twitter:label1":"Written by","twitter:data1":"Juh\u00e1sz P\u00e9ter","twitter:label2":"Est. reading time","twitter:data2":"5 minutes"},"aioseo_meta_data":{"post_id":"6021","title":"#post_title | Allasorias.hu\/Hire","description":"A dolgoz\u00f3k ment\u00e1lis eg\u00e9szs\u00e9ge \u00fagy t\u0171nik nagy m\u00e9rt\u00e9kben kihat a munkav\u00e9gz\u00e9s\u00fck min\u0151s\u00e9g\u00e9re, ez\u00e9rt ezzel a k\u00e9rd\u00e9ssel a munkahelyeknek jobban kellene foglalkozniuk.","keywords":[],"keyphrases":{"focus":{"keyphrase":"dolgoz\u00f3k ment\u00e1lis eg\u00e9szs\u00e9ge","score":80,"analysis":{"keyphraseInTitle":{"title":"Focus keyphrase in SEO title","description":"Focus keyphrase found in SEO title.","score":9,"maxScore":9,"error":0},"keyphraseInDescription":{"title":"Focus keyphrase in meta description","description":"Focus keyphrase found in meta description.","score":9,"maxScore":9,"error":0},"keyphraseLength":{"title":"Focus keyphrase length","description":"Good job!","score":9,"maxScore":9,"error":0,"length":3},"keyphraseInURL":{"title":"Focus keyphrase in URL","description":"Focus keyphrase not found in the URL.","score":1,"maxScore":5,"error":1},"keyphraseInIntroduction":{"title":"Focus keyphrase in introduction","description":"Your Focus keyphrase appears in the first paragraph. Well done!","score":9,"maxScore":9,"error":0},"keyphraseInSubHeadings":{"title":"Focus keyphrase in Subheadings","description":"Use your focus keyphrase more in your H2 and H3 subheadings.","score":3,"maxScore":9,"error":1},"keyphraseInImageAlt":[]}},"additional":[]},"primary_term":null,"canonical_url":null,"og_title":null,"og_description":null,"og_object_type":"default","og_image_type":"default","og_image_url":null,"og_image_width":null,"og_image_height":null,"og_image_custom_url":null,"og_image_custom_fields":null,"og_video":"","og_custom_url":null,"og_article_section":null,"og_article_tags":[],"twitter_use_og":true,"twitter_card":"default","twitter_image_type":"default","twitter_image_url":null,"twitter_image_custom_url":null,"twitter_image_custom_fields":null,"twitter_title":null,"twitter_description":null,"schema":{"blockGraphs":[],"customGraphs":[],"default":{"data":{"Article":[],"Course":[],"Dataset":[],"FAQPage":[],"Movie":[],"Person":[],"Product":[],"ProductReview":[],"Car":[],"Recipe":[],"Service":[],"SoftwareApplication":[],"WebPage":[]},"graphName":"Article","isEnabled":true},"graphs":[]},"schema_type":"default","schema_type_options":null,"pillar_content":false,"robots_default":true,"robots_noindex":false,"robots_noarchive":false,"robots_nosnippet":false,"robots_nofollow":false,"robots_noimageindex":false,"robots_noodp":false,"robots_notranslate":false,"robots_max_snippet":"-1","robots_max_videopreview":"-1","robots_max_imagepreview":"large","priority":null,"frequency":"default","location":null,"local_seo":null,"breadcrumb_settings":null,"limit_modified_date":false,"ai":null,"created":"2022-12-06 10:16:49","updated":"2025-10-02 17:42:27","seo_analyzer_scan_date":null,"focus_keyword":"dolgoz\u00f3k ment\u00e1lis eg\u00e9szs\u00e9ge","additional_keywords":null,"truseo_locale":null},"aioseo_breadcrumb":"<div class=\"aioseo-breadcrumbs\"><span class=\"aioseo-breadcrumb\">\n\t\t\t<a href=\"https:\/\/allasorias.hu\/hirek\" title=\"Home\">Home<\/a>\n\t\t<\/span><span class=\"aioseo-breadcrumb-separator\">&raquo;<\/span><span class=\"aioseo-breadcrumb\">\n\t\t\t<a href=\"https:\/\/allasorias.hu\/hirek\/temak\/munkaeropiac\/\" title=\"Munkaer\u0151piac\">Munkaer\u0151piac<\/a>\n\t\t<\/span><span class=\"aioseo-breadcrumb-separator\">&raquo;<\/span><span class=\"aioseo-breadcrumb\">\n\t\t\tFontos a dolgoz\u00f3k ment\u00e1lis eg\u00e9szs\u00e9ge\n\t\t<\/span><\/div>","aioseo_breadcrumb_json":[{"label":"Home","link":"https:\/\/allasorias.hu\/hirek"},{"label":"Munkaer\u0151piac","link":"https:\/\/allasorias.hu\/hirek\/temak\/munkaeropiac\/"},{"label":"Fontos a dolgoz\u00f3k ment\u00e1lis eg\u00e9szs\u00e9ge","link":"https:\/\/allasorias.hu\/hirek\/fontos-a-dolgozok-mentalis-egeszsege\/"}],"_links":{"self":[{"href":"https:\/\/allasorias.hu\/hirek\/wp-json\/wp\/v2\/posts\/6021","targetHints":{"allow":["GET"]}}],"collection":[{"href":"https:\/\/allasorias.hu\/hirek\/wp-json\/wp\/v2\/posts"}],"about":[{"href":"https:\/\/allasorias.hu\/hirek\/wp-json\/wp\/v2\/types\/post"}],"author":[{"embeddable":true,"href":"https:\/\/allasorias.hu\/hirek\/wp-json\/wp\/v2\/users\/1"}],"replies":[{"embeddable":true,"href":"https:\/\/allasorias.hu\/hirek\/wp-json\/wp\/v2\/comments?post=6021"}],"version-history":[{"count":1,"href":"https:\/\/allasorias.hu\/hirek\/wp-json\/wp\/v2\/posts\/6021\/revisions"}],"predecessor-version":[{"id":6023,"href":"https:\/\/allasorias.hu\/hirek\/wp-json\/wp\/v2\/posts\/6021\/revisions\/6023"}],"wp:featuredmedia":[{"embeddable":true,"href":"https:\/\/allasorias.hu\/hirek\/wp-json\/wp\/v2\/media\/6022"}],"wp:attachment":[{"href":"https:\/\/allasorias.hu\/hirek\/wp-json\/wp\/v2\/media?parent=6021"}],"wp:term":[{"taxonomy":"category","embeddable":true,"href":"https:\/\/allasorias.hu\/hirek\/wp-json\/wp\/v2\/categories?post=6021"},{"taxonomy":"post_tag","embeddable":true,"href":"https:\/\/allasorias.hu\/hirek\/wp-json\/wp\/v2\/tags?post=6021"}],"curies":[{"name":"wp","href":"https:\/\/api.w.org\/{rel}","templated":true}]}}