{"id":6011,"date":"2022-12-01T10:42:04","date_gmt":"2022-12-01T10:42:04","guid":{"rendered":"https:\/\/allasorias.hu\/hirek\/?p=6011"},"modified":"2022-12-01T10:42:04","modified_gmt":"2022-12-01T10:42:04","slug":"tovabbi-pedagogus-sztrajkok-varhatok","status":"publish","type":"post","link":"https:\/\/allasorias.hu\/hirek\/tovabbi-pedagogus-sztrajkok-varhatok\/","title":{"rendered":"Tov\u00e1bbi pedag\u00f3gus sztr\u00e1jkok v\u00e1rhat\u00f3k"},"content":{"rendered":"<p><strong>Nincs nyugv\u00f3ponton\u00a0 a pedag\u00f3gusok helyzete, a legut\u00f3bbi kir\u00fag\u00e1sok ut\u00e1n ism\u00e9t f\u00f6ll\u00e1ngolt az el\u00e9gedetlens\u00e9g. El\u0151fordulhat, hogy iskol\u00e1k z\u00e1rnak be a tan\u00e1rok megmozdul\u00e1sai miatt.<\/strong><\/p>\n<p>Polg\u00e1ri engedetlens\u00e9gi mozgalomba kezdenek a Tan\u00e1rok a tan\u00e1rok\u00e9rt \u00e9s a Pedag\u00f3gus Egys\u00e9g tagjai is. \u00dagy tudjuk, els\u0151sorban budapesti \u00e9s szegedi pedag\u00f3gusok vehetnek r\u00e9szt az akci\u00f3ban. A t\u00e1rgyal\u00e1sok m\u00e9g zajlanak a tan\u00e1rok k\u00f6z\u00f6tt, de inform\u00e1ci\u00f3ink szerint az elk\u00e9pzel\u00e9s az, hogy cs\u00fct\u00f6rt\u00f6kt\u0151l, a mostani kir\u00fag\u00e1sok hat\u00e1s\u00e1ra, hat\u00e1rozatlan ideig tart\u00f3 munkabesz\u00fcntet\u00e9sbe kezdenek. Azt egyel\u0151re nem tudni, hogy h\u00e1nyan fognak csatlakozni a kezdem\u00e9nyez\u00e9shez, ahogyan azt sem, hogy m\u00e9g h\u00e1ny tan\u00e1rt fog kir\u00fagni a Bel\u00fcgyminiszt\u00e9rium. A mozgalom tagjai szerint t\u00f6bb sz\u00e1z tan\u00e1r is csatlakozhat hozz\u00e1juk cs\u00fct\u00f6rt\u00f6k\u00f6n, aminek k\u00f6vetkezm\u00e9nyek\u00e9ppen nemhogy teljes iskol\u00e1k, de ak\u00e1r komplett tanker\u00fcletek is megb\u00e9nulhatnak. A szerda esti, Bel\u00fcgyminiszt\u00e9rium el\u00e9 szervezett t\u00fcntet\u00e9sen Berta Be\u00e1ta, a Karinthy Gimn\u00e1zium tan\u00e1ra bejelentette, hogy a gimn\u00e1zium tan\u00e1rainak nagy r\u00e9sze cs\u00fct\u00f6rt\u00f6kt\u0151l hat\u00e1rozatlan idej\u0171 munkabesz\u00fcntet\u00e9sbe kezd. A polg\u00e1ri engedetlens\u00e9get v\u00e1llal\u00f3 tan\u00e1rok szombaton d\u00e9lut\u00e1n \u00f6t \u00f3r\u00e1ra t\u00fcntet\u00e9st is hirdettek a Bajcsy-Zsilinszky \u00fatra a Klebelsberg K\u00f6zpont el\u00e9.<\/p>\n<p>Forr\u00e1s: <a href=\"https:\/\/hvg.hu\/\" target=\"_blank\" rel=\"nofollow noopener\">hvg.hu<\/a><\/p>\n","protected":false},"excerpt":{"rendered":"<p>Nincs nyugv\u00f3ponton\u00a0 a pedag\u00f3gusok helyzete, a legut\u00f3bbi kir\u00fag\u00e1sok ut\u00e1n ism\u00e9t f\u00f6ll\u00e1ngolt az el\u00e9gedetlens\u00e9g. El\u0151fordulhat, hogy iskol\u00e1k z\u00e1rnak be a tan\u00e1rok megmozdul\u00e1sai miatt. Polg\u00e1ri engedetlens\u00e9gi mozgalomba kezdenek a Tan\u00e1rok a tan\u00e1rok\u00e9rt \u00e9s a Pedag\u00f3gus Egys\u00e9g tagjai is. \u00dagy tudjuk, els\u0151sorban budapesti \u00e9s szegedi pedag\u00f3gusok vehetnek r\u00e9szt az akci\u00f3ban. A t\u00e1rgyal\u00e1sok m\u00e9g zajlanak a tan\u00e1rok k\u00f6z\u00f6tt, de [&hellip;]<\/p>\n","protected":false},"author":1,"featured_media":6012,"comment_status":"open","ping_status":"open","sticky":false,"template":"","format":"standard","meta":{"_monsterinsights_skip_tracking":false,"footnotes":""},"categories":[198],"tags":[287,286,288],"class_list":["post-6011","post","type-post","status-publish","format-standard","has-post-thumbnail","hentry","category-gazdasag","tag-iskola","tag-pedagogus-sztrajk","tag-tanar"],"aioseo_notices":[],"aioseo_head":"\n\t\t<!-- All in One SEO 5.0.0.1 - aioseo.com -->\n\t<meta name=\"description\" content=\"Tov\u00e1bbi pedag\u00f3gus sztr\u00e1jkok v\u00e1rhat\u00f3k. Nincs nyugv\u00f3ponton a pedag\u00f3gusok helyzete, a legut\u00f3bbi kir\u00fag\u00e1sok ut\u00e1n ism\u00e9t f\u00f6ll\u00e1ngolt az el\u00e9gedetlens\u00e9g.\" \/>\n\t<meta name=\"robots\" content=\"max-image-preview:large\" \/>\n\t<meta name=\"author\" content=\"Juh\u00e1sz P\u00e9ter\"\/>\n\t<meta name=\"keywords\" content=\"iskola,pedag\u00f3gus sztr\u00e1jk,tan\u00e1r\" \/>\n\t<link rel=\"canonical\" href=\"https:\/\/allasorias.hu\/hirek\/tovabbi-pedagogus-sztrajkok-varhatok\/\" \/>\n\t<meta name=\"generator\" content=\"All in One SEO (AIOSEO) 5.0.0.1\" \/>\n\t\t<meta property=\"og:locale\" content=\"hu_HU\" \/>\n\t\t<meta property=\"og:site_name\" content=\"AllasOrias.hu | H\u00edrek-lapszemle | \u00dczleti h\u00edrek az \u00e1ll\u00e1s \u00e9s a munka vil\u00e1g\u00e1b\u00f3l\" \/>\n\t\t<meta property=\"og:type\" content=\"article\" \/>\n\t\t<meta property=\"og:title\" content=\"Tov\u00e1bbi pedag\u00f3gus sztr\u00e1jkok v\u00e1rhat\u00f3k | Allasorias.hu\/Hirek\" \/>\n\t\t<meta property=\"og:description\" content=\"Tov\u00e1bbi pedag\u00f3gus sztr\u00e1jkok v\u00e1rhat\u00f3k. Nincs nyugv\u00f3ponton a pedag\u00f3gusok helyzete, a legut\u00f3bbi kir\u00fag\u00e1sok ut\u00e1n ism\u00e9t f\u00f6ll\u00e1ngolt az el\u00e9gedetlens\u00e9g.\" \/>\n\t\t<meta property=\"og:url\" content=\"https:\/\/allasorias.hu\/hirek\/tovabbi-pedagogus-sztrajkok-varhatok\/\" \/>\n\t\t<meta property=\"og:image\" content=\"https:\/\/allasorias.hu\/hirek\/wp-content\/uploads\/2022\/12\/Pedagogus-sztrajk.jpg\" \/>\n\t\t<meta property=\"og:image:secure_url\" content=\"https:\/\/allasorias.hu\/hirek\/wp-content\/uploads\/2022\/12\/Pedagogus-sztrajk.jpg\" \/>\n\t\t<meta property=\"og:image:width\" content=\"1280\" \/>\n\t\t<meta property=\"og:image:height\" content=\"854\" \/>\n\t\t<meta property=\"article:published_time\" content=\"2022-12-01T10:42:04+00:00\" \/>\n\t\t<meta property=\"article:modified_time\" content=\"2022-12-01T10:42:04+00:00\" \/>\n\t\t<meta property=\"article:publisher\" content=\"https:\/\/www.facebook.com\/allasorias\" \/>\n\t\t<meta name=\"twitter:card\" content=\"summary_large_image\" \/>\n\t\t<meta name=\"twitter:title\" content=\"Tov\u00e1bbi pedag\u00f3gus sztr\u00e1jkok v\u00e1rhat\u00f3k | Allasorias.hu\/Hirek\" \/>\n\t\t<meta name=\"twitter:description\" content=\"Tov\u00e1bbi pedag\u00f3gus sztr\u00e1jkok v\u00e1rhat\u00f3k. Nincs nyugv\u00f3ponton a pedag\u00f3gusok helyzete, a legut\u00f3bbi kir\u00fag\u00e1sok ut\u00e1n ism\u00e9t f\u00f6ll\u00e1ngolt az el\u00e9gedetlens\u00e9g.\" \/>\n\t\t<meta name=\"twitter:image\" content=\"https:\/\/allasorias.hu\/hirek\/wp-content\/uploads\/2022\/12\/Pedagogus-sztrajk.jpg\" \/>\n\t\t<meta name=\"twitter:label1\" content=\"Written by\" \/>\n\t\t<meta name=\"twitter:data1\" content=\"Juh\u00e1sz P\u00e9ter\" \/>\n\t\t<meta name=\"twitter:label2\" content=\"Est. reading time\" \/>\n\t\t<meta name=\"twitter:data2\" content=\"1 minute\" \/>\n\t\t<script type=\"application\/ld+json\" class=\"aioseo-schema\">\n\t\t\t{\"@context\":\"https:\\\/\\\/schema.org\",\"@graph\":[{\"@type\":\"Article\",\"@id\":\"https:\\\/\\\/allasorias.hu\\\/hirek\\\/tovabbi-pedagogus-sztrajkok-varhatok\\\/#article\",\"name\":\"Tov\\u00e1bbi pedag\\u00f3gus sztr\\u00e1jkok v\\u00e1rhat\\u00f3k | Allasorias.hu\\\/Hirek\",\"headline\":\"Tov\\u00e1bbi pedag\\u00f3gus sztr\\u00e1jkok v\\u00e1rhat\\u00f3k\",\"author\":{\"@id\":\"https:\\\/\\\/allasorias.hu\\\/hirek\\\/author\\\/admin-allasorias\\\/#author\"},\"publisher\":{\"@id\":\"https:\\\/\\\/allasorias.hu\\\/hirek\\\/#organization\"},\"image\":{\"@type\":\"ImageObject\",\"url\":\"https:\\\/\\\/allasorias.hu\\\/hirek\\\/wp-content\\\/uploads\\\/2022\\\/12\\\/Pedagogus-sztrajk.jpg\",\"width\":1280,\"height\":854,\"caption\":\"Tov\\u00e1bbi pedag\\u00f3gus sztr\\u00e1jkok v\\u00e1rhat\\u00f3k - Allasorias.hu\\\/Hirek\"},\"datePublished\":\"2022-12-01T10:42:04+02:00\",\"dateModified\":\"2022-12-01T10:42:04+02:00\",\"inLanguage\":\"hu-HU\",\"mainEntityOfPage\":{\"@id\":\"https:\\\/\\\/allasorias.hu\\\/hirek\\\/tovabbi-pedagogus-sztrajkok-varhatok\\\/#webpage\"},\"isPartOf\":{\"@id\":\"https:\\\/\\\/allasorias.hu\\\/hirek\\\/tovabbi-pedagogus-sztrajkok-varhatok\\\/#webpage\"},\"articleSection\":\"Gazdas\\u00e1g, iskola, pedag\\u00f3gus sztr\\u00e1jk, tan\\u00e1r\"},{\"@type\":\"BreadcrumbList\",\"@id\":\"https:\\\/\\\/allasorias.hu\\\/hirek\\\/tovabbi-pedagogus-sztrajkok-varhatok\\\/#breadcrumblist\",\"itemListElement\":[{\"@type\":\"ListItem\",\"@id\":\"https:\\\/\\\/allasorias.hu\\\/hirek#listItem\",\"position\":1,\"name\":\"Home\",\"item\":\"https:\\\/\\\/allasorias.hu\\\/hirek\",\"nextItem\":{\"@type\":\"ListItem\",\"@id\":\"https:\\\/\\\/allasorias.hu\\\/hirek\\\/temak\\\/gazdasag\\\/#listItem\",\"name\":\"Gazdas\\u00e1g\"}},{\"@type\":\"ListItem\",\"@id\":\"https:\\\/\\\/allasorias.hu\\\/hirek\\\/temak\\\/gazdasag\\\/#listItem\",\"position\":2,\"name\":\"Gazdas\\u00e1g\",\"item\":\"https:\\\/\\\/allasorias.hu\\\/hirek\\\/temak\\\/gazdasag\\\/\",\"nextItem\":{\"@type\":\"ListItem\",\"@id\":\"https:\\\/\\\/allasorias.hu\\\/hirek\\\/tovabbi-pedagogus-sztrajkok-varhatok\\\/#listItem\",\"name\":\"Tov\\u00e1bbi pedag\\u00f3gus sztr\\u00e1jkok v\\u00e1rhat\\u00f3k\"},\"previousItem\":{\"@type\":\"ListItem\",\"@id\":\"https:\\\/\\\/allasorias.hu\\\/hirek#listItem\",\"name\":\"Home\"}},{\"@type\":\"ListItem\",\"@id\":\"https:\\\/\\\/allasorias.hu\\\/hirek\\\/tovabbi-pedagogus-sztrajkok-varhatok\\\/#listItem\",\"position\":3,\"name\":\"Tov\\u00e1bbi pedag\\u00f3gus sztr\\u00e1jkok v\\u00e1rhat\\u00f3k\",\"previousItem\":{\"@type\":\"ListItem\",\"@id\":\"https:\\\/\\\/allasorias.hu\\\/hirek\\\/temak\\\/gazdasag\\\/#listItem\",\"name\":\"Gazdas\\u00e1g\"}}]},{\"@type\":\"Organization\",\"@id\":\"https:\\\/\\\/allasorias.hu\\\/hirek\\\/#organization\",\"name\":\"AllasOrias.hu | H\\u00edrek-lapszemle\",\"description\":\"\\u00dczleti h\\u00edrek az \\u00e1ll\\u00e1s \\u00e9s a munka vil\\u00e1g\\u00e1b\\u00f3l\",\"url\":\"https:\\\/\\\/allasorias.hu\\\/hirek\\\/\",\"logo\":{\"@type\":\"ImageObject\",\"url\":\"https:\\\/\\\/allasorias.hu\\\/hirek\\\/wp-content\\\/uploads\\\/2022\\\/10\\\/allasorias_site_facebok_logo.png\",\"@id\":\"https:\\\/\\\/allasorias.hu\\\/hirek\\\/tovabbi-pedagogus-sztrajkok-varhatok\\\/#organizationLogo\"},\"image\":{\"@id\":\"https:\\\/\\\/allasorias.hu\\\/hirek\\\/tovabbi-pedagogus-sztrajkok-varhatok\\\/#organizationLogo\"},\"sameAs\":[\"https:\\\/\\\/www.facebook.com\\\/allasorias\",\"https:\\\/\\\/www.linkedin.com\\\/company\\\/allasorias\"]},{\"@type\":\"Person\",\"@id\":\"https:\\\/\\\/allasorias.hu\\\/hirek\\\/author\\\/admin-allasorias\\\/#author\",\"url\":\"https:\\\/\\\/allasorias.hu\\\/hirek\\\/author\\\/admin-allasorias\\\/\",\"name\":\"Juh\\u00e1sz P\\u00e9ter\",\"image\":{\"@type\":\"ImageObject\",\"@id\":\"https:\\\/\\\/allasorias.hu\\\/hirek\\\/tovabbi-pedagogus-sztrajkok-varhatok\\\/#authorImage\",\"url\":\"https:\\\/\\\/secure.gravatar.com\\\/avatar\\\/36e6bcb83148978b992977cb0f54d22feb0cce8a0a849a9410532bb2623ba4c6?s=96&d=mm&r=g\",\"width\":96,\"height\":96,\"caption\":\"Juh\\u00e1sz P\\u00e9ter\"}},{\"@type\":\"WebPage\",\"@id\":\"https:\\\/\\\/allasorias.hu\\\/hirek\\\/tovabbi-pedagogus-sztrajkok-varhatok\\\/#webpage\",\"url\":\"https:\\\/\\\/allasorias.hu\\\/hirek\\\/tovabbi-pedagogus-sztrajkok-varhatok\\\/\",\"name\":\"Tov\\u00e1bbi pedag\\u00f3gus sztr\\u00e1jkok v\\u00e1rhat\\u00f3k | Allasorias.hu\\\/Hirek\",\"description\":\"Tov\\u00e1bbi pedag\\u00f3gus sztr\\u00e1jkok v\\u00e1rhat\\u00f3k. Nincs nyugv\\u00f3ponton a pedag\\u00f3gusok helyzete, a legut\\u00f3bbi kir\\u00fag\\u00e1sok ut\\u00e1n ism\\u00e9t f\\u00f6ll\\u00e1ngolt az el\\u00e9gedetlens\\u00e9g.\",\"inLanguage\":\"hu-HU\",\"isPartOf\":{\"@id\":\"https:\\\/\\\/allasorias.hu\\\/hirek\\\/#website\"},\"breadcrumb\":{\"@id\":\"https:\\\/\\\/allasorias.hu\\\/hirek\\\/tovabbi-pedagogus-sztrajkok-varhatok\\\/#breadcrumblist\"},\"author\":{\"@id\":\"https:\\\/\\\/allasorias.hu\\\/hirek\\\/author\\\/admin-allasorias\\\/#author\"},\"creator\":{\"@id\":\"https:\\\/\\\/allasorias.hu\\\/hirek\\\/author\\\/admin-allasorias\\\/#author\"},\"image\":{\"@type\":\"ImageObject\",\"url\":\"https:\\\/\\\/allasorias.hu\\\/hirek\\\/wp-content\\\/uploads\\\/2022\\\/12\\\/Pedagogus-sztrajk.jpg\",\"@id\":\"https:\\\/\\\/allasorias.hu\\\/hirek\\\/tovabbi-pedagogus-sztrajkok-varhatok\\\/#mainImage\",\"width\":1280,\"height\":854,\"caption\":\"Tov\\u00e1bbi pedag\\u00f3gus sztr\\u00e1jkok v\\u00e1rhat\\u00f3k - Allasorias.hu\\\/Hirek\"},\"primaryImageOfPage\":{\"@id\":\"https:\\\/\\\/allasorias.hu\\\/hirek\\\/tovabbi-pedagogus-sztrajkok-varhatok\\\/#mainImage\"},\"datePublished\":\"2022-12-01T10:42:04+02:00\",\"dateModified\":\"2022-12-01T10:42:04+02:00\"},{\"@type\":\"WebSite\",\"@id\":\"https:\\\/\\\/allasorias.hu\\\/hirek\\\/#website\",\"url\":\"https:\\\/\\\/allasorias.hu\\\/hirek\\\/\",\"name\":\"AllasOrias.hu | H\\u00edrek-lapszemle\",\"description\":\"\\u00dczleti h\\u00edrek az \\u00e1ll\\u00e1s \\u00e9s a munka vil\\u00e1g\\u00e1b\\u00f3l\",\"inLanguage\":\"hu-HU\",\"publisher\":{\"@id\":\"https:\\\/\\\/allasorias.hu\\\/hirek\\\/#organization\"}}]}\n\t\t<\/script>\n\t\t<!-- All in One SEO -->\n\n","aioseo_head_json":{"title":"Tov\u00e1bbi pedag\u00f3gus sztr\u00e1jkok v\u00e1rhat\u00f3k | Allasorias.hu\/Hirek","description":"Tov\u00e1bbi pedag\u00f3gus sztr\u00e1jkok v\u00e1rhat\u00f3k. Nincs nyugv\u00f3ponton a pedag\u00f3gusok helyzete, a legut\u00f3bbi kir\u00fag\u00e1sok ut\u00e1n ism\u00e9t f\u00f6ll\u00e1ngolt az el\u00e9gedetlens\u00e9g.","canonical_url":"https:\/\/allasorias.hu\/hirek\/tovabbi-pedagogus-sztrajkok-varhatok\/","robots":"max-image-preview:large","keywords":"iskola,pedag\u00f3gus sztr\u00e1jk,tan\u00e1r","webmasterTools":{"miscellaneous":""},"schema":{"@context":"https:\/\/schema.org","@graph":[{"@type":"Article","@id":"https:\/\/allasorias.hu\/hirek\/tovabbi-pedagogus-sztrajkok-varhatok\/#article","name":"Tov\u00e1bbi pedag\u00f3gus sztr\u00e1jkok v\u00e1rhat\u00f3k | Allasorias.hu\/Hirek","headline":"Tov\u00e1bbi pedag\u00f3gus sztr\u00e1jkok v\u00e1rhat\u00f3k","author":{"@id":"https:\/\/allasorias.hu\/hirek\/author\/admin-allasorias\/#author"},"publisher":{"@id":"https:\/\/allasorias.hu\/hirek\/#organization"},"image":{"@type":"ImageObject","url":"https:\/\/allasorias.hu\/hirek\/wp-content\/uploads\/2022\/12\/Pedagogus-sztrajk.jpg","width":1280,"height":854,"caption":"Tov\u00e1bbi pedag\u00f3gus sztr\u00e1jkok v\u00e1rhat\u00f3k - Allasorias.hu\/Hirek"},"datePublished":"2022-12-01T10:42:04+02:00","dateModified":"2022-12-01T10:42:04+02:00","inLanguage":"hu-HU","mainEntityOfPage":{"@id":"https:\/\/allasorias.hu\/hirek\/tovabbi-pedagogus-sztrajkok-varhatok\/#webpage"},"isPartOf":{"@id":"https:\/\/allasorias.hu\/hirek\/tovabbi-pedagogus-sztrajkok-varhatok\/#webpage"},"articleSection":"Gazdas\u00e1g, iskola, pedag\u00f3gus sztr\u00e1jk, tan\u00e1r"},{"@type":"BreadcrumbList","@id":"https:\/\/allasorias.hu\/hirek\/tovabbi-pedagogus-sztrajkok-varhatok\/#breadcrumblist","itemListElement":[{"@type":"ListItem","@id":"https:\/\/allasorias.hu\/hirek#listItem","position":1,"name":"Home","item":"https:\/\/allasorias.hu\/hirek","nextItem":{"@type":"ListItem","@id":"https:\/\/allasorias.hu\/hirek\/temak\/gazdasag\/#listItem","name":"Gazdas\u00e1g"}},{"@type":"ListItem","@id":"https:\/\/allasorias.hu\/hirek\/temak\/gazdasag\/#listItem","position":2,"name":"Gazdas\u00e1g","item":"https:\/\/allasorias.hu\/hirek\/temak\/gazdasag\/","nextItem":{"@type":"ListItem","@id":"https:\/\/allasorias.hu\/hirek\/tovabbi-pedagogus-sztrajkok-varhatok\/#listItem","name":"Tov\u00e1bbi pedag\u00f3gus sztr\u00e1jkok v\u00e1rhat\u00f3k"},"previousItem":{"@type":"ListItem","@id":"https:\/\/allasorias.hu\/hirek#listItem","name":"Home"}},{"@type":"ListItem","@id":"https:\/\/allasorias.hu\/hirek\/tovabbi-pedagogus-sztrajkok-varhatok\/#listItem","position":3,"name":"Tov\u00e1bbi pedag\u00f3gus sztr\u00e1jkok v\u00e1rhat\u00f3k","previousItem":{"@type":"ListItem","@id":"https:\/\/allasorias.hu\/hirek\/temak\/gazdasag\/#listItem","name":"Gazdas\u00e1g"}}]},{"@type":"Organization","@id":"https:\/\/allasorias.hu\/hirek\/#organization","name":"AllasOrias.hu | H\u00edrek-lapszemle","description":"\u00dczleti h\u00edrek az \u00e1ll\u00e1s \u00e9s a munka vil\u00e1g\u00e1b\u00f3l","url":"https:\/\/allasorias.hu\/hirek\/","logo":{"@type":"ImageObject","url":"https:\/\/allasorias.hu\/hirek\/wp-content\/uploads\/2022\/10\/allasorias_site_facebok_logo.png","@id":"https:\/\/allasorias.hu\/hirek\/tovabbi-pedagogus-sztrajkok-varhatok\/#organizationLogo"},"image":{"@id":"https:\/\/allasorias.hu\/hirek\/tovabbi-pedagogus-sztrajkok-varhatok\/#organizationLogo"},"sameAs":["https:\/\/www.facebook.com\/allasorias","https:\/\/www.linkedin.com\/company\/allasorias"]},{"@type":"Person","@id":"https:\/\/allasorias.hu\/hirek\/author\/admin-allasorias\/#author","url":"https:\/\/allasorias.hu\/hirek\/author\/admin-allasorias\/","name":"Juh\u00e1sz P\u00e9ter","image":{"@type":"ImageObject","@id":"https:\/\/allasorias.hu\/hirek\/tovabbi-pedagogus-sztrajkok-varhatok\/#authorImage","url":"https:\/\/secure.gravatar.com\/avatar\/36e6bcb83148978b992977cb0f54d22feb0cce8a0a849a9410532bb2623ba4c6?s=96&d=mm&r=g","width":96,"height":96,"caption":"Juh\u00e1sz P\u00e9ter"}},{"@type":"WebPage","@id":"https:\/\/allasorias.hu\/hirek\/tovabbi-pedagogus-sztrajkok-varhatok\/#webpage","url":"https:\/\/allasorias.hu\/hirek\/tovabbi-pedagogus-sztrajkok-varhatok\/","name":"Tov\u00e1bbi pedag\u00f3gus sztr\u00e1jkok v\u00e1rhat\u00f3k | Allasorias.hu\/Hirek","description":"Tov\u00e1bbi pedag\u00f3gus sztr\u00e1jkok v\u00e1rhat\u00f3k. Nincs nyugv\u00f3ponton a pedag\u00f3gusok helyzete, a legut\u00f3bbi kir\u00fag\u00e1sok ut\u00e1n ism\u00e9t f\u00f6ll\u00e1ngolt az el\u00e9gedetlens\u00e9g.","inLanguage":"hu-HU","isPartOf":{"@id":"https:\/\/allasorias.hu\/hirek\/#website"},"breadcrumb":{"@id":"https:\/\/allasorias.hu\/hirek\/tovabbi-pedagogus-sztrajkok-varhatok\/#breadcrumblist"},"author":{"@id":"https:\/\/allasorias.hu\/hirek\/author\/admin-allasorias\/#author"},"creator":{"@id":"https:\/\/allasorias.hu\/hirek\/author\/admin-allasorias\/#author"},"image":{"@type":"ImageObject","url":"https:\/\/allasorias.hu\/hirek\/wp-content\/uploads\/2022\/12\/Pedagogus-sztrajk.jpg","@id":"https:\/\/allasorias.hu\/hirek\/tovabbi-pedagogus-sztrajkok-varhatok\/#mainImage","width":1280,"height":854,"caption":"Tov\u00e1bbi pedag\u00f3gus sztr\u00e1jkok v\u00e1rhat\u00f3k - Allasorias.hu\/Hirek"},"primaryImageOfPage":{"@id":"https:\/\/allasorias.hu\/hirek\/tovabbi-pedagogus-sztrajkok-varhatok\/#mainImage"},"datePublished":"2022-12-01T10:42:04+02:00","dateModified":"2022-12-01T10:42:04+02:00"},{"@type":"WebSite","@id":"https:\/\/allasorias.hu\/hirek\/#website","url":"https:\/\/allasorias.hu\/hirek\/","name":"AllasOrias.hu | H\u00edrek-lapszemle","description":"\u00dczleti h\u00edrek az \u00e1ll\u00e1s \u00e9s a munka vil\u00e1g\u00e1b\u00f3l","inLanguage":"hu-HU","publisher":{"@id":"https:\/\/allasorias.hu\/hirek\/#organization"}}]},"og:locale":"hu_HU","og:site_name":"AllasOrias.hu | H\u00edrek-lapszemle | \u00dczleti h\u00edrek az \u00e1ll\u00e1s \u00e9s a munka vil\u00e1g\u00e1b\u00f3l","og:type":"article","og:title":"Tov\u00e1bbi pedag\u00f3gus sztr\u00e1jkok v\u00e1rhat\u00f3k | Allasorias.hu\/Hirek","og:description":"Tov\u00e1bbi pedag\u00f3gus sztr\u00e1jkok v\u00e1rhat\u00f3k. Nincs nyugv\u00f3ponton a pedag\u00f3gusok helyzete, a legut\u00f3bbi kir\u00fag\u00e1sok ut\u00e1n ism\u00e9t f\u00f6ll\u00e1ngolt az el\u00e9gedetlens\u00e9g.","og:url":"https:\/\/allasorias.hu\/hirek\/tovabbi-pedagogus-sztrajkok-varhatok\/","og:image":"https:\/\/allasorias.hu\/hirek\/wp-content\/uploads\/2022\/12\/Pedagogus-sztrajk.jpg","og:image:secure_url":"https:\/\/allasorias.hu\/hirek\/wp-content\/uploads\/2022\/12\/Pedagogus-sztrajk.jpg","og:image:width":1280,"og:image:height":854,"article:published_time":"2022-12-01T10:42:04+00:00","article:modified_time":"2022-12-01T10:42:04+00:00","article:publisher":"https:\/\/www.facebook.com\/allasorias","twitter:card":"summary_large_image","twitter:title":"Tov\u00e1bbi pedag\u00f3gus sztr\u00e1jkok v\u00e1rhat\u00f3k | Allasorias.hu\/Hirek","twitter:description":"Tov\u00e1bbi pedag\u00f3gus sztr\u00e1jkok v\u00e1rhat\u00f3k. Nincs nyugv\u00f3ponton a pedag\u00f3gusok helyzete, a legut\u00f3bbi kir\u00fag\u00e1sok ut\u00e1n ism\u00e9t f\u00f6ll\u00e1ngolt az el\u00e9gedetlens\u00e9g.","twitter:image":"https:\/\/allasorias.hu\/hirek\/wp-content\/uploads\/2022\/12\/Pedagogus-sztrajk.jpg","twitter:label1":"Written by","twitter:data1":"Juh\u00e1sz P\u00e9ter","twitter:label2":"Est. reading time","twitter:data2":"1 minute"},"aioseo_meta_data":{"post_id":"6011","title":"#post_title | Allasorias.hu\/Hirek","description":"Tov\u00e1bbi pedag\u00f3gus sztr\u00e1jkok v\u00e1rhat\u00f3k. Nincs nyugv\u00f3ponton a pedag\u00f3gusok helyzete, a legut\u00f3bbi kir\u00fag\u00e1sok ut\u00e1n ism\u00e9t f\u00f6ll\u00e1ngolt az el\u00e9gedetlens\u00e9g.","keywords":[],"keyphrases":{"focus":{"keyphrase":"pedag\u00f3gus","score":76,"analysis":{"keyphraseInTitle":{"title":"Focus keyphrase in SEO title","description":"Focus keyphrase found in SEO title.","score":9,"maxScore":9,"error":0},"keyphraseInDescription":{"title":"Focus keyphrase in meta description","description":"Focus keyphrase found in meta description.","score":9,"maxScore":9,"error":0},"keyphraseLength":{"title":"Focus keyphrase length","description":"Good job!","score":9,"maxScore":9,"error":0,"length":1},"keyphraseInURL":{"title":"Focus keyphrase in URL","description":"Focus keyphrase not found in the URL.","score":1,"maxScore":5,"error":1},"keyphraseInIntroduction":{"title":"Focus keyphrase in introduction","description":"Your Focus keyphrase does not appear in the first paragraph. Make sure the topic is clear immediately.","score":3,"maxScore":9,"error":1},"keyphraseInSubHeadings":[],"keyphraseInImageAlt":[]}},"additional":[]},"primary_term":null,"canonical_url":null,"og_title":null,"og_description":null,"og_object_type":"default","og_image_type":"default","og_image_url":null,"og_image_width":null,"og_image_height":null,"og_image_custom_url":null,"og_image_custom_fields":null,"og_video":"","og_custom_url":null,"og_article_section":null,"og_article_tags":[],"twitter_use_og":true,"twitter_card":"default","twitter_image_type":"default","twitter_image_url":null,"twitter_image_custom_url":null,"twitter_image_custom_fields":null,"twitter_title":null,"twitter_description":null,"schema":{"blockGraphs":[],"customGraphs":[],"default":{"data":{"Article":[],"Course":[],"Dataset":[],"FAQPage":[],"Movie":[],"Person":[],"Product":[],"ProductReview":[],"Car":[],"Recipe":[],"Service":[],"SoftwareApplication":[],"WebPage":[]},"graphName":"Article","isEnabled":true},"graphs":[]},"schema_type":"default","schema_type_options":null,"pillar_content":false,"robots_default":true,"robots_noindex":false,"robots_noarchive":false,"robots_nosnippet":false,"robots_nofollow":false,"robots_noimageindex":false,"robots_noodp":false,"robots_notranslate":false,"robots_max_snippet":"-1","robots_max_videopreview":"-1","robots_max_imagepreview":"large","priority":null,"frequency":"default","location":null,"local_seo":null,"breadcrumb_settings":null,"limit_modified_date":false,"ai":null,"created":"2022-12-01 10:30:22","updated":"2025-10-02 17:33:47","seo_analyzer_scan_date":null,"focus_keyword":"pedag\u00f3gus","additional_keywords":null,"truseo_locale":null},"aioseo_breadcrumb":"<div class=\"aioseo-breadcrumbs\"><span class=\"aioseo-breadcrumb\">\n\t\t\t<a href=\"https:\/\/allasorias.hu\/hirek\" title=\"Home\">Home<\/a>\n\t\t<\/span><span class=\"aioseo-breadcrumb-separator\">&raquo;<\/span><span class=\"aioseo-breadcrumb\">\n\t\t\t<a href=\"https:\/\/allasorias.hu\/hirek\/temak\/gazdasag\/\" title=\"Gazdas\u00e1g\">Gazdas\u00e1g<\/a>\n\t\t<\/span><span class=\"aioseo-breadcrumb-separator\">&raquo;<\/span><span class=\"aioseo-breadcrumb\">\n\t\t\tTov\u00e1bbi pedag\u00f3gus sztr\u00e1jkok v\u00e1rhat\u00f3k\n\t\t<\/span><\/div>","aioseo_breadcrumb_json":[{"label":"Home","link":"https:\/\/allasorias.hu\/hirek"},{"label":"Gazdas\u00e1g","link":"https:\/\/allasorias.hu\/hirek\/temak\/gazdasag\/"},{"label":"Tov\u00e1bbi pedag\u00f3gus sztr\u00e1jkok v\u00e1rhat\u00f3k","link":"https:\/\/allasorias.hu\/hirek\/tovabbi-pedagogus-sztrajkok-varhatok\/"}],"_links":{"self":[{"href":"https:\/\/allasorias.hu\/hirek\/wp-json\/wp\/v2\/posts\/6011","targetHints":{"allow":["GET"]}}],"collection":[{"href":"https:\/\/allasorias.hu\/hirek\/wp-json\/wp\/v2\/posts"}],"about":[{"href":"https:\/\/allasorias.hu\/hirek\/wp-json\/wp\/v2\/types\/post"}],"author":[{"embeddable":true,"href":"https:\/\/allasorias.hu\/hirek\/wp-json\/wp\/v2\/users\/1"}],"replies":[{"embeddable":true,"href":"https:\/\/allasorias.hu\/hirek\/wp-json\/wp\/v2\/comments?post=6011"}],"version-history":[{"count":1,"href":"https:\/\/allasorias.hu\/hirek\/wp-json\/wp\/v2\/posts\/6011\/revisions"}],"predecessor-version":[{"id":6013,"href":"https:\/\/allasorias.hu\/hirek\/wp-json\/wp\/v2\/posts\/6011\/revisions\/6013"}],"wp:featuredmedia":[{"embeddable":true,"href":"https:\/\/allasorias.hu\/hirek\/wp-json\/wp\/v2\/media\/6012"}],"wp:attachment":[{"href":"https:\/\/allasorias.hu\/hirek\/wp-json\/wp\/v2\/media?parent=6011"}],"wp:term":[{"taxonomy":"category","embeddable":true,"href":"https:\/\/allasorias.hu\/hirek\/wp-json\/wp\/v2\/categories?post=6011"},{"taxonomy":"post_tag","embeddable":true,"href":"https:\/\/allasorias.hu\/hirek\/wp-json\/wp\/v2\/tags?post=6011"}],"curies":[{"name":"wp","href":"https:\/\/api.w.org\/{rel}","templated":true}]}}