{"id":5978,"date":"2022-11-18T09:19:51","date_gmt":"2022-11-18T09:19:51","guid":{"rendered":"https:\/\/allasorias.hu\/hirek\/?p=5978"},"modified":"2022-11-18T09:19:51","modified_gmt":"2022-11-18T09:19:51","slug":"ellentetes-hatasok-a-munkaeropiacon","status":"publish","type":"post","link":"https:\/\/allasorias.hu\/hirek\/ellentetes-hatasok-a-munkaeropiacon\/","title":{"rendered":"Ellent\u00e9tes hat\u00e1sok a munkaer\u0151piacon"},"content":{"rendered":"<p><strong>A kedvez\u0151tlen gazdas\u00e1gi hat\u00e1sok mellett fel\u00e9rt\u00e9kel\u0151dik a munka vil\u00e1g\u00e1ban a stabilit\u00e1s, a k\u00f6z\u00f6ss\u00e9g megtart\u00f3 ereje \u00e9s a szak\u00e9rt\u0151i szerep. A szakemberek szerint a j\u00f3 munkaer\u0151 megtart\u00e1s\u00e1ra a j\u00f3 b\u00e9rk\u00e9pz\u00e9s fontos eszk\u00f6z.<\/strong><\/p>\n<p>Munkav\u00e1llal\u00f3i oldalr\u00f3l fokozott aktivit\u00e1s v\u00e1rhat\u00f3 a munkaer\u0151piacon, az \u00e1ll\u00e1shirdet\u00e9sek sz\u00e1ma azonban cs\u00f6kkenni kezdett. A n\u00f6vekv\u0151 meg\u00e9lhet\u00e9si k\u00f6lts\u00e9gek aktivit\u00e1sra sarkallj\u00e1k a munkav\u00e1llal\u00f3kat a munkaer\u0151piacon: a jobb fizet\u00e9s \u00e9rdek\u00e9ben t\u00f6bbeket motiv\u00e1lhat a kialakult helyzet arra, hogy magasabb fizet\u00e9s\u00e9rt \u00faj \u00e1ll\u00e1st keressenek. A v\u00e1lt\u00e1sra legink\u00e1bb \u00f6szt\u00f6nz\u0151 t\u00e9nyez\u0151 eddig is a fizet\u00e9s volt, aminek most tov\u00e1bb fokoz\u00f3dott a jelent\u0151s\u00e9ge.<\/p>\n<h2>Cs\u00f6kken\u0151 toborz\u00e1si intenzit\u00e1s<\/h2>\n<p>A c\u00e9geknek teh\u00e1t tov\u00e1bbra is fontos sikert\u00e9nyez\u0151 lehet az \u00faj munkaer\u0151 hat\u00e9kony megtal\u00e1l\u00e1sa \u00e9s felv\u00e9tele, ehhez k\u00e9pest pedig \u2013 a cs\u00f6kken\u0151 toborz\u00e1si intenzit\u00e1s miatt \u2013 fel\u00e9rt\u00e9kel\u0151dik a jelenlegi munkav\u00e1llal\u00f3ik megtart\u00e1sa. Az infl\u00e1ci\u00f3 miatti meg\u00e9lhet\u00e9si k\u00f6lts\u00e9gek miatt a c\u00e9gek a legt\u00f6bb esetben emeltek munkav\u00e1llal\u00f3ik fizet\u00e9s\u00e9n, juttat\u00e1sain. Az egyik legfontosabb strat\u00e9giai k\u00e9rd\u00e9s ebben az esetben, hogy mi lehet ennek az optim\u00e1lis m\u00e9rt\u00e9ke \u00e9s form\u00e1ja: egyszeri vagy \u00e1lland\u00f3 \u00f6sszeget adjanak a munk\u00e1ltat\u00f3k a munkav\u00e1llal\u00f3iknak. A <a href=\"https:\/\/allasorias.hu\/hirek\/szuksegesek-a-beremelesek\/\">b\u00e9remel\u00e9seknek<\/a> mindenk\u00e9ppen be kell \u00e9p\u00fclni\u00fck a v\u00e1llalat k\u00f6lts\u00e9gvet\u00e9s\u00e9be, amit gyakran az \u00e1rak emel\u00e9s\u00e9vel kompenz\u00e1lnak. Ebben az esetben pedig az v\u00e1lik a legfontosabb k\u00e9rd\u00e9ss\u00e9, hogy milyen m\u00e9rt\u00e9k\u0171 \u00e1remelked\u00e9st b\u00edr el a piac \u00e9s az ebb\u0151l ad\u00f3d\u00f3 dr\u00e1gul\u00e1st a term\u00e9kek \u00e9s a szolg\u00e1ltat\u00e1sok megfizet\u00e9sekor a fogyaszt\u00f3 toler\u00e1lja-e majd.<\/p>\n<p>Az \u00e1remelked\u00e9s m\u00e9rt\u00e9k\u00e9ben jelent\u0151s k\u00fcl\u00f6nbs\u00e9gek lehetnek az \u00e1gazatok k\u00f6z\u00f6tt. Belesz\u00f3lhat az \u00e1raz\u00e1sba a forint \u00e1rfolyam\u00e1nak val\u00f3 kitetts\u00e9g: p\u00e9ld\u00e1ul, hogy a m\u0171k\u00f6d\u00e9shez sz\u00fcks\u00e9ges input k\u00fclf\u00f6ldr\u0151l \u00e9rkezik-e, illetve az exportk\u00e9pess\u00e9g. \u201eA teljesen vagy jelent\u0151s r\u00e9szben k\u00fclf\u00f6ldi piacra termel\u0151 v\u00e1llalatoknak kev\u00e9sb\u00e9 h\u00e1tr\u00e1nyos a forint\u00e1rfolyam v\u00e1ltoz\u00e9konys\u00e1ga. A belf\u00f6ldre termel\u0151 c\u00e9gek \u00e1rk\u00e9pz\u00e9s\u00e9t viszont sokkal mark\u00e1nsabban \u00e9rinti mind a forint \u00e1rfolyam\u00e1nak gyeng\u00fcl\u00e9se, mind a magyarorsz\u00e1gi infl\u00e1ci\u00f3: dupl\u00e1n s\u00fajtja \u0151ket ez a helyzet, ha olyan fogyaszt\u00f3k sz\u00e1m\u00e1ra termelnek, akiknek a zseb\u00e9ben kevesebb marad az adott term\u00e9kre vagy szolg\u00e1ltat\u00e1sra. A munkaad\u00f3k k\u00f6lts\u00e9gei is jelent\u0151sen emelkednek, ez\u00e9rt a nehezebb helyzetbe ker\u00fclt v\u00e1llalatok kev\u00e9sb\u00e9 tudnak a munkav\u00e1llal\u00f3ik megtart\u00e1s\u00e1ra p\u00e9nzt ford\u00edtani, \u00edgy fokozott munkaer\u0151-elv\u00e1ndorl\u00e1ssal kell sz\u00e1molniuk\u201d \u2013 fogalmazott Bod P\u00e9ter \u00c1kos, k\u00f6zgazd\u00e1sz, kor\u00e1bbi MNB eln\u00f6k, az MTA doktora.<\/p>\n<h2>B\u00e9ren k\u00edv\u00fcli juttat\u00e1sok, b\u00f3nuszok<\/h2>\n<p>Azok a c\u00e9gek, amelyek kev\u00e9sb\u00e9 vannak kiszolg\u00e1ltatva a forint \u00e9rt\u00e9k\u00e9nek, az \u00fcgyf\u00e9lk\u00f6r sz\u0171k\u00fcl\u00e9s\u00e9nek, a magas energia\u00e1rak okozta extra kiad\u00e1soknak, jobb poz\u00edci\u00f3b\u00f3l indulnak a munkav\u00e1llal\u00f3ik megtart\u00e1s\u00e1t illet\u0151en. A b\u00e9rfejleszt\u00e9s lehet az egyik legjobb eszk\u00f6z a megtart\u00e1sra, de a bizonytalan j\u00f6v\u0151 \u00e9vi kil\u00e1t\u00e1sok miatt a c\u00e9gek jelent\u0151s r\u00e9sze nem engedheti meg mag\u00e1nak. Ilyen helyzetben \u00e9rdemes elgondolkozni az egyszeri b\u00e9ren k\u00edv\u00fcli juttat\u00e1son, b\u00f3nuszon, ezzel is kompenz\u00e1lva valamelyest a munkav\u00e1llal\u00f3k magasabb meg\u00e9lhet\u00e9si k\u00f6lts\u00e9geit. Az anyagiak mellett a c\u00e9gen bel\u00fcli bizalmi l\u00e9gk\u00f6r \u00e9s a k\u00f6lcs\u00f6n\u00f6s odafigyel\u00e9s is jelent\u0151s seg\u00edts\u00e9g lehet a bizonytalan helyzetekben.<\/p>\n<p>Menyh\u00e9rt Ildik\u00f3, az Erste Bank HR vezet\u0151je szerint a k\u00f6z\u00f6ss\u00e9g ereje \u00e9s a stabilit\u00e1s fog fel\u00e9rt\u00e9kel\u0151dni a p\u00e9nz\u00fcgyi eg\u00e9szs\u00e9g mellett\u2013 ezek mind kapaszkod\u00f3t ny\u00fajthatnak egy nehezebb helyzetben \u00e9s ak\u00e1r platformot adhatnak a k\u00f6z\u00f6s gondolkod\u00e1sra, a k\u00f6z\u00f6s megold\u00e1sok keres\u00e9s\u00e9re. Emellett v\u00e1rhat\u00f3an a szak\u00e9rt\u0151i szerep is fel\u00e9rt\u00e9kel\u0151dik. \u201eA jelenlegihez hasonl\u00f3an neh\u00e9z id\u0151szakokban fel\u00e9rt\u00e9kel\u0151dik a szak\u00e9rt\u0151i szerep \u00e9s nyitottabb\u00e1 v\u00e1lnak az \u00fcgyfelek arra, hogy hozz\u00e1\u00e9rt\u0151 seg\u00edts\u00e9get vegyenek ig\u00e9nybe\u201d \u2013 mondta Migl\u00e9czi Krisztina, a Duna House HR Business Partnere.<\/p>\n<p>Forr\u00e1s: <a href=\"https:\/\/www.napi.hu\/magyar-gazdasag\/egyre-durvabb-a-fight-a-munkaeropiacon.763470.html\" target=\"_blank\" rel=\"nofollow noopener\">napi.hu<\/a><\/p>\n","protected":false},"excerpt":{"rendered":"<p>A kedvez\u0151tlen gazdas\u00e1gi hat\u00e1sok mellett fel\u00e9rt\u00e9kel\u0151dik a munka vil\u00e1g\u00e1ban a stabilit\u00e1s, a k\u00f6z\u00f6ss\u00e9g megtart\u00f3 ereje \u00e9s a szak\u00e9rt\u0151i szerep. A szakemberek szerint a j\u00f3 munkaer\u0151 megtart\u00e1s\u00e1ra a j\u00f3 b\u00e9rk\u00e9pz\u00e9s fontos eszk\u00f6z. Munkav\u00e1llal\u00f3i oldalr\u00f3l fokozott aktivit\u00e1s v\u00e1rhat\u00f3 a munkaer\u0151piacon, az \u00e1ll\u00e1shirdet\u00e9sek sz\u00e1ma azonban cs\u00f6kkenni kezdett. A n\u00f6vekv\u0151 meg\u00e9lhet\u00e9si k\u00f6lts\u00e9gek aktivit\u00e1sra sarkallj\u00e1k a munkav\u00e1llal\u00f3kat a munkaer\u0151piacon: a [&hellip;]<\/p>\n","protected":false},"author":1,"featured_media":5979,"comment_status":"open","ping_status":"open","sticky":false,"template":"","format":"standard","meta":{"_monsterinsights_skip_tracking":false,"footnotes":""},"categories":[200],"tags":[269,270,268],"class_list":["post-5978","post","type-post","status-publish","format-standard","has-post-thumbnail","hentry","category-munkaeropiac","tag-juttatas","tag-munkaero","tag-toborzas"],"aioseo_notices":[],"aioseo_head":"\n\t\t<!-- All in One SEO 5.0.0.1 - aioseo.com -->\n\t<meta name=\"description\" content=\"Ellent\u00e9tes hat\u00e1sok a munkaer\u0151piacon, a n\u00f6vekv\u0151 meg\u00e9lhet\u00e9si k\u00f6lts\u00e9gek aktivit\u00e1sra sarkallj\u00e1k a munkav\u00e1llal\u00f3kat.\" \/>\n\t<meta name=\"robots\" content=\"max-image-preview:large\" \/>\n\t<meta name=\"author\" content=\"Juh\u00e1sz P\u00e9ter\"\/>\n\t<meta name=\"keywords\" content=\"juttat\u00e1s,munkaer\u0151,toborz\u00e1s\" \/>\n\t<link rel=\"canonical\" href=\"https:\/\/allasorias.hu\/hirek\/ellentetes-hatasok-a-munkaeropiacon\/\" \/>\n\t<meta name=\"generator\" content=\"All in One SEO (AIOSEO) 5.0.0.1\" \/>\n\t\t<meta property=\"og:locale\" content=\"hu_HU\" \/>\n\t\t<meta property=\"og:site_name\" content=\"AllasOrias.hu | H\u00edrek-lapszemle | \u00dczleti h\u00edrek az \u00e1ll\u00e1s \u00e9s a munka vil\u00e1g\u00e1b\u00f3l\" \/>\n\t\t<meta property=\"og:type\" content=\"article\" \/>\n\t\t<meta property=\"og:title\" content=\"Ellent\u00e9tes hat\u00e1sok a munkaer\u0151piacon | Allasorias\" \/>\n\t\t<meta property=\"og:description\" content=\"Ellent\u00e9tes hat\u00e1sok a munkaer\u0151piacon, a n\u00f6vekv\u0151 meg\u00e9lhet\u00e9si k\u00f6lts\u00e9gek aktivit\u00e1sra sarkallj\u00e1k a munkav\u00e1llal\u00f3kat.\" \/>\n\t\t<meta property=\"og:url\" content=\"https:\/\/allasorias.hu\/hirek\/ellentetes-hatasok-a-munkaeropiacon\/\" \/>\n\t\t<meta property=\"og:image\" content=\"https:\/\/allasorias.hu\/hirek\/wp-content\/uploads\/2022\/11\/Ellentetes-hatasok-a-munkaeropiacon.jpg\" \/>\n\t\t<meta property=\"og:image:secure_url\" content=\"https:\/\/allasorias.hu\/hirek\/wp-content\/uploads\/2022\/11\/Ellentetes-hatasok-a-munkaeropiacon.jpg\" \/>\n\t\t<meta property=\"og:image:width\" content=\"1280\" \/>\n\t\t<meta property=\"og:image:height\" content=\"853\" \/>\n\t\t<meta property=\"article:published_time\" content=\"2022-11-18T09:19:51+00:00\" \/>\n\t\t<meta property=\"article:modified_time\" content=\"2022-11-18T09:19:51+00:00\" \/>\n\t\t<meta property=\"article:publisher\" content=\"https:\/\/www.facebook.com\/allasorias\" \/>\n\t\t<meta name=\"twitter:card\" content=\"summary_large_image\" \/>\n\t\t<meta name=\"twitter:title\" content=\"Ellent\u00e9tes hat\u00e1sok a munkaer\u0151piacon | Allasorias\" \/>\n\t\t<meta name=\"twitter:description\" content=\"Ellent\u00e9tes hat\u00e1sok a munkaer\u0151piacon, a n\u00f6vekv\u0151 meg\u00e9lhet\u00e9si k\u00f6lts\u00e9gek aktivit\u00e1sra sarkallj\u00e1k a munkav\u00e1llal\u00f3kat.\" \/>\n\t\t<meta name=\"twitter:image\" content=\"https:\/\/allasorias.hu\/hirek\/wp-content\/uploads\/2022\/11\/Ellentetes-hatasok-a-munkaeropiacon.jpg\" \/>\n\t\t<meta name=\"twitter:label1\" content=\"Written by\" \/>\n\t\t<meta name=\"twitter:data1\" content=\"Juh\u00e1sz P\u00e9ter\" \/>\n\t\t<meta name=\"twitter:label2\" content=\"Est. reading time\" \/>\n\t\t<meta name=\"twitter:data2\" content=\"4 minutes\" \/>\n\t\t<script type=\"application\/ld+json\" class=\"aioseo-schema\">\n\t\t\t{\"@context\":\"https:\\\/\\\/schema.org\",\"@graph\":[{\"@type\":\"Article\",\"@id\":\"https:\\\/\\\/allasorias.hu\\\/hirek\\\/ellentetes-hatasok-a-munkaeropiacon\\\/#article\",\"name\":\"Ellent\\u00e9tes hat\\u00e1sok a munkaer\\u0151piacon | Allasorias\",\"headline\":\"Ellent\\u00e9tes hat\\u00e1sok a munkaer\\u0151piacon\",\"author\":{\"@id\":\"https:\\\/\\\/allasorias.hu\\\/hirek\\\/author\\\/admin-allasorias\\\/#author\"},\"publisher\":{\"@id\":\"https:\\\/\\\/allasorias.hu\\\/hirek\\\/#organization\"},\"image\":{\"@type\":\"ImageObject\",\"url\":\"https:\\\/\\\/allasorias.hu\\\/hirek\\\/wp-content\\\/uploads\\\/2022\\\/11\\\/Ellentetes-hatasok-a-munkaeropiacon.jpg\",\"width\":1280,\"height\":853,\"caption\":\"Ellent\\u00e9tes hat\\u00e1sok a munkaer\\u0151piacon - Allasorias.hu\\\/Hirek\"},\"datePublished\":\"2022-11-18T09:19:51+02:00\",\"dateModified\":\"2022-11-18T09:19:51+02:00\",\"inLanguage\":\"hu-HU\",\"mainEntityOfPage\":{\"@id\":\"https:\\\/\\\/allasorias.hu\\\/hirek\\\/ellentetes-hatasok-a-munkaeropiacon\\\/#webpage\"},\"isPartOf\":{\"@id\":\"https:\\\/\\\/allasorias.hu\\\/hirek\\\/ellentetes-hatasok-a-munkaeropiacon\\\/#webpage\"},\"articleSection\":\"Munkaer\\u0151piac, juttat\\u00e1s, munkaer\\u0151, toborz\\u00e1s\"},{\"@type\":\"BreadcrumbList\",\"@id\":\"https:\\\/\\\/allasorias.hu\\\/hirek\\\/ellentetes-hatasok-a-munkaeropiacon\\\/#breadcrumblist\",\"itemListElement\":[{\"@type\":\"ListItem\",\"@id\":\"https:\\\/\\\/allasorias.hu\\\/hirek#listItem\",\"position\":1,\"name\":\"Home\",\"item\":\"https:\\\/\\\/allasorias.hu\\\/hirek\",\"nextItem\":{\"@type\":\"ListItem\",\"@id\":\"https:\\\/\\\/allasorias.hu\\\/hirek\\\/temak\\\/munkaeropiac\\\/#listItem\",\"name\":\"Munkaer\\u0151piac\"}},{\"@type\":\"ListItem\",\"@id\":\"https:\\\/\\\/allasorias.hu\\\/hirek\\\/temak\\\/munkaeropiac\\\/#listItem\",\"position\":2,\"name\":\"Munkaer\\u0151piac\",\"item\":\"https:\\\/\\\/allasorias.hu\\\/hirek\\\/temak\\\/munkaeropiac\\\/\",\"nextItem\":{\"@type\":\"ListItem\",\"@id\":\"https:\\\/\\\/allasorias.hu\\\/hirek\\\/ellentetes-hatasok-a-munkaeropiacon\\\/#listItem\",\"name\":\"Ellent\\u00e9tes hat\\u00e1sok a munkaer\\u0151piacon\"},\"previousItem\":{\"@type\":\"ListItem\",\"@id\":\"https:\\\/\\\/allasorias.hu\\\/hirek#listItem\",\"name\":\"Home\"}},{\"@type\":\"ListItem\",\"@id\":\"https:\\\/\\\/allasorias.hu\\\/hirek\\\/ellentetes-hatasok-a-munkaeropiacon\\\/#listItem\",\"position\":3,\"name\":\"Ellent\\u00e9tes hat\\u00e1sok a munkaer\\u0151piacon\",\"previousItem\":{\"@type\":\"ListItem\",\"@id\":\"https:\\\/\\\/allasorias.hu\\\/hirek\\\/temak\\\/munkaeropiac\\\/#listItem\",\"name\":\"Munkaer\\u0151piac\"}}]},{\"@type\":\"Organization\",\"@id\":\"https:\\\/\\\/allasorias.hu\\\/hirek\\\/#organization\",\"name\":\"AllasOrias.hu | H\\u00edrek-lapszemle\",\"description\":\"\\u00dczleti h\\u00edrek az \\u00e1ll\\u00e1s \\u00e9s a munka vil\\u00e1g\\u00e1b\\u00f3l\",\"url\":\"https:\\\/\\\/allasorias.hu\\\/hirek\\\/\",\"logo\":{\"@type\":\"ImageObject\",\"url\":\"https:\\\/\\\/allasorias.hu\\\/hirek\\\/wp-content\\\/uploads\\\/2022\\\/10\\\/allasorias_site_facebok_logo.png\",\"@id\":\"https:\\\/\\\/allasorias.hu\\\/hirek\\\/ellentetes-hatasok-a-munkaeropiacon\\\/#organizationLogo\"},\"image\":{\"@id\":\"https:\\\/\\\/allasorias.hu\\\/hirek\\\/ellentetes-hatasok-a-munkaeropiacon\\\/#organizationLogo\"},\"sameAs\":[\"https:\\\/\\\/www.facebook.com\\\/allasorias\",\"https:\\\/\\\/www.linkedin.com\\\/company\\\/allasorias\"]},{\"@type\":\"Person\",\"@id\":\"https:\\\/\\\/allasorias.hu\\\/hirek\\\/author\\\/admin-allasorias\\\/#author\",\"url\":\"https:\\\/\\\/allasorias.hu\\\/hirek\\\/author\\\/admin-allasorias\\\/\",\"name\":\"Juh\\u00e1sz P\\u00e9ter\",\"image\":{\"@type\":\"ImageObject\",\"@id\":\"https:\\\/\\\/allasorias.hu\\\/hirek\\\/ellentetes-hatasok-a-munkaeropiacon\\\/#authorImage\",\"url\":\"https:\\\/\\\/secure.gravatar.com\\\/avatar\\\/36e6bcb83148978b992977cb0f54d22feb0cce8a0a849a9410532bb2623ba4c6?s=96&d=mm&r=g\",\"width\":96,\"height\":96,\"caption\":\"Juh\\u00e1sz P\\u00e9ter\"}},{\"@type\":\"WebPage\",\"@id\":\"https:\\\/\\\/allasorias.hu\\\/hirek\\\/ellentetes-hatasok-a-munkaeropiacon\\\/#webpage\",\"url\":\"https:\\\/\\\/allasorias.hu\\\/hirek\\\/ellentetes-hatasok-a-munkaeropiacon\\\/\",\"name\":\"Ellent\\u00e9tes hat\\u00e1sok a munkaer\\u0151piacon | Allasorias\",\"description\":\"Ellent\\u00e9tes hat\\u00e1sok a munkaer\\u0151piacon, a n\\u00f6vekv\\u0151 meg\\u00e9lhet\\u00e9si k\\u00f6lts\\u00e9gek aktivit\\u00e1sra sarkallj\\u00e1k a munkav\\u00e1llal\\u00f3kat.\",\"inLanguage\":\"hu-HU\",\"isPartOf\":{\"@id\":\"https:\\\/\\\/allasorias.hu\\\/hirek\\\/#website\"},\"breadcrumb\":{\"@id\":\"https:\\\/\\\/allasorias.hu\\\/hirek\\\/ellentetes-hatasok-a-munkaeropiacon\\\/#breadcrumblist\"},\"author\":{\"@id\":\"https:\\\/\\\/allasorias.hu\\\/hirek\\\/author\\\/admin-allasorias\\\/#author\"},\"creator\":{\"@id\":\"https:\\\/\\\/allasorias.hu\\\/hirek\\\/author\\\/admin-allasorias\\\/#author\"},\"image\":{\"@type\":\"ImageObject\",\"url\":\"https:\\\/\\\/allasorias.hu\\\/hirek\\\/wp-content\\\/uploads\\\/2022\\\/11\\\/Ellentetes-hatasok-a-munkaeropiacon.jpg\",\"@id\":\"https:\\\/\\\/allasorias.hu\\\/hirek\\\/ellentetes-hatasok-a-munkaeropiacon\\\/#mainImage\",\"width\":1280,\"height\":853,\"caption\":\"Ellent\\u00e9tes hat\\u00e1sok a munkaer\\u0151piacon - Allasorias.hu\\\/Hirek\"},\"primaryImageOfPage\":{\"@id\":\"https:\\\/\\\/allasorias.hu\\\/hirek\\\/ellentetes-hatasok-a-munkaeropiacon\\\/#mainImage\"},\"datePublished\":\"2022-11-18T09:19:51+02:00\",\"dateModified\":\"2022-11-18T09:19:51+02:00\"},{\"@type\":\"WebSite\",\"@id\":\"https:\\\/\\\/allasorias.hu\\\/hirek\\\/#website\",\"url\":\"https:\\\/\\\/allasorias.hu\\\/hirek\\\/\",\"name\":\"AllasOrias.hu | H\\u00edrek-lapszemle\",\"description\":\"\\u00dczleti h\\u00edrek az \\u00e1ll\\u00e1s \\u00e9s a munka vil\\u00e1g\\u00e1b\\u00f3l\",\"inLanguage\":\"hu-HU\",\"publisher\":{\"@id\":\"https:\\\/\\\/allasorias.hu\\\/hirek\\\/#organization\"}}]}\n\t\t<\/script>\n\t\t<!-- All in One SEO -->\n\n","aioseo_head_json":{"title":"Ellent\u00e9tes hat\u00e1sok a munkaer\u0151piacon | Allasorias","description":"Ellent\u00e9tes hat\u00e1sok a munkaer\u0151piacon, a n\u00f6vekv\u0151 meg\u00e9lhet\u00e9si k\u00f6lts\u00e9gek aktivit\u00e1sra sarkallj\u00e1k a munkav\u00e1llal\u00f3kat.","canonical_url":"https:\/\/allasorias.hu\/hirek\/ellentetes-hatasok-a-munkaeropiacon\/","robots":"max-image-preview:large","keywords":"juttat\u00e1s,munkaer\u0151,toborz\u00e1s","webmasterTools":{"miscellaneous":""},"schema":{"@context":"https:\/\/schema.org","@graph":[{"@type":"Article","@id":"https:\/\/allasorias.hu\/hirek\/ellentetes-hatasok-a-munkaeropiacon\/#article","name":"Ellent\u00e9tes hat\u00e1sok a munkaer\u0151piacon | Allasorias","headline":"Ellent\u00e9tes hat\u00e1sok a munkaer\u0151piacon","author":{"@id":"https:\/\/allasorias.hu\/hirek\/author\/admin-allasorias\/#author"},"publisher":{"@id":"https:\/\/allasorias.hu\/hirek\/#organization"},"image":{"@type":"ImageObject","url":"https:\/\/allasorias.hu\/hirek\/wp-content\/uploads\/2022\/11\/Ellentetes-hatasok-a-munkaeropiacon.jpg","width":1280,"height":853,"caption":"Ellent\u00e9tes hat\u00e1sok a munkaer\u0151piacon - Allasorias.hu\/Hirek"},"datePublished":"2022-11-18T09:19:51+02:00","dateModified":"2022-11-18T09:19:51+02:00","inLanguage":"hu-HU","mainEntityOfPage":{"@id":"https:\/\/allasorias.hu\/hirek\/ellentetes-hatasok-a-munkaeropiacon\/#webpage"},"isPartOf":{"@id":"https:\/\/allasorias.hu\/hirek\/ellentetes-hatasok-a-munkaeropiacon\/#webpage"},"articleSection":"Munkaer\u0151piac, juttat\u00e1s, munkaer\u0151, toborz\u00e1s"},{"@type":"BreadcrumbList","@id":"https:\/\/allasorias.hu\/hirek\/ellentetes-hatasok-a-munkaeropiacon\/#breadcrumblist","itemListElement":[{"@type":"ListItem","@id":"https:\/\/allasorias.hu\/hirek#listItem","position":1,"name":"Home","item":"https:\/\/allasorias.hu\/hirek","nextItem":{"@type":"ListItem","@id":"https:\/\/allasorias.hu\/hirek\/temak\/munkaeropiac\/#listItem","name":"Munkaer\u0151piac"}},{"@type":"ListItem","@id":"https:\/\/allasorias.hu\/hirek\/temak\/munkaeropiac\/#listItem","position":2,"name":"Munkaer\u0151piac","item":"https:\/\/allasorias.hu\/hirek\/temak\/munkaeropiac\/","nextItem":{"@type":"ListItem","@id":"https:\/\/allasorias.hu\/hirek\/ellentetes-hatasok-a-munkaeropiacon\/#listItem","name":"Ellent\u00e9tes hat\u00e1sok a munkaer\u0151piacon"},"previousItem":{"@type":"ListItem","@id":"https:\/\/allasorias.hu\/hirek#listItem","name":"Home"}},{"@type":"ListItem","@id":"https:\/\/allasorias.hu\/hirek\/ellentetes-hatasok-a-munkaeropiacon\/#listItem","position":3,"name":"Ellent\u00e9tes hat\u00e1sok a munkaer\u0151piacon","previousItem":{"@type":"ListItem","@id":"https:\/\/allasorias.hu\/hirek\/temak\/munkaeropiac\/#listItem","name":"Munkaer\u0151piac"}}]},{"@type":"Organization","@id":"https:\/\/allasorias.hu\/hirek\/#organization","name":"AllasOrias.hu | H\u00edrek-lapszemle","description":"\u00dczleti h\u00edrek az \u00e1ll\u00e1s \u00e9s a munka vil\u00e1g\u00e1b\u00f3l","url":"https:\/\/allasorias.hu\/hirek\/","logo":{"@type":"ImageObject","url":"https:\/\/allasorias.hu\/hirek\/wp-content\/uploads\/2022\/10\/allasorias_site_facebok_logo.png","@id":"https:\/\/allasorias.hu\/hirek\/ellentetes-hatasok-a-munkaeropiacon\/#organizationLogo"},"image":{"@id":"https:\/\/allasorias.hu\/hirek\/ellentetes-hatasok-a-munkaeropiacon\/#organizationLogo"},"sameAs":["https:\/\/www.facebook.com\/allasorias","https:\/\/www.linkedin.com\/company\/allasorias"]},{"@type":"Person","@id":"https:\/\/allasorias.hu\/hirek\/author\/admin-allasorias\/#author","url":"https:\/\/allasorias.hu\/hirek\/author\/admin-allasorias\/","name":"Juh\u00e1sz P\u00e9ter","image":{"@type":"ImageObject","@id":"https:\/\/allasorias.hu\/hirek\/ellentetes-hatasok-a-munkaeropiacon\/#authorImage","url":"https:\/\/secure.gravatar.com\/avatar\/36e6bcb83148978b992977cb0f54d22feb0cce8a0a849a9410532bb2623ba4c6?s=96&d=mm&r=g","width":96,"height":96,"caption":"Juh\u00e1sz P\u00e9ter"}},{"@type":"WebPage","@id":"https:\/\/allasorias.hu\/hirek\/ellentetes-hatasok-a-munkaeropiacon\/#webpage","url":"https:\/\/allasorias.hu\/hirek\/ellentetes-hatasok-a-munkaeropiacon\/","name":"Ellent\u00e9tes hat\u00e1sok a munkaer\u0151piacon | Allasorias","description":"Ellent\u00e9tes hat\u00e1sok a munkaer\u0151piacon, a n\u00f6vekv\u0151 meg\u00e9lhet\u00e9si k\u00f6lts\u00e9gek aktivit\u00e1sra sarkallj\u00e1k a munkav\u00e1llal\u00f3kat.","inLanguage":"hu-HU","isPartOf":{"@id":"https:\/\/allasorias.hu\/hirek\/#website"},"breadcrumb":{"@id":"https:\/\/allasorias.hu\/hirek\/ellentetes-hatasok-a-munkaeropiacon\/#breadcrumblist"},"author":{"@id":"https:\/\/allasorias.hu\/hirek\/author\/admin-allasorias\/#author"},"creator":{"@id":"https:\/\/allasorias.hu\/hirek\/author\/admin-allasorias\/#author"},"image":{"@type":"ImageObject","url":"https:\/\/allasorias.hu\/hirek\/wp-content\/uploads\/2022\/11\/Ellentetes-hatasok-a-munkaeropiacon.jpg","@id":"https:\/\/allasorias.hu\/hirek\/ellentetes-hatasok-a-munkaeropiacon\/#mainImage","width":1280,"height":853,"caption":"Ellent\u00e9tes hat\u00e1sok a munkaer\u0151piacon - Allasorias.hu\/Hirek"},"primaryImageOfPage":{"@id":"https:\/\/allasorias.hu\/hirek\/ellentetes-hatasok-a-munkaeropiacon\/#mainImage"},"datePublished":"2022-11-18T09:19:51+02:00","dateModified":"2022-11-18T09:19:51+02:00"},{"@type":"WebSite","@id":"https:\/\/allasorias.hu\/hirek\/#website","url":"https:\/\/allasorias.hu\/hirek\/","name":"AllasOrias.hu | H\u00edrek-lapszemle","description":"\u00dczleti h\u00edrek az \u00e1ll\u00e1s \u00e9s a munka vil\u00e1g\u00e1b\u00f3l","inLanguage":"hu-HU","publisher":{"@id":"https:\/\/allasorias.hu\/hirek\/#organization"}}]},"og:locale":"hu_HU","og:site_name":"AllasOrias.hu | H\u00edrek-lapszemle | \u00dczleti h\u00edrek az \u00e1ll\u00e1s \u00e9s a munka vil\u00e1g\u00e1b\u00f3l","og:type":"article","og:title":"Ellent\u00e9tes hat\u00e1sok a munkaer\u0151piacon | Allasorias","og:description":"Ellent\u00e9tes hat\u00e1sok a munkaer\u0151piacon, a n\u00f6vekv\u0151 meg\u00e9lhet\u00e9si k\u00f6lts\u00e9gek aktivit\u00e1sra sarkallj\u00e1k a munkav\u00e1llal\u00f3kat.","og:url":"https:\/\/allasorias.hu\/hirek\/ellentetes-hatasok-a-munkaeropiacon\/","og:image":"https:\/\/allasorias.hu\/hirek\/wp-content\/uploads\/2022\/11\/Ellentetes-hatasok-a-munkaeropiacon.jpg","og:image:secure_url":"https:\/\/allasorias.hu\/hirek\/wp-content\/uploads\/2022\/11\/Ellentetes-hatasok-a-munkaeropiacon.jpg","og:image:width":1280,"og:image:height":853,"article:published_time":"2022-11-18T09:19:51+00:00","article:modified_time":"2022-11-18T09:19:51+00:00","article:publisher":"https:\/\/www.facebook.com\/allasorias","twitter:card":"summary_large_image","twitter:title":"Ellent\u00e9tes hat\u00e1sok a munkaer\u0151piacon | Allasorias","twitter:description":"Ellent\u00e9tes hat\u00e1sok a munkaer\u0151piacon, a n\u00f6vekv\u0151 meg\u00e9lhet\u00e9si k\u00f6lts\u00e9gek aktivit\u00e1sra sarkallj\u00e1k a munkav\u00e1llal\u00f3kat.","twitter:image":"https:\/\/allasorias.hu\/hirek\/wp-content\/uploads\/2022\/11\/Ellentetes-hatasok-a-munkaeropiacon.jpg","twitter:label1":"Written by","twitter:data1":"Juh\u00e1sz P\u00e9ter","twitter:label2":"Est. reading time","twitter:data2":"4 minutes"},"aioseo_meta_data":{"post_id":"5978","title":"#post_title | Allasorias","description":"Ellent\u00e9tes hat\u00e1sok a munkaer\u0151piacon, a n\u00f6vekv\u0151 meg\u00e9lhet\u00e9si k\u00f6lts\u00e9gek aktivit\u00e1sra sarkallj\u00e1k a munkav\u00e1llal\u00f3kat.","keywords":[],"keyphrases":{"focus":{"keyphrase":"munkaer\u0151piacon","score":68,"analysis":{"keyphraseInTitle":{"title":"Focus keyphrase in SEO title","description":"Focus keyphrase found in SEO title.","score":9,"maxScore":9,"error":0},"keyphraseInDescription":{"title":"Focus keyphrase in meta description","description":"Focus keyphrase found in meta description.","score":9,"maxScore":9,"error":0},"keyphraseLength":{"title":"Focus keyphrase length","description":"Good job!","score":9,"maxScore":9,"error":0,"length":1},"keyphraseInURL":{"title":"Focus keyphrase in URL","description":"Focus keyphrase not found in the URL.","score":1,"maxScore":5,"error":1},"keyphraseInIntroduction":{"title":"Focus keyphrase in introduction","description":"Your Focus keyphrase does not appear in the first paragraph. Make sure the topic is clear immediately.","score":3,"maxScore":9,"error":1},"keyphraseInSubHeadings":{"title":"Focus keyphrase in Subheadings","description":"Use your focus keyphrase more in your H2 and H3 subheadings.","score":3,"maxScore":9,"error":1},"keyphraseInImageAlt":[]}},"additional":[]},"primary_term":null,"canonical_url":null,"og_title":null,"og_description":null,"og_object_type":"default","og_image_type":"default","og_image_url":null,"og_image_width":null,"og_image_height":null,"og_image_custom_url":null,"og_image_custom_fields":null,"og_video":"","og_custom_url":null,"og_article_section":null,"og_article_tags":[],"twitter_use_og":true,"twitter_card":"default","twitter_image_type":"default","twitter_image_url":null,"twitter_image_custom_url":null,"twitter_image_custom_fields":null,"twitter_title":null,"twitter_description":null,"schema":{"blockGraphs":[],"customGraphs":[],"default":{"data":{"Article":[],"Course":[],"Dataset":[],"FAQPage":[],"Movie":[],"Person":[],"Product":[],"ProductReview":[],"Car":[],"Recipe":[],"Service":[],"SoftwareApplication":[],"WebPage":[]},"graphName":"Article","isEnabled":true},"graphs":[]},"schema_type":"default","schema_type_options":null,"pillar_content":false,"robots_default":true,"robots_noindex":false,"robots_noarchive":false,"robots_nosnippet":false,"robots_nofollow":false,"robots_noimageindex":false,"robots_noodp":false,"robots_notranslate":false,"robots_max_snippet":"-1","robots_max_videopreview":"-1","robots_max_imagepreview":"large","priority":null,"frequency":"default","location":null,"local_seo":null,"breadcrumb_settings":null,"limit_modified_date":false,"ai":null,"created":"2022-11-18 08:54:03","updated":"2025-10-02 17:30:19","seo_analyzer_scan_date":null,"focus_keyword":"munkaer\u0151piacon","additional_keywords":null,"truseo_locale":null},"aioseo_breadcrumb":"<div class=\"aioseo-breadcrumbs\"><span class=\"aioseo-breadcrumb\">\n\t\t\t<a href=\"https:\/\/allasorias.hu\/hirek\" title=\"Home\">Home<\/a>\n\t\t<\/span><span class=\"aioseo-breadcrumb-separator\">&raquo;<\/span><span class=\"aioseo-breadcrumb\">\n\t\t\t<a href=\"https:\/\/allasorias.hu\/hirek\/temak\/munkaeropiac\/\" title=\"Munkaer\u0151piac\">Munkaer\u0151piac<\/a>\n\t\t<\/span><span class=\"aioseo-breadcrumb-separator\">&raquo;<\/span><span class=\"aioseo-breadcrumb\">\n\t\t\tEllent\u00e9tes hat\u00e1sok a munkaer\u0151piacon\n\t\t<\/span><\/div>","aioseo_breadcrumb_json":[{"label":"Home","link":"https:\/\/allasorias.hu\/hirek"},{"label":"Munkaer\u0151piac","link":"https:\/\/allasorias.hu\/hirek\/temak\/munkaeropiac\/"},{"label":"Ellent\u00e9tes hat\u00e1sok a munkaer\u0151piacon","link":"https:\/\/allasorias.hu\/hirek\/ellentetes-hatasok-a-munkaeropiacon\/"}],"_links":{"self":[{"href":"https:\/\/allasorias.hu\/hirek\/wp-json\/wp\/v2\/posts\/5978","targetHints":{"allow":["GET"]}}],"collection":[{"href":"https:\/\/allasorias.hu\/hirek\/wp-json\/wp\/v2\/posts"}],"about":[{"href":"https:\/\/allasorias.hu\/hirek\/wp-json\/wp\/v2\/types\/post"}],"author":[{"embeddable":true,"href":"https:\/\/allasorias.hu\/hirek\/wp-json\/wp\/v2\/users\/1"}],"replies":[{"embeddable":true,"href":"https:\/\/allasorias.hu\/hirek\/wp-json\/wp\/v2\/comments?post=5978"}],"version-history":[{"count":1,"href":"https:\/\/allasorias.hu\/hirek\/wp-json\/wp\/v2\/posts\/5978\/revisions"}],"predecessor-version":[{"id":5980,"href":"https:\/\/allasorias.hu\/hirek\/wp-json\/wp\/v2\/posts\/5978\/revisions\/5980"}],"wp:featuredmedia":[{"embeddable":true,"href":"https:\/\/allasorias.hu\/hirek\/wp-json\/wp\/v2\/media\/5979"}],"wp:attachment":[{"href":"https:\/\/allasorias.hu\/hirek\/wp-json\/wp\/v2\/media?parent=5978"}],"wp:term":[{"taxonomy":"category","embeddable":true,"href":"https:\/\/allasorias.hu\/hirek\/wp-json\/wp\/v2\/categories?post=5978"},{"taxonomy":"post_tag","embeddable":true,"href":"https:\/\/allasorias.hu\/hirek\/wp-json\/wp\/v2\/tags?post=5978"}],"curies":[{"name":"wp","href":"https:\/\/api.w.org\/{rel}","templated":true}]}}