{"id":5975,"date":"2022-11-17T11:53:10","date_gmt":"2022-11-17T11:53:10","guid":{"rendered":"https:\/\/allasorias.hu\/hirek\/?p=5975"},"modified":"2022-11-17T11:53:10","modified_gmt":"2022-11-17T11:53:10","slug":"unios-atlag-alatt-a-szegenyseg-magyarorszagon","status":"publish","type":"post","link":"https:\/\/allasorias.hu\/hirek\/unios-atlag-alatt-a-szegenyseg-magyarorszagon\/","title":{"rendered":"Uni\u00f3s \u00e1tlag alatt a szeg\u00e9nys\u00e9g Magyarorsz\u00e1gon"},"content":{"rendered":"<p><strong>A KSH adatai szerint cs\u00f6kkent\u00a0 a szeg\u00e9nys\u00e9gben \u00e9l\u0151k sz\u00e1ma haz\u00e1nkban az ut\u00f3bbi id\u0151ben. 2010 \u00f3ta fokozatosan javult a helyzet, a nagyon alacsony munkaintenzit\u00e1s\u00fa h\u00e1ztart\u00e1sban \u00e9l\u0151k ar\u00e1nya a legalacsonyabbak egyike az uni\u00f3 tag\u00e1llamai k\u00f6z\u00f6tt.<\/strong><\/p>\n<p>Szalai Piroska, munkaer\u0151piaci szak\u00e9rt\u0151 szerint az ellenz\u00e9ki \u00e1ll\u00edt\u00e1sokkal szemben Magyarorsz\u00e1g tov\u00e1bbra sincs az uni\u00f3 legszeg\u00e9nyebbjei k\u00f6z\u00f6tt. Elemz\u00e9se szerint haz\u00e1nkban 2021-ben is alacsonyabb volt a szeg\u00e9nys\u00e9g vagy t\u00e1rsadalmi kirekeszt\u0151d\u00e9s kock\u00e1zat\u00e1val \u00e9l\u0151k ar\u00e1nya a gyermeket nevel\u0151 h\u00e1ztart\u00e1sokban, mint azokban, amelyben nem \u00e9ltek 18 \u00e9vesn\u00e9l fiatalabbak, \u00edgy elmondhatjuk, hogy 2021-ben sem jelentett m\u00e1r szeg\u00e9nys\u00e9gi t\u00f6bbletkock\u00e1zatot a gyermeknevel\u00e9s.<\/p>\n<p>Mind a relat\u00edv j\u00f6vedelmi szeg\u00e9nys\u00e9gi ar\u00e1ny, mind a nagyon alacsony munkaintenzit\u00e1s\u00fa h\u00e1ztart\u00e1sban \u00e9l\u0151k ar\u00e1nya a legalacsonyabbak egyike az uni\u00f3 tag\u00e1llamai k\u00f6z\u00f6tt. Az Eurostat 2020-as adatai alapj\u00e1n a tizenharmadik helyen \u00e1llunk, 2017 \u00f3ta az uni\u00f3s \u00e1tlagn\u00e1l alacsonyabb a szeg\u00e9nys\u00e9g kock\u00e1zat\u00e1val \u00e9l\u0151k ar\u00e1nya, s ezt a j\u00e1rv\u00e1ny id\u0151szaka sem befoly\u00e1solta negat\u00edvan. Az elemz\u00e9s szerint 2010 k\u00f6rny\u00e9k\u00e9n Magyarorsz\u00e1g val\u00f3ban a h\u00e1rom legrosszabb orsz\u00e1g k\u00f6z\u00f6tt szerepelt, de az elm\u00falt \u00e9vtizedben \u00f6tsz\u00f6r nagyobb ar\u00e1nyban javultunk, mint az uni\u00f3 \u00e1tlaga.<\/p>\n<p>Szalai Piroska kiemelte, hogy a szeg\u00e9nys\u00e9get az uni\u00f3ban egys\u00e9gesen haszn\u00e1lt mutat\u00f3val \u00e9rdemes vizsg\u00e1lni, ez alkalmas a tag\u00e1llamok \u00f6sszehasonl\u00edt\u00e1s\u00e1ra is, amely szerint a legfrissebb, 2021. \u00e9vi adatsor\u00e1t a KSH m\u00falt p\u00e9nteken tette k\u00f6zz\u00e9. Ennek alapj\u00e1n az el\u0151z\u0151 \u00e9vihez viszony\u00edtva 20 ezer f\u0151s cs\u00f6kken\u00e9s mellett 1 milli\u00f3 844 ezer f\u0151 volt \u00e9rintett, ami a lakoss\u00e1g 19,3 sz\u00e1zal\u00e9ka, 2014-ben m\u00e9g 2 milli\u00f3 970 ezer f\u0151t \u00e9rintett, ami a lakoss\u00e1g 30,6%-\u00e1t jelentette akkor.<\/p>\n<p>&nbsp;<\/p>\n<p>Forr\u00e1s: <a href=\"https:\/\/mandiner.hu\/\" target=\"_blank\" rel=\"nofollow noopener\">Mandiner.hu<\/a>, <a href=\"https:\/\/vasarnap.hu\/2022\/11\/16\/szalai-piroska-mar-nem-jelent-szegenysegi-tobbletkockazatot-a-gyermekneveles\/\" target=\"_blank\" rel=\"nofollow noopener\">vasarnap.hu<\/a><\/p>\n","protected":false},"excerpt":{"rendered":"<p>A KSH adatai szerint cs\u00f6kkent\u00a0 a szeg\u00e9nys\u00e9gben \u00e9l\u0151k sz\u00e1ma haz\u00e1nkban az ut\u00f3bbi id\u0151ben. 2010 \u00f3ta fokozatosan javult a helyzet, a nagyon alacsony munkaintenzit\u00e1s\u00fa h\u00e1ztart\u00e1sban \u00e9l\u0151k ar\u00e1nya a legalacsonyabbak egyike az uni\u00f3 tag\u00e1llamai k\u00f6z\u00f6tt. Szalai Piroska, munkaer\u0151piaci szak\u00e9rt\u0151 szerint az ellenz\u00e9ki \u00e1ll\u00edt\u00e1sokkal szemben Magyarorsz\u00e1g tov\u00e1bbra sincs az uni\u00f3 legszeg\u00e9nyebbjei k\u00f6z\u00f6tt. Elemz\u00e9se szerint haz\u00e1nkban 2021-ben is alacsonyabb [&hellip;]<\/p>\n","protected":false},"author":1,"featured_media":5976,"comment_status":"open","ping_status":"open","sticky":false,"template":"","format":"standard","meta":{"_monsterinsights_skip_tracking":false,"footnotes":""},"categories":[198],"tags":[267,266],"class_list":["post-5975","post","type-post","status-publish","format-standard","has-post-thumbnail","hentry","category-gazdasag","tag-statisztika","tag-szegenyseg"],"aioseo_notices":[],"aioseo_head":"\n\t\t<!-- All in One SEO 5.0.0.1 - aioseo.com -->\n\t<meta name=\"description\" content=\"A KSH adatai szerint cs\u00f6kkent a szeg\u00e9nys\u00e9gben \u00e9l\u0151k sz\u00e1ma haz\u00e1nkban az ut\u00f3bbi id\u0151ben. 2010 \u00f3ta fokozatosan javult a szeg\u00e9nys\u00e9g Magyarorsz\u00e1gon.\" \/>\n\t<meta name=\"robots\" content=\"max-image-preview:large\" \/>\n\t<meta name=\"author\" content=\"Juh\u00e1sz P\u00e9ter\"\/>\n\t<meta name=\"keywords\" content=\"statisztika,szeg\u00e9nys\u00e9g\" \/>\n\t<link rel=\"canonical\" href=\"https:\/\/allasorias.hu\/hirek\/unios-atlag-alatt-a-szegenyseg-magyarorszagon\/\" \/>\n\t<meta name=\"generator\" content=\"All in One SEO (AIOSEO) 5.0.0.1\" \/>\n\t\t<meta property=\"og:locale\" content=\"hu_HU\" \/>\n\t\t<meta property=\"og:site_name\" content=\"AllasOrias.hu | H\u00edrek-lapszemle | \u00dczleti h\u00edrek az \u00e1ll\u00e1s \u00e9s a munka vil\u00e1g\u00e1b\u00f3l\" \/>\n\t\t<meta property=\"og:type\" content=\"article\" \/>\n\t\t<meta property=\"og:title\" content=\"Uni\u00f3s \u00e1tlag alatt a szeg\u00e9nys\u00e9g Magyarorsz\u00e1gon |\" \/>\n\t\t<meta property=\"og:description\" content=\"A KSH adatai szerint cs\u00f6kkent a szeg\u00e9nys\u00e9gben \u00e9l\u0151k sz\u00e1ma haz\u00e1nkban az ut\u00f3bbi id\u0151ben. 2010 \u00f3ta fokozatosan javult a szeg\u00e9nys\u00e9g Magyarorsz\u00e1gon.\" \/>\n\t\t<meta property=\"og:url\" content=\"https:\/\/allasorias.hu\/hirek\/unios-atlag-alatt-a-szegenyseg-magyarorszagon\/\" \/>\n\t\t<meta property=\"og:image\" content=\"https:\/\/allasorias.hu\/hirek\/wp-content\/uploads\/2022\/11\/szegenyseg-Magyarorszagon.jpg\" \/>\n\t\t<meta property=\"og:image:secure_url\" content=\"https:\/\/allasorias.hu\/hirek\/wp-content\/uploads\/2022\/11\/szegenyseg-Magyarorszagon.jpg\" \/>\n\t\t<meta property=\"og:image:width\" content=\"1280\" \/>\n\t\t<meta property=\"og:image:height\" content=\"853\" \/>\n\t\t<meta property=\"article:published_time\" content=\"2022-11-17T11:53:10+00:00\" \/>\n\t\t<meta property=\"article:modified_time\" content=\"2022-11-17T11:53:10+00:00\" \/>\n\t\t<meta property=\"article:publisher\" content=\"https:\/\/www.facebook.com\/allasorias\" \/>\n\t\t<meta name=\"twitter:card\" content=\"summary_large_image\" \/>\n\t\t<meta name=\"twitter:title\" content=\"Uni\u00f3s \u00e1tlag alatt a szeg\u00e9nys\u00e9g Magyarorsz\u00e1gon |\" \/>\n\t\t<meta name=\"twitter:description\" content=\"A KSH adatai szerint cs\u00f6kkent a szeg\u00e9nys\u00e9gben \u00e9l\u0151k sz\u00e1ma haz\u00e1nkban az ut\u00f3bbi id\u0151ben. 2010 \u00f3ta fokozatosan javult a szeg\u00e9nys\u00e9g Magyarorsz\u00e1gon.\" \/>\n\t\t<meta name=\"twitter:image\" content=\"https:\/\/allasorias.hu\/hirek\/wp-content\/uploads\/2022\/11\/szegenyseg-Magyarorszagon.jpg\" \/>\n\t\t<meta name=\"twitter:label1\" content=\"Written by\" \/>\n\t\t<meta name=\"twitter:data1\" content=\"Juh\u00e1sz P\u00e9ter\" \/>\n\t\t<meta name=\"twitter:label2\" content=\"Est. reading time\" \/>\n\t\t<meta name=\"twitter:data2\" content=\"2 minutes\" \/>\n\t\t<script type=\"application\/ld+json\" class=\"aioseo-schema\">\n\t\t\t{\"@context\":\"https:\\\/\\\/schema.org\",\"@graph\":[{\"@type\":\"Article\",\"@id\":\"https:\\\/\\\/allasorias.hu\\\/hirek\\\/unios-atlag-alatt-a-szegenyseg-magyarorszagon\\\/#article\",\"name\":\"Uni\\u00f3s \\u00e1tlag alatt a szeg\\u00e9nys\\u00e9g Magyarorsz\\u00e1gon |\",\"headline\":\"Uni\\u00f3s \\u00e1tlag alatt a szeg\\u00e9nys\\u00e9g Magyarorsz\\u00e1gon\",\"author\":{\"@id\":\"https:\\\/\\\/allasorias.hu\\\/hirek\\\/author\\\/admin-allasorias\\\/#author\"},\"publisher\":{\"@id\":\"https:\\\/\\\/allasorias.hu\\\/hirek\\\/#organization\"},\"image\":{\"@type\":\"ImageObject\",\"url\":\"https:\\\/\\\/allasorias.hu\\\/hirek\\\/wp-content\\\/uploads\\\/2022\\\/11\\\/szegenyseg-Magyarorszagon.jpg\",\"width\":1280,\"height\":853,\"caption\":\"Uni\\u00f3s \\u00e1tlag alatt a szeg\\u00e9nys\\u00e9g Magyarorsz\\u00e1gon - Allasorias.hu\\\/Hirek\"},\"datePublished\":\"2022-11-17T11:53:10+02:00\",\"dateModified\":\"2022-11-17T11:53:10+02:00\",\"inLanguage\":\"hu-HU\",\"mainEntityOfPage\":{\"@id\":\"https:\\\/\\\/allasorias.hu\\\/hirek\\\/unios-atlag-alatt-a-szegenyseg-magyarorszagon\\\/#webpage\"},\"isPartOf\":{\"@id\":\"https:\\\/\\\/allasorias.hu\\\/hirek\\\/unios-atlag-alatt-a-szegenyseg-magyarorszagon\\\/#webpage\"},\"articleSection\":\"Gazdas\\u00e1g, statisztika, szeg\\u00e9nys\\u00e9g\"},{\"@type\":\"BreadcrumbList\",\"@id\":\"https:\\\/\\\/allasorias.hu\\\/hirek\\\/unios-atlag-alatt-a-szegenyseg-magyarorszagon\\\/#breadcrumblist\",\"itemListElement\":[{\"@type\":\"ListItem\",\"@id\":\"https:\\\/\\\/allasorias.hu\\\/hirek#listItem\",\"position\":1,\"name\":\"Home\",\"item\":\"https:\\\/\\\/allasorias.hu\\\/hirek\",\"nextItem\":{\"@type\":\"ListItem\",\"@id\":\"https:\\\/\\\/allasorias.hu\\\/hirek\\\/temak\\\/gazdasag\\\/#listItem\",\"name\":\"Gazdas\\u00e1g\"}},{\"@type\":\"ListItem\",\"@id\":\"https:\\\/\\\/allasorias.hu\\\/hirek\\\/temak\\\/gazdasag\\\/#listItem\",\"position\":2,\"name\":\"Gazdas\\u00e1g\",\"item\":\"https:\\\/\\\/allasorias.hu\\\/hirek\\\/temak\\\/gazdasag\\\/\",\"nextItem\":{\"@type\":\"ListItem\",\"@id\":\"https:\\\/\\\/allasorias.hu\\\/hirek\\\/unios-atlag-alatt-a-szegenyseg-magyarorszagon\\\/#listItem\",\"name\":\"Uni\\u00f3s \\u00e1tlag alatt a szeg\\u00e9nys\\u00e9g Magyarorsz\\u00e1gon\"},\"previousItem\":{\"@type\":\"ListItem\",\"@id\":\"https:\\\/\\\/allasorias.hu\\\/hirek#listItem\",\"name\":\"Home\"}},{\"@type\":\"ListItem\",\"@id\":\"https:\\\/\\\/allasorias.hu\\\/hirek\\\/unios-atlag-alatt-a-szegenyseg-magyarorszagon\\\/#listItem\",\"position\":3,\"name\":\"Uni\\u00f3s \\u00e1tlag alatt a szeg\\u00e9nys\\u00e9g Magyarorsz\\u00e1gon\",\"previousItem\":{\"@type\":\"ListItem\",\"@id\":\"https:\\\/\\\/allasorias.hu\\\/hirek\\\/temak\\\/gazdasag\\\/#listItem\",\"name\":\"Gazdas\\u00e1g\"}}]},{\"@type\":\"Organization\",\"@id\":\"https:\\\/\\\/allasorias.hu\\\/hirek\\\/#organization\",\"name\":\"AllasOrias.hu | H\\u00edrek-lapszemle\",\"description\":\"\\u00dczleti h\\u00edrek az \\u00e1ll\\u00e1s \\u00e9s a munka vil\\u00e1g\\u00e1b\\u00f3l\",\"url\":\"https:\\\/\\\/allasorias.hu\\\/hirek\\\/\",\"logo\":{\"@type\":\"ImageObject\",\"url\":\"https:\\\/\\\/allasorias.hu\\\/hirek\\\/wp-content\\\/uploads\\\/2022\\\/10\\\/allasorias_site_facebok_logo.png\",\"@id\":\"https:\\\/\\\/allasorias.hu\\\/hirek\\\/unios-atlag-alatt-a-szegenyseg-magyarorszagon\\\/#organizationLogo\"},\"image\":{\"@id\":\"https:\\\/\\\/allasorias.hu\\\/hirek\\\/unios-atlag-alatt-a-szegenyseg-magyarorszagon\\\/#organizationLogo\"},\"sameAs\":[\"https:\\\/\\\/www.facebook.com\\\/allasorias\",\"https:\\\/\\\/www.linkedin.com\\\/company\\\/allasorias\"]},{\"@type\":\"Person\",\"@id\":\"https:\\\/\\\/allasorias.hu\\\/hirek\\\/author\\\/admin-allasorias\\\/#author\",\"url\":\"https:\\\/\\\/allasorias.hu\\\/hirek\\\/author\\\/admin-allasorias\\\/\",\"name\":\"Juh\\u00e1sz P\\u00e9ter\",\"image\":{\"@type\":\"ImageObject\",\"@id\":\"https:\\\/\\\/allasorias.hu\\\/hirek\\\/unios-atlag-alatt-a-szegenyseg-magyarorszagon\\\/#authorImage\",\"url\":\"https:\\\/\\\/secure.gravatar.com\\\/avatar\\\/36e6bcb83148978b992977cb0f54d22feb0cce8a0a849a9410532bb2623ba4c6?s=96&d=mm&r=g\",\"width\":96,\"height\":96,\"caption\":\"Juh\\u00e1sz P\\u00e9ter\"}},{\"@type\":\"WebPage\",\"@id\":\"https:\\\/\\\/allasorias.hu\\\/hirek\\\/unios-atlag-alatt-a-szegenyseg-magyarorszagon\\\/#webpage\",\"url\":\"https:\\\/\\\/allasorias.hu\\\/hirek\\\/unios-atlag-alatt-a-szegenyseg-magyarorszagon\\\/\",\"name\":\"Uni\\u00f3s \\u00e1tlag alatt a szeg\\u00e9nys\\u00e9g Magyarorsz\\u00e1gon |\",\"description\":\"A KSH adatai szerint cs\\u00f6kkent a szeg\\u00e9nys\\u00e9gben \\u00e9l\\u0151k sz\\u00e1ma haz\\u00e1nkban az ut\\u00f3bbi id\\u0151ben. 2010 \\u00f3ta fokozatosan javult a szeg\\u00e9nys\\u00e9g Magyarorsz\\u00e1gon.\",\"inLanguage\":\"hu-HU\",\"isPartOf\":{\"@id\":\"https:\\\/\\\/allasorias.hu\\\/hirek\\\/#website\"},\"breadcrumb\":{\"@id\":\"https:\\\/\\\/allasorias.hu\\\/hirek\\\/unios-atlag-alatt-a-szegenyseg-magyarorszagon\\\/#breadcrumblist\"},\"author\":{\"@id\":\"https:\\\/\\\/allasorias.hu\\\/hirek\\\/author\\\/admin-allasorias\\\/#author\"},\"creator\":{\"@id\":\"https:\\\/\\\/allasorias.hu\\\/hirek\\\/author\\\/admin-allasorias\\\/#author\"},\"image\":{\"@type\":\"ImageObject\",\"url\":\"https:\\\/\\\/allasorias.hu\\\/hirek\\\/wp-content\\\/uploads\\\/2022\\\/11\\\/szegenyseg-Magyarorszagon.jpg\",\"@id\":\"https:\\\/\\\/allasorias.hu\\\/hirek\\\/unios-atlag-alatt-a-szegenyseg-magyarorszagon\\\/#mainImage\",\"width\":1280,\"height\":853,\"caption\":\"Uni\\u00f3s \\u00e1tlag alatt a szeg\\u00e9nys\\u00e9g Magyarorsz\\u00e1gon - Allasorias.hu\\\/Hirek\"},\"primaryImageOfPage\":{\"@id\":\"https:\\\/\\\/allasorias.hu\\\/hirek\\\/unios-atlag-alatt-a-szegenyseg-magyarorszagon\\\/#mainImage\"},\"datePublished\":\"2022-11-17T11:53:10+02:00\",\"dateModified\":\"2022-11-17T11:53:10+02:00\"},{\"@type\":\"WebSite\",\"@id\":\"https:\\\/\\\/allasorias.hu\\\/hirek\\\/#website\",\"url\":\"https:\\\/\\\/allasorias.hu\\\/hirek\\\/\",\"name\":\"AllasOrias.hu | H\\u00edrek-lapszemle\",\"description\":\"\\u00dczleti h\\u00edrek az \\u00e1ll\\u00e1s \\u00e9s a munka vil\\u00e1g\\u00e1b\\u00f3l\",\"inLanguage\":\"hu-HU\",\"publisher\":{\"@id\":\"https:\\\/\\\/allasorias.hu\\\/hirek\\\/#organization\"}}]}\n\t\t<\/script>\n\t\t<!-- All in One SEO -->\n\n","aioseo_head_json":{"title":"Uni\u00f3s \u00e1tlag alatt a szeg\u00e9nys\u00e9g Magyarorsz\u00e1gon |","description":"A KSH adatai szerint cs\u00f6kkent a szeg\u00e9nys\u00e9gben \u00e9l\u0151k sz\u00e1ma haz\u00e1nkban az ut\u00f3bbi id\u0151ben. 2010 \u00f3ta fokozatosan javult a szeg\u00e9nys\u00e9g Magyarorsz\u00e1gon.","canonical_url":"https:\/\/allasorias.hu\/hirek\/unios-atlag-alatt-a-szegenyseg-magyarorszagon\/","robots":"max-image-preview:large","keywords":"statisztika,szeg\u00e9nys\u00e9g","webmasterTools":{"miscellaneous":""},"schema":{"@context":"https:\/\/schema.org","@graph":[{"@type":"Article","@id":"https:\/\/allasorias.hu\/hirek\/unios-atlag-alatt-a-szegenyseg-magyarorszagon\/#article","name":"Uni\u00f3s \u00e1tlag alatt a szeg\u00e9nys\u00e9g Magyarorsz\u00e1gon |","headline":"Uni\u00f3s \u00e1tlag alatt a szeg\u00e9nys\u00e9g Magyarorsz\u00e1gon","author":{"@id":"https:\/\/allasorias.hu\/hirek\/author\/admin-allasorias\/#author"},"publisher":{"@id":"https:\/\/allasorias.hu\/hirek\/#organization"},"image":{"@type":"ImageObject","url":"https:\/\/allasorias.hu\/hirek\/wp-content\/uploads\/2022\/11\/szegenyseg-Magyarorszagon.jpg","width":1280,"height":853,"caption":"Uni\u00f3s \u00e1tlag alatt a szeg\u00e9nys\u00e9g Magyarorsz\u00e1gon - Allasorias.hu\/Hirek"},"datePublished":"2022-11-17T11:53:10+02:00","dateModified":"2022-11-17T11:53:10+02:00","inLanguage":"hu-HU","mainEntityOfPage":{"@id":"https:\/\/allasorias.hu\/hirek\/unios-atlag-alatt-a-szegenyseg-magyarorszagon\/#webpage"},"isPartOf":{"@id":"https:\/\/allasorias.hu\/hirek\/unios-atlag-alatt-a-szegenyseg-magyarorszagon\/#webpage"},"articleSection":"Gazdas\u00e1g, statisztika, szeg\u00e9nys\u00e9g"},{"@type":"BreadcrumbList","@id":"https:\/\/allasorias.hu\/hirek\/unios-atlag-alatt-a-szegenyseg-magyarorszagon\/#breadcrumblist","itemListElement":[{"@type":"ListItem","@id":"https:\/\/allasorias.hu\/hirek#listItem","position":1,"name":"Home","item":"https:\/\/allasorias.hu\/hirek","nextItem":{"@type":"ListItem","@id":"https:\/\/allasorias.hu\/hirek\/temak\/gazdasag\/#listItem","name":"Gazdas\u00e1g"}},{"@type":"ListItem","@id":"https:\/\/allasorias.hu\/hirek\/temak\/gazdasag\/#listItem","position":2,"name":"Gazdas\u00e1g","item":"https:\/\/allasorias.hu\/hirek\/temak\/gazdasag\/","nextItem":{"@type":"ListItem","@id":"https:\/\/allasorias.hu\/hirek\/unios-atlag-alatt-a-szegenyseg-magyarorszagon\/#listItem","name":"Uni\u00f3s \u00e1tlag alatt a szeg\u00e9nys\u00e9g Magyarorsz\u00e1gon"},"previousItem":{"@type":"ListItem","@id":"https:\/\/allasorias.hu\/hirek#listItem","name":"Home"}},{"@type":"ListItem","@id":"https:\/\/allasorias.hu\/hirek\/unios-atlag-alatt-a-szegenyseg-magyarorszagon\/#listItem","position":3,"name":"Uni\u00f3s \u00e1tlag alatt a szeg\u00e9nys\u00e9g Magyarorsz\u00e1gon","previousItem":{"@type":"ListItem","@id":"https:\/\/allasorias.hu\/hirek\/temak\/gazdasag\/#listItem","name":"Gazdas\u00e1g"}}]},{"@type":"Organization","@id":"https:\/\/allasorias.hu\/hirek\/#organization","name":"AllasOrias.hu | H\u00edrek-lapszemle","description":"\u00dczleti h\u00edrek az \u00e1ll\u00e1s \u00e9s a munka vil\u00e1g\u00e1b\u00f3l","url":"https:\/\/allasorias.hu\/hirek\/","logo":{"@type":"ImageObject","url":"https:\/\/allasorias.hu\/hirek\/wp-content\/uploads\/2022\/10\/allasorias_site_facebok_logo.png","@id":"https:\/\/allasorias.hu\/hirek\/unios-atlag-alatt-a-szegenyseg-magyarorszagon\/#organizationLogo"},"image":{"@id":"https:\/\/allasorias.hu\/hirek\/unios-atlag-alatt-a-szegenyseg-magyarorszagon\/#organizationLogo"},"sameAs":["https:\/\/www.facebook.com\/allasorias","https:\/\/www.linkedin.com\/company\/allasorias"]},{"@type":"Person","@id":"https:\/\/allasorias.hu\/hirek\/author\/admin-allasorias\/#author","url":"https:\/\/allasorias.hu\/hirek\/author\/admin-allasorias\/","name":"Juh\u00e1sz P\u00e9ter","image":{"@type":"ImageObject","@id":"https:\/\/allasorias.hu\/hirek\/unios-atlag-alatt-a-szegenyseg-magyarorszagon\/#authorImage","url":"https:\/\/secure.gravatar.com\/avatar\/36e6bcb83148978b992977cb0f54d22feb0cce8a0a849a9410532bb2623ba4c6?s=96&d=mm&r=g","width":96,"height":96,"caption":"Juh\u00e1sz P\u00e9ter"}},{"@type":"WebPage","@id":"https:\/\/allasorias.hu\/hirek\/unios-atlag-alatt-a-szegenyseg-magyarorszagon\/#webpage","url":"https:\/\/allasorias.hu\/hirek\/unios-atlag-alatt-a-szegenyseg-magyarorszagon\/","name":"Uni\u00f3s \u00e1tlag alatt a szeg\u00e9nys\u00e9g Magyarorsz\u00e1gon |","description":"A KSH adatai szerint cs\u00f6kkent a szeg\u00e9nys\u00e9gben \u00e9l\u0151k sz\u00e1ma haz\u00e1nkban az ut\u00f3bbi id\u0151ben. 2010 \u00f3ta fokozatosan javult a szeg\u00e9nys\u00e9g Magyarorsz\u00e1gon.","inLanguage":"hu-HU","isPartOf":{"@id":"https:\/\/allasorias.hu\/hirek\/#website"},"breadcrumb":{"@id":"https:\/\/allasorias.hu\/hirek\/unios-atlag-alatt-a-szegenyseg-magyarorszagon\/#breadcrumblist"},"author":{"@id":"https:\/\/allasorias.hu\/hirek\/author\/admin-allasorias\/#author"},"creator":{"@id":"https:\/\/allasorias.hu\/hirek\/author\/admin-allasorias\/#author"},"image":{"@type":"ImageObject","url":"https:\/\/allasorias.hu\/hirek\/wp-content\/uploads\/2022\/11\/szegenyseg-Magyarorszagon.jpg","@id":"https:\/\/allasorias.hu\/hirek\/unios-atlag-alatt-a-szegenyseg-magyarorszagon\/#mainImage","width":1280,"height":853,"caption":"Uni\u00f3s \u00e1tlag alatt a szeg\u00e9nys\u00e9g Magyarorsz\u00e1gon - Allasorias.hu\/Hirek"},"primaryImageOfPage":{"@id":"https:\/\/allasorias.hu\/hirek\/unios-atlag-alatt-a-szegenyseg-magyarorszagon\/#mainImage"},"datePublished":"2022-11-17T11:53:10+02:00","dateModified":"2022-11-17T11:53:10+02:00"},{"@type":"WebSite","@id":"https:\/\/allasorias.hu\/hirek\/#website","url":"https:\/\/allasorias.hu\/hirek\/","name":"AllasOrias.hu | H\u00edrek-lapszemle","description":"\u00dczleti h\u00edrek az \u00e1ll\u00e1s \u00e9s a munka vil\u00e1g\u00e1b\u00f3l","inLanguage":"hu-HU","publisher":{"@id":"https:\/\/allasorias.hu\/hirek\/#organization"}}]},"og:locale":"hu_HU","og:site_name":"AllasOrias.hu | H\u00edrek-lapszemle | \u00dczleti h\u00edrek az \u00e1ll\u00e1s \u00e9s a munka vil\u00e1g\u00e1b\u00f3l","og:type":"article","og:title":"Uni\u00f3s \u00e1tlag alatt a szeg\u00e9nys\u00e9g Magyarorsz\u00e1gon |","og:description":"A KSH adatai szerint cs\u00f6kkent a szeg\u00e9nys\u00e9gben \u00e9l\u0151k sz\u00e1ma haz\u00e1nkban az ut\u00f3bbi id\u0151ben. 2010 \u00f3ta fokozatosan javult a szeg\u00e9nys\u00e9g Magyarorsz\u00e1gon.","og:url":"https:\/\/allasorias.hu\/hirek\/unios-atlag-alatt-a-szegenyseg-magyarorszagon\/","og:image":"https:\/\/allasorias.hu\/hirek\/wp-content\/uploads\/2022\/11\/szegenyseg-Magyarorszagon.jpg","og:image:secure_url":"https:\/\/allasorias.hu\/hirek\/wp-content\/uploads\/2022\/11\/szegenyseg-Magyarorszagon.jpg","og:image:width":1280,"og:image:height":853,"article:published_time":"2022-11-17T11:53:10+00:00","article:modified_time":"2022-11-17T11:53:10+00:00","article:publisher":"https:\/\/www.facebook.com\/allasorias","twitter:card":"summary_large_image","twitter:title":"Uni\u00f3s \u00e1tlag alatt a szeg\u00e9nys\u00e9g Magyarorsz\u00e1gon |","twitter:description":"A KSH adatai szerint cs\u00f6kkent a szeg\u00e9nys\u00e9gben \u00e9l\u0151k sz\u00e1ma haz\u00e1nkban az ut\u00f3bbi id\u0151ben. 2010 \u00f3ta fokozatosan javult a szeg\u00e9nys\u00e9g Magyarorsz\u00e1gon.","twitter:image":"https:\/\/allasorias.hu\/hirek\/wp-content\/uploads\/2022\/11\/szegenyseg-Magyarorszagon.jpg","twitter:label1":"Written by","twitter:data1":"Juh\u00e1sz P\u00e9ter","twitter:label2":"Est. reading time","twitter:data2":"2 minutes"},"aioseo_meta_data":{"post_id":"5975","title":"#post_title |","description":"A KSH adatai szerint cs\u00f6kkent a szeg\u00e9nys\u00e9gben \u00e9l\u0151k sz\u00e1ma haz\u00e1nkban az ut\u00f3bbi id\u0151ben. 2010 \u00f3ta fokozatosan javult a szeg\u00e9nys\u00e9g Magyarorsz\u00e1gon.","keywords":[],"keyphrases":{"focus":{"keyphrase":"szeg\u00e9nys\u00e9g Magyarorsz\u00e1gon","score":76,"analysis":{"keyphraseInTitle":{"title":"Focus keyphrase in SEO title","description":"Focus keyphrase found in SEO title.","score":9,"maxScore":9,"error":0},"keyphraseInDescription":{"title":"Focus keyphrase in meta description","description":"Focus keyphrase found in meta description.","score":9,"maxScore":9,"error":0},"keyphraseLength":{"title":"Focus keyphrase length","description":"Good job!","score":9,"maxScore":9,"error":0,"length":2},"keyphraseInURL":{"title":"Focus keyphrase in URL","description":"Focus keyphrase not found in the URL.","score":1,"maxScore":5,"error":1},"keyphraseInIntroduction":{"title":"Focus keyphrase in introduction","description":"Your Focus keyphrase does not appear in the first paragraph. Make sure the topic is clear immediately.","score":3,"maxScore":9,"error":1},"keyphraseInSubHeadings":[],"keyphraseInImageAlt":[]}},"additional":[]},"primary_term":null,"canonical_url":null,"og_title":null,"og_description":null,"og_object_type":"default","og_image_type":"default","og_image_url":null,"og_image_width":null,"og_image_height":null,"og_image_custom_url":null,"og_image_custom_fields":null,"og_video":"","og_custom_url":null,"og_article_section":null,"og_article_tags":[],"twitter_use_og":true,"twitter_card":"default","twitter_image_type":"default","twitter_image_url":null,"twitter_image_custom_url":null,"twitter_image_custom_fields":null,"twitter_title":null,"twitter_description":null,"schema":{"blockGraphs":[],"customGraphs":[],"default":{"data":{"Article":[],"Course":[],"Dataset":[],"FAQPage":[],"Movie":[],"Person":[],"Product":[],"ProductReview":[],"Car":[],"Recipe":[],"Service":[],"SoftwareApplication":[],"WebPage":[]},"graphName":"Article","isEnabled":true},"graphs":[]},"schema_type":"default","schema_type_options":null,"pillar_content":false,"robots_default":true,"robots_noindex":false,"robots_noarchive":false,"robots_nosnippet":false,"robots_nofollow":false,"robots_noimageindex":false,"robots_noodp":false,"robots_notranslate":false,"robots_max_snippet":"-1","robots_max_videopreview":"-1","robots_max_imagepreview":"large","priority":null,"frequency":"default","location":null,"local_seo":null,"breadcrumb_settings":null,"limit_modified_date":false,"ai":null,"created":"2022-11-17 11:28:07","updated":"2025-10-02 17:30:19","seo_analyzer_scan_date":null,"focus_keyword":"szeg\u00e9nys\u00e9g Magyarorsz\u00e1gon","additional_keywords":null,"truseo_locale":null},"aioseo_breadcrumb":"<div class=\"aioseo-breadcrumbs\"><span class=\"aioseo-breadcrumb\">\n\t\t\t<a href=\"https:\/\/allasorias.hu\/hirek\" title=\"Home\">Home<\/a>\n\t\t<\/span><span class=\"aioseo-breadcrumb-separator\">&raquo;<\/span><span class=\"aioseo-breadcrumb\">\n\t\t\t<a href=\"https:\/\/allasorias.hu\/hirek\/temak\/gazdasag\/\" title=\"Gazdas\u00e1g\">Gazdas\u00e1g<\/a>\n\t\t<\/span><span class=\"aioseo-breadcrumb-separator\">&raquo;<\/span><span class=\"aioseo-breadcrumb\">\n\t\t\tUni\u00f3s \u00e1tlag alatt a szeg\u00e9nys\u00e9g Magyarorsz\u00e1gon\n\t\t<\/span><\/div>","aioseo_breadcrumb_json":[{"label":"Home","link":"https:\/\/allasorias.hu\/hirek"},{"label":"Gazdas\u00e1g","link":"https:\/\/allasorias.hu\/hirek\/temak\/gazdasag\/"},{"label":"Uni\u00f3s \u00e1tlag alatt a szeg\u00e9nys\u00e9g Magyarorsz\u00e1gon","link":"https:\/\/allasorias.hu\/hirek\/unios-atlag-alatt-a-szegenyseg-magyarorszagon\/"}],"_links":{"self":[{"href":"https:\/\/allasorias.hu\/hirek\/wp-json\/wp\/v2\/posts\/5975","targetHints":{"allow":["GET"]}}],"collection":[{"href":"https:\/\/allasorias.hu\/hirek\/wp-json\/wp\/v2\/posts"}],"about":[{"href":"https:\/\/allasorias.hu\/hirek\/wp-json\/wp\/v2\/types\/post"}],"author":[{"embeddable":true,"href":"https:\/\/allasorias.hu\/hirek\/wp-json\/wp\/v2\/users\/1"}],"replies":[{"embeddable":true,"href":"https:\/\/allasorias.hu\/hirek\/wp-json\/wp\/v2\/comments?post=5975"}],"version-history":[{"count":1,"href":"https:\/\/allasorias.hu\/hirek\/wp-json\/wp\/v2\/posts\/5975\/revisions"}],"predecessor-version":[{"id":5977,"href":"https:\/\/allasorias.hu\/hirek\/wp-json\/wp\/v2\/posts\/5975\/revisions\/5977"}],"wp:featuredmedia":[{"embeddable":true,"href":"https:\/\/allasorias.hu\/hirek\/wp-json\/wp\/v2\/media\/5976"}],"wp:attachment":[{"href":"https:\/\/allasorias.hu\/hirek\/wp-json\/wp\/v2\/media?parent=5975"}],"wp:term":[{"taxonomy":"category","embeddable":true,"href":"https:\/\/allasorias.hu\/hirek\/wp-json\/wp\/v2\/categories?post=5975"},{"taxonomy":"post_tag","embeddable":true,"href":"https:\/\/allasorias.hu\/hirek\/wp-json\/wp\/v2\/tags?post=5975"}],"curies":[{"name":"wp","href":"https:\/\/api.w.org\/{rel}","templated":true}]}}