{"id":5968,"date":"2022-11-15T11:02:49","date_gmt":"2022-11-15T11:02:49","guid":{"rendered":"https:\/\/allasorias.hu\/hirek\/?p=5968"},"modified":"2022-11-15T11:02:49","modified_gmt":"2022-11-15T11:02:49","slug":"a-fovarosban-koncentralodnak-a-kepzett-szakemberek","status":"publish","type":"post","link":"https:\/\/allasorias.hu\/hirek\/a-fovarosban-koncentralodnak-a-kepzett-szakemberek\/","title":{"rendered":"A f\u0151v\u00e1rosban koncentr\u00e1l\u00f3dnak a k\u00e9pzett szakemberek"},"content":{"rendered":"<p><strong>A diplom\u00e1sok ar\u00e1nya felt\u0171n\u0151en magas a f\u0151v\u00e1rosban, m\u00edg vid\u00e9ken rosszabb a helyzet. \u00c9szak-Magyarorsz\u00e1gon viszont kevesebb a magasan kvalifik\u00e1lt szakember. \u00d6sszehasonl\u00edtva az eur\u00f3pai r\u00e9gi\u00f3kkal, haz\u00e1nkban a legnagyobb az elt\u00e9r\u00e9s az egyes orsz\u00e1gr\u00e9szek k\u00f6z\u00f6tt.<\/strong><\/p>\n<p>Magyarorsz\u00e1g t\u00e9rs\u00e9gei k\u00f6z\u00f6tt sok szempontb\u00f3l \u00e9les kontraszt mutatkozik, ezek k\u00f6z\u00fcl az egyik legfontosabb a fels\u0151fok\u00fa v\u00e9gzetts\u00e9g\u0171ek ar\u00e1nya. A magasan k\u00e9pzett 25-34 \u00e9vesek ar\u00e1nya Budapesten az Eurostat elemz\u00e9se szerint is kiemelked\u0151 volt 2021-ben, mik\u00f6zben az orsz\u00e1g keleti r\u00e9gi\u00f3it a kontinens legalacsonyabb \u00e9rt\u00e9kei jellemezt\u00e9k \u2013 a f\u0151v\u00e1rosi 61,1 sz\u00e1zal\u00e9kos ar\u00e1ny az eur\u00f3pai r\u00e9gi\u00f3k a k\u00f6z\u00f6tt a 12. legmagasabb, megosztva a \u00c9szak-Hollandi\u00e1val, mik\u00f6zben az \u00c9szak-Magyarorsz\u00e1gon m\u00e9rt 19,2 sz\u00e1zal\u00e9k a rangsor v\u00e9g\u00e9r\u0151l indulva a hetedik helyen tal\u00e1lhat\u00f3, amelyen a k\u00e9t magyar k\u00f6zigazgat\u00e1si egys\u00e9g k\u00f6z\u00e9 237 eur\u00f3pai t\u00e9rs\u00e9g \u00e9kel\u0151dik.<\/p>\n<p>Az orsz\u00e1gon bel\u00fcli ter\u00fcleti k\u00fcl\u00f6nbs\u00e9geket n\u00e9zve mindenesetre kiemelked\u0151 a magyar r\u00e9gi\u00f3k k\u00f6z\u00f6tti sz\u00f3r\u00e1s \u2013 ez a mutat\u00f3 l\u00e9nyeg\u00e9ben a region\u00e1lis adatok \u00e9s az orsz\u00e1gos \u00e1tlag k\u00f6z\u00f6tti \u00e1tlagos elt\u00e9r\u00e9st mutatja. A mind\u00f6sszesen k\u00e9t r\u00e9gi\u00f3b\u00f3l \u00e1ll\u00f3 Litv\u00e1ni\u00e1t k\u00f6vet\u0151en ugyanis Magyarorsz\u00e1gon sz\u00f3r\u00f3dik a legnagyobb m\u00e9rt\u00e9kben a diplom\u00e1sok \u00e9s fels\u0151fok\u00fa szakk\u00e9pzetts\u00e9gek t\u00e9rs\u00e9genk\u00e9nti ar\u00e1nya, vagyis a fentebb bemutatott k\u00fcl\u00f6nbs\u00e9gek uni\u00f3s \u00f6sszehasonl\u00edt\u00e1sban is mark\u00e1nsak.<\/p>\n<p>A jelens\u00e9g munkaer\u0151piaci szempontb\u00f3l az\u00e9rt k\u00fcl\u00f6n\u00f6sen probl\u00e9m\u00e1s, mert v\u00e9lhet\u0151en a jelenlegin\u00e9l m\u00e9g t\u00f6bb fiatal diplom\u00e1s tudna elhelyezkedni Magyarorsz\u00e1gon, amint azt nemr\u00e9giben egy OECD-jelent\u00e9s ismertet\u00e9se sor\u00e1n kifejtett\u00fck: a foglalkoztatotts\u00e1g ar\u00e1nya a fiatal magyar diplom\u00e1sok k\u00f6z\u00f6tt viszonylag magas, \u00e9s a Magyarorsz\u00e1gon el\u00e9rhet\u0151 b\u00e9rpr\u00e9mium is tekint\u00e9lyes m\u00e9rt\u00e9k\u0171 nemzetk\u00f6zi \u00f6sszehasonl\u00edt\u00e1sban. Ezen \u00e1ltal\u00e1nos munkaer\u0151piaci ig\u00e9ny kiel\u00e9g\u00edt\u00e9s\u00e9ben f\u0151leg a keleti orsz\u00e1gr\u00e9szek csak korl\u00e1tozott m\u00e9rt\u00e9kben vesznek teh\u00e1t r\u00e9szt.<\/p>\n<p>Forr\u00e1s: <a href=\"https:\/\/g7.hu\/kozelet\/20221114\/budapesten-kiemelkedoen-jo-a-magasan-kepzett-fiatalok-aranya-de-a-keleti-orszagresz-brutalisan-le-van-szakadva\/\" target=\"_blank\" rel=\"nofollow noopener\">g7.hu<\/a><\/p>\n","protected":false},"excerpt":{"rendered":"<p>A diplom\u00e1sok ar\u00e1nya felt\u0171n\u0151en magas a f\u0151v\u00e1rosban, m\u00edg vid\u00e9ken rosszabb a helyzet. \u00c9szak-Magyarorsz\u00e1gon viszont kevesebb a magasan kvalifik\u00e1lt szakember. \u00d6sszehasonl\u00edtva az eur\u00f3pai r\u00e9gi\u00f3kkal, haz\u00e1nkban a legnagyobb az elt\u00e9r\u00e9s az egyes orsz\u00e1gr\u00e9szek k\u00f6z\u00f6tt. Magyarorsz\u00e1g t\u00e9rs\u00e9gei k\u00f6z\u00f6tt sok szempontb\u00f3l \u00e9les kontraszt mutatkozik, ezek k\u00f6z\u00fcl az egyik legfontosabb a fels\u0151fok\u00fa v\u00e9gzetts\u00e9g\u0171ek ar\u00e1nya. A magasan k\u00e9pzett 25-34 \u00e9vesek ar\u00e1nya [&hellip;]<\/p>\n","protected":false},"author":1,"featured_media":5969,"comment_status":"open","ping_status":"open","sticky":false,"template":"","format":"standard","meta":{"_monsterinsights_skip_tracking":false,"footnotes":""},"categories":[200],"tags":[261,262],"class_list":["post-5968","post","type-post","status-publish","format-standard","has-post-thumbnail","hentry","category-munkaeropiac","tag-diplomasok","tag-szakemberek"],"aioseo_notices":[],"aioseo_head":"\n\t\t<!-- All in One SEO 5.0.0.1 - aioseo.com -->\n\t<meta name=\"description\" content=\"A diplom\u00e1sok ar\u00e1nya felt\u0171n\u0151en magas a f\u0151v\u00e1rosban, m\u00edg vid\u00e9ken rosszabb a helyzet. \u00c9szak-Magyarorsz\u00e1gon viszont kevesebb a magasan kvalifik\u00e1lt szakember.\" \/>\n\t<meta name=\"robots\" content=\"max-image-preview:large\" \/>\n\t<meta name=\"author\" content=\"Juh\u00e1sz P\u00e9ter\"\/>\n\t<meta name=\"keywords\" content=\"diplom\u00e1sok,szakemberek\" \/>\n\t<link rel=\"canonical\" href=\"https:\/\/allasorias.hu\/hirek\/a-fovarosban-koncentralodnak-a-kepzett-szakemberek\/\" \/>\n\t<meta name=\"generator\" content=\"All in One SEO (AIOSEO) 5.0.0.1\" \/>\n\t\t<meta property=\"og:locale\" content=\"hu_HU\" \/>\n\t\t<meta property=\"og:site_name\" content=\"AllasOrias.hu | H\u00edrek-lapszemle | \u00dczleti h\u00edrek az \u00e1ll\u00e1s \u00e9s a munka vil\u00e1g\u00e1b\u00f3l\" \/>\n\t\t<meta property=\"og:type\" content=\"article\" \/>\n\t\t<meta property=\"og:title\" content=\"A diplom\u00e1sok ar\u00e1nya felt\u0171n\u0151en magas a f\u0151v\u00e1rosban\" \/>\n\t\t<meta property=\"og:description\" content=\"A diplom\u00e1sok ar\u00e1nya felt\u0171n\u0151en magas a f\u0151v\u00e1rosban, m\u00edg vid\u00e9ken rosszabb a helyzet. \u00c9szak-Magyarorsz\u00e1gon viszont kevesebb a magasan kvalifik\u00e1lt szakember.\" \/>\n\t\t<meta property=\"og:url\" content=\"https:\/\/allasorias.hu\/hirek\/a-fovarosban-koncentralodnak-a-kepzett-szakemberek\/\" \/>\n\t\t<meta property=\"og:image\" content=\"https:\/\/allasorias.hu\/hirek\/wp-content\/uploads\/2022\/11\/Diplomas-szakemberek.jpg\" \/>\n\t\t<meta property=\"og:image:secure_url\" content=\"https:\/\/allasorias.hu\/hirek\/wp-content\/uploads\/2022\/11\/Diplomas-szakemberek.jpg\" \/>\n\t\t<meta property=\"og:image:width\" content=\"1280\" \/>\n\t\t<meta property=\"og:image:height\" content=\"853\" \/>\n\t\t<meta property=\"article:published_time\" content=\"2022-11-15T11:02:49+00:00\" \/>\n\t\t<meta property=\"article:modified_time\" content=\"2022-11-15T11:02:49+00:00\" \/>\n\t\t<meta property=\"article:publisher\" content=\"https:\/\/www.facebook.com\/allasorias\" \/>\n\t\t<meta name=\"twitter:card\" content=\"summary_large_image\" \/>\n\t\t<meta name=\"twitter:title\" content=\"A diplom\u00e1sok ar\u00e1nya felt\u0171n\u0151en magas a f\u0151v\u00e1rosban\" \/>\n\t\t<meta name=\"twitter:description\" content=\"A diplom\u00e1sok ar\u00e1nya felt\u0171n\u0151en magas a f\u0151v\u00e1rosban, m\u00edg vid\u00e9ken rosszabb a helyzet. \u00c9szak-Magyarorsz\u00e1gon viszont kevesebb a magasan kvalifik\u00e1lt szakember.\" \/>\n\t\t<meta name=\"twitter:image\" content=\"https:\/\/allasorias.hu\/hirek\/wp-content\/uploads\/2022\/11\/Diplomas-szakemberek.jpg\" \/>\n\t\t<meta name=\"twitter:label1\" content=\"Written by\" \/>\n\t\t<meta name=\"twitter:data1\" content=\"Juh\u00e1sz P\u00e9ter\" \/>\n\t\t<meta name=\"twitter:label2\" content=\"Est. reading time\" \/>\n\t\t<meta name=\"twitter:data2\" content=\"2 minutes\" \/>\n\t\t<script type=\"application\/ld+json\" class=\"aioseo-schema\">\n\t\t\t{\"@context\":\"https:\\\/\\\/schema.org\",\"@graph\":[{\"@type\":\"Article\",\"@id\":\"https:\\\/\\\/allasorias.hu\\\/hirek\\\/a-fovarosban-koncentralodnak-a-kepzett-szakemberek\\\/#article\",\"name\":\"A diplom\\u00e1sok ar\\u00e1nya felt\\u0171n\\u0151en magas a f\\u0151v\\u00e1rosban\",\"headline\":\"A f\\u0151v\\u00e1rosban koncentr\\u00e1l\\u00f3dnak a k\\u00e9pzett szakemberek\",\"author\":{\"@id\":\"https:\\\/\\\/allasorias.hu\\\/hirek\\\/author\\\/admin-allasorias\\\/#author\"},\"publisher\":{\"@id\":\"https:\\\/\\\/allasorias.hu\\\/hirek\\\/#organization\"},\"image\":{\"@type\":\"ImageObject\",\"url\":\"https:\\\/\\\/allasorias.hu\\\/hirek\\\/wp-content\\\/uploads\\\/2022\\\/11\\\/Diplomas-szakemberek.jpg\",\"width\":1280,\"height\":853,\"caption\":\"A f\\u0151v\\u00e1rosban koncentr\\u00e1l\\u00f3dnak a k\\u00e9pzett szakemberek - Allasorias.hu\\\/Hirek\"},\"datePublished\":\"2022-11-15T11:02:49+02:00\",\"dateModified\":\"2022-11-15T11:02:49+02:00\",\"inLanguage\":\"hu-HU\",\"mainEntityOfPage\":{\"@id\":\"https:\\\/\\\/allasorias.hu\\\/hirek\\\/a-fovarosban-koncentralodnak-a-kepzett-szakemberek\\\/#webpage\"},\"isPartOf\":{\"@id\":\"https:\\\/\\\/allasorias.hu\\\/hirek\\\/a-fovarosban-koncentralodnak-a-kepzett-szakemberek\\\/#webpage\"},\"articleSection\":\"Munkaer\\u0151piac, diplom\\u00e1sok, szakemberek\"},{\"@type\":\"BreadcrumbList\",\"@id\":\"https:\\\/\\\/allasorias.hu\\\/hirek\\\/a-fovarosban-koncentralodnak-a-kepzett-szakemberek\\\/#breadcrumblist\",\"itemListElement\":[{\"@type\":\"ListItem\",\"@id\":\"https:\\\/\\\/allasorias.hu\\\/hirek#listItem\",\"position\":1,\"name\":\"Home\",\"item\":\"https:\\\/\\\/allasorias.hu\\\/hirek\",\"nextItem\":{\"@type\":\"ListItem\",\"@id\":\"https:\\\/\\\/allasorias.hu\\\/hirek\\\/temak\\\/munkaeropiac\\\/#listItem\",\"name\":\"Munkaer\\u0151piac\"}},{\"@type\":\"ListItem\",\"@id\":\"https:\\\/\\\/allasorias.hu\\\/hirek\\\/temak\\\/munkaeropiac\\\/#listItem\",\"position\":2,\"name\":\"Munkaer\\u0151piac\",\"item\":\"https:\\\/\\\/allasorias.hu\\\/hirek\\\/temak\\\/munkaeropiac\\\/\",\"nextItem\":{\"@type\":\"ListItem\",\"@id\":\"https:\\\/\\\/allasorias.hu\\\/hirek\\\/a-fovarosban-koncentralodnak-a-kepzett-szakemberek\\\/#listItem\",\"name\":\"A f\\u0151v\\u00e1rosban koncentr\\u00e1l\\u00f3dnak a k\\u00e9pzett szakemberek\"},\"previousItem\":{\"@type\":\"ListItem\",\"@id\":\"https:\\\/\\\/allasorias.hu\\\/hirek#listItem\",\"name\":\"Home\"}},{\"@type\":\"ListItem\",\"@id\":\"https:\\\/\\\/allasorias.hu\\\/hirek\\\/a-fovarosban-koncentralodnak-a-kepzett-szakemberek\\\/#listItem\",\"position\":3,\"name\":\"A f\\u0151v\\u00e1rosban koncentr\\u00e1l\\u00f3dnak a k\\u00e9pzett szakemberek\",\"previousItem\":{\"@type\":\"ListItem\",\"@id\":\"https:\\\/\\\/allasorias.hu\\\/hirek\\\/temak\\\/munkaeropiac\\\/#listItem\",\"name\":\"Munkaer\\u0151piac\"}}]},{\"@type\":\"Organization\",\"@id\":\"https:\\\/\\\/allasorias.hu\\\/hirek\\\/#organization\",\"name\":\"AllasOrias.hu | H\\u00edrek-lapszemle\",\"description\":\"\\u00dczleti h\\u00edrek az \\u00e1ll\\u00e1s \\u00e9s a munka vil\\u00e1g\\u00e1b\\u00f3l\",\"url\":\"https:\\\/\\\/allasorias.hu\\\/hirek\\\/\",\"logo\":{\"@type\":\"ImageObject\",\"url\":\"https:\\\/\\\/allasorias.hu\\\/hirek\\\/wp-content\\\/uploads\\\/2022\\\/10\\\/allasorias_site_facebok_logo.png\",\"@id\":\"https:\\\/\\\/allasorias.hu\\\/hirek\\\/a-fovarosban-koncentralodnak-a-kepzett-szakemberek\\\/#organizationLogo\"},\"image\":{\"@id\":\"https:\\\/\\\/allasorias.hu\\\/hirek\\\/a-fovarosban-koncentralodnak-a-kepzett-szakemberek\\\/#organizationLogo\"},\"sameAs\":[\"https:\\\/\\\/www.facebook.com\\\/allasorias\",\"https:\\\/\\\/www.linkedin.com\\\/company\\\/allasorias\"]},{\"@type\":\"Person\",\"@id\":\"https:\\\/\\\/allasorias.hu\\\/hirek\\\/author\\\/admin-allasorias\\\/#author\",\"url\":\"https:\\\/\\\/allasorias.hu\\\/hirek\\\/author\\\/admin-allasorias\\\/\",\"name\":\"Juh\\u00e1sz P\\u00e9ter\",\"image\":{\"@type\":\"ImageObject\",\"@id\":\"https:\\\/\\\/allasorias.hu\\\/hirek\\\/a-fovarosban-koncentralodnak-a-kepzett-szakemberek\\\/#authorImage\",\"url\":\"https:\\\/\\\/secure.gravatar.com\\\/avatar\\\/36e6bcb83148978b992977cb0f54d22feb0cce8a0a849a9410532bb2623ba4c6?s=96&d=mm&r=g\",\"width\":96,\"height\":96,\"caption\":\"Juh\\u00e1sz P\\u00e9ter\"}},{\"@type\":\"WebPage\",\"@id\":\"https:\\\/\\\/allasorias.hu\\\/hirek\\\/a-fovarosban-koncentralodnak-a-kepzett-szakemberek\\\/#webpage\",\"url\":\"https:\\\/\\\/allasorias.hu\\\/hirek\\\/a-fovarosban-koncentralodnak-a-kepzett-szakemberek\\\/\",\"name\":\"A diplom\\u00e1sok ar\\u00e1nya felt\\u0171n\\u0151en magas a f\\u0151v\\u00e1rosban\",\"description\":\"A diplom\\u00e1sok ar\\u00e1nya felt\\u0171n\\u0151en magas a f\\u0151v\\u00e1rosban, m\\u00edg vid\\u00e9ken rosszabb a helyzet. \\u00c9szak-Magyarorsz\\u00e1gon viszont kevesebb a magasan kvalifik\\u00e1lt szakember.\",\"inLanguage\":\"hu-HU\",\"isPartOf\":{\"@id\":\"https:\\\/\\\/allasorias.hu\\\/hirek\\\/#website\"},\"breadcrumb\":{\"@id\":\"https:\\\/\\\/allasorias.hu\\\/hirek\\\/a-fovarosban-koncentralodnak-a-kepzett-szakemberek\\\/#breadcrumblist\"},\"author\":{\"@id\":\"https:\\\/\\\/allasorias.hu\\\/hirek\\\/author\\\/admin-allasorias\\\/#author\"},\"creator\":{\"@id\":\"https:\\\/\\\/allasorias.hu\\\/hirek\\\/author\\\/admin-allasorias\\\/#author\"},\"image\":{\"@type\":\"ImageObject\",\"url\":\"https:\\\/\\\/allasorias.hu\\\/hirek\\\/wp-content\\\/uploads\\\/2022\\\/11\\\/Diplomas-szakemberek.jpg\",\"@id\":\"https:\\\/\\\/allasorias.hu\\\/hirek\\\/a-fovarosban-koncentralodnak-a-kepzett-szakemberek\\\/#mainImage\",\"width\":1280,\"height\":853,\"caption\":\"A f\\u0151v\\u00e1rosban koncentr\\u00e1l\\u00f3dnak a k\\u00e9pzett szakemberek - Allasorias.hu\\\/Hirek\"},\"primaryImageOfPage\":{\"@id\":\"https:\\\/\\\/allasorias.hu\\\/hirek\\\/a-fovarosban-koncentralodnak-a-kepzett-szakemberek\\\/#mainImage\"},\"datePublished\":\"2022-11-15T11:02:49+02:00\",\"dateModified\":\"2022-11-15T11:02:49+02:00\"},{\"@type\":\"WebSite\",\"@id\":\"https:\\\/\\\/allasorias.hu\\\/hirek\\\/#website\",\"url\":\"https:\\\/\\\/allasorias.hu\\\/hirek\\\/\",\"name\":\"AllasOrias.hu | H\\u00edrek-lapszemle\",\"description\":\"\\u00dczleti h\\u00edrek az \\u00e1ll\\u00e1s \\u00e9s a munka vil\\u00e1g\\u00e1b\\u00f3l\",\"inLanguage\":\"hu-HU\",\"publisher\":{\"@id\":\"https:\\\/\\\/allasorias.hu\\\/hirek\\\/#organization\"}}]}\n\t\t<\/script>\n\t\t<!-- All in One SEO -->\n\n","aioseo_head_json":{"title":"A diplom\u00e1sok ar\u00e1nya felt\u0171n\u0151en magas a f\u0151v\u00e1rosban","description":"A diplom\u00e1sok ar\u00e1nya felt\u0171n\u0151en magas a f\u0151v\u00e1rosban, m\u00edg vid\u00e9ken rosszabb a helyzet. \u00c9szak-Magyarorsz\u00e1gon viszont kevesebb a magasan kvalifik\u00e1lt szakember.","canonical_url":"https:\/\/allasorias.hu\/hirek\/a-fovarosban-koncentralodnak-a-kepzett-szakemberek\/","robots":"max-image-preview:large","keywords":"diplom\u00e1sok,szakemberek","webmasterTools":{"miscellaneous":""},"schema":{"@context":"https:\/\/schema.org","@graph":[{"@type":"Article","@id":"https:\/\/allasorias.hu\/hirek\/a-fovarosban-koncentralodnak-a-kepzett-szakemberek\/#article","name":"A diplom\u00e1sok ar\u00e1nya felt\u0171n\u0151en magas a f\u0151v\u00e1rosban","headline":"A f\u0151v\u00e1rosban koncentr\u00e1l\u00f3dnak a k\u00e9pzett szakemberek","author":{"@id":"https:\/\/allasorias.hu\/hirek\/author\/admin-allasorias\/#author"},"publisher":{"@id":"https:\/\/allasorias.hu\/hirek\/#organization"},"image":{"@type":"ImageObject","url":"https:\/\/allasorias.hu\/hirek\/wp-content\/uploads\/2022\/11\/Diplomas-szakemberek.jpg","width":1280,"height":853,"caption":"A f\u0151v\u00e1rosban koncentr\u00e1l\u00f3dnak a k\u00e9pzett szakemberek - Allasorias.hu\/Hirek"},"datePublished":"2022-11-15T11:02:49+02:00","dateModified":"2022-11-15T11:02:49+02:00","inLanguage":"hu-HU","mainEntityOfPage":{"@id":"https:\/\/allasorias.hu\/hirek\/a-fovarosban-koncentralodnak-a-kepzett-szakemberek\/#webpage"},"isPartOf":{"@id":"https:\/\/allasorias.hu\/hirek\/a-fovarosban-koncentralodnak-a-kepzett-szakemberek\/#webpage"},"articleSection":"Munkaer\u0151piac, diplom\u00e1sok, szakemberek"},{"@type":"BreadcrumbList","@id":"https:\/\/allasorias.hu\/hirek\/a-fovarosban-koncentralodnak-a-kepzett-szakemberek\/#breadcrumblist","itemListElement":[{"@type":"ListItem","@id":"https:\/\/allasorias.hu\/hirek#listItem","position":1,"name":"Home","item":"https:\/\/allasorias.hu\/hirek","nextItem":{"@type":"ListItem","@id":"https:\/\/allasorias.hu\/hirek\/temak\/munkaeropiac\/#listItem","name":"Munkaer\u0151piac"}},{"@type":"ListItem","@id":"https:\/\/allasorias.hu\/hirek\/temak\/munkaeropiac\/#listItem","position":2,"name":"Munkaer\u0151piac","item":"https:\/\/allasorias.hu\/hirek\/temak\/munkaeropiac\/","nextItem":{"@type":"ListItem","@id":"https:\/\/allasorias.hu\/hirek\/a-fovarosban-koncentralodnak-a-kepzett-szakemberek\/#listItem","name":"A f\u0151v\u00e1rosban koncentr\u00e1l\u00f3dnak a k\u00e9pzett szakemberek"},"previousItem":{"@type":"ListItem","@id":"https:\/\/allasorias.hu\/hirek#listItem","name":"Home"}},{"@type":"ListItem","@id":"https:\/\/allasorias.hu\/hirek\/a-fovarosban-koncentralodnak-a-kepzett-szakemberek\/#listItem","position":3,"name":"A f\u0151v\u00e1rosban koncentr\u00e1l\u00f3dnak a k\u00e9pzett szakemberek","previousItem":{"@type":"ListItem","@id":"https:\/\/allasorias.hu\/hirek\/temak\/munkaeropiac\/#listItem","name":"Munkaer\u0151piac"}}]},{"@type":"Organization","@id":"https:\/\/allasorias.hu\/hirek\/#organization","name":"AllasOrias.hu | H\u00edrek-lapszemle","description":"\u00dczleti h\u00edrek az \u00e1ll\u00e1s \u00e9s a munka vil\u00e1g\u00e1b\u00f3l","url":"https:\/\/allasorias.hu\/hirek\/","logo":{"@type":"ImageObject","url":"https:\/\/allasorias.hu\/hirek\/wp-content\/uploads\/2022\/10\/allasorias_site_facebok_logo.png","@id":"https:\/\/allasorias.hu\/hirek\/a-fovarosban-koncentralodnak-a-kepzett-szakemberek\/#organizationLogo"},"image":{"@id":"https:\/\/allasorias.hu\/hirek\/a-fovarosban-koncentralodnak-a-kepzett-szakemberek\/#organizationLogo"},"sameAs":["https:\/\/www.facebook.com\/allasorias","https:\/\/www.linkedin.com\/company\/allasorias"]},{"@type":"Person","@id":"https:\/\/allasorias.hu\/hirek\/author\/admin-allasorias\/#author","url":"https:\/\/allasorias.hu\/hirek\/author\/admin-allasorias\/","name":"Juh\u00e1sz P\u00e9ter","image":{"@type":"ImageObject","@id":"https:\/\/allasorias.hu\/hirek\/a-fovarosban-koncentralodnak-a-kepzett-szakemberek\/#authorImage","url":"https:\/\/secure.gravatar.com\/avatar\/36e6bcb83148978b992977cb0f54d22feb0cce8a0a849a9410532bb2623ba4c6?s=96&d=mm&r=g","width":96,"height":96,"caption":"Juh\u00e1sz P\u00e9ter"}},{"@type":"WebPage","@id":"https:\/\/allasorias.hu\/hirek\/a-fovarosban-koncentralodnak-a-kepzett-szakemberek\/#webpage","url":"https:\/\/allasorias.hu\/hirek\/a-fovarosban-koncentralodnak-a-kepzett-szakemberek\/","name":"A diplom\u00e1sok ar\u00e1nya felt\u0171n\u0151en magas a f\u0151v\u00e1rosban","description":"A diplom\u00e1sok ar\u00e1nya felt\u0171n\u0151en magas a f\u0151v\u00e1rosban, m\u00edg vid\u00e9ken rosszabb a helyzet. \u00c9szak-Magyarorsz\u00e1gon viszont kevesebb a magasan kvalifik\u00e1lt szakember.","inLanguage":"hu-HU","isPartOf":{"@id":"https:\/\/allasorias.hu\/hirek\/#website"},"breadcrumb":{"@id":"https:\/\/allasorias.hu\/hirek\/a-fovarosban-koncentralodnak-a-kepzett-szakemberek\/#breadcrumblist"},"author":{"@id":"https:\/\/allasorias.hu\/hirek\/author\/admin-allasorias\/#author"},"creator":{"@id":"https:\/\/allasorias.hu\/hirek\/author\/admin-allasorias\/#author"},"image":{"@type":"ImageObject","url":"https:\/\/allasorias.hu\/hirek\/wp-content\/uploads\/2022\/11\/Diplomas-szakemberek.jpg","@id":"https:\/\/allasorias.hu\/hirek\/a-fovarosban-koncentralodnak-a-kepzett-szakemberek\/#mainImage","width":1280,"height":853,"caption":"A f\u0151v\u00e1rosban koncentr\u00e1l\u00f3dnak a k\u00e9pzett szakemberek - Allasorias.hu\/Hirek"},"primaryImageOfPage":{"@id":"https:\/\/allasorias.hu\/hirek\/a-fovarosban-koncentralodnak-a-kepzett-szakemberek\/#mainImage"},"datePublished":"2022-11-15T11:02:49+02:00","dateModified":"2022-11-15T11:02:49+02:00"},{"@type":"WebSite","@id":"https:\/\/allasorias.hu\/hirek\/#website","url":"https:\/\/allasorias.hu\/hirek\/","name":"AllasOrias.hu | H\u00edrek-lapszemle","description":"\u00dczleti h\u00edrek az \u00e1ll\u00e1s \u00e9s a munka vil\u00e1g\u00e1b\u00f3l","inLanguage":"hu-HU","publisher":{"@id":"https:\/\/allasorias.hu\/hirek\/#organization"}}]},"og:locale":"hu_HU","og:site_name":"AllasOrias.hu | H\u00edrek-lapszemle | \u00dczleti h\u00edrek az \u00e1ll\u00e1s \u00e9s a munka vil\u00e1g\u00e1b\u00f3l","og:type":"article","og:title":"A diplom\u00e1sok ar\u00e1nya felt\u0171n\u0151en magas a f\u0151v\u00e1rosban","og:description":"A diplom\u00e1sok ar\u00e1nya felt\u0171n\u0151en magas a f\u0151v\u00e1rosban, m\u00edg vid\u00e9ken rosszabb a helyzet. \u00c9szak-Magyarorsz\u00e1gon viszont kevesebb a magasan kvalifik\u00e1lt szakember.","og:url":"https:\/\/allasorias.hu\/hirek\/a-fovarosban-koncentralodnak-a-kepzett-szakemberek\/","og:image":"https:\/\/allasorias.hu\/hirek\/wp-content\/uploads\/2022\/11\/Diplomas-szakemberek.jpg","og:image:secure_url":"https:\/\/allasorias.hu\/hirek\/wp-content\/uploads\/2022\/11\/Diplomas-szakemberek.jpg","og:image:width":1280,"og:image:height":853,"article:published_time":"2022-11-15T11:02:49+00:00","article:modified_time":"2022-11-15T11:02:49+00:00","article:publisher":"https:\/\/www.facebook.com\/allasorias","twitter:card":"summary_large_image","twitter:title":"A diplom\u00e1sok ar\u00e1nya felt\u0171n\u0151en magas a f\u0151v\u00e1rosban","twitter:description":"A diplom\u00e1sok ar\u00e1nya felt\u0171n\u0151en magas a f\u0151v\u00e1rosban, m\u00edg vid\u00e9ken rosszabb a helyzet. \u00c9szak-Magyarorsz\u00e1gon viszont kevesebb a magasan kvalifik\u00e1lt szakember.","twitter:image":"https:\/\/allasorias.hu\/hirek\/wp-content\/uploads\/2022\/11\/Diplomas-szakemberek.jpg","twitter:label1":"Written by","twitter:data1":"Juh\u00e1sz P\u00e9ter","twitter:label2":"Est. reading time","twitter:data2":"2 minutes"},"aioseo_meta_data":{"post_id":"5968","title":"A diplom\u00e1sok ar\u00e1nya felt\u0171n\u0151en magas a f\u0151v\u00e1rosban","description":"A diplom\u00e1sok ar\u00e1nya felt\u0171n\u0151en magas a f\u0151v\u00e1rosban, m\u00edg vid\u00e9ken rosszabb a helyzet. \u00c9szak-Magyarorsz\u00e1gon viszont kevesebb a magasan kvalifik\u00e1lt szakember.","keywords":[],"keyphrases":{"focus":{"keyphrase":"diplom\u00e1sok","score":90,"analysis":{"keyphraseInTitle":{"title":"Focus keyphrase in SEO title","description":"Focus keyphrase found in SEO title.","score":9,"maxScore":9,"error":0},"keyphraseInDescription":{"title":"Focus keyphrase in meta description","description":"Focus keyphrase found in meta description.","score":9,"maxScore":9,"error":0},"keyphraseLength":{"title":"Focus keyphrase length","description":"Good job!","score":9,"maxScore":9,"error":0,"length":1},"keyphraseInURL":{"title":"Focus keyphrase in URL","description":"Focus keyphrase not found in the URL.","score":1,"maxScore":5,"error":1},"keyphraseInIntroduction":{"title":"Focus keyphrase in introduction","description":"Your Focus keyphrase appears in the first paragraph. Well done!","score":9,"maxScore":9,"error":0},"keyphraseInSubHeadings":[],"keyphraseInImageAlt":[]}},"additional":[]},"primary_term":null,"canonical_url":null,"og_title":null,"og_description":null,"og_object_type":"default","og_image_type":"default","og_image_url":null,"og_image_width":null,"og_image_height":null,"og_image_custom_url":null,"og_image_custom_fields":null,"og_video":"","og_custom_url":null,"og_article_section":null,"og_article_tags":[],"twitter_use_og":true,"twitter_card":"default","twitter_image_type":"default","twitter_image_url":null,"twitter_image_custom_url":null,"twitter_image_custom_fields":null,"twitter_title":null,"twitter_description":null,"schema":{"blockGraphs":[],"customGraphs":[],"default":{"data":{"Article":[],"Course":[],"Dataset":[],"FAQPage":[],"Movie":[],"Person":[],"Product":[],"ProductReview":[],"Car":[],"Recipe":[],"Service":[],"SoftwareApplication":[],"WebPage":[]},"graphName":"Article","isEnabled":true},"graphs":[]},"schema_type":"default","schema_type_options":null,"pillar_content":false,"robots_default":true,"robots_noindex":false,"robots_noarchive":false,"robots_nosnippet":false,"robots_nofollow":false,"robots_noimageindex":false,"robots_noodp":false,"robots_notranslate":false,"robots_max_snippet":"-1","robots_max_videopreview":"-1","robots_max_imagepreview":"large","priority":null,"frequency":"default","location":null,"local_seo":null,"breadcrumb_settings":null,"limit_modified_date":false,"ai":null,"created":"2022-11-15 10:47:07","updated":"2025-10-02 17:30:19","seo_analyzer_scan_date":null,"focus_keyword":"diplom\u00e1sok","additional_keywords":null,"truseo_locale":null},"aioseo_breadcrumb":"<div class=\"aioseo-breadcrumbs\"><span class=\"aioseo-breadcrumb\">\n\t\t\t<a href=\"https:\/\/allasorias.hu\/hirek\" title=\"Home\">Home<\/a>\n\t\t<\/span><span class=\"aioseo-breadcrumb-separator\">&raquo;<\/span><span class=\"aioseo-breadcrumb\">\n\t\t\t<a href=\"https:\/\/allasorias.hu\/hirek\/temak\/munkaeropiac\/\" title=\"Munkaer\u0151piac\">Munkaer\u0151piac<\/a>\n\t\t<\/span><span class=\"aioseo-breadcrumb-separator\">&raquo;<\/span><span class=\"aioseo-breadcrumb\">\n\t\t\tA f\u0151v\u00e1rosban koncentr\u00e1l\u00f3dnak a k\u00e9pzett szakemberek\n\t\t<\/span><\/div>","aioseo_breadcrumb_json":[{"label":"Home","link":"https:\/\/allasorias.hu\/hirek"},{"label":"Munkaer\u0151piac","link":"https:\/\/allasorias.hu\/hirek\/temak\/munkaeropiac\/"},{"label":"A f\u0151v\u00e1rosban koncentr\u00e1l\u00f3dnak a k\u00e9pzett szakemberek","link":"https:\/\/allasorias.hu\/hirek\/a-fovarosban-koncentralodnak-a-kepzett-szakemberek\/"}],"_links":{"self":[{"href":"https:\/\/allasorias.hu\/hirek\/wp-json\/wp\/v2\/posts\/5968","targetHints":{"allow":["GET"]}}],"collection":[{"href":"https:\/\/allasorias.hu\/hirek\/wp-json\/wp\/v2\/posts"}],"about":[{"href":"https:\/\/allasorias.hu\/hirek\/wp-json\/wp\/v2\/types\/post"}],"author":[{"embeddable":true,"href":"https:\/\/allasorias.hu\/hirek\/wp-json\/wp\/v2\/users\/1"}],"replies":[{"embeddable":true,"href":"https:\/\/allasorias.hu\/hirek\/wp-json\/wp\/v2\/comments?post=5968"}],"version-history":[{"count":1,"href":"https:\/\/allasorias.hu\/hirek\/wp-json\/wp\/v2\/posts\/5968\/revisions"}],"predecessor-version":[{"id":5970,"href":"https:\/\/allasorias.hu\/hirek\/wp-json\/wp\/v2\/posts\/5968\/revisions\/5970"}],"wp:featuredmedia":[{"embeddable":true,"href":"https:\/\/allasorias.hu\/hirek\/wp-json\/wp\/v2\/media\/5969"}],"wp:attachment":[{"href":"https:\/\/allasorias.hu\/hirek\/wp-json\/wp\/v2\/media?parent=5968"}],"wp:term":[{"taxonomy":"category","embeddable":true,"href":"https:\/\/allasorias.hu\/hirek\/wp-json\/wp\/v2\/categories?post=5968"},{"taxonomy":"post_tag","embeddable":true,"href":"https:\/\/allasorias.hu\/hirek\/wp-json\/wp\/v2\/tags?post=5968"}],"curies":[{"name":"wp","href":"https:\/\/api.w.org\/{rel}","templated":true}]}}