{"id":5962,"date":"2022-11-11T09:50:42","date_gmt":"2022-11-11T09:50:42","guid":{"rendered":"https:\/\/allasorias.hu\/hirek\/?p=5962"},"modified":"2022-11-11T09:50:42","modified_gmt":"2022-11-11T09:50:42","slug":"szuksegesek-a-beremelesek","status":"publish","type":"post","link":"https:\/\/allasorias.hu\/hirek\/szuksegesek-a-beremelesek\/","title":{"rendered":"Sz\u00fcks\u00e9gesek a b\u00e9remel\u00e9sek"},"content":{"rendered":"<p><strong>Eddig emelkedtek a b\u00e9rek n\u00e9h\u00e1ny euro\u00f6vezeti orsz\u00e1gban, azonban az elemz\u0151k szerint a gazdas\u00e1gi helyzet tov\u00e1bbi roml\u00e1s\u00e1val, a c\u00e9gek, v\u00e1llalatok lef\u00e9kezik a b\u00e9remel\u00e9sek \u00fctem\u00e9t. B\u00e1r a meg\u00e9lhet\u00e9si k\u00f6lts\u00e9gek emelked\u00e9se arra k\u00e9sztet \u0151ket, hogy kompenz\u00e1ljanak.<\/strong><\/p>\n<p>Emelkednek az \u00e1ll\u00e1shirdet\u00e9sekben k\u00edn\u00e1lt fizet\u00e9sek hat vezet\u0151 eur\u00f3\u00f6vezeti orsz\u00e1gban, k\u00f6zt\u00fck N\u00e9metorsz\u00e1gban \u00e9s Franciaorsz\u00e1gban \u2013 \u00edrja a Financial Times egy \u00faj elemz\u00e9s alapj\u00e1n. Az \u00edr jegybank \u00e9s az \u00e1ll\u00e1skeres\u0151 weboldal, az Indeed egy\u00fcttm\u0171k\u00f6d\u00e9s\u00e9ben elk\u00e9sz\u00fclt elemz\u00e9s szerint az eur\u00f3\u00f6vezeti hirdet\u00e9sekben felt\u00fcntetett medi\u00e1n b\u00e9r okt\u00f3ber v\u00e9g\u00e9n 5,2 sz\u00e1zal\u00e9kkal n\u00f6vekedett \u00e9ves \u00f6sszevet\u00e9sben, m\u00edg j\u00faniusban m\u00e9g 4,2 sz\u00e1zal\u00e9kos volt az emelked\u00e9s \u00e9ves b\u00e1zison.<\/p>\n<p>Arr\u00f3l nem is besz\u00e9lve, hogy 2019-ben, mikor az els\u0151 alkalommal k\u00e9sz\u00edtett\u00e9k el a felm\u00e9r\u00e9st, m\u00e9g 1,5 sz\u00e1zal\u00e9kos n\u00f6veked\u00e9st k\u00f6nyvelhettek el. K\u00fcl\u00f6n\u00f6sen N\u00e9metorsz\u00e1gban emelt\u00e9k kiugr\u00f3 m\u00e9rt\u00e9kben a t\u00e9tet a c\u00e9gek: 7,1 sz\u00e1zal\u00e9kkal aj\u00e1nlottak t\u00f6bbet okt\u00f3berben, mint egy \u00e9vvel kor\u00e1bban, m\u00edg Franciaorsz\u00e1gban ugyanez az \u00e9rt\u00e9k 4,7 sz\u00e1zal\u00e9k volt. \u00cdrorsz\u00e1gban \u00e9s Olaszorsz\u00e1gban 4, Spanyolorsz\u00e1gban 3,9, Hollandi\u00e1ban pedig 3,8 sz\u00e1zal\u00e9kkal k\u00edn\u00e1ltak t\u00f6bbet a v\u00e1llalatok, mint egy \u00e9vvel kor\u00e1bban. A kutat\u00f3k szerint egy\u00e9bk\u00e9nt az adatokb\u00f3l m\u00e1r kiolvashat\u00f3, hogy a gazdas\u00e1gi kil\u00e1t\u00e1sok roml\u00e1s\u00e1val a c\u00e9gek b\u00e9remel\u00e9si kedve is lassacsk\u00e1n al\u00e1bbhagy, ez most m\u00e9g els\u0151sorban a jobban fizet\u0151 szektorokat \u00e9rinti, p\u00e9ld\u00e1ul az IT-t \u00e9s a p\u00e9nz\u00fcgyet.<\/p>\n<p>Az Eur\u00f3pai K\u00f6zponti Bank (EKB) persze figyelemmel k\u00f6veti a b\u00e9remel\u00e9seket, hiszen ezek hat\u00e1s\u00e1ra m\u00e9g magasabb lehet az infl\u00e1ci\u00f3. Az eur\u00f3\u00f6vezetben okt\u00f3berben rekord m\u00e9rt\u00e9kben, 10,7 sz\u00e1zal\u00e9kkal emelkedtek az \u00e1rak. Az eur\u00f3\u00f6vezeti b\u00e9remel\u00e9sek egy\u00e9bk\u00e9nt szer\u00e9nyek voltak, mint az Egyes\u00fclt \u00c1llamokban \u00e9s az Egyes\u00fclt Kir\u00e1lys\u00e1gban, ahol magas a munkan\u00e9lk\u00fclis\u00e9gi r\u00e1ta, \u00e9s nagyobb probl\u00e9m\u00e1t okoz a munkaer\u0151hi\u00e1ny. Az EKB mindenesetre azzal sz\u00e1mol, hogy az emelked\u0151 meg\u00e9lhet\u00e9si k\u00f6lts\u00e9gek r\u00e9szleges kompenz\u00e1ci\u00f3jak\u00e9nt id\u00e9n 4, j\u00f6v\u0151re pedig 4,8 sz\u00e1zal\u00e9kkal emelkednek a fizet\u00e9sek az eur\u00f3z\u00f3n\u00e1ban.<\/p>\n<p>Forr\u00e1s: <a href=\"https:\/\/www.napi.hu\/nemzetkozi-gazdasag\/euroovezet-beremeles-allashirdetes-felmeres.763017.html\" target=\"_blank\" rel=\"nofollow noopener\">napi.hu<\/a><\/p>\n","protected":false},"excerpt":{"rendered":"<p>Eddig emelkedtek a b\u00e9rek n\u00e9h\u00e1ny euro\u00f6vezeti orsz\u00e1gban, azonban az elemz\u0151k szerint a gazdas\u00e1gi helyzet tov\u00e1bbi roml\u00e1s\u00e1val, a c\u00e9gek, v\u00e1llalatok lef\u00e9kezik a b\u00e9remel\u00e9sek \u00fctem\u00e9t. B\u00e1r a meg\u00e9lhet\u00e9si k\u00f6lts\u00e9gek emelked\u00e9se arra k\u00e9sztet \u0151ket, hogy kompenz\u00e1ljanak. Emelkednek az \u00e1ll\u00e1shirdet\u00e9sekben k\u00edn\u00e1lt fizet\u00e9sek hat vezet\u0151 eur\u00f3\u00f6vezeti orsz\u00e1gban, k\u00f6zt\u00fck N\u00e9metorsz\u00e1gban \u00e9s Franciaorsz\u00e1gban \u2013 \u00edrja a Financial Times egy \u00faj elemz\u00e9s alapj\u00e1n. [&hellip;]<\/p>\n","protected":false},"author":1,"featured_media":5963,"comment_status":"open","ping_status":"open","sticky":false,"template":"","format":"standard","meta":{"_monsterinsights_skip_tracking":false,"footnotes":""},"categories":[200],"tags":[229,256,257],"class_list":["post-5962","post","type-post","status-publish","format-standard","has-post-thumbnail","hentry","category-munkaeropiac","tag-berek","tag-beremeles","tag-fizetesek"],"aioseo_notices":[],"aioseo_head":"\n\t\t<!-- All in One SEO 5.0.0.1 - aioseo.com -->\n\t<meta name=\"description\" content=\"Eddig emelkedtek a b\u00e9rek n\u00e9h\u00e1ny euro\u00f6vezeti orsz\u00e1gban, azonban a gazdas\u00e1gi helyzet tov\u00e1bbi roml\u00e1s\u00e1val, a c\u00e9gek, v\u00e1llalatok lef\u00e9kezik a b\u00e9remel\u00e9sek \u00fctem\u00e9t.\" \/>\n\t<meta name=\"robots\" content=\"max-image-preview:large\" \/>\n\t<meta name=\"author\" content=\"Juh\u00e1sz P\u00e9ter\"\/>\n\t<meta name=\"keywords\" content=\"b\u00e9rek,b\u00e9remel\u00e9s,fizet\u00e9sek\" \/>\n\t<link rel=\"canonical\" href=\"https:\/\/allasorias.hu\/hirek\/szuksegesek-a-beremelesek\/\" \/>\n\t<meta name=\"generator\" content=\"All in One SEO (AIOSEO) 5.0.0.1\" \/>\n\t\t<meta property=\"og:locale\" content=\"hu_HU\" \/>\n\t\t<meta property=\"og:site_name\" content=\"AllasOrias.hu | H\u00edrek-lapszemle | \u00dczleti h\u00edrek az \u00e1ll\u00e1s \u00e9s a munka vil\u00e1g\u00e1b\u00f3l\" \/>\n\t\t<meta property=\"og:type\" content=\"article\" \/>\n\t\t<meta property=\"og:title\" content=\"Sz\u00fcks\u00e9gesek a b\u00e9remel\u00e9sek | Allasorias.hu\/Hirek\" \/>\n\t\t<meta property=\"og:description\" content=\"Eddig emelkedtek a b\u00e9rek n\u00e9h\u00e1ny euro\u00f6vezeti orsz\u00e1gban, azonban a gazdas\u00e1gi helyzet tov\u00e1bbi roml\u00e1s\u00e1val, a c\u00e9gek, v\u00e1llalatok lef\u00e9kezik a b\u00e9remel\u00e9sek \u00fctem\u00e9t.\" \/>\n\t\t<meta property=\"og:url\" content=\"https:\/\/allasorias.hu\/hirek\/szuksegesek-a-beremelesek\/\" \/>\n\t\t<meta property=\"og:image\" content=\"https:\/\/allasorias.hu\/hirek\/wp-content\/uploads\/2022\/11\/Szuksegesek-a-beremelesek.jpg\" \/>\n\t\t<meta property=\"og:image:secure_url\" content=\"https:\/\/allasorias.hu\/hirek\/wp-content\/uploads\/2022\/11\/Szuksegesek-a-beremelesek.jpg\" \/>\n\t\t<meta property=\"og:image:width\" content=\"1280\" \/>\n\t\t<meta property=\"og:image:height\" content=\"853\" \/>\n\t\t<meta property=\"article:published_time\" content=\"2022-11-11T09:50:42+00:00\" \/>\n\t\t<meta property=\"article:modified_time\" content=\"2022-11-11T09:50:42+00:00\" \/>\n\t\t<meta property=\"article:publisher\" content=\"https:\/\/www.facebook.com\/allasorias\" \/>\n\t\t<meta name=\"twitter:card\" content=\"summary_large_image\" \/>\n\t\t<meta name=\"twitter:title\" content=\"Sz\u00fcks\u00e9gesek a b\u00e9remel\u00e9sek | Allasorias.hu\/Hirek\" \/>\n\t\t<meta name=\"twitter:description\" content=\"Eddig emelkedtek a b\u00e9rek n\u00e9h\u00e1ny euro\u00f6vezeti orsz\u00e1gban, azonban a gazdas\u00e1gi helyzet tov\u00e1bbi roml\u00e1s\u00e1val, a c\u00e9gek, v\u00e1llalatok lef\u00e9kezik a b\u00e9remel\u00e9sek \u00fctem\u00e9t.\" \/>\n\t\t<meta name=\"twitter:image\" content=\"https:\/\/allasorias.hu\/hirek\/wp-content\/uploads\/2022\/11\/Szuksegesek-a-beremelesek.jpg\" \/>\n\t\t<meta name=\"twitter:label1\" content=\"Written by\" \/>\n\t\t<meta name=\"twitter:data1\" content=\"Juh\u00e1sz P\u00e9ter\" \/>\n\t\t<meta name=\"twitter:label2\" content=\"Est. reading time\" \/>\n\t\t<meta name=\"twitter:data2\" content=\"2 minutes\" \/>\n\t\t<script type=\"application\/ld+json\" class=\"aioseo-schema\">\n\t\t\t{\"@context\":\"https:\\\/\\\/schema.org\",\"@graph\":[{\"@type\":\"Article\",\"@id\":\"https:\\\/\\\/allasorias.hu\\\/hirek\\\/szuksegesek-a-beremelesek\\\/#article\",\"name\":\"Sz\\u00fcks\\u00e9gesek a b\\u00e9remel\\u00e9sek | Allasorias.hu\\\/Hirek\",\"headline\":\"Sz\\u00fcks\\u00e9gesek a b\\u00e9remel\\u00e9sek\",\"author\":{\"@id\":\"https:\\\/\\\/allasorias.hu\\\/hirek\\\/author\\\/admin-allasorias\\\/#author\"},\"publisher\":{\"@id\":\"https:\\\/\\\/allasorias.hu\\\/hirek\\\/#organization\"},\"image\":{\"@type\":\"ImageObject\",\"url\":\"https:\\\/\\\/allasorias.hu\\\/hirek\\\/wp-content\\\/uploads\\\/2022\\\/11\\\/Szuksegesek-a-beremelesek.jpg\",\"width\":1280,\"height\":853,\"caption\":\"Sz\\u00fcks\\u00e9gesek a b\\u00e9remel\\u00e9sek - Allasorias.hu\\\/Hirek\"},\"datePublished\":\"2022-11-11T09:50:42+02:00\",\"dateModified\":\"2022-11-11T09:50:42+02:00\",\"inLanguage\":\"hu-HU\",\"mainEntityOfPage\":{\"@id\":\"https:\\\/\\\/allasorias.hu\\\/hirek\\\/szuksegesek-a-beremelesek\\\/#webpage\"},\"isPartOf\":{\"@id\":\"https:\\\/\\\/allasorias.hu\\\/hirek\\\/szuksegesek-a-beremelesek\\\/#webpage\"},\"articleSection\":\"Munkaer\\u0151piac, b\\u00e9rek, b\\u00e9remel\\u00e9s, fizet\\u00e9sek\"},{\"@type\":\"BreadcrumbList\",\"@id\":\"https:\\\/\\\/allasorias.hu\\\/hirek\\\/szuksegesek-a-beremelesek\\\/#breadcrumblist\",\"itemListElement\":[{\"@type\":\"ListItem\",\"@id\":\"https:\\\/\\\/allasorias.hu\\\/hirek#listItem\",\"position\":1,\"name\":\"Home\",\"item\":\"https:\\\/\\\/allasorias.hu\\\/hirek\",\"nextItem\":{\"@type\":\"ListItem\",\"@id\":\"https:\\\/\\\/allasorias.hu\\\/hirek\\\/temak\\\/munkaeropiac\\\/#listItem\",\"name\":\"Munkaer\\u0151piac\"}},{\"@type\":\"ListItem\",\"@id\":\"https:\\\/\\\/allasorias.hu\\\/hirek\\\/temak\\\/munkaeropiac\\\/#listItem\",\"position\":2,\"name\":\"Munkaer\\u0151piac\",\"item\":\"https:\\\/\\\/allasorias.hu\\\/hirek\\\/temak\\\/munkaeropiac\\\/\",\"nextItem\":{\"@type\":\"ListItem\",\"@id\":\"https:\\\/\\\/allasorias.hu\\\/hirek\\\/szuksegesek-a-beremelesek\\\/#listItem\",\"name\":\"Sz\\u00fcks\\u00e9gesek a b\\u00e9remel\\u00e9sek\"},\"previousItem\":{\"@type\":\"ListItem\",\"@id\":\"https:\\\/\\\/allasorias.hu\\\/hirek#listItem\",\"name\":\"Home\"}},{\"@type\":\"ListItem\",\"@id\":\"https:\\\/\\\/allasorias.hu\\\/hirek\\\/szuksegesek-a-beremelesek\\\/#listItem\",\"position\":3,\"name\":\"Sz\\u00fcks\\u00e9gesek a b\\u00e9remel\\u00e9sek\",\"previousItem\":{\"@type\":\"ListItem\",\"@id\":\"https:\\\/\\\/allasorias.hu\\\/hirek\\\/temak\\\/munkaeropiac\\\/#listItem\",\"name\":\"Munkaer\\u0151piac\"}}]},{\"@type\":\"Organization\",\"@id\":\"https:\\\/\\\/allasorias.hu\\\/hirek\\\/#organization\",\"name\":\"AllasOrias.hu | H\\u00edrek-lapszemle\",\"description\":\"\\u00dczleti h\\u00edrek az \\u00e1ll\\u00e1s \\u00e9s a munka vil\\u00e1g\\u00e1b\\u00f3l\",\"url\":\"https:\\\/\\\/allasorias.hu\\\/hirek\\\/\",\"logo\":{\"@type\":\"ImageObject\",\"url\":\"https:\\\/\\\/allasorias.hu\\\/hirek\\\/wp-content\\\/uploads\\\/2022\\\/10\\\/allasorias_site_facebok_logo.png\",\"@id\":\"https:\\\/\\\/allasorias.hu\\\/hirek\\\/szuksegesek-a-beremelesek\\\/#organizationLogo\"},\"image\":{\"@id\":\"https:\\\/\\\/allasorias.hu\\\/hirek\\\/szuksegesek-a-beremelesek\\\/#organizationLogo\"},\"sameAs\":[\"https:\\\/\\\/www.facebook.com\\\/allasorias\",\"https:\\\/\\\/www.linkedin.com\\\/company\\\/allasorias\"]},{\"@type\":\"Person\",\"@id\":\"https:\\\/\\\/allasorias.hu\\\/hirek\\\/author\\\/admin-allasorias\\\/#author\",\"url\":\"https:\\\/\\\/allasorias.hu\\\/hirek\\\/author\\\/admin-allasorias\\\/\",\"name\":\"Juh\\u00e1sz P\\u00e9ter\",\"image\":{\"@type\":\"ImageObject\",\"@id\":\"https:\\\/\\\/allasorias.hu\\\/hirek\\\/szuksegesek-a-beremelesek\\\/#authorImage\",\"url\":\"https:\\\/\\\/secure.gravatar.com\\\/avatar\\\/36e6bcb83148978b992977cb0f54d22feb0cce8a0a849a9410532bb2623ba4c6?s=96&d=mm&r=g\",\"width\":96,\"height\":96,\"caption\":\"Juh\\u00e1sz P\\u00e9ter\"}},{\"@type\":\"WebPage\",\"@id\":\"https:\\\/\\\/allasorias.hu\\\/hirek\\\/szuksegesek-a-beremelesek\\\/#webpage\",\"url\":\"https:\\\/\\\/allasorias.hu\\\/hirek\\\/szuksegesek-a-beremelesek\\\/\",\"name\":\"Sz\\u00fcks\\u00e9gesek a b\\u00e9remel\\u00e9sek | Allasorias.hu\\\/Hirek\",\"description\":\"Eddig emelkedtek a b\\u00e9rek n\\u00e9h\\u00e1ny euro\\u00f6vezeti orsz\\u00e1gban, azonban a gazdas\\u00e1gi helyzet tov\\u00e1bbi roml\\u00e1s\\u00e1val, a c\\u00e9gek, v\\u00e1llalatok lef\\u00e9kezik a b\\u00e9remel\\u00e9sek \\u00fctem\\u00e9t.\",\"inLanguage\":\"hu-HU\",\"isPartOf\":{\"@id\":\"https:\\\/\\\/allasorias.hu\\\/hirek\\\/#website\"},\"breadcrumb\":{\"@id\":\"https:\\\/\\\/allasorias.hu\\\/hirek\\\/szuksegesek-a-beremelesek\\\/#breadcrumblist\"},\"author\":{\"@id\":\"https:\\\/\\\/allasorias.hu\\\/hirek\\\/author\\\/admin-allasorias\\\/#author\"},\"creator\":{\"@id\":\"https:\\\/\\\/allasorias.hu\\\/hirek\\\/author\\\/admin-allasorias\\\/#author\"},\"image\":{\"@type\":\"ImageObject\",\"url\":\"https:\\\/\\\/allasorias.hu\\\/hirek\\\/wp-content\\\/uploads\\\/2022\\\/11\\\/Szuksegesek-a-beremelesek.jpg\",\"@id\":\"https:\\\/\\\/allasorias.hu\\\/hirek\\\/szuksegesek-a-beremelesek\\\/#mainImage\",\"width\":1280,\"height\":853,\"caption\":\"Sz\\u00fcks\\u00e9gesek a b\\u00e9remel\\u00e9sek - Allasorias.hu\\\/Hirek\"},\"primaryImageOfPage\":{\"@id\":\"https:\\\/\\\/allasorias.hu\\\/hirek\\\/szuksegesek-a-beremelesek\\\/#mainImage\"},\"datePublished\":\"2022-11-11T09:50:42+02:00\",\"dateModified\":\"2022-11-11T09:50:42+02:00\"},{\"@type\":\"WebSite\",\"@id\":\"https:\\\/\\\/allasorias.hu\\\/hirek\\\/#website\",\"url\":\"https:\\\/\\\/allasorias.hu\\\/hirek\\\/\",\"name\":\"AllasOrias.hu | H\\u00edrek-lapszemle\",\"description\":\"\\u00dczleti h\\u00edrek az \\u00e1ll\\u00e1s \\u00e9s a munka vil\\u00e1g\\u00e1b\\u00f3l\",\"inLanguage\":\"hu-HU\",\"publisher\":{\"@id\":\"https:\\\/\\\/allasorias.hu\\\/hirek\\\/#organization\"}}]}\n\t\t<\/script>\n\t\t<!-- All in One SEO -->\n\n","aioseo_head_json":{"title":"Sz\u00fcks\u00e9gesek a b\u00e9remel\u00e9sek | Allasorias.hu\/Hirek","description":"Eddig emelkedtek a b\u00e9rek n\u00e9h\u00e1ny euro\u00f6vezeti orsz\u00e1gban, azonban a gazdas\u00e1gi helyzet tov\u00e1bbi roml\u00e1s\u00e1val, a c\u00e9gek, v\u00e1llalatok lef\u00e9kezik a b\u00e9remel\u00e9sek \u00fctem\u00e9t.","canonical_url":"https:\/\/allasorias.hu\/hirek\/szuksegesek-a-beremelesek\/","robots":"max-image-preview:large","keywords":"b\u00e9rek,b\u00e9remel\u00e9s,fizet\u00e9sek","webmasterTools":{"miscellaneous":""},"schema":{"@context":"https:\/\/schema.org","@graph":[{"@type":"Article","@id":"https:\/\/allasorias.hu\/hirek\/szuksegesek-a-beremelesek\/#article","name":"Sz\u00fcks\u00e9gesek a b\u00e9remel\u00e9sek | Allasorias.hu\/Hirek","headline":"Sz\u00fcks\u00e9gesek a b\u00e9remel\u00e9sek","author":{"@id":"https:\/\/allasorias.hu\/hirek\/author\/admin-allasorias\/#author"},"publisher":{"@id":"https:\/\/allasorias.hu\/hirek\/#organization"},"image":{"@type":"ImageObject","url":"https:\/\/allasorias.hu\/hirek\/wp-content\/uploads\/2022\/11\/Szuksegesek-a-beremelesek.jpg","width":1280,"height":853,"caption":"Sz\u00fcks\u00e9gesek a b\u00e9remel\u00e9sek - Allasorias.hu\/Hirek"},"datePublished":"2022-11-11T09:50:42+02:00","dateModified":"2022-11-11T09:50:42+02:00","inLanguage":"hu-HU","mainEntityOfPage":{"@id":"https:\/\/allasorias.hu\/hirek\/szuksegesek-a-beremelesek\/#webpage"},"isPartOf":{"@id":"https:\/\/allasorias.hu\/hirek\/szuksegesek-a-beremelesek\/#webpage"},"articleSection":"Munkaer\u0151piac, b\u00e9rek, b\u00e9remel\u00e9s, fizet\u00e9sek"},{"@type":"BreadcrumbList","@id":"https:\/\/allasorias.hu\/hirek\/szuksegesek-a-beremelesek\/#breadcrumblist","itemListElement":[{"@type":"ListItem","@id":"https:\/\/allasorias.hu\/hirek#listItem","position":1,"name":"Home","item":"https:\/\/allasorias.hu\/hirek","nextItem":{"@type":"ListItem","@id":"https:\/\/allasorias.hu\/hirek\/temak\/munkaeropiac\/#listItem","name":"Munkaer\u0151piac"}},{"@type":"ListItem","@id":"https:\/\/allasorias.hu\/hirek\/temak\/munkaeropiac\/#listItem","position":2,"name":"Munkaer\u0151piac","item":"https:\/\/allasorias.hu\/hirek\/temak\/munkaeropiac\/","nextItem":{"@type":"ListItem","@id":"https:\/\/allasorias.hu\/hirek\/szuksegesek-a-beremelesek\/#listItem","name":"Sz\u00fcks\u00e9gesek a b\u00e9remel\u00e9sek"},"previousItem":{"@type":"ListItem","@id":"https:\/\/allasorias.hu\/hirek#listItem","name":"Home"}},{"@type":"ListItem","@id":"https:\/\/allasorias.hu\/hirek\/szuksegesek-a-beremelesek\/#listItem","position":3,"name":"Sz\u00fcks\u00e9gesek a b\u00e9remel\u00e9sek","previousItem":{"@type":"ListItem","@id":"https:\/\/allasorias.hu\/hirek\/temak\/munkaeropiac\/#listItem","name":"Munkaer\u0151piac"}}]},{"@type":"Organization","@id":"https:\/\/allasorias.hu\/hirek\/#organization","name":"AllasOrias.hu | H\u00edrek-lapszemle","description":"\u00dczleti h\u00edrek az \u00e1ll\u00e1s \u00e9s a munka vil\u00e1g\u00e1b\u00f3l","url":"https:\/\/allasorias.hu\/hirek\/","logo":{"@type":"ImageObject","url":"https:\/\/allasorias.hu\/hirek\/wp-content\/uploads\/2022\/10\/allasorias_site_facebok_logo.png","@id":"https:\/\/allasorias.hu\/hirek\/szuksegesek-a-beremelesek\/#organizationLogo"},"image":{"@id":"https:\/\/allasorias.hu\/hirek\/szuksegesek-a-beremelesek\/#organizationLogo"},"sameAs":["https:\/\/www.facebook.com\/allasorias","https:\/\/www.linkedin.com\/company\/allasorias"]},{"@type":"Person","@id":"https:\/\/allasorias.hu\/hirek\/author\/admin-allasorias\/#author","url":"https:\/\/allasorias.hu\/hirek\/author\/admin-allasorias\/","name":"Juh\u00e1sz P\u00e9ter","image":{"@type":"ImageObject","@id":"https:\/\/allasorias.hu\/hirek\/szuksegesek-a-beremelesek\/#authorImage","url":"https:\/\/secure.gravatar.com\/avatar\/36e6bcb83148978b992977cb0f54d22feb0cce8a0a849a9410532bb2623ba4c6?s=96&d=mm&r=g","width":96,"height":96,"caption":"Juh\u00e1sz P\u00e9ter"}},{"@type":"WebPage","@id":"https:\/\/allasorias.hu\/hirek\/szuksegesek-a-beremelesek\/#webpage","url":"https:\/\/allasorias.hu\/hirek\/szuksegesek-a-beremelesek\/","name":"Sz\u00fcks\u00e9gesek a b\u00e9remel\u00e9sek | Allasorias.hu\/Hirek","description":"Eddig emelkedtek a b\u00e9rek n\u00e9h\u00e1ny euro\u00f6vezeti orsz\u00e1gban, azonban a gazdas\u00e1gi helyzet tov\u00e1bbi roml\u00e1s\u00e1val, a c\u00e9gek, v\u00e1llalatok lef\u00e9kezik a b\u00e9remel\u00e9sek \u00fctem\u00e9t.","inLanguage":"hu-HU","isPartOf":{"@id":"https:\/\/allasorias.hu\/hirek\/#website"},"breadcrumb":{"@id":"https:\/\/allasorias.hu\/hirek\/szuksegesek-a-beremelesek\/#breadcrumblist"},"author":{"@id":"https:\/\/allasorias.hu\/hirek\/author\/admin-allasorias\/#author"},"creator":{"@id":"https:\/\/allasorias.hu\/hirek\/author\/admin-allasorias\/#author"},"image":{"@type":"ImageObject","url":"https:\/\/allasorias.hu\/hirek\/wp-content\/uploads\/2022\/11\/Szuksegesek-a-beremelesek.jpg","@id":"https:\/\/allasorias.hu\/hirek\/szuksegesek-a-beremelesek\/#mainImage","width":1280,"height":853,"caption":"Sz\u00fcks\u00e9gesek a b\u00e9remel\u00e9sek - Allasorias.hu\/Hirek"},"primaryImageOfPage":{"@id":"https:\/\/allasorias.hu\/hirek\/szuksegesek-a-beremelesek\/#mainImage"},"datePublished":"2022-11-11T09:50:42+02:00","dateModified":"2022-11-11T09:50:42+02:00"},{"@type":"WebSite","@id":"https:\/\/allasorias.hu\/hirek\/#website","url":"https:\/\/allasorias.hu\/hirek\/","name":"AllasOrias.hu | H\u00edrek-lapszemle","description":"\u00dczleti h\u00edrek az \u00e1ll\u00e1s \u00e9s a munka vil\u00e1g\u00e1b\u00f3l","inLanguage":"hu-HU","publisher":{"@id":"https:\/\/allasorias.hu\/hirek\/#organization"}}]},"og:locale":"hu_HU","og:site_name":"AllasOrias.hu | H\u00edrek-lapszemle | \u00dczleti h\u00edrek az \u00e1ll\u00e1s \u00e9s a munka vil\u00e1g\u00e1b\u00f3l","og:type":"article","og:title":"Sz\u00fcks\u00e9gesek a b\u00e9remel\u00e9sek | Allasorias.hu\/Hirek","og:description":"Eddig emelkedtek a b\u00e9rek n\u00e9h\u00e1ny euro\u00f6vezeti orsz\u00e1gban, azonban a gazdas\u00e1gi helyzet tov\u00e1bbi roml\u00e1s\u00e1val, a c\u00e9gek, v\u00e1llalatok lef\u00e9kezik a b\u00e9remel\u00e9sek \u00fctem\u00e9t.","og:url":"https:\/\/allasorias.hu\/hirek\/szuksegesek-a-beremelesek\/","og:image":"https:\/\/allasorias.hu\/hirek\/wp-content\/uploads\/2022\/11\/Szuksegesek-a-beremelesek.jpg","og:image:secure_url":"https:\/\/allasorias.hu\/hirek\/wp-content\/uploads\/2022\/11\/Szuksegesek-a-beremelesek.jpg","og:image:width":1280,"og:image:height":853,"article:published_time":"2022-11-11T09:50:42+00:00","article:modified_time":"2022-11-11T09:50:42+00:00","article:publisher":"https:\/\/www.facebook.com\/allasorias","twitter:card":"summary_large_image","twitter:title":"Sz\u00fcks\u00e9gesek a b\u00e9remel\u00e9sek | Allasorias.hu\/Hirek","twitter:description":"Eddig emelkedtek a b\u00e9rek n\u00e9h\u00e1ny euro\u00f6vezeti orsz\u00e1gban, azonban a gazdas\u00e1gi helyzet tov\u00e1bbi roml\u00e1s\u00e1val, a c\u00e9gek, v\u00e1llalatok lef\u00e9kezik a b\u00e9remel\u00e9sek \u00fctem\u00e9t.","twitter:image":"https:\/\/allasorias.hu\/hirek\/wp-content\/uploads\/2022\/11\/Szuksegesek-a-beremelesek.jpg","twitter:label1":"Written by","twitter:data1":"Juh\u00e1sz P\u00e9ter","twitter:label2":"Est. reading time","twitter:data2":"2 minutes"},"aioseo_meta_data":{"post_id":"5962","title":"#post_title | Allasorias.hu\/Hirek","description":"Eddig emelkedtek a b\u00e9rek n\u00e9h\u00e1ny euro\u00f6vezeti orsz\u00e1gban, azonban a gazdas\u00e1gi helyzet tov\u00e1bbi roml\u00e1s\u00e1val, a c\u00e9gek, v\u00e1llalatok lef\u00e9kezik a b\u00e9remel\u00e9sek \u00fctem\u00e9t.","keywords":[],"keyphrases":{"focus":{"keyphrase":"b\u00e9remel\u00e9sek","score":90,"analysis":{"keyphraseInTitle":{"title":"Focus keyphrase in SEO title","description":"Focus keyphrase found in SEO title.","score":9,"maxScore":9,"error":0},"keyphraseInDescription":{"title":"Focus keyphrase in meta description","description":"Focus keyphrase found in meta description.","score":9,"maxScore":9,"error":0},"keyphraseLength":{"title":"Focus keyphrase length","description":"Good job!","score":9,"maxScore":9,"error":0,"length":1},"keyphraseInURL":{"title":"Focus keyphrase in URL","description":"Focus keyphrase not found in the URL.","score":1,"maxScore":5,"error":1},"keyphraseInIntroduction":{"title":"Focus keyphrase in introduction","description":"Your Focus keyphrase appears in the first paragraph. Well done!","score":9,"maxScore":9,"error":0},"keyphraseInSubHeadings":[],"keyphraseInImageAlt":[]}},"additional":[]},"primary_term":null,"canonical_url":null,"og_title":null,"og_description":null,"og_object_type":"default","og_image_type":"default","og_image_url":null,"og_image_width":null,"og_image_height":null,"og_image_custom_url":null,"og_image_custom_fields":null,"og_video":"","og_custom_url":null,"og_article_section":null,"og_article_tags":[],"twitter_use_og":true,"twitter_card":"default","twitter_image_type":"default","twitter_image_url":null,"twitter_image_custom_url":null,"twitter_image_custom_fields":null,"twitter_title":null,"twitter_description":null,"schema":{"blockGraphs":[],"customGraphs":[],"default":{"data":{"Article":[],"Course":[],"Dataset":[],"FAQPage":[],"Movie":[],"Person":[],"Product":[],"ProductReview":[],"Car":[],"Recipe":[],"Service":[],"SoftwareApplication":[],"WebPage":[]},"graphName":"Article","isEnabled":true},"graphs":[]},"schema_type":"default","schema_type_options":null,"pillar_content":false,"robots_default":true,"robots_noindex":false,"robots_noarchive":false,"robots_nosnippet":false,"robots_nofollow":false,"robots_noimageindex":false,"robots_noodp":false,"robots_notranslate":false,"robots_max_snippet":"-1","robots_max_videopreview":"-1","robots_max_imagepreview":"large","priority":null,"frequency":"default","location":null,"local_seo":null,"breadcrumb_settings":null,"limit_modified_date":false,"ai":null,"created":"2022-11-11 09:02:14","updated":"2025-10-02 17:28:30","seo_analyzer_scan_date":null,"focus_keyword":"b\u00e9remel\u00e9sek","additional_keywords":null,"truseo_locale":null},"aioseo_breadcrumb":"<div class=\"aioseo-breadcrumbs\"><span class=\"aioseo-breadcrumb\">\n\t\t\t<a href=\"https:\/\/allasorias.hu\/hirek\" title=\"Home\">Home<\/a>\n\t\t<\/span><span class=\"aioseo-breadcrumb-separator\">&raquo;<\/span><span class=\"aioseo-breadcrumb\">\n\t\t\t<a href=\"https:\/\/allasorias.hu\/hirek\/temak\/munkaeropiac\/\" title=\"Munkaer\u0151piac\">Munkaer\u0151piac<\/a>\n\t\t<\/span><span class=\"aioseo-breadcrumb-separator\">&raquo;<\/span><span class=\"aioseo-breadcrumb\">\n\t\t\tSz\u00fcks\u00e9gesek a b\u00e9remel\u00e9sek\n\t\t<\/span><\/div>","aioseo_breadcrumb_json":[{"label":"Home","link":"https:\/\/allasorias.hu\/hirek"},{"label":"Munkaer\u0151piac","link":"https:\/\/allasorias.hu\/hirek\/temak\/munkaeropiac\/"},{"label":"Sz\u00fcks\u00e9gesek a b\u00e9remel\u00e9sek","link":"https:\/\/allasorias.hu\/hirek\/szuksegesek-a-beremelesek\/"}],"_links":{"self":[{"href":"https:\/\/allasorias.hu\/hirek\/wp-json\/wp\/v2\/posts\/5962","targetHints":{"allow":["GET"]}}],"collection":[{"href":"https:\/\/allasorias.hu\/hirek\/wp-json\/wp\/v2\/posts"}],"about":[{"href":"https:\/\/allasorias.hu\/hirek\/wp-json\/wp\/v2\/types\/post"}],"author":[{"embeddable":true,"href":"https:\/\/allasorias.hu\/hirek\/wp-json\/wp\/v2\/users\/1"}],"replies":[{"embeddable":true,"href":"https:\/\/allasorias.hu\/hirek\/wp-json\/wp\/v2\/comments?post=5962"}],"version-history":[{"count":1,"href":"https:\/\/allasorias.hu\/hirek\/wp-json\/wp\/v2\/posts\/5962\/revisions"}],"predecessor-version":[{"id":5964,"href":"https:\/\/allasorias.hu\/hirek\/wp-json\/wp\/v2\/posts\/5962\/revisions\/5964"}],"wp:featuredmedia":[{"embeddable":true,"href":"https:\/\/allasorias.hu\/hirek\/wp-json\/wp\/v2\/media\/5963"}],"wp:attachment":[{"href":"https:\/\/allasorias.hu\/hirek\/wp-json\/wp\/v2\/media?parent=5962"}],"wp:term":[{"taxonomy":"category","embeddable":true,"href":"https:\/\/allasorias.hu\/hirek\/wp-json\/wp\/v2\/categories?post=5962"},{"taxonomy":"post_tag","embeddable":true,"href":"https:\/\/allasorias.hu\/hirek\/wp-json\/wp\/v2\/tags?post=5962"}],"curies":[{"name":"wp","href":"https:\/\/api.w.org\/{rel}","templated":true}]}}