{"id":5959,"date":"2022-11-11T08:47:42","date_gmt":"2022-11-11T08:47:42","guid":{"rendered":"https:\/\/allasorias.hu\/hirek\/?p=5959"},"modified":"2022-11-11T08:48:30","modified_gmt":"2022-11-11T08:48:30","slug":"valsagallo-a-magyar-gazdasag","status":"publish","type":"post","link":"https:\/\/allasorias.hu\/hirek\/valsagallo-a-magyar-gazdasag\/","title":{"rendered":"V\u00e1ls\u00e1g\u00e1ll\u00f3 a magyar gazdas\u00e1g"},"content":{"rendered":"<p><strong>Ki\u00e1llta a pr\u00f3b\u00e1t a magyar gazdas\u00e1g, az \u00e1llam pedig seg\u00edti a v\u00e1llalkoz\u00e1sokat. El lehet ker\u00fclni a recesszi\u00f3t \u00e9s k\u00e9t \u00e9v m\u00falva m\u00e1r egyens\u00falyi n\u00f6veked\u00e9si p\u00e1ly\u00e1ra \u00e1llhat az orsz\u00e1g a p\u00e9nz\u00fcgyminiszter szerint. <\/strong><\/p>\n<p>A lehet\u0151s\u00e9geket k\u00f6r\u00fcltekint\u0151en felm\u00e9rve a v\u00e1ls\u00e1g ut\u00e1ni id\u0151szakra kell felk\u00e9sz\u00edteni a magyar gazdas\u00e1got \u2013 mondta a p\u00e9nz\u00fcgyminiszter a Figyel\u0151 gazdas\u00e1gi hetilap rendezv\u00e9ny\u00e9n, Budapesten. Varga Mih\u00e1ly kijelentette, hogy a v\u00e1llalkoz\u00e1sok tov\u00e1bbra is minden seg\u00edts\u00e9get megkapnak a korm\u00e1nyt\u00f3l, az \u00e1llami \u00e9s piaci forr\u00e1sok elegend\u0151ek lesznek a neh\u00e9zs\u00e9gek lek\u00fczd\u00e9s\u00e9re. \u00d3vatoss\u00e1gra persze sz\u00fcks\u00e9g van, hiszen sokkal er\u0151sebb \u00e1llamok is visszafogj\u00e1k a v\u00e1rakoz\u00e1saikat, de a fejleszt\u00e9seket nem le\u00e1ll\u00edtani, legfeljebb \u00e1t\u00fctemezni kell, el\u0151nyt adva azoknak, amelyek fenntartj\u00e1k a termel\u00e9si kapacit\u00e1sokat a kedvez\u0151bb \u00e9vekre \u2013 tette hozz\u00e1.<\/p>\n<h2>Recesszi\u00f3 elker\u00fcl\u00e9se<\/h2>\n<p>Mint mondta: megvan a lehet\u0151s\u00e9g\u00fcnk arra, hogy tov\u00e1bbi gazdas\u00e1gpolitikai int\u00e9zked\u00e9sekkel elker\u00fclj\u00fck a recesszi\u00f3t, \u00e9s 2023-24 t\u00e1j\u00e1n visszat\u00e9rj\u00fcnk az egyens\u00falyi n\u00f6veked\u00e9si p\u00e1ly\u00e1ra, 2024-t\u0151l pedig m\u00e1r 4 sz\u00e1zal\u00e9k k\u00f6r\u00fcli GDP-b\u0151v\u00fcl\u00e9ssel \u00e9s 3 sz\u00e1zal\u00e9k alatti hi\u00e1nnyal sz\u00e1molunk. A t\u00e1rcavezet\u0151 szerint a korm\u00e1ny maga is ennek megfelel\u0151en tervez, ez\u00e9rt vezetett be kiad\u00e1si korl\u00e1toz\u00e1st a miniszt\u00e9riumokban, ez\u00e9rt halaszt el \u00e1llami beruh\u00e1z\u00e1sokat, ez indokolja a visszafogottabb \u00e1llampap\u00edrpiaci strat\u00e9gi\u00e1t. A v\u00e1llalati \u00f6szt\u00f6nz\u0151k ugyanakkor tov\u00e1bbra is eredm\u00e9nyesek, a <a href=\"https:\/\/allasorias.hu\/hirek\/gyarmento-program-segitseg-a-vallalatoknak-jovore\/\">gy\u00e1rment\u0151 program<\/a> vagy a hat\u00e9konys\u00e1gjav\u00edt\u00f3 p\u00e1ly\u00e1zatok sok c\u00e9gnek seg\u00edtenek most is. Varga Mih\u00e1ly kiemelte: a k\u00f6r\u00fclm\u00e9nyekhez k\u00e9pest a gazdas\u00e1gi n\u00f6veked\u00e9s szint\u00e9n biztat\u00f3an alakul, 4-4,5 sz\u00e1zal\u00e9k a n\u00f6veked\u00e9s m\u00e9rt\u00e9ke. A gazdas\u00e1gban eg\u00e9szs\u00e9ges mozg\u00e1s l\u00e1tszik, egyre t\u00f6bb \u00faj c\u00e9g ker\u00fcl be a legjobban teljes\u00edt\u0151k \u00e9lmez\u0151ny\u00e9be \u2013 hangs\u00falyozta.<\/p>\n<h2>V\u00e1ls\u00e1g\u00e1ll\u00f3 magyar gazdas\u00e1g<\/h2>\n<p>A miniszter kijelentette: a magyar gazdas\u00e1g v\u00e1ls\u00e1g\u00e1ll\u00f3s\u00e1ga mindeddig igazol\u00e1st nyert. A rekordszint\u0171 foglalkoztatotts\u00e1g mellett a munkan\u00e9lk\u00fclis\u00e9g 3,6 sz\u00e1zal\u00e9kkal tov\u00e1bbra is alacsony m\u00e9rt\u00e9k\u0171, az \u00e1llamh\u00e1ztart\u00e1s k\u00f6zponti alrendszere a kedvez\u0151 szeptemberi adat ut\u00e1n okt\u00f3berben is 100 milli\u00e1rd forint feletti t\u00f6bblettel z\u00e1rt. A t\u00e1rcavezet\u0151 al\u00e1h\u00fazta: a v\u00e1ls\u00e1ghelyzetben kulcsfontoss\u00e1g\u00fa a stabilit\u00e1s, ez\u00e9rt a korm\u00e1ny elk\u00f6telezett a felel\u0151s gazd\u00e1lkod\u00e1s \u00e9s a hi\u00e1nyc\u00e9l tart\u00e1sa mellett. A miniszter szerint a v\u00e1ls\u00e1gkezel\u00e9st nagy m\u00e9rt\u00e9kben seg\u00edtette, hogy az el\u0151z\u0151 \u00e9vtized nem telt haszontalanul, \u00edgy a gazdas\u00e1gnak volt ideje felk\u00e9sz\u00fclni \u00e9s tartal\u00e9kolni az \u00fajabb kih\u00edv\u00e1sra. Magyarorsz\u00e1g 2012-re t\u00faljutott az el\u0151z\u0151 korm\u00e1nyokt\u00f3l meg\u00f6r\u00f6k\u00f6lt neh\u00e9zs\u00e9geken, gazdas\u00e1ga az \u00e9vtized m\u00e1sodik fel\u00e9ben az eur\u00f3pai \u00e9lmez\u0151nybe ker\u00fclt, az \u00e1llamad\u00f3ss\u00e1g k\u00f6zben cs\u00f6kkent, a foglalkoztat\u00e1s pedig cs\u00facsot d\u00f6nt\u00f6tt \u2013 tette hozz\u00e1.<\/p>\n<p>V\u00e9lem\u00e9nye szerint helyes d\u00f6nt\u00e9s volt teret engedni a gazdas\u00e1gfejleszt\u00e9sben a c\u00e9geknek, mert ilyen eredm\u00e9nyeket v\u00e1llalati egy\u00fcttm\u0171k\u00f6d\u00e9sek n\u00e9lk\u00fcl nem lehetett volna el\u00e9rni. Arra ugyanakkor senki nem sz\u00e1m\u00edtott, hogy a vil\u00e1gj\u00e1rv\u00e1nyt r\u00f6gt\u00f6n egy m\u00e9g s\u00falyosabb kih\u00edv\u00e1s k\u00f6veti \u2013 mondta Varga Mih\u00e1ly, aki szerint Magyarorsz\u00e1g a koronav\u00edrusb\u00f3l viszonylag j\u00f3l j\u00f6tt ki, \u00e9s ha ezzel v\u00e9get \u00e9rtek volna a neh\u00e9zs\u00e9gek, akkor a n\u00f6veked\u00e9si p\u00e1lya is folytat\u00f3dna. Sajnos az ukrajnai h\u00e1bor\u00fa megrengette az eg\u00e9sz EU-t, \u00e9s \u00fagy t\u0171nik, hogy a bonyolult kih\u00edv\u00e1sok \u00e9s \u00e9rdekellent\u00e9tek kezel\u00e9se meghaladja Br\u00fcsszel k\u00e9pess\u00e9geit \u2013 fogalmazott.<\/p>\n<p>Forr\u00e1s: <a href=\"https:\/\/hirado.hu\/belfold\/gazdasag\/cikk\/2022\/11\/10\/varga-mihaly-a-valsag-utani-idoszakra-kell-felkesziteni-a-gazdasagot\" target=\"_blank\" rel=\"nofollow noopener\">hirado.hu<\/a><\/p>\n<p>&nbsp;<\/p>\n","protected":false},"excerpt":{"rendered":"<p>Ki\u00e1llta a pr\u00f3b\u00e1t a magyar gazdas\u00e1g, az \u00e1llam pedig seg\u00edti a v\u00e1llalkoz\u00e1sokat. El lehet ker\u00fclni a recesszi\u00f3t \u00e9s k\u00e9t \u00e9v m\u00falva m\u00e1r egyens\u00falyi n\u00f6veked\u00e9si p\u00e1ly\u00e1ra \u00e1llhat az orsz\u00e1g a p\u00e9nz\u00fcgyminiszter szerint. A lehet\u0151s\u00e9geket k\u00f6r\u00fcltekint\u0151en felm\u00e9rve a v\u00e1ls\u00e1g ut\u00e1ni id\u0151szakra kell felk\u00e9sz\u00edteni a magyar gazdas\u00e1got \u2013 mondta a p\u00e9nz\u00fcgyminiszter a Figyel\u0151 gazdas\u00e1gi hetilap rendezv\u00e9ny\u00e9n, Budapesten. Varga [&hellip;]<\/p>\n","protected":false},"author":1,"featured_media":5960,"comment_status":"open","ping_status":"open","sticky":false,"template":"","format":"standard","meta":{"_monsterinsights_skip_tracking":false,"footnotes":""},"categories":[198],"tags":[255,254],"class_list":["post-5959","post","type-post","status-publish","format-standard","has-post-thumbnail","hentry","category-gazdasag","tag-novekedes","tag-valsagallo"],"aioseo_notices":[],"aioseo_head":"\n\t\t<!-- All in One SEO 5.0.0.1 - aioseo.com -->\n\t<meta name=\"description\" content=\"Ki\u00e1llta a pr\u00f3b\u00e1t a magyar gazdas\u00e1g, az \u00e1llam pedig seg\u00edti a v\u00e1llalkoz\u00e1sokat. A rekordszint\u0171 foglalkoztatotts\u00e1g mellett a munkan\u00e9lk\u00fclis\u00e9g tov\u00e1bbra is alacsony\" \/>\n\t<meta name=\"robots\" content=\"max-image-preview:large\" \/>\n\t<meta name=\"author\" content=\"Juh\u00e1sz P\u00e9ter\"\/>\n\t<meta name=\"keywords\" content=\"n\u00f6veked\u00e9s,v\u00e1ls\u00e1g\u00e1ll\u00f3\" \/>\n\t<link rel=\"canonical\" href=\"https:\/\/allasorias.hu\/hirek\/valsagallo-a-magyar-gazdasag\/\" \/>\n\t<meta name=\"generator\" content=\"All in One SEO (AIOSEO) 5.0.0.1\" \/>\n\t\t<meta property=\"og:locale\" content=\"hu_HU\" \/>\n\t\t<meta property=\"og:site_name\" content=\"AllasOrias.hu | H\u00edrek-lapszemle | \u00dczleti h\u00edrek az \u00e1ll\u00e1s \u00e9s a munka vil\u00e1g\u00e1b\u00f3l\" \/>\n\t\t<meta property=\"og:type\" content=\"article\" \/>\n\t\t<meta property=\"og:title\" content=\"V\u00e1ls\u00e1g\u00e1ll\u00f3 a magyar gazdas\u00e1g | Allasoriras.hu\/Hirek\" \/>\n\t\t<meta property=\"og:description\" content=\"Ki\u00e1llta a pr\u00f3b\u00e1t a magyar gazdas\u00e1g, az \u00e1llam pedig seg\u00edti a v\u00e1llalkoz\u00e1sokat. A rekordszint\u0171 foglalkoztatotts\u00e1g mellett a munkan\u00e9lk\u00fclis\u00e9g tov\u00e1bbra is alacsony\" \/>\n\t\t<meta property=\"og:url\" content=\"https:\/\/allasorias.hu\/hirek\/valsagallo-a-magyar-gazdasag\/\" \/>\n\t\t<meta property=\"og:image\" content=\"https:\/\/allasorias.hu\/hirek\/wp-content\/uploads\/2022\/11\/gazdasag1.jpg\" \/>\n\t\t<meta property=\"og:image:secure_url\" content=\"https:\/\/allasorias.hu\/hirek\/wp-content\/uploads\/2022\/11\/gazdasag1.jpg\" \/>\n\t\t<meta property=\"og:image:width\" content=\"1280\" \/>\n\t\t<meta property=\"og:image:height\" content=\"853\" \/>\n\t\t<meta property=\"article:published_time\" content=\"2022-11-11T08:47:42+00:00\" \/>\n\t\t<meta property=\"article:modified_time\" content=\"2022-11-11T08:48:30+00:00\" \/>\n\t\t<meta property=\"article:publisher\" content=\"https:\/\/www.facebook.com\/allasorias\" \/>\n\t\t<meta name=\"twitter:card\" content=\"summary_large_image\" \/>\n\t\t<meta name=\"twitter:title\" content=\"V\u00e1ls\u00e1g\u00e1ll\u00f3 a magyar gazdas\u00e1g | Allasoriras.hu\/Hirek\" \/>\n\t\t<meta name=\"twitter:description\" content=\"Ki\u00e1llta a pr\u00f3b\u00e1t a magyar gazdas\u00e1g, az \u00e1llam pedig seg\u00edti a v\u00e1llalkoz\u00e1sokat. A rekordszint\u0171 foglalkoztatotts\u00e1g mellett a munkan\u00e9lk\u00fclis\u00e9g tov\u00e1bbra is alacsony\" \/>\n\t\t<meta name=\"twitter:image\" content=\"https:\/\/allasorias.hu\/hirek\/wp-content\/uploads\/2022\/11\/gazdasag1.jpg\" \/>\n\t\t<meta name=\"twitter:label1\" content=\"Written by\" \/>\n\t\t<meta name=\"twitter:data1\" content=\"Juh\u00e1sz P\u00e9ter\" \/>\n\t\t<meta name=\"twitter:label2\" content=\"Est. reading time\" \/>\n\t\t<meta name=\"twitter:data2\" content=\"4 minutes\" \/>\n\t\t<script type=\"application\/ld+json\" class=\"aioseo-schema\">\n\t\t\t{\"@context\":\"https:\\\/\\\/schema.org\",\"@graph\":[{\"@type\":\"Article\",\"@id\":\"https:\\\/\\\/allasorias.hu\\\/hirek\\\/valsagallo-a-magyar-gazdasag\\\/#article\",\"name\":\"V\\u00e1ls\\u00e1g\\u00e1ll\\u00f3 a magyar gazdas\\u00e1g | Allasoriras.hu\\\/Hirek\",\"headline\":\"V\\u00e1ls\\u00e1g\\u00e1ll\\u00f3 a magyar gazdas\\u00e1g\",\"author\":{\"@id\":\"https:\\\/\\\/allasorias.hu\\\/hirek\\\/author\\\/admin-allasorias\\\/#author\"},\"publisher\":{\"@id\":\"https:\\\/\\\/allasorias.hu\\\/hirek\\\/#organization\"},\"image\":{\"@type\":\"ImageObject\",\"url\":\"https:\\\/\\\/allasorias.hu\\\/hirek\\\/wp-content\\\/uploads\\\/2022\\\/11\\\/gazdasag1.jpg\",\"width\":1280,\"height\":853,\"caption\":\"V\\u00e1ls\\u00e1g\\u00e1ll\\u00f3 a magyar gazdas\\u00e1g - Allasorias.hu\\\/Hirek\"},\"datePublished\":\"2022-11-11T08:47:42+02:00\",\"dateModified\":\"2022-11-11T08:48:30+02:00\",\"inLanguage\":\"hu-HU\",\"mainEntityOfPage\":{\"@id\":\"https:\\\/\\\/allasorias.hu\\\/hirek\\\/valsagallo-a-magyar-gazdasag\\\/#webpage\"},\"isPartOf\":{\"@id\":\"https:\\\/\\\/allasorias.hu\\\/hirek\\\/valsagallo-a-magyar-gazdasag\\\/#webpage\"},\"articleSection\":\"Gazdas\\u00e1g, n\\u00f6veked\\u00e9s, v\\u00e1ls\\u00e1g\\u00e1ll\\u00f3\"},{\"@type\":\"BreadcrumbList\",\"@id\":\"https:\\\/\\\/allasorias.hu\\\/hirek\\\/valsagallo-a-magyar-gazdasag\\\/#breadcrumblist\",\"itemListElement\":[{\"@type\":\"ListItem\",\"@id\":\"https:\\\/\\\/allasorias.hu\\\/hirek#listItem\",\"position\":1,\"name\":\"Home\",\"item\":\"https:\\\/\\\/allasorias.hu\\\/hirek\",\"nextItem\":{\"@type\":\"ListItem\",\"@id\":\"https:\\\/\\\/allasorias.hu\\\/hirek\\\/temak\\\/gazdasag\\\/#listItem\",\"name\":\"Gazdas\\u00e1g\"}},{\"@type\":\"ListItem\",\"@id\":\"https:\\\/\\\/allasorias.hu\\\/hirek\\\/temak\\\/gazdasag\\\/#listItem\",\"position\":2,\"name\":\"Gazdas\\u00e1g\",\"item\":\"https:\\\/\\\/allasorias.hu\\\/hirek\\\/temak\\\/gazdasag\\\/\",\"nextItem\":{\"@type\":\"ListItem\",\"@id\":\"https:\\\/\\\/allasorias.hu\\\/hirek\\\/valsagallo-a-magyar-gazdasag\\\/#listItem\",\"name\":\"V\\u00e1ls\\u00e1g\\u00e1ll\\u00f3 a magyar gazdas\\u00e1g\"},\"previousItem\":{\"@type\":\"ListItem\",\"@id\":\"https:\\\/\\\/allasorias.hu\\\/hirek#listItem\",\"name\":\"Home\"}},{\"@type\":\"ListItem\",\"@id\":\"https:\\\/\\\/allasorias.hu\\\/hirek\\\/valsagallo-a-magyar-gazdasag\\\/#listItem\",\"position\":3,\"name\":\"V\\u00e1ls\\u00e1g\\u00e1ll\\u00f3 a magyar gazdas\\u00e1g\",\"previousItem\":{\"@type\":\"ListItem\",\"@id\":\"https:\\\/\\\/allasorias.hu\\\/hirek\\\/temak\\\/gazdasag\\\/#listItem\",\"name\":\"Gazdas\\u00e1g\"}}]},{\"@type\":\"Organization\",\"@id\":\"https:\\\/\\\/allasorias.hu\\\/hirek\\\/#organization\",\"name\":\"AllasOrias.hu | H\\u00edrek-lapszemle\",\"description\":\"\\u00dczleti h\\u00edrek az \\u00e1ll\\u00e1s \\u00e9s a munka vil\\u00e1g\\u00e1b\\u00f3l\",\"url\":\"https:\\\/\\\/allasorias.hu\\\/hirek\\\/\",\"logo\":{\"@type\":\"ImageObject\",\"url\":\"https:\\\/\\\/allasorias.hu\\\/hirek\\\/wp-content\\\/uploads\\\/2022\\\/10\\\/allasorias_site_facebok_logo.png\",\"@id\":\"https:\\\/\\\/allasorias.hu\\\/hirek\\\/valsagallo-a-magyar-gazdasag\\\/#organizationLogo\"},\"image\":{\"@id\":\"https:\\\/\\\/allasorias.hu\\\/hirek\\\/valsagallo-a-magyar-gazdasag\\\/#organizationLogo\"},\"sameAs\":[\"https:\\\/\\\/www.facebook.com\\\/allasorias\",\"https:\\\/\\\/www.linkedin.com\\\/company\\\/allasorias\"]},{\"@type\":\"Person\",\"@id\":\"https:\\\/\\\/allasorias.hu\\\/hirek\\\/author\\\/admin-allasorias\\\/#author\",\"url\":\"https:\\\/\\\/allasorias.hu\\\/hirek\\\/author\\\/admin-allasorias\\\/\",\"name\":\"Juh\\u00e1sz P\\u00e9ter\",\"image\":{\"@type\":\"ImageObject\",\"@id\":\"https:\\\/\\\/allasorias.hu\\\/hirek\\\/valsagallo-a-magyar-gazdasag\\\/#authorImage\",\"url\":\"https:\\\/\\\/secure.gravatar.com\\\/avatar\\\/36e6bcb83148978b992977cb0f54d22feb0cce8a0a849a9410532bb2623ba4c6?s=96&d=mm&r=g\",\"width\":96,\"height\":96,\"caption\":\"Juh\\u00e1sz P\\u00e9ter\"}},{\"@type\":\"WebPage\",\"@id\":\"https:\\\/\\\/allasorias.hu\\\/hirek\\\/valsagallo-a-magyar-gazdasag\\\/#webpage\",\"url\":\"https:\\\/\\\/allasorias.hu\\\/hirek\\\/valsagallo-a-magyar-gazdasag\\\/\",\"name\":\"V\\u00e1ls\\u00e1g\\u00e1ll\\u00f3 a magyar gazdas\\u00e1g | Allasoriras.hu\\\/Hirek\",\"description\":\"Ki\\u00e1llta a pr\\u00f3b\\u00e1t a magyar gazdas\\u00e1g, az \\u00e1llam pedig seg\\u00edti a v\\u00e1llalkoz\\u00e1sokat. A rekordszint\\u0171 foglalkoztatotts\\u00e1g mellett a munkan\\u00e9lk\\u00fclis\\u00e9g tov\\u00e1bbra is alacsony\",\"inLanguage\":\"hu-HU\",\"isPartOf\":{\"@id\":\"https:\\\/\\\/allasorias.hu\\\/hirek\\\/#website\"},\"breadcrumb\":{\"@id\":\"https:\\\/\\\/allasorias.hu\\\/hirek\\\/valsagallo-a-magyar-gazdasag\\\/#breadcrumblist\"},\"author\":{\"@id\":\"https:\\\/\\\/allasorias.hu\\\/hirek\\\/author\\\/admin-allasorias\\\/#author\"},\"creator\":{\"@id\":\"https:\\\/\\\/allasorias.hu\\\/hirek\\\/author\\\/admin-allasorias\\\/#author\"},\"image\":{\"@type\":\"ImageObject\",\"url\":\"https:\\\/\\\/allasorias.hu\\\/hirek\\\/wp-content\\\/uploads\\\/2022\\\/11\\\/gazdasag1.jpg\",\"@id\":\"https:\\\/\\\/allasorias.hu\\\/hirek\\\/valsagallo-a-magyar-gazdasag\\\/#mainImage\",\"width\":1280,\"height\":853,\"caption\":\"V\\u00e1ls\\u00e1g\\u00e1ll\\u00f3 a magyar gazdas\\u00e1g - Allasorias.hu\\\/Hirek\"},\"primaryImageOfPage\":{\"@id\":\"https:\\\/\\\/allasorias.hu\\\/hirek\\\/valsagallo-a-magyar-gazdasag\\\/#mainImage\"},\"datePublished\":\"2022-11-11T08:47:42+02:00\",\"dateModified\":\"2022-11-11T08:48:30+02:00\"},{\"@type\":\"WebSite\",\"@id\":\"https:\\\/\\\/allasorias.hu\\\/hirek\\\/#website\",\"url\":\"https:\\\/\\\/allasorias.hu\\\/hirek\\\/\",\"name\":\"AllasOrias.hu | H\\u00edrek-lapszemle\",\"description\":\"\\u00dczleti h\\u00edrek az \\u00e1ll\\u00e1s \\u00e9s a munka vil\\u00e1g\\u00e1b\\u00f3l\",\"inLanguage\":\"hu-HU\",\"publisher\":{\"@id\":\"https:\\\/\\\/allasorias.hu\\\/hirek\\\/#organization\"}}]}\n\t\t<\/script>\n\t\t<!-- All in One SEO -->\n\n","aioseo_head_json":{"title":"V\u00e1ls\u00e1g\u00e1ll\u00f3 a magyar gazdas\u00e1g | Allasoriras.hu\/Hirek","description":"Ki\u00e1llta a pr\u00f3b\u00e1t a magyar gazdas\u00e1g, az \u00e1llam pedig seg\u00edti a v\u00e1llalkoz\u00e1sokat. A rekordszint\u0171 foglalkoztatotts\u00e1g mellett a munkan\u00e9lk\u00fclis\u00e9g tov\u00e1bbra is alacsony","canonical_url":"https:\/\/allasorias.hu\/hirek\/valsagallo-a-magyar-gazdasag\/","robots":"max-image-preview:large","keywords":"n\u00f6veked\u00e9s,v\u00e1ls\u00e1g\u00e1ll\u00f3","webmasterTools":{"miscellaneous":""},"schema":{"@context":"https:\/\/schema.org","@graph":[{"@type":"Article","@id":"https:\/\/allasorias.hu\/hirek\/valsagallo-a-magyar-gazdasag\/#article","name":"V\u00e1ls\u00e1g\u00e1ll\u00f3 a magyar gazdas\u00e1g | Allasoriras.hu\/Hirek","headline":"V\u00e1ls\u00e1g\u00e1ll\u00f3 a magyar gazdas\u00e1g","author":{"@id":"https:\/\/allasorias.hu\/hirek\/author\/admin-allasorias\/#author"},"publisher":{"@id":"https:\/\/allasorias.hu\/hirek\/#organization"},"image":{"@type":"ImageObject","url":"https:\/\/allasorias.hu\/hirek\/wp-content\/uploads\/2022\/11\/gazdasag1.jpg","width":1280,"height":853,"caption":"V\u00e1ls\u00e1g\u00e1ll\u00f3 a magyar gazdas\u00e1g - Allasorias.hu\/Hirek"},"datePublished":"2022-11-11T08:47:42+02:00","dateModified":"2022-11-11T08:48:30+02:00","inLanguage":"hu-HU","mainEntityOfPage":{"@id":"https:\/\/allasorias.hu\/hirek\/valsagallo-a-magyar-gazdasag\/#webpage"},"isPartOf":{"@id":"https:\/\/allasorias.hu\/hirek\/valsagallo-a-magyar-gazdasag\/#webpage"},"articleSection":"Gazdas\u00e1g, n\u00f6veked\u00e9s, v\u00e1ls\u00e1g\u00e1ll\u00f3"},{"@type":"BreadcrumbList","@id":"https:\/\/allasorias.hu\/hirek\/valsagallo-a-magyar-gazdasag\/#breadcrumblist","itemListElement":[{"@type":"ListItem","@id":"https:\/\/allasorias.hu\/hirek#listItem","position":1,"name":"Home","item":"https:\/\/allasorias.hu\/hirek","nextItem":{"@type":"ListItem","@id":"https:\/\/allasorias.hu\/hirek\/temak\/gazdasag\/#listItem","name":"Gazdas\u00e1g"}},{"@type":"ListItem","@id":"https:\/\/allasorias.hu\/hirek\/temak\/gazdasag\/#listItem","position":2,"name":"Gazdas\u00e1g","item":"https:\/\/allasorias.hu\/hirek\/temak\/gazdasag\/","nextItem":{"@type":"ListItem","@id":"https:\/\/allasorias.hu\/hirek\/valsagallo-a-magyar-gazdasag\/#listItem","name":"V\u00e1ls\u00e1g\u00e1ll\u00f3 a magyar gazdas\u00e1g"},"previousItem":{"@type":"ListItem","@id":"https:\/\/allasorias.hu\/hirek#listItem","name":"Home"}},{"@type":"ListItem","@id":"https:\/\/allasorias.hu\/hirek\/valsagallo-a-magyar-gazdasag\/#listItem","position":3,"name":"V\u00e1ls\u00e1g\u00e1ll\u00f3 a magyar gazdas\u00e1g","previousItem":{"@type":"ListItem","@id":"https:\/\/allasorias.hu\/hirek\/temak\/gazdasag\/#listItem","name":"Gazdas\u00e1g"}}]},{"@type":"Organization","@id":"https:\/\/allasorias.hu\/hirek\/#organization","name":"AllasOrias.hu | H\u00edrek-lapszemle","description":"\u00dczleti h\u00edrek az \u00e1ll\u00e1s \u00e9s a munka vil\u00e1g\u00e1b\u00f3l","url":"https:\/\/allasorias.hu\/hirek\/","logo":{"@type":"ImageObject","url":"https:\/\/allasorias.hu\/hirek\/wp-content\/uploads\/2022\/10\/allasorias_site_facebok_logo.png","@id":"https:\/\/allasorias.hu\/hirek\/valsagallo-a-magyar-gazdasag\/#organizationLogo"},"image":{"@id":"https:\/\/allasorias.hu\/hirek\/valsagallo-a-magyar-gazdasag\/#organizationLogo"},"sameAs":["https:\/\/www.facebook.com\/allasorias","https:\/\/www.linkedin.com\/company\/allasorias"]},{"@type":"Person","@id":"https:\/\/allasorias.hu\/hirek\/author\/admin-allasorias\/#author","url":"https:\/\/allasorias.hu\/hirek\/author\/admin-allasorias\/","name":"Juh\u00e1sz P\u00e9ter","image":{"@type":"ImageObject","@id":"https:\/\/allasorias.hu\/hirek\/valsagallo-a-magyar-gazdasag\/#authorImage","url":"https:\/\/secure.gravatar.com\/avatar\/36e6bcb83148978b992977cb0f54d22feb0cce8a0a849a9410532bb2623ba4c6?s=96&d=mm&r=g","width":96,"height":96,"caption":"Juh\u00e1sz P\u00e9ter"}},{"@type":"WebPage","@id":"https:\/\/allasorias.hu\/hirek\/valsagallo-a-magyar-gazdasag\/#webpage","url":"https:\/\/allasorias.hu\/hirek\/valsagallo-a-magyar-gazdasag\/","name":"V\u00e1ls\u00e1g\u00e1ll\u00f3 a magyar gazdas\u00e1g | Allasoriras.hu\/Hirek","description":"Ki\u00e1llta a pr\u00f3b\u00e1t a magyar gazdas\u00e1g, az \u00e1llam pedig seg\u00edti a v\u00e1llalkoz\u00e1sokat. A rekordszint\u0171 foglalkoztatotts\u00e1g mellett a munkan\u00e9lk\u00fclis\u00e9g tov\u00e1bbra is alacsony","inLanguage":"hu-HU","isPartOf":{"@id":"https:\/\/allasorias.hu\/hirek\/#website"},"breadcrumb":{"@id":"https:\/\/allasorias.hu\/hirek\/valsagallo-a-magyar-gazdasag\/#breadcrumblist"},"author":{"@id":"https:\/\/allasorias.hu\/hirek\/author\/admin-allasorias\/#author"},"creator":{"@id":"https:\/\/allasorias.hu\/hirek\/author\/admin-allasorias\/#author"},"image":{"@type":"ImageObject","url":"https:\/\/allasorias.hu\/hirek\/wp-content\/uploads\/2022\/11\/gazdasag1.jpg","@id":"https:\/\/allasorias.hu\/hirek\/valsagallo-a-magyar-gazdasag\/#mainImage","width":1280,"height":853,"caption":"V\u00e1ls\u00e1g\u00e1ll\u00f3 a magyar gazdas\u00e1g - Allasorias.hu\/Hirek"},"primaryImageOfPage":{"@id":"https:\/\/allasorias.hu\/hirek\/valsagallo-a-magyar-gazdasag\/#mainImage"},"datePublished":"2022-11-11T08:47:42+02:00","dateModified":"2022-11-11T08:48:30+02:00"},{"@type":"WebSite","@id":"https:\/\/allasorias.hu\/hirek\/#website","url":"https:\/\/allasorias.hu\/hirek\/","name":"AllasOrias.hu | H\u00edrek-lapszemle","description":"\u00dczleti h\u00edrek az \u00e1ll\u00e1s \u00e9s a munka vil\u00e1g\u00e1b\u00f3l","inLanguage":"hu-HU","publisher":{"@id":"https:\/\/allasorias.hu\/hirek\/#organization"}}]},"og:locale":"hu_HU","og:site_name":"AllasOrias.hu | H\u00edrek-lapszemle | \u00dczleti h\u00edrek az \u00e1ll\u00e1s \u00e9s a munka vil\u00e1g\u00e1b\u00f3l","og:type":"article","og:title":"V\u00e1ls\u00e1g\u00e1ll\u00f3 a magyar gazdas\u00e1g | Allasoriras.hu\/Hirek","og:description":"Ki\u00e1llta a pr\u00f3b\u00e1t a magyar gazdas\u00e1g, az \u00e1llam pedig seg\u00edti a v\u00e1llalkoz\u00e1sokat. A rekordszint\u0171 foglalkoztatotts\u00e1g mellett a munkan\u00e9lk\u00fclis\u00e9g tov\u00e1bbra is alacsony","og:url":"https:\/\/allasorias.hu\/hirek\/valsagallo-a-magyar-gazdasag\/","og:image":"https:\/\/allasorias.hu\/hirek\/wp-content\/uploads\/2022\/11\/gazdasag1.jpg","og:image:secure_url":"https:\/\/allasorias.hu\/hirek\/wp-content\/uploads\/2022\/11\/gazdasag1.jpg","og:image:width":1280,"og:image:height":853,"article:published_time":"2022-11-11T08:47:42+00:00","article:modified_time":"2022-11-11T08:48:30+00:00","article:publisher":"https:\/\/www.facebook.com\/allasorias","twitter:card":"summary_large_image","twitter:title":"V\u00e1ls\u00e1g\u00e1ll\u00f3 a magyar gazdas\u00e1g | Allasoriras.hu\/Hirek","twitter:description":"Ki\u00e1llta a pr\u00f3b\u00e1t a magyar gazdas\u00e1g, az \u00e1llam pedig seg\u00edti a v\u00e1llalkoz\u00e1sokat. A rekordszint\u0171 foglalkoztatotts\u00e1g mellett a munkan\u00e9lk\u00fclis\u00e9g tov\u00e1bbra is alacsony","twitter:image":"https:\/\/allasorias.hu\/hirek\/wp-content\/uploads\/2022\/11\/gazdasag1.jpg","twitter:label1":"Written by","twitter:data1":"Juh\u00e1sz P\u00e9ter","twitter:label2":"Est. reading time","twitter:data2":"4 minutes"},"aioseo_meta_data":{"post_id":"5959","title":"#post_title | Allasoriras.hu\/Hirek","description":"Ki\u00e1llta a pr\u00f3b\u00e1t a magyar gazdas\u00e1g, az \u00e1llam pedig seg\u00edti a v\u00e1llalkoz\u00e1sokat. A rekordszint\u0171 foglalkoztatotts\u00e1g mellett a munkan\u00e9lk\u00fclis\u00e9g tov\u00e1bbra is alacsony","keywords":[],"keyphrases":{"focus":{"keyphrase":"gazdas\u00e1g","score":100,"analysis":{"keyphraseInTitle":{"title":"Focus keyphrase in SEO title","description":"Focus keyphrase found in SEO title.","score":9,"maxScore":9,"error":0},"keyphraseInDescription":{"title":"Focus keyphrase in meta description","description":"Focus keyphrase found in meta description.","score":9,"maxScore":9,"error":0},"keyphraseLength":{"title":"Focus keyphrase length","description":"Good job!","score":9,"maxScore":9,"error":0,"length":1},"keyphraseInURL":{"title":"Focus keyphrase in URL","description":"Focus keyphrase used in the URL.","score":5,"maxScore":5,"error":0},"keyphraseInIntroduction":{"title":"Focus keyphrase in introduction","description":"Your Focus keyphrase appears in the first paragraph. Well done!","score":9,"maxScore":9,"error":0},"keyphraseInSubHeadings":{"title":"Focus keyphrase in Subheadings","description":"Your H2 and H3 subheadings reflects the topic of your copy. Good job!","score":9,"maxScore":9,"error":0},"keyphraseInImageAlt":[]}},"additional":[]},"primary_term":null,"canonical_url":null,"og_title":null,"og_description":null,"og_object_type":"default","og_image_type":"default","og_image_url":null,"og_image_width":null,"og_image_height":null,"og_image_custom_url":null,"og_image_custom_fields":null,"og_video":"","og_custom_url":null,"og_article_section":null,"og_article_tags":[],"twitter_use_og":true,"twitter_card":"default","twitter_image_type":"default","twitter_image_url":null,"twitter_image_custom_url":null,"twitter_image_custom_fields":null,"twitter_title":null,"twitter_description":null,"schema":{"blockGraphs":[],"customGraphs":[],"default":{"data":{"Article":[],"Course":[],"Dataset":[],"FAQPage":[],"Movie":[],"Person":[],"Product":[],"ProductReview":[],"Car":[],"Recipe":[],"Service":[],"SoftwareApplication":[],"WebPage":[]},"graphName":"Article","isEnabled":true},"graphs":[]},"schema_type":"default","schema_type_options":null,"pillar_content":false,"robots_default":true,"robots_noindex":false,"robots_noarchive":false,"robots_nosnippet":false,"robots_nofollow":false,"robots_noimageindex":false,"robots_noodp":false,"robots_notranslate":false,"robots_max_snippet":"-1","robots_max_videopreview":"-1","robots_max_imagepreview":"large","priority":null,"frequency":"default","location":null,"local_seo":null,"breadcrumb_settings":null,"limit_modified_date":false,"ai":null,"created":"2022-11-11 08:31:00","updated":"2025-10-02 17:28:30","seo_analyzer_scan_date":null,"focus_keyword":"gazdas\u00e1g","additional_keywords":null,"truseo_locale":null},"aioseo_breadcrumb":"<div class=\"aioseo-breadcrumbs\"><span class=\"aioseo-breadcrumb\">\n\t\t\t<a href=\"https:\/\/allasorias.hu\/hirek\" title=\"Home\">Home<\/a>\n\t\t<\/span><span class=\"aioseo-breadcrumb-separator\">&raquo;<\/span><span class=\"aioseo-breadcrumb\">\n\t\t\t<a href=\"https:\/\/allasorias.hu\/hirek\/temak\/gazdasag\/\" title=\"Gazdas\u00e1g\">Gazdas\u00e1g<\/a>\n\t\t<\/span><span class=\"aioseo-breadcrumb-separator\">&raquo;<\/span><span class=\"aioseo-breadcrumb\">\n\t\t\tV\u00e1ls\u00e1g\u00e1ll\u00f3 a magyar gazdas\u00e1g\n\t\t<\/span><\/div>","aioseo_breadcrumb_json":[{"label":"Home","link":"https:\/\/allasorias.hu\/hirek"},{"label":"Gazdas\u00e1g","link":"https:\/\/allasorias.hu\/hirek\/temak\/gazdasag\/"},{"label":"V\u00e1ls\u00e1g\u00e1ll\u00f3 a magyar gazdas\u00e1g","link":"https:\/\/allasorias.hu\/hirek\/valsagallo-a-magyar-gazdasag\/"}],"_links":{"self":[{"href":"https:\/\/allasorias.hu\/hirek\/wp-json\/wp\/v2\/posts\/5959","targetHints":{"allow":["GET"]}}],"collection":[{"href":"https:\/\/allasorias.hu\/hirek\/wp-json\/wp\/v2\/posts"}],"about":[{"href":"https:\/\/allasorias.hu\/hirek\/wp-json\/wp\/v2\/types\/post"}],"author":[{"embeddable":true,"href":"https:\/\/allasorias.hu\/hirek\/wp-json\/wp\/v2\/users\/1"}],"replies":[{"embeddable":true,"href":"https:\/\/allasorias.hu\/hirek\/wp-json\/wp\/v2\/comments?post=5959"}],"version-history":[{"count":1,"href":"https:\/\/allasorias.hu\/hirek\/wp-json\/wp\/v2\/posts\/5959\/revisions"}],"predecessor-version":[{"id":5961,"href":"https:\/\/allasorias.hu\/hirek\/wp-json\/wp\/v2\/posts\/5959\/revisions\/5961"}],"wp:featuredmedia":[{"embeddable":true,"href":"https:\/\/allasorias.hu\/hirek\/wp-json\/wp\/v2\/media\/5960"}],"wp:attachment":[{"href":"https:\/\/allasorias.hu\/hirek\/wp-json\/wp\/v2\/media?parent=5959"}],"wp:term":[{"taxonomy":"category","embeddable":true,"href":"https:\/\/allasorias.hu\/hirek\/wp-json\/wp\/v2\/categories?post=5959"},{"taxonomy":"post_tag","embeddable":true,"href":"https:\/\/allasorias.hu\/hirek\/wp-json\/wp\/v2\/tags?post=5959"}],"curies":[{"name":"wp","href":"https:\/\/api.w.org\/{rel}","templated":true}]}}