{"id":5949,"date":"2022-11-08T10:47:46","date_gmt":"2022-11-08T10:47:46","guid":{"rendered":"https:\/\/allasorias.hu\/hirek\/?p=5949"},"modified":"2022-11-08T10:47:46","modified_gmt":"2022-11-08T10:47:46","slug":"sokan-elegedetlenek-az-anyagi-helyzetukkel","status":"publish","type":"post","link":"https:\/\/allasorias.hu\/hirek\/sokan-elegedetlenek-az-anyagi-helyzetukkel\/","title":{"rendered":"Sokan el\u00e9gedetlenek az anyagi helyzet\u00fckkel"},"content":{"rendered":"<p><strong>A roml\u00f3 gazdas\u00e1gi helyzet, az \u00e1rak elszabadul\u00e1sa neh\u00e9z helyzetbe hozta a magyar emberek nagy r\u00e9sz\u00e9t. Sokan nem \u00e9rzik magukat biztons\u00e1gban \u00e9s nem tudnak f\u00e9lretenni sem. Kev\u00e9s azok ar\u00e1nya, akik biztos tartal\u00e9kkal rendelkeznek.<\/strong><\/p>\n<p>A felm\u00e9r\u00e9s szerint magas azoknak az ar\u00e1nya, akik \u00fagy \u00e9rzik, el\u00e9gedetlenek az anyagi helyzet\u00fckkel, \u00faj \u00e1ll\u00e1st vagy v\u00e9gzetts\u00e9get kell szerezni\u00fck. A Portfolio megb\u00edz\u00e1s\u00e1b\u00f3l 1000 f\u0151s reprezentat\u00edv internetes kutat\u00e1st v\u00e9gzett a Datalyze, hogy felm\u00e9rje a magyar lakoss\u00e1g p\u00e9nz\u00fcgyi helyzet\u00e9t. A felm\u00e9r\u00e9s szerint csak a megk\u00e9rdezettek 31%-a \u00e9rzi mag\u00e1t anyagi biztons\u00e1gban nagyj\u00e1b\u00f3l vagy teljesen, 69% viszont nem igaz\u00e1n, vagy egy\u00e1ltal\u00e1n nem. A v\u00e1laszad\u00f3k mind\u00f6ssze 18%-a rendelkezik 6 h\u00f3napra el\u00e9gs\u00e9ges anyagi tartal\u00e9kkal, 61 sz\u00e1zal\u00e9kuk maximum egy h\u00f3napig h\u00fazn\u00e1 ki j\u00f6vedelem n\u00e9lk\u00fcl.<\/p>\n<p>Az alapfok\u00fa v\u00e9gzetts\u00e9g\u0171ek 56%-a \u00e9s a n\u0151k 49%-a \u00e9rzi \u00fagy, hogy h\u00f3napr\u00f3l h\u00f3napra \u00e9l. A megk\u00e9rdezettek fele azt v\u00e1laszolta, hogy legal\u00e1bb k\u00e9t\u00e9vnyi meg\u00e9lhet\u00e9shez el\u00e9gs\u00e9ges megtakar\u00edt\u00e1sra lenne sz\u00fcks\u00e9ge, hogy anyagilag biztons\u00e1gban \u00e9rezze mag\u00e1t. 70% arr\u00f3l sz\u00e1molt be, hogy nem el\u00e9gedett az anyagi helyzet\u00e9vel,\u00a0 55% szerint t\u00f6bbet kellene sp\u00f3rolnia, 73% szerint t\u00f6bbet kellene dolgoznia, 63% szerint \u00faj \u00e1ll\u00e1st kellene szereznie \u00e9s a v\u00e1laszad\u00f3k 71 sz\u00e1zal\u00e9ka \u00fagy \u00e9rzi, \u00faj v\u00e9gzetts\u00e9get kellene szereznie. A felm\u00e9r\u00e9s szerint a v\u00e1laszad\u00f3k 61%-\u00e1nak egy\u00e1ltal\u00e1n nincs, 3%-\u00e1nak viszont h\u00e1romn\u00e1l is t\u00f6bb rendszeres megtakar\u00edt\u00e1sa van. A megtakar\u00edt\u00e1si form\u00e1k k\u00f6z\u00fcl legt\u00f6bben az \u00e9let- \u00e9s nyugd\u00edjbiztos\u00edt\u00e1st, a lek\u00f6t\u00f6tt bankbet\u00e9tet \u00e9s a nyugd\u00edjp\u00e9nzt\u00e1ri megtakar\u00edt\u00e1st ismerik.<\/p>\n<p>Forr\u00e1s: <a href=\"https:\/\/www.hrportal.hu\/c\/felmeres:-a-magyarok-majdnem-fele-honaprol-honapra-el-20221107.html\" target=\"_blank\" rel=\"nofollow noopener\">hrportal.hu<\/a><\/p>\n","protected":false},"excerpt":{"rendered":"<p>A roml\u00f3 gazdas\u00e1gi helyzet, az \u00e1rak elszabadul\u00e1sa neh\u00e9z helyzetbe hozta a magyar emberek nagy r\u00e9sz\u00e9t. Sokan nem \u00e9rzik magukat biztons\u00e1gban \u00e9s nem tudnak f\u00e9lretenni sem. Kev\u00e9s azok ar\u00e1nya, akik biztos tartal\u00e9kkal rendelkeznek. A felm\u00e9r\u00e9s szerint magas azoknak az ar\u00e1nya, akik \u00fagy \u00e9rzik, el\u00e9gedetlenek az anyagi helyzet\u00fckkel, \u00faj \u00e1ll\u00e1st vagy v\u00e9gzetts\u00e9get kell szerezni\u00fck. A Portfolio megb\u00edz\u00e1s\u00e1b\u00f3l [&hellip;]<\/p>\n","protected":false},"author":1,"featured_media":5950,"comment_status":"open","ping_status":"open","sticky":false,"template":"","format":"standard","meta":{"_monsterinsights_skip_tracking":false,"footnotes":""},"categories":[198],"tags":[],"class_list":["post-5949","post","type-post","status-publish","format-standard","has-post-thumbnail","hentry","category-gazdasag"],"aioseo_notices":[],"aioseo_head":"\n\t\t<!-- All in One SEO 5.0.0.1 - aioseo.com -->\n\t<meta name=\"description\" content=\"Sokan el\u00e9gedetlenek az anyagi helyzet\u00fckkel. A roml\u00f3 gazdas\u00e1gi helyzet, az \u00e1rak elszabadul\u00e1sa neh\u00e9z helyzetbe hozta a magyar emberek nagy r\u00e9sz\u00e9t.\" \/>\n\t<meta name=\"robots\" content=\"max-image-preview:large\" \/>\n\t<meta name=\"author\" content=\"Juh\u00e1sz P\u00e9ter\"\/>\n\t<link rel=\"canonical\" href=\"https:\/\/allasorias.hu\/hirek\/sokan-elegedetlenek-az-anyagi-helyzetukkel\/\" \/>\n\t<meta name=\"generator\" content=\"All in One SEO (AIOSEO) 5.0.0.1\" \/>\n\t\t<meta property=\"og:locale\" content=\"hu_HU\" \/>\n\t\t<meta property=\"og:site_name\" content=\"AllasOrias.hu | H\u00edrek-lapszemle | \u00dczleti h\u00edrek az \u00e1ll\u00e1s \u00e9s a munka vil\u00e1g\u00e1b\u00f3l\" \/>\n\t\t<meta property=\"og:type\" content=\"article\" \/>\n\t\t<meta property=\"og:title\" content=\"Sokan el\u00e9gedetlenek az anyagi helyzet\u00fckkel | Allasorias.hu\/H\" \/>\n\t\t<meta property=\"og:description\" content=\"Sokan el\u00e9gedetlenek az anyagi helyzet\u00fckkel. A roml\u00f3 gazdas\u00e1gi helyzet, az \u00e1rak elszabadul\u00e1sa neh\u00e9z helyzetbe hozta a magyar emberek nagy r\u00e9sz\u00e9t.\" \/>\n\t\t<meta property=\"og:url\" content=\"https:\/\/allasorias.hu\/hirek\/sokan-elegedetlenek-az-anyagi-helyzetukkel\/\" \/>\n\t\t<meta property=\"og:image\" content=\"https:\/\/allasorias.hu\/hirek\/wp-content\/uploads\/2022\/11\/anyagi-helyzet.jpg\" \/>\n\t\t<meta property=\"og:image:secure_url\" content=\"https:\/\/allasorias.hu\/hirek\/wp-content\/uploads\/2022\/11\/anyagi-helyzet.jpg\" \/>\n\t\t<meta property=\"og:image:width\" content=\"1280\" \/>\n\t\t<meta property=\"og:image:height\" content=\"853\" \/>\n\t\t<meta property=\"article:published_time\" content=\"2022-11-08T10:47:46+00:00\" \/>\n\t\t<meta property=\"article:modified_time\" content=\"2022-11-08T10:47:46+00:00\" \/>\n\t\t<meta property=\"article:publisher\" content=\"https:\/\/www.facebook.com\/allasorias\" \/>\n\t\t<meta name=\"twitter:card\" content=\"summary_large_image\" \/>\n\t\t<meta name=\"twitter:title\" content=\"Sokan el\u00e9gedetlenek az anyagi helyzet\u00fckkel | Allasorias.hu\/H\" \/>\n\t\t<meta name=\"twitter:description\" content=\"Sokan el\u00e9gedetlenek az anyagi helyzet\u00fckkel. A roml\u00f3 gazdas\u00e1gi helyzet, az \u00e1rak elszabadul\u00e1sa neh\u00e9z helyzetbe hozta a magyar emberek nagy r\u00e9sz\u00e9t.\" \/>\n\t\t<meta name=\"twitter:image\" content=\"https:\/\/allasorias.hu\/hirek\/wp-content\/uploads\/2022\/11\/anyagi-helyzet.jpg\" \/>\n\t\t<meta name=\"twitter:label1\" content=\"Written by\" \/>\n\t\t<meta name=\"twitter:data1\" content=\"Juh\u00e1sz P\u00e9ter\" \/>\n\t\t<meta name=\"twitter:label2\" content=\"Est. reading time\" \/>\n\t\t<meta name=\"twitter:data2\" content=\"2 minutes\" \/>\n\t\t<script type=\"application\/ld+json\" class=\"aioseo-schema\">\n\t\t\t{\"@context\":\"https:\\\/\\\/schema.org\",\"@graph\":[{\"@type\":\"Article\",\"@id\":\"https:\\\/\\\/allasorias.hu\\\/hirek\\\/sokan-elegedetlenek-az-anyagi-helyzetukkel\\\/#article\",\"name\":\"Sokan el\\u00e9gedetlenek az anyagi helyzet\\u00fckkel | Allasorias.hu\\\/H\",\"headline\":\"Sokan el\\u00e9gedetlenek az anyagi helyzet\\u00fckkel\",\"author\":{\"@id\":\"https:\\\/\\\/allasorias.hu\\\/hirek\\\/author\\\/admin-allasorias\\\/#author\"},\"publisher\":{\"@id\":\"https:\\\/\\\/allasorias.hu\\\/hirek\\\/#organization\"},\"image\":{\"@type\":\"ImageObject\",\"url\":\"https:\\\/\\\/allasorias.hu\\\/hirek\\\/wp-content\\\/uploads\\\/2022\\\/11\\\/anyagi-helyzet.jpg\",\"width\":1280,\"height\":853,\"caption\":\"Sokan el\\u00e9gedetlenek az anyagi helyzet\\u00fckkel - Allasorias.hu\\\/Hirek\"},\"datePublished\":\"2022-11-08T10:47:46+02:00\",\"dateModified\":\"2022-11-08T10:47:46+02:00\",\"inLanguage\":\"hu-HU\",\"mainEntityOfPage\":{\"@id\":\"https:\\\/\\\/allasorias.hu\\\/hirek\\\/sokan-elegedetlenek-az-anyagi-helyzetukkel\\\/#webpage\"},\"isPartOf\":{\"@id\":\"https:\\\/\\\/allasorias.hu\\\/hirek\\\/sokan-elegedetlenek-az-anyagi-helyzetukkel\\\/#webpage\"},\"articleSection\":\"Gazdas\\u00e1g\"},{\"@type\":\"BreadcrumbList\",\"@id\":\"https:\\\/\\\/allasorias.hu\\\/hirek\\\/sokan-elegedetlenek-az-anyagi-helyzetukkel\\\/#breadcrumblist\",\"itemListElement\":[{\"@type\":\"ListItem\",\"@id\":\"https:\\\/\\\/allasorias.hu\\\/hirek#listItem\",\"position\":1,\"name\":\"Home\",\"item\":\"https:\\\/\\\/allasorias.hu\\\/hirek\",\"nextItem\":{\"@type\":\"ListItem\",\"@id\":\"https:\\\/\\\/allasorias.hu\\\/hirek\\\/temak\\\/gazdasag\\\/#listItem\",\"name\":\"Gazdas\\u00e1g\"}},{\"@type\":\"ListItem\",\"@id\":\"https:\\\/\\\/allasorias.hu\\\/hirek\\\/temak\\\/gazdasag\\\/#listItem\",\"position\":2,\"name\":\"Gazdas\\u00e1g\",\"item\":\"https:\\\/\\\/allasorias.hu\\\/hirek\\\/temak\\\/gazdasag\\\/\",\"nextItem\":{\"@type\":\"ListItem\",\"@id\":\"https:\\\/\\\/allasorias.hu\\\/hirek\\\/sokan-elegedetlenek-az-anyagi-helyzetukkel\\\/#listItem\",\"name\":\"Sokan el\\u00e9gedetlenek az anyagi helyzet\\u00fckkel\"},\"previousItem\":{\"@type\":\"ListItem\",\"@id\":\"https:\\\/\\\/allasorias.hu\\\/hirek#listItem\",\"name\":\"Home\"}},{\"@type\":\"ListItem\",\"@id\":\"https:\\\/\\\/allasorias.hu\\\/hirek\\\/sokan-elegedetlenek-az-anyagi-helyzetukkel\\\/#listItem\",\"position\":3,\"name\":\"Sokan el\\u00e9gedetlenek az anyagi helyzet\\u00fckkel\",\"previousItem\":{\"@type\":\"ListItem\",\"@id\":\"https:\\\/\\\/allasorias.hu\\\/hirek\\\/temak\\\/gazdasag\\\/#listItem\",\"name\":\"Gazdas\\u00e1g\"}}]},{\"@type\":\"Organization\",\"@id\":\"https:\\\/\\\/allasorias.hu\\\/hirek\\\/#organization\",\"name\":\"AllasOrias.hu | H\\u00edrek-lapszemle\",\"description\":\"\\u00dczleti h\\u00edrek az \\u00e1ll\\u00e1s \\u00e9s a munka vil\\u00e1g\\u00e1b\\u00f3l\",\"url\":\"https:\\\/\\\/allasorias.hu\\\/hirek\\\/\",\"logo\":{\"@type\":\"ImageObject\",\"url\":\"https:\\\/\\\/allasorias.hu\\\/hirek\\\/wp-content\\\/uploads\\\/2022\\\/10\\\/allasorias_site_facebok_logo.png\",\"@id\":\"https:\\\/\\\/allasorias.hu\\\/hirek\\\/sokan-elegedetlenek-az-anyagi-helyzetukkel\\\/#organizationLogo\"},\"image\":{\"@id\":\"https:\\\/\\\/allasorias.hu\\\/hirek\\\/sokan-elegedetlenek-az-anyagi-helyzetukkel\\\/#organizationLogo\"},\"sameAs\":[\"https:\\\/\\\/www.facebook.com\\\/allasorias\",\"https:\\\/\\\/www.linkedin.com\\\/company\\\/allasorias\"]},{\"@type\":\"Person\",\"@id\":\"https:\\\/\\\/allasorias.hu\\\/hirek\\\/author\\\/admin-allasorias\\\/#author\",\"url\":\"https:\\\/\\\/allasorias.hu\\\/hirek\\\/author\\\/admin-allasorias\\\/\",\"name\":\"Juh\\u00e1sz P\\u00e9ter\",\"image\":{\"@type\":\"ImageObject\",\"@id\":\"https:\\\/\\\/allasorias.hu\\\/hirek\\\/sokan-elegedetlenek-az-anyagi-helyzetukkel\\\/#authorImage\",\"url\":\"https:\\\/\\\/secure.gravatar.com\\\/avatar\\\/36e6bcb83148978b992977cb0f54d22feb0cce8a0a849a9410532bb2623ba4c6?s=96&d=mm&r=g\",\"width\":96,\"height\":96,\"caption\":\"Juh\\u00e1sz P\\u00e9ter\"}},{\"@type\":\"WebPage\",\"@id\":\"https:\\\/\\\/allasorias.hu\\\/hirek\\\/sokan-elegedetlenek-az-anyagi-helyzetukkel\\\/#webpage\",\"url\":\"https:\\\/\\\/allasorias.hu\\\/hirek\\\/sokan-elegedetlenek-az-anyagi-helyzetukkel\\\/\",\"name\":\"Sokan el\\u00e9gedetlenek az anyagi helyzet\\u00fckkel | Allasorias.hu\\\/H\",\"description\":\"Sokan el\\u00e9gedetlenek az anyagi helyzet\\u00fckkel. A roml\\u00f3 gazdas\\u00e1gi helyzet, az \\u00e1rak elszabadul\\u00e1sa neh\\u00e9z helyzetbe hozta a magyar emberek nagy r\\u00e9sz\\u00e9t.\",\"inLanguage\":\"hu-HU\",\"isPartOf\":{\"@id\":\"https:\\\/\\\/allasorias.hu\\\/hirek\\\/#website\"},\"breadcrumb\":{\"@id\":\"https:\\\/\\\/allasorias.hu\\\/hirek\\\/sokan-elegedetlenek-az-anyagi-helyzetukkel\\\/#breadcrumblist\"},\"author\":{\"@id\":\"https:\\\/\\\/allasorias.hu\\\/hirek\\\/author\\\/admin-allasorias\\\/#author\"},\"creator\":{\"@id\":\"https:\\\/\\\/allasorias.hu\\\/hirek\\\/author\\\/admin-allasorias\\\/#author\"},\"image\":{\"@type\":\"ImageObject\",\"url\":\"https:\\\/\\\/allasorias.hu\\\/hirek\\\/wp-content\\\/uploads\\\/2022\\\/11\\\/anyagi-helyzet.jpg\",\"@id\":\"https:\\\/\\\/allasorias.hu\\\/hirek\\\/sokan-elegedetlenek-az-anyagi-helyzetukkel\\\/#mainImage\",\"width\":1280,\"height\":853,\"caption\":\"Sokan el\\u00e9gedetlenek az anyagi helyzet\\u00fckkel - Allasorias.hu\\\/Hirek\"},\"primaryImageOfPage\":{\"@id\":\"https:\\\/\\\/allasorias.hu\\\/hirek\\\/sokan-elegedetlenek-az-anyagi-helyzetukkel\\\/#mainImage\"},\"datePublished\":\"2022-11-08T10:47:46+02:00\",\"dateModified\":\"2022-11-08T10:47:46+02:00\"},{\"@type\":\"WebSite\",\"@id\":\"https:\\\/\\\/allasorias.hu\\\/hirek\\\/#website\",\"url\":\"https:\\\/\\\/allasorias.hu\\\/hirek\\\/\",\"name\":\"AllasOrias.hu | H\\u00edrek-lapszemle\",\"description\":\"\\u00dczleti h\\u00edrek az \\u00e1ll\\u00e1s \\u00e9s a munka vil\\u00e1g\\u00e1b\\u00f3l\",\"inLanguage\":\"hu-HU\",\"publisher\":{\"@id\":\"https:\\\/\\\/allasorias.hu\\\/hirek\\\/#organization\"}}]}\n\t\t<\/script>\n\t\t<!-- All in One SEO -->\n\n","aioseo_head_json":{"title":"Sokan el\u00e9gedetlenek az anyagi helyzet\u00fckkel | Allasorias.hu\/H","description":"Sokan el\u00e9gedetlenek az anyagi helyzet\u00fckkel. A roml\u00f3 gazdas\u00e1gi helyzet, az \u00e1rak elszabadul\u00e1sa neh\u00e9z helyzetbe hozta a magyar emberek nagy r\u00e9sz\u00e9t.","canonical_url":"https:\/\/allasorias.hu\/hirek\/sokan-elegedetlenek-az-anyagi-helyzetukkel\/","robots":"max-image-preview:large","keywords":"","webmasterTools":{"miscellaneous":""},"schema":{"@context":"https:\/\/schema.org","@graph":[{"@type":"Article","@id":"https:\/\/allasorias.hu\/hirek\/sokan-elegedetlenek-az-anyagi-helyzetukkel\/#article","name":"Sokan el\u00e9gedetlenek az anyagi helyzet\u00fckkel | Allasorias.hu\/H","headline":"Sokan el\u00e9gedetlenek az anyagi helyzet\u00fckkel","author":{"@id":"https:\/\/allasorias.hu\/hirek\/author\/admin-allasorias\/#author"},"publisher":{"@id":"https:\/\/allasorias.hu\/hirek\/#organization"},"image":{"@type":"ImageObject","url":"https:\/\/allasorias.hu\/hirek\/wp-content\/uploads\/2022\/11\/anyagi-helyzet.jpg","width":1280,"height":853,"caption":"Sokan el\u00e9gedetlenek az anyagi helyzet\u00fckkel - Allasorias.hu\/Hirek"},"datePublished":"2022-11-08T10:47:46+02:00","dateModified":"2022-11-08T10:47:46+02:00","inLanguage":"hu-HU","mainEntityOfPage":{"@id":"https:\/\/allasorias.hu\/hirek\/sokan-elegedetlenek-az-anyagi-helyzetukkel\/#webpage"},"isPartOf":{"@id":"https:\/\/allasorias.hu\/hirek\/sokan-elegedetlenek-az-anyagi-helyzetukkel\/#webpage"},"articleSection":"Gazdas\u00e1g"},{"@type":"BreadcrumbList","@id":"https:\/\/allasorias.hu\/hirek\/sokan-elegedetlenek-az-anyagi-helyzetukkel\/#breadcrumblist","itemListElement":[{"@type":"ListItem","@id":"https:\/\/allasorias.hu\/hirek#listItem","position":1,"name":"Home","item":"https:\/\/allasorias.hu\/hirek","nextItem":{"@type":"ListItem","@id":"https:\/\/allasorias.hu\/hirek\/temak\/gazdasag\/#listItem","name":"Gazdas\u00e1g"}},{"@type":"ListItem","@id":"https:\/\/allasorias.hu\/hirek\/temak\/gazdasag\/#listItem","position":2,"name":"Gazdas\u00e1g","item":"https:\/\/allasorias.hu\/hirek\/temak\/gazdasag\/","nextItem":{"@type":"ListItem","@id":"https:\/\/allasorias.hu\/hirek\/sokan-elegedetlenek-az-anyagi-helyzetukkel\/#listItem","name":"Sokan el\u00e9gedetlenek az anyagi helyzet\u00fckkel"},"previousItem":{"@type":"ListItem","@id":"https:\/\/allasorias.hu\/hirek#listItem","name":"Home"}},{"@type":"ListItem","@id":"https:\/\/allasorias.hu\/hirek\/sokan-elegedetlenek-az-anyagi-helyzetukkel\/#listItem","position":3,"name":"Sokan el\u00e9gedetlenek az anyagi helyzet\u00fckkel","previousItem":{"@type":"ListItem","@id":"https:\/\/allasorias.hu\/hirek\/temak\/gazdasag\/#listItem","name":"Gazdas\u00e1g"}}]},{"@type":"Organization","@id":"https:\/\/allasorias.hu\/hirek\/#organization","name":"AllasOrias.hu | H\u00edrek-lapszemle","description":"\u00dczleti h\u00edrek az \u00e1ll\u00e1s \u00e9s a munka vil\u00e1g\u00e1b\u00f3l","url":"https:\/\/allasorias.hu\/hirek\/","logo":{"@type":"ImageObject","url":"https:\/\/allasorias.hu\/hirek\/wp-content\/uploads\/2022\/10\/allasorias_site_facebok_logo.png","@id":"https:\/\/allasorias.hu\/hirek\/sokan-elegedetlenek-az-anyagi-helyzetukkel\/#organizationLogo"},"image":{"@id":"https:\/\/allasorias.hu\/hirek\/sokan-elegedetlenek-az-anyagi-helyzetukkel\/#organizationLogo"},"sameAs":["https:\/\/www.facebook.com\/allasorias","https:\/\/www.linkedin.com\/company\/allasorias"]},{"@type":"Person","@id":"https:\/\/allasorias.hu\/hirek\/author\/admin-allasorias\/#author","url":"https:\/\/allasorias.hu\/hirek\/author\/admin-allasorias\/","name":"Juh\u00e1sz P\u00e9ter","image":{"@type":"ImageObject","@id":"https:\/\/allasorias.hu\/hirek\/sokan-elegedetlenek-az-anyagi-helyzetukkel\/#authorImage","url":"https:\/\/secure.gravatar.com\/avatar\/36e6bcb83148978b992977cb0f54d22feb0cce8a0a849a9410532bb2623ba4c6?s=96&d=mm&r=g","width":96,"height":96,"caption":"Juh\u00e1sz P\u00e9ter"}},{"@type":"WebPage","@id":"https:\/\/allasorias.hu\/hirek\/sokan-elegedetlenek-az-anyagi-helyzetukkel\/#webpage","url":"https:\/\/allasorias.hu\/hirek\/sokan-elegedetlenek-az-anyagi-helyzetukkel\/","name":"Sokan el\u00e9gedetlenek az anyagi helyzet\u00fckkel | Allasorias.hu\/H","description":"Sokan el\u00e9gedetlenek az anyagi helyzet\u00fckkel. A roml\u00f3 gazdas\u00e1gi helyzet, az \u00e1rak elszabadul\u00e1sa neh\u00e9z helyzetbe hozta a magyar emberek nagy r\u00e9sz\u00e9t.","inLanguage":"hu-HU","isPartOf":{"@id":"https:\/\/allasorias.hu\/hirek\/#website"},"breadcrumb":{"@id":"https:\/\/allasorias.hu\/hirek\/sokan-elegedetlenek-az-anyagi-helyzetukkel\/#breadcrumblist"},"author":{"@id":"https:\/\/allasorias.hu\/hirek\/author\/admin-allasorias\/#author"},"creator":{"@id":"https:\/\/allasorias.hu\/hirek\/author\/admin-allasorias\/#author"},"image":{"@type":"ImageObject","url":"https:\/\/allasorias.hu\/hirek\/wp-content\/uploads\/2022\/11\/anyagi-helyzet.jpg","@id":"https:\/\/allasorias.hu\/hirek\/sokan-elegedetlenek-az-anyagi-helyzetukkel\/#mainImage","width":1280,"height":853,"caption":"Sokan el\u00e9gedetlenek az anyagi helyzet\u00fckkel - Allasorias.hu\/Hirek"},"primaryImageOfPage":{"@id":"https:\/\/allasorias.hu\/hirek\/sokan-elegedetlenek-az-anyagi-helyzetukkel\/#mainImage"},"datePublished":"2022-11-08T10:47:46+02:00","dateModified":"2022-11-08T10:47:46+02:00"},{"@type":"WebSite","@id":"https:\/\/allasorias.hu\/hirek\/#website","url":"https:\/\/allasorias.hu\/hirek\/","name":"AllasOrias.hu | H\u00edrek-lapszemle","description":"\u00dczleti h\u00edrek az \u00e1ll\u00e1s \u00e9s a munka vil\u00e1g\u00e1b\u00f3l","inLanguage":"hu-HU","publisher":{"@id":"https:\/\/allasorias.hu\/hirek\/#organization"}}]},"og:locale":"hu_HU","og:site_name":"AllasOrias.hu | H\u00edrek-lapszemle | \u00dczleti h\u00edrek az \u00e1ll\u00e1s \u00e9s a munka vil\u00e1g\u00e1b\u00f3l","og:type":"article","og:title":"Sokan el\u00e9gedetlenek az anyagi helyzet\u00fckkel | Allasorias.hu\/H","og:description":"Sokan el\u00e9gedetlenek az anyagi helyzet\u00fckkel. A roml\u00f3 gazdas\u00e1gi helyzet, az \u00e1rak elszabadul\u00e1sa neh\u00e9z helyzetbe hozta a magyar emberek nagy r\u00e9sz\u00e9t.","og:url":"https:\/\/allasorias.hu\/hirek\/sokan-elegedetlenek-az-anyagi-helyzetukkel\/","og:image":"https:\/\/allasorias.hu\/hirek\/wp-content\/uploads\/2022\/11\/anyagi-helyzet.jpg","og:image:secure_url":"https:\/\/allasorias.hu\/hirek\/wp-content\/uploads\/2022\/11\/anyagi-helyzet.jpg","og:image:width":1280,"og:image:height":853,"article:published_time":"2022-11-08T10:47:46+00:00","article:modified_time":"2022-11-08T10:47:46+00:00","article:publisher":"https:\/\/www.facebook.com\/allasorias","twitter:card":"summary_large_image","twitter:title":"Sokan el\u00e9gedetlenek az anyagi helyzet\u00fckkel | Allasorias.hu\/H","twitter:description":"Sokan el\u00e9gedetlenek az anyagi helyzet\u00fckkel. A roml\u00f3 gazdas\u00e1gi helyzet, az \u00e1rak elszabadul\u00e1sa neh\u00e9z helyzetbe hozta a magyar emberek nagy r\u00e9sz\u00e9t.","twitter:image":"https:\/\/allasorias.hu\/hirek\/wp-content\/uploads\/2022\/11\/anyagi-helyzet.jpg","twitter:label1":"Written by","twitter:data1":"Juh\u00e1sz P\u00e9ter","twitter:label2":"Est. reading time","twitter:data2":"2 minutes"},"aioseo_meta_data":{"post_id":"5949","title":"#post_title | Allasorias.hu\/H","description":"Sokan el\u00e9gedetlenek az anyagi helyzet\u00fckkel. A roml\u00f3 gazdas\u00e1gi helyzet, az \u00e1rak elszabadul\u00e1sa neh\u00e9z helyzetbe hozta a magyar emberek nagy r\u00e9sz\u00e9t.","keywords":[],"keyphrases":{"focus":{"keyphrase":"anyagi helyzet\u00fckkel","score":76,"analysis":{"keyphraseInTitle":{"title":"Focus keyphrase in SEO title","description":"Focus keyphrase found in SEO title.","score":9,"maxScore":9,"error":0},"keyphraseInDescription":{"title":"Focus keyphrase in meta description","description":"Focus keyphrase found in meta description.","score":9,"maxScore":9,"error":0},"keyphraseLength":{"title":"Focus keyphrase length","description":"Good job!","score":9,"maxScore":9,"error":0,"length":2},"keyphraseInURL":{"title":"Focus keyphrase in URL","description":"Focus keyphrase not found in the URL.","score":1,"maxScore":5,"error":1},"keyphraseInIntroduction":{"title":"Focus keyphrase in introduction","description":"Your Focus keyphrase does not appear in the first paragraph. Make sure the topic is clear immediately.","score":3,"maxScore":9,"error":1},"keyphraseInSubHeadings":[],"keyphraseInImageAlt":[]}},"additional":[]},"primary_term":null,"canonical_url":null,"og_title":null,"og_description":null,"og_object_type":"default","og_image_type":"default","og_image_url":null,"og_image_width":null,"og_image_height":null,"og_image_custom_url":null,"og_image_custom_fields":null,"og_video":"","og_custom_url":null,"og_article_section":null,"og_article_tags":[],"twitter_use_og":true,"twitter_card":"default","twitter_image_type":"default","twitter_image_url":null,"twitter_image_custom_url":null,"twitter_image_custom_fields":null,"twitter_title":null,"twitter_description":null,"schema":{"blockGraphs":[],"customGraphs":[],"default":{"data":{"Article":[],"Course":[],"Dataset":[],"FAQPage":[],"Movie":[],"Person":[],"Product":[],"ProductReview":[],"Car":[],"Recipe":[],"Service":[],"SoftwareApplication":[],"WebPage":[]},"graphName":"Article","isEnabled":true},"graphs":[]},"schema_type":"default","schema_type_options":null,"pillar_content":false,"robots_default":true,"robots_noindex":false,"robots_noarchive":false,"robots_nosnippet":false,"robots_nofollow":false,"robots_noimageindex":false,"robots_noodp":false,"robots_notranslate":false,"robots_max_snippet":"-1","robots_max_videopreview":"-1","robots_max_imagepreview":"large","priority":null,"frequency":"default","location":null,"local_seo":null,"breadcrumb_settings":null,"limit_modified_date":false,"ai":null,"created":"2022-11-08 10:29:54","updated":"2025-10-02 17:28:30","seo_analyzer_scan_date":null,"focus_keyword":"anyagi helyzet\u00fckkel","additional_keywords":null,"truseo_locale":null},"aioseo_breadcrumb":"<div class=\"aioseo-breadcrumbs\"><span class=\"aioseo-breadcrumb\">\n\t\t\t<a href=\"https:\/\/allasorias.hu\/hirek\" title=\"Home\">Home<\/a>\n\t\t<\/span><span class=\"aioseo-breadcrumb-separator\">&raquo;<\/span><span class=\"aioseo-breadcrumb\">\n\t\t\t<a href=\"https:\/\/allasorias.hu\/hirek\/temak\/gazdasag\/\" title=\"Gazdas\u00e1g\">Gazdas\u00e1g<\/a>\n\t\t<\/span><span class=\"aioseo-breadcrumb-separator\">&raquo;<\/span><span class=\"aioseo-breadcrumb\">\n\t\t\tSokan el\u00e9gedetlenek az anyagi helyzet\u00fckkel\n\t\t<\/span><\/div>","aioseo_breadcrumb_json":[{"label":"Home","link":"https:\/\/allasorias.hu\/hirek"},{"label":"Gazdas\u00e1g","link":"https:\/\/allasorias.hu\/hirek\/temak\/gazdasag\/"},{"label":"Sokan el\u00e9gedetlenek az anyagi helyzet\u00fckkel","link":"https:\/\/allasorias.hu\/hirek\/sokan-elegedetlenek-az-anyagi-helyzetukkel\/"}],"_links":{"self":[{"href":"https:\/\/allasorias.hu\/hirek\/wp-json\/wp\/v2\/posts\/5949","targetHints":{"allow":["GET"]}}],"collection":[{"href":"https:\/\/allasorias.hu\/hirek\/wp-json\/wp\/v2\/posts"}],"about":[{"href":"https:\/\/allasorias.hu\/hirek\/wp-json\/wp\/v2\/types\/post"}],"author":[{"embeddable":true,"href":"https:\/\/allasorias.hu\/hirek\/wp-json\/wp\/v2\/users\/1"}],"replies":[{"embeddable":true,"href":"https:\/\/allasorias.hu\/hirek\/wp-json\/wp\/v2\/comments?post=5949"}],"version-history":[{"count":1,"href":"https:\/\/allasorias.hu\/hirek\/wp-json\/wp\/v2\/posts\/5949\/revisions"}],"predecessor-version":[{"id":5951,"href":"https:\/\/allasorias.hu\/hirek\/wp-json\/wp\/v2\/posts\/5949\/revisions\/5951"}],"wp:featuredmedia":[{"embeddable":true,"href":"https:\/\/allasorias.hu\/hirek\/wp-json\/wp\/v2\/media\/5950"}],"wp:attachment":[{"href":"https:\/\/allasorias.hu\/hirek\/wp-json\/wp\/v2\/media?parent=5949"}],"wp:term":[{"taxonomy":"category","embeddable":true,"href":"https:\/\/allasorias.hu\/hirek\/wp-json\/wp\/v2\/categories?post=5949"},{"taxonomy":"post_tag","embeddable":true,"href":"https:\/\/allasorias.hu\/hirek\/wp-json\/wp\/v2\/tags?post=5949"}],"curies":[{"name":"wp","href":"https:\/\/api.w.org\/{rel}","templated":true}]}}