{"id":5946,"date":"2022-11-07T10:59:04","date_gmt":"2022-11-07T10:59:04","guid":{"rendered":"https:\/\/allasorias.hu\/hirek\/?p=5946"},"modified":"2022-11-07T10:59:04","modified_gmt":"2022-11-07T10:59:04","slug":"nott-a-munkavallalok-berigenye","status":"publish","type":"post","link":"https:\/\/allasorias.hu\/hirek\/nott-a-munkavallalok-berigenye\/","title":{"rendered":"N\u0151tt a munkav\u00e1llal\u00f3k b\u00e9rig\u00e9nye"},"content":{"rendered":"<p><strong>A gazdas\u00e1gi v\u00e1ls\u00e1g okozta munkaer\u0151piaci helyzetben szinte minden szektorban n\u0151t a munkav\u00e1llal\u00f3k b\u00e9rig\u00e9nye. Az energiav\u00e1ls\u00e1g miatt k\u00fcl\u00f6n\u00f6sen a turizmus \u00e9s a vend\u00e9gl\u00e1t\u00e1s ter\u00fclet\u00e9n tapasztalhat\u00f3 a megn\u00f6vekedett b\u00e9rig\u00e9ny.<\/strong><\/p>\n<p>Egyes poz\u00edci\u00f3kban m\u00e1r 20 sz\u00e1zal\u00e9kot meghalad\u00f3an n\u0151ttek a jel\u00f6ltek b\u00e9rig\u00e9nyei az elm\u00falt n\u00e9h\u00e1ny h\u00f3napban. Az energiav\u00e1ls\u00e1g k\u00f6vetkezt\u00e9ben olyan v\u00e1ltoz\u00e1sok \u00e9rik a munkaer\u0151piacot Magyarorsz\u00e1gon, amelyhez hasonl\u00f3t m\u00e9g a pand\u00e9mia idej\u00e9n sem tapasztaltak a szak\u00e9rt\u0151k. M\u00edg a j\u00e1rv\u00e1ny\u00fcgyi el\u0151rejelz\u00e9sekre alapozva lehetett l\u00e1tni a v\u00e1ls\u00e1g v\u00e9g\u00e9t, most senki nem tudja megj\u00f3solni, hogy pontosan meddig tart az \u00e1rak emelked\u00e9se.<\/p>\n<h2>20%-al n\u0151tt a munkav\u00e1llal\u00f3k b\u00e9rig\u00e9nye<\/h2>\n<p>L\u00e9p\u00e9sk\u00e9nyszerben vannak a v\u00e1llalatok, de a munkav\u00e1llal\u00f3k elv\u00e1r\u00e1sai is megv\u00e1ltoztak. A juttat\u00e1si csomagok helyett egy\u00e9rtelm\u0171en a nett\u00f3 alapb\u00e9r lett a t\u00e1rgyal\u00e1sok d\u00f6nt\u0151 eleme, egyes poz\u00edci\u00f3kban n\u00e9h\u00e1ny h\u00f3nap alatt m\u00e1r t\u00f6bb mint 20 sz\u00e1zal\u00e9kkal n\u0151tt a jel\u00f6ltek b\u00e9rig\u00e9nye. Mih\u00e1lyi Magdolna, a Jobtain HR Szolg\u00e1ltat\u00f3 Kft. \u00fcgyvezet\u0151je foglalta \u00f6ssze, mit tapasztalnak jelenleg a magyar munkaer\u0151piacon. Az elm\u00falt p\u00e1r h\u00f3napban mindenki sz\u00e1m\u00e1ra vil\u00e1goss\u00e1 v\u00e1lt, hogy az energiav\u00e1ls\u00e1g k\u00f6vetkezt\u00e9ben els\u0151sorban azok a ter\u00fcletek ker\u00fcltek k\u00fcl\u00f6n\u00f6sen neh\u00e9z helyzetbe, ahol a szektor egyr\u00e9szt nagyon kitett az \u00e1rv\u00e1ltoz\u00e1snak, m\u00e1sr\u00e9szt a m\u0171k\u00f6d\u00e9s\u00fck nagym\u00e9rt\u00e9kben f\u00fcgg az emberek anyagi helyzet\u00e9t\u0151l. Ilyen p\u00e9ld\u00e1ul a turizmus \u00e9s vend\u00e9gl\u00e1t\u00e1s.<\/p>\n<p>\u201eNaponta olvasni a h\u00edreket, hogy mely sz\u00e1llod\u00e1k, \u00e9ttermek z\u00e1rnak be. V\u00e9lem\u00e9nyem szerint janu\u00e1rt\u00f3l v\u00e1rhat\u00f3 egy nagyobb m\u00e9lyrep\u00fcl\u00e9s: addig m\u00e9g elmennek az emberek a befizetett wellness h\u00e9tv\u00e9g\u00e9kre \u00e9s j\u00f6n a kar\u00e1csony, a szilveszter is. A hotelek, vend\u00e9gl\u00e1t\u00f3helyek pr\u00f3b\u00e1lnak addig kitartani. Ut\u00e1na szinte biztos, hogy egyszerre lesz egy nagyobb elbocs\u00e1t\u00e1si hull\u00e1m, \u00e9s rengetegen kezdenek majd munk\u00e1t keresni\u201d &#8211; v\u00e9li a szak\u00e9rt\u0151.<\/p>\n<h2>Energiav\u00e1ls\u00e1g hat\u00e1sa<\/h2>\n<p>Egy\u00e9rtelm\u0171 tov\u00e1bb\u00e1, hogy az olyan energiaig\u00e9nyes ipar\u00e1gak, mint p\u00e9ld\u00e1ul az aut\u00f3gy\u00e1rt\u00e1s vagy a m\u0171anyagfeldolgoz\u00e1s is nagyon megszenvedheti az energiav\u00e1ls\u00e1got. Mindek\u00f6zben \u00e9rezhet\u0151 a piacon egy olyan hangulat is, hogy nem lehet a v\u00e9gletekig tartani ezt a helyzetet \u00e9s j\u00f6v\u0151 tavasszal ak\u00e1r pozit\u00edv trendfordul\u00f3 is j\u00f6het. \u201eA jelenlegi helyzetben is vannak olyan ipar\u00e1gak, amelyeknek rendk\u00edv\u00fcl magas a l\u00e9tsz\u00e1mig\u00e9ny\u00fck. Ezek t\u00f6bbnyire az energiamegtakar\u00edt\u00e1shoz kapcsol\u00f3d\u00f3 term\u00e9keket gy\u00e1rt\u00f3 v\u00e1llalatok. Term\u00e9szetesen ezeken a ter\u00fcleteken most tapasztalhat\u00f3 egy nagy fel\u00edvel\u00e9s, ami hossz\u00fat\u00e1von is \u00e1lland\u00f3sulhat. Emellett munkaer\u0151hi\u00e1ny tapasztalhat\u00f3 a kereskedelmi szektorban \u00e9s a feldolgoz\u00f3iparban is\u201d \u2013 mondja a szak\u00e9rt\u0151.<\/p>\n<h2>Versenyk\u00e9pess\u00e9g alapja<\/h2>\n<p>Az els\u0151 nagyobb COVID hull\u00e1mok ut\u00e1n kider\u00fclt ugyanis, hogy az azonnali le\u00e9p\u00edt\u00e9seket k\u00f6vet\u0151en nagyon nehezen tal\u00e1ltak \u00fajra megfelel\u0151 munkaer\u0151t a c\u00e9gek. Fontos lenne most is ink\u00e1bb hossz\u00fat\u00e1von gondolkodni, de a piac eddig azt mutatja, hogy ezt a jelenlegi helyzetben nem minden v\u00e1llalat tudja megtenni. Felh\u00f6rd\u00fcl\u00e9st v\u00e1ltott ki a napokban az a kijelent\u00e9s, hogy a versenyk\u00e9pess\u00e9g\u00fcnk alapja az olcs\u00f3 b\u00e9r, amelyet kieg\u00e9sz\u00edthet\u00fcnk azzal, hogy a korm\u00e1ny emellett az alacsony ad\u00f3szintet tartja fontosnak. A jelenlegi gazdas\u00e1gi k\u00f6r\u00fclm\u00e9nyek k\u00f6z\u00f6tt a HR szolg\u00e1ltat\u00f3k egy eg\u00e9szen \u00faj helyzetbe ker\u00fcltek. A c\u00e9gek pr\u00f3b\u00e1lj\u00e1k gazdas\u00e1gilag fenntarthat\u00f3 szinten tartani, a leend\u0151 munkav\u00e1llal\u00f3k pedig min\u00e9l feljebb tolni a nett\u00f3 b\u00e9rig\u00e9nyeket. K\u00fcl\u00f6n\u00f6sen igaz ez a szellemi munkaer\u0151re.<\/p>\n<p>Az egy \u00e9vvel ezel\u0151tti b\u00e9rekhez k\u00e9pest \u00e1tlagosan k\u00f6r\u00fclbel\u00fcl 20 sz\u00e1zal\u00e9kkal magasabb nett\u00f3 b\u00e9rt k\u00e9rnek a jel\u00f6ltek a Jobtain tapasztalatai alapj\u00e1n. A b\u00e9rig\u00e9nyek emelked\u00e9se miatt el\u0151fordul az is, hogy egy c\u00e9g a jelentkez\u0151k k\u00f6r\u00fclbel\u00fcl 60 sz\u00e1zal\u00e9k\u00e1val nem tud le\u00fclni t\u00e1rgyalni, mert egyszer\u0171en nem \u00f6sszeegyeztethet\u0151ek az elk\u00e9pzel\u00e9sek. \u201eBizonyos \u00e1ll\u00e1sok, poz\u00edci\u00f3k eset\u00e9ben lehet\u0151s\u00e9get adunk a jel\u00f6ltnek, hogy egy h\u00e9tig kipr\u00f3b\u00e1lhassa mag\u00e1t a c\u00e9gn\u00e9l. Ez mindk\u00e9t f\u00e9l sz\u00e1m\u00e1ra el\u0151ny\u00f6s: a munk\u00e1ltat\u00f3 megn\u00e9zheti \u00e9lesben, hogy val\u00f3ban megfelel-e az elv\u00e1r\u00e1sainak a jelentkez\u0151, a jel\u00f6ltek pedig szint\u00e9n k\u00f6nnyebben d\u00f6nthetnek, hogy elv\u00e1llalj\u00e1k-e a munk\u00e1t vagy sem. Nyilv\u00e1n vannak ennek kock\u00e1zatai, de profin kell kezelni a helyzetet. \u00cdgy csak el\u0151nye sz\u00e1rmazik bel\u0151le mindk\u00e9t oldalnak \u00e9s a b\u00e9rt\u00e1rgyal\u00e1sok eset\u00e9n is rugalmasabbak a felek\u201d \u2013 emeli ki Mih\u00e1lyi Magdolna.<\/p>\n<p>Forr\u00e1s: <a href=\"https:\/\/privatbankar.hu\/cikkek\/kozerdeku\/mindenki-a-netto-alapberre-lo-es-egyre-tobbet-ker-belole.html\" target=\"_blank\" rel=\"nofollow noopener\">privatbankar.hu<\/a><\/p>\n","protected":false},"excerpt":{"rendered":"<p>A gazdas\u00e1gi v\u00e1ls\u00e1g okozta munkaer\u0151piaci helyzetben szinte minden szektorban n\u0151t a munkav\u00e1llal\u00f3k b\u00e9rig\u00e9nye. Az energiav\u00e1ls\u00e1g miatt k\u00fcl\u00f6n\u00f6sen a turizmus \u00e9s a vend\u00e9gl\u00e1t\u00e1s ter\u00fclet\u00e9n tapasztalhat\u00f3 a megn\u00f6vekedett b\u00e9rig\u00e9ny. Egyes poz\u00edci\u00f3kban m\u00e1r 20 sz\u00e1zal\u00e9kot meghalad\u00f3an n\u0151ttek a jel\u00f6ltek b\u00e9rig\u00e9nyei az elm\u00falt n\u00e9h\u00e1ny h\u00f3napban. Az energiav\u00e1ls\u00e1g k\u00f6vetkezt\u00e9ben olyan v\u00e1ltoz\u00e1sok \u00e9rik a munkaer\u0151piacot Magyarorsz\u00e1gon, amelyhez hasonl\u00f3t m\u00e9g a pand\u00e9mia [&hellip;]<\/p>\n","protected":false},"author":1,"featured_media":5947,"comment_status":"open","ping_status":"open","sticky":false,"template":"","format":"standard","meta":{"_monsterinsights_skip_tracking":false,"footnotes":""},"categories":[198],"tags":[247,248],"class_list":["post-5946","post","type-post","status-publish","format-standard","has-post-thumbnail","hentry","category-gazdasag","tag-berigeny","tag-munkavallalok-berigenye"],"aioseo_notices":[],"aioseo_head":"\n\t\t<!-- All in One SEO 5.0.0.1 - aioseo.com -->\n\t<meta name=\"description\" content=\"A gazdas\u00e1gi v\u00e1ls\u00e1g okozta munkaer\u0151piaci helyzetben szinte minden szektorban n\u0151t a munkav\u00e1llal\u00f3k b\u00e9rig\u00e9nye. K\u00fcl\u00f6n\u00f6sen a turizmus \u00e9s a vend\u00e9gl\u00e1t\u00e1s ter\u00fclet\u00e9n.\" \/>\n\t<meta name=\"robots\" content=\"max-image-preview:large\" \/>\n\t<meta name=\"author\" content=\"Juh\u00e1sz P\u00e9ter\"\/>\n\t<meta name=\"keywords\" content=\"b\u00e9rig\u00e9ny,munkav\u00e1llal\u00f3k b\u00e9rig\u00e9nye\" \/>\n\t<link rel=\"canonical\" href=\"https:\/\/allasorias.hu\/hirek\/nott-a-munkavallalok-berigenye\/\" \/>\n\t<meta name=\"generator\" content=\"All in One SEO (AIOSEO) 5.0.0.1\" \/>\n\t\t<meta property=\"og:locale\" content=\"hu_HU\" \/>\n\t\t<meta property=\"og:site_name\" content=\"AllasOrias.hu | H\u00edrek-lapszemle | \u00dczleti h\u00edrek az \u00e1ll\u00e1s \u00e9s a munka vil\u00e1g\u00e1b\u00f3l\" \/>\n\t\t<meta property=\"og:type\" content=\"article\" \/>\n\t\t<meta property=\"og:title\" content=\"N\u0151tt a munkav\u00e1llal\u00f3k b\u00e9rig\u00e9nye | Allasorias.hu\/Hirek\" \/>\n\t\t<meta property=\"og:description\" content=\"A gazdas\u00e1gi v\u00e1ls\u00e1g okozta munkaer\u0151piaci helyzetben szinte minden szektorban n\u0151t a munkav\u00e1llal\u00f3k b\u00e9rig\u00e9nye. K\u00fcl\u00f6n\u00f6sen a turizmus \u00e9s a vend\u00e9gl\u00e1t\u00e1s ter\u00fclet\u00e9n.\" \/>\n\t\t<meta property=\"og:url\" content=\"https:\/\/allasorias.hu\/hirek\/nott-a-munkavallalok-berigenye\/\" \/>\n\t\t<meta property=\"og:image\" content=\"https:\/\/allasorias.hu\/hirek\/wp-content\/uploads\/2022\/11\/munkavallalok-berigenye.jpg\" \/>\n\t\t<meta property=\"og:image:secure_url\" content=\"https:\/\/allasorias.hu\/hirek\/wp-content\/uploads\/2022\/11\/munkavallalok-berigenye.jpg\" \/>\n\t\t<meta property=\"og:image:width\" content=\"1280\" \/>\n\t\t<meta property=\"og:image:height\" content=\"854\" \/>\n\t\t<meta property=\"article:published_time\" content=\"2022-11-07T10:59:04+00:00\" \/>\n\t\t<meta property=\"article:modified_time\" content=\"2022-11-07T10:59:04+00:00\" \/>\n\t\t<meta property=\"article:publisher\" content=\"https:\/\/www.facebook.com\/allasorias\" \/>\n\t\t<meta name=\"twitter:card\" content=\"summary_large_image\" \/>\n\t\t<meta name=\"twitter:title\" content=\"N\u0151tt a munkav\u00e1llal\u00f3k b\u00e9rig\u00e9nye | Allasorias.hu\/Hirek\" \/>\n\t\t<meta name=\"twitter:description\" content=\"A gazdas\u00e1gi v\u00e1ls\u00e1g okozta munkaer\u0151piaci helyzetben szinte minden szektorban n\u0151t a munkav\u00e1llal\u00f3k b\u00e9rig\u00e9nye. K\u00fcl\u00f6n\u00f6sen a turizmus \u00e9s a vend\u00e9gl\u00e1t\u00e1s ter\u00fclet\u00e9n.\" \/>\n\t\t<meta name=\"twitter:image\" content=\"https:\/\/allasorias.hu\/hirek\/wp-content\/uploads\/2022\/11\/munkavallalok-berigenye.jpg\" \/>\n\t\t<meta name=\"twitter:label1\" content=\"Written by\" \/>\n\t\t<meta name=\"twitter:data1\" content=\"Juh\u00e1sz P\u00e9ter\" \/>\n\t\t<meta name=\"twitter:label2\" content=\"Est. reading time\" \/>\n\t\t<meta name=\"twitter:data2\" content=\"5 minutes\" \/>\n\t\t<script type=\"application\/ld+json\" class=\"aioseo-schema\">\n\t\t\t{\"@context\":\"https:\\\/\\\/schema.org\",\"@graph\":[{\"@type\":\"Article\",\"@id\":\"https:\\\/\\\/allasorias.hu\\\/hirek\\\/nott-a-munkavallalok-berigenye\\\/#article\",\"name\":\"N\\u0151tt a munkav\\u00e1llal\\u00f3k b\\u00e9rig\\u00e9nye | Allasorias.hu\\\/Hirek\",\"headline\":\"N\\u0151tt a munkav\\u00e1llal\\u00f3k b\\u00e9rig\\u00e9nye\",\"author\":{\"@id\":\"https:\\\/\\\/allasorias.hu\\\/hirek\\\/author\\\/admin-allasorias\\\/#author\"},\"publisher\":{\"@id\":\"https:\\\/\\\/allasorias.hu\\\/hirek\\\/#organization\"},\"image\":{\"@type\":\"ImageObject\",\"url\":\"https:\\\/\\\/allasorias.hu\\\/hirek\\\/wp-content\\\/uploads\\\/2022\\\/11\\\/munkavallalok-berigenye.jpg\",\"width\":1280,\"height\":854,\"caption\":\"N\\u0151tt a munkav\\u00e1llal\\u00f3k b\\u00e9rig\\u00e9nye - Allasorias.hu\\\/Hirek\"},\"datePublished\":\"2022-11-07T10:59:04+02:00\",\"dateModified\":\"2022-11-07T10:59:04+02:00\",\"inLanguage\":\"hu-HU\",\"mainEntityOfPage\":{\"@id\":\"https:\\\/\\\/allasorias.hu\\\/hirek\\\/nott-a-munkavallalok-berigenye\\\/#webpage\"},\"isPartOf\":{\"@id\":\"https:\\\/\\\/allasorias.hu\\\/hirek\\\/nott-a-munkavallalok-berigenye\\\/#webpage\"},\"articleSection\":\"Gazdas\\u00e1g, b\\u00e9rig\\u00e9ny, munkav\\u00e1llal\\u00f3k b\\u00e9rig\\u00e9nye\"},{\"@type\":\"BreadcrumbList\",\"@id\":\"https:\\\/\\\/allasorias.hu\\\/hirek\\\/nott-a-munkavallalok-berigenye\\\/#breadcrumblist\",\"itemListElement\":[{\"@type\":\"ListItem\",\"@id\":\"https:\\\/\\\/allasorias.hu\\\/hirek#listItem\",\"position\":1,\"name\":\"Home\",\"item\":\"https:\\\/\\\/allasorias.hu\\\/hirek\",\"nextItem\":{\"@type\":\"ListItem\",\"@id\":\"https:\\\/\\\/allasorias.hu\\\/hirek\\\/temak\\\/gazdasag\\\/#listItem\",\"name\":\"Gazdas\\u00e1g\"}},{\"@type\":\"ListItem\",\"@id\":\"https:\\\/\\\/allasorias.hu\\\/hirek\\\/temak\\\/gazdasag\\\/#listItem\",\"position\":2,\"name\":\"Gazdas\\u00e1g\",\"item\":\"https:\\\/\\\/allasorias.hu\\\/hirek\\\/temak\\\/gazdasag\\\/\",\"nextItem\":{\"@type\":\"ListItem\",\"@id\":\"https:\\\/\\\/allasorias.hu\\\/hirek\\\/nott-a-munkavallalok-berigenye\\\/#listItem\",\"name\":\"N\\u0151tt a munkav\\u00e1llal\\u00f3k b\\u00e9rig\\u00e9nye\"},\"previousItem\":{\"@type\":\"ListItem\",\"@id\":\"https:\\\/\\\/allasorias.hu\\\/hirek#listItem\",\"name\":\"Home\"}},{\"@type\":\"ListItem\",\"@id\":\"https:\\\/\\\/allasorias.hu\\\/hirek\\\/nott-a-munkavallalok-berigenye\\\/#listItem\",\"position\":3,\"name\":\"N\\u0151tt a munkav\\u00e1llal\\u00f3k b\\u00e9rig\\u00e9nye\",\"previousItem\":{\"@type\":\"ListItem\",\"@id\":\"https:\\\/\\\/allasorias.hu\\\/hirek\\\/temak\\\/gazdasag\\\/#listItem\",\"name\":\"Gazdas\\u00e1g\"}}]},{\"@type\":\"Organization\",\"@id\":\"https:\\\/\\\/allasorias.hu\\\/hirek\\\/#organization\",\"name\":\"AllasOrias.hu | H\\u00edrek-lapszemle\",\"description\":\"\\u00dczleti h\\u00edrek az \\u00e1ll\\u00e1s \\u00e9s a munka vil\\u00e1g\\u00e1b\\u00f3l\",\"url\":\"https:\\\/\\\/allasorias.hu\\\/hirek\\\/\",\"logo\":{\"@type\":\"ImageObject\",\"url\":\"https:\\\/\\\/allasorias.hu\\\/hirek\\\/wp-content\\\/uploads\\\/2022\\\/10\\\/allasorias_site_facebok_logo.png\",\"@id\":\"https:\\\/\\\/allasorias.hu\\\/hirek\\\/nott-a-munkavallalok-berigenye\\\/#organizationLogo\"},\"image\":{\"@id\":\"https:\\\/\\\/allasorias.hu\\\/hirek\\\/nott-a-munkavallalok-berigenye\\\/#organizationLogo\"},\"sameAs\":[\"https:\\\/\\\/www.facebook.com\\\/allasorias\",\"https:\\\/\\\/www.linkedin.com\\\/company\\\/allasorias\"]},{\"@type\":\"Person\",\"@id\":\"https:\\\/\\\/allasorias.hu\\\/hirek\\\/author\\\/admin-allasorias\\\/#author\",\"url\":\"https:\\\/\\\/allasorias.hu\\\/hirek\\\/author\\\/admin-allasorias\\\/\",\"name\":\"Juh\\u00e1sz P\\u00e9ter\",\"image\":{\"@type\":\"ImageObject\",\"@id\":\"https:\\\/\\\/allasorias.hu\\\/hirek\\\/nott-a-munkavallalok-berigenye\\\/#authorImage\",\"url\":\"https:\\\/\\\/secure.gravatar.com\\\/avatar\\\/36e6bcb83148978b992977cb0f54d22feb0cce8a0a849a9410532bb2623ba4c6?s=96&d=mm&r=g\",\"width\":96,\"height\":96,\"caption\":\"Juh\\u00e1sz P\\u00e9ter\"}},{\"@type\":\"WebPage\",\"@id\":\"https:\\\/\\\/allasorias.hu\\\/hirek\\\/nott-a-munkavallalok-berigenye\\\/#webpage\",\"url\":\"https:\\\/\\\/allasorias.hu\\\/hirek\\\/nott-a-munkavallalok-berigenye\\\/\",\"name\":\"N\\u0151tt a munkav\\u00e1llal\\u00f3k b\\u00e9rig\\u00e9nye | Allasorias.hu\\\/Hirek\",\"description\":\"A gazdas\\u00e1gi v\\u00e1ls\\u00e1g okozta munkaer\\u0151piaci helyzetben szinte minden szektorban n\\u0151t a munkav\\u00e1llal\\u00f3k b\\u00e9rig\\u00e9nye. K\\u00fcl\\u00f6n\\u00f6sen a turizmus \\u00e9s a vend\\u00e9gl\\u00e1t\\u00e1s ter\\u00fclet\\u00e9n.\",\"inLanguage\":\"hu-HU\",\"isPartOf\":{\"@id\":\"https:\\\/\\\/allasorias.hu\\\/hirek\\\/#website\"},\"breadcrumb\":{\"@id\":\"https:\\\/\\\/allasorias.hu\\\/hirek\\\/nott-a-munkavallalok-berigenye\\\/#breadcrumblist\"},\"author\":{\"@id\":\"https:\\\/\\\/allasorias.hu\\\/hirek\\\/author\\\/admin-allasorias\\\/#author\"},\"creator\":{\"@id\":\"https:\\\/\\\/allasorias.hu\\\/hirek\\\/author\\\/admin-allasorias\\\/#author\"},\"image\":{\"@type\":\"ImageObject\",\"url\":\"https:\\\/\\\/allasorias.hu\\\/hirek\\\/wp-content\\\/uploads\\\/2022\\\/11\\\/munkavallalok-berigenye.jpg\",\"@id\":\"https:\\\/\\\/allasorias.hu\\\/hirek\\\/nott-a-munkavallalok-berigenye\\\/#mainImage\",\"width\":1280,\"height\":854,\"caption\":\"N\\u0151tt a munkav\\u00e1llal\\u00f3k b\\u00e9rig\\u00e9nye - Allasorias.hu\\\/Hirek\"},\"primaryImageOfPage\":{\"@id\":\"https:\\\/\\\/allasorias.hu\\\/hirek\\\/nott-a-munkavallalok-berigenye\\\/#mainImage\"},\"datePublished\":\"2022-11-07T10:59:04+02:00\",\"dateModified\":\"2022-11-07T10:59:04+02:00\"},{\"@type\":\"WebSite\",\"@id\":\"https:\\\/\\\/allasorias.hu\\\/hirek\\\/#website\",\"url\":\"https:\\\/\\\/allasorias.hu\\\/hirek\\\/\",\"name\":\"AllasOrias.hu | H\\u00edrek-lapszemle\",\"description\":\"\\u00dczleti h\\u00edrek az \\u00e1ll\\u00e1s \\u00e9s a munka vil\\u00e1g\\u00e1b\\u00f3l\",\"inLanguage\":\"hu-HU\",\"publisher\":{\"@id\":\"https:\\\/\\\/allasorias.hu\\\/hirek\\\/#organization\"}}]}\n\t\t<\/script>\n\t\t<!-- All in One SEO -->\n\n","aioseo_head_json":{"title":"N\u0151tt a munkav\u00e1llal\u00f3k b\u00e9rig\u00e9nye | Allasorias.hu\/Hirek","description":"A gazdas\u00e1gi v\u00e1ls\u00e1g okozta munkaer\u0151piaci helyzetben szinte minden szektorban n\u0151t a munkav\u00e1llal\u00f3k b\u00e9rig\u00e9nye. K\u00fcl\u00f6n\u00f6sen a turizmus \u00e9s a vend\u00e9gl\u00e1t\u00e1s ter\u00fclet\u00e9n.","canonical_url":"https:\/\/allasorias.hu\/hirek\/nott-a-munkavallalok-berigenye\/","robots":"max-image-preview:large","keywords":"b\u00e9rig\u00e9ny,munkav\u00e1llal\u00f3k b\u00e9rig\u00e9nye","webmasterTools":{"miscellaneous":""},"schema":{"@context":"https:\/\/schema.org","@graph":[{"@type":"Article","@id":"https:\/\/allasorias.hu\/hirek\/nott-a-munkavallalok-berigenye\/#article","name":"N\u0151tt a munkav\u00e1llal\u00f3k b\u00e9rig\u00e9nye | Allasorias.hu\/Hirek","headline":"N\u0151tt a munkav\u00e1llal\u00f3k b\u00e9rig\u00e9nye","author":{"@id":"https:\/\/allasorias.hu\/hirek\/author\/admin-allasorias\/#author"},"publisher":{"@id":"https:\/\/allasorias.hu\/hirek\/#organization"},"image":{"@type":"ImageObject","url":"https:\/\/allasorias.hu\/hirek\/wp-content\/uploads\/2022\/11\/munkavallalok-berigenye.jpg","width":1280,"height":854,"caption":"N\u0151tt a munkav\u00e1llal\u00f3k b\u00e9rig\u00e9nye - Allasorias.hu\/Hirek"},"datePublished":"2022-11-07T10:59:04+02:00","dateModified":"2022-11-07T10:59:04+02:00","inLanguage":"hu-HU","mainEntityOfPage":{"@id":"https:\/\/allasorias.hu\/hirek\/nott-a-munkavallalok-berigenye\/#webpage"},"isPartOf":{"@id":"https:\/\/allasorias.hu\/hirek\/nott-a-munkavallalok-berigenye\/#webpage"},"articleSection":"Gazdas\u00e1g, b\u00e9rig\u00e9ny, munkav\u00e1llal\u00f3k b\u00e9rig\u00e9nye"},{"@type":"BreadcrumbList","@id":"https:\/\/allasorias.hu\/hirek\/nott-a-munkavallalok-berigenye\/#breadcrumblist","itemListElement":[{"@type":"ListItem","@id":"https:\/\/allasorias.hu\/hirek#listItem","position":1,"name":"Home","item":"https:\/\/allasorias.hu\/hirek","nextItem":{"@type":"ListItem","@id":"https:\/\/allasorias.hu\/hirek\/temak\/gazdasag\/#listItem","name":"Gazdas\u00e1g"}},{"@type":"ListItem","@id":"https:\/\/allasorias.hu\/hirek\/temak\/gazdasag\/#listItem","position":2,"name":"Gazdas\u00e1g","item":"https:\/\/allasorias.hu\/hirek\/temak\/gazdasag\/","nextItem":{"@type":"ListItem","@id":"https:\/\/allasorias.hu\/hirek\/nott-a-munkavallalok-berigenye\/#listItem","name":"N\u0151tt a munkav\u00e1llal\u00f3k b\u00e9rig\u00e9nye"},"previousItem":{"@type":"ListItem","@id":"https:\/\/allasorias.hu\/hirek#listItem","name":"Home"}},{"@type":"ListItem","@id":"https:\/\/allasorias.hu\/hirek\/nott-a-munkavallalok-berigenye\/#listItem","position":3,"name":"N\u0151tt a munkav\u00e1llal\u00f3k b\u00e9rig\u00e9nye","previousItem":{"@type":"ListItem","@id":"https:\/\/allasorias.hu\/hirek\/temak\/gazdasag\/#listItem","name":"Gazdas\u00e1g"}}]},{"@type":"Organization","@id":"https:\/\/allasorias.hu\/hirek\/#organization","name":"AllasOrias.hu | H\u00edrek-lapszemle","description":"\u00dczleti h\u00edrek az \u00e1ll\u00e1s \u00e9s a munka vil\u00e1g\u00e1b\u00f3l","url":"https:\/\/allasorias.hu\/hirek\/","logo":{"@type":"ImageObject","url":"https:\/\/allasorias.hu\/hirek\/wp-content\/uploads\/2022\/10\/allasorias_site_facebok_logo.png","@id":"https:\/\/allasorias.hu\/hirek\/nott-a-munkavallalok-berigenye\/#organizationLogo"},"image":{"@id":"https:\/\/allasorias.hu\/hirek\/nott-a-munkavallalok-berigenye\/#organizationLogo"},"sameAs":["https:\/\/www.facebook.com\/allasorias","https:\/\/www.linkedin.com\/company\/allasorias"]},{"@type":"Person","@id":"https:\/\/allasorias.hu\/hirek\/author\/admin-allasorias\/#author","url":"https:\/\/allasorias.hu\/hirek\/author\/admin-allasorias\/","name":"Juh\u00e1sz P\u00e9ter","image":{"@type":"ImageObject","@id":"https:\/\/allasorias.hu\/hirek\/nott-a-munkavallalok-berigenye\/#authorImage","url":"https:\/\/secure.gravatar.com\/avatar\/36e6bcb83148978b992977cb0f54d22feb0cce8a0a849a9410532bb2623ba4c6?s=96&d=mm&r=g","width":96,"height":96,"caption":"Juh\u00e1sz P\u00e9ter"}},{"@type":"WebPage","@id":"https:\/\/allasorias.hu\/hirek\/nott-a-munkavallalok-berigenye\/#webpage","url":"https:\/\/allasorias.hu\/hirek\/nott-a-munkavallalok-berigenye\/","name":"N\u0151tt a munkav\u00e1llal\u00f3k b\u00e9rig\u00e9nye | Allasorias.hu\/Hirek","description":"A gazdas\u00e1gi v\u00e1ls\u00e1g okozta munkaer\u0151piaci helyzetben szinte minden szektorban n\u0151t a munkav\u00e1llal\u00f3k b\u00e9rig\u00e9nye. K\u00fcl\u00f6n\u00f6sen a turizmus \u00e9s a vend\u00e9gl\u00e1t\u00e1s ter\u00fclet\u00e9n.","inLanguage":"hu-HU","isPartOf":{"@id":"https:\/\/allasorias.hu\/hirek\/#website"},"breadcrumb":{"@id":"https:\/\/allasorias.hu\/hirek\/nott-a-munkavallalok-berigenye\/#breadcrumblist"},"author":{"@id":"https:\/\/allasorias.hu\/hirek\/author\/admin-allasorias\/#author"},"creator":{"@id":"https:\/\/allasorias.hu\/hirek\/author\/admin-allasorias\/#author"},"image":{"@type":"ImageObject","url":"https:\/\/allasorias.hu\/hirek\/wp-content\/uploads\/2022\/11\/munkavallalok-berigenye.jpg","@id":"https:\/\/allasorias.hu\/hirek\/nott-a-munkavallalok-berigenye\/#mainImage","width":1280,"height":854,"caption":"N\u0151tt a munkav\u00e1llal\u00f3k b\u00e9rig\u00e9nye - Allasorias.hu\/Hirek"},"primaryImageOfPage":{"@id":"https:\/\/allasorias.hu\/hirek\/nott-a-munkavallalok-berigenye\/#mainImage"},"datePublished":"2022-11-07T10:59:04+02:00","dateModified":"2022-11-07T10:59:04+02:00"},{"@type":"WebSite","@id":"https:\/\/allasorias.hu\/hirek\/#website","url":"https:\/\/allasorias.hu\/hirek\/","name":"AllasOrias.hu | H\u00edrek-lapszemle","description":"\u00dczleti h\u00edrek az \u00e1ll\u00e1s \u00e9s a munka vil\u00e1g\u00e1b\u00f3l","inLanguage":"hu-HU","publisher":{"@id":"https:\/\/allasorias.hu\/hirek\/#organization"}}]},"og:locale":"hu_HU","og:site_name":"AllasOrias.hu | H\u00edrek-lapszemle | \u00dczleti h\u00edrek az \u00e1ll\u00e1s \u00e9s a munka vil\u00e1g\u00e1b\u00f3l","og:type":"article","og:title":"N\u0151tt a munkav\u00e1llal\u00f3k b\u00e9rig\u00e9nye | Allasorias.hu\/Hirek","og:description":"A gazdas\u00e1gi v\u00e1ls\u00e1g okozta munkaer\u0151piaci helyzetben szinte minden szektorban n\u0151t a munkav\u00e1llal\u00f3k b\u00e9rig\u00e9nye. K\u00fcl\u00f6n\u00f6sen a turizmus \u00e9s a vend\u00e9gl\u00e1t\u00e1s ter\u00fclet\u00e9n.","og:url":"https:\/\/allasorias.hu\/hirek\/nott-a-munkavallalok-berigenye\/","og:image":"https:\/\/allasorias.hu\/hirek\/wp-content\/uploads\/2022\/11\/munkavallalok-berigenye.jpg","og:image:secure_url":"https:\/\/allasorias.hu\/hirek\/wp-content\/uploads\/2022\/11\/munkavallalok-berigenye.jpg","og:image:width":1280,"og:image:height":854,"article:published_time":"2022-11-07T10:59:04+00:00","article:modified_time":"2022-11-07T10:59:04+00:00","article:publisher":"https:\/\/www.facebook.com\/allasorias","twitter:card":"summary_large_image","twitter:title":"N\u0151tt a munkav\u00e1llal\u00f3k b\u00e9rig\u00e9nye | Allasorias.hu\/Hirek","twitter:description":"A gazdas\u00e1gi v\u00e1ls\u00e1g okozta munkaer\u0151piaci helyzetben szinte minden szektorban n\u0151t a munkav\u00e1llal\u00f3k b\u00e9rig\u00e9nye. K\u00fcl\u00f6n\u00f6sen a turizmus \u00e9s a vend\u00e9gl\u00e1t\u00e1s ter\u00fclet\u00e9n.","twitter:image":"https:\/\/allasorias.hu\/hirek\/wp-content\/uploads\/2022\/11\/munkavallalok-berigenye.jpg","twitter:label1":"Written by","twitter:data1":"Juh\u00e1sz P\u00e9ter","twitter:label2":"Est. reading time","twitter:data2":"5 minutes"},"aioseo_meta_data":{"post_id":"5946","title":"#post_title | Allasorias.hu\/Hirek","description":"A gazdas\u00e1gi v\u00e1ls\u00e1g okozta munkaer\u0151piaci helyzetben szinte minden szektorban n\u0151t a munkav\u00e1llal\u00f3k b\u00e9rig\u00e9nye. K\u00fcl\u00f6n\u00f6sen a turizmus \u00e9s a vend\u00e9gl\u00e1t\u00e1s ter\u00fclet\u00e9n.","keywords":[],"keyphrases":{"focus":{"keyphrase":"munkav\u00e1llal\u00f3k b\u00e9rig\u00e9nye","score":92,"analysis":{"keyphraseInTitle":{"title":"Focus keyphrase in SEO title","description":"Focus keyphrase found in SEO title.","score":9,"maxScore":9,"error":0},"keyphraseInDescription":{"title":"Focus keyphrase in meta description","description":"Focus keyphrase found in meta description.","score":9,"maxScore":9,"error":0},"keyphraseLength":{"title":"Focus keyphrase length","description":"Good job!","score":9,"maxScore":9,"error":0,"length":2},"keyphraseInURL":{"title":"Focus keyphrase in URL","description":"Focus keyphrase not found in the URL.","score":1,"maxScore":5,"error":1},"keyphraseInIntroduction":{"title":"Focus keyphrase in introduction","description":"Your Focus keyphrase appears in the first paragraph. Well done!","score":9,"maxScore":9,"error":0},"keyphraseInSubHeadings":{"title":"Focus keyphrase in Subheadings","description":"Your H2 and H3 subheadings reflects the topic of your copy. Good job!","score":9,"maxScore":9,"error":0},"keyphraseInImageAlt":[]}},"additional":[]},"primary_term":null,"canonical_url":null,"og_title":null,"og_description":null,"og_object_type":"default","og_image_type":"default","og_image_url":null,"og_image_width":null,"og_image_height":null,"og_image_custom_url":null,"og_image_custom_fields":null,"og_video":"","og_custom_url":null,"og_article_section":null,"og_article_tags":[],"twitter_use_og":true,"twitter_card":"default","twitter_image_type":"default","twitter_image_url":null,"twitter_image_custom_url":null,"twitter_image_custom_fields":null,"twitter_title":null,"twitter_description":null,"schema":{"blockGraphs":[],"customGraphs":[],"default":{"data":{"Article":[],"Course":[],"Dataset":[],"FAQPage":[],"Movie":[],"Person":[],"Product":[],"ProductReview":[],"Car":[],"Recipe":[],"Service":[],"SoftwareApplication":[],"WebPage":[]},"graphName":"Article","isEnabled":true},"graphs":[]},"schema_type":"default","schema_type_options":null,"pillar_content":false,"robots_default":true,"robots_noindex":false,"robots_noarchive":false,"robots_nosnippet":false,"robots_nofollow":false,"robots_noimageindex":false,"robots_noodp":false,"robots_notranslate":false,"robots_max_snippet":"-1","robots_max_videopreview":"-1","robots_max_imagepreview":"large","priority":null,"frequency":"default","location":null,"local_seo":null,"breadcrumb_settings":null,"limit_modified_date":false,"ai":null,"created":"2022-11-07 09:21:59","updated":"2025-10-02 17:25:14","seo_analyzer_scan_date":null,"focus_keyword":"munkav\u00e1llal\u00f3k b\u00e9rig\u00e9nye","additional_keywords":null,"truseo_locale":null},"aioseo_breadcrumb":"<div class=\"aioseo-breadcrumbs\"><span class=\"aioseo-breadcrumb\">\n\t\t\t<a href=\"https:\/\/allasorias.hu\/hirek\" title=\"Home\">Home<\/a>\n\t\t<\/span><span class=\"aioseo-breadcrumb-separator\">&raquo;<\/span><span class=\"aioseo-breadcrumb\">\n\t\t\t<a href=\"https:\/\/allasorias.hu\/hirek\/temak\/gazdasag\/\" title=\"Gazdas\u00e1g\">Gazdas\u00e1g<\/a>\n\t\t<\/span><span class=\"aioseo-breadcrumb-separator\">&raquo;<\/span><span class=\"aioseo-breadcrumb\">\n\t\t\tN\u0151tt a munkav\u00e1llal\u00f3k b\u00e9rig\u00e9nye\n\t\t<\/span><\/div>","aioseo_breadcrumb_json":[{"label":"Home","link":"https:\/\/allasorias.hu\/hirek"},{"label":"Gazdas\u00e1g","link":"https:\/\/allasorias.hu\/hirek\/temak\/gazdasag\/"},{"label":"N\u0151tt a munkav\u00e1llal\u00f3k b\u00e9rig\u00e9nye","link":"https:\/\/allasorias.hu\/hirek\/nott-a-munkavallalok-berigenye\/"}],"_links":{"self":[{"href":"https:\/\/allasorias.hu\/hirek\/wp-json\/wp\/v2\/posts\/5946","targetHints":{"allow":["GET"]}}],"collection":[{"href":"https:\/\/allasorias.hu\/hirek\/wp-json\/wp\/v2\/posts"}],"about":[{"href":"https:\/\/allasorias.hu\/hirek\/wp-json\/wp\/v2\/types\/post"}],"author":[{"embeddable":true,"href":"https:\/\/allasorias.hu\/hirek\/wp-json\/wp\/v2\/users\/1"}],"replies":[{"embeddable":true,"href":"https:\/\/allasorias.hu\/hirek\/wp-json\/wp\/v2\/comments?post=5946"}],"version-history":[{"count":1,"href":"https:\/\/allasorias.hu\/hirek\/wp-json\/wp\/v2\/posts\/5946\/revisions"}],"predecessor-version":[{"id":5948,"href":"https:\/\/allasorias.hu\/hirek\/wp-json\/wp\/v2\/posts\/5946\/revisions\/5948"}],"wp:featuredmedia":[{"embeddable":true,"href":"https:\/\/allasorias.hu\/hirek\/wp-json\/wp\/v2\/media\/5947"}],"wp:attachment":[{"href":"https:\/\/allasorias.hu\/hirek\/wp-json\/wp\/v2\/media?parent=5946"}],"wp:term":[{"taxonomy":"category","embeddable":true,"href":"https:\/\/allasorias.hu\/hirek\/wp-json\/wp\/v2\/categories?post=5946"},{"taxonomy":"post_tag","embeddable":true,"href":"https:\/\/allasorias.hu\/hirek\/wp-json\/wp\/v2\/tags?post=5946"}],"curies":[{"name":"wp","href":"https:\/\/api.w.org\/{rel}","templated":true}]}}