{"id":5940,"date":"2022-11-04T10:11:21","date_gmt":"2022-11-04T10:11:21","guid":{"rendered":"https:\/\/allasorias.hu\/hirek\/?p=5940"},"modified":"2022-11-04T10:11:21","modified_gmt":"2022-11-04T10:11:21","slug":"erik-a-helyzet-a-magyar-munkaeropiacon","status":"publish","type":"post","link":"https:\/\/allasorias.hu\/hirek\/erik-a-helyzet-a-magyar-munkaeropiacon\/","title":{"rendered":"\u00c9rik a helyzet a magyar munkaer\u0151piacon"},"content":{"rendered":"<p><strong>Fordulat v\u00e1rhat\u00f3 a magyar munkaer\u0151piacon, b\u00e1r az adatok egyel\u0151re m\u00e9rs\u00e9kelten jelzik a v\u00e1ltoz\u00e1st. A gazdas\u00e1gi v\u00e1ls\u00e1g hat\u00e1sai ezut\u00e1n jelentkeznek komolyabban, v\u00e9lik a szakemberek. Visszaes\u0151 kereslet, a beruh\u00e1z\u00e1sok cs\u00f6kken\u00e9se, a lakoss\u00e1g v\u00e1s\u00e1rl\u00f3\u00a0 erej\u00e9nek gyeng\u00fcl\u00e9se mind a munkaer\u0151piaci negat\u00edv hat\u00e1sok fel\u00e9 mutat.<\/strong><\/p>\n<p>F\u00e9kez a magyar gazdas\u00e1g \u00e9s ennek a negat\u00edv hat\u00e1sa m\u00e1r megjelenik a munkaer\u0151piacon is \u2013 mondta az InfoR\u00e1di\u00f3nak a Portfolio elemz\u0151je. A idei els\u0151 \u00e9s m\u00e1sodik negyed\u00e9vben m\u00e9g olyan magas volt a munkaer\u0151hi\u00e1ny Magyarorsz\u00e1gon, amire az elm\u00falt \u00e9vtizedben, \u00edgy a Covid-v\u00e1ls\u00e1g el\u0151tt sem volt p\u00e9lda \u2013 h\u00edvta fel a figyelmet Horny\u00e1k J\u00f3zsef \u2013, mintegy 100 ezer bet\u00f6ltetlen \u00e1ll\u00e1shelyet mutattak a KSH adatai. Az elm\u00falt h\u00f3napokban azonban ez egyre kisebb probl\u00e9m\u00e1v\u00e1 kezdett zsugorodni, \u00e9s am\u00edg p\u00e9ld\u00e1ul az \u00e9v elej\u00e9n az iparv\u00e1llalatok fele nyilatkozott \u00fagy, hogy komoly probl\u00e9m\u00e1t jelent a sz\u00e1mukra a munkaer\u0151hi\u00e1ny, \u0151sszel m\u00e1r csak 25 sz\u00e1zal\u00e9kuk panaszkodott erre, vagyis kifejezetten gyorsan enyh\u00fclt mindez a magyar gazdas\u00e1gban \u2013 tette hozz\u00e1 a Portfolio munkat\u00e1rsa.<\/p>\n<p>Mindek\u00f6zben a kereslet hi\u00e1nya m\u00e1ra eg\u00e9szen od\u00e1ig vezetett, hogy a munkan\u00e9lk\u00fclis\u00e9g is n\u00f6vekedni kezdett: az elm\u00falt h\u00e1rom h\u00f3napban 3,3 sz\u00e1zal\u00e9kr\u00f3l 3,8 sz\u00e1zal\u00e9kra, noha a ny\u00e1ri h\u00f3napokban \u2013 szezon\u00e1lis okok miatt \u2013 legal\u00e1bbis stagn\u00e1lnia, de ink\u00e1bb kicsit cs\u00f6kkennie kellett volna a r\u00e1t\u00e1nak \u2013 magyar\u00e1zta az elemz\u0151, aki szerint ez egy\u00e9rtelm\u0171en azt mutatja, hogy a magyar gazdas\u00e1g f\u00e9kez\u0151dik, \u00e9s hogy az energia\u00e1rak \u201efelrobban\u00e1sa\u201d egyre t\u00f6bb v\u00e1llalatnak teszi fenntarthatatlann\u00e1 a m\u0171k\u00f6d\u00e9s\u00e9t, \u00edgy arra k\u00e9nyszer\u00fclnek, hogy \u00e1tmenetileg sz\u00fcneteltess\u00e9k a tev\u00e9kenys\u00e9g\u00fcket, k\u00f6lts\u00e9gcs\u00f6kkent\u00e9st hajtsanak v\u00e9gre, vagy pedig munkaer\u0151t bocs\u00e1ssanak el.<\/p>\n<h2>Vesz\u00e9lyeztetett szektorok<\/h2>\n<p>A legink\u00e1bb vesz\u00e9lyeztetett szektorok, ahogyan a Covid-v\u00e1ls\u00e1g idej\u00e9n, a turizmus-vend\u00e9gl\u00e1t\u00e1s, a sz\u00e1ll\u00e1shely-szolg\u00e1ltat\u00e1s, illetve az \u00e9ttermek. Szint\u00e9n er\u0151sen \u00e9rintett a feldolgoz\u00f3ipar, amit az is neh\u00e9z helyzetbe hoz, hogy lassul a vil\u00e1ggazdas\u00e1g \u2013 mondta Horny\u00e1k J\u00f3zsef \u2013, ehhez kapcsol\u00f3d\u00f3an pedig \u2013 a roml\u00f3 gazdas\u00e1gi helyzet \u00e9s a visszaes\u0151 kereslet miatt \u2013 a sz\u00e1ll\u00edt\u00e1si \u00e1gazat is alkalmazkod\u00e1sra k\u00e9nyszer\u00fclhet. Megeml\u00edthet\u0151 tov\u00e1bb\u00e1 az \u00e9p\u00edt\u0151ipar is, ami egy ciklikus szektor, vagyis amikor a gazdas\u00e1g n\u00f6veked\u00e9si p\u00e1ly\u00e1n van, jelent\u0151s felfut\u00e1st k\u00e9pes felmutatni, amikor viszont visszaes\u00e9s tapasztalhat\u00f3, azt az \u00e9p\u00edt\u0151ipar is nagyon megs\u00ednyli.<\/p>\n<h2>Kiskereskedelem<\/h2>\n<p>A Portfolio elemz\u0151je szerint a lakoss\u00e1gi beruh\u00e1z\u00e1sok is cs\u00f6kkenhetnek a k\u00f6vetkez\u0151 id\u0151szakban, hiszen a h\u00e1ztart\u00e1soknak is kevesebb p\u00e9nz\u00fck marad lak\u00e1sfel\u00faj\u00edt\u00e1sra. Kit\u00e9rt tov\u00e1bb\u00e1 a kiskereskedelemre is, amit szint\u00e9n nem k\u00edm\u00e9l az energiav\u00e1ls\u00e1g \u00e9s a beszerz\u00e9si \u00e1rak drasztikus emelked\u00e9se, valamint a korm\u00e1ny \u00e1ltal kivetett k\u00fcl\u00f6nad\u00f3k, illetve \u00e1rstopok. Megjegyezte, a kiskereskedelemben egy\u00e9bk\u00e9nt is \u00e9vr\u0151l \u00e9vre cs\u00f6kken a boltok sz\u00e1ma, legink\u00e1bb a kisboltok\u00e9, de ez a folyamat az idei \u00e9vben felgyorsulhat a sz\u00e1mos probl\u00e9ma miatt. \u00d6sszess\u00e9g\u00e9ben a vesz\u00e9lyeztetett szektorok visszaes\u00e9se, illetve a magyar gazdas\u00e1g gyeng\u00fcl\u00e9se miatta k\u00f6vetkez\u0151 h\u00f3napokban k\u00f6nnyen elk\u00e9pzelhet\u0151, hogy m\u00e1r 4-5 sz\u00e1zal\u00e9k k\u00f6z\u00f6tt lehet a munkan\u00e9lk\u00fclis\u00e9gi r\u00e1ta,ha viszont tov\u00e1bb romlik a gazdas\u00e1gi helyzet, 5 sz\u00e1zal\u00e9k f\u00f6l\u00f6tti munkan\u00e9lk\u00fclis\u00e9g is elk\u00e9pzelhet\u0151 \u2013 emelte ki Horny\u00e1k J\u00f3zsef.<\/p>\n<p>A Portfolio elemz\u0151je arra is felh\u00edvta a figyelmet, hogy jelek szerint \u2013 a Covid-v\u00e1ls\u00e1ggal ellent\u00e9tben \u2013 a korm\u00e1nyzat most igyekszik a v\u00e1ls\u00e1g nagyon korai szakasz\u00e1ban k\u00f6zbel\u00e9pni, gondolva itt p\u00e9ld\u00e1ul a kamatstopra, a tov\u00e1bbra is megl\u00e9v\u0151 kedvezm\u00e9nyes v\u00e1llalati hitelekre, illetve a gyorsan kimer\u00fcl\u0151 gy\u00e1rment\u0151 programra. Hozz\u00e1tette: nem elk\u00e9pzelhetetlen, hogy tov\u00e1bbi t\u00e1mogat\u00f3 int\u00e9zked\u00e9sre is sz\u00fcks\u00e9g lesz a munkan\u00e9lk\u00fclis\u00e9g emelked\u00e9snek megf\u00e9kez\u00e9se \u00e9rdek\u00e9ben.<\/p>\n<p>Forr\u00e1s: <a href=\"https:\/\/infostart.hu\/gazdasag\/2022\/11\/04\/komoly-es-veszelyes-fordulat-fenyeget-a-magyar-munkaeropiacon\" target=\"_blank\" rel=\"nofollow noopener\">infostart.hu<\/a><\/p>\n<p>&nbsp;<\/p>\n<p>&nbsp;<\/p>\n","protected":false},"excerpt":{"rendered":"<p>Fordulat v\u00e1rhat\u00f3 a magyar munkaer\u0151piacon, b\u00e1r az adatok egyel\u0151re m\u00e9rs\u00e9kelten jelzik a v\u00e1ltoz\u00e1st. A gazdas\u00e1gi v\u00e1ls\u00e1g hat\u00e1sai ezut\u00e1n jelentkeznek komolyabban, v\u00e9lik a szakemberek. Visszaes\u0151 kereslet, a beruh\u00e1z\u00e1sok cs\u00f6kken\u00e9se, a lakoss\u00e1g v\u00e1s\u00e1rl\u00f3\u00a0 erej\u00e9nek gyeng\u00fcl\u00e9se mind a munkaer\u0151piaci negat\u00edv hat\u00e1sok fel\u00e9 mutat. F\u00e9kez a magyar gazdas\u00e1g \u00e9s ennek a negat\u00edv hat\u00e1sa m\u00e1r megjelenik a munkaer\u0151piacon is \u2013 [&hellip;]<\/p>\n","protected":false},"author":1,"featured_media":5941,"comment_status":"open","ping_status":"open","sticky":false,"template":"","format":"standard","meta":{"_monsterinsights_skip_tracking":false,"footnotes":""},"categories":[200],"tags":[244],"class_list":["post-5940","post","type-post","status-publish","format-standard","has-post-thumbnail","hentry","category-munkaeropiac","tag-gazdasagi-valsag"],"aioseo_notices":[],"aioseo_head":"\n\t\t<!-- All in One SEO 5.0.0.1 - aioseo.com -->\n\t<meta name=\"description\" content=\"Fordulat v\u00e1rhat\u00f3 a magyar munkaer\u0151piacon, b\u00e1r az adatok egyel\u0151re m\u00e9rs\u00e9kelten jelzik a v\u00e1ltoz\u00e1st. A gazdas\u00e1gi v\u00e1ls\u00e1g hat\u00e1sai ezut\u00e1n jelentkeznek komolyabban.\" \/>\n\t<meta name=\"robots\" content=\"max-image-preview:large\" \/>\n\t<meta name=\"author\" content=\"Juh\u00e1sz P\u00e9ter\"\/>\n\t<meta name=\"keywords\" content=\"gazdas\u00e1gi v\u00e1ls\u00e1g\" \/>\n\t<link rel=\"canonical\" href=\"https:\/\/allasorias.hu\/hirek\/erik-a-helyzet-a-magyar-munkaeropiacon\/\" \/>\n\t<meta name=\"generator\" content=\"All in One SEO (AIOSEO) 5.0.0.1\" \/>\n\t\t<meta property=\"og:locale\" content=\"hu_HU\" \/>\n\t\t<meta property=\"og:site_name\" content=\"AllasOrias.hu | H\u00edrek-lapszemle | \u00dczleti h\u00edrek az \u00e1ll\u00e1s \u00e9s a munka vil\u00e1g\u00e1b\u00f3l\" \/>\n\t\t<meta property=\"og:type\" content=\"article\" \/>\n\t\t<meta property=\"og:title\" content=\"\u00c9rik a helyzet a magyar munkaer\u0151piacon | Allasorias.hu\/Hirek\" \/>\n\t\t<meta property=\"og:description\" content=\"Fordulat v\u00e1rhat\u00f3 a magyar munkaer\u0151piacon, b\u00e1r az adatok egyel\u0151re m\u00e9rs\u00e9kelten jelzik a v\u00e1ltoz\u00e1st. A gazdas\u00e1gi v\u00e1ls\u00e1g hat\u00e1sai ezut\u00e1n jelentkeznek komolyabban.\" \/>\n\t\t<meta property=\"og:url\" content=\"https:\/\/allasorias.hu\/hirek\/erik-a-helyzet-a-magyar-munkaeropiacon\/\" \/>\n\t\t<meta property=\"og:image\" content=\"https:\/\/allasorias.hu\/hirek\/wp-content\/uploads\/2022\/11\/Valtozasok-a-munkaeropiacon.jpg\" \/>\n\t\t<meta property=\"og:image:secure_url\" content=\"https:\/\/allasorias.hu\/hirek\/wp-content\/uploads\/2022\/11\/Valtozasok-a-munkaeropiacon.jpg\" \/>\n\t\t<meta property=\"og:image:width\" content=\"1280\" \/>\n\t\t<meta property=\"og:image:height\" content=\"853\" \/>\n\t\t<meta property=\"article:published_time\" content=\"2022-11-04T10:11:21+00:00\" \/>\n\t\t<meta property=\"article:modified_time\" content=\"2022-11-04T10:11:21+00:00\" \/>\n\t\t<meta property=\"article:publisher\" content=\"https:\/\/www.facebook.com\/allasorias\" \/>\n\t\t<meta name=\"twitter:card\" content=\"summary_large_image\" \/>\n\t\t<meta name=\"twitter:title\" content=\"\u00c9rik a helyzet a magyar munkaer\u0151piacon | Allasorias.hu\/Hirek\" \/>\n\t\t<meta name=\"twitter:description\" content=\"Fordulat v\u00e1rhat\u00f3 a magyar munkaer\u0151piacon, b\u00e1r az adatok egyel\u0151re m\u00e9rs\u00e9kelten jelzik a v\u00e1ltoz\u00e1st. A gazdas\u00e1gi v\u00e1ls\u00e1g hat\u00e1sai ezut\u00e1n jelentkeznek komolyabban.\" \/>\n\t\t<meta name=\"twitter:image\" content=\"https:\/\/allasorias.hu\/hirek\/wp-content\/uploads\/2022\/11\/Valtozasok-a-munkaeropiacon.jpg\" \/>\n\t\t<meta name=\"twitter:label1\" content=\"Written by\" \/>\n\t\t<meta name=\"twitter:data1\" content=\"Juh\u00e1sz P\u00e9ter\" \/>\n\t\t<meta name=\"twitter:label2\" content=\"Est. reading time\" \/>\n\t\t<meta name=\"twitter:data2\" content=\"4 minutes\" \/>\n\t\t<script type=\"application\/ld+json\" class=\"aioseo-schema\">\n\t\t\t{\"@context\":\"https:\\\/\\\/schema.org\",\"@graph\":[{\"@type\":\"Article\",\"@id\":\"https:\\\/\\\/allasorias.hu\\\/hirek\\\/erik-a-helyzet-a-magyar-munkaeropiacon\\\/#article\",\"name\":\"\\u00c9rik a helyzet a magyar munkaer\\u0151piacon | Allasorias.hu\\\/Hirek\",\"headline\":\"\\u00c9rik a helyzet a magyar munkaer\\u0151piacon\",\"author\":{\"@id\":\"https:\\\/\\\/allasorias.hu\\\/hirek\\\/author\\\/admin-allasorias\\\/#author\"},\"publisher\":{\"@id\":\"https:\\\/\\\/allasorias.hu\\\/hirek\\\/#organization\"},\"image\":{\"@type\":\"ImageObject\",\"url\":\"https:\\\/\\\/allasorias.hu\\\/hirek\\\/wp-content\\\/uploads\\\/2022\\\/11\\\/Valtozasok-a-munkaeropiacon.jpg\",\"width\":1280,\"height\":853,\"caption\":\"\\u00c9rik a helyzet a magyar munkaer\\u0151piacon - Allasorias.hu\\\/Hirek\"},\"datePublished\":\"2022-11-04T10:11:21+02:00\",\"dateModified\":\"2022-11-04T10:11:21+02:00\",\"inLanguage\":\"hu-HU\",\"mainEntityOfPage\":{\"@id\":\"https:\\\/\\\/allasorias.hu\\\/hirek\\\/erik-a-helyzet-a-magyar-munkaeropiacon\\\/#webpage\"},\"isPartOf\":{\"@id\":\"https:\\\/\\\/allasorias.hu\\\/hirek\\\/erik-a-helyzet-a-magyar-munkaeropiacon\\\/#webpage\"},\"articleSection\":\"Munkaer\\u0151piac, gazdas\\u00e1gi v\\u00e1ls\\u00e1g\"},{\"@type\":\"BreadcrumbList\",\"@id\":\"https:\\\/\\\/allasorias.hu\\\/hirek\\\/erik-a-helyzet-a-magyar-munkaeropiacon\\\/#breadcrumblist\",\"itemListElement\":[{\"@type\":\"ListItem\",\"@id\":\"https:\\\/\\\/allasorias.hu\\\/hirek#listItem\",\"position\":1,\"name\":\"Home\",\"item\":\"https:\\\/\\\/allasorias.hu\\\/hirek\",\"nextItem\":{\"@type\":\"ListItem\",\"@id\":\"https:\\\/\\\/allasorias.hu\\\/hirek\\\/temak\\\/munkaeropiac\\\/#listItem\",\"name\":\"Munkaer\\u0151piac\"}},{\"@type\":\"ListItem\",\"@id\":\"https:\\\/\\\/allasorias.hu\\\/hirek\\\/temak\\\/munkaeropiac\\\/#listItem\",\"position\":2,\"name\":\"Munkaer\\u0151piac\",\"item\":\"https:\\\/\\\/allasorias.hu\\\/hirek\\\/temak\\\/munkaeropiac\\\/\",\"nextItem\":{\"@type\":\"ListItem\",\"@id\":\"https:\\\/\\\/allasorias.hu\\\/hirek\\\/erik-a-helyzet-a-magyar-munkaeropiacon\\\/#listItem\",\"name\":\"\\u00c9rik a helyzet a magyar munkaer\\u0151piacon\"},\"previousItem\":{\"@type\":\"ListItem\",\"@id\":\"https:\\\/\\\/allasorias.hu\\\/hirek#listItem\",\"name\":\"Home\"}},{\"@type\":\"ListItem\",\"@id\":\"https:\\\/\\\/allasorias.hu\\\/hirek\\\/erik-a-helyzet-a-magyar-munkaeropiacon\\\/#listItem\",\"position\":3,\"name\":\"\\u00c9rik a helyzet a magyar munkaer\\u0151piacon\",\"previousItem\":{\"@type\":\"ListItem\",\"@id\":\"https:\\\/\\\/allasorias.hu\\\/hirek\\\/temak\\\/munkaeropiac\\\/#listItem\",\"name\":\"Munkaer\\u0151piac\"}}]},{\"@type\":\"Organization\",\"@id\":\"https:\\\/\\\/allasorias.hu\\\/hirek\\\/#organization\",\"name\":\"AllasOrias.hu | H\\u00edrek-lapszemle\",\"description\":\"\\u00dczleti h\\u00edrek az \\u00e1ll\\u00e1s \\u00e9s a munka vil\\u00e1g\\u00e1b\\u00f3l\",\"url\":\"https:\\\/\\\/allasorias.hu\\\/hirek\\\/\",\"logo\":{\"@type\":\"ImageObject\",\"url\":\"https:\\\/\\\/allasorias.hu\\\/hirek\\\/wp-content\\\/uploads\\\/2022\\\/10\\\/allasorias_site_facebok_logo.png\",\"@id\":\"https:\\\/\\\/allasorias.hu\\\/hirek\\\/erik-a-helyzet-a-magyar-munkaeropiacon\\\/#organizationLogo\"},\"image\":{\"@id\":\"https:\\\/\\\/allasorias.hu\\\/hirek\\\/erik-a-helyzet-a-magyar-munkaeropiacon\\\/#organizationLogo\"},\"sameAs\":[\"https:\\\/\\\/www.facebook.com\\\/allasorias\",\"https:\\\/\\\/www.linkedin.com\\\/company\\\/allasorias\"]},{\"@type\":\"Person\",\"@id\":\"https:\\\/\\\/allasorias.hu\\\/hirek\\\/author\\\/admin-allasorias\\\/#author\",\"url\":\"https:\\\/\\\/allasorias.hu\\\/hirek\\\/author\\\/admin-allasorias\\\/\",\"name\":\"Juh\\u00e1sz P\\u00e9ter\",\"image\":{\"@type\":\"ImageObject\",\"@id\":\"https:\\\/\\\/allasorias.hu\\\/hirek\\\/erik-a-helyzet-a-magyar-munkaeropiacon\\\/#authorImage\",\"url\":\"https:\\\/\\\/secure.gravatar.com\\\/avatar\\\/36e6bcb83148978b992977cb0f54d22feb0cce8a0a849a9410532bb2623ba4c6?s=96&d=mm&r=g\",\"width\":96,\"height\":96,\"caption\":\"Juh\\u00e1sz P\\u00e9ter\"}},{\"@type\":\"WebPage\",\"@id\":\"https:\\\/\\\/allasorias.hu\\\/hirek\\\/erik-a-helyzet-a-magyar-munkaeropiacon\\\/#webpage\",\"url\":\"https:\\\/\\\/allasorias.hu\\\/hirek\\\/erik-a-helyzet-a-magyar-munkaeropiacon\\\/\",\"name\":\"\\u00c9rik a helyzet a magyar munkaer\\u0151piacon | Allasorias.hu\\\/Hirek\",\"description\":\"Fordulat v\\u00e1rhat\\u00f3 a magyar munkaer\\u0151piacon, b\\u00e1r az adatok egyel\\u0151re m\\u00e9rs\\u00e9kelten jelzik a v\\u00e1ltoz\\u00e1st. A gazdas\\u00e1gi v\\u00e1ls\\u00e1g hat\\u00e1sai ezut\\u00e1n jelentkeznek komolyabban.\",\"inLanguage\":\"hu-HU\",\"isPartOf\":{\"@id\":\"https:\\\/\\\/allasorias.hu\\\/hirek\\\/#website\"},\"breadcrumb\":{\"@id\":\"https:\\\/\\\/allasorias.hu\\\/hirek\\\/erik-a-helyzet-a-magyar-munkaeropiacon\\\/#breadcrumblist\"},\"author\":{\"@id\":\"https:\\\/\\\/allasorias.hu\\\/hirek\\\/author\\\/admin-allasorias\\\/#author\"},\"creator\":{\"@id\":\"https:\\\/\\\/allasorias.hu\\\/hirek\\\/author\\\/admin-allasorias\\\/#author\"},\"image\":{\"@type\":\"ImageObject\",\"url\":\"https:\\\/\\\/allasorias.hu\\\/hirek\\\/wp-content\\\/uploads\\\/2022\\\/11\\\/Valtozasok-a-munkaeropiacon.jpg\",\"@id\":\"https:\\\/\\\/allasorias.hu\\\/hirek\\\/erik-a-helyzet-a-magyar-munkaeropiacon\\\/#mainImage\",\"width\":1280,\"height\":853,\"caption\":\"\\u00c9rik a helyzet a magyar munkaer\\u0151piacon - Allasorias.hu\\\/Hirek\"},\"primaryImageOfPage\":{\"@id\":\"https:\\\/\\\/allasorias.hu\\\/hirek\\\/erik-a-helyzet-a-magyar-munkaeropiacon\\\/#mainImage\"},\"datePublished\":\"2022-11-04T10:11:21+02:00\",\"dateModified\":\"2022-11-04T10:11:21+02:00\"},{\"@type\":\"WebSite\",\"@id\":\"https:\\\/\\\/allasorias.hu\\\/hirek\\\/#website\",\"url\":\"https:\\\/\\\/allasorias.hu\\\/hirek\\\/\",\"name\":\"AllasOrias.hu | H\\u00edrek-lapszemle\",\"description\":\"\\u00dczleti h\\u00edrek az \\u00e1ll\\u00e1s \\u00e9s a munka vil\\u00e1g\\u00e1b\\u00f3l\",\"inLanguage\":\"hu-HU\",\"publisher\":{\"@id\":\"https:\\\/\\\/allasorias.hu\\\/hirek\\\/#organization\"}}]}\n\t\t<\/script>\n\t\t<!-- All in One SEO -->\n\n","aioseo_head_json":{"title":"\u00c9rik a helyzet a magyar munkaer\u0151piacon | Allasorias.hu\/Hirek","description":"Fordulat v\u00e1rhat\u00f3 a magyar munkaer\u0151piacon, b\u00e1r az adatok egyel\u0151re m\u00e9rs\u00e9kelten jelzik a v\u00e1ltoz\u00e1st. A gazdas\u00e1gi v\u00e1ls\u00e1g hat\u00e1sai ezut\u00e1n jelentkeznek komolyabban.","canonical_url":"https:\/\/allasorias.hu\/hirek\/erik-a-helyzet-a-magyar-munkaeropiacon\/","robots":"max-image-preview:large","keywords":"gazdas\u00e1gi v\u00e1ls\u00e1g","webmasterTools":{"miscellaneous":""},"schema":{"@context":"https:\/\/schema.org","@graph":[{"@type":"Article","@id":"https:\/\/allasorias.hu\/hirek\/erik-a-helyzet-a-magyar-munkaeropiacon\/#article","name":"\u00c9rik a helyzet a magyar munkaer\u0151piacon | Allasorias.hu\/Hirek","headline":"\u00c9rik a helyzet a magyar munkaer\u0151piacon","author":{"@id":"https:\/\/allasorias.hu\/hirek\/author\/admin-allasorias\/#author"},"publisher":{"@id":"https:\/\/allasorias.hu\/hirek\/#organization"},"image":{"@type":"ImageObject","url":"https:\/\/allasorias.hu\/hirek\/wp-content\/uploads\/2022\/11\/Valtozasok-a-munkaeropiacon.jpg","width":1280,"height":853,"caption":"\u00c9rik a helyzet a magyar munkaer\u0151piacon - Allasorias.hu\/Hirek"},"datePublished":"2022-11-04T10:11:21+02:00","dateModified":"2022-11-04T10:11:21+02:00","inLanguage":"hu-HU","mainEntityOfPage":{"@id":"https:\/\/allasorias.hu\/hirek\/erik-a-helyzet-a-magyar-munkaeropiacon\/#webpage"},"isPartOf":{"@id":"https:\/\/allasorias.hu\/hirek\/erik-a-helyzet-a-magyar-munkaeropiacon\/#webpage"},"articleSection":"Munkaer\u0151piac, gazdas\u00e1gi v\u00e1ls\u00e1g"},{"@type":"BreadcrumbList","@id":"https:\/\/allasorias.hu\/hirek\/erik-a-helyzet-a-magyar-munkaeropiacon\/#breadcrumblist","itemListElement":[{"@type":"ListItem","@id":"https:\/\/allasorias.hu\/hirek#listItem","position":1,"name":"Home","item":"https:\/\/allasorias.hu\/hirek","nextItem":{"@type":"ListItem","@id":"https:\/\/allasorias.hu\/hirek\/temak\/munkaeropiac\/#listItem","name":"Munkaer\u0151piac"}},{"@type":"ListItem","@id":"https:\/\/allasorias.hu\/hirek\/temak\/munkaeropiac\/#listItem","position":2,"name":"Munkaer\u0151piac","item":"https:\/\/allasorias.hu\/hirek\/temak\/munkaeropiac\/","nextItem":{"@type":"ListItem","@id":"https:\/\/allasorias.hu\/hirek\/erik-a-helyzet-a-magyar-munkaeropiacon\/#listItem","name":"\u00c9rik a helyzet a magyar munkaer\u0151piacon"},"previousItem":{"@type":"ListItem","@id":"https:\/\/allasorias.hu\/hirek#listItem","name":"Home"}},{"@type":"ListItem","@id":"https:\/\/allasorias.hu\/hirek\/erik-a-helyzet-a-magyar-munkaeropiacon\/#listItem","position":3,"name":"\u00c9rik a helyzet a magyar munkaer\u0151piacon","previousItem":{"@type":"ListItem","@id":"https:\/\/allasorias.hu\/hirek\/temak\/munkaeropiac\/#listItem","name":"Munkaer\u0151piac"}}]},{"@type":"Organization","@id":"https:\/\/allasorias.hu\/hirek\/#organization","name":"AllasOrias.hu | H\u00edrek-lapszemle","description":"\u00dczleti h\u00edrek az \u00e1ll\u00e1s \u00e9s a munka vil\u00e1g\u00e1b\u00f3l","url":"https:\/\/allasorias.hu\/hirek\/","logo":{"@type":"ImageObject","url":"https:\/\/allasorias.hu\/hirek\/wp-content\/uploads\/2022\/10\/allasorias_site_facebok_logo.png","@id":"https:\/\/allasorias.hu\/hirek\/erik-a-helyzet-a-magyar-munkaeropiacon\/#organizationLogo"},"image":{"@id":"https:\/\/allasorias.hu\/hirek\/erik-a-helyzet-a-magyar-munkaeropiacon\/#organizationLogo"},"sameAs":["https:\/\/www.facebook.com\/allasorias","https:\/\/www.linkedin.com\/company\/allasorias"]},{"@type":"Person","@id":"https:\/\/allasorias.hu\/hirek\/author\/admin-allasorias\/#author","url":"https:\/\/allasorias.hu\/hirek\/author\/admin-allasorias\/","name":"Juh\u00e1sz P\u00e9ter","image":{"@type":"ImageObject","@id":"https:\/\/allasorias.hu\/hirek\/erik-a-helyzet-a-magyar-munkaeropiacon\/#authorImage","url":"https:\/\/secure.gravatar.com\/avatar\/36e6bcb83148978b992977cb0f54d22feb0cce8a0a849a9410532bb2623ba4c6?s=96&d=mm&r=g","width":96,"height":96,"caption":"Juh\u00e1sz P\u00e9ter"}},{"@type":"WebPage","@id":"https:\/\/allasorias.hu\/hirek\/erik-a-helyzet-a-magyar-munkaeropiacon\/#webpage","url":"https:\/\/allasorias.hu\/hirek\/erik-a-helyzet-a-magyar-munkaeropiacon\/","name":"\u00c9rik a helyzet a magyar munkaer\u0151piacon | Allasorias.hu\/Hirek","description":"Fordulat v\u00e1rhat\u00f3 a magyar munkaer\u0151piacon, b\u00e1r az adatok egyel\u0151re m\u00e9rs\u00e9kelten jelzik a v\u00e1ltoz\u00e1st. A gazdas\u00e1gi v\u00e1ls\u00e1g hat\u00e1sai ezut\u00e1n jelentkeznek komolyabban.","inLanguage":"hu-HU","isPartOf":{"@id":"https:\/\/allasorias.hu\/hirek\/#website"},"breadcrumb":{"@id":"https:\/\/allasorias.hu\/hirek\/erik-a-helyzet-a-magyar-munkaeropiacon\/#breadcrumblist"},"author":{"@id":"https:\/\/allasorias.hu\/hirek\/author\/admin-allasorias\/#author"},"creator":{"@id":"https:\/\/allasorias.hu\/hirek\/author\/admin-allasorias\/#author"},"image":{"@type":"ImageObject","url":"https:\/\/allasorias.hu\/hirek\/wp-content\/uploads\/2022\/11\/Valtozasok-a-munkaeropiacon.jpg","@id":"https:\/\/allasorias.hu\/hirek\/erik-a-helyzet-a-magyar-munkaeropiacon\/#mainImage","width":1280,"height":853,"caption":"\u00c9rik a helyzet a magyar munkaer\u0151piacon - Allasorias.hu\/Hirek"},"primaryImageOfPage":{"@id":"https:\/\/allasorias.hu\/hirek\/erik-a-helyzet-a-magyar-munkaeropiacon\/#mainImage"},"datePublished":"2022-11-04T10:11:21+02:00","dateModified":"2022-11-04T10:11:21+02:00"},{"@type":"WebSite","@id":"https:\/\/allasorias.hu\/hirek\/#website","url":"https:\/\/allasorias.hu\/hirek\/","name":"AllasOrias.hu | H\u00edrek-lapszemle","description":"\u00dczleti h\u00edrek az \u00e1ll\u00e1s \u00e9s a munka vil\u00e1g\u00e1b\u00f3l","inLanguage":"hu-HU","publisher":{"@id":"https:\/\/allasorias.hu\/hirek\/#organization"}}]},"og:locale":"hu_HU","og:site_name":"AllasOrias.hu | H\u00edrek-lapszemle | \u00dczleti h\u00edrek az \u00e1ll\u00e1s \u00e9s a munka vil\u00e1g\u00e1b\u00f3l","og:type":"article","og:title":"\u00c9rik a helyzet a magyar munkaer\u0151piacon | Allasorias.hu\/Hirek","og:description":"Fordulat v\u00e1rhat\u00f3 a magyar munkaer\u0151piacon, b\u00e1r az adatok egyel\u0151re m\u00e9rs\u00e9kelten jelzik a v\u00e1ltoz\u00e1st. A gazdas\u00e1gi v\u00e1ls\u00e1g hat\u00e1sai ezut\u00e1n jelentkeznek komolyabban.","og:url":"https:\/\/allasorias.hu\/hirek\/erik-a-helyzet-a-magyar-munkaeropiacon\/","og:image":"https:\/\/allasorias.hu\/hirek\/wp-content\/uploads\/2022\/11\/Valtozasok-a-munkaeropiacon.jpg","og:image:secure_url":"https:\/\/allasorias.hu\/hirek\/wp-content\/uploads\/2022\/11\/Valtozasok-a-munkaeropiacon.jpg","og:image:width":1280,"og:image:height":853,"article:published_time":"2022-11-04T10:11:21+00:00","article:modified_time":"2022-11-04T10:11:21+00:00","article:publisher":"https:\/\/www.facebook.com\/allasorias","twitter:card":"summary_large_image","twitter:title":"\u00c9rik a helyzet a magyar munkaer\u0151piacon | Allasorias.hu\/Hirek","twitter:description":"Fordulat v\u00e1rhat\u00f3 a magyar munkaer\u0151piacon, b\u00e1r az adatok egyel\u0151re m\u00e9rs\u00e9kelten jelzik a v\u00e1ltoz\u00e1st. A gazdas\u00e1gi v\u00e1ls\u00e1g hat\u00e1sai ezut\u00e1n jelentkeznek komolyabban.","twitter:image":"https:\/\/allasorias.hu\/hirek\/wp-content\/uploads\/2022\/11\/Valtozasok-a-munkaeropiacon.jpg","twitter:label1":"Written by","twitter:data1":"Juh\u00e1sz P\u00e9ter","twitter:label2":"Est. reading time","twitter:data2":"4 minutes"},"aioseo_meta_data":{"post_id":"5940","title":"#post_title | Allasorias.hu\/Hirek","description":"Fordulat v\u00e1rhat\u00f3 a magyar munkaer\u0151piacon, b\u00e1r az adatok egyel\u0151re m\u00e9rs\u00e9kelten jelzik a v\u00e1ltoz\u00e1st. A gazdas\u00e1gi v\u00e1ls\u00e1g hat\u00e1sai ezut\u00e1n jelentkeznek komolyabban.","keywords":[],"keyphrases":{"focus":{"keyphrase":"munkaer\u0151piacon","score":80,"analysis":{"keyphraseInTitle":{"title":"Focus keyphrase in SEO title","description":"Focus keyphrase found in SEO title.","score":9,"maxScore":9,"error":0},"keyphraseInDescription":{"title":"Focus keyphrase in meta description","description":"Focus keyphrase found in meta description.","score":9,"maxScore":9,"error":0},"keyphraseLength":{"title":"Focus keyphrase length","description":"Good job!","score":9,"maxScore":9,"error":0,"length":1},"keyphraseInURL":{"title":"Focus keyphrase in URL","description":"Focus keyphrase not found in the URL.","score":1,"maxScore":5,"error":1},"keyphraseInIntroduction":{"title":"Focus keyphrase in introduction","description":"Your Focus keyphrase appears in the first paragraph. Well done!","score":9,"maxScore":9,"error":0},"keyphraseInSubHeadings":{"title":"Focus keyphrase in Subheadings","description":"Use your focus keyphrase more in your H2 and H3 subheadings.","score":3,"maxScore":9,"error":1},"keyphraseInImageAlt":[]}},"additional":[]},"primary_term":null,"canonical_url":null,"og_title":null,"og_description":null,"og_object_type":"default","og_image_type":"default","og_image_url":null,"og_image_width":null,"og_image_height":null,"og_image_custom_url":null,"og_image_custom_fields":null,"og_video":"","og_custom_url":null,"og_article_section":null,"og_article_tags":[],"twitter_use_og":true,"twitter_card":"default","twitter_image_type":"default","twitter_image_url":null,"twitter_image_custom_url":null,"twitter_image_custom_fields":null,"twitter_title":null,"twitter_description":null,"schema":{"blockGraphs":[],"customGraphs":[],"default":{"data":{"Article":[],"Course":[],"Dataset":[],"FAQPage":[],"Movie":[],"Person":[],"Product":[],"ProductReview":[],"Car":[],"Recipe":[],"Service":[],"SoftwareApplication":[],"WebPage":[]},"graphName":"Article","isEnabled":true},"graphs":[]},"schema_type":"default","schema_type_options":null,"pillar_content":false,"robots_default":true,"robots_noindex":false,"robots_noarchive":false,"robots_nosnippet":false,"robots_nofollow":false,"robots_noimageindex":false,"robots_noodp":false,"robots_notranslate":false,"robots_max_snippet":"-1","robots_max_videopreview":"-1","robots_max_imagepreview":"large","priority":null,"frequency":"default","location":null,"local_seo":null,"breadcrumb_settings":null,"limit_modified_date":false,"ai":null,"created":"2022-11-04 09:24:47","updated":"2025-10-02 17:25:14","seo_analyzer_scan_date":null,"focus_keyword":"munkaer\u0151piacon","additional_keywords":null,"truseo_locale":null},"aioseo_breadcrumb":"<div class=\"aioseo-breadcrumbs\"><span class=\"aioseo-breadcrumb\">\n\t\t\t<a href=\"https:\/\/allasorias.hu\/hirek\" title=\"Home\">Home<\/a>\n\t\t<\/span><span class=\"aioseo-breadcrumb-separator\">&raquo;<\/span><span class=\"aioseo-breadcrumb\">\n\t\t\t<a href=\"https:\/\/allasorias.hu\/hirek\/temak\/munkaeropiac\/\" title=\"Munkaer\u0151piac\">Munkaer\u0151piac<\/a>\n\t\t<\/span><span class=\"aioseo-breadcrumb-separator\">&raquo;<\/span><span class=\"aioseo-breadcrumb\">\n\t\t\t\u00c9rik a helyzet a magyar munkaer\u0151piacon\n\t\t<\/span><\/div>","aioseo_breadcrumb_json":[{"label":"Home","link":"https:\/\/allasorias.hu\/hirek"},{"label":"Munkaer\u0151piac","link":"https:\/\/allasorias.hu\/hirek\/temak\/munkaeropiac\/"},{"label":"\u00c9rik a helyzet a magyar munkaer\u0151piacon","link":"https:\/\/allasorias.hu\/hirek\/erik-a-helyzet-a-magyar-munkaeropiacon\/"}],"_links":{"self":[{"href":"https:\/\/allasorias.hu\/hirek\/wp-json\/wp\/v2\/posts\/5940","targetHints":{"allow":["GET"]}}],"collection":[{"href":"https:\/\/allasorias.hu\/hirek\/wp-json\/wp\/v2\/posts"}],"about":[{"href":"https:\/\/allasorias.hu\/hirek\/wp-json\/wp\/v2\/types\/post"}],"author":[{"embeddable":true,"href":"https:\/\/allasorias.hu\/hirek\/wp-json\/wp\/v2\/users\/1"}],"replies":[{"embeddable":true,"href":"https:\/\/allasorias.hu\/hirek\/wp-json\/wp\/v2\/comments?post=5940"}],"version-history":[{"count":1,"href":"https:\/\/allasorias.hu\/hirek\/wp-json\/wp\/v2\/posts\/5940\/revisions"}],"predecessor-version":[{"id":5942,"href":"https:\/\/allasorias.hu\/hirek\/wp-json\/wp\/v2\/posts\/5940\/revisions\/5942"}],"wp:featuredmedia":[{"embeddable":true,"href":"https:\/\/allasorias.hu\/hirek\/wp-json\/wp\/v2\/media\/5941"}],"wp:attachment":[{"href":"https:\/\/allasorias.hu\/hirek\/wp-json\/wp\/v2\/media?parent=5940"}],"wp:term":[{"taxonomy":"category","embeddable":true,"href":"https:\/\/allasorias.hu\/hirek\/wp-json\/wp\/v2\/categories?post=5940"},{"taxonomy":"post_tag","embeddable":true,"href":"https:\/\/allasorias.hu\/hirek\/wp-json\/wp\/v2\/tags?post=5940"}],"curies":[{"name":"wp","href":"https:\/\/api.w.org\/{rel}","templated":true}]}}