{"id":5933,"date":"2022-11-02T08:41:23","date_gmt":"2022-11-02T08:41:23","guid":{"rendered":"https:\/\/allasorias.hu\/hirek\/?p=5933"},"modified":"2022-11-02T08:41:23","modified_gmt":"2022-11-02T08:41:23","slug":"munkaeropiaci-visszaeses-varhato","status":"publish","type":"post","link":"https:\/\/allasorias.hu\/hirek\/munkaeropiaci-visszaeses-varhato\/","title":{"rendered":"Munkaer\u0151piaci visszaes\u00e9s v\u00e1rhat\u00f3"},"content":{"rendered":"<p><strong>A szakemberek \u00e9s munka\u00fcgyi \u00fcgyn\u00f6ks\u00e9gek is azt vet\u00edtik el\u0151re, hogy az elk\u00f6vetkez\u0151 \u00e9vekben a munkaer\u0151piaci folyamatok \u00e9rz\u00e9kenyen \u00e9rintik majd az embereket. Cs\u00f6kkennek a b\u00e9rek, nehezebben \u00e9lnek majd az emberek, az egy\u00e9bk\u00e9nt is kev\u00e9s fizet\u00e9sb\u0151l \u00e9l\u0151k helyzete rosszabbodik.<\/strong><\/p>\n<p>Az ENSZ munka\u00fcgyi \u00fcgyn\u00f6ks\u00e9ge figyelmeztetett, hogy az orosz-ukr\u00e1n h\u00e1bor\u00fa, valamint az egym\u00e1st \u00e9r\u0151 v\u00e1ls\u00e1gok sora nyom\u00e1n az idei \u00e9v negyedik negyed\u00e9v\u00e9ben v\u00e1rhat\u00f3an vil\u00e1gszerte munkaer\u0151piaci visszaes\u00e9s k\u00f6vetkezik be, melynek ok\u00e1n a b\u00e9rek tov\u00e1bb zsugorodnak, az emberek ad\u00f3ss\u00e1gai tov\u00e1bb szaporodnak, \u00e9s az egyenl\u0151tlens\u00e9g is egyre komolyabb m\u00e9rt\u00e9keket \u00f6lt.<\/p>\n<p>Gilbert Houngbo, a Nemzetk\u00f6zi Munka\u00fcgyi Szervezet \u00faj f\u0151igazgat\u00f3ja ennek kapcs\u00e1n felsz\u00f3l\u00edtotta a korm\u00e1nyokat, hogy avatkozzanak be a boltban kaphat\u00f3 term\u00e9kek \u00e1r\u00e1nak meghat\u00e1roz\u00e1s\u00e1ba, a \u201cv\u00e1ratlan nyeres\u00e9geket\u201d ir\u00e1ny\u00edts\u00e1k \u00e1t, tov\u00e1bb\u00e1 jelent\u0151sen n\u00f6velj\u00e9k a j\u00f6vedelemt\u00e1mogat\u00e1st, illet\u0151leg a szoci\u00e1lis v\u00e9delmet. Nyilatkozat\u00e1ban Houngbo \u00fagy fogalmazott, ennek a m\u00e9lys\u00e9gesen aggaszt\u00f3 glob\u00e1lis foglalkoztat\u00e1si helyzetnek a kezel\u00e9se egy jelent\u0151s, a munkaer\u0151piaci visszaes\u00e9s megakad\u00e1lyoz\u00e1s\u00e1ra vonatkoz\u00f3, \u00e1tfog\u00f3, integr\u00e1lt \u00e9s kiegyens\u00falyozott politik\u00e1t ig\u00e9nyel mind nemzeti, mind pedig glob\u00e1lis szinten. A f\u0151igazgat\u00f3 r\u00e1mutatott, amennyiben v\u00e9gre siker\u00fclne lez\u00e1rni az orosz-ukr\u00e1n h\u00e1bor\u00fat, az nagyban jav\u00edtan\u00e1 a glob\u00e1lis foglalkoztat\u00e1si helyzetet.<\/p>\n<h2>Ledolgozott munka\u00f3r\u00e1k cs\u00f6kken\u00e9se<\/h2>\n<p>A szervezet meg\u00e1llap\u00edtotta, hogy az \u00e9v elej\u00e9n vil\u00e1gszerte fellend\u00fclt a ledolgozott munka\u00f3r\u00e1k sz\u00e1ma, k\u00fcl\u00f6n\u00f6sen a n\u0151k \u00e9s a magas k\u00e9pzetts\u00e9get ig\u00e9nyl\u0151 munkak\u00f6r\u00f6kben dolgoz\u00f3k k\u00f6r\u00e9ben. Mindez annak k\u00f6sz\u00f6nhet\u0151, hogy a vil\u00e1ggazdas\u00e1g n\u00e9mik\u00e9ppen talpra \u00e1llt a koronav\u00edrus-j\u00e1rv\u00e1ny leszenvedett visszaes\u00e9s ut\u00e1n: a h\u00e9tf\u0151n k\u00f6zz\u00e9tett, a munka vil\u00e1g\u00e1r\u00f3l sz\u00f3l\u00f3 jelent\u00e9s 10. kiad\u00e1s\u00e1ban r\u00e1mutattak, a helyzet az\u00f3ta csak romlott, a ledolgozott munka\u00f3r\u00e1k sz\u00e1ma pedig mintegy 1,5 sz\u00e1zal\u00e9kkal cs\u00f6kkent \u2013 mindez k\u00f6zel 40 milli\u00f3 teljes munkaid\u0151s poz\u00edci\u00f3 hi\u00e1ny\u00e1nak felel meg. A jelent\u00e9sben figyelmeztettek, a munkaer\u0151piaci kil\u00e1t\u00e1sok jelenleg rendk\u00edv\u00fcl bizonytalanok, \u00e9s egyre komolyabbak a negat\u00edv ir\u00e1nyba mutat\u00f3 kock\u00e1zatok, az infl\u00e1ci\u00f3 brut\u00e1lis, az egyre szigorod\u00f3 monet\u00e1ris politika kock\u00e1zatos, az egyre n\u00f6vekv\u0151 ad\u00f3ss\u00e1gteher mellett pedig a fogyaszt\u00f3i bizalom is drasztikusan cs\u00f6kkent.<\/p>\n<p>Figyelmeztettek: noha \u00e1ltal\u00e1ban sok id\u0151be telik, mire egy gazdas\u00e1gi lassul\u00e1s, vagy \u00e9pp recesszi\u00f3 a munkahelyek megsz\u0171n\u00e9s\u00e9hez, ez\u00e1ltal munkan\u00e9lk\u00fclis\u00e9ghez vezet, a rendelkez\u00e9sre \u00e1ll\u00f3 adatok egy\u00e9rtelm\u0171en arra utalnak, hogy a munkaer\u0151piac teljes lassul\u00e1sa m\u00e1r megkezd\u0151d\u00f6tt. Ukrajn\u00e1ra kit\u00e9rve megosztott\u00e1k, az orsz\u00e1g h\u00e1bor\u00fa el\u0151tti munkaerej\u00e9nek mintegy 10 sz\u00e1zal\u00e9ka, f\u0151k\u00e9nt n\u0151k, jelenleg a szomsz\u00e9dos orsz\u00e1gokban tart\u00f3zkodnak menek\u00fcltk\u00e9nt.<\/p>\n<p>&nbsp;<\/p>\n<p>Forr\u00e1s: <a href=\"https:\/\/liner.hu\/ensz-haboru-valsagok-munkahelyeket-is-veszelyeztetik\/\" target=\"_blank\" rel=\"nofollow noopener\">liner.hu<\/a><\/p>\n<p>&nbsp;<\/p>\n<p>&nbsp;<\/p>\n","protected":false},"excerpt":{"rendered":"<p>A szakemberek \u00e9s munka\u00fcgyi \u00fcgyn\u00f6ks\u00e9gek is azt vet\u00edtik el\u0151re, hogy az elk\u00f6vetkez\u0151 \u00e9vekben a munkaer\u0151piaci folyamatok \u00e9rz\u00e9kenyen \u00e9rintik majd az embereket. Cs\u00f6kkennek a b\u00e9rek, nehezebben \u00e9lnek majd az emberek, az egy\u00e9bk\u00e9nt is kev\u00e9s fizet\u00e9sb\u0151l \u00e9l\u0151k helyzete rosszabbodik. Az ENSZ munka\u00fcgyi \u00fcgyn\u00f6ks\u00e9ge figyelmeztetett, hogy az orosz-ukr\u00e1n h\u00e1bor\u00fa, valamint az egym\u00e1st \u00e9r\u0151 v\u00e1ls\u00e1gok sora nyom\u00e1n az idei [&hellip;]<\/p>\n","protected":false},"author":1,"featured_media":5934,"comment_status":"open","ping_status":"open","sticky":false,"template":"","format":"standard","meta":{"_monsterinsights_skip_tracking":false,"footnotes":""},"categories":[200],"tags":[241,240],"class_list":["post-5933","post","type-post","status-publish","format-standard","has-post-thumbnail","hentry","category-munkaeropiac","tag-csokkeno-berek","tag-munkaeropiaci-visszaeses"],"aioseo_notices":[],"aioseo_head":"\n\t\t<!-- All in One SEO 5.0.0.1 - aioseo.com -->\n\t<meta name=\"description\" content=\"Munkaer\u0151piaci visszaes\u00e9s v\u00e1rhat\u00f3. Cs\u00f6kkennek a b\u00e9rek, nehezebben \u00e9lnek majd az emberek, az egy\u00e9bk\u00e9nt is kev\u00e9s fizet\u00e9sb\u0151l \u00e9l\u0151k helyzete rosszabbodik.\" \/>\n\t<meta name=\"robots\" content=\"max-image-preview:large\" \/>\n\t<meta name=\"author\" content=\"Juh\u00e1sz P\u00e9ter\"\/>\n\t<meta name=\"keywords\" content=\"cs\u00f6kken\u0151 b\u00e9rek,munkaer\u0151piaci visszaes\u00e9s\" \/>\n\t<link rel=\"canonical\" href=\"https:\/\/allasorias.hu\/hirek\/munkaeropiaci-visszaeses-varhato\/\" \/>\n\t<meta name=\"generator\" content=\"All in One SEO (AIOSEO) 5.0.0.1\" \/>\n\t\t<meta property=\"og:locale\" content=\"hu_HU\" \/>\n\t\t<meta property=\"og:site_name\" content=\"AllasOrias.hu | H\u00edrek-lapszemle | \u00dczleti h\u00edrek az \u00e1ll\u00e1s \u00e9s a munka vil\u00e1g\u00e1b\u00f3l\" \/>\n\t\t<meta property=\"og:type\" content=\"article\" \/>\n\t\t<meta property=\"og:title\" content=\"Munkaer\u0151piaci visszaes\u00e9s v\u00e1rhat\u00f3 | Allasorias.hu\/hirek\" \/>\n\t\t<meta property=\"og:description\" content=\"Munkaer\u0151piaci visszaes\u00e9s v\u00e1rhat\u00f3. Cs\u00f6kkennek a b\u00e9rek, nehezebben \u00e9lnek majd az emberek, az egy\u00e9bk\u00e9nt is kev\u00e9s fizet\u00e9sb\u0151l \u00e9l\u0151k helyzete rosszabbodik.\" \/>\n\t\t<meta property=\"og:url\" content=\"https:\/\/allasorias.hu\/hirek\/munkaeropiaci-visszaeses-varhato\/\" \/>\n\t\t<meta property=\"og:image\" content=\"https:\/\/allasorias.hu\/hirek\/wp-content\/uploads\/2022\/11\/munkaeropiaci-visszaeses.jpg\" \/>\n\t\t<meta property=\"og:image:secure_url\" content=\"https:\/\/allasorias.hu\/hirek\/wp-content\/uploads\/2022\/11\/munkaeropiaci-visszaeses.jpg\" \/>\n\t\t<meta property=\"og:image:width\" content=\"1280\" \/>\n\t\t<meta property=\"og:image:height\" content=\"853\" \/>\n\t\t<meta property=\"article:published_time\" content=\"2022-11-02T08:41:23+00:00\" \/>\n\t\t<meta property=\"article:modified_time\" content=\"2022-11-02T08:41:23+00:00\" \/>\n\t\t<meta property=\"article:publisher\" content=\"https:\/\/www.facebook.com\/allasorias\" \/>\n\t\t<meta name=\"twitter:card\" content=\"summary_large_image\" \/>\n\t\t<meta name=\"twitter:title\" content=\"Munkaer\u0151piaci visszaes\u00e9s v\u00e1rhat\u00f3 | Allasorias.hu\/hirek\" \/>\n\t\t<meta name=\"twitter:description\" content=\"Munkaer\u0151piaci visszaes\u00e9s v\u00e1rhat\u00f3. Cs\u00f6kkennek a b\u00e9rek, nehezebben \u00e9lnek majd az emberek, az egy\u00e9bk\u00e9nt is kev\u00e9s fizet\u00e9sb\u0151l \u00e9l\u0151k helyzete rosszabbodik.\" \/>\n\t\t<meta name=\"twitter:image\" content=\"https:\/\/allasorias.hu\/hirek\/wp-content\/uploads\/2022\/11\/munkaeropiaci-visszaeses.jpg\" \/>\n\t\t<meta name=\"twitter:label1\" content=\"Written by\" \/>\n\t\t<meta name=\"twitter:data1\" content=\"Juh\u00e1sz P\u00e9ter\" \/>\n\t\t<meta name=\"twitter:label2\" content=\"Est. reading time\" \/>\n\t\t<meta name=\"twitter:data2\" content=\"3 minutes\" \/>\n\t\t<script type=\"application\/ld+json\" class=\"aioseo-schema\">\n\t\t\t{\"@context\":\"https:\\\/\\\/schema.org\",\"@graph\":[{\"@type\":\"Article\",\"@id\":\"https:\\\/\\\/allasorias.hu\\\/hirek\\\/munkaeropiaci-visszaeses-varhato\\\/#article\",\"name\":\"Munkaer\\u0151piaci visszaes\\u00e9s v\\u00e1rhat\\u00f3 | Allasorias.hu\\\/hirek\",\"headline\":\"Munkaer\\u0151piaci visszaes\\u00e9s v\\u00e1rhat\\u00f3\",\"author\":{\"@id\":\"https:\\\/\\\/allasorias.hu\\\/hirek\\\/author\\\/admin-allasorias\\\/#author\"},\"publisher\":{\"@id\":\"https:\\\/\\\/allasorias.hu\\\/hirek\\\/#organization\"},\"image\":{\"@type\":\"ImageObject\",\"url\":\"https:\\\/\\\/allasorias.hu\\\/hirek\\\/wp-content\\\/uploads\\\/2022\\\/11\\\/munkaeropiaci-visszaeses.jpg\",\"width\":1280,\"height\":853,\"caption\":\"Munkaer\\u0151piaci visszaes\\u00e9s v\\u00e1rhat\\u00f3 - Allasorias.hu\\\/hirek\"},\"datePublished\":\"2022-11-02T08:41:23+02:00\",\"dateModified\":\"2022-11-02T08:41:23+02:00\",\"inLanguage\":\"hu-HU\",\"mainEntityOfPage\":{\"@id\":\"https:\\\/\\\/allasorias.hu\\\/hirek\\\/munkaeropiaci-visszaeses-varhato\\\/#webpage\"},\"isPartOf\":{\"@id\":\"https:\\\/\\\/allasorias.hu\\\/hirek\\\/munkaeropiaci-visszaeses-varhato\\\/#webpage\"},\"articleSection\":\"Munkaer\\u0151piac, cs\\u00f6kken\\u0151 b\\u00e9rek, Munkaer\\u0151piaci visszaes\\u00e9s\"},{\"@type\":\"BreadcrumbList\",\"@id\":\"https:\\\/\\\/allasorias.hu\\\/hirek\\\/munkaeropiaci-visszaeses-varhato\\\/#breadcrumblist\",\"itemListElement\":[{\"@type\":\"ListItem\",\"@id\":\"https:\\\/\\\/allasorias.hu\\\/hirek#listItem\",\"position\":1,\"name\":\"Home\",\"item\":\"https:\\\/\\\/allasorias.hu\\\/hirek\",\"nextItem\":{\"@type\":\"ListItem\",\"@id\":\"https:\\\/\\\/allasorias.hu\\\/hirek\\\/temak\\\/munkaeropiac\\\/#listItem\",\"name\":\"Munkaer\\u0151piac\"}},{\"@type\":\"ListItem\",\"@id\":\"https:\\\/\\\/allasorias.hu\\\/hirek\\\/temak\\\/munkaeropiac\\\/#listItem\",\"position\":2,\"name\":\"Munkaer\\u0151piac\",\"item\":\"https:\\\/\\\/allasorias.hu\\\/hirek\\\/temak\\\/munkaeropiac\\\/\",\"nextItem\":{\"@type\":\"ListItem\",\"@id\":\"https:\\\/\\\/allasorias.hu\\\/hirek\\\/munkaeropiaci-visszaeses-varhato\\\/#listItem\",\"name\":\"Munkaer\\u0151piaci visszaes\\u00e9s v\\u00e1rhat\\u00f3\"},\"previousItem\":{\"@type\":\"ListItem\",\"@id\":\"https:\\\/\\\/allasorias.hu\\\/hirek#listItem\",\"name\":\"Home\"}},{\"@type\":\"ListItem\",\"@id\":\"https:\\\/\\\/allasorias.hu\\\/hirek\\\/munkaeropiaci-visszaeses-varhato\\\/#listItem\",\"position\":3,\"name\":\"Munkaer\\u0151piaci visszaes\\u00e9s v\\u00e1rhat\\u00f3\",\"previousItem\":{\"@type\":\"ListItem\",\"@id\":\"https:\\\/\\\/allasorias.hu\\\/hirek\\\/temak\\\/munkaeropiac\\\/#listItem\",\"name\":\"Munkaer\\u0151piac\"}}]},{\"@type\":\"Organization\",\"@id\":\"https:\\\/\\\/allasorias.hu\\\/hirek\\\/#organization\",\"name\":\"AllasOrias.hu | H\\u00edrek-lapszemle\",\"description\":\"\\u00dczleti h\\u00edrek az \\u00e1ll\\u00e1s \\u00e9s a munka vil\\u00e1g\\u00e1b\\u00f3l\",\"url\":\"https:\\\/\\\/allasorias.hu\\\/hirek\\\/\",\"logo\":{\"@type\":\"ImageObject\",\"url\":\"https:\\\/\\\/allasorias.hu\\\/hirek\\\/wp-content\\\/uploads\\\/2022\\\/10\\\/allasorias_site_facebok_logo.png\",\"@id\":\"https:\\\/\\\/allasorias.hu\\\/hirek\\\/munkaeropiaci-visszaeses-varhato\\\/#organizationLogo\"},\"image\":{\"@id\":\"https:\\\/\\\/allasorias.hu\\\/hirek\\\/munkaeropiaci-visszaeses-varhato\\\/#organizationLogo\"},\"sameAs\":[\"https:\\\/\\\/www.facebook.com\\\/allasorias\",\"https:\\\/\\\/www.linkedin.com\\\/company\\\/allasorias\"]},{\"@type\":\"Person\",\"@id\":\"https:\\\/\\\/allasorias.hu\\\/hirek\\\/author\\\/admin-allasorias\\\/#author\",\"url\":\"https:\\\/\\\/allasorias.hu\\\/hirek\\\/author\\\/admin-allasorias\\\/\",\"name\":\"Juh\\u00e1sz P\\u00e9ter\",\"image\":{\"@type\":\"ImageObject\",\"@id\":\"https:\\\/\\\/allasorias.hu\\\/hirek\\\/munkaeropiaci-visszaeses-varhato\\\/#authorImage\",\"url\":\"https:\\\/\\\/secure.gravatar.com\\\/avatar\\\/36e6bcb83148978b992977cb0f54d22feb0cce8a0a849a9410532bb2623ba4c6?s=96&d=mm&r=g\",\"width\":96,\"height\":96,\"caption\":\"Juh\\u00e1sz P\\u00e9ter\"}},{\"@type\":\"WebPage\",\"@id\":\"https:\\\/\\\/allasorias.hu\\\/hirek\\\/munkaeropiaci-visszaeses-varhato\\\/#webpage\",\"url\":\"https:\\\/\\\/allasorias.hu\\\/hirek\\\/munkaeropiaci-visszaeses-varhato\\\/\",\"name\":\"Munkaer\\u0151piaci visszaes\\u00e9s v\\u00e1rhat\\u00f3 | Allasorias.hu\\\/hirek\",\"description\":\"Munkaer\\u0151piaci visszaes\\u00e9s v\\u00e1rhat\\u00f3. Cs\\u00f6kkennek a b\\u00e9rek, nehezebben \\u00e9lnek majd az emberek, az egy\\u00e9bk\\u00e9nt is kev\\u00e9s fizet\\u00e9sb\\u0151l \\u00e9l\\u0151k helyzete rosszabbodik.\",\"inLanguage\":\"hu-HU\",\"isPartOf\":{\"@id\":\"https:\\\/\\\/allasorias.hu\\\/hirek\\\/#website\"},\"breadcrumb\":{\"@id\":\"https:\\\/\\\/allasorias.hu\\\/hirek\\\/munkaeropiaci-visszaeses-varhato\\\/#breadcrumblist\"},\"author\":{\"@id\":\"https:\\\/\\\/allasorias.hu\\\/hirek\\\/author\\\/admin-allasorias\\\/#author\"},\"creator\":{\"@id\":\"https:\\\/\\\/allasorias.hu\\\/hirek\\\/author\\\/admin-allasorias\\\/#author\"},\"image\":{\"@type\":\"ImageObject\",\"url\":\"https:\\\/\\\/allasorias.hu\\\/hirek\\\/wp-content\\\/uploads\\\/2022\\\/11\\\/munkaeropiaci-visszaeses.jpg\",\"@id\":\"https:\\\/\\\/allasorias.hu\\\/hirek\\\/munkaeropiaci-visszaeses-varhato\\\/#mainImage\",\"width\":1280,\"height\":853,\"caption\":\"Munkaer\\u0151piaci visszaes\\u00e9s v\\u00e1rhat\\u00f3 - Allasorias.hu\\\/hirek\"},\"primaryImageOfPage\":{\"@id\":\"https:\\\/\\\/allasorias.hu\\\/hirek\\\/munkaeropiaci-visszaeses-varhato\\\/#mainImage\"},\"datePublished\":\"2022-11-02T08:41:23+02:00\",\"dateModified\":\"2022-11-02T08:41:23+02:00\"},{\"@type\":\"WebSite\",\"@id\":\"https:\\\/\\\/allasorias.hu\\\/hirek\\\/#website\",\"url\":\"https:\\\/\\\/allasorias.hu\\\/hirek\\\/\",\"name\":\"AllasOrias.hu | H\\u00edrek-lapszemle\",\"description\":\"\\u00dczleti h\\u00edrek az \\u00e1ll\\u00e1s \\u00e9s a munka vil\\u00e1g\\u00e1b\\u00f3l\",\"inLanguage\":\"hu-HU\",\"publisher\":{\"@id\":\"https:\\\/\\\/allasorias.hu\\\/hirek\\\/#organization\"}}]}\n\t\t<\/script>\n\t\t<!-- All in One SEO -->\n\n","aioseo_head_json":{"title":"Munkaer\u0151piaci visszaes\u00e9s v\u00e1rhat\u00f3 | Allasorias.hu\/hirek","description":"Munkaer\u0151piaci visszaes\u00e9s v\u00e1rhat\u00f3. Cs\u00f6kkennek a b\u00e9rek, nehezebben \u00e9lnek majd az emberek, az egy\u00e9bk\u00e9nt is kev\u00e9s fizet\u00e9sb\u0151l \u00e9l\u0151k helyzete rosszabbodik.","canonical_url":"https:\/\/allasorias.hu\/hirek\/munkaeropiaci-visszaeses-varhato\/","robots":"max-image-preview:large","keywords":"cs\u00f6kken\u0151 b\u00e9rek,munkaer\u0151piaci visszaes\u00e9s","webmasterTools":{"miscellaneous":""},"schema":{"@context":"https:\/\/schema.org","@graph":[{"@type":"Article","@id":"https:\/\/allasorias.hu\/hirek\/munkaeropiaci-visszaeses-varhato\/#article","name":"Munkaer\u0151piaci visszaes\u00e9s v\u00e1rhat\u00f3 | Allasorias.hu\/hirek","headline":"Munkaer\u0151piaci visszaes\u00e9s v\u00e1rhat\u00f3","author":{"@id":"https:\/\/allasorias.hu\/hirek\/author\/admin-allasorias\/#author"},"publisher":{"@id":"https:\/\/allasorias.hu\/hirek\/#organization"},"image":{"@type":"ImageObject","url":"https:\/\/allasorias.hu\/hirek\/wp-content\/uploads\/2022\/11\/munkaeropiaci-visszaeses.jpg","width":1280,"height":853,"caption":"Munkaer\u0151piaci visszaes\u00e9s v\u00e1rhat\u00f3 - Allasorias.hu\/hirek"},"datePublished":"2022-11-02T08:41:23+02:00","dateModified":"2022-11-02T08:41:23+02:00","inLanguage":"hu-HU","mainEntityOfPage":{"@id":"https:\/\/allasorias.hu\/hirek\/munkaeropiaci-visszaeses-varhato\/#webpage"},"isPartOf":{"@id":"https:\/\/allasorias.hu\/hirek\/munkaeropiaci-visszaeses-varhato\/#webpage"},"articleSection":"Munkaer\u0151piac, cs\u00f6kken\u0151 b\u00e9rek, Munkaer\u0151piaci visszaes\u00e9s"},{"@type":"BreadcrumbList","@id":"https:\/\/allasorias.hu\/hirek\/munkaeropiaci-visszaeses-varhato\/#breadcrumblist","itemListElement":[{"@type":"ListItem","@id":"https:\/\/allasorias.hu\/hirek#listItem","position":1,"name":"Home","item":"https:\/\/allasorias.hu\/hirek","nextItem":{"@type":"ListItem","@id":"https:\/\/allasorias.hu\/hirek\/temak\/munkaeropiac\/#listItem","name":"Munkaer\u0151piac"}},{"@type":"ListItem","@id":"https:\/\/allasorias.hu\/hirek\/temak\/munkaeropiac\/#listItem","position":2,"name":"Munkaer\u0151piac","item":"https:\/\/allasorias.hu\/hirek\/temak\/munkaeropiac\/","nextItem":{"@type":"ListItem","@id":"https:\/\/allasorias.hu\/hirek\/munkaeropiaci-visszaeses-varhato\/#listItem","name":"Munkaer\u0151piaci visszaes\u00e9s v\u00e1rhat\u00f3"},"previousItem":{"@type":"ListItem","@id":"https:\/\/allasorias.hu\/hirek#listItem","name":"Home"}},{"@type":"ListItem","@id":"https:\/\/allasorias.hu\/hirek\/munkaeropiaci-visszaeses-varhato\/#listItem","position":3,"name":"Munkaer\u0151piaci visszaes\u00e9s v\u00e1rhat\u00f3","previousItem":{"@type":"ListItem","@id":"https:\/\/allasorias.hu\/hirek\/temak\/munkaeropiac\/#listItem","name":"Munkaer\u0151piac"}}]},{"@type":"Organization","@id":"https:\/\/allasorias.hu\/hirek\/#organization","name":"AllasOrias.hu | H\u00edrek-lapszemle","description":"\u00dczleti h\u00edrek az \u00e1ll\u00e1s \u00e9s a munka vil\u00e1g\u00e1b\u00f3l","url":"https:\/\/allasorias.hu\/hirek\/","logo":{"@type":"ImageObject","url":"https:\/\/allasorias.hu\/hirek\/wp-content\/uploads\/2022\/10\/allasorias_site_facebok_logo.png","@id":"https:\/\/allasorias.hu\/hirek\/munkaeropiaci-visszaeses-varhato\/#organizationLogo"},"image":{"@id":"https:\/\/allasorias.hu\/hirek\/munkaeropiaci-visszaeses-varhato\/#organizationLogo"},"sameAs":["https:\/\/www.facebook.com\/allasorias","https:\/\/www.linkedin.com\/company\/allasorias"]},{"@type":"Person","@id":"https:\/\/allasorias.hu\/hirek\/author\/admin-allasorias\/#author","url":"https:\/\/allasorias.hu\/hirek\/author\/admin-allasorias\/","name":"Juh\u00e1sz P\u00e9ter","image":{"@type":"ImageObject","@id":"https:\/\/allasorias.hu\/hirek\/munkaeropiaci-visszaeses-varhato\/#authorImage","url":"https:\/\/secure.gravatar.com\/avatar\/36e6bcb83148978b992977cb0f54d22feb0cce8a0a849a9410532bb2623ba4c6?s=96&d=mm&r=g","width":96,"height":96,"caption":"Juh\u00e1sz P\u00e9ter"}},{"@type":"WebPage","@id":"https:\/\/allasorias.hu\/hirek\/munkaeropiaci-visszaeses-varhato\/#webpage","url":"https:\/\/allasorias.hu\/hirek\/munkaeropiaci-visszaeses-varhato\/","name":"Munkaer\u0151piaci visszaes\u00e9s v\u00e1rhat\u00f3 | Allasorias.hu\/hirek","description":"Munkaer\u0151piaci visszaes\u00e9s v\u00e1rhat\u00f3. Cs\u00f6kkennek a b\u00e9rek, nehezebben \u00e9lnek majd az emberek, az egy\u00e9bk\u00e9nt is kev\u00e9s fizet\u00e9sb\u0151l \u00e9l\u0151k helyzete rosszabbodik.","inLanguage":"hu-HU","isPartOf":{"@id":"https:\/\/allasorias.hu\/hirek\/#website"},"breadcrumb":{"@id":"https:\/\/allasorias.hu\/hirek\/munkaeropiaci-visszaeses-varhato\/#breadcrumblist"},"author":{"@id":"https:\/\/allasorias.hu\/hirek\/author\/admin-allasorias\/#author"},"creator":{"@id":"https:\/\/allasorias.hu\/hirek\/author\/admin-allasorias\/#author"},"image":{"@type":"ImageObject","url":"https:\/\/allasorias.hu\/hirek\/wp-content\/uploads\/2022\/11\/munkaeropiaci-visszaeses.jpg","@id":"https:\/\/allasorias.hu\/hirek\/munkaeropiaci-visszaeses-varhato\/#mainImage","width":1280,"height":853,"caption":"Munkaer\u0151piaci visszaes\u00e9s v\u00e1rhat\u00f3 - Allasorias.hu\/hirek"},"primaryImageOfPage":{"@id":"https:\/\/allasorias.hu\/hirek\/munkaeropiaci-visszaeses-varhato\/#mainImage"},"datePublished":"2022-11-02T08:41:23+02:00","dateModified":"2022-11-02T08:41:23+02:00"},{"@type":"WebSite","@id":"https:\/\/allasorias.hu\/hirek\/#website","url":"https:\/\/allasorias.hu\/hirek\/","name":"AllasOrias.hu | H\u00edrek-lapszemle","description":"\u00dczleti h\u00edrek az \u00e1ll\u00e1s \u00e9s a munka vil\u00e1g\u00e1b\u00f3l","inLanguage":"hu-HU","publisher":{"@id":"https:\/\/allasorias.hu\/hirek\/#organization"}}]},"og:locale":"hu_HU","og:site_name":"AllasOrias.hu | H\u00edrek-lapszemle | \u00dczleti h\u00edrek az \u00e1ll\u00e1s \u00e9s a munka vil\u00e1g\u00e1b\u00f3l","og:type":"article","og:title":"Munkaer\u0151piaci visszaes\u00e9s v\u00e1rhat\u00f3 | Allasorias.hu\/hirek","og:description":"Munkaer\u0151piaci visszaes\u00e9s v\u00e1rhat\u00f3. Cs\u00f6kkennek a b\u00e9rek, nehezebben \u00e9lnek majd az emberek, az egy\u00e9bk\u00e9nt is kev\u00e9s fizet\u00e9sb\u0151l \u00e9l\u0151k helyzete rosszabbodik.","og:url":"https:\/\/allasorias.hu\/hirek\/munkaeropiaci-visszaeses-varhato\/","og:image":"https:\/\/allasorias.hu\/hirek\/wp-content\/uploads\/2022\/11\/munkaeropiaci-visszaeses.jpg","og:image:secure_url":"https:\/\/allasorias.hu\/hirek\/wp-content\/uploads\/2022\/11\/munkaeropiaci-visszaeses.jpg","og:image:width":1280,"og:image:height":853,"article:published_time":"2022-11-02T08:41:23+00:00","article:modified_time":"2022-11-02T08:41:23+00:00","article:publisher":"https:\/\/www.facebook.com\/allasorias","twitter:card":"summary_large_image","twitter:title":"Munkaer\u0151piaci visszaes\u00e9s v\u00e1rhat\u00f3 | Allasorias.hu\/hirek","twitter:description":"Munkaer\u0151piaci visszaes\u00e9s v\u00e1rhat\u00f3. Cs\u00f6kkennek a b\u00e9rek, nehezebben \u00e9lnek majd az emberek, az egy\u00e9bk\u00e9nt is kev\u00e9s fizet\u00e9sb\u0151l \u00e9l\u0151k helyzete rosszabbodik.","twitter:image":"https:\/\/allasorias.hu\/hirek\/wp-content\/uploads\/2022\/11\/munkaeropiaci-visszaeses.jpg","twitter:label1":"Written by","twitter:data1":"Juh\u00e1sz P\u00e9ter","twitter:label2":"Est. reading time","twitter:data2":"3 minutes"},"aioseo_meta_data":{"post_id":"5933","title":"#post_title | Allasorias.hu\/hirek","description":"Munkaer\u0151piaci visszaes\u00e9s v\u00e1rhat\u00f3. Cs\u00f6kkennek a b\u00e9rek, nehezebben \u00e9lnek majd az emberek, az egy\u00e9bk\u00e9nt is kev\u00e9s fizet\u00e9sb\u0151l \u00e9l\u0151k helyzete rosszabbodik.","keywords":[],"keyphrases":{"focus":{"keyphrase":"munkaer\u0151piaci visszaes\u00e9s","score":68,"analysis":{"keyphraseInTitle":{"title":"Focus keyphrase in SEO title","description":"Focus keyphrase found in SEO title.","score":9,"maxScore":9,"error":0},"keyphraseInDescription":{"title":"Focus keyphrase in meta description","description":"Focus keyphrase found in meta description.","score":9,"maxScore":9,"error":0},"keyphraseLength":{"title":"Focus keyphrase length","description":"Good job!","score":9,"maxScore":9,"error":0,"length":2},"keyphraseInURL":{"title":"Focus keyphrase in URL","description":"Focus keyphrase not found in the URL.","score":1,"maxScore":5,"error":1},"keyphraseInIntroduction":{"title":"Focus keyphrase in introduction","description":"Your Focus keyphrase does not appear in the first paragraph. Make sure the topic is clear immediately.","score":3,"maxScore":9,"error":1},"keyphraseInSubHeadings":{"title":"Focus keyphrase in Subheadings","description":"Use your focus keyphrase more in your H2 and H3 subheadings.","score":3,"maxScore":9,"error":1},"keyphraseInImageAlt":[]}},"additional":[]},"primary_term":null,"canonical_url":null,"og_title":null,"og_description":null,"og_object_type":"default","og_image_type":"default","og_image_url":null,"og_image_width":null,"og_image_height":null,"og_image_custom_url":null,"og_image_custom_fields":null,"og_video":"","og_custom_url":null,"og_article_section":null,"og_article_tags":[],"twitter_use_og":true,"twitter_card":"default","twitter_image_type":"default","twitter_image_url":null,"twitter_image_custom_url":null,"twitter_image_custom_fields":null,"twitter_title":null,"twitter_description":null,"schema":{"blockGraphs":[],"customGraphs":[],"default":{"data":{"Article":[],"Course":[],"Dataset":[],"FAQPage":[],"Movie":[],"Person":[],"Product":[],"ProductReview":[],"Car":[],"Recipe":[],"Service":[],"SoftwareApplication":[],"WebPage":[]},"graphName":"Article","isEnabled":true},"graphs":[]},"schema_type":"default","schema_type_options":null,"pillar_content":false,"robots_default":true,"robots_noindex":false,"robots_noarchive":false,"robots_nosnippet":false,"robots_nofollow":false,"robots_noimageindex":false,"robots_noodp":false,"robots_notranslate":false,"robots_max_snippet":"-1","robots_max_videopreview":"-1","robots_max_imagepreview":"large","priority":null,"frequency":"default","location":null,"local_seo":null,"breadcrumb_settings":null,"limit_modified_date":false,"ai":null,"created":"2022-11-02 08:21:29","updated":"2025-10-02 17:25:14","seo_analyzer_scan_date":null,"focus_keyword":"munkaer\u0151piaci visszaes\u00e9s","additional_keywords":null,"truseo_locale":null},"aioseo_breadcrumb":"<div class=\"aioseo-breadcrumbs\"><span class=\"aioseo-breadcrumb\">\n\t\t\t<a href=\"https:\/\/allasorias.hu\/hirek\" title=\"Home\">Home<\/a>\n\t\t<\/span><span class=\"aioseo-breadcrumb-separator\">&raquo;<\/span><span class=\"aioseo-breadcrumb\">\n\t\t\t<a href=\"https:\/\/allasorias.hu\/hirek\/temak\/munkaeropiac\/\" title=\"Munkaer\u0151piac\">Munkaer\u0151piac<\/a>\n\t\t<\/span><span class=\"aioseo-breadcrumb-separator\">&raquo;<\/span><span class=\"aioseo-breadcrumb\">\n\t\t\tMunkaer\u0151piaci visszaes\u00e9s v\u00e1rhat\u00f3\n\t\t<\/span><\/div>","aioseo_breadcrumb_json":[{"label":"Home","link":"https:\/\/allasorias.hu\/hirek"},{"label":"Munkaer\u0151piac","link":"https:\/\/allasorias.hu\/hirek\/temak\/munkaeropiac\/"},{"label":"Munkaer\u0151piaci visszaes\u00e9s v\u00e1rhat\u00f3","link":"https:\/\/allasorias.hu\/hirek\/munkaeropiaci-visszaeses-varhato\/"}],"_links":{"self":[{"href":"https:\/\/allasorias.hu\/hirek\/wp-json\/wp\/v2\/posts\/5933","targetHints":{"allow":["GET"]}}],"collection":[{"href":"https:\/\/allasorias.hu\/hirek\/wp-json\/wp\/v2\/posts"}],"about":[{"href":"https:\/\/allasorias.hu\/hirek\/wp-json\/wp\/v2\/types\/post"}],"author":[{"embeddable":true,"href":"https:\/\/allasorias.hu\/hirek\/wp-json\/wp\/v2\/users\/1"}],"replies":[{"embeddable":true,"href":"https:\/\/allasorias.hu\/hirek\/wp-json\/wp\/v2\/comments?post=5933"}],"version-history":[{"count":1,"href":"https:\/\/allasorias.hu\/hirek\/wp-json\/wp\/v2\/posts\/5933\/revisions"}],"predecessor-version":[{"id":5935,"href":"https:\/\/allasorias.hu\/hirek\/wp-json\/wp\/v2\/posts\/5933\/revisions\/5935"}],"wp:featuredmedia":[{"embeddable":true,"href":"https:\/\/allasorias.hu\/hirek\/wp-json\/wp\/v2\/media\/5934"}],"wp:attachment":[{"href":"https:\/\/allasorias.hu\/hirek\/wp-json\/wp\/v2\/media?parent=5933"}],"wp:term":[{"taxonomy":"category","embeddable":true,"href":"https:\/\/allasorias.hu\/hirek\/wp-json\/wp\/v2\/categories?post=5933"},{"taxonomy":"post_tag","embeddable":true,"href":"https:\/\/allasorias.hu\/hirek\/wp-json\/wp\/v2\/tags?post=5933"}],"curies":[{"name":"wp","href":"https:\/\/api.w.org\/{rel}","templated":true}]}}