{"id":5924,"date":"2022-10-27T10:45:40","date_gmt":"2022-10-27T10:45:40","guid":{"rendered":"https:\/\/allasorias.hu\/hirek\/?p=5924"},"modified":"2022-10-27T10:45:40","modified_gmt":"2022-10-27T10:45:40","slug":"csokkent-a-regisztralt-allaskeresok-szama","status":"publish","type":"post","link":"https:\/\/allasorias.hu\/hirek\/csokkent-a-regisztralt-allaskeresok-szama\/","title":{"rendered":"Cs\u00f6kkent a regisztr\u00e1lt \u00e1ll\u00e1skeres\u0151k sz\u00e1ma"},"content":{"rendered":"<p><strong>Az elm\u00falt h\u00e1rom \u00e9v legjobb foglalkoztatotts\u00e1gi mutat\u00f3it tapasztalhatjuk meg a munkaer\u0151piacon. A koronav\u00edrus helyzet miatt igen, de a h\u00e1bor\u00fa okozta hat\u00e1sok miatt sz\u00e1mottev\u0151 negat\u00edv hat\u00e1s nem tapasztalhat\u00f3 Magyarorsz\u00e1gon.<\/strong><\/p>\n<p>Az egy \u00e9vvel kor\u00e1bbi kimutat\u00e1shoz k\u00e9pest t\u00f6bb mint t\u00edzezerrel cs\u00f6kkent a regisztr\u00e1lt \u00e1ll\u00e1skeres\u0151k sz\u00e1ma Magyarorsz\u00e1gon. A Nemzeti Foglalkoztat\u00e1si Szolg\u00e1lat (NFSZ) nyilv\u00e1ntart\u00e1s\u00e1b\u00f3l sz\u00e1rmaz\u00f3 friss adatn\u00e1l okt\u00f3berben m\u00e9g sosem m\u00e9rtek alacsonyabbat &#8211; \u00edrja k\u00f6zlem\u00e9ny\u00e9ben a Technol\u00f3giai \u00e9s Ipari Miniszt\u00e9rium (TIM). A Nemzeti Foglalkoztat\u00e1si Szolg\u00e1lat id\u00e9n okt\u00f3berben 235 634 \u00e1ll\u00e1skeres\u0151t tartott nyilv\u00e1n a szervezet leg\u00fajabb gyorsjelent\u00e9se szerint. A tizedik h\u00f3napban kor\u00e1bban egyetlen \u00e9vben sem r\u00f6gz\u00edtettek ilyen alacsony szintet, a j\u00e1rv\u00e1nyhelyzet el\u0151tti cs\u00facs\u00e9rt\u00e9k is meghaladta a 239 ezret. 2021 okt\u00f3ber\u00e9hez viszony\u00edtva 4,3, id\u00e9n szeptemberhez k\u00e9pest pedig 1,1 sz\u00e1zal\u00e9kos m\u00e9rs\u00e9kl\u0151d\u00e9s tapasztalhat\u00f3 az \u00e1ll\u00e1skeres\u0151k sz\u00e1m\u00e1ban.<\/p>\n<p>2022 nyar\u00e1n minden eddigin\u00e9l kevesebben voltak munka n\u00e9lk\u00fcl a Nemzeti Foglalkoztat\u00e1si Szolg\u00e1lat nyilv\u00e1ntart\u00e1sa szerint. J\u00faniusban a regisztr\u00e1lt \u00e1ll\u00e1skeres\u0151k sz\u00e1ma rekordszintre, 230 ezer k\u00f6zel\u00e9be cs\u00f6kkent, \u00e9s minim\u00e1lis elmozdul\u00e1sokkal j\u00falius-augusztusban is hasonl\u00f3k\u00e9ppen alakult. Mostan\u00e1ig 2019-ben m\u00e9rt\u00e9k a legjobb \u00e9ves \u00e1tlagot, amely azonban \u00edgy sem s\u00fcllyedt 250 ezer f\u0151 al\u00e1. Az idei els\u0151 t\u00edz h\u00f3nap \u00f6sszes\u00edtett mutat\u00f3ja ezzel szemben m\u00e9g a 240 ezres szint al\u00e1 is bef\u00e9r. A koronav\u00edrus magyarorsz\u00e1gi megjelen\u00e9se ut\u00e1n n\u00e9h\u00e1ny h\u00f3nap alatt m\u00e1sf\u00e9lszeres\u00e9re futott fel az \u00e1ll\u00e1skeres\u0151k sz\u00e1ma.<\/p>\n<p>A szomsz\u00e9ds\u00e1gunkban zajl\u00f3 h\u00e1bor\u00fa egyel\u0151re nem j\u00e1rt hasonl\u00f3 k\u00f6vetkezm\u00e9nyekkel, de az energiahordoz\u00f3k dr\u00e1gul\u00e1sa miatt a korm\u00e1nynak l\u00e9pnie kellett. A miniszt\u00e9rium indokl\u00e1sa szerint ez\u00e9rt ind\u00edtott\u00e1k el a feldolgoz\u00f3ipari kis- \u00e9s k\u00f6z\u00e9pv\u00e1llalkoz\u00e1sok energiat\u00e1mogat\u00e1si programj\u00e1t, ezen t\u00falmen\u0151en a k\u00f6zelm\u00faltban meghirdetett gy\u00e1rment\u0151 program is jelent\u0151s forr\u00e1sokat biztos\u00edt a nagyv\u00e1llalati \u00e1ll\u00e1shelyek meg\u0151rz\u00e9s\u00e9hez.<\/p>\n<p>Forr\u00e1s: <a href=\"https:\/\/haszon.hu\/megkeresni\/munka\/allaskeresok-rekord-foglalkoztatas\" target=\"_blank\" rel=\"nofollow noopener\">haszon.hu<\/a><\/p>\n","protected":false},"excerpt":{"rendered":"<p>Az elm\u00falt h\u00e1rom \u00e9v legjobb foglalkoztatotts\u00e1gi mutat\u00f3it tapasztalhatjuk meg a munkaer\u0151piacon. A koronav\u00edrus helyzet miatt igen, de a h\u00e1bor\u00fa okozta hat\u00e1sok miatt sz\u00e1mottev\u0151 negat\u00edv hat\u00e1s nem tapasztalhat\u00f3 Magyarorsz\u00e1gon. Az egy \u00e9vvel kor\u00e1bbi kimutat\u00e1shoz k\u00e9pest t\u00f6bb mint t\u00edzezerrel cs\u00f6kkent a regisztr\u00e1lt \u00e1ll\u00e1skeres\u0151k sz\u00e1ma Magyarorsz\u00e1gon. A Nemzeti Foglalkoztat\u00e1si Szolg\u00e1lat (NFSZ) nyilv\u00e1ntart\u00e1s\u00e1b\u00f3l sz\u00e1rmaz\u00f3 friss adatn\u00e1l okt\u00f3berben m\u00e9g sosem [&hellip;]<\/p>\n","protected":false},"author":1,"featured_media":5925,"comment_status":"open","ping_status":"open","sticky":false,"template":"","format":"standard","meta":{"_monsterinsights_skip_tracking":false,"_monsterinsights_sitenote_active":false,"_monsterinsights_sitenote_note":"","_monsterinsights_sitenote_category":0,"footnotes":""},"categories":[200],"tags":[231,232,233],"class_list":["post-5924","post","type-post","status-publish","format-standard","has-post-thumbnail","hentry","category-munkaeropiac","tag-allaskeresok","tag-allaskeresok-szama","tag-csokkenes"],"aioseo_notices":[],"_links":{"self":[{"href":"https:\/\/allasorias.hu\/hirek\/wp-json\/wp\/v2\/posts\/5924","targetHints":{"allow":["GET"]}}],"collection":[{"href":"https:\/\/allasorias.hu\/hirek\/wp-json\/wp\/v2\/posts"}],"about":[{"href":"https:\/\/allasorias.hu\/hirek\/wp-json\/wp\/v2\/types\/post"}],"author":[{"embeddable":true,"href":"https:\/\/allasorias.hu\/hirek\/wp-json\/wp\/v2\/users\/1"}],"replies":[{"embeddable":true,"href":"https:\/\/allasorias.hu\/hirek\/wp-json\/wp\/v2\/comments?post=5924"}],"version-history":[{"count":1,"href":"https:\/\/allasorias.hu\/hirek\/wp-json\/wp\/v2\/posts\/5924\/revisions"}],"predecessor-version":[{"id":5926,"href":"https:\/\/allasorias.hu\/hirek\/wp-json\/wp\/v2\/posts\/5924\/revisions\/5926"}],"wp:featuredmedia":[{"embeddable":true,"href":"https:\/\/allasorias.hu\/hirek\/wp-json\/wp\/v2\/media\/5925"}],"wp:attachment":[{"href":"https:\/\/allasorias.hu\/hirek\/wp-json\/wp\/v2\/media?parent=5924"}],"wp:term":[{"taxonomy":"category","embeddable":true,"href":"https:\/\/allasorias.hu\/hirek\/wp-json\/wp\/v2\/categories?post=5924"},{"taxonomy":"post_tag","embeddable":true,"href":"https:\/\/allasorias.hu\/hirek\/wp-json\/wp\/v2\/tags?post=5924"}],"curies":[{"name":"wp","href":"https:\/\/api.w.org\/{rel}","templated":true}]}}