{"id":5916,"date":"2022-10-25T11:05:31","date_gmt":"2022-10-25T11:05:31","guid":{"rendered":"https:\/\/allasorias.hu\/hirek\/?p=5916"},"modified":"2022-10-25T11:05:31","modified_gmt":"2022-10-25T11:05:31","slug":"hova-tartanak-a-berek","status":"publish","type":"post","link":"https:\/\/allasorias.hu\/hirek\/hova-tartanak-a-berek\/","title":{"rendered":"Hov\u00e1 tartanak a b\u00e9rek?"},"content":{"rendered":"<p><strong>\u00dagy t\u0171nik, hogy cs\u00f6kken\u00e9snek indultak a re\u00e1lb\u00e9rek haz\u00e1nkban. A munkaer\u0151piacon pedig ellentmond\u00e1sos folyamatok zajlanak, kevesebb \u00e1ll\u00e1st hirdetnek, ugyanakkor egyre t\u00f6bben keresnek munk\u00e1t. A c\u00e9gek pedig arra t\u00f6rekednek, hogy min\u00e9l kevesebb legyen a k\u00f6lts\u00e9g\u00fck.<\/strong><\/p>\n<p>KSH adataib\u00f3l kider\u00fcl, hogy a brutt\u00f3 \u00e1tlagb\u00e9r 497 200 forint volt, a re\u00e1lb\u00e9rek a tavalyi \u00e9v azonos id\u0151szak\u00e1hoz k\u00e9pest csak 0,9%-kal n\u0151ttek, vagyis nagyon k\u00f6zel ker\u00fclt\u00fcnk ahhoz, hogy a brut\u00e1lis infl\u00e1ci\u00f3 miatt cs\u00f6kkenjen itthon a fizet\u00e9sek re\u00e1l\u00e9rt\u00e9ke. A b\u00e9rek re\u00e1lt\u00e9rt\u00e9ke n\u00e9gy \u00e9s f\u00e9l \u00e9ve, 2018 febru\u00e1rj\u00e1ban cs\u00f6kkent utolj\u00e1ra, most azonban \u00fajra igen k\u00f6zel j\u00e1runk hozz\u00e1: hogy ennek mekkora a val\u00f3s vesz\u00e9lye, azt most megk\u00e9rdezt\u00fck a HR-szak\u00e9rt\u0151kt\u0151l. R\u00f6vidt\u00e1von ugyan nem, de n\u00e9h\u00e1ny h\u00f3nap m\u00falva szerint\u00fck is cs\u00f6kkenhet a re\u00e1l\u00e9rt\u00e9k.<\/p>\n<p>A c\u00e9geknek sok neh\u00e9zs\u00e9ggel kell most szemben\u00e9zni\u00fck, ami el\u0151bb vagy ut\u00f3bb a b\u00e9rek re\u00e1l\u00e9rt\u00e9k\u00e9ben is megmutatkozhat, \u00e9s nem elk\u00e9pzelhetetlen, hogy a mutat\u00f3 hamarosan negat\u00edvba fordul \u00e1t \u2013 ezt mondta a P\u00e9nzcentrumnak adott gyorselemz\u00e9s\u00e9ben Toldi G\u00e1bor, a DTC Solutions munkat\u00e1rsa, HR-szak\u00e9rt\u0151.Ink\u00e1bb azt gondolom, hogy el\u0151bb vagy ut\u00f3bb cs\u00f6kkenni fognak a re\u00e1lb\u00e9rek. A jelenlegi gazdas\u00e1gi kil\u00e1t\u00e1sok mindenk\u00e9pp ezt prognosztiz\u00e1lj\u00e1k, p\u00e9ld\u00e1ul az \u00e1rfolyammozg\u00e1sb\u00f3l k\u00f6vetkez\u0151, vagy az energia\u00e1rak n\u00f6veked\u00e9se miatt megugr\u00f3 k\u00f6lts\u00e9gek miatt erre lehet k\u00f6vetkeztetni. Ezek mind exponenci\u00e1lisan s\u00fajtj\u00e1k a v\u00e1llalatokat, a profit-margin pedig folyamatosan cs\u00f6kken, a v\u00e1llalatoknak pedig nyilv\u00e1n az az \u00e9rdek\u00fck, hogy szorosabb k\u00f6lts\u00e9gkontrollt val\u00f3s\u00edtsanak meg &#8211; mondta Toldi G\u00e1bor.<\/p>\n<p>Hozz\u00e1tette, hogy a munkaer\u0151piacon ism\u00e9t megfordult a szok\u00e1sos trend: kevesebb lett az \u00e1ll\u00e1shirdet\u00e9s, viszont a m\u00e1sik oldalon egyre t\u00f6bben keresnek munk\u00e1t. Nagyon ellentmond\u00e1sos \u00e1llapot, amiben most vagyunk, mert mik\u00f6zben a v\u00e1ls\u00e1g m\u00e1r itt kopogtat az ajt\u00f3n, a v\u00e1llalatok nem \u00e1llnak le a munkaer\u0151-toborz\u00e1ssal. Az \u00e1ll\u00e1sport\u00e1lok piac\u00e1n m\u00e1r trendfordul\u00f3r\u00f3l besz\u00e9lnek: a munkakeres\u0151 oldalakon folyamatosan n\u0151 az akt\u00edv \u00e1ll\u00e1skeres\u0151k sz\u00e1ma, de a hirdet\u00e9sek sz\u00e1ma viszont cs\u00f6kken.<\/p>\n<h2>Munkan\u00e9lk\u00fclis\u00e9g n\u00f6veked\u00e9se<\/h2>\n<p>Szerintem lehet arra sz\u00e1m\u00edtani, hogy a jelenlegi szintn\u00e9l magasabb lesz a munkan\u00e9lk\u00fclis\u00e9g, de ha nem lesz akkora arcra es\u00e9s a gazdas\u00e1gban, mint 2008-ban, akkor enyh\u00fclni fog a nyom\u00e1s, a munkaer\u0151piacon ugyanis most komoly felvev\u0151er\u0151 van. \u2013 mondta lapunknak D\u00e9nes Rajmund Roland, az MMOSZ eln\u00f6ke, a Hum\u00e1n Centrum Kft. \u00fcgyvezet\u0151je, HR-szak\u00e9rt\u0151. V\u00e9lem\u00e9nye szerint ez a cs\u00f6kken\u00e9s legink\u00e1bb az infl\u00e1ci\u00f3nak k\u00f6sz\u00f6nhet\u0151 majd, illetve annak a nyom\u00e1snak, amely a Magyarorsz\u00e1gon m\u0171k\u00f6d\u0151 c\u00e9gekre h\u00e1rul.<\/p>\n<p>K\u00f6z\u00e9pt\u00e1von sz\u00e1m\u00edtok arra, hogy igen, cs\u00f6kkenni fog, mert korrekci\u00f3nak kell k\u00f6vetkeznie. M\u00e1sr\u00e9szt olyan folyamatok zajlanak most a vil\u00e1gban, amelyek m\u00e1r recesszi\u00f3 vet\u00edtenek el\u0151re Eur\u00f3p\u00e1ban \u00e9s az Egyes\u00fclt \u00c1llamokban is. Egyfel\u0151l van egy k\u00e9nyszer, hogy a b\u00e9reket itthon felz\u00e1rk\u00f3ztassuk az eur\u00f3pai minim\u00e1lb\u00e9rhez, m\u00e1sfel\u0151l pedig ez lehet\u0151s\u00e9g, hogy a c\u00e9gek ahol csak lehet, cs\u00f6kkents\u00e9k a k\u00f6lts\u00e9geiket.<\/p>\n<p>Ez egy \u00e1lland\u00f3 balansz-keres\u00e9s a munkaer\u0151piacon &#8211; mondta el D\u00e9nes Rajmund Roland. A munkan\u00e9lk\u00fclis\u00e9gi adatokban \u0151 is kis n\u00f6veked\u00e9st v\u00e1r, de m\u00e9g \u0151 sem tudja, mekkora lesz ennek a m\u00e9rt\u00e9ke. Jelen pillanatban ugye a teljes foglalkoztatotts\u00e1g val\u00f3sul meg Magyarorsz\u00e1gon, de sz\u00e1m\u00edtani lehet arra, hogy ennek hamarosan v\u00e9ge lehet. Ez tulajdonk\u00e9ppen egy visszarendez\u0151d\u00e9s lesz, a COVID ut\u00e1ni id\u0151szakban ugye t\u00f6bben szereztek munk\u00e1t, ekkor indult meg a mutat\u00f3 lejjebb. Neh\u00e9z megmondani, hogy a b\u00e9rekre milyen hat\u00e1sa lesz, nagyban f\u00fcgg att\u00f3l, hogy p\u00e9ld\u00e1ul milyen minim\u00e1lb\u00e9rben siker\u00fcl meg\u00e1llapodni a szakszervezetekkel. A v\u00e1llalatok r\u00e9sz\u00e9r\u0151l van olyan hang, hogy a b\u00e9remel\u00e9sre ford\u00edthat\u00f3 p\u00e9nzt ki is kell termelni, a korm\u00e1ny pedig nem tud adni a b\u00e9rekre ford\u00edthat\u00f3 t\u00e1mogat\u00e1st.<\/p>\n<p>Forr\u00e1s:<a href=\"https:\/\/www.penzcentrum.hu\/karrier\/20221024\/fajdalmas-honapok-varnak-a-magyar-dolgozokra-ez-meg-csak-a-kezdet-sokan-fognak-kevesebbet-keresni-1130239\" target=\"_blank\" rel=\"nofollow noopener\"> penzcentrum.hu<\/a><\/p>\n<p>&nbsp;<\/p>\n","protected":false},"excerpt":{"rendered":"<p>\u00dagy t\u0171nik, hogy cs\u00f6kken\u00e9snek indultak a re\u00e1lb\u00e9rek haz\u00e1nkban. A munkaer\u0151piacon pedig ellentmond\u00e1sos folyamatok zajlanak, kevesebb \u00e1ll\u00e1st hirdetnek, ugyanakkor egyre t\u00f6bben keresnek munk\u00e1t. A c\u00e9gek pedig arra t\u00f6rekednek, hogy min\u00e9l kevesebb legyen a k\u00f6lts\u00e9g\u00fck. KSH adataib\u00f3l kider\u00fcl, hogy a brutt\u00f3 \u00e1tlagb\u00e9r 497 200 forint volt, a re\u00e1lb\u00e9rek a tavalyi \u00e9v azonos id\u0151szak\u00e1hoz k\u00e9pest csak 0,9%-kal n\u0151ttek, [&hellip;]<\/p>\n","protected":false},"author":1,"featured_media":5917,"comment_status":"open","ping_status":"open","sticky":false,"template":"","format":"standard","meta":{"_monsterinsights_skip_tracking":false,"_monsterinsights_sitenote_active":false,"_monsterinsights_sitenote_note":"","_monsterinsights_sitenote_category":0,"footnotes":""},"categories":[198],"tags":[229,230],"class_list":["post-5916","post","type-post","status-publish","format-standard","has-post-thumbnail","hentry","category-gazdasag","tag-berek","tag-realberek"],"aioseo_notices":[],"_links":{"self":[{"href":"https:\/\/allasorias.hu\/hirek\/wp-json\/wp\/v2\/posts\/5916","targetHints":{"allow":["GET"]}}],"collection":[{"href":"https:\/\/allasorias.hu\/hirek\/wp-json\/wp\/v2\/posts"}],"about":[{"href":"https:\/\/allasorias.hu\/hirek\/wp-json\/wp\/v2\/types\/post"}],"author":[{"embeddable":true,"href":"https:\/\/allasorias.hu\/hirek\/wp-json\/wp\/v2\/users\/1"}],"replies":[{"embeddable":true,"href":"https:\/\/allasorias.hu\/hirek\/wp-json\/wp\/v2\/comments?post=5916"}],"version-history":[{"count":1,"href":"https:\/\/allasorias.hu\/hirek\/wp-json\/wp\/v2\/posts\/5916\/revisions"}],"predecessor-version":[{"id":5918,"href":"https:\/\/allasorias.hu\/hirek\/wp-json\/wp\/v2\/posts\/5916\/revisions\/5918"}],"wp:featuredmedia":[{"embeddable":true,"href":"https:\/\/allasorias.hu\/hirek\/wp-json\/wp\/v2\/media\/5917"}],"wp:attachment":[{"href":"https:\/\/allasorias.hu\/hirek\/wp-json\/wp\/v2\/media?parent=5916"}],"wp:term":[{"taxonomy":"category","embeddable":true,"href":"https:\/\/allasorias.hu\/hirek\/wp-json\/wp\/v2\/categories?post=5916"},{"taxonomy":"post_tag","embeddable":true,"href":"https:\/\/allasorias.hu\/hirek\/wp-json\/wp\/v2\/tags?post=5916"}],"curies":[{"name":"wp","href":"https:\/\/api.w.org\/{rel}","templated":true}]}}