{"id":5912,"date":"2022-10-24T14:19:08","date_gmt":"2022-10-24T14:19:08","guid":{"rendered":"https:\/\/allasorias.hu\/hirek\/?p=5912"},"modified":"2022-10-24T14:21:49","modified_gmt":"2022-10-24T14:21:49","slug":"nottek-a-fiatalok-elvarasai-a-munkakeresesben","status":"publish","type":"post","link":"https:\/\/allasorias.hu\/hirek\/nottek-a-fiatalok-elvarasai-a-munkakeresesben\/","title":{"rendered":"N\u0151ttek a fiatalok elv\u00e1r\u00e1sai a munkakeres\u00e9sben"},"content":{"rendered":"<p><strong>A fiatalok m\u00e1r mark\u00e1nsan megfogalmazz\u00e1k elv\u00e1r\u00e1saikat a munkakeres\u00e9sn\u00e9l. Fontos sz\u00e1mukra t\u00f6bbek k\u00f6z\u00f6tt az otthon is v\u00e9gezhet\u0151 munka, a b\u00e9r megjel\u00f6l\u00e9se a hirdet\u00e9sekben, de a gyakornoki programot is hangs\u00falyosnak tartj\u00e1k.<\/strong><\/p>\n<p>A c\u00e9gek ugyanazzal az employer brandinggel pr\u00f3b\u00e1lj\u00e1k magukhoz cs\u00e1b\u00edtani a fiatalokat: szinte l\u00e1tjuk is magunk el\u0151tt a rekl\u00e1mfilmet, ahogy az eleg\u00e1ns harmincas munkav\u00e1llal\u00f3 mosolyogva siklik be rollerrel a munkahely\u00e9re, az \u00fczenet testreszab\u00e1sa pedig nem t\u00f6rt\u00e9nik meg \u2013 mondta F\u00f6ldes Annam\u00e1ria, az Ipsos CX kutat\u00e1si igazgat\u00f3ja egy friss felm\u00e9r\u00e9s eredm\u00e9nyeit bemutat\u00f3 esem\u00e9nyen.<\/p>\n<p>A kutat\u00e1st a Skool megb\u00edz\u00e1s\u00e1b\u00f3l 18 \u00e9s 25 \u00e9v k\u00f6z\u00f6tti fiatalok k\u00f6r\u00e9ben v\u00e9gezte el az Ipsos, az Accenture IT-szolg\u00e1ltat\u00f3 c\u00e9g t\u00e1mogat\u00e1s\u00e1val, 1023 f\u0151 megk\u00e9rdez\u00e9s\u00e9vel. &#8222;V\u00e1llalatunk els\u0151dleges c\u00e9lja, hogy felkelts\u00fck a tin\u00e9dzser \u00e9s fiatal l\u00e1nyok \u00e9rdekl\u0151d\u00e9s\u00e9t az IT szektor ir\u00e1nt. Sz\u00e1mos programmal \u2013 tanfolyamokkal, workshopokkal, gimn\u00e1ziumi tanul\u00f3knak sz\u00f3l\u00f3 \u00f6szt\u00f6nd\u00edjakkal \u2013 igyeksz\u00fcnk egyengetni a j\u00f6v\u0151j\u00fcket, a gyakornoki program azonban eddig hi\u00e1nyzott a palett\u00e1r\u00f3l. Ehhez viszont el\u0151bb meg kellett tudnunk, mi van a fiatalok fej\u00e9ben, mik a preferenci\u00e1ik munk\u00e1ba \u00e1ll\u00e1s, karrier szempontj\u00e1b\u00f3l, ez\u00e9rt k\u00e9sz\u00fclt el ez a kutat\u00e1s&#8221; \u2013 mondta Guzsaly P\u00e9ter, a Skool partnerkapcsolati vezet\u0151je.<\/p>\n<h2>A fiatalok elv\u00e1r\u00e1sai<\/h2>\n<p>A felm\u00e9r\u00e9sb\u0151l az der\u00fclt ki, hogy a fiatalok t\u00f6bbs\u00e9ge, 35 sz\u00e1zal\u00e9kuk els\u0151sorban multinacion\u00e1lis v\u00e1llalatokn\u00e1l szeretne dolgozni, m\u00edg magyar tulajdonban l\u00e9v\u0151 c\u00e9ghez 24 sz\u00e1zal\u00e9kuk szerz\u0151dne sz\u00edvesen. Startupban a 12 sz\u00e1zal\u00e9kuk gondolkodik, m\u00edg nonprofit szervezetn\u00e9l 9, a k\u00f6zszf\u00e9r\u00e1ban pedig mind\u00f6ssze 7 sz\u00e1zal\u00e9kuk helyezkedne el. B\u00e1r a 18 \u00e9s 25 \u00e9v k\u00f6z\u00f6tti fiatalokkal kapcsolatban gyakran hangzik el az a sztereot\u00edpia, hogy szinte mobiltelefonnal a kez\u00fckben, k\u00f6z\u00f6ss\u00e9gi m\u00e9di\u00e1t b\u00f6ng\u00e9szve j\u00f6ttek a vil\u00e1gra, t\u00f6bbs\u00e9g\u00fck m\u00e9g mindig a hagyom\u00e1nyos platformokon keres els\u0151sorban munkahelyet. A hirdet\u00e9s sz\u00f6veg\u00e9ben t\u00edzb\u0151l nyolc fiatal elv\u00e1rja, hogy szerepeljen a poz\u00edci\u00f3 megnevez\u00e9se, a munkak\u00f6r, a munkav\u00e9gz\u00e9s helye \u00e9s a fizet\u00e9ss\u00e1v is, mik\u00f6zben ez az ut\u00f3bbi t\u00e9tel rendszerint hi\u00e1nyzik a hirdet\u00e9sekb\u0151l.<\/p>\n<p>Az \u00e1ll\u00e1skeres\u00e9sben tapasztaltabbaknak jellemz\u0151en magasabbak az elv\u00e1r\u00e1saik, amelyek k\u00f6z\u00fcl a munka helysz\u00edne, a fizet\u00e9ss\u00e1v, a hirdet\u0151 bemutat\u00e1sa \u00e9s az ott dolgoz\u00f3k tapasztalatai eset\u00e9ben m\u00e9rhet\u0151 a legnagyobb a k\u00fcl\u00f6nbs\u00e9g. A koronav\u00edrus sor\u00e1n kezdetben sokaknak terhes karant\u00e9n, annak keret\u00e9ben pedig az otthonr\u00f3l, online int\u00e9zett iskolai \u00e9s munkahelyi teend\u0151k m\u00e1ra az elv\u00e1r\u00e1sok k\u00f6z\u00e9 is be\u00e9p\u00fcltek. A home office lehet\u0151s\u00e9g\u00e9t keres\u0151 fiatalok t\u00f6bb mint fele, 58 sz\u00e1zal\u00e9kuk a munkah\u00e9t nagyobb r\u00e9sz\u00e9ben otthonr\u00f3l dolgozna, t\u00f6bb mint negyed\u00fck a teljes home office-t v\u00e1lasztan\u00e1, \u00e9s nagyj\u00e1b\u00f3l ugyanennyien a heti k\u00e9t napot tartan\u00e1k ide\u00e1lisnak. A fiatalokat az adott v\u00e1laszaik alapj\u00e1n az \u00fagynevezett cluster anal\u00edzis seg\u00edts\u00e9g\u00e9vel n\u00e9gy csoportra tudt\u00e1k osztani.<\/p>\n<h2>N\u00e9gy csoport<\/h2>\n<p>A t\u00f6bbs\u00e9g \u2013 35 sz\u00e1zal\u00e9k \u2013 a t\u00falbuzg\u00f3 kateg\u00f3ri\u00e1ba esik, r\u00e1juk nagyfok\u00fa elk\u00f6telezetts\u00e9g \u00e9s a munk\u00e1val szemben \u00e1ll\u00edtott t\u00falz\u00f3an magas elv\u00e1r\u00e1sok jellemz\u0151ek. A v\u00e1laszad\u00f3k 27 sz\u00e1zal\u00e9ka a pragmatikus t\u00edpusba tartozik, sz\u00e1mukra a munka alapvet\u0151en az \u00f6nfenntart\u00e1s eszk\u00f6ze, az els\u0151dleges c\u00e9lja a p\u00e9nzkeres\u00e9s, nem pedig az \u00f6nmegval\u00f3s\u00edt\u00e1s. Elhivatott kateg\u00f3ri\u00e1ba sorolt\u00e1k a fiatalok 25 sz\u00e1zal\u00e9k\u00e1t, nekik a munka nem teher, hanem a p\u00e9nzkereseti form\u00e1n t\u00fal egy \u00f6nkifejez\u00e9si m\u00f3d is, fontos sz\u00e1mukra, hogy \u00e9rt\u00e9ket teremtsenek. A marad\u00e9k 13 sz\u00e1zal\u00e9k pedig az \u00e9rdektelenek csoportj\u00e1t er\u0151s\u00edti, eset\u00fckben azonban Kov\u00e1cs Bal\u00e1zs, az Ipsos m\u00e9diakutat\u00e1si vezet\u0151je szerint els\u0151sorban a k\u00e9rd\u0151\u00edvet kit\u00f6lt\u0151k legfiatalabb r\u00e9tege ker\u00fclt ebbe a csoportba, \u00e9s \u00e9letkorb\u00f3l fakad\u00f3 jellegzetess\u00e9gr\u0151l van sz\u00f3.<\/p>\n<p>\u00d6sszess\u00e9g\u00e9ben err\u0151l a koroszt\u00e1lyr\u00f3l elmondhat\u00f3, hogy nem tekintik term\u00e9szetesnek a hierarchikus rendszert, a f\u0151n\u00f6k\u00fcknek is ki kell \u00e9rdemelni tud\u00e1ssal, megfelel\u0151 hozz\u00e1\u00e1ll\u00e1ssal a megbecs\u00fcl\u00e9s\u00fcket \u2013 mondta Guld \u00c1d\u00e1m gener\u00e1ci\u00f3kutat\u00f3, a P\u00e9csi Tudom\u00e1nyegyetem T\u00e1rsadalom- \u00e9s M\u00e9diatudom\u00e1nyi Int\u00e9zet, Kommunik\u00e1ci\u00f3- \u00e9s M\u00e9diatudom\u00e1nyi Tansz\u00e9k adjunktusa.<\/p>\n<p>Forr\u00e1s: <a href=\"https:\/\/www.napi.hu\/magyar-gazdasag\/fiatal-munkavallalok-ipsos-skool-munkaeropiac-elvarasok-kutatas.762008.html\" rel=\"nofollow sponsored \">napi.hu<\/a><\/p>\n","protected":false},"excerpt":{"rendered":"<p>A fiatalok m\u00e1r mark\u00e1nsan megfogalmazz\u00e1k elv\u00e1r\u00e1saikat a munkakeres\u00e9sn\u00e9l. Fontos sz\u00e1mukra t\u00f6bbek k\u00f6z\u00f6tt az otthon is v\u00e9gezhet\u0151 munka, a b\u00e9r megjel\u00f6l\u00e9se a hirdet\u00e9sekben, de a gyakornoki programot is hangs\u00falyosnak tartj\u00e1k. A c\u00e9gek ugyanazzal az employer brandinggel pr\u00f3b\u00e1lj\u00e1k magukhoz cs\u00e1b\u00edtani a fiatalokat: szinte l\u00e1tjuk is magunk el\u0151tt a rekl\u00e1mfilmet, ahogy az eleg\u00e1ns harmincas munkav\u00e1llal\u00f3 mosolyogva siklik be [&hellip;]<\/p>\n","protected":false},"author":1,"featured_media":5915,"comment_status":"open","ping_status":"open","sticky":false,"template":"","format":"standard","meta":{"_monsterinsights_skip_tracking":false,"footnotes":""},"categories":[1],"tags":[221,228],"class_list":["post-5912","post","type-post","status-publish","format-standard","has-post-thumbnail","hentry","category-allaskereses","tag-fiatalok","tag-fiatalok-elvarasai"],"aioseo_notices":[],"aioseo_head":"\n\t\t<!-- All in One SEO 5.0.0.1 - aioseo.com -->\n\t<meta name=\"description\" content=\"N\u0151ttek a fiatalok elv\u00e1r\u00e1sai a munkakeres\u00e9sben, fontos sz\u00e1mukra t\u00f6bbek k\u00f6z\u00f6tt az otthon is v\u00e9gezhet\u0151 munka, a b\u00e9r megjel\u00f6l\u00e9se a hirdet\u00e9sekben.\" \/>\n\t<meta name=\"robots\" content=\"max-image-preview:large\" \/>\n\t<meta name=\"author\" content=\"Juh\u00e1sz P\u00e9ter\"\/>\n\t<meta name=\"keywords\" content=\"fiatalok,fiatalok elv\u00e1r\u00e1sai\" \/>\n\t<link rel=\"canonical\" href=\"https:\/\/allasorias.hu\/hirek\/nottek-a-fiatalok-elvarasai-a-munkakeresesben\/\" \/>\n\t<meta name=\"generator\" content=\"All in One SEO (AIOSEO) 5.0.0.1\" \/>\n\t\t<meta property=\"og:locale\" content=\"hu_HU\" \/>\n\t\t<meta property=\"og:site_name\" content=\"AllasOrias.hu | H\u00edrek-lapszemle | \u00dczleti h\u00edrek az \u00e1ll\u00e1s \u00e9s a munka vil\u00e1g\u00e1b\u00f3l\" \/>\n\t\t<meta property=\"og:type\" content=\"article\" \/>\n\t\t<meta property=\"og:title\" content=\"N\u0151ttek a fiatalok elv\u00e1r\u00e1sai a munkakeres\u00e9sben | Allasorias\" \/>\n\t\t<meta property=\"og:description\" content=\"N\u0151ttek a fiatalok elv\u00e1r\u00e1sai a munkakeres\u00e9sben, fontos sz\u00e1mukra t\u00f6bbek k\u00f6z\u00f6tt az otthon is v\u00e9gezhet\u0151 munka, a b\u00e9r megjel\u00f6l\u00e9se a hirdet\u00e9sekben.\" \/>\n\t\t<meta property=\"og:url\" content=\"https:\/\/allasorias.hu\/hirek\/nottek-a-fiatalok-elvarasai-a-munkakeresesben\/\" \/>\n\t\t<meta property=\"og:image\" content=\"https:\/\/allasorias.hu\/hirek\/wp-content\/uploads\/2022\/10\/fiatalok-elvarasai-1.jpg\" \/>\n\t\t<meta property=\"og:image:secure_url\" content=\"https:\/\/allasorias.hu\/hirek\/wp-content\/uploads\/2022\/10\/fiatalok-elvarasai-1.jpg\" \/>\n\t\t<meta property=\"og:image:width\" content=\"1280\" \/>\n\t\t<meta property=\"og:image:height\" content=\"593\" \/>\n\t\t<meta property=\"article:published_time\" content=\"2022-10-24T14:19:08+00:00\" \/>\n\t\t<meta property=\"article:modified_time\" content=\"2022-10-24T14:21:49+00:00\" \/>\n\t\t<meta property=\"article:publisher\" content=\"https:\/\/www.facebook.com\/allasorias\" \/>\n\t\t<meta name=\"twitter:card\" content=\"summary_large_image\" \/>\n\t\t<meta name=\"twitter:title\" content=\"N\u0151ttek a fiatalok elv\u00e1r\u00e1sai a munkakeres\u00e9sben | Allasorias\" \/>\n\t\t<meta name=\"twitter:description\" content=\"N\u0151ttek a fiatalok elv\u00e1r\u00e1sai a munkakeres\u00e9sben, fontos sz\u00e1mukra t\u00f6bbek k\u00f6z\u00f6tt az otthon is v\u00e9gezhet\u0151 munka, a b\u00e9r megjel\u00f6l\u00e9se a hirdet\u00e9sekben.\" \/>\n\t\t<meta name=\"twitter:image\" content=\"https:\/\/allasorias.hu\/hirek\/wp-content\/uploads\/2022\/10\/fiatalok-elvarasai-1.jpg\" \/>\n\t\t<meta name=\"twitter:label1\" content=\"Written by\" \/>\n\t\t<meta name=\"twitter:data1\" content=\"Juh\u00e1sz P\u00e9ter\" \/>\n\t\t<meta name=\"twitter:label2\" content=\"Est. reading time\" \/>\n\t\t<meta name=\"twitter:data2\" content=\"4 minutes\" \/>\n\t\t<script type=\"application\/ld+json\" class=\"aioseo-schema\">\n\t\t\t{\"@context\":\"https:\\\/\\\/schema.org\",\"@graph\":[{\"@type\":\"Article\",\"@id\":\"https:\\\/\\\/allasorias.hu\\\/hirek\\\/nottek-a-fiatalok-elvarasai-a-munkakeresesben\\\/#article\",\"name\":\"N\\u0151ttek a fiatalok elv\\u00e1r\\u00e1sai a munkakeres\\u00e9sben | Allasorias\",\"headline\":\"N\\u0151ttek a fiatalok elv\\u00e1r\\u00e1sai a munkakeres\\u00e9sben\",\"author\":{\"@id\":\"https:\\\/\\\/allasorias.hu\\\/hirek\\\/author\\\/admin-allasorias\\\/#author\"},\"publisher\":{\"@id\":\"https:\\\/\\\/allasorias.hu\\\/hirek\\\/#organization\"},\"image\":{\"@type\":\"ImageObject\",\"url\":\"https:\\\/\\\/allasorias.hu\\\/hirek\\\/wp-content\\\/uploads\\\/2022\\\/10\\\/fiatalok-elvarasai-1.jpg\",\"width\":1280,\"height\":593,\"caption\":\"fiatalok elv\\u00e1r\\u00e1sai\"},\"datePublished\":\"2022-10-24T14:19:08+02:00\",\"dateModified\":\"2022-10-24T14:21:49+02:00\",\"inLanguage\":\"hu-HU\",\"mainEntityOfPage\":{\"@id\":\"https:\\\/\\\/allasorias.hu\\\/hirek\\\/nottek-a-fiatalok-elvarasai-a-munkakeresesben\\\/#webpage\"},\"isPartOf\":{\"@id\":\"https:\\\/\\\/allasorias.hu\\\/hirek\\\/nottek-a-fiatalok-elvarasai-a-munkakeresesben\\\/#webpage\"},\"articleSection\":\"\\u00c1ll\\u00e1skeres\\u00e9s, fiatalok, fiatalok elv\\u00e1r\\u00e1sai\"},{\"@type\":\"BreadcrumbList\",\"@id\":\"https:\\\/\\\/allasorias.hu\\\/hirek\\\/nottek-a-fiatalok-elvarasai-a-munkakeresesben\\\/#breadcrumblist\",\"itemListElement\":[{\"@type\":\"ListItem\",\"@id\":\"https:\\\/\\\/allasorias.hu\\\/hirek#listItem\",\"position\":1,\"name\":\"Home\",\"item\":\"https:\\\/\\\/allasorias.hu\\\/hirek\",\"nextItem\":{\"@type\":\"ListItem\",\"@id\":\"https:\\\/\\\/allasorias.hu\\\/hirek\\\/temak\\\/allaskereses\\\/#listItem\",\"name\":\"\\u00c1ll\\u00e1skeres\\u00e9s\"}},{\"@type\":\"ListItem\",\"@id\":\"https:\\\/\\\/allasorias.hu\\\/hirek\\\/temak\\\/allaskereses\\\/#listItem\",\"position\":2,\"name\":\"\\u00c1ll\\u00e1skeres\\u00e9s\",\"item\":\"https:\\\/\\\/allasorias.hu\\\/hirek\\\/temak\\\/allaskereses\\\/\",\"nextItem\":{\"@type\":\"ListItem\",\"@id\":\"https:\\\/\\\/allasorias.hu\\\/hirek\\\/nottek-a-fiatalok-elvarasai-a-munkakeresesben\\\/#listItem\",\"name\":\"N\\u0151ttek a fiatalok elv\\u00e1r\\u00e1sai a munkakeres\\u00e9sben\"},\"previousItem\":{\"@type\":\"ListItem\",\"@id\":\"https:\\\/\\\/allasorias.hu\\\/hirek#listItem\",\"name\":\"Home\"}},{\"@type\":\"ListItem\",\"@id\":\"https:\\\/\\\/allasorias.hu\\\/hirek\\\/nottek-a-fiatalok-elvarasai-a-munkakeresesben\\\/#listItem\",\"position\":3,\"name\":\"N\\u0151ttek a fiatalok elv\\u00e1r\\u00e1sai a munkakeres\\u00e9sben\",\"previousItem\":{\"@type\":\"ListItem\",\"@id\":\"https:\\\/\\\/allasorias.hu\\\/hirek\\\/temak\\\/allaskereses\\\/#listItem\",\"name\":\"\\u00c1ll\\u00e1skeres\\u00e9s\"}}]},{\"@type\":\"Organization\",\"@id\":\"https:\\\/\\\/allasorias.hu\\\/hirek\\\/#organization\",\"name\":\"AllasOrias.hu | H\\u00edrek-lapszemle\",\"description\":\"\\u00dczleti h\\u00edrek az \\u00e1ll\\u00e1s \\u00e9s a munka vil\\u00e1g\\u00e1b\\u00f3l\",\"url\":\"https:\\\/\\\/allasorias.hu\\\/hirek\\\/\",\"logo\":{\"@type\":\"ImageObject\",\"url\":\"https:\\\/\\\/allasorias.hu\\\/hirek\\\/wp-content\\\/uploads\\\/2022\\\/10\\\/allasorias_site_facebok_logo.png\",\"@id\":\"https:\\\/\\\/allasorias.hu\\\/hirek\\\/nottek-a-fiatalok-elvarasai-a-munkakeresesben\\\/#organizationLogo\"},\"image\":{\"@id\":\"https:\\\/\\\/allasorias.hu\\\/hirek\\\/nottek-a-fiatalok-elvarasai-a-munkakeresesben\\\/#organizationLogo\"},\"sameAs\":[\"https:\\\/\\\/www.facebook.com\\\/allasorias\",\"https:\\\/\\\/www.linkedin.com\\\/company\\\/allasorias\"]},{\"@type\":\"Person\",\"@id\":\"https:\\\/\\\/allasorias.hu\\\/hirek\\\/author\\\/admin-allasorias\\\/#author\",\"url\":\"https:\\\/\\\/allasorias.hu\\\/hirek\\\/author\\\/admin-allasorias\\\/\",\"name\":\"Juh\\u00e1sz P\\u00e9ter\",\"image\":{\"@type\":\"ImageObject\",\"@id\":\"https:\\\/\\\/allasorias.hu\\\/hirek\\\/nottek-a-fiatalok-elvarasai-a-munkakeresesben\\\/#authorImage\",\"url\":\"https:\\\/\\\/secure.gravatar.com\\\/avatar\\\/36e6bcb83148978b992977cb0f54d22feb0cce8a0a849a9410532bb2623ba4c6?s=96&d=mm&r=g\",\"width\":96,\"height\":96,\"caption\":\"Juh\\u00e1sz P\\u00e9ter\"}},{\"@type\":\"WebPage\",\"@id\":\"https:\\\/\\\/allasorias.hu\\\/hirek\\\/nottek-a-fiatalok-elvarasai-a-munkakeresesben\\\/#webpage\",\"url\":\"https:\\\/\\\/allasorias.hu\\\/hirek\\\/nottek-a-fiatalok-elvarasai-a-munkakeresesben\\\/\",\"name\":\"N\\u0151ttek a fiatalok elv\\u00e1r\\u00e1sai a munkakeres\\u00e9sben | Allasorias\",\"description\":\"N\\u0151ttek a fiatalok elv\\u00e1r\\u00e1sai a munkakeres\\u00e9sben, fontos sz\\u00e1mukra t\\u00f6bbek k\\u00f6z\\u00f6tt az otthon is v\\u00e9gezhet\\u0151 munka, a b\\u00e9r megjel\\u00f6l\\u00e9se a hirdet\\u00e9sekben.\",\"inLanguage\":\"hu-HU\",\"isPartOf\":{\"@id\":\"https:\\\/\\\/allasorias.hu\\\/hirek\\\/#website\"},\"breadcrumb\":{\"@id\":\"https:\\\/\\\/allasorias.hu\\\/hirek\\\/nottek-a-fiatalok-elvarasai-a-munkakeresesben\\\/#breadcrumblist\"},\"author\":{\"@id\":\"https:\\\/\\\/allasorias.hu\\\/hirek\\\/author\\\/admin-allasorias\\\/#author\"},\"creator\":{\"@id\":\"https:\\\/\\\/allasorias.hu\\\/hirek\\\/author\\\/admin-allasorias\\\/#author\"},\"image\":{\"@type\":\"ImageObject\",\"url\":\"https:\\\/\\\/allasorias.hu\\\/hirek\\\/wp-content\\\/uploads\\\/2022\\\/10\\\/fiatalok-elvarasai-1.jpg\",\"@id\":\"https:\\\/\\\/allasorias.hu\\\/hirek\\\/nottek-a-fiatalok-elvarasai-a-munkakeresesben\\\/#mainImage\",\"width\":1280,\"height\":593,\"caption\":\"fiatalok elv\\u00e1r\\u00e1sai\"},\"primaryImageOfPage\":{\"@id\":\"https:\\\/\\\/allasorias.hu\\\/hirek\\\/nottek-a-fiatalok-elvarasai-a-munkakeresesben\\\/#mainImage\"},\"datePublished\":\"2022-10-24T14:19:08+02:00\",\"dateModified\":\"2022-10-24T14:21:49+02:00\"},{\"@type\":\"WebSite\",\"@id\":\"https:\\\/\\\/allasorias.hu\\\/hirek\\\/#website\",\"url\":\"https:\\\/\\\/allasorias.hu\\\/hirek\\\/\",\"name\":\"AllasOrias.hu | H\\u00edrek-lapszemle\",\"description\":\"\\u00dczleti h\\u00edrek az \\u00e1ll\\u00e1s \\u00e9s a munka vil\\u00e1g\\u00e1b\\u00f3l\",\"inLanguage\":\"hu-HU\",\"publisher\":{\"@id\":\"https:\\\/\\\/allasorias.hu\\\/hirek\\\/#organization\"}}]}\n\t\t<\/script>\n\t\t<!-- All in One SEO -->\n\n","aioseo_head_json":{"title":"N\u0151ttek a fiatalok elv\u00e1r\u00e1sai a munkakeres\u00e9sben | Allasorias","description":"N\u0151ttek a fiatalok elv\u00e1r\u00e1sai a munkakeres\u00e9sben, fontos sz\u00e1mukra t\u00f6bbek k\u00f6z\u00f6tt az otthon is v\u00e9gezhet\u0151 munka, a b\u00e9r megjel\u00f6l\u00e9se a hirdet\u00e9sekben.","canonical_url":"https:\/\/allasorias.hu\/hirek\/nottek-a-fiatalok-elvarasai-a-munkakeresesben\/","robots":"max-image-preview:large","keywords":"fiatalok,fiatalok elv\u00e1r\u00e1sai","webmasterTools":{"miscellaneous":""},"schema":{"@context":"https:\/\/schema.org","@graph":[{"@type":"Article","@id":"https:\/\/allasorias.hu\/hirek\/nottek-a-fiatalok-elvarasai-a-munkakeresesben\/#article","name":"N\u0151ttek a fiatalok elv\u00e1r\u00e1sai a munkakeres\u00e9sben | Allasorias","headline":"N\u0151ttek a fiatalok elv\u00e1r\u00e1sai a munkakeres\u00e9sben","author":{"@id":"https:\/\/allasorias.hu\/hirek\/author\/admin-allasorias\/#author"},"publisher":{"@id":"https:\/\/allasorias.hu\/hirek\/#organization"},"image":{"@type":"ImageObject","url":"https:\/\/allasorias.hu\/hirek\/wp-content\/uploads\/2022\/10\/fiatalok-elvarasai-1.jpg","width":1280,"height":593,"caption":"fiatalok elv\u00e1r\u00e1sai"},"datePublished":"2022-10-24T14:19:08+02:00","dateModified":"2022-10-24T14:21:49+02:00","inLanguage":"hu-HU","mainEntityOfPage":{"@id":"https:\/\/allasorias.hu\/hirek\/nottek-a-fiatalok-elvarasai-a-munkakeresesben\/#webpage"},"isPartOf":{"@id":"https:\/\/allasorias.hu\/hirek\/nottek-a-fiatalok-elvarasai-a-munkakeresesben\/#webpage"},"articleSection":"\u00c1ll\u00e1skeres\u00e9s, fiatalok, fiatalok elv\u00e1r\u00e1sai"},{"@type":"BreadcrumbList","@id":"https:\/\/allasorias.hu\/hirek\/nottek-a-fiatalok-elvarasai-a-munkakeresesben\/#breadcrumblist","itemListElement":[{"@type":"ListItem","@id":"https:\/\/allasorias.hu\/hirek#listItem","position":1,"name":"Home","item":"https:\/\/allasorias.hu\/hirek","nextItem":{"@type":"ListItem","@id":"https:\/\/allasorias.hu\/hirek\/temak\/allaskereses\/#listItem","name":"\u00c1ll\u00e1skeres\u00e9s"}},{"@type":"ListItem","@id":"https:\/\/allasorias.hu\/hirek\/temak\/allaskereses\/#listItem","position":2,"name":"\u00c1ll\u00e1skeres\u00e9s","item":"https:\/\/allasorias.hu\/hirek\/temak\/allaskereses\/","nextItem":{"@type":"ListItem","@id":"https:\/\/allasorias.hu\/hirek\/nottek-a-fiatalok-elvarasai-a-munkakeresesben\/#listItem","name":"N\u0151ttek a fiatalok elv\u00e1r\u00e1sai a munkakeres\u00e9sben"},"previousItem":{"@type":"ListItem","@id":"https:\/\/allasorias.hu\/hirek#listItem","name":"Home"}},{"@type":"ListItem","@id":"https:\/\/allasorias.hu\/hirek\/nottek-a-fiatalok-elvarasai-a-munkakeresesben\/#listItem","position":3,"name":"N\u0151ttek a fiatalok elv\u00e1r\u00e1sai a munkakeres\u00e9sben","previousItem":{"@type":"ListItem","@id":"https:\/\/allasorias.hu\/hirek\/temak\/allaskereses\/#listItem","name":"\u00c1ll\u00e1skeres\u00e9s"}}]},{"@type":"Organization","@id":"https:\/\/allasorias.hu\/hirek\/#organization","name":"AllasOrias.hu | H\u00edrek-lapszemle","description":"\u00dczleti h\u00edrek az \u00e1ll\u00e1s \u00e9s a munka vil\u00e1g\u00e1b\u00f3l","url":"https:\/\/allasorias.hu\/hirek\/","logo":{"@type":"ImageObject","url":"https:\/\/allasorias.hu\/hirek\/wp-content\/uploads\/2022\/10\/allasorias_site_facebok_logo.png","@id":"https:\/\/allasorias.hu\/hirek\/nottek-a-fiatalok-elvarasai-a-munkakeresesben\/#organizationLogo"},"image":{"@id":"https:\/\/allasorias.hu\/hirek\/nottek-a-fiatalok-elvarasai-a-munkakeresesben\/#organizationLogo"},"sameAs":["https:\/\/www.facebook.com\/allasorias","https:\/\/www.linkedin.com\/company\/allasorias"]},{"@type":"Person","@id":"https:\/\/allasorias.hu\/hirek\/author\/admin-allasorias\/#author","url":"https:\/\/allasorias.hu\/hirek\/author\/admin-allasorias\/","name":"Juh\u00e1sz P\u00e9ter","image":{"@type":"ImageObject","@id":"https:\/\/allasorias.hu\/hirek\/nottek-a-fiatalok-elvarasai-a-munkakeresesben\/#authorImage","url":"https:\/\/secure.gravatar.com\/avatar\/36e6bcb83148978b992977cb0f54d22feb0cce8a0a849a9410532bb2623ba4c6?s=96&d=mm&r=g","width":96,"height":96,"caption":"Juh\u00e1sz P\u00e9ter"}},{"@type":"WebPage","@id":"https:\/\/allasorias.hu\/hirek\/nottek-a-fiatalok-elvarasai-a-munkakeresesben\/#webpage","url":"https:\/\/allasorias.hu\/hirek\/nottek-a-fiatalok-elvarasai-a-munkakeresesben\/","name":"N\u0151ttek a fiatalok elv\u00e1r\u00e1sai a munkakeres\u00e9sben | Allasorias","description":"N\u0151ttek a fiatalok elv\u00e1r\u00e1sai a munkakeres\u00e9sben, fontos sz\u00e1mukra t\u00f6bbek k\u00f6z\u00f6tt az otthon is v\u00e9gezhet\u0151 munka, a b\u00e9r megjel\u00f6l\u00e9se a hirdet\u00e9sekben.","inLanguage":"hu-HU","isPartOf":{"@id":"https:\/\/allasorias.hu\/hirek\/#website"},"breadcrumb":{"@id":"https:\/\/allasorias.hu\/hirek\/nottek-a-fiatalok-elvarasai-a-munkakeresesben\/#breadcrumblist"},"author":{"@id":"https:\/\/allasorias.hu\/hirek\/author\/admin-allasorias\/#author"},"creator":{"@id":"https:\/\/allasorias.hu\/hirek\/author\/admin-allasorias\/#author"},"image":{"@type":"ImageObject","url":"https:\/\/allasorias.hu\/hirek\/wp-content\/uploads\/2022\/10\/fiatalok-elvarasai-1.jpg","@id":"https:\/\/allasorias.hu\/hirek\/nottek-a-fiatalok-elvarasai-a-munkakeresesben\/#mainImage","width":1280,"height":593,"caption":"fiatalok elv\u00e1r\u00e1sai"},"primaryImageOfPage":{"@id":"https:\/\/allasorias.hu\/hirek\/nottek-a-fiatalok-elvarasai-a-munkakeresesben\/#mainImage"},"datePublished":"2022-10-24T14:19:08+02:00","dateModified":"2022-10-24T14:21:49+02:00"},{"@type":"WebSite","@id":"https:\/\/allasorias.hu\/hirek\/#website","url":"https:\/\/allasorias.hu\/hirek\/","name":"AllasOrias.hu | H\u00edrek-lapszemle","description":"\u00dczleti h\u00edrek az \u00e1ll\u00e1s \u00e9s a munka vil\u00e1g\u00e1b\u00f3l","inLanguage":"hu-HU","publisher":{"@id":"https:\/\/allasorias.hu\/hirek\/#organization"}}]},"og:locale":"hu_HU","og:site_name":"AllasOrias.hu | H\u00edrek-lapszemle | \u00dczleti h\u00edrek az \u00e1ll\u00e1s \u00e9s a munka vil\u00e1g\u00e1b\u00f3l","og:type":"article","og:title":"N\u0151ttek a fiatalok elv\u00e1r\u00e1sai a munkakeres\u00e9sben | Allasorias","og:description":"N\u0151ttek a fiatalok elv\u00e1r\u00e1sai a munkakeres\u00e9sben, fontos sz\u00e1mukra t\u00f6bbek k\u00f6z\u00f6tt az otthon is v\u00e9gezhet\u0151 munka, a b\u00e9r megjel\u00f6l\u00e9se a hirdet\u00e9sekben.","og:url":"https:\/\/allasorias.hu\/hirek\/nottek-a-fiatalok-elvarasai-a-munkakeresesben\/","og:image":"https:\/\/allasorias.hu\/hirek\/wp-content\/uploads\/2022\/10\/fiatalok-elvarasai-1.jpg","og:image:secure_url":"https:\/\/allasorias.hu\/hirek\/wp-content\/uploads\/2022\/10\/fiatalok-elvarasai-1.jpg","og:image:width":1280,"og:image:height":593,"article:published_time":"2022-10-24T14:19:08+00:00","article:modified_time":"2022-10-24T14:21:49+00:00","article:publisher":"https:\/\/www.facebook.com\/allasorias","twitter:card":"summary_large_image","twitter:title":"N\u0151ttek a fiatalok elv\u00e1r\u00e1sai a munkakeres\u00e9sben | Allasorias","twitter:description":"N\u0151ttek a fiatalok elv\u00e1r\u00e1sai a munkakeres\u00e9sben, fontos sz\u00e1mukra t\u00f6bbek k\u00f6z\u00f6tt az otthon is v\u00e9gezhet\u0151 munka, a b\u00e9r megjel\u00f6l\u00e9se a hirdet\u00e9sekben.","twitter:image":"https:\/\/allasorias.hu\/hirek\/wp-content\/uploads\/2022\/10\/fiatalok-elvarasai-1.jpg","twitter:label1":"Written by","twitter:data1":"Juh\u00e1sz P\u00e9ter","twitter:label2":"Est. reading time","twitter:data2":"4 minutes"},"aioseo_meta_data":{"post_id":"5912","title":"#post_title | Allasorias","description":"N\u0151ttek a fiatalok elv\u00e1r\u00e1sai a munkakeres\u00e9sben, fontos sz\u00e1mukra t\u00f6bbek k\u00f6z\u00f6tt az otthon is v\u00e9gezhet\u0151 munka, a b\u00e9r megjel\u00f6l\u00e9se a hirdet\u00e9sekben.","keywords":[],"keyphrases":{"focus":{"keyphrase":"fiatalok elv\u00e1r\u00e1sai","score":88,"analysis":{"keyphraseInTitle":{"title":"Focus keyphrase in SEO title","description":"Focus keyphrase found in SEO title.","score":9,"maxScore":9,"error":0},"keyphraseInDescription":{"title":"Focus keyphrase in meta description","description":"Focus keyphrase found in meta description.","score":9,"maxScore":9,"error":0},"keyphraseLength":{"title":"Focus keyphrase length","description":"Good job!","score":9,"maxScore":9,"error":0,"length":2},"keyphraseInURL":{"title":"Focus keyphrase in URL","description":"Focus keyphrase used in the URL.","score":5,"maxScore":5,"error":0},"keyphraseInIntroduction":{"title":"Focus keyphrase in introduction","description":"Your Focus keyphrase does not appear in the first paragraph. Make sure the topic is clear immediately.","score":3,"maxScore":9,"error":1},"keyphraseInSubHeadings":{"title":"Focus keyphrase in Subheadings","description":"Your H2 and H3 subheadings reflects the topic of your copy. Good job!","score":9,"maxScore":9,"error":0},"keyphraseInImageAlt":[]}},"additional":[]},"primary_term":null,"canonical_url":null,"og_title":null,"og_description":null,"og_object_type":"default","og_image_type":"default","og_image_url":null,"og_image_width":null,"og_image_height":null,"og_image_custom_url":null,"og_image_custom_fields":null,"og_video":"","og_custom_url":null,"og_article_section":null,"og_article_tags":[],"twitter_use_og":true,"twitter_card":"default","twitter_image_type":"default","twitter_image_url":null,"twitter_image_custom_url":null,"twitter_image_custom_fields":null,"twitter_title":null,"twitter_description":null,"schema":{"blockGraphs":[],"customGraphs":[],"default":{"data":{"Article":[],"Course":[],"Dataset":[],"FAQPage":[],"Movie":[],"Person":[],"Product":[],"ProductReview":[],"Car":[],"Recipe":[],"Service":[],"SoftwareApplication":[],"WebPage":[]},"graphName":"Article","isEnabled":true},"graphs":[]},"schema_type":"default","schema_type_options":null,"pillar_content":false,"robots_default":true,"robots_noindex":false,"robots_noarchive":false,"robots_nosnippet":false,"robots_nofollow":false,"robots_noimageindex":false,"robots_noodp":false,"robots_notranslate":false,"robots_max_snippet":"-1","robots_max_videopreview":"-1","robots_max_imagepreview":"large","priority":null,"frequency":"default","location":null,"local_seo":null,"breadcrumb_settings":null,"limit_modified_date":false,"ai":null,"created":"2022-10-24 14:06:07","updated":"2025-10-02 17:21:16","seo_analyzer_scan_date":null,"focus_keyword":"fiatalok elv\u00e1r\u00e1sai","additional_keywords":null,"truseo_locale":null},"aioseo_breadcrumb":"<div class=\"aioseo-breadcrumbs\"><span class=\"aioseo-breadcrumb\">\n\t\t\t<a href=\"https:\/\/allasorias.hu\/hirek\" title=\"Home\">Home<\/a>\n\t\t<\/span><span class=\"aioseo-breadcrumb-separator\">&raquo;<\/span><span class=\"aioseo-breadcrumb\">\n\t\t\t<a href=\"https:\/\/allasorias.hu\/hirek\/temak\/allaskereses\/\" title=\"\u00c1ll\u00e1skeres\u00e9s\">\u00c1ll\u00e1skeres\u00e9s<\/a>\n\t\t<\/span><span class=\"aioseo-breadcrumb-separator\">&raquo;<\/span><span class=\"aioseo-breadcrumb\">\n\t\t\tN\u0151ttek a fiatalok elv\u00e1r\u00e1sai a munkakeres\u00e9sben\n\t\t<\/span><\/div>","aioseo_breadcrumb_json":[{"label":"Home","link":"https:\/\/allasorias.hu\/hirek"},{"label":"\u00c1ll\u00e1skeres\u00e9s","link":"https:\/\/allasorias.hu\/hirek\/temak\/allaskereses\/"},{"label":"N\u0151ttek a fiatalok elv\u00e1r\u00e1sai a munkakeres\u00e9sben","link":"https:\/\/allasorias.hu\/hirek\/nottek-a-fiatalok-elvarasai-a-munkakeresesben\/"}],"_links":{"self":[{"href":"https:\/\/allasorias.hu\/hirek\/wp-json\/wp\/v2\/posts\/5912","targetHints":{"allow":["GET"]}}],"collection":[{"href":"https:\/\/allasorias.hu\/hirek\/wp-json\/wp\/v2\/posts"}],"about":[{"href":"https:\/\/allasorias.hu\/hirek\/wp-json\/wp\/v2\/types\/post"}],"author":[{"embeddable":true,"href":"https:\/\/allasorias.hu\/hirek\/wp-json\/wp\/v2\/users\/1"}],"replies":[{"embeddable":true,"href":"https:\/\/allasorias.hu\/hirek\/wp-json\/wp\/v2\/comments?post=5912"}],"version-history":[{"count":1,"href":"https:\/\/allasorias.hu\/hirek\/wp-json\/wp\/v2\/posts\/5912\/revisions"}],"predecessor-version":[{"id":5914,"href":"https:\/\/allasorias.hu\/hirek\/wp-json\/wp\/v2\/posts\/5912\/revisions\/5914"}],"wp:featuredmedia":[{"embeddable":true,"href":"https:\/\/allasorias.hu\/hirek\/wp-json\/wp\/v2\/media\/5915"}],"wp:attachment":[{"href":"https:\/\/allasorias.hu\/hirek\/wp-json\/wp\/v2\/media?parent=5912"}],"wp:term":[{"taxonomy":"category","embeddable":true,"href":"https:\/\/allasorias.hu\/hirek\/wp-json\/wp\/v2\/categories?post=5912"},{"taxonomy":"post_tag","embeddable":true,"href":"https:\/\/allasorias.hu\/hirek\/wp-json\/wp\/v2\/tags?post=5912"}],"curies":[{"name":"wp","href":"https:\/\/api.w.org\/{rel}","templated":true}]}}