{"id":5905,"date":"2022-10-21T09:59:08","date_gmt":"2022-10-21T09:59:08","guid":{"rendered":"https:\/\/allasorias.hu\/hirek\/?p=5905"},"modified":"2022-10-21T10:02:37","modified_gmt":"2022-10-21T10:02:37","slug":"milyen-a-fiatalok-munkaeropiaci-helyzete","status":"publish","type":"post","link":"https:\/\/allasorias.hu\/hirek\/milyen-a-fiatalok-munkaeropiaci-helyzete\/","title":{"rendered":"Milyen a fiatalok munkaer\u0151piaci helyzete?"},"content":{"rendered":"<p><strong>V\u00e1ltoz\u00f3 r\u00e9gi\u00f3nk\u00e9nt, de megy\u00e9nk\u00e9nt is a fiatalok foglalkoztatotts\u00e1gi helyzete. \u00dagy t\u0171nik a statisztikai adatok szerint, hogy lelassult az \u00e1ll\u00e1stalan fiatalok sz\u00e1m\u00e1nak cs\u00f6kken\u00e9se. Azonban a roml\u00f3 gazdas\u00e1gi helyzet \u00e1rnyalja\u00a0 a k\u00e9pet.<\/strong><\/p>\n<p>Az elm\u00falt \u00e9vtized elej\u00e9n Magyarorsz\u00e1got a fiatalok <a href=\"https:\/\/allasorias.hu\/hirek\/temak\/munkaeropiac\/\">munkaer\u0151piaci helyzet\u00e9t<\/a> tekintve is az Eur\u00f3pai Uni\u00f3 sereghajt\u00f3i k\u00f6z\u00f6tt tartott\u00e1k sz\u00e1mon. B\u00e1r az ut\u00f3bbi \u00e9vekben a szomor\u00fa statisztika hat\u00e1rozott javul\u00e1snak indult, a koronav\u00edrus j\u00e1rv\u00e1ny er\u0151teljesen visszavetette a fejl\u0151d\u00e9s \u00fctem\u00e9t. Az Eurostat a h\u00e9ten\u00a0 publik\u00e1lta a 2021-es \u00e9vre vonatkoz\u00f3 statisztik\u00e1kat is. K\u00f6zelebbi k\u00e9pet kaptunk teh\u00e1t, hogy hogy \u00e1llhat a magyar fiatalok foglalkoztatotts\u00e1ga az Uni\u00f3 t\u00f6bbi orsz\u00e1g\u00e1val \u00f6sszevetve. Az uni\u00f3s statisztikai hivatal \u00e1ltal k\u00f6z\u00f6lt tavalyi eredm\u00e9ny szerint EU-s a 15-29 \u00e9ves korcsoport\u00a0 13 sz\u00e1zal\u00e9ka volt \u00e1ll\u00e1stal\u00e1n, mely csup\u00e1n 0,3 sz\u00e1zal\u00e9kpontos javul\u00e1st jelent a 2020-as 13,3 sz\u00e1zal\u00e9khoz k\u00e9pest.<\/p>\n<h2>Fiatalok munkaer\u0151piaci helyzete az EU-ban<\/h2>\n<p>Pedig a tavaly el\u0151tti sz\u00e1mok h\u0171en t\u00fckr\u00f6zt\u00e9k, hogy a foglalkoztatotts\u00e1g jav\u00edt\u00e1s\u00e1nak ter\u00fclet\u00e9n is micsoda visszaes\u00e9st okozott a koronav\u00edrus j\u00e1rv\u00e1ny. Egy\u00e9rtelm\u0171, hogy az egyes tag\u00e1llamok dolgoz\u00f3i \u00e9s a k\u00fcl\u00f6nb\u00f6z\u0151 t\u00e1rsadalmi r\u00e9tegek is elt\u00e9r\u0151 m\u00e9rt\u00e9kben szenvedt\u00e9k meg a pand\u00e9mia hat\u00e1sait, azonban sokat mond\u00f3 adat, hogy az el\u0151z\u0151 \u00e9vhez k\u00e9pest a teljes Eur\u00f3pai Uni\u00f3ra vet\u00edtve 2020-ban 1,4 sz\u00e1zal\u00e9kponttal n\u0151tt az \u00e1ll\u00e1stalan fiatalok ar\u00e1nya, m\u00edg a teljes munkak\u00e9pes kor\u00fa n\u00e9pess\u00e9gre vet\u00edtett statisztika csup\u00e1n 0,4 sz\u00e1zal\u00e9kkal romlott. 2021-ben ezzel szemben a teljes t\u00e1rsadalomra vet\u00edtett munkan\u00e9lk\u00fclis\u00e9gi r\u00e1ta mind\u00f6ssze 0,1 sz\u00e1zal\u00e9kponttal javult (7,1 sz\u00e1zal\u00e9kosr\u00f3l 7 sz\u00e1zal\u00e9kra) a tavalyi \u00e9vhez k\u00e9pest, teh\u00e1t a fiatalok eset\u00e9ben valamivel a kil\u00e1bal\u00e1s is gyorsabb lehet.<\/p>\n<p>Az Eurostat publik\u00e1ci\u00f3j\u00e1ban az EU tag\u00e1llamai mellett Sv\u00e1jcban, Izlandon \u00e9s Norv\u00e9gi\u00e1ban, Bulg\u00e1ri\u00e1ban\u00a0 \u00e9s Szerbi\u00e1ban is felm\u00e9rte a munkan\u00e9lk\u00fcliek ar\u00e1ny\u00e1t a helyi fiatals\u00e1g k\u00f6r\u00e9ben, a helyzet pedig az egyes orsz\u00e1gokban tov\u00e1bbra is mer\u0151ben elt\u00e9r\u0151. Ahogy az al\u00e1bbi grafikonon is l\u00e1tszik, az Eur\u00f3pai Uni\u00f3 tag\u00e1llamai k\u00f6z\u00f6tt hatalmas szakad\u00e9k h\u00faz\u00f3dik a munkan\u00e9lk\u00fcli r\u00e1t\u00e1jukat tekintve. A legmagasabb ar\u00e1nyt 2021-ben G\u00f6r\u00f6gorsz\u00e1gban (28,4 sz\u00e1zal\u00e9k), Spanyolorsz\u00e1gban (27 sz\u00e1zal\u00e9k), Csehorsz\u00e1gban (22,3 sz\u00e1zal\u00e9k) \u00e9s Szerbi\u00e1ban (20 sz\u00e1zal\u00e9k) m\u00e9rt\u00e9k. Az \u00e1ll\u00e1stalan fiatalok ar\u00e1nya a vizsg\u00e1lt orsz\u00e1gok k\u00f6z\u00fcl a legalacsonyabb Csehorsz\u00e1gban volt, ahol pap\u00edron mind\u00f6ssze 5,2 sz\u00e1zal\u00e9kukat \u00e9rintette ez a probl\u00e9ma. Mi, magyarok a 15-29 \u00e9vesekre vet\u00edtett 8,2 sz\u00e1zal\u00e9kos munkan\u00e9lk\u00fclis\u00e9gi ar\u00e1nnyal a k\u00f6z\u00e9pmez\u0151ny \u00e9l\u00e9n vagyunk, az uni\u00f3n bel\u00fcl az ilyen szempontb\u00f3l jobban \u00e1ll\u00f3k k\u00f6z\u00f6tt \u00e9s a r\u00e9gi\u00f3nkban l\u00e1that\u00f3 uralkod\u00f3 \u00e1llapotoknak nagyj\u00e1b\u00f3l megfelelve.<\/p>\n<p>A korm\u00e1nyzat \u00e1ltal gyakran hangoztatott, historikusan is igen alacsony munkan\u00e9lk\u00fclis\u00e9g (a ny\u00e1ron 3 h\u00f3napon \u00e1t 4,7 milli\u00f3n\u00e1l t\u00f6bben dolgoztak Magyarorsz\u00e1gon) pedig orsz\u00e1gos szinten n\u00e9zve a fiatalokra vet\u00edtve is nagyj\u00e1b\u00f3l meg\u00e1llta a hely\u00e9t, b\u00e1r a k\u00e9t \u00e9vvel ezel\u0151tti visszaes\u00e9s m\u00e9g l\u00e1tszik a sz\u00e1mokon. A KSH \u00e1ltal k\u00f6z\u00f6lt adatok szerint az el\u0151z\u0151 \u00e9vtized v\u00e9g\u00e9n volt a legjobb a helyzet. A 2008-as v\u00e1ls\u00e1g brut\u00e1lis ut\u00f3hat\u00e1sait k\u00f6vet\u0151 2010-es cs\u00facs ut\u00e1n (a 15-29 \u00e9vesek 11,2\u00a0 sz\u00e1zal\u00e9ka volt nem tanul\u00f3 \u00e1ll\u00e1stalan) indult el ugyanis a foglalkoztatotts\u00e1g rohaml\u00e9pt\u00e9k\u0171 fel\u00edvel\u00e9se, aminek cs\u00facs\u00e1n 2019-ben m\u00e1r csak a fiatalok 3,4 sz\u00e1zal\u00e9ka sz\u00e1m\u00edtott \u00e1ll\u00e1stalannak a statisztikai hivatal krit\u00e9riumai szerint.<\/p>\n<h2>Pand\u00e9mia hat\u00e1sa<\/h2>\n<p>Ehhez k\u00e9pest a 2020-as \u00e9vben a pand\u00e9mia 0,9 sz\u00e1zal\u00e9kpontos roml\u00e1st hozott (4,3 sz\u00e1zal\u00e9k munkan\u00e9lk\u00fcli fiatallal) \u00e9s a tavalyi sz\u00e1mok m\u00e9g mindig csak a 2017-es \u00e1llapotot \u00e9rt\u00e9k utol. A munkan\u00e9lk\u00fclis\u00e9gi adatok ett\u0151l f\u00fcggetlen\u00fcl erre a koroszt\u00e1lyra vet\u00edtve is igen alacsonyak, mind historikus \u00f6sszevet\u00e9sben, mind pedig m\u00e1s eur\u00f3pai \u00e1llamok\u00e9val \u00f6sszem\u00e9rve. Persze a k\u00fcl\u00f6nbs\u00e9gek nem \u00e9rnek v\u00e9get orsz\u00e1gos szinten. K\u00fcl\u00f6n\u00f6sen a kelet \u00e9s k\u00f6z\u00e9p-eur\u00f3pai orsz\u00e1gokban, \u00edgy haz\u00e1nkban is hatalmas szakad\u00e9k tapasztalhat\u00f3 az egyes r\u00e9gi\u00f3k k\u00f6z\u00f6tt is.<\/p>\n<p>A k\u00fcl\u00f6nbs\u00e9g m\u00e9rt\u00e9k\u00e9t a fenti grafikonunk is j\u00f3l mutatja. M\u00edg ugyanis az Eurostat kutat\u00e1sa h\u00e1rom magyar NUTS2 feloszt\u00e1s szerinti r\u00e9gi\u00f3t is azon f\u00f6ldrajzi egys\u00e9gek k\u00f6z\u00f6tt eml\u00edt, amikben a kontinensen a legalacsonyabb fiatal munkan\u00e9lk\u00fcliek ar\u00e1nya, az orsz\u00e1g egyes r\u00e9szei eur\u00f3pai szinten is a rosszabbak k\u00f6z\u00e9 tartoznak ebb\u0151l az aspektusb\u00f3l. K\u00f6z\u00e9p-Dun\u00e1nt\u00falon ugyanis mind\u00f6ssze a 15-29 \u00e9ves munkakeres\u0151k 4,9 sz\u00e1zal\u00e9ka volt \u00e1ll\u00e1stalan, Budapesten pedig enn\u00e9l is alacsonyabb, 4,8 sz\u00e1zal\u00e9kos volt az ilyen fiatalok ar\u00e1nya.<\/p>\n<p>Nyugat-Dun\u00e1nt\u00falon pedig a 4,5 sz\u00e1zal\u00e9kos ar\u00e1nysz\u00e1m\u00e1b\u00f3l kiindulva nem csak a f\u0151v\u00e1rosin\u00e1l volt jobb a fiatalok helyzete, hiszen enn\u00e9l alacsonyabb munkan\u00e9lk\u00fclis\u00e9gi r\u00e1t\u00e1t a k\u00f6r\u00fckben az eg\u00e9sz kontinensen csup\u00e1n 4 NUTS2 r\u00e9gi\u00f3ban m\u00e9rtek. Ezzel szemben \u00c9szak-Magyarorsz\u00e1g 12, a D\u00e9l-Dun\u00e1nt\u00falon pedig 9,2 sz\u00e1zal\u00e9kos volt az \u00e1ll\u00e1st hi\u00e1ba keres\u0151 fiatalok ar\u00e1nya. A haz\u00e1nkban tapasztalhat\u00f3, oly sokszor emlegetett r\u00e9gi\u00f3s k\u00fcl\u00f6nbs\u00e9gek teh\u00e1t a fiatalok elhelyezked\u00e9si es\u00e9lyeire tov\u00e1bbra is r\u00e1nyomj\u00e1k a b\u00e9lyeg\u00fcket.<\/p>\n<p>Forr\u00e1s: <a href=\"https:\/\/www.penzcentrum.hu\/karrier\/20221020\/lesujto-szamok-ezekben-a-magyarorszagi-regiokban-brutalisan-sok-az-allastalan-fiatal-1130105\" target=\"_blank\" rel=\"nofollow noopener\">penzcentrum.hu<\/a><\/p>\n","protected":false},"excerpt":{"rendered":"<p>V\u00e1ltoz\u00f3 r\u00e9gi\u00f3nk\u00e9nt, de megy\u00e9nk\u00e9nt is a fiatalok foglalkoztatotts\u00e1gi helyzete. \u00dagy t\u0171nik a statisztikai adatok szerint, hogy lelassult az \u00e1ll\u00e1stalan fiatalok sz\u00e1m\u00e1nak cs\u00f6kken\u00e9se. Azonban a roml\u00f3 gazdas\u00e1gi helyzet \u00e1rnyalja\u00a0 a k\u00e9pet. Az elm\u00falt \u00e9vtized elej\u00e9n Magyarorsz\u00e1got a fiatalok munkaer\u0151piaci helyzet\u00e9t tekintve is az Eur\u00f3pai Uni\u00f3 sereghajt\u00f3i k\u00f6z\u00f6tt tartott\u00e1k sz\u00e1mon. B\u00e1r az ut\u00f3bbi \u00e9vekben a szomor\u00fa statisztika [&hellip;]<\/p>\n","protected":false},"author":1,"featured_media":5908,"comment_status":"open","ping_status":"open","sticky":false,"template":"","format":"standard","meta":{"_monsterinsights_skip_tracking":false,"footnotes":""},"categories":[200],"tags":[221,224],"class_list":["post-5905","post","type-post","status-publish","format-standard","has-post-thumbnail","hentry","category-munkaeropiac","tag-fiatalok","tag-fiatalok-helyzete"],"aioseo_notices":[],"aioseo_head":"\n\t\t<!-- All in One SEO 5.0.0.1 - aioseo.com -->\n\t<meta name=\"description\" content=\"\u00dagy t\u0171nik a statisztikai adatok szerint, hogy lelassult az \u00e1ll\u00e1stalan fiatalok sz\u00e1m\u00e1nak cs\u00f6kken\u00e9se. Azonban a roml\u00f3 gazdas\u00e1gi helyzet \u00e1rnyalja a k\u00e9pet.\" \/>\n\t<meta name=\"robots\" content=\"max-image-preview:large\" \/>\n\t<meta name=\"author\" content=\"Juh\u00e1sz P\u00e9ter\"\/>\n\t<meta name=\"keywords\" content=\"fiatalok,fiatalok helyzete\" \/>\n\t<link rel=\"canonical\" href=\"https:\/\/allasorias.hu\/hirek\/milyen-a-fiatalok-munkaeropiaci-helyzete\/\" \/>\n\t<meta name=\"generator\" content=\"All in One SEO (AIOSEO) 5.0.0.1\" \/>\n\t\t<meta property=\"og:locale\" content=\"hu_HU\" \/>\n\t\t<meta property=\"og:site_name\" content=\"AllasOrias.hu | H\u00edrek-lapszemle | \u00dczleti h\u00edrek az \u00e1ll\u00e1s \u00e9s a munka vil\u00e1g\u00e1b\u00f3l\" \/>\n\t\t<meta property=\"og:type\" content=\"article\" \/>\n\t\t<meta property=\"og:title\" content=\"Milyen a fiatalok munkaer\u0151piaci helyzete? | Allasorias.hu\" \/>\n\t\t<meta property=\"og:description\" content=\"\u00dagy t\u0171nik a statisztikai adatok szerint, hogy lelassult az \u00e1ll\u00e1stalan fiatalok sz\u00e1m\u00e1nak cs\u00f6kken\u00e9se. Azonban a roml\u00f3 gazdas\u00e1gi helyzet \u00e1rnyalja a k\u00e9pet.\" \/>\n\t\t<meta property=\"og:url\" content=\"https:\/\/allasorias.hu\/hirek\/milyen-a-fiatalok-munkaeropiaci-helyzete\/\" \/>\n\t\t<meta property=\"og:image\" content=\"https:\/\/allasorias.hu\/hirek\/wp-content\/uploads\/2022\/10\/Fiatalok-munkaeropiaci-helyzete1.jpg\" \/>\n\t\t<meta property=\"og:image:secure_url\" content=\"https:\/\/allasorias.hu\/hirek\/wp-content\/uploads\/2022\/10\/Fiatalok-munkaeropiaci-helyzete1.jpg\" \/>\n\t\t<meta property=\"og:image:width\" content=\"1280\" \/>\n\t\t<meta property=\"og:image:height\" content=\"853\" \/>\n\t\t<meta property=\"article:published_time\" content=\"2022-10-21T09:59:08+00:00\" \/>\n\t\t<meta property=\"article:modified_time\" content=\"2022-10-21T10:02:37+00:00\" \/>\n\t\t<meta property=\"article:publisher\" content=\"https:\/\/www.facebook.com\/allasorias\" \/>\n\t\t<meta name=\"twitter:card\" content=\"summary_large_image\" \/>\n\t\t<meta name=\"twitter:title\" content=\"Milyen a fiatalok munkaer\u0151piaci helyzete? | Allasorias.hu\" \/>\n\t\t<meta name=\"twitter:description\" content=\"\u00dagy t\u0171nik a statisztikai adatok szerint, hogy lelassult az \u00e1ll\u00e1stalan fiatalok sz\u00e1m\u00e1nak cs\u00f6kken\u00e9se. Azonban a roml\u00f3 gazdas\u00e1gi helyzet \u00e1rnyalja a k\u00e9pet.\" \/>\n\t\t<meta name=\"twitter:image\" content=\"https:\/\/allasorias.hu\/hirek\/wp-content\/uploads\/2022\/10\/Fiatalok-munkaeropiaci-helyzete1.jpg\" \/>\n\t\t<meta name=\"twitter:label1\" content=\"Written by\" \/>\n\t\t<meta name=\"twitter:data1\" content=\"Juh\u00e1sz P\u00e9ter\" \/>\n\t\t<meta name=\"twitter:label2\" content=\"Est. reading time\" \/>\n\t\t<meta name=\"twitter:data2\" content=\"5 minutes\" \/>\n\t\t<script type=\"application\/ld+json\" class=\"aioseo-schema\">\n\t\t\t{\"@context\":\"https:\\\/\\\/schema.org\",\"@graph\":[{\"@type\":\"Article\",\"@id\":\"https:\\\/\\\/allasorias.hu\\\/hirek\\\/milyen-a-fiatalok-munkaeropiaci-helyzete\\\/#article\",\"name\":\"Milyen a fiatalok munkaer\\u0151piaci helyzete? | Allasorias.hu\",\"headline\":\"Milyen a fiatalok munkaer\\u0151piaci helyzete?\",\"author\":{\"@id\":\"https:\\\/\\\/allasorias.hu\\\/hirek\\\/author\\\/admin-allasorias\\\/#author\"},\"publisher\":{\"@id\":\"https:\\\/\\\/allasorias.hu\\\/hirek\\\/#organization\"},\"image\":{\"@type\":\"ImageObject\",\"url\":\"https:\\\/\\\/allasorias.hu\\\/hirek\\\/wp-content\\\/uploads\\\/2022\\\/10\\\/Fiatalok-munkaeropiaci-helyzete1.jpg\",\"width\":1280,\"height\":853,\"caption\":\"Milyen a fiatalok munkaer\\u0151piaci helyzete? - Allasorias.hu\\\/Hirek\"},\"datePublished\":\"2022-10-21T09:59:08+02:00\",\"dateModified\":\"2022-10-21T10:02:37+02:00\",\"inLanguage\":\"hu-HU\",\"mainEntityOfPage\":{\"@id\":\"https:\\\/\\\/allasorias.hu\\\/hirek\\\/milyen-a-fiatalok-munkaeropiaci-helyzete\\\/#webpage\"},\"isPartOf\":{\"@id\":\"https:\\\/\\\/allasorias.hu\\\/hirek\\\/milyen-a-fiatalok-munkaeropiaci-helyzete\\\/#webpage\"},\"articleSection\":\"Munkaer\\u0151piac, fiatalok, fiatalok helyzete\"},{\"@type\":\"BreadcrumbList\",\"@id\":\"https:\\\/\\\/allasorias.hu\\\/hirek\\\/milyen-a-fiatalok-munkaeropiaci-helyzete\\\/#breadcrumblist\",\"itemListElement\":[{\"@type\":\"ListItem\",\"@id\":\"https:\\\/\\\/allasorias.hu\\\/hirek#listItem\",\"position\":1,\"name\":\"Home\",\"item\":\"https:\\\/\\\/allasorias.hu\\\/hirek\",\"nextItem\":{\"@type\":\"ListItem\",\"@id\":\"https:\\\/\\\/allasorias.hu\\\/hirek\\\/temak\\\/munkaeropiac\\\/#listItem\",\"name\":\"Munkaer\\u0151piac\"}},{\"@type\":\"ListItem\",\"@id\":\"https:\\\/\\\/allasorias.hu\\\/hirek\\\/temak\\\/munkaeropiac\\\/#listItem\",\"position\":2,\"name\":\"Munkaer\\u0151piac\",\"item\":\"https:\\\/\\\/allasorias.hu\\\/hirek\\\/temak\\\/munkaeropiac\\\/\",\"nextItem\":{\"@type\":\"ListItem\",\"@id\":\"https:\\\/\\\/allasorias.hu\\\/hirek\\\/milyen-a-fiatalok-munkaeropiaci-helyzete\\\/#listItem\",\"name\":\"Milyen a fiatalok munkaer\\u0151piaci helyzete?\"},\"previousItem\":{\"@type\":\"ListItem\",\"@id\":\"https:\\\/\\\/allasorias.hu\\\/hirek#listItem\",\"name\":\"Home\"}},{\"@type\":\"ListItem\",\"@id\":\"https:\\\/\\\/allasorias.hu\\\/hirek\\\/milyen-a-fiatalok-munkaeropiaci-helyzete\\\/#listItem\",\"position\":3,\"name\":\"Milyen a fiatalok munkaer\\u0151piaci helyzete?\",\"previousItem\":{\"@type\":\"ListItem\",\"@id\":\"https:\\\/\\\/allasorias.hu\\\/hirek\\\/temak\\\/munkaeropiac\\\/#listItem\",\"name\":\"Munkaer\\u0151piac\"}}]},{\"@type\":\"Organization\",\"@id\":\"https:\\\/\\\/allasorias.hu\\\/hirek\\\/#organization\",\"name\":\"AllasOrias.hu | H\\u00edrek-lapszemle\",\"description\":\"\\u00dczleti h\\u00edrek az \\u00e1ll\\u00e1s \\u00e9s a munka vil\\u00e1g\\u00e1b\\u00f3l\",\"url\":\"https:\\\/\\\/allasorias.hu\\\/hirek\\\/\",\"logo\":{\"@type\":\"ImageObject\",\"url\":\"https:\\\/\\\/allasorias.hu\\\/hirek\\\/wp-content\\\/uploads\\\/2022\\\/10\\\/allasorias_site_facebok_logo.png\",\"@id\":\"https:\\\/\\\/allasorias.hu\\\/hirek\\\/milyen-a-fiatalok-munkaeropiaci-helyzete\\\/#organizationLogo\"},\"image\":{\"@id\":\"https:\\\/\\\/allasorias.hu\\\/hirek\\\/milyen-a-fiatalok-munkaeropiaci-helyzete\\\/#organizationLogo\"},\"sameAs\":[\"https:\\\/\\\/www.facebook.com\\\/allasorias\",\"https:\\\/\\\/www.linkedin.com\\\/company\\\/allasorias\"]},{\"@type\":\"Person\",\"@id\":\"https:\\\/\\\/allasorias.hu\\\/hirek\\\/author\\\/admin-allasorias\\\/#author\",\"url\":\"https:\\\/\\\/allasorias.hu\\\/hirek\\\/author\\\/admin-allasorias\\\/\",\"name\":\"Juh\\u00e1sz P\\u00e9ter\",\"image\":{\"@type\":\"ImageObject\",\"@id\":\"https:\\\/\\\/allasorias.hu\\\/hirek\\\/milyen-a-fiatalok-munkaeropiaci-helyzete\\\/#authorImage\",\"url\":\"https:\\\/\\\/secure.gravatar.com\\\/avatar\\\/36e6bcb83148978b992977cb0f54d22feb0cce8a0a849a9410532bb2623ba4c6?s=96&d=mm&r=g\",\"width\":96,\"height\":96,\"caption\":\"Juh\\u00e1sz P\\u00e9ter\"}},{\"@type\":\"WebPage\",\"@id\":\"https:\\\/\\\/allasorias.hu\\\/hirek\\\/milyen-a-fiatalok-munkaeropiaci-helyzete\\\/#webpage\",\"url\":\"https:\\\/\\\/allasorias.hu\\\/hirek\\\/milyen-a-fiatalok-munkaeropiaci-helyzete\\\/\",\"name\":\"Milyen a fiatalok munkaer\\u0151piaci helyzete? | Allasorias.hu\",\"description\":\"\\u00dagy t\\u0171nik a statisztikai adatok szerint, hogy lelassult az \\u00e1ll\\u00e1stalan fiatalok sz\\u00e1m\\u00e1nak cs\\u00f6kken\\u00e9se. Azonban a roml\\u00f3 gazdas\\u00e1gi helyzet \\u00e1rnyalja a k\\u00e9pet.\",\"inLanguage\":\"hu-HU\",\"isPartOf\":{\"@id\":\"https:\\\/\\\/allasorias.hu\\\/hirek\\\/#website\"},\"breadcrumb\":{\"@id\":\"https:\\\/\\\/allasorias.hu\\\/hirek\\\/milyen-a-fiatalok-munkaeropiaci-helyzete\\\/#breadcrumblist\"},\"author\":{\"@id\":\"https:\\\/\\\/allasorias.hu\\\/hirek\\\/author\\\/admin-allasorias\\\/#author\"},\"creator\":{\"@id\":\"https:\\\/\\\/allasorias.hu\\\/hirek\\\/author\\\/admin-allasorias\\\/#author\"},\"image\":{\"@type\":\"ImageObject\",\"url\":\"https:\\\/\\\/allasorias.hu\\\/hirek\\\/wp-content\\\/uploads\\\/2022\\\/10\\\/Fiatalok-munkaeropiaci-helyzete1.jpg\",\"@id\":\"https:\\\/\\\/allasorias.hu\\\/hirek\\\/milyen-a-fiatalok-munkaeropiaci-helyzete\\\/#mainImage\",\"width\":1280,\"height\":853,\"caption\":\"Milyen a fiatalok munkaer\\u0151piaci helyzete? - Allasorias.hu\\\/Hirek\"},\"primaryImageOfPage\":{\"@id\":\"https:\\\/\\\/allasorias.hu\\\/hirek\\\/milyen-a-fiatalok-munkaeropiaci-helyzete\\\/#mainImage\"},\"datePublished\":\"2022-10-21T09:59:08+02:00\",\"dateModified\":\"2022-10-21T10:02:37+02:00\"},{\"@type\":\"WebSite\",\"@id\":\"https:\\\/\\\/allasorias.hu\\\/hirek\\\/#website\",\"url\":\"https:\\\/\\\/allasorias.hu\\\/hirek\\\/\",\"name\":\"AllasOrias.hu | H\\u00edrek-lapszemle\",\"description\":\"\\u00dczleti h\\u00edrek az \\u00e1ll\\u00e1s \\u00e9s a munka vil\\u00e1g\\u00e1b\\u00f3l\",\"inLanguage\":\"hu-HU\",\"publisher\":{\"@id\":\"https:\\\/\\\/allasorias.hu\\\/hirek\\\/#organization\"}}]}\n\t\t<\/script>\n\t\t<!-- All in One SEO -->\n\n","aioseo_head_json":{"title":"Milyen a fiatalok munkaer\u0151piaci helyzete? | Allasorias.hu","description":"\u00dagy t\u0171nik a statisztikai adatok szerint, hogy lelassult az \u00e1ll\u00e1stalan fiatalok sz\u00e1m\u00e1nak cs\u00f6kken\u00e9se. Azonban a roml\u00f3 gazdas\u00e1gi helyzet \u00e1rnyalja a k\u00e9pet.","canonical_url":"https:\/\/allasorias.hu\/hirek\/milyen-a-fiatalok-munkaeropiaci-helyzete\/","robots":"max-image-preview:large","keywords":"fiatalok,fiatalok helyzete","webmasterTools":{"miscellaneous":""},"schema":{"@context":"https:\/\/schema.org","@graph":[{"@type":"Article","@id":"https:\/\/allasorias.hu\/hirek\/milyen-a-fiatalok-munkaeropiaci-helyzete\/#article","name":"Milyen a fiatalok munkaer\u0151piaci helyzete? | Allasorias.hu","headline":"Milyen a fiatalok munkaer\u0151piaci helyzete?","author":{"@id":"https:\/\/allasorias.hu\/hirek\/author\/admin-allasorias\/#author"},"publisher":{"@id":"https:\/\/allasorias.hu\/hirek\/#organization"},"image":{"@type":"ImageObject","url":"https:\/\/allasorias.hu\/hirek\/wp-content\/uploads\/2022\/10\/Fiatalok-munkaeropiaci-helyzete1.jpg","width":1280,"height":853,"caption":"Milyen a fiatalok munkaer\u0151piaci helyzete? - Allasorias.hu\/Hirek"},"datePublished":"2022-10-21T09:59:08+02:00","dateModified":"2022-10-21T10:02:37+02:00","inLanguage":"hu-HU","mainEntityOfPage":{"@id":"https:\/\/allasorias.hu\/hirek\/milyen-a-fiatalok-munkaeropiaci-helyzete\/#webpage"},"isPartOf":{"@id":"https:\/\/allasorias.hu\/hirek\/milyen-a-fiatalok-munkaeropiaci-helyzete\/#webpage"},"articleSection":"Munkaer\u0151piac, fiatalok, fiatalok helyzete"},{"@type":"BreadcrumbList","@id":"https:\/\/allasorias.hu\/hirek\/milyen-a-fiatalok-munkaeropiaci-helyzete\/#breadcrumblist","itemListElement":[{"@type":"ListItem","@id":"https:\/\/allasorias.hu\/hirek#listItem","position":1,"name":"Home","item":"https:\/\/allasorias.hu\/hirek","nextItem":{"@type":"ListItem","@id":"https:\/\/allasorias.hu\/hirek\/temak\/munkaeropiac\/#listItem","name":"Munkaer\u0151piac"}},{"@type":"ListItem","@id":"https:\/\/allasorias.hu\/hirek\/temak\/munkaeropiac\/#listItem","position":2,"name":"Munkaer\u0151piac","item":"https:\/\/allasorias.hu\/hirek\/temak\/munkaeropiac\/","nextItem":{"@type":"ListItem","@id":"https:\/\/allasorias.hu\/hirek\/milyen-a-fiatalok-munkaeropiaci-helyzete\/#listItem","name":"Milyen a fiatalok munkaer\u0151piaci helyzete?"},"previousItem":{"@type":"ListItem","@id":"https:\/\/allasorias.hu\/hirek#listItem","name":"Home"}},{"@type":"ListItem","@id":"https:\/\/allasorias.hu\/hirek\/milyen-a-fiatalok-munkaeropiaci-helyzete\/#listItem","position":3,"name":"Milyen a fiatalok munkaer\u0151piaci helyzete?","previousItem":{"@type":"ListItem","@id":"https:\/\/allasorias.hu\/hirek\/temak\/munkaeropiac\/#listItem","name":"Munkaer\u0151piac"}}]},{"@type":"Organization","@id":"https:\/\/allasorias.hu\/hirek\/#organization","name":"AllasOrias.hu | H\u00edrek-lapszemle","description":"\u00dczleti h\u00edrek az \u00e1ll\u00e1s \u00e9s a munka vil\u00e1g\u00e1b\u00f3l","url":"https:\/\/allasorias.hu\/hirek\/","logo":{"@type":"ImageObject","url":"https:\/\/allasorias.hu\/hirek\/wp-content\/uploads\/2022\/10\/allasorias_site_facebok_logo.png","@id":"https:\/\/allasorias.hu\/hirek\/milyen-a-fiatalok-munkaeropiaci-helyzete\/#organizationLogo"},"image":{"@id":"https:\/\/allasorias.hu\/hirek\/milyen-a-fiatalok-munkaeropiaci-helyzete\/#organizationLogo"},"sameAs":["https:\/\/www.facebook.com\/allasorias","https:\/\/www.linkedin.com\/company\/allasorias"]},{"@type":"Person","@id":"https:\/\/allasorias.hu\/hirek\/author\/admin-allasorias\/#author","url":"https:\/\/allasorias.hu\/hirek\/author\/admin-allasorias\/","name":"Juh\u00e1sz P\u00e9ter","image":{"@type":"ImageObject","@id":"https:\/\/allasorias.hu\/hirek\/milyen-a-fiatalok-munkaeropiaci-helyzete\/#authorImage","url":"https:\/\/secure.gravatar.com\/avatar\/36e6bcb83148978b992977cb0f54d22feb0cce8a0a849a9410532bb2623ba4c6?s=96&d=mm&r=g","width":96,"height":96,"caption":"Juh\u00e1sz P\u00e9ter"}},{"@type":"WebPage","@id":"https:\/\/allasorias.hu\/hirek\/milyen-a-fiatalok-munkaeropiaci-helyzete\/#webpage","url":"https:\/\/allasorias.hu\/hirek\/milyen-a-fiatalok-munkaeropiaci-helyzete\/","name":"Milyen a fiatalok munkaer\u0151piaci helyzete? | Allasorias.hu","description":"\u00dagy t\u0171nik a statisztikai adatok szerint, hogy lelassult az \u00e1ll\u00e1stalan fiatalok sz\u00e1m\u00e1nak cs\u00f6kken\u00e9se. Azonban a roml\u00f3 gazdas\u00e1gi helyzet \u00e1rnyalja a k\u00e9pet.","inLanguage":"hu-HU","isPartOf":{"@id":"https:\/\/allasorias.hu\/hirek\/#website"},"breadcrumb":{"@id":"https:\/\/allasorias.hu\/hirek\/milyen-a-fiatalok-munkaeropiaci-helyzete\/#breadcrumblist"},"author":{"@id":"https:\/\/allasorias.hu\/hirek\/author\/admin-allasorias\/#author"},"creator":{"@id":"https:\/\/allasorias.hu\/hirek\/author\/admin-allasorias\/#author"},"image":{"@type":"ImageObject","url":"https:\/\/allasorias.hu\/hirek\/wp-content\/uploads\/2022\/10\/Fiatalok-munkaeropiaci-helyzete1.jpg","@id":"https:\/\/allasorias.hu\/hirek\/milyen-a-fiatalok-munkaeropiaci-helyzete\/#mainImage","width":1280,"height":853,"caption":"Milyen a fiatalok munkaer\u0151piaci helyzete? - Allasorias.hu\/Hirek"},"primaryImageOfPage":{"@id":"https:\/\/allasorias.hu\/hirek\/milyen-a-fiatalok-munkaeropiaci-helyzete\/#mainImage"},"datePublished":"2022-10-21T09:59:08+02:00","dateModified":"2022-10-21T10:02:37+02:00"},{"@type":"WebSite","@id":"https:\/\/allasorias.hu\/hirek\/#website","url":"https:\/\/allasorias.hu\/hirek\/","name":"AllasOrias.hu | H\u00edrek-lapszemle","description":"\u00dczleti h\u00edrek az \u00e1ll\u00e1s \u00e9s a munka vil\u00e1g\u00e1b\u00f3l","inLanguage":"hu-HU","publisher":{"@id":"https:\/\/allasorias.hu\/hirek\/#organization"}}]},"og:locale":"hu_HU","og:site_name":"AllasOrias.hu | H\u00edrek-lapszemle | \u00dczleti h\u00edrek az \u00e1ll\u00e1s \u00e9s a munka vil\u00e1g\u00e1b\u00f3l","og:type":"article","og:title":"Milyen a fiatalok munkaer\u0151piaci helyzete? | Allasorias.hu","og:description":"\u00dagy t\u0171nik a statisztikai adatok szerint, hogy lelassult az \u00e1ll\u00e1stalan fiatalok sz\u00e1m\u00e1nak cs\u00f6kken\u00e9se. Azonban a roml\u00f3 gazdas\u00e1gi helyzet \u00e1rnyalja a k\u00e9pet.","og:url":"https:\/\/allasorias.hu\/hirek\/milyen-a-fiatalok-munkaeropiaci-helyzete\/","og:image":"https:\/\/allasorias.hu\/hirek\/wp-content\/uploads\/2022\/10\/Fiatalok-munkaeropiaci-helyzete1.jpg","og:image:secure_url":"https:\/\/allasorias.hu\/hirek\/wp-content\/uploads\/2022\/10\/Fiatalok-munkaeropiaci-helyzete1.jpg","og:image:width":1280,"og:image:height":853,"article:published_time":"2022-10-21T09:59:08+00:00","article:modified_time":"2022-10-21T10:02:37+00:00","article:publisher":"https:\/\/www.facebook.com\/allasorias","twitter:card":"summary_large_image","twitter:title":"Milyen a fiatalok munkaer\u0151piaci helyzete? | Allasorias.hu","twitter:description":"\u00dagy t\u0171nik a statisztikai adatok szerint, hogy lelassult az \u00e1ll\u00e1stalan fiatalok sz\u00e1m\u00e1nak cs\u00f6kken\u00e9se. Azonban a roml\u00f3 gazdas\u00e1gi helyzet \u00e1rnyalja a k\u00e9pet.","twitter:image":"https:\/\/allasorias.hu\/hirek\/wp-content\/uploads\/2022\/10\/Fiatalok-munkaeropiaci-helyzete1.jpg","twitter:label1":"Written by","twitter:data1":"Juh\u00e1sz P\u00e9ter","twitter:label2":"Est. reading time","twitter:data2":"5 minutes"},"aioseo_meta_data":{"post_id":"5905","title":"#post_title | Allasorias.hu","description":"\u00dagy t\u0171nik a statisztikai adatok szerint, hogy lelassult az \u00e1ll\u00e1stalan fiatalok sz\u00e1m\u00e1nak cs\u00f6kken\u00e9se. Azonban a roml\u00f3 gazdas\u00e1gi helyzet \u00e1rnyalja a k\u00e9pet.","keywords":[],"keyphrases":{"focus":{"keyphrase":"munkaer\u0151piaci helyzete","score":76,"analysis":{"keyphraseInTitle":{"title":"Focus keyphrase in SEO title","description":"Focus keyphrase found in SEO title.","score":9,"maxScore":9,"error":0},"keyphraseInDescription":{"title":"Focus keyphrase in meta description","description":"Focus keyphrase not found in meta description.","score":3,"maxScore":9,"error":1},"keyphraseLength":{"title":"Focus keyphrase length","description":"Good job!","score":9,"maxScore":9,"error":0,"length":2},"keyphraseInURL":{"title":"Focus keyphrase in URL","description":"Focus keyphrase used in the URL.","score":5,"maxScore":5,"error":0},"keyphraseInIntroduction":{"title":"Focus keyphrase in introduction","description":"Your Focus keyphrase does not appear in the first paragraph. Make sure the topic is clear immediately.","score":3,"maxScore":9,"error":1},"keyphraseInSubHeadings":{"title":"Focus keyphrase in Subheadings","description":"Your H2 and H3 subheadings reflects the topic of your copy. Good job!","score":9,"maxScore":9,"error":0},"keyphraseInImageAlt":[]}},"additional":[]},"primary_term":null,"canonical_url":null,"og_title":null,"og_description":null,"og_object_type":"default","og_image_type":"default","og_image_url":null,"og_image_width":null,"og_image_height":null,"og_image_custom_url":null,"og_image_custom_fields":null,"og_video":"","og_custom_url":null,"og_article_section":null,"og_article_tags":[],"twitter_use_og":true,"twitter_card":"default","twitter_image_type":"default","twitter_image_url":null,"twitter_image_custom_url":null,"twitter_image_custom_fields":null,"twitter_title":null,"twitter_description":null,"schema":{"blockGraphs":[],"customGraphs":[],"default":{"data":{"Article":[],"Course":[],"Dataset":[],"FAQPage":[],"Movie":[],"Person":[],"Product":[],"ProductReview":[],"Car":[],"Recipe":[],"Service":[],"SoftwareApplication":[],"WebPage":[]},"graphName":"Article","isEnabled":true},"graphs":[]},"schema_type":"default","schema_type_options":null,"pillar_content":false,"robots_default":true,"robots_noindex":false,"robots_noarchive":false,"robots_nosnippet":false,"robots_nofollow":false,"robots_noimageindex":false,"robots_noodp":false,"robots_notranslate":false,"robots_max_snippet":"-1","robots_max_videopreview":"-1","robots_max_imagepreview":"large","priority":null,"frequency":"default","location":null,"local_seo":null,"breadcrumb_settings":null,"limit_modified_date":false,"ai":null,"created":"2022-10-21 09:17:46","updated":"2025-10-02 17:21:16","seo_analyzer_scan_date":null,"focus_keyword":"munkaer\u0151piaci helyzete","additional_keywords":null,"truseo_locale":null},"aioseo_breadcrumb":"<div class=\"aioseo-breadcrumbs\"><span class=\"aioseo-breadcrumb\">\n\t\t\t<a href=\"https:\/\/allasorias.hu\/hirek\" title=\"Home\">Home<\/a>\n\t\t<\/span><span class=\"aioseo-breadcrumb-separator\">&raquo;<\/span><span class=\"aioseo-breadcrumb\">\n\t\t\t<a href=\"https:\/\/allasorias.hu\/hirek\/temak\/munkaeropiac\/\" title=\"Munkaer\u0151piac\">Munkaer\u0151piac<\/a>\n\t\t<\/span><span class=\"aioseo-breadcrumb-separator\">&raquo;<\/span><span class=\"aioseo-breadcrumb\">\n\t\t\tMilyen a fiatalok munkaer\u0151piaci helyzete?\n\t\t<\/span><\/div>","aioseo_breadcrumb_json":[{"label":"Home","link":"https:\/\/allasorias.hu\/hirek"},{"label":"Munkaer\u0151piac","link":"https:\/\/allasorias.hu\/hirek\/temak\/munkaeropiac\/"},{"label":"Milyen a fiatalok munkaer\u0151piaci helyzete?","link":"https:\/\/allasorias.hu\/hirek\/milyen-a-fiatalok-munkaeropiaci-helyzete\/"}],"_links":{"self":[{"href":"https:\/\/allasorias.hu\/hirek\/wp-json\/wp\/v2\/posts\/5905","targetHints":{"allow":["GET"]}}],"collection":[{"href":"https:\/\/allasorias.hu\/hirek\/wp-json\/wp\/v2\/posts"}],"about":[{"href":"https:\/\/allasorias.hu\/hirek\/wp-json\/wp\/v2\/types\/post"}],"author":[{"embeddable":true,"href":"https:\/\/allasorias.hu\/hirek\/wp-json\/wp\/v2\/users\/1"}],"replies":[{"embeddable":true,"href":"https:\/\/allasorias.hu\/hirek\/wp-json\/wp\/v2\/comments?post=5905"}],"version-history":[{"count":1,"href":"https:\/\/allasorias.hu\/hirek\/wp-json\/wp\/v2\/posts\/5905\/revisions"}],"predecessor-version":[{"id":5906,"href":"https:\/\/allasorias.hu\/hirek\/wp-json\/wp\/v2\/posts\/5905\/revisions\/5906"}],"wp:featuredmedia":[{"embeddable":true,"href":"https:\/\/allasorias.hu\/hirek\/wp-json\/wp\/v2\/media\/5908"}],"wp:attachment":[{"href":"https:\/\/allasorias.hu\/hirek\/wp-json\/wp\/v2\/media?parent=5905"}],"wp:term":[{"taxonomy":"category","embeddable":true,"href":"https:\/\/allasorias.hu\/hirek\/wp-json\/wp\/v2\/categories?post=5905"},{"taxonomy":"post_tag","embeddable":true,"href":"https:\/\/allasorias.hu\/hirek\/wp-json\/wp\/v2\/tags?post=5905"}],"curies":[{"name":"wp","href":"https:\/\/api.w.org\/{rel}","templated":true}]}}