{"id":5902,"date":"2022-10-20T09:21:58","date_gmt":"2022-10-20T09:21:58","guid":{"rendered":"https:\/\/allasorias.hu\/hirek\/?p=5902"},"modified":"2022-10-20T09:21:58","modified_gmt":"2022-10-20T09:21:58","slug":"csucskategorias-gyakorlati-oktatas-debrecenben","status":"publish","type":"post","link":"https:\/\/allasorias.hu\/hirek\/csucskategorias-gyakorlati-oktatas-debrecenben\/","title":{"rendered":"Cs\u00facskateg\u00f3ri\u00e1s gyakorlati oktat\u00e1s Debrecenben"},"content":{"rendered":"<p><strong>Cs\u00facskateg\u00f3ri\u00e1s gyakorlati k\u00e9pz\u0151helyet hoztak l\u00e9tre Debrecenben fiatalok sz\u00e1m\u00e1ra. Itt a legmagasabb sz\u00ednvonal\u00fa oktat\u00e1s val\u00f3sulhat meg, a legmodernebb eszk\u00f6z\u00f6kkel. A l\u00e9trehoz\u00f3 egy helyi c\u00e9g, amely fontosnak tartja, hogy a szakk\u00e9pzett fiatalok haszn\u00e1lhat\u00f3 tud\u00e1st szerezzenek.<\/strong><\/p>\n<p>Az els\u0151 fecske volt 2002-ben, Debrecen \u00fajonnan l\u00e9tes\u00fclt els\u0151 ipari parkj\u00e1ban a texasi sz\u00e9khely\u0171 NationaI Instruments elektronikai \u00f3ri\u00e1sc\u00e9g. A befogad\u00f3 debreceniek csakhamar \u00e9szlelhett\u00e9k, hogy a helyi v\u00e1llalat minden tekintetben szerves r\u00e9sze k\u00edv\u00e1n lenni a v\u00e1rosnak. Hamarosan rendszeress\u00e9 v\u00e1ltak anyagi t\u00e1mogat\u00e1sai az oktat\u00e1si int\u00e9zm\u00e9nyeknek. Nemr\u00e9giben olyat tett, amelyet a v\u00e1rosba telep\u00fclt c\u00e9g eddig m\u00e9g sohasem: telephely\u00e9n mintegy sz\u00e1zmilli\u00f3 forint \u00e9rt\u00e9k\u0171 cs\u00facskateg\u00f3ri\u00e1s tanm\u0171helyt alak\u00edtott ki, amelyben a legmodernebb eszk\u00f6z\u00f6kkel adj\u00e1k \u00e1t a legmagasabb sz\u00ednvonal\u00fa oktat\u00e1si tartalmakat. Mindezt azzal a szakk\u00e9pz\u00e9si centrummal egy\u00fctt, amellyel eddig is szoros kapcsolatban \u00e1lltak az oktat\u00e1s fejleszt\u00e9s\u00e9ben, sok eszk\u00f6zt adom\u00e1nyozva iskol\u00e1inak.<\/p>\n<p>A v\u00e1llalat strat\u00e9giai fontoss\u00e1g\u00fanak tartja, hogy szakk\u00e9pzett fiatalokat k\u00fcldj\u00f6n a <a href=\"https:\/\/allasorias.hu\/hirek\/temak\/munkaeropiac\/\">munkaer\u0151piacra<\/a>, nem mellesleg saj\u00e1t gy\u00e1r\u00e1ba. Az \u00faj tanm\u0171helynek nagy el\u0151nye, hogy fizikailag is k\u00f6zel van a gy\u00e1rhoz, az itt tanul\u00f3, gyakorl\u00f3 fiatalokat egy-k\u00e9t fal v\u00e1lasztja csak el a t\u00e9nyleges gy\u00e1rt\u00e1st\u00f3l, ahol n\u00e1luk csak kiss\u00e9 id\u0151sebb munkat\u00e1rsak m\u00e1r azt a munk\u00e1t v\u00e9gzik, amelyet \u0151k m\u00e9g csak tanulnak, ez a t\u00e9ny is motiv\u00e1lhatja az ide ker\u00fcl\u0151 fiatalokat. Szeptemberben tizenk\u00e9t tanul\u00f3val kezdt\u00e9k a h\u00e1rom\u00e9ves, technikusi min\u0151s\u00edt\u00e9shez vezet\u0151 tanul\u00e1st.<\/p>\n<h2>Gyakorlati oktat\u00e1s<\/h2>\n<p>A jel\u00f6ltek fele a Brassai S\u00e1muel, a m\u00e1sik fele a Mechwart Andr\u00e1s szakk\u00f6z\u00e9piskol\u00e1b\u00f3l ker\u00fclt ki. A 10. \u00e9vfolyamos di\u00e1kok az elektronikai-technikus szakr\u00f3l felv\u00e9teli vizsga \u00fatj\u00e1n jutottak ide, ahol a c\u00e9g \u00e1ltal k\u00e9sz\u00edtett tank\u00f6nyvb\u0151l, az iparban haszn\u00e1latos eszk\u00f6z\u00f6kkel tanulhatj\u00e1k heti 14 \u00f3r\u00e1ban a szakm\u00e1hoz sz\u00fcks\u00e9ges elm\u00e9leti \u00e9s gyakorlati ismereteket. \u0150k az alapoz\u00f3 k\u00e9pz\u00e9s ut\u00e1n j\u00e1rhatnak a tanm\u0171helybe. Itt XXI. sz\u00e1zadi tud\u00e1st szereznek, r\u00e1ad\u00e1sul egy high-tech c\u00e9g munkakult\u00far\u00e1j\u00e1t is megismerik.<\/p>\n<p>Amikor kiker\u00fclnek az iskolapadb\u00f3l, azonnal el is tudnak helyezkedni, ak\u00e1r az anyac\u00e9gn\u00e9l, ak\u00e1r m\u00e1sutt. Hasonl\u00f3 egy\u00fcttm\u0171k\u00f6d\u00e9s zajlik a most \u00e9p\u00fcl\u0151 BMW-gy\u00e1r \u00e9s a szakk\u00e9pz\u00e9si centrum k\u00f6z\u00f6tt. A m\u00e1r eml\u00edtett szakk\u00f6z\u00e9piskol\u00e1ban informatik\u00e1t, illetve mechatronik\u00e1t tanulnak. A kiv\u00e1lasztott tanul\u00f3k a k\u00e9t\u00e9ves alapoz\u00f3 k\u00e9pz\u00e9sn\u00e9l tartanak, ezut\u00e1n leend\u0151 munkahely\u00fck\u00f6n fejezik be a du\u00e1lis k\u00e9pz\u00e9st.<\/p>\n<p>Forr\u00e1s: <a href=\"https:\/\/magyarnemzet.hu\/gazdasag\/2022\/10\/csucskategorias-tanmuhelyt-letesitett-az-ni-debrecenben\" target=\"_blank\" rel=\"nofollow noopener\">magyarnemzet.hu<\/a><\/p>\n","protected":false},"excerpt":{"rendered":"<p>Cs\u00facskateg\u00f3ri\u00e1s gyakorlati k\u00e9pz\u0151helyet hoztak l\u00e9tre Debrecenben fiatalok sz\u00e1m\u00e1ra. Itt a legmagasabb sz\u00ednvonal\u00fa oktat\u00e1s val\u00f3sulhat meg, a legmodernebb eszk\u00f6z\u00f6kkel. A l\u00e9trehoz\u00f3 egy helyi c\u00e9g, amely fontosnak tartja, hogy a szakk\u00e9pzett fiatalok haszn\u00e1lhat\u00f3 tud\u00e1st szerezzenek. Az els\u0151 fecske volt 2002-ben, Debrecen \u00fajonnan l\u00e9tes\u00fclt els\u0151 ipari parkj\u00e1ban a texasi sz\u00e9khely\u0171 NationaI Instruments elektronikai \u00f3ri\u00e1sc\u00e9g. A befogad\u00f3 debreceniek csakhamar [&hellip;]<\/p>\n","protected":false},"author":1,"featured_media":5903,"comment_status":"open","ping_status":"open","sticky":false,"template":"","format":"standard","meta":{"_monsterinsights_skip_tracking":false,"_monsterinsights_sitenote_active":false,"_monsterinsights_sitenote_note":"","_monsterinsights_sitenote_category":0,"footnotes":""},"categories":[200],"tags":[],"class_list":["post-5902","post","type-post","status-publish","format-standard","has-post-thumbnail","hentry","category-munkaeropiac"],"aioseo_notices":[],"_links":{"self":[{"href":"https:\/\/allasorias.hu\/hirek\/wp-json\/wp\/v2\/posts\/5902","targetHints":{"allow":["GET"]}}],"collection":[{"href":"https:\/\/allasorias.hu\/hirek\/wp-json\/wp\/v2\/posts"}],"about":[{"href":"https:\/\/allasorias.hu\/hirek\/wp-json\/wp\/v2\/types\/post"}],"author":[{"embeddable":true,"href":"https:\/\/allasorias.hu\/hirek\/wp-json\/wp\/v2\/users\/1"}],"replies":[{"embeddable":true,"href":"https:\/\/allasorias.hu\/hirek\/wp-json\/wp\/v2\/comments?post=5902"}],"version-history":[{"count":1,"href":"https:\/\/allasorias.hu\/hirek\/wp-json\/wp\/v2\/posts\/5902\/revisions"}],"predecessor-version":[{"id":5904,"href":"https:\/\/allasorias.hu\/hirek\/wp-json\/wp\/v2\/posts\/5902\/revisions\/5904"}],"wp:featuredmedia":[{"embeddable":true,"href":"https:\/\/allasorias.hu\/hirek\/wp-json\/wp\/v2\/media\/5903"}],"wp:attachment":[{"href":"https:\/\/allasorias.hu\/hirek\/wp-json\/wp\/v2\/media?parent=5902"}],"wp:term":[{"taxonomy":"category","embeddable":true,"href":"https:\/\/allasorias.hu\/hirek\/wp-json\/wp\/v2\/categories?post=5902"},{"taxonomy":"post_tag","embeddable":true,"href":"https:\/\/allasorias.hu\/hirek\/wp-json\/wp\/v2\/tags?post=5902"}],"curies":[{"name":"wp","href":"https:\/\/api.w.org\/{rel}","templated":true}]}}