{"id":5895,"date":"2022-10-18T07:16:54","date_gmt":"2022-10-18T07:16:54","guid":{"rendered":"https:\/\/allasorias.hu\/hirek\/?p=5895"},"modified":"2022-10-18T07:16:54","modified_gmt":"2022-10-18T07:16:54","slug":"egy-evig-is-eltarthat-a-munkakereses","status":"publish","type":"post","link":"https:\/\/allasorias.hu\/hirek\/egy-evig-is-eltarthat-a-munkakereses\/","title":{"rendered":"Egy \u00e9vig is eltarthat a munkakeres\u00e9s"},"content":{"rendered":"<p><strong>A jelenlegi gazdas\u00e1gi helyzetben nem egyszer\u0171 a munkan\u00e9lk\u00fcliek helyzete, az el\u0151rejelz\u00e9sek is azt mutatj\u00e1k, hogy egyre t\u00f6bben keresnek munk\u00e1t a j\u00f6v\u0151ben. Ez pedig azt vet\u00edti el\u0151re, hogy a munk\u00e1t keres\u0151 k\u00e9nytelen lesz elfogadni a neki sz\u00e1nt felt\u00e9teleket.<\/strong><\/p>\n<p>\u00daj munk\u00e1t tal\u00e1lni eddig sem ment egyik napr\u00f3l a m\u00e1sikra, de a jelenlegei gazdas\u00e1gi helyzet tov\u00e1bb nehez\u00edti a folyamatokat, \u00e9s m\u00e1r most l\u00e1tszik, hogy a munkakeres\u0151k sz\u00e1ma drasztikusan meg fog ugrani. Ez pedig \u00faj fordulatot hozhat a <a href=\"https:\/\/allasorias.hu\/hirek\/temak\/munkaeropiac\/\">munkaer\u0151piacra<\/a> \u2013 \u00edrj\u00e1k a szak\u00e9rt\u0151k.\u00a0 Nincs k\u00f6nny\u0171 helyzetben az, aki mostan\u00e1ban vesz\u00edti el az \u00e1ll\u00e1s\u00e1t.<\/p>\n<h2>Munkakeres\u00e9s ideje<\/h2>\n<p>A KSH adatai szerint a munkakeres\u00e9s ideje \u00e1tlagosan 9,9 h\u00f3nap, de a munkan\u00e9lk\u00fcliek t\u00f6bb mint 30 sz\u00e1zal\u00e9k\u00e1n\u00e1l ak\u00e1r egy \u00e9vig is elh\u00faz\u00f3dhat. Az elm\u00falt n\u00e9h\u00e1ny \u00e9vben jelent\u0151sen n\u0151tt a foglalkoztat\u00e1s \u00e9s cs\u00f6kkent a munkan\u00e9lk\u00fclis\u00e9g, nemre \u00e9s korra val\u00f3 tekintet n\u00e9lk\u00fcl (csak az 55\u201374 \u00e9vesek k\u00f6r\u00e9ben n\u0151tt a munkan\u00e9lk\u00fclis\u00e9gi r\u00e1ta, illetve a k\u00f6zfoglalkoztatottak sz\u00e1ma cs\u00f6kkent 14 ezerrel), ez azonban most megv\u00e1ltozhat.<\/p>\n<p>Az infl\u00e1ci\u00f3 \u00e9s az energiav\u00e1ls\u00e1g miatt m\u00e1rpedig sok v\u00e1llalkoz\u00e1s sz\u00e1m\u00e1ra \u00f3ri\u00e1si kih\u00edv\u00e1st jelent a megn\u00f6vekedett k\u00f6lts\u00e9gek kigazd\u00e1lkod\u00e1sa. M\u00e1r most bor\u00edt\u00e9kolhat\u00f3, hogy lesznek olyan c\u00e9gek, amelyek k\u00e9nytelenek lesznek a munkak\u00f6lts\u00e9geken sp\u00f3rolni, a dolgoz\u00f3k \u00edgy jelent\u0151s le\u00e9p\u00edt\u00e9sekre sz\u00e1m\u00edthatnak. Munkan\u00e9lk\u00fclinek lenni a jelenlegi gazdas\u00e1gi helyzetben a lehet\u0151 legrosszabb opci\u00f3, \u00edgy val\u00f3sz\u00edn\u0171s\u00edthet\u0151, hogy a munkav\u00e1llal\u00f3k alkupoz\u00edci\u00f3ja jelent\u0151sen megv\u00e1ltozik majd.<\/p>\n<p>A t\u00f6meges elbocs\u00e1t\u00e1sok miatt k\u00f6nnyen elk\u00e9pzelhet\u0151, hogy az elm\u00falt id\u0151szakban megszokott trend \u2013 miszerint a munkav\u00e1llal\u00f3k voltak el\u0151ny\u00f6sebb helyzetben \u00e9s \u0151k dikt\u00e1ltak a piacon \u2013 megfordulhat. Ez ugyanakkor j\u00f3 h\u00edr lehet azoknak c\u00e9geknek, amelyek most toborozn\u00e1nak \u00faj koll\u00e9g\u00e1kat, hiszen sokkal nagyobb mer\u00edt\u00e9sb\u0151l v\u00e1logathatnak.<\/p>\n<p>Forr\u00e1s: <a href=\"https:\/\/uzletem.hu\/munkaeropiac\/uj-trend-a-munkaeropiacon-mar-nem-a-munkavallalo-diktal-\" target=\"_blank\" rel=\"nofollow noopener\">uzletem.hu<\/a><\/p>\n","protected":false},"excerpt":{"rendered":"<p>A jelenlegi gazdas\u00e1gi helyzetben nem egyszer\u0171 a munkan\u00e9lk\u00fcliek helyzete, az el\u0151rejelz\u00e9sek is azt mutatj\u00e1k, hogy egyre t\u00f6bben keresnek munk\u00e1t a j\u00f6v\u0151ben. Ez pedig azt vet\u00edti el\u0151re, hogy a munk\u00e1t keres\u0151 k\u00e9nytelen lesz elfogadni a neki sz\u00e1nt felt\u00e9teleket. \u00daj munk\u00e1t tal\u00e1lni eddig sem ment egyik napr\u00f3l a m\u00e1sikra, de a jelenlegei gazdas\u00e1gi helyzet tov\u00e1bb nehez\u00edti a [&hellip;]<\/p>\n","protected":false},"author":1,"featured_media":5896,"comment_status":"open","ping_status":"open","sticky":false,"template":"","format":"standard","meta":{"_monsterinsights_skip_tracking":false,"footnotes":""},"categories":[1],"tags":[82,220],"class_list":["post-5895","post","type-post","status-publish","format-standard","has-post-thumbnail","hentry","category-allaskereses","tag-allaskereses-2","tag-munkakereses"],"aioseo_notices":[],"aioseo_head":"\n\t\t<!-- All in One SEO 5.0.0.1 - aioseo.com -->\n\t<meta name=\"description\" content=\"A KSH adatai szerint a munkakeres\u00e9s ideje \u00e1tlagosan 9,9 h\u00f3nap, de a munkan\u00e9lk\u00fcliek t\u00f6bb mint 30 sz\u00e1zal\u00e9k\u00e1n\u00e1l ak\u00e1r egy \u00e9vig is elh\u00faz\u00f3dhat.\" \/>\n\t<meta name=\"robots\" content=\"max-image-preview:large\" \/>\n\t<meta name=\"author\" content=\"Juh\u00e1sz P\u00e9ter\"\/>\n\t<meta name=\"keywords\" content=\"\u00e1ll\u00e1skeres\u00e9s,munkakeres\u00e9s\" \/>\n\t<link rel=\"canonical\" href=\"https:\/\/allasorias.hu\/hirek\/egy-evig-is-eltarthat-a-munkakereses\/\" \/>\n\t<meta name=\"generator\" content=\"All in One SEO (AIOSEO) 5.0.0.1\" \/>\n\t\t<meta property=\"og:locale\" content=\"hu_HU\" \/>\n\t\t<meta property=\"og:site_name\" content=\"AllasOrias.hu | H\u00edrek-lapszemle | \u00dczleti h\u00edrek az \u00e1ll\u00e1s \u00e9s a munka vil\u00e1g\u00e1b\u00f3l\" \/>\n\t\t<meta property=\"og:type\" content=\"article\" \/>\n\t\t<meta property=\"og:title\" content=\"Egy \u00e9vig is eltarthat a munkakeres\u00e9s | Allasorias.hu\" \/>\n\t\t<meta property=\"og:description\" content=\"A KSH adatai szerint a munkakeres\u00e9s ideje \u00e1tlagosan 9,9 h\u00f3nap, de a munkan\u00e9lk\u00fcliek t\u00f6bb mint 30 sz\u00e1zal\u00e9k\u00e1n\u00e1l ak\u00e1r egy \u00e9vig is elh\u00faz\u00f3dhat.\" \/>\n\t\t<meta property=\"og:url\" content=\"https:\/\/allasorias.hu\/hirek\/egy-evig-is-eltarthat-a-munkakereses\/\" \/>\n\t\t<meta property=\"og:image\" content=\"https:\/\/allasorias.hu\/hirek\/wp-content\/uploads\/2022\/10\/Allaskereses-ideje.jpg\" \/>\n\t\t<meta property=\"og:image:secure_url\" content=\"https:\/\/allasorias.hu\/hirek\/wp-content\/uploads\/2022\/10\/Allaskereses-ideje.jpg\" \/>\n\t\t<meta property=\"og:image:width\" content=\"1280\" \/>\n\t\t<meta property=\"og:image:height\" content=\"853\" \/>\n\t\t<meta property=\"article:published_time\" content=\"2022-10-18T07:16:54+00:00\" \/>\n\t\t<meta property=\"article:modified_time\" content=\"2022-10-18T07:16:54+00:00\" \/>\n\t\t<meta property=\"article:publisher\" content=\"https:\/\/www.facebook.com\/allasorias\" \/>\n\t\t<meta name=\"twitter:card\" content=\"summary_large_image\" \/>\n\t\t<meta name=\"twitter:title\" content=\"Egy \u00e9vig is eltarthat a munkakeres\u00e9s | Allasorias.hu\" \/>\n\t\t<meta name=\"twitter:description\" content=\"A KSH adatai szerint a munkakeres\u00e9s ideje \u00e1tlagosan 9,9 h\u00f3nap, de a munkan\u00e9lk\u00fcliek t\u00f6bb mint 30 sz\u00e1zal\u00e9k\u00e1n\u00e1l ak\u00e1r egy \u00e9vig is elh\u00faz\u00f3dhat.\" \/>\n\t\t<meta name=\"twitter:image\" content=\"https:\/\/allasorias.hu\/hirek\/wp-content\/uploads\/2022\/10\/Allaskereses-ideje.jpg\" \/>\n\t\t<meta name=\"twitter:label1\" content=\"Written by\" \/>\n\t\t<meta name=\"twitter:data1\" content=\"Juh\u00e1sz P\u00e9ter\" \/>\n\t\t<meta name=\"twitter:label2\" content=\"Est. reading time\" \/>\n\t\t<meta name=\"twitter:data2\" content=\"2 minutes\" \/>\n\t\t<script type=\"application\/ld+json\" class=\"aioseo-schema\">\n\t\t\t{\"@context\":\"https:\\\/\\\/schema.org\",\"@graph\":[{\"@type\":\"Article\",\"@id\":\"https:\\\/\\\/allasorias.hu\\\/hirek\\\/egy-evig-is-eltarthat-a-munkakereses\\\/#article\",\"name\":\"Egy \\u00e9vig is eltarthat a munkakeres\\u00e9s | Allasorias.hu\",\"headline\":\"Egy \\u00e9vig is eltarthat a munkakeres\\u00e9s\",\"author\":{\"@id\":\"https:\\\/\\\/allasorias.hu\\\/hirek\\\/author\\\/admin-allasorias\\\/#author\"},\"publisher\":{\"@id\":\"https:\\\/\\\/allasorias.hu\\\/hirek\\\/#organization\"},\"image\":{\"@type\":\"ImageObject\",\"url\":\"https:\\\/\\\/allasorias.hu\\\/hirek\\\/wp-content\\\/uploads\\\/2022\\\/10\\\/Allaskereses-ideje.jpg\",\"width\":1280,\"height\":853,\"caption\":\"Egy \\u00e9vig is eltarthat a munkakeres\\u00e9s - Allasorias.hu\\\/hirek\"},\"datePublished\":\"2022-10-18T07:16:54+02:00\",\"dateModified\":\"2022-10-18T07:16:54+02:00\",\"inLanguage\":\"hu-HU\",\"mainEntityOfPage\":{\"@id\":\"https:\\\/\\\/allasorias.hu\\\/hirek\\\/egy-evig-is-eltarthat-a-munkakereses\\\/#webpage\"},\"isPartOf\":{\"@id\":\"https:\\\/\\\/allasorias.hu\\\/hirek\\\/egy-evig-is-eltarthat-a-munkakereses\\\/#webpage\"},\"articleSection\":\"\\u00c1ll\\u00e1skeres\\u00e9s, \\u00e1ll\\u00e1skeres\\u00e9s, munkakeres\\u00e9s\"},{\"@type\":\"BreadcrumbList\",\"@id\":\"https:\\\/\\\/allasorias.hu\\\/hirek\\\/egy-evig-is-eltarthat-a-munkakereses\\\/#breadcrumblist\",\"itemListElement\":[{\"@type\":\"ListItem\",\"@id\":\"https:\\\/\\\/allasorias.hu\\\/hirek#listItem\",\"position\":1,\"name\":\"Home\",\"item\":\"https:\\\/\\\/allasorias.hu\\\/hirek\",\"nextItem\":{\"@type\":\"ListItem\",\"@id\":\"https:\\\/\\\/allasorias.hu\\\/hirek\\\/temak\\\/allaskereses\\\/#listItem\",\"name\":\"\\u00c1ll\\u00e1skeres\\u00e9s\"}},{\"@type\":\"ListItem\",\"@id\":\"https:\\\/\\\/allasorias.hu\\\/hirek\\\/temak\\\/allaskereses\\\/#listItem\",\"position\":2,\"name\":\"\\u00c1ll\\u00e1skeres\\u00e9s\",\"item\":\"https:\\\/\\\/allasorias.hu\\\/hirek\\\/temak\\\/allaskereses\\\/\",\"nextItem\":{\"@type\":\"ListItem\",\"@id\":\"https:\\\/\\\/allasorias.hu\\\/hirek\\\/egy-evig-is-eltarthat-a-munkakereses\\\/#listItem\",\"name\":\"Egy \\u00e9vig is eltarthat a munkakeres\\u00e9s\"},\"previousItem\":{\"@type\":\"ListItem\",\"@id\":\"https:\\\/\\\/allasorias.hu\\\/hirek#listItem\",\"name\":\"Home\"}},{\"@type\":\"ListItem\",\"@id\":\"https:\\\/\\\/allasorias.hu\\\/hirek\\\/egy-evig-is-eltarthat-a-munkakereses\\\/#listItem\",\"position\":3,\"name\":\"Egy \\u00e9vig is eltarthat a munkakeres\\u00e9s\",\"previousItem\":{\"@type\":\"ListItem\",\"@id\":\"https:\\\/\\\/allasorias.hu\\\/hirek\\\/temak\\\/allaskereses\\\/#listItem\",\"name\":\"\\u00c1ll\\u00e1skeres\\u00e9s\"}}]},{\"@type\":\"Organization\",\"@id\":\"https:\\\/\\\/allasorias.hu\\\/hirek\\\/#organization\",\"name\":\"AllasOrias.hu | H\\u00edrek-lapszemle\",\"description\":\"\\u00dczleti h\\u00edrek az \\u00e1ll\\u00e1s \\u00e9s a munka vil\\u00e1g\\u00e1b\\u00f3l\",\"url\":\"https:\\\/\\\/allasorias.hu\\\/hirek\\\/\",\"logo\":{\"@type\":\"ImageObject\",\"url\":\"https:\\\/\\\/allasorias.hu\\\/hirek\\\/wp-content\\\/uploads\\\/2022\\\/10\\\/allasorias_site_facebok_logo.png\",\"@id\":\"https:\\\/\\\/allasorias.hu\\\/hirek\\\/egy-evig-is-eltarthat-a-munkakereses\\\/#organizationLogo\"},\"image\":{\"@id\":\"https:\\\/\\\/allasorias.hu\\\/hirek\\\/egy-evig-is-eltarthat-a-munkakereses\\\/#organizationLogo\"},\"sameAs\":[\"https:\\\/\\\/www.facebook.com\\\/allasorias\",\"https:\\\/\\\/www.linkedin.com\\\/company\\\/allasorias\"]},{\"@type\":\"Person\",\"@id\":\"https:\\\/\\\/allasorias.hu\\\/hirek\\\/author\\\/admin-allasorias\\\/#author\",\"url\":\"https:\\\/\\\/allasorias.hu\\\/hirek\\\/author\\\/admin-allasorias\\\/\",\"name\":\"Juh\\u00e1sz P\\u00e9ter\",\"image\":{\"@type\":\"ImageObject\",\"@id\":\"https:\\\/\\\/allasorias.hu\\\/hirek\\\/egy-evig-is-eltarthat-a-munkakereses\\\/#authorImage\",\"url\":\"https:\\\/\\\/secure.gravatar.com\\\/avatar\\\/36e6bcb83148978b992977cb0f54d22feb0cce8a0a849a9410532bb2623ba4c6?s=96&d=mm&r=g\",\"width\":96,\"height\":96,\"caption\":\"Juh\\u00e1sz P\\u00e9ter\"}},{\"@type\":\"WebPage\",\"@id\":\"https:\\\/\\\/allasorias.hu\\\/hirek\\\/egy-evig-is-eltarthat-a-munkakereses\\\/#webpage\",\"url\":\"https:\\\/\\\/allasorias.hu\\\/hirek\\\/egy-evig-is-eltarthat-a-munkakereses\\\/\",\"name\":\"Egy \\u00e9vig is eltarthat a munkakeres\\u00e9s | Allasorias.hu\",\"description\":\"A KSH adatai szerint a munkakeres\\u00e9s ideje \\u00e1tlagosan 9,9 h\\u00f3nap, de a munkan\\u00e9lk\\u00fcliek t\\u00f6bb mint 30 sz\\u00e1zal\\u00e9k\\u00e1n\\u00e1l ak\\u00e1r egy \\u00e9vig is elh\\u00faz\\u00f3dhat.\",\"inLanguage\":\"hu-HU\",\"isPartOf\":{\"@id\":\"https:\\\/\\\/allasorias.hu\\\/hirek\\\/#website\"},\"breadcrumb\":{\"@id\":\"https:\\\/\\\/allasorias.hu\\\/hirek\\\/egy-evig-is-eltarthat-a-munkakereses\\\/#breadcrumblist\"},\"author\":{\"@id\":\"https:\\\/\\\/allasorias.hu\\\/hirek\\\/author\\\/admin-allasorias\\\/#author\"},\"creator\":{\"@id\":\"https:\\\/\\\/allasorias.hu\\\/hirek\\\/author\\\/admin-allasorias\\\/#author\"},\"image\":{\"@type\":\"ImageObject\",\"url\":\"https:\\\/\\\/allasorias.hu\\\/hirek\\\/wp-content\\\/uploads\\\/2022\\\/10\\\/Allaskereses-ideje.jpg\",\"@id\":\"https:\\\/\\\/allasorias.hu\\\/hirek\\\/egy-evig-is-eltarthat-a-munkakereses\\\/#mainImage\",\"width\":1280,\"height\":853,\"caption\":\"Egy \\u00e9vig is eltarthat a munkakeres\\u00e9s - Allasorias.hu\\\/hirek\"},\"primaryImageOfPage\":{\"@id\":\"https:\\\/\\\/allasorias.hu\\\/hirek\\\/egy-evig-is-eltarthat-a-munkakereses\\\/#mainImage\"},\"datePublished\":\"2022-10-18T07:16:54+02:00\",\"dateModified\":\"2022-10-18T07:16:54+02:00\"},{\"@type\":\"WebSite\",\"@id\":\"https:\\\/\\\/allasorias.hu\\\/hirek\\\/#website\",\"url\":\"https:\\\/\\\/allasorias.hu\\\/hirek\\\/\",\"name\":\"AllasOrias.hu | H\\u00edrek-lapszemle\",\"description\":\"\\u00dczleti h\\u00edrek az \\u00e1ll\\u00e1s \\u00e9s a munka vil\\u00e1g\\u00e1b\\u00f3l\",\"inLanguage\":\"hu-HU\",\"publisher\":{\"@id\":\"https:\\\/\\\/allasorias.hu\\\/hirek\\\/#organization\"}}]}\n\t\t<\/script>\n\t\t<!-- All in One SEO -->\n\n","aioseo_head_json":{"title":"Egy \u00e9vig is eltarthat a munkakeres\u00e9s | Allasorias.hu","description":"A KSH adatai szerint a munkakeres\u00e9s ideje \u00e1tlagosan 9,9 h\u00f3nap, de a munkan\u00e9lk\u00fcliek t\u00f6bb mint 30 sz\u00e1zal\u00e9k\u00e1n\u00e1l ak\u00e1r egy \u00e9vig is elh\u00faz\u00f3dhat.","canonical_url":"https:\/\/allasorias.hu\/hirek\/egy-evig-is-eltarthat-a-munkakereses\/","robots":"max-image-preview:large","keywords":"\u00e1ll\u00e1skeres\u00e9s,munkakeres\u00e9s","webmasterTools":{"miscellaneous":""},"schema":{"@context":"https:\/\/schema.org","@graph":[{"@type":"Article","@id":"https:\/\/allasorias.hu\/hirek\/egy-evig-is-eltarthat-a-munkakereses\/#article","name":"Egy \u00e9vig is eltarthat a munkakeres\u00e9s | Allasorias.hu","headline":"Egy \u00e9vig is eltarthat a munkakeres\u00e9s","author":{"@id":"https:\/\/allasorias.hu\/hirek\/author\/admin-allasorias\/#author"},"publisher":{"@id":"https:\/\/allasorias.hu\/hirek\/#organization"},"image":{"@type":"ImageObject","url":"https:\/\/allasorias.hu\/hirek\/wp-content\/uploads\/2022\/10\/Allaskereses-ideje.jpg","width":1280,"height":853,"caption":"Egy \u00e9vig is eltarthat a munkakeres\u00e9s - Allasorias.hu\/hirek"},"datePublished":"2022-10-18T07:16:54+02:00","dateModified":"2022-10-18T07:16:54+02:00","inLanguage":"hu-HU","mainEntityOfPage":{"@id":"https:\/\/allasorias.hu\/hirek\/egy-evig-is-eltarthat-a-munkakereses\/#webpage"},"isPartOf":{"@id":"https:\/\/allasorias.hu\/hirek\/egy-evig-is-eltarthat-a-munkakereses\/#webpage"},"articleSection":"\u00c1ll\u00e1skeres\u00e9s, \u00e1ll\u00e1skeres\u00e9s, munkakeres\u00e9s"},{"@type":"BreadcrumbList","@id":"https:\/\/allasorias.hu\/hirek\/egy-evig-is-eltarthat-a-munkakereses\/#breadcrumblist","itemListElement":[{"@type":"ListItem","@id":"https:\/\/allasorias.hu\/hirek#listItem","position":1,"name":"Home","item":"https:\/\/allasorias.hu\/hirek","nextItem":{"@type":"ListItem","@id":"https:\/\/allasorias.hu\/hirek\/temak\/allaskereses\/#listItem","name":"\u00c1ll\u00e1skeres\u00e9s"}},{"@type":"ListItem","@id":"https:\/\/allasorias.hu\/hirek\/temak\/allaskereses\/#listItem","position":2,"name":"\u00c1ll\u00e1skeres\u00e9s","item":"https:\/\/allasorias.hu\/hirek\/temak\/allaskereses\/","nextItem":{"@type":"ListItem","@id":"https:\/\/allasorias.hu\/hirek\/egy-evig-is-eltarthat-a-munkakereses\/#listItem","name":"Egy \u00e9vig is eltarthat a munkakeres\u00e9s"},"previousItem":{"@type":"ListItem","@id":"https:\/\/allasorias.hu\/hirek#listItem","name":"Home"}},{"@type":"ListItem","@id":"https:\/\/allasorias.hu\/hirek\/egy-evig-is-eltarthat-a-munkakereses\/#listItem","position":3,"name":"Egy \u00e9vig is eltarthat a munkakeres\u00e9s","previousItem":{"@type":"ListItem","@id":"https:\/\/allasorias.hu\/hirek\/temak\/allaskereses\/#listItem","name":"\u00c1ll\u00e1skeres\u00e9s"}}]},{"@type":"Organization","@id":"https:\/\/allasorias.hu\/hirek\/#organization","name":"AllasOrias.hu | H\u00edrek-lapszemle","description":"\u00dczleti h\u00edrek az \u00e1ll\u00e1s \u00e9s a munka vil\u00e1g\u00e1b\u00f3l","url":"https:\/\/allasorias.hu\/hirek\/","logo":{"@type":"ImageObject","url":"https:\/\/allasorias.hu\/hirek\/wp-content\/uploads\/2022\/10\/allasorias_site_facebok_logo.png","@id":"https:\/\/allasorias.hu\/hirek\/egy-evig-is-eltarthat-a-munkakereses\/#organizationLogo"},"image":{"@id":"https:\/\/allasorias.hu\/hirek\/egy-evig-is-eltarthat-a-munkakereses\/#organizationLogo"},"sameAs":["https:\/\/www.facebook.com\/allasorias","https:\/\/www.linkedin.com\/company\/allasorias"]},{"@type":"Person","@id":"https:\/\/allasorias.hu\/hirek\/author\/admin-allasorias\/#author","url":"https:\/\/allasorias.hu\/hirek\/author\/admin-allasorias\/","name":"Juh\u00e1sz P\u00e9ter","image":{"@type":"ImageObject","@id":"https:\/\/allasorias.hu\/hirek\/egy-evig-is-eltarthat-a-munkakereses\/#authorImage","url":"https:\/\/secure.gravatar.com\/avatar\/36e6bcb83148978b992977cb0f54d22feb0cce8a0a849a9410532bb2623ba4c6?s=96&d=mm&r=g","width":96,"height":96,"caption":"Juh\u00e1sz P\u00e9ter"}},{"@type":"WebPage","@id":"https:\/\/allasorias.hu\/hirek\/egy-evig-is-eltarthat-a-munkakereses\/#webpage","url":"https:\/\/allasorias.hu\/hirek\/egy-evig-is-eltarthat-a-munkakereses\/","name":"Egy \u00e9vig is eltarthat a munkakeres\u00e9s | Allasorias.hu","description":"A KSH adatai szerint a munkakeres\u00e9s ideje \u00e1tlagosan 9,9 h\u00f3nap, de a munkan\u00e9lk\u00fcliek t\u00f6bb mint 30 sz\u00e1zal\u00e9k\u00e1n\u00e1l ak\u00e1r egy \u00e9vig is elh\u00faz\u00f3dhat.","inLanguage":"hu-HU","isPartOf":{"@id":"https:\/\/allasorias.hu\/hirek\/#website"},"breadcrumb":{"@id":"https:\/\/allasorias.hu\/hirek\/egy-evig-is-eltarthat-a-munkakereses\/#breadcrumblist"},"author":{"@id":"https:\/\/allasorias.hu\/hirek\/author\/admin-allasorias\/#author"},"creator":{"@id":"https:\/\/allasorias.hu\/hirek\/author\/admin-allasorias\/#author"},"image":{"@type":"ImageObject","url":"https:\/\/allasorias.hu\/hirek\/wp-content\/uploads\/2022\/10\/Allaskereses-ideje.jpg","@id":"https:\/\/allasorias.hu\/hirek\/egy-evig-is-eltarthat-a-munkakereses\/#mainImage","width":1280,"height":853,"caption":"Egy \u00e9vig is eltarthat a munkakeres\u00e9s - Allasorias.hu\/hirek"},"primaryImageOfPage":{"@id":"https:\/\/allasorias.hu\/hirek\/egy-evig-is-eltarthat-a-munkakereses\/#mainImage"},"datePublished":"2022-10-18T07:16:54+02:00","dateModified":"2022-10-18T07:16:54+02:00"},{"@type":"WebSite","@id":"https:\/\/allasorias.hu\/hirek\/#website","url":"https:\/\/allasorias.hu\/hirek\/","name":"AllasOrias.hu | H\u00edrek-lapszemle","description":"\u00dczleti h\u00edrek az \u00e1ll\u00e1s \u00e9s a munka vil\u00e1g\u00e1b\u00f3l","inLanguage":"hu-HU","publisher":{"@id":"https:\/\/allasorias.hu\/hirek\/#organization"}}]},"og:locale":"hu_HU","og:site_name":"AllasOrias.hu | H\u00edrek-lapszemle | \u00dczleti h\u00edrek az \u00e1ll\u00e1s \u00e9s a munka vil\u00e1g\u00e1b\u00f3l","og:type":"article","og:title":"Egy \u00e9vig is eltarthat a munkakeres\u00e9s | Allasorias.hu","og:description":"A KSH adatai szerint a munkakeres\u00e9s ideje \u00e1tlagosan 9,9 h\u00f3nap, de a munkan\u00e9lk\u00fcliek t\u00f6bb mint 30 sz\u00e1zal\u00e9k\u00e1n\u00e1l ak\u00e1r egy \u00e9vig is elh\u00faz\u00f3dhat.","og:url":"https:\/\/allasorias.hu\/hirek\/egy-evig-is-eltarthat-a-munkakereses\/","og:image":"https:\/\/allasorias.hu\/hirek\/wp-content\/uploads\/2022\/10\/Allaskereses-ideje.jpg","og:image:secure_url":"https:\/\/allasorias.hu\/hirek\/wp-content\/uploads\/2022\/10\/Allaskereses-ideje.jpg","og:image:width":1280,"og:image:height":853,"article:published_time":"2022-10-18T07:16:54+00:00","article:modified_time":"2022-10-18T07:16:54+00:00","article:publisher":"https:\/\/www.facebook.com\/allasorias","twitter:card":"summary_large_image","twitter:title":"Egy \u00e9vig is eltarthat a munkakeres\u00e9s | Allasorias.hu","twitter:description":"A KSH adatai szerint a munkakeres\u00e9s ideje \u00e1tlagosan 9,9 h\u00f3nap, de a munkan\u00e9lk\u00fcliek t\u00f6bb mint 30 sz\u00e1zal\u00e9k\u00e1n\u00e1l ak\u00e1r egy \u00e9vig is elh\u00faz\u00f3dhat.","twitter:image":"https:\/\/allasorias.hu\/hirek\/wp-content\/uploads\/2022\/10\/Allaskereses-ideje.jpg","twitter:label1":"Written by","twitter:data1":"Juh\u00e1sz P\u00e9ter","twitter:label2":"Est. reading time","twitter:data2":"2 minutes"},"aioseo_meta_data":{"post_id":"5895","title":"#post_title | Allasorias.hu","description":"A KSH adatai szerint a munkakeres\u00e9s ideje \u00e1tlagosan 9,9 h\u00f3nap, de a munkan\u00e9lk\u00fcliek t\u00f6bb mint 30 sz\u00e1zal\u00e9k\u00e1n\u00e1l ak\u00e1r egy \u00e9vig is elh\u00faz\u00f3dhat.","keywords":[],"keyphrases":{"focus":{"keyphrase":"munkakeres\u00e9s","score":80,"analysis":{"keyphraseInTitle":{"title":"Focus keyphrase in SEO title","description":"Focus keyphrase found in SEO title.","score":9,"maxScore":9,"error":0},"keyphraseInDescription":{"title":"Focus keyphrase in meta description","description":"Focus keyphrase found in meta description.","score":9,"maxScore":9,"error":0},"keyphraseLength":{"title":"Focus keyphrase length","description":"Good job!","score":9,"maxScore":9,"error":0,"length":1},"keyphraseInURL":{"title":"Focus keyphrase in URL","description":"Focus keyphrase not found in the URL.","score":1,"maxScore":5,"error":1},"keyphraseInIntroduction":{"title":"Focus keyphrase in introduction","description":"Your Focus keyphrase does not appear in the first paragraph. Make sure the topic is clear immediately.","score":3,"maxScore":9,"error":1},"keyphraseInSubHeadings":{"title":"Focus keyphrase in Subheadings","description":"Your H2 or H3 subheading reflects the topic of your copy. Good job!","score":9,"maxScore":9,"error":0},"keyphraseInImageAlt":[]}},"additional":[]},"primary_term":null,"canonical_url":null,"og_title":null,"og_description":null,"og_object_type":"default","og_image_type":"default","og_image_url":null,"og_image_width":null,"og_image_height":null,"og_image_custom_url":null,"og_image_custom_fields":null,"og_video":"","og_custom_url":null,"og_article_section":null,"og_article_tags":[],"twitter_use_og":true,"twitter_card":"default","twitter_image_type":"default","twitter_image_url":null,"twitter_image_custom_url":null,"twitter_image_custom_fields":null,"twitter_title":null,"twitter_description":null,"schema":{"blockGraphs":[],"customGraphs":[],"default":{"data":{"Article":[],"Course":[],"Dataset":[],"FAQPage":[],"Movie":[],"Person":[],"Product":[],"ProductReview":[],"Car":[],"Recipe":[],"Service":[],"SoftwareApplication":[],"WebPage":[]},"graphName":"Article","isEnabled":true},"graphs":[]},"schema_type":"default","schema_type_options":null,"pillar_content":false,"robots_default":true,"robots_noindex":false,"robots_noarchive":false,"robots_nosnippet":false,"robots_nofollow":false,"robots_noimageindex":false,"robots_noodp":false,"robots_notranslate":false,"robots_max_snippet":"-1","robots_max_videopreview":"-1","robots_max_imagepreview":"large","priority":null,"frequency":"default","location":null,"local_seo":null,"breadcrumb_settings":null,"limit_modified_date":false,"ai":null,"created":"2022-10-18 07:02:30","updated":"2025-10-02 17:20:33","seo_analyzer_scan_date":null,"focus_keyword":"munkakeres\u00e9s","additional_keywords":null,"truseo_locale":null},"aioseo_breadcrumb":"<div class=\"aioseo-breadcrumbs\"><span class=\"aioseo-breadcrumb\">\n\t\t\t<a href=\"https:\/\/allasorias.hu\/hirek\" title=\"Home\">Home<\/a>\n\t\t<\/span><span class=\"aioseo-breadcrumb-separator\">&raquo;<\/span><span class=\"aioseo-breadcrumb\">\n\t\t\t<a href=\"https:\/\/allasorias.hu\/hirek\/temak\/allaskereses\/\" title=\"\u00c1ll\u00e1skeres\u00e9s\">\u00c1ll\u00e1skeres\u00e9s<\/a>\n\t\t<\/span><span class=\"aioseo-breadcrumb-separator\">&raquo;<\/span><span class=\"aioseo-breadcrumb\">\n\t\t\tEgy \u00e9vig is eltarthat a munkakeres\u00e9s\n\t\t<\/span><\/div>","aioseo_breadcrumb_json":[{"label":"Home","link":"https:\/\/allasorias.hu\/hirek"},{"label":"\u00c1ll\u00e1skeres\u00e9s","link":"https:\/\/allasorias.hu\/hirek\/temak\/allaskereses\/"},{"label":"Egy \u00e9vig is eltarthat a munkakeres\u00e9s","link":"https:\/\/allasorias.hu\/hirek\/egy-evig-is-eltarthat-a-munkakereses\/"}],"_links":{"self":[{"href":"https:\/\/allasorias.hu\/hirek\/wp-json\/wp\/v2\/posts\/5895","targetHints":{"allow":["GET"]}}],"collection":[{"href":"https:\/\/allasorias.hu\/hirek\/wp-json\/wp\/v2\/posts"}],"about":[{"href":"https:\/\/allasorias.hu\/hirek\/wp-json\/wp\/v2\/types\/post"}],"author":[{"embeddable":true,"href":"https:\/\/allasorias.hu\/hirek\/wp-json\/wp\/v2\/users\/1"}],"replies":[{"embeddable":true,"href":"https:\/\/allasorias.hu\/hirek\/wp-json\/wp\/v2\/comments?post=5895"}],"version-history":[{"count":1,"href":"https:\/\/allasorias.hu\/hirek\/wp-json\/wp\/v2\/posts\/5895\/revisions"}],"predecessor-version":[{"id":5897,"href":"https:\/\/allasorias.hu\/hirek\/wp-json\/wp\/v2\/posts\/5895\/revisions\/5897"}],"wp:featuredmedia":[{"embeddable":true,"href":"https:\/\/allasorias.hu\/hirek\/wp-json\/wp\/v2\/media\/5896"}],"wp:attachment":[{"href":"https:\/\/allasorias.hu\/hirek\/wp-json\/wp\/v2\/media?parent=5895"}],"wp:term":[{"taxonomy":"category","embeddable":true,"href":"https:\/\/allasorias.hu\/hirek\/wp-json\/wp\/v2\/categories?post=5895"},{"taxonomy":"post_tag","embeddable":true,"href":"https:\/\/allasorias.hu\/hirek\/wp-json\/wp\/v2\/tags?post=5895"}],"curies":[{"name":"wp","href":"https:\/\/api.w.org\/{rel}","templated":true}]}}