{"id":5892,"date":"2022-10-17T08:33:02","date_gmt":"2022-10-17T08:33:02","guid":{"rendered":"https:\/\/allasorias.hu\/hirek\/?p=5892"},"modified":"2022-10-17T08:33:02","modified_gmt":"2022-10-17T08:33:02","slug":"a-kata-torveny-valtozas-egyik-hatasa","status":"publish","type":"post","link":"https:\/\/allasorias.hu\/hirek\/a-kata-torveny-valtozas-egyik-hatasa\/","title":{"rendered":"A kata-t\u00f6rv\u00e9ny v\u00e1ltoz\u00e1s egyik hat\u00e1sa"},"content":{"rendered":"<p><strong>Manaps\u00e1g m\u00e1r nem lehet k\u00f6nyvel\u0151 n\u00e9lk\u00fcl boldogulniuk sem a v\u00e1llalkoz\u00e1soknak, sem az egy\u00e9ni v\u00e1llalkoz\u00f3knak. Az \u00e1lland\u00f3an v\u00e1ltoz\u00f3 gazdas\u00e1gi, ad\u00f3z\u00e1si k\u00f6rnyezetben sz\u00fcks\u00e9g van a t\u00e1j\u00e9kozott szakemberekre, de \u00fagy t\u0171nik nagyon kevesen vannak.<\/strong><\/p>\n<p>\u00c1ltal\u00e1noss\u00e1gban kijelenthet\u0151, hogy nagyon megn\u0151tt a k\u00f6nyvel\u0151kre az ig\u00e9ny. Folyamatoss\u00e1 v\u00e1lt a munkaer\u0151hi\u00e1ny, a k\u00f6nyvel\u0151irod\u00e1k sz\u00fcnet n\u00e9lk\u00fcl keresik az \u00faj embereket, de nem tal\u00e1lnak eleget. Ezres nagys\u00e1grend\u0171 k\u00f6nyvel\u0151 hi\u00e1nyzik jelenleg, ennyit szakembert biztosan elb\u00edrna a piac.<\/p>\n<p>Mindezt Scherzer Marcell, a Stabil Tud\u00e1s alap\u00edt\u00f3 tulajdonosa nyilatkozta a KKV Magazinnak. A megn\u00f6vekedett keresletet azzal indokolta, hogy j\u00f3val t\u00f6bb lett az elv\u00e9gzend\u0151 munka, csakhogy a k\u00f6nyvel\u0151k sz\u00e1ma nem n\u0151tt ar\u00e1nyosan ennyivel.<\/p>\n<h2>Kata-t\u00f6rv\u00e9ny m\u00f3dos\u00edt\u00e1sa<\/h2>\n<p>A kata-t\u00f6rv\u00e9ny m\u00f3dos\u00edt\u00e1s\u00e1t k\u00f6vet\u0151en, rendk\u00edv\u00fcli m\u00e9rt\u00e9kben megugrott az ig\u00e9ny a k\u00f6nyvel\u0151kre, akik a jelenlegi l\u00e9tsz\u00e1mban nem tudj\u00e1k marad\u00e9ktalanul kiszolg\u00e1lni a keresletet. A k\u00f6nyvel\u0151irod\u00e1k nagyon nehezen tal\u00e1lnak \u00faj munkaer\u0151t, ez\u00e9rt minden eddigin\u00e9l fontosabb\u00e1 v\u00e1lt az ut\u00e1np\u00f3tl\u00e1s k\u00e9pz\u00e9se. A szak\u00e9rt\u0151 arr\u00f3l is besz\u00e9lt, hogy a k\u00f6nyvel\u0151oktat\u00e1s is egyre ink\u00e1bb \u00e1thelyez\u0151dik az online t\u00e9rbe, a hallgat\u00f3k pedig a kurzusok \u00e1r\u00e1t ak\u00e1r egy h\u00f3nap alatt is megkereshetik a piacra l\u00e9p\u00e9st k\u00f6vet\u0151en.<\/p>\n<p>A kat\u00e1s ad\u00f3z\u00e1si form\u00e1t v\u00e1laszt\u00f3 v\u00e1llalkoz\u00f3k t\u00falnyom\u00f3 t\u00f6bbs\u00e9ge mostan\u00e1ig vagy elk\u00e9sz\u00edtette valahogy a k\u00f6nyvel\u00e9s\u00e9t mag\u00e1nak, vagy \u00e9vente egy-k\u00e9t alkalommal vette ig\u00e9nybe k\u00f6nyvel\u0151 seg\u00edts\u00e9g\u00e9t, ami a szakma \u00e1ltal elv\u00e9gzett munka t\u00f6red\u00e9k\u00e9t tette csak ki. A k\u00f6zelm\u00falt-b\u00e9li fejlem\u00e9nyekkel ugyanakkor \u00faj helyzet \u00e1llt el\u0151, mert aki kft.-re, bt.-re vagy \u00e1tal\u00e1nyad\u00f3ra v\u00e1ltott, annak rendszeresen k\u00f6nyvel\u0151re van sz\u00fcks\u00e9ge.<\/p>\n<p>&nbsp;<\/p>\n<p>Forr\u00e1s: <a href=\"https:\/\/hirklikk.hu\/kozelet\/tobb-ezer-konyvelo-hianyzik-a-munkaeropiacrol\/405517\" target=\"_blank\" rel=\"nofollow noopener\">hirklikk.hu<\/a><\/p>\n","protected":false},"excerpt":{"rendered":"<p>Manaps\u00e1g m\u00e1r nem lehet k\u00f6nyvel\u0151 n\u00e9lk\u00fcl boldogulniuk sem a v\u00e1llalkoz\u00e1soknak, sem az egy\u00e9ni v\u00e1llalkoz\u00f3knak. Az \u00e1lland\u00f3an v\u00e1ltoz\u00f3 gazdas\u00e1gi, ad\u00f3z\u00e1si k\u00f6rnyezetben sz\u00fcks\u00e9g van a t\u00e1j\u00e9kozott szakemberekre, de \u00fagy t\u0171nik nagyon kevesen vannak. \u00c1ltal\u00e1noss\u00e1gban kijelenthet\u0151, hogy nagyon megn\u0151tt a k\u00f6nyvel\u0151kre az ig\u00e9ny. Folyamatoss\u00e1 v\u00e1lt a munkaer\u0151hi\u00e1ny, a k\u00f6nyvel\u0151irod\u00e1k sz\u00fcnet n\u00e9lk\u00fcl keresik az \u00faj embereket, de nem tal\u00e1lnak [&hellip;]<\/p>\n","protected":false},"author":1,"featured_media":5893,"comment_status":"open","ping_status":"open","sticky":false,"template":"","format":"standard","meta":{"_monsterinsights_skip_tracking":false,"footnotes":""},"categories":[198,203],"tags":[135,218,219],"class_list":["post-5892","post","type-post","status-publish","format-standard","has-post-thumbnail","hentry","category-gazdasag","category-hianyszakmak","tag-hianyszakma","tag-kata-torveny","tag-konyvelo"],"aioseo_notices":[],"aioseo_head":"\n\t\t<!-- All in One SEO 5.0.0.1 - aioseo.com -->\n\t<meta name=\"description\" content=\"A kata-t\u00f6rv\u00e9ny m\u00f3dos\u00edt\u00e1s\u00e1t k\u00f6vet\u0151en, rendk\u00edv\u00fcli m\u00e9rt\u00e9kben megugrott az ig\u00e9ny a k\u00f6nyvel\u0151kre, akik a jelenlegi l\u00e9tsz\u00e1mban nem tudj\u00e1k kiszolg\u00e1lni a keresletet.\" \/>\n\t<meta name=\"robots\" content=\"max-image-preview:large\" \/>\n\t<meta name=\"author\" content=\"Juh\u00e1sz P\u00e9ter\"\/>\n\t<meta name=\"keywords\" content=\"hi\u00e1nyszakma,kata-t\u00f6rv\u00e9ny,k\u00f6nyvel\u0151\" \/>\n\t<link rel=\"canonical\" href=\"https:\/\/allasorias.hu\/hirek\/a-kata-torveny-valtozas-egyik-hatasa\/\" \/>\n\t<meta name=\"generator\" content=\"All in One SEO (AIOSEO) 5.0.0.1\" \/>\n\t\t<meta property=\"og:locale\" content=\"hu_HU\" \/>\n\t\t<meta property=\"og:site_name\" content=\"AllasOrias.hu | H\u00edrek-lapszemle | \u00dczleti h\u00edrek az \u00e1ll\u00e1s \u00e9s a munka vil\u00e1g\u00e1b\u00f3l\" \/>\n\t\t<meta property=\"og:type\" content=\"article\" \/>\n\t\t<meta property=\"og:title\" content=\"A kata-t\u00f6rv\u00e9ny v\u00e1ltoz\u00e1s egyik hat\u00e1sa | Allasorias.hu\" \/>\n\t\t<meta property=\"og:description\" content=\"A kata-t\u00f6rv\u00e9ny m\u00f3dos\u00edt\u00e1s\u00e1t k\u00f6vet\u0151en, rendk\u00edv\u00fcli m\u00e9rt\u00e9kben megugrott az ig\u00e9ny a k\u00f6nyvel\u0151kre, akik a jelenlegi l\u00e9tsz\u00e1mban nem tudj\u00e1k kiszolg\u00e1lni a keresletet.\" \/>\n\t\t<meta property=\"og:url\" content=\"https:\/\/allasorias.hu\/hirek\/a-kata-torveny-valtozas-egyik-hatasa\/\" \/>\n\t\t<meta property=\"og:image\" content=\"https:\/\/allasorias.hu\/hirek\/wp-content\/uploads\/2022\/10\/Konyvelo-szakma.jpg\" \/>\n\t\t<meta property=\"og:image:secure_url\" content=\"https:\/\/allasorias.hu\/hirek\/wp-content\/uploads\/2022\/10\/Konyvelo-szakma.jpg\" \/>\n\t\t<meta property=\"og:image:width\" content=\"1280\" \/>\n\t\t<meta property=\"og:image:height\" content=\"853\" \/>\n\t\t<meta property=\"article:published_time\" content=\"2022-10-17T08:33:02+00:00\" \/>\n\t\t<meta property=\"article:modified_time\" content=\"2022-10-17T08:33:02+00:00\" \/>\n\t\t<meta property=\"article:publisher\" content=\"https:\/\/www.facebook.com\/allasorias\" \/>\n\t\t<meta name=\"twitter:card\" content=\"summary_large_image\" \/>\n\t\t<meta name=\"twitter:title\" content=\"A kata-t\u00f6rv\u00e9ny v\u00e1ltoz\u00e1s egyik hat\u00e1sa | Allasorias.hu\" \/>\n\t\t<meta name=\"twitter:description\" content=\"A kata-t\u00f6rv\u00e9ny m\u00f3dos\u00edt\u00e1s\u00e1t k\u00f6vet\u0151en, rendk\u00edv\u00fcli m\u00e9rt\u00e9kben megugrott az ig\u00e9ny a k\u00f6nyvel\u0151kre, akik a jelenlegi l\u00e9tsz\u00e1mban nem tudj\u00e1k kiszolg\u00e1lni a keresletet.\" \/>\n\t\t<meta name=\"twitter:image\" content=\"https:\/\/allasorias.hu\/hirek\/wp-content\/uploads\/2022\/10\/Konyvelo-szakma.jpg\" \/>\n\t\t<meta name=\"twitter:label1\" content=\"Written by\" \/>\n\t\t<meta name=\"twitter:data1\" content=\"Juh\u00e1sz P\u00e9ter\" \/>\n\t\t<meta name=\"twitter:label2\" content=\"Est. reading time\" \/>\n\t\t<meta name=\"twitter:data2\" content=\"2 minutes\" \/>\n\t\t<script type=\"application\/ld+json\" class=\"aioseo-schema\">\n\t\t\t{\"@context\":\"https:\\\/\\\/schema.org\",\"@graph\":[{\"@type\":\"Article\",\"@id\":\"https:\\\/\\\/allasorias.hu\\\/hirek\\\/a-kata-torveny-valtozas-egyik-hatasa\\\/#article\",\"name\":\"A kata-t\\u00f6rv\\u00e9ny v\\u00e1ltoz\\u00e1s egyik hat\\u00e1sa | Allasorias.hu\",\"headline\":\"A kata-t\\u00f6rv\\u00e9ny v\\u00e1ltoz\\u00e1s egyik hat\\u00e1sa\",\"author\":{\"@id\":\"https:\\\/\\\/allasorias.hu\\\/hirek\\\/author\\\/admin-allasorias\\\/#author\"},\"publisher\":{\"@id\":\"https:\\\/\\\/allasorias.hu\\\/hirek\\\/#organization\"},\"image\":{\"@type\":\"ImageObject\",\"url\":\"https:\\\/\\\/allasorias.hu\\\/hirek\\\/wp-content\\\/uploads\\\/2022\\\/10\\\/Konyvelo-szakma.jpg\",\"width\":1280,\"height\":853,\"caption\":\"A kata-t\\u00f6rv\\u00e9ny v\\u00e1ltoz\\u00e1s egyik hat\\u00e1sa - Allasorias.hu\\\/hirek\"},\"datePublished\":\"2022-10-17T08:33:02+02:00\",\"dateModified\":\"2022-10-17T08:33:02+02:00\",\"inLanguage\":\"hu-HU\",\"mainEntityOfPage\":{\"@id\":\"https:\\\/\\\/allasorias.hu\\\/hirek\\\/a-kata-torveny-valtozas-egyik-hatasa\\\/#webpage\"},\"isPartOf\":{\"@id\":\"https:\\\/\\\/allasorias.hu\\\/hirek\\\/a-kata-torveny-valtozas-egyik-hatasa\\\/#webpage\"},\"articleSection\":\"Gazdas\\u00e1g, Hi\\u00e1nyszakm\\u00e1k, hi\\u00e1nyszakma, Kata-t\\u00f6rv\\u00e9ny, k\\u00f6nyvel\\u0151\"},{\"@type\":\"BreadcrumbList\",\"@id\":\"https:\\\/\\\/allasorias.hu\\\/hirek\\\/a-kata-torveny-valtozas-egyik-hatasa\\\/#breadcrumblist\",\"itemListElement\":[{\"@type\":\"ListItem\",\"@id\":\"https:\\\/\\\/allasorias.hu\\\/hirek#listItem\",\"position\":1,\"name\":\"Home\",\"item\":\"https:\\\/\\\/allasorias.hu\\\/hirek\",\"nextItem\":{\"@type\":\"ListItem\",\"@id\":\"https:\\\/\\\/allasorias.hu\\\/hirek\\\/temak\\\/gazdasag\\\/#listItem\",\"name\":\"Gazdas\\u00e1g\"}},{\"@type\":\"ListItem\",\"@id\":\"https:\\\/\\\/allasorias.hu\\\/hirek\\\/temak\\\/gazdasag\\\/#listItem\",\"position\":2,\"name\":\"Gazdas\\u00e1g\",\"item\":\"https:\\\/\\\/allasorias.hu\\\/hirek\\\/temak\\\/gazdasag\\\/\",\"nextItem\":{\"@type\":\"ListItem\",\"@id\":\"https:\\\/\\\/allasorias.hu\\\/hirek\\\/a-kata-torveny-valtozas-egyik-hatasa\\\/#listItem\",\"name\":\"A kata-t\\u00f6rv\\u00e9ny v\\u00e1ltoz\\u00e1s egyik hat\\u00e1sa\"},\"previousItem\":{\"@type\":\"ListItem\",\"@id\":\"https:\\\/\\\/allasorias.hu\\\/hirek#listItem\",\"name\":\"Home\"}},{\"@type\":\"ListItem\",\"@id\":\"https:\\\/\\\/allasorias.hu\\\/hirek\\\/a-kata-torveny-valtozas-egyik-hatasa\\\/#listItem\",\"position\":3,\"name\":\"A kata-t\\u00f6rv\\u00e9ny v\\u00e1ltoz\\u00e1s egyik hat\\u00e1sa\",\"previousItem\":{\"@type\":\"ListItem\",\"@id\":\"https:\\\/\\\/allasorias.hu\\\/hirek\\\/temak\\\/gazdasag\\\/#listItem\",\"name\":\"Gazdas\\u00e1g\"}}]},{\"@type\":\"Organization\",\"@id\":\"https:\\\/\\\/allasorias.hu\\\/hirek\\\/#organization\",\"name\":\"AllasOrias.hu | H\\u00edrek-lapszemle\",\"description\":\"\\u00dczleti h\\u00edrek az \\u00e1ll\\u00e1s \\u00e9s a munka vil\\u00e1g\\u00e1b\\u00f3l\",\"url\":\"https:\\\/\\\/allasorias.hu\\\/hirek\\\/\",\"logo\":{\"@type\":\"ImageObject\",\"url\":\"https:\\\/\\\/allasorias.hu\\\/hirek\\\/wp-content\\\/uploads\\\/2022\\\/10\\\/allasorias_site_facebok_logo.png\",\"@id\":\"https:\\\/\\\/allasorias.hu\\\/hirek\\\/a-kata-torveny-valtozas-egyik-hatasa\\\/#organizationLogo\"},\"image\":{\"@id\":\"https:\\\/\\\/allasorias.hu\\\/hirek\\\/a-kata-torveny-valtozas-egyik-hatasa\\\/#organizationLogo\"},\"sameAs\":[\"https:\\\/\\\/www.facebook.com\\\/allasorias\",\"https:\\\/\\\/www.linkedin.com\\\/company\\\/allasorias\"]},{\"@type\":\"Person\",\"@id\":\"https:\\\/\\\/allasorias.hu\\\/hirek\\\/author\\\/admin-allasorias\\\/#author\",\"url\":\"https:\\\/\\\/allasorias.hu\\\/hirek\\\/author\\\/admin-allasorias\\\/\",\"name\":\"Juh\\u00e1sz P\\u00e9ter\",\"image\":{\"@type\":\"ImageObject\",\"@id\":\"https:\\\/\\\/allasorias.hu\\\/hirek\\\/a-kata-torveny-valtozas-egyik-hatasa\\\/#authorImage\",\"url\":\"https:\\\/\\\/secure.gravatar.com\\\/avatar\\\/36e6bcb83148978b992977cb0f54d22feb0cce8a0a849a9410532bb2623ba4c6?s=96&d=mm&r=g\",\"width\":96,\"height\":96,\"caption\":\"Juh\\u00e1sz P\\u00e9ter\"}},{\"@type\":\"WebPage\",\"@id\":\"https:\\\/\\\/allasorias.hu\\\/hirek\\\/a-kata-torveny-valtozas-egyik-hatasa\\\/#webpage\",\"url\":\"https:\\\/\\\/allasorias.hu\\\/hirek\\\/a-kata-torveny-valtozas-egyik-hatasa\\\/\",\"name\":\"A kata-t\\u00f6rv\\u00e9ny v\\u00e1ltoz\\u00e1s egyik hat\\u00e1sa | Allasorias.hu\",\"description\":\"A kata-t\\u00f6rv\\u00e9ny m\\u00f3dos\\u00edt\\u00e1s\\u00e1t k\\u00f6vet\\u0151en, rendk\\u00edv\\u00fcli m\\u00e9rt\\u00e9kben megugrott az ig\\u00e9ny a k\\u00f6nyvel\\u0151kre, akik a jelenlegi l\\u00e9tsz\\u00e1mban nem tudj\\u00e1k kiszolg\\u00e1lni a keresletet.\",\"inLanguage\":\"hu-HU\",\"isPartOf\":{\"@id\":\"https:\\\/\\\/allasorias.hu\\\/hirek\\\/#website\"},\"breadcrumb\":{\"@id\":\"https:\\\/\\\/allasorias.hu\\\/hirek\\\/a-kata-torveny-valtozas-egyik-hatasa\\\/#breadcrumblist\"},\"author\":{\"@id\":\"https:\\\/\\\/allasorias.hu\\\/hirek\\\/author\\\/admin-allasorias\\\/#author\"},\"creator\":{\"@id\":\"https:\\\/\\\/allasorias.hu\\\/hirek\\\/author\\\/admin-allasorias\\\/#author\"},\"image\":{\"@type\":\"ImageObject\",\"url\":\"https:\\\/\\\/allasorias.hu\\\/hirek\\\/wp-content\\\/uploads\\\/2022\\\/10\\\/Konyvelo-szakma.jpg\",\"@id\":\"https:\\\/\\\/allasorias.hu\\\/hirek\\\/a-kata-torveny-valtozas-egyik-hatasa\\\/#mainImage\",\"width\":1280,\"height\":853,\"caption\":\"A kata-t\\u00f6rv\\u00e9ny v\\u00e1ltoz\\u00e1s egyik hat\\u00e1sa - Allasorias.hu\\\/hirek\"},\"primaryImageOfPage\":{\"@id\":\"https:\\\/\\\/allasorias.hu\\\/hirek\\\/a-kata-torveny-valtozas-egyik-hatasa\\\/#mainImage\"},\"datePublished\":\"2022-10-17T08:33:02+02:00\",\"dateModified\":\"2022-10-17T08:33:02+02:00\"},{\"@type\":\"WebSite\",\"@id\":\"https:\\\/\\\/allasorias.hu\\\/hirek\\\/#website\",\"url\":\"https:\\\/\\\/allasorias.hu\\\/hirek\\\/\",\"name\":\"AllasOrias.hu | H\\u00edrek-lapszemle\",\"description\":\"\\u00dczleti h\\u00edrek az \\u00e1ll\\u00e1s \\u00e9s a munka vil\\u00e1g\\u00e1b\\u00f3l\",\"inLanguage\":\"hu-HU\",\"publisher\":{\"@id\":\"https:\\\/\\\/allasorias.hu\\\/hirek\\\/#organization\"}}]}\n\t\t<\/script>\n\t\t<!-- All in One SEO -->\n\n","aioseo_head_json":{"title":"A kata-t\u00f6rv\u00e9ny v\u00e1ltoz\u00e1s egyik hat\u00e1sa | Allasorias.hu","description":"A kata-t\u00f6rv\u00e9ny m\u00f3dos\u00edt\u00e1s\u00e1t k\u00f6vet\u0151en, rendk\u00edv\u00fcli m\u00e9rt\u00e9kben megugrott az ig\u00e9ny a k\u00f6nyvel\u0151kre, akik a jelenlegi l\u00e9tsz\u00e1mban nem tudj\u00e1k kiszolg\u00e1lni a keresletet.","canonical_url":"https:\/\/allasorias.hu\/hirek\/a-kata-torveny-valtozas-egyik-hatasa\/","robots":"max-image-preview:large","keywords":"hi\u00e1nyszakma,kata-t\u00f6rv\u00e9ny,k\u00f6nyvel\u0151","webmasterTools":{"miscellaneous":""},"schema":{"@context":"https:\/\/schema.org","@graph":[{"@type":"Article","@id":"https:\/\/allasorias.hu\/hirek\/a-kata-torveny-valtozas-egyik-hatasa\/#article","name":"A kata-t\u00f6rv\u00e9ny v\u00e1ltoz\u00e1s egyik hat\u00e1sa | Allasorias.hu","headline":"A kata-t\u00f6rv\u00e9ny v\u00e1ltoz\u00e1s egyik hat\u00e1sa","author":{"@id":"https:\/\/allasorias.hu\/hirek\/author\/admin-allasorias\/#author"},"publisher":{"@id":"https:\/\/allasorias.hu\/hirek\/#organization"},"image":{"@type":"ImageObject","url":"https:\/\/allasorias.hu\/hirek\/wp-content\/uploads\/2022\/10\/Konyvelo-szakma.jpg","width":1280,"height":853,"caption":"A kata-t\u00f6rv\u00e9ny v\u00e1ltoz\u00e1s egyik hat\u00e1sa - Allasorias.hu\/hirek"},"datePublished":"2022-10-17T08:33:02+02:00","dateModified":"2022-10-17T08:33:02+02:00","inLanguage":"hu-HU","mainEntityOfPage":{"@id":"https:\/\/allasorias.hu\/hirek\/a-kata-torveny-valtozas-egyik-hatasa\/#webpage"},"isPartOf":{"@id":"https:\/\/allasorias.hu\/hirek\/a-kata-torveny-valtozas-egyik-hatasa\/#webpage"},"articleSection":"Gazdas\u00e1g, Hi\u00e1nyszakm\u00e1k, hi\u00e1nyszakma, Kata-t\u00f6rv\u00e9ny, k\u00f6nyvel\u0151"},{"@type":"BreadcrumbList","@id":"https:\/\/allasorias.hu\/hirek\/a-kata-torveny-valtozas-egyik-hatasa\/#breadcrumblist","itemListElement":[{"@type":"ListItem","@id":"https:\/\/allasorias.hu\/hirek#listItem","position":1,"name":"Home","item":"https:\/\/allasorias.hu\/hirek","nextItem":{"@type":"ListItem","@id":"https:\/\/allasorias.hu\/hirek\/temak\/gazdasag\/#listItem","name":"Gazdas\u00e1g"}},{"@type":"ListItem","@id":"https:\/\/allasorias.hu\/hirek\/temak\/gazdasag\/#listItem","position":2,"name":"Gazdas\u00e1g","item":"https:\/\/allasorias.hu\/hirek\/temak\/gazdasag\/","nextItem":{"@type":"ListItem","@id":"https:\/\/allasorias.hu\/hirek\/a-kata-torveny-valtozas-egyik-hatasa\/#listItem","name":"A kata-t\u00f6rv\u00e9ny v\u00e1ltoz\u00e1s egyik hat\u00e1sa"},"previousItem":{"@type":"ListItem","@id":"https:\/\/allasorias.hu\/hirek#listItem","name":"Home"}},{"@type":"ListItem","@id":"https:\/\/allasorias.hu\/hirek\/a-kata-torveny-valtozas-egyik-hatasa\/#listItem","position":3,"name":"A kata-t\u00f6rv\u00e9ny v\u00e1ltoz\u00e1s egyik hat\u00e1sa","previousItem":{"@type":"ListItem","@id":"https:\/\/allasorias.hu\/hirek\/temak\/gazdasag\/#listItem","name":"Gazdas\u00e1g"}}]},{"@type":"Organization","@id":"https:\/\/allasorias.hu\/hirek\/#organization","name":"AllasOrias.hu | H\u00edrek-lapszemle","description":"\u00dczleti h\u00edrek az \u00e1ll\u00e1s \u00e9s a munka vil\u00e1g\u00e1b\u00f3l","url":"https:\/\/allasorias.hu\/hirek\/","logo":{"@type":"ImageObject","url":"https:\/\/allasorias.hu\/hirek\/wp-content\/uploads\/2022\/10\/allasorias_site_facebok_logo.png","@id":"https:\/\/allasorias.hu\/hirek\/a-kata-torveny-valtozas-egyik-hatasa\/#organizationLogo"},"image":{"@id":"https:\/\/allasorias.hu\/hirek\/a-kata-torveny-valtozas-egyik-hatasa\/#organizationLogo"},"sameAs":["https:\/\/www.facebook.com\/allasorias","https:\/\/www.linkedin.com\/company\/allasorias"]},{"@type":"Person","@id":"https:\/\/allasorias.hu\/hirek\/author\/admin-allasorias\/#author","url":"https:\/\/allasorias.hu\/hirek\/author\/admin-allasorias\/","name":"Juh\u00e1sz P\u00e9ter","image":{"@type":"ImageObject","@id":"https:\/\/allasorias.hu\/hirek\/a-kata-torveny-valtozas-egyik-hatasa\/#authorImage","url":"https:\/\/secure.gravatar.com\/avatar\/36e6bcb83148978b992977cb0f54d22feb0cce8a0a849a9410532bb2623ba4c6?s=96&d=mm&r=g","width":96,"height":96,"caption":"Juh\u00e1sz P\u00e9ter"}},{"@type":"WebPage","@id":"https:\/\/allasorias.hu\/hirek\/a-kata-torveny-valtozas-egyik-hatasa\/#webpage","url":"https:\/\/allasorias.hu\/hirek\/a-kata-torveny-valtozas-egyik-hatasa\/","name":"A kata-t\u00f6rv\u00e9ny v\u00e1ltoz\u00e1s egyik hat\u00e1sa | Allasorias.hu","description":"A kata-t\u00f6rv\u00e9ny m\u00f3dos\u00edt\u00e1s\u00e1t k\u00f6vet\u0151en, rendk\u00edv\u00fcli m\u00e9rt\u00e9kben megugrott az ig\u00e9ny a k\u00f6nyvel\u0151kre, akik a jelenlegi l\u00e9tsz\u00e1mban nem tudj\u00e1k kiszolg\u00e1lni a keresletet.","inLanguage":"hu-HU","isPartOf":{"@id":"https:\/\/allasorias.hu\/hirek\/#website"},"breadcrumb":{"@id":"https:\/\/allasorias.hu\/hirek\/a-kata-torveny-valtozas-egyik-hatasa\/#breadcrumblist"},"author":{"@id":"https:\/\/allasorias.hu\/hirek\/author\/admin-allasorias\/#author"},"creator":{"@id":"https:\/\/allasorias.hu\/hirek\/author\/admin-allasorias\/#author"},"image":{"@type":"ImageObject","url":"https:\/\/allasorias.hu\/hirek\/wp-content\/uploads\/2022\/10\/Konyvelo-szakma.jpg","@id":"https:\/\/allasorias.hu\/hirek\/a-kata-torveny-valtozas-egyik-hatasa\/#mainImage","width":1280,"height":853,"caption":"A kata-t\u00f6rv\u00e9ny v\u00e1ltoz\u00e1s egyik hat\u00e1sa - Allasorias.hu\/hirek"},"primaryImageOfPage":{"@id":"https:\/\/allasorias.hu\/hirek\/a-kata-torveny-valtozas-egyik-hatasa\/#mainImage"},"datePublished":"2022-10-17T08:33:02+02:00","dateModified":"2022-10-17T08:33:02+02:00"},{"@type":"WebSite","@id":"https:\/\/allasorias.hu\/hirek\/#website","url":"https:\/\/allasorias.hu\/hirek\/","name":"AllasOrias.hu | H\u00edrek-lapszemle","description":"\u00dczleti h\u00edrek az \u00e1ll\u00e1s \u00e9s a munka vil\u00e1g\u00e1b\u00f3l","inLanguage":"hu-HU","publisher":{"@id":"https:\/\/allasorias.hu\/hirek\/#organization"}}]},"og:locale":"hu_HU","og:site_name":"AllasOrias.hu | H\u00edrek-lapszemle | \u00dczleti h\u00edrek az \u00e1ll\u00e1s \u00e9s a munka vil\u00e1g\u00e1b\u00f3l","og:type":"article","og:title":"A kata-t\u00f6rv\u00e9ny v\u00e1ltoz\u00e1s egyik hat\u00e1sa | Allasorias.hu","og:description":"A kata-t\u00f6rv\u00e9ny m\u00f3dos\u00edt\u00e1s\u00e1t k\u00f6vet\u0151en, rendk\u00edv\u00fcli m\u00e9rt\u00e9kben megugrott az ig\u00e9ny a k\u00f6nyvel\u0151kre, akik a jelenlegi l\u00e9tsz\u00e1mban nem tudj\u00e1k kiszolg\u00e1lni a keresletet.","og:url":"https:\/\/allasorias.hu\/hirek\/a-kata-torveny-valtozas-egyik-hatasa\/","og:image":"https:\/\/allasorias.hu\/hirek\/wp-content\/uploads\/2022\/10\/Konyvelo-szakma.jpg","og:image:secure_url":"https:\/\/allasorias.hu\/hirek\/wp-content\/uploads\/2022\/10\/Konyvelo-szakma.jpg","og:image:width":1280,"og:image:height":853,"article:published_time":"2022-10-17T08:33:02+00:00","article:modified_time":"2022-10-17T08:33:02+00:00","article:publisher":"https:\/\/www.facebook.com\/allasorias","twitter:card":"summary_large_image","twitter:title":"A kata-t\u00f6rv\u00e9ny v\u00e1ltoz\u00e1s egyik hat\u00e1sa | Allasorias.hu","twitter:description":"A kata-t\u00f6rv\u00e9ny m\u00f3dos\u00edt\u00e1s\u00e1t k\u00f6vet\u0151en, rendk\u00edv\u00fcli m\u00e9rt\u00e9kben megugrott az ig\u00e9ny a k\u00f6nyvel\u0151kre, akik a jelenlegi l\u00e9tsz\u00e1mban nem tudj\u00e1k kiszolg\u00e1lni a keresletet.","twitter:image":"https:\/\/allasorias.hu\/hirek\/wp-content\/uploads\/2022\/10\/Konyvelo-szakma.jpg","twitter:label1":"Written by","twitter:data1":"Juh\u00e1sz P\u00e9ter","twitter:label2":"Est. reading time","twitter:data2":"2 minutes"},"aioseo_meta_data":{"post_id":"5892","title":"#post_title | Allasorias.hu","description":"A kata-t\u00f6rv\u00e9ny m\u00f3dos\u00edt\u00e1s\u00e1t k\u00f6vet\u0151en, rendk\u00edv\u00fcli m\u00e9rt\u00e9kben megugrott az ig\u00e9ny a k\u00f6nyvel\u0151kre, akik a jelenlegi l\u00e9tsz\u00e1mban nem tudj\u00e1k kiszolg\u00e1lni a keresletet.","keywords":[],"keyphrases":{"focus":{"keyphrase":"kata-t\u00f6rv\u00e9ny","score":80,"analysis":{"keyphraseInTitle":{"title":"Focus keyphrase in SEO title","description":"Focus keyphrase found in SEO title.","score":9,"maxScore":9,"error":0},"keyphraseInDescription":{"title":"Focus keyphrase in meta description","description":"Focus keyphrase found in meta description.","score":9,"maxScore":9,"error":0},"keyphraseLength":{"title":"Focus keyphrase length","description":"Good job!","score":9,"maxScore":9,"error":0,"length":1},"keyphraseInURL":{"title":"Focus keyphrase in URL","description":"Focus keyphrase not found in the URL.","score":1,"maxScore":5,"error":1},"keyphraseInIntroduction":{"title":"Focus keyphrase in introduction","description":"Your Focus keyphrase does not appear in the first paragraph. Make sure the topic is clear immediately.","score":3,"maxScore":9,"error":1},"keyphraseInSubHeadings":{"title":"Focus keyphrase in Subheadings","description":"Your H2 or H3 subheading reflects the topic of your copy. Good job!","score":9,"maxScore":9,"error":0},"keyphraseInImageAlt":[]}},"additional":[]},"primary_term":null,"canonical_url":null,"og_title":null,"og_description":null,"og_object_type":"default","og_image_type":"default","og_image_url":null,"og_image_width":null,"og_image_height":null,"og_image_custom_url":null,"og_image_custom_fields":null,"og_video":"","og_custom_url":null,"og_article_section":null,"og_article_tags":[],"twitter_use_og":true,"twitter_card":"default","twitter_image_type":"default","twitter_image_url":null,"twitter_image_custom_url":null,"twitter_image_custom_fields":null,"twitter_title":null,"twitter_description":null,"schema":{"blockGraphs":[],"customGraphs":[],"default":{"data":{"Article":[],"Course":[],"Dataset":[],"FAQPage":[],"Movie":[],"Person":[],"Product":[],"ProductReview":[],"Car":[],"Recipe":[],"Service":[],"SoftwareApplication":[],"WebPage":[]},"graphName":"Article","isEnabled":true},"graphs":[]},"schema_type":"default","schema_type_options":null,"pillar_content":false,"robots_default":true,"robots_noindex":false,"robots_noarchive":false,"robots_nosnippet":false,"robots_nofollow":false,"robots_noimageindex":false,"robots_noodp":false,"robots_notranslate":false,"robots_max_snippet":"-1","robots_max_videopreview":"-1","robots_max_imagepreview":"large","priority":null,"frequency":"default","location":null,"local_seo":null,"breadcrumb_settings":null,"limit_modified_date":false,"ai":null,"created":"2022-10-17 08:12:38","updated":"2025-10-02 17:20:33","seo_analyzer_scan_date":null,"focus_keyword":"kata-t\u00f6rv\u00e9ny","additional_keywords":null,"truseo_locale":null},"aioseo_breadcrumb":"<div class=\"aioseo-breadcrumbs\"><span class=\"aioseo-breadcrumb\">\n\t\t\t<a href=\"https:\/\/allasorias.hu\/hirek\" title=\"Home\">Home<\/a>\n\t\t<\/span><span class=\"aioseo-breadcrumb-separator\">&raquo;<\/span><span class=\"aioseo-breadcrumb\">\n\t\t\t<a href=\"https:\/\/allasorias.hu\/hirek\/temak\/gazdasag\/\" title=\"Gazdas\u00e1g\">Gazdas\u00e1g<\/a>\n\t\t<\/span><span class=\"aioseo-breadcrumb-separator\">&raquo;<\/span><span class=\"aioseo-breadcrumb\">\n\t\t\tA kata-t\u00f6rv\u00e9ny v\u00e1ltoz\u00e1s egyik hat\u00e1sa\n\t\t<\/span><\/div>","aioseo_breadcrumb_json":[{"label":"Home","link":"https:\/\/allasorias.hu\/hirek"},{"label":"Gazdas\u00e1g","link":"https:\/\/allasorias.hu\/hirek\/temak\/gazdasag\/"},{"label":"A kata-t\u00f6rv\u00e9ny v\u00e1ltoz\u00e1s egyik hat\u00e1sa","link":"https:\/\/allasorias.hu\/hirek\/a-kata-torveny-valtozas-egyik-hatasa\/"}],"_links":{"self":[{"href":"https:\/\/allasorias.hu\/hirek\/wp-json\/wp\/v2\/posts\/5892","targetHints":{"allow":["GET"]}}],"collection":[{"href":"https:\/\/allasorias.hu\/hirek\/wp-json\/wp\/v2\/posts"}],"about":[{"href":"https:\/\/allasorias.hu\/hirek\/wp-json\/wp\/v2\/types\/post"}],"author":[{"embeddable":true,"href":"https:\/\/allasorias.hu\/hirek\/wp-json\/wp\/v2\/users\/1"}],"replies":[{"embeddable":true,"href":"https:\/\/allasorias.hu\/hirek\/wp-json\/wp\/v2\/comments?post=5892"}],"version-history":[{"count":1,"href":"https:\/\/allasorias.hu\/hirek\/wp-json\/wp\/v2\/posts\/5892\/revisions"}],"predecessor-version":[{"id":5894,"href":"https:\/\/allasorias.hu\/hirek\/wp-json\/wp\/v2\/posts\/5892\/revisions\/5894"}],"wp:featuredmedia":[{"embeddable":true,"href":"https:\/\/allasorias.hu\/hirek\/wp-json\/wp\/v2\/media\/5893"}],"wp:attachment":[{"href":"https:\/\/allasorias.hu\/hirek\/wp-json\/wp\/v2\/media?parent=5892"}],"wp:term":[{"taxonomy":"category","embeddable":true,"href":"https:\/\/allasorias.hu\/hirek\/wp-json\/wp\/v2\/categories?post=5892"},{"taxonomy":"post_tag","embeddable":true,"href":"https:\/\/allasorias.hu\/hirek\/wp-json\/wp\/v2\/tags?post=5892"}],"curies":[{"name":"wp","href":"https:\/\/api.w.org\/{rel}","templated":true}]}}