{"id":5862,"date":"2022-10-07T08:04:10","date_gmt":"2022-10-07T08:04:10","guid":{"rendered":"https:\/\/allasorias.hu\/hirek\/?p=5862"},"modified":"2022-10-07T08:04:10","modified_gmt":"2022-10-07T08:04:10","slug":"mi-lesz-a-haziorvosi-praxisokkal","status":"publish","type":"post","link":"https:\/\/allasorias.hu\/hirek\/mi-lesz-a-haziorvosi-praxisokkal\/","title":{"rendered":"Mi lesz a h\u00e1ziorvosi praxisokkal?"},"content":{"rendered":"<p><strong>Az orsz\u00e1g k\u00f6zel 6500 \u00e1ll\u00e1shely\u00e9nek 11 sz\u00e1zal\u00e9ka v\u00e1rja a jelentkez\u0151ket, a GKI elemz\u00e9se szerint 2010 \u00e9s 2021 k\u00f6z\u00f6tt 10 sz\u00e1zal\u00e9kkal cs\u00f6kkent a h\u00e1ziorvosok sz\u00e1ma az orsz\u00e1gban. Budapesttel egy\u00fctt 516 telep\u00fcl\u00e9sen \u00f6sszesen 687 h\u00e1ziorvosi praxisba nem tal\u00e1lnak orvost az \u00f6nkorm\u00e1nyzatok.<\/strong><\/p>\n<p>A Kom\u00e1rom-Esztergom megyei Kocs telep\u00fcl\u00e9sen 2006 \u00f3ta \u00fcres a praxis. Az ATV H\u00edrad\u00f3 riportja. Az orsz\u00e1g keleti \u00e9s \u00e9szakkeleti r\u00e9szein a legrosszabb a helyzet, ezeken a helyeken van a legt\u00f6bb \u00fcresen \u00e1ll\u00f3 h\u00e1ziorvosi praxis. A N\u00f3gr\u00e1d megyei Endrefalv\u00e1n is \u00e9vek \u00f3ta keresik a megold\u00e1st, \u00e1m senki nem jelentkezik a felh\u00edv\u00e1sukra, a telep\u00fcl\u00e9s aljegyz\u0151je azt mondta, hogy hi\u00e1ba \u00e9rn\u00e9 meg anyagilag \u00e9s erk\u00f6lcsileg is n\u00e1luk dolgozni, nem \u00e9rkezik senki m\u00e1r 5 \u00e9ve.\u00a0 \u201eAz\u00e9rt nem szeretn\u00e9nek h\u00e1ziorvosi praxisba j\u00f6nni, mert nagyon magukra vannak utalva. M\u00edg egy k\u00f3rh\u00e1zban egy oszt\u00e1lyon sz\u00e1mos tapasztalt orvossal tudnak konzult\u00e1lni, itt a v\u00e9geken, a kistele\u00fcl\u00e9seken nincsen kivel k\u00e9rdezni\u00fck, nincsen kit\u0151l tan\u00e1csot k\u00e9rni\u00fck\u201d \u2013 mondta az aljegyz\u0151.<\/p>\n<h2>H\u00e1ziorvosi juttat\u00e1sok<\/h2>\n<p><a href=\"https:\/\/allasorias.hu\/hirek\/wp-content\/uploads\/2022\/10\/Haziorvosi-juttatasok.jpg\"><img loading=\"lazy\" decoding=\"async\" class=\"alignnone wp-image-5863 size-full\" src=\"https:\/\/allasorias.hu\/hirek\/wp-content\/uploads\/2022\/10\/Haziorvosi-juttatasok.jpg\" alt=\"H\u00e1ziorvosi juttat\u00e1sok\" width=\"448\" height=\"299\" srcset=\"https:\/\/allasorias.hu\/hirek\/wp-content\/uploads\/2022\/10\/Haziorvosi-juttatasok.jpg 448w, https:\/\/allasorias.hu\/hirek\/wp-content\/uploads\/2022\/10\/Haziorvosi-juttatasok-300x200.jpg 300w\" sizes=\"auto, (max-width: 448px) 100vw, 448px\" \/><\/a><\/p>\n<p>Szolg\u00e1lati lak\u00e1s, 20 milli\u00f3 forintos leteleped\u00e9si t\u00e1mogat\u00e1s \u00e9s vadonat\u00faj rendel\u0151 v\u00e1rn\u00e1 a faluba \u00e9rkez\u0151 orvost, de hi\u00e1ba, az itt \u00e9l\u0151knek utazni kell, ha nincs rendel\u00e9s. A Hajd\u00fa-Bihar megyei Kokadon is probl\u00e9m\u00e1t okoz a h\u00e1ziorvos hi\u00e1nya. A kor\u00e1bbi orvos nyugd\u00edjba ment, beteg is lett, a praxist nem tudta eladni, helyettes\u00edt\u0151 orvos dolgozik itt m\u00e1r hat \u00e9ve. \u201eEgy-k\u00e9t alkalommal volt csak, hogy \u00e9rdekl\u0151dtek, de a praxist megvenni, a kicsi k\u00e1rtyasz\u00e1m miatt \u2013 685-en \u00e9l\u00fcnk ezen a telep\u00fcl\u00e9sen \u2013 nem v\u00e1s\u00e1rolta meg senki\u201d \u2013 fogalmazott Ozsv\u00e1th Istv\u00e1n, a telep\u00fcl\u00e9s polg\u00e1rmestere. A helyettes\u00edt\u0151 orvossal mindenki el\u00e9gedett a faluban, de \u00f6r\u00fcln\u00e9nek egy saj\u00e1t orvosnak, mert most csak heti egy alkalommal van rendel\u00e9s. A legt\u00f6bb praxis, 73 Borsod megy\u00e9ben \u00e1ll \u00fcresen, de Budapesten is 59 rendel\u0151 v\u00e1rja az orvost.<\/p>\n<p>Forr\u00e1s: atv.hu<\/p>\n","protected":false},"excerpt":{"rendered":"<p>Az orsz\u00e1g k\u00f6zel 6500 \u00e1ll\u00e1shely\u00e9nek 11 sz\u00e1zal\u00e9ka v\u00e1rja a jelentkez\u0151ket, a GKI elemz\u00e9se szerint 2010 \u00e9s 2021 k\u00f6z\u00f6tt 10 sz\u00e1zal\u00e9kkal cs\u00f6kkent a h\u00e1ziorvosok sz\u00e1ma az orsz\u00e1gban. Budapesttel egy\u00fctt 516 telep\u00fcl\u00e9sen \u00f6sszesen 687 h\u00e1ziorvosi praxisba nem tal\u00e1lnak orvost az \u00f6nkorm\u00e1nyzatok. A Kom\u00e1rom-Esztergom megyei Kocs telep\u00fcl\u00e9sen 2006 \u00f3ta \u00fcres a praxis. Az ATV H\u00edrad\u00f3 riportja. Az orsz\u00e1g [&hellip;]<\/p>\n","protected":false},"author":1,"featured_media":5864,"comment_status":"open","ping_status":"open","sticky":false,"template":"","format":"standard","meta":{"_monsterinsights_skip_tracking":false,"footnotes":""},"categories":[203,200],"tags":[],"class_list":["post-5862","post","type-post","status-publish","format-standard","has-post-thumbnail","hentry","category-hianyszakmak","category-munkaeropiac"],"aioseo_notices":[],"aioseo_head":"\n\t\t<!-- All in One SEO 5.0.0.1 - aioseo.com -->\n\t<meta name=\"description\" content=\"Budapesttel egy\u00fctt 516 telep\u00fcl\u00e9sen \u00f6sszesen 687 h\u00e1ziorvosi praxisba nem tal\u00e1lnak orvost az \u00f6nkorm\u00e1nyzatok. Az \u00e1ll\u00e1shely\u00e9nek 11 sz\u00e1zal\u00e9ka v\u00e1rja a jelentkez\u0151ket.\" \/>\n\t<meta name=\"robots\" content=\"max-image-preview:large\" \/>\n\t<meta name=\"author\" content=\"Juh\u00e1sz P\u00e9ter\"\/>\n\t<link rel=\"canonical\" href=\"https:\/\/allasorias.hu\/hirek\/mi-lesz-a-haziorvosi-praxisokkal\/\" \/>\n\t<meta name=\"generator\" content=\"All in One SEO (AIOSEO) 5.0.0.1\" \/>\n\t\t<meta property=\"og:locale\" content=\"hu_HU\" \/>\n\t\t<meta property=\"og:site_name\" content=\"AllasOrias.hu | H\u00edrek-lapszemle | \u00dczleti h\u00edrek az \u00e1ll\u00e1s \u00e9s a munka vil\u00e1g\u00e1b\u00f3l\" \/>\n\t\t<meta property=\"og:type\" content=\"article\" \/>\n\t\t<meta property=\"og:title\" content=\"Mi lesz a h\u00e1ziorvosi praxisokkal? | Allasorias.hu\" \/>\n\t\t<meta property=\"og:description\" content=\"Budapesttel egy\u00fctt 516 telep\u00fcl\u00e9sen \u00f6sszesen 687 h\u00e1ziorvosi praxisba nem tal\u00e1lnak orvost az \u00f6nkorm\u00e1nyzatok. Az \u00e1ll\u00e1shely\u00e9nek 11 sz\u00e1zal\u00e9ka v\u00e1rja a jelentkez\u0151ket.\" \/>\n\t\t<meta property=\"og:url\" content=\"https:\/\/allasorias.hu\/hirek\/mi-lesz-a-haziorvosi-praxisokkal\/\" \/>\n\t\t<meta property=\"og:image\" content=\"https:\/\/allasorias.hu\/hirek\/wp-content\/uploads\/2022\/10\/Haziorvosi-praxis.jpg\" \/>\n\t\t<meta property=\"og:image:secure_url\" content=\"https:\/\/allasorias.hu\/hirek\/wp-content\/uploads\/2022\/10\/Haziorvosi-praxis.jpg\" \/>\n\t\t<meta property=\"og:image:width\" content=\"1920\" \/>\n\t\t<meta property=\"og:image:height\" content=\"1280\" \/>\n\t\t<meta property=\"article:published_time\" content=\"2022-10-07T08:04:10+00:00\" \/>\n\t\t<meta property=\"article:modified_time\" content=\"2022-10-07T08:04:10+00:00\" \/>\n\t\t<meta property=\"article:publisher\" content=\"https:\/\/www.facebook.com\/allasorias\" \/>\n\t\t<meta name=\"twitter:card\" content=\"summary_large_image\" \/>\n\t\t<meta name=\"twitter:title\" content=\"Mi lesz a h\u00e1ziorvosi praxisokkal? | Allasorias.hu\" \/>\n\t\t<meta name=\"twitter:description\" content=\"Budapesttel egy\u00fctt 516 telep\u00fcl\u00e9sen \u00f6sszesen 687 h\u00e1ziorvosi praxisba nem tal\u00e1lnak orvost az \u00f6nkorm\u00e1nyzatok. Az \u00e1ll\u00e1shely\u00e9nek 11 sz\u00e1zal\u00e9ka v\u00e1rja a jelentkez\u0151ket.\" \/>\n\t\t<meta name=\"twitter:image\" content=\"https:\/\/allasorias.hu\/hirek\/wp-content\/uploads\/2022\/10\/Haziorvosi-praxis.jpg\" \/>\n\t\t<meta name=\"twitter:label1\" content=\"Written by\" \/>\n\t\t<meta name=\"twitter:data1\" content=\"Juh\u00e1sz P\u00e9ter\" \/>\n\t\t<meta name=\"twitter:label2\" content=\"Est. reading time\" \/>\n\t\t<meta name=\"twitter:data2\" content=\"2 minutes\" \/>\n\t\t<script type=\"application\/ld+json\" class=\"aioseo-schema\">\n\t\t\t{\"@context\":\"https:\\\/\\\/schema.org\",\"@graph\":[{\"@type\":\"Article\",\"@id\":\"https:\\\/\\\/allasorias.hu\\\/hirek\\\/mi-lesz-a-haziorvosi-praxisokkal\\\/#article\",\"name\":\"Mi lesz a h\\u00e1ziorvosi praxisokkal? | Allasorias.hu\",\"headline\":\"Mi lesz a h\\u00e1ziorvosi praxisokkal?\",\"author\":{\"@id\":\"https:\\\/\\\/allasorias.hu\\\/hirek\\\/author\\\/admin-allasorias\\\/#author\"},\"publisher\":{\"@id\":\"https:\\\/\\\/allasorias.hu\\\/hirek\\\/#organization\"},\"image\":{\"@type\":\"ImageObject\",\"url\":\"https:\\\/\\\/allasorias.hu\\\/hirek\\\/wp-content\\\/uploads\\\/2022\\\/10\\\/Haziorvosi-praxis.jpg\",\"width\":1920,\"height\":1280,\"caption\":\"Mi lesz a h\\u00e1ziorvosi praxisokkal? - Allasorias.hu\\\/hirek\"},\"datePublished\":\"2022-10-07T08:04:10+02:00\",\"dateModified\":\"2022-10-07T08:04:10+02:00\",\"inLanguage\":\"hu-HU\",\"mainEntityOfPage\":{\"@id\":\"https:\\\/\\\/allasorias.hu\\\/hirek\\\/mi-lesz-a-haziorvosi-praxisokkal\\\/#webpage\"},\"isPartOf\":{\"@id\":\"https:\\\/\\\/allasorias.hu\\\/hirek\\\/mi-lesz-a-haziorvosi-praxisokkal\\\/#webpage\"},\"articleSection\":\"Hi\\u00e1nyszakm\\u00e1k, Munkaer\\u0151piac\"},{\"@type\":\"BreadcrumbList\",\"@id\":\"https:\\\/\\\/allasorias.hu\\\/hirek\\\/mi-lesz-a-haziorvosi-praxisokkal\\\/#breadcrumblist\",\"itemListElement\":[{\"@type\":\"ListItem\",\"@id\":\"https:\\\/\\\/allasorias.hu\\\/hirek#listItem\",\"position\":1,\"name\":\"Home\",\"item\":\"https:\\\/\\\/allasorias.hu\\\/hirek\",\"nextItem\":{\"@type\":\"ListItem\",\"@id\":\"https:\\\/\\\/allasorias.hu\\\/hirek\\\/temak\\\/munkaeropiac\\\/#listItem\",\"name\":\"Munkaer\\u0151piac\"}},{\"@type\":\"ListItem\",\"@id\":\"https:\\\/\\\/allasorias.hu\\\/hirek\\\/temak\\\/munkaeropiac\\\/#listItem\",\"position\":2,\"name\":\"Munkaer\\u0151piac\",\"item\":\"https:\\\/\\\/allasorias.hu\\\/hirek\\\/temak\\\/munkaeropiac\\\/\",\"nextItem\":{\"@type\":\"ListItem\",\"@id\":\"https:\\\/\\\/allasorias.hu\\\/hirek\\\/mi-lesz-a-haziorvosi-praxisokkal\\\/#listItem\",\"name\":\"Mi lesz a h\\u00e1ziorvosi praxisokkal?\"},\"previousItem\":{\"@type\":\"ListItem\",\"@id\":\"https:\\\/\\\/allasorias.hu\\\/hirek#listItem\",\"name\":\"Home\"}},{\"@type\":\"ListItem\",\"@id\":\"https:\\\/\\\/allasorias.hu\\\/hirek\\\/mi-lesz-a-haziorvosi-praxisokkal\\\/#listItem\",\"position\":3,\"name\":\"Mi lesz a h\\u00e1ziorvosi praxisokkal?\",\"previousItem\":{\"@type\":\"ListItem\",\"@id\":\"https:\\\/\\\/allasorias.hu\\\/hirek\\\/temak\\\/munkaeropiac\\\/#listItem\",\"name\":\"Munkaer\\u0151piac\"}}]},{\"@type\":\"Organization\",\"@id\":\"https:\\\/\\\/allasorias.hu\\\/hirek\\\/#organization\",\"name\":\"AllasOrias.hu | H\\u00edrek-lapszemle\",\"description\":\"\\u00dczleti h\\u00edrek az \\u00e1ll\\u00e1s \\u00e9s a munka vil\\u00e1g\\u00e1b\\u00f3l\",\"url\":\"https:\\\/\\\/allasorias.hu\\\/hirek\\\/\",\"logo\":{\"@type\":\"ImageObject\",\"url\":\"https:\\\/\\\/allasorias.hu\\\/hirek\\\/wp-content\\\/uploads\\\/2022\\\/10\\\/allasorias_site_facebok_logo.png\",\"@id\":\"https:\\\/\\\/allasorias.hu\\\/hirek\\\/mi-lesz-a-haziorvosi-praxisokkal\\\/#organizationLogo\"},\"image\":{\"@id\":\"https:\\\/\\\/allasorias.hu\\\/hirek\\\/mi-lesz-a-haziorvosi-praxisokkal\\\/#organizationLogo\"},\"sameAs\":[\"https:\\\/\\\/www.facebook.com\\\/allasorias\",\"https:\\\/\\\/www.linkedin.com\\\/company\\\/allasorias\"]},{\"@type\":\"Person\",\"@id\":\"https:\\\/\\\/allasorias.hu\\\/hirek\\\/author\\\/admin-allasorias\\\/#author\",\"url\":\"https:\\\/\\\/allasorias.hu\\\/hirek\\\/author\\\/admin-allasorias\\\/\",\"name\":\"Juh\\u00e1sz P\\u00e9ter\",\"image\":{\"@type\":\"ImageObject\",\"@id\":\"https:\\\/\\\/allasorias.hu\\\/hirek\\\/mi-lesz-a-haziorvosi-praxisokkal\\\/#authorImage\",\"url\":\"https:\\\/\\\/secure.gravatar.com\\\/avatar\\\/36e6bcb83148978b992977cb0f54d22feb0cce8a0a849a9410532bb2623ba4c6?s=96&d=mm&r=g\",\"width\":96,\"height\":96,\"caption\":\"Juh\\u00e1sz P\\u00e9ter\"}},{\"@type\":\"WebPage\",\"@id\":\"https:\\\/\\\/allasorias.hu\\\/hirek\\\/mi-lesz-a-haziorvosi-praxisokkal\\\/#webpage\",\"url\":\"https:\\\/\\\/allasorias.hu\\\/hirek\\\/mi-lesz-a-haziorvosi-praxisokkal\\\/\",\"name\":\"Mi lesz a h\\u00e1ziorvosi praxisokkal? | Allasorias.hu\",\"description\":\"Budapesttel egy\\u00fctt 516 telep\\u00fcl\\u00e9sen \\u00f6sszesen 687 h\\u00e1ziorvosi praxisba nem tal\\u00e1lnak orvost az \\u00f6nkorm\\u00e1nyzatok. Az \\u00e1ll\\u00e1shely\\u00e9nek 11 sz\\u00e1zal\\u00e9ka v\\u00e1rja a jelentkez\\u0151ket.\",\"inLanguage\":\"hu-HU\",\"isPartOf\":{\"@id\":\"https:\\\/\\\/allasorias.hu\\\/hirek\\\/#website\"},\"breadcrumb\":{\"@id\":\"https:\\\/\\\/allasorias.hu\\\/hirek\\\/mi-lesz-a-haziorvosi-praxisokkal\\\/#breadcrumblist\"},\"author\":{\"@id\":\"https:\\\/\\\/allasorias.hu\\\/hirek\\\/author\\\/admin-allasorias\\\/#author\"},\"creator\":{\"@id\":\"https:\\\/\\\/allasorias.hu\\\/hirek\\\/author\\\/admin-allasorias\\\/#author\"},\"image\":{\"@type\":\"ImageObject\",\"url\":\"https:\\\/\\\/allasorias.hu\\\/hirek\\\/wp-content\\\/uploads\\\/2022\\\/10\\\/Haziorvosi-praxis.jpg\",\"@id\":\"https:\\\/\\\/allasorias.hu\\\/hirek\\\/mi-lesz-a-haziorvosi-praxisokkal\\\/#mainImage\",\"width\":1920,\"height\":1280,\"caption\":\"Mi lesz a h\\u00e1ziorvosi praxisokkal? - Allasorias.hu\\\/hirek\"},\"primaryImageOfPage\":{\"@id\":\"https:\\\/\\\/allasorias.hu\\\/hirek\\\/mi-lesz-a-haziorvosi-praxisokkal\\\/#mainImage\"},\"datePublished\":\"2022-10-07T08:04:10+02:00\",\"dateModified\":\"2022-10-07T08:04:10+02:00\"},{\"@type\":\"WebSite\",\"@id\":\"https:\\\/\\\/allasorias.hu\\\/hirek\\\/#website\",\"url\":\"https:\\\/\\\/allasorias.hu\\\/hirek\\\/\",\"name\":\"AllasOrias.hu | H\\u00edrek-lapszemle\",\"description\":\"\\u00dczleti h\\u00edrek az \\u00e1ll\\u00e1s \\u00e9s a munka vil\\u00e1g\\u00e1b\\u00f3l\",\"inLanguage\":\"hu-HU\",\"publisher\":{\"@id\":\"https:\\\/\\\/allasorias.hu\\\/hirek\\\/#organization\"}}]}\n\t\t<\/script>\n\t\t<!-- All in One SEO -->\n\n","aioseo_head_json":{"title":"Mi lesz a h\u00e1ziorvosi praxisokkal? | Allasorias.hu","description":"Budapesttel egy\u00fctt 516 telep\u00fcl\u00e9sen \u00f6sszesen 687 h\u00e1ziorvosi praxisba nem tal\u00e1lnak orvost az \u00f6nkorm\u00e1nyzatok. Az \u00e1ll\u00e1shely\u00e9nek 11 sz\u00e1zal\u00e9ka v\u00e1rja a jelentkez\u0151ket.","canonical_url":"https:\/\/allasorias.hu\/hirek\/mi-lesz-a-haziorvosi-praxisokkal\/","robots":"max-image-preview:large","keywords":"","webmasterTools":{"miscellaneous":""},"schema":{"@context":"https:\/\/schema.org","@graph":[{"@type":"Article","@id":"https:\/\/allasorias.hu\/hirek\/mi-lesz-a-haziorvosi-praxisokkal\/#article","name":"Mi lesz a h\u00e1ziorvosi praxisokkal? | Allasorias.hu","headline":"Mi lesz a h\u00e1ziorvosi praxisokkal?","author":{"@id":"https:\/\/allasorias.hu\/hirek\/author\/admin-allasorias\/#author"},"publisher":{"@id":"https:\/\/allasorias.hu\/hirek\/#organization"},"image":{"@type":"ImageObject","url":"https:\/\/allasorias.hu\/hirek\/wp-content\/uploads\/2022\/10\/Haziorvosi-praxis.jpg","width":1920,"height":1280,"caption":"Mi lesz a h\u00e1ziorvosi praxisokkal? - Allasorias.hu\/hirek"},"datePublished":"2022-10-07T08:04:10+02:00","dateModified":"2022-10-07T08:04:10+02:00","inLanguage":"hu-HU","mainEntityOfPage":{"@id":"https:\/\/allasorias.hu\/hirek\/mi-lesz-a-haziorvosi-praxisokkal\/#webpage"},"isPartOf":{"@id":"https:\/\/allasorias.hu\/hirek\/mi-lesz-a-haziorvosi-praxisokkal\/#webpage"},"articleSection":"Hi\u00e1nyszakm\u00e1k, Munkaer\u0151piac"},{"@type":"BreadcrumbList","@id":"https:\/\/allasorias.hu\/hirek\/mi-lesz-a-haziorvosi-praxisokkal\/#breadcrumblist","itemListElement":[{"@type":"ListItem","@id":"https:\/\/allasorias.hu\/hirek#listItem","position":1,"name":"Home","item":"https:\/\/allasorias.hu\/hirek","nextItem":{"@type":"ListItem","@id":"https:\/\/allasorias.hu\/hirek\/temak\/munkaeropiac\/#listItem","name":"Munkaer\u0151piac"}},{"@type":"ListItem","@id":"https:\/\/allasorias.hu\/hirek\/temak\/munkaeropiac\/#listItem","position":2,"name":"Munkaer\u0151piac","item":"https:\/\/allasorias.hu\/hirek\/temak\/munkaeropiac\/","nextItem":{"@type":"ListItem","@id":"https:\/\/allasorias.hu\/hirek\/mi-lesz-a-haziorvosi-praxisokkal\/#listItem","name":"Mi lesz a h\u00e1ziorvosi praxisokkal?"},"previousItem":{"@type":"ListItem","@id":"https:\/\/allasorias.hu\/hirek#listItem","name":"Home"}},{"@type":"ListItem","@id":"https:\/\/allasorias.hu\/hirek\/mi-lesz-a-haziorvosi-praxisokkal\/#listItem","position":3,"name":"Mi lesz a h\u00e1ziorvosi praxisokkal?","previousItem":{"@type":"ListItem","@id":"https:\/\/allasorias.hu\/hirek\/temak\/munkaeropiac\/#listItem","name":"Munkaer\u0151piac"}}]},{"@type":"Organization","@id":"https:\/\/allasorias.hu\/hirek\/#organization","name":"AllasOrias.hu | H\u00edrek-lapszemle","description":"\u00dczleti h\u00edrek az \u00e1ll\u00e1s \u00e9s a munka vil\u00e1g\u00e1b\u00f3l","url":"https:\/\/allasorias.hu\/hirek\/","logo":{"@type":"ImageObject","url":"https:\/\/allasorias.hu\/hirek\/wp-content\/uploads\/2022\/10\/allasorias_site_facebok_logo.png","@id":"https:\/\/allasorias.hu\/hirek\/mi-lesz-a-haziorvosi-praxisokkal\/#organizationLogo"},"image":{"@id":"https:\/\/allasorias.hu\/hirek\/mi-lesz-a-haziorvosi-praxisokkal\/#organizationLogo"},"sameAs":["https:\/\/www.facebook.com\/allasorias","https:\/\/www.linkedin.com\/company\/allasorias"]},{"@type":"Person","@id":"https:\/\/allasorias.hu\/hirek\/author\/admin-allasorias\/#author","url":"https:\/\/allasorias.hu\/hirek\/author\/admin-allasorias\/","name":"Juh\u00e1sz P\u00e9ter","image":{"@type":"ImageObject","@id":"https:\/\/allasorias.hu\/hirek\/mi-lesz-a-haziorvosi-praxisokkal\/#authorImage","url":"https:\/\/secure.gravatar.com\/avatar\/36e6bcb83148978b992977cb0f54d22feb0cce8a0a849a9410532bb2623ba4c6?s=96&d=mm&r=g","width":96,"height":96,"caption":"Juh\u00e1sz P\u00e9ter"}},{"@type":"WebPage","@id":"https:\/\/allasorias.hu\/hirek\/mi-lesz-a-haziorvosi-praxisokkal\/#webpage","url":"https:\/\/allasorias.hu\/hirek\/mi-lesz-a-haziorvosi-praxisokkal\/","name":"Mi lesz a h\u00e1ziorvosi praxisokkal? | Allasorias.hu","description":"Budapesttel egy\u00fctt 516 telep\u00fcl\u00e9sen \u00f6sszesen 687 h\u00e1ziorvosi praxisba nem tal\u00e1lnak orvost az \u00f6nkorm\u00e1nyzatok. Az \u00e1ll\u00e1shely\u00e9nek 11 sz\u00e1zal\u00e9ka v\u00e1rja a jelentkez\u0151ket.","inLanguage":"hu-HU","isPartOf":{"@id":"https:\/\/allasorias.hu\/hirek\/#website"},"breadcrumb":{"@id":"https:\/\/allasorias.hu\/hirek\/mi-lesz-a-haziorvosi-praxisokkal\/#breadcrumblist"},"author":{"@id":"https:\/\/allasorias.hu\/hirek\/author\/admin-allasorias\/#author"},"creator":{"@id":"https:\/\/allasorias.hu\/hirek\/author\/admin-allasorias\/#author"},"image":{"@type":"ImageObject","url":"https:\/\/allasorias.hu\/hirek\/wp-content\/uploads\/2022\/10\/Haziorvosi-praxis.jpg","@id":"https:\/\/allasorias.hu\/hirek\/mi-lesz-a-haziorvosi-praxisokkal\/#mainImage","width":1920,"height":1280,"caption":"Mi lesz a h\u00e1ziorvosi praxisokkal? - Allasorias.hu\/hirek"},"primaryImageOfPage":{"@id":"https:\/\/allasorias.hu\/hirek\/mi-lesz-a-haziorvosi-praxisokkal\/#mainImage"},"datePublished":"2022-10-07T08:04:10+02:00","dateModified":"2022-10-07T08:04:10+02:00"},{"@type":"WebSite","@id":"https:\/\/allasorias.hu\/hirek\/#website","url":"https:\/\/allasorias.hu\/hirek\/","name":"AllasOrias.hu | H\u00edrek-lapszemle","description":"\u00dczleti h\u00edrek az \u00e1ll\u00e1s \u00e9s a munka vil\u00e1g\u00e1b\u00f3l","inLanguage":"hu-HU","publisher":{"@id":"https:\/\/allasorias.hu\/hirek\/#organization"}}]},"og:locale":"hu_HU","og:site_name":"AllasOrias.hu | H\u00edrek-lapszemle | \u00dczleti h\u00edrek az \u00e1ll\u00e1s \u00e9s a munka vil\u00e1g\u00e1b\u00f3l","og:type":"article","og:title":"Mi lesz a h\u00e1ziorvosi praxisokkal? | Allasorias.hu","og:description":"Budapesttel egy\u00fctt 516 telep\u00fcl\u00e9sen \u00f6sszesen 687 h\u00e1ziorvosi praxisba nem tal\u00e1lnak orvost az \u00f6nkorm\u00e1nyzatok. Az \u00e1ll\u00e1shely\u00e9nek 11 sz\u00e1zal\u00e9ka v\u00e1rja a jelentkez\u0151ket.","og:url":"https:\/\/allasorias.hu\/hirek\/mi-lesz-a-haziorvosi-praxisokkal\/","og:image":"https:\/\/allasorias.hu\/hirek\/wp-content\/uploads\/2022\/10\/Haziorvosi-praxis.jpg","og:image:secure_url":"https:\/\/allasorias.hu\/hirek\/wp-content\/uploads\/2022\/10\/Haziorvosi-praxis.jpg","og:image:width":1920,"og:image:height":1280,"article:published_time":"2022-10-07T08:04:10+00:00","article:modified_time":"2022-10-07T08:04:10+00:00","article:publisher":"https:\/\/www.facebook.com\/allasorias","twitter:card":"summary_large_image","twitter:title":"Mi lesz a h\u00e1ziorvosi praxisokkal? | Allasorias.hu","twitter:description":"Budapesttel egy\u00fctt 516 telep\u00fcl\u00e9sen \u00f6sszesen 687 h\u00e1ziorvosi praxisba nem tal\u00e1lnak orvost az \u00f6nkorm\u00e1nyzatok. Az \u00e1ll\u00e1shely\u00e9nek 11 sz\u00e1zal\u00e9ka v\u00e1rja a jelentkez\u0151ket.","twitter:image":"https:\/\/allasorias.hu\/hirek\/wp-content\/uploads\/2022\/10\/Haziorvosi-praxis.jpg","twitter:label1":"Written by","twitter:data1":"Juh\u00e1sz P\u00e9ter","twitter:label2":"Est. reading time","twitter:data2":"2 minutes"},"aioseo_meta_data":{"post_id":"5862","title":"#post_title | Allasorias.hu","description":"Budapesttel egy\u00fctt 516 telep\u00fcl\u00e9sen \u00f6sszesen 687 h\u00e1ziorvosi praxisba nem tal\u00e1lnak orvost az \u00f6nkorm\u00e1nyzatok. Az \u00e1ll\u00e1shely\u00e9nek 11 sz\u00e1zal\u00e9ka v\u00e1rja a jelentkez\u0151ket.","keywords":[],"keyphrases":{"focus":{"keyphrase":"h\u00e1ziorvosi","score":93,"analysis":{"keyphraseInTitle":{"title":"Focus keyphrase in SEO title","description":"Focus keyphrase found in SEO title.","score":9,"maxScore":9,"error":0},"keyphraseInDescription":{"title":"Focus keyphrase in meta description","description":"Focus keyphrase found in meta description.","score":9,"maxScore":9,"error":0},"keyphraseLength":{"title":"Focus keyphrase length","description":"Good job!","score":9,"maxScore":9,"error":0,"length":1},"keyphraseInURL":{"title":"Focus keyphrase in URL","description":"Focus keyphrase not found in the URL.","score":1,"maxScore":5,"error":1},"keyphraseInIntroduction":{"title":"Focus keyphrase in introduction","description":"Your Focus keyphrase appears in the first paragraph. Well done!","score":9,"maxScore":9,"error":0},"keyphraseInSubHeadings":{"title":"Focus keyphrase in Subheadings","description":"Your H2 or H3 subheading reflects the topic of your copy. Good job!","score":9,"maxScore":9,"error":0},"keyphraseInImageAlt":{"title":"Focus keyphrase in image alt attributes","description":"Focus keyphrase found in image alt attribute(s).","score":9,"maxScore":9,"error":0}}},"additional":[]},"primary_term":null,"canonical_url":null,"og_title":null,"og_description":null,"og_object_type":"default","og_image_type":"default","og_image_url":null,"og_image_width":null,"og_image_height":null,"og_image_custom_url":null,"og_image_custom_fields":null,"og_video":"","og_custom_url":null,"og_article_section":null,"og_article_tags":[],"twitter_use_og":false,"twitter_card":"default","twitter_image_type":"default","twitter_image_url":null,"twitter_image_custom_url":null,"twitter_image_custom_fields":null,"twitter_title":null,"twitter_description":null,"schema":{"blockGraphs":[],"customGraphs":[],"default":{"data":{"Article":[],"Course":[],"Dataset":[],"FAQPage":[],"Movie":[],"Person":[],"Product":[],"ProductReview":[],"Car":[],"Recipe":[],"Service":[],"SoftwareApplication":[],"WebPage":[]},"graphName":"","isEnabled":true},"graphs":[]},"schema_type":"default","schema_type_options":null,"pillar_content":false,"robots_default":true,"robots_noindex":false,"robots_noarchive":false,"robots_nosnippet":false,"robots_nofollow":false,"robots_noimageindex":false,"robots_noodp":false,"robots_notranslate":false,"robots_max_snippet":"-1","robots_max_videopreview":"-1","robots_max_imagepreview":"large","priority":null,"frequency":"default","location":null,"local_seo":null,"breadcrumb_settings":null,"limit_modified_date":false,"ai":null,"created":"2022-10-07 07:48:10","updated":"2025-10-02 17:19:46","seo_analyzer_scan_date":null,"focus_keyword":"h\u00e1ziorvosi","additional_keywords":null,"truseo_locale":null},"aioseo_breadcrumb":"<div class=\"aioseo-breadcrumbs\"><span class=\"aioseo-breadcrumb\">\n\t\t\t<a href=\"https:\/\/allasorias.hu\/hirek\" title=\"Home\">Home<\/a>\n\t\t<\/span><span class=\"aioseo-breadcrumb-separator\">&raquo;<\/span><span class=\"aioseo-breadcrumb\">\n\t\t\t<a href=\"https:\/\/allasorias.hu\/hirek\/temak\/munkaeropiac\/\" title=\"Munkaer\u0151piac\">Munkaer\u0151piac<\/a>\n\t\t<\/span><span class=\"aioseo-breadcrumb-separator\">&raquo;<\/span><span class=\"aioseo-breadcrumb\">\n\t\t\tMi lesz a h\u00e1ziorvosi praxisokkal?\n\t\t<\/span><\/div>","aioseo_breadcrumb_json":[{"label":"Home","link":"https:\/\/allasorias.hu\/hirek"},{"label":"Munkaer\u0151piac","link":"https:\/\/allasorias.hu\/hirek\/temak\/munkaeropiac\/"},{"label":"Mi lesz a h\u00e1ziorvosi praxisokkal?","link":"https:\/\/allasorias.hu\/hirek\/mi-lesz-a-haziorvosi-praxisokkal\/"}],"_links":{"self":[{"href":"https:\/\/allasorias.hu\/hirek\/wp-json\/wp\/v2\/posts\/5862","targetHints":{"allow":["GET"]}}],"collection":[{"href":"https:\/\/allasorias.hu\/hirek\/wp-json\/wp\/v2\/posts"}],"about":[{"href":"https:\/\/allasorias.hu\/hirek\/wp-json\/wp\/v2\/types\/post"}],"author":[{"embeddable":true,"href":"https:\/\/allasorias.hu\/hirek\/wp-json\/wp\/v2\/users\/1"}],"replies":[{"embeddable":true,"href":"https:\/\/allasorias.hu\/hirek\/wp-json\/wp\/v2\/comments?post=5862"}],"version-history":[{"count":1,"href":"https:\/\/allasorias.hu\/hirek\/wp-json\/wp\/v2\/posts\/5862\/revisions"}],"predecessor-version":[{"id":5865,"href":"https:\/\/allasorias.hu\/hirek\/wp-json\/wp\/v2\/posts\/5862\/revisions\/5865"}],"wp:featuredmedia":[{"embeddable":true,"href":"https:\/\/allasorias.hu\/hirek\/wp-json\/wp\/v2\/media\/5864"}],"wp:attachment":[{"href":"https:\/\/allasorias.hu\/hirek\/wp-json\/wp\/v2\/media?parent=5862"}],"wp:term":[{"taxonomy":"category","embeddable":true,"href":"https:\/\/allasorias.hu\/hirek\/wp-json\/wp\/v2\/categories?post=5862"},{"taxonomy":"post_tag","embeddable":true,"href":"https:\/\/allasorias.hu\/hirek\/wp-json\/wp\/v2\/tags?post=5862"}],"curies":[{"name":"wp","href":"https:\/\/api.w.org\/{rel}","templated":true}]}}