{"id":5858,"date":"2022-10-06T08:35:43","date_gmt":"2022-10-06T08:35:43","guid":{"rendered":"https:\/\/allasorias.hu\/hirek\/?p=5858"},"modified":"2022-10-06T08:35:43","modified_gmt":"2022-10-06T08:35:43","slug":"kedvezo-a-munkaeropiaci-helyzet-hazankban","status":"publish","type":"post","link":"https:\/\/allasorias.hu\/hirek\/kedvezo-a-munkaeropiaci-helyzet-hazankban\/","title":{"rendered":"Kedvez\u0151 a munkaer\u0151piaci helyzet haz\u00e1nkban"},"content":{"rendered":"<p><strong>Jelenleg nagyon alacsony a munkan\u00e9lk\u00fclis\u00e9g (augusztusban 3,4 sz\u00e1zal\u00e9k volt a munkan\u00e9lk\u00fclis\u00e9gi r\u00e1ta), soha nem l\u00e1tott m\u00e9rt\u00e9k\u0171 a foglalkoztatotts\u00e1g, \u00e9s az \u00fcres \u00e1ll\u00e1shelyek sz\u00e1ma pedig megk\u00f6zel\u00edtette m\u00e1r a sz\u00e1zezret \u2013 mondta el a Magyar H\u00edrlapnak Szalai Piroska munkaer\u0151piaci szak\u00e9rt\u0151. R\u00e1mutatott, ennyire er\u0151s alapokkal m\u00e9g soha nem rendelkezt\u00fcnk kor\u00e1bban, \u00e9s a legjobbak k\u00f6zt vagyunk az Eur\u00f3pai Uni\u00f3ban is.<\/strong><\/p>\n<h2>Nem tapasztalhat\u00f3ak a h\u00e1bor\u00fa k\u00e1ros gazdas\u00e1gi hat\u00e1sai<\/h2>\n<p>A magyar munkaer\u0151piacon (m\u00e9g) nem tapasztalhat\u00f3ak a h\u00e1bor\u00fa k\u00e1ros gazdas\u00e1gi hat\u00e1sai, p\u00e9ld\u00e1ul elbocs\u00e1t\u00e1sok, gy\u00e1rle\u00e1ll\u00e1sok. Kiemelte, jelenleg haz\u00e1nk az egyed\u00fcli olyan orsz\u00e1g, ahov\u00e1 m\u00e9g j\u00f6n az orosz g\u00e1z, ami nemcsak a t\u00e9li f\u0171t\u00e9shez sz\u00fcks\u00e9ges, hanem sz\u00e1mos \u00e1gazatban n\u00e9lk\u00fcl\u00f6zhetetlen alapanyag. G\u00e1z- \u00e9s k\u0151olajhi\u00e1ny miatt nem fog bez\u00e1rni egyetlen v\u00e1llalatunk sem. Az elemz\u0151k szerint j\u00f6v\u0151re lesz ink\u00e1bb \u00e9rz\u00e9kelhet\u0151 a magyar gazdas\u00e1gban az eur\u00f3pai recesszi\u00f3. Nagy k\u00e9rd\u00e9s, hogy ez a munkaer\u0151piacon \u00f6sszess\u00e9g\u00e9ben milyen folyamatokat jelent \u2013 emelte ki Szalai Piroska.<\/p>\n<p>A szak\u00e9rt\u0151 r\u00e1mutatott, a 2010 el\u0151tti p\u00e9nz\u00fcgyi v\u00e1ls\u00e1g idej\u00e9n haz\u00e1nkban 2006\u20132010 k\u00f6z\u00f6tt k\u00f6zel 200 ezerrel cs\u00f6kkent a foglalkoztatottak sz\u00e1ma \u00e9ves \u00e1tlagban, m\u00edg a j\u00e1rv\u00e1ny idej\u00e9n, 2019\u20132020-ban ennek negyed\u00e9vel(!), 50 ezerrel. S\u0151t m\u00edg az els\u0151 esetben nyolc \u00e9v kellett ahhoz, hogy vissza\u00e1lljon a l\u00e9tsz\u00e1m a 2006-os v\u00e1ls\u00e1g el\u0151tti szintre (mint tudjuk, n\u00e1lunk m\u00e1r 2008 el\u0151tt elkezd\u0151d\u00f6tt a v\u00e1ls\u00e1g, a foglalkoztatotti l\u00e9tsz\u00e1m es\u00e9se), a j\u00e1rv\u00e1ny idej\u00e9n mind\u00f6ssze egyetlen negyed\u00e9vben tapasztaltunk cs\u00f6kken\u00e9st, 2020 m\u00e1sodik negyed\u00e9v\u00e9ben, \u00e9s m\u00e1r a harmadik negyed\u00e9vt\u0151l vissza\u00e1llt a l\u00e9tsz\u00e1m, majd 2021. m\u00e1sodik negyed\u00e9v\u00e9t\u0151l jelent\u0151s n\u00f6veked\u00e9s mutathat\u00f3 ki \u2013 magyar\u00e1zta.<\/p>\n<h2>B\u0151v\u00fcl\u0151 \u00e1gazatok a munkaer\u0151piacon<\/h2>\n<p><a href=\"https:\/\/allasorias.hu\/hirek\/wp-content\/uploads\/2022\/10\/Bovulo-agazatok.jpg\"><img loading=\"lazy\" decoding=\"async\" class=\"alignnone wp-image-5859 size-full\" src=\"https:\/\/allasorias.hu\/hirek\/wp-content\/uploads\/2022\/10\/Bovulo-agazatok.jpg\" alt=\"B\u0151v\u00fcl\u0151 \u00e1gazatok\" width=\"448\" height=\"297\" srcset=\"https:\/\/allasorias.hu\/hirek\/wp-content\/uploads\/2022\/10\/Bovulo-agazatok.jpg 448w, https:\/\/allasorias.hu\/hirek\/wp-content\/uploads\/2022\/10\/Bovulo-agazatok-300x199.jpg 300w\" sizes=\"auto, (max-width: 448px) 100vw, 448px\" \/><\/a><\/p>\n<p>Az \u00f6sszes\u00edtett adatok m\u00f6g\u00f6tt a j\u00e1rv\u00e1ny idej\u00e9n is jelent\u0151s bels\u0151 \u00e1talakul\u00e1sok voltak tapasztalhat\u00f3k. Jelent\u0151sen n\u0151tt az \u00e9p\u00edt\u0151iparban, a gy\u00f3gyszergy\u00e1rt\u00e1s ter\u00fclet\u00e9n \u00e9s az infokommunik\u00e1ci\u00f3s \u00e1gazatban dolgoz\u00f3k sz\u00e1ma, \u00e9s sokkal t\u00f6bben dolgoznak \u00f6nfoglalkoztat\u00f3 v\u00e1llalkoz\u00f3k\u00e9nt, nem alkalmazottk\u00e9nt. Most is v\u00e1rhat\u00f3, hogy lesznek b\u0151v\u00fcl\u0151 \u00e1gazatok. Az \u00e9p\u00edt\u0151ipar, a villamos berendez\u00e9sek gy\u00e1rt\u00e1sa, a villamosenergia- \u00e9s g\u00e1zell\u00e1t\u00e1s, a l\u00e9gkondicion\u00e1l\u00e1s, az ingatlan\u00fcgyek, a szakmai, a tudom\u00e1nyos \u00e9s a m\u0171szaki tev\u00e9kenys\u00e9g, az infokommunik\u00e1ci\u00f3s \u00e1gazat minden bizonnyal tov\u00e1bbra is n\u00f6vekv\u0151 munkaer\u0151ig\u00e9nnyel rendelkezhet Szalai Piroska szerint.<\/p>\n<p>L\u00e1that\u00f3, hogy most mind a lakoss\u00e1g, mind a v\u00e1llalkoz\u00e1sok energetikai korszer\u0171s\u00edt\u00e9se, beruh\u00e1z\u00e1sai megsokszoroz\u00f3dtak. Ez a folyamat folytat\u00f3dik j\u00f6v\u0151re is. A ny\u00edl\u00e1sz\u00e1r\u00f3k \u00e9s a szigetel\u00e9sek korszer\u0171s\u00edt\u00e9se, a smart home, napelem- \u00e9s h\u0151szivatty\u00farendszerek telep\u00edt\u00e9se rengeteg szakembernek ad munk\u00e1t \u00fagy a gy\u00e1rt\u00e1sban, a kereskedelemben, az \u00e9p\u00edt\u0151iparban, mint az informatikai \u00e9s a m\u0171szaki szak\u00e9rt\u0151i tev\u00e9kenys\u00e9get v\u00e9gz\u0151k k\u00f6r\u00e9ben is \u2013 h\u00fazta al\u00e1.<\/p>\n<p>&nbsp;<\/p>\n<p>Forr\u00e1s: ripost.hu<\/p>\n<p>&nbsp;<\/p>\n","protected":false},"excerpt":{"rendered":"<p>Jelenleg nagyon alacsony a munkan\u00e9lk\u00fclis\u00e9g (augusztusban 3,4 sz\u00e1zal\u00e9k volt a munkan\u00e9lk\u00fclis\u00e9gi r\u00e1ta), soha nem l\u00e1tott m\u00e9rt\u00e9k\u0171 a foglalkoztatotts\u00e1g, \u00e9s az \u00fcres \u00e1ll\u00e1shelyek sz\u00e1ma pedig megk\u00f6zel\u00edtette m\u00e1r a sz\u00e1zezret \u2013 mondta el a Magyar H\u00edrlapnak Szalai Piroska munkaer\u0151piaci szak\u00e9rt\u0151. R\u00e1mutatott, ennyire er\u0151s alapokkal m\u00e9g soha nem rendelkezt\u00fcnk kor\u00e1bban, \u00e9s a legjobbak k\u00f6zt vagyunk az Eur\u00f3pai Uni\u00f3ban [&hellip;]<\/p>\n","protected":false},"author":1,"featured_media":5860,"comment_status":"open","ping_status":"open","sticky":false,"template":"","format":"standard","meta":{"_monsterinsights_skip_tracking":false,"footnotes":""},"categories":[200],"tags":[],"class_list":["post-5858","post","type-post","status-publish","format-standard","has-post-thumbnail","hentry","category-munkaeropiac"],"aioseo_notices":[],"aioseo_head":"\n\t\t<!-- All in One SEO 5.0.0.1 - aioseo.com -->\n\t<meta name=\"description\" content=\"Jelenleg nagyon alacsony a munkan\u00e9lk\u00fclis\u00e9g, soha nem l\u00e1tott m\u00e9rt\u00e9k\u0171 a foglalkoztatotts\u00e1g, \u00e9s az \u00fcres \u00e1ll\u00e1shelyek sz\u00e1ma pedig megk\u00f6zel\u00edtette m\u00e1r a sz\u00e1zezret\" \/>\n\t<meta name=\"robots\" content=\"max-image-preview:large\" \/>\n\t<meta name=\"author\" content=\"Juh\u00e1sz P\u00e9ter\"\/>\n\t<link rel=\"canonical\" href=\"https:\/\/allasorias.hu\/hirek\/kedvezo-a-munkaeropiaci-helyzet-hazankban\/\" \/>\n\t<meta name=\"generator\" content=\"All in One SEO (AIOSEO) 5.0.0.1\" \/>\n\t\t<meta property=\"og:locale\" content=\"hu_HU\" \/>\n\t\t<meta property=\"og:site_name\" content=\"AllasOrias.hu | H\u00edrek-lapszemle | \u00dczleti h\u00edrek az \u00e1ll\u00e1s \u00e9s a munka vil\u00e1g\u00e1b\u00f3l\" \/>\n\t\t<meta property=\"og:type\" content=\"article\" \/>\n\t\t<meta property=\"og:title\" content=\"Kedvez\u0151 a munkaer\u0151piaci helyzet haz\u00e1nkban | Allasorias.hu\" \/>\n\t\t<meta property=\"og:description\" content=\"Jelenleg nagyon alacsony a munkan\u00e9lk\u00fclis\u00e9g, soha nem l\u00e1tott m\u00e9rt\u00e9k\u0171 a foglalkoztatotts\u00e1g, \u00e9s az \u00fcres \u00e1ll\u00e1shelyek sz\u00e1ma pedig megk\u00f6zel\u00edtette m\u00e1r a sz\u00e1zezret\" \/>\n\t\t<meta property=\"og:url\" content=\"https:\/\/allasorias.hu\/hirek\/kedvezo-a-munkaeropiaci-helyzet-hazankban\/\" \/>\n\t\t<meta property=\"og:image\" content=\"https:\/\/allasorias.hu\/hirek\/wp-content\/uploads\/2022\/10\/Kedvezo-munkaeropiaci-helyzet.jpg\" \/>\n\t\t<meta property=\"og:image:secure_url\" content=\"https:\/\/allasorias.hu\/hirek\/wp-content\/uploads\/2022\/10\/Kedvezo-munkaeropiaci-helyzet.jpg\" \/>\n\t\t<meta property=\"og:image:width\" content=\"1920\" \/>\n\t\t<meta property=\"og:image:height\" content=\"1080\" \/>\n\t\t<meta property=\"article:published_time\" content=\"2022-10-06T08:35:43+00:00\" \/>\n\t\t<meta property=\"article:modified_time\" content=\"2022-10-06T08:35:43+00:00\" \/>\n\t\t<meta property=\"article:publisher\" content=\"https:\/\/www.facebook.com\/allasorias\" \/>\n\t\t<meta name=\"twitter:card\" content=\"summary_large_image\" \/>\n\t\t<meta name=\"twitter:title\" content=\"Kedvez\u0151 a munkaer\u0151piaci helyzet haz\u00e1nkban | Allasorias.hu\" \/>\n\t\t<meta name=\"twitter:description\" content=\"Jelenleg nagyon alacsony a munkan\u00e9lk\u00fclis\u00e9g, soha nem l\u00e1tott m\u00e9rt\u00e9k\u0171 a foglalkoztatotts\u00e1g, \u00e9s az \u00fcres \u00e1ll\u00e1shelyek sz\u00e1ma pedig megk\u00f6zel\u00edtette m\u00e1r a sz\u00e1zezret\" \/>\n\t\t<meta name=\"twitter:image\" content=\"https:\/\/allasorias.hu\/hirek\/wp-content\/uploads\/2022\/10\/Kedvezo-munkaeropiaci-helyzet.jpg\" \/>\n\t\t<meta name=\"twitter:label1\" content=\"Written by\" \/>\n\t\t<meta name=\"twitter:data1\" content=\"Juh\u00e1sz P\u00e9ter\" \/>\n\t\t<meta name=\"twitter:label2\" content=\"Est. reading time\" \/>\n\t\t<meta name=\"twitter:data2\" content=\"3 minutes\" \/>\n\t\t<script type=\"application\/ld+json\" class=\"aioseo-schema\">\n\t\t\t{\"@context\":\"https:\\\/\\\/schema.org\",\"@graph\":[{\"@type\":\"Article\",\"@id\":\"https:\\\/\\\/allasorias.hu\\\/hirek\\\/kedvezo-a-munkaeropiaci-helyzet-hazankban\\\/#article\",\"name\":\"Kedvez\\u0151 a munkaer\\u0151piaci helyzet haz\\u00e1nkban | Allasorias.hu\",\"headline\":\"Kedvez\\u0151 a munkaer\\u0151piaci helyzet haz\\u00e1nkban\",\"author\":{\"@id\":\"https:\\\/\\\/allasorias.hu\\\/hirek\\\/author\\\/admin-allasorias\\\/#author\"},\"publisher\":{\"@id\":\"https:\\\/\\\/allasorias.hu\\\/hirek\\\/#organization\"},\"image\":{\"@type\":\"ImageObject\",\"url\":\"https:\\\/\\\/allasorias.hu\\\/hirek\\\/wp-content\\\/uploads\\\/2022\\\/10\\\/Kedvezo-munkaeropiaci-helyzet.jpg\",\"width\":1920,\"height\":1080,\"caption\":\"Kedvez\\u0151 a munkaer\\u0151piaci helyzet haz\\u00e1nkban - Allasorias.hu\\\/hirek\"},\"datePublished\":\"2022-10-06T08:35:43+02:00\",\"dateModified\":\"2022-10-06T08:35:43+02:00\",\"inLanguage\":\"hu-HU\",\"mainEntityOfPage\":{\"@id\":\"https:\\\/\\\/allasorias.hu\\\/hirek\\\/kedvezo-a-munkaeropiaci-helyzet-hazankban\\\/#webpage\"},\"isPartOf\":{\"@id\":\"https:\\\/\\\/allasorias.hu\\\/hirek\\\/kedvezo-a-munkaeropiaci-helyzet-hazankban\\\/#webpage\"},\"articleSection\":\"Munkaer\\u0151piac\"},{\"@type\":\"BreadcrumbList\",\"@id\":\"https:\\\/\\\/allasorias.hu\\\/hirek\\\/kedvezo-a-munkaeropiaci-helyzet-hazankban\\\/#breadcrumblist\",\"itemListElement\":[{\"@type\":\"ListItem\",\"@id\":\"https:\\\/\\\/allasorias.hu\\\/hirek#listItem\",\"position\":1,\"name\":\"Home\",\"item\":\"https:\\\/\\\/allasorias.hu\\\/hirek\",\"nextItem\":{\"@type\":\"ListItem\",\"@id\":\"https:\\\/\\\/allasorias.hu\\\/hirek\\\/temak\\\/munkaeropiac\\\/#listItem\",\"name\":\"Munkaer\\u0151piac\"}},{\"@type\":\"ListItem\",\"@id\":\"https:\\\/\\\/allasorias.hu\\\/hirek\\\/temak\\\/munkaeropiac\\\/#listItem\",\"position\":2,\"name\":\"Munkaer\\u0151piac\",\"item\":\"https:\\\/\\\/allasorias.hu\\\/hirek\\\/temak\\\/munkaeropiac\\\/\",\"nextItem\":{\"@type\":\"ListItem\",\"@id\":\"https:\\\/\\\/allasorias.hu\\\/hirek\\\/kedvezo-a-munkaeropiaci-helyzet-hazankban\\\/#listItem\",\"name\":\"Kedvez\\u0151 a munkaer\\u0151piaci helyzet haz\\u00e1nkban\"},\"previousItem\":{\"@type\":\"ListItem\",\"@id\":\"https:\\\/\\\/allasorias.hu\\\/hirek#listItem\",\"name\":\"Home\"}},{\"@type\":\"ListItem\",\"@id\":\"https:\\\/\\\/allasorias.hu\\\/hirek\\\/kedvezo-a-munkaeropiaci-helyzet-hazankban\\\/#listItem\",\"position\":3,\"name\":\"Kedvez\\u0151 a munkaer\\u0151piaci helyzet haz\\u00e1nkban\",\"previousItem\":{\"@type\":\"ListItem\",\"@id\":\"https:\\\/\\\/allasorias.hu\\\/hirek\\\/temak\\\/munkaeropiac\\\/#listItem\",\"name\":\"Munkaer\\u0151piac\"}}]},{\"@type\":\"Organization\",\"@id\":\"https:\\\/\\\/allasorias.hu\\\/hirek\\\/#organization\",\"name\":\"AllasOrias.hu | H\\u00edrek-lapszemle\",\"description\":\"\\u00dczleti h\\u00edrek az \\u00e1ll\\u00e1s \\u00e9s a munka vil\\u00e1g\\u00e1b\\u00f3l\",\"url\":\"https:\\\/\\\/allasorias.hu\\\/hirek\\\/\",\"logo\":{\"@type\":\"ImageObject\",\"url\":\"https:\\\/\\\/allasorias.hu\\\/hirek\\\/wp-content\\\/uploads\\\/2022\\\/10\\\/allasorias_site_facebok_logo.png\",\"@id\":\"https:\\\/\\\/allasorias.hu\\\/hirek\\\/kedvezo-a-munkaeropiaci-helyzet-hazankban\\\/#organizationLogo\"},\"image\":{\"@id\":\"https:\\\/\\\/allasorias.hu\\\/hirek\\\/kedvezo-a-munkaeropiaci-helyzet-hazankban\\\/#organizationLogo\"},\"sameAs\":[\"https:\\\/\\\/www.facebook.com\\\/allasorias\",\"https:\\\/\\\/www.linkedin.com\\\/company\\\/allasorias\"]},{\"@type\":\"Person\",\"@id\":\"https:\\\/\\\/allasorias.hu\\\/hirek\\\/author\\\/admin-allasorias\\\/#author\",\"url\":\"https:\\\/\\\/allasorias.hu\\\/hirek\\\/author\\\/admin-allasorias\\\/\",\"name\":\"Juh\\u00e1sz P\\u00e9ter\",\"image\":{\"@type\":\"ImageObject\",\"@id\":\"https:\\\/\\\/allasorias.hu\\\/hirek\\\/kedvezo-a-munkaeropiaci-helyzet-hazankban\\\/#authorImage\",\"url\":\"https:\\\/\\\/secure.gravatar.com\\\/avatar\\\/36e6bcb83148978b992977cb0f54d22feb0cce8a0a849a9410532bb2623ba4c6?s=96&d=mm&r=g\",\"width\":96,\"height\":96,\"caption\":\"Juh\\u00e1sz P\\u00e9ter\"}},{\"@type\":\"WebPage\",\"@id\":\"https:\\\/\\\/allasorias.hu\\\/hirek\\\/kedvezo-a-munkaeropiaci-helyzet-hazankban\\\/#webpage\",\"url\":\"https:\\\/\\\/allasorias.hu\\\/hirek\\\/kedvezo-a-munkaeropiaci-helyzet-hazankban\\\/\",\"name\":\"Kedvez\\u0151 a munkaer\\u0151piaci helyzet haz\\u00e1nkban | Allasorias.hu\",\"description\":\"Jelenleg nagyon alacsony a munkan\\u00e9lk\\u00fclis\\u00e9g, soha nem l\\u00e1tott m\\u00e9rt\\u00e9k\\u0171 a foglalkoztatotts\\u00e1g, \\u00e9s az \\u00fcres \\u00e1ll\\u00e1shelyek sz\\u00e1ma pedig megk\\u00f6zel\\u00edtette m\\u00e1r a sz\\u00e1zezret\",\"inLanguage\":\"hu-HU\",\"isPartOf\":{\"@id\":\"https:\\\/\\\/allasorias.hu\\\/hirek\\\/#website\"},\"breadcrumb\":{\"@id\":\"https:\\\/\\\/allasorias.hu\\\/hirek\\\/kedvezo-a-munkaeropiaci-helyzet-hazankban\\\/#breadcrumblist\"},\"author\":{\"@id\":\"https:\\\/\\\/allasorias.hu\\\/hirek\\\/author\\\/admin-allasorias\\\/#author\"},\"creator\":{\"@id\":\"https:\\\/\\\/allasorias.hu\\\/hirek\\\/author\\\/admin-allasorias\\\/#author\"},\"image\":{\"@type\":\"ImageObject\",\"url\":\"https:\\\/\\\/allasorias.hu\\\/hirek\\\/wp-content\\\/uploads\\\/2022\\\/10\\\/Kedvezo-munkaeropiaci-helyzet.jpg\",\"@id\":\"https:\\\/\\\/allasorias.hu\\\/hirek\\\/kedvezo-a-munkaeropiaci-helyzet-hazankban\\\/#mainImage\",\"width\":1920,\"height\":1080,\"caption\":\"Kedvez\\u0151 a munkaer\\u0151piaci helyzet haz\\u00e1nkban - Allasorias.hu\\\/hirek\"},\"primaryImageOfPage\":{\"@id\":\"https:\\\/\\\/allasorias.hu\\\/hirek\\\/kedvezo-a-munkaeropiaci-helyzet-hazankban\\\/#mainImage\"},\"datePublished\":\"2022-10-06T08:35:43+02:00\",\"dateModified\":\"2022-10-06T08:35:43+02:00\"},{\"@type\":\"WebSite\",\"@id\":\"https:\\\/\\\/allasorias.hu\\\/hirek\\\/#website\",\"url\":\"https:\\\/\\\/allasorias.hu\\\/hirek\\\/\",\"name\":\"AllasOrias.hu | H\\u00edrek-lapszemle\",\"description\":\"\\u00dczleti h\\u00edrek az \\u00e1ll\\u00e1s \\u00e9s a munka vil\\u00e1g\\u00e1b\\u00f3l\",\"inLanguage\":\"hu-HU\",\"publisher\":{\"@id\":\"https:\\\/\\\/allasorias.hu\\\/hirek\\\/#organization\"}}]}\n\t\t<\/script>\n\t\t<!-- All in One SEO -->\n\n","aioseo_head_json":{"title":"Kedvez\u0151 a munkaer\u0151piaci helyzet haz\u00e1nkban | Allasorias.hu","description":"Jelenleg nagyon alacsony a munkan\u00e9lk\u00fclis\u00e9g, soha nem l\u00e1tott m\u00e9rt\u00e9k\u0171 a foglalkoztatotts\u00e1g, \u00e9s az \u00fcres \u00e1ll\u00e1shelyek sz\u00e1ma pedig megk\u00f6zel\u00edtette m\u00e1r a sz\u00e1zezret","canonical_url":"https:\/\/allasorias.hu\/hirek\/kedvezo-a-munkaeropiaci-helyzet-hazankban\/","robots":"max-image-preview:large","keywords":"","webmasterTools":{"miscellaneous":""},"schema":{"@context":"https:\/\/schema.org","@graph":[{"@type":"Article","@id":"https:\/\/allasorias.hu\/hirek\/kedvezo-a-munkaeropiaci-helyzet-hazankban\/#article","name":"Kedvez\u0151 a munkaer\u0151piaci helyzet haz\u00e1nkban | Allasorias.hu","headline":"Kedvez\u0151 a munkaer\u0151piaci helyzet haz\u00e1nkban","author":{"@id":"https:\/\/allasorias.hu\/hirek\/author\/admin-allasorias\/#author"},"publisher":{"@id":"https:\/\/allasorias.hu\/hirek\/#organization"},"image":{"@type":"ImageObject","url":"https:\/\/allasorias.hu\/hirek\/wp-content\/uploads\/2022\/10\/Kedvezo-munkaeropiaci-helyzet.jpg","width":1920,"height":1080,"caption":"Kedvez\u0151 a munkaer\u0151piaci helyzet haz\u00e1nkban - Allasorias.hu\/hirek"},"datePublished":"2022-10-06T08:35:43+02:00","dateModified":"2022-10-06T08:35:43+02:00","inLanguage":"hu-HU","mainEntityOfPage":{"@id":"https:\/\/allasorias.hu\/hirek\/kedvezo-a-munkaeropiaci-helyzet-hazankban\/#webpage"},"isPartOf":{"@id":"https:\/\/allasorias.hu\/hirek\/kedvezo-a-munkaeropiaci-helyzet-hazankban\/#webpage"},"articleSection":"Munkaer\u0151piac"},{"@type":"BreadcrumbList","@id":"https:\/\/allasorias.hu\/hirek\/kedvezo-a-munkaeropiaci-helyzet-hazankban\/#breadcrumblist","itemListElement":[{"@type":"ListItem","@id":"https:\/\/allasorias.hu\/hirek#listItem","position":1,"name":"Home","item":"https:\/\/allasorias.hu\/hirek","nextItem":{"@type":"ListItem","@id":"https:\/\/allasorias.hu\/hirek\/temak\/munkaeropiac\/#listItem","name":"Munkaer\u0151piac"}},{"@type":"ListItem","@id":"https:\/\/allasorias.hu\/hirek\/temak\/munkaeropiac\/#listItem","position":2,"name":"Munkaer\u0151piac","item":"https:\/\/allasorias.hu\/hirek\/temak\/munkaeropiac\/","nextItem":{"@type":"ListItem","@id":"https:\/\/allasorias.hu\/hirek\/kedvezo-a-munkaeropiaci-helyzet-hazankban\/#listItem","name":"Kedvez\u0151 a munkaer\u0151piaci helyzet haz\u00e1nkban"},"previousItem":{"@type":"ListItem","@id":"https:\/\/allasorias.hu\/hirek#listItem","name":"Home"}},{"@type":"ListItem","@id":"https:\/\/allasorias.hu\/hirek\/kedvezo-a-munkaeropiaci-helyzet-hazankban\/#listItem","position":3,"name":"Kedvez\u0151 a munkaer\u0151piaci helyzet haz\u00e1nkban","previousItem":{"@type":"ListItem","@id":"https:\/\/allasorias.hu\/hirek\/temak\/munkaeropiac\/#listItem","name":"Munkaer\u0151piac"}}]},{"@type":"Organization","@id":"https:\/\/allasorias.hu\/hirek\/#organization","name":"AllasOrias.hu | H\u00edrek-lapszemle","description":"\u00dczleti h\u00edrek az \u00e1ll\u00e1s \u00e9s a munka vil\u00e1g\u00e1b\u00f3l","url":"https:\/\/allasorias.hu\/hirek\/","logo":{"@type":"ImageObject","url":"https:\/\/allasorias.hu\/hirek\/wp-content\/uploads\/2022\/10\/allasorias_site_facebok_logo.png","@id":"https:\/\/allasorias.hu\/hirek\/kedvezo-a-munkaeropiaci-helyzet-hazankban\/#organizationLogo"},"image":{"@id":"https:\/\/allasorias.hu\/hirek\/kedvezo-a-munkaeropiaci-helyzet-hazankban\/#organizationLogo"},"sameAs":["https:\/\/www.facebook.com\/allasorias","https:\/\/www.linkedin.com\/company\/allasorias"]},{"@type":"Person","@id":"https:\/\/allasorias.hu\/hirek\/author\/admin-allasorias\/#author","url":"https:\/\/allasorias.hu\/hirek\/author\/admin-allasorias\/","name":"Juh\u00e1sz P\u00e9ter","image":{"@type":"ImageObject","@id":"https:\/\/allasorias.hu\/hirek\/kedvezo-a-munkaeropiaci-helyzet-hazankban\/#authorImage","url":"https:\/\/secure.gravatar.com\/avatar\/36e6bcb83148978b992977cb0f54d22feb0cce8a0a849a9410532bb2623ba4c6?s=96&d=mm&r=g","width":96,"height":96,"caption":"Juh\u00e1sz P\u00e9ter"}},{"@type":"WebPage","@id":"https:\/\/allasorias.hu\/hirek\/kedvezo-a-munkaeropiaci-helyzet-hazankban\/#webpage","url":"https:\/\/allasorias.hu\/hirek\/kedvezo-a-munkaeropiaci-helyzet-hazankban\/","name":"Kedvez\u0151 a munkaer\u0151piaci helyzet haz\u00e1nkban | Allasorias.hu","description":"Jelenleg nagyon alacsony a munkan\u00e9lk\u00fclis\u00e9g, soha nem l\u00e1tott m\u00e9rt\u00e9k\u0171 a foglalkoztatotts\u00e1g, \u00e9s az \u00fcres \u00e1ll\u00e1shelyek sz\u00e1ma pedig megk\u00f6zel\u00edtette m\u00e1r a sz\u00e1zezret","inLanguage":"hu-HU","isPartOf":{"@id":"https:\/\/allasorias.hu\/hirek\/#website"},"breadcrumb":{"@id":"https:\/\/allasorias.hu\/hirek\/kedvezo-a-munkaeropiaci-helyzet-hazankban\/#breadcrumblist"},"author":{"@id":"https:\/\/allasorias.hu\/hirek\/author\/admin-allasorias\/#author"},"creator":{"@id":"https:\/\/allasorias.hu\/hirek\/author\/admin-allasorias\/#author"},"image":{"@type":"ImageObject","url":"https:\/\/allasorias.hu\/hirek\/wp-content\/uploads\/2022\/10\/Kedvezo-munkaeropiaci-helyzet.jpg","@id":"https:\/\/allasorias.hu\/hirek\/kedvezo-a-munkaeropiaci-helyzet-hazankban\/#mainImage","width":1920,"height":1080,"caption":"Kedvez\u0151 a munkaer\u0151piaci helyzet haz\u00e1nkban - Allasorias.hu\/hirek"},"primaryImageOfPage":{"@id":"https:\/\/allasorias.hu\/hirek\/kedvezo-a-munkaeropiaci-helyzet-hazankban\/#mainImage"},"datePublished":"2022-10-06T08:35:43+02:00","dateModified":"2022-10-06T08:35:43+02:00"},{"@type":"WebSite","@id":"https:\/\/allasorias.hu\/hirek\/#website","url":"https:\/\/allasorias.hu\/hirek\/","name":"AllasOrias.hu | H\u00edrek-lapszemle","description":"\u00dczleti h\u00edrek az \u00e1ll\u00e1s \u00e9s a munka vil\u00e1g\u00e1b\u00f3l","inLanguage":"hu-HU","publisher":{"@id":"https:\/\/allasorias.hu\/hirek\/#organization"}}]},"og:locale":"hu_HU","og:site_name":"AllasOrias.hu | H\u00edrek-lapszemle | \u00dczleti h\u00edrek az \u00e1ll\u00e1s \u00e9s a munka vil\u00e1g\u00e1b\u00f3l","og:type":"article","og:title":"Kedvez\u0151 a munkaer\u0151piaci helyzet haz\u00e1nkban | Allasorias.hu","og:description":"Jelenleg nagyon alacsony a munkan\u00e9lk\u00fclis\u00e9g, soha nem l\u00e1tott m\u00e9rt\u00e9k\u0171 a foglalkoztatotts\u00e1g, \u00e9s az \u00fcres \u00e1ll\u00e1shelyek sz\u00e1ma pedig megk\u00f6zel\u00edtette m\u00e1r a sz\u00e1zezret","og:url":"https:\/\/allasorias.hu\/hirek\/kedvezo-a-munkaeropiaci-helyzet-hazankban\/","og:image":"https:\/\/allasorias.hu\/hirek\/wp-content\/uploads\/2022\/10\/Kedvezo-munkaeropiaci-helyzet.jpg","og:image:secure_url":"https:\/\/allasorias.hu\/hirek\/wp-content\/uploads\/2022\/10\/Kedvezo-munkaeropiaci-helyzet.jpg","og:image:width":1920,"og:image:height":1080,"article:published_time":"2022-10-06T08:35:43+00:00","article:modified_time":"2022-10-06T08:35:43+00:00","article:publisher":"https:\/\/www.facebook.com\/allasorias","twitter:card":"summary_large_image","twitter:title":"Kedvez\u0151 a munkaer\u0151piaci helyzet haz\u00e1nkban | Allasorias.hu","twitter:description":"Jelenleg nagyon alacsony a munkan\u00e9lk\u00fclis\u00e9g, soha nem l\u00e1tott m\u00e9rt\u00e9k\u0171 a foglalkoztatotts\u00e1g, \u00e9s az \u00fcres \u00e1ll\u00e1shelyek sz\u00e1ma pedig megk\u00f6zel\u00edtette m\u00e1r a sz\u00e1zezret","twitter:image":"https:\/\/allasorias.hu\/hirek\/wp-content\/uploads\/2022\/10\/Kedvezo-munkaeropiaci-helyzet.jpg","twitter:label1":"Written by","twitter:data1":"Juh\u00e1sz P\u00e9ter","twitter:label2":"Est. reading time","twitter:data2":"3 minutes"},"aioseo_meta_data":{"post_id":"5858","title":"Kedvez\u0151 a munkaer\u0151piaci helyzet haz\u00e1nkban | Allasorias.hu","description":"Jelenleg nagyon alacsony a munkan\u00e9lk\u00fclis\u00e9g, soha nem l\u00e1tott m\u00e9rt\u00e9k\u0171 a foglalkoztatotts\u00e1g, \u00e9s az \u00fcres \u00e1ll\u00e1shelyek sz\u00e1ma pedig megk\u00f6zel\u00edtette m\u00e1r a sz\u00e1zezret","keywords":[],"keyphrases":{"focus":{"keyphrase":"munkaer\u0151piaci helyzet","score":53,"analysis":{"keyphraseInTitle":{"title":"Focus keyphrase in SEO title","description":"Focus keyphrase found in SEO title.","score":9,"maxScore":9,"error":0},"keyphraseInDescription":{"title":"Focus keyphrase in meta description","description":"Focus keyphrase not found in meta description.","score":3,"maxScore":9,"error":1},"keyphraseLength":{"title":"Focus keyphrase length","description":"Good job!","score":9,"maxScore":9,"error":0,"length":2},"keyphraseInURL":{"title":"Focus keyphrase in URL","description":"Focus keyphrase not found in the URL.","score":1,"maxScore":5,"error":1},"keyphraseInIntroduction":{"title":"Focus keyphrase in introduction","description":"Your Focus keyphrase does not appear in the first paragraph. Make sure the topic is clear immediately.","score":3,"maxScore":9,"error":1},"keyphraseInSubHeadings":{"title":"Focus keyphrase in Subheadings","description":"Use your focus keyphrase more in your H2 and H3 subheadings.","score":3,"maxScore":9,"error":1},"keyphraseInImageAlt":{"title":"Focus keyphrase in image alt attributes","description":"Focus keyphrase not found in image alt attribute(s). Add an image with your Focus keyphrase as alt text.","score":3,"maxScore":9,"error":1}}},"additional":[]},"primary_term":null,"canonical_url":null,"og_title":null,"og_description":null,"og_object_type":"default","og_image_type":"default","og_image_url":null,"og_image_width":null,"og_image_height":null,"og_image_custom_url":null,"og_image_custom_fields":null,"og_video":"","og_custom_url":null,"og_article_section":null,"og_article_tags":[],"twitter_use_og":false,"twitter_card":"default","twitter_image_type":"default","twitter_image_url":null,"twitter_image_custom_url":null,"twitter_image_custom_fields":null,"twitter_title":null,"twitter_description":null,"schema":{"blockGraphs":[],"customGraphs":[],"default":{"data":{"Article":[],"Course":[],"Dataset":[],"FAQPage":[],"Movie":[],"Person":[],"Product":[],"ProductReview":[],"Car":[],"Recipe":[],"Service":[],"SoftwareApplication":[],"WebPage":[]},"graphName":"","isEnabled":true},"graphs":[]},"schema_type":"default","schema_type_options":null,"pillar_content":false,"robots_default":true,"robots_noindex":false,"robots_noarchive":false,"robots_nosnippet":false,"robots_nofollow":false,"robots_noimageindex":false,"robots_noodp":false,"robots_notranslate":false,"robots_max_snippet":"-1","robots_max_videopreview":"-1","robots_max_imagepreview":"large","priority":null,"frequency":"default","location":null,"local_seo":null,"breadcrumb_settings":null,"limit_modified_date":false,"ai":null,"created":"2022-10-06 08:11:12","updated":"2025-10-02 17:17:54","seo_analyzer_scan_date":null,"focus_keyword":"munkaer\u0151piaci helyzet","additional_keywords":null,"truseo_locale":null},"aioseo_breadcrumb":"<div class=\"aioseo-breadcrumbs\"><span class=\"aioseo-breadcrumb\">\n\t\t\t<a href=\"https:\/\/allasorias.hu\/hirek\" title=\"Home\">Home<\/a>\n\t\t<\/span><span class=\"aioseo-breadcrumb-separator\">&raquo;<\/span><span class=\"aioseo-breadcrumb\">\n\t\t\t<a href=\"https:\/\/allasorias.hu\/hirek\/temak\/munkaeropiac\/\" title=\"Munkaer\u0151piac\">Munkaer\u0151piac<\/a>\n\t\t<\/span><span class=\"aioseo-breadcrumb-separator\">&raquo;<\/span><span class=\"aioseo-breadcrumb\">\n\t\t\tKedvez\u0151 a munkaer\u0151piaci helyzet haz\u00e1nkban\n\t\t<\/span><\/div>","aioseo_breadcrumb_json":[{"label":"Home","link":"https:\/\/allasorias.hu\/hirek"},{"label":"Munkaer\u0151piac","link":"https:\/\/allasorias.hu\/hirek\/temak\/munkaeropiac\/"},{"label":"Kedvez\u0151 a munkaer\u0151piaci helyzet haz\u00e1nkban","link":"https:\/\/allasorias.hu\/hirek\/kedvezo-a-munkaeropiaci-helyzet-hazankban\/"}],"_links":{"self":[{"href":"https:\/\/allasorias.hu\/hirek\/wp-json\/wp\/v2\/posts\/5858","targetHints":{"allow":["GET"]}}],"collection":[{"href":"https:\/\/allasorias.hu\/hirek\/wp-json\/wp\/v2\/posts"}],"about":[{"href":"https:\/\/allasorias.hu\/hirek\/wp-json\/wp\/v2\/types\/post"}],"author":[{"embeddable":true,"href":"https:\/\/allasorias.hu\/hirek\/wp-json\/wp\/v2\/users\/1"}],"replies":[{"embeddable":true,"href":"https:\/\/allasorias.hu\/hirek\/wp-json\/wp\/v2\/comments?post=5858"}],"version-history":[{"count":1,"href":"https:\/\/allasorias.hu\/hirek\/wp-json\/wp\/v2\/posts\/5858\/revisions"}],"predecessor-version":[{"id":5861,"href":"https:\/\/allasorias.hu\/hirek\/wp-json\/wp\/v2\/posts\/5858\/revisions\/5861"}],"wp:featuredmedia":[{"embeddable":true,"href":"https:\/\/allasorias.hu\/hirek\/wp-json\/wp\/v2\/media\/5860"}],"wp:attachment":[{"href":"https:\/\/allasorias.hu\/hirek\/wp-json\/wp\/v2\/media?parent=5858"}],"wp:term":[{"taxonomy":"category","embeddable":true,"href":"https:\/\/allasorias.hu\/hirek\/wp-json\/wp\/v2\/categories?post=5858"},{"taxonomy":"post_tag","embeddable":true,"href":"https:\/\/allasorias.hu\/hirek\/wp-json\/wp\/v2\/tags?post=5858"}],"curies":[{"name":"wp","href":"https:\/\/api.w.org\/{rel}","templated":true}]}}