{"id":5854,"date":"2022-10-05T08:44:26","date_gmt":"2022-10-05T08:44:26","guid":{"rendered":"https:\/\/allasorias.hu\/hirek\/?p=5854"},"modified":"2022-10-05T08:44:26","modified_gmt":"2022-10-05T08:44:26","slug":"nagyszabasu-palyazat-a-foglalkoztatas-segitesere","status":"publish","type":"post","link":"https:\/\/allasorias.hu\/hirek\/nagyszabasu-palyazat-a-foglalkoztatas-segitesere\/","title":{"rendered":"Nagyszab\u00e1s\u00fa p\u00e1ly\u00e1zat a foglalkoztat\u00e1s seg\u00edt\u00e9s\u00e9re"},"content":{"rendered":"<p><strong>B\u00e9k\u00e9s megy\u00e9ben a regisztr\u00e1lt munkan\u00e9lk\u00fcliek sz\u00e1ma a 2011-es 28 ezerr\u0151l az id\u00e9n az els\u0151 negyed\u00e9v\u00e9re 11 ezerre cs\u00f6kkent. Most t\u00f6bb mint n\u00e9gymilli\u00e1rd forintos foglalkoztat\u00e1si program indult B\u00e9k\u00e9s megy\u00e9ben, amelynek c\u00e9lja, hogy 2027 v\u00e9g\u00e9ig 2300 ember munkaer\u0151piaci elhelyezked\u00e9s\u00e9t seg\u00edtse &#8211; k\u00f6z\u00f6lte a B\u00e9k\u00e9s Megyei \u00d6nkorm\u00e1nyzat.<\/strong><\/p>\n<p>A k\u00f6zlem\u00e9nyben azt \u00edrt\u00e1k, a 4,2 milli\u00e1rd forintos t\u00e1mogat\u00e1st a 2020-2027-es uni\u00f3s keretk\u00f6lts\u00e9gvet\u00e9si ciklus Ter\u00fclet- \u00e9s telep\u00fcl\u00e9sfejleszt\u00e9si operat\u00edv program (Top) Plusz keret\u00e9b\u0151l nyert\u00e9k el. A projekt kiemelten kezeli az \u00e1tlagn\u00e1l alacsonyabb foglalkoztat\u00e1si szinttel rendelkez\u0151 j\u00e1r\u00e1sok teend\u0151it.<\/p>\n<h2>K\u00e9pz\u00e9sek a foglalkoztat\u00e1s seg\u00edt\u00e9s\u00e9re<\/h2>\n<p>A konzorciumi tagok k\u00e9pz\u00e9sekkel \u00e9s foglalkoztat\u00e1st t\u00e1mogat\u00f3 tev\u00e9kenys\u00e9gekkel k\u00edv\u00e1nj\u00e1k a c\u00e9lcsoportok munkaer\u0151piaci h\u00e1tr\u00e1ny\u00e1nak cs\u00f6kkent\u00e9s\u00e9t el\u00e9rni. Emellett \u00faj k\u00e9szs\u00e9gek elsaj\u00e1t\u00edt\u00e1s\u00e1nak t\u00e1mogat\u00e1s\u00e1val a munkaer\u0151 min\u0151s\u00e9g\u00e9nek jav\u00edt\u00e1s\u00e1t c\u00e9lozz\u00e1k meg.<\/p>\n<p><a href=\"https:\/\/allasorias.hu\/hirek\/wp-content\/uploads\/2022\/10\/Foglalkoztatasi-kepzes.jpg\"><img loading=\"lazy\" decoding=\"async\" class=\"alignnone wp-image-5855 size-full\" src=\"https:\/\/allasorias.hu\/hirek\/wp-content\/uploads\/2022\/10\/Foglalkoztatasi-kepzes.jpg\" alt=\"Foglalkoztat\u00e1si k\u00e9pz\u00e9s\" width=\"448\" height=\"299\" srcset=\"https:\/\/allasorias.hu\/hirek\/wp-content\/uploads\/2022\/10\/Foglalkoztatasi-kepzes.jpg 448w, https:\/\/allasorias.hu\/hirek\/wp-content\/uploads\/2022\/10\/Foglalkoztatasi-kepzes-300x200.jpg 300w\" sizes=\"auto, (max-width: 448px) 100vw, 448px\" \/><\/a><\/p>\n<p>B\u00e9k\u00e9s megy\u00e9ben a regisztr\u00e1lt munkan\u00e9lk\u00fcliek sz\u00e1ma a 2011-es 28 ezerr\u0151l az id\u00e9n az els\u0151 negyed\u00e9v\u00e9re 11 ezerre cs\u00f6kkent &#8211; id\u00e9zi a k\u00f6zlem\u00e9ny Zalai Mih\u00e1lyt, a konzorciumvezet\u0151 B\u00e9k\u00e9s Megyei \u00d6nkorm\u00e1nyzat eln\u00f6k\u00e9t. Az el\u0151z\u0151 p\u00e1ly\u00e1zati ciklusban t\u00edz ilyen projektet val\u00f3s\u00edtottak meg h\u00e9tmilli\u00e1rd forint \u00e9rt\u00e9kben &#8211; \u00edrt\u00e1k.<\/p>\n<p>Forr\u00e1s: profitline.hu<\/p>\n","protected":false},"excerpt":{"rendered":"<p>B\u00e9k\u00e9s megy\u00e9ben a regisztr\u00e1lt munkan\u00e9lk\u00fcliek sz\u00e1ma a 2011-es 28 ezerr\u0151l az id\u00e9n az els\u0151 negyed\u00e9v\u00e9re 11 ezerre cs\u00f6kkent. Most t\u00f6bb mint n\u00e9gymilli\u00e1rd forintos foglalkoztat\u00e1si program indult B\u00e9k\u00e9s megy\u00e9ben, amelynek c\u00e9lja, hogy 2027 v\u00e9g\u00e9ig 2300 ember munkaer\u0151piaci elhelyezked\u00e9s\u00e9t seg\u00edtse &#8211; k\u00f6z\u00f6lte a B\u00e9k\u00e9s Megyei \u00d6nkorm\u00e1nyzat. A k\u00f6zlem\u00e9nyben azt \u00edrt\u00e1k, a 4,2 milli\u00e1rd forintos t\u00e1mogat\u00e1st a 2020-2027-es [&hellip;]<\/p>\n","protected":false},"author":1,"featured_media":5856,"comment_status":"open","ping_status":"open","sticky":false,"template":"","format":"standard","meta":{"_monsterinsights_skip_tracking":false,"footnotes":""},"categories":[200],"tags":[],"class_list":["post-5854","post","type-post","status-publish","format-standard","has-post-thumbnail","hentry","category-munkaeropiac"],"aioseo_notices":[],"aioseo_head":"\n\t\t<!-- All in One SEO 5.0.0.1 - aioseo.com -->\n\t<meta name=\"description\" content=\"T\u00f6bb mint n\u00e9gymilli\u00e1rd forintos foglalkoztat\u00e1si program indult B\u00e9k\u00e9s megy\u00e9ben, amelynek c\u00e9lja, hogy 2027 v\u00e9g\u00e9ig 2300 ember munkaer\u0151piaci elhelyezked\u00e9s\u00e9t seg\u00edtse\" \/>\n\t<meta name=\"robots\" content=\"max-image-preview:large\" \/>\n\t<meta name=\"author\" content=\"Juh\u00e1sz P\u00e9ter\"\/>\n\t<link rel=\"canonical\" href=\"https:\/\/allasorias.hu\/hirek\/nagyszabasu-palyazat-a-foglalkoztatas-segitesere\/\" \/>\n\t<meta name=\"generator\" content=\"All in One SEO (AIOSEO) 5.0.0.1\" \/>\n\t\t<meta property=\"og:locale\" content=\"hu_HU\" \/>\n\t\t<meta property=\"og:site_name\" content=\"AllasOrias.hu | H\u00edrek-lapszemle | \u00dczleti h\u00edrek az \u00e1ll\u00e1s \u00e9s a munka vil\u00e1g\u00e1b\u00f3l\" \/>\n\t\t<meta property=\"og:type\" content=\"article\" \/>\n\t\t<meta property=\"og:title\" content=\"P\u00e1ly\u00e1zat a foglalkoztat\u00e1s seg\u00edt\u00e9s\u00e9re | Allasorias.hu\" \/>\n\t\t<meta property=\"og:description\" content=\"T\u00f6bb mint n\u00e9gymilli\u00e1rd forintos foglalkoztat\u00e1si program indult B\u00e9k\u00e9s megy\u00e9ben, amelynek c\u00e9lja, hogy 2027 v\u00e9g\u00e9ig 2300 ember munkaer\u0151piaci elhelyezked\u00e9s\u00e9t seg\u00edtse\" \/>\n\t\t<meta property=\"og:url\" content=\"https:\/\/allasorias.hu\/hirek\/nagyszabasu-palyazat-a-foglalkoztatas-segitesere\/\" \/>\n\t\t<meta property=\"og:image\" content=\"https:\/\/allasorias.hu\/hirek\/wp-content\/uploads\/2022\/10\/foglalkoztatasi-palyazat.jpg\" \/>\n\t\t<meta property=\"og:image:secure_url\" content=\"https:\/\/allasorias.hu\/hirek\/wp-content\/uploads\/2022\/10\/foglalkoztatasi-palyazat.jpg\" \/>\n\t\t<meta property=\"og:image:width\" content=\"448\" \/>\n\t\t<meta property=\"og:image:height\" content=\"299\" \/>\n\t\t<meta property=\"article:published_time\" content=\"2022-10-05T08:44:26+00:00\" \/>\n\t\t<meta property=\"article:modified_time\" content=\"2022-10-05T08:44:26+00:00\" \/>\n\t\t<meta property=\"article:publisher\" content=\"https:\/\/www.facebook.com\/allasorias\" \/>\n\t\t<meta name=\"twitter:card\" content=\"summary_large_image\" \/>\n\t\t<meta name=\"twitter:title\" content=\"P\u00e1ly\u00e1zat a foglalkoztat\u00e1s seg\u00edt\u00e9s\u00e9re | Allasorias.hu\" \/>\n\t\t<meta name=\"twitter:description\" content=\"T\u00f6bb mint n\u00e9gymilli\u00e1rd forintos foglalkoztat\u00e1si program indult B\u00e9k\u00e9s megy\u00e9ben, amelynek c\u00e9lja, hogy 2027 v\u00e9g\u00e9ig 2300 ember munkaer\u0151piaci elhelyezked\u00e9s\u00e9t seg\u00edtse\" \/>\n\t\t<meta name=\"twitter:image\" content=\"https:\/\/allasorias.hu\/hirek\/wp-content\/uploads\/2022\/10\/foglalkoztatasi-palyazat.jpg\" \/>\n\t\t<meta name=\"twitter:label1\" content=\"Written by\" \/>\n\t\t<meta name=\"twitter:data1\" content=\"Juh\u00e1sz P\u00e9ter\" \/>\n\t\t<meta name=\"twitter:label2\" content=\"Est. reading time\" \/>\n\t\t<meta name=\"twitter:data2\" content=\"1 minute\" \/>\n\t\t<script type=\"application\/ld+json\" class=\"aioseo-schema\">\n\t\t\t{\"@context\":\"https:\\\/\\\/schema.org\",\"@graph\":[{\"@type\":\"Article\",\"@id\":\"https:\\\/\\\/allasorias.hu\\\/hirek\\\/nagyszabasu-palyazat-a-foglalkoztatas-segitesere\\\/#article\",\"name\":\"P\\u00e1ly\\u00e1zat a foglalkoztat\\u00e1s seg\\u00edt\\u00e9s\\u00e9re | Allasorias.hu\",\"headline\":\"Nagyszab\\u00e1s\\u00fa p\\u00e1ly\\u00e1zat a foglalkoztat\\u00e1s seg\\u00edt\\u00e9s\\u00e9re\",\"author\":{\"@id\":\"https:\\\/\\\/allasorias.hu\\\/hirek\\\/author\\\/admin-allasorias\\\/#author\"},\"publisher\":{\"@id\":\"https:\\\/\\\/allasorias.hu\\\/hirek\\\/#organization\"},\"image\":{\"@type\":\"ImageObject\",\"url\":\"https:\\\/\\\/allasorias.hu\\\/hirek\\\/wp-content\\\/uploads\\\/2022\\\/10\\\/foglalkoztatasi-palyazat.jpg\",\"width\":448,\"height\":299,\"caption\":\"Foglalkoztat\\u00e1si p\\u00e1ly\\u00e1zat\"},\"datePublished\":\"2022-10-05T08:44:26+02:00\",\"dateModified\":\"2022-10-05T08:44:26+02:00\",\"inLanguage\":\"hu-HU\",\"mainEntityOfPage\":{\"@id\":\"https:\\\/\\\/allasorias.hu\\\/hirek\\\/nagyszabasu-palyazat-a-foglalkoztatas-segitesere\\\/#webpage\"},\"isPartOf\":{\"@id\":\"https:\\\/\\\/allasorias.hu\\\/hirek\\\/nagyszabasu-palyazat-a-foglalkoztatas-segitesere\\\/#webpage\"},\"articleSection\":\"Munkaer\\u0151piac\"},{\"@type\":\"BreadcrumbList\",\"@id\":\"https:\\\/\\\/allasorias.hu\\\/hirek\\\/nagyszabasu-palyazat-a-foglalkoztatas-segitesere\\\/#breadcrumblist\",\"itemListElement\":[{\"@type\":\"ListItem\",\"@id\":\"https:\\\/\\\/allasorias.hu\\\/hirek#listItem\",\"position\":1,\"name\":\"Home\",\"item\":\"https:\\\/\\\/allasorias.hu\\\/hirek\",\"nextItem\":{\"@type\":\"ListItem\",\"@id\":\"https:\\\/\\\/allasorias.hu\\\/hirek\\\/temak\\\/munkaeropiac\\\/#listItem\",\"name\":\"Munkaer\\u0151piac\"}},{\"@type\":\"ListItem\",\"@id\":\"https:\\\/\\\/allasorias.hu\\\/hirek\\\/temak\\\/munkaeropiac\\\/#listItem\",\"position\":2,\"name\":\"Munkaer\\u0151piac\",\"item\":\"https:\\\/\\\/allasorias.hu\\\/hirek\\\/temak\\\/munkaeropiac\\\/\",\"nextItem\":{\"@type\":\"ListItem\",\"@id\":\"https:\\\/\\\/allasorias.hu\\\/hirek\\\/nagyszabasu-palyazat-a-foglalkoztatas-segitesere\\\/#listItem\",\"name\":\"Nagyszab\\u00e1s\\u00fa p\\u00e1ly\\u00e1zat a foglalkoztat\\u00e1s seg\\u00edt\\u00e9s\\u00e9re\"},\"previousItem\":{\"@type\":\"ListItem\",\"@id\":\"https:\\\/\\\/allasorias.hu\\\/hirek#listItem\",\"name\":\"Home\"}},{\"@type\":\"ListItem\",\"@id\":\"https:\\\/\\\/allasorias.hu\\\/hirek\\\/nagyszabasu-palyazat-a-foglalkoztatas-segitesere\\\/#listItem\",\"position\":3,\"name\":\"Nagyszab\\u00e1s\\u00fa p\\u00e1ly\\u00e1zat a foglalkoztat\\u00e1s seg\\u00edt\\u00e9s\\u00e9re\",\"previousItem\":{\"@type\":\"ListItem\",\"@id\":\"https:\\\/\\\/allasorias.hu\\\/hirek\\\/temak\\\/munkaeropiac\\\/#listItem\",\"name\":\"Munkaer\\u0151piac\"}}]},{\"@type\":\"Organization\",\"@id\":\"https:\\\/\\\/allasorias.hu\\\/hirek\\\/#organization\",\"name\":\"AllasOrias.hu | H\\u00edrek-lapszemle\",\"description\":\"\\u00dczleti h\\u00edrek az \\u00e1ll\\u00e1s \\u00e9s a munka vil\\u00e1g\\u00e1b\\u00f3l\",\"url\":\"https:\\\/\\\/allasorias.hu\\\/hirek\\\/\",\"logo\":{\"@type\":\"ImageObject\",\"url\":\"https:\\\/\\\/allasorias.hu\\\/hirek\\\/wp-content\\\/uploads\\\/2022\\\/10\\\/allasorias_site_facebok_logo.png\",\"@id\":\"https:\\\/\\\/allasorias.hu\\\/hirek\\\/nagyszabasu-palyazat-a-foglalkoztatas-segitesere\\\/#organizationLogo\"},\"image\":{\"@id\":\"https:\\\/\\\/allasorias.hu\\\/hirek\\\/nagyszabasu-palyazat-a-foglalkoztatas-segitesere\\\/#organizationLogo\"},\"sameAs\":[\"https:\\\/\\\/www.facebook.com\\\/allasorias\",\"https:\\\/\\\/www.linkedin.com\\\/company\\\/allasorias\"]},{\"@type\":\"Person\",\"@id\":\"https:\\\/\\\/allasorias.hu\\\/hirek\\\/author\\\/admin-allasorias\\\/#author\",\"url\":\"https:\\\/\\\/allasorias.hu\\\/hirek\\\/author\\\/admin-allasorias\\\/\",\"name\":\"Juh\\u00e1sz P\\u00e9ter\",\"image\":{\"@type\":\"ImageObject\",\"@id\":\"https:\\\/\\\/allasorias.hu\\\/hirek\\\/nagyszabasu-palyazat-a-foglalkoztatas-segitesere\\\/#authorImage\",\"url\":\"https:\\\/\\\/secure.gravatar.com\\\/avatar\\\/36e6bcb83148978b992977cb0f54d22feb0cce8a0a849a9410532bb2623ba4c6?s=96&d=mm&r=g\",\"width\":96,\"height\":96,\"caption\":\"Juh\\u00e1sz P\\u00e9ter\"}},{\"@type\":\"WebPage\",\"@id\":\"https:\\\/\\\/allasorias.hu\\\/hirek\\\/nagyszabasu-palyazat-a-foglalkoztatas-segitesere\\\/#webpage\",\"url\":\"https:\\\/\\\/allasorias.hu\\\/hirek\\\/nagyszabasu-palyazat-a-foglalkoztatas-segitesere\\\/\",\"name\":\"P\\u00e1ly\\u00e1zat a foglalkoztat\\u00e1s seg\\u00edt\\u00e9s\\u00e9re | Allasorias.hu\",\"description\":\"T\\u00f6bb mint n\\u00e9gymilli\\u00e1rd forintos foglalkoztat\\u00e1si program indult B\\u00e9k\\u00e9s megy\\u00e9ben, amelynek c\\u00e9lja, hogy 2027 v\\u00e9g\\u00e9ig 2300 ember munkaer\\u0151piaci elhelyezked\\u00e9s\\u00e9t seg\\u00edtse\",\"inLanguage\":\"hu-HU\",\"isPartOf\":{\"@id\":\"https:\\\/\\\/allasorias.hu\\\/hirek\\\/#website\"},\"breadcrumb\":{\"@id\":\"https:\\\/\\\/allasorias.hu\\\/hirek\\\/nagyszabasu-palyazat-a-foglalkoztatas-segitesere\\\/#breadcrumblist\"},\"author\":{\"@id\":\"https:\\\/\\\/allasorias.hu\\\/hirek\\\/author\\\/admin-allasorias\\\/#author\"},\"creator\":{\"@id\":\"https:\\\/\\\/allasorias.hu\\\/hirek\\\/author\\\/admin-allasorias\\\/#author\"},\"image\":{\"@type\":\"ImageObject\",\"url\":\"https:\\\/\\\/allasorias.hu\\\/hirek\\\/wp-content\\\/uploads\\\/2022\\\/10\\\/foglalkoztatasi-palyazat.jpg\",\"@id\":\"https:\\\/\\\/allasorias.hu\\\/hirek\\\/nagyszabasu-palyazat-a-foglalkoztatas-segitesere\\\/#mainImage\",\"width\":448,\"height\":299,\"caption\":\"Foglalkoztat\\u00e1si p\\u00e1ly\\u00e1zat\"},\"primaryImageOfPage\":{\"@id\":\"https:\\\/\\\/allasorias.hu\\\/hirek\\\/nagyszabasu-palyazat-a-foglalkoztatas-segitesere\\\/#mainImage\"},\"datePublished\":\"2022-10-05T08:44:26+02:00\",\"dateModified\":\"2022-10-05T08:44:26+02:00\"},{\"@type\":\"WebSite\",\"@id\":\"https:\\\/\\\/allasorias.hu\\\/hirek\\\/#website\",\"url\":\"https:\\\/\\\/allasorias.hu\\\/hirek\\\/\",\"name\":\"AllasOrias.hu | H\\u00edrek-lapszemle\",\"description\":\"\\u00dczleti h\\u00edrek az \\u00e1ll\\u00e1s \\u00e9s a munka vil\\u00e1g\\u00e1b\\u00f3l\",\"inLanguage\":\"hu-HU\",\"publisher\":{\"@id\":\"https:\\\/\\\/allasorias.hu\\\/hirek\\\/#organization\"}}]}\n\t\t<\/script>\n\t\t<!-- All in One SEO -->\n\n","aioseo_head_json":{"title":"P\u00e1ly\u00e1zat a foglalkoztat\u00e1s seg\u00edt\u00e9s\u00e9re | Allasorias.hu","description":"T\u00f6bb mint n\u00e9gymilli\u00e1rd forintos foglalkoztat\u00e1si program indult B\u00e9k\u00e9s megy\u00e9ben, amelynek c\u00e9lja, hogy 2027 v\u00e9g\u00e9ig 2300 ember munkaer\u0151piaci elhelyezked\u00e9s\u00e9t seg\u00edtse","canonical_url":"https:\/\/allasorias.hu\/hirek\/nagyszabasu-palyazat-a-foglalkoztatas-segitesere\/","robots":"max-image-preview:large","keywords":"","webmasterTools":{"miscellaneous":""},"schema":{"@context":"https:\/\/schema.org","@graph":[{"@type":"Article","@id":"https:\/\/allasorias.hu\/hirek\/nagyszabasu-palyazat-a-foglalkoztatas-segitesere\/#article","name":"P\u00e1ly\u00e1zat a foglalkoztat\u00e1s seg\u00edt\u00e9s\u00e9re | Allasorias.hu","headline":"Nagyszab\u00e1s\u00fa p\u00e1ly\u00e1zat a foglalkoztat\u00e1s seg\u00edt\u00e9s\u00e9re","author":{"@id":"https:\/\/allasorias.hu\/hirek\/author\/admin-allasorias\/#author"},"publisher":{"@id":"https:\/\/allasorias.hu\/hirek\/#organization"},"image":{"@type":"ImageObject","url":"https:\/\/allasorias.hu\/hirek\/wp-content\/uploads\/2022\/10\/foglalkoztatasi-palyazat.jpg","width":448,"height":299,"caption":"Foglalkoztat\u00e1si p\u00e1ly\u00e1zat"},"datePublished":"2022-10-05T08:44:26+02:00","dateModified":"2022-10-05T08:44:26+02:00","inLanguage":"hu-HU","mainEntityOfPage":{"@id":"https:\/\/allasorias.hu\/hirek\/nagyszabasu-palyazat-a-foglalkoztatas-segitesere\/#webpage"},"isPartOf":{"@id":"https:\/\/allasorias.hu\/hirek\/nagyszabasu-palyazat-a-foglalkoztatas-segitesere\/#webpage"},"articleSection":"Munkaer\u0151piac"},{"@type":"BreadcrumbList","@id":"https:\/\/allasorias.hu\/hirek\/nagyszabasu-palyazat-a-foglalkoztatas-segitesere\/#breadcrumblist","itemListElement":[{"@type":"ListItem","@id":"https:\/\/allasorias.hu\/hirek#listItem","position":1,"name":"Home","item":"https:\/\/allasorias.hu\/hirek","nextItem":{"@type":"ListItem","@id":"https:\/\/allasorias.hu\/hirek\/temak\/munkaeropiac\/#listItem","name":"Munkaer\u0151piac"}},{"@type":"ListItem","@id":"https:\/\/allasorias.hu\/hirek\/temak\/munkaeropiac\/#listItem","position":2,"name":"Munkaer\u0151piac","item":"https:\/\/allasorias.hu\/hirek\/temak\/munkaeropiac\/","nextItem":{"@type":"ListItem","@id":"https:\/\/allasorias.hu\/hirek\/nagyszabasu-palyazat-a-foglalkoztatas-segitesere\/#listItem","name":"Nagyszab\u00e1s\u00fa p\u00e1ly\u00e1zat a foglalkoztat\u00e1s seg\u00edt\u00e9s\u00e9re"},"previousItem":{"@type":"ListItem","@id":"https:\/\/allasorias.hu\/hirek#listItem","name":"Home"}},{"@type":"ListItem","@id":"https:\/\/allasorias.hu\/hirek\/nagyszabasu-palyazat-a-foglalkoztatas-segitesere\/#listItem","position":3,"name":"Nagyszab\u00e1s\u00fa p\u00e1ly\u00e1zat a foglalkoztat\u00e1s seg\u00edt\u00e9s\u00e9re","previousItem":{"@type":"ListItem","@id":"https:\/\/allasorias.hu\/hirek\/temak\/munkaeropiac\/#listItem","name":"Munkaer\u0151piac"}}]},{"@type":"Organization","@id":"https:\/\/allasorias.hu\/hirek\/#organization","name":"AllasOrias.hu | H\u00edrek-lapszemle","description":"\u00dczleti h\u00edrek az \u00e1ll\u00e1s \u00e9s a munka vil\u00e1g\u00e1b\u00f3l","url":"https:\/\/allasorias.hu\/hirek\/","logo":{"@type":"ImageObject","url":"https:\/\/allasorias.hu\/hirek\/wp-content\/uploads\/2022\/10\/allasorias_site_facebok_logo.png","@id":"https:\/\/allasorias.hu\/hirek\/nagyszabasu-palyazat-a-foglalkoztatas-segitesere\/#organizationLogo"},"image":{"@id":"https:\/\/allasorias.hu\/hirek\/nagyszabasu-palyazat-a-foglalkoztatas-segitesere\/#organizationLogo"},"sameAs":["https:\/\/www.facebook.com\/allasorias","https:\/\/www.linkedin.com\/company\/allasorias"]},{"@type":"Person","@id":"https:\/\/allasorias.hu\/hirek\/author\/admin-allasorias\/#author","url":"https:\/\/allasorias.hu\/hirek\/author\/admin-allasorias\/","name":"Juh\u00e1sz P\u00e9ter","image":{"@type":"ImageObject","@id":"https:\/\/allasorias.hu\/hirek\/nagyszabasu-palyazat-a-foglalkoztatas-segitesere\/#authorImage","url":"https:\/\/secure.gravatar.com\/avatar\/36e6bcb83148978b992977cb0f54d22feb0cce8a0a849a9410532bb2623ba4c6?s=96&d=mm&r=g","width":96,"height":96,"caption":"Juh\u00e1sz P\u00e9ter"}},{"@type":"WebPage","@id":"https:\/\/allasorias.hu\/hirek\/nagyszabasu-palyazat-a-foglalkoztatas-segitesere\/#webpage","url":"https:\/\/allasorias.hu\/hirek\/nagyszabasu-palyazat-a-foglalkoztatas-segitesere\/","name":"P\u00e1ly\u00e1zat a foglalkoztat\u00e1s seg\u00edt\u00e9s\u00e9re | Allasorias.hu","description":"T\u00f6bb mint n\u00e9gymilli\u00e1rd forintos foglalkoztat\u00e1si program indult B\u00e9k\u00e9s megy\u00e9ben, amelynek c\u00e9lja, hogy 2027 v\u00e9g\u00e9ig 2300 ember munkaer\u0151piaci elhelyezked\u00e9s\u00e9t seg\u00edtse","inLanguage":"hu-HU","isPartOf":{"@id":"https:\/\/allasorias.hu\/hirek\/#website"},"breadcrumb":{"@id":"https:\/\/allasorias.hu\/hirek\/nagyszabasu-palyazat-a-foglalkoztatas-segitesere\/#breadcrumblist"},"author":{"@id":"https:\/\/allasorias.hu\/hirek\/author\/admin-allasorias\/#author"},"creator":{"@id":"https:\/\/allasorias.hu\/hirek\/author\/admin-allasorias\/#author"},"image":{"@type":"ImageObject","url":"https:\/\/allasorias.hu\/hirek\/wp-content\/uploads\/2022\/10\/foglalkoztatasi-palyazat.jpg","@id":"https:\/\/allasorias.hu\/hirek\/nagyszabasu-palyazat-a-foglalkoztatas-segitesere\/#mainImage","width":448,"height":299,"caption":"Foglalkoztat\u00e1si p\u00e1ly\u00e1zat"},"primaryImageOfPage":{"@id":"https:\/\/allasorias.hu\/hirek\/nagyszabasu-palyazat-a-foglalkoztatas-segitesere\/#mainImage"},"datePublished":"2022-10-05T08:44:26+02:00","dateModified":"2022-10-05T08:44:26+02:00"},{"@type":"WebSite","@id":"https:\/\/allasorias.hu\/hirek\/#website","url":"https:\/\/allasorias.hu\/hirek\/","name":"AllasOrias.hu | H\u00edrek-lapszemle","description":"\u00dczleti h\u00edrek az \u00e1ll\u00e1s \u00e9s a munka vil\u00e1g\u00e1b\u00f3l","inLanguage":"hu-HU","publisher":{"@id":"https:\/\/allasorias.hu\/hirek\/#organization"}}]},"og:locale":"hu_HU","og:site_name":"AllasOrias.hu | H\u00edrek-lapszemle | \u00dczleti h\u00edrek az \u00e1ll\u00e1s \u00e9s a munka vil\u00e1g\u00e1b\u00f3l","og:type":"article","og:title":"P\u00e1ly\u00e1zat a foglalkoztat\u00e1s seg\u00edt\u00e9s\u00e9re | Allasorias.hu","og:description":"T\u00f6bb mint n\u00e9gymilli\u00e1rd forintos foglalkoztat\u00e1si program indult B\u00e9k\u00e9s megy\u00e9ben, amelynek c\u00e9lja, hogy 2027 v\u00e9g\u00e9ig 2300 ember munkaer\u0151piaci elhelyezked\u00e9s\u00e9t seg\u00edtse","og:url":"https:\/\/allasorias.hu\/hirek\/nagyszabasu-palyazat-a-foglalkoztatas-segitesere\/","og:image":"https:\/\/allasorias.hu\/hirek\/wp-content\/uploads\/2022\/10\/foglalkoztatasi-palyazat.jpg","og:image:secure_url":"https:\/\/allasorias.hu\/hirek\/wp-content\/uploads\/2022\/10\/foglalkoztatasi-palyazat.jpg","og:image:width":448,"og:image:height":299,"article:published_time":"2022-10-05T08:44:26+00:00","article:modified_time":"2022-10-05T08:44:26+00:00","article:publisher":"https:\/\/www.facebook.com\/allasorias","twitter:card":"summary_large_image","twitter:title":"P\u00e1ly\u00e1zat a foglalkoztat\u00e1s seg\u00edt\u00e9s\u00e9re | Allasorias.hu","twitter:description":"T\u00f6bb mint n\u00e9gymilli\u00e1rd forintos foglalkoztat\u00e1si program indult B\u00e9k\u00e9s megy\u00e9ben, amelynek c\u00e9lja, hogy 2027 v\u00e9g\u00e9ig 2300 ember munkaer\u0151piaci elhelyezked\u00e9s\u00e9t seg\u00edtse","twitter:image":"https:\/\/allasorias.hu\/hirek\/wp-content\/uploads\/2022\/10\/foglalkoztatasi-palyazat.jpg","twitter:label1":"Written by","twitter:data1":"Juh\u00e1sz P\u00e9ter","twitter:label2":"Est. reading time","twitter:data2":"1 minute"},"aioseo_meta_data":{"post_id":"5854","title":"P\u00e1ly\u00e1zat a foglalkoztat\u00e1s seg\u00edt\u00e9s\u00e9re | Allasorias.hu","description":"T\u00f6bb mint n\u00e9gymilli\u00e1rd forintos foglalkoztat\u00e1si program indult B\u00e9k\u00e9s megy\u00e9ben, amelynek c\u00e9lja, hogy 2027 v\u00e9g\u00e9ig 2300 ember munkaer\u0151piaci elhelyezked\u00e9s\u00e9t seg\u00edtse","keywords":[],"keyphrases":{"focus":{"keyphrase":"foglalkoztat\u00e1s","score":73,"analysis":{"keyphraseInTitle":{"title":"Focus keyphrase in SEO title","description":"Focus keyphrase found in SEO title.","score":9,"maxScore":9,"error":0},"keyphraseInDescription":{"title":"Focus keyphrase in meta description","description":"Focus keyphrase not found in meta description.","score":3,"maxScore":9,"error":1},"keyphraseLength":{"title":"Focus keyphrase length","description":"Good job!","score":9,"maxScore":9,"error":0,"length":1},"keyphraseInURL":{"title":"Focus keyphrase in URL","description":"Focus keyphrase not found in the URL.","score":1,"maxScore":5,"error":1},"keyphraseInIntroduction":{"title":"Focus keyphrase in introduction","description":"Your Focus keyphrase does not appear in the first paragraph. Make sure the topic is clear immediately.","score":3,"maxScore":9,"error":1},"keyphraseInSubHeadings":{"title":"Focus keyphrase in Subheadings","description":"Your H2 or H3 subheading reflects the topic of your copy. Good job!","score":9,"maxScore":9,"error":0},"keyphraseInImageAlt":{"title":"Focus keyphrase in image alt attributes","description":"Focus keyphrase found in image alt attribute(s).","score":9,"maxScore":9,"error":0}}},"additional":[]},"primary_term":null,"canonical_url":null,"og_title":null,"og_description":null,"og_object_type":"default","og_image_type":"default","og_image_url":null,"og_image_width":null,"og_image_height":null,"og_image_custom_url":null,"og_image_custom_fields":null,"og_video":"","og_custom_url":null,"og_article_section":null,"og_article_tags":[],"twitter_use_og":false,"twitter_card":"default","twitter_image_type":"default","twitter_image_url":null,"twitter_image_custom_url":null,"twitter_image_custom_fields":null,"twitter_title":null,"twitter_description":null,"schema":{"blockGraphs":[],"customGraphs":[],"default":{"data":{"Article":[],"Course":[],"Dataset":[],"FAQPage":[],"Movie":[],"Person":[],"Product":[],"ProductReview":[],"Car":[],"Recipe":[],"Service":[],"SoftwareApplication":[],"WebPage":[]},"graphName":"","isEnabled":true},"graphs":[]},"schema_type":"default","schema_type_options":null,"pillar_content":false,"robots_default":true,"robots_noindex":false,"robots_noarchive":false,"robots_nosnippet":false,"robots_nofollow":false,"robots_noimageindex":false,"robots_noodp":false,"robots_notranslate":false,"robots_max_snippet":"-1","robots_max_videopreview":"-1","robots_max_imagepreview":"large","priority":null,"frequency":"default","location":null,"local_seo":null,"breadcrumb_settings":null,"limit_modified_date":false,"ai":null,"created":"2022-10-05 08:11:47","updated":"2025-10-02 17:17:54","seo_analyzer_scan_date":null,"focus_keyword":"foglalkoztat\u00e1s","additional_keywords":null,"truseo_locale":null},"aioseo_breadcrumb":"<div class=\"aioseo-breadcrumbs\"><span class=\"aioseo-breadcrumb\">\n\t\t\t<a href=\"https:\/\/allasorias.hu\/hirek\" title=\"Home\">Home<\/a>\n\t\t<\/span><span class=\"aioseo-breadcrumb-separator\">&raquo;<\/span><span class=\"aioseo-breadcrumb\">\n\t\t\t<a href=\"https:\/\/allasorias.hu\/hirek\/temak\/munkaeropiac\/\" title=\"Munkaer\u0151piac\">Munkaer\u0151piac<\/a>\n\t\t<\/span><span class=\"aioseo-breadcrumb-separator\">&raquo;<\/span><span class=\"aioseo-breadcrumb\">\n\t\t\tNagyszab\u00e1s\u00fa p\u00e1ly\u00e1zat a foglalkoztat\u00e1s seg\u00edt\u00e9s\u00e9re\n\t\t<\/span><\/div>","aioseo_breadcrumb_json":[{"label":"Home","link":"https:\/\/allasorias.hu\/hirek"},{"label":"Munkaer\u0151piac","link":"https:\/\/allasorias.hu\/hirek\/temak\/munkaeropiac\/"},{"label":"Nagyszab\u00e1s\u00fa p\u00e1ly\u00e1zat a foglalkoztat\u00e1s seg\u00edt\u00e9s\u00e9re","link":"https:\/\/allasorias.hu\/hirek\/nagyszabasu-palyazat-a-foglalkoztatas-segitesere\/"}],"_links":{"self":[{"href":"https:\/\/allasorias.hu\/hirek\/wp-json\/wp\/v2\/posts\/5854","targetHints":{"allow":["GET"]}}],"collection":[{"href":"https:\/\/allasorias.hu\/hirek\/wp-json\/wp\/v2\/posts"}],"about":[{"href":"https:\/\/allasorias.hu\/hirek\/wp-json\/wp\/v2\/types\/post"}],"author":[{"embeddable":true,"href":"https:\/\/allasorias.hu\/hirek\/wp-json\/wp\/v2\/users\/1"}],"replies":[{"embeddable":true,"href":"https:\/\/allasorias.hu\/hirek\/wp-json\/wp\/v2\/comments?post=5854"}],"version-history":[{"count":1,"href":"https:\/\/allasorias.hu\/hirek\/wp-json\/wp\/v2\/posts\/5854\/revisions"}],"predecessor-version":[{"id":5857,"href":"https:\/\/allasorias.hu\/hirek\/wp-json\/wp\/v2\/posts\/5854\/revisions\/5857"}],"wp:featuredmedia":[{"embeddable":true,"href":"https:\/\/allasorias.hu\/hirek\/wp-json\/wp\/v2\/media\/5856"}],"wp:attachment":[{"href":"https:\/\/allasorias.hu\/hirek\/wp-json\/wp\/v2\/media?parent=5854"}],"wp:term":[{"taxonomy":"category","embeddable":true,"href":"https:\/\/allasorias.hu\/hirek\/wp-json\/wp\/v2\/categories?post=5854"},{"taxonomy":"post_tag","embeddable":true,"href":"https:\/\/allasorias.hu\/hirek\/wp-json\/wp\/v2\/tags?post=5854"}],"curies":[{"name":"wp","href":"https:\/\/api.w.org\/{rel}","templated":true}]}}