{"id":5845,"date":"2022-10-03T14:28:01","date_gmt":"2022-10-03T14:28:01","guid":{"rendered":"https:\/\/allasorias.hu\/hirek\/?p=5845"},"modified":"2022-10-03T14:28:10","modified_gmt":"2022-10-03T14:28:10","slug":"hol-a-legtobb-a-fekete-foglalkoztatottsag","status":"publish","type":"post","link":"https:\/\/allasorias.hu\/hirek\/hol-a-legtobb-a-fekete-foglalkoztatottsag\/","title":{"rendered":"Hol a legt\u00f6bb a fekete foglalkoztatotts\u00e1g ?"},"content":{"rendered":"<p><strong>Az \u00f6sszes feket\u00e9n foglalkoztatott dolgoz\u00f3 b\u0151 fele az \u00e9p\u00edt\u0151iparban dolgozott, az \u00e1gazatban az els\u0151 f\u00e9l\u00e9vben ellen\u0151rz\u00f6tt munkav\u00e1llal\u00f3knak pedig majdnem a harmad\u00e1t foglalkoztatt\u00e1k bejelent\u00e9s n\u00e9lk\u00fcl. B\u00e1r \u00e9vr\u0151l \u00e9vre egyre kevesebb munkav\u00e1llal\u00f3t ellen\u0151riz a hat\u00f3s\u00e1g, a \u201etal\u00e1lati ar\u00e1ny\u201d n\u00f6vekszik.<\/strong><\/p>\n<p>T\u00edz \u00e9ve m\u00e9g 114 ezer, az id\u00e9n m\u00e1r kevesebb, mint 28 ezer dolgoz\u00f3t \u00e9rintettek a vizsg\u00e1latok, 2012 els\u0151 f\u00e9l\u00e9v\u00e9ben m\u00e9gis a munkav\u00e1llal\u00f3k alig 5 sz\u00e1zal\u00e9k\u00e1r\u00f3l der\u00fclt ki, hogy feket\u00e9n foglalkoztatj\u00e1k, m\u00edg az id\u00e9n t\u00f6bb, mint 14 sz\u00e1zal\u00e9kukr\u00f3l. Az \u00f6sszes feket\u00e9n foglalkoztatott dolgoz\u00f3 b\u0151 fele az \u00e9p\u00edt\u0151iparban dolgozott, az \u00e1gazatban az els\u0151 f\u00e9l\u00e9vben ellen\u0151rz\u00f6tt munkav\u00e1llal\u00f3knak pedig majdnem a harmad\u00e1t foglalkoztatt\u00e1k bejelent\u00e9s n\u00e9lk\u00fcl. R\u00e1ad\u00e1sul mindk\u00e9t mutat\u00f3 n\u00f6vekedett a tavalyi els\u0151 f\u00e9l\u00e9vhez k\u00e9pest: 2021-ben az \u00e9p\u00edt\u0151ipar m\u00e9g az \u00f6sszes feket\u00e9n foglalkoztatott 47 sz\u00e1zal\u00e9k\u00e1t adta, az \u00e1gazaton bel\u00fcl pedig \u201ecsak\u201d 26 sz\u00e1zal\u00e9k volt a bejelent\u00e9s n\u00e9lk\u00fcliek ar\u00e1nya &#8211; \u00edrja a N\u00e9pszava. A magas \u201etal\u00e1lati\u201d ar\u00e1ny egyik oka, hogy az ellen\u0151rz\u00e9sek t\u00f6bb mint harmada eleve az \u00e9p\u00edt\u0151iparra ir\u00e1nyult, \u00e9s az idei els\u0151 f\u00e9l\u00e9vben a hat\u00f3s\u00e1g orsz\u00e1gos c\u00e9lvizsg\u00e1latot is folytatott az \u00e1gazatban. Ezzel egy\u00fctt is hib\u00e1s lenne azt a k\u00f6vetkeztet\u00e9st levonni, hogy ezek az adatok az eg\u00e9sz \u00e9p\u00edt\u0151ipart jellemzik \u2013 fogalmazott a lapnak Koji L\u00e1szl\u00f3, az \u00c9p\u00edt\u00e9si V\u00e1llalkoz\u00f3k Orsz\u00e1gos Szaksz\u00f6vets\u00e9g\u00e9nek (\u00c9VOSZ) eln\u00f6ke.<\/p>\n<p>Forr\u00e1s: penzcentrum.hu, N\u00e9pszava<\/p>\n","protected":false},"excerpt":{"rendered":"<p>Az \u00f6sszes feket\u00e9n foglalkoztatott dolgoz\u00f3 b\u0151 fele az \u00e9p\u00edt\u0151iparban dolgozott, az \u00e1gazatban az els\u0151 f\u00e9l\u00e9vben ellen\u0151rz\u00f6tt munkav\u00e1llal\u00f3knak pedig majdnem a harmad\u00e1t foglalkoztatt\u00e1k bejelent\u00e9s n\u00e9lk\u00fcl. B\u00e1r \u00e9vr\u0151l \u00e9vre egyre kevesebb munkav\u00e1llal\u00f3t ellen\u0151riz a hat\u00f3s\u00e1g, a \u201etal\u00e1lati ar\u00e1ny\u201d n\u00f6vekszik. T\u00edz \u00e9ve m\u00e9g 114 ezer, az id\u00e9n m\u00e1r kevesebb, mint 28 ezer dolgoz\u00f3t \u00e9rintettek a vizsg\u00e1latok, 2012 els\u0151 [&hellip;]<\/p>\n","protected":false},"author":1,"featured_media":5846,"comment_status":"open","ping_status":"open","sticky":false,"template":"","format":"standard","meta":{"_monsterinsights_skip_tracking":false,"footnotes":""},"categories":[200],"tags":[],"class_list":["post-5845","post","type-post","status-publish","format-standard","has-post-thumbnail","hentry","category-munkaeropiac"],"aioseo_notices":[],"aioseo_head":"\n\t\t<!-- All in One SEO 5.0.0.1 - aioseo.com -->\n\t<meta name=\"description\" content=\"Az \u00f6sszes feket\u00e9n foglalkoztatott dolgoz\u00f3 b\u0151 fele az \u00e9p\u00edt\u0151iparban dolgozott, kor\u00e1bban a harmad\u00e1t foglalkoztatt\u00e1k bejelent\u00e9s n\u00e9lk\u00fcl.\" \/>\n\t<meta name=\"robots\" content=\"max-image-preview:large\" \/>\n\t<meta name=\"author\" content=\"Juh\u00e1sz P\u00e9ter\"\/>\n\t<link rel=\"canonical\" href=\"https:\/\/allasorias.hu\/hirek\/hol-a-legtobb-a-fekete-foglalkoztatottsag\/\" \/>\n\t<meta name=\"generator\" content=\"All in One SEO (AIOSEO) 5.0.0.1\" \/>\n\t\t<meta property=\"og:locale\" content=\"hu_HU\" \/>\n\t\t<meta property=\"og:site_name\" content=\"AllasOrias.hu | H\u00edrek-lapszemle | \u00dczleti h\u00edrek az \u00e1ll\u00e1s \u00e9s a munka vil\u00e1g\u00e1b\u00f3l\" \/>\n\t\t<meta property=\"og:type\" content=\"article\" \/>\n\t\t<meta property=\"og:title\" content=\"Hol a legt\u00f6bb a fekete foglalkoztatotts\u00e1g ? | Allasorias.hu\" \/>\n\t\t<meta property=\"og:description\" content=\"Az \u00f6sszes feket\u00e9n foglalkoztatott dolgoz\u00f3 b\u0151 fele az \u00e9p\u00edt\u0151iparban dolgozott, kor\u00e1bban a harmad\u00e1t foglalkoztatt\u00e1k bejelent\u00e9s n\u00e9lk\u00fcl.\" \/>\n\t\t<meta property=\"og:url\" content=\"https:\/\/allasorias.hu\/hirek\/hol-a-legtobb-a-fekete-foglalkoztatottsag\/\" \/>\n\t\t<meta property=\"og:image\" content=\"https:\/\/allasorias.hu\/hirek\/wp-content\/uploads\/2022\/10\/Fekete-foglalkoztatottsag.jpg\" \/>\n\t\t<meta property=\"og:image:secure_url\" content=\"https:\/\/allasorias.hu\/hirek\/wp-content\/uploads\/2022\/10\/Fekete-foglalkoztatottsag.jpg\" \/>\n\t\t<meta property=\"og:image:width\" content=\"1920\" \/>\n\t\t<meta property=\"og:image:height\" content=\"1280\" \/>\n\t\t<meta property=\"article:published_time\" content=\"2022-10-03T14:28:01+00:00\" \/>\n\t\t<meta property=\"article:modified_time\" content=\"2022-10-03T14:28:10+00:00\" \/>\n\t\t<meta property=\"article:publisher\" content=\"https:\/\/www.facebook.com\/allasorias\" \/>\n\t\t<meta name=\"twitter:card\" content=\"summary_large_image\" \/>\n\t\t<meta name=\"twitter:title\" content=\"Hol a legt\u00f6bb a fekete foglalkoztatotts\u00e1g ? | Allasorias.hu\" \/>\n\t\t<meta name=\"twitter:description\" content=\"Az \u00f6sszes feket\u00e9n foglalkoztatott dolgoz\u00f3 b\u0151 fele az \u00e9p\u00edt\u0151iparban dolgozott, kor\u00e1bban a harmad\u00e1t foglalkoztatt\u00e1k bejelent\u00e9s n\u00e9lk\u00fcl.\" \/>\n\t\t<meta name=\"twitter:image\" content=\"https:\/\/allasorias.hu\/hirek\/wp-content\/uploads\/2022\/10\/Fekete-foglalkoztatottsag.jpg\" \/>\n\t\t<meta name=\"twitter:label1\" content=\"Written by\" \/>\n\t\t<meta name=\"twitter:data1\" content=\"Juh\u00e1sz P\u00e9ter\" \/>\n\t\t<meta name=\"twitter:label2\" content=\"Est. reading time\" \/>\n\t\t<meta name=\"twitter:data2\" content=\"2 minutes\" \/>\n\t\t<script type=\"application\/ld+json\" class=\"aioseo-schema\">\n\t\t\t{\"@context\":\"https:\\\/\\\/schema.org\",\"@graph\":[{\"@type\":\"Article\",\"@id\":\"https:\\\/\\\/allasorias.hu\\\/hirek\\\/hol-a-legtobb-a-fekete-foglalkoztatottsag\\\/#article\",\"name\":\"Hol a legt\\u00f6bb a fekete foglalkoztatotts\\u00e1g ? | Allasorias.hu\",\"headline\":\"Hol a legt\\u00f6bb a fekete foglalkoztatotts\\u00e1g ?\",\"author\":{\"@id\":\"https:\\\/\\\/allasorias.hu\\\/hirek\\\/author\\\/admin-allasorias\\\/#author\"},\"publisher\":{\"@id\":\"https:\\\/\\\/allasorias.hu\\\/hirek\\\/#organization\"},\"image\":{\"@type\":\"ImageObject\",\"url\":\"https:\\\/\\\/allasorias.hu\\\/hirek\\\/wp-content\\\/uploads\\\/2022\\\/10\\\/Fekete-foglalkoztatottsag.jpg\",\"width\":1920,\"height\":1280,\"caption\":\"Hol a legt\\u00f6bb a fekete foglalkoztatotts\\u00e1g ?\"},\"datePublished\":\"2022-10-03T14:28:01+02:00\",\"dateModified\":\"2022-10-03T14:28:10+02:00\",\"inLanguage\":\"hu-HU\",\"mainEntityOfPage\":{\"@id\":\"https:\\\/\\\/allasorias.hu\\\/hirek\\\/hol-a-legtobb-a-fekete-foglalkoztatottsag\\\/#webpage\"},\"isPartOf\":{\"@id\":\"https:\\\/\\\/allasorias.hu\\\/hirek\\\/hol-a-legtobb-a-fekete-foglalkoztatottsag\\\/#webpage\"},\"articleSection\":\"Munkaer\\u0151piac\"},{\"@type\":\"BreadcrumbList\",\"@id\":\"https:\\\/\\\/allasorias.hu\\\/hirek\\\/hol-a-legtobb-a-fekete-foglalkoztatottsag\\\/#breadcrumblist\",\"itemListElement\":[{\"@type\":\"ListItem\",\"@id\":\"https:\\\/\\\/allasorias.hu\\\/hirek#listItem\",\"position\":1,\"name\":\"Home\",\"item\":\"https:\\\/\\\/allasorias.hu\\\/hirek\",\"nextItem\":{\"@type\":\"ListItem\",\"@id\":\"https:\\\/\\\/allasorias.hu\\\/hirek\\\/temak\\\/munkaeropiac\\\/#listItem\",\"name\":\"Munkaer\\u0151piac\"}},{\"@type\":\"ListItem\",\"@id\":\"https:\\\/\\\/allasorias.hu\\\/hirek\\\/temak\\\/munkaeropiac\\\/#listItem\",\"position\":2,\"name\":\"Munkaer\\u0151piac\",\"item\":\"https:\\\/\\\/allasorias.hu\\\/hirek\\\/temak\\\/munkaeropiac\\\/\",\"nextItem\":{\"@type\":\"ListItem\",\"@id\":\"https:\\\/\\\/allasorias.hu\\\/hirek\\\/hol-a-legtobb-a-fekete-foglalkoztatottsag\\\/#listItem\",\"name\":\"Hol a legt\\u00f6bb a fekete foglalkoztatotts\\u00e1g ?\"},\"previousItem\":{\"@type\":\"ListItem\",\"@id\":\"https:\\\/\\\/allasorias.hu\\\/hirek#listItem\",\"name\":\"Home\"}},{\"@type\":\"ListItem\",\"@id\":\"https:\\\/\\\/allasorias.hu\\\/hirek\\\/hol-a-legtobb-a-fekete-foglalkoztatottsag\\\/#listItem\",\"position\":3,\"name\":\"Hol a legt\\u00f6bb a fekete foglalkoztatotts\\u00e1g ?\",\"previousItem\":{\"@type\":\"ListItem\",\"@id\":\"https:\\\/\\\/allasorias.hu\\\/hirek\\\/temak\\\/munkaeropiac\\\/#listItem\",\"name\":\"Munkaer\\u0151piac\"}}]},{\"@type\":\"Organization\",\"@id\":\"https:\\\/\\\/allasorias.hu\\\/hirek\\\/#organization\",\"name\":\"AllasOrias.hu | H\\u00edrek-lapszemle\",\"description\":\"\\u00dczleti h\\u00edrek az \\u00e1ll\\u00e1s \\u00e9s a munka vil\\u00e1g\\u00e1b\\u00f3l\",\"url\":\"https:\\\/\\\/allasorias.hu\\\/hirek\\\/\",\"logo\":{\"@type\":\"ImageObject\",\"url\":\"https:\\\/\\\/allasorias.hu\\\/hirek\\\/wp-content\\\/uploads\\\/2022\\\/10\\\/allasorias_site_facebok_logo.png\",\"@id\":\"https:\\\/\\\/allasorias.hu\\\/hirek\\\/hol-a-legtobb-a-fekete-foglalkoztatottsag\\\/#organizationLogo\"},\"image\":{\"@id\":\"https:\\\/\\\/allasorias.hu\\\/hirek\\\/hol-a-legtobb-a-fekete-foglalkoztatottsag\\\/#organizationLogo\"},\"sameAs\":[\"https:\\\/\\\/www.facebook.com\\\/allasorias\",\"https:\\\/\\\/www.linkedin.com\\\/company\\\/allasorias\"]},{\"@type\":\"Person\",\"@id\":\"https:\\\/\\\/allasorias.hu\\\/hirek\\\/author\\\/admin-allasorias\\\/#author\",\"url\":\"https:\\\/\\\/allasorias.hu\\\/hirek\\\/author\\\/admin-allasorias\\\/\",\"name\":\"Juh\\u00e1sz P\\u00e9ter\",\"image\":{\"@type\":\"ImageObject\",\"@id\":\"https:\\\/\\\/allasorias.hu\\\/hirek\\\/hol-a-legtobb-a-fekete-foglalkoztatottsag\\\/#authorImage\",\"url\":\"https:\\\/\\\/secure.gravatar.com\\\/avatar\\\/36e6bcb83148978b992977cb0f54d22feb0cce8a0a849a9410532bb2623ba4c6?s=96&d=mm&r=g\",\"width\":96,\"height\":96,\"caption\":\"Juh\\u00e1sz P\\u00e9ter\"}},{\"@type\":\"WebPage\",\"@id\":\"https:\\\/\\\/allasorias.hu\\\/hirek\\\/hol-a-legtobb-a-fekete-foglalkoztatottsag\\\/#webpage\",\"url\":\"https:\\\/\\\/allasorias.hu\\\/hirek\\\/hol-a-legtobb-a-fekete-foglalkoztatottsag\\\/\",\"name\":\"Hol a legt\\u00f6bb a fekete foglalkoztatotts\\u00e1g ? | Allasorias.hu\",\"description\":\"Az \\u00f6sszes feket\\u00e9n foglalkoztatott dolgoz\\u00f3 b\\u0151 fele az \\u00e9p\\u00edt\\u0151iparban dolgozott, kor\\u00e1bban a harmad\\u00e1t foglalkoztatt\\u00e1k bejelent\\u00e9s n\\u00e9lk\\u00fcl.\",\"inLanguage\":\"hu-HU\",\"isPartOf\":{\"@id\":\"https:\\\/\\\/allasorias.hu\\\/hirek\\\/#website\"},\"breadcrumb\":{\"@id\":\"https:\\\/\\\/allasorias.hu\\\/hirek\\\/hol-a-legtobb-a-fekete-foglalkoztatottsag\\\/#breadcrumblist\"},\"author\":{\"@id\":\"https:\\\/\\\/allasorias.hu\\\/hirek\\\/author\\\/admin-allasorias\\\/#author\"},\"creator\":{\"@id\":\"https:\\\/\\\/allasorias.hu\\\/hirek\\\/author\\\/admin-allasorias\\\/#author\"},\"image\":{\"@type\":\"ImageObject\",\"url\":\"https:\\\/\\\/allasorias.hu\\\/hirek\\\/wp-content\\\/uploads\\\/2022\\\/10\\\/Fekete-foglalkoztatottsag.jpg\",\"@id\":\"https:\\\/\\\/allasorias.hu\\\/hirek\\\/hol-a-legtobb-a-fekete-foglalkoztatottsag\\\/#mainImage\",\"width\":1920,\"height\":1280,\"caption\":\"Hol a legt\\u00f6bb a fekete foglalkoztatotts\\u00e1g ?\"},\"primaryImageOfPage\":{\"@id\":\"https:\\\/\\\/allasorias.hu\\\/hirek\\\/hol-a-legtobb-a-fekete-foglalkoztatottsag\\\/#mainImage\"},\"datePublished\":\"2022-10-03T14:28:01+02:00\",\"dateModified\":\"2022-10-03T14:28:10+02:00\"},{\"@type\":\"WebSite\",\"@id\":\"https:\\\/\\\/allasorias.hu\\\/hirek\\\/#website\",\"url\":\"https:\\\/\\\/allasorias.hu\\\/hirek\\\/\",\"name\":\"AllasOrias.hu | H\\u00edrek-lapszemle\",\"description\":\"\\u00dczleti h\\u00edrek az \\u00e1ll\\u00e1s \\u00e9s a munka vil\\u00e1g\\u00e1b\\u00f3l\",\"inLanguage\":\"hu-HU\",\"publisher\":{\"@id\":\"https:\\\/\\\/allasorias.hu\\\/hirek\\\/#organization\"}}]}\n\t\t<\/script>\n\t\t<!-- All in One SEO -->\n\n","aioseo_head_json":{"title":"Hol a legt\u00f6bb a fekete foglalkoztatotts\u00e1g ? | Allasorias.hu","description":"Az \u00f6sszes feket\u00e9n foglalkoztatott dolgoz\u00f3 b\u0151 fele az \u00e9p\u00edt\u0151iparban dolgozott, kor\u00e1bban a harmad\u00e1t foglalkoztatt\u00e1k bejelent\u00e9s n\u00e9lk\u00fcl.","canonical_url":"https:\/\/allasorias.hu\/hirek\/hol-a-legtobb-a-fekete-foglalkoztatottsag\/","robots":"max-image-preview:large","keywords":"","webmasterTools":{"miscellaneous":""},"schema":{"@context":"https:\/\/schema.org","@graph":[{"@type":"Article","@id":"https:\/\/allasorias.hu\/hirek\/hol-a-legtobb-a-fekete-foglalkoztatottsag\/#article","name":"Hol a legt\u00f6bb a fekete foglalkoztatotts\u00e1g ? | Allasorias.hu","headline":"Hol a legt\u00f6bb a fekete foglalkoztatotts\u00e1g ?","author":{"@id":"https:\/\/allasorias.hu\/hirek\/author\/admin-allasorias\/#author"},"publisher":{"@id":"https:\/\/allasorias.hu\/hirek\/#organization"},"image":{"@type":"ImageObject","url":"https:\/\/allasorias.hu\/hirek\/wp-content\/uploads\/2022\/10\/Fekete-foglalkoztatottsag.jpg","width":1920,"height":1280,"caption":"Hol a legt\u00f6bb a fekete foglalkoztatotts\u00e1g ?"},"datePublished":"2022-10-03T14:28:01+02:00","dateModified":"2022-10-03T14:28:10+02:00","inLanguage":"hu-HU","mainEntityOfPage":{"@id":"https:\/\/allasorias.hu\/hirek\/hol-a-legtobb-a-fekete-foglalkoztatottsag\/#webpage"},"isPartOf":{"@id":"https:\/\/allasorias.hu\/hirek\/hol-a-legtobb-a-fekete-foglalkoztatottsag\/#webpage"},"articleSection":"Munkaer\u0151piac"},{"@type":"BreadcrumbList","@id":"https:\/\/allasorias.hu\/hirek\/hol-a-legtobb-a-fekete-foglalkoztatottsag\/#breadcrumblist","itemListElement":[{"@type":"ListItem","@id":"https:\/\/allasorias.hu\/hirek#listItem","position":1,"name":"Home","item":"https:\/\/allasorias.hu\/hirek","nextItem":{"@type":"ListItem","@id":"https:\/\/allasorias.hu\/hirek\/temak\/munkaeropiac\/#listItem","name":"Munkaer\u0151piac"}},{"@type":"ListItem","@id":"https:\/\/allasorias.hu\/hirek\/temak\/munkaeropiac\/#listItem","position":2,"name":"Munkaer\u0151piac","item":"https:\/\/allasorias.hu\/hirek\/temak\/munkaeropiac\/","nextItem":{"@type":"ListItem","@id":"https:\/\/allasorias.hu\/hirek\/hol-a-legtobb-a-fekete-foglalkoztatottsag\/#listItem","name":"Hol a legt\u00f6bb a fekete foglalkoztatotts\u00e1g ?"},"previousItem":{"@type":"ListItem","@id":"https:\/\/allasorias.hu\/hirek#listItem","name":"Home"}},{"@type":"ListItem","@id":"https:\/\/allasorias.hu\/hirek\/hol-a-legtobb-a-fekete-foglalkoztatottsag\/#listItem","position":3,"name":"Hol a legt\u00f6bb a fekete foglalkoztatotts\u00e1g ?","previousItem":{"@type":"ListItem","@id":"https:\/\/allasorias.hu\/hirek\/temak\/munkaeropiac\/#listItem","name":"Munkaer\u0151piac"}}]},{"@type":"Organization","@id":"https:\/\/allasorias.hu\/hirek\/#organization","name":"AllasOrias.hu | H\u00edrek-lapszemle","description":"\u00dczleti h\u00edrek az \u00e1ll\u00e1s \u00e9s a munka vil\u00e1g\u00e1b\u00f3l","url":"https:\/\/allasorias.hu\/hirek\/","logo":{"@type":"ImageObject","url":"https:\/\/allasorias.hu\/hirek\/wp-content\/uploads\/2022\/10\/allasorias_site_facebok_logo.png","@id":"https:\/\/allasorias.hu\/hirek\/hol-a-legtobb-a-fekete-foglalkoztatottsag\/#organizationLogo"},"image":{"@id":"https:\/\/allasorias.hu\/hirek\/hol-a-legtobb-a-fekete-foglalkoztatottsag\/#organizationLogo"},"sameAs":["https:\/\/www.facebook.com\/allasorias","https:\/\/www.linkedin.com\/company\/allasorias"]},{"@type":"Person","@id":"https:\/\/allasorias.hu\/hirek\/author\/admin-allasorias\/#author","url":"https:\/\/allasorias.hu\/hirek\/author\/admin-allasorias\/","name":"Juh\u00e1sz P\u00e9ter","image":{"@type":"ImageObject","@id":"https:\/\/allasorias.hu\/hirek\/hol-a-legtobb-a-fekete-foglalkoztatottsag\/#authorImage","url":"https:\/\/secure.gravatar.com\/avatar\/36e6bcb83148978b992977cb0f54d22feb0cce8a0a849a9410532bb2623ba4c6?s=96&d=mm&r=g","width":96,"height":96,"caption":"Juh\u00e1sz P\u00e9ter"}},{"@type":"WebPage","@id":"https:\/\/allasorias.hu\/hirek\/hol-a-legtobb-a-fekete-foglalkoztatottsag\/#webpage","url":"https:\/\/allasorias.hu\/hirek\/hol-a-legtobb-a-fekete-foglalkoztatottsag\/","name":"Hol a legt\u00f6bb a fekete foglalkoztatotts\u00e1g ? | Allasorias.hu","description":"Az \u00f6sszes feket\u00e9n foglalkoztatott dolgoz\u00f3 b\u0151 fele az \u00e9p\u00edt\u0151iparban dolgozott, kor\u00e1bban a harmad\u00e1t foglalkoztatt\u00e1k bejelent\u00e9s n\u00e9lk\u00fcl.","inLanguage":"hu-HU","isPartOf":{"@id":"https:\/\/allasorias.hu\/hirek\/#website"},"breadcrumb":{"@id":"https:\/\/allasorias.hu\/hirek\/hol-a-legtobb-a-fekete-foglalkoztatottsag\/#breadcrumblist"},"author":{"@id":"https:\/\/allasorias.hu\/hirek\/author\/admin-allasorias\/#author"},"creator":{"@id":"https:\/\/allasorias.hu\/hirek\/author\/admin-allasorias\/#author"},"image":{"@type":"ImageObject","url":"https:\/\/allasorias.hu\/hirek\/wp-content\/uploads\/2022\/10\/Fekete-foglalkoztatottsag.jpg","@id":"https:\/\/allasorias.hu\/hirek\/hol-a-legtobb-a-fekete-foglalkoztatottsag\/#mainImage","width":1920,"height":1280,"caption":"Hol a legt\u00f6bb a fekete foglalkoztatotts\u00e1g ?"},"primaryImageOfPage":{"@id":"https:\/\/allasorias.hu\/hirek\/hol-a-legtobb-a-fekete-foglalkoztatottsag\/#mainImage"},"datePublished":"2022-10-03T14:28:01+02:00","dateModified":"2022-10-03T14:28:10+02:00"},{"@type":"WebSite","@id":"https:\/\/allasorias.hu\/hirek\/#website","url":"https:\/\/allasorias.hu\/hirek\/","name":"AllasOrias.hu | H\u00edrek-lapszemle","description":"\u00dczleti h\u00edrek az \u00e1ll\u00e1s \u00e9s a munka vil\u00e1g\u00e1b\u00f3l","inLanguage":"hu-HU","publisher":{"@id":"https:\/\/allasorias.hu\/hirek\/#organization"}}]},"og:locale":"hu_HU","og:site_name":"AllasOrias.hu | H\u00edrek-lapszemle | \u00dczleti h\u00edrek az \u00e1ll\u00e1s \u00e9s a munka vil\u00e1g\u00e1b\u00f3l","og:type":"article","og:title":"Hol a legt\u00f6bb a fekete foglalkoztatotts\u00e1g ? | Allasorias.hu","og:description":"Az \u00f6sszes feket\u00e9n foglalkoztatott dolgoz\u00f3 b\u0151 fele az \u00e9p\u00edt\u0151iparban dolgozott, kor\u00e1bban a harmad\u00e1t foglalkoztatt\u00e1k bejelent\u00e9s n\u00e9lk\u00fcl.","og:url":"https:\/\/allasorias.hu\/hirek\/hol-a-legtobb-a-fekete-foglalkoztatottsag\/","og:image":"https:\/\/allasorias.hu\/hirek\/wp-content\/uploads\/2022\/10\/Fekete-foglalkoztatottsag.jpg","og:image:secure_url":"https:\/\/allasorias.hu\/hirek\/wp-content\/uploads\/2022\/10\/Fekete-foglalkoztatottsag.jpg","og:image:width":1920,"og:image:height":1280,"article:published_time":"2022-10-03T14:28:01+00:00","article:modified_time":"2022-10-03T14:28:10+00:00","article:publisher":"https:\/\/www.facebook.com\/allasorias","twitter:card":"summary_large_image","twitter:title":"Hol a legt\u00f6bb a fekete foglalkoztatotts\u00e1g ? | Allasorias.hu","twitter:description":"Az \u00f6sszes feket\u00e9n foglalkoztatott dolgoz\u00f3 b\u0151 fele az \u00e9p\u00edt\u0151iparban dolgozott, kor\u00e1bban a harmad\u00e1t foglalkoztatt\u00e1k bejelent\u00e9s n\u00e9lk\u00fcl.","twitter:image":"https:\/\/allasorias.hu\/hirek\/wp-content\/uploads\/2022\/10\/Fekete-foglalkoztatottsag.jpg","twitter:label1":"Written by","twitter:data1":"Juh\u00e1sz P\u00e9ter","twitter:label2":"Est. reading time","twitter:data2":"2 minutes"},"aioseo_meta_data":{"post_id":"5845","title":"#post_title | Allasorias.hu","description":"Az \u00f6sszes feket\u00e9n foglalkoztatott dolgoz\u00f3 b\u0151 fele az \u00e9p\u00edt\u0151iparban dolgozott, kor\u00e1bban a harmad\u00e1t foglalkoztatt\u00e1k bejelent\u00e9s n\u00e9lk\u00fcl.","keywords":[],"keyphrases":{"focus":{"keyphrase":"feket\u00e9n foglalkoztatott","score":76,"analysis":{"keyphraseInTitle":{"title":"Focus keyphrase in SEO title","description":"Focus keyphrase not found in SEO title.","score":3,"maxScore":9,"error":1},"keyphraseInDescription":{"title":"Focus keyphrase in meta description","description":"Focus keyphrase found in meta description.","score":9,"maxScore":9,"error":0},"keyphraseLength":{"title":"Focus keyphrase length","description":"Good job!","score":9,"maxScore":9,"error":0,"length":2},"keyphraseInURL":{"title":"Focus keyphrase in URL","description":"Focus keyphrase not found in the URL.","score":1,"maxScore":5,"error":1},"keyphraseInIntroduction":{"title":"Focus keyphrase in introduction","description":"Your Focus keyphrase appears in the first paragraph. Well done!","score":9,"maxScore":9,"error":0},"keyphraseInSubHeadings":[],"keyphraseInImageAlt":[]}},"additional":[]},"primary_term":null,"canonical_url":null,"og_title":null,"og_description":null,"og_object_type":"default","og_image_type":"default","og_image_url":null,"og_image_width":null,"og_image_height":null,"og_image_custom_url":null,"og_image_custom_fields":null,"og_video":"","og_custom_url":null,"og_article_section":null,"og_article_tags":[],"twitter_use_og":false,"twitter_card":"default","twitter_image_type":"default","twitter_image_url":null,"twitter_image_custom_url":null,"twitter_image_custom_fields":null,"twitter_title":null,"twitter_description":null,"schema":{"blockGraphs":[],"customGraphs":[],"default":{"data":{"Article":[],"Course":[],"Dataset":[],"FAQPage":[],"Movie":[],"Person":[],"Product":[],"ProductReview":[],"Car":[],"Recipe":[],"Service":[],"SoftwareApplication":[],"WebPage":[]},"graphName":"","isEnabled":true},"graphs":[]},"schema_type":"default","schema_type_options":null,"pillar_content":false,"robots_default":true,"robots_noindex":false,"robots_noarchive":false,"robots_nosnippet":false,"robots_nofollow":false,"robots_noimageindex":false,"robots_noodp":false,"robots_notranslate":false,"robots_max_snippet":"-1","robots_max_videopreview":"-1","robots_max_imagepreview":"large","priority":null,"frequency":"default","location":null,"local_seo":null,"breadcrumb_settings":null,"limit_modified_date":false,"ai":null,"created":"2022-10-03 14:05:09","updated":"2025-10-02 17:17:54","seo_analyzer_scan_date":null,"focus_keyword":"feket\u00e9n foglalkoztatott","additional_keywords":null,"truseo_locale":null},"aioseo_breadcrumb":"<div class=\"aioseo-breadcrumbs\"><span class=\"aioseo-breadcrumb\">\n\t\t\t<a href=\"https:\/\/allasorias.hu\/hirek\" title=\"Home\">Home<\/a>\n\t\t<\/span><span class=\"aioseo-breadcrumb-separator\">&raquo;<\/span><span class=\"aioseo-breadcrumb\">\n\t\t\t<a href=\"https:\/\/allasorias.hu\/hirek\/temak\/munkaeropiac\/\" title=\"Munkaer\u0151piac\">Munkaer\u0151piac<\/a>\n\t\t<\/span><span class=\"aioseo-breadcrumb-separator\">&raquo;<\/span><span class=\"aioseo-breadcrumb\">\n\t\t\tHol a legt\u00f6bb a fekete foglalkoztatotts\u00e1g ?\n\t\t<\/span><\/div>","aioseo_breadcrumb_json":[{"label":"Home","link":"https:\/\/allasorias.hu\/hirek"},{"label":"Munkaer\u0151piac","link":"https:\/\/allasorias.hu\/hirek\/temak\/munkaeropiac\/"},{"label":"Hol a legt\u00f6bb a fekete foglalkoztatotts\u00e1g ?","link":"https:\/\/allasorias.hu\/hirek\/hol-a-legtobb-a-fekete-foglalkoztatottsag\/"}],"_links":{"self":[{"href":"https:\/\/allasorias.hu\/hirek\/wp-json\/wp\/v2\/posts\/5845","targetHints":{"allow":["GET"]}}],"collection":[{"href":"https:\/\/allasorias.hu\/hirek\/wp-json\/wp\/v2\/posts"}],"about":[{"href":"https:\/\/allasorias.hu\/hirek\/wp-json\/wp\/v2\/types\/post"}],"author":[{"embeddable":true,"href":"https:\/\/allasorias.hu\/hirek\/wp-json\/wp\/v2\/users\/1"}],"replies":[{"embeddable":true,"href":"https:\/\/allasorias.hu\/hirek\/wp-json\/wp\/v2\/comments?post=5845"}],"version-history":[{"count":1,"href":"https:\/\/allasorias.hu\/hirek\/wp-json\/wp\/v2\/posts\/5845\/revisions"}],"predecessor-version":[{"id":5847,"href":"https:\/\/allasorias.hu\/hirek\/wp-json\/wp\/v2\/posts\/5845\/revisions\/5847"}],"wp:featuredmedia":[{"embeddable":true,"href":"https:\/\/allasorias.hu\/hirek\/wp-json\/wp\/v2\/media\/5846"}],"wp:attachment":[{"href":"https:\/\/allasorias.hu\/hirek\/wp-json\/wp\/v2\/media?parent=5845"}],"wp:term":[{"taxonomy":"category","embeddable":true,"href":"https:\/\/allasorias.hu\/hirek\/wp-json\/wp\/v2\/categories?post=5845"},{"taxonomy":"post_tag","embeddable":true,"href":"https:\/\/allasorias.hu\/hirek\/wp-json\/wp\/v2\/tags?post=5845"}],"curies":[{"name":"wp","href":"https:\/\/api.w.org\/{rel}","templated":true}]}}